{"id":85924,"date":"2017-08-20T17:30:49","date_gmt":"2017-08-20T20:30:49","guid":{"rendered":"https:\/\/www.estrategiaconcursos.com.br\/blog\/?p=85924"},"modified":"2023-01-09T16:15:11","modified_gmt":"2023-01-09T19:15:11","slug":"gabarito-extraoficial-tre-ba","status":"publish","type":"post","link":"https:\/\/www.estrategiaconcursos.com.br\/blog\/gabarito-extraoficial-tre-ba\/","title":{"rendered":"Gabarito Extraoficial &#8211; Eleitoral, RI e PCD &#8211; TRE\/BA &#8211; TJAA"},"content":{"rendered":"<p style=\"text-align: center;\">\n<p style=\"text-align: justify;\">Ol\u00e1 pessoal, acabamos de analisar as quest\u00f5es aplicadas na prova de hoje cedo de Regimento Interno, Direito das Pessoas com Defici\u00eancia e Direito Eleitoral, pelo CESPE no concurso do TRE-BA, para o cargo de t\u00e9cnico judici\u00e1rio &#8211; \u00e1rea administrativa (TJAA). Foi uma prova semelhante ao que tivemos no TRE-PE. Em uma an\u00e1lise preliminar n\u00e3o encontramos quest\u00f5es pass\u00edveis de recurso, embora \u00a0o CESPE tenha cobrado a literalidade de legisla\u00e7\u00e3o inaplic\u00e1vel do C\u00f3digo Eleitoral em uma das quest\u00f5es.<\/p>\n<p style=\"text-align: justify;\">Felizmente abordamos algumas das quest\u00f5es em nosso aul\u00e3o de v\u00e9spera e, felizmente, conseguimos contemplar toda a mat\u00e9ria em nossos curso para o TRE-BA.<\/p>\n<p style=\"text-align: justify;\">Deixe seu coment\u00e1rio, contando como foi a prova, qual a sua impress\u00e3o!<\/p>\n<p style=\"text-align: justify;\">Por fim, importante frisar que \u00e9 o gabarito extraoficial, mas acreditamos que o CESPE n\u00e3o trar\u00e1 surpresas com o gabarito preliminar.<\/p>\n<p style=\"text-align: justify;\">Antes, deixo link para minha p\u00e1gina do Facebook:<\/p>\n<p style=\"text-align: justify;\"><span style=\"color: #ff0000;\"><strong><a href=\"https:\/\/www.facebook.com\/eleitoralparaconcurso\" target=\"_blank\" rel=\"noopener\">https:\/\/www.facebook.com\/eleitoralparaconcurso<\/a><\/strong><\/span><\/p>\n<p style=\"text-align: justify;\">Confira os coment\u00e1rios:<\/p>\n<h4 style=\"text-align: justify;\"><strong>Quest\u00f5es de Regimento Interno e C\u00f3digo de \u00c9tica<\/strong><\/h4>\n<p style=\"text-align: justify;\"><strong>Q10.<\/strong> De acordo com o C\u00f3digo de \u00c9tica dos Servidores da Justi\u00e7a Eleitoral da Bahia, se, fora do hor\u00e1rio de trabalho, um servidor do TRE\/BA, formado em ci\u00eancia da computa\u00e7\u00e3o, prestasse consultoria t\u00e9cnica a partido pol\u00edtico ao qual um deputado estadual fosse filiado, tal consultoria tipificaria uma conduta<\/p>\n<p style=\"text-align: justify;\">a) l\u00edcita, por se tratar de partido pol\u00edtico e n\u00e3o de candidato.<\/p>\n<p style=\"text-align: justify;\">b) l\u00edcita, desde que a atividades n\u00e3o fosse exercida em gabinete de juiz eleitoral.<\/p>\n<p style=\"text-align: justify;\">c) expressamente vedada.<\/p>\n<p style=\"text-align: justify;\">d) vedada porque haveria o uso do cargo para obten\u00e7\u00e3o de vantagem indevida.<\/p>\n<p style=\"text-align: justify;\">e) vedada, pois haveria o uso de informa\u00e7\u00f5es privilegiadas obtidas no \u00e2mbito interno do tribunal.<\/p>\n<p style=\"text-align: justify;\"><strong>Coment\u00e1rios<\/strong><\/p>\n<p style=\"text-align: justify;\">A presta\u00e7\u00e3o de consultoria t\u00e9cnica, ainda que fora do expediente, a partido pol\u00edtico \u00e9 vedado conforme o art. 6\u00ba, do C\u00f3digo de \u00c9tica. Veja:<\/p>\n<p style=\"text-align: justify;\"><em>Art. 6\u00ba \u00c9 vedado \u00e0s pessoas relacionadas no \u00a7 1\u00ba do art. 1\u00ba, sem preju\u00edzo da observ\u00e2ncia das demais proibi\u00e7\u00f5es legais e regulamentares:<\/em><\/p>\n<p style=\"text-align: justify;\"><em>II \u2013 prestar consultoria t\u00e9cnica ou qualquer tipo de servi\u00e7o a partidos pol\u00edticos, candidatos ou a qualquer pessoa f\u00edsica ou jur\u00eddica, ligada direta ou indiretamente ao processo eleitoral, bem como a empresas licitantes ou que prestem servi\u00e7os ao Tribunal;<\/em><\/p>\n<p style=\"text-align: justify;\">N\u00e3o \u00e9 em raz\u00e3o do uso do cargo de forma indevida que a atividade \u00e9 vedada, pois a consultoria seria prestada fora do hor\u00e1rio de expediente, de acordo com o enunciado. Do mesmo modo, n\u00e3o h\u00e1 uso de informa\u00e7\u00f5es privilegiada. \u00c9 simplesmente vedado, conforme <strong>alternativa C<\/strong>, gabarito da quest\u00e3o.<\/p>\n<p style=\"text-align: justify;\"><strong>Q11<\/strong>. Do dia dez ao dia quinze de determinado m\u00eas, haver\u00e1 suspens\u00e3o extraordin\u00e1ria do expediente da Secretaria do TRE-BA e, por essa raz\u00e3o, ser\u00e1 publicado ato determinando a suspens\u00e3o dos prazos processuais no referido per\u00edodo.<\/p>\n<p style=\"text-align: justify;\">Nessa situa\u00e7\u00e3o hipot\u00e9tica, de acordo com o Regimento Interno do TRE\/BA, o respons\u00e1vel pela expedi\u00e7\u00e3o do referido ato ser\u00e1 o<\/p>\n<p style=\"text-align: justify;\">a) diretor da Secretaria.<\/p>\n<p style=\"text-align: justify;\">b) presidente.<\/p>\n<p style=\"text-align: justify;\">c) corregedor.<\/p>\n<p style=\"text-align: justify;\">d) vice-presidente.<\/p>\n<p style=\"text-align: justify;\">e) diretor do foro.<\/p>\n<p style=\"text-align: justify;\"><strong>Coment\u00e1rios<\/strong><\/p>\n<p style=\"text-align: justify;\">Trata-se de compet\u00eancia do Presidente do TRE-BA, em face do que prev\u00ea o art. 8\u00ba, XXIX, do RI:<\/p>\n<p style=\"text-align: justify;\"><em>Art. 8\u00ba Compete ao Presidente do Tribunal:<\/em><\/p>\n<p style=\"text-align: justify;\"><em>XXIX &#8211; prorrogar ou suspender os prazos, mediante ato administrativo devidamente publicado na imprensa oficial, em decorr\u00eancia de interrup\u00e7\u00e3o ou suspens\u00e3o extraordin\u00e1ria do expediente da Secretaria; <\/em><\/p>\n<p style=\"text-align: justify;\">Logo, a <strong>alternativa B<\/strong> \u00e9 a correta e gabarito da quest\u00e3o.<\/p>\n<p style=\"text-align: justify;\"><strong>Q12<\/strong>. De acordo com o Regimento Interno do TRE-BA, se, no respectivo tribunal, houver a necessidade de se formular consulta ao Tribunal Superior Eleitoral sobre mat\u00e9ria eleitoral, a compet\u00eancia para tal consulta ser\u00e1 do<\/p>\n<p style=\"text-align: justify;\">a) juiz relator.<\/p>\n<p style=\"text-align: justify;\">b) presidente.<\/p>\n<p style=\"text-align: justify;\">c) tribunal.<\/p>\n<p style=\"text-align: justify;\">d) juiz que estiver na presid\u00eancia da sess\u00e3o que demandar a consulta.<\/p>\n<p style=\"text-align: justify;\">e) juiz mais antigo.<\/p>\n<p style=\"text-align: justify;\"><strong>Coment\u00e1rios<\/strong><\/p>\n<p style=\"text-align: justify;\">Trata-se de compet\u00eancia do Tribunal, conforme o art. 32, IX, do RI:<\/p>\n<p style=\"text-align: justify;\"><em>Art. 32. Compete, privativamente, ao Tribunal, al\u00e9m de outras atribui\u00e7\u00f5es que lhe forem conferidas por lei: <\/em><\/p>\n<p style=\"text-align: justify;\"><em>IX &#8211; formular consulta ao Tribunal Superior Eleitoral sobre mat\u00e9ria eleitoral;\u00a0 <\/em><\/p>\n<p style=\"text-align: justify;\">Em outra passagem do RI, temos:<\/p>\n<p style=\"text-align: justify;\"><em>Art. 147. O Tribunal responder\u00e1 \u00e0s consultas sobre mat\u00e9ria eleitoral formuladas em tese, por autoridade p\u00fablica ou partido pol\u00edtico, sendo vedada a sua aprecia\u00e7\u00e3o durante o processo eleitoral, que compreende o per\u00edodo da realiza\u00e7\u00e3o das conven\u00e7\u00f5es partid\u00e1rias at\u00e9 a diploma\u00e7\u00e3o dos eleitos.<\/em><\/p>\n<p style=\"text-align: justify;\">Logo, a <strong>alternativa C<\/strong> \u00e9 a correta e gabarito da quest\u00e3o.<\/p>\n<h4 style=\"text-align: justify;\"><strong>Quest\u00e3o de Direito das Pessoas com Defici\u00eancia<\/strong><\/h4>\n<p style=\"text-align: justify;\">Q16. Rafael, t\u00e9cnico judici\u00e1rio de determinado tribunal regional eleitoral e ocupante de fun\u00e7\u00e3o comissionada, discriminou, no uso de suas atribui\u00e7\u00f5es, pessoa com defici\u00eancia auditiva, porque esta comparecer ao tribunal sem acompanhante que interpretasse a linguagem dos sinais, ainda que ciente da exist\u00eancia de norma que obriga o \u00f3rg\u00e3o a possuir servidor capacitado para o uso e intepreta\u00e7\u00e3o de LIBRAS.<\/p>\n<p style=\"text-align: justify;\">Nessa situa\u00e7\u00e3o hipot\u00e9tica, Rafael, estar\u00e1 sujeito \u00e0 penalidade administrativa de<\/p>\n<p style=\"text-align: justify;\">a) demiss\u00e3o.<\/p>\n<p style=\"text-align: justify;\">b) repreens\u00e3o.<\/p>\n<p style=\"text-align: justify;\">c) destitui\u00e7\u00e3o da fun\u00e7\u00e3o.<\/p>\n<p style=\"text-align: justify;\">d) advert\u00eancia.<\/p>\n<p style=\"text-align: justify;\">e) suspens\u00e3o.<\/p>\n<p style=\"text-align: justify;\"><strong>Coment\u00e1rios<\/strong><\/p>\n<p style=\"text-align: justify;\">Respondemos a quest\u00e3o com o conhecimento do art. 33 da Resolu\u00e7\u00e3o CNJ 230\/2016, segundo a qual, prev\u00ea a pena de advert\u00eancia ao servidor que, nos exerc\u00edcio das suas fun\u00e7\u00f5es adotar atitude discriminat\u00f3ria em raz\u00e3o da defici\u00eancia ou se descumprir qualquer termo da resolu\u00e7\u00e3o.<\/p>\n<p style=\"text-align: justify;\">Confira:<\/p>\n<p style=\"text-align: justify;\"><em>Art. 33. Incorre em pena de advert\u00eancia o servidor, terceirizado ou o serventu\u00e1rio extrajudicial que:<\/em><\/p>\n<p style=\"text-align: justify;\"><em>III &#8211; no exerc\u00edcio das suas atribui\u00e7\u00f5es, tenha qualquer outra esp\u00e9cie de atitude discriminat\u00f3ria por motivo de defici\u00eancia ou descumpra qualquer dos termos desta Resolu\u00e7\u00e3o.<\/em><\/p>\n<p style=\"text-align: justify;\">Note que a quest\u00e3o a discrimina\u00e7\u00e3o decorreu da exig\u00eancia de que o jurisdicionado comparecesse com int\u00e9rprete de LIBRAS quando, na realidade, essa \u00e9 uma obriga\u00e7\u00e3o do tribunal que dever\u00e1 dispor de, pelo menos, 5% dos servidores capacitados nesta modalidade de comunica\u00e7\u00e3o.<\/p>\n<p style=\"text-align: justify;\">Logo, a <strong>alternativa D<\/strong> \u00e9 a correta e gabarito da quest\u00e3o.<\/p>\n<p style=\"text-align: justify;\"><strong>Q17.<\/strong> Ao estabelecer condi\u00e7\u00f5es de alcance para pessoa com defici\u00eancia ou com mobilidade reduzida utilizar, com seguran\u00e7a e autonomia, espa\u00e7os, mobili\u00e1rios, equipamentos urbanos, edifica\u00e7\u00f5es, transportes, informa\u00e7\u00f5es e comunica\u00e7\u00e3o, inclusive seus sistemas e tecnologias, bem como outros servi\u00e7os e instala\u00e7\u00f5es abertos ao p\u00fablico, de uso coletivo ou privado, tanto na zona urbana quanto na rural, a legisla\u00e7\u00e3o garante a pessoa nessa situa\u00e7\u00e3o o direito \u00e0<\/p>\n<p style=\"text-align: justify;\">a) mobilidade.<\/p>\n<p style=\"text-align: justify;\">b) acessibilidade.<\/p>\n<p style=\"text-align: justify;\">c) funcionalidade.<\/p>\n<p style=\"text-align: justify;\">d) adapta\u00e7\u00e3o.<\/p>\n<p style=\"text-align: justify;\">e) inclus\u00e3o.<\/p>\n<p style=\"text-align: justify;\"><strong>Coment\u00e1rios<\/strong><\/p>\n<p style=\"text-align: justify;\">Quest\u00e3o que explora o conceito de acessibilidade, previsto no art. 3\u00ba, I, do Estatuto da Pessoa com Defici\u00eancia:<\/p>\n<p style=\"text-align: justify;\">Art. 3<u><sup>o<\/sup><\/u>\u00a0\u00a0Para fins de aplica\u00e7\u00e3o desta Lei, consideram-se:<\/p>\n<p style=\"text-align: justify;\">I &#8211; acessibilidade: possibilidade e condi\u00e7\u00e3o de alcance para utiliza\u00e7\u00e3o, com seguran\u00e7a e autonomia, de espa\u00e7os, mobili\u00e1rios, equipamentos urbanos, edifica\u00e7\u00f5es, transportes, informa\u00e7\u00e3o e comunica\u00e7\u00e3o, inclusive seus sistemas e tecnologias, bem como de outros servi\u00e7os e instala\u00e7\u00f5es abertos ao p\u00fablico, de uso p\u00fablico ou privados de uso coletivo, tanto na zona urbana como na rural, por pessoa com defici\u00eancia ou com mobilidade reduzida;<\/p>\n<p style=\"text-align: justify;\">Lembre-se que a acessibilidade constitui um direito a ser assegurado \u00e0s pessoas com defici\u00eancia por interm\u00e9dio da cria\u00e7\u00e3o de produtos, ambientes, programas e servi\u00e7os em desenho universal ou razoavelmente adaptados, com ou sem utiliza\u00e7\u00e3o de tecnologias assistivas.<\/p>\n<p style=\"text-align: justify;\">Logo, a <strong>alternativa B<\/strong> \u00e9 a correta e gabarita da quest\u00e3o.<\/p>\n<h4 style=\"text-align: justify;\"><strong>Quest\u00f5es de Direito Eleitoral<\/strong><\/h4>\n<p style=\"text-align: justify;\"><strong>Q51<\/strong>. Os partidos dever\u00e3o escolher os candidatos e deliberar sobre as coliga\u00e7\u00f5es no per\u00edodo de<\/p>\n<p style=\"text-align: justify;\">a) vinte de julho a cinco de agosto do ano em que se realizarem as elei\u00e7\u00f5es.<\/p>\n<p style=\"text-align: justify;\">b) dezesseis de julho a cinco de agosto do ano em que se realizarem as elei\u00e7\u00f5es.<\/p>\n<p style=\"text-align: justify;\">c) cinco de julho a cinco de agosto, um ano antes de se realizarem as elei\u00e7\u00f5es.<\/p>\n<p style=\"text-align: justify;\">d) dezesseis de julho a quinze de agosto do ano em que se realizem as elei\u00e7\u00f5es.<\/p>\n<p style=\"text-align: justify;\">e) vinte de julho a quinze de agosto, dois anos antes de se realizarem as elei\u00e7\u00f5es.<\/p>\n<p style=\"text-align: justify;\"><strong>Coment\u00e1rios<\/strong><\/p>\n<p style=\"text-align: justify;\">A <strong>alternativa A<\/strong> \u00e9 a correta e gabarito da quest\u00e3o em face do que disciplina o art. 8\u00ba da Lei 9.504\/1995.<\/p>\n<p style=\"text-align: justify;\"><strong>Q52<\/strong>. Os limites de gastos de campanha ser\u00e3o definidos pelo TSE em cada elei\u00e7\u00e3o. Caso ocorra o descumprimento dos limites de gastos fixados ser\u00e1 aplicada multa equivalente a<\/p>\n<p style=\"text-align: justify;\">a) 100% do limite estabelecido.<\/p>\n<p style=\"text-align: justify;\">b) 90% da quantia que ultrapassar o limite estabelecido.<\/p>\n<p style=\"text-align: justify;\">c) 80% da quantia que ultrapassar o limite estabelecido.<\/p>\n<p style=\"text-align: justify;\">d) 100% da quantia que ultrapassar o limite estabelecido.<\/p>\n<p style=\"text-align: justify;\">e) 90% do limite estabelecido.<\/p>\n<p style=\"text-align: justify;\"><strong>Coment\u00e1rios<\/strong><\/p>\n<p style=\"text-align: justify;\">A <strong>alternativa D<\/strong> correta e gabarito da quest\u00e3o conforme o art. 18-B, da Lei 9.504\/1997.<\/p>\n<p style=\"text-align: justify;\"><strong>Q53<\/strong>. O C\u00f3digo Eleitoral disp\u00f5e que, al\u00e9m dos TREs, s\u00e3o \u00f3rg\u00e3os da justi\u00e7a eleitoral.<\/p>\n<p style=\"text-align: justify;\">a) o TSE, as juntas eleitorais, os ju\u00edzes eleitorais e os cart\u00f3rios eleitorais.<\/p>\n<p style=\"text-align: justify;\">b) o TSE, as juntas eleitorais e os locais destinados a vota\u00e7\u00e3o eleitoral.<\/p>\n<p style=\"text-align: justify;\">c) as juntas eleitorais e os cart\u00f3rios eleitorais.<\/p>\n<p style=\"text-align: justify;\">d) o TSE, as juntas eleitorais e ju\u00edzes eleitorais.<\/p>\n<p style=\"text-align: justify;\">e) as juntas elei\u00e7\u00f5es, os ju\u00edzes eleitorais e os locais destinados a vota\u00e7\u00e3o eleitorais.<\/p>\n<p style=\"text-align: justify;\">Coment\u00e1rios<\/p>\n<p style=\"text-align: justify;\">De acordo com o art. 12, do CE, a <strong>alternativa D<\/strong> \u00e9 a correta e gabarito da quest\u00e3o.<\/p>\n<p style=\"text-align: justify;\"><strong>Q54<\/strong>. Os delegados indicados pelos partidos pol\u00edticos e credenciados no TRE s\u00e3o respons\u00e1veis, entre as fun\u00e7\u00f5es estabelecidas no C\u00f3digo Eleitoral pelo(a)<\/p>\n<p style=\"text-align: justify;\">I \u2013 acompanhamento dos processos de inscri\u00e7\u00e3o.<\/p>\n<p style=\"text-align: justify;\">II \u2013 exclus\u00e3o do eleitor inscrito ilegalmente, desde que o encaminhe para o cart\u00f3rio eleitoral para que esse fa\u00e7a sua defesa pessoal em rela\u00e7\u00e3o \u00e0 referida san\u00e7\u00e3o.<\/p>\n<p style=\"text-align: justify;\">III \u2013 exame, sem perturba\u00e7\u00e3o do servi\u00e7o e em presen\u00e7a dos servidores designados, dos documentos relativos ao alistamento eleitoral, podendo deles tirar c\u00f3pias e fotoc\u00f3pias.<\/p>\n<p style=\"text-align: justify;\">IV \u2013 requerimento aos ju\u00edzes eleitorais de registro de delegado auxiliar para acompanhar os processos de inscri\u00e7\u00e3o.<\/p>\n<p style=\"text-align: justify;\">Assinale a op\u00e7\u00e3o correta<\/p>\n<p style=\"text-align: justify;\">a) apenas os itens I e II est\u00e3o certos.<\/p>\n<p style=\"text-align: justify;\">b) apenas os itens I e III est\u00e3o certos.<\/p>\n<p style=\"text-align: justify;\">c) apenas os itens II e IV est\u00e3o certos.<\/p>\n<p style=\"text-align: justify;\">d) apenas os itens III e IV est\u00e3o certos.<\/p>\n<p style=\"text-align: justify;\">e) todos os itens est\u00e3o certos.<\/p>\n<p style=\"text-align: justify;\"><strong>Coment\u00e1rios<\/strong><\/p>\n<p style=\"text-align: justify;\">O item I est\u00e1 correto, conforme o inc. I do art. 27 da Resolu\u00e7\u00e3o TSE 21.538\/2003.<\/p>\n<p style=\"text-align: justify;\">O item II est\u00e1 totalmente equivocado, pois a exclus\u00e3o de eleitor depende de decis\u00e3o judicial. Ao partido \u00e9 conferida apenas a prerrogativa de recorrer das inscri\u00e7\u00f5es deferidas no prazo de 10 dias.<\/p>\n<p style=\"text-align: justify;\">O item III est\u00e1 correto com base no inc. III do art. 27 da Resolu\u00e7\u00e3o TSE 21.538\/2003. Embora n\u00e3o mencione que a retirada de c\u00f3pias deve ocorrer em \u00f4nus para a Justi\u00e7a Eleitoral, a aus\u00eancia dessa informa\u00e7\u00e3o n\u00e3o torna o item incorreto, por\u00e9m, incompleto.<\/p>\n<p style=\"text-align: justify;\">O item IV por inexistir previs\u00e3o nesse sentido.<\/p>\n<p style=\"text-align: justify;\">Assim, a <strong>alternativa B<\/strong> \u00e9 a correta e gabarito da quest\u00e3o.<\/p>\n<p style=\"text-align: justify;\"><strong>Q55<\/strong>. O eleitor poder\u00e1 votar validamente no transcorrer do processo de exclus\u00e3o de sua inscri\u00e7\u00e3o; no entanto, de acordo com o C\u00f3digo Eleitoral,\u00a0 caso ocorra o cancelamento da inscri\u00e7\u00e3o, por senten\u00e7a, o cart\u00f3rio dever\u00e1<\/p>\n<p style=\"text-align: justify;\">I \u2013 retirar da respectiva pasta a folha de vota\u00e7\u00e3o, registrar a ocorr\u00eancia no local pr\u00f3prio para \u201canota\u00e7\u00f5es\u201d e junt\u00e1-la ao processo de cancelamento.<\/p>\n<p style=\"text-align: justify;\">II \u2013 publicar edital com prazo de 10 dias para ci\u00eancia dos interessados.<\/p>\n<p style=\"text-align: justify;\">III \u2013 excluir dos fich\u00e1rios as respectivas fichas, colecionando-as \u00e0 parte.<\/p>\n<p style=\"text-align: justify;\">IV \u2013 anotar de forma sistem\u00e1tica, os claros abertos na pasta de vota\u00e7\u00e3o, para o oportuno preenchimento deles.<\/p>\n<p style=\"text-align: justify;\">V \u2013 comunicar o cancelamento ao TSE para anota\u00e7\u00e3o no seu fich\u00e1rio.<\/p>\n<p style=\"text-align: justify;\">Est\u00e3o certos apenas os itens<\/p>\n<p style=\"text-align: justify;\">a) I, II e III.<\/p>\n<p style=\"text-align: justify;\">b) I, II e V.<\/p>\n<p style=\"text-align: justify;\">c) I, III e IV.<\/p>\n<p style=\"text-align: justify;\">d) II, IV e V.<\/p>\n<p style=\"text-align: justify;\">e) III, IV e V.<\/p>\n<p style=\"text-align: justify;\"><strong>Coment\u00e1rios<\/strong><\/p>\n<p style=\"text-align: justify;\">O item I est\u00e1 correto segundo a literalidade do CE, em face do que prev\u00ea o art. 78, I.<\/p>\n<p style=\"text-align: justify;\">O item II est\u00e1 incorreto, pois inexiste tal previs\u00e3o.<\/p>\n<p style=\"text-align: justify;\">O item III est\u00e1 correto segundo a literalidade do art. 78, III, do CE.<\/p>\n<p style=\"text-align: justify;\">O item IV est\u00e1 correto segundo a literalidade do art. 78, IV, do CE.<\/p>\n<p style=\"text-align: justify;\">O item V est\u00e1 incorreto, pois de acordo com o art. 78, V, do CE, a comunica\u00e7\u00e3o se d\u00e1 ao TRE, n\u00e3o ao TSE.<\/p>\n<p style=\"text-align: justify;\">Desse modo, a <strong>alternativa C<\/strong> corresponde \u00e0 literalidade do CE.<\/p>\n<p style=\"text-align: justify;\">N\u00e3o obstante o gabarito acima, veja o entendimento doutrin\u00e1rio que d\u00e1 pela inaplicabilidade do dispositivo (BRASIL. Tribunal Regional Eleitoral do Rio de Janeiro. <strong>C\u00f3digo Eleitoral Comentado e Legisla\u00e7\u00e3o Complementar<\/strong>, Rio de Janeiro: EJE\/SAD\/CADOC 2012):<\/p>\n<p style=\"text-align: justify;\"><em>As provid\u00eancias previstas neste artigo perderam sua aplicabilidade a partir da informatiza\u00e7\u00e3o total do alistamento eleitoral. Ap\u00f3s a decis\u00e3o que excluir o eleitor do Cadastro Nacional de Eleitores, ser\u00e1 registrado no sistema pr\u00f3prio o comando adequado, respeitado o art. 21 da Resolu\u00e7\u00e3o TSE n\u00ba 21.538\/03. \u201cArt. 21. Para registro de informa\u00e7\u00f5es no hist\u00f3rico de inscri\u00e7\u00e3o no cadastro, utilizar-se-\u00e1, como documento de entrada de dados, o Formul\u00e1rio de Atualiza\u00e7\u00e3o da Situa\u00e7\u00e3o do Eleitor &#8211; FASE, cuja tabela de c\u00f3digos ser\u00e1 estabelecida pela Corregedoria-Geral. Par\u00e1grafo \u00fanico. A atualiza\u00e7\u00e3o de registros de que trata o caput poder\u00e1 ser promovida, desde que viabilizado, diretamente no sistema de alistamento eleitoral, dispensando-se o preenchimento do formul\u00e1rio FASE.\u201d<\/em><\/p>\n<p style=\"text-align: justify;\"><strong>Q56<\/strong>. Atualmente, a vota\u00e7\u00e3o e a totaliza\u00e7\u00e3o de votos s\u00e3o feitas por sistema eletr\u00f4nico, sendo poss\u00edvel a utiliza\u00e7\u00e3o do sistema convencional de vota\u00e7\u00e3o por c\u00e9dulas quando,<\/p>\n<p style=\"text-align: justify;\">a) havendo falhas nas urnas eletr\u00f4nicas, o TRE do estado ou do Distrito Federal assim determinar, com fundamento no princ\u00edpio da seguran\u00e7a do processo eleitoral.<\/p>\n<p style=\"text-align: justify;\">b) mesmo sem haver falhas nas urnas eletr\u00f4nicas, o TSE assim determinar, no exerc\u00edcio do seu poder discricion\u00e1rio.<\/p>\n<p style=\"text-align: justify;\">c) havendo falha nas urnas eletr\u00f4nicas, o TSE assim determinar, ap\u00f3s verificar a impossibilidade de utiliza\u00e7\u00e3o das urnas de conting\u00eancia.<\/p>\n<p style=\"text-align: justify;\">d) mesmo sem haver falhas nas urnas eletr\u00f4nicas, o TRE assim determinar, com fundamento no princ\u00edpio da celeridade do processo eleitoral.<\/p>\n<p style=\"text-align: justify;\">e) havendo falha nas urnas eletr\u00f4nicas, o STF assim determinar, por meio de decis\u00e3o proferida pelo seu plen\u00e1rio.<\/p>\n<p style=\"text-align: justify;\"><strong>Coment\u00e1rios<\/strong><\/p>\n<p style=\"text-align: justify;\">De acordo com o art. 59 da Lei 9.504\/1997, ser\u00e1 de compet\u00eancia do TSE autorizar, em car\u00e1ter excepcional, a utiliza\u00e7\u00e3o de c\u00e9dulas para a vota\u00e7\u00e3o manual.<\/p>\n<p style=\"text-align: justify;\">Apenas com essa informa\u00e7\u00e3o, voc\u00ea poderia eliminar as alternativas A, D e E.<\/p>\n<p style=\"text-align: justify;\">Por outro lado, a alternativa B n\u00e3o pode ser considerada, pois a utiliza\u00e7\u00e3o de c\u00e9dulas \u00e9 excepcional, e n\u00e3o segundo decis\u00e3o arbitr\u00e1ria do TSE.<\/p>\n<p style=\"text-align: justify;\">Assim, a <strong>alternativa C<\/strong> \u00e9 a correta e gabarito da quest\u00e3o.<\/p>\n<p style=\"text-align: justify;\">Apenas para registrar, embora n\u00e3o mencionada no edital, a Resolu\u00e7\u00e3o TSE 23.399\/2013 disciplina a utiliza\u00e7\u00e3o das urnas de conting\u00eancia como segunda tentativa antes da vota\u00e7\u00e3o manual.<\/p>\n<p style=\"text-align: justify;\"><strong>Q57<\/strong>. De acordo com a Resolu\u00e7\u00e3o TSE 21.538\/2003, os requisitos para o eleitor obter a transfer\u00eancia do seu domic\u00edlio eleitoral incluem, entre outros,<\/p>\n<p style=\"text-align: justify;\">a) a apresenta\u00e7\u00e3o do(s) comprovante(s) impresso(s) da \u00faltima elei\u00e7\u00e3o.<\/p>\n<p style=\"text-align: justify;\">b) o transcurso de, pelo menos, de quatro anos do alistamento ou da \u00faltima transfer\u00eancia.<\/p>\n<p style=\"text-align: justify;\">c) prova de resid\u00eancia por, no m\u00ednimo, seis meses no novo domic\u00edlio.<\/p>\n<p style=\"text-align: justify;\">d) prova de quita\u00e7\u00e3o com a justi\u00e7a eleitoral.<\/p>\n<p style=\"text-align: justify;\">e) a apresenta\u00e7\u00e3o de declara\u00e7\u00e3o homologada pelo ju\u00edzo do antigo domic\u00edlio eleitoral.<\/p>\n<p style=\"text-align: justify;\"><strong>Coment\u00e1rios<\/strong><\/p>\n<p style=\"text-align: justify;\">Para responder \u00e0 quest\u00e3o dever\u00edamos conhecer o art. 18 da Resolu\u00e7\u00e3o TSE 21.538\/2003:<\/p>\n<p style=\"text-align: justify;\"><em>Art. 18. A transfer\u00eancia do eleitor s\u00f3 ser\u00e1 admitida se satisfeitas as seguintes exig\u00eancias:<\/em><\/p>\n<p style=\"text-align: justify;\"><em>I \u2013 recebimento do pedido no cart\u00f3rio eleitoral do novo domic\u00edlio no prazo estabelecido pela legisla\u00e7\u00e3o vigente;<\/em><\/p>\n<p style=\"text-align: justify;\"><em>II \u2013 transcurso de, pelo menos, um ano do alistamento ou da \u00faltima transfer\u00eancia;<\/em><\/p>\n<p style=\"text-align: justify;\"><em>III \u2013 resid\u00eancia m\u00ednima de tr\u00eas meses no novo domic\u00edlio, declarada, sob as penas da lei, pelo pr\u00f3prio eleitor (Lei n\u00ba 6.996\/82, art. 8\u00ba);<\/em><\/p>\n<p style=\"text-align: justify;\"><em>IV \u2013 prova de quita\u00e7\u00e3o com a Justi\u00e7a Eleitoral.<\/em><\/p>\n<p style=\"text-align: justify;\">A partir da\u00ed temos:<\/p>\n<p style=\"text-align: justify;\">A alternativa A est\u00e1 incorreta, pois n\u00e3o est\u00e1 no rol do art. 18.<\/p>\n<p style=\"text-align: justify;\">A alternativa B est\u00e1 incorreta, pois exige o transcurso de um ano do alistamento ou da \u00faltima transfer\u00eancia.<\/p>\n<p style=\"text-align: justify;\">A alternativa C est\u00e1 incorreta, pois o per\u00edodo de resid\u00eancia m\u00ednima no novo domic\u00edlio \u00e9 de tr\u00eas meses.<\/p>\n<p style=\"text-align: justify;\">A <strong>alternativa D<\/strong> est\u00e1 correta e \u00e9 o gabarito da quest\u00e3o com base no inc. IV acima.<\/p>\n<p style=\"text-align: justify;\">A alternativa E est\u00e1 incorreta por n\u00e3o haver previs\u00e3o nesse sentido.<\/p>\n<p style=\"text-align: justify;\"><strong>Q58<\/strong>. Apenas os eleitores que estiverem no pleno gozo dos seus direitos pol\u00edticos podem filiar-se a partidos pol\u00edticos. Segundo a legisla\u00e7\u00e3o aplic\u00e1vel, s\u00e3o hip\u00f3teses de cancelamento imediato da filia\u00e7\u00e3o partid\u00e1ria j\u00e1 deferida a<\/p>\n<p style=\"text-align: justify;\">a) filia\u00e7\u00e3o a outro partido, desde que o filiado comunique o fato ao diret\u00f3rio do partido pol\u00edtico anterior.<\/p>\n<p style=\"text-align: justify;\">b) morte e a suspens\u00e3o dos direitos pol\u00edticos.<\/p>\n<p style=\"text-align: justify;\">c) comunica\u00e7\u00e3o ao juiz eleitoral.<\/p>\n<p style=\"text-align: justify;\">d) morte e perda dos direitos pol\u00edticos.<\/p>\n<p style=\"text-align: justify;\">e) expuls\u00e3o e a cassa\u00e7\u00e3o dos direitos pol\u00edticos.<\/p>\n<p style=\"text-align: justify;\"><strong>Coment\u00e1rios<\/strong><\/p>\n<p style=\"text-align: justify;\">Para responder \u00e0 quest\u00e3o devemos rever o art. 22 da Lei 9.096\/1995:<\/p>\n<p style=\"text-align: justify;\"><strong>Art. 22.\u00a0<\/strong>O cancelamento imediato da filia\u00e7\u00e3o partid\u00e1ria verifica-se nos casos de:<\/p>\n<p style=\"text-align: justify;\"><strong>I \u2013\u00a0<\/strong>morte;<\/p>\n<p style=\"text-align: justify;\"><strong>II \u2013\u00a0<\/strong>perda dos direitos pol\u00edticos;<\/p>\n<p style=\"text-align: justify;\"><strong>III \u2013\u00a0<\/strong>expuls\u00e3o;<\/p>\n<p style=\"text-align: justify;\"><strong>IV \u2013\u00a0<\/strong>outras formas previstas no estatuto, com comunica\u00e7\u00e3o obrigat\u00f3ria ao atingido no prazo de quarenta e oito horas da decis\u00e3o;<\/p>\n<p style=\"text-align: justify;\"><strong>V\u00a0\u2013<\/strong>\u00a0filia\u00e7\u00e3o a outro partido, desde que a pessoa comunique o fato ao juiz da respectiva Zona Eleitoral.<\/p>\n<p style=\"text-align: justify;\">Desse modo, a <strong>alternativa D<\/strong> \u00e9 a correta e gabarito da quest\u00e3o.<\/p>\n<p style=\"text-align: justify;\">Objetivamente:<\/p>\n<p style=\"text-align: justify;\">A alternativa A est\u00e1 errada, pois a comunica\u00e7\u00e3o de filia\u00e7\u00e3o a outro partido \u00e9 feita ao juiz da respectiva Zona, conforme inc. V.<\/p>\n<p style=\"text-align: justify;\">A alternativa B est\u00e1 incorreta, pois a suspens\u00e3o dos direitos pol\u00edticos n\u00e3o \u00e9 hip\u00f3tese de cancelamento imediato da filia\u00e7\u00e3o partid\u00e1ria.<\/p>\n<p style=\"text-align: justify;\">A alternativa C n\u00e3o fez sentido nenhum.<\/p>\n<p style=\"text-align: justify;\">A alternativa E est\u00e1 incorreta, pois a cassa\u00e7\u00e3o dos direitos pol\u00edticos \u00e9 vedada conforme o art. 15, <em>caput<\/em>, da CF.<\/p>\n<p style=\"text-align: justify;\"><strong>Q59<\/strong>. Desde que sejam observados os limites estabelecidos em lei, tem autonomia para definir e executar, em qualquer dia e hor\u00e1rio, o cronograma das atividades eleitorais de campanha os<\/p>\n<p style=\"text-align: justify;\">a) chefes do Poder Executivo do local das elei\u00e7\u00f5es.<\/p>\n<p style=\"text-align: justify;\">b) TREs dos estados e do Distrito Federal.<\/p>\n<p style=\"text-align: justify;\">c) candidatos, os partidos pol\u00edticos e as coliga\u00e7\u00f5es.<\/p>\n<p style=\"text-align: justify;\">d) ministros do TSE.<\/p>\n<p style=\"text-align: justify;\">e) ju\u00edzes eleitorais.<\/p>\n<p style=\"text-align: justify;\"><strong>Coment\u00e1rios<\/strong><\/p>\n<p style=\"text-align: justify;\">O fundamento da quest\u00e3o est\u00e1 no art. 3\u00ba, par\u00e1grafo \u00fanico, da Lei 9.096\/1995:<\/p>\n<p style=\"text-align: justify;\"><strong>Art. 3\u00ba<\/strong>\u00a0\u00c9 assegurada, ao partido pol\u00edtico, autonomia para definir sua estrutura interna, organiza\u00e7\u00e3o e funcionamento.<\/p>\n<p style=\"text-align: justify;\"><strong>Par\u00e1grafo \u00fanico.<\/strong>\u00a0\u00c9 assegurada aos candidatos, partidos pol\u00edticos e coliga\u00e7\u00f5es autonomia para definir o cronograma das atividades eleitorais de campanha e execut\u00e1-lo em qualquer dia e hor\u00e1rio, observados os limites estabelecidos em lei.<\/p>\n<p style=\"text-align: justify;\">Logo, a <strong>alternativa C<\/strong> \u00e9 a correta e gabarito da quest\u00e3o.<\/p>\n<p style=\"text-align: justify;\"><strong>Q60<\/strong>. No transcorrer do processo eleitoral, ser\u00e1 designado, para cada zona eleitoral, um juiz de direito em efetivo exerc\u00edcio e cumprimento de suas compet\u00eancias. A legisla\u00e7\u00e3o pertinente determina que, entre outras atribui\u00e7\u00f5es, compete a esses magistrados<\/p>\n<p style=\"text-align: justify;\">a) designar os locais das sess\u00f5es eleitorais at\u00e9 30 dias antes das elei\u00e7\u00f5es.<\/p>\n<p style=\"text-align: justify;\">b) ordenar o registro dos candidatos a cargos eletivos municipais, al\u00e9m de comunicar tal fato, por of\u00edcio, \u00e0 Zona Eleitoral de cada candidato.<\/p>\n<p style=\"text-align: justify;\">c) fornecer, aos que n\u00e3o votarem por motivo justificado, certificado de ci\u00eancia e da guia de recolhimento de multa no patamar m\u00ednimo legal.<\/p>\n<p style=\"text-align: justify;\">d) receber a lista dos membros das mesas receptoras indicados pelo respectivo TRE, assim como nome\u00e1-los definitivamente pelo menos cinco dias antes da elei\u00e7\u00e3o.<\/p>\n<p style=\"text-align: justify;\">e) cumprir e fazer as decis\u00f5es e as determina\u00e7\u00f5es do TSE e do respectivo TRE.<\/p>\n<p style=\"text-align: justify;\"><strong>Coment\u00e1rios<\/strong><\/p>\n<p style=\"text-align: justify;\">A alternativa A est\u00e1 incorreta, pois o prazo \u00e9 de 60 dias, conforme o art. 35, XIII, do CE.<\/p>\n<p style=\"text-align: justify;\">A alternativa B est\u00e1 totalmente pela parte final que faz refer\u00eancia \u201cal\u00e9m de comunicar tal fato, por of\u00edcio, \u00e0 Zona Eleitoral de cada candidato\u201d. Conforme o inc. XII o juiz ordena o registra e comunica o TRE respectivo.<\/p>\n<p style=\"text-align: justify;\">A alternativa C est\u00e1 incorreta, pois n\u00e3o h\u00e1 cobran\u00e7a de multa conforme o art. 25, XVIII, do CE.<\/p>\n<p style=\"text-align: justify;\">A alternativa D est\u00e1 incorreta pois os membros das mesas receptoras devem ser nomeados 60 dias antes da elei\u00e7\u00e3o, conforme inc. XIV do art. 35 do CE.<\/p>\n<p style=\"text-align: justify;\">Por fim, a alternativa E \u00e9 a correta e gabarito da quest\u00e3o em face do que prev\u00ea o inc. I do art. 35 do CE.<\/p>\n<p style=\"text-align: justify;\">&#8212;<\/p>\n<p style=\"text-align: justify;\">Fico na torcida por voc\u00eas!<\/p>\n<p style=\"text-align: justify;\">Prof. Ricardo Torques<\/p>\n<h2 style=\"text-align: center;\"><span style=\"color: #ff0000;\"><span style=\"text-decoration: underline;\">AVISO IMPORTANTE<\/span><\/span><\/h2>\n<h3 style=\"text-align: center;\">Candidatos aos cargos de Analista Judici\u00e1rio &#8211; AJAJ e AJAA<\/h3>\n<p style=\"text-align: justify;\"><span style=\"color: #000000;\">N\u00f3s vamos precisar da sua colabora\u00e7\u00e3o, neste domingo, para que a\u00a0<strong>Resolu\u00e7\u00e3o da Prova TRE BA<\/strong>\u00a0aconte\u00e7a.\u00a0<em>Os nossos professores estar\u00e3o Ao Vivo, a partir das 18h, dedicados exclusivamente para resolver todas as quest\u00f5es do concurso TRE BA<\/em>, assim que voc\u00eas sa\u00edrem dos locais de provas.<\/span><\/p>\n<p style=\"text-align: justify;\"><span style=\"color: #000000;\">Dessa forma,\u00a0<em><strong>assim que voc\u00ea terminar a prova, pedimos que nos envie por e-mail imagens das quest\u00f5es dos cadernos de provas e identifiquem para qual cargo voc\u00ea concorre<\/strong>.<\/em>\u00a0Os nossos professores v\u00e3o resolver as quest\u00f5es AO VIVO, e de forma gratuita. Al\u00e9m disso, eles publicar\u00e3o posts em nosso site com a resolu\u00e7\u00e3o da prova TRE BA comentando cada item cobrado.<\/span><\/p>\n<p style=\"text-align: justify;\"><span style=\"color: #000000;\">Por isso,\u00a0<em>n\u00e3o esque\u00e7a de ao sair do seu local de prova enviar fotos do seu caderno de provas para o e-mail do Jornalismo do Estrat\u00e9gia Concursos descrito abaixo.<\/em><\/span><\/p>\n<p style=\"text-align: center;\"><span style=\"color: #000000;\"><strong style=\"color: #3366ff; font-size: 18pt; text-align: center;\">ascomestrategia@gmail.com<\/strong><\/span><\/p>\n","protected":false},"excerpt":{"rendered":"<p>Ol\u00e1 pessoal, acabamos de analisar as quest\u00f5es aplicadas na prova de hoje cedo de Regimento Interno, Direito das Pessoas com Defici\u00eancia e Direito Eleitoral, pelo CESPE no concurso do TRE-BA, para o cargo de t\u00e9cnico judici\u00e1rio &#8211; \u00e1rea administrativa (TJAA). Foi uma prova semelhante ao que tivemos no TRE-PE. Em uma an\u00e1lise preliminar n\u00e3o encontramos [&hellip;]<\/p>\n","protected":false},"author":180,"featured_media":0,"comment_status":"open","ping_status":"open","sticky":false,"template":"","format":"standard","meta":{"post_tipo":"article","footnotes":""},"categories":[1,1984],"tags":[2384,528,2168,2873],"tax_estado":[],"class_list":["post-85924","post","type-post","status-publish","format-standard","hentry","category-cursos-e-concursos","category-tribunais","tag-concurso-tre-ba","tag-direito-eleitoral","tag-edital-tre-ba","tag-tre-ba"],"acf":[],"yoast_head":"<!-- This site is optimized with the Yoast SEO Premium plugin v27.2 (Yoast SEO v27.2) - https:\/\/yoast.com\/product\/yoast-seo-premium-wordpress\/ -->\n<title>Gabarito Extraoficial - Eleitoral, RI e PCD - TRE\/BA - TJAA<\/title>\n<meta name=\"robots\" content=\"index, follow, max-snippet:-1, max-image-preview:large, max-video-preview:-1\" \/>\n<link rel=\"canonical\" href=\"https:\/\/www.estrategiaconcursos.com.br\/blog\/gabarito-extraoficial-tre-ba\/\" \/>\n<meta property=\"og:locale\" content=\"pt_BR\" \/>\n<meta property=\"og:type\" content=\"article\" \/>\n<meta property=\"og:title\" content=\"Gabarito Extraoficial - Eleitoral, RI e PCD - TRE\/BA - TJAA\" \/>\n<meta property=\"og:description\" content=\"Ol\u00e1 pessoal, acabamos de analisar as quest\u00f5es aplicadas na prova de hoje cedo de Regimento Interno, Direito das Pessoas com Defici\u00eancia e Direito Eleitoral, pelo CESPE no concurso do TRE-BA, para o cargo de t\u00e9cnico judici\u00e1rio &#8211; \u00e1rea administrativa (TJAA). Foi uma prova semelhante ao que tivemos no TRE-PE. Em uma an\u00e1lise preliminar n\u00e3o encontramos [&hellip;]\" \/>\n<meta property=\"og:url\" content=\"https:\/\/www.estrategiaconcursos.com.br\/blog\/gabarito-extraoficial-tre-ba\/\" \/>\n<meta property=\"og:site_name\" content=\"Estrat\u00e9gia Concursos\" \/>\n<meta property=\"article:author\" content=\"https:\/\/www.facebook.com\/ricardo.s.torques\" \/>\n<meta property=\"article:published_time\" content=\"2017-08-20T20:30:49+00:00\" \/>\n<meta property=\"article:modified_time\" content=\"2023-01-09T19:15:11+00:00\" \/>\n<meta name=\"author\" content=\"Ricardo Torques\" \/>\n<meta name=\"twitter:card\" content=\"summary_large_image\" \/>\n<meta name=\"twitter:creator\" content=\"@EstratConcursos\" \/>\n<meta name=\"twitter:site\" content=\"@EstratConcursos\" \/>\n<meta name=\"twitter:label1\" content=\"Escrito por\" \/>\n\t<meta name=\"twitter:data1\" content=\"Ricardo Torques\" \/>\n\t<meta name=\"twitter:label2\" content=\"Est. tempo de leitura\" \/>\n\t<meta name=\"twitter:data2\" content=\"18 minutos\" \/>\n<script type=\"application\/ld+json\" class=\"yoast-schema-graph\">{\"@context\":\"https:\/\/schema.org\",\"@graph\":[{\"@type\":\"NewsArticle\",\"@id\":\"https:\/\/www.estrategiaconcursos.com.br\/blog\/gabarito-extraoficial-tre-ba\/#article\",\"isPartOf\":{\"@id\":\"https:\/\/www.estrategiaconcursos.com.br\/blog\/gabarito-extraoficial-tre-ba\/\"},\"author\":{\"name\":\"Ricardo Torques\",\"@id\":\"https:\/\/www.estrategiaconcursos.com.br\/blog\/#\/schema\/person\/aa39cf5ddb518e5bdce27c35788405e2\"},\"headline\":\"Gabarito Extraoficial &#8211; Eleitoral, RI e PCD &#8211; TRE\/BA &#8211; TJAA\",\"datePublished\":\"2017-08-20T20:30:49+00:00\",\"dateModified\":\"2023-01-09T19:15:11+00:00\",\"mainEntityOfPage\":{\"@id\":\"https:\/\/www.estrategiaconcursos.com.br\/blog\/gabarito-extraoficial-tre-ba\/\"},\"wordCount\":3693,\"commentCount\":1,\"publisher\":{\"@id\":\"https:\/\/www.estrategiaconcursos.com.br\/blog\/#organization\"},\"keywords\":[\"concurso TRE BA\",\"Direito Eleitoral\",\"Edital TRE-BA\",\"TRE-BA\"],\"articleSection\":[\"Concursos P\u00fablicos\",\"Tribunais\"],\"inLanguage\":\"pt-BR\",\"potentialAction\":[{\"@type\":\"CommentAction\",\"name\":\"Comment\",\"target\":[\"https:\/\/www.estrategiaconcursos.com.br\/blog\/gabarito-extraoficial-tre-ba\/#respond\"]}],\"copyrightYear\":\"2017\",\"copyrightHolder\":{\"@id\":\"https:\/\/www.estrategiaconcursos.com.br\/blog\/#organization\"}},{\"@type\":\"WebPage\",\"@id\":\"https:\/\/www.estrategiaconcursos.com.br\/blog\/gabarito-extraoficial-tre-ba\/\",\"url\":\"https:\/\/www.estrategiaconcursos.com.br\/blog\/gabarito-extraoficial-tre-ba\/\",\"name\":\"Gabarito Extraoficial - Eleitoral, RI e PCD - TRE\/BA - TJAA\",\"isPartOf\":{\"@id\":\"https:\/\/www.estrategiaconcursos.com.br\/blog\/#website\"},\"datePublished\":\"2017-08-20T20:30:49+00:00\",\"dateModified\":\"2023-01-09T19:15:11+00:00\",\"breadcrumb\":{\"@id\":\"https:\/\/www.estrategiaconcursos.com.br\/blog\/gabarito-extraoficial-tre-ba\/#breadcrumb\"},\"inLanguage\":\"pt-BR\",\"potentialAction\":[{\"@type\":\"ReadAction\",\"target\":[\"https:\/\/www.estrategiaconcursos.com.br\/blog\/gabarito-extraoficial-tre-ba\/\"]}]},{\"@type\":\"BreadcrumbList\",\"@id\":\"https:\/\/www.estrategiaconcursos.com.br\/blog\/gabarito-extraoficial-tre-ba\/#breadcrumb\",\"itemListElement\":[{\"@type\":\"ListItem\",\"position\":1,\"name\":\"In\u00edcio\",\"item\":\"https:\/\/www.estrategiaconcursos.com.br\/blog\/\"},{\"@type\":\"ListItem\",\"position\":2,\"name\":\"Gabarito Extraoficial &#8211; Eleitoral, RI e PCD &#8211; TRE\/BA &#8211; TJAA\"}]},{\"@type\":\"WebSite\",\"@id\":\"https:\/\/www.estrategiaconcursos.com.br\/blog\/#website\",\"url\":\"https:\/\/www.estrategiaconcursos.com.br\/blog\/\",\"name\":\"Estrat\u00e9gia Concursos\",\"description\":\"O blog da Estrat\u00e9gia Concursos traz not\u00edcias sobre concursos e artigos de professores oferecendo cursos para concursos (pdf + videaulas) no site.\",\"publisher\":{\"@id\":\"https:\/\/www.estrategiaconcursos.com.br\/blog\/#organization\"},\"potentialAction\":[{\"@type\":\"SearchAction\",\"target\":{\"@type\":\"EntryPoint\",\"urlTemplate\":\"https:\/\/www.estrategiaconcursos.com.br\/blog\/?s={search_term_string}\"},\"query-input\":{\"@type\":\"PropertyValueSpecification\",\"valueRequired\":true,\"valueName\":\"search_term_string\"}}],\"inLanguage\":\"pt-BR\"},{\"@type\":\"Organization\",\"@id\":\"https:\/\/www.estrategiaconcursos.com.br\/blog\/#organization\",\"name\":\"Estrat\u00e9gia Concursos\",\"url\":\"https:\/\/www.estrategiaconcursos.com.br\/blog\/\",\"logo\":{\"@type\":\"ImageObject\",\"inLanguage\":\"pt-BR\",\"@id\":\"https:\/\/www.estrategiaconcursos.com.br\/blog\/#\/schema\/logo\/image\/\",\"url\":\"https:\/\/dhg1h5j42swfq.cloudfront.net\/2025\/06\/03203428\/logo_concursos-1.jpg\",\"contentUrl\":\"https:\/\/dhg1h5j42swfq.cloudfront.net\/2025\/06\/03203428\/logo_concursos-1.jpg\",\"width\":230,\"height\":60,\"caption\":\"Estrat\u00e9gia Concursos\"},\"image\":{\"@id\":\"https:\/\/www.estrategiaconcursos.com.br\/blog\/#\/schema\/logo\/image\/\"},\"sameAs\":[\"https:\/\/x.com\/EstratConcursos\"]},{\"@type\":\"Person\",\"@id\":\"https:\/\/www.estrategiaconcursos.com.br\/blog\/#\/schema\/person\/aa39cf5ddb518e5bdce27c35788405e2\",\"name\":\"Ricardo Torques\",\"image\":{\"@type\":\"ImageObject\",\"inLanguage\":\"pt-BR\",\"@id\":\"https:\/\/secure.gravatar.com\/avatar\/ce9ac6c3cff25fe86d15ed568ebc64d1724baf5c0693133bcb1f6073f712f92a?s=96&d=mm&r=g\",\"url\":\"https:\/\/secure.gravatar.com\/avatar\/ce9ac6c3cff25fe86d15ed568ebc64d1724baf5c0693133bcb1f6073f712f92a?s=96&d=mm&r=g\",\"contentUrl\":\"https:\/\/secure.gravatar.com\/avatar\/ce9ac6c3cff25fe86d15ed568ebc64d1724baf5c0693133bcb1f6073f712f92a?s=96&d=mm&r=g\",\"caption\":\"Ricardo Torques\"},\"sameAs\":[\"https:\/\/www.facebook.com\/ricardo.s.torques\"],\"url\":\"https:\/\/www.estrategiaconcursos.com.br\/blog\/author\/ricardotorquesestrategiaconcursos-com-br\/\"}]}<\/script>\n<!-- \/ Yoast SEO Premium plugin. -->","yoast_head_json":{"title":"Gabarito Extraoficial - Eleitoral, RI e PCD - TRE\/BA - TJAA","robots":{"index":"index","follow":"follow","max-snippet":"max-snippet:-1","max-image-preview":"max-image-preview:large","max-video-preview":"max-video-preview:-1"},"canonical":"https:\/\/www.estrategiaconcursos.com.br\/blog\/gabarito-extraoficial-tre-ba\/","og_locale":"pt_BR","og_type":"article","og_title":"Gabarito Extraoficial - Eleitoral, RI e PCD - TRE\/BA - TJAA","og_description":"Ol\u00e1 pessoal, acabamos de analisar as quest\u00f5es aplicadas na prova de hoje cedo de Regimento Interno, Direito das Pessoas com Defici\u00eancia e Direito Eleitoral, pelo CESPE no concurso do TRE-BA, para o cargo de t\u00e9cnico judici\u00e1rio &#8211; \u00e1rea administrativa (TJAA). Foi uma prova semelhante ao que tivemos no TRE-PE. Em uma an\u00e1lise preliminar n\u00e3o encontramos [&hellip;]","og_url":"https:\/\/www.estrategiaconcursos.com.br\/blog\/gabarito-extraoficial-tre-ba\/","og_site_name":"Estrat\u00e9gia Concursos","article_author":"https:\/\/www.facebook.com\/ricardo.s.torques","article_published_time":"2017-08-20T20:30:49+00:00","article_modified_time":"2023-01-09T19:15:11+00:00","author":"Ricardo Torques","twitter_card":"summary_large_image","twitter_creator":"@EstratConcursos","twitter_site":"@EstratConcursos","twitter_misc":{"Escrito por":"Ricardo Torques","Est. tempo de leitura":"18 minutos"},"schema":{"@context":"https:\/\/schema.org","@graph":[{"@type":"NewsArticle","@id":"https:\/\/www.estrategiaconcursos.com.br\/blog\/gabarito-extraoficial-tre-ba\/#article","isPartOf":{"@id":"https:\/\/www.estrategiaconcursos.com.br\/blog\/gabarito-extraoficial-tre-ba\/"},"author":{"name":"Ricardo Torques","@id":"https:\/\/www.estrategiaconcursos.com.br\/blog\/#\/schema\/person\/aa39cf5ddb518e5bdce27c35788405e2"},"headline":"Gabarito Extraoficial &#8211; Eleitoral, RI e PCD &#8211; TRE\/BA &#8211; TJAA","datePublished":"2017-08-20T20:30:49+00:00","dateModified":"2023-01-09T19:15:11+00:00","mainEntityOfPage":{"@id":"https:\/\/www.estrategiaconcursos.com.br\/blog\/gabarito-extraoficial-tre-ba\/"},"wordCount":3693,"commentCount":1,"publisher":{"@id":"https:\/\/www.estrategiaconcursos.com.br\/blog\/#organization"},"keywords":["concurso TRE BA","Direito Eleitoral","Edital TRE-BA","TRE-BA"],"articleSection":["Concursos P\u00fablicos","Tribunais"],"inLanguage":"pt-BR","potentialAction":[{"@type":"CommentAction","name":"Comment","target":["https:\/\/www.estrategiaconcursos.com.br\/blog\/gabarito-extraoficial-tre-ba\/#respond"]}],"copyrightYear":"2017","copyrightHolder":{"@id":"https:\/\/www.estrategiaconcursos.com.br\/blog\/#organization"}},{"@type":"WebPage","@id":"https:\/\/www.estrategiaconcursos.com.br\/blog\/gabarito-extraoficial-tre-ba\/","url":"https:\/\/www.estrategiaconcursos.com.br\/blog\/gabarito-extraoficial-tre-ba\/","name":"Gabarito Extraoficial - Eleitoral, RI e PCD - TRE\/BA - TJAA","isPartOf":{"@id":"https:\/\/www.estrategiaconcursos.com.br\/blog\/#website"},"datePublished":"2017-08-20T20:30:49+00:00","dateModified":"2023-01-09T19:15:11+00:00","breadcrumb":{"@id":"https:\/\/www.estrategiaconcursos.com.br\/blog\/gabarito-extraoficial-tre-ba\/#breadcrumb"},"inLanguage":"pt-BR","potentialAction":[{"@type":"ReadAction","target":["https:\/\/www.estrategiaconcursos.com.br\/blog\/gabarito-extraoficial-tre-ba\/"]}]},{"@type":"BreadcrumbList","@id":"https:\/\/www.estrategiaconcursos.com.br\/blog\/gabarito-extraoficial-tre-ba\/#breadcrumb","itemListElement":[{"@type":"ListItem","position":1,"name":"In\u00edcio","item":"https:\/\/www.estrategiaconcursos.com.br\/blog\/"},{"@type":"ListItem","position":2,"name":"Gabarito Extraoficial &#8211; Eleitoral, RI e PCD &#8211; TRE\/BA &#8211; TJAA"}]},{"@type":"WebSite","@id":"https:\/\/www.estrategiaconcursos.com.br\/blog\/#website","url":"https:\/\/www.estrategiaconcursos.com.br\/blog\/","name":"Estrat\u00e9gia Concursos","description":"O blog da Estrat\u00e9gia Concursos traz not\u00edcias sobre concursos e artigos de professores oferecendo cursos para concursos (pdf + videaulas) no site.","publisher":{"@id":"https:\/\/www.estrategiaconcursos.com.br\/blog\/#organization"},"potentialAction":[{"@type":"SearchAction","target":{"@type":"EntryPoint","urlTemplate":"https:\/\/www.estrategiaconcursos.com.br\/blog\/?s={search_term_string}"},"query-input":{"@type":"PropertyValueSpecification","valueRequired":true,"valueName":"search_term_string"}}],"inLanguage":"pt-BR"},{"@type":"Organization","@id":"https:\/\/www.estrategiaconcursos.com.br\/blog\/#organization","name":"Estrat\u00e9gia Concursos","url":"https:\/\/www.estrategiaconcursos.com.br\/blog\/","logo":{"@type":"ImageObject","inLanguage":"pt-BR","@id":"https:\/\/www.estrategiaconcursos.com.br\/blog\/#\/schema\/logo\/image\/","url":"https:\/\/dhg1h5j42swfq.cloudfront.net\/2025\/06\/03203428\/logo_concursos-1.jpg","contentUrl":"https:\/\/dhg1h5j42swfq.cloudfront.net\/2025\/06\/03203428\/logo_concursos-1.jpg","width":230,"height":60,"caption":"Estrat\u00e9gia Concursos"},"image":{"@id":"https:\/\/www.estrategiaconcursos.com.br\/blog\/#\/schema\/logo\/image\/"},"sameAs":["https:\/\/x.com\/EstratConcursos"]},{"@type":"Person","@id":"https:\/\/www.estrategiaconcursos.com.br\/blog\/#\/schema\/person\/aa39cf5ddb518e5bdce27c35788405e2","name":"Ricardo Torques","image":{"@type":"ImageObject","inLanguage":"pt-BR","@id":"https:\/\/secure.gravatar.com\/avatar\/ce9ac6c3cff25fe86d15ed568ebc64d1724baf5c0693133bcb1f6073f712f92a?s=96&d=mm&r=g","url":"https:\/\/secure.gravatar.com\/avatar\/ce9ac6c3cff25fe86d15ed568ebc64d1724baf5c0693133bcb1f6073f712f92a?s=96&d=mm&r=g","contentUrl":"https:\/\/secure.gravatar.com\/avatar\/ce9ac6c3cff25fe86d15ed568ebc64d1724baf5c0693133bcb1f6073f712f92a?s=96&d=mm&r=g","caption":"Ricardo Torques"},"sameAs":["https:\/\/www.facebook.com\/ricardo.s.torques"],"url":"https:\/\/www.estrategiaconcursos.com.br\/blog\/author\/ricardotorquesestrategiaconcursos-com-br\/"}]}},"_links":{"self":[{"href":"https:\/\/www.estrategiaconcursos.com.br\/blog\/wp-json\/wp\/v2\/posts\/85924","targetHints":{"allow":["GET"]}}],"collection":[{"href":"https:\/\/www.estrategiaconcursos.com.br\/blog\/wp-json\/wp\/v2\/posts"}],"about":[{"href":"https:\/\/www.estrategiaconcursos.com.br\/blog\/wp-json\/wp\/v2\/types\/post"}],"author":[{"embeddable":true,"href":"https:\/\/www.estrategiaconcursos.com.br\/blog\/wp-json\/wp\/v2\/users\/180"}],"replies":[{"embeddable":true,"href":"https:\/\/www.estrategiaconcursos.com.br\/blog\/wp-json\/wp\/v2\/comments?post=85924"}],"version-history":[{"count":8,"href":"https:\/\/www.estrategiaconcursos.com.br\/blog\/wp-json\/wp\/v2\/posts\/85924\/revisions"}],"predecessor-version":[{"id":1149683,"href":"https:\/\/www.estrategiaconcursos.com.br\/blog\/wp-json\/wp\/v2\/posts\/85924\/revisions\/1149683"}],"wp:attachment":[{"href":"https:\/\/www.estrategiaconcursos.com.br\/blog\/wp-json\/wp\/v2\/media?parent=85924"}],"wp:term":[{"taxonomy":"category","embeddable":true,"href":"https:\/\/www.estrategiaconcursos.com.br\/blog\/wp-json\/wp\/v2\/categories?post=85924"},{"taxonomy":"post_tag","embeddable":true,"href":"https:\/\/www.estrategiaconcursos.com.br\/blog\/wp-json\/wp\/v2\/tags?post=85924"},{"taxonomy":"tax_estado","embeddable":true,"href":"https:\/\/www.estrategiaconcursos.com.br\/blog\/wp-json\/wp\/v2\/tax_estado?post=85924"}],"curies":[{"name":"wp","href":"https:\/\/api.w.org\/{rel}","templated":true}]}}