{"id":858865,"date":"2021-09-13T19:52:00","date_gmt":"2021-09-13T22:52:00","guid":{"rendered":"https:\/\/www.estrategiaconcursos.com.br\/blog\/?p=858865"},"modified":"2023-02-01T10:28:30","modified_gmt":"2023-02-01T13:28:30","slug":"intensivo-de-legislacao-local-procurador-pge-rs","status":"publish","type":"post","link":"https:\/\/www.estrategiaconcursos.com.br\/blog\/intensivo-de-legislacao-local-procurador-pge-rs\/","title":{"rendered":"Intensivo de Legisla\u00e7\u00e3o Local Procurador PGE RS: a partir de hoje!"},"content":{"rendered":"\n<p>Entre os dias 13 e 24 de setembro de 2021, os professores <strong><\/strong><strong>Marcel Torres<\/strong>, <strong>Bruno Betti<\/strong>, <strong>Felipe Cavalcanti<\/strong> e<strong> Priscila Ferreira<\/strong> realizar\u00e3o eventos na &#8220;<em>Intensivo de Legisla\u00e7\u00e3o Local Procurador PGE RS<\/em>&#8220;, exclusivamente para voc\u00ea que est\u00e1 prestes a prestar o certame. Acompanhe ao vivo e gratuitamente pelo canal do Estrat\u00e9gia Carreira Jur\u00eddica no YouTube.<\/p>\n\n\n\n<h3 class=\"wp-block-heading\" id=\"h-intensivo-de-legislacao-local-procurador-pge-rs-cronograma\">Intensivo de Legisla\u00e7\u00e3o Local Procurador PGE RS &#8211; Cronograma<\/h3>\n\n\n\n<p class=\"has-very-light-gray-background-color has-background\"><strong>Data: <\/strong>A partir de 13\/09\/2021<strong><br \/>Hor\u00e1rio: <\/strong>21:00<strong><br \/>Onde: <\/strong><a href=\"https:\/\/www.youtube.com\/channel\/UClbMGuYbj2Mh1m3w144ETWQ\" target=\"_blank\" rel=\"noreferrer noopener\">Canal do Estrat\u00e9gia Carreira Jur\u00eddica no Youtube<\/a><br \/><strong>Professores: <\/strong> Marcel Torres, Bruno Betti, Felipe Cavalcanti e Priscila Ferreira <\/p>\n\n\n\n<h3 class=\"wp-block-heading\" id=\"h-procurador-rs-curiosidades\">Procurador RS &#8211; Curiosidades <\/h3>\n\n\n\n<p><strong>O concurso Procurador PGE RS oferta <\/strong><strong>7 vagas<\/strong> para <strong>Procurador no Estado do Rio Grande do Sul e encontra-se com as inscri\u00e7\u00f5es abertas at\u00e9 06 de outubro de 2021. <\/strong>A <strong>taxa <\/strong>de inscri\u00e7\u00e3o foi fixada em <strong>R$ 323,00<\/strong> e a remunera\u00e7\u00e3o inicial \u00e9 de <strong>R$ 20.353,06.<\/strong> A <strong>organiza\u00e7\u00e3o<\/strong> da sele\u00e7\u00e3o ser\u00e1 feita pela <strong>FUNDATEC<\/strong>.  <\/p>\n\n\n\n<p>De acordo com o regulamento, para ingressar na carreira, \u00e9 necess\u00e1rio possuir <strong>forma\u00e7\u00e3o superior em Direito<\/strong>. AAs provas do concurso ser\u00e3o aplicadas <strong>em Porto Alegre\/RS<\/strong>, em tr\u00eas fases, todas com car\u00e1ter eliminat\u00f3rio e classificat\u00f3rio, denominadas Fase Objetiva, Fase Escrita e Fase Definitiva, em datas a serem definidas em breve. <\/p>\n\n\n\n<p>Dentre os temas dispostos no conte\u00fado program\u00e1tico no edital est\u00e1 a seguinte legisla\u00e7\u00e3o local espec\u00edfica: <\/p>\n\n\n\n<ul class=\"wp-block-list\">\n<li><em>RPPS\/RS e regime dos militares do Estado do RS. <\/em><\/li>\n\n\n\n<li><em>Constitui\u00e7\u00e3o do Estado do RS e legisla\u00e7\u00e3o estadual. <\/em><\/li>\n\n\n\n<li><em>Regime financeiro de reparti\u00e7\u00e3o simples e regime financeiro de capitaliza\u00e7\u00e3o. FUNDOPREV e FUNDOPREV\/MILITAR.<\/em><\/li>\n\n\n\n<li><em>Benefici\u00e1rios do RPPS\/RS. Aposentadoria, inatividade, pens\u00e3o por morte. Custeio e contribui\u00e7\u00f5es. <\/em><\/li>\n\n\n\n<li><em>O gestor \u00fanico do RPPS\/RS: Instituto de Previd\u00eancia do Estado do RS \u2013 IPE<\/em><\/li>\n\n\n\n<li><em>Regime de previd\u00eancia complementar: Funda\u00e7\u00e3o de Previd\u00eancia Complementar do RS &#8211; RS-Prev e legisla\u00e7\u00e3o do RPC.<\/em><\/li>\n<\/ul>\n\n\n\n<p>Quer saber como estud\u00e1-las? Ent\u00e3o, n\u00e3o perca nenhuma aula do nosso Intensivo! <\/p>\n\n\n\n<p class=\"has-text-align-center has-luminous-vivid-amber-background-color has-background has-medium-font-size\"><strong>Mais informa\u00e7\u00f5es: <a href=\"https:\/\/www.estrategiaconcursos.com.br\/blog\/concurso-pge-rs-procurador\" target=\"_blank\" rel=\"noreferrer noopener\">Concurso Procurador RS<\/a><\/strong><\/p>\n\n\n\n<h2 class=\"has-text-align-center wp-block-heading\" id=\"cursos\">Cursos para Procurador RS<\/h2>\n\n\n\n<div class=\"container\" id=\"boxes\">\n  <div class=\"row\">\n\n    <div class=\"col-sm\">\n      <div class=\"banner-ecj\" id=\"box-assinatura\">\n        <h3 class=\"titulo-assinatura\">Curso para Concurso PGE RS <\/h3>\n        <p class=\"subtitulo-assinatura\">Cursos focados no edital do concurso<\/p>\n        <div class=\"box-botao\">\n          <a class=\"btn-assinatura\" target=\"_blank\" href=\"https:\/\/www.estrategiaconcursos.com.br\/cursosPorConcurso\/pge-rs-procurador-do-estado-do-rio-grande-do-sul\/\" role=\"button\" rel=\"noopener noreferrer\">Conhe\u00e7a mais<\/a>\n        <\/div>\n      <\/div>\n      <p class=\"texto-auxiliar\">Prepare-se com o melhor material e com quem mais aprova em concursos em todo o pa\u00eds. \n<\/p>\n    <\/div>\n\n  <\/div>\n<\/div>\n\n\n\n<div class=\"container\" id=\"boxes\">\n  <div class=\"row\">\n\n    <div class=\"col-sm\">\n      <div class=\"banner-ecj\" id=\"box-assinatura\">\n        <h3 class=\"titulo-assinatura\">Assinatura Jur\u00eddica <\/h3>\n        <p class=\"subtitulo-assinatura\">Conhe\u00e7a os planos<\/p>\n        <div class=\"box-botao\">\n          <a class=\"btn-assinatura\" target=\"_blank\" href=\"https:\/\/www.estrategiaconcursos.com.br\/assinaturas-ecj\/\" role=\"button\" rel=\"noopener noreferrer\">Conhe\u00e7a mais<\/a>\n        <\/div>\n      <\/div>\n      <p class=\"texto-auxiliar\">Prepare-se com o melhor material e com quem mais aprova em Concursos P\u00fablicos em todo o pa\u00eds. \n<\/p>\n    <\/div>\n\n  <\/div>\n<\/div>\n\n\n\n<div class=\"container\" id=\"boxes\">\n  <div class=\"row\">\n\n    <div class=\"col-sm\" id=\"boxes-concursos\">\n      <div style=\"background-color: #005DAD;\" class=\"conteudo-concursos\" id=\"box-concursos\">\n        <h3 class=\"titulo-assinatura\">Concursos Abertos<\/h3>\n        <p class=\"subtitulo-assinatura\">Os editais publicados<\/p>\n        <div class=\"box-botao\">\n          <a class=\"btn-assinatura\" target=\"_blank\" href=\"https:\/\/www.estrategiaconcursos.com.br\/blog\/concursos-abertos\/\" role=\"button\" rel=\"noopener noreferrer\">Conhe\u00e7a Agora<\/a>\n        <\/div>\n      <\/div>\n    <\/div>\n\n    <div class=\"col-sm\" id=\"boxes-concursos\">\n      <div style=\"background-color: #1A7ED5;\" class=\"conteudo-concursos\" id=\"box-concursos\">\n        <h3 class=\"titulo-assinatura\">Concursos 2021<\/h3>\n        <p class=\"subtitulo-assinatura\">As oportunidades previstas<\/p>\n        <div class=\"box-botao\">\n          <a class=\"btn-assinatura\" target=\"_blank\" href=\"https:\/\/www.estrategiaconcursos.com.br\/blog\/concursos-2021\/\" role=\"button\" rel=\"noopener noreferrer\">Conhe\u00e7a Agora<\/a>\n        <\/div>\n      <\/div>\n    <\/div>\n\n    <div class=\"col-sm\" id=\"boxes-concursos\">\n      <div style=\"background-color: #419FF0;\" class=\"conteudo-concursos\" id=\"box-concursos\">\n        <h3 class=\"titulo-assinatura\">Concursos 2022<\/h3>\n        <p class=\"subtitulo-assinatura\">Vagas para o pr\u00f3ximo ano<\/p>\n        <div class=\"box-botao\">\n          <a class=\"btn-assinatura\" target=\"_blank\" href=\"https:\/\/www.estrategiaconcursos.com.br\/blog\/concursos-2022\/\" role=\"button\" rel=\"noopener noreferrer\">Conhe\u00e7a Agora<\/a>\n        <\/div>\n      <\/div>\n    <\/div>\n\n  <\/div>\n<\/div>\n","protected":false},"excerpt":{"rendered":"<p>Entre os dias 13 e 24 de setembro de 2021, os professores Marcel Torres, Bruno Betti, Felipe Cavalcanti e Priscila Ferreira realizar\u00e3o eventos na &#8220;Intensivo de Legisla\u00e7\u00e3o Local Procurador PGE RS&#8220;, exclusivamente para voc\u00ea que est\u00e1 prestes a prestar o certame. Acompanhe ao vivo e gratuitamente pelo canal do Estrat\u00e9gia Carreira Jur\u00eddica no YouTube. Intensivo [&hellip;]<\/p>\n","protected":false},"author":317,"featured_media":858867,"comment_status":"open","ping_status":"closed","sticky":false,"template":"","format":"standard","meta":{"post_tipo":"article","footnotes":""},"categories":[220196],"tags":[],"tax_estado":[219986],"class_list":["post-858865","post","type-post","status-publish","format-standard","has-post-thumbnail","hentry","category-procuradorias","tax_estado-rs"],"acf":[],"yoast_head":"<!-- This site is optimized with the Yoast SEO Premium plugin v27.2 (Yoast SEO v27.2) - https:\/\/yoast.com\/product\/yoast-seo-premium-wordpress\/ -->\n<title>Intensivo de Legisla\u00e7\u00e3o Local Procurador PGE RS: a partir de hoje!<\/title>\n<meta name=\"description\" content=\"Entre os dias 13 e 24 de setembro, ocorrer\u00e1, ao vivo e gratuitamente, o Intensivo de Legisla\u00e7\u00e3o Local Procurador PGE RS do Estrat\u00e9gia.\" \/>\n<meta name=\"robots\" content=\"index, follow, max-snippet:-1, max-image-preview:large, max-video-preview:-1\" \/>\n<link rel=\"canonical\" href=\"https:\/\/www.estrategiaconcursos.com.br\/blog\/intensivo-de-legislacao-local-procurador-pge-rs\/\" \/>\n<meta property=\"og:locale\" content=\"pt_BR\" \/>\n<meta property=\"og:type\" content=\"article\" \/>\n<meta property=\"og:title\" content=\"Intensivo de Legisla\u00e7\u00e3o Local Procurador PGE RS: a partir de hoje!\" \/>\n<meta property=\"og:description\" content=\"Entre os dias 13 e 24 de setembro, ocorrer\u00e1, ao vivo e gratuitamente, o Intensivo de Legisla\u00e7\u00e3o Local Procurador PGE RS do Estrat\u00e9gia.\" \/>\n<meta property=\"og:url\" content=\"https:\/\/www.estrategiaconcursos.com.br\/blog\/intensivo-de-legislacao-local-procurador-pge-rs\/\" \/>\n<meta property=\"og:site_name\" content=\"Estrat\u00e9gia Concursos\" \/>\n<meta property=\"article:author\" content=\"https:\/\/www.facebook.com\/igor.maciel.1420\" \/>\n<meta property=\"article:published_time\" content=\"2021-09-13T22:52:00+00:00\" \/>\n<meta property=\"article:modified_time\" content=\"2023-02-01T13:28:30+00:00\" \/>\n<meta property=\"og:image\" content=\"https:\/\/dhg1h5j42swfq.cloudfront.net\/2021\/09\/10174812\/1280-720-max-2-4.jpg\" \/>\n\t<meta property=\"og:image:width\" content=\"1280\" \/>\n\t<meta property=\"og:image:height\" content=\"720\" \/>\n\t<meta property=\"og:image:type\" content=\"image\/jpeg\" \/>\n<meta name=\"author\" content=\"Igor Maciel\" \/>\n<meta name=\"twitter:card\" content=\"summary_large_image\" \/>\n<meta name=\"twitter:creator\" content=\"@EstratConcursos\" \/>\n<meta name=\"twitter:site\" content=\"@EstratConcursos\" \/>\n<meta name=\"twitter:label1\" content=\"Escrito por\" \/>\n\t<meta name=\"twitter:data1\" content=\"Igor Maciel\" \/>\n\t<meta name=\"twitter:label2\" content=\"Est. tempo de leitura\" \/>\n\t<meta name=\"twitter:data2\" content=\"2 minutos\" \/>\n<script type=\"application\/ld+json\" class=\"yoast-schema-graph\">{\"@context\":\"https:\/\/schema.org\",\"@graph\":[{\"@type\":\"NewsArticle\",\"@id\":\"https:\/\/www.estrategiaconcursos.com.br\/blog\/intensivo-de-legislacao-local-procurador-pge-rs\/#article\",\"isPartOf\":{\"@id\":\"https:\/\/www.estrategiaconcursos.com.br\/blog\/intensivo-de-legislacao-local-procurador-pge-rs\/\"},\"author\":{\"name\":\"Igor Maciel\",\"@id\":\"https:\/\/www.estrategiaconcursos.com.br\/blog\/#\/schema\/person\/024d26d5efb06d95dfc04025d7301591\"},\"headline\":\"Intensivo de Legisla\u00e7\u00e3o Local Procurador PGE RS: a partir de hoje!\",\"datePublished\":\"2021-09-13T22:52:00+00:00\",\"dateModified\":\"2023-02-01T13:28:30+00:00\",\"mainEntityOfPage\":{\"@id\":\"https:\/\/www.estrategiaconcursos.com.br\/blog\/intensivo-de-legislacao-local-procurador-pge-rs\/\"},\"wordCount\":431,\"commentCount\":0,\"publisher\":{\"@id\":\"https:\/\/www.estrategiaconcursos.com.br\/blog\/#organization\"},\"image\":{\"@id\":\"https:\/\/www.estrategiaconcursos.com.br\/blog\/intensivo-de-legislacao-local-procurador-pge-rs\/#primaryimage\"},\"thumbnailUrl\":\"https:\/\/dhg1h5j42swfq.cloudfront.net\/2021\/09\/10174812\/1280-720-max-2-4.jpg\",\"articleSection\":[\"Jur\u00eddico - Procuradorias\"],\"inLanguage\":\"pt-BR\",\"potentialAction\":[{\"@type\":\"CommentAction\",\"name\":\"Comment\",\"target\":[\"https:\/\/www.estrategiaconcursos.com.br\/blog\/intensivo-de-legislacao-local-procurador-pge-rs\/#respond\"]}],\"copyrightYear\":\"2021\",\"copyrightHolder\":{\"@id\":\"https:\/\/www.estrategiaconcursos.com.br\/blog\/#organization\"}},{\"@type\":\"WebPage\",\"@id\":\"https:\/\/www.estrategiaconcursos.com.br\/blog\/intensivo-de-legislacao-local-procurador-pge-rs\/\",\"url\":\"https:\/\/www.estrategiaconcursos.com.br\/blog\/intensivo-de-legislacao-local-procurador-pge-rs\/\",\"name\":\"Intensivo de Legisla\u00e7\u00e3o Local Procurador PGE RS: a partir de hoje!\",\"isPartOf\":{\"@id\":\"https:\/\/www.estrategiaconcursos.com.br\/blog\/#website\"},\"primaryImageOfPage\":{\"@id\":\"https:\/\/www.estrategiaconcursos.com.br\/blog\/intensivo-de-legislacao-local-procurador-pge-rs\/#primaryimage\"},\"image\":{\"@id\":\"https:\/\/www.estrategiaconcursos.com.br\/blog\/intensivo-de-legislacao-local-procurador-pge-rs\/#primaryimage\"},\"thumbnailUrl\":\"https:\/\/dhg1h5j42swfq.cloudfront.net\/2021\/09\/10174812\/1280-720-max-2-4.jpg\",\"datePublished\":\"2021-09-13T22:52:00+00:00\",\"dateModified\":\"2023-02-01T13:28:30+00:00\",\"description\":\"Entre os dias 13 e 24 de setembro, ocorrer\u00e1, ao vivo e gratuitamente, o Intensivo de Legisla\u00e7\u00e3o Local Procurador PGE RS do Estrat\u00e9gia.\",\"breadcrumb\":{\"@id\":\"https:\/\/www.estrategiaconcursos.com.br\/blog\/intensivo-de-legislacao-local-procurador-pge-rs\/#breadcrumb\"},\"inLanguage\":\"pt-BR\",\"potentialAction\":[{\"@type\":\"ReadAction\",\"target\":[\"https:\/\/www.estrategiaconcursos.com.br\/blog\/intensivo-de-legislacao-local-procurador-pge-rs\/\"]}]},{\"@type\":\"ImageObject\",\"inLanguage\":\"pt-BR\",\"@id\":\"https:\/\/www.estrategiaconcursos.com.br\/blog\/intensivo-de-legislacao-local-procurador-pge-rs\/#primaryimage\",\"url\":\"https:\/\/dhg1h5j42swfq.cloudfront.net\/2021\/09\/10174812\/1280-720-max-2-4.jpg\",\"contentUrl\":\"https:\/\/dhg1h5j42swfq.cloudfront.net\/2021\/09\/10174812\/1280-720-max-2-4.jpg\",\"width\":1280,\"height\":720,\"caption\":\"Intensivo de Legisla\u00e7\u00e3o Local Procurador\"},{\"@type\":\"BreadcrumbList\",\"@id\":\"https:\/\/www.estrategiaconcursos.com.br\/blog\/intensivo-de-legislacao-local-procurador-pge-rs\/#breadcrumb\",\"itemListElement\":[{\"@type\":\"ListItem\",\"position\":1,\"name\":\"In\u00edcio\",\"item\":\"https:\/\/www.estrategiaconcursos.com.br\/blog\/\"},{\"@type\":\"ListItem\",\"position\":2,\"name\":\"Intensivo de Legisla\u00e7\u00e3o Local Procurador PGE RS: a partir de hoje!\"}]},{\"@type\":\"WebSite\",\"@id\":\"https:\/\/www.estrategiaconcursos.com.br\/blog\/#website\",\"url\":\"https:\/\/www.estrategiaconcursos.com.br\/blog\/\",\"name\":\"Estrat\u00e9gia Concursos\",\"description\":\"O blog da Estrat\u00e9gia Concursos traz not\u00edcias sobre concursos e artigos de professores oferecendo cursos para concursos (pdf + videaulas) no site.\",\"publisher\":{\"@id\":\"https:\/\/www.estrategiaconcursos.com.br\/blog\/#organization\"},\"potentialAction\":[{\"@type\":\"SearchAction\",\"target\":{\"@type\":\"EntryPoint\",\"urlTemplate\":\"https:\/\/www.estrategiaconcursos.com.br\/blog\/?s={search_term_string}\"},\"query-input\":{\"@type\":\"PropertyValueSpecification\",\"valueRequired\":true,\"valueName\":\"search_term_string\"}}],\"inLanguage\":\"pt-BR\"},{\"@type\":\"Organization\",\"@id\":\"https:\/\/www.estrategiaconcursos.com.br\/blog\/#organization\",\"name\":\"Estrat\u00e9gia Concursos\",\"url\":\"https:\/\/www.estrategiaconcursos.com.br\/blog\/\",\"logo\":{\"@type\":\"ImageObject\",\"inLanguage\":\"pt-BR\",\"@id\":\"https:\/\/www.estrategiaconcursos.com.br\/blog\/#\/schema\/logo\/image\/\",\"url\":\"https:\/\/dhg1h5j42swfq.cloudfront.net\/2025\/06\/03203428\/logo_concursos-1.jpg\",\"contentUrl\":\"https:\/\/dhg1h5j42swfq.cloudfront.net\/2025\/06\/03203428\/logo_concursos-1.jpg\",\"width\":230,\"height\":60,\"caption\":\"Estrat\u00e9gia Concursos\"},\"image\":{\"@id\":\"https:\/\/www.estrategiaconcursos.com.br\/blog\/#\/schema\/logo\/image\/\"},\"sameAs\":[\"https:\/\/x.com\/EstratConcursos\"]},{\"@type\":\"Person\",\"@id\":\"https:\/\/www.estrategiaconcursos.com.br\/blog\/#\/schema\/person\/024d26d5efb06d95dfc04025d7301591\",\"name\":\"Igor Maciel\",\"image\":{\"@type\":\"ImageObject\",\"inLanguage\":\"pt-BR\",\"@id\":\"https:\/\/secure.gravatar.com\/avatar\/e983a676af6facf4aebcb2989d49e3bf61b718712d5e7a4b3f355b7fe651bc2f?s=96&d=mm&r=g\",\"url\":\"https:\/\/secure.gravatar.com\/avatar\/e983a676af6facf4aebcb2989d49e3bf61b718712d5e7a4b3f355b7fe651bc2f?s=96&d=mm&r=g\",\"contentUrl\":\"https:\/\/secure.gravatar.com\/avatar\/e983a676af6facf4aebcb2989d49e3bf61b718712d5e7a4b3f355b7fe651bc2f?s=96&d=mm&r=g\",\"caption\":\"Igor Maciel\"},\"description\":\"Graduado na Universidade Federal de Pernambuco, com extens\u00e3o na Universidade de Coimbra\/Portugal. Especialista LLM em Direito Corporativo pelo IBMEC\/RJ. Mestrando em Direito e Pol\u00edticas P\u00fablicas pelo UNICEUB\/DF. Advogado com atua\u00e7\u00e3o profissional centrada no Direito Tribut\u00e1rio e no Direito Administrativo, especialmente na defesa de servidores p\u00fablicos.\",\"sameAs\":[\"http:\/\/www.imaciel.com.br\",\"https:\/\/www.facebook.com\/igor.maciel.1420\"],\"url\":\"https:\/\/www.estrategiaconcursos.com.br\/blog\/author\/contatoimaciel-com-br\/\"}]}<\/script>\n<!-- \/ Yoast SEO Premium plugin. -->","yoast_head_json":{"title":"Intensivo de Legisla\u00e7\u00e3o Local Procurador PGE RS: a partir de hoje!","description":"Entre os dias 13 e 24 de setembro, ocorrer\u00e1, ao vivo e gratuitamente, o Intensivo de Legisla\u00e7\u00e3o Local Procurador PGE RS do Estrat\u00e9gia.","robots":{"index":"index","follow":"follow","max-snippet":"max-snippet:-1","max-image-preview":"max-image-preview:large","max-video-preview":"max-video-preview:-1"},"canonical":"https:\/\/www.estrategiaconcursos.com.br\/blog\/intensivo-de-legislacao-local-procurador-pge-rs\/","og_locale":"pt_BR","og_type":"article","og_title":"Intensivo de Legisla\u00e7\u00e3o Local Procurador PGE RS: a partir de hoje!","og_description":"Entre os dias 13 e 24 de setembro, ocorrer\u00e1, ao vivo e gratuitamente, o Intensivo de Legisla\u00e7\u00e3o Local Procurador PGE RS do Estrat\u00e9gia.","og_url":"https:\/\/www.estrategiaconcursos.com.br\/blog\/intensivo-de-legislacao-local-procurador-pge-rs\/","og_site_name":"Estrat\u00e9gia Concursos","article_author":"https:\/\/www.facebook.com\/igor.maciel.1420","article_published_time":"2021-09-13T22:52:00+00:00","article_modified_time":"2023-02-01T13:28:30+00:00","og_image":[{"width":1280,"height":720,"url":"https:\/\/dhg1h5j42swfq.cloudfront.net\/2021\/09\/10174812\/1280-720-max-2-4.jpg","type":"image\/jpeg"}],"author":"Igor Maciel","twitter_card":"summary_large_image","twitter_creator":"@EstratConcursos","twitter_site":"@EstratConcursos","twitter_misc":{"Escrito por":"Igor Maciel","Est. tempo de leitura":"2 minutos"},"schema":{"@context":"https:\/\/schema.org","@graph":[{"@type":"NewsArticle","@id":"https:\/\/www.estrategiaconcursos.com.br\/blog\/intensivo-de-legislacao-local-procurador-pge-rs\/#article","isPartOf":{"@id":"https:\/\/www.estrategiaconcursos.com.br\/blog\/intensivo-de-legislacao-local-procurador-pge-rs\/"},"author":{"name":"Igor Maciel","@id":"https:\/\/www.estrategiaconcursos.com.br\/blog\/#\/schema\/person\/024d26d5efb06d95dfc04025d7301591"},"headline":"Intensivo de Legisla\u00e7\u00e3o Local Procurador PGE RS: a partir de hoje!","datePublished":"2021-09-13T22:52:00+00:00","dateModified":"2023-02-01T13:28:30+00:00","mainEntityOfPage":{"@id":"https:\/\/www.estrategiaconcursos.com.br\/blog\/intensivo-de-legislacao-local-procurador-pge-rs\/"},"wordCount":431,"commentCount":0,"publisher":{"@id":"https:\/\/www.estrategiaconcursos.com.br\/blog\/#organization"},"image":{"@id":"https:\/\/www.estrategiaconcursos.com.br\/blog\/intensivo-de-legislacao-local-procurador-pge-rs\/#primaryimage"},"thumbnailUrl":"https:\/\/dhg1h5j42swfq.cloudfront.net\/2021\/09\/10174812\/1280-720-max-2-4.jpg","articleSection":["Jur\u00eddico - Procuradorias"],"inLanguage":"pt-BR","potentialAction":[{"@type":"CommentAction","name":"Comment","target":["https:\/\/www.estrategiaconcursos.com.br\/blog\/intensivo-de-legislacao-local-procurador-pge-rs\/#respond"]}],"copyrightYear":"2021","copyrightHolder":{"@id":"https:\/\/www.estrategiaconcursos.com.br\/blog\/#organization"}},{"@type":"WebPage","@id":"https:\/\/www.estrategiaconcursos.com.br\/blog\/intensivo-de-legislacao-local-procurador-pge-rs\/","url":"https:\/\/www.estrategiaconcursos.com.br\/blog\/intensivo-de-legislacao-local-procurador-pge-rs\/","name":"Intensivo de Legisla\u00e7\u00e3o Local Procurador PGE RS: a partir de hoje!","isPartOf":{"@id":"https:\/\/www.estrategiaconcursos.com.br\/blog\/#website"},"primaryImageOfPage":{"@id":"https:\/\/www.estrategiaconcursos.com.br\/blog\/intensivo-de-legislacao-local-procurador-pge-rs\/#primaryimage"},"image":{"@id":"https:\/\/www.estrategiaconcursos.com.br\/blog\/intensivo-de-legislacao-local-procurador-pge-rs\/#primaryimage"},"thumbnailUrl":"https:\/\/dhg1h5j42swfq.cloudfront.net\/2021\/09\/10174812\/1280-720-max-2-4.jpg","datePublished":"2021-09-13T22:52:00+00:00","dateModified":"2023-02-01T13:28:30+00:00","description":"Entre os dias 13 e 24 de setembro, ocorrer\u00e1, ao vivo e gratuitamente, o Intensivo de Legisla\u00e7\u00e3o Local Procurador PGE RS do Estrat\u00e9gia.","breadcrumb":{"@id":"https:\/\/www.estrategiaconcursos.com.br\/blog\/intensivo-de-legislacao-local-procurador-pge-rs\/#breadcrumb"},"inLanguage":"pt-BR","potentialAction":[{"@type":"ReadAction","target":["https:\/\/www.estrategiaconcursos.com.br\/blog\/intensivo-de-legislacao-local-procurador-pge-rs\/"]}]},{"@type":"ImageObject","inLanguage":"pt-BR","@id":"https:\/\/www.estrategiaconcursos.com.br\/blog\/intensivo-de-legislacao-local-procurador-pge-rs\/#primaryimage","url":"https:\/\/dhg1h5j42swfq.cloudfront.net\/2021\/09\/10174812\/1280-720-max-2-4.jpg","contentUrl":"https:\/\/dhg1h5j42swfq.cloudfront.net\/2021\/09\/10174812\/1280-720-max-2-4.jpg","width":1280,"height":720,"caption":"Intensivo de Legisla\u00e7\u00e3o Local Procurador"},{"@type":"BreadcrumbList","@id":"https:\/\/www.estrategiaconcursos.com.br\/blog\/intensivo-de-legislacao-local-procurador-pge-rs\/#breadcrumb","itemListElement":[{"@type":"ListItem","position":1,"name":"In\u00edcio","item":"https:\/\/www.estrategiaconcursos.com.br\/blog\/"},{"@type":"ListItem","position":2,"name":"Intensivo de Legisla\u00e7\u00e3o Local Procurador PGE RS: a partir de hoje!"}]},{"@type":"WebSite","@id":"https:\/\/www.estrategiaconcursos.com.br\/blog\/#website","url":"https:\/\/www.estrategiaconcursos.com.br\/blog\/","name":"Estrat\u00e9gia Concursos","description":"O blog da Estrat\u00e9gia Concursos traz not\u00edcias sobre concursos e artigos de professores oferecendo cursos para concursos (pdf + videaulas) no site.","publisher":{"@id":"https:\/\/www.estrategiaconcursos.com.br\/blog\/#organization"},"potentialAction":[{"@type":"SearchAction","target":{"@type":"EntryPoint","urlTemplate":"https:\/\/www.estrategiaconcursos.com.br\/blog\/?s={search_term_string}"},"query-input":{"@type":"PropertyValueSpecification","valueRequired":true,"valueName":"search_term_string"}}],"inLanguage":"pt-BR"},{"@type":"Organization","@id":"https:\/\/www.estrategiaconcursos.com.br\/blog\/#organization","name":"Estrat\u00e9gia Concursos","url":"https:\/\/www.estrategiaconcursos.com.br\/blog\/","logo":{"@type":"ImageObject","inLanguage":"pt-BR","@id":"https:\/\/www.estrategiaconcursos.com.br\/blog\/#\/schema\/logo\/image\/","url":"https:\/\/dhg1h5j42swfq.cloudfront.net\/2025\/06\/03203428\/logo_concursos-1.jpg","contentUrl":"https:\/\/dhg1h5j42swfq.cloudfront.net\/2025\/06\/03203428\/logo_concursos-1.jpg","width":230,"height":60,"caption":"Estrat\u00e9gia Concursos"},"image":{"@id":"https:\/\/www.estrategiaconcursos.com.br\/blog\/#\/schema\/logo\/image\/"},"sameAs":["https:\/\/x.com\/EstratConcursos"]},{"@type":"Person","@id":"https:\/\/www.estrategiaconcursos.com.br\/blog\/#\/schema\/person\/024d26d5efb06d95dfc04025d7301591","name":"Igor Maciel","image":{"@type":"ImageObject","inLanguage":"pt-BR","@id":"https:\/\/secure.gravatar.com\/avatar\/e983a676af6facf4aebcb2989d49e3bf61b718712d5e7a4b3f355b7fe651bc2f?s=96&d=mm&r=g","url":"https:\/\/secure.gravatar.com\/avatar\/e983a676af6facf4aebcb2989d49e3bf61b718712d5e7a4b3f355b7fe651bc2f?s=96&d=mm&r=g","contentUrl":"https:\/\/secure.gravatar.com\/avatar\/e983a676af6facf4aebcb2989d49e3bf61b718712d5e7a4b3f355b7fe651bc2f?s=96&d=mm&r=g","caption":"Igor Maciel"},"description":"Graduado na Universidade Federal de Pernambuco, com extens\u00e3o na Universidade de Coimbra\/Portugal. Especialista LLM em Direito Corporativo pelo IBMEC\/RJ. Mestrando em Direito e Pol\u00edticas P\u00fablicas pelo UNICEUB\/DF. Advogado com atua\u00e7\u00e3o profissional centrada no Direito Tribut\u00e1rio e no Direito Administrativo, especialmente na defesa de servidores p\u00fablicos.","sameAs":["http:\/\/www.imaciel.com.br","https:\/\/www.facebook.com\/igor.maciel.1420"],"url":"https:\/\/www.estrategiaconcursos.com.br\/blog\/author\/contatoimaciel-com-br\/"}]}},"_links":{"self":[{"href":"https:\/\/www.estrategiaconcursos.com.br\/blog\/wp-json\/wp\/v2\/posts\/858865","targetHints":{"allow":["GET"]}}],"collection":[{"href":"https:\/\/www.estrategiaconcursos.com.br\/blog\/wp-json\/wp\/v2\/posts"}],"about":[{"href":"https:\/\/www.estrategiaconcursos.com.br\/blog\/wp-json\/wp\/v2\/types\/post"}],"author":[{"embeddable":true,"href":"https:\/\/www.estrategiaconcursos.com.br\/blog\/wp-json\/wp\/v2\/users\/317"}],"replies":[{"embeddable":true,"href":"https:\/\/www.estrategiaconcursos.com.br\/blog\/wp-json\/wp\/v2\/comments?post=858865"}],"version-history":[{"count":7,"href":"https:\/\/www.estrategiaconcursos.com.br\/blog\/wp-json\/wp\/v2\/posts\/858865\/revisions"}],"predecessor-version":[{"id":1162684,"href":"https:\/\/www.estrategiaconcursos.com.br\/blog\/wp-json\/wp\/v2\/posts\/858865\/revisions\/1162684"}],"wp:featuredmedia":[{"embeddable":true,"href":"https:\/\/www.estrategiaconcursos.com.br\/blog\/wp-json\/wp\/v2\/media\/858867"}],"wp:attachment":[{"href":"https:\/\/www.estrategiaconcursos.com.br\/blog\/wp-json\/wp\/v2\/media?parent=858865"}],"wp:term":[{"taxonomy":"category","embeddable":true,"href":"https:\/\/www.estrategiaconcursos.com.br\/blog\/wp-json\/wp\/v2\/categories?post=858865"},{"taxonomy":"post_tag","embeddable":true,"href":"https:\/\/www.estrategiaconcursos.com.br\/blog\/wp-json\/wp\/v2\/tags?post=858865"},{"taxonomy":"tax_estado","embeddable":true,"href":"https:\/\/www.estrategiaconcursos.com.br\/blog\/wp-json\/wp\/v2\/tax_estado?post=858865"}],"curies":[{"name":"wp","href":"https:\/\/api.w.org\/{rel}","templated":true}]}}