{"id":858381,"date":"2021-09-10T13:04:03","date_gmt":"2021-09-10T16:04:03","guid":{"rendered":"https:\/\/www.estrategiaconcursos.com.br\/blog\/?p=858381"},"modified":"2021-09-10T19:09:44","modified_gmt":"2021-09-10T22:09:44","slug":"concurso-sema-ce","status":"publish","type":"post","link":"https:\/\/www.estrategiaconcursos.com.br\/blog\/concurso-sema-ce\/","title":{"rendered":"Concurso SEMA CE: EDITAL publicado com 20 vagas!"},"content":{"rendered":"\n<p>Aten\u00e7\u00e3o, candidatos! Foi publicado o edital do processo seletivo simplificado da <strong>Secretaria de Meio Ambiente do Cear\u00e1 (concurso SEMA CE)<\/strong>. <\/p>\n\n\n\n<p>Conforme o documento, s\u00e3o ofertadas 20 vagas tempor\u00e1rias para o cargo de Brigadista de Preven\u00e7\u00e3o e Combate a Inc\u00eandios Florestais para atender o Sistema Estadual de Meio Ambiente do Cear\u00e1 e Unidades de Conserva\u00e7\u00e3o Estaduais, no desempenho de atividades de Preven\u00e7\u00e3o, Monitoramento e Combate aos Inc\u00eandios Florestais do PREVINA.<\/p>\n\n\n\n<p>Os interessados em participar da sele\u00e7\u00e3o devem realizar as inscri\u00e7\u00f5es no per\u00edodo de 10 a 16 de setembro, no site da pr\u00f3pria secret\u00e1ria. <\/p>\n\n\n\n<ul class=\"has-very-light-gray-to-cyan-bluish-gray-gradient-background has-background wp-block-list\"><li><strong>Concurso SEMA CE<\/strong><\/li><li><strong>Cargo<\/strong>: Brigadista de Preven\u00e7\u00e3o e Combate a Inc\u00eandios Florestais<\/li><li><strong>Status:<\/strong> Edital publicado<\/li><li><strong>Vagas:<\/strong> 20<\/li><li><strong>Sal\u00e1rio inicial:<\/strong> R$ 1.100,00<\/li><\/ul>\n\n\n\n<p>A fim de te deixar sempre bem informado, elaboramos este artigo com as principais informa\u00e7\u00f5es e novidades sobre o concurso SEMA CE. Acompanhe os t\u00f3picos abaixo e n\u00e3o perca nenhum detalhe:<\/p>\n\n\n\n<ul class=\"wp-block-list\"><li><a href=\"#situacao\">Situa\u00e7\u00e3o atual do concurso<\/a><ul><li><a href=\"#datas\">Principais datas<\/a><\/li><\/ul><\/li><li><a href=\"#cargos-vagas\">Cargos e vagas<\/a><\/li><li><a href=\"#etapas\">Etapas e provas<\/a><ul><li><a href=\"#analise\">An\u00e1lise documental<\/a><\/li><li><a href=\"#testes\">Testes f\u00edsicos<\/a><\/li><li><a href=\"#curso\">Curso de forma\u00e7\u00e3o<\/a><\/li><\/ul><\/li><li><a href=\"#cursos-e-assinaturas\">Cursos e assinaturas<\/a><\/li><li><a href=\"#ficha\">Ficha t\u00e9cnica<\/a><\/li><\/ul>\n\n\n\n<h2 class=\"wp-block-heading\" id=\"situacao\">Situa\u00e7\u00e3o atual do concurso SEMA CE<\/h2>\n\n\n\n<h3 class=\"wp-block-heading\" id=\"datas\">Principais datas<\/h3>\n\n\n\n<p class=\"has-very-light-gray-background-color has-background\"><strong>Inscri\u00e7\u00f5es<\/strong>: 10 a 16 de setembro <br \/><strong>Data<\/strong>: 23 de setembro<\/p>\n\n\n\n<h2 class=\"wp-block-heading\" id=\"cargos-vagas\">Cargos e vagas do concurso SEMA CE <\/h2>\n\n\n\n<h3 class=\"wp-block-heading\" id=\"fundamental\">N\u00edvel fundamental<\/h3>\n\n\n\n<figure class=\"wp-block-table is-style-stripes\"><table class=\"has-background has-fixed-layout\" style=\"background-color:#e7f5fe\"><thead><tr><th class=\"has-text-align-center\" data-align=\"center\">CARGOS<\/th><th class=\"has-text-align-center\" data-align=\"center\">VAGAS<\/th><th class=\"has-text-align-center\" data-align=\"center\">SAL\u00c1RIO<\/th><\/tr><\/thead><tbody><tr><td class=\"has-text-align-center\" data-align=\"center\"> Brigadista de Preven\u00e7\u00e3o e Combate a Inc\u00eandios Florestais <\/td><td class=\"has-text-align-center\" data-align=\"center\">20<\/td><td class=\"has-text-align-center\" data-align=\"center\"> R$ 1.100,00 <\/td><\/tr><\/tbody><\/table><\/figure>\n\n\n\n<h3 class=\"wp-block-heading\">Requisitos<\/h3>\n\n\n\n<ul class=\"wp-block-list\"><li>Ensino Fundamental Completo;<\/li><li>Ter entre 18 e 59 anos completos, na data da inscri\u00e7\u00e3o;<\/li><li>Ser brasileiro nato ou naturalizado;<\/li><li>Estar em dia com suas obriga\u00e7\u00f5es eleitorais;<\/li><li>Estar em dia com suas obriga\u00e7\u00f5es militares (para os candidatos do sexo masculino).<\/li><\/ul>\n\n\n\n<h3 class=\"wp-block-heading\">Atribui\u00e7\u00f5es<\/h3>\n\n\n\n<ul class=\"wp-block-list\"><li>Executar atividades relacionadas ao manejo integrado do fogo, principalmente no per\u00edmetro e no entorno das unidades de conserva\u00e7\u00e3o estaduais, tais como monitoramento, preven\u00e7\u00e3o, prepara\u00e7\u00e3o, combate e uso do fogo, dentre outras;<\/li><li>Realizar a\u00e7\u00f5es de conscientiza\u00e7\u00e3o, orienta\u00e7\u00e3o e educa\u00e7\u00e3o ambiental relacionadas \u00e0s queimadas e inc\u00eandios florestais, para o p\u00fablico em geral e, em especial, \u00e0s comunidades do entorno e situadas nas Unidades de Conserva\u00e7\u00e3o Estaduais;<\/li><li>Realizar atividades de apoio \u00e0 coleta de sementes, produ\u00e7\u00e3o de mudas, recupera\u00e7\u00e3o de \u00e1reas degradadas e de alternativas ao uso do fogo na agropecu\u00e1ria, principalmente no per\u00edmetro e no entorno das unidades de conserva\u00e7\u00e3o estaduais;<\/li><li>Executar tarefas de abertura, constru\u00e7\u00e3o e manuten\u00e7\u00e3o de aceiros, estradas, caminhos e outras atividades que facilitem as a\u00e7\u00f5es de deslocamento da brigada, a conten\u00e7\u00e3o e extin\u00e7\u00e3o de inc\u00eandios florestais;<\/li><li>Apoiar e executar queimadas controladas ou prescritas, sobretudo como atividades preventivas, especialmente com foco nas unidades de conserva\u00e7\u00e3o estaduais;<\/li><li>Realizar atividades de vigil\u00e2ncia e monitoramento, comunicando de imediato a detec\u00e7\u00e3o de inc\u00eandios florestais;<\/li><li>Combater os inc\u00eandios florestais cumprindo as t\u00e9cnicas e procedimentos de seguran\u00e7a;<\/li><li>Realizar outras atividades relacionadas ao tema inc\u00eandio florestal;<\/li><li>Apoiar atividades socioambientais e cient\u00edficas;<\/li><li>Apoiar as atividades final\u00edsticas do Previna\/SEMA;<\/li><li>Atender \u00e0s convoca\u00e7\u00f5es para atividades fora da sua \u00e1rea de lota\u00e7\u00e3o;<\/li><li>Solicitar os refor\u00e7os necess\u00e1rios para o controle dos inc\u00eandios e frentes de fogo sob sua responsabilidade;<\/li><li>Realizar rondas preventivas;<\/li><li>Apoiar queimas controladas autorizadas;<\/li><li>Coletar e sistematizar as informa\u00e7\u00f5es de campo, repassando aos coordenadores e salas da Base do PREVINA;<\/li><li>Auxiliar no preenchimento do Registro de Ocorr\u00eancia de Inc\u00eandios Florestais (ROI);<\/li><li>Conduzir a viatura ou motocicleta destinada aos trabalhos da brigada, desde que possua habilita\u00e7\u00e3o e autoriza\u00e7\u00e3o da SEMA\/PREVINA, zelando pela sua conserva\u00e7\u00e3o e manuten\u00e7\u00e3o;<\/li><\/ul>\n\n\n\n<h2 class=\"wp-block-heading\" id=\"etapas\">Etapas e provas do concurso SEMA CE<\/h2>\n\n\n\n<p>An\u00e1lise Documental, Testes F\u00edsicos (Teste de Aptid\u00e3o F\u00edsica \u2013 TAF e Teste de Habilidades no Uso de Ferramentas Agr\u00edcolas \u2013 THUFA) e Curso de Forma\u00e7\u00e3o, com dura\u00e7\u00e3o de 03 dia.<\/p>\n\n\n\n<h3 class=\"wp-block-heading\" id=\"analise\">An\u00e1lise Documental<\/h3>\n\n\n\n<p>Confira abaixo os documentos exigidos:<\/p>\n\n\n\n<ul class=\"wp-block-list\"><li>Carteira de Identidade, com data de expedi\u00e7\u00e3o;<\/li><li>Cadastro de Pessoas F\u00edsicas \u2013 CPF. Ser\u00e1 aceito o cart\u00e3o do CPF, carteira de identidade, carteira nacional de habilita\u00e7\u00e3o ou outro documento oficial que possua o n\u00famero;<\/li><li>Comprovante de conclus\u00e3o do ensino fundamental;<\/li><li>T\u00edtulo de Eleitor ou Declara\u00e7\u00e3o do TRE onde conste o n\u00famero do t\u00edtulo de eleitor e comprovante da \u00faltima vota\u00e7\u00e3o (nos dois turnos) ou Declara\u00e7\u00e3o de Quita\u00e7\u00e3o Eleitoral;<\/li><li>Certificado de Alistamento Militar, Certificado de Dispensa de Incorpora\u00e7\u00e3o ou Declara\u00e7\u00e3o da Junta de Alistamento do Munic\u00edpio (para candidatos do sexo masculino), comprovando a situa\u00e7\u00e3o regular, exceto para ind\u00edgenas;<\/li><li>Certid\u00e3o de Nascimento, ou Certid\u00e3o de Casamento.<\/li><\/ul>\n\n\n\n<h3 class=\"wp-block-heading\" id=\"testes\">Testes F\u00edsicos<\/h3>\n\n\n\n<p>O Teste de Aptid\u00e3o F\u00edsica \u2013 TAF e o Teste de Habilidades no Uso de Ferramentas Agr\u00edcolas -THUFA ser\u00e3o realizados de 08h \u00e0s 12h e 13h \u00e0s 17h, em local a ser disponibilizado no site www.sema.ce.gov.br\/brigadistas2021 momento em que o candidato dever\u00e1 apresentar Atestado M\u00e9dico comprovando estar apto a realizar atividades f\u00edsicas.<\/p>\n\n\n\n<p>Os testes TAF e THUFA, de presen\u00e7a obrigat\u00f3ria e car\u00e1ter eliminat\u00f3rio e classificat\u00f3rio, respectivamente, ser\u00e3o realizados por uma equipe de servidores e\/ou instrutores da Secretaria do Meio Ambiente &#8211; SEMA\/Instituto Brasileiro do Meio Ambiente e dos Recursos Naturais Renov\u00e1veis- IBAMA\/Guarda Municipal de Fortaleza \u2013 GMF e visa avaliar a capacidade do candidato para o desempenho das atribui\u00e7\u00f5es referentes \u00e0s fun\u00e7\u00f5es de Brigadista.<\/p>\n\n\n\n<h3 class=\"wp-block-heading\" id=\"curso\">Curso do Forma\u00e7\u00e3o<\/h3>\n\n\n\n<p>O curso de forma\u00e7\u00e3o contar\u00e1 com aulas te\u00f3ricas e pr\u00e1ticas e seguir\u00e1 o conte\u00fado constante no Manual do Brigadista do Previna\/SEMA. Os candidatos que obtiverem a maior pontua\u00e7\u00e3o no Curso de Forma\u00e7\u00e3o ocupar\u00e3o as 20 vagas destinadas \u00e0 contrata\u00e7\u00e3o imediata. Os demais compor\u00e3o cadastro de reserva.<\/p>\n\n\n\n<h2 class=\"has-text-align-center wp-block-heading\" id=\"cursos-e-assinaturas\">Quer estudar para o concurso SEMA CE?<\/h2>\n\n\n\n<div class=\"container\" id=\"boxes\">\n  <div class=\"row\">\n\n    <div class=\"col-sm\">\n      <div class=\"banner-policial\" id=\"box-assinatura\">\n        <h3 class=\"titulo-assinatura\">Concurso SEMA CE<\/h3>\n        <p class=\"subtitulo-assinatura\">Conhe\u00e7a os cursos<\/p>\n        <div class=\"box-botao\">\n          <a class=\"btn-assinatura\" target=\"_blank\" href=\"https:\/\/www.estrategiaconcursos.com.br\/cursosPorConcurso\/\" role=\"button\" rel=\"noopener noreferrer\">Saiba mais<\/a>\n        <\/div>\n      <\/div>\n     \n    <\/div>\n\n  <\/div>\n<\/div>\n\n\n\n<div class=\"container\" id=\"boxes\">\n  <div class=\"row\">\n\n    <div class=\"col-sm\">\n      <div class=\"estrategia\" id=\"box-assinatura\">\n        <h3 class=\"titulo-assinatura\">Assinatura de Concursos<\/h3>\n        <p class=\"subtitulo-assinatura\">Assinatura de 1 ano ou 2 anos<\/p>\n        <div class=\"box-botao\">\n          <a class=\"btn-assinatura\" target=\"_blank\" href=\"https:\/\/www.estrategiaconcursos.com.br\/assinaturas\/\" role=\"button\" rel=\"noopener noreferrer\">ASSINE AGORA<\/a>\n        <\/div>\n      <\/div>\n     \n  \n        <div class=\"box-botao\">\n          <a class=\"btn-assinatura\" target=\"_blank\" href=\"https:\/\/questoes.estrategiaconcursos.com.br\/\" role=\"button\" rel=\"noopener noreferrer\">ASSINE AGORA<\/a>\n        <\/div>\n      <\/div>\n    \n    <\/div>\n  <\/div>\n\n\n\n<div class=\"container\" id=\"boxes\">\n  <div class=\"row\">\n\n    <div class=\"col-sm\" id=\"boxes-concursos\">\n      <div style=\"background-color: #005DAD;\" class=\"conteudo-concursos\" id=\"box-concursos\">\n        <h3 class=\"titulo-assinatura\">Concursos Abertos<\/h3>\n        <p class=\"subtitulo-assinatura\">Os editais publicados<\/p>\n        <div class=\"box-botao\">\n          <a class=\"btn-assinatura\" target=\"_blank\" href=\"https:\/\/www.estrategiaconcursos.com.br\/blog\/concursos-abertos\/\" role=\"button\" rel=\"noopener noreferrer\">Conhe\u00e7a Agora<\/a>\n        <\/div>\n      <\/div>\n    <\/div>\n\n   <\/div>\n<\/div>\n    <div class=\"col-sm\" id=\"boxes-concursos\">\n      <div style=\"background-color: #1A7ED5;\" class=\"conteudo-concursos\" id=\"box-concursos\">\n        <h3 class=\"titulo-assinatura\">Concursos 2021<\/h3>\n        <p class=\"subtitulo-assinatura\">As oportunidades previstas<\/p>\n        <div class=\"box-botao\">\n          <a class=\"btn-assinatura\" target=\"_blank\" href=\"https:\/\/www.estrategiaconcursos.com.br\/blog\/concursos-2021\/\" role=\"button\" rel=\"noopener noreferrer\">Conhe\u00e7a Agora<\/a>\n        <\/div>\n      <\/div>\n    <\/div>\n\n    <div class=\"col-sm\" id=\"boxes-concursos\">\n      <div style=\"background-color: #419FF0;\" class=\"conteudo-concursos\" id=\"box-concursos\">\n        <h3 class=\"titulo-assinatura\">Concursos 2022<\/h3>\n        <p class=\"subtitulo-assinatura\">Vagas para o pr\u00f3ximo ano<\/p>\n        <div class=\"box-botao\">\n          <a class=\"btn-assinatura\" target=\"_blank\" href=\"https:\/\/www.estrategiaconcursos.com.br\/blog\/concursos-2022\/\" role=\"button\" rel=\"noopener noreferrer\">Conhe\u00e7a Agora<\/a>\n        <\/div>\n      <\/div>\n    <\/div>\n\n\n\n<figure class=\"wp-block-image size-large is-resized\"><img loading=\"lazy\" decoding=\"async\" src=\"https:\/\/dhg1h5j42swfq.cloudfront.net\/2021\/08\/03114407\/ficha-tecnica-2-1024x632.png\" alt=\"\u2666Ficha t\u00e9cnica do Concurso SEMA CE\" class=\"wp-image-827694\" width=\"271\" height=\"167\" srcset=\"https:\/\/dhg1h5j42swfq.cloudfront.net\/2021\/08\/03114407\/ficha-tecnica-2-1024x632.png 1024w, https:\/\/dhg1h5j42swfq.cloudfront.net\/2021\/08\/03114407\/ficha-tecnica-2-300x185.png 300w, https:\/\/dhg1h5j42swfq.cloudfront.net\/2021\/08\/03114407\/ficha-tecnica-2-768x474.png 768w, https:\/\/dhg1h5j42swfq.cloudfront.net\/2021\/08\/03114407\/ficha-tecnica-2-1536x948.png 1536w, https:\/\/dhg1h5j42swfq.cloudfront.net\/2021\/08\/03114407\/ficha-tecnica-2-610x377.png 610w, https:\/\/dhg1h5j42swfq.cloudfront.net\/2021\/08\/03114407\/ficha-tecnica-2.png 1571w\" sizes=\"auto, (max-width: 271px) 100vw, 271px\" \/><\/figure>\n\n\n\n<h3 class=\"wp-block-heading\" id=\"ficha\">\u2666Ficha t\u00e9cnica do Concurso SEMA CE<\/h3>\n\n\n\n<p id=\"ficha\">\u25ba<strong>Data<\/strong>: 23 de setembro <br \/>\u25ba<strong>Vagas<\/strong>: 20<br \/>\u25ba<strong>Lota\u00e7\u00f5es<\/strong>: Fortaleza<br \/>\u25ba<strong>Remunera\u00e7\u00e3o inicial<\/strong>: R$ 1.100,00<br \/>\u25ba<strong>Escolaridade<\/strong>: n\u00edvel fundamental<br \/>\u25ba<strong>Edital<\/strong>: <a href=\"https:\/\/dhg1h5j42swfq.cloudfront.net\/2021\/09\/10125507\/sema-ce.pdf\" target=\"_blank\" rel=\"noreferrer noopener nofollow\">Edital SEMA CE<\/a><\/p>\n","protected":false},"excerpt":{"rendered":"<p>Aten\u00e7\u00e3o, candidatos! Foi publicado o edital do processo seletivo simplificado da Secretaria de Meio Ambiente do Cear\u00e1 (concurso SEMA CE). Conforme o documento, s\u00e3o ofertadas 20 vagas tempor\u00e1rias para o cargo de Brigadista de Preven\u00e7\u00e3o e Combate a Inc\u00eandios Florestais para atender o Sistema Estadual de Meio Ambiente do Cear\u00e1 e Unidades de Conserva\u00e7\u00e3o Estaduais, [&hellip;]<\/p>\n","protected":false},"author":1,"featured_media":703469,"comment_status":"open","ping_status":"closed","sticky":false,"template":"","format":"standard","meta":{"post_tipo":"news_page","footnotes":""},"categories":[220187],"tags":[],"tax_estado":[219969],"class_list":["post-858381","post","type-post","status-publish","format-standard","has-post-thumbnail","hentry","category-policial-pracas","tax_estado-ce"],"acf":[],"yoast_head":"<!-- This site is optimized with the Yoast SEO Premium plugin v27.2 (Yoast SEO v27.2) - https:\/\/yoast.com\/product\/yoast-seo-premium-wordpress\/ -->\n<title>Concurso SEMA CE: EDITAL publicado com 20 vagas!<\/title>\n<meta name=\"description\" content=\"Foi publicado o edital do processo seletivo simplificado da Secretaria de Meio Ambiente do Cear\u00e1 (concurso SEMA CE). Confira!\" \/>\n<meta name=\"robots\" content=\"index, follow, max-snippet:-1, max-image-preview:large, max-video-preview:-1\" \/>\n<link rel=\"canonical\" href=\"https:\/\/www.estrategiaconcursos.com.br\/blog\/concurso-sema-ce\/\" \/>\n<meta property=\"og:locale\" content=\"pt_BR\" \/>\n<meta property=\"og:type\" content=\"article\" \/>\n<meta property=\"og:title\" content=\"Concurso SEMA CE: EDITAL publicado com 20 vagas!\" \/>\n<meta property=\"og:description\" content=\"Foi publicado o edital do processo seletivo simplificado da Secretaria de Meio Ambiente do Cear\u00e1 (concurso SEMA CE). Confira!\" \/>\n<meta property=\"og:url\" content=\"https:\/\/www.estrategiaconcursos.com.br\/blog\/concurso-sema-ce\/\" \/>\n<meta property=\"og:site_name\" content=\"Estrat\u00e9gia Concursos\" \/>\n<meta property=\"article:author\" content=\"https:\/\/www.facebook.com\/EstrategiaConcursos\" \/>\n<meta property=\"article:published_time\" content=\"2021-09-10T16:04:03+00:00\" \/>\n<meta property=\"article:modified_time\" content=\"2021-09-10T22:09:44+00:00\" \/>\n<meta property=\"og:image\" content=\"https:\/\/dhg1h5j42swfq.cloudfront.net\/2021\/03\/29143931\/19.jpg\" \/>\n\t<meta property=\"og:image:width\" content=\"1200\" \/>\n\t<meta property=\"og:image:height\" content=\"628\" \/>\n\t<meta property=\"og:image:type\" content=\"image\/jpeg\" \/>\n<meta name=\"author\" content=\"Coordena\u00e7\u00e3o\" \/>\n<meta name=\"twitter:card\" content=\"summary_large_image\" \/>\n<meta name=\"twitter:creator\" content=\"@EstratConcursos\" \/>\n<meta name=\"twitter:site\" content=\"@EstratConcursos\" \/>\n<meta name=\"twitter:label1\" content=\"Escrito por\" \/>\n\t<meta name=\"twitter:data1\" content=\"Coordena\u00e7\u00e3o\" \/>\n\t<meta name=\"twitter:label2\" content=\"Est. tempo de leitura\" \/>\n\t<meta name=\"twitter:data2\" content=\"5 minutos\" \/>\n<script type=\"application\/ld+json\" class=\"yoast-schema-graph\">{\"@context\":\"https:\/\/schema.org\",\"@graph\":[{\"@type\":\"NewsArticle\",\"@id\":\"https:\/\/www.estrategiaconcursos.com.br\/blog\/concurso-sema-ce\/#article\",\"isPartOf\":{\"@id\":\"https:\/\/www.estrategiaconcursos.com.br\/blog\/concurso-sema-ce\/\"},\"author\":{\"name\":\"Coordena\u00e7\u00e3o\",\"@id\":\"https:\/\/www.estrategiaconcursos.com.br\/blog\/#\/schema\/person\/b4a388c97673c5f483d72185668afa1f\"},\"headline\":\"Concurso SEMA CE: EDITAL publicado com 20 vagas!\",\"datePublished\":\"2021-09-10T16:04:03+00:00\",\"dateModified\":\"2021-09-10T22:09:44+00:00\",\"mainEntityOfPage\":{\"@id\":\"https:\/\/www.estrategiaconcursos.com.br\/blog\/concurso-sema-ce\/\"},\"wordCount\":1047,\"commentCount\":0,\"publisher\":{\"@id\":\"https:\/\/www.estrategiaconcursos.com.br\/blog\/#organization\"},\"image\":{\"@id\":\"https:\/\/www.estrategiaconcursos.com.br\/blog\/concurso-sema-ce\/#primaryimage\"},\"thumbnailUrl\":\"https:\/\/dhg1h5j42swfq.cloudfront.net\/2021\/03\/29143931\/19.jpg\",\"articleSection\":[\"Policial (PM\/BM - Pra\u00e7as)\"],\"inLanguage\":\"pt-BR\",\"potentialAction\":[{\"@type\":\"CommentAction\",\"name\":\"Comment\",\"target\":[\"https:\/\/www.estrategiaconcursos.com.br\/blog\/concurso-sema-ce\/#respond\"]}],\"copyrightYear\":\"2021\",\"copyrightHolder\":{\"@id\":\"https:\/\/www.estrategiaconcursos.com.br\/blog\/#organization\"}},{\"@type\":\"WebPage\",\"@id\":\"https:\/\/www.estrategiaconcursos.com.br\/blog\/concurso-sema-ce\/\",\"url\":\"https:\/\/www.estrategiaconcursos.com.br\/blog\/concurso-sema-ce\/\",\"name\":\"Concurso SEMA CE: EDITAL publicado com 20 vagas!\",\"isPartOf\":{\"@id\":\"https:\/\/www.estrategiaconcursos.com.br\/blog\/#website\"},\"primaryImageOfPage\":{\"@id\":\"https:\/\/www.estrategiaconcursos.com.br\/blog\/concurso-sema-ce\/#primaryimage\"},\"image\":{\"@id\":\"https:\/\/www.estrategiaconcursos.com.br\/blog\/concurso-sema-ce\/#primaryimage\"},\"thumbnailUrl\":\"https:\/\/dhg1h5j42swfq.cloudfront.net\/2021\/03\/29143931\/19.jpg\",\"datePublished\":\"2021-09-10T16:04:03+00:00\",\"dateModified\":\"2021-09-10T22:09:44+00:00\",\"description\":\"Foi publicado o edital do processo seletivo simplificado da Secretaria de Meio Ambiente do Cear\u00e1 (concurso SEMA CE). Confira!\",\"breadcrumb\":{\"@id\":\"https:\/\/www.estrategiaconcursos.com.br\/blog\/concurso-sema-ce\/#breadcrumb\"},\"inLanguage\":\"pt-BR\",\"potentialAction\":[{\"@type\":\"ReadAction\",\"target\":[\"https:\/\/www.estrategiaconcursos.com.br\/blog\/concurso-sema-ce\/\"]}]},{\"@type\":\"ImageObject\",\"inLanguage\":\"pt-BR\",\"@id\":\"https:\/\/www.estrategiaconcursos.com.br\/blog\/concurso-sema-ce\/#primaryimage\",\"url\":\"https:\/\/dhg1h5j42swfq.cloudfront.net\/2021\/03\/29143931\/19.jpg\",\"contentUrl\":\"https:\/\/dhg1h5j42swfq.cloudfront.net\/2021\/03\/29143931\/19.jpg\",\"width\":1200,\"height\":628,\"caption\":\"concurso Semace revis\u00e3o de v\u00e9spera\"},{\"@type\":\"BreadcrumbList\",\"@id\":\"https:\/\/www.estrategiaconcursos.com.br\/blog\/concurso-sema-ce\/#breadcrumb\",\"itemListElement\":[{\"@type\":\"ListItem\",\"position\":1,\"name\":\"In\u00edcio\",\"item\":\"https:\/\/www.estrategiaconcursos.com.br\/blog\/\"},{\"@type\":\"ListItem\",\"position\":2,\"name\":\"Concurso SEMA CE: EDITAL publicado com 20 vagas!\"}]},{\"@type\":\"WebSite\",\"@id\":\"https:\/\/www.estrategiaconcursos.com.br\/blog\/#website\",\"url\":\"https:\/\/www.estrategiaconcursos.com.br\/blog\/\",\"name\":\"Estrat\u00e9gia Concursos\",\"description\":\"O blog da Estrat\u00e9gia Concursos traz not\u00edcias sobre concursos e artigos de professores oferecendo cursos para concursos (pdf + videaulas) no site.\",\"publisher\":{\"@id\":\"https:\/\/www.estrategiaconcursos.com.br\/blog\/#organization\"},\"potentialAction\":[{\"@type\":\"SearchAction\",\"target\":{\"@type\":\"EntryPoint\",\"urlTemplate\":\"https:\/\/www.estrategiaconcursos.com.br\/blog\/?s={search_term_string}\"},\"query-input\":{\"@type\":\"PropertyValueSpecification\",\"valueRequired\":true,\"valueName\":\"search_term_string\"}}],\"inLanguage\":\"pt-BR\"},{\"@type\":\"Organization\",\"@id\":\"https:\/\/www.estrategiaconcursos.com.br\/blog\/#organization\",\"name\":\"Estrat\u00e9gia Concursos\",\"url\":\"https:\/\/www.estrategiaconcursos.com.br\/blog\/\",\"logo\":{\"@type\":\"ImageObject\",\"inLanguage\":\"pt-BR\",\"@id\":\"https:\/\/www.estrategiaconcursos.com.br\/blog\/#\/schema\/logo\/image\/\",\"url\":\"https:\/\/dhg1h5j42swfq.cloudfront.net\/2025\/06\/03203428\/logo_concursos-1.jpg\",\"contentUrl\":\"https:\/\/dhg1h5j42swfq.cloudfront.net\/2025\/06\/03203428\/logo_concursos-1.jpg\",\"width\":230,\"height\":60,\"caption\":\"Estrat\u00e9gia Concursos\"},\"image\":{\"@id\":\"https:\/\/www.estrategiaconcursos.com.br\/blog\/#\/schema\/logo\/image\/\"},\"sameAs\":[\"https:\/\/x.com\/EstratConcursos\"]},{\"@type\":\"Person\",\"@id\":\"https:\/\/www.estrategiaconcursos.com.br\/blog\/#\/schema\/person\/b4a388c97673c5f483d72185668afa1f\",\"name\":\"Coordena\u00e7\u00e3o\",\"image\":{\"@type\":\"ImageObject\",\"inLanguage\":\"pt-BR\",\"@id\":\"https:\/\/secure.gravatar.com\/avatar\/b720319e4c9a967eb58678d110f4fe35452fc5d5f97b202bac7b8acceb18c6ad?s=96&d=mm&r=g\",\"url\":\"https:\/\/secure.gravatar.com\/avatar\/b720319e4c9a967eb58678d110f4fe35452fc5d5f97b202bac7b8acceb18c6ad?s=96&d=mm&r=g\",\"contentUrl\":\"https:\/\/secure.gravatar.com\/avatar\/b720319e4c9a967eb58678d110f4fe35452fc5d5f97b202bac7b8acceb18c6ad?s=96&d=mm&r=g\",\"caption\":\"Coordena\u00e7\u00e3o\"},\"sameAs\":[\"https:\/\/www.facebook.com\/EstrategiaConcursos\",\"https:\/\/x.com\/EstratConcursos\"],\"url\":\"https:\/\/www.estrategiaconcursos.com.br\/blog\/author\/estrategia2013\/\"}]}<\/script>\n<!-- \/ Yoast SEO Premium plugin. -->","yoast_head_json":{"title":"Concurso SEMA CE: EDITAL publicado com 20 vagas!","description":"Foi publicado o edital do processo seletivo simplificado da Secretaria de Meio Ambiente do Cear\u00e1 (concurso SEMA CE). Confira!","robots":{"index":"index","follow":"follow","max-snippet":"max-snippet:-1","max-image-preview":"max-image-preview:large","max-video-preview":"max-video-preview:-1"},"canonical":"https:\/\/www.estrategiaconcursos.com.br\/blog\/concurso-sema-ce\/","og_locale":"pt_BR","og_type":"article","og_title":"Concurso SEMA CE: EDITAL publicado com 20 vagas!","og_description":"Foi publicado o edital do processo seletivo simplificado da Secretaria de Meio Ambiente do Cear\u00e1 (concurso SEMA CE). Confira!","og_url":"https:\/\/www.estrategiaconcursos.com.br\/blog\/concurso-sema-ce\/","og_site_name":"Estrat\u00e9gia Concursos","article_author":"https:\/\/www.facebook.com\/EstrategiaConcursos","article_published_time":"2021-09-10T16:04:03+00:00","article_modified_time":"2021-09-10T22:09:44+00:00","og_image":[{"width":1200,"height":628,"url":"https:\/\/dhg1h5j42swfq.cloudfront.net\/2021\/03\/29143931\/19.jpg","type":"image\/jpeg"}],"author":"Coordena\u00e7\u00e3o","twitter_card":"summary_large_image","twitter_creator":"@EstratConcursos","twitter_site":"@EstratConcursos","twitter_misc":{"Escrito por":"Coordena\u00e7\u00e3o","Est. tempo de leitura":"5 minutos"},"schema":{"@context":"https:\/\/schema.org","@graph":[{"@type":"NewsArticle","@id":"https:\/\/www.estrategiaconcursos.com.br\/blog\/concurso-sema-ce\/#article","isPartOf":{"@id":"https:\/\/www.estrategiaconcursos.com.br\/blog\/concurso-sema-ce\/"},"author":{"name":"Coordena\u00e7\u00e3o","@id":"https:\/\/www.estrategiaconcursos.com.br\/blog\/#\/schema\/person\/b4a388c97673c5f483d72185668afa1f"},"headline":"Concurso SEMA CE: EDITAL publicado com 20 vagas!","datePublished":"2021-09-10T16:04:03+00:00","dateModified":"2021-09-10T22:09:44+00:00","mainEntityOfPage":{"@id":"https:\/\/www.estrategiaconcursos.com.br\/blog\/concurso-sema-ce\/"},"wordCount":1047,"commentCount":0,"publisher":{"@id":"https:\/\/www.estrategiaconcursos.com.br\/blog\/#organization"},"image":{"@id":"https:\/\/www.estrategiaconcursos.com.br\/blog\/concurso-sema-ce\/#primaryimage"},"thumbnailUrl":"https:\/\/dhg1h5j42swfq.cloudfront.net\/2021\/03\/29143931\/19.jpg","articleSection":["Policial (PM\/BM - Pra\u00e7as)"],"inLanguage":"pt-BR","potentialAction":[{"@type":"CommentAction","name":"Comment","target":["https:\/\/www.estrategiaconcursos.com.br\/blog\/concurso-sema-ce\/#respond"]}],"copyrightYear":"2021","copyrightHolder":{"@id":"https:\/\/www.estrategiaconcursos.com.br\/blog\/#organization"}},{"@type":"WebPage","@id":"https:\/\/www.estrategiaconcursos.com.br\/blog\/concurso-sema-ce\/","url":"https:\/\/www.estrategiaconcursos.com.br\/blog\/concurso-sema-ce\/","name":"Concurso SEMA CE: EDITAL publicado com 20 vagas!","isPartOf":{"@id":"https:\/\/www.estrategiaconcursos.com.br\/blog\/#website"},"primaryImageOfPage":{"@id":"https:\/\/www.estrategiaconcursos.com.br\/blog\/concurso-sema-ce\/#primaryimage"},"image":{"@id":"https:\/\/www.estrategiaconcursos.com.br\/blog\/concurso-sema-ce\/#primaryimage"},"thumbnailUrl":"https:\/\/dhg1h5j42swfq.cloudfront.net\/2021\/03\/29143931\/19.jpg","datePublished":"2021-09-10T16:04:03+00:00","dateModified":"2021-09-10T22:09:44+00:00","description":"Foi publicado o edital do processo seletivo simplificado da Secretaria de Meio Ambiente do Cear\u00e1 (concurso SEMA CE). Confira!","breadcrumb":{"@id":"https:\/\/www.estrategiaconcursos.com.br\/blog\/concurso-sema-ce\/#breadcrumb"},"inLanguage":"pt-BR","potentialAction":[{"@type":"ReadAction","target":["https:\/\/www.estrategiaconcursos.com.br\/blog\/concurso-sema-ce\/"]}]},{"@type":"ImageObject","inLanguage":"pt-BR","@id":"https:\/\/www.estrategiaconcursos.com.br\/blog\/concurso-sema-ce\/#primaryimage","url":"https:\/\/dhg1h5j42swfq.cloudfront.net\/2021\/03\/29143931\/19.jpg","contentUrl":"https:\/\/dhg1h5j42swfq.cloudfront.net\/2021\/03\/29143931\/19.jpg","width":1200,"height":628,"caption":"concurso Semace revis\u00e3o de v\u00e9spera"},{"@type":"BreadcrumbList","@id":"https:\/\/www.estrategiaconcursos.com.br\/blog\/concurso-sema-ce\/#breadcrumb","itemListElement":[{"@type":"ListItem","position":1,"name":"In\u00edcio","item":"https:\/\/www.estrategiaconcursos.com.br\/blog\/"},{"@type":"ListItem","position":2,"name":"Concurso SEMA CE: EDITAL publicado com 20 vagas!"}]},{"@type":"WebSite","@id":"https:\/\/www.estrategiaconcursos.com.br\/blog\/#website","url":"https:\/\/www.estrategiaconcursos.com.br\/blog\/","name":"Estrat\u00e9gia Concursos","description":"O blog da Estrat\u00e9gia Concursos traz not\u00edcias sobre concursos e artigos de professores oferecendo cursos para concursos (pdf + videaulas) no site.","publisher":{"@id":"https:\/\/www.estrategiaconcursos.com.br\/blog\/#organization"},"potentialAction":[{"@type":"SearchAction","target":{"@type":"EntryPoint","urlTemplate":"https:\/\/www.estrategiaconcursos.com.br\/blog\/?s={search_term_string}"},"query-input":{"@type":"PropertyValueSpecification","valueRequired":true,"valueName":"search_term_string"}}],"inLanguage":"pt-BR"},{"@type":"Organization","@id":"https:\/\/www.estrategiaconcursos.com.br\/blog\/#organization","name":"Estrat\u00e9gia Concursos","url":"https:\/\/www.estrategiaconcursos.com.br\/blog\/","logo":{"@type":"ImageObject","inLanguage":"pt-BR","@id":"https:\/\/www.estrategiaconcursos.com.br\/blog\/#\/schema\/logo\/image\/","url":"https:\/\/dhg1h5j42swfq.cloudfront.net\/2025\/06\/03203428\/logo_concursos-1.jpg","contentUrl":"https:\/\/dhg1h5j42swfq.cloudfront.net\/2025\/06\/03203428\/logo_concursos-1.jpg","width":230,"height":60,"caption":"Estrat\u00e9gia Concursos"},"image":{"@id":"https:\/\/www.estrategiaconcursos.com.br\/blog\/#\/schema\/logo\/image\/"},"sameAs":["https:\/\/x.com\/EstratConcursos"]},{"@type":"Person","@id":"https:\/\/www.estrategiaconcursos.com.br\/blog\/#\/schema\/person\/b4a388c97673c5f483d72185668afa1f","name":"Coordena\u00e7\u00e3o","image":{"@type":"ImageObject","inLanguage":"pt-BR","@id":"https:\/\/secure.gravatar.com\/avatar\/b720319e4c9a967eb58678d110f4fe35452fc5d5f97b202bac7b8acceb18c6ad?s=96&d=mm&r=g","url":"https:\/\/secure.gravatar.com\/avatar\/b720319e4c9a967eb58678d110f4fe35452fc5d5f97b202bac7b8acceb18c6ad?s=96&d=mm&r=g","contentUrl":"https:\/\/secure.gravatar.com\/avatar\/b720319e4c9a967eb58678d110f4fe35452fc5d5f97b202bac7b8acceb18c6ad?s=96&d=mm&r=g","caption":"Coordena\u00e7\u00e3o"},"sameAs":["https:\/\/www.facebook.com\/EstrategiaConcursos","https:\/\/x.com\/EstratConcursos"],"url":"https:\/\/www.estrategiaconcursos.com.br\/blog\/author\/estrategia2013\/"}]}},"_links":{"self":[{"href":"https:\/\/www.estrategiaconcursos.com.br\/blog\/wp-json\/wp\/v2\/posts\/858381","targetHints":{"allow":["GET"]}}],"collection":[{"href":"https:\/\/www.estrategiaconcursos.com.br\/blog\/wp-json\/wp\/v2\/posts"}],"about":[{"href":"https:\/\/www.estrategiaconcursos.com.br\/blog\/wp-json\/wp\/v2\/types\/post"}],"author":[{"embeddable":true,"href":"https:\/\/www.estrategiaconcursos.com.br\/blog\/wp-json\/wp\/v2\/users\/1"}],"replies":[{"embeddable":true,"href":"https:\/\/www.estrategiaconcursos.com.br\/blog\/wp-json\/wp\/v2\/comments?post=858381"}],"version-history":[{"count":18,"href":"https:\/\/www.estrategiaconcursos.com.br\/blog\/wp-json\/wp\/v2\/posts\/858381\/revisions"}],"predecessor-version":[{"id":858945,"href":"https:\/\/www.estrategiaconcursos.com.br\/blog\/wp-json\/wp\/v2\/posts\/858381\/revisions\/858945"}],"wp:featuredmedia":[{"embeddable":true,"href":"https:\/\/www.estrategiaconcursos.com.br\/blog\/wp-json\/wp\/v2\/media\/703469"}],"wp:attachment":[{"href":"https:\/\/www.estrategiaconcursos.com.br\/blog\/wp-json\/wp\/v2\/media?parent=858381"}],"wp:term":[{"taxonomy":"category","embeddable":true,"href":"https:\/\/www.estrategiaconcursos.com.br\/blog\/wp-json\/wp\/v2\/categories?post=858381"},{"taxonomy":"post_tag","embeddable":true,"href":"https:\/\/www.estrategiaconcursos.com.br\/blog\/wp-json\/wp\/v2\/tags?post=858381"},{"taxonomy":"tax_estado","embeddable":true,"href":"https:\/\/www.estrategiaconcursos.com.br\/blog\/wp-json\/wp\/v2\/tax_estado?post=858381"}],"curies":[{"name":"wp","href":"https:\/\/api.w.org\/{rel}","templated":true}]}}