{"id":85808,"date":"2017-08-19T16:36:30","date_gmt":"2017-08-19T19:36:30","guid":{"rendered":"https:\/\/www.estrategiaconcursos.com.br\/blog\/?p=85808"},"modified":"2017-08-26T20:00:15","modified_gmt":"2017-08-26T23:00:15","slug":"iss-criciuma-questoes-de-direito-tributario-comentadas","status":"publish","type":"post","link":"https:\/\/www.estrategiaconcursos.com.br\/blog\/iss-criciuma-questoes-de-direito-tributario-comentadas\/","title":{"rendered":"ISS-Crici\u00fama &#8211; Quest\u00f5es de Direito Tribut\u00e1rio Comentadas"},"content":{"rendered":"<p style=\"text-align: justify\">Ol\u00e1, pessoal, tudo bem?<\/p>\n<p style=\"text-align: justify\">Meu nome \u00e9 F\u00e1bio Dutra, sou professor de Direito Tribut\u00e1rio aqui do Estrat\u00e9gia Concursos e Auditor-Fiscal da Receita Federal!<\/p>\n<p style=\"text-align: justify\">Com a recente publica\u00e7\u00e3o do concurso ISS-Crici\u00fama, muitos concurseiros da \u00e1rea fiscal aceleraram o ritmo de estudos, visando \u00e0 aprova\u00e7\u00e3o neste concurso municipal, que oferece remunera\u00e7\u00e3o inicial de R$ 14 mil! Isso mesmo! :)<\/p>\n<p style=\"text-align: justify\">Sem d\u00favidas, a disciplina Direito Tribut\u00e1rio \u00e9 important\u00edssima nesta prova! Portanto, resolvi comentar algumas quest\u00f5es da banca examinadora FEPESE aqui no site de forma gratuita! S\u00e3o quest\u00f5es extra\u00eddas do nosso curso de Direito Tribut\u00e1rio focado nesse edital!<\/p>\n<p style=\"text-align: justify\">Antes de iniciarmos a resolu\u00e7\u00e3o das quest\u00f5es, gostaria de convid\u00e1-los a me seguir no Instagram: <a href=\"https:\/\/www.instagram.com\/proffabiodutra\/\" target=\"_blank\" rel=\"noopener\">@ProfFabioDutra<\/a><\/p>\n<p style=\"text-align: justify\">Vamos come\u00e7ar?!<\/p>\n<hr \/>\n<p style=\"text-align: justify\"><strong>Quest\u00e3o 01 &#8211; FEPESE\/Pref. Florian\u00f3polis-SC-Fiscal de Tributos Municipais\/2014<\/strong><\/p>\n<p style=\"text-align: justify\">Assinale a alternativa correta de acordo com o C\u00f3digo Tribut\u00e1rio Nacional<\/p>\n<p style=\"text-align: justify\">a) A certid\u00e3o negativa dever\u00e1 ser fornecida dentro de vinte dias da data da entrada do requerimento na reparti\u00e7\u00e3o<\/p>\n<p style=\"text-align: justify\">b) Ser\u00e1 dispensada a prova de quita\u00e7\u00e3o de tributos, ou o seu suprimento, quando se tratar de pr\u00e1tica de ato indispens\u00e1vel para evitar a caducidade de direito.<\/p>\n<p style=\"text-align: justify\">c) Por se tratar de documento acess\u00f3rio, a lei n\u00e3o poder\u00e1 exigir que a prova da quita\u00e7\u00e3o de determinado tributo, quando exig\u00edvel, seja feita por meio de certid\u00e3o negativa.<\/p>\n<p style=\"text-align: justify\">d) A efetiva\u00e7\u00e3o da penhora no curso de a\u00e7\u00e3o executiva ou a prova da suspens\u00e3o da exigibilidade do cr\u00e9dito tribut\u00e1rio n\u00e3o autorizam a emiss\u00e3o de certid\u00f5es negativas.<\/p>\n<p style=\"text-align: justify\">e) Responde subsidiariamente pelo cr\u00e9dito tribut\u00e1rio acrescido de juros de mora o servidor que expedir certid\u00e3o negativa com dolo ou fraude, com erro contra a Fazenda P\u00fablica.<\/p>\n<p style=\"text-align: justify\"><strong>Coment\u00e1rio:<\/strong><\/p>\n<p style=\"text-align: justify\"><strong>Alternativa A:<\/strong> O prazo para emiss\u00e3o da certid\u00e3o negativa \u00e9 de 10 dias. Alternativa errada.<\/p>\n<p style=\"text-align: justify\"><strong>Alternativa B:<\/strong> \u00c9 o que prev\u00ea a primeira parte do art. 207, do CTN: independentemente de disposi\u00e7\u00e3o legal permissiva, ser\u00e1 dispensada a prova de quita\u00e7\u00e3o de tributos, ou o seu suprimento, quando se tratar de pr\u00e1tica de ato indispens\u00e1vel para evitar a caducidade de direito. Alternativa correta.<\/p>\n<p style=\"text-align: justify\"><strong>Alternativa C:<\/strong> O art. 205 \u00e9 categ\u00f3rico, ao afirmar que a a lei poder\u00e1 exigir que a prova da quita\u00e7\u00e3o de determinado tributo, quando exig\u00edvel, seja feita por certid\u00e3o negativa, expedida \u00e0 vista de requerimento do interessado. Alternativa errada.<\/p>\n<p style=\"text-align: justify\"><strong>Alternativa D: <\/strong>A banca considerou esta alternativa errada, porque em tais situa\u00e7\u00f5es o art. 206, do CTN, admite que seja emitida certid\u00e3o (positiva) com os mesmos efeitos de certid\u00e3o negativa. Alternativa errada.<\/p>\n<p style=\"text-align: justify\"><strong>Alternativa E: <\/strong>O art. 208, do CTN, determina que a certid\u00e3o negativa expedida com dolo ou fraude, que contenha erro contra a Fazenda P\u00fablica, responsabiliza pessoalmente o funcion\u00e1rio que a expedir, pelo cr\u00e9dito tribut\u00e1rio e juros de mora acrescidos. Alternativa errada.<\/p>\n<p style=\"text-align: justify\"><strong>Gabarito: Letra B<\/strong><\/p>\n<hr \/>\n<p style=\"text-align: justify\"><strong>Quest\u00e3o 02 &#8211; FEPESE\/Pref. Florian\u00f3polis-SC-Auditor Fiscal\/2014<\/strong><\/p>\n<p style=\"text-align: justify\">De acordo com a Lei Complementar n\u00ba 116\/2003, assinale a alternativa que indica em que local \u00e9 devido o Imposto sobre Servi\u00e7o de Qualquer Natureza sobre o servi\u00e7o de demoli\u00e7\u00e3o.<\/p>\n<p style=\"text-align: justify\">a) No munic\u00edpio em que ocorrer a demoli\u00e7\u00e3o.<\/p>\n<p style=\"text-align: justify\">b) No munic\u00edpio em que estiver sediado o estabelecimento principal do prestador do servi\u00e7o<\/p>\n<p style=\"text-align: justify\">c) No munic\u00edpio em que estiver domiciliado o prestador de servi\u00e7o.<\/p>\n<p style=\"text-align: justify\">d) No munic\u00edpio em que o propriet\u00e1rio ou possuidor do im\u00f3vel possuir resid\u00eancia<\/p>\n<p style=\"text-align: justify\">e) O recolhimento do imposto ser\u00e1 facultado ao local do principal estabelecimento ou domic\u00edlio do tomador do<\/p>\n<p style=\"text-align: justify\"><strong>Coment\u00e1rio:<\/strong> De acordo com a LC 116\/03, em regra, considera-se prestado o servi\u00e7o e devido o imposto no local do estabelecimento prestador ou, na falta do estabelecimento, no local do domic\u00edlio do prestador. \u00c9 o que estabelece o caput do art. 3\u00ba, da LC 116\/03, que contempla diversas exce\u00e7\u00f5es, algumas das \u00e9 o caso do servi\u00e7o de demoli\u00e7\u00e3o, sendo o ISS devido no Munic\u00edpio em que ocorrer a demoli\u00e7\u00e3o.<\/p>\n<p style=\"text-align: justify\"><strong>Gabarito: Letra A<\/strong><\/p>\n<hr \/>\n<p style=\"text-align: justify\"><strong>Quest\u00e3o 03 &#8211; FEPESE\/Pref. Cambori\u00fa-Fiscal da Fazenda\/2015<\/strong><\/p>\n<p style=\"text-align: justify\">\u00c9 correto afirmar sobre a interpreta\u00e7\u00e3o e a integra\u00e7\u00e3o da legisla\u00e7\u00e3o tribut\u00e1ria.<\/p>\n<p style=\"text-align: justify\">a)A legisla\u00e7\u00e3o tribut\u00e1ria ser\u00e1 interpretada sempre com base nas pr\u00e1ticas de equidade.<\/p>\n<p style=\"text-align: justify\">b)A outorga de isen\u00e7\u00e3o poder\u00e1 ser aplicada ou deferida por meio de analogia.<\/p>\n<p style=\"text-align: justify\">c)A lei tribut\u00e1ria que define infra\u00e7\u00f5es, ou lhe comina penalidades, interpreta-se da maneira mais favor\u00e1vel ao Fisco.<\/p>\n<p style=\"text-align: justify\">d)Interpreta-se literalmente a legisla\u00e7\u00e3o tribut\u00e1ria que disponha sobre a dispensa do cumprimento de obriga\u00e7\u00f5es tribut\u00e1rias acess\u00f3rias.<\/p>\n<p style=\"text-align: justify\">e)Os princ\u00edpios gerais do direito privado poder\u00e3o ser utilizados para defini\u00e7\u00e3o da extens\u00e3o da suspens\u00e3o ou exclus\u00e3o do cr\u00e9dito tribut\u00e1rio.<\/p>\n<p style=\"text-align: justify\"><strong>Coment\u00e1rio:<\/strong><\/p>\n<p style=\"text-align: justify\"><strong>Alternativa A: <\/strong>Ora, nada foi dito no CTN nesse sentido. Ali\u00e1s, o pr\u00f3prio art. 111, do CTN, estabeleceu casos em que a legisla\u00e7\u00e3o tribut\u00e1ria deve ser interpretada literalmente. Alternativa errada.<\/p>\n<p style=\"text-align: justify\"><strong>Alternativa B:<\/strong> De acordo com o art. 108, \u00a7 1\u00ba, do CTN, o emprego da analogia n\u00e3o poder\u00e1 resultar na exig\u00eancia de tributo n\u00e3o previsto em lei. Alternativa errada.<\/p>\n<p style=\"text-align: justify\"><strong>Alternativa C: <\/strong>N\u00e3o h\u00e1 que se falar em interpreta\u00e7\u00e3o da legisla\u00e7\u00e3o tribut\u00e1ria de maneira mais favor\u00e1vel ao Fisco. O que ocorre \u00e9 interpreta\u00e7\u00e3o da maneira mais favor\u00e1vel ao acusado nos casos previstos no art. 112, do CTN. Alternativa errada.<\/p>\n<p style=\"text-align: justify\"><strong>Alternativa D:<\/strong> \u00c9 o que consta no art. 111, III, do CTN: Interpreta-se literalmente a legisla\u00e7\u00e3o tribut\u00e1ria que disponha sobre dispensa do cumprimento de obriga\u00e7\u00f5es tribut\u00e1rias acess\u00f3rias. Alternativa correta.<\/p>\n<p style=\"text-align: justify\"><strong>Alternativa E:<\/strong> Conforme preceitua o art. 109, do CTN, os princ\u00edpios gerais de direito privado n\u00e3o podem ser utilizados para defini\u00e7\u00e3o dos efeitos tribut\u00e1rios. Assim, consequentemente, n\u00e3o podem definir a extens\u00e3o da suspens\u00e3o ou exclus\u00e3o do cr\u00e9dito tribut\u00e1rio. Alternativa errada.<\/p>\n<p style=\"text-align: justify\"><strong>Gabarito: Letra D<\/strong><\/p>\n<hr \/>\n<p style=\"text-align: justify\"><strong>Quest\u00e3o 04 &#8211; FEPESE\/Pref. Florian\u00f3polis-SC-Auditor Fiscal\/2014<\/strong><\/p>\n<p style=\"text-align: justify\">Assinale a alternativa correta de acordo com o C\u00f3digo Tribut\u00e1rio Nacional.<\/p>\n<p style=\"text-align: justify\">a) A pessoa jur\u00eddica somente adquire capacidade tribut\u00e1ria passiva quando estiver regularmente constitu\u00edda.<\/p>\n<p style=\"text-align: justify\">b) A capacidade tribut\u00e1ria passiva depende da capacidade civil das pessoas naturais.<\/p>\n<p style=\"text-align: justify\">c) A interdi\u00e7\u00e3o do exerc\u00edcio de administra\u00e7\u00e3o direta de seus bens afasta a capacidade tribut\u00e1ria passiva da pessoa natural.<\/p>\n<p style=\"text-align: justify\">d) A sociedade de fato, que configure uma unidade profissional e econ\u00f4mica, possui capacidade tribut\u00e1ria passiva.<\/p>\n<p style=\"text-align: justify\">e) A limita\u00e7\u00e3o do exerc\u00edcio de atividades comerciais ou profissionais reduz, na mesma propor\u00e7\u00e3o, a capacidade passiva tribut\u00e1ria da pessoa f\u00edsica.<\/p>\n<p style=\"text-align: justify\"><strong>Coment\u00e1rio:<\/strong><\/p>\n<p style=\"text-align: justify\"><strong>Alternativa A:<\/strong> Conforme prev\u00ea o art. 126, III, do CTN, a capacidade tribut\u00e1ria passiva independe de estar a pessoa jur\u00eddica regularmente constitu\u00edda, bastando que configure uma unidade econ\u00f4mica ou profissional. Alternativa errada.<\/p>\n<p style=\"text-align: justify\"><strong>Alternativa B:<\/strong> De acordo com o art. 126, I, do CTN, a capacidade tribut\u00e1ria passiva independe da capacidade civil das pessoas naturais. Alternativa errada.<\/p>\n<p style=\"text-align: justify\"><strong>Alternativa C: <\/strong>De acordo com o art. 126, II, do CTN, a capacidade tribut\u00e1ria passiva independe de estar a pessoa natural sujeita a medidas de interdi\u00e7\u00e3o do exerc\u00edcio de administra\u00e7\u00e3o direta de seus bens. Alternativa errada.<\/p>\n<p style=\"text-align: justify\"><strong>Alternativa D:<\/strong> Mesmo que os atos constitutivos de uma sociedade n\u00e3o tenham sido devidamente registrados na Junta Comercial, como \u00e9 o caso da sociedade de fato, h\u00e1 capacidade tribut\u00e1ria passiva, bastando que configure uma unidade profissional e econ\u00f4mica, conforme estabelece o art. 126, III, do CTN. Alternativa correta<\/p>\n<p style=\"text-align: justify\"><strong>Alternativa E:<\/strong> De acordo com o art. 126, II, do CTN, a capacidade tribut\u00e1ria passiva independe de estar a pessoa natural sujeita a limita\u00e7\u00f5es do exerc\u00edcio de suas atividades comerciais ou profissionais. Alternativa errada.<\/p>\n<p style=\"text-align: justify\"><strong>Gabarito: Letra D<\/strong><\/p>\n<hr \/>\n<p style=\"text-align: justify\"><strong>Quest\u00e3o 05 &#8211; FEPESE\/Pref. Balne\u00e1rio Cambori\u00fa-SC-Fiscal\/2015<\/strong><\/p>\n<p style=\"text-align: justify\">Assinale a alternativa que indica corretamente a modalidade de responsabilidade tribut\u00e1ria na qual a lei poder\u00e1 atribuir a sujeito passivo de obriga\u00e7\u00e3o tribut\u00e1ria a condi\u00e7\u00e3o de respons\u00e1vel pelo pagamento de imposto ou contribui\u00e7\u00e3o, cujo fato gerador deva ocorrer posteriormente, assegurada a imediata e preferencial restitui\u00e7\u00e3o da quantia paga, caso n\u00e3o se realize o fato gerador presumido.<\/p>\n<p style=\"text-align: justify\">a) responsabilidade por sucess\u00e3o<\/p>\n<p style=\"text-align: justify\">b) responsabilidade por substitui\u00e7\u00e3o<\/p>\n<p style=\"text-align: justify\">c) responsabilidade por transfer\u00eancia<\/p>\n<p style=\"text-align: justify\">d) responsabilidade por solidariedade<\/p>\n<p style=\"text-align: justify\">e) responsabilidade por responsabilidade<\/p>\n<p style=\"text-align: justify\"><strong>Coment\u00e1rio: <\/strong>Se o fato gerador ir\u00e1 ocorrer posteriormente, o que ocorre \u00e9 o pagamento antecipado pelo respons\u00e1vel, sendo caso de responsabilidade por substitui\u00e7\u00e3o, encontrando previs\u00e3o no art. 150, \u00a7 7\u00ba, da CF\/88.<\/p>\n<p style=\"text-align: justify\"><strong>\u00a0<\/strong><strong>Gabarito: Letra B<\/strong><\/p>\n","protected":false},"excerpt":{"rendered":"<p>Ol\u00e1, pessoal, tudo bem? Meu nome \u00e9 F\u00e1bio Dutra, sou professor de Direito Tribut\u00e1rio aqui do Estrat\u00e9gia Concursos e Auditor-Fiscal da Receita Federal! Com a recente publica\u00e7\u00e3o do concurso ISS-Crici\u00fama, muitos concurseiros da \u00e1rea fiscal aceleraram o ritmo de estudos, visando \u00e0 aprova\u00e7\u00e3o neste concurso municipal, que oferece remunera\u00e7\u00e3o inicial de R$ 14 mil! Isso [&hellip;]<\/p>\n","protected":false},"author":150,"featured_media":0,"comment_status":"open","ping_status":"open","sticky":false,"template":"","format":"standard","meta":{"post_tipo":"article","footnotes":""},"categories":[1],"tags":[],"tax_estado":[],"class_list":["post-85808","post","type-post","status-publish","format-standard","hentry","category-cursos-e-concursos"],"acf":[],"yoast_head":"<!-- This site is optimized with the Yoast SEO Premium plugin v27.2 (Yoast SEO v27.2) - https:\/\/yoast.com\/product\/yoast-seo-premium-wordpress\/ -->\n<title>ISS-Crici\u00fama - Quest\u00f5es de Direito Tribut\u00e1rio Comentadas<\/title>\n<meta name=\"robots\" content=\"index, follow, max-snippet:-1, max-image-preview:large, max-video-preview:-1\" \/>\n<link rel=\"canonical\" href=\"https:\/\/www.estrategiaconcursos.com.br\/blog\/iss-criciuma-questoes-de-direito-tributario-comentadas\/\" \/>\n<meta property=\"og:locale\" content=\"pt_BR\" \/>\n<meta property=\"og:type\" content=\"article\" \/>\n<meta property=\"og:title\" content=\"ISS-Crici\u00fama - Quest\u00f5es de Direito Tribut\u00e1rio Comentadas\" \/>\n<meta property=\"og:description\" content=\"Ol\u00e1, pessoal, tudo bem? Meu nome \u00e9 F\u00e1bio Dutra, sou professor de Direito Tribut\u00e1rio aqui do Estrat\u00e9gia Concursos e Auditor-Fiscal da Receita Federal! Com a recente publica\u00e7\u00e3o do concurso ISS-Crici\u00fama, muitos concurseiros da \u00e1rea fiscal aceleraram o ritmo de estudos, visando \u00e0 aprova\u00e7\u00e3o neste concurso municipal, que oferece remunera\u00e7\u00e3o inicial de R$ 14 mil! Isso [&hellip;]\" \/>\n<meta property=\"og:url\" content=\"https:\/\/www.estrategiaconcursos.com.br\/blog\/iss-criciuma-questoes-de-direito-tributario-comentadas\/\" \/>\n<meta property=\"og:site_name\" content=\"Estrat\u00e9gia Concursos\" \/>\n<meta property=\"article:published_time\" content=\"2017-08-19T19:36:30+00:00\" \/>\n<meta property=\"article:modified_time\" content=\"2017-08-26T23:00:15+00:00\" \/>\n<meta name=\"author\" content=\"F\u00e1bio Dutra\" \/>\n<meta name=\"twitter:card\" content=\"summary_large_image\" \/>\n<meta name=\"twitter:creator\" content=\"@EstratConcursos\" \/>\n<meta name=\"twitter:site\" content=\"@EstratConcursos\" \/>\n<meta name=\"twitter:label1\" content=\"Escrito por\" \/>\n\t<meta name=\"twitter:data1\" content=\"F\u00e1bio Dutra\" \/>\n\t<meta name=\"twitter:label2\" content=\"Est. tempo de leitura\" \/>\n\t<meta name=\"twitter:data2\" content=\"7 minutos\" \/>\n<script type=\"application\/ld+json\" class=\"yoast-schema-graph\">{\"@context\":\"https:\/\/schema.org\",\"@graph\":[{\"@type\":\"NewsArticle\",\"@id\":\"https:\/\/www.estrategiaconcursos.com.br\/blog\/iss-criciuma-questoes-de-direito-tributario-comentadas\/#article\",\"isPartOf\":{\"@id\":\"https:\/\/www.estrategiaconcursos.com.br\/blog\/iss-criciuma-questoes-de-direito-tributario-comentadas\/\"},\"author\":{\"name\":\"F\u00e1bio Dutra\",\"@id\":\"https:\/\/www.estrategiaconcursos.com.br\/blog\/#\/schema\/person\/c6615b1e72eae70edca73ea5362ead63\"},\"headline\":\"ISS-Crici\u00fama &#8211; Quest\u00f5es de Direito Tribut\u00e1rio Comentadas\",\"datePublished\":\"2017-08-19T19:36:30+00:00\",\"dateModified\":\"2017-08-26T23:00:15+00:00\",\"mainEntityOfPage\":{\"@id\":\"https:\/\/www.estrategiaconcursos.com.br\/blog\/iss-criciuma-questoes-de-direito-tributario-comentadas\/\"},\"wordCount\":1441,\"commentCount\":2,\"publisher\":{\"@id\":\"https:\/\/www.estrategiaconcursos.com.br\/blog\/#organization\"},\"articleSection\":[\"Concursos P\u00fablicos\"],\"inLanguage\":\"pt-BR\",\"potentialAction\":[{\"@type\":\"CommentAction\",\"name\":\"Comment\",\"target\":[\"https:\/\/www.estrategiaconcursos.com.br\/blog\/iss-criciuma-questoes-de-direito-tributario-comentadas\/#respond\"]}],\"copyrightYear\":\"2017\",\"copyrightHolder\":{\"@id\":\"https:\/\/www.estrategiaconcursos.com.br\/blog\/#organization\"}},{\"@type\":\"WebPage\",\"@id\":\"https:\/\/www.estrategiaconcursos.com.br\/blog\/iss-criciuma-questoes-de-direito-tributario-comentadas\/\",\"url\":\"https:\/\/www.estrategiaconcursos.com.br\/blog\/iss-criciuma-questoes-de-direito-tributario-comentadas\/\",\"name\":\"ISS-Crici\u00fama - Quest\u00f5es de Direito Tribut\u00e1rio Comentadas\",\"isPartOf\":{\"@id\":\"https:\/\/www.estrategiaconcursos.com.br\/blog\/#website\"},\"datePublished\":\"2017-08-19T19:36:30+00:00\",\"dateModified\":\"2017-08-26T23:00:15+00:00\",\"breadcrumb\":{\"@id\":\"https:\/\/www.estrategiaconcursos.com.br\/blog\/iss-criciuma-questoes-de-direito-tributario-comentadas\/#breadcrumb\"},\"inLanguage\":\"pt-BR\",\"potentialAction\":[{\"@type\":\"ReadAction\",\"target\":[\"https:\/\/www.estrategiaconcursos.com.br\/blog\/iss-criciuma-questoes-de-direito-tributario-comentadas\/\"]}]},{\"@type\":\"BreadcrumbList\",\"@id\":\"https:\/\/www.estrategiaconcursos.com.br\/blog\/iss-criciuma-questoes-de-direito-tributario-comentadas\/#breadcrumb\",\"itemListElement\":[{\"@type\":\"ListItem\",\"position\":1,\"name\":\"In\u00edcio\",\"item\":\"https:\/\/www.estrategiaconcursos.com.br\/blog\/\"},{\"@type\":\"ListItem\",\"position\":2,\"name\":\"ISS-Crici\u00fama &#8211; Quest\u00f5es de Direito Tribut\u00e1rio Comentadas\"}]},{\"@type\":\"WebSite\",\"@id\":\"https:\/\/www.estrategiaconcursos.com.br\/blog\/#website\",\"url\":\"https:\/\/www.estrategiaconcursos.com.br\/blog\/\",\"name\":\"Estrat\u00e9gia Concursos\",\"description\":\"O blog da Estrat\u00e9gia Concursos traz not\u00edcias sobre concursos e artigos de professores oferecendo cursos para concursos (pdf + videaulas) no site.\",\"publisher\":{\"@id\":\"https:\/\/www.estrategiaconcursos.com.br\/blog\/#organization\"},\"potentialAction\":[{\"@type\":\"SearchAction\",\"target\":{\"@type\":\"EntryPoint\",\"urlTemplate\":\"https:\/\/www.estrategiaconcursos.com.br\/blog\/?s={search_term_string}\"},\"query-input\":{\"@type\":\"PropertyValueSpecification\",\"valueRequired\":true,\"valueName\":\"search_term_string\"}}],\"inLanguage\":\"pt-BR\"},{\"@type\":\"Organization\",\"@id\":\"https:\/\/www.estrategiaconcursos.com.br\/blog\/#organization\",\"name\":\"Estrat\u00e9gia Concursos\",\"url\":\"https:\/\/www.estrategiaconcursos.com.br\/blog\/\",\"logo\":{\"@type\":\"ImageObject\",\"inLanguage\":\"pt-BR\",\"@id\":\"https:\/\/www.estrategiaconcursos.com.br\/blog\/#\/schema\/logo\/image\/\",\"url\":\"https:\/\/dhg1h5j42swfq.cloudfront.net\/2025\/06\/03203428\/logo_concursos-1.jpg\",\"contentUrl\":\"https:\/\/dhg1h5j42swfq.cloudfront.net\/2025\/06\/03203428\/logo_concursos-1.jpg\",\"width\":230,\"height\":60,\"caption\":\"Estrat\u00e9gia Concursos\"},\"image\":{\"@id\":\"https:\/\/www.estrategiaconcursos.com.br\/blog\/#\/schema\/logo\/image\/\"},\"sameAs\":[\"https:\/\/x.com\/EstratConcursos\"]},{\"@type\":\"Person\",\"@id\":\"https:\/\/www.estrategiaconcursos.com.br\/blog\/#\/schema\/person\/c6615b1e72eae70edca73ea5362ead63\",\"name\":\"F\u00e1bio Dutra\",\"image\":{\"@type\":\"ImageObject\",\"inLanguage\":\"pt-BR\",\"@id\":\"https:\/\/secure.gravatar.com\/avatar\/2fb4b2715a33320653086a45a7174528e6836e078753b587b59cb70f7b453819?s=96&d=mm&r=g\",\"url\":\"https:\/\/secure.gravatar.com\/avatar\/2fb4b2715a33320653086a45a7174528e6836e078753b587b59cb70f7b453819?s=96&d=mm&r=g\",\"contentUrl\":\"https:\/\/secure.gravatar.com\/avatar\/2fb4b2715a33320653086a45a7174528e6836e078753b587b59cb70f7b453819?s=96&d=mm&r=g\",\"caption\":\"F\u00e1bio Dutra\"},\"url\":\"https:\/\/www.estrategiaconcursos.com.br\/blog\/author\/fabiodutraestrategiaconcursos-com-br\/\"}]}<\/script>\n<!-- \/ Yoast SEO Premium plugin. -->","yoast_head_json":{"title":"ISS-Crici\u00fama - Quest\u00f5es de Direito Tribut\u00e1rio Comentadas","robots":{"index":"index","follow":"follow","max-snippet":"max-snippet:-1","max-image-preview":"max-image-preview:large","max-video-preview":"max-video-preview:-1"},"canonical":"https:\/\/www.estrategiaconcursos.com.br\/blog\/iss-criciuma-questoes-de-direito-tributario-comentadas\/","og_locale":"pt_BR","og_type":"article","og_title":"ISS-Crici\u00fama - Quest\u00f5es de Direito Tribut\u00e1rio Comentadas","og_description":"Ol\u00e1, pessoal, tudo bem? Meu nome \u00e9 F\u00e1bio Dutra, sou professor de Direito Tribut\u00e1rio aqui do Estrat\u00e9gia Concursos e Auditor-Fiscal da Receita Federal! Com a recente publica\u00e7\u00e3o do concurso ISS-Crici\u00fama, muitos concurseiros da \u00e1rea fiscal aceleraram o ritmo de estudos, visando \u00e0 aprova\u00e7\u00e3o neste concurso municipal, que oferece remunera\u00e7\u00e3o inicial de R$ 14 mil! Isso [&hellip;]","og_url":"https:\/\/www.estrategiaconcursos.com.br\/blog\/iss-criciuma-questoes-de-direito-tributario-comentadas\/","og_site_name":"Estrat\u00e9gia Concursos","article_published_time":"2017-08-19T19:36:30+00:00","article_modified_time":"2017-08-26T23:00:15+00:00","author":"F\u00e1bio Dutra","twitter_card":"summary_large_image","twitter_creator":"@EstratConcursos","twitter_site":"@EstratConcursos","twitter_misc":{"Escrito por":"F\u00e1bio Dutra","Est. tempo de leitura":"7 minutos"},"schema":{"@context":"https:\/\/schema.org","@graph":[{"@type":"NewsArticle","@id":"https:\/\/www.estrategiaconcursos.com.br\/blog\/iss-criciuma-questoes-de-direito-tributario-comentadas\/#article","isPartOf":{"@id":"https:\/\/www.estrategiaconcursos.com.br\/blog\/iss-criciuma-questoes-de-direito-tributario-comentadas\/"},"author":{"name":"F\u00e1bio Dutra","@id":"https:\/\/www.estrategiaconcursos.com.br\/blog\/#\/schema\/person\/c6615b1e72eae70edca73ea5362ead63"},"headline":"ISS-Crici\u00fama &#8211; Quest\u00f5es de Direito Tribut\u00e1rio Comentadas","datePublished":"2017-08-19T19:36:30+00:00","dateModified":"2017-08-26T23:00:15+00:00","mainEntityOfPage":{"@id":"https:\/\/www.estrategiaconcursos.com.br\/blog\/iss-criciuma-questoes-de-direito-tributario-comentadas\/"},"wordCount":1441,"commentCount":2,"publisher":{"@id":"https:\/\/www.estrategiaconcursos.com.br\/blog\/#organization"},"articleSection":["Concursos P\u00fablicos"],"inLanguage":"pt-BR","potentialAction":[{"@type":"CommentAction","name":"Comment","target":["https:\/\/www.estrategiaconcursos.com.br\/blog\/iss-criciuma-questoes-de-direito-tributario-comentadas\/#respond"]}],"copyrightYear":"2017","copyrightHolder":{"@id":"https:\/\/www.estrategiaconcursos.com.br\/blog\/#organization"}},{"@type":"WebPage","@id":"https:\/\/www.estrategiaconcursos.com.br\/blog\/iss-criciuma-questoes-de-direito-tributario-comentadas\/","url":"https:\/\/www.estrategiaconcursos.com.br\/blog\/iss-criciuma-questoes-de-direito-tributario-comentadas\/","name":"ISS-Crici\u00fama - Quest\u00f5es de Direito Tribut\u00e1rio Comentadas","isPartOf":{"@id":"https:\/\/www.estrategiaconcursos.com.br\/blog\/#website"},"datePublished":"2017-08-19T19:36:30+00:00","dateModified":"2017-08-26T23:00:15+00:00","breadcrumb":{"@id":"https:\/\/www.estrategiaconcursos.com.br\/blog\/iss-criciuma-questoes-de-direito-tributario-comentadas\/#breadcrumb"},"inLanguage":"pt-BR","potentialAction":[{"@type":"ReadAction","target":["https:\/\/www.estrategiaconcursos.com.br\/blog\/iss-criciuma-questoes-de-direito-tributario-comentadas\/"]}]},{"@type":"BreadcrumbList","@id":"https:\/\/www.estrategiaconcursos.com.br\/blog\/iss-criciuma-questoes-de-direito-tributario-comentadas\/#breadcrumb","itemListElement":[{"@type":"ListItem","position":1,"name":"In\u00edcio","item":"https:\/\/www.estrategiaconcursos.com.br\/blog\/"},{"@type":"ListItem","position":2,"name":"ISS-Crici\u00fama &#8211; Quest\u00f5es de Direito Tribut\u00e1rio Comentadas"}]},{"@type":"WebSite","@id":"https:\/\/www.estrategiaconcursos.com.br\/blog\/#website","url":"https:\/\/www.estrategiaconcursos.com.br\/blog\/","name":"Estrat\u00e9gia Concursos","description":"O blog da Estrat\u00e9gia Concursos traz not\u00edcias sobre concursos e artigos de professores oferecendo cursos para concursos (pdf + videaulas) no site.","publisher":{"@id":"https:\/\/www.estrategiaconcursos.com.br\/blog\/#organization"},"potentialAction":[{"@type":"SearchAction","target":{"@type":"EntryPoint","urlTemplate":"https:\/\/www.estrategiaconcursos.com.br\/blog\/?s={search_term_string}"},"query-input":{"@type":"PropertyValueSpecification","valueRequired":true,"valueName":"search_term_string"}}],"inLanguage":"pt-BR"},{"@type":"Organization","@id":"https:\/\/www.estrategiaconcursos.com.br\/blog\/#organization","name":"Estrat\u00e9gia Concursos","url":"https:\/\/www.estrategiaconcursos.com.br\/blog\/","logo":{"@type":"ImageObject","inLanguage":"pt-BR","@id":"https:\/\/www.estrategiaconcursos.com.br\/blog\/#\/schema\/logo\/image\/","url":"https:\/\/dhg1h5j42swfq.cloudfront.net\/2025\/06\/03203428\/logo_concursos-1.jpg","contentUrl":"https:\/\/dhg1h5j42swfq.cloudfront.net\/2025\/06\/03203428\/logo_concursos-1.jpg","width":230,"height":60,"caption":"Estrat\u00e9gia Concursos"},"image":{"@id":"https:\/\/www.estrategiaconcursos.com.br\/blog\/#\/schema\/logo\/image\/"},"sameAs":["https:\/\/x.com\/EstratConcursos"]},{"@type":"Person","@id":"https:\/\/www.estrategiaconcursos.com.br\/blog\/#\/schema\/person\/c6615b1e72eae70edca73ea5362ead63","name":"F\u00e1bio Dutra","image":{"@type":"ImageObject","inLanguage":"pt-BR","@id":"https:\/\/secure.gravatar.com\/avatar\/2fb4b2715a33320653086a45a7174528e6836e078753b587b59cb70f7b453819?s=96&d=mm&r=g","url":"https:\/\/secure.gravatar.com\/avatar\/2fb4b2715a33320653086a45a7174528e6836e078753b587b59cb70f7b453819?s=96&d=mm&r=g","contentUrl":"https:\/\/secure.gravatar.com\/avatar\/2fb4b2715a33320653086a45a7174528e6836e078753b587b59cb70f7b453819?s=96&d=mm&r=g","caption":"F\u00e1bio Dutra"},"url":"https:\/\/www.estrategiaconcursos.com.br\/blog\/author\/fabiodutraestrategiaconcursos-com-br\/"}]}},"_links":{"self":[{"href":"https:\/\/www.estrategiaconcursos.com.br\/blog\/wp-json\/wp\/v2\/posts\/85808","targetHints":{"allow":["GET"]}}],"collection":[{"href":"https:\/\/www.estrategiaconcursos.com.br\/blog\/wp-json\/wp\/v2\/posts"}],"about":[{"href":"https:\/\/www.estrategiaconcursos.com.br\/blog\/wp-json\/wp\/v2\/types\/post"}],"author":[{"embeddable":true,"href":"https:\/\/www.estrategiaconcursos.com.br\/blog\/wp-json\/wp\/v2\/users\/150"}],"replies":[{"embeddable":true,"href":"https:\/\/www.estrategiaconcursos.com.br\/blog\/wp-json\/wp\/v2\/comments?post=85808"}],"version-history":[{"count":3,"href":"https:\/\/www.estrategiaconcursos.com.br\/blog\/wp-json\/wp\/v2\/posts\/85808\/revisions"}],"predecessor-version":[{"id":86814,"href":"https:\/\/www.estrategiaconcursos.com.br\/blog\/wp-json\/wp\/v2\/posts\/85808\/revisions\/86814"}],"wp:attachment":[{"href":"https:\/\/www.estrategiaconcursos.com.br\/blog\/wp-json\/wp\/v2\/media?parent=85808"}],"wp:term":[{"taxonomy":"category","embeddable":true,"href":"https:\/\/www.estrategiaconcursos.com.br\/blog\/wp-json\/wp\/v2\/categories?post=85808"},{"taxonomy":"post_tag","embeddable":true,"href":"https:\/\/www.estrategiaconcursos.com.br\/blog\/wp-json\/wp\/v2\/tags?post=85808"},{"taxonomy":"tax_estado","embeddable":true,"href":"https:\/\/www.estrategiaconcursos.com.br\/blog\/wp-json\/wp\/v2\/tax_estado?post=85808"}],"curies":[{"name":"wp","href":"https:\/\/api.w.org\/{rel}","templated":true}]}}