{"id":857956,"date":"2021-09-11T08:00:00","date_gmt":"2021-09-11T11:00:00","guid":{"rendered":"https:\/\/www.estrategiaconcursos.com.br\/blog\/?p=857956"},"modified":"2021-09-10T19:54:27","modified_gmt":"2021-09-10T22:54:27","slug":"revisao-de-vespera-sesau-al","status":"publish","type":"post","link":"https:\/\/www.estrategiaconcursos.com.br\/blog\/revisao-de-vespera-sesau-al\/","title":{"rendered":"Revis\u00e3o de V\u00e9spera SESAU AL: esteja pronto para prova!"},"content":{"rendered":"\n<p>Aten\u00e7\u00e3o, interessados no <strong>concurso SESAU AL<\/strong>! As provas objetivas do certame est\u00e3o cada vez mais pr\u00f3ximas: a etapa ser\u00e1 realizada neste domingo, 12 de setembro.<\/p>\n\n\n\n<p>A sele\u00e7\u00e3o oferta&nbsp;<strong>1.200 vagas<\/strong>&nbsp;para cargos de n\u00edveis m\u00e9dio, t\u00e9cnico e superior. Os sal\u00e1rios iniciais variam em valores de R$ 1.100,00 a R$ 3.707,43. <\/p>\n\n\n\n<p>Com isso, pensando em ajud\u00e1-lo a ficar mais pr\u00f3ximo da aprova\u00e7\u00e3o, nossos professores ministrar\u00e3o o evento:&nbsp;<strong>\u201c<em><strong>Revis\u00e3o de V\u00e9spera SESAU AL<\/strong><\/em><\/strong>\u201c, com dicas exclusivas de conhecimentos espec\u00edficos para \u00e1rea da&nbsp;<strong>sa\u00fade<\/strong>.<\/p>\n\n\n\n<p><strong>Veja abaixo a programa\u00e7\u00e3o completa:<\/strong><\/p>\n\n\n\n<figure class=\"wp-block-table is-style-stripes\"><table class=\"has-background has-fixed-layout\" style=\"background-color:#dee5ea\"><tbody><tr><td class=\"has-text-align-center\" data-align=\"center\"><strong>HOR\u00c1RIO<\/strong><\/td><td class=\"has-text-align-center\" data-align=\"center\"><strong>DISCIPLINA<\/strong><\/td><td class=\"has-text-align-center\" data-align=\"center\"><strong>PROFESSORES<\/strong><\/td><\/tr><tr><td class=\"has-text-align-center\" data-align=\"center\">9h00-10h00<\/td><td class=\"has-text-align-center\" data-align=\"center\">Psicologia<\/td><td class=\"has-text-align-center\" data-align=\"center\">Beto Cruz<\/td><\/tr><tr><td class=\"has-text-align-center\" data-align=\"center\">10h00-11h00<\/td><td class=\"has-text-align-center\" data-align=\"center\">Enfermagem &#8211; Urg\u00eancia e Emerg\u00eancia<\/td><td class=\"has-text-align-center\" data-align=\"center\">Lorena Campos<\/td><\/tr><tr><td class=\"has-text-align-center\" data-align=\"center\">11h00-12h00<\/td><td class=\"has-text-align-center\" data-align=\"center\">Fisioterapia<\/td><td class=\"has-text-align-center\" data-align=\"center\">Mara Ribeiro<\/td><\/tr><tr><td class=\"has-text-align-center\" data-align=\"center\">12h00-13h00<\/td><td class=\"has-text-align-center\" data-align=\"center\">Legisla\u00e7\u00e3o do SUS<\/td><td class=\"has-text-align-center\" data-align=\"center\">Breno Caldas<\/td><\/tr><tr><td class=\"has-text-align-center\" data-align=\"center\">13h00-14h00<\/td><td class=\"has-text-align-center\" data-align=\"center\">Enfermagem &#8211; Sa\u00fade Coletiva<\/td><td class=\"has-text-align-center\" data-align=\"center\">Thaysa Vianna<\/td><\/tr><tr><td class=\"has-text-align-center\" data-align=\"center\">14h00-15h00<\/td><td class=\"has-text-align-center\" data-align=\"center\">Servi\u00e7o Social<\/td><td class=\"has-text-align-center\" data-align=\"center\">Nilza Ciciliati<\/td><\/tr><tr><td class=\"has-text-align-center\" data-align=\"center\">15h00-16h00<\/td><td class=\"has-text-align-center\" data-align=\"center\">Biomedicina<\/td><td class=\"has-text-align-center\" data-align=\"center\">Ana Cristina Lopes<\/td><\/tr><tr><td class=\"has-text-align-center\" data-align=\"center\">16h00-17h00<\/td><td class=\"has-text-align-center\" data-align=\"center\">Bioqu\u00edmica<\/td><td class=\"has-text-align-center\" data-align=\"center\">Diego Souza<\/td><\/tr><tr><td class=\"has-text-align-center\" data-align=\"center\">17h00-18h00<\/td><td class=\"has-text-align-center\" data-align=\"center\">Farm\u00e1cia<\/td><td class=\"has-text-align-center\" data-align=\"center\">Rafaela Gomes<\/td><\/tr><tr><td class=\"has-text-align-center\" data-align=\"center\">18h00-19h00<\/td><td class=\"has-text-align-center\" data-align=\"center\">Nutri\u00e7\u00e3o<\/td><td class=\"has-text-align-center\" data-align=\"center\">\u00c2ngela Sezini<\/td><\/tr><\/tbody><\/table><\/figure>\n\n\n\n<p>A transmiss\u00e3o ocorrer\u00e1 ao vivo em nosso canal do Youtube,&nbsp;<strong>neste s\u00e1bado, 11 de setembro, a partir das 9h.&nbsp;<\/strong>Est\u00e1 imperd\u00edvel!<\/p>\n\n\n<figure class=\"wp-block-embed-youtube wp-block-embed is-type-video is-provider-youtube wp-embed-aspect-16-9 wp-has-aspect-ratio\"><div class=\"lyte-wrapper\" style=\"width:853px;max-width:100%;margin:5px;\"><div class=\"lyMe\" id=\"WYL_JnVUnB_Py5o\"><div id=\"lyte_JnVUnB_Py5o\" data-src=\"\/\/i.ytimg.com\/vi\/JnVUnB_Py5o\/hqdefault.jpg\" class=\"pL\"><div class=\"tC\"><div class=\"tT\"><\/div><\/div><div class=\"play\"><\/div><div class=\"ctrl\"><div class=\"Lctrl\"><\/div><div class=\"Rctrl\"><\/div><\/div><\/div><noscript><a href=\"https:\/\/youtu.be\/JnVUnB_Py5o\" rel=\"nofollow\"><img loading=\"lazy\" decoding=\"async\" src=\"https:\/\/i.ytimg.com\/vi\/JnVUnB_Py5o\/0.jpg\" alt=\"YouTube video thumbnail\" width=\"853\" height=\"460\" \/><br \/>Assista a este v\u00eddeo no YouTube<\/a><\/noscript><\/div><\/div><div class=\"lL\" style=\"max-width:100%;width:853px;margin:5px;\"><\/div><figcaption><\/figcaption><\/figure>\n\n\n<h2 class=\"has-text-align-center has-background has-medium-font-size wp-block-heading\" id=\"h-saiba-mais-concurso-sesau-al\" style=\"background-color:#b6e3d4\"><span class=\"has-inline-color has-black-color\">Saiba mais:<\/span> <a href=\"https:\/\/www.estrategiaconcursos.com.br\/blog\/concurso-sesau-al\/\" target=\"_blank\" rel=\"noreferrer noopener\">Concurso SESAU AL<\/a><\/h2>\n\n\n\n<hr class=\"wp-block-separator\"\/>\n\n\n\n<div class=\"container\" id=\"boxes\">\n  <div class=\"row\">\n\n    <div class=\"col-sm\">\n      <div class=\"banner-medicina\" id=\"box-assinatura\">\n        <h3 class=\"titulo-assinatura\">Concurso SESAU AL<\/h3>\n        <p class=\"subtitulo-assinatura\">Conhe\u00e7a os cursos<\/p>\n        <div class=\"box-botao\">\n          <a class=\"btn-assinatura\" target=\"_blank\" href=\"https:\/\/www.estrategiaconcursos.com.br\/cursosPorConcurso\/secretaria-de-estado-da-saude-do-alagoas-sesau-al\/\" role=\"button\" rel=\"noopener noreferrer\">Conhe\u00e7a mais<\/a>\n        <\/div>\n      <\/div>\n    \n\n  <\/div>\n<\/div><\/div>\n\n\n\n<div class=\"container\" id=\"boxes\">\n  <div class=\"row\">\n\n    <div class=\"col-sm\">\n      <div class=\"estrategia\" id=\"box-assinatura\">\n        <h3 class=\"titulo-assinatura\">Assinatura de Concursos<\/h3>\n        <p class=\"subtitulo-assinatura\">Assinatura de 1 ano ou 2 anos<\/p>\n        <div class=\"box-botao\">\n          <a class=\"btn-assinatura\" target=\"_blank\" href=\"https:\/\/www.estrategiaconcursos.com.br\/assinaturas\/\" role=\"button\" rel=\"noopener noreferrer\">ASSINE AGORA<\/a>\n        <\/div>\n      <\/div>\n     \n    <\/div><\/div><\/div>\n\n\n\n<div class=\"container\" id=\"boxes\">\n  <div class=\"row\">\n\n    <div class=\"col-sm\" id=\"boxes-concursos\">\n      <div style=\"background-color: #005DAD;\" class=\"conteudo-concursos\" id=\"box-concursos\">\n        <h3 class=\"titulo-assinatura\">Concursos Abertos<\/h3>\n        <p class=\"subtitulo-assinatura\">Os editais publicados<\/p>\n        <div class=\"box-botao\">\n          <a class=\"btn-assinatura\" target=\"_blank\" href=\"https:\/\/www.estrategiaconcursos.com.br\/blog\/concursos-abertos\/\" role=\"button\" rel=\"noopener noreferrer\">Conhe\u00e7a Agora<\/a>\n        <\/div>\n      <\/div>\n    <\/div>\n\n    <div class=\"col-sm\" id=\"boxes-concursos\">\n      <div style=\"background-color: #1A7ED5;\" class=\"conteudo-concursos\" id=\"box-concursos\">\n        <h3 class=\"titulo-assinatura\">Concursos 2021<\/h3>\n        <p class=\"subtitulo-assinatura\">As oportunidades previstas<\/p>\n        <div class=\"box-botao\">\n          <a class=\"btn-assinatura\" target=\"_blank\" href=\"https:\/\/www.estrategiaconcursos.com.br\/blog\/concursos-2021\/\" role=\"button\" rel=\"noopener noreferrer\">Conhe\u00e7a Agora<\/a>\n        <\/div>\n      <\/div>\n    <\/div>\n\n    <div class=\"col-sm\" id=\"boxes-concursos\">\n      <div style=\"background-color: #419FF0;\" class=\"conteudo-concursos\" id=\"box-concursos\">\n        <h3 class=\"titulo-assinatura\">Concursos 2022<\/h3>\n        <p class=\"subtitulo-assinatura\">Vagas para o pr\u00f3ximo ano<\/p>\n        <div class=\"box-botao\">\n          <a class=\"btn-assinatura\" target=\"_blank\" href=\"https:\/\/www.estrategiaconcursos.com.br\/blog\/concursos-2022\/\" role=\"button\" rel=\"noopener noreferrer\">Conhe\u00e7a Agora<\/a>\n        <\/div>\n      <\/div>\n    <\/div>\n\n  <\/div>\n<\/div>\n","protected":false},"excerpt":{"rendered":"<p>Aten\u00e7\u00e3o, interessados no concurso SESAU AL! As provas objetivas do certame est\u00e3o cada vez mais pr\u00f3ximas: a etapa ser\u00e1 realizada neste domingo, 12 de setembro. A sele\u00e7\u00e3o oferta&nbsp;1.200 vagas&nbsp;para cargos de n\u00edveis m\u00e9dio, t\u00e9cnico e superior. Os sal\u00e1rios iniciais variam em valores de R$ 1.100,00 a R$ 3.707,43. Com isso, pensando em ajud\u00e1-lo a ficar [&hellip;]<\/p>\n","protected":false},"author":2134,"featured_media":857970,"comment_status":"open","ping_status":"closed","sticky":false,"template":"","format":"standard","meta":{"post_tipo":"news","footnotes":""},"categories":[1981,220219],"tags":[],"tax_estado":[219965],"class_list":["post-857956","post","type-post","status-publish","format-standard","has-post-thumbnail","hentry","category-saude","category-noticias","tax_estado-al"],"acf":[],"yoast_head":"<!-- This site is optimized with the Yoast SEO Premium plugin v27.2 (Yoast SEO v27.2) - https:\/\/yoast.com\/product\/yoast-seo-premium-wordpress\/ -->\n<title>Revis\u00e3o de V\u00e9spera SESAU AL: esteja pronto para prova!<\/title>\n<meta name=\"description\" content=\"Revis\u00e3o de V\u00e9spera SESAU AL\" \/>\n<meta name=\"robots\" content=\"index, follow, max-snippet:-1, max-image-preview:large, max-video-preview:-1\" \/>\n<link rel=\"canonical\" href=\"https:\/\/www.estrategiaconcursos.com.br\/blog\/revisao-de-vespera-sesau-al\/\" \/>\n<meta property=\"og:locale\" content=\"pt_BR\" \/>\n<meta property=\"og:type\" content=\"article\" \/>\n<meta property=\"og:title\" content=\"Revis\u00e3o de V\u00e9spera SESAU AL: esteja pronto para prova!\" \/>\n<meta property=\"og:description\" content=\"Revis\u00e3o de V\u00e9spera SESAU AL\" \/>\n<meta property=\"og:url\" content=\"https:\/\/www.estrategiaconcursos.com.br\/blog\/revisao-de-vespera-sesau-al\/\" \/>\n<meta property=\"og:site_name\" content=\"Estrat\u00e9gia Concursos\" \/>\n<meta property=\"article:published_time\" content=\"2021-09-11T11:00:00+00:00\" \/>\n<meta property=\"og:image\" content=\"https:\/\/dhg1h5j42swfq.cloudfront.net\/2021\/09\/09201041\/1280-720-max-15.jpg\" \/>\n\t<meta property=\"og:image:width\" content=\"1280\" \/>\n\t<meta property=\"og:image:height\" content=\"720\" \/>\n\t<meta property=\"og:image:type\" content=\"image\/jpeg\" \/>\n<meta name=\"author\" content=\"Rafaela Teixeira\" \/>\n<meta name=\"twitter:card\" content=\"summary_large_image\" \/>\n<meta name=\"twitter:creator\" content=\"@EstratConcursos\" \/>\n<meta name=\"twitter:site\" content=\"@EstratConcursos\" \/>\n<meta name=\"twitter:label1\" content=\"Escrito por\" \/>\n\t<meta name=\"twitter:data1\" content=\"Rafaela Teixeira\" \/>\n\t<meta name=\"twitter:label2\" content=\"Est. tempo de leitura\" \/>\n\t<meta name=\"twitter:data2\" content=\"1 minuto\" \/>\n<script type=\"application\/ld+json\" class=\"yoast-schema-graph\">{\"@context\":\"https:\/\/schema.org\",\"@graph\":[{\"@type\":\"NewsArticle\",\"@id\":\"https:\/\/www.estrategiaconcursos.com.br\/blog\/revisao-de-vespera-sesau-al\/#article\",\"isPartOf\":{\"@id\":\"https:\/\/www.estrategiaconcursos.com.br\/blog\/revisao-de-vespera-sesau-al\/\"},\"author\":{\"name\":\"Rafaela Teixeira\",\"@id\":\"https:\/\/www.estrategiaconcursos.com.br\/blog\/#\/schema\/person\/e75352021ea7f60781c599934f916eb1\"},\"headline\":\"Revis\u00e3o de V\u00e9spera SESAU AL: esteja pronto para prova!\",\"datePublished\":\"2021-09-11T11:00:00+00:00\",\"mainEntityOfPage\":{\"@id\":\"https:\/\/www.estrategiaconcursos.com.br\/blog\/revisao-de-vespera-sesau-al\/\"},\"wordCount\":281,\"commentCount\":0,\"publisher\":{\"@id\":\"https:\/\/www.estrategiaconcursos.com.br\/blog\/#organization\"},\"image\":{\"@id\":\"https:\/\/www.estrategiaconcursos.com.br\/blog\/revisao-de-vespera-sesau-al\/#primaryimage\"},\"thumbnailUrl\":\"https:\/\/dhg1h5j42swfq.cloudfront.net\/2021\/09\/09201041\/1280-720-max-15.jpg\",\"articleSection\":[\"Sa\u00fade\",\"\u00daltimas not\u00edcias\"],\"inLanguage\":\"pt-BR\",\"potentialAction\":[{\"@type\":\"CommentAction\",\"name\":\"Comment\",\"target\":[\"https:\/\/www.estrategiaconcursos.com.br\/blog\/revisao-de-vespera-sesau-al\/#respond\"]}],\"copyrightYear\":\"2021\",\"copyrightHolder\":{\"@id\":\"https:\/\/www.estrategiaconcursos.com.br\/blog\/#organization\"}},{\"@type\":\"WebPage\",\"@id\":\"https:\/\/www.estrategiaconcursos.com.br\/blog\/revisao-de-vespera-sesau-al\/\",\"url\":\"https:\/\/www.estrategiaconcursos.com.br\/blog\/revisao-de-vespera-sesau-al\/\",\"name\":\"Revis\u00e3o de V\u00e9spera SESAU AL: esteja pronto para prova!\",\"isPartOf\":{\"@id\":\"https:\/\/www.estrategiaconcursos.com.br\/blog\/#website\"},\"primaryImageOfPage\":{\"@id\":\"https:\/\/www.estrategiaconcursos.com.br\/blog\/revisao-de-vespera-sesau-al\/#primaryimage\"},\"image\":{\"@id\":\"https:\/\/www.estrategiaconcursos.com.br\/blog\/revisao-de-vespera-sesau-al\/#primaryimage\"},\"thumbnailUrl\":\"https:\/\/dhg1h5j42swfq.cloudfront.net\/2021\/09\/09201041\/1280-720-max-15.jpg\",\"datePublished\":\"2021-09-11T11:00:00+00:00\",\"description\":\"Revis\u00e3o de V\u00e9spera SESAU AL\",\"breadcrumb\":{\"@id\":\"https:\/\/www.estrategiaconcursos.com.br\/blog\/revisao-de-vespera-sesau-al\/#breadcrumb\"},\"inLanguage\":\"pt-BR\",\"potentialAction\":[{\"@type\":\"ReadAction\",\"target\":[\"https:\/\/www.estrategiaconcursos.com.br\/blog\/revisao-de-vespera-sesau-al\/\"]}]},{\"@type\":\"ImageObject\",\"inLanguage\":\"pt-BR\",\"@id\":\"https:\/\/www.estrategiaconcursos.com.br\/blog\/revisao-de-vespera-sesau-al\/#primaryimage\",\"url\":\"https:\/\/dhg1h5j42swfq.cloudfront.net\/2021\/09\/09201041\/1280-720-max-15.jpg\",\"contentUrl\":\"https:\/\/dhg1h5j42swfq.cloudfront.net\/2021\/09\/09201041\/1280-720-max-15.jpg\",\"width\":1280,\"height\":720},{\"@type\":\"BreadcrumbList\",\"@id\":\"https:\/\/www.estrategiaconcursos.com.br\/blog\/revisao-de-vespera-sesau-al\/#breadcrumb\",\"itemListElement\":[{\"@type\":\"ListItem\",\"position\":1,\"name\":\"In\u00edcio\",\"item\":\"https:\/\/www.estrategiaconcursos.com.br\/blog\/\"},{\"@type\":\"ListItem\",\"position\":2,\"name\":\"Revis\u00e3o de V\u00e9spera SESAU AL: esteja pronto para prova!\"}]},{\"@type\":\"WebSite\",\"@id\":\"https:\/\/www.estrategiaconcursos.com.br\/blog\/#website\",\"url\":\"https:\/\/www.estrategiaconcursos.com.br\/blog\/\",\"name\":\"Estrat\u00e9gia Concursos\",\"description\":\"O blog da Estrat\u00e9gia Concursos traz not\u00edcias sobre concursos e artigos de professores oferecendo cursos para concursos (pdf + videaulas) no site.\",\"publisher\":{\"@id\":\"https:\/\/www.estrategiaconcursos.com.br\/blog\/#organization\"},\"potentialAction\":[{\"@type\":\"SearchAction\",\"target\":{\"@type\":\"EntryPoint\",\"urlTemplate\":\"https:\/\/www.estrategiaconcursos.com.br\/blog\/?s={search_term_string}\"},\"query-input\":{\"@type\":\"PropertyValueSpecification\",\"valueRequired\":true,\"valueName\":\"search_term_string\"}}],\"inLanguage\":\"pt-BR\"},{\"@type\":\"Organization\",\"@id\":\"https:\/\/www.estrategiaconcursos.com.br\/blog\/#organization\",\"name\":\"Estrat\u00e9gia Concursos\",\"url\":\"https:\/\/www.estrategiaconcursos.com.br\/blog\/\",\"logo\":{\"@type\":\"ImageObject\",\"inLanguage\":\"pt-BR\",\"@id\":\"https:\/\/www.estrategiaconcursos.com.br\/blog\/#\/schema\/logo\/image\/\",\"url\":\"https:\/\/dhg1h5j42swfq.cloudfront.net\/2025\/06\/03203428\/logo_concursos-1.jpg\",\"contentUrl\":\"https:\/\/dhg1h5j42swfq.cloudfront.net\/2025\/06\/03203428\/logo_concursos-1.jpg\",\"width\":230,\"height\":60,\"caption\":\"Estrat\u00e9gia Concursos\"},\"image\":{\"@id\":\"https:\/\/www.estrategiaconcursos.com.br\/blog\/#\/schema\/logo\/image\/\"},\"sameAs\":[\"https:\/\/x.com\/EstratConcursos\"]},{\"@type\":\"Person\",\"@id\":\"https:\/\/www.estrategiaconcursos.com.br\/blog\/#\/schema\/person\/e75352021ea7f60781c599934f916eb1\",\"name\":\"Rafaela Teixeira\",\"image\":{\"@type\":\"ImageObject\",\"inLanguage\":\"pt-BR\",\"@id\":\"https:\/\/secure.gravatar.com\/avatar\/8a349a2b22039b1ee88fc06461487c950fd6aa411ea8af8633314b43334ae793?s=96&d=mm&r=g\",\"url\":\"https:\/\/secure.gravatar.com\/avatar\/8a349a2b22039b1ee88fc06461487c950fd6aa411ea8af8633314b43334ae793?s=96&d=mm&r=g\",\"contentUrl\":\"https:\/\/secure.gravatar.com\/avatar\/8a349a2b22039b1ee88fc06461487c950fd6aa411ea8af8633314b43334ae793?s=96&d=mm&r=g\",\"caption\":\"Rafaela Teixeira\"},\"description\":\"Rafaela Teixeira \u00e9 advogada conveniada \u00e0 Defensoria P\u00fablica de S\u00e3o Paulo pela OAB, com experi\u00eancia em reda\u00e7\u00e3o jur\u00eddica e atua\u00e7\u00e3o em institui\u00e7\u00f5es p\u00fablicas, incluindo est\u00e1gio no TRE-SP. Possui mais de 7 anos de experi\u00eancia na produ\u00e7\u00e3o de conte\u00fados voltados ao nicho de concursos p\u00fablicos, com foco em apura\u00e7\u00e3o jornal\u00edstica cont\u00ednua, an\u00e1lise de editais e obten\u00e7\u00e3o de informa\u00e7\u00f5es diretamente junto a \u00f3rg\u00e3os e fontes oficiais. No Blog do Estrat\u00e9gia Concursos, atua como Analista de Conte\u00fado S\u00eanior, respons\u00e1vel pelo jornalismo do per\u00edodo noturno e da madrugada, com atua\u00e7\u00e3o transversal na cobertura de concursos p\u00fablicos, garantindo a continuidade, fluidez e confiabilidade das publica\u00e7\u00f5es e dos bastidores dos certames.\",\"url\":\"https:\/\/www.estrategiaconcursos.com.br\/blog\/author\/rafaela-teixeira\/\"}]}<\/script>\n<!-- \/ Yoast SEO Premium plugin. -->","yoast_head_json":{"title":"Revis\u00e3o de V\u00e9spera SESAU AL: esteja pronto para prova!","description":"Revis\u00e3o de V\u00e9spera SESAU AL","robots":{"index":"index","follow":"follow","max-snippet":"max-snippet:-1","max-image-preview":"max-image-preview:large","max-video-preview":"max-video-preview:-1"},"canonical":"https:\/\/www.estrategiaconcursos.com.br\/blog\/revisao-de-vespera-sesau-al\/","og_locale":"pt_BR","og_type":"article","og_title":"Revis\u00e3o de V\u00e9spera SESAU AL: esteja pronto para prova!","og_description":"Revis\u00e3o de V\u00e9spera SESAU AL","og_url":"https:\/\/www.estrategiaconcursos.com.br\/blog\/revisao-de-vespera-sesau-al\/","og_site_name":"Estrat\u00e9gia Concursos","article_published_time":"2021-09-11T11:00:00+00:00","og_image":[{"width":1280,"height":720,"url":"https:\/\/dhg1h5j42swfq.cloudfront.net\/2021\/09\/09201041\/1280-720-max-15.jpg","type":"image\/jpeg"}],"author":"Rafaela Teixeira","twitter_card":"summary_large_image","twitter_creator":"@EstratConcursos","twitter_site":"@EstratConcursos","twitter_misc":{"Escrito por":"Rafaela Teixeira","Est. tempo de leitura":"1 minuto"},"schema":{"@context":"https:\/\/schema.org","@graph":[{"@type":"NewsArticle","@id":"https:\/\/www.estrategiaconcursos.com.br\/blog\/revisao-de-vespera-sesau-al\/#article","isPartOf":{"@id":"https:\/\/www.estrategiaconcursos.com.br\/blog\/revisao-de-vespera-sesau-al\/"},"author":{"name":"Rafaela Teixeira","@id":"https:\/\/www.estrategiaconcursos.com.br\/blog\/#\/schema\/person\/e75352021ea7f60781c599934f916eb1"},"headline":"Revis\u00e3o de V\u00e9spera SESAU AL: esteja pronto para prova!","datePublished":"2021-09-11T11:00:00+00:00","mainEntityOfPage":{"@id":"https:\/\/www.estrategiaconcursos.com.br\/blog\/revisao-de-vespera-sesau-al\/"},"wordCount":281,"commentCount":0,"publisher":{"@id":"https:\/\/www.estrategiaconcursos.com.br\/blog\/#organization"},"image":{"@id":"https:\/\/www.estrategiaconcursos.com.br\/blog\/revisao-de-vespera-sesau-al\/#primaryimage"},"thumbnailUrl":"https:\/\/dhg1h5j42swfq.cloudfront.net\/2021\/09\/09201041\/1280-720-max-15.jpg","articleSection":["Sa\u00fade","\u00daltimas not\u00edcias"],"inLanguage":"pt-BR","potentialAction":[{"@type":"CommentAction","name":"Comment","target":["https:\/\/www.estrategiaconcursos.com.br\/blog\/revisao-de-vespera-sesau-al\/#respond"]}],"copyrightYear":"2021","copyrightHolder":{"@id":"https:\/\/www.estrategiaconcursos.com.br\/blog\/#organization"}},{"@type":"WebPage","@id":"https:\/\/www.estrategiaconcursos.com.br\/blog\/revisao-de-vespera-sesau-al\/","url":"https:\/\/www.estrategiaconcursos.com.br\/blog\/revisao-de-vespera-sesau-al\/","name":"Revis\u00e3o de V\u00e9spera SESAU AL: esteja pronto para prova!","isPartOf":{"@id":"https:\/\/www.estrategiaconcursos.com.br\/blog\/#website"},"primaryImageOfPage":{"@id":"https:\/\/www.estrategiaconcursos.com.br\/blog\/revisao-de-vespera-sesau-al\/#primaryimage"},"image":{"@id":"https:\/\/www.estrategiaconcursos.com.br\/blog\/revisao-de-vespera-sesau-al\/#primaryimage"},"thumbnailUrl":"https:\/\/dhg1h5j42swfq.cloudfront.net\/2021\/09\/09201041\/1280-720-max-15.jpg","datePublished":"2021-09-11T11:00:00+00:00","description":"Revis\u00e3o de V\u00e9spera SESAU AL","breadcrumb":{"@id":"https:\/\/www.estrategiaconcursos.com.br\/blog\/revisao-de-vespera-sesau-al\/#breadcrumb"},"inLanguage":"pt-BR","potentialAction":[{"@type":"ReadAction","target":["https:\/\/www.estrategiaconcursos.com.br\/blog\/revisao-de-vespera-sesau-al\/"]}]},{"@type":"ImageObject","inLanguage":"pt-BR","@id":"https:\/\/www.estrategiaconcursos.com.br\/blog\/revisao-de-vespera-sesau-al\/#primaryimage","url":"https:\/\/dhg1h5j42swfq.cloudfront.net\/2021\/09\/09201041\/1280-720-max-15.jpg","contentUrl":"https:\/\/dhg1h5j42swfq.cloudfront.net\/2021\/09\/09201041\/1280-720-max-15.jpg","width":1280,"height":720},{"@type":"BreadcrumbList","@id":"https:\/\/www.estrategiaconcursos.com.br\/blog\/revisao-de-vespera-sesau-al\/#breadcrumb","itemListElement":[{"@type":"ListItem","position":1,"name":"In\u00edcio","item":"https:\/\/www.estrategiaconcursos.com.br\/blog\/"},{"@type":"ListItem","position":2,"name":"Revis\u00e3o de V\u00e9spera SESAU AL: esteja pronto para prova!"}]},{"@type":"WebSite","@id":"https:\/\/www.estrategiaconcursos.com.br\/blog\/#website","url":"https:\/\/www.estrategiaconcursos.com.br\/blog\/","name":"Estrat\u00e9gia Concursos","description":"O blog da Estrat\u00e9gia Concursos traz not\u00edcias sobre concursos e artigos de professores oferecendo cursos para concursos (pdf + videaulas) no site.","publisher":{"@id":"https:\/\/www.estrategiaconcursos.com.br\/blog\/#organization"},"potentialAction":[{"@type":"SearchAction","target":{"@type":"EntryPoint","urlTemplate":"https:\/\/www.estrategiaconcursos.com.br\/blog\/?s={search_term_string}"},"query-input":{"@type":"PropertyValueSpecification","valueRequired":true,"valueName":"search_term_string"}}],"inLanguage":"pt-BR"},{"@type":"Organization","@id":"https:\/\/www.estrategiaconcursos.com.br\/blog\/#organization","name":"Estrat\u00e9gia Concursos","url":"https:\/\/www.estrategiaconcursos.com.br\/blog\/","logo":{"@type":"ImageObject","inLanguage":"pt-BR","@id":"https:\/\/www.estrategiaconcursos.com.br\/blog\/#\/schema\/logo\/image\/","url":"https:\/\/dhg1h5j42swfq.cloudfront.net\/2025\/06\/03203428\/logo_concursos-1.jpg","contentUrl":"https:\/\/dhg1h5j42swfq.cloudfront.net\/2025\/06\/03203428\/logo_concursos-1.jpg","width":230,"height":60,"caption":"Estrat\u00e9gia Concursos"},"image":{"@id":"https:\/\/www.estrategiaconcursos.com.br\/blog\/#\/schema\/logo\/image\/"},"sameAs":["https:\/\/x.com\/EstratConcursos"]},{"@type":"Person","@id":"https:\/\/www.estrategiaconcursos.com.br\/blog\/#\/schema\/person\/e75352021ea7f60781c599934f916eb1","name":"Rafaela Teixeira","image":{"@type":"ImageObject","inLanguage":"pt-BR","@id":"https:\/\/secure.gravatar.com\/avatar\/8a349a2b22039b1ee88fc06461487c950fd6aa411ea8af8633314b43334ae793?s=96&d=mm&r=g","url":"https:\/\/secure.gravatar.com\/avatar\/8a349a2b22039b1ee88fc06461487c950fd6aa411ea8af8633314b43334ae793?s=96&d=mm&r=g","contentUrl":"https:\/\/secure.gravatar.com\/avatar\/8a349a2b22039b1ee88fc06461487c950fd6aa411ea8af8633314b43334ae793?s=96&d=mm&r=g","caption":"Rafaela Teixeira"},"description":"Rafaela Teixeira \u00e9 advogada conveniada \u00e0 Defensoria P\u00fablica de S\u00e3o Paulo pela OAB, com experi\u00eancia em reda\u00e7\u00e3o jur\u00eddica e atua\u00e7\u00e3o em institui\u00e7\u00f5es p\u00fablicas, incluindo est\u00e1gio no TRE-SP. Possui mais de 7 anos de experi\u00eancia na produ\u00e7\u00e3o de conte\u00fados voltados ao nicho de concursos p\u00fablicos, com foco em apura\u00e7\u00e3o jornal\u00edstica cont\u00ednua, an\u00e1lise de editais e obten\u00e7\u00e3o de informa\u00e7\u00f5es diretamente junto a \u00f3rg\u00e3os e fontes oficiais. No Blog do Estrat\u00e9gia Concursos, atua como Analista de Conte\u00fado S\u00eanior, respons\u00e1vel pelo jornalismo do per\u00edodo noturno e da madrugada, com atua\u00e7\u00e3o transversal na cobertura de concursos p\u00fablicos, garantindo a continuidade, fluidez e confiabilidade das publica\u00e7\u00f5es e dos bastidores dos certames.","url":"https:\/\/www.estrategiaconcursos.com.br\/blog\/author\/rafaela-teixeira\/"}]}},"_links":{"self":[{"href":"https:\/\/www.estrategiaconcursos.com.br\/blog\/wp-json\/wp\/v2\/posts\/857956","targetHints":{"allow":["GET"]}}],"collection":[{"href":"https:\/\/www.estrategiaconcursos.com.br\/blog\/wp-json\/wp\/v2\/posts"}],"about":[{"href":"https:\/\/www.estrategiaconcursos.com.br\/blog\/wp-json\/wp\/v2\/types\/post"}],"author":[{"embeddable":true,"href":"https:\/\/www.estrategiaconcursos.com.br\/blog\/wp-json\/wp\/v2\/users\/2134"}],"replies":[{"embeddable":true,"href":"https:\/\/www.estrategiaconcursos.com.br\/blog\/wp-json\/wp\/v2\/comments?post=857956"}],"version-history":[{"count":4,"href":"https:\/\/www.estrategiaconcursos.com.br\/blog\/wp-json\/wp\/v2\/posts\/857956\/revisions"}],"predecessor-version":[{"id":858997,"href":"https:\/\/www.estrategiaconcursos.com.br\/blog\/wp-json\/wp\/v2\/posts\/857956\/revisions\/858997"}],"wp:featuredmedia":[{"embeddable":true,"href":"https:\/\/www.estrategiaconcursos.com.br\/blog\/wp-json\/wp\/v2\/media\/857970"}],"wp:attachment":[{"href":"https:\/\/www.estrategiaconcursos.com.br\/blog\/wp-json\/wp\/v2\/media?parent=857956"}],"wp:term":[{"taxonomy":"category","embeddable":true,"href":"https:\/\/www.estrategiaconcursos.com.br\/blog\/wp-json\/wp\/v2\/categories?post=857956"},{"taxonomy":"post_tag","embeddable":true,"href":"https:\/\/www.estrategiaconcursos.com.br\/blog\/wp-json\/wp\/v2\/tags?post=857956"},{"taxonomy":"tax_estado","embeddable":true,"href":"https:\/\/www.estrategiaconcursos.com.br\/blog\/wp-json\/wp\/v2\/tax_estado?post=857956"}],"curies":[{"name":"wp","href":"https:\/\/api.w.org\/{rel}","templated":true}]}}