{"id":857229,"date":"2021-09-09T10:34:12","date_gmt":"2021-09-09T13:34:12","guid":{"rendered":"https:\/\/www.estrategiaconcursos.com.br\/blog\/?p=857229"},"modified":"2022-09-05T16:50:44","modified_gmt":"2022-09-05T19:50:44","slug":"redacao-estilo-fgv-para-tj-ro-temas-de-prova","status":"publish","type":"post","link":"https:\/\/www.estrategiaconcursos.com.br\/blog\/redacao-estilo-fgv-para-tj-ro-temas-de-prova\/","title":{"rendered":"Reda\u00e7\u00e3o estilo FGV para TJ-RO &#8211; Temas de prova"},"content":{"rendered":"\n<p>Ol\u00e1, pessoal. Tudo bem?<\/p>\n\n\n\n<p>Meu nome \u00e9 <strong>Marcio Damasceno<\/strong>, sou professor dos <strong>Cursos de Discursivas<\/strong> do Estrat\u00e9gia Concursos.<\/p>\n\n\n\n<p>Como voc\u00ea j\u00e1 sabe, a prova discursiva para o TJ-RO incluir\u00e1, para todos os cargos, uma reda\u00e7\u00e3o.<\/p>\n\n\n\n<p>A FGV tem caracter\u00edsticas pr\u00f3prias no que se refere \u00e0 reda\u00e7\u00e3o. Vou apresentar-lhes uma tabela com uma lista de temas j\u00e1 cobrados pela sua banca.<\/p>\n\n\n\n<ol class=\"wp-block-list\"><li><strong><span class=\"has-inline-color has-vivid-red-color\">Temas anteriores <\/span><\/strong><\/li><\/ol>\n\n\n\n<figure class=\"wp-block-image size-full\"><img loading=\"lazy\" decoding=\"async\" width=\"634\" height=\"827\" src=\"https:\/\/dhg1h5j42swfq.cloudfront.net\/2021\/09\/09104103\/temas-fgv.gif\" alt=\"\" class=\"wp-image-857248\"\/><\/figure>\n\n\n\n<p>Dessa lista, podemos tirar algumas <strong>conclus\u00f5es<\/strong>:<\/p>\n\n\n\n<p>1. H\u00e1 uma leve tend\u00eancia da banca em cobrar temas afins ao cargo (exemplo: temas relacionados ao Poder Judici\u00e1rio para o cargo de Analista Judici\u00e1rio), mas isso n\u00e3o \u00e9 mandat\u00f3rio.<\/p>\n\n\n\n<p>2. Os eixos tem\u00e1ticos s\u00e3o bem diversos (sa\u00fade, meio ambiente, tecnologia&#8230;), ou seja, a banca pode cobrar qualquer assunto.<\/p>\n\n\n\n<p>3. Os temas, muitas vezes, s\u00e3o colocados em forma de pergunta. Em decorr\u00eancia disso, foque em responder a essa pergunta por meio da sua TESE. Uma vez definida, pense nos seus t\u00f3picos. Isso \u00e9 explicado em detalhes nos nossos cursos.<\/p>\n\n\n\n<p>Obs: o fato de os temas serem apresentados por meio de perguntas, n\u00e3o s\u00e3o uma licen\u00e7a para a informalidade. Portanto, utilize a norma culta e estruture o seu texto em 3\u00aa pessoa.<\/p>\n\n\n\n<p>Acredito que tenha ficado mais claro o perfil da banca FGV no que se refere \u00e0 reda\u00e7\u00e3o.<\/p>\n\n\n\n<p>Por fim, deixo aqui alguns temas estilo FGV para sua pr\u00e1tica.<\/p>\n\n\n\n<p>2<strong><span class=\"has-inline-color has-vivid-green-cyan-color\">. Sugest\u00f5es de temas para pr\u00e1tica<\/span><\/strong><\/p>\n\n\n\n<ol class=\"wp-block-list\" type=\"1\"><li>O que fazer por uma sociedade menos racista?<\/li><li>O Brasil \u00e9 o pa\u00eds da impunidade?<\/li><li>Voc\u00ea acha que o Brasil pode vencer a corrup\u00e7\u00e3o?<\/li><li>Jeitinho brasileiro: mito ou realidade?<\/li><li>Somos um povo realmente cordial?<\/li><li>Como reduzir a evas\u00e3o escolar?<\/li><li>O que o indiv\u00edduo pode fazer para reduzir o seu impacto ambiental?<\/li><li>Legaliza\u00e7\u00e3o do uso de drogas: redu\u00e7\u00e3o ou agravamento dos problemas da seguran\u00e7a p\u00fablica?<\/li><li>Flexibiliza\u00e7\u00e3o do porte de armamentos: aumento ou redu\u00e7\u00e3o da viol\u00eancia?<\/li><li>O combate \u00e0 fome e \u00e0 desigualdade social.<\/li><li>A discuss\u00e3o sobre a apropria\u00e7\u00e3o cultural.<\/li><li>A destrui\u00e7\u00e3o de monumentos: forma v\u00e1lida de protestar?<\/li><li>Imigra\u00e7\u00e3o: o dilema entre receber e expulsar.<\/li><li>&nbsp;Porque o saneamento b\u00e1sico \u00e9 t\u00e3o importante?<\/li><li>Como superar as mazelas do Poder Judici\u00e1rio?<\/li><li>O que o Judici\u00e1rio pode fazer par reduzir os problemas carcer\u00e1rios?<\/li><li>O Poder Judici\u00e1rio como instrumento para a redu\u00e7\u00e3o das desigualdades\/fortalecimento da democracia.<\/li><li>A import\u00e2ncia do respeito \u00e0 independ\u00eancia entre os Poderes e do controle m\u00fatuo entre eles.<\/li><\/ol>\n\n\n\n<p>Voc\u00ea quer aprofundar nesses t\u00f3picos e gabaritar na reda\u00e7\u00e3o da FGV. Adquira os nossos cursos!<\/p>\n\n\n\n<p>Seguem os links por meio dos quais voc\u00ea pode adquirir informa\u00e7\u00f5es:<\/p>\n\n\n\n<p><a href=\"https:\/\/www.estrategiaconcursos.com.br\/curso\/tj-ro-tecnico-judiciario-curso-personalizado-de-discursiva-6-correcoes\/\">https:\/\/www.estrategiaconcursos.com.br\/curso\/tj-ro-tecnico-judiciario-curso-personalizado-de-discursiva-6-correcoes\/<\/a><\/p>\n\n\n\n<p><a href=\"https:\/\/www.estrategiaconcursos.com.br\/curso\/tj-ro-analista-judiciario-oficial-de-justica-curso-personalizado-de-discursiva-6-correcoes\/\">https:\/\/www.estrategiaconcursos.com.br\/curso\/tj-ro-analista-judiciario-oficial-de-justica-curso-personalizado-de-discursiva-6-correcoes\/<\/a><\/p>\n\n\n\n<p><a href=\"https:\/\/www.estrategiaconcursos.com.br\/curso\/tj-ro-analista-judiciario-contador-curso-personalizado-de-discursiva-6-correcoes\/\">https:\/\/www.estrategiaconcursos.com.br\/curso\/tj-ro-analista-judiciario-contador-curso-personalizado-de-discursiva-6-correcoes\/<\/a><\/p>\n\n\n\n<p><a href=\"https:\/\/www.estrategiaconcursos.com.br\/curso\/tj-ro-analista-judiciario-administrador-curso-personalizado-de-discursiva-6-correcoes\/\">https:\/\/www.estrategiaconcursos.com.br\/curso\/tj-ro-analista-judiciario-administrador-curso-personalizado-de-discursiva-6-correcoes\/<\/a><\/p>\n\n\n\n<p><a href=\"https:\/\/www.estrategiaconcursos.com.br\/curso\/tj-ro-analista-judiciario-economista-curso-personalizado-de-discursiva-6-correcoes\/\">https:\/\/www.estrategiaconcursos.com.br\/curso\/tj-ro-analista-judiciario-economista-curso-personalizado-de-discursiva-6-correcoes\/<\/a><\/p>\n\n\n\n<p>Ser\u00e1 um prazer t\u00ea-los como alunos nesta trajet\u00f3ria rumo ao sonhado cargo p\u00fablico. Esperamos voc\u00eas l\u00e1! Grande abra\u00e7o!<\/p>\n\n\n\n<p>Marcio Damasceno.<\/p>\n\n\n\n<p>IG: profmarciodamasceno.<\/p>\n","protected":false},"excerpt":{"rendered":"<p>Ol\u00e1, pessoal. Tudo bem? Meu nome \u00e9 Marcio Damasceno, sou professor dos Cursos de Discursivas do Estrat\u00e9gia Concursos. Como voc\u00ea j\u00e1 sabe, a prova discursiva para o TJ-RO incluir\u00e1, para todos os cargos, uma reda\u00e7\u00e3o. A FGV tem caracter\u00edsticas pr\u00f3prias no que se refere \u00e0 reda\u00e7\u00e3o. Vou apresentar-lhes uma tabela com uma lista de temas [&hellip;]<\/p>\n","protected":false},"author":611,"featured_media":0,"comment_status":"open","ping_status":"closed","sticky":false,"template":"","format":"standard","meta":{"post_tipo":"article","footnotes":""},"categories":[1],"tags":[],"tax_estado":[],"class_list":["post-857229","post","type-post","status-publish","format-standard","hentry","category-cursos-e-concursos"],"acf":[],"yoast_head":"<!-- This site is optimized with the Yoast SEO Premium plugin v27.2 (Yoast SEO v27.2) - https:\/\/yoast.com\/product\/yoast-seo-premium-wordpress\/ -->\n<title>Reda\u00e7\u00e3o estilo FGV para TJ-RO - Temas de prova<\/title>\n<meta name=\"robots\" content=\"index, follow, max-snippet:-1, max-image-preview:large, max-video-preview:-1\" \/>\n<link rel=\"canonical\" href=\"https:\/\/www.estrategiaconcursos.com.br\/blog\/redacao-estilo-fgv-para-tj-ro-temas-de-prova\/\" \/>\n<meta property=\"og:locale\" content=\"pt_BR\" \/>\n<meta property=\"og:type\" content=\"article\" \/>\n<meta property=\"og:title\" content=\"Reda\u00e7\u00e3o estilo FGV para TJ-RO - Temas de prova\" \/>\n<meta property=\"og:description\" content=\"Ol\u00e1, pessoal. Tudo bem? Meu nome \u00e9 Marcio Damasceno, sou professor dos Cursos de Discursivas do Estrat\u00e9gia Concursos. Como voc\u00ea j\u00e1 sabe, a prova discursiva para o TJ-RO incluir\u00e1, para todos os cargos, uma reda\u00e7\u00e3o. A FGV tem caracter\u00edsticas pr\u00f3prias no que se refere \u00e0 reda\u00e7\u00e3o. Vou apresentar-lhes uma tabela com uma lista de temas [&hellip;]\" \/>\n<meta property=\"og:url\" content=\"https:\/\/www.estrategiaconcursos.com.br\/blog\/redacao-estilo-fgv-para-tj-ro-temas-de-prova\/\" \/>\n<meta property=\"og:site_name\" content=\"Estrat\u00e9gia Concursos\" \/>\n<meta property=\"article:published_time\" content=\"2021-09-09T13:34:12+00:00\" \/>\n<meta property=\"article:modified_time\" content=\"2022-09-05T19:50:44+00:00\" \/>\n<meta property=\"og:image\" content=\"https:\/\/www.estrategiaconcursos.com.br\/blog\/wp-content\/uploads\/2021\/09\/temas-fgv.gif\" \/>\n<meta name=\"author\" content=\"Marcio Damasceno\" \/>\n<meta name=\"twitter:card\" content=\"summary_large_image\" \/>\n<meta name=\"twitter:creator\" content=\"@EstratConcursos\" \/>\n<meta name=\"twitter:site\" content=\"@EstratConcursos\" \/>\n<meta name=\"twitter:label1\" content=\"Escrito por\" \/>\n\t<meta name=\"twitter:data1\" content=\"Marcio Damasceno\" \/>\n\t<meta name=\"twitter:label2\" content=\"Est. tempo de leitura\" \/>\n\t<meta name=\"twitter:data2\" content=\"3 minutos\" \/>\n<script type=\"application\/ld+json\" class=\"yoast-schema-graph\">{\"@context\":\"https:\/\/schema.org\",\"@graph\":[{\"@type\":\"NewsArticle\",\"@id\":\"https:\/\/www.estrategiaconcursos.com.br\/blog\/redacao-estilo-fgv-para-tj-ro-temas-de-prova\/#article\",\"isPartOf\":{\"@id\":\"https:\/\/www.estrategiaconcursos.com.br\/blog\/redacao-estilo-fgv-para-tj-ro-temas-de-prova\/\"},\"author\":{\"name\":\"Marcio Damasceno\",\"@id\":\"https:\/\/www.estrategiaconcursos.com.br\/blog\/#\/schema\/person\/93fb122910b3b72b3ba17b9d67315bef\"},\"headline\":\"Reda\u00e7\u00e3o estilo FGV para TJ-RO &#8211; Temas de prova\",\"datePublished\":\"2021-09-09T13:34:12+00:00\",\"dateModified\":\"2022-09-05T19:50:44+00:00\",\"mainEntityOfPage\":{\"@id\":\"https:\/\/www.estrategiaconcursos.com.br\/blog\/redacao-estilo-fgv-para-tj-ro-temas-de-prova\/\"},\"wordCount\":521,\"commentCount\":0,\"publisher\":{\"@id\":\"https:\/\/www.estrategiaconcursos.com.br\/blog\/#organization\"},\"image\":{\"@id\":\"https:\/\/www.estrategiaconcursos.com.br\/blog\/redacao-estilo-fgv-para-tj-ro-temas-de-prova\/#primaryimage\"},\"thumbnailUrl\":\"https:\/\/www.estrategiaconcursos.com.br\/blog\/wp-content\/uploads\/2021\/09\/temas-fgv.gif\",\"articleSection\":[\"Concursos P\u00fablicos\"],\"inLanguage\":\"pt-BR\",\"potentialAction\":[{\"@type\":\"CommentAction\",\"name\":\"Comment\",\"target\":[\"https:\/\/www.estrategiaconcursos.com.br\/blog\/redacao-estilo-fgv-para-tj-ro-temas-de-prova\/#respond\"]}],\"copyrightYear\":\"2021\",\"copyrightHolder\":{\"@id\":\"https:\/\/www.estrategiaconcursos.com.br\/blog\/#organization\"}},{\"@type\":\"WebPage\",\"@id\":\"https:\/\/www.estrategiaconcursos.com.br\/blog\/redacao-estilo-fgv-para-tj-ro-temas-de-prova\/\",\"url\":\"https:\/\/www.estrategiaconcursos.com.br\/blog\/redacao-estilo-fgv-para-tj-ro-temas-de-prova\/\",\"name\":\"Reda\u00e7\u00e3o estilo FGV para TJ-RO - Temas de prova\",\"isPartOf\":{\"@id\":\"https:\/\/www.estrategiaconcursos.com.br\/blog\/#website\"},\"primaryImageOfPage\":{\"@id\":\"https:\/\/www.estrategiaconcursos.com.br\/blog\/redacao-estilo-fgv-para-tj-ro-temas-de-prova\/#primaryimage\"},\"image\":{\"@id\":\"https:\/\/www.estrategiaconcursos.com.br\/blog\/redacao-estilo-fgv-para-tj-ro-temas-de-prova\/#primaryimage\"},\"thumbnailUrl\":\"https:\/\/www.estrategiaconcursos.com.br\/blog\/wp-content\/uploads\/2021\/09\/temas-fgv.gif\",\"datePublished\":\"2021-09-09T13:34:12+00:00\",\"dateModified\":\"2022-09-05T19:50:44+00:00\",\"breadcrumb\":{\"@id\":\"https:\/\/www.estrategiaconcursos.com.br\/blog\/redacao-estilo-fgv-para-tj-ro-temas-de-prova\/#breadcrumb\"},\"inLanguage\":\"pt-BR\",\"potentialAction\":[{\"@type\":\"ReadAction\",\"target\":[\"https:\/\/www.estrategiaconcursos.com.br\/blog\/redacao-estilo-fgv-para-tj-ro-temas-de-prova\/\"]}]},{\"@type\":\"ImageObject\",\"inLanguage\":\"pt-BR\",\"@id\":\"https:\/\/www.estrategiaconcursos.com.br\/blog\/redacao-estilo-fgv-para-tj-ro-temas-de-prova\/#primaryimage\",\"url\":\"https:\/\/dhg1h5j42swfq.cloudfront.net\/2021\/09\/09104103\/temas-fgv.gif\",\"contentUrl\":\"https:\/\/dhg1h5j42swfq.cloudfront.net\/2021\/09\/09104103\/temas-fgv.gif\",\"width\":634,\"height\":827},{\"@type\":\"BreadcrumbList\",\"@id\":\"https:\/\/www.estrategiaconcursos.com.br\/blog\/redacao-estilo-fgv-para-tj-ro-temas-de-prova\/#breadcrumb\",\"itemListElement\":[{\"@type\":\"ListItem\",\"position\":1,\"name\":\"In\u00edcio\",\"item\":\"https:\/\/www.estrategiaconcursos.com.br\/blog\/\"},{\"@type\":\"ListItem\",\"position\":2,\"name\":\"Reda\u00e7\u00e3o estilo FGV para TJ-RO &#8211; Temas de prova\"}]},{\"@type\":\"WebSite\",\"@id\":\"https:\/\/www.estrategiaconcursos.com.br\/blog\/#website\",\"url\":\"https:\/\/www.estrategiaconcursos.com.br\/blog\/\",\"name\":\"Estrat\u00e9gia Concursos\",\"description\":\"O blog da Estrat\u00e9gia Concursos traz not\u00edcias sobre concursos e artigos de professores oferecendo cursos para concursos (pdf + videaulas) no site.\",\"publisher\":{\"@id\":\"https:\/\/www.estrategiaconcursos.com.br\/blog\/#organization\"},\"potentialAction\":[{\"@type\":\"SearchAction\",\"target\":{\"@type\":\"EntryPoint\",\"urlTemplate\":\"https:\/\/www.estrategiaconcursos.com.br\/blog\/?s={search_term_string}\"},\"query-input\":{\"@type\":\"PropertyValueSpecification\",\"valueRequired\":true,\"valueName\":\"search_term_string\"}}],\"inLanguage\":\"pt-BR\"},{\"@type\":\"Organization\",\"@id\":\"https:\/\/www.estrategiaconcursos.com.br\/blog\/#organization\",\"name\":\"Estrat\u00e9gia Concursos\",\"url\":\"https:\/\/www.estrategiaconcursos.com.br\/blog\/\",\"logo\":{\"@type\":\"ImageObject\",\"inLanguage\":\"pt-BR\",\"@id\":\"https:\/\/www.estrategiaconcursos.com.br\/blog\/#\/schema\/logo\/image\/\",\"url\":\"https:\/\/dhg1h5j42swfq.cloudfront.net\/2025\/06\/03203428\/logo_concursos-1.jpg\",\"contentUrl\":\"https:\/\/dhg1h5j42swfq.cloudfront.net\/2025\/06\/03203428\/logo_concursos-1.jpg\",\"width\":230,\"height\":60,\"caption\":\"Estrat\u00e9gia Concursos\"},\"image\":{\"@id\":\"https:\/\/www.estrategiaconcursos.com.br\/blog\/#\/schema\/logo\/image\/\"},\"sameAs\":[\"https:\/\/x.com\/EstratConcursos\"]},{\"@type\":\"Person\",\"@id\":\"https:\/\/www.estrategiaconcursos.com.br\/blog\/#\/schema\/person\/93fb122910b3b72b3ba17b9d67315bef\",\"name\":\"Marcio Damasceno\",\"image\":{\"@type\":\"ImageObject\",\"inLanguage\":\"pt-BR\",\"@id\":\"https:\/\/secure.gravatar.com\/avatar\/239ef2e5a61ef0a51d0076c851c83d2b59ad4685169911ccb9f9bf306edf074e?s=96&d=mm&r=g\",\"url\":\"https:\/\/secure.gravatar.com\/avatar\/239ef2e5a61ef0a51d0076c851c83d2b59ad4685169911ccb9f9bf306edf074e?s=96&d=mm&r=g\",\"contentUrl\":\"https:\/\/secure.gravatar.com\/avatar\/239ef2e5a61ef0a51d0076c851c83d2b59ad4685169911ccb9f9bf306edf074e?s=96&d=mm&r=g\",\"caption\":\"Marcio Damasceno\"},\"url\":\"https:\/\/www.estrategiaconcursos.com.br\/blog\/author\/marciodamascenoestrategiaconcursos-com-br\/\"}]}<\/script>\n<!-- \/ Yoast SEO Premium plugin. -->","yoast_head_json":{"title":"Reda\u00e7\u00e3o estilo FGV para TJ-RO - Temas de prova","robots":{"index":"index","follow":"follow","max-snippet":"max-snippet:-1","max-image-preview":"max-image-preview:large","max-video-preview":"max-video-preview:-1"},"canonical":"https:\/\/www.estrategiaconcursos.com.br\/blog\/redacao-estilo-fgv-para-tj-ro-temas-de-prova\/","og_locale":"pt_BR","og_type":"article","og_title":"Reda\u00e7\u00e3o estilo FGV para TJ-RO - Temas de prova","og_description":"Ol\u00e1, pessoal. Tudo bem? Meu nome \u00e9 Marcio Damasceno, sou professor dos Cursos de Discursivas do Estrat\u00e9gia Concursos. Como voc\u00ea j\u00e1 sabe, a prova discursiva para o TJ-RO incluir\u00e1, para todos os cargos, uma reda\u00e7\u00e3o. A FGV tem caracter\u00edsticas pr\u00f3prias no que se refere \u00e0 reda\u00e7\u00e3o. Vou apresentar-lhes uma tabela com uma lista de temas [&hellip;]","og_url":"https:\/\/www.estrategiaconcursos.com.br\/blog\/redacao-estilo-fgv-para-tj-ro-temas-de-prova\/","og_site_name":"Estrat\u00e9gia Concursos","article_published_time":"2021-09-09T13:34:12+00:00","article_modified_time":"2022-09-05T19:50:44+00:00","og_image":[{"url":"https:\/\/www.estrategiaconcursos.com.br\/blog\/wp-content\/uploads\/2021\/09\/temas-fgv.gif","type":"","width":"","height":""}],"author":"Marcio Damasceno","twitter_card":"summary_large_image","twitter_creator":"@EstratConcursos","twitter_site":"@EstratConcursos","twitter_misc":{"Escrito por":"Marcio Damasceno","Est. tempo de leitura":"3 minutos"},"schema":{"@context":"https:\/\/schema.org","@graph":[{"@type":"NewsArticle","@id":"https:\/\/www.estrategiaconcursos.com.br\/blog\/redacao-estilo-fgv-para-tj-ro-temas-de-prova\/#article","isPartOf":{"@id":"https:\/\/www.estrategiaconcursos.com.br\/blog\/redacao-estilo-fgv-para-tj-ro-temas-de-prova\/"},"author":{"name":"Marcio Damasceno","@id":"https:\/\/www.estrategiaconcursos.com.br\/blog\/#\/schema\/person\/93fb122910b3b72b3ba17b9d67315bef"},"headline":"Reda\u00e7\u00e3o estilo FGV para TJ-RO &#8211; Temas de prova","datePublished":"2021-09-09T13:34:12+00:00","dateModified":"2022-09-05T19:50:44+00:00","mainEntityOfPage":{"@id":"https:\/\/www.estrategiaconcursos.com.br\/blog\/redacao-estilo-fgv-para-tj-ro-temas-de-prova\/"},"wordCount":521,"commentCount":0,"publisher":{"@id":"https:\/\/www.estrategiaconcursos.com.br\/blog\/#organization"},"image":{"@id":"https:\/\/www.estrategiaconcursos.com.br\/blog\/redacao-estilo-fgv-para-tj-ro-temas-de-prova\/#primaryimage"},"thumbnailUrl":"https:\/\/www.estrategiaconcursos.com.br\/blog\/wp-content\/uploads\/2021\/09\/temas-fgv.gif","articleSection":["Concursos P\u00fablicos"],"inLanguage":"pt-BR","potentialAction":[{"@type":"CommentAction","name":"Comment","target":["https:\/\/www.estrategiaconcursos.com.br\/blog\/redacao-estilo-fgv-para-tj-ro-temas-de-prova\/#respond"]}],"copyrightYear":"2021","copyrightHolder":{"@id":"https:\/\/www.estrategiaconcursos.com.br\/blog\/#organization"}},{"@type":"WebPage","@id":"https:\/\/www.estrategiaconcursos.com.br\/blog\/redacao-estilo-fgv-para-tj-ro-temas-de-prova\/","url":"https:\/\/www.estrategiaconcursos.com.br\/blog\/redacao-estilo-fgv-para-tj-ro-temas-de-prova\/","name":"Reda\u00e7\u00e3o estilo FGV para TJ-RO - Temas de prova","isPartOf":{"@id":"https:\/\/www.estrategiaconcursos.com.br\/blog\/#website"},"primaryImageOfPage":{"@id":"https:\/\/www.estrategiaconcursos.com.br\/blog\/redacao-estilo-fgv-para-tj-ro-temas-de-prova\/#primaryimage"},"image":{"@id":"https:\/\/www.estrategiaconcursos.com.br\/blog\/redacao-estilo-fgv-para-tj-ro-temas-de-prova\/#primaryimage"},"thumbnailUrl":"https:\/\/www.estrategiaconcursos.com.br\/blog\/wp-content\/uploads\/2021\/09\/temas-fgv.gif","datePublished":"2021-09-09T13:34:12+00:00","dateModified":"2022-09-05T19:50:44+00:00","breadcrumb":{"@id":"https:\/\/www.estrategiaconcursos.com.br\/blog\/redacao-estilo-fgv-para-tj-ro-temas-de-prova\/#breadcrumb"},"inLanguage":"pt-BR","potentialAction":[{"@type":"ReadAction","target":["https:\/\/www.estrategiaconcursos.com.br\/blog\/redacao-estilo-fgv-para-tj-ro-temas-de-prova\/"]}]},{"@type":"ImageObject","inLanguage":"pt-BR","@id":"https:\/\/www.estrategiaconcursos.com.br\/blog\/redacao-estilo-fgv-para-tj-ro-temas-de-prova\/#primaryimage","url":"https:\/\/dhg1h5j42swfq.cloudfront.net\/2021\/09\/09104103\/temas-fgv.gif","contentUrl":"https:\/\/dhg1h5j42swfq.cloudfront.net\/2021\/09\/09104103\/temas-fgv.gif","width":634,"height":827},{"@type":"BreadcrumbList","@id":"https:\/\/www.estrategiaconcursos.com.br\/blog\/redacao-estilo-fgv-para-tj-ro-temas-de-prova\/#breadcrumb","itemListElement":[{"@type":"ListItem","position":1,"name":"In\u00edcio","item":"https:\/\/www.estrategiaconcursos.com.br\/blog\/"},{"@type":"ListItem","position":2,"name":"Reda\u00e7\u00e3o estilo FGV para TJ-RO &#8211; Temas de prova"}]},{"@type":"WebSite","@id":"https:\/\/www.estrategiaconcursos.com.br\/blog\/#website","url":"https:\/\/www.estrategiaconcursos.com.br\/blog\/","name":"Estrat\u00e9gia Concursos","description":"O blog da Estrat\u00e9gia Concursos traz not\u00edcias sobre concursos e artigos de professores oferecendo cursos para concursos (pdf + videaulas) no site.","publisher":{"@id":"https:\/\/www.estrategiaconcursos.com.br\/blog\/#organization"},"potentialAction":[{"@type":"SearchAction","target":{"@type":"EntryPoint","urlTemplate":"https:\/\/www.estrategiaconcursos.com.br\/blog\/?s={search_term_string}"},"query-input":{"@type":"PropertyValueSpecification","valueRequired":true,"valueName":"search_term_string"}}],"inLanguage":"pt-BR"},{"@type":"Organization","@id":"https:\/\/www.estrategiaconcursos.com.br\/blog\/#organization","name":"Estrat\u00e9gia Concursos","url":"https:\/\/www.estrategiaconcursos.com.br\/blog\/","logo":{"@type":"ImageObject","inLanguage":"pt-BR","@id":"https:\/\/www.estrategiaconcursos.com.br\/blog\/#\/schema\/logo\/image\/","url":"https:\/\/dhg1h5j42swfq.cloudfront.net\/2025\/06\/03203428\/logo_concursos-1.jpg","contentUrl":"https:\/\/dhg1h5j42swfq.cloudfront.net\/2025\/06\/03203428\/logo_concursos-1.jpg","width":230,"height":60,"caption":"Estrat\u00e9gia Concursos"},"image":{"@id":"https:\/\/www.estrategiaconcursos.com.br\/blog\/#\/schema\/logo\/image\/"},"sameAs":["https:\/\/x.com\/EstratConcursos"]},{"@type":"Person","@id":"https:\/\/www.estrategiaconcursos.com.br\/blog\/#\/schema\/person\/93fb122910b3b72b3ba17b9d67315bef","name":"Marcio Damasceno","image":{"@type":"ImageObject","inLanguage":"pt-BR","@id":"https:\/\/secure.gravatar.com\/avatar\/239ef2e5a61ef0a51d0076c851c83d2b59ad4685169911ccb9f9bf306edf074e?s=96&d=mm&r=g","url":"https:\/\/secure.gravatar.com\/avatar\/239ef2e5a61ef0a51d0076c851c83d2b59ad4685169911ccb9f9bf306edf074e?s=96&d=mm&r=g","contentUrl":"https:\/\/secure.gravatar.com\/avatar\/239ef2e5a61ef0a51d0076c851c83d2b59ad4685169911ccb9f9bf306edf074e?s=96&d=mm&r=g","caption":"Marcio Damasceno"},"url":"https:\/\/www.estrategiaconcursos.com.br\/blog\/author\/marciodamascenoestrategiaconcursos-com-br\/"}]}},"_links":{"self":[{"href":"https:\/\/www.estrategiaconcursos.com.br\/blog\/wp-json\/wp\/v2\/posts\/857229","targetHints":{"allow":["GET"]}}],"collection":[{"href":"https:\/\/www.estrategiaconcursos.com.br\/blog\/wp-json\/wp\/v2\/posts"}],"about":[{"href":"https:\/\/www.estrategiaconcursos.com.br\/blog\/wp-json\/wp\/v2\/types\/post"}],"author":[{"embeddable":true,"href":"https:\/\/www.estrategiaconcursos.com.br\/blog\/wp-json\/wp\/v2\/users\/611"}],"replies":[{"embeddable":true,"href":"https:\/\/www.estrategiaconcursos.com.br\/blog\/wp-json\/wp\/v2\/comments?post=857229"}],"version-history":[{"count":6,"href":"https:\/\/www.estrategiaconcursos.com.br\/blog\/wp-json\/wp\/v2\/posts\/857229\/revisions"}],"predecessor-version":[{"id":1089750,"href":"https:\/\/www.estrategiaconcursos.com.br\/blog\/wp-json\/wp\/v2\/posts\/857229\/revisions\/1089750"}],"wp:attachment":[{"href":"https:\/\/www.estrategiaconcursos.com.br\/blog\/wp-json\/wp\/v2\/media?parent=857229"}],"wp:term":[{"taxonomy":"category","embeddable":true,"href":"https:\/\/www.estrategiaconcursos.com.br\/blog\/wp-json\/wp\/v2\/categories?post=857229"},{"taxonomy":"post_tag","embeddable":true,"href":"https:\/\/www.estrategiaconcursos.com.br\/blog\/wp-json\/wp\/v2\/tags?post=857229"},{"taxonomy":"tax_estado","embeddable":true,"href":"https:\/\/www.estrategiaconcursos.com.br\/blog\/wp-json\/wp\/v2\/tax_estado?post=857229"}],"curies":[{"name":"wp","href":"https:\/\/api.w.org\/{rel}","templated":true}]}}