{"id":857152,"date":"2021-09-09T10:07:49","date_gmt":"2021-09-09T13:07:49","guid":{"rendered":"https:\/\/www.estrategiaconcursos.com.br\/blog\/?p=857152"},"modified":"2021-09-09T10:07:50","modified_gmt":"2021-09-09T13:07:50","slug":"alteracoes-no-cpc-pela-lei-14-195-2021","status":"publish","type":"post","link":"https:\/\/www.estrategiaconcursos.com.br\/blog\/alteracoes-no-cpc-pela-lei-14-195-2021\/","title":{"rendered":"Altera\u00e7\u00f5es no CPC pela Lei 14.195\/2021"},"content":{"rendered":"\n<h1 class=\"wp-block-heading\" id=\"h-apresenta-o-inicial\">Apresenta\u00e7\u00e3o Inicial<\/h1>\n\n\n\n<p>Ol\u00e1 pessoal, neste artigo vamos comentar as recentes altera\u00e7\u00f5es promovidas pela Lei 14.195\/2021 no CPC. S\u00e3o altera\u00e7\u00f5es relevantes em quatro pontos do nosso C\u00f3digo:<\/p>\n\n\n\n<ul class=\"wp-block-list\"><li>cita\u00e7\u00e3o eletr\u00f4nica;<\/li><\/ul>\n\n\n\n<ul class=\"wp-block-list\"><li>procedimento de exibi\u00e7\u00e3o de documento ou coisa;<\/li><\/ul>\n\n\n\n<ul class=\"wp-block-list\"><li>prescri\u00e7\u00e3o intercorrente no cumprimento de senten\u00e7a e em execu\u00e7\u00e3o; e<\/li><\/ul>\n\n\n\n<ul class=\"wp-block-list\"><li>regra relativa \u00e0 prioridade de tr\u00e2mite de processos.<\/li><\/ul>\n\n\n\n<p>Das quatro altera\u00e7\u00f5es, a mais relevante \u00e9 a primeira delas. As demais s\u00e3o objetivas e diretas.<\/p>\n\n\n\n<p>Antes de iniciarmos, deixo aqui minhas redes sociais:<\/p>\n\n\n\n<p>Telegram: <a href=\"https:\/\/t.me\/dpcparaconcursos\" target=\"_blank\" rel=\"noreferrer noopener\">https:\/\/t.me\/dpcparaconcursos<\/a><\/p>\n\n\n\n<p>IG: @proftorques<\/p>\n\n\n\n<p>Qualquer d\u00favida, me procure. <\/p>\n\n\n\n<h1 class=\"wp-block-heading\" id=\"h-cita-o-eletr-nica\">Cita\u00e7\u00e3o Eletr\u00f4nica<\/h1>\n\n\n\n<p>A cita\u00e7\u00e3o \u00e9 o ato por interm\u00e9dio do qual o r\u00e9u \u00e9 convocado para o processo. Antes de citado, o r\u00e9u nem sequer sabe da exist\u00eancia da demanda contra ele ajuizada. Assim, como ato fundamental para forma\u00e7\u00e3o correta da rela\u00e7\u00e3o processual, faz-se necess\u00e1rio dar conhecimento da a\u00e7\u00e3o, pela cita\u00e7\u00e3o.<\/p>\n\n\n\n<p>A cita\u00e7\u00e3o materializa o princ\u00edpio do contradit\u00f3rio, relevant\u00edssimo princ\u00edpio processual. N\u00e3o h\u00e1 como pensar em processo sem contradit\u00f3rio. E n\u00e3o h\u00e1 como pensar em contradit\u00f3rio sem a cita\u00e7\u00e3o. \u00c9 a cita\u00e7\u00e3o que inicia a rela\u00e7\u00e3o processual. Uma vez citado, o r\u00e9u poder\u00e1 defender-se. Poder\u00e1 trazer suas provas de como o conflito se desenvolveu, trazer seus argumentos jur\u00eddicos para convenc\u00ea-lo. \u00c9 o que fazem autor e r\u00e9u, defendem uma pretens\u00e3o que ser\u00e1 avaliada ao final pelo juiz na senten\u00e7a.<\/p>\n\n\n\n<p>A cita\u00e7\u00e3o pode ser realizada de diversas formas. Al\u00e9m da cita\u00e7\u00e3o eletr\u00f4nica, temos cita\u00e7\u00e3o pelos Correios, por AR, por oficial de justi\u00e7a, por edital. Fato \u00e9 que ela tem que acontecer, mesmo que de forma ficta (pelo oficial por hora certa ou por edital).<\/p>\n\n\n\n<p>A quest\u00e3o \u00e9: qual forma escolher?<\/p>\n\n\n\n<p>O CPC, desde a vig\u00eancia, em 2015 parecia optar pela cita\u00e7\u00e3o eletr\u00f4nica de forma preferencial. A cita\u00e7\u00e3o eletr\u00f4nica traz o facilitador de ela ocorrer dentro do sistema judicial eletr\u00f4nico do Tribunal ou por e-mail. Assim, evita a impress\u00e3o, dispensa o trabalho do oficial de ir at\u00e9 o local. Enfim, \u00e9 mais efetiva, n\u00e3o s\u00f3 pelo tempo, mas pela economicidade.<\/p>\n\n\n\n<p>O problema sempre foi o \u201ccomo fazer\u201d. O CPC deixou o tema solto. A Lei 14.195\/2021 buscou criar meios para ela efetivamente ocorrer.<\/p>\n\n\n\n<p>O primeiro ponto importante: <strong>cabe ao CNJ regulamentar um banco nacional para cadastramento. <\/strong>Assim, a pessoa far\u00e1 o cadastro nesse banco nacional e todos os \u00f3rg\u00e3os judici\u00e1rios poder\u00e3o busc\u00e1-lo para fins de cita\u00e7\u00e3o.<\/p>\n\n\n\n<p>Logo que houver a propositura da a\u00e7\u00e3o, o \u00f3rg\u00e3o judici\u00e1rio ter\u00e1 <strong>45 dias para promover a cita\u00e7\u00e3o do r\u00e9u<\/strong>, devendo, a partir da admissibilidade do ju\u00edzo com determina\u00e7\u00e3o para cita\u00e7\u00e3o, <strong>disparar a comunica\u00e7\u00e3o via portal ou e-mail no prazo de 2 dias \u00fateis<\/strong>.<\/p>\n\n\n\n<p>Vamos entender como isso funciona&#8230;<\/p>\n\n\n\n<div class=\"wp-block-image\"><figure class=\"aligncenter size-full\"><img loading=\"lazy\" decoding=\"async\" width=\"709\" height=\"95\" src=\"https:\/\/dhg1h5j42swfq.cloudfront.net\/2021\/09\/09095054\/image-166.png\" alt=\"\" class=\"wp-image-857158\" srcset=\"https:\/\/dhg1h5j42swfq.cloudfront.net\/2021\/09\/09095054\/image-166.png 709w, https:\/\/dhg1h5j42swfq.cloudfront.net\/2021\/09\/09095054\/image-166-300x40.png 300w, https:\/\/dhg1h5j42swfq.cloudfront.net\/2021\/09\/09095054\/image-166-610x82.png 610w\" sizes=\"auto, (max-width: 709px) 100vw, 709px\" \/><\/figure><\/div>\n\n\n\n<p>Ap\u00f3s o protocolo da peti\u00e7\u00e3o inicial, haver\u00e1 o registro e distribui\u00e7\u00e3o. Feito esse procedimento inicial, os autos do processo \u201ccaem\u201d na m\u00e3o do juiz que verificar\u00e1 a admissibilidade da demanda. Caso entenda admiss\u00edvel, o juiz despachar\u00e1 ordenando a cita\u00e7\u00e3o do r\u00e9u. Assim que os autos chegarem na secretaria, os servidores far\u00e3o o disparo da cita\u00e7\u00e3o no prazo de 2 dias \u00fateis.<\/p>\n\n\n\n<p class=\"has-text-align-left\"><strong>E o prazo de 45 dias?<\/strong><\/p>\n\n\n\n<p>\u00c9 o prazo entre o protocolo da peti\u00e7\u00e3o inicial e a cita\u00e7\u00e3o do r\u00e9u!<\/p>\n\n\n\n<p>Quando o r\u00e9u recebe a cita\u00e7\u00e3o, ele tem que observar um prazo, o de 3 dias \u00fateis. \u00c9 o tempo que ele precisa para confirmar o recebimento. <em>Para voc\u00ea compreender a ideia, basta voc\u00ea pensar em um e-mail que chega na sua caixa de entrada. Voc\u00ea deve clicar para abri-lo e, com isso emitir uma notifica\u00e7\u00e3o para o remetente, de que voc\u00ea abriu o e-mail.<\/em><\/p>\n\n\n\n<p>Uma vez confirmado o recebimento, no 5\u00ba dia \u00fatil ocorrer\u00e1 o come\u00e7o do prazo.<\/p>\n\n\n\n<p class=\"has-text-align-left\"><strong>Mais um prazo?<\/strong><\/p>\n\n\n\n<p>Isso mesmo! Mais um prazo. A partir do momento que a parte consultar a cita\u00e7\u00e3o eletr\u00f4nica, no 5\u00ba dia \u00fatil ela ser\u00e1 considerada formalmente citada. \u00c9 como se fosse dado um tempo a mais para o r\u00e9u que resolveu abrir a cita\u00e7\u00e3o eletr\u00f4nica.<\/p>\n\n\n\n<p>E para encerrar, mais um prazo: no dia \u00fatil seguinte ao do come\u00e7o do prazo, inicia-se contagem.<\/p>\n\n\n\n<p>S\u00e3o tantos os prazos, certo? Veja s\u00f3:<\/p>\n\n\n\n<div class=\"wp-block-image\"><figure class=\"aligncenter size-full\"><img loading=\"lazy\" decoding=\"async\" width=\"699\" height=\"326\" src=\"https:\/\/dhg1h5j42swfq.cloudfront.net\/2021\/09\/09095140\/image-167.png\" alt=\"\" class=\"wp-image-857161\" srcset=\"https:\/\/dhg1h5j42swfq.cloudfront.net\/2021\/09\/09095140\/image-167.png 699w, https:\/\/dhg1h5j42swfq.cloudfront.net\/2021\/09\/09095140\/image-167-300x140.png 300w, https:\/\/dhg1h5j42swfq.cloudfront.net\/2021\/09\/09095140\/image-167-610x284.png 610w\" sizes=\"auto, (max-width: 699px) 100vw, 699px\" \/><\/figure><\/div>\n\n\n\n<p>Isso ocorrer\u00e1 se tudo der certo&#8230;<\/p>\n\n\n\n<p class=\"has-text-align-left\"><strong>E se o r\u00e9u n\u00e3o confirmar a cita\u00e7\u00e3o?<\/strong><\/p>\n\n\n\n<p>O CPC, no art. 77, VII, estabelece que \u00e9 dever das partes informar e manter o cadastro atualizado. Assim, caso receba a cita\u00e7\u00e3o eletr\u00f4nica e n\u00e3o consulte, o C\u00f3digo determina que ela seja citada pelos demais instrumentos dispon\u00edveis: pelos Correios, por oficial ou por edital.<\/p>\n\n\n\n<p>A diferen\u00e7a \u00e9 que quando ela comparecer nos autos, dever\u00e1 apresentar uma justa causa para n\u00e3o ter confirmado o recebimento da cita\u00e7\u00e3o eletr\u00f4nica. Se o juiz aceita, tudo bem! Caso o juiz n\u00e3o aceite, considera a atitude da parte como ato atentat\u00f3rio \u00e0 dignidade da justi\u00e7a e ir\u00e1 impor multa de at\u00e9 5%, calculado sobre o valor da causa, \u00e0 parte r\u00e9.<\/p>\n\n\n\n<p>Naturalmente, voc\u00ea pode se perguntar:<\/p>\n\n\n\n<p><strong>Ent\u00e3o, at\u00e9 mesmo eu que estou me preparando para concursos p\u00fablicos, devo procurar me cadastrar nesse sistema do CNJ? Se eu receber essa cita\u00e7\u00e3o e n\u00e3o consultar, posso ser multado?<\/strong><\/p>\n\n\n\n<p>Calma!<\/p>\n\n\n\n<p>A exig\u00eancia de cadastro se d\u00e1 \u00e0 pessoa jur\u00eddica (de direito p\u00fablico ou de direito privado). N\u00e3o se aplica, portanto, \u00e0s pessoas naturais. Evidentemente que se a pessoa natural tiver cadastrado, dever\u00e1 mant\u00ea-lo atualizado e ser\u00e1 por l\u00e1 citada. Al\u00e9m disso, nem todas as empresas privadas devem manter cadastrado. O CPC retira da obrigatoriedade as pequenas e microempresas (EPP\/ME) que n\u00e3o estiverem cadastradas no Redesim.<\/p>\n\n\n\n<p>O Redesim \u2013 tema irrelevante para voc\u00ea em Processo Civil \u2013 nada mais \u00e9 do que um conjunto de sistemas que desburocratiza a abertura de empresas. Entre as suas fun\u00e7\u00f5es, est\u00e1 em manter um cadastro de informa\u00e7\u00f5es das empresas, incluindo contato de email para comunica\u00e7\u00f5es eletr\u00f4nicas. Esse cadastro ser\u00e1 compartilhado com a base nacional do CNJ e ser\u00e1 utilizado na cita\u00e7\u00e3o. Logo, a EPP\/ME que n\u00e3o estiver no Redesim n\u00e3o est\u00e1 obrigada a se cadastrar e ser\u00e1 \u2013 assim como as pessoas naturais \u2013 citada por correios, oficial ou edital, respectivamente.<\/p>\n\n\n\n<p>Assim sim, s\u00edntese do que vimos, em pontos:<\/p>\n\n\n\n<ul class=\"wp-block-list\"><li>ci\u00eancia da exist\u00eancia do processo \u201cvia portal\u201d ou \u201ce-mail\u201d;<\/li><li>pessoas jur\u00eddicas de direito p\u00fablico e de direito privado devem manter cadastro.<\/li><\/ul>\n\n\n\n<p>* n\u00e3o inclui apenas EPP\/ME n\u00e3o inclusas no Redesim.<\/p>\n\n\n\n<ul class=\"wp-block-list\"><li>o cart\u00f3rio deve citar o r\u00e9u em 45 dias;<\/li><li>em 2 dias \u00fateis deve disparar a cita\u00e7\u00e3o;<\/li><li>em 3 dias \u00fateis, o r\u00e9u deve confirmar o recebimento da cita\u00e7\u00e3o;<\/li><li>confirmada, no 5\u00ba dia \u00fatil, d\u00e1 o come\u00e7o do prazo;<\/li><li>no dia \u00fatil seguinte, inicia a contagem do prazo.<\/li><\/ul>\n\n\n\n<p>Veja, ainda, um esquema que organiza todos os prazos numa esp\u00e9cie de linha do tempo:<\/p>\n\n\n\n<div class=\"wp-block-image\"><figure class=\"aligncenter size-full\"><img loading=\"lazy\" decoding=\"async\" width=\"693\" height=\"295\" src=\"https:\/\/dhg1h5j42swfq.cloudfront.net\/2021\/09\/09095240\/image-168.png\" alt=\"\" class=\"wp-image-857167\" srcset=\"https:\/\/dhg1h5j42swfq.cloudfront.net\/2021\/09\/09095240\/image-168.png 693w, https:\/\/dhg1h5j42swfq.cloudfront.net\/2021\/09\/09095240\/image-168-300x128.png 300w, https:\/\/dhg1h5j42swfq.cloudfront.net\/2021\/09\/09095240\/image-168-610x260.png 610w\" sizes=\"auto, (max-width: 693px) 100vw, 693px\" \/><\/figure><\/div>\n\n\n\n<p>Encerramos, com isso, o estudo da cita\u00e7\u00e3o eletr\u00f4nica, com as altera\u00e7\u00f5es promovidas pela Lei 14.195\/2021.<\/p>\n\n\n\n<h1 class=\"wp-block-heading\" id=\"h-procedimento-de-exibi-o-de-documento-ou-coisa\">Procedimento de exibi\u00e7\u00e3o de documento ou coisa<\/h1>\n\n\n\n<p>O art. 397 do CPC foi significativamente alterado para ampliar o procedimento de exibi\u00e7\u00e3o de documento ou coisa. O dispositivo prev\u00ea a possibilidade de, num processo em andamento, a parte contr\u00e1ria pede a outra a exibi\u00e7\u00e3o de documento ou coisa. Como a parte que deseja usar do documento n\u00e3o a tem por estar em poder da parte contr\u00e1ria e ela \u00e9 importante para provas suas pretens\u00f5es, ela pede em ju\u00edzo para que seja exibida.<\/p>\n\n\n\n<p>Para que o juiz determine que a parte contr\u00e1ria deve demonstrar:<\/p>\n\n\n\n<ul class=\"wp-block-list\"><li>qual \u00e9 o documento;<\/li><\/ul>\n\n\n\n<ul class=\"wp-block-list\"><li>para que voc\u00ea deseja o documento; e<\/li><\/ul>\n\n\n\n<ul class=\"wp-block-list\"><li>porque voc\u00ea quer o documento.<\/li><\/ul>\n\n\n\n<p>Essas exig\u00eancias permanecem no C\u00f3digo. A diferen\u00e7a, agora, \u00e9 que a parte n\u00e3o precisar\u00e1 mais especificar o documento, mas indicar a categoria do documento.<\/p>\n\n\n\n<p>Vamos com um exemplo&#8230;<\/p>\n\n\n\n<p><em>Imagine um conflito decorrente de um contrato firmado entre as partes. Al\u00e9m do contrato eventualmente firmado que est\u00e1 em poder apenas de uma das partes, admite-se o pedido amplo de exibi\u00e7\u00e3o de documentos e de coisas relacionadas a esse contrato, como e-mails trocados, mensagens por WhatsApp. Tudo o que possa estar relacionado com a categoria que se pretende provar, pode fazer parte do pedido.<\/em><\/p>\n\n\n\n<p>Trata-se de altera\u00e7\u00e3o objetiva e importante neste procedimento espec\u00edfico de produ\u00e7\u00e3o de provas.<\/p>\n\n\n\n<h1 class=\"wp-block-heading\" id=\"h-prescri-o-intercorrente-em-cumprimento-de-senten-a-e-em-execu-o\">Prescri\u00e7\u00e3o intercorrente em cumprimento de senten\u00e7a e em execu\u00e7\u00e3o<\/h1>\n\n\n\n<p>A prescri\u00e7\u00e3o intercorrente \u00e9 aquela que decorre da demora exagerada para o efetivo cumprimento de senten\u00e7a ou a execu\u00e7\u00e3o. Quando chegamos a essa fase do processo, \u00e9 comum haver dificuldade para encontrar o devedor ou seus bens do devedor. Atualmente, essa realidade assola os tribunais. Muitos processos est\u00e3o parados, dependendo de andamento ou de alguma a\u00e7\u00e3o na fase executiva.<\/p>\n\n\n\n<p>Diante desse cen\u00e1rio, a tese da prescri\u00e7\u00e3o intercorrente tornou-se importante para limpar processos que est\u00e3o parados sem solu\u00e7\u00e3o e sem qualquer perspectiva de andar. O art. 921 do CPC define o procedimento para a suspens\u00e3o da execu\u00e7\u00e3o, quando o prazo da prescri\u00e7\u00e3o intercorrente ir\u00e1 iniciar.<\/p>\n\n\n\n<p>A prescri\u00e7\u00e3o intercorrente, pela nova regra do CPC, se d\u00e1 a partir da primeira tentativa infrut\u00edfera de encontrar o devedor ou seus bens. O CPC prev\u00ea, ainda, que a partir desse momento, a parte credora poder\u00e1 suspender essa prescri\u00e7\u00e3o por uma \u00fanica vez, pelo prazo de 1 ano. Ap\u00f3s, volta a correr a prescri\u00e7\u00e3o.<\/p>\n\n\n\n<p>Assim, haver\u00e1 suspens\u00e3o da execu\u00e7\u00e3o caso:<\/p>\n\n\n\n<ul class=\"wp-block-list\"><li>n\u00e3o seja encontrado o devedor;<\/li><\/ul>\n\n\n\n<ul class=\"wp-block-list\"><li>n\u00e3o sejam encontrados bens do devedor.<\/li><\/ul>\n\n\n\n<p>A partir dessa suspens\u00e3o, come\u00e7a a correr a prescri\u00e7\u00e3o intercorrente.<\/p>\n\n\n\n<p>Por exemplo, houve uma primeira tentativa de encontrar bens do executado que restou inexitosa: inicia-se a prescri\u00e7\u00e3o intercorrente. 6 meses depois, o credor encontra alguns bens e tenta penhor\u00e1-los e vend\u00ea-los. Essa tentativa leva 3 meses. Ap\u00f3s, resta algum cr\u00e9dito, seja porque n\u00e3o conseguiu vender o bem que encontrou ou porque n\u00e3o foi suficiente, inicia novamente a prescri\u00e7\u00e3o intercorrente.<\/p>\n\n\n\n<p>Caso o juiz identifique a prescri\u00e7\u00e3o intercorrente, deve intimar as partes para se manifestarem no prazo de 15 dias. Ap\u00f3s, ele extinguir\u00e1 o cumprimento de senten\u00e7a ou a execu\u00e7\u00e3o, sem \u00f4nus para as partes.<\/p>\n\n\n\n<h1 class=\"wp-block-heading\" id=\"h-prioridade-de-tr-mite-de-a-es-envolvendo-licita-es\">Prioridade de tr\u00e2mite de a\u00e7\u00f5es envolvendo licita\u00e7\u00f5es<\/h1>\n\n\n\n<p>Para encerrar, a \u00faltima altera\u00e7\u00e3o diz respeito \u00e0 regra de prioridade de tr\u00e2mite de processos.<\/p>\n\n\n\n<p>O CPC, com as altera\u00e7\u00f5es promovidas pela Lei 14.195\/2021, passou a prever que t\u00eam prioridade de tr\u00e2mite:<\/p>\n\n\n\n<ol class=\"wp-block-list\" type=\"1\"><li>processos em que figure como parte ou interessado pessoa com idade superior ou igual a 60 anos;<\/li><li>pessoa portadora de doen\u00e7a grave;<\/li><li>procedimento da inf\u00e2ncia e juventude;<\/li><li>procedimento que tenha como parte v\u00edtima de viol\u00eancia dom\u00e9stica; e<\/li><li>processos que discutam licita\u00e7\u00f5es p\u00fablicas.<\/li><\/ol>\n\n\n\n<p>A pretens\u00e3o do legislador, foi impor maior celeridade nos procedimentos de licita\u00e7\u00e3o que, al\u00e9m de j\u00e1 serem demorados pela burocracia administrativa, podem ser judicializados e demorarem ainda mais.<\/p>\n\n\n\n<h1 class=\"wp-block-heading\" id=\"h-artigos-alterados\">Artigos Alterados<\/h1>\n\n\n\n<p>Na sequ\u00eancia, listamos os artigos alterados e que acima foram comentados:<\/p>\n\n\n\n<h2 class=\"wp-block-heading\" id=\"h-cita-o-eletr-nica-1\">Cita\u00e7\u00e3o eletr\u00f4nica<\/h2>\n\n\n\n<p>Art. 77. Al\u00e9m de outros previstos neste C\u00f3digo, s\u00e3o deveres das partes, de seus procuradores e de todos aqueles que de qualquer forma participem do processo:<\/p>\n\n\n\n<p>VII &#8211; informar e manter atualizados seus dados cadastrais perante os \u00f3rg\u00e3os do Poder Judici\u00e1rio e, no caso do \u00a7 6\u00ba do art. 246 deste C\u00f3digo, da Administra\u00e7\u00e3o Tribut\u00e1ria, para recebimento de cita\u00e7\u00f5es e intima\u00e7\u00f5es.&nbsp;&nbsp;&nbsp; (Inclu\u00eddo pela Lei n\u00ba 14.195, de 2021)<\/p>\n\n\n\n<p>Art. 231. Salvo disposi\u00e7\u00e3o em sentido diverso, considera-se dia do come\u00e7o do prazo:<\/p>\n\n\n\n<p>IX &#8211; o quinto dia \u00fatil seguinte \u00e0 confirma\u00e7\u00e3o, na forma prevista na mensagem de cita\u00e7\u00e3o, do recebimento da cita\u00e7\u00e3o realizada por meio eletr\u00f4nico.&nbsp;&nbsp;&nbsp; (Inclu\u00eddo pela Lei n\u00ba 14.195, de 2021)<\/p>\n\n\n\n<p>Art. 238. Cita\u00e7\u00e3o \u00e9 o ato pelo qual s\u00e3o convocados o r\u00e9u, o executado ou o interessado para integrar a rela\u00e7\u00e3o processual.<\/p>\n\n\n\n<p>Par\u00e1grafo \u00fanico. A cita\u00e7\u00e3o ser\u00e1 efetivada em at\u00e9 45 (quarenta e cinco) dias a partir da propositura da a\u00e7\u00e3o.&nbsp;&nbsp;&nbsp;&nbsp; (Inclu\u00eddo pela Lei n\u00ba 14.195, de 2021)<\/p>\n\n\n\n<p>Art. 246. A cita\u00e7\u00e3o ser\u00e1 feita preferencialmente por meio eletr\u00f4nico, no prazo de at\u00e9 2 (dois) dias \u00fateis, contado da decis\u00e3o que a determinar, por meio dos endere\u00e7os eletr\u00f4nicos indicados pelo citando no banco de dados do Poder Judici\u00e1rio, conforme regulamento do Conselho Nacional de Justi\u00e7a.&nbsp;&nbsp;&nbsp;&nbsp; (Reda\u00e7\u00e3o dada pela Lei n\u00ba 14.195, de 2021)<\/p>\n\n\n\n<p>I a V &#8211; (revogados);<\/p>\n\n\n\n<p>\u00a7 1\u00ba As empresas p\u00fablicas e privadas s\u00e3o obrigadas a manter cadastro nos sistemas de processo em autos eletr\u00f4nicos, para efeito de recebimento de cita\u00e7\u00f5es e intima\u00e7\u00f5es, as quais ser\u00e3o efetuadas preferencialmente por esse meio.&nbsp;&nbsp;&nbsp; (Reda\u00e7\u00e3o dada pela Lei n\u00ba 14.195, de 2021)<\/p>\n\n\n\n<p>\u00a7 1\u00ba-A A aus\u00eancia de confirma\u00e7\u00e3o, em at\u00e9 3 (tr\u00eas) dias \u00fateis, contados do recebimento da cita\u00e7\u00e3o eletr\u00f4nica, implicar\u00e1 a realiza\u00e7\u00e3o da cita\u00e7\u00e3o:&nbsp;&nbsp;&nbsp;&nbsp; (Inclu\u00eddo pela Lei n\u00ba 14.195, de 2021)<\/p>\n\n\n\n<p>I &#8211; pelo correio;&nbsp;&nbsp;&nbsp; (Inclu\u00eddo pela Lei n\u00ba 14.195, de 2021)<\/p>\n\n\n\n<p>II &#8211; por oficial de justi\u00e7a;&nbsp;&nbsp;&nbsp; (Inclu\u00eddo pela Lei n\u00ba 14.195, de 2021)<\/p>\n\n\n\n<p>III &#8211; pelo escriv\u00e3o ou chefe de secretaria, se o citando comparecer em cart\u00f3rio;&nbsp;&nbsp;&nbsp;&nbsp; (Inclu\u00eddo pela Lei n\u00ba 14.195, de 2021)<\/p>\n\n\n\n<p>IV &#8211; por edital.&nbsp;&nbsp;&nbsp;&nbsp; (Inclu\u00eddo pela Lei n\u00ba 14.195, de 2021)<\/p>\n\n\n\n<p>\u00a7 1\u00ba-B Na primeira oportunidade de falar nos autos, o r\u00e9u citado nas formas previstas nos incisos I, II, III e IV do \u00a7 1\u00ba-A deste artigo dever\u00e1 apresentar justa causa para a aus\u00eancia de confirma\u00e7\u00e3o do recebimento da cita\u00e7\u00e3o enviada eletronicamente.&nbsp;&nbsp;&nbsp; (Inclu\u00eddo pela Lei n\u00ba 14.195, de 2021)<\/p>\n\n\n\n<p>\u00a7 1\u00ba-C Considera-se ato atentat\u00f3rio \u00e0 dignidade da justi\u00e7a, pass\u00edvel de multa de at\u00e9 5% (cinco por cento) do valor da causa, deixar de confirmar no prazo legal, sem justa causa, o recebimento da cita\u00e7\u00e3o recebida por meio eletr\u00f4nico.&nbsp;&nbsp;&nbsp; (Inclu\u00eddo pela Lei n\u00ba 14.195, de 2021)<\/p>\n\n\n\n<p>\u00a7 2\u00ba O disposto no \u00a7 1\u00ba aplica-se \u00e0 Uni\u00e3o, aos Estados, ao Distrito Federal, aos Munic\u00edpios e \u00e0s entidades da administra\u00e7\u00e3o indireta.<\/p>\n\n\n\n<p>\u00a7 3\u00ba Na a\u00e7\u00e3o de usucapi\u00e3o de im\u00f3vel, os confinantes ser\u00e3o citados pessoalmente, exceto quando tiver por objeto unidade aut\u00f4noma de pr\u00e9dio em condom\u00ednio, caso em que tal cita\u00e7\u00e3o \u00e9 dispensada.<\/p>\n\n\n\n<p>\u00a7 4\u00ba As cita\u00e7\u00f5es por correio eletr\u00f4nico ser\u00e3o acompanhadas das orienta\u00e7\u00f5es para realiza\u00e7\u00e3o da confirma\u00e7\u00e3o de recebimento e de c\u00f3digo identificador que permitir\u00e1 a sua identifica\u00e7\u00e3o na p\u00e1gina eletr\u00f4nica do \u00f3rg\u00e3o judicial citante.&nbsp;&nbsp;&nbsp;&nbsp; (Inclu\u00eddo pela Lei n\u00ba 14.195, de 2021)<\/p>\n\n\n\n<p>\u00a7 5\u00ba As microempresas e as pequenas empresas somente se sujeitam ao disposto no \u00a7 1\u00ba deste artigo quando n\u00e3o possu\u00edrem endere\u00e7o eletr\u00f4nico cadastrado no sistema integrado da Rede Nacional para a Simplifica\u00e7\u00e3o do Registro e da Legaliza\u00e7\u00e3o de Empresas e Neg\u00f3cios (Redesim).&nbsp;&nbsp;&nbsp; (Inclu\u00eddo pela Lei n\u00ba 14.195, de 2021)<\/p>\n\n\n\n<p>\u00a7 6\u00ba Para os fins do \u00a7 5\u00ba deste artigo, dever\u00e1 haver compartilhamento de cadastro com o \u00f3rg\u00e3o do Poder Judici\u00e1rio, inclu\u00eddo o endere\u00e7o eletr\u00f4nico constante do sistema integrado da Redesim, nos termos da legisla\u00e7\u00e3o aplic\u00e1vel ao sigilo fiscal e ao tratamento de dados pessoais.&nbsp;&nbsp;&nbsp;&nbsp; (Inclu\u00eddo pela Lei n\u00ba 14.195, de 2021)<\/p>\n\n\n\n<p>Art. 247. A cita\u00e7\u00e3o ser\u00e1 feita por meio eletr\u00f4nico ou pelo correio para qualquer comarca do Pa\u00eds, exceto:&nbsp;&nbsp;&nbsp; (Reda\u00e7\u00e3o dada pela Lei n\u00ba 14.195, de 2021)<\/p>\n\n\n\n<h2 class=\"wp-block-heading\" id=\"h-procedimento-de-exibi-o-de-documento-ou-coisa-1\">Procedimento de exibi\u00e7\u00e3o de documento ou coisa<\/h2>\n\n\n\n<p>Art. 397. O pedido formulado pela parte conter\u00e1:<\/p>\n\n\n\n<p>I &#8211; a descri\u00e7\u00e3o, t\u00e3o completa quanto poss\u00edvel, do documento ou da coisa, ou das categorias de documentos ou de coisas buscados;&nbsp;&nbsp;&nbsp; (Reda\u00e7\u00e3o dada pela Lei n\u00ba 14.195, de 2021)<\/p>\n\n\n\n<p>II &#8211; a finalidade da prova, com indica\u00e7\u00e3o dos fatos que se relacionam com o documento ou com a coisa, ou com suas categorias;&nbsp;&nbsp;&nbsp; (Reda\u00e7\u00e3o dada pela Lei n\u00ba 14.195, de 2021)<\/p>\n\n\n\n<p>III &#8211; as circunst\u00e2ncias em que se funda o requerente para afirmar que o documento ou a coisa existe, ainda que a refer\u00eancia seja a categoria de documentos ou de coisas, e se acha em poder da parte contr\u00e1ria.&nbsp;&nbsp;&nbsp; (Reda\u00e7\u00e3o dada pela Lei n\u00ba 14.195, de 2021)<\/p>\n\n\n\n<h2 class=\"wp-block-heading\" id=\"h-presta-o-intercorrente-no-procedimento-de-cumprimento-de-senten-a-ou-execu-o\">Presta\u00e7\u00e3o intercorrente no procedimento de cumprimento de senten\u00e7a ou execu\u00e7\u00e3o<\/h2>\n\n\n\n<p>Art. 921. Suspende-se a execu\u00e7\u00e3o:<\/p>\n\n\n\n<p>III &#8211; quando n\u00e3o for localizado o executado ou bens penhor\u00e1veis;&nbsp;&nbsp;&nbsp; (Reda\u00e7\u00e3o dada pela Lei n\u00ba 14.195, de 2021)<\/p>\n\n\n\n<p>\u00a7 4\u00ba O termo inicial da prescri\u00e7\u00e3o no curso do processo ser\u00e1 a ci\u00eancia da primeira tentativa infrut\u00edfera de localiza\u00e7\u00e3o do devedor ou de bens penhor\u00e1veis, e ser\u00e1 suspensa, por uma \u00fanica vez, pelo prazo m\u00e1ximo previsto no \u00a7 1\u00ba deste artigo.&nbsp;&nbsp;&nbsp; (Reda\u00e7\u00e3o dada pela Lei n\u00ba 14.195, de 2021)<\/p>\n\n\n\n<p>\u00a7 4\u00ba-A A efetiva cita\u00e7\u00e3o, intima\u00e7\u00e3o do devedor ou constri\u00e7\u00e3o de bens penhor\u00e1veis interrompe o prazo de prescri\u00e7\u00e3o, que n\u00e3o corre pelo tempo necess\u00e1rio \u00e0 cita\u00e7\u00e3o e \u00e0 intima\u00e7\u00e3o do devedor, bem como para as formalidades da constri\u00e7\u00e3o patrimonial, se necess\u00e1ria, desde que o credor cumpra os prazos previstos na lei processual ou fixados pelo juiz.&nbsp;&nbsp;&nbsp; (Inclu\u00eddo pela Lei n\u00ba 14.195, de 2021)<\/p>\n\n\n\n<p>\u00a7 5\u00ba O juiz, depois de ouvidas as partes, no prazo de 15 (quinze) dias, poder\u00e1, de of\u00edcio, reconhecer a prescri\u00e7\u00e3o no curso do processo e extingui-lo, sem \u00f4nus para as partes.&nbsp;&nbsp;&nbsp; (Reda\u00e7\u00e3o dada pela Lei n\u00ba 14.195, de 2021)<\/p>\n\n\n\n<p>\u00a7 6\u00ba A alega\u00e7\u00e3o de nulidade quanto ao procedimento previsto neste artigo somente ser\u00e1 conhecida caso demonstrada a ocorr\u00eancia de efetivo preju\u00edzo, que ser\u00e1 presumido apenas em caso de inexist\u00eancia da intima\u00e7\u00e3o de que trata o \u00a7 4\u00ba deste artigo.&nbsp;&nbsp;&nbsp; (Inclu\u00eddo pela Lei n\u00ba 14.195, de 2021)<\/p>\n\n\n\n<p>\u00a7 7\u00ba Aplica-se o disposto neste artigo ao cumprimento de senten\u00e7a de que trata o art. 523 deste C\u00f3digo.&nbsp;&nbsp;&nbsp;&nbsp;&nbsp; (Inclu\u00eddo pela Lei n\u00ba 14.195, de 2021)<\/p>\n\n\n\n<h2 class=\"wp-block-heading\" id=\"h-prioridade-de-tr-mite-a-es-judiciais-envolvendo-licita-es\">Prioridade de tr\u00e2mite a\u00e7\u00f5es judiciais envolvendo licita\u00e7\u00f5es<\/h2>\n\n\n\n<p>Art. 1.048. Ter\u00e3o prioridade de tramita\u00e7\u00e3o, em qualquer ju\u00edzo ou tribunal, os procedimentos judiciais:<\/p>\n\n\n\n<p>IV &#8211; em que se discuta a aplica\u00e7\u00e3o do disposto nas normas gerais de licita\u00e7\u00e3o e contrata\u00e7\u00e3o a que se refere o inciso XXVII do caput do art. 22 da Constitui\u00e7\u00e3o Federal.&nbsp;&nbsp;&nbsp;&nbsp; (Inclu\u00eddo pela Lei n\u00ba 14.133, de 2021)<\/p>\n\n\n\n<h1 class=\"wp-block-heading\" id=\"h-considera-es-finais\">Considera\u00e7\u00f5es Finais<\/h1>\n\n\n\n<p>\u00c9 isso, pessoal.<\/p>\n\n\n\n<p>Novidade deve ser tratada com aten\u00e7\u00e3o. \u00c9 comum que o examinador elabore quest\u00f5es com esses &#8220;novos&#8221; temas para pegar o aluno desavisado.<\/p>\n\n\n\n<p>Qualquer d\u00favida, me procure no f\u00f3rum.<\/p>\n\n\n\n<p>Bons estudos,<\/p>\n\n\n\n<p>Prof. Ricardo Torques<\/p>\n","protected":false},"excerpt":{"rendered":"<p>Apresenta\u00e7\u00e3o Inicial Ol\u00e1 pessoal, neste artigo vamos comentar as recentes altera\u00e7\u00f5es promovidas pela Lei 14.195\/2021 no CPC. S\u00e3o altera\u00e7\u00f5es relevantes em quatro pontos do nosso C\u00f3digo: cita\u00e7\u00e3o eletr\u00f4nica; procedimento de exibi\u00e7\u00e3o de documento ou coisa; prescri\u00e7\u00e3o intercorrente no cumprimento de senten\u00e7a e em execu\u00e7\u00e3o; e regra relativa \u00e0 prioridade de tr\u00e2mite de processos. Das quatro [&hellip;]<\/p>\n","protected":false},"author":180,"featured_media":0,"comment_status":"open","ping_status":"closed","sticky":false,"template":"","format":"standard","meta":{"post_tipo":"article","footnotes":""},"categories":[1],"tags":[],"tax_estado":[],"class_list":["post-857152","post","type-post","status-publish","format-standard","hentry","category-cursos-e-concursos"],"acf":[],"yoast_head":"<!-- This site is optimized with the Yoast SEO Premium plugin v27.2 (Yoast SEO v27.2) - https:\/\/yoast.com\/product\/yoast-seo-premium-wordpress\/ -->\n<title>Altera\u00e7\u00f5es no CPC pela Lei 14.195\/2021<\/title>\n<meta name=\"robots\" content=\"index, follow, max-snippet:-1, max-image-preview:large, max-video-preview:-1\" \/>\n<link rel=\"canonical\" href=\"https:\/\/www.estrategiaconcursos.com.br\/blog\/alteracoes-no-cpc-pela-lei-14-195-2021\/\" \/>\n<meta property=\"og:locale\" content=\"pt_BR\" \/>\n<meta property=\"og:type\" content=\"article\" \/>\n<meta property=\"og:title\" content=\"Altera\u00e7\u00f5es no CPC pela Lei 14.195\/2021\" \/>\n<meta property=\"og:description\" content=\"Apresenta\u00e7\u00e3o Inicial Ol\u00e1 pessoal, neste artigo vamos comentar as recentes altera\u00e7\u00f5es promovidas pela Lei 14.195\/2021 no CPC. S\u00e3o altera\u00e7\u00f5es relevantes em quatro pontos do nosso C\u00f3digo: cita\u00e7\u00e3o eletr\u00f4nica; procedimento de exibi\u00e7\u00e3o de documento ou coisa; prescri\u00e7\u00e3o intercorrente no cumprimento de senten\u00e7a e em execu\u00e7\u00e3o; e regra relativa \u00e0 prioridade de tr\u00e2mite de processos. Das quatro [&hellip;]\" \/>\n<meta property=\"og:url\" content=\"https:\/\/www.estrategiaconcursos.com.br\/blog\/alteracoes-no-cpc-pela-lei-14-195-2021\/\" \/>\n<meta property=\"og:site_name\" content=\"Estrat\u00e9gia Concursos\" \/>\n<meta property=\"article:author\" content=\"https:\/\/www.facebook.com\/ricardo.s.torques\" \/>\n<meta property=\"article:published_time\" content=\"2021-09-09T13:07:49+00:00\" \/>\n<meta property=\"article:modified_time\" content=\"2021-09-09T13:07:50+00:00\" \/>\n<meta property=\"og:image\" content=\"https:\/\/www.estrategiaconcursos.com.br\/blog\/wp-content\/uploads\/2021\/09\/image-166.png\" \/>\n<meta name=\"author\" content=\"Ricardo Torques\" \/>\n<meta name=\"twitter:card\" content=\"summary_large_image\" \/>\n<meta name=\"twitter:creator\" content=\"@EstratConcursos\" \/>\n<meta name=\"twitter:site\" content=\"@EstratConcursos\" \/>\n<meta name=\"twitter:label1\" content=\"Escrito por\" \/>\n\t<meta name=\"twitter:data1\" content=\"Ricardo Torques\" \/>\n\t<meta name=\"twitter:label2\" content=\"Est. tempo de leitura\" \/>\n\t<meta name=\"twitter:data2\" content=\"14 minutos\" \/>\n<script type=\"application\/ld+json\" class=\"yoast-schema-graph\">{\"@context\":\"https:\/\/schema.org\",\"@graph\":[{\"@type\":\"NewsArticle\",\"@id\":\"https:\/\/www.estrategiaconcursos.com.br\/blog\/alteracoes-no-cpc-pela-lei-14-195-2021\/#article\",\"isPartOf\":{\"@id\":\"https:\/\/www.estrategiaconcursos.com.br\/blog\/alteracoes-no-cpc-pela-lei-14-195-2021\/\"},\"author\":{\"name\":\"Ricardo Torques\",\"@id\":\"https:\/\/www.estrategiaconcursos.com.br\/blog\/#\/schema\/person\/aa39cf5ddb518e5bdce27c35788405e2\"},\"headline\":\"Altera\u00e7\u00f5es no CPC pela Lei 14.195\/2021\",\"datePublished\":\"2021-09-09T13:07:49+00:00\",\"dateModified\":\"2021-09-09T13:07:50+00:00\",\"mainEntityOfPage\":{\"@id\":\"https:\/\/www.estrategiaconcursos.com.br\/blog\/alteracoes-no-cpc-pela-lei-14-195-2021\/\"},\"wordCount\":3189,\"commentCount\":0,\"publisher\":{\"@id\":\"https:\/\/www.estrategiaconcursos.com.br\/blog\/#organization\"},\"image\":{\"@id\":\"https:\/\/www.estrategiaconcursos.com.br\/blog\/alteracoes-no-cpc-pela-lei-14-195-2021\/#primaryimage\"},\"thumbnailUrl\":\"https:\/\/www.estrategiaconcursos.com.br\/blog\/wp-content\/uploads\/2021\/09\/image-166.png\",\"articleSection\":[\"Concursos P\u00fablicos\"],\"inLanguage\":\"pt-BR\",\"potentialAction\":[{\"@type\":\"CommentAction\",\"name\":\"Comment\",\"target\":[\"https:\/\/www.estrategiaconcursos.com.br\/blog\/alteracoes-no-cpc-pela-lei-14-195-2021\/#respond\"]}],\"copyrightYear\":\"2021\",\"copyrightHolder\":{\"@id\":\"https:\/\/www.estrategiaconcursos.com.br\/blog\/#organization\"}},{\"@type\":\"WebPage\",\"@id\":\"https:\/\/www.estrategiaconcursos.com.br\/blog\/alteracoes-no-cpc-pela-lei-14-195-2021\/\",\"url\":\"https:\/\/www.estrategiaconcursos.com.br\/blog\/alteracoes-no-cpc-pela-lei-14-195-2021\/\",\"name\":\"Altera\u00e7\u00f5es no CPC pela Lei 14.195\/2021\",\"isPartOf\":{\"@id\":\"https:\/\/www.estrategiaconcursos.com.br\/blog\/#website\"},\"primaryImageOfPage\":{\"@id\":\"https:\/\/www.estrategiaconcursos.com.br\/blog\/alteracoes-no-cpc-pela-lei-14-195-2021\/#primaryimage\"},\"image\":{\"@id\":\"https:\/\/www.estrategiaconcursos.com.br\/blog\/alteracoes-no-cpc-pela-lei-14-195-2021\/#primaryimage\"},\"thumbnailUrl\":\"https:\/\/www.estrategiaconcursos.com.br\/blog\/wp-content\/uploads\/2021\/09\/image-166.png\",\"datePublished\":\"2021-09-09T13:07:49+00:00\",\"dateModified\":\"2021-09-09T13:07:50+00:00\",\"breadcrumb\":{\"@id\":\"https:\/\/www.estrategiaconcursos.com.br\/blog\/alteracoes-no-cpc-pela-lei-14-195-2021\/#breadcrumb\"},\"inLanguage\":\"pt-BR\",\"potentialAction\":[{\"@type\":\"ReadAction\",\"target\":[\"https:\/\/www.estrategiaconcursos.com.br\/blog\/alteracoes-no-cpc-pela-lei-14-195-2021\/\"]}]},{\"@type\":\"ImageObject\",\"inLanguage\":\"pt-BR\",\"@id\":\"https:\/\/www.estrategiaconcursos.com.br\/blog\/alteracoes-no-cpc-pela-lei-14-195-2021\/#primaryimage\",\"url\":\"https:\/\/dhg1h5j42swfq.cloudfront.net\/2021\/09\/09095054\/image-166.png\",\"contentUrl\":\"https:\/\/dhg1h5j42swfq.cloudfront.net\/2021\/09\/09095054\/image-166.png\",\"width\":709,\"height\":95},{\"@type\":\"BreadcrumbList\",\"@id\":\"https:\/\/www.estrategiaconcursos.com.br\/blog\/alteracoes-no-cpc-pela-lei-14-195-2021\/#breadcrumb\",\"itemListElement\":[{\"@type\":\"ListItem\",\"position\":1,\"name\":\"In\u00edcio\",\"item\":\"https:\/\/www.estrategiaconcursos.com.br\/blog\/\"},{\"@type\":\"ListItem\",\"position\":2,\"name\":\"Altera\u00e7\u00f5es no CPC pela Lei 14.195\/2021\"}]},{\"@type\":\"WebSite\",\"@id\":\"https:\/\/www.estrategiaconcursos.com.br\/blog\/#website\",\"url\":\"https:\/\/www.estrategiaconcursos.com.br\/blog\/\",\"name\":\"Estrat\u00e9gia Concursos\",\"description\":\"O blog da Estrat\u00e9gia Concursos traz not\u00edcias sobre concursos e artigos de professores oferecendo cursos para concursos (pdf + videaulas) no site.\",\"publisher\":{\"@id\":\"https:\/\/www.estrategiaconcursos.com.br\/blog\/#organization\"},\"potentialAction\":[{\"@type\":\"SearchAction\",\"target\":{\"@type\":\"EntryPoint\",\"urlTemplate\":\"https:\/\/www.estrategiaconcursos.com.br\/blog\/?s={search_term_string}\"},\"query-input\":{\"@type\":\"PropertyValueSpecification\",\"valueRequired\":true,\"valueName\":\"search_term_string\"}}],\"inLanguage\":\"pt-BR\"},{\"@type\":\"Organization\",\"@id\":\"https:\/\/www.estrategiaconcursos.com.br\/blog\/#organization\",\"name\":\"Estrat\u00e9gia Concursos\",\"url\":\"https:\/\/www.estrategiaconcursos.com.br\/blog\/\",\"logo\":{\"@type\":\"ImageObject\",\"inLanguage\":\"pt-BR\",\"@id\":\"https:\/\/www.estrategiaconcursos.com.br\/blog\/#\/schema\/logo\/image\/\",\"url\":\"https:\/\/dhg1h5j42swfq.cloudfront.net\/2025\/06\/03203428\/logo_concursos-1.jpg\",\"contentUrl\":\"https:\/\/dhg1h5j42swfq.cloudfront.net\/2025\/06\/03203428\/logo_concursos-1.jpg\",\"width\":230,\"height\":60,\"caption\":\"Estrat\u00e9gia Concursos\"},\"image\":{\"@id\":\"https:\/\/www.estrategiaconcursos.com.br\/blog\/#\/schema\/logo\/image\/\"},\"sameAs\":[\"https:\/\/x.com\/EstratConcursos\"]},{\"@type\":\"Person\",\"@id\":\"https:\/\/www.estrategiaconcursos.com.br\/blog\/#\/schema\/person\/aa39cf5ddb518e5bdce27c35788405e2\",\"name\":\"Ricardo Torques\",\"image\":{\"@type\":\"ImageObject\",\"inLanguage\":\"pt-BR\",\"@id\":\"https:\/\/secure.gravatar.com\/avatar\/ce9ac6c3cff25fe86d15ed568ebc64d1724baf5c0693133bcb1f6073f712f92a?s=96&d=mm&r=g\",\"url\":\"https:\/\/secure.gravatar.com\/avatar\/ce9ac6c3cff25fe86d15ed568ebc64d1724baf5c0693133bcb1f6073f712f92a?s=96&d=mm&r=g\",\"contentUrl\":\"https:\/\/secure.gravatar.com\/avatar\/ce9ac6c3cff25fe86d15ed568ebc64d1724baf5c0693133bcb1f6073f712f92a?s=96&d=mm&r=g\",\"caption\":\"Ricardo Torques\"},\"sameAs\":[\"https:\/\/www.facebook.com\/ricardo.s.torques\"],\"url\":\"https:\/\/www.estrategiaconcursos.com.br\/blog\/author\/ricardotorquesestrategiaconcursos-com-br\/\"}]}<\/script>\n<!-- \/ Yoast SEO Premium plugin. -->","yoast_head_json":{"title":"Altera\u00e7\u00f5es no CPC pela Lei 14.195\/2021","robots":{"index":"index","follow":"follow","max-snippet":"max-snippet:-1","max-image-preview":"max-image-preview:large","max-video-preview":"max-video-preview:-1"},"canonical":"https:\/\/www.estrategiaconcursos.com.br\/blog\/alteracoes-no-cpc-pela-lei-14-195-2021\/","og_locale":"pt_BR","og_type":"article","og_title":"Altera\u00e7\u00f5es no CPC pela Lei 14.195\/2021","og_description":"Apresenta\u00e7\u00e3o Inicial Ol\u00e1 pessoal, neste artigo vamos comentar as recentes altera\u00e7\u00f5es promovidas pela Lei 14.195\/2021 no CPC. S\u00e3o altera\u00e7\u00f5es relevantes em quatro pontos do nosso C\u00f3digo: cita\u00e7\u00e3o eletr\u00f4nica; procedimento de exibi\u00e7\u00e3o de documento ou coisa; prescri\u00e7\u00e3o intercorrente no cumprimento de senten\u00e7a e em execu\u00e7\u00e3o; e regra relativa \u00e0 prioridade de tr\u00e2mite de processos. Das quatro [&hellip;]","og_url":"https:\/\/www.estrategiaconcursos.com.br\/blog\/alteracoes-no-cpc-pela-lei-14-195-2021\/","og_site_name":"Estrat\u00e9gia Concursos","article_author":"https:\/\/www.facebook.com\/ricardo.s.torques","article_published_time":"2021-09-09T13:07:49+00:00","article_modified_time":"2021-09-09T13:07:50+00:00","og_image":[{"url":"https:\/\/www.estrategiaconcursos.com.br\/blog\/wp-content\/uploads\/2021\/09\/image-166.png","type":"","width":"","height":""}],"author":"Ricardo Torques","twitter_card":"summary_large_image","twitter_creator":"@EstratConcursos","twitter_site":"@EstratConcursos","twitter_misc":{"Escrito por":"Ricardo Torques","Est. tempo de leitura":"14 minutos"},"schema":{"@context":"https:\/\/schema.org","@graph":[{"@type":"NewsArticle","@id":"https:\/\/www.estrategiaconcursos.com.br\/blog\/alteracoes-no-cpc-pela-lei-14-195-2021\/#article","isPartOf":{"@id":"https:\/\/www.estrategiaconcursos.com.br\/blog\/alteracoes-no-cpc-pela-lei-14-195-2021\/"},"author":{"name":"Ricardo Torques","@id":"https:\/\/www.estrategiaconcursos.com.br\/blog\/#\/schema\/person\/aa39cf5ddb518e5bdce27c35788405e2"},"headline":"Altera\u00e7\u00f5es no CPC pela Lei 14.195\/2021","datePublished":"2021-09-09T13:07:49+00:00","dateModified":"2021-09-09T13:07:50+00:00","mainEntityOfPage":{"@id":"https:\/\/www.estrategiaconcursos.com.br\/blog\/alteracoes-no-cpc-pela-lei-14-195-2021\/"},"wordCount":3189,"commentCount":0,"publisher":{"@id":"https:\/\/www.estrategiaconcursos.com.br\/blog\/#organization"},"image":{"@id":"https:\/\/www.estrategiaconcursos.com.br\/blog\/alteracoes-no-cpc-pela-lei-14-195-2021\/#primaryimage"},"thumbnailUrl":"https:\/\/www.estrategiaconcursos.com.br\/blog\/wp-content\/uploads\/2021\/09\/image-166.png","articleSection":["Concursos P\u00fablicos"],"inLanguage":"pt-BR","potentialAction":[{"@type":"CommentAction","name":"Comment","target":["https:\/\/www.estrategiaconcursos.com.br\/blog\/alteracoes-no-cpc-pela-lei-14-195-2021\/#respond"]}],"copyrightYear":"2021","copyrightHolder":{"@id":"https:\/\/www.estrategiaconcursos.com.br\/blog\/#organization"}},{"@type":"WebPage","@id":"https:\/\/www.estrategiaconcursos.com.br\/blog\/alteracoes-no-cpc-pela-lei-14-195-2021\/","url":"https:\/\/www.estrategiaconcursos.com.br\/blog\/alteracoes-no-cpc-pela-lei-14-195-2021\/","name":"Altera\u00e7\u00f5es no CPC pela Lei 14.195\/2021","isPartOf":{"@id":"https:\/\/www.estrategiaconcursos.com.br\/blog\/#website"},"primaryImageOfPage":{"@id":"https:\/\/www.estrategiaconcursos.com.br\/blog\/alteracoes-no-cpc-pela-lei-14-195-2021\/#primaryimage"},"image":{"@id":"https:\/\/www.estrategiaconcursos.com.br\/blog\/alteracoes-no-cpc-pela-lei-14-195-2021\/#primaryimage"},"thumbnailUrl":"https:\/\/www.estrategiaconcursos.com.br\/blog\/wp-content\/uploads\/2021\/09\/image-166.png","datePublished":"2021-09-09T13:07:49+00:00","dateModified":"2021-09-09T13:07:50+00:00","breadcrumb":{"@id":"https:\/\/www.estrategiaconcursos.com.br\/blog\/alteracoes-no-cpc-pela-lei-14-195-2021\/#breadcrumb"},"inLanguage":"pt-BR","potentialAction":[{"@type":"ReadAction","target":["https:\/\/www.estrategiaconcursos.com.br\/blog\/alteracoes-no-cpc-pela-lei-14-195-2021\/"]}]},{"@type":"ImageObject","inLanguage":"pt-BR","@id":"https:\/\/www.estrategiaconcursos.com.br\/blog\/alteracoes-no-cpc-pela-lei-14-195-2021\/#primaryimage","url":"https:\/\/dhg1h5j42swfq.cloudfront.net\/2021\/09\/09095054\/image-166.png","contentUrl":"https:\/\/dhg1h5j42swfq.cloudfront.net\/2021\/09\/09095054\/image-166.png","width":709,"height":95},{"@type":"BreadcrumbList","@id":"https:\/\/www.estrategiaconcursos.com.br\/blog\/alteracoes-no-cpc-pela-lei-14-195-2021\/#breadcrumb","itemListElement":[{"@type":"ListItem","position":1,"name":"In\u00edcio","item":"https:\/\/www.estrategiaconcursos.com.br\/blog\/"},{"@type":"ListItem","position":2,"name":"Altera\u00e7\u00f5es no CPC pela Lei 14.195\/2021"}]},{"@type":"WebSite","@id":"https:\/\/www.estrategiaconcursos.com.br\/blog\/#website","url":"https:\/\/www.estrategiaconcursos.com.br\/blog\/","name":"Estrat\u00e9gia Concursos","description":"O blog da Estrat\u00e9gia Concursos traz not\u00edcias sobre concursos e artigos de professores oferecendo cursos para concursos (pdf + videaulas) no site.","publisher":{"@id":"https:\/\/www.estrategiaconcursos.com.br\/blog\/#organization"},"potentialAction":[{"@type":"SearchAction","target":{"@type":"EntryPoint","urlTemplate":"https:\/\/www.estrategiaconcursos.com.br\/blog\/?s={search_term_string}"},"query-input":{"@type":"PropertyValueSpecification","valueRequired":true,"valueName":"search_term_string"}}],"inLanguage":"pt-BR"},{"@type":"Organization","@id":"https:\/\/www.estrategiaconcursos.com.br\/blog\/#organization","name":"Estrat\u00e9gia Concursos","url":"https:\/\/www.estrategiaconcursos.com.br\/blog\/","logo":{"@type":"ImageObject","inLanguage":"pt-BR","@id":"https:\/\/www.estrategiaconcursos.com.br\/blog\/#\/schema\/logo\/image\/","url":"https:\/\/dhg1h5j42swfq.cloudfront.net\/2025\/06\/03203428\/logo_concursos-1.jpg","contentUrl":"https:\/\/dhg1h5j42swfq.cloudfront.net\/2025\/06\/03203428\/logo_concursos-1.jpg","width":230,"height":60,"caption":"Estrat\u00e9gia Concursos"},"image":{"@id":"https:\/\/www.estrategiaconcursos.com.br\/blog\/#\/schema\/logo\/image\/"},"sameAs":["https:\/\/x.com\/EstratConcursos"]},{"@type":"Person","@id":"https:\/\/www.estrategiaconcursos.com.br\/blog\/#\/schema\/person\/aa39cf5ddb518e5bdce27c35788405e2","name":"Ricardo Torques","image":{"@type":"ImageObject","inLanguage":"pt-BR","@id":"https:\/\/secure.gravatar.com\/avatar\/ce9ac6c3cff25fe86d15ed568ebc64d1724baf5c0693133bcb1f6073f712f92a?s=96&d=mm&r=g","url":"https:\/\/secure.gravatar.com\/avatar\/ce9ac6c3cff25fe86d15ed568ebc64d1724baf5c0693133bcb1f6073f712f92a?s=96&d=mm&r=g","contentUrl":"https:\/\/secure.gravatar.com\/avatar\/ce9ac6c3cff25fe86d15ed568ebc64d1724baf5c0693133bcb1f6073f712f92a?s=96&d=mm&r=g","caption":"Ricardo Torques"},"sameAs":["https:\/\/www.facebook.com\/ricardo.s.torques"],"url":"https:\/\/www.estrategiaconcursos.com.br\/blog\/author\/ricardotorquesestrategiaconcursos-com-br\/"}]}},"_links":{"self":[{"href":"https:\/\/www.estrategiaconcursos.com.br\/blog\/wp-json\/wp\/v2\/posts\/857152","targetHints":{"allow":["GET"]}}],"collection":[{"href":"https:\/\/www.estrategiaconcursos.com.br\/blog\/wp-json\/wp\/v2\/posts"}],"about":[{"href":"https:\/\/www.estrategiaconcursos.com.br\/blog\/wp-json\/wp\/v2\/types\/post"}],"author":[{"embeddable":true,"href":"https:\/\/www.estrategiaconcursos.com.br\/blog\/wp-json\/wp\/v2\/users\/180"}],"replies":[{"embeddable":true,"href":"https:\/\/www.estrategiaconcursos.com.br\/blog\/wp-json\/wp\/v2\/comments?post=857152"}],"version-history":[{"count":1,"href":"https:\/\/www.estrategiaconcursos.com.br\/blog\/wp-json\/wp\/v2\/posts\/857152\/revisions"}],"predecessor-version":[{"id":857188,"href":"https:\/\/www.estrategiaconcursos.com.br\/blog\/wp-json\/wp\/v2\/posts\/857152\/revisions\/857188"}],"wp:attachment":[{"href":"https:\/\/www.estrategiaconcursos.com.br\/blog\/wp-json\/wp\/v2\/media?parent=857152"}],"wp:term":[{"taxonomy":"category","embeddable":true,"href":"https:\/\/www.estrategiaconcursos.com.br\/blog\/wp-json\/wp\/v2\/categories?post=857152"},{"taxonomy":"post_tag","embeddable":true,"href":"https:\/\/www.estrategiaconcursos.com.br\/blog\/wp-json\/wp\/v2\/tags?post=857152"},{"taxonomy":"tax_estado","embeddable":true,"href":"https:\/\/www.estrategiaconcursos.com.br\/blog\/wp-json\/wp\/v2\/tax_estado?post=857152"}],"curies":[{"name":"wp","href":"https:\/\/api.w.org\/{rel}","templated":true}]}}