{"id":85571,"date":"2017-08-30T05:00:29","date_gmt":"2017-08-30T08:00:29","guid":{"rendered":"https:\/\/www.estrategiaconcursos.com.br\/blog\/?p=85571"},"modified":"2019-06-14T14:19:42","modified_gmt":"2019-06-14T17:19:42","slug":"concurso-tre-rj-saiu-edital","status":"publish","type":"post","link":"https:\/\/www.estrategiaconcursos.com.br\/blog\/concurso-tre-rj-saiu-edital\/","title":{"rendered":"Concurso TRE RJ: alterado conte\u00fado program\u00e1tico &#8211; SAIBA QUE MUDA"},"content":{"rendered":"<p style=\"text-align: justify;\"><span style=\"color: #000000;\">O Tribunal Regional Eleitoral do Rio de Janeiro retificou nesta quarta-feira, 6 de setembro, o edital do concurso do \u00f3rg\u00e3o, publicado na semana passada com a oferta de vagas para os cargos de Analista e T\u00e9cnico Judici\u00e1rio. O edital de retifica\u00e7\u00e3o faz importantes altera\u00e7\u00f5es&nbsp;no conte\u00fado program\u00e1tico do cargo de T\u00e9cnico.<\/span><\/p>\n<p style=\"text-align: justify;\"><em><strong><span style=\"color: #000000;\">Com a retifica\u00e7\u00e3o, ficam exclu\u00eddas as Disciplinas de Direito Civil e Direito Processual Civil do edital do concurso TRE RJ.<\/span><\/strong><\/em><\/p>\n<p style=\"text-align: justify;\"><span style=\"color: #000000;\">As disciplinas, que estavam dispon\u00edveis no edital TRE RJ para o cargo de T\u00e9cnico Judici\u00e1rio, pegaram de surpresa quem quer prestar certame para o cargo. Isso porque as disciplinas n\u00e3o estavam previstas na Minuta do Edital.<\/span><\/p>\n<p style=\"text-align: justify;\"><span style=\"color: #000000;\">Fica exclu\u00eddo ainda do conte\u00fado program\u00e1tico dos cargos de Analista Judici\u00e1rio \u00e1reas Judici\u00e1ria, Administrativa e T\u00e9cnico Judici\u00e1rio \u00e1rea Administrativa, o T\u00f3pico de Direito Eleitoral Resolu\u00e7\u00e3o do TSE n\u00ba 22.276\/2006 e suas altera\u00e7\u00f5es.<\/span><\/p>\n<p style=\"text-align: justify;\"><span style=\"color: #000000;\">Abaixo, voc\u00ea confere o edital de retifica\u00e7\u00e3o publicado no Di\u00e1rio de Justi\u00e7a Eletr\u00f4nico do TRE RJ.&nbsp;<\/span><\/p>\n<p><img loading=\"lazy\" decoding=\"async\" class=\"aligncenter size-full wp-image-88139\" src=\"https:\/\/dhg1h5j42swfq.cloudfront.net\/2017\/09\/06220600\/concurso-tre-rj.jpg\" alt=\"concurso tre rj\" width=\"614\" height=\"380\" srcset=\"https:\/\/dhg1h5j42swfq.cloudfront.net\/2017\/09\/06220600\/concurso-tre-rj.jpg 614w, https:\/\/dhg1h5j42swfq.cloudfront.net\/2017\/09\/06220600\/concurso-tre-rj.jpg 300w, https:\/\/dhg1h5j42swfq.cloudfront.net\/2017\/09\/06220600\/concurso-tre-rj.jpg 610w\" sizes=\"auto, (max-width: 614px) 100vw, 614px\" \/><\/p>\n<p style=\"text-align: justify;\"><span style=\"color: #000000;\">Foi publicado hoje o edital do Concurso do Tribunal Regional Eleitoral do Rio de Janeiro, que visa o preenchimento de vagas e a forma\u00e7\u00e3o de cadastro de reserva para n\u00edvel superior e n\u00edvel m\u00e9dio (<strong>Concurso TRE RJ<\/strong>).&nbsp;<\/span><span style=\"color: #000000;\">O certame ser\u00e1 realizado pela banca Consulplan e ter\u00e1 as inscri\u00e7\u00f5es abertas a partir do dia <strong>6 de Setembro<\/strong> at\u00e9 o dia <strong>28 de Setembro<\/strong>.<\/span><\/p>\n<p style=\"text-align: justify;\"><span style=\"color: #000000;\">Os valores das taxas s\u00e3o os seguintes:<\/span><\/p>\n<ul style=\"text-align: justify;\">\n<li><span style=\"color: #000000;\">N\u00edvel superior: R$70,00<\/span><\/li>\n<li><span style=\"color: #000000;\">N\u00edvel m\u00e9dio: R$60,00<\/span><\/li>\n<\/ul>\n<p style=\"text-align: justify;\"><span style=\"color: #000000;\">As inscri\u00e7\u00f5es devem ser realizadas no site da banca CONSULPLAN (www.consulplan.net), que \u00e9 a institui\u00e7\u00e3o organizadora do certame.<\/span><\/p>\n<p style=\"text-align: justify;\"><span style=\"color: #000000;\">As provas ser\u00e3o realizadas somente no munic\u00edpio do <strong>Rio de Janeiro no dia 26 de Novembro<\/strong> de 2017. Veja abaixo os hor\u00e1rios das provas de cada cargo:<\/span><\/p>\n<p style=\"padding-left: 30px;\"><span style=\"color: #000000;\">Cargos de Analista &#8211; Manh\u00e3: 8h00 \u00e0s 12h30<\/span><br \/>\n<span style=\"color: #000000;\"> Cargos de T\u00e9cnico &#8211; Tarde: 14h30 \u00e0s 19h00<\/span><\/p>\n<h3 style=\"text-align: justify;\">Vagas previstas no edital TRE RJ 2017<\/h3>\n<\/p>\n<p style=\"text-align: justify;\"><span style=\"color: #000000;\">De acordo com o edital publicado, as vagas est\u00e3o distribu\u00eddas da seguinte forma:<\/span><\/p>\n<p style=\"text-align: justify; padding-left: 30px;\"><span style=\"color: #000000;\"><strong>Analista Judici\u00e1rio (n\u00edvel superior)<\/strong><\/span><br \/>\n<span style=\"color: #000000;\"> <em>\u00c1rea Judici\u00e1ria &#8211; 2 vagas<\/em><\/span><br \/>\n<span style=\"color: #000000;\"> <em>Administrativo &#8211; Cadastro de Reserva<\/em><\/span><br \/>\n<span style=\"color: #000000;\"> <em>An\u00e1lise de Sistemas &#8211; Cadastro de Reserva<\/em><\/span><br \/>\n<span style=\"color: #000000;\"> <em>M\u00e9dico Cl\u00ednico Geral &#8211; Cadastro de Reserva<\/em><\/span><br \/>\n<span style=\"color: #000000;\"> <em>M\u00e9dico do Trabalho &#8211; 1 vaga<\/em><\/span><br \/>\n<span style=\"color: #000000;\"> <em>Psic\u00f3logo &#8211; 1 Vaga<\/em><\/span><\/p>\n<p style=\"text-align: justify; padding-left: 30px;\"><span style=\"color: #000000;\"><strong>T\u00e9cnico Judici\u00e1rio (n\u00edvel m\u00e9dio)<\/strong><\/span><br \/>\n<span style=\"color: #000000;\"> <em>Administrativo &#8211; 7 Vagas<br \/>\nEnfermagem &#8211; Cadastro de Reserva<br \/>\nOperador de Computador &#8211; Cadastro de Reserva<br \/>\nPrograma\u00e7\u00e3o de Sistemas &#8211; Cadastro de Reserva<\/em><\/span><\/p>\n<h3 style=\"text-align: justify;\">Remunera\u00e7\u00e3o dos cargos do Tribunal Regional Eleitoral do Rio de Janeiro<\/h3>\n<\/p>\n<p style=\"text-align: justify;\"><span style=\"color: #000000;\">Conforme indica o edital, o sal\u00e1rio inicial e a jornada de trabalho dos servidores do TRE RJ ser\u00e3o os seguintes:<\/span><\/p>\n<p style=\"text-align: justify;\"><span style=\"color: #000000;\"><em>Analista Judici\u00e1rio &#8211; R$ 10.461,90 &#8211; 40h semanais<\/em><\/span><br \/>\n<span style=\"color: #000000;\"> <em>M\u00e9dico (Cl\u00ednico Geral e do Trabalho) &#8211; R$ 10.461,90 &#8211; 20h semanais<br \/>\nT\u00e9cnico Judici\u00e1rio &#8211; R$ 6.376,41 &#8211; 40h semanais<\/em><\/span><\/p>\n<p style=\"text-align: justify;\"><span style=\"color: #000000;\">Como indica o pr\u00f3prio edital, os servidores tem direito aos seguintes benef\u00edcios:<\/span><\/p>\n<ul style=\"text-align: justify;\">\n<li><span style=\"color: #000000;\">progress\u00e3o na carreira conforme a tabela de cada cargo;<\/span><\/li>\n<li><span style=\"color: #000000;\">adicional de qualifica\u00e7\u00e3o (de 1% a 12,5%);<\/span><\/li>\n<li><span style=\"color: #000000;\">assist\u00eancia m\u00e9dica e hospitalar: R$215,00 por benefici\u00e1rio (servidor e dependentes);<\/span><\/li>\n<li><span style=\"color: #000000;\">assist\u00eancia pr\u00e9-escolar: R$699,00<\/span><\/li>\n<li><span style=\"color: #000000;\">aux\u00edlio-alimenta\u00e7\u00e3o: R$884,00<\/span><\/li>\n<\/ul>\n<p style=\"text-align: justify;\"><span style=\"color: #000000;\">Al\u00e9m disso, \u00e9 poss\u00edvel assumir uma fun\u00e7\u00e3o gratificada, cujo pagamento mensal varia de R$1.000 a R$7.500. Deste modo, os Analistas Judici\u00e1rios podem ter remunera\u00e7\u00e3o inicial superior a R$14.000, enquanto os T\u00e9cnicos Judici\u00e1rios podem iniciar a carreira ganhando pr\u00f3ximo de R$10.000.<\/span><\/p>\n<p><img loading=\"lazy\" decoding=\"async\" class=\"aligncenter wp-image-87580 size-full\" src=\"https:\/\/dhg1h5j42swfq.cloudfront.net\/2017\/08\/31105929\/tre-rj-21.jpg\" alt=\"\" width=\"1200\" height=\"300\" srcset=\"https:\/\/dhg1h5j42swfq.cloudfront.net\/2017\/08\/31105929\/tre-rj-21.jpg 1200w, https:\/\/dhg1h5j42swfq.cloudfront.net\/2017\/08\/31105929\/tre-rj-21.jpg 300w, https:\/\/dhg1h5j42swfq.cloudfront.net\/2017\/08\/31105929\/tre-rj-21.jpg 768w, https:\/\/dhg1h5j42swfq.cloudfront.net\/2017\/08\/31105929\/tre-rj-21.jpg 1024w, https:\/\/dhg1h5j42swfq.cloudfront.net\/2017\/08\/31105929\/tre-rj-21.jpg 610w\" sizes=\"auto, (max-width: 1200px) 100vw, 1200px\" \/><\/p>\n<p style=\"text-align: center;\"><strong><em>Para ajudar na prepara\u00e7\u00e3o, realizaremos AO VIVO E GRATUITAMENTE a partir do dia 04 de setembro, \u00e0s 19h (hor\u00e1rio de Bras\u00edlia), o Curso Intensivo TRE-RJ.<\/em><\/strong><\/p>\n<p style=\"text-align: center;\"><strong><em>As aulas englobar\u00e3o desde Regimento Interno a Direito Eleitoral. S\u00e3o v\u00e1rias mat\u00e9rias de relev\u00e2ncia com conte\u00fado de qualidade e totalmente gratuito. N\u00e3o perca a oportunidade de pode<\/em><\/strong><\/p>\n<p style=\"text-align: center;\"><strong><em>r resolver ao vivo as quest\u00f5es da banca Consulplan. A&nbsp;programa\u00e7\u00e3o ser\u00e1 divulgada em breve! Participe!<\/em><\/strong><\/p>\n<p>&nbsp;<script type=\"text\/javascript\" src=\"https:\/\/ax182.infusionsoft.com\/app\/form\/iframe\/bea2d5b0f4190246da468018dd58b092\"><\/script><\/p>\n<h3 style=\"text-align: justify;\">Estrutura das provas do Concurso TRE RJ<\/h3>\n<p style=\"text-align: justify;\"><span style=\"color: #000000;\">As provas objetivas e discursivas, para todos os cargos, ter\u00e3o 4 horas e 30 minutos de dura\u00e7\u00e3o.&nbsp;Veja a seguir a estrutura das provas de cada cargo:<\/span><\/p>\n<p style=\"padding-left: 30px;\"><span style=\"color: #000000;\"><strong>Analista Judici\u00e1rio \u2013 Todas as Especialidades<\/strong><\/span><br \/>\n<span style=\"color: #000000;\"><em>Conhecimentos Gerais \u2013 25 quest\u00f5es<\/em><\/span><br \/>\n<span style=\"color: #000000;\"><em>Conhecimentos Espec\u00edficos \u2013 40 quest\u00f5es<\/em><\/span><br \/>\n<span style=\"color: #000000;\"><em>Estudo de Caso \u2013 2 quest\u00f5es<\/em><\/span><\/p>\n<p style=\"padding-left: 30px;\"><span style=\"color: #000000;\"><strong>T\u00e9cnico Judici\u00e1rio \u2013 Administrativo<\/strong><\/span><br \/>\n<span style=\"color: #000000;\"><em>Conhecimentos Gerais \u2013 25 quest\u00f5es<\/em><\/span><br \/>\n<span style=\"color: #000000;\"><em>Conhecimentos Espec\u00edficos \u2013 40 quest\u00f5es<\/em><\/span><br \/>\n<span style=\"color: #000000;\"><em>Reda\u00e7\u00e3o \u2013 1 quest\u00e3o<\/em><\/span><\/p>\n<p style=\"padding-left: 30px;\"><span style=\"color: #000000;\"><strong>T\u00e9cnico Judici\u00e1rio \u2013 Demais Especialidades<\/strong><\/span><br \/>\n<span style=\"color: #000000;\"><em>Conhecimentos Gerais \u2013 25 quest\u00f5es<\/em><\/span><br \/>\n<span style=\"color: #000000;\"><em>Conhecimentos Espec\u00edficos \u2013 40 quest\u00f5es<\/em><\/span><br \/>\n<span style=\"color: #000000;\"><em>Estudo de Caso \u2013 2 quest\u00e3o<\/em><\/span><\/p>\n<p style=\"text-align: justify;\"><span style=\"color: #000000;\">Para o cargo de T\u00e9cnico Judici\u00e1rio &#8211; \u00c1rea Administrativa, ser\u00e3o corrigidas as SEISCENTAS (600) reda\u00e7\u00f5es dos candidatos que tiverem o melhor posicionamento nas provas objetivas, sendo:<\/span><\/p>\n<ul style=\"text-align: justify;\">\n<li><span style=\"color: #000000;\">480 reda\u00e7\u00f5es da lista geral<\/span><\/li>\n<li><span style=\"color: #000000;\">120 reda\u00e7\u00f5es da lista de candidatos declarados negros<\/span><\/li>\n<\/ul>\n<p style=\"text-align: justify;\"><span style=\"color: #000000;\">Para os cargos que ter\u00e3o Estudo de Caso, veja abaixo a quantidade de provas discursivas que ser\u00e3o corrigidas:<\/span><\/p>\n<p style=\"text-align: justify;\"><a href=\"https:\/\/dhg1h5j42swfq.cloudfront.net\/2017\/08\/30190238\/concurso-tre-rj-estudo-de-caso.png\"><img loading=\"lazy\" decoding=\"async\" class=\"aligncenter size-full wp-image-87469\" src=\"https:\/\/dhg1h5j42swfq.cloudfront.net\/2017\/08\/30190238\/concurso-tre-rj-estudo-de-caso.png\" alt=\"\" width=\"468\" height=\"411\" srcset=\"https:\/\/dhg1h5j42swfq.cloudfront.net\/2017\/08\/30190238\/concurso-tre-rj-estudo-de-caso.png 468w, https:\/\/dhg1h5j42swfq.cloudfront.net\/2017\/08\/30190238\/concurso-tre-rj-estudo-de-caso.png 300w\" sizes=\"auto, (max-width: 468px) 100vw, 468px\" \/><\/a><\/p>\n<h3 style=\"text-align: justify;\">Pesos<\/h3>\n<p style=\"text-align: justify;\">Todas as provas (conhecimentos gerais, conhecimentos espec\u00edficos e estudo de caso\/reda\u00e7\u00e3o) ser\u00e3o avaliadas na pontua\u00e7\u00e3o de 0 a 10. Entretanto, cada prova tem um peso diferente na composi\u00e7\u00e3o da nota final. Veja a seguir:<\/p>\n<ul style=\"text-align: justify;\">\n<li>conhecimentos gerais: peso 1<\/li>\n<li>conhecimentos espec\u00edficos: peso 3<\/li>\n<li>estudo de caso ou reda\u00e7\u00e3o: peso 2<\/li>\n<\/ul>\n<h3>An\u00e1lise completa do Concurso TRE RJ<\/h3>\n<p>Os especialistas do Estrat\u00e9gia Concursos realizaram uma an\u00e1lise completa do Edital TRE RJ 2017.<\/p>\n<div class=\"lyte-wrapper\" style=\"width:853px;max-width:100%;margin:5px;\"><div class=\"lyMe\" id=\"WYL_VXwGif_Cp7Q\"><div id=\"lyte_VXwGif_Cp7Q\" data-src=\"\/\/i.ytimg.com\/vi\/VXwGif_Cp7Q\/hqdefault.jpg\" class=\"pL\"><div class=\"tC\"><div class=\"tT\"><\/div><\/div><div class=\"play\"><\/div><div class=\"ctrl\"><div class=\"Lctrl\"><\/div><div class=\"Rctrl\"><\/div><\/div><\/div><noscript><a href=\"https:\/\/youtu.be\/VXwGif_Cp7Q\" rel=\"nofollow\"><img loading=\"lazy\" decoding=\"async\" src=\"https:\/\/i.ytimg.com\/vi\/VXwGif_Cp7Q\/0.jpg\" alt=\"YouTube video thumbnail\" width=\"853\" height=\"460\" \/><br \/>Assista a este v\u00eddeo no YouTube<\/a><\/noscript><\/div><\/div><div class=\"lL\" style=\"max-width:100%;width:853px;margin:5px;\"><\/div><\/p>\n<h3>Disciplinas exigidas no edital do Concurso TRE RJ<\/h3>\n<p>Veja a seguir a rela\u00e7\u00e3o das disciplinas que ser\u00e3o cobradas para TODOS os cargos do TRE RJ:<\/p>\n<ul>\n<li>portugu\u00eas<\/li>\n<li>normas aplic\u00e1veis aos servidores federais<\/li>\n<li>regimento interno do TRE RJ<\/li>\n<li>\u00e9tica<\/li>\n<li>no\u00e7\u00f5es de gest\u00e3o estrat\u00e9gia, de projetos e de processos<\/li>\n<li>sustentabilidade<\/li>\n<li>direitos das pessoas com defici\u00eancia<\/li>\n<li>no\u00e7\u00f5es de inform\u00e1tica (exceto para os cargos de TI)<\/li>\n<li>racioc\u00ednio l\u00f3gico e resolu\u00e7\u00f5es (apenas para os cargos de TI)<\/li>\n<\/ul>\n<p>Al\u00e9m dessas disciplinas, veja quais s\u00e3o cobradas especificamente para cada cargo:<\/p>\n<p><strong>ANALISTA JUDICI\u00c1RIO &#8211; \u00c1REA JUDICI\u00c1RIA<\/strong><\/p>\n<ul>\n<li>Direito Constitucional<\/li>\n<li>Direito Administrativo<\/li>\n<li>Direito Eleitoral<\/li>\n<li>Direito Civil<\/li>\n<li>Direito Processual Civil<\/li>\n<li>Direito Penal<\/li>\n<li>Direito Processual Penal<\/li>\n<li>Direito Tribut\u00e1rio<\/li>\n<li>Direito Financeiro<\/li>\n<\/ul>\n<p><strong>ANALISTA JUDICI\u00c1RIO &#8211; \u00c1REA ADMINISTRATIVA<\/strong><\/p>\n<ul>\n<li>Direito Constitucional<\/li>\n<li>Direito Administrativo<\/li>\n<li>Direito Eleitoral<\/li>\n<li>Direito Civil<\/li>\n<li>Direito Processual Civil<\/li>\n<li>Direito Penal<\/li>\n<li>Direito Processual Penal<\/li>\n<li>Administra\u00e7\u00e3o Financeira e Or\u00e7ament\u00e1ria e Or\u00e7amento P\u00fablico<\/li>\n<li>Administra\u00e7\u00e3o Geral e P\u00fablica<\/li>\n<\/ul>\n<p><strong>T\u00c9CNICO JUDICI\u00c1RIO &#8211; \u00c1REA ADMINISTRATIVA<\/strong><\/p>\n<ul>\n<li>Arquivologia<\/li>\n<li>Direito Constitucional<\/li>\n<li>Direito Administrativo<\/li>\n<li>Direito Eleitoral<\/li>\n<li>Direito Civil<\/li>\n<li>Direito Processual Civil<\/li>\n<li>Administra\u00e7\u00e3o p\u00fablica<\/li>\n<li>Administra\u00e7\u00e3o de Recursos Materiais<\/li>\n<\/ul>\n<p>&nbsp;<\/p>\n<p>Veja o edital na \u00edntegra aqui: <span style=\"color: #ff0000;\"><strong><a href=\"https:\/\/www.estrategiaconcursos.com.br\/blog\/wp-content\/uploads\/2017\/08\/EDITAL-TRE-RJ1.pdf\" target=\"_blank\" rel=\"noopener noreferrer\">EDITAL TRE RJ 2017<\/a><\/strong><\/span><\/p>\n<p>&nbsp;<\/p>\n<p style=\"text-align: center;\"><em><strong>O Estrat\u00e9gia Concursos lan\u00e7ou cursos completos para voc\u00ea que quer se preparar para o concurso do TRE RJ. Eles est\u00e3o com 20% de desconto em raz\u00e3o da publica\u00e7\u00e3o do edital! Conhe\u00e7a-os aqui:<\/strong><\/em><\/p>\n<p style=\"text-align: center;\"><em><strong><a href=\"https:\/\/www.estrategiaconcursos.com.br\/cursosPorConcurso\/promocao-aulao-ao-vivo-tre-rj\/\" target=\"_blank\" rel=\"noopener noreferrer\">CURSOS COMPLETOS PARA O TRE RJ &#8211; PRE\u00c7O PROMOCIONAL<\/a><\/strong><\/em><\/p>\n<p style=\"text-align: justify;\"><em>Fernando Brito<\/em><br \/>\nAscom Estrat\u00e9gia<br \/>\ncomunicacao@estrategiaconcursos.com.br<\/p>\n<h2 style=\"text-align: center;\">Fique informado pelo WhatsApp!<\/h2>\n<\/p>\n<p style=\"text-align: center;\"><em><strong>Salve o n\u00famero (61) 99876-2981<\/strong>, na sua Agenda de Contatos e nos envie uma mensagem pelo WhatsApp&nbsp;<span style=\"color: #ff0000;\"><strong>falando para qual \u00e1rea de concurso voc\u00ea estuda<\/strong><\/span>. N\u00f3s passaremos a te enviar informa\u00e7\u00f5es atualizadas direto no seu celular. <strong>\u00c9 importante que voc\u00ea mantenha o nosso n\u00famero na sua Lista de Contatos do WhatsApp.<\/strong> Somente desta forma voc\u00ea receber\u00e1, via Lista de Transmiss\u00e3o, as informa\u00e7\u00f5es, not\u00edcias, avisos de Aulas Gr\u00e1tis, mensagens de motiva\u00e7\u00e3o dos nossos professores e muito mais. Fique Informado!<\/em><\/p>\n<p><img loading=\"lazy\" decoding=\"async\" class=\"aligncenter size-large wp-image-83542\" src=\"https:\/\/dhg1h5j42swfq.cloudfront.net\/2017\/08\/01145114\/whats-thais-mendes-2.png\" alt=\"\" width=\"1024\" height=\"536\" srcset=\"https:\/\/dhg1h5j42swfq.cloudfront.net\/2017\/08\/01145114\/whats-thais-mendes-2.png 1200w, https:\/\/dhg1h5j42swfq.cloudfront.net\/2017\/08\/01145114\/whats-thais-mendes-2.png 300w, https:\/\/dhg1h5j42swfq.cloudfront.net\/2017\/08\/01145114\/whats-thais-mendes-2.png 768w, https:\/\/dhg1h5j42swfq.cloudfront.net\/2017\/08\/01145114\/whats-thais-mendes-2.png 1024w, https:\/\/dhg1h5j42swfq.cloudfront.net\/2017\/08\/01145114\/whats-thais-mendes-2.png 610w\" sizes=\"auto, (max-width: 1024px) 100vw, 1024px\" \/><\/p>\n","protected":false},"excerpt":{"rendered":"<p>O Tribunal Regional Eleitoral do Rio de Janeiro retificou nesta quarta-feira, 6 de setembro, o edital do concurso do \u00f3rg\u00e3o, publicado na semana passada com a oferta de vagas para os cargos de Analista e T\u00e9cnico Judici\u00e1rio. O edital de retifica\u00e7\u00e3o faz importantes altera\u00e7\u00f5es&nbsp;no conte\u00fado program\u00e1tico do cargo de T\u00e9cnico. Com a retifica\u00e7\u00e3o, ficam exclu\u00eddas [&hellip;]<\/p>\n","protected":false},"author":1,"featured_media":0,"comment_status":"open","ping_status":"open","sticky":false,"template":"","format":"standard","meta":{"post_tipo":"news","footnotes":""},"categories":[1,1984],"tags":[],"tax_estado":[],"class_list":["post-85571","post","type-post","status-publish","format-standard","hentry","category-cursos-e-concursos","category-tribunais"],"acf":[],"yoast_head":"<!-- This site is optimized with the Yoast SEO Premium plugin v27.2 (Yoast SEO v27.2) - https:\/\/yoast.com\/product\/yoast-seo-premium-wordpress\/ -->\n<title>Concurso TRE RJ: alterado conte\u00fado program\u00e1tico - SAIBA QUE MUDA<\/title>\n<meta name=\"robots\" content=\"index, follow, max-snippet:-1, max-image-preview:large, max-video-preview:-1\" \/>\n<link rel=\"canonical\" href=\"https:\/\/www.estrategiaconcursos.com.br\/blog\/concurso-tre-rj-saiu-edital\/\" \/>\n<meta property=\"og:locale\" content=\"pt_BR\" \/>\n<meta property=\"og:type\" content=\"article\" \/>\n<meta property=\"og:title\" content=\"Concurso TRE RJ: alterado conte\u00fado program\u00e1tico - SAIBA QUE MUDA\" \/>\n<meta property=\"og:description\" content=\"O Tribunal Regional Eleitoral do Rio de Janeiro retificou nesta quarta-feira, 6 de setembro, o edital do concurso do \u00f3rg\u00e3o, publicado na semana passada com a oferta de vagas para os cargos de Analista e T\u00e9cnico Judici\u00e1rio. O edital de retifica\u00e7\u00e3o faz importantes altera\u00e7\u00f5es&nbsp;no conte\u00fado program\u00e1tico do cargo de T\u00e9cnico. Com a retifica\u00e7\u00e3o, ficam exclu\u00eddas [&hellip;]\" \/>\n<meta property=\"og:url\" content=\"https:\/\/www.estrategiaconcursos.com.br\/blog\/concurso-tre-rj-saiu-edital\/\" \/>\n<meta property=\"og:site_name\" content=\"Estrat\u00e9gia Concursos\" \/>\n<meta property=\"article:author\" content=\"https:\/\/www.facebook.com\/EstrategiaConcursos\" \/>\n<meta property=\"article:published_time\" content=\"2017-08-30T08:00:29+00:00\" \/>\n<meta property=\"article:modified_time\" content=\"2019-06-14T17:19:42+00:00\" \/>\n<meta property=\"og:image\" content=\"https:\/\/www.estrategiaconcursos.com.br\/blog\/wp-content\/uploads\/2017\/09\/concurso-tre-rj.jpg\" \/>\n<meta name=\"author\" content=\"Coordena\u00e7\u00e3o\" \/>\n<meta name=\"twitter:card\" content=\"summary_large_image\" \/>\n<meta name=\"twitter:creator\" content=\"@EstratConcursos\" \/>\n<meta name=\"twitter:site\" content=\"@EstratConcursos\" \/>\n<meta name=\"twitter:label1\" content=\"Escrito por\" \/>\n\t<meta name=\"twitter:data1\" content=\"Coordena\u00e7\u00e3o\" \/>\n\t<meta name=\"twitter:label2\" content=\"Est. tempo de leitura\" \/>\n\t<meta name=\"twitter:data2\" content=\"6 minutos\" \/>\n<script type=\"application\/ld+json\" class=\"yoast-schema-graph\">{\"@context\":\"https:\/\/schema.org\",\"@graph\":[{\"@type\":\"NewsArticle\",\"@id\":\"https:\/\/www.estrategiaconcursos.com.br\/blog\/concurso-tre-rj-saiu-edital\/#article\",\"isPartOf\":{\"@id\":\"https:\/\/www.estrategiaconcursos.com.br\/blog\/concurso-tre-rj-saiu-edital\/\"},\"author\":{\"name\":\"Coordena\u00e7\u00e3o\",\"@id\":\"https:\/\/www.estrategiaconcursos.com.br\/blog\/#\/schema\/person\/b4a388c97673c5f483d72185668afa1f\"},\"headline\":\"Concurso TRE RJ: alterado conte\u00fado program\u00e1tico &#8211; SAIBA QUE MUDA\",\"datePublished\":\"2017-08-30T08:00:29+00:00\",\"dateModified\":\"2019-06-14T17:19:42+00:00\",\"mainEntityOfPage\":{\"@id\":\"https:\/\/www.estrategiaconcursos.com.br\/blog\/concurso-tre-rj-saiu-edital\/\"},\"wordCount\":1263,\"commentCount\":2,\"publisher\":{\"@id\":\"https:\/\/www.estrategiaconcursos.com.br\/blog\/#organization\"},\"image\":{\"@id\":\"https:\/\/www.estrategiaconcursos.com.br\/blog\/concurso-tre-rj-saiu-edital\/#primaryimage\"},\"thumbnailUrl\":\"https:\/\/www.estrategiaconcursos.com.br\/blog\/wp-content\/uploads\/2017\/09\/concurso-tre-rj.jpg\",\"articleSection\":[\"Concursos P\u00fablicos\",\"Tribunais\"],\"inLanguage\":\"pt-BR\",\"potentialAction\":[{\"@type\":\"CommentAction\",\"name\":\"Comment\",\"target\":[\"https:\/\/www.estrategiaconcursos.com.br\/blog\/concurso-tre-rj-saiu-edital\/#respond\"]}],\"copyrightYear\":\"2017\",\"copyrightHolder\":{\"@id\":\"https:\/\/www.estrategiaconcursos.com.br\/blog\/#organization\"}},{\"@type\":\"WebPage\",\"@id\":\"https:\/\/www.estrategiaconcursos.com.br\/blog\/concurso-tre-rj-saiu-edital\/\",\"url\":\"https:\/\/www.estrategiaconcursos.com.br\/blog\/concurso-tre-rj-saiu-edital\/\",\"name\":\"Concurso TRE RJ: alterado conte\u00fado program\u00e1tico - SAIBA QUE MUDA\",\"isPartOf\":{\"@id\":\"https:\/\/www.estrategiaconcursos.com.br\/blog\/#website\"},\"primaryImageOfPage\":{\"@id\":\"https:\/\/www.estrategiaconcursos.com.br\/blog\/concurso-tre-rj-saiu-edital\/#primaryimage\"},\"image\":{\"@id\":\"https:\/\/www.estrategiaconcursos.com.br\/blog\/concurso-tre-rj-saiu-edital\/#primaryimage\"},\"thumbnailUrl\":\"https:\/\/www.estrategiaconcursos.com.br\/blog\/wp-content\/uploads\/2017\/09\/concurso-tre-rj.jpg\",\"datePublished\":\"2017-08-30T08:00:29+00:00\",\"dateModified\":\"2019-06-14T17:19:42+00:00\",\"breadcrumb\":{\"@id\":\"https:\/\/www.estrategiaconcursos.com.br\/blog\/concurso-tre-rj-saiu-edital\/#breadcrumb\"},\"inLanguage\":\"pt-BR\",\"potentialAction\":[{\"@type\":\"ReadAction\",\"target\":[\"https:\/\/www.estrategiaconcursos.com.br\/blog\/concurso-tre-rj-saiu-edital\/\"]}]},{\"@type\":\"ImageObject\",\"inLanguage\":\"pt-BR\",\"@id\":\"https:\/\/www.estrategiaconcursos.com.br\/blog\/concurso-tre-rj-saiu-edital\/#primaryimage\",\"url\":\"https:\/\/dhg1h5j42swfq.cloudfront.net\/2017\/09\/06220600\/concurso-tre-rj.jpg\",\"contentUrl\":\"https:\/\/dhg1h5j42swfq.cloudfront.net\/2017\/09\/06220600\/concurso-tre-rj.jpg\",\"width\":614,\"height\":380,\"caption\":\"concurso tre rj\"},{\"@type\":\"BreadcrumbList\",\"@id\":\"https:\/\/www.estrategiaconcursos.com.br\/blog\/concurso-tre-rj-saiu-edital\/#breadcrumb\",\"itemListElement\":[{\"@type\":\"ListItem\",\"position\":1,\"name\":\"In\u00edcio\",\"item\":\"https:\/\/www.estrategiaconcursos.com.br\/blog\/\"},{\"@type\":\"ListItem\",\"position\":2,\"name\":\"Concurso TRE RJ: alterado conte\u00fado program\u00e1tico &#8211; SAIBA QUE MUDA\"}]},{\"@type\":\"WebSite\",\"@id\":\"https:\/\/www.estrategiaconcursos.com.br\/blog\/#website\",\"url\":\"https:\/\/www.estrategiaconcursos.com.br\/blog\/\",\"name\":\"Estrat\u00e9gia Concursos\",\"description\":\"O blog da Estrat\u00e9gia Concursos traz not\u00edcias sobre concursos e artigos de professores oferecendo cursos para concursos (pdf + videaulas) no site.\",\"publisher\":{\"@id\":\"https:\/\/www.estrategiaconcursos.com.br\/blog\/#organization\"},\"potentialAction\":[{\"@type\":\"SearchAction\",\"target\":{\"@type\":\"EntryPoint\",\"urlTemplate\":\"https:\/\/www.estrategiaconcursos.com.br\/blog\/?s={search_term_string}\"},\"query-input\":{\"@type\":\"PropertyValueSpecification\",\"valueRequired\":true,\"valueName\":\"search_term_string\"}}],\"inLanguage\":\"pt-BR\"},{\"@type\":\"Organization\",\"@id\":\"https:\/\/www.estrategiaconcursos.com.br\/blog\/#organization\",\"name\":\"Estrat\u00e9gia Concursos\",\"url\":\"https:\/\/www.estrategiaconcursos.com.br\/blog\/\",\"logo\":{\"@type\":\"ImageObject\",\"inLanguage\":\"pt-BR\",\"@id\":\"https:\/\/www.estrategiaconcursos.com.br\/blog\/#\/schema\/logo\/image\/\",\"url\":\"https:\/\/dhg1h5j42swfq.cloudfront.net\/2025\/06\/03203428\/logo_concursos-1.jpg\",\"contentUrl\":\"https:\/\/dhg1h5j42swfq.cloudfront.net\/2025\/06\/03203428\/logo_concursos-1.jpg\",\"width\":230,\"height\":60,\"caption\":\"Estrat\u00e9gia Concursos\"},\"image\":{\"@id\":\"https:\/\/www.estrategiaconcursos.com.br\/blog\/#\/schema\/logo\/image\/\"},\"sameAs\":[\"https:\/\/x.com\/EstratConcursos\"]},{\"@type\":\"Person\",\"@id\":\"https:\/\/www.estrategiaconcursos.com.br\/blog\/#\/schema\/person\/b4a388c97673c5f483d72185668afa1f\",\"name\":\"Coordena\u00e7\u00e3o\",\"image\":{\"@type\":\"ImageObject\",\"inLanguage\":\"pt-BR\",\"@id\":\"https:\/\/secure.gravatar.com\/avatar\/b720319e4c9a967eb58678d110f4fe35452fc5d5f97b202bac7b8acceb18c6ad?s=96&d=mm&r=g\",\"url\":\"https:\/\/secure.gravatar.com\/avatar\/b720319e4c9a967eb58678d110f4fe35452fc5d5f97b202bac7b8acceb18c6ad?s=96&d=mm&r=g\",\"contentUrl\":\"https:\/\/secure.gravatar.com\/avatar\/b720319e4c9a967eb58678d110f4fe35452fc5d5f97b202bac7b8acceb18c6ad?s=96&d=mm&r=g\",\"caption\":\"Coordena\u00e7\u00e3o\"},\"sameAs\":[\"https:\/\/www.facebook.com\/EstrategiaConcursos\",\"https:\/\/x.com\/EstratConcursos\"],\"url\":\"https:\/\/www.estrategiaconcursos.com.br\/blog\/author\/estrategia2013\/\"}]}<\/script>\n<!-- \/ Yoast SEO Premium plugin. -->","yoast_head_json":{"title":"Concurso TRE RJ: alterado conte\u00fado program\u00e1tico - SAIBA QUE MUDA","robots":{"index":"index","follow":"follow","max-snippet":"max-snippet:-1","max-image-preview":"max-image-preview:large","max-video-preview":"max-video-preview:-1"},"canonical":"https:\/\/www.estrategiaconcursos.com.br\/blog\/concurso-tre-rj-saiu-edital\/","og_locale":"pt_BR","og_type":"article","og_title":"Concurso TRE RJ: alterado conte\u00fado program\u00e1tico - SAIBA QUE MUDA","og_description":"O Tribunal Regional Eleitoral do Rio de Janeiro retificou nesta quarta-feira, 6 de setembro, o edital do concurso do \u00f3rg\u00e3o, publicado na semana passada com a oferta de vagas para os cargos de Analista e T\u00e9cnico Judici\u00e1rio. O edital de retifica\u00e7\u00e3o faz importantes altera\u00e7\u00f5es&nbsp;no conte\u00fado program\u00e1tico do cargo de T\u00e9cnico. Com a retifica\u00e7\u00e3o, ficam exclu\u00eddas [&hellip;]","og_url":"https:\/\/www.estrategiaconcursos.com.br\/blog\/concurso-tre-rj-saiu-edital\/","og_site_name":"Estrat\u00e9gia Concursos","article_author":"https:\/\/www.facebook.com\/EstrategiaConcursos","article_published_time":"2017-08-30T08:00:29+00:00","article_modified_time":"2019-06-14T17:19:42+00:00","og_image":[{"url":"https:\/\/www.estrategiaconcursos.com.br\/blog\/wp-content\/uploads\/2017\/09\/concurso-tre-rj.jpg","type":"","width":"","height":""}],"author":"Coordena\u00e7\u00e3o","twitter_card":"summary_large_image","twitter_creator":"@EstratConcursos","twitter_site":"@EstratConcursos","twitter_misc":{"Escrito por":"Coordena\u00e7\u00e3o","Est. tempo de leitura":"6 minutos"},"schema":{"@context":"https:\/\/schema.org","@graph":[{"@type":"NewsArticle","@id":"https:\/\/www.estrategiaconcursos.com.br\/blog\/concurso-tre-rj-saiu-edital\/#article","isPartOf":{"@id":"https:\/\/www.estrategiaconcursos.com.br\/blog\/concurso-tre-rj-saiu-edital\/"},"author":{"name":"Coordena\u00e7\u00e3o","@id":"https:\/\/www.estrategiaconcursos.com.br\/blog\/#\/schema\/person\/b4a388c97673c5f483d72185668afa1f"},"headline":"Concurso TRE RJ: alterado conte\u00fado program\u00e1tico &#8211; SAIBA QUE MUDA","datePublished":"2017-08-30T08:00:29+00:00","dateModified":"2019-06-14T17:19:42+00:00","mainEntityOfPage":{"@id":"https:\/\/www.estrategiaconcursos.com.br\/blog\/concurso-tre-rj-saiu-edital\/"},"wordCount":1263,"commentCount":2,"publisher":{"@id":"https:\/\/www.estrategiaconcursos.com.br\/blog\/#organization"},"image":{"@id":"https:\/\/www.estrategiaconcursos.com.br\/blog\/concurso-tre-rj-saiu-edital\/#primaryimage"},"thumbnailUrl":"https:\/\/www.estrategiaconcursos.com.br\/blog\/wp-content\/uploads\/2017\/09\/concurso-tre-rj.jpg","articleSection":["Concursos P\u00fablicos","Tribunais"],"inLanguage":"pt-BR","potentialAction":[{"@type":"CommentAction","name":"Comment","target":["https:\/\/www.estrategiaconcursos.com.br\/blog\/concurso-tre-rj-saiu-edital\/#respond"]}],"copyrightYear":"2017","copyrightHolder":{"@id":"https:\/\/www.estrategiaconcursos.com.br\/blog\/#organization"}},{"@type":"WebPage","@id":"https:\/\/www.estrategiaconcursos.com.br\/blog\/concurso-tre-rj-saiu-edital\/","url":"https:\/\/www.estrategiaconcursos.com.br\/blog\/concurso-tre-rj-saiu-edital\/","name":"Concurso TRE RJ: alterado conte\u00fado program\u00e1tico - SAIBA QUE MUDA","isPartOf":{"@id":"https:\/\/www.estrategiaconcursos.com.br\/blog\/#website"},"primaryImageOfPage":{"@id":"https:\/\/www.estrategiaconcursos.com.br\/blog\/concurso-tre-rj-saiu-edital\/#primaryimage"},"image":{"@id":"https:\/\/www.estrategiaconcursos.com.br\/blog\/concurso-tre-rj-saiu-edital\/#primaryimage"},"thumbnailUrl":"https:\/\/www.estrategiaconcursos.com.br\/blog\/wp-content\/uploads\/2017\/09\/concurso-tre-rj.jpg","datePublished":"2017-08-30T08:00:29+00:00","dateModified":"2019-06-14T17:19:42+00:00","breadcrumb":{"@id":"https:\/\/www.estrategiaconcursos.com.br\/blog\/concurso-tre-rj-saiu-edital\/#breadcrumb"},"inLanguage":"pt-BR","potentialAction":[{"@type":"ReadAction","target":["https:\/\/www.estrategiaconcursos.com.br\/blog\/concurso-tre-rj-saiu-edital\/"]}]},{"@type":"ImageObject","inLanguage":"pt-BR","@id":"https:\/\/www.estrategiaconcursos.com.br\/blog\/concurso-tre-rj-saiu-edital\/#primaryimage","url":"https:\/\/dhg1h5j42swfq.cloudfront.net\/2017\/09\/06220600\/concurso-tre-rj.jpg","contentUrl":"https:\/\/dhg1h5j42swfq.cloudfront.net\/2017\/09\/06220600\/concurso-tre-rj.jpg","width":614,"height":380,"caption":"concurso tre rj"},{"@type":"BreadcrumbList","@id":"https:\/\/www.estrategiaconcursos.com.br\/blog\/concurso-tre-rj-saiu-edital\/#breadcrumb","itemListElement":[{"@type":"ListItem","position":1,"name":"In\u00edcio","item":"https:\/\/www.estrategiaconcursos.com.br\/blog\/"},{"@type":"ListItem","position":2,"name":"Concurso TRE RJ: alterado conte\u00fado program\u00e1tico &#8211; SAIBA QUE MUDA"}]},{"@type":"WebSite","@id":"https:\/\/www.estrategiaconcursos.com.br\/blog\/#website","url":"https:\/\/www.estrategiaconcursos.com.br\/blog\/","name":"Estrat\u00e9gia Concursos","description":"O blog da Estrat\u00e9gia Concursos traz not\u00edcias sobre concursos e artigos de professores oferecendo cursos para concursos (pdf + videaulas) no site.","publisher":{"@id":"https:\/\/www.estrategiaconcursos.com.br\/blog\/#organization"},"potentialAction":[{"@type":"SearchAction","target":{"@type":"EntryPoint","urlTemplate":"https:\/\/www.estrategiaconcursos.com.br\/blog\/?s={search_term_string}"},"query-input":{"@type":"PropertyValueSpecification","valueRequired":true,"valueName":"search_term_string"}}],"inLanguage":"pt-BR"},{"@type":"Organization","@id":"https:\/\/www.estrategiaconcursos.com.br\/blog\/#organization","name":"Estrat\u00e9gia Concursos","url":"https:\/\/www.estrategiaconcursos.com.br\/blog\/","logo":{"@type":"ImageObject","inLanguage":"pt-BR","@id":"https:\/\/www.estrategiaconcursos.com.br\/blog\/#\/schema\/logo\/image\/","url":"https:\/\/dhg1h5j42swfq.cloudfront.net\/2025\/06\/03203428\/logo_concursos-1.jpg","contentUrl":"https:\/\/dhg1h5j42swfq.cloudfront.net\/2025\/06\/03203428\/logo_concursos-1.jpg","width":230,"height":60,"caption":"Estrat\u00e9gia Concursos"},"image":{"@id":"https:\/\/www.estrategiaconcursos.com.br\/blog\/#\/schema\/logo\/image\/"},"sameAs":["https:\/\/x.com\/EstratConcursos"]},{"@type":"Person","@id":"https:\/\/www.estrategiaconcursos.com.br\/blog\/#\/schema\/person\/b4a388c97673c5f483d72185668afa1f","name":"Coordena\u00e7\u00e3o","image":{"@type":"ImageObject","inLanguage":"pt-BR","@id":"https:\/\/secure.gravatar.com\/avatar\/b720319e4c9a967eb58678d110f4fe35452fc5d5f97b202bac7b8acceb18c6ad?s=96&d=mm&r=g","url":"https:\/\/secure.gravatar.com\/avatar\/b720319e4c9a967eb58678d110f4fe35452fc5d5f97b202bac7b8acceb18c6ad?s=96&d=mm&r=g","contentUrl":"https:\/\/secure.gravatar.com\/avatar\/b720319e4c9a967eb58678d110f4fe35452fc5d5f97b202bac7b8acceb18c6ad?s=96&d=mm&r=g","caption":"Coordena\u00e7\u00e3o"},"sameAs":["https:\/\/www.facebook.com\/EstrategiaConcursos","https:\/\/x.com\/EstratConcursos"],"url":"https:\/\/www.estrategiaconcursos.com.br\/blog\/author\/estrategia2013\/"}]}},"_links":{"self":[{"href":"https:\/\/www.estrategiaconcursos.com.br\/blog\/wp-json\/wp\/v2\/posts\/85571","targetHints":{"allow":["GET"]}}],"collection":[{"href":"https:\/\/www.estrategiaconcursos.com.br\/blog\/wp-json\/wp\/v2\/posts"}],"about":[{"href":"https:\/\/www.estrategiaconcursos.com.br\/blog\/wp-json\/wp\/v2\/types\/post"}],"author":[{"embeddable":true,"href":"https:\/\/www.estrategiaconcursos.com.br\/blog\/wp-json\/wp\/v2\/users\/1"}],"replies":[{"embeddable":true,"href":"https:\/\/www.estrategiaconcursos.com.br\/blog\/wp-json\/wp\/v2\/comments?post=85571"}],"version-history":[{"count":26,"href":"https:\/\/www.estrategiaconcursos.com.br\/blog\/wp-json\/wp\/v2\/posts\/85571\/revisions"}],"predecessor-version":[{"id":387806,"href":"https:\/\/www.estrategiaconcursos.com.br\/blog\/wp-json\/wp\/v2\/posts\/85571\/revisions\/387806"}],"wp:attachment":[{"href":"https:\/\/www.estrategiaconcursos.com.br\/blog\/wp-json\/wp\/v2\/media?parent=85571"}],"wp:term":[{"taxonomy":"category","embeddable":true,"href":"https:\/\/www.estrategiaconcursos.com.br\/blog\/wp-json\/wp\/v2\/categories?post=85571"},{"taxonomy":"post_tag","embeddable":true,"href":"https:\/\/www.estrategiaconcursos.com.br\/blog\/wp-json\/wp\/v2\/tags?post=85571"},{"taxonomy":"tax_estado","embeddable":true,"href":"https:\/\/www.estrategiaconcursos.com.br\/blog\/wp-json\/wp\/v2\/tax_estado?post=85571"}],"curies":[{"name":"wp","href":"https:\/\/api.w.org\/{rel}","templated":true}]}}