{"id":855345,"date":"2021-09-06T18:20:00","date_gmt":"2021-09-06T21:20:00","guid":{"rendered":"https:\/\/www.estrategiaconcursos.com.br\/blog\/?p=855345"},"modified":"2023-02-24T13:17:48","modified_gmt":"2023-02-24T16:17:48","slug":"pc-pb-operacao-parabellum-fique-pronto-para-a-disputa-pelas-1-400-vagas","status":"publish","type":"post","link":"https:\/\/www.estrategiaconcursos.com.br\/blog\/pc-pb-operacao-parabellum-fique-pronto-para-a-disputa-pelas-1-400-vagas\/","title":{"rendered":"PC PB Opera\u00e7\u00e3o Parabellum: Fique pronto para as 1.400 vagas"},"content":{"rendered":"\n<p>Ol\u00e1, estrategistas! Conforme anunciado recentemente pela equipe do Estrat\u00e9gia Concursos, a publica\u00e7\u00e3o do edital do concurso PC PB pode ser realizada a qualquer momento. Outro informa\u00e7\u00e3o \u00e9 de que o Cebraspe j\u00e1 teria sido contratado como banca organizadora da sele\u00e7\u00e3o.<\/p>\n\n\n\n<p>Vale lembrar que o  o delegado Bergson Vasconcelos anunciou que ser\u00e3o ofertadas <strong>1.400 vagas<\/strong> no novo edital da institui\u00e7\u00e3o. A ideia \u00e9 suprir as vac\u00e2ncias existentes nos diversos cargos efetivos do \u00f3rg\u00e3o, que tendem a aumentar em breve, visto que at\u00e9 785 servidores encontram-se aptos para obten\u00e7\u00e3o da aposentadoria.<\/p>\n\n\n\n<p>A remunera\u00e7\u00e3o inicial, de acordo com o Portal de Transpar\u00eancia da PC PB gira em torno de <span style=\"font-size: revert; color: initial;\">R$ 3.966,18 a R$ 37.016,86, a depender do cargo.<\/span><\/p>\n\n\n\n<p>E desta forma, pensando em ajud\u00e1-lo a ficar mais pr\u00f3ximo da aprova\u00e7\u00e3o, nossos professores ministrar\u00e3o, durante 3 dias seguidos, o evento:\u00a0<strong>\u201c<em><strong><a href=\"https:\/\/youtu.be\/HS0EDGp0o_s\" target=\"_blank\" rel=\"noreferrer noopener\">PC PB Opera\u00e7\u00e3o Parabellum &#8211; Fique pronto para a disputa pelas 1.400 vagas<\/a><\/strong><\/em><\/strong>\u201c, com dicas exclusivas para te deixar mais perto da t\u00e3o sonhada vaga neste certame t\u00e3o concorrido!\u00a0<\/p>\n\n\n\n<p>Veja abaixo a programa\u00e7\u00e3o completa:<\/p>\n\n\n\n<div class=\"wp-block-group is-layout-flow wp-block-group-is-layout-flow\">\n<div class=\"wp-block-columns is-layout-flex wp-container-core-columns-is-layout-28f84493 wp-block-columns-is-layout-flex\">\n<div class=\"wp-block-column is-layout-flow wp-block-column-is-layout-flow\" style=\"flex-basis:100%\">\n<figure class=\"wp-block-table is-style-stripes\"><table class=\"has-background has-fixed-layout\" style=\"background-color:#eff6fb\"><tbody><tr><td class=\"has-text-align-center\" data-align=\"center\"><strong>Data e Hor\u00e1rio<\/strong><\/td><td class=\"has-text-align-center\" data-align=\"center\"><strong>Webin\u00e1rio<\/strong><\/td><td class=\"has-text-align-center\" data-align=\"center\"><strong>Professores<\/strong><\/td><\/tr><tr><td class=\"has-text-align-center\" data-align=\"center\">06\/09 &#8211; 19h<\/td><td class=\"has-text-align-center\" data-align=\"center\">PC PB Opera\u00e7\u00e3o Parabellum &#8211; Fique pronto para a disputa pelas 1.400 vagas<\/td><td class=\"has-text-align-center\" data-align=\"center\">Paulo Bilynskyj,&nbsp;Th\u00e1llius Moraes, Jakelline Barros<\/td><\/tr><tr><td class=\"has-text-align-center\" data-align=\"center\">07\/09 &#8211; 19h<\/td><td class=\"has-text-align-center\" data-align=\"center\">PC PB Opera\u00e7\u00e3o Parabellum &#8211; Como os aprovados estudam<\/td><td class=\"has-text-align-center\" data-align=\"center\">Paulo Bilynskyj,&nbsp;Th\u00e1llius Moraes, Jakelline Barros<\/td><\/tr><tr><td class=\"has-text-align-center\" data-align=\"center\">08\/09 &#8211; 19h<\/td><td class=\"has-text-align-center\" data-align=\"center\">PC PB Opera\u00e7\u00e3o Parabellum &#8211; Seu ciclo de estudos &#8211; a t\u00e9cnica indispens\u00e1vel<\/td><td class=\"has-text-align-center\" data-align=\"center\">Paulo Bilynskyj,&nbsp;Th\u00e1llius Moraes, Jakelline Barros<\/td><\/tr><\/tbody><\/table><figcaption class=\"wp-element-caption\">Programa\u00e7\u00e3o concurso PC PB &#8211; Opera\u00e7\u00e3o Parabellum<\/figcaption><\/figure>\n<\/div>\n<\/div>\n<\/div>\n\n\n\n<p class=\"has-text-align-center\">A transmiss\u00e3o ocorrer\u00e1 ao vivo em nosso canal do Youtube,&nbsp;<strong>nesta segunda-feira, 06 de setembro, a partir das 19h.&nbsp;<\/strong>Est\u00e1 imperd\u00edvel!<\/p>\n\n\n\n<p class=\"has-text-align-center has-cyan-bluish-gray-background-color has-background\"><strong>Saiba mais: <a href=\"https:\/\/www.estrategiaconcursos.com.br\/blog\/concurso-pc-pb\/\" target=\"_blank\" rel=\"noreferrer noopener\">concurso PC PB<\/a><\/strong><\/p>\n\n\n\n<h2 class=\"has-text-align-center wp-block-heading\" id=\"cursos-assinatura\"><strong><em>Quer estudar para o concurso PC PB?<\/em><\/strong><\/h2>\n\n\n\n<div class=\"container\" id=\"boxes\">\n  <div class=\"row\">\n\n    <div class=\"col-sm\">\n      <div class=\"banner-policial\" id=\"box-assinatura\">\n        <h3 class=\"titulo-assinatura\">Concurso PC PB<\/h3>\n        <p class=\"subtitulo-assinatura\">Conhe\u00e7a os cursos<\/p>\n        <div class=\"box-botao\">\n          <a class=\"btn-assinatura\" target=\"_blank\" href=\"https:\/\/www.estrategiaconcursos.com.br\/cursosPorConcurso\/policia-civil-do-estado-da-paraiba-pc-pb\/\" role=\"button\" rel=\"noopener noreferrer\">Conhe\u00e7a mais<\/a>\n        <\/div>\n      <\/div>\n     \n    <\/div>\n\n  <\/div>\n<\/div>\n\n\n\n<div class=\"container\" id=\"boxes\">\n  <div class=\"row\">\n\n    <div class=\"col-sm\">\n      <div class=\"estrategia\" id=\"box-assinatura\">\n        <h3 class=\"titulo-assinatura\">Assinatura de Concursos<\/h3>\n        <p class=\"subtitulo-assinatura\">Assinatura de 1 ou 2 anos<\/p>\n        <div class=\"box-botao\">\n          <a class=\"btn-assinatura\" target=\"_blank\" href=\"https:\/\/www.estrategiaconcursos.com.br\/assinaturas\/\" role=\"button\" rel=\"noopener noreferrer\">ASSINE AGORA<\/a>\n        <\/div>\n      <\/div>\n      <p <=\"\" p=\"\">\n    <\/p><\/div><\/div><\/div>\n\n\n\n<div class=\"container\" id=\"boxes\">\n  <div class=\"row\">\n\n    <div class=\"col-sm\" id=\"boxes-concursos\">\n      <div style=\"background-color: #005DAD;\" class=\"conteudo-concursos\" id=\"box-concursos\">\n        <h3 class=\"titulo-assinatura\">Concursos Abertos<\/h3>\n        <p class=\"subtitulo-assinatura\">Os editais publicados<\/p>\n        <div class=\"box-botao\">\n          <a class=\"btn-assinatura\" target=\"_blank\" href=\"https:\/\/www.estrategiaconcursos.com.br\/blog\/concursos-abertos\/\" role=\"button\" rel=\"noopener noreferrer\">Conhe\u00e7a Agora<\/a>\n        <\/div>\n      <\/div>\n    <\/div>\n\n    <div class=\"col-sm\" id=\"boxes-concursos\">\n      <div style=\"background-color: #1A7ED5;\" class=\"conteudo-concursos\" id=\"box-concursos\">\n        <h3 class=\"titulo-assinatura\">Concursos 2021<\/h3>\n        <p class=\"subtitulo-assinatura\">As oportunidades previstas<\/p>\n        <div class=\"box-botao\">\n          <a class=\"btn-assinatura\" target=\"_blank\" href=\"https:\/\/www.estrategiaconcursos.com.br\/blog\/concursos-2021\/\" role=\"button\" rel=\"noopener noreferrer\">Conhe\u00e7a Agora<\/a>\n        <\/div>\n      <\/div>\n    <\/div>\n\n    <div class=\"col-sm\" id=\"boxes-concursos\">\n      <div style=\"background-color: #419FF0;\" class=\"conteudo-concursos\" id=\"box-concursos\">\n        <h3 class=\"titulo-assinatura\">Concursos 2022<\/h3>\n        <p class=\"subtitulo-assinatura\">Vagas para o pr\u00f3ximo ano<\/p>\n        <div class=\"box-botao\">\n          <a class=\"btn-assinatura\" target=\"_blank\" href=\"https:\/\/www.estrategiaconcursos.com.br\/blog\/concursos-2022\/\" role=\"button\" rel=\"noopener noreferrer\">Conhe\u00e7a Agora<\/a>\n        <\/div>\n      <\/div>\n    <\/div>\n\n  <\/div>\n<\/div>\n\n\n\n<p><\/p>\n","protected":false},"excerpt":{"rendered":"<p>Ol\u00e1, estrategistas! Conforme anunciado recentemente pela equipe do Estrat\u00e9gia Concursos, a publica\u00e7\u00e3o do edital do concurso PC PB pode ser realizada a qualquer momento. Outro informa\u00e7\u00e3o \u00e9 de que o Cebraspe j\u00e1 teria sido contratado como banca organizadora da sele\u00e7\u00e3o. Vale lembrar que o o delegado Bergson Vasconcelos anunciou que ser\u00e3o ofertadas 1.400 vagas no [&hellip;]<\/p>\n","protected":false},"author":2134,"featured_media":855361,"comment_status":"open","ping_status":"closed","sticky":false,"template":"","format":"standard","meta":{"post_tipo":"news","footnotes":""},"categories":[220194,1988,220219],"tags":[],"tax_estado":[219978],"class_list":["post-855345","post","type-post","status-publish","format-standard","has-post-thumbnail","hentry","category-delegado","category-policia","category-noticias","tax_estado-pb"],"acf":[],"yoast_head":"<!-- This site is optimized with the Yoast SEO Premium plugin v27.2 (Yoast SEO v27.2) - https:\/\/yoast.com\/product\/yoast-seo-premium-wordpress\/ -->\n<title>PC PB Opera\u00e7\u00e3o Parabellum: Fique pronto para as 1.400 vagas<\/title>\n<meta name=\"description\" content=\"PC PB Opera\u00e7\u00e3o Parabellum - Fique pronto para a disputa pelas 1.400 vagas\" \/>\n<meta name=\"robots\" content=\"index, follow, max-snippet:-1, max-image-preview:large, max-video-preview:-1\" \/>\n<link rel=\"canonical\" href=\"https:\/\/www.estrategiaconcursos.com.br\/blog\/pc-pb-operacao-parabellum-fique-pronto-para-a-disputa-pelas-1-400-vagas\/\" \/>\n<meta property=\"og:locale\" content=\"pt_BR\" \/>\n<meta property=\"og:type\" content=\"article\" \/>\n<meta property=\"og:title\" content=\"PC PB Opera\u00e7\u00e3o Parabellum: Fique pronto para as 1.400 vagas\" \/>\n<meta property=\"og:description\" content=\"PC PB Opera\u00e7\u00e3o Parabellum - Fique pronto para a disputa pelas 1.400 vagas\" \/>\n<meta property=\"og:url\" content=\"https:\/\/www.estrategiaconcursos.com.br\/blog\/pc-pb-operacao-parabellum-fique-pronto-para-a-disputa-pelas-1-400-vagas\/\" \/>\n<meta property=\"og:site_name\" content=\"Estrat\u00e9gia Concursos\" \/>\n<meta property=\"article:published_time\" content=\"2021-09-06T21:20:00+00:00\" \/>\n<meta property=\"article:modified_time\" content=\"2023-02-24T16:17:48+00:00\" \/>\n<meta property=\"og:image\" content=\"https:\/\/dhg1h5j42swfq.cloudfront.net\/2021\/09\/06190319\/1280-720-max-1-2.jpg\" \/>\n\t<meta property=\"og:image:width\" content=\"1280\" \/>\n\t<meta property=\"og:image:height\" content=\"720\" \/>\n\t<meta property=\"og:image:type\" content=\"image\/jpeg\" \/>\n<meta name=\"author\" content=\"Rafaela Teixeira\" \/>\n<meta name=\"twitter:card\" content=\"summary_large_image\" \/>\n<meta name=\"twitter:creator\" content=\"@EstratConcursos\" \/>\n<meta name=\"twitter:site\" content=\"@EstratConcursos\" \/>\n<meta name=\"twitter:label1\" content=\"Escrito por\" \/>\n\t<meta name=\"twitter:data1\" content=\"Rafaela Teixeira\" \/>\n\t<meta name=\"twitter:label2\" content=\"Est. tempo de leitura\" \/>\n\t<meta name=\"twitter:data2\" content=\"2 minutos\" \/>\n<script type=\"application\/ld+json\" class=\"yoast-schema-graph\">{\"@context\":\"https:\/\/schema.org\",\"@graph\":[{\"@type\":\"NewsArticle\",\"@id\":\"https:\/\/www.estrategiaconcursos.com.br\/blog\/pc-pb-operacao-parabellum-fique-pronto-para-a-disputa-pelas-1-400-vagas\/#article\",\"isPartOf\":{\"@id\":\"https:\/\/www.estrategiaconcursos.com.br\/blog\/pc-pb-operacao-parabellum-fique-pronto-para-a-disputa-pelas-1-400-vagas\/\"},\"author\":{\"name\":\"Rafaela Teixeira\",\"@id\":\"https:\/\/www.estrategiaconcursos.com.br\/blog\/#\/schema\/person\/e75352021ea7f60781c599934f916eb1\"},\"headline\":\"PC PB Opera\u00e7\u00e3o Parabellum: Fique pronto para as 1.400 vagas\",\"datePublished\":\"2021-09-06T21:20:00+00:00\",\"dateModified\":\"2023-02-24T16:17:48+00:00\",\"mainEntityOfPage\":{\"@id\":\"https:\/\/www.estrategiaconcursos.com.br\/blog\/pc-pb-operacao-parabellum-fique-pronto-para-a-disputa-pelas-1-400-vagas\/\"},\"wordCount\":331,\"commentCount\":0,\"publisher\":{\"@id\":\"https:\/\/www.estrategiaconcursos.com.br\/blog\/#organization\"},\"image\":{\"@id\":\"https:\/\/www.estrategiaconcursos.com.br\/blog\/pc-pb-operacao-parabellum-fique-pronto-para-a-disputa-pelas-1-400-vagas\/#primaryimage\"},\"thumbnailUrl\":\"https:\/\/dhg1h5j42swfq.cloudfront.net\/2021\/09\/06190319\/1280-720-max-1-2.jpg\",\"articleSection\":[\"Jur\u00eddico - Delegado\",\"Policial (Agente, Escriv\u00e3o e Investigador)\",\"\u00daltimas not\u00edcias\"],\"inLanguage\":\"pt-BR\",\"potentialAction\":[{\"@type\":\"CommentAction\",\"name\":\"Comment\",\"target\":[\"https:\/\/www.estrategiaconcursos.com.br\/blog\/pc-pb-operacao-parabellum-fique-pronto-para-a-disputa-pelas-1-400-vagas\/#respond\"]}],\"copyrightYear\":\"2021\",\"copyrightHolder\":{\"@id\":\"https:\/\/www.estrategiaconcursos.com.br\/blog\/#organization\"}},{\"@type\":\"WebPage\",\"@id\":\"https:\/\/www.estrategiaconcursos.com.br\/blog\/pc-pb-operacao-parabellum-fique-pronto-para-a-disputa-pelas-1-400-vagas\/\",\"url\":\"https:\/\/www.estrategiaconcursos.com.br\/blog\/pc-pb-operacao-parabellum-fique-pronto-para-a-disputa-pelas-1-400-vagas\/\",\"name\":\"PC PB Opera\u00e7\u00e3o Parabellum: Fique pronto para as 1.400 vagas\",\"isPartOf\":{\"@id\":\"https:\/\/www.estrategiaconcursos.com.br\/blog\/#website\"},\"primaryImageOfPage\":{\"@id\":\"https:\/\/www.estrategiaconcursos.com.br\/blog\/pc-pb-operacao-parabellum-fique-pronto-para-a-disputa-pelas-1-400-vagas\/#primaryimage\"},\"image\":{\"@id\":\"https:\/\/www.estrategiaconcursos.com.br\/blog\/pc-pb-operacao-parabellum-fique-pronto-para-a-disputa-pelas-1-400-vagas\/#primaryimage\"},\"thumbnailUrl\":\"https:\/\/dhg1h5j42swfq.cloudfront.net\/2021\/09\/06190319\/1280-720-max-1-2.jpg\",\"datePublished\":\"2021-09-06T21:20:00+00:00\",\"dateModified\":\"2023-02-24T16:17:48+00:00\",\"description\":\"PC PB Opera\u00e7\u00e3o Parabellum - Fique pronto para a disputa pelas 1.400 vagas\",\"breadcrumb\":{\"@id\":\"https:\/\/www.estrategiaconcursos.com.br\/blog\/pc-pb-operacao-parabellum-fique-pronto-para-a-disputa-pelas-1-400-vagas\/#breadcrumb\"},\"inLanguage\":\"pt-BR\",\"potentialAction\":[{\"@type\":\"ReadAction\",\"target\":[\"https:\/\/www.estrategiaconcursos.com.br\/blog\/pc-pb-operacao-parabellum-fique-pronto-para-a-disputa-pelas-1-400-vagas\/\"]}]},{\"@type\":\"ImageObject\",\"inLanguage\":\"pt-BR\",\"@id\":\"https:\/\/www.estrategiaconcursos.com.br\/blog\/pc-pb-operacao-parabellum-fique-pronto-para-a-disputa-pelas-1-400-vagas\/#primaryimage\",\"url\":\"https:\/\/dhg1h5j42swfq.cloudfront.net\/2021\/09\/06190319\/1280-720-max-1-2.jpg\",\"contentUrl\":\"https:\/\/dhg1h5j42swfq.cloudfront.net\/2021\/09\/06190319\/1280-720-max-1-2.jpg\",\"width\":1280,\"height\":720},{\"@type\":\"BreadcrumbList\",\"@id\":\"https:\/\/www.estrategiaconcursos.com.br\/blog\/pc-pb-operacao-parabellum-fique-pronto-para-a-disputa-pelas-1-400-vagas\/#breadcrumb\",\"itemListElement\":[{\"@type\":\"ListItem\",\"position\":1,\"name\":\"In\u00edcio\",\"item\":\"https:\/\/www.estrategiaconcursos.com.br\/blog\/\"},{\"@type\":\"ListItem\",\"position\":2,\"name\":\"PC PB Opera\u00e7\u00e3o Parabellum: Fique pronto para as 1.400 vagas\"}]},{\"@type\":\"WebSite\",\"@id\":\"https:\/\/www.estrategiaconcursos.com.br\/blog\/#website\",\"url\":\"https:\/\/www.estrategiaconcursos.com.br\/blog\/\",\"name\":\"Estrat\u00e9gia Concursos\",\"description\":\"O blog da Estrat\u00e9gia Concursos traz not\u00edcias sobre concursos e artigos de professores oferecendo cursos para concursos (pdf + videaulas) no site.\",\"publisher\":{\"@id\":\"https:\/\/www.estrategiaconcursos.com.br\/blog\/#organization\"},\"potentialAction\":[{\"@type\":\"SearchAction\",\"target\":{\"@type\":\"EntryPoint\",\"urlTemplate\":\"https:\/\/www.estrategiaconcursos.com.br\/blog\/?s={search_term_string}\"},\"query-input\":{\"@type\":\"PropertyValueSpecification\",\"valueRequired\":true,\"valueName\":\"search_term_string\"}}],\"inLanguage\":\"pt-BR\"},{\"@type\":\"Organization\",\"@id\":\"https:\/\/www.estrategiaconcursos.com.br\/blog\/#organization\",\"name\":\"Estrat\u00e9gia Concursos\",\"url\":\"https:\/\/www.estrategiaconcursos.com.br\/blog\/\",\"logo\":{\"@type\":\"ImageObject\",\"inLanguage\":\"pt-BR\",\"@id\":\"https:\/\/www.estrategiaconcursos.com.br\/blog\/#\/schema\/logo\/image\/\",\"url\":\"https:\/\/dhg1h5j42swfq.cloudfront.net\/2025\/06\/03203428\/logo_concursos-1.jpg\",\"contentUrl\":\"https:\/\/dhg1h5j42swfq.cloudfront.net\/2025\/06\/03203428\/logo_concursos-1.jpg\",\"width\":230,\"height\":60,\"caption\":\"Estrat\u00e9gia Concursos\"},\"image\":{\"@id\":\"https:\/\/www.estrategiaconcursos.com.br\/blog\/#\/schema\/logo\/image\/\"},\"sameAs\":[\"https:\/\/x.com\/EstratConcursos\"]},{\"@type\":\"Person\",\"@id\":\"https:\/\/www.estrategiaconcursos.com.br\/blog\/#\/schema\/person\/e75352021ea7f60781c599934f916eb1\",\"name\":\"Rafaela Teixeira\",\"image\":{\"@type\":\"ImageObject\",\"inLanguage\":\"pt-BR\",\"@id\":\"https:\/\/secure.gravatar.com\/avatar\/8a349a2b22039b1ee88fc06461487c950fd6aa411ea8af8633314b43334ae793?s=96&d=mm&r=g\",\"url\":\"https:\/\/secure.gravatar.com\/avatar\/8a349a2b22039b1ee88fc06461487c950fd6aa411ea8af8633314b43334ae793?s=96&d=mm&r=g\",\"contentUrl\":\"https:\/\/secure.gravatar.com\/avatar\/8a349a2b22039b1ee88fc06461487c950fd6aa411ea8af8633314b43334ae793?s=96&d=mm&r=g\",\"caption\":\"Rafaela Teixeira\"},\"description\":\"Rafaela Teixeira \u00e9 advogada conveniada \u00e0 Defensoria P\u00fablica de S\u00e3o Paulo pela OAB, com experi\u00eancia em reda\u00e7\u00e3o jur\u00eddica e atua\u00e7\u00e3o em institui\u00e7\u00f5es p\u00fablicas, incluindo est\u00e1gio no TRE-SP. Possui mais de 7 anos de experi\u00eancia na produ\u00e7\u00e3o de conte\u00fados voltados ao nicho de concursos p\u00fablicos, com foco em apura\u00e7\u00e3o jornal\u00edstica cont\u00ednua, an\u00e1lise de editais e obten\u00e7\u00e3o de informa\u00e7\u00f5es diretamente junto a \u00f3rg\u00e3os e fontes oficiais. No Blog do Estrat\u00e9gia Concursos, atua como Analista de Conte\u00fado S\u00eanior, respons\u00e1vel pelo jornalismo do per\u00edodo noturno e da madrugada, com atua\u00e7\u00e3o transversal na cobertura de concursos p\u00fablicos, garantindo a continuidade, fluidez e confiabilidade das publica\u00e7\u00f5es e dos bastidores dos certames.\",\"url\":\"https:\/\/www.estrategiaconcursos.com.br\/blog\/author\/rafaela-teixeira\/\"}]}<\/script>\n<!-- \/ Yoast SEO Premium plugin. -->","yoast_head_json":{"title":"PC PB Opera\u00e7\u00e3o Parabellum: Fique pronto para as 1.400 vagas","description":"PC PB Opera\u00e7\u00e3o Parabellum - Fique pronto para a disputa pelas 1.400 vagas","robots":{"index":"index","follow":"follow","max-snippet":"max-snippet:-1","max-image-preview":"max-image-preview:large","max-video-preview":"max-video-preview:-1"},"canonical":"https:\/\/www.estrategiaconcursos.com.br\/blog\/pc-pb-operacao-parabellum-fique-pronto-para-a-disputa-pelas-1-400-vagas\/","og_locale":"pt_BR","og_type":"article","og_title":"PC PB Opera\u00e7\u00e3o Parabellum: Fique pronto para as 1.400 vagas","og_description":"PC PB Opera\u00e7\u00e3o Parabellum - Fique pronto para a disputa pelas 1.400 vagas","og_url":"https:\/\/www.estrategiaconcursos.com.br\/blog\/pc-pb-operacao-parabellum-fique-pronto-para-a-disputa-pelas-1-400-vagas\/","og_site_name":"Estrat\u00e9gia Concursos","article_published_time":"2021-09-06T21:20:00+00:00","article_modified_time":"2023-02-24T16:17:48+00:00","og_image":[{"width":1280,"height":720,"url":"https:\/\/dhg1h5j42swfq.cloudfront.net\/2021\/09\/06190319\/1280-720-max-1-2.jpg","type":"image\/jpeg"}],"author":"Rafaela Teixeira","twitter_card":"summary_large_image","twitter_creator":"@EstratConcursos","twitter_site":"@EstratConcursos","twitter_misc":{"Escrito por":"Rafaela Teixeira","Est. tempo de leitura":"2 minutos"},"schema":{"@context":"https:\/\/schema.org","@graph":[{"@type":"NewsArticle","@id":"https:\/\/www.estrategiaconcursos.com.br\/blog\/pc-pb-operacao-parabellum-fique-pronto-para-a-disputa-pelas-1-400-vagas\/#article","isPartOf":{"@id":"https:\/\/www.estrategiaconcursos.com.br\/blog\/pc-pb-operacao-parabellum-fique-pronto-para-a-disputa-pelas-1-400-vagas\/"},"author":{"name":"Rafaela Teixeira","@id":"https:\/\/www.estrategiaconcursos.com.br\/blog\/#\/schema\/person\/e75352021ea7f60781c599934f916eb1"},"headline":"PC PB Opera\u00e7\u00e3o Parabellum: Fique pronto para as 1.400 vagas","datePublished":"2021-09-06T21:20:00+00:00","dateModified":"2023-02-24T16:17:48+00:00","mainEntityOfPage":{"@id":"https:\/\/www.estrategiaconcursos.com.br\/blog\/pc-pb-operacao-parabellum-fique-pronto-para-a-disputa-pelas-1-400-vagas\/"},"wordCount":331,"commentCount":0,"publisher":{"@id":"https:\/\/www.estrategiaconcursos.com.br\/blog\/#organization"},"image":{"@id":"https:\/\/www.estrategiaconcursos.com.br\/blog\/pc-pb-operacao-parabellum-fique-pronto-para-a-disputa-pelas-1-400-vagas\/#primaryimage"},"thumbnailUrl":"https:\/\/dhg1h5j42swfq.cloudfront.net\/2021\/09\/06190319\/1280-720-max-1-2.jpg","articleSection":["Jur\u00eddico - Delegado","Policial (Agente, Escriv\u00e3o e Investigador)","\u00daltimas not\u00edcias"],"inLanguage":"pt-BR","potentialAction":[{"@type":"CommentAction","name":"Comment","target":["https:\/\/www.estrategiaconcursos.com.br\/blog\/pc-pb-operacao-parabellum-fique-pronto-para-a-disputa-pelas-1-400-vagas\/#respond"]}],"copyrightYear":"2021","copyrightHolder":{"@id":"https:\/\/www.estrategiaconcursos.com.br\/blog\/#organization"}},{"@type":"WebPage","@id":"https:\/\/www.estrategiaconcursos.com.br\/blog\/pc-pb-operacao-parabellum-fique-pronto-para-a-disputa-pelas-1-400-vagas\/","url":"https:\/\/www.estrategiaconcursos.com.br\/blog\/pc-pb-operacao-parabellum-fique-pronto-para-a-disputa-pelas-1-400-vagas\/","name":"PC PB Opera\u00e7\u00e3o Parabellum: Fique pronto para as 1.400 vagas","isPartOf":{"@id":"https:\/\/www.estrategiaconcursos.com.br\/blog\/#website"},"primaryImageOfPage":{"@id":"https:\/\/www.estrategiaconcursos.com.br\/blog\/pc-pb-operacao-parabellum-fique-pronto-para-a-disputa-pelas-1-400-vagas\/#primaryimage"},"image":{"@id":"https:\/\/www.estrategiaconcursos.com.br\/blog\/pc-pb-operacao-parabellum-fique-pronto-para-a-disputa-pelas-1-400-vagas\/#primaryimage"},"thumbnailUrl":"https:\/\/dhg1h5j42swfq.cloudfront.net\/2021\/09\/06190319\/1280-720-max-1-2.jpg","datePublished":"2021-09-06T21:20:00+00:00","dateModified":"2023-02-24T16:17:48+00:00","description":"PC PB Opera\u00e7\u00e3o Parabellum - Fique pronto para a disputa pelas 1.400 vagas","breadcrumb":{"@id":"https:\/\/www.estrategiaconcursos.com.br\/blog\/pc-pb-operacao-parabellum-fique-pronto-para-a-disputa-pelas-1-400-vagas\/#breadcrumb"},"inLanguage":"pt-BR","potentialAction":[{"@type":"ReadAction","target":["https:\/\/www.estrategiaconcursos.com.br\/blog\/pc-pb-operacao-parabellum-fique-pronto-para-a-disputa-pelas-1-400-vagas\/"]}]},{"@type":"ImageObject","inLanguage":"pt-BR","@id":"https:\/\/www.estrategiaconcursos.com.br\/blog\/pc-pb-operacao-parabellum-fique-pronto-para-a-disputa-pelas-1-400-vagas\/#primaryimage","url":"https:\/\/dhg1h5j42swfq.cloudfront.net\/2021\/09\/06190319\/1280-720-max-1-2.jpg","contentUrl":"https:\/\/dhg1h5j42swfq.cloudfront.net\/2021\/09\/06190319\/1280-720-max-1-2.jpg","width":1280,"height":720},{"@type":"BreadcrumbList","@id":"https:\/\/www.estrategiaconcursos.com.br\/blog\/pc-pb-operacao-parabellum-fique-pronto-para-a-disputa-pelas-1-400-vagas\/#breadcrumb","itemListElement":[{"@type":"ListItem","position":1,"name":"In\u00edcio","item":"https:\/\/www.estrategiaconcursos.com.br\/blog\/"},{"@type":"ListItem","position":2,"name":"PC PB Opera\u00e7\u00e3o Parabellum: Fique pronto para as 1.400 vagas"}]},{"@type":"WebSite","@id":"https:\/\/www.estrategiaconcursos.com.br\/blog\/#website","url":"https:\/\/www.estrategiaconcursos.com.br\/blog\/","name":"Estrat\u00e9gia Concursos","description":"O blog da Estrat\u00e9gia Concursos traz not\u00edcias sobre concursos e artigos de professores oferecendo cursos para concursos (pdf + videaulas) no site.","publisher":{"@id":"https:\/\/www.estrategiaconcursos.com.br\/blog\/#organization"},"potentialAction":[{"@type":"SearchAction","target":{"@type":"EntryPoint","urlTemplate":"https:\/\/www.estrategiaconcursos.com.br\/blog\/?s={search_term_string}"},"query-input":{"@type":"PropertyValueSpecification","valueRequired":true,"valueName":"search_term_string"}}],"inLanguage":"pt-BR"},{"@type":"Organization","@id":"https:\/\/www.estrategiaconcursos.com.br\/blog\/#organization","name":"Estrat\u00e9gia Concursos","url":"https:\/\/www.estrategiaconcursos.com.br\/blog\/","logo":{"@type":"ImageObject","inLanguage":"pt-BR","@id":"https:\/\/www.estrategiaconcursos.com.br\/blog\/#\/schema\/logo\/image\/","url":"https:\/\/dhg1h5j42swfq.cloudfront.net\/2025\/06\/03203428\/logo_concursos-1.jpg","contentUrl":"https:\/\/dhg1h5j42swfq.cloudfront.net\/2025\/06\/03203428\/logo_concursos-1.jpg","width":230,"height":60,"caption":"Estrat\u00e9gia Concursos"},"image":{"@id":"https:\/\/www.estrategiaconcursos.com.br\/blog\/#\/schema\/logo\/image\/"},"sameAs":["https:\/\/x.com\/EstratConcursos"]},{"@type":"Person","@id":"https:\/\/www.estrategiaconcursos.com.br\/blog\/#\/schema\/person\/e75352021ea7f60781c599934f916eb1","name":"Rafaela Teixeira","image":{"@type":"ImageObject","inLanguage":"pt-BR","@id":"https:\/\/secure.gravatar.com\/avatar\/8a349a2b22039b1ee88fc06461487c950fd6aa411ea8af8633314b43334ae793?s=96&d=mm&r=g","url":"https:\/\/secure.gravatar.com\/avatar\/8a349a2b22039b1ee88fc06461487c950fd6aa411ea8af8633314b43334ae793?s=96&d=mm&r=g","contentUrl":"https:\/\/secure.gravatar.com\/avatar\/8a349a2b22039b1ee88fc06461487c950fd6aa411ea8af8633314b43334ae793?s=96&d=mm&r=g","caption":"Rafaela Teixeira"},"description":"Rafaela Teixeira \u00e9 advogada conveniada \u00e0 Defensoria P\u00fablica de S\u00e3o Paulo pela OAB, com experi\u00eancia em reda\u00e7\u00e3o jur\u00eddica e atua\u00e7\u00e3o em institui\u00e7\u00f5es p\u00fablicas, incluindo est\u00e1gio no TRE-SP. Possui mais de 7 anos de experi\u00eancia na produ\u00e7\u00e3o de conte\u00fados voltados ao nicho de concursos p\u00fablicos, com foco em apura\u00e7\u00e3o jornal\u00edstica cont\u00ednua, an\u00e1lise de editais e obten\u00e7\u00e3o de informa\u00e7\u00f5es diretamente junto a \u00f3rg\u00e3os e fontes oficiais. No Blog do Estrat\u00e9gia Concursos, atua como Analista de Conte\u00fado S\u00eanior, respons\u00e1vel pelo jornalismo do per\u00edodo noturno e da madrugada, com atua\u00e7\u00e3o transversal na cobertura de concursos p\u00fablicos, garantindo a continuidade, fluidez e confiabilidade das publica\u00e7\u00f5es e dos bastidores dos certames.","url":"https:\/\/www.estrategiaconcursos.com.br\/blog\/author\/rafaela-teixeira\/"}]}},"_links":{"self":[{"href":"https:\/\/www.estrategiaconcursos.com.br\/blog\/wp-json\/wp\/v2\/posts\/855345","targetHints":{"allow":["GET"]}}],"collection":[{"href":"https:\/\/www.estrategiaconcursos.com.br\/blog\/wp-json\/wp\/v2\/posts"}],"about":[{"href":"https:\/\/www.estrategiaconcursos.com.br\/blog\/wp-json\/wp\/v2\/types\/post"}],"author":[{"embeddable":true,"href":"https:\/\/www.estrategiaconcursos.com.br\/blog\/wp-json\/wp\/v2\/users\/2134"}],"replies":[{"embeddable":true,"href":"https:\/\/www.estrategiaconcursos.com.br\/blog\/wp-json\/wp\/v2\/comments?post=855345"}],"version-history":[{"count":8,"href":"https:\/\/www.estrategiaconcursos.com.br\/blog\/wp-json\/wp\/v2\/posts\/855345\/revisions"}],"predecessor-version":[{"id":1177156,"href":"https:\/\/www.estrategiaconcursos.com.br\/blog\/wp-json\/wp\/v2\/posts\/855345\/revisions\/1177156"}],"wp:featuredmedia":[{"embeddable":true,"href":"https:\/\/www.estrategiaconcursos.com.br\/blog\/wp-json\/wp\/v2\/media\/855361"}],"wp:attachment":[{"href":"https:\/\/www.estrategiaconcursos.com.br\/blog\/wp-json\/wp\/v2\/media?parent=855345"}],"wp:term":[{"taxonomy":"category","embeddable":true,"href":"https:\/\/www.estrategiaconcursos.com.br\/blog\/wp-json\/wp\/v2\/categories?post=855345"},{"taxonomy":"post_tag","embeddable":true,"href":"https:\/\/www.estrategiaconcursos.com.br\/blog\/wp-json\/wp\/v2\/tags?post=855345"},{"taxonomy":"tax_estado","embeddable":true,"href":"https:\/\/www.estrategiaconcursos.com.br\/blog\/wp-json\/wp\/v2\/tax_estado?post=855345"}],"curies":[{"name":"wp","href":"https:\/\/api.w.org\/{rel}","templated":true}]}}