{"id":854841,"date":"2021-09-22T15:52:00","date_gmt":"2021-09-22T18:52:00","guid":{"rendered":"https:\/\/www.estrategiaconcursos.com.br\/blog\/?p=854841"},"modified":"2021-09-22T16:02:24","modified_gmt":"2021-09-22T19:02:24","slug":"ibama-como-comeco","status":"publish","type":"post","link":"https:\/\/www.estrategiaconcursos.com.br\/blog\/ibama-como-comeco\/","title":{"rendered":"Ibama: como come\u00e7o a estudar para esse concurso?"},"content":{"rendered":"\n<p>Ol\u00e1, tudo bem com voc\u00ea? No artigo de hoje vamos falar sobre o Concurso do Ibama: como come\u00e7o a estudar para esse concurso p\u00fablico? <\/p>\n\n\n\n<figure class=\"wp-block-gallery columns-1 is-cropped wp-block-gallery-1 is-layout-flex wp-block-gallery-is-layout-flex\"><ul class=\"blocks-gallery-grid\"><li class=\"blocks-gallery-item\"><figure><img loading=\"lazy\" decoding=\"async\" width=\"1024\" height=\"585\" src=\"https:\/\/dhg1h5j42swfq.cloudfront.net\/2021\/09\/06092819\/noticiasconcursos-com_-br-concurso-ibama-20202021-confirmado-novo-pedido-de-edital-concurso-ibama-1-1024x585.jpg\" alt=\"Ibama: Como come\u00e7o a estudar para esse concurso?\" data-id=\"854642\" class=\"wp-image-854642\" srcset=\"https:\/\/dhg1h5j42swfq.cloudfront.net\/2021\/09\/06092819\/noticiasconcursos-com_-br-concurso-ibama-20202021-confirmado-novo-pedido-de-edital-concurso-ibama-1-1024x585.jpg 1024w, https:\/\/dhg1h5j42swfq.cloudfront.net\/2021\/09\/06092819\/noticiasconcursos-com_-br-concurso-ibama-20202021-confirmado-novo-pedido-de-edital-concurso-ibama-1-300x171.jpg 300w, https:\/\/dhg1h5j42swfq.cloudfront.net\/2021\/09\/06092819\/noticiasconcursos-com_-br-concurso-ibama-20202021-confirmado-novo-pedido-de-edital-concurso-ibama-1-768x439.jpg 768w, https:\/\/dhg1h5j42swfq.cloudfront.net\/2021\/09\/06092819\/noticiasconcursos-com_-br-concurso-ibama-20202021-confirmado-novo-pedido-de-edital-concurso-ibama-1-610x349.jpg 610w, https:\/\/dhg1h5j42swfq.cloudfront.net\/2021\/09\/06092819\/noticiasconcursos-com_-br-concurso-ibama-20202021-confirmado-novo-pedido-de-edital-concurso-ibama-1.jpg 1400w\" sizes=\"auto, (max-width: 1024px) 100vw, 1024px\" \/><figcaption class=\"blocks-gallery-item__caption\"><strong>Ibama: Como come\u00e7o a estudar para esse concurso?<\/strong><\/figcaption><\/figure><\/li><\/ul><\/figure>\n\n\n\n<h3 class=\"wp-block-heading\" id=\"h-concurso-ibama\"> Concurso Ibama<\/h3>\n\n\n\n<p>Saiu a autoriza\u00e7\u00e3o para o edital do Concurso do Ibama, sendo 568 vagas totais, das quais 432 s\u00e3o para o cargo de n\u00edvel m\u00e9dio (T\u00e9cnico Ambiental).<\/p>\n\n\n\n<p>Como os \u00faltimos editais do Ibama foram publicados pela Cebraspe (Banca Organizadora) no artigo de hoje, vamos fazer com base nessa banca.<\/p>\n\n\n\n<h3 class=\"wp-block-heading\" id=\"h-ibama-como-come-o-a-estudar-para-esse-concurso\"> Ibama: Como come\u00e7o a estudar para esse concurso<\/h3>\n\n\n\n<p>Primeiramente, ainda n\u00e3o saiu o edital, ou seja, \u00e9 a hora de voc\u00ea levantar as mat\u00e9rias que ca\u00edram nos \u00faltimos concursos do Ibama, considerando se voc\u00ea pretende concorrer para o cargo de n\u00edvel m\u00e9dio (T\u00e9cnico Ambiental) ou para os cargos de n\u00edvel superior (Analista Ambiental e Analista Administrativo).<\/p>\n\n\n\n<p>Vamos primeiro trazer uma an\u00e1lise estat\u00edstica das \u00faltimas provas realizadas pela Cebraspe para os cargos deste concurso do Ibama. <\/p>\n\n\n\n<h3 class=\"wp-block-heading\" id=\"h-ibama-como-come-o-a-estudar-para-esse-concurso-analista-ambiental-an-lise-estat-stica-das-ltimas-provas-realizadas-pela-cebraspe-banca-examinadora-do-ltimo-concurso-para-o-cargo-de-analista-ambiental\">Ibama: Como come\u00e7o a estudar para esse concurso &#8211; Analista Ambiental: An\u00e1lise Estat\u00edstica das \u00faltimas provas realizadas pela Cebraspe (Banca examinadora do \u00faltimo concurso) para o Cargo de Analista Ambiental<\/h3>\n\n\n\n<p> Fizemos a An\u00e1lise Estat\u00edstica das \u00faltimas provas realizadas pela Cebraspe para o cargo de Analista Ambiental (Considerando a \u00faltima prova de 2013): <\/p>\n\n\n\n<figure class=\"wp-block-table is-style-stripes\"><table><tbody><tr><td class=\"has-text-align-center\" data-align=\"center\">Disciplina<\/td><td class=\"has-text-align-center\" data-align=\"center\">Relev\u00e2ncia na prova<\/td><\/tr><tr><td class=\"has-text-align-center\" data-align=\"center\">Engenharia Ambiental e Sanit\u00e1ria<\/td><td class=\"has-text-align-center\" data-align=\"center\">56,65%<\/td><\/tr><tr><td class=\"has-text-align-center\" data-align=\"center\">Direito Ambiental<\/td><td class=\"has-text-align-center\" data-align=\"center\">6,96%<\/td><\/tr><tr><td class=\"has-text-align-center\" data-align=\"center\">Engenharia Agron\u00f4mica (Agronomia)<\/td><td class=\"has-text-align-center\" data-align=\"center\">6,01%<\/td><\/tr><tr><td class=\"has-text-align-center\" data-align=\"center\">Auditoria Governamental<\/td><td class=\"has-text-align-center\" data-align=\"center\">6,01%<\/td><\/tr><tr><td class=\"has-text-align-center\" data-align=\"center\">Portugu\u00eas<\/td><td class=\"has-text-align-center\" data-align=\"center\">4,43%<\/td><\/tr><tr><td class=\"has-text-align-center\" data-align=\"center\">Direito Administrativo<\/td><td class=\"has-text-align-center\" data-align=\"center\">2,85%<\/td><\/tr><tr><td class=\"has-text-align-center\" data-align=\"center\">No\u00e7\u00f5es de Inform\u00e1tica<\/td><td class=\"has-text-align-center\" data-align=\"center\">2,69%<\/td><\/tr><tr><td class=\"has-text-align-center\" data-align=\"center\">&nbsp;Racioc\u00ednio L\u00f3gico<\/td><td class=\"has-text-align-center\" data-align=\"center\">2,06%<\/td><\/tr><tr><td class=\"has-text-align-center\" data-align=\"center\">Direito Constitucional<\/td><td class=\"has-text-align-center\" data-align=\"center\">1,90%<\/td><\/tr><tr><td class=\"has-text-align-center\" data-align=\"center\">&nbsp;Reda\u00e7\u00e3o Oficial<\/td><td class=\"has-text-align-center\" data-align=\"center\">1,90%<\/td><\/tr><tr><td class=\"has-text-align-center\" data-align=\"center\">Seguran\u00e7a e Sa\u00fade no Trabalho<\/td><td class=\"has-text-align-center\" data-align=\"center\">1,58%<\/td><\/tr><tr><td class=\"has-text-align-center\" data-align=\"center\">&nbsp;Atualidades<\/td><td class=\"has-text-align-center\" data-align=\"center\">1,27%<\/td><\/tr><tr><td class=\"has-text-align-center\" data-align=\"center\">Direito Tribut\u00e1rio<\/td><td class=\"has-text-align-center\" data-align=\"center\">1,27%<\/td><\/tr><tr><td class=\"has-text-align-center\" data-align=\"center\">Ingl\u00eas<\/td><td class=\"has-text-align-center\" data-align=\"center\">1,11%<\/td><\/tr><tr><td class=\"has-text-align-center\" data-align=\"center\">&nbsp;Conhecimentos Gerais<\/td><td class=\"has-text-align-center\" data-align=\"center\">0,95%<\/td><\/tr><tr><td class=\"has-text-align-center\" data-align=\"center\">Administra\u00e7\u00e3o Financeira e Or\u00e7ament\u00e1ria<\/td><td class=\"has-text-align-center\" data-align=\"center\">0,95%<\/td><\/tr><tr><td class=\"has-text-align-center\" data-align=\"center\">&nbsp;\u00c9tica na Administra\u00e7\u00e3o P\u00fablica<\/td><td class=\"has-text-align-center\" data-align=\"center\">0,79%<\/td><\/tr><tr><td class=\"has-text-align-center\" data-align=\"center\">Contabilidade P\u00fablica<\/td><td class=\"has-text-align-center\" data-align=\"center\">0,32%<\/td><\/tr><tr><td class=\"has-text-align-center\" data-align=\"center\">&nbsp;Geografia<\/td><td class=\"has-text-align-center\" data-align=\"center\">0,16%<\/td><\/tr><tr><td class=\"has-text-align-center\" data-align=\"center\">&nbsp;Legisla\u00e7\u00e3o Federal<\/td><td class=\"has-text-align-center\" data-align=\"center\">0,16%<\/td><\/tr><\/tbody><\/table><figcaption>Import\u00e2ncia das disciplinas no \u00faltimo concurso para Analista Ambiental<\/figcaption><\/figure>\n\n\n\n<p>Selecionando as 5 disciplinas mais importantes, temos:<\/p>\n\n\n\n<figure class=\"wp-block-table is-style-stripes\"><table><tbody><tr><td class=\"has-text-align-center\" data-align=\"center\">Disciplina<\/td><td class=\"has-text-align-center\" data-align=\"center\">Relev\u00e2ncia na prova<\/td><\/tr><tr><td class=\"has-text-align-center\" data-align=\"center\">Engenharia Ambiental e Sanit\u00e1ria<\/td><td class=\"has-text-align-center\" data-align=\"center\">56,65%<\/td><\/tr><tr><td class=\"has-text-align-center\" data-align=\"center\">Direito Ambiental<\/td><td class=\"has-text-align-center\" data-align=\"center\">6,96%<\/td><\/tr><tr><td class=\"has-text-align-center\" data-align=\"center\">Engenharia Agron\u00f4mica (Agronomia)<\/td><td class=\"has-text-align-center\" data-align=\"center\">6,01%<\/td><\/tr><tr><td class=\"has-text-align-center\" data-align=\"center\">Auditoria Governamental<\/td><td class=\"has-text-align-center\" data-align=\"center\">6,01%<\/td><\/tr><tr><td class=\"has-text-align-center\" data-align=\"center\">Portugu\u00eas<\/td><td class=\"has-text-align-center\" data-align=\"center\">4,43%<\/td><\/tr><tr><td class=\"has-text-align-center\" data-align=\"center\">total da prova<\/td><td class=\"has-text-align-center\" data-align=\"center\">80,06%<\/td><\/tr><\/tbody><\/table><figcaption>5 disciplinas mais cobradas para o cargo de Analista Ambiental<\/figcaption><\/figure>\n\n\n\n<p> <\/p>\n\n\n\n<p>Como podemos ver, 5 Mat\u00e9rias representam 80,06% da prova para o cargo de Analista Ambiental do Ibama, s\u00e3o elas: Engenharia Ambiental e Sanit\u00e1ria, Direito Ambiental, Engenharia Agron\u00f4mica, Auditoria Governamental e Portugu\u00eas. Sendo que, apenas a Engenharia Ambiental e Sanit\u00e1ria representou mais de 56% da prova passada para esse cargo.<\/p>\n\n\n\n<p>Em rela\u00e7\u00e3o aos assuntos mais cobrados, foram:<\/p>\n\n\n\n<figure class=\"wp-block-table is-style-stripes\"><table><tbody><tr><td class=\"has-text-align-center\" data-align=\"center\">Assuntos<\/td><td class=\"has-text-align-center\" data-align=\"center\">Relev\u00e2ncia<\/td><\/tr><tr><td class=\"has-text-align-center\" data-align=\"center\">Meio Ambiente na Engenharia Ambiental e Sanit\u00e1ria<\/td><td class=\"has-text-align-center\" data-align=\"center\">12%<\/td><\/tr><tr><td class=\"has-text-align-center\" data-align=\"center\">Pol\u00edticas p\u00fablicas, Normas e Legisla\u00e7\u00f5es Ambientais<\/td><td class=\"has-text-align-center\" data-align=\"center\">5%<\/td><\/tr><tr><td class=\"has-text-align-center\" data-align=\"center\">Polui\u00e7\u00e3o Atmosf\u00e9rica<\/td><td class=\"has-text-align-center\" data-align=\"center\">3%<\/td><\/tr><tr><td class=\"has-text-align-center\" data-align=\"center\">Gest\u00e3o Ambiental na Engenharia Ambiental e Sanit\u00e1ria<\/td><td class=\"has-text-align-center\" data-align=\"center\">3%<\/td><\/tr><tr><td class=\"has-text-align-center\" data-align=\"center\">Conceitos e Fundamentos em Meio Ambiente<\/td><td class=\"has-text-align-center\" data-align=\"center\">3%<\/td><\/tr><\/tbody><\/table><figcaption>Assuntos mais cobrados para o cargo de Analista Ambiental<\/figcaption><\/figure>\n\n\n\n<p>Com isso, percebemos a import\u00e2ncia da parte espec\u00edfica de Engenharia Ambiental e Sanit\u00e1ria para o cargo de Analista Ambiental.<\/p>\n\n\n\n<h3 class=\"wp-block-heading\" id=\"h-ibama-como-come-o-a-estudar-para-esse-concurso-analista-administrativo-an-lise-estat-stica-das-ltimas-provas-realizadas-pela-cebraspe-banca-examinadora-do-ltimo-concurso-para-o-cargo-de-analista-administrativo\">Ibama: Como come\u00e7o a estudar para esse concurso &#8211; Analista Administrativo: An\u00e1lise Estat\u00edstica das \u00faltimas provas realizadas pela Cebraspe (Banca examinadora do \u00faltimo concurso) para o Cargo de Analista Administrativo<\/h3>\n\n\n\n<p> Fizemos tamb\u00e9m a An\u00e1lise Estat\u00edstica das \u00faltimas provas realizadas pela Cebraspe para o cargo de Analista Administrativo (Considerando a \u00faltima prova de 2013):  <\/p>\n\n\n\n<figure class=\"wp-block-table is-style-stripes\"><table><tbody><tr><td class=\"has-text-align-center\" data-align=\"center\">Disciplina<\/td><td class=\"has-text-align-center\" data-align=\"center\">Relev\u00e2ncia na prova<\/td><\/tr><tr><td class=\"has-text-align-center\" data-align=\"center\">Direito Administrativo<\/td><td class=\"has-text-align-center\" data-align=\"center\">16,81%<\/td><\/tr><tr><td class=\"has-text-align-center\" data-align=\"center\">&nbsp;Portugu\u00eas<\/td><td class=\"has-text-align-center\" data-align=\"center\">13,45%<\/td><\/tr><tr><td class=\"has-text-align-center\" data-align=\"center\">Administra\u00e7\u00e3o Financeira e Or\u00e7ament\u00e1ria<\/td><td class=\"has-text-align-center\" data-align=\"center\">10,08%<\/td><\/tr><tr><td class=\"has-text-align-center\" data-align=\"center\">Administra\u00e7\u00e3o Geral<\/td><td class=\"has-text-align-center\" data-align=\"center\">8,40%<\/td><\/tr><tr><td class=\"has-text-align-center\" data-align=\"center\">Reda\u00e7\u00e3o Oficial<\/td><td class=\"has-text-align-center\" data-align=\"center\">6,72%<\/td><\/tr><tr><td class=\"has-text-align-center\" data-align=\"center\">Direito Ambiental<\/td><td class=\"has-text-align-center\" data-align=\"center\">6,72%<\/td><\/tr><tr><td class=\"has-text-align-center\" data-align=\"center\">Administra\u00e7\u00e3o de Recursos Materiais<\/td><td class=\"has-text-align-center\" data-align=\"center\">5,04%<\/td><\/tr><tr><td class=\"has-text-align-center\" data-align=\"center\">No\u00e7\u00f5es de Inform\u00e1tica<\/td><td class=\"has-text-align-center\" data-align=\"center\">4,62%<\/td><\/tr><tr><td class=\"has-text-align-center\" data-align=\"center\">Direito Constitucional<\/td><td class=\"has-text-align-center\" data-align=\"center\">4,62%<\/td><\/tr><tr><td class=\"has-text-align-center\" data-align=\"center\">Racioc\u00ednio L\u00f3gico<\/td><td class=\"has-text-align-center\" data-align=\"center\">4,62%<\/td><\/tr><tr><td class=\"has-text-align-center\" data-align=\"center\">Gest\u00e3o de Pessoas<\/td><td class=\"has-text-align-center\" data-align=\"center\">3,78%<\/td><\/tr><tr><td class=\"has-text-align-center\" data-align=\"center\">Atualidades<\/td><td class=\"has-text-align-center\" data-align=\"center\">3,78%<\/td><\/tr><tr><td class=\"has-text-align-center\" data-align=\"center\">Matem\u00e1tica Financeira<\/td><td class=\"has-text-align-center\" data-align=\"center\">2,52%<\/td><\/tr><tr><td class=\"has-text-align-center\" data-align=\"center\">\u00c9tica na Administra\u00e7\u00e3o P\u00fablica<\/td><td class=\"has-text-align-center\" data-align=\"center\">2,10%<\/td><\/tr><tr><td class=\"has-text-align-center\" data-align=\"center\">Administra\u00e7\u00e3o P\u00fablica<\/td><td class=\"has-text-align-center\" data-align=\"center\">1,68%<\/td><\/tr><tr><td class=\"has-text-align-center\" data-align=\"center\">Direito Tribut\u00e1rio<\/td><td class=\"has-text-align-center\" data-align=\"center\">1,68%<\/td><\/tr><tr><td class=\"has-text-align-center\" data-align=\"center\">&nbsp;Legisla\u00e7\u00e3o Federal<\/td><td class=\"has-text-align-center\" data-align=\"center\">1,68%<\/td><\/tr><tr><td class=\"has-text-align-center\" data-align=\"center\">&nbsp;Psicologia<\/td><td class=\"has-text-align-center\" data-align=\"center\">0,84%<\/td><\/tr><tr><td class=\"has-text-align-center\" data-align=\"center\">Contabilidade P\u00fablica<\/td><td class=\"has-text-align-center\" data-align=\"center\">0,84%<\/td><\/tr><\/tbody><\/table><figcaption>Relev\u00e2ncia das Mat\u00e9rias para o cargo de Analista Administrativo<\/figcaption><\/figure>\n\n\n\n<p> Selecionando as 5 disciplinas mais importantes para esse cargo, temos: <\/p>\n\n\n\n<figure class=\"wp-block-table is-style-stripes\"><table><tbody><tr><td class=\"has-text-align-center\" data-align=\"center\">Disciplina<\/td><td class=\"has-text-align-center\" data-align=\"center\">Relev\u00e2ncia na prova<\/td><\/tr><tr><td class=\"has-text-align-center\" data-align=\"center\">Direito Administrativo<\/td><td class=\"has-text-align-center\" data-align=\"center\">16,81%<\/td><\/tr><tr><td class=\"has-text-align-center\" data-align=\"center\">&nbsp;Portugu\u00eas<\/td><td class=\"has-text-align-center\" data-align=\"center\">13,45%<\/td><\/tr><tr><td class=\"has-text-align-center\" data-align=\"center\">Administra\u00e7\u00e3o Financeira e Or\u00e7ament\u00e1ria<\/td><td class=\"has-text-align-center\" data-align=\"center\">10,08%<\/td><\/tr><tr><td class=\"has-text-align-center\" data-align=\"center\">Administra\u00e7\u00e3o Geral<\/td><td class=\"has-text-align-center\" data-align=\"center\">8,40%<\/td><\/tr><tr><td class=\"has-text-align-center\" data-align=\"center\">Reda\u00e7\u00e3o Oficial<\/td><td class=\"has-text-align-center\" data-align=\"center\">6,72%<\/td><\/tr><tr><td class=\"has-text-align-center\" data-align=\"center\">total<\/td><td class=\"has-text-align-center\" data-align=\"center\">55,46%<\/td><\/tr><\/tbody><\/table><figcaption>5 disciplinas mais importantes para o cargo de Analista Administrativo<\/figcaption><\/figure>\n\n\n\n<p>Como podemos ver, 5 Mat\u00e9rias representam 55,46% da prova para o cargo de Analista Administrativo do Ibama, s\u00e3o elas: Direito Administrativo, Portugu\u00eas, Administra\u00e7\u00e3o Financeira e Or\u00e7ament\u00e1ria, Administra\u00e7\u00e3o Geral e Reda\u00e7\u00e3o Oficial. Sendo que, apenas a Direito Administrativo e Portugu\u00eas representaram mais de 30% da prova passada para esse cargo. <\/p>\n\n\n\n<p> Em rela\u00e7\u00e3o aos assuntos mais cobrados, foram: <\/p>\n\n\n\n<figure class=\"wp-block-table is-style-stripes\"><table><tbody><tr><td class=\"has-text-align-center\" data-align=\"center\">Assuntos<\/td><td class=\"has-text-align-center\" data-align=\"center\">Relev\u00e2ncia<\/td><\/tr><tr><td class=\"has-text-align-center\" data-align=\"center\">Interpreta\u00e7\u00e3o de Textos<\/td><td class=\"has-text-align-center\" data-align=\"center\">6%<\/td><\/tr><tr><td class=\"has-text-align-center\" data-align=\"center\">No\u00e7\u00f5es Gerais de Compreens\u00e3o e Interpreta\u00e7\u00e3o de Texto<\/td><td class=\"has-text-align-center\" data-align=\"center\">3%<\/td><\/tr><tr><td class=\"has-text-align-center\" data-align=\"center\">Agentes p\u00fablicos e Lei 8.112 de 1990<\/td><td class=\"has-text-align-center\" data-align=\"center\">2%<\/td><\/tr><tr><td class=\"has-text-align-center\" data-align=\"center\">Or\u00e7amento P\u00fablico em AFO<\/td><td class=\"has-text-align-center\" data-align=\"center\">2%<\/td><\/tr><tr><td class=\"has-text-align-center\" data-align=\"center\">Atualidades<\/td><td class=\"has-text-align-center\" data-align=\"center\">2%<\/td><\/tr><\/tbody><\/table><figcaption>Assuntos mais cobrados para o cargo de Analista Administrativo<\/figcaption><\/figure>\n\n\n\n<p>Assim sendo, percebemos a import\u00e2ncia de Portugu\u00eas para o cargo de Analista Administrativo. Sendo os dois assuntos mais cobrados dessa mat\u00e9ria.<\/p>\n\n\n\n<h3 class=\"wp-block-heading\" id=\"h-ibama-como-come-o-a-estudar-para-esse-concurso-t-cnico-an-lise-estat-stica-das-ltimas-provas-realizadas-pela-cebraspe-banca-examinadora-do-ltimo-concurso-para-o-cargo-de-t-cnico\">Ibama: Como come\u00e7o a estudar para esse concurso &#8211; T\u00e9cnico: An\u00e1lise Estat\u00edstica das \u00faltimas provas realizadas pela Cebraspe (Banca examinadora do \u00faltimo concurso) para o Cargo de T\u00e9cnico<\/h3>\n\n\n\n<p> Por fim, fizemos a An\u00e1lise Estat\u00edstica das \u00faltimas provas realizadas pela Cebraspe para o cargo de T\u00e9cnico (Considerando a \u00faltima prova de 2012):  <\/p>\n\n\n\n<figure class=\"wp-block-table is-style-stripes\"><table><tbody><tr><td class=\"has-text-align-center\" data-align=\"center\">Disciplina<\/td><td class=\"has-text-align-center\" data-align=\"center\">Relev\u00e2ncia na prova<\/td><\/tr><tr><td class=\"has-text-align-center\" data-align=\"center\">Direito Administrativo<\/td><td class=\"has-text-align-center\" data-align=\"center\">12,34%<\/td><\/tr><tr><td class=\"has-text-align-center\" data-align=\"center\">Arquivologia<\/td><td class=\"has-text-align-center\" data-align=\"center\">11,91%<\/td><\/tr><tr><td class=\"has-text-align-center\" data-align=\"center\">Direito Ambiental<\/td><td class=\"has-text-align-center\" data-align=\"center\">11,49%<\/td><\/tr><tr><td class=\"has-text-align-center\" data-align=\"center\">Portugu\u00eas<\/td><td class=\"has-text-align-center\" data-align=\"center\">9,79%<\/td><\/tr><tr><td class=\"has-text-align-center\" data-align=\"center\">Administra\u00e7\u00e3o Financeira e Or\u00e7ament\u00e1ria<\/td><td class=\"has-text-align-center\" data-align=\"center\">9,36%<\/td><\/tr><tr><td class=\"has-text-align-center\" data-align=\"center\">No\u00e7\u00f5es de Inform\u00e1tica<\/td><td class=\"has-text-align-center\" data-align=\"center\">7,23%<\/td><\/tr><tr><td class=\"has-text-align-center\" data-align=\"center\">Reda\u00e7\u00e3o Oficial<\/td><td class=\"has-text-align-center\" data-align=\"center\">6,81%<\/td><\/tr><tr><td class=\"has-text-align-center\" data-align=\"center\">&nbsp;Atualidades<\/td><td class=\"has-text-align-center\" data-align=\"center\">5,53%<\/td><\/tr><tr><td class=\"has-text-align-center\" data-align=\"center\">&nbsp;Direito Constitucional<\/td><td class=\"has-text-align-center\" data-align=\"center\">5,11%<\/td><\/tr><tr><td class=\"has-text-align-center\" data-align=\"center\">Racioc\u00ednio L\u00f3gico<\/td><td class=\"has-text-align-center\" data-align=\"center\">3,83%<\/td><\/tr><tr><td class=\"has-text-align-center\" data-align=\"center\">Administra\u00e7\u00e3o de Recursos Materiais<\/td><td class=\"has-text-align-center\" data-align=\"center\">3,40%<\/td><\/tr><tr><td class=\"has-text-align-center\" data-align=\"center\">&nbsp;\u00c9tica na Administra\u00e7\u00e3o P\u00fablica<\/td><td class=\"has-text-align-center\" data-align=\"center\">3,40%<\/td><\/tr><tr><td class=\"has-text-align-center\" data-align=\"center\">Administra\u00e7\u00e3o Geral<\/td><td class=\"has-text-align-center\" data-align=\"center\">3,40%<\/td><\/tr><tr><td class=\"has-text-align-center\" data-align=\"center\">Administra\u00e7\u00e3o P\u00fablica<\/td><td class=\"has-text-align-center\" data-align=\"center\">1,70%<\/td><\/tr><tr><td class=\"has-text-align-center\" data-align=\"center\">Gest\u00e3o de Pessoas<\/td><td class=\"has-text-align-center\" data-align=\"center\">1,70%<\/td><\/tr><tr><td class=\"has-text-align-center\" data-align=\"center\">Contabilidade P\u00fablica<\/td><td class=\"has-text-align-center\" data-align=\"center\">1,30%<\/td><\/tr><tr><td class=\"has-text-align-center\" data-align=\"center\">Legisla\u00e7\u00e3o Federal<\/td><td class=\"has-text-align-center\" data-align=\"center\">0,85%<\/td><\/tr><tr><td class=\"has-text-align-center\" data-align=\"center\">Meio Ambiente<\/td><td class=\"has-text-align-center\" data-align=\"center\">0,85%<\/td><\/tr><\/tbody><\/table><figcaption>Relev\u00e2ncia das Mat\u00e9rias para o cargo de T\u00e9cnico<\/figcaption><\/figure>\n\n\n\n<p> Selecionando as 5 disciplinas mais importantes para esse cargo, temos:  <\/p>\n\n\n\n<figure class=\"wp-block-table is-style-stripes\"><table><tbody><tr><td class=\"has-text-align-center\" data-align=\"center\">Disciplina<\/td><td class=\"has-text-align-center\" data-align=\"center\">Relev\u00e2ncia na prova<\/td><\/tr><tr><td class=\"has-text-align-center\" data-align=\"center\">Direito Administrativo<\/td><td class=\"has-text-align-center\" data-align=\"center\">12,34%<\/td><\/tr><tr><td class=\"has-text-align-center\" data-align=\"center\">Arquivologia<\/td><td class=\"has-text-align-center\" data-align=\"center\">11,91%<\/td><\/tr><tr><td class=\"has-text-align-center\" data-align=\"center\">Direito Ambiental<\/td><td class=\"has-text-align-center\" data-align=\"center\">11,49%<\/td><\/tr><tr><td class=\"has-text-align-center\" data-align=\"center\">Portugu\u00eas<\/td><td class=\"has-text-align-center\" data-align=\"center\">9,79%<\/td><\/tr><tr><td class=\"has-text-align-center\" data-align=\"center\">Administra\u00e7\u00e3o Financeira e Or\u00e7ament\u00e1ria<\/td><td class=\"has-text-align-center\" data-align=\"center\">9,36%<\/td><\/tr><tr><td class=\"has-text-align-center\" data-align=\"center\">total<\/td><td class=\"has-text-align-center\" data-align=\"center\">54,89%<\/td><\/tr><\/tbody><\/table><figcaption>5 mat\u00e9rias mais relevantes para o cargo de T\u00e9cnico<\/figcaption><\/figure>\n\n\n\n<p>Como podemos ver, 5 Mat\u00e9rias representam 54,89% da prova para o cargo de T\u00e9cnico do Ibama, s\u00e3o elas: Direito Administrativo, Arquivologia, Direito Ambiental, Portugu\u00eas e Administra\u00e7\u00e3o Financeira e Or\u00e7ament\u00e1ria. Sendo que, apenas o Direito Administrativo e a Arquivologia representaram mais de 24% da prova passada para esse cargo. <\/p>\n\n\n\n<p> Em rela\u00e7\u00e3o aos assuntos mais cobrados, foram: <\/p>\n\n\n\n<figure class=\"wp-block-table is-style-stripes\"><table><tbody><tr><td class=\"has-text-align-center\" data-align=\"center\">Assuntos<\/td><td class=\"has-text-align-center\" data-align=\"center\">Relev\u00e2ncia<\/td><\/tr><tr><td class=\"has-text-align-center\" data-align=\"center\">Interpreta\u00e7\u00e3o de Textos<\/td><td class=\"has-text-align-center\" data-align=\"center\">3%<\/td><\/tr><tr><td class=\"has-text-align-center\" data-align=\"center\">Racioc\u00ednio Matem\u00e1tico<\/td><td class=\"has-text-align-center\" data-align=\"center\">3%<\/td><\/tr><tr><td class=\"has-text-align-center\" data-align=\"center\">Atualidades<\/td><td class=\"has-text-align-center\" data-align=\"center\">3%<\/td><\/tr><\/tbody><\/table><figcaption>Assuntos mais cobrados para o cargo de T\u00e9cnico<\/figcaption><\/figure>\n\n\n\n<p> Desse modo, percebemos a import\u00e2ncia de Portugu\u00eas para o cargo de T\u00e9cnico, al\u00e9m da sua import\u00e2ncia para o cargo de Analista Administrativo. <\/p>\n\n\n\n<h3 class=\"wp-block-heading\" id=\"h-concurso-ibama-qual-deve-ser-o-primeiro-passo-para-come-ar-a-estudar-para-esse-concurso\">Concurso Ibama: Qual deve ser o primeiro passo para come\u00e7ar a estudar para esse concurso?<\/h3>\n\n\n\n<p>Primeiramente, voc\u00ea deve definir qual cargo voc\u00ea quer prestar, leve em conta que dois dos cargos exigem ensino superior e 1 deles exige ensino m\u00e9dio. <\/p>\n\n\n\n<p>Ap\u00f3s decidir o cargo que voc\u00ea quer prestar, veja quanto tempo voc\u00ea tem dispon\u00edvel no seu dia para estudar, ou seja, voc\u00ea deve verificar todas suas obriga\u00e7\u00f5es di\u00e1rias: trabalho, exerc\u00edcios, alimenta\u00e7\u00e3o, etc. <\/p>\n\n\n\n<p>Assim que voc\u00ea levantar suas obriga\u00e7\u00f5es, voc\u00ea deve verificar quanto tempo tem no seu dia para se dedicar aos estudos, lembre sempre que o estudo deve ser a sua prioridade. Mas aten\u00e7\u00e3o, voc\u00ea deve considerar tamb\u00e9m qual hor\u00e1rio funciona melhor para voc\u00ea (seja manh\u00e3, tarde ou noite), deve ver qual hor\u00e1rio voc\u00ea consegue render melhor nos estudos.<\/p>\n\n\n\n<p>Levante um pouco mais cedo do que o &#8220;normal&#8221; e divida seu hor\u00e1rio em blocos de estudo, dado que ao estudar um pouco em cada instante do dia voc\u00ea ver\u00e1 que seu estudo ser\u00e1 mais tranquilo. <\/p>\n\n\n\n<p>Quando voc\u00ea decide estudar para concurso, voc\u00ea deve ter em mente que vai ter que diminuir seus momentos de lazer, o que n\u00e3o quer dizer cortar totalmente, por\u00e9m voc\u00ea deve administrar melhor esses seus momentos, estipule um dia por semana ou um per\u00edodo de algum dia para ser seu dia off.<\/p>\n\n\n\n<p>A palavra-chave do estudo para concurso p\u00fablico \u00e9 h\u00e1bito, com isso voc\u00ea precisa ter foco e disciplina para cumprir sua carga hor\u00e1ria, para isso voc\u00ea deve cumprir as suas metas, n\u00e3o defina metas imposs\u00edveis, pois quando voc\u00ea faz isso \u00e9 mais f\u00e1cil voc\u00ea se frustrar e tornar o n\u00e3o cumprimento do estudo uma regra.<\/p>\n\n\n\n<h3 class=\"wp-block-heading\" id=\"h-concurso-ibama-como-monto-meu-planejamento-para-o-ibama\">Concurso Ibama: Como monto meu planejamento para o Ibama<\/h3>\n\n\n\n<p>Voc\u00ea pode montar seu planejamento para o Ibama com base em um ciclo de estudos, dividido por horas. Voc\u00ea deve analisar o \u00faltimo edital do cargo que voc\u00ea quer e entender quais disciplinas t\u00eam uma maior import\u00e2ncia (conforme elencamos nos gr\u00e1ficos deste artigo) e quais voc\u00ea tem uma maior facilidade ou dificuldade.<\/p>\n\n\n\n<p>Voc\u00ea pode criar quantos ciclos de estudos quiser. Se voc\u00ea possui 16 disciplinas para voc\u00ea estudar, voc\u00ea pode criar 4 ciclos de 4 disciplinas cada, colocando o tempo que voc\u00ea vai dedicar a cada disciplina e quanto tempo para cada ciclo de estudo.<\/p>\n\n\n\n<p>Vou colocar abaixo um exemplo de ciclo de estudo:<\/p>\n\n\n\n<figure class=\"wp-block-table is-style-stripes\"><table><tbody><tr><td class=\"has-text-align-center\" data-align=\"center\">Ciclo 1<\/td><\/tr><tr><td class=\"has-text-align-center\" data-align=\"center\">120 min<\/td><td class=\"has-text-align-center\" data-align=\"center\">Portugu\u00eas<\/td><\/tr><tr><td class=\"has-text-align-center\" data-align=\"center\">90 min<\/td><td class=\"has-text-align-center\" data-align=\"center\">Inform\u00e1tica<\/td><\/tr><tr><td class=\"has-text-align-center\" data-align=\"center\">120 min<\/td><td class=\"has-text-align-center\" data-align=\"center\">Racioc\u00ednio L\u00f3gico<\/td><\/tr><tr><td class=\"has-text-align-center\" data-align=\"center\">90 min<\/td><td class=\"has-text-align-center\" data-align=\"center\">Administra\u00e7\u00e3o Geral&nbsp;<\/td><\/tr><\/tbody><\/table><figcaption>Exemplo de Ciclo &#8211; Ciclo 1<\/figcaption><\/figure>\n\n\n\n<p>Complementando com o ciclo 2:<\/p>\n\n\n\n<figure class=\"wp-block-table is-style-stripes\"><table><tbody><tr><td class=\"has-text-align-center\" data-align=\"center\">Ciclo 2<\/td><\/tr><tr><td class=\"has-text-align-center\" data-align=\"center\">90 min<\/td><td class=\"has-text-align-center\" data-align=\"center\">Direito Administrativo<\/td><\/tr><tr><td class=\"has-text-align-center\" data-align=\"center\">90 min<\/td><td class=\"has-text-align-center\" data-align=\"center\">Direito Constitucional<\/td><\/tr><tr><td class=\"has-text-align-center\" data-align=\"center\">90 min<\/td><td class=\"has-text-align-center\" data-align=\"center\">Administra\u00e7\u00e3o P\u00fablica<\/td><\/tr><tr><td class=\"has-text-align-center\" data-align=\"center\">90 min<\/td><td class=\"has-text-align-center\" data-align=\"center\">Atualidades<\/td><\/tr><\/tbody><\/table><figcaption>Exemplo de Ciclo &#8211; Ciclo 2<\/figcaption><\/figure>\n\n\n\n<p>O lado bom do ciclo de estudo \u00e9 que voc\u00ea consegue fazer seus hor\u00e1rios de uma forma mais flex\u00edvel, al\u00e9m de que ele se adapta melhor a sua rotina do que um cronograma.<\/p>\n\n\n\n<p>No ciclo, caso voc\u00ea n\u00e3o consiga estudar em um dia por algum motivo, voc\u00ea pode continuar no dia seguinte de onde voc\u00ea parou.<\/p>\n\n\n\n<h3 class=\"wp-block-heading\" id=\"h-fa-a-muitas-quest-es-da-banca-examinadora\">Fa\u00e7a muitas quest\u00f5es da Banca Examinadora<\/h3>\n\n\n\n<p>O concurso do Ibama foi autorizado, mas ainda n\u00e3o foi escolhida a banca examinadora, para escolher uma banca e ir treinando quest\u00f5es enquanto n\u00e3o \u00e9 selecionada a banca para esse novo concurso, um bom par\u00e2metro \u00e9 o \u00faltimo edital, que como falamos foi realizado pela Cebraspe.<\/p>\n\n\n\n<p>Essa banca costuma cobrar quest\u00f5es de uma forma mais aprofundada, explorando bastante a&nbsp;teoria. Para as quest\u00f5es serem geralmente mais complexas que das outras bancas, \u00e9 mais importante ainda ter aten\u00e7\u00e3o tanto ao enunciado quanto \u00e0s respostas.<\/p>\n\n\n\n<p>A Cebraspe trabalha muito com a contextualiza\u00e7\u00e3o e com a interdisciplinaridade, assim dentro de uma mesma quest\u00e3o ela acaba mesclando v\u00e1rias disciplinas exigidas no edital. O que acaba aumentando a complexidade das quest\u00f5es dessa banca.<\/p>\n\n\n\n<p>Ao fazer quest\u00f5es, al\u00e9m de ser um estudo mais ativo e din\u00e2mico do que ler o PDF, voc\u00ea for\u00e7a mais para buscar aquele assunto na sua mem\u00f3ria, al\u00e9m de perceber quais conte\u00fados s\u00e3o mais exigidos, concentrando assim seus esfor\u00e7os nos itens mais importantes, o que faz com que voc\u00ea potencialize seu tempo dispon\u00edvel para os estudos.<\/p>\n\n\n\n<p>Uma realidade \u00e9 que saber como organizar o tempo de prova \u00e9 fundamental.<\/p>\n\n\n\n<p>Espero que tenham gostado do artigo!<\/p>\n\n\n\n<p>Um abra\u00e7o e bons estudos!<\/p>\n\n\n\n<p>Leonardo Mathias <\/p>\n\n\n\n<p>@profleomathias<\/p>\n\n\n\n<figure class=\"wp-block-embed is-type-wp-embed is-provider-estrategia-concursos wp-block-embed-estrategia-concursos\"><div class=\"wp-block-embed__wrapper\">\n<blockquote class=\"wp-embedded-content\" data-secret=\"KTipvyq0cX\"><a href=\"https:\/\/www.estrategiaconcursos.com.br\/blog\/lei-seca-como-estudar-de-forma-eficiente\/\">Lei seca: Como estudar de forma eficiente?<\/a><\/blockquote><iframe loading=\"lazy\" class=\"wp-embedded-content\" sandbox=\"allow-scripts\" security=\"restricted\" style=\"position: absolute; clip: rect(1px, 1px, 1px, 1px);\" title=\"&#8220;Lei seca: Como estudar de forma eficiente?&#8221; &#8212; Estrat\u00e9gia Concursos\" src=\"https:\/\/www.estrategiaconcursos.com.br\/blog\/lei-seca-como-estudar-de-forma-eficiente\/embed\/#?secret=CakF7UN9E5#?secret=KTipvyq0cX\" data-secret=\"KTipvyq0cX\" width=\"500\" height=\"282\" frameborder=\"0\" marginwidth=\"0\" marginheight=\"0\" scrolling=\"no\"><\/iframe>\n<\/div><\/figure>\n\n\n\n<p><a href=\"https:\/\/www.gov.br\/ibama\/pt-br\">https:\/\/www.gov.br\/ibama\/pt-br<\/a><\/p>\n\n\n\n<p class=\"has-text-align-center has-luminous-vivid-amber-background-color has-background\" style=\"font-size:clamp(14.642px, 0.915rem + ((1vw - 3.2px) * 0.721), 22px);\"><strong>SAIBA MAIS SOBRE O <a href=\"https:\/\/www.estrategiaconcursos.com.br\/blog\/concurso-ibama\/\" target=\"_blank\" rel=\"noreferrer noopener\">CONCURSO IBAMA<\/a><\/strong><\/p>\n\n\n\n<p>Prepare-se com o melhor material e com quem mais aprova em Concursos P\u00fablicos em todo o pa\u00eds!<\/p>\n\n\n\n<div class=\"container\" id=\"boxes\">\n  <div class=\"row\">\n\n    <div class=\"col-sm\">\n      <div class=\"estrategia\" id=\"box-assinatura\">\n        <h3 class=\"titulo-assinatura\">Assinatura de Concursos<\/h3>\n        <p class=\"subtitulo-assinatura\">Assinatura de 1 ano ou 2 anos<\/p>\n        <div class=\"box-botao\">\n          <a class=\"btn-assinatura\" target=\"_blank\" href=\"https:\/\/www.estrategiaconcursos.com.br\/assinaturas\/\" role=\"button\" rel=\"noopener noreferrer\">ASSINE AGORA<\/a>\n        <\/div>\n      <\/div>\n     \n    <\/div><\/div><\/div>\n\n\n\n<div class=\"container\" id=\"boxes\">\n  <div class=\"row\">\n\n    <div class=\"col-sm\" id=\"boxes-concursos\">\n      <div style=\"background-color: #005DAD;\" class=\"conteudo-concursos\" id=\"box-concursos\">\n        <h3 class=\"titulo-assinatura\">Concursos Abertos<\/h3>\n        <p class=\"subtitulo-assinatura\">mais de 15 mil vagas<\/p>\n        <div class=\"box-botao\">\n          <a class=\"btn-assinatura\" target=\"_blank\" href=\"https:\/\/www.estrategiaconcursos.com.br\/blog\/concursos-abertos\/\" role=\"button\" rel=\"noopener noreferrer\">Conhe\u00e7a Agora<\/a>\n        <\/div>\n      <\/div>\n    <\/div>\n\n    \n\n    <div class=\"col-sm\" id=\"boxes-concursos\">\n      <div style=\"background-color: #419FF0;\" class=\"conteudo-concursos\" id=\"box-concursos\">\n        <h3 class=\"titulo-assinatura\">Concursos 2021<\/h3>\n        <p class=\"subtitulo-assinatura\">mais de 17 mil vagas<\/p>\n        <div class=\"box-botao\">\n          <a class=\"btn-assinatura\" target=\"_blank\" href=\"https:\/\/www.estrategiaconcursos.com.br\/blog\/concursos-2021\/\" role=\"button\" rel=\"noopener noreferrer\">Conhe\u00e7a Agora<\/a>\n        <\/div>\n      <\/div>\n    <\/div>\n\n  <\/div>\n<\/div>\n\n\n\n<p>.<\/p>\n","protected":false},"excerpt":{"rendered":"<p>Ol\u00e1, tudo bem com voc\u00ea? No artigo de hoje vamos falar sobre o Concurso do Ibama: como come\u00e7o a estudar para esse concurso p\u00fablico? Concurso Ibama Saiu a autoriza\u00e7\u00e3o para o edital do Concurso do Ibama, sendo 568 vagas totais, das quais 432 s\u00e3o para o cargo de n\u00edvel m\u00e9dio (T\u00e9cnico Ambiental). Como os \u00faltimos [&hellip;]<\/p>\n","protected":false},"author":773,"featured_media":854642,"comment_status":"open","ping_status":"closed","sticky":false,"template":"","format":"standard","meta":{"post_tipo":"article","footnotes":""},"categories":[220215],"tags":[],"tax_estado":[219963],"class_list":["post-854841","post","type-post","status-publish","format-standard","has-post-thumbnail","hentry","category-agencia-reguladora","tax_estado-concursos-federais"],"acf":[],"yoast_head":"<!-- This site is optimized with the Yoast SEO Premium plugin v27.2 (Yoast SEO v27.2) - https:\/\/yoast.com\/product\/yoast-seo-premium-wordpress\/ -->\n<title>Ibama: como come\u00e7o a estudar para esse concurso?<\/title>\n<meta name=\"description\" content=\"Ibama: Como come\u00e7o a estudar para esse concurso? como estudo para os cargos de Analista Ambiental, Analista Administrativo e T\u00e9cnico\" \/>\n<meta name=\"robots\" content=\"index, follow, max-snippet:-1, max-image-preview:large, max-video-preview:-1\" \/>\n<link rel=\"canonical\" href=\"https:\/\/www.estrategiaconcursos.com.br\/blog\/ibama-como-comeco\/\" \/>\n<meta property=\"og:locale\" content=\"pt_BR\" \/>\n<meta property=\"og:type\" content=\"article\" \/>\n<meta property=\"og:title\" content=\"Ibama: como come\u00e7o a estudar para esse concurso?\" \/>\n<meta property=\"og:description\" content=\"Ibama: Como come\u00e7o a estudar para esse concurso? como estudo para os cargos de Analista Ambiental, Analista Administrativo e T\u00e9cnico\" \/>\n<meta property=\"og:url\" content=\"https:\/\/www.estrategiaconcursos.com.br\/blog\/ibama-como-comeco\/\" \/>\n<meta property=\"og:site_name\" content=\"Estrat\u00e9gia Concursos\" \/>\n<meta property=\"article:published_time\" content=\"2021-09-22T18:52:00+00:00\" \/>\n<meta property=\"article:modified_time\" content=\"2021-09-22T19:02:24+00:00\" \/>\n<meta property=\"og:image\" content=\"https:\/\/dhg1h5j42swfq.cloudfront.net\/2021\/09\/06092819\/noticiasconcursos-com_-br-concurso-ibama-20202021-confirmado-novo-pedido-de-edital-concurso-ibama-1.jpg\" \/>\n\t<meta property=\"og:image:width\" content=\"1400\" \/>\n\t<meta property=\"og:image:height\" content=\"800\" \/>\n\t<meta property=\"og:image:type\" content=\"image\/jpeg\" \/>\n<meta name=\"author\" content=\"Leonardo Mathias\" \/>\n<meta name=\"twitter:card\" content=\"summary_large_image\" \/>\n<meta name=\"twitter:creator\" content=\"@EstratConcursos\" \/>\n<meta name=\"twitter:site\" content=\"@EstratConcursos\" \/>\n<meta name=\"twitter:label1\" content=\"Escrito por\" \/>\n\t<meta name=\"twitter:data1\" content=\"Leonardo Mathias\" \/>\n\t<meta name=\"twitter:label2\" content=\"Est. tempo de leitura\" \/>\n\t<meta name=\"twitter:data2\" content=\"8 minutos\" \/>\n<script type=\"application\/ld+json\" class=\"yoast-schema-graph\">{\"@context\":\"https:\/\/schema.org\",\"@graph\":[{\"@type\":\"NewsArticle\",\"@id\":\"https:\/\/www.estrategiaconcursos.com.br\/blog\/ibama-como-comeco\/#article\",\"isPartOf\":{\"@id\":\"https:\/\/www.estrategiaconcursos.com.br\/blog\/ibama-como-comeco\/\"},\"author\":{\"name\":\"Leonardo Mathias\",\"@id\":\"https:\/\/www.estrategiaconcursos.com.br\/blog\/#\/schema\/person\/ffa1e327b35698a5329b293a0627bd55\"},\"headline\":\"Ibama: como come\u00e7o a estudar para esse concurso?\",\"datePublished\":\"2021-09-22T18:52:00+00:00\",\"dateModified\":\"2021-09-22T19:02:24+00:00\",\"mainEntityOfPage\":{\"@id\":\"https:\/\/www.estrategiaconcursos.com.br\/blog\/ibama-como-comeco\/\"},\"wordCount\":1885,\"commentCount\":0,\"publisher\":{\"@id\":\"https:\/\/www.estrategiaconcursos.com.br\/blog\/#organization\"},\"image\":{\"@id\":\"https:\/\/www.estrategiaconcursos.com.br\/blog\/ibama-como-comeco\/#primaryimage\"},\"thumbnailUrl\":\"https:\/\/dhg1h5j42swfq.cloudfront.net\/2021\/09\/06092819\/noticiasconcursos-com_-br-concurso-ibama-20202021-confirmado-novo-pedido-de-edital-concurso-ibama-1.jpg\",\"articleSection\":[\"Ag\u00eancia Reguladora\"],\"inLanguage\":\"pt-BR\",\"potentialAction\":[{\"@type\":\"CommentAction\",\"name\":\"Comment\",\"target\":[\"https:\/\/www.estrategiaconcursos.com.br\/blog\/ibama-como-comeco\/#respond\"]}],\"copyrightYear\":\"2021\",\"copyrightHolder\":{\"@id\":\"https:\/\/www.estrategiaconcursos.com.br\/blog\/#organization\"}},{\"@type\":\"WebPage\",\"@id\":\"https:\/\/www.estrategiaconcursos.com.br\/blog\/ibama-como-comeco\/\",\"url\":\"https:\/\/www.estrategiaconcursos.com.br\/blog\/ibama-como-comeco\/\",\"name\":\"Ibama: como come\u00e7o a estudar para esse concurso?\",\"isPartOf\":{\"@id\":\"https:\/\/www.estrategiaconcursos.com.br\/blog\/#website\"},\"primaryImageOfPage\":{\"@id\":\"https:\/\/www.estrategiaconcursos.com.br\/blog\/ibama-como-comeco\/#primaryimage\"},\"image\":{\"@id\":\"https:\/\/www.estrategiaconcursos.com.br\/blog\/ibama-como-comeco\/#primaryimage\"},\"thumbnailUrl\":\"https:\/\/dhg1h5j42swfq.cloudfront.net\/2021\/09\/06092819\/noticiasconcursos-com_-br-concurso-ibama-20202021-confirmado-novo-pedido-de-edital-concurso-ibama-1.jpg\",\"datePublished\":\"2021-09-22T18:52:00+00:00\",\"dateModified\":\"2021-09-22T19:02:24+00:00\",\"description\":\"Ibama: Como come\u00e7o a estudar para esse concurso? como estudo para os cargos de Analista Ambiental, Analista Administrativo e T\u00e9cnico\",\"breadcrumb\":{\"@id\":\"https:\/\/www.estrategiaconcursos.com.br\/blog\/ibama-como-comeco\/#breadcrumb\"},\"inLanguage\":\"pt-BR\",\"potentialAction\":[{\"@type\":\"ReadAction\",\"target\":[\"https:\/\/www.estrategiaconcursos.com.br\/blog\/ibama-como-comeco\/\"]}]},{\"@type\":\"ImageObject\",\"inLanguage\":\"pt-BR\",\"@id\":\"https:\/\/www.estrategiaconcursos.com.br\/blog\/ibama-como-comeco\/#primaryimage\",\"url\":\"https:\/\/dhg1h5j42swfq.cloudfront.net\/2021\/09\/06092819\/noticiasconcursos-com_-br-concurso-ibama-20202021-confirmado-novo-pedido-de-edital-concurso-ibama-1.jpg\",\"contentUrl\":\"https:\/\/dhg1h5j42swfq.cloudfront.net\/2021\/09\/06092819\/noticiasconcursos-com_-br-concurso-ibama-20202021-confirmado-novo-pedido-de-edital-concurso-ibama-1.jpg\",\"width\":1400,\"height\":800,\"caption\":\"Ibama: Como come\u00e7o a estudar para esse concurso?\"},{\"@type\":\"BreadcrumbList\",\"@id\":\"https:\/\/www.estrategiaconcursos.com.br\/blog\/ibama-como-comeco\/#breadcrumb\",\"itemListElement\":[{\"@type\":\"ListItem\",\"position\":1,\"name\":\"In\u00edcio\",\"item\":\"https:\/\/www.estrategiaconcursos.com.br\/blog\/\"},{\"@type\":\"ListItem\",\"position\":2,\"name\":\"Ibama: como come\u00e7o a estudar para esse concurso?\"}]},{\"@type\":\"WebSite\",\"@id\":\"https:\/\/www.estrategiaconcursos.com.br\/blog\/#website\",\"url\":\"https:\/\/www.estrategiaconcursos.com.br\/blog\/\",\"name\":\"Estrat\u00e9gia Concursos\",\"description\":\"O blog da Estrat\u00e9gia Concursos traz not\u00edcias sobre concursos e artigos de professores oferecendo cursos para concursos (pdf + videaulas) no site.\",\"publisher\":{\"@id\":\"https:\/\/www.estrategiaconcursos.com.br\/blog\/#organization\"},\"potentialAction\":[{\"@type\":\"SearchAction\",\"target\":{\"@type\":\"EntryPoint\",\"urlTemplate\":\"https:\/\/www.estrategiaconcursos.com.br\/blog\/?s={search_term_string}\"},\"query-input\":{\"@type\":\"PropertyValueSpecification\",\"valueRequired\":true,\"valueName\":\"search_term_string\"}}],\"inLanguage\":\"pt-BR\"},{\"@type\":\"Organization\",\"@id\":\"https:\/\/www.estrategiaconcursos.com.br\/blog\/#organization\",\"name\":\"Estrat\u00e9gia Concursos\",\"url\":\"https:\/\/www.estrategiaconcursos.com.br\/blog\/\",\"logo\":{\"@type\":\"ImageObject\",\"inLanguage\":\"pt-BR\",\"@id\":\"https:\/\/www.estrategiaconcursos.com.br\/blog\/#\/schema\/logo\/image\/\",\"url\":\"https:\/\/dhg1h5j42swfq.cloudfront.net\/2025\/06\/03203428\/logo_concursos-1.jpg\",\"contentUrl\":\"https:\/\/dhg1h5j42swfq.cloudfront.net\/2025\/06\/03203428\/logo_concursos-1.jpg\",\"width\":230,\"height\":60,\"caption\":\"Estrat\u00e9gia Concursos\"},\"image\":{\"@id\":\"https:\/\/www.estrategiaconcursos.com.br\/blog\/#\/schema\/logo\/image\/\"},\"sameAs\":[\"https:\/\/x.com\/EstratConcursos\"]},{\"@type\":\"Person\",\"@id\":\"https:\/\/www.estrategiaconcursos.com.br\/blog\/#\/schema\/person\/ffa1e327b35698a5329b293a0627bd55\",\"name\":\"Leonardo Mathias\",\"image\":{\"@type\":\"ImageObject\",\"inLanguage\":\"pt-BR\",\"@id\":\"https:\/\/secure.gravatar.com\/avatar\/f02a0a4304a1537239604f568c9b6a69a3a7bbd6a5033b760cb4a5697f00295b?s=96&d=mm&r=g\",\"url\":\"https:\/\/secure.gravatar.com\/avatar\/f02a0a4304a1537239604f568c9b6a69a3a7bbd6a5033b760cb4a5697f00295b?s=96&d=mm&r=g\",\"contentUrl\":\"https:\/\/secure.gravatar.com\/avatar\/f02a0a4304a1537239604f568c9b6a69a3a7bbd6a5033b760cb4a5697f00295b?s=96&d=mm&r=g\",\"caption\":\"Leonardo Mathias\"},\"url\":\"https:\/\/www.estrategiaconcursos.com.br\/blog\/author\/leonardomathiasestrategiaconcursos-com-br\/\"}]}<\/script>\n<!-- \/ Yoast SEO Premium plugin. -->","yoast_head_json":{"title":"Ibama: como come\u00e7o a estudar para esse concurso?","description":"Ibama: Como come\u00e7o a estudar para esse concurso? como estudo para os cargos de Analista Ambiental, Analista Administrativo e T\u00e9cnico","robots":{"index":"index","follow":"follow","max-snippet":"max-snippet:-1","max-image-preview":"max-image-preview:large","max-video-preview":"max-video-preview:-1"},"canonical":"https:\/\/www.estrategiaconcursos.com.br\/blog\/ibama-como-comeco\/","og_locale":"pt_BR","og_type":"article","og_title":"Ibama: como come\u00e7o a estudar para esse concurso?","og_description":"Ibama: Como come\u00e7o a estudar para esse concurso? como estudo para os cargos de Analista Ambiental, Analista Administrativo e T\u00e9cnico","og_url":"https:\/\/www.estrategiaconcursos.com.br\/blog\/ibama-como-comeco\/","og_site_name":"Estrat\u00e9gia Concursos","article_published_time":"2021-09-22T18:52:00+00:00","article_modified_time":"2021-09-22T19:02:24+00:00","og_image":[{"width":1400,"height":800,"url":"https:\/\/dhg1h5j42swfq.cloudfront.net\/2021\/09\/06092819\/noticiasconcursos-com_-br-concurso-ibama-20202021-confirmado-novo-pedido-de-edital-concurso-ibama-1.jpg","type":"image\/jpeg"}],"author":"Leonardo Mathias","twitter_card":"summary_large_image","twitter_creator":"@EstratConcursos","twitter_site":"@EstratConcursos","twitter_misc":{"Escrito por":"Leonardo Mathias","Est. tempo de leitura":"8 minutos"},"schema":{"@context":"https:\/\/schema.org","@graph":[{"@type":"NewsArticle","@id":"https:\/\/www.estrategiaconcursos.com.br\/blog\/ibama-como-comeco\/#article","isPartOf":{"@id":"https:\/\/www.estrategiaconcursos.com.br\/blog\/ibama-como-comeco\/"},"author":{"name":"Leonardo Mathias","@id":"https:\/\/www.estrategiaconcursos.com.br\/blog\/#\/schema\/person\/ffa1e327b35698a5329b293a0627bd55"},"headline":"Ibama: como come\u00e7o a estudar para esse concurso?","datePublished":"2021-09-22T18:52:00+00:00","dateModified":"2021-09-22T19:02:24+00:00","mainEntityOfPage":{"@id":"https:\/\/www.estrategiaconcursos.com.br\/blog\/ibama-como-comeco\/"},"wordCount":1885,"commentCount":0,"publisher":{"@id":"https:\/\/www.estrategiaconcursos.com.br\/blog\/#organization"},"image":{"@id":"https:\/\/www.estrategiaconcursos.com.br\/blog\/ibama-como-comeco\/#primaryimage"},"thumbnailUrl":"https:\/\/dhg1h5j42swfq.cloudfront.net\/2021\/09\/06092819\/noticiasconcursos-com_-br-concurso-ibama-20202021-confirmado-novo-pedido-de-edital-concurso-ibama-1.jpg","articleSection":["Ag\u00eancia Reguladora"],"inLanguage":"pt-BR","potentialAction":[{"@type":"CommentAction","name":"Comment","target":["https:\/\/www.estrategiaconcursos.com.br\/blog\/ibama-como-comeco\/#respond"]}],"copyrightYear":"2021","copyrightHolder":{"@id":"https:\/\/www.estrategiaconcursos.com.br\/blog\/#organization"}},{"@type":"WebPage","@id":"https:\/\/www.estrategiaconcursos.com.br\/blog\/ibama-como-comeco\/","url":"https:\/\/www.estrategiaconcursos.com.br\/blog\/ibama-como-comeco\/","name":"Ibama: como come\u00e7o a estudar para esse concurso?","isPartOf":{"@id":"https:\/\/www.estrategiaconcursos.com.br\/blog\/#website"},"primaryImageOfPage":{"@id":"https:\/\/www.estrategiaconcursos.com.br\/blog\/ibama-como-comeco\/#primaryimage"},"image":{"@id":"https:\/\/www.estrategiaconcursos.com.br\/blog\/ibama-como-comeco\/#primaryimage"},"thumbnailUrl":"https:\/\/dhg1h5j42swfq.cloudfront.net\/2021\/09\/06092819\/noticiasconcursos-com_-br-concurso-ibama-20202021-confirmado-novo-pedido-de-edital-concurso-ibama-1.jpg","datePublished":"2021-09-22T18:52:00+00:00","dateModified":"2021-09-22T19:02:24+00:00","description":"Ibama: Como come\u00e7o a estudar para esse concurso? como estudo para os cargos de Analista Ambiental, Analista Administrativo e T\u00e9cnico","breadcrumb":{"@id":"https:\/\/www.estrategiaconcursos.com.br\/blog\/ibama-como-comeco\/#breadcrumb"},"inLanguage":"pt-BR","potentialAction":[{"@type":"ReadAction","target":["https:\/\/www.estrategiaconcursos.com.br\/blog\/ibama-como-comeco\/"]}]},{"@type":"ImageObject","inLanguage":"pt-BR","@id":"https:\/\/www.estrategiaconcursos.com.br\/blog\/ibama-como-comeco\/#primaryimage","url":"https:\/\/dhg1h5j42swfq.cloudfront.net\/2021\/09\/06092819\/noticiasconcursos-com_-br-concurso-ibama-20202021-confirmado-novo-pedido-de-edital-concurso-ibama-1.jpg","contentUrl":"https:\/\/dhg1h5j42swfq.cloudfront.net\/2021\/09\/06092819\/noticiasconcursos-com_-br-concurso-ibama-20202021-confirmado-novo-pedido-de-edital-concurso-ibama-1.jpg","width":1400,"height":800,"caption":"Ibama: Como come\u00e7o a estudar para esse concurso?"},{"@type":"BreadcrumbList","@id":"https:\/\/www.estrategiaconcursos.com.br\/blog\/ibama-como-comeco\/#breadcrumb","itemListElement":[{"@type":"ListItem","position":1,"name":"In\u00edcio","item":"https:\/\/www.estrategiaconcursos.com.br\/blog\/"},{"@type":"ListItem","position":2,"name":"Ibama: como come\u00e7o a estudar para esse concurso?"}]},{"@type":"WebSite","@id":"https:\/\/www.estrategiaconcursos.com.br\/blog\/#website","url":"https:\/\/www.estrategiaconcursos.com.br\/blog\/","name":"Estrat\u00e9gia Concursos","description":"O blog da Estrat\u00e9gia Concursos traz not\u00edcias sobre concursos e artigos de professores oferecendo cursos para concursos (pdf + videaulas) no site.","publisher":{"@id":"https:\/\/www.estrategiaconcursos.com.br\/blog\/#organization"},"potentialAction":[{"@type":"SearchAction","target":{"@type":"EntryPoint","urlTemplate":"https:\/\/www.estrategiaconcursos.com.br\/blog\/?s={search_term_string}"},"query-input":{"@type":"PropertyValueSpecification","valueRequired":true,"valueName":"search_term_string"}}],"inLanguage":"pt-BR"},{"@type":"Organization","@id":"https:\/\/www.estrategiaconcursos.com.br\/blog\/#organization","name":"Estrat\u00e9gia Concursos","url":"https:\/\/www.estrategiaconcursos.com.br\/blog\/","logo":{"@type":"ImageObject","inLanguage":"pt-BR","@id":"https:\/\/www.estrategiaconcursos.com.br\/blog\/#\/schema\/logo\/image\/","url":"https:\/\/dhg1h5j42swfq.cloudfront.net\/2025\/06\/03203428\/logo_concursos-1.jpg","contentUrl":"https:\/\/dhg1h5j42swfq.cloudfront.net\/2025\/06\/03203428\/logo_concursos-1.jpg","width":230,"height":60,"caption":"Estrat\u00e9gia Concursos"},"image":{"@id":"https:\/\/www.estrategiaconcursos.com.br\/blog\/#\/schema\/logo\/image\/"},"sameAs":["https:\/\/x.com\/EstratConcursos"]},{"@type":"Person","@id":"https:\/\/www.estrategiaconcursos.com.br\/blog\/#\/schema\/person\/ffa1e327b35698a5329b293a0627bd55","name":"Leonardo Mathias","image":{"@type":"ImageObject","inLanguage":"pt-BR","@id":"https:\/\/secure.gravatar.com\/avatar\/f02a0a4304a1537239604f568c9b6a69a3a7bbd6a5033b760cb4a5697f00295b?s=96&d=mm&r=g","url":"https:\/\/secure.gravatar.com\/avatar\/f02a0a4304a1537239604f568c9b6a69a3a7bbd6a5033b760cb4a5697f00295b?s=96&d=mm&r=g","contentUrl":"https:\/\/secure.gravatar.com\/avatar\/f02a0a4304a1537239604f568c9b6a69a3a7bbd6a5033b760cb4a5697f00295b?s=96&d=mm&r=g","caption":"Leonardo Mathias"},"url":"https:\/\/www.estrategiaconcursos.com.br\/blog\/author\/leonardomathiasestrategiaconcursos-com-br\/"}]}},"_links":{"self":[{"href":"https:\/\/www.estrategiaconcursos.com.br\/blog\/wp-json\/wp\/v2\/posts\/854841","targetHints":{"allow":["GET"]}}],"collection":[{"href":"https:\/\/www.estrategiaconcursos.com.br\/blog\/wp-json\/wp\/v2\/posts"}],"about":[{"href":"https:\/\/www.estrategiaconcursos.com.br\/blog\/wp-json\/wp\/v2\/types\/post"}],"author":[{"embeddable":true,"href":"https:\/\/www.estrategiaconcursos.com.br\/blog\/wp-json\/wp\/v2\/users\/773"}],"replies":[{"embeddable":true,"href":"https:\/\/www.estrategiaconcursos.com.br\/blog\/wp-json\/wp\/v2\/comments?post=854841"}],"version-history":[{"count":9,"href":"https:\/\/www.estrategiaconcursos.com.br\/blog\/wp-json\/wp\/v2\/posts\/854841\/revisions"}],"predecessor-version":[{"id":867531,"href":"https:\/\/www.estrategiaconcursos.com.br\/blog\/wp-json\/wp\/v2\/posts\/854841\/revisions\/867531"}],"wp:featuredmedia":[{"embeddable":true,"href":"https:\/\/www.estrategiaconcursos.com.br\/blog\/wp-json\/wp\/v2\/media\/854642"}],"wp:attachment":[{"href":"https:\/\/www.estrategiaconcursos.com.br\/blog\/wp-json\/wp\/v2\/media?parent=854841"}],"wp:term":[{"taxonomy":"category","embeddable":true,"href":"https:\/\/www.estrategiaconcursos.com.br\/blog\/wp-json\/wp\/v2\/categories?post=854841"},{"taxonomy":"post_tag","embeddable":true,"href":"https:\/\/www.estrategiaconcursos.com.br\/blog\/wp-json\/wp\/v2\/tags?post=854841"},{"taxonomy":"tax_estado","embeddable":true,"href":"https:\/\/www.estrategiaconcursos.com.br\/blog\/wp-json\/wp\/v2\/tax_estado?post=854841"}],"curies":[{"name":"wp","href":"https:\/\/api.w.org\/{rel}","templated":true}]}}