{"id":85432,"date":"2017-08-17T08:00:25","date_gmt":"2017-08-17T11:00:25","guid":{"rendered":"https:\/\/www.estrategiaconcursos.com.br\/blog\/?p=85432"},"modified":"2023-06-01T13:23:49","modified_gmt":"2023-06-01T16:23:49","slug":"como-ficam-os-concursos-a-partir-de-agora","status":"publish","type":"post","link":"https:\/\/www.estrategiaconcursos.com.br\/blog\/como-ficam-os-concursos-a-partir-de-agora\/","title":{"rendered":"E agora? O que vai acontecer com os Concursos e a vida dos servidores ap\u00f3s as medidas anunciadas pelo Governo?"},"content":{"rendered":"<p style=\"text-align: justify;\"><span style=\"color: #000000;\">O Governo Federal anunciou nesta semana que adotar\u00e1 medidas para propor a redu\u00e7\u00e3o nos custos e para cobrir o rombo das contas p\u00fablicas em 2017 e 2018, que deve ficar em torno de R$ 159 bilh\u00f5es.\u00a0<\/span><span style=\"color: #000000;\">Algumas delas afetam a vida de concurseiros e servidores p\u00fablicos Federais.<\/span><\/p>\n<p style=\"text-align: justify;\"><span style=\"color: #000000;\">A primeira delas foi a mais comentada: fixar remunera\u00e7\u00e3o de entrada no servi\u00e7o p\u00fablico de R$ 2.800,00 mil para cargos de n\u00edvel m\u00e9dio e de R$ 5.000,00 mil para postos que exigem ensino superior e o corte de 60 mil cargos no Executivo Federal.<\/span><\/p>\n<p style=\"text-align: justify;\"><span style=\"color: #000000;\">Al\u00e9m disso, entre as medidas est\u00e3o o aumento do prazo para progress\u00e3o da carreira dentro do servi\u00e7o p\u00fablico, que de 13 vai passar a ter 30 n\u00edveis, al\u00e9m de adiar o reajuste prometido aos servidores a partir de janeiro de 2018.<\/span><\/p>\n<p style=\"text-align: justify;\"><span style=\"color: #000000;\">A informa\u00e7\u00e3o causou frisson entre os concurseiros e\u00a0preocupa quem j\u00e1 estuda h\u00e1 anos. <\/span><span style=\"color: #000000;\">Frente ao cen\u00e1rio que se estabelece no pa\u00eds, o <em><strong>Estrat\u00e9gia Concursos<\/strong><\/em> realizou na tarde desta quarta-feira, 16 de agosto, um bate-papo Ao Vivo tratando sobre esta tem\u00e1tica: <em><strong>Como ficam os concursos e a vida dos servidores p\u00fablicos a partir de agora??<\/strong><\/em><\/span><\/p>\n<p style=\"text-align: justify;\"><span style=\"color: #000000;\">Os professores Ricardo Vale e Heber Carvalho estiveram ao vivo comentando e interagindo com os alunos durante toda a transmiss\u00e3o.\u00a0<\/span><\/p>\n<h3 style=\"text-align: center;\">Informa\u00e7\u00f5es sobre concursos<\/h3>\n<p style=\"text-align: center;\"><em>Se voc\u00ea busca informa\u00e7\u00f5es sobre concursos que est\u00e3o com edital publicado, acesse o nosso artigo clicando neste link, os\u00a0<u><strong><a href=\"https:\/\/www.estrategiaconcursos.com.br\/blog\/concursos-abertos\/\" target=\"_blank\" rel=\"noopener noreferrer\">Concursos Abertos<\/a><\/strong><\/u><strong>.\u00a0<\/strong><br \/>\n<\/em><\/p>\n<p style=\"text-align: center;\">\n","protected":false},"excerpt":{"rendered":"<p>O Governo Federal anunciou nesta semana que adotar\u00e1 medidas para propor a redu\u00e7\u00e3o nos custos e para cobrir o rombo das contas p\u00fablicas em 2017 e 2018, que deve ficar em torno de R$ 159 bilh\u00f5es.\u00a0Algumas delas afetam a vida de concurseiros e servidores p\u00fablicos Federais. A primeira delas foi a mais comentada: fixar remunera\u00e7\u00e3o [&hellip;]<\/p>\n","protected":false},"author":1,"featured_media":85433,"comment_status":"open","ping_status":"open","sticky":false,"template":"","format":"standard","meta":{"post_tipo":"news","footnotes":""},"categories":[1],"tags":[],"tax_estado":[],"class_list":["post-85432","post","type-post","status-publish","format-standard","has-post-thumbnail","hentry","category-cursos-e-concursos"],"acf":[],"yoast_head":"<!-- This site is optimized with the Yoast SEO Premium plugin v27.2 (Yoast SEO v27.2) - https:\/\/yoast.com\/product\/yoast-seo-premium-wordpress\/ -->\n<title>E agora? O que vai acontecer com os Concursos e a vida dos servidores ap\u00f3s as medidas anunciadas pelo Governo?<\/title>\n<meta name=\"robots\" content=\"index, follow, max-snippet:-1, max-image-preview:large, max-video-preview:-1\" \/>\n<link rel=\"canonical\" href=\"https:\/\/www.estrategiaconcursos.com.br\/blog\/como-ficam-os-concursos-a-partir-de-agora\/\" \/>\n<meta property=\"og:locale\" content=\"pt_BR\" \/>\n<meta property=\"og:type\" content=\"article\" \/>\n<meta property=\"og:title\" content=\"E agora? O que vai acontecer com os Concursos e a vida dos servidores ap\u00f3s as medidas anunciadas pelo Governo?\" \/>\n<meta property=\"og:description\" content=\"O Governo Federal anunciou nesta semana que adotar\u00e1 medidas para propor a redu\u00e7\u00e3o nos custos e para cobrir o rombo das contas p\u00fablicas em 2017 e 2018, que deve ficar em torno de R$ 159 bilh\u00f5es.\u00a0Algumas delas afetam a vida de concurseiros e servidores p\u00fablicos Federais. A primeira delas foi a mais comentada: fixar remunera\u00e7\u00e3o [&hellip;]\" \/>\n<meta property=\"og:url\" content=\"https:\/\/www.estrategiaconcursos.com.br\/blog\/como-ficam-os-concursos-a-partir-de-agora\/\" \/>\n<meta property=\"og:site_name\" content=\"Estrat\u00e9gia Concursos\" \/>\n<meta property=\"article:author\" content=\"https:\/\/www.facebook.com\/EstrategiaConcursos\" \/>\n<meta property=\"article:published_time\" content=\"2017-08-17T11:00:25+00:00\" \/>\n<meta property=\"article:modified_time\" content=\"2023-06-01T16:23:49+00:00\" \/>\n<meta property=\"og:image\" content=\"https:\/\/dhg1h5j42swfq.cloudfront.net\/2017\/08\/16155128\/e-agora.jpg\" \/>\n\t<meta property=\"og:image:width\" content=\"580\" \/>\n\t<meta property=\"og:image:height\" content=\"323\" \/>\n\t<meta property=\"og:image:type\" content=\"image\/jpeg\" \/>\n<meta name=\"author\" content=\"Coordena\u00e7\u00e3o\" \/>\n<meta name=\"twitter:card\" content=\"summary_large_image\" \/>\n<meta name=\"twitter:creator\" content=\"@EstratConcursos\" \/>\n<meta name=\"twitter:site\" content=\"@EstratConcursos\" \/>\n<meta name=\"twitter:label1\" content=\"Escrito por\" \/>\n\t<meta name=\"twitter:data1\" content=\"Coordena\u00e7\u00e3o\" \/>\n\t<meta name=\"twitter:label2\" content=\"Est. tempo de leitura\" \/>\n\t<meta name=\"twitter:data2\" content=\"1 minuto\" \/>\n<script type=\"application\/ld+json\" class=\"yoast-schema-graph\">{\"@context\":\"https:\/\/schema.org\",\"@graph\":[{\"@type\":\"NewsArticle\",\"@id\":\"https:\/\/www.estrategiaconcursos.com.br\/blog\/como-ficam-os-concursos-a-partir-de-agora\/#article\",\"isPartOf\":{\"@id\":\"https:\/\/www.estrategiaconcursos.com.br\/blog\/como-ficam-os-concursos-a-partir-de-agora\/\"},\"author\":{\"name\":\"Coordena\u00e7\u00e3o\",\"@id\":\"https:\/\/www.estrategiaconcursos.com.br\/blog\/#\/schema\/person\/b4a388c97673c5f483d72185668afa1f\"},\"headline\":\"E agora? O que vai acontecer com os Concursos e a vida dos servidores ap\u00f3s as medidas anunciadas pelo Governo?\",\"datePublished\":\"2017-08-17T11:00:25+00:00\",\"dateModified\":\"2023-06-01T16:23:49+00:00\",\"mainEntityOfPage\":{\"@id\":\"https:\/\/www.estrategiaconcursos.com.br\/blog\/como-ficam-os-concursos-a-partir-de-agora\/\"},\"wordCount\":268,\"commentCount\":2,\"publisher\":{\"@id\":\"https:\/\/www.estrategiaconcursos.com.br\/blog\/#organization\"},\"image\":{\"@id\":\"https:\/\/www.estrategiaconcursos.com.br\/blog\/como-ficam-os-concursos-a-partir-de-agora\/#primaryimage\"},\"thumbnailUrl\":\"https:\/\/dhg1h5j42swfq.cloudfront.net\/2017\/08\/16155128\/e-agora.jpg\",\"articleSection\":[\"Concursos P\u00fablicos\"],\"inLanguage\":\"pt-BR\",\"potentialAction\":[{\"@type\":\"CommentAction\",\"name\":\"Comment\",\"target\":[\"https:\/\/www.estrategiaconcursos.com.br\/blog\/como-ficam-os-concursos-a-partir-de-agora\/#respond\"]}],\"copyrightYear\":\"2017\",\"copyrightHolder\":{\"@id\":\"https:\/\/www.estrategiaconcursos.com.br\/blog\/#organization\"}},{\"@type\":\"WebPage\",\"@id\":\"https:\/\/www.estrategiaconcursos.com.br\/blog\/como-ficam-os-concursos-a-partir-de-agora\/\",\"url\":\"https:\/\/www.estrategiaconcursos.com.br\/blog\/como-ficam-os-concursos-a-partir-de-agora\/\",\"name\":\"E agora? O que vai acontecer com os Concursos e a vida dos servidores ap\u00f3s as medidas anunciadas pelo Governo?\",\"isPartOf\":{\"@id\":\"https:\/\/www.estrategiaconcursos.com.br\/blog\/#website\"},\"primaryImageOfPage\":{\"@id\":\"https:\/\/www.estrategiaconcursos.com.br\/blog\/como-ficam-os-concursos-a-partir-de-agora\/#primaryimage\"},\"image\":{\"@id\":\"https:\/\/www.estrategiaconcursos.com.br\/blog\/como-ficam-os-concursos-a-partir-de-agora\/#primaryimage\"},\"thumbnailUrl\":\"https:\/\/dhg1h5j42swfq.cloudfront.net\/2017\/08\/16155128\/e-agora.jpg\",\"datePublished\":\"2017-08-17T11:00:25+00:00\",\"dateModified\":\"2023-06-01T16:23:49+00:00\",\"breadcrumb\":{\"@id\":\"https:\/\/www.estrategiaconcursos.com.br\/blog\/como-ficam-os-concursos-a-partir-de-agora\/#breadcrumb\"},\"inLanguage\":\"pt-BR\",\"potentialAction\":[{\"@type\":\"ReadAction\",\"target\":[\"https:\/\/www.estrategiaconcursos.com.br\/blog\/como-ficam-os-concursos-a-partir-de-agora\/\"]}]},{\"@type\":\"ImageObject\",\"inLanguage\":\"pt-BR\",\"@id\":\"https:\/\/www.estrategiaconcursos.com.br\/blog\/como-ficam-os-concursos-a-partir-de-agora\/#primaryimage\",\"url\":\"https:\/\/dhg1h5j42swfq.cloudfront.net\/2017\/08\/16155128\/e-agora.jpg\",\"contentUrl\":\"https:\/\/dhg1h5j42swfq.cloudfront.net\/2017\/08\/16155128\/e-agora.jpg\",\"width\":580,\"height\":323},{\"@type\":\"BreadcrumbList\",\"@id\":\"https:\/\/www.estrategiaconcursos.com.br\/blog\/como-ficam-os-concursos-a-partir-de-agora\/#breadcrumb\",\"itemListElement\":[{\"@type\":\"ListItem\",\"position\":1,\"name\":\"In\u00edcio\",\"item\":\"https:\/\/www.estrategiaconcursos.com.br\/blog\/\"},{\"@type\":\"ListItem\",\"position\":2,\"name\":\"E agora? O que vai acontecer com os Concursos e a vida dos servidores ap\u00f3s as medidas anunciadas pelo Governo?\"}]},{\"@type\":\"WebSite\",\"@id\":\"https:\/\/www.estrategiaconcursos.com.br\/blog\/#website\",\"url\":\"https:\/\/www.estrategiaconcursos.com.br\/blog\/\",\"name\":\"Estrat\u00e9gia Concursos\",\"description\":\"O blog da Estrat\u00e9gia Concursos traz not\u00edcias sobre concursos e artigos de professores oferecendo cursos para concursos (pdf + videaulas) no site.\",\"publisher\":{\"@id\":\"https:\/\/www.estrategiaconcursos.com.br\/blog\/#organization\"},\"potentialAction\":[{\"@type\":\"SearchAction\",\"target\":{\"@type\":\"EntryPoint\",\"urlTemplate\":\"https:\/\/www.estrategiaconcursos.com.br\/blog\/?s={search_term_string}\"},\"query-input\":{\"@type\":\"PropertyValueSpecification\",\"valueRequired\":true,\"valueName\":\"search_term_string\"}}],\"inLanguage\":\"pt-BR\"},{\"@type\":\"Organization\",\"@id\":\"https:\/\/www.estrategiaconcursos.com.br\/blog\/#organization\",\"name\":\"Estrat\u00e9gia Concursos\",\"url\":\"https:\/\/www.estrategiaconcursos.com.br\/blog\/\",\"logo\":{\"@type\":\"ImageObject\",\"inLanguage\":\"pt-BR\",\"@id\":\"https:\/\/www.estrategiaconcursos.com.br\/blog\/#\/schema\/logo\/image\/\",\"url\":\"https:\/\/dhg1h5j42swfq.cloudfront.net\/2025\/06\/03203428\/logo_concursos-1.jpg\",\"contentUrl\":\"https:\/\/dhg1h5j42swfq.cloudfront.net\/2025\/06\/03203428\/logo_concursos-1.jpg\",\"width\":230,\"height\":60,\"caption\":\"Estrat\u00e9gia Concursos\"},\"image\":{\"@id\":\"https:\/\/www.estrategiaconcursos.com.br\/blog\/#\/schema\/logo\/image\/\"},\"sameAs\":[\"https:\/\/x.com\/EstratConcursos\"]},{\"@type\":\"Person\",\"@id\":\"https:\/\/www.estrategiaconcursos.com.br\/blog\/#\/schema\/person\/b4a388c97673c5f483d72185668afa1f\",\"name\":\"Coordena\u00e7\u00e3o\",\"image\":{\"@type\":\"ImageObject\",\"inLanguage\":\"pt-BR\",\"@id\":\"https:\/\/secure.gravatar.com\/avatar\/b720319e4c9a967eb58678d110f4fe35452fc5d5f97b202bac7b8acceb18c6ad?s=96&d=mm&r=g\",\"url\":\"https:\/\/secure.gravatar.com\/avatar\/b720319e4c9a967eb58678d110f4fe35452fc5d5f97b202bac7b8acceb18c6ad?s=96&d=mm&r=g\",\"contentUrl\":\"https:\/\/secure.gravatar.com\/avatar\/b720319e4c9a967eb58678d110f4fe35452fc5d5f97b202bac7b8acceb18c6ad?s=96&d=mm&r=g\",\"caption\":\"Coordena\u00e7\u00e3o\"},\"sameAs\":[\"https:\/\/www.facebook.com\/EstrategiaConcursos\",\"https:\/\/x.com\/EstratConcursos\"],\"url\":\"https:\/\/www.estrategiaconcursos.com.br\/blog\/author\/estrategia2013\/\"}]}<\/script>\n<!-- \/ Yoast SEO Premium plugin. -->","yoast_head_json":{"title":"E agora? O que vai acontecer com os Concursos e a vida dos servidores ap\u00f3s as medidas anunciadas pelo Governo?","robots":{"index":"index","follow":"follow","max-snippet":"max-snippet:-1","max-image-preview":"max-image-preview:large","max-video-preview":"max-video-preview:-1"},"canonical":"https:\/\/www.estrategiaconcursos.com.br\/blog\/como-ficam-os-concursos-a-partir-de-agora\/","og_locale":"pt_BR","og_type":"article","og_title":"E agora? O que vai acontecer com os Concursos e a vida dos servidores ap\u00f3s as medidas anunciadas pelo Governo?","og_description":"O Governo Federal anunciou nesta semana que adotar\u00e1 medidas para propor a redu\u00e7\u00e3o nos custos e para cobrir o rombo das contas p\u00fablicas em 2017 e 2018, que deve ficar em torno de R$ 159 bilh\u00f5es.\u00a0Algumas delas afetam a vida de concurseiros e servidores p\u00fablicos Federais. A primeira delas foi a mais comentada: fixar remunera\u00e7\u00e3o [&hellip;]","og_url":"https:\/\/www.estrategiaconcursos.com.br\/blog\/como-ficam-os-concursos-a-partir-de-agora\/","og_site_name":"Estrat\u00e9gia Concursos","article_author":"https:\/\/www.facebook.com\/EstrategiaConcursos","article_published_time":"2017-08-17T11:00:25+00:00","article_modified_time":"2023-06-01T16:23:49+00:00","og_image":[{"width":580,"height":323,"url":"https:\/\/dhg1h5j42swfq.cloudfront.net\/2017\/08\/16155128\/e-agora.jpg","type":"image\/jpeg"}],"author":"Coordena\u00e7\u00e3o","twitter_card":"summary_large_image","twitter_creator":"@EstratConcursos","twitter_site":"@EstratConcursos","twitter_misc":{"Escrito por":"Coordena\u00e7\u00e3o","Est. tempo de leitura":"1 minuto"},"schema":{"@context":"https:\/\/schema.org","@graph":[{"@type":"NewsArticle","@id":"https:\/\/www.estrategiaconcursos.com.br\/blog\/como-ficam-os-concursos-a-partir-de-agora\/#article","isPartOf":{"@id":"https:\/\/www.estrategiaconcursos.com.br\/blog\/como-ficam-os-concursos-a-partir-de-agora\/"},"author":{"name":"Coordena\u00e7\u00e3o","@id":"https:\/\/www.estrategiaconcursos.com.br\/blog\/#\/schema\/person\/b4a388c97673c5f483d72185668afa1f"},"headline":"E agora? O que vai acontecer com os Concursos e a vida dos servidores ap\u00f3s as medidas anunciadas pelo Governo?","datePublished":"2017-08-17T11:00:25+00:00","dateModified":"2023-06-01T16:23:49+00:00","mainEntityOfPage":{"@id":"https:\/\/www.estrategiaconcursos.com.br\/blog\/como-ficam-os-concursos-a-partir-de-agora\/"},"wordCount":268,"commentCount":2,"publisher":{"@id":"https:\/\/www.estrategiaconcursos.com.br\/blog\/#organization"},"image":{"@id":"https:\/\/www.estrategiaconcursos.com.br\/blog\/como-ficam-os-concursos-a-partir-de-agora\/#primaryimage"},"thumbnailUrl":"https:\/\/dhg1h5j42swfq.cloudfront.net\/2017\/08\/16155128\/e-agora.jpg","articleSection":["Concursos P\u00fablicos"],"inLanguage":"pt-BR","potentialAction":[{"@type":"CommentAction","name":"Comment","target":["https:\/\/www.estrategiaconcursos.com.br\/blog\/como-ficam-os-concursos-a-partir-de-agora\/#respond"]}],"copyrightYear":"2017","copyrightHolder":{"@id":"https:\/\/www.estrategiaconcursos.com.br\/blog\/#organization"}},{"@type":"WebPage","@id":"https:\/\/www.estrategiaconcursos.com.br\/blog\/como-ficam-os-concursos-a-partir-de-agora\/","url":"https:\/\/www.estrategiaconcursos.com.br\/blog\/como-ficam-os-concursos-a-partir-de-agora\/","name":"E agora? O que vai acontecer com os Concursos e a vida dos servidores ap\u00f3s as medidas anunciadas pelo Governo?","isPartOf":{"@id":"https:\/\/www.estrategiaconcursos.com.br\/blog\/#website"},"primaryImageOfPage":{"@id":"https:\/\/www.estrategiaconcursos.com.br\/blog\/como-ficam-os-concursos-a-partir-de-agora\/#primaryimage"},"image":{"@id":"https:\/\/www.estrategiaconcursos.com.br\/blog\/como-ficam-os-concursos-a-partir-de-agora\/#primaryimage"},"thumbnailUrl":"https:\/\/dhg1h5j42swfq.cloudfront.net\/2017\/08\/16155128\/e-agora.jpg","datePublished":"2017-08-17T11:00:25+00:00","dateModified":"2023-06-01T16:23:49+00:00","breadcrumb":{"@id":"https:\/\/www.estrategiaconcursos.com.br\/blog\/como-ficam-os-concursos-a-partir-de-agora\/#breadcrumb"},"inLanguage":"pt-BR","potentialAction":[{"@type":"ReadAction","target":["https:\/\/www.estrategiaconcursos.com.br\/blog\/como-ficam-os-concursos-a-partir-de-agora\/"]}]},{"@type":"ImageObject","inLanguage":"pt-BR","@id":"https:\/\/www.estrategiaconcursos.com.br\/blog\/como-ficam-os-concursos-a-partir-de-agora\/#primaryimage","url":"https:\/\/dhg1h5j42swfq.cloudfront.net\/2017\/08\/16155128\/e-agora.jpg","contentUrl":"https:\/\/dhg1h5j42swfq.cloudfront.net\/2017\/08\/16155128\/e-agora.jpg","width":580,"height":323},{"@type":"BreadcrumbList","@id":"https:\/\/www.estrategiaconcursos.com.br\/blog\/como-ficam-os-concursos-a-partir-de-agora\/#breadcrumb","itemListElement":[{"@type":"ListItem","position":1,"name":"In\u00edcio","item":"https:\/\/www.estrategiaconcursos.com.br\/blog\/"},{"@type":"ListItem","position":2,"name":"E agora? O que vai acontecer com os Concursos e a vida dos servidores ap\u00f3s as medidas anunciadas pelo Governo?"}]},{"@type":"WebSite","@id":"https:\/\/www.estrategiaconcursos.com.br\/blog\/#website","url":"https:\/\/www.estrategiaconcursos.com.br\/blog\/","name":"Estrat\u00e9gia Concursos","description":"O blog da Estrat\u00e9gia Concursos traz not\u00edcias sobre concursos e artigos de professores oferecendo cursos para concursos (pdf + videaulas) no site.","publisher":{"@id":"https:\/\/www.estrategiaconcursos.com.br\/blog\/#organization"},"potentialAction":[{"@type":"SearchAction","target":{"@type":"EntryPoint","urlTemplate":"https:\/\/www.estrategiaconcursos.com.br\/blog\/?s={search_term_string}"},"query-input":{"@type":"PropertyValueSpecification","valueRequired":true,"valueName":"search_term_string"}}],"inLanguage":"pt-BR"},{"@type":"Organization","@id":"https:\/\/www.estrategiaconcursos.com.br\/blog\/#organization","name":"Estrat\u00e9gia Concursos","url":"https:\/\/www.estrategiaconcursos.com.br\/blog\/","logo":{"@type":"ImageObject","inLanguage":"pt-BR","@id":"https:\/\/www.estrategiaconcursos.com.br\/blog\/#\/schema\/logo\/image\/","url":"https:\/\/dhg1h5j42swfq.cloudfront.net\/2025\/06\/03203428\/logo_concursos-1.jpg","contentUrl":"https:\/\/dhg1h5j42swfq.cloudfront.net\/2025\/06\/03203428\/logo_concursos-1.jpg","width":230,"height":60,"caption":"Estrat\u00e9gia Concursos"},"image":{"@id":"https:\/\/www.estrategiaconcursos.com.br\/blog\/#\/schema\/logo\/image\/"},"sameAs":["https:\/\/x.com\/EstratConcursos"]},{"@type":"Person","@id":"https:\/\/www.estrategiaconcursos.com.br\/blog\/#\/schema\/person\/b4a388c97673c5f483d72185668afa1f","name":"Coordena\u00e7\u00e3o","image":{"@type":"ImageObject","inLanguage":"pt-BR","@id":"https:\/\/secure.gravatar.com\/avatar\/b720319e4c9a967eb58678d110f4fe35452fc5d5f97b202bac7b8acceb18c6ad?s=96&d=mm&r=g","url":"https:\/\/secure.gravatar.com\/avatar\/b720319e4c9a967eb58678d110f4fe35452fc5d5f97b202bac7b8acceb18c6ad?s=96&d=mm&r=g","contentUrl":"https:\/\/secure.gravatar.com\/avatar\/b720319e4c9a967eb58678d110f4fe35452fc5d5f97b202bac7b8acceb18c6ad?s=96&d=mm&r=g","caption":"Coordena\u00e7\u00e3o"},"sameAs":["https:\/\/www.facebook.com\/EstrategiaConcursos","https:\/\/x.com\/EstratConcursos"],"url":"https:\/\/www.estrategiaconcursos.com.br\/blog\/author\/estrategia2013\/"}]}},"_links":{"self":[{"href":"https:\/\/www.estrategiaconcursos.com.br\/blog\/wp-json\/wp\/v2\/posts\/85432","targetHints":{"allow":["GET"]}}],"collection":[{"href":"https:\/\/www.estrategiaconcursos.com.br\/blog\/wp-json\/wp\/v2\/posts"}],"about":[{"href":"https:\/\/www.estrategiaconcursos.com.br\/blog\/wp-json\/wp\/v2\/types\/post"}],"author":[{"embeddable":true,"href":"https:\/\/www.estrategiaconcursos.com.br\/blog\/wp-json\/wp\/v2\/users\/1"}],"replies":[{"embeddable":true,"href":"https:\/\/www.estrategiaconcursos.com.br\/blog\/wp-json\/wp\/v2\/comments?post=85432"}],"version-history":[{"count":23,"href":"https:\/\/www.estrategiaconcursos.com.br\/blog\/wp-json\/wp\/v2\/posts\/85432\/revisions"}],"predecessor-version":[{"id":1226042,"href":"https:\/\/www.estrategiaconcursos.com.br\/blog\/wp-json\/wp\/v2\/posts\/85432\/revisions\/1226042"}],"wp:featuredmedia":[{"embeddable":true,"href":"https:\/\/www.estrategiaconcursos.com.br\/blog\/wp-json\/wp\/v2\/media\/85433"}],"wp:attachment":[{"href":"https:\/\/www.estrategiaconcursos.com.br\/blog\/wp-json\/wp\/v2\/media?parent=85432"}],"wp:term":[{"taxonomy":"category","embeddable":true,"href":"https:\/\/www.estrategiaconcursos.com.br\/blog\/wp-json\/wp\/v2\/categories?post=85432"},{"taxonomy":"post_tag","embeddable":true,"href":"https:\/\/www.estrategiaconcursos.com.br\/blog\/wp-json\/wp\/v2\/tags?post=85432"},{"taxonomy":"tax_estado","embeddable":true,"href":"https:\/\/www.estrategiaconcursos.com.br\/blog\/wp-json\/wp\/v2\/tax_estado?post=85432"}],"curies":[{"name":"wp","href":"https:\/\/api.w.org\/{rel}","templated":true}]}}