{"id":854120,"date":"2021-09-13T13:41:23","date_gmt":"2021-09-13T16:41:23","guid":{"rendered":"https:\/\/www.estrategiaconcursos.com.br\/blog\/?p=854120"},"modified":"2021-09-13T13:41:25","modified_gmt":"2021-09-13T16:41:25","slug":"resumo-controle-constitucionalidade","status":"publish","type":"post","link":"https:\/\/www.estrategiaconcursos.com.br\/blog\/resumo-controle-constitucionalidade\/","title":{"rendered":"Resumo sobre o Controle de Constitucionalidade para a SEFAZ-AL"},"content":{"rendered":"\n<p class=\"has-medium-font-size\">Confira neste artigo um resumo sobre o&nbsp;Controle de Constitucionalidade para o concurso de Auditor Fiscal da&nbsp;SEFAZ-AL.<\/p>\n\n\n\n<div class=\"wp-block-image\"><figure class=\"aligncenter size-full\"><img loading=\"lazy\" decoding=\"async\" width=\"447\" height=\"268\" src=\"https:\/\/dhg1h5j42swfq.cloudfront.net\/2021\/09\/04103023\/image-71.png\" alt=\"Resumo sobre Controle de Constitucionalidade\" class=\"wp-image-854124\" srcset=\"https:\/\/dhg1h5j42swfq.cloudfront.net\/2021\/09\/04103023\/image-71.png 447w, https:\/\/dhg1h5j42swfq.cloudfront.net\/2021\/09\/04103023\/image-71-300x180.png 300w\" sizes=\"auto, (max-width: 447px) 100vw, 447px\" \/><figcaption>Resumo sobre Controle de Constitucionalidade para a SEFAZ-AL<\/figcaption><\/figure><\/div>\n\n\n\n<p>Ol\u00e1, pessoal! Tudo bem com voc\u00eas?<\/p>\n\n\n\n<p>O concurso de Auditor Fiscal da&nbsp;<strong><a href=\"https:\/\/www.estrategiaconcursos.com.br\/cursosPorConcurso\/sefaz-al\/\" target=\"_blank\" rel=\"noreferrer noopener\">SEFAZ AL<\/a> <\/strong>est\u00e1 mais do que nunca. Como anda a sua prepara\u00e7\u00e3o?<\/p>\n\n\n\n<p>De modo a auxili\u00e1-los no estudo para este certame, preparamos um resumo sobre um importante t\u00f3pico do <strong><span class=\"has-inline-color has-vivid-cyan-blue-color\">Direito Constitucional<\/span><\/strong>: o <strong><span class=\"has-inline-color has-vivid-cyan-blue-color\">Controle de Constitucionalidade.<\/span><\/strong><\/p>\n\n\n\n<p>Desse modo, abordaremos os seguintes temas na nossa an\u00e1lise:<\/p>\n\n\n\n<ul class=\"wp-block-list\"><li><strong>Controle Difuso de Constitucionalidade;<\/strong><\/li><li><strong>Controle Concentrado de Constitucionalidade:<\/strong><ul><li><strong>A\u00e7\u00e3o Direta de Inconstitucionalidade (ADI);<\/strong><\/li><li><strong>A\u00e7\u00e3o Declarat\u00f3ria de Constitucionalidade (ADC);<\/strong><\/li><li><strong>Argui\u00e7\u00e3o de Descumprimento de Preceito Fundamental (ADPF);<\/strong><\/li><li><strong>A\u00e7\u00e3o Direta de Inconstitucionalidade por Omiss\u00e3o (ADO)<\/strong>;<\/li><li><strong>A\u00e7\u00e3o Direta de Inconstitucionalidade Interventiva (ADI-I)<\/strong>.<\/li><\/ul><\/li><\/ul>\n\n\n\n<h2 class=\"wp-block-heading\" id=\"h-controle-difuso-de-constitucionalidade\">Controle Difuso de Constitucionalidade<\/h2>\n\n\n\n<p>O Controle de Constitucionalidade pode ser dividido em <strong>Controle Difuso<\/strong> e <strong>Controle Concentrado<\/strong>.<\/p>\n\n\n\n<p>O <strong>controle difuso<\/strong> \u00e9 o tipo de controle de constitucionalidade de leis e atos normativos que pode ser realizado por <strong>qualquer juiz ou \u00f3rg\u00e3o do Poder Judici\u00e1rio.<\/strong> Ele ocorre diante de um <strong>caso concreto<\/strong>, em que h\u00e1 a declara\u00e7\u00e3o de inconstitucionalidade de forma <strong>incidental <\/strong>de qualquer lei ou ato normativo do poder p\u00fablico.<\/p>\n\n\n\n<p>Por exemplo, um juiz, ao julgar um caso concreto, pode <strong>afastar a aplica\u00e7\u00e3o <\/strong>de determinada lei, quando ele julg\u00e1-la inconstitucional. Por\u00e9m, nesse caso, a lei n\u00e3o ser\u00e1 expurgada do ordenamento jur\u00eddico, ela apenas <strong>deixar\u00e1 de ser aplicada<\/strong> naquele caso concreto.<\/p>\n\n\n\n<p>Desse modo, a sua efic\u00e1cia, em regra, \u00e9 <em><strong>inter partes<\/strong><\/em>, ou seja, apenas \u00e9 <strong>aplicada \u00e0s partes<\/strong> dentro do processo em quest\u00e3o, n\u00e3o vinculando os demais \u00f3rg\u00e3os do Judici\u00e1rio e a Administra\u00e7\u00e3o, ou seja, n\u00e3o \u00e9 aplicada no ordenamento jur\u00eddico como um todo.<\/p>\n\n\n\n<p>Assim, a principal finalidade do controle difuso n\u00e3o \u00e9 a defesa da ordem constitucional, mas sim a prote\u00e7\u00e3o de direitos que est\u00e3o tendo o seu exerc\u00edcio limitado pela norma em quest\u00e3o.<\/p>\n\n\n\n<h2 class=\"wp-block-heading\" id=\"h-controle-concentrado-de-constitucionalidade\">Controle Concentrado de Constitucionalidade<\/h2>\n\n\n\n<p>O <strong>Controle Concentrado<\/strong>, por sua vez, possui suas decis\u00f5es concentradas apenas em um \u00f3rg\u00e3o, o <strong>Supremo Tribunal Federal<\/strong>, guardi\u00e3o da <strong>Constitui\u00e7\u00e3o Federal<\/strong>. Por\u00e9m, isso n\u00e3o afasta a compet\u00eancia dos<strong> Tribunais de Justi\u00e7a<\/strong>, no plano estadual, de realizar este controle em face da <strong>Constitui\u00e7\u00e3o Estadual<\/strong>.<\/p>\n\n\n\n<p>Diferentemente do Controle Difuso, aqui <strong>n\u00e3o h\u00e1 um caso concreto <\/strong>sendo julgado, mas sim,<strong> a lei em si,<\/strong> a qual tem a sua constitucionalidade julgada pelo STF, ou seja, o objeto principal do julgamento \u00e9 a pr\u00f3pria <strong>constitucionalidade<\/strong>.<\/p>\n\n\n\n<p>Desse modo, a sua efic\u00e1cia \u00e9 <em><strong>erga omnes<\/strong><\/em>, ou seja, <strong>vincula a todos<\/strong>, uma vez que, caso um ato normativo seja considerado inconstitucional, ele deixar\u00e1 de ser aplicado em<strong> todo o ordenamento jur\u00eddico brasileiro.<\/strong><\/p>\n\n\n\n<p>O Controle Concentrado pode ser exercido por meio de quatro mecanismos: a A\u00e7\u00e3o Direta de Inconstitucionalidade (<strong>ADI<\/strong>), a A\u00e7\u00e3o Declarat\u00f3ria de Constitucionalidade (<strong>ADC<\/strong>), a Argui\u00e7\u00e3o de Descumprimento de Preceito Fundamental (<strong>ADPF<\/strong>), A\u00e7\u00e3o Direta de Inconstitucionalidade por Omiss\u00e3o (<strong>ADO<\/strong>) e a  A\u00e7\u00e3o Direta de Inconstitucionalidade interventiva (<strong>ADI-I<\/strong>).<\/p>\n\n\n\n<h3 class=\"wp-block-heading\" id=\"h-a-o-direta-de-inconstitucionalidade-adi\">A\u00e7\u00e3o Direta de Inconstitucionalidade (ADI)<\/h3>\n\n\n\n<p>A ADI \u00e9 um instrumento utilizado para solicitar ao STF que alguma <strong>lei federal ou estadual<\/strong> seja declarada incompat\u00edvel com a Constitui\u00e7\u00e3o Federal, ou seja, que ela seja declarada <strong>inconstitucional<\/strong>.<\/p>\n\n\n\n<p>Mas \u00e9 qualquer pessoa que pode propor essa a\u00e7\u00e3o? N\u00e3o, a CF\/88 \u00e9 muito clara em rela\u00e7\u00e3o a esse tema, a qual disp\u00f5e de apenas <strong>9 legitimados<\/strong> para ajuizar uma ADI perante o STF, sendo eles:<\/p>\n\n\n\n<p>I \u2013 Presidente da Rep\u00fablica;<\/p>\n\n\n\n<p>II \u2013 Mesa do Senado Federal;<\/p>\n\n\n\n<p>III \u2013 Mesa da C\u00e2mara dos Deputados;<\/p>\n\n\n\n<p>IV \u2013 Procurador-Geral da Rep\u00fablica \u2013 PGR;<\/p>\n\n\n\n<p>V \u2013 Governador de Estado ou do DF;<\/p>\n\n\n\n<p>VI \u2013 Mesa de Assembleia Legislativa ou da C\u00e2mara Legislativa do DF;<\/p>\n\n\n\n<p>VII \u2013 Conselho Federal da Ordem dos Advogados do Brasil;<\/p>\n\n\n\n<p>VIII \u2013 Partido pol\u00edtico com representa\u00e7\u00e3o no Congresso Nacional; e<\/p>\n\n\n\n<p>IX \u2013 Confedera\u00e7\u00e3o sindical ou entidade de classe de \u00e2mbito nacional.<\/p>\n\n\n\n<p><strong><span class=\"has-inline-color has-vivid-red-color\">PARA FIXAR:<\/span><\/strong><\/p>\n\n\n\n<p><strong><span class=\"has-inline-color has-vivid-cyan-blue-color\">3 pessoas<\/span><\/strong>: Presidente, PGR e Governador;<\/p>\n\n\n\n<p><strong><span class=\"has-inline-color has-vivid-cyan-blue-color\">3 mesas<\/span><\/strong>: Mesa do Senado, Mesa da C\u00e2mara dos Deputados e Mesa da Assembleia Legislativa;<\/p>\n\n\n\n<p><strong><span class=\"has-inline-color has-vivid-cyan-blue-color\">3 \u00f3rg\u00e3os<\/span><\/strong>: Conselho Federal da OAB, Partido Pol\u00edtico e a Confedera\u00e7\u00e3o sindical ou entidade de classe.<\/p>\n\n\n\n<p>Por\u00e9m, para que 3 deles possam entrar com uma ADI, \u00e9 necess\u00e1rio que haja a chamada <strong>pertin\u00eancia tem\u00e1tica<\/strong>, ou seja, \u00e9 necess\u00e1rio que eles demonstrem o seu <strong>leg\u00edtimo interesse <\/strong>na declara\u00e7\u00e3o da inconstitucionalidade da lei em quest\u00e3o. S\u00e3o eles: o <strong><span style=\"text-decoration: underline;\">Governador,<\/span> a <span style=\"text-decoration: underline;\">Mesa da Assembleia Legislativa<\/span> e a <span style=\"text-decoration: underline;\">Confedera\u00e7\u00e3o Sindical ou Entidade de Classe<\/span><\/strong>.<\/p>\n\n\n\n<p>Algumas observa\u00e7\u00f5es s\u00e3o importantes:<\/p>\n\n\n\n<ul class=\"wp-block-list\"><li>Apenas um Deputado ou um Senador n\u00e3o pode ajuizar uma ADI, mas<strong> apenas as Mesas<\/strong> da C\u00e2mara ou do Senado (n\u00e3o incluindo a Mesa do Congresso);<\/li><li>\u00c9 necess\u00e1rio que o Partido Pol\u00edtico seja representado por <strong>pelo menos um parlamentar <\/strong>no Congresso;<\/li><li>Confedera\u00e7\u00f5es Sindicais e Entidades de Classe precisam ser de <strong>\u00e2mbito nacional<\/strong>, n\u00e3o sendo permitidas aquelas de \u00e2mbito local ou regional.<\/li><\/ul>\n\n\n\n<p>Como dito no in\u00edcio deste t\u00f3pico, apenas as <strong>leis federais e as estaduais<\/strong> podem ser objeto de um ADI perante o STF.<\/p>\n\n\n\n<p><strong><span class=\"has-inline-color has-vivid-red-color\">N\u00c3O CABE ADI<\/span><\/strong>: contra leis municipais, S\u00famulas Vinculantes, decis\u00f5es judiciais, leis revogadas, leis editadas antes da CF\/88 ou contra normas origin\u00e1rias da Constitui\u00e7\u00e3o.<\/p>\n\n\n\n<p>Para que a norma seja declarada inconstitucional, \u00e9 necess\u00e1rio a <strong>maioria absoluta<\/strong> dos ministros do STF.<\/p>\n\n\n\n<p>As decis\u00f5es definitivas do julgamento do m\u00e9rito da ADI possuem alguns <strong>efeitos<\/strong>, sendo eles:<\/p>\n\n\n\n<p><strong><span class=\"has-inline-color has-vivid-cyan-blue-color\">Efeitos \u201cex tunc\u201d<\/span><\/strong>, ou seja, em regra, a ADI ter\u00e1 efeitos <strong>retroativos<\/strong>, sendo assim, a lei declarada inconstitucional ser\u00e1 declarada inv\u00e1lida desde o seu in\u00edcio. Por\u00e9m, pode haver a <strong>modula\u00e7\u00e3o tempor\u00e1ria de efeitos<\/strong>, em que o pr\u00f3prio STF, por aprova\u00e7\u00e3o m\u00ednima de <strong>2\/3 dos ministros,<\/strong> poder\u00e1 aprovar que a decis\u00e3o apenas ser\u00e1 aplicada a partir de <strong>determinado momento<\/strong>;<\/p>\n\n\n\n<p><strong><span class=\"has-inline-color has-vivid-cyan-blue-color\">Efic\u00e1cia <em>Erga Omnes<\/em><\/span><\/strong><em>,<\/em> tendo efic\u00e1cia perante todos, e n\u00e3o somente em rela\u00e7\u00e3o \u00e0s pessoas que s\u00e3o parte no processo;<\/p>\n\n\n\n<p><strong><span class=\"has-inline-color has-vivid-cyan-blue-color\">Efeito Vinculante,<\/span> <\/strong>ou seja, a decis\u00e3o vincula todos os demais \u00f3rg\u00e3os do Poder Judici\u00e1rio, al\u00e9m de toda a Administra\u00e7\u00e3o P\u00fablica. Por\u00e9m, ela <strong>n\u00e3o vincula o Poder Legislativo nem o pr\u00f3prio STF.<\/strong><\/p>\n\n\n\n<h3 class=\"wp-block-heading\" id=\"h-a-o-declarat-ria-de-constitucionalidade-adc\">A\u00e7\u00e3o Declarat\u00f3ria de Constitucionalidade (ADC)<\/h3>\n\n\n\n<p>\u00c9 consenso no mundo jur\u00eddico que as normas nascem com <strong>presun\u00e7\u00e3o relativa de constitucionalidade<\/strong>. Por\u00e9m, para que tal norma possua uma <strong>presun\u00e7\u00e3o absoluta,<\/strong> ou seja, para que <strong>n\u00e3o haja mais questionamentos<\/strong> quanto \u00e0 sua <strong>constitucionalidade<\/strong>, \u00e9 utilizada a A\u00e7\u00e3o Declarat\u00f3ria de Constitucionalidade.<\/p>\n\n\n\n<p>Ela \u00e9 utilizada quando h\u00e1 uma <strong>controv\u00e9rsia judicial<\/strong> entre ju\u00edzes e demais tribunais em rela\u00e7\u00e3o \u00e0 constitucionalidade da norma. Desse modo, \u00e9 solicitado ao STF, por meio de uma ADC, que seja declarada, de maneira definitiva, a constitucionalidade da norma, de modo que n\u00e3o haja mais nenhuma d\u00favida em rela\u00e7\u00e3o \u00e0 sua adequa\u00e7\u00e3o \u00e0 Constitui\u00e7\u00e3o.<\/p>\n\n\n\n<p>A ADC \u00e9 <strong>similar \u00e0 ADI,<\/strong> sendo o rol de legitimados, por exemplo, para a proposi\u00e7\u00e3o de uma ADC, o mesmo da ADI. Entretanto, uma importante diferen\u00e7a \u00e9 que <strong>apenas leis federais<\/strong> podem ser objetos de ADC perante o STF, n\u00e3o cabendo, em nenhuma hip\u00f3tese, o ajuizamento de leis estaduais ou municipais via ADC.<\/p>\n\n\n\n<p><strong><span class=\"has-inline-color has-vivid-red-color\">PARA FIXAR:<\/span><\/strong><\/p>\n\n\n\n<p><strong><span class=\"has-inline-color has-vivid-cyan-blue-color\">ADI<\/span><\/strong>: <strong>Leis Estaduais e Federais<\/strong> perante a CF;<\/p>\n\n\n\n<p><strong><span class=\"has-inline-color has-vivid-cyan-blue-color\">ADC<\/span><\/strong>: Apenas <strong>Leis Federais <\/strong>perante a CF.<\/p>\n\n\n\n<p>Um ponto que merece destaque \u00e9 que <strong>n\u00e3o pode haver a desist\u00eancia<\/strong> do impetrante de ADC e ADI j\u00e1 propostas.<\/p>\n\n\n\n<p>Al\u00e9m disso, as a\u00e7\u00f5es julgadas em face de ADI e ADC s\u00e3o <strong>irrecorr\u00edveis<\/strong>, salvo a interposi\u00e7\u00e3o de embargos declarat\u00f3rios, <strong>n\u00e3o cabendo<\/strong>, tamb\u00e9m, <strong>a\u00e7\u00e3o rescis\u00f3ria<\/strong> contra as decis\u00f5es proferidas.<\/p>\n\n\n\n<h3 class=\"wp-block-heading\" id=\"h-a-o-direta-de-inconstitucionalidade-por-omiss-o-ado\">A\u00e7\u00e3o Direta de Inconstitucionalidade por Omiss\u00e3o (ADO)<\/h3>\n\n\n\n<p>Dando sequ\u00eancia ao nosso resumo sobre o Controle de Constitucionalidade para a SEFAZ-AL, iremos analisar agora a A\u00e7\u00e3o Direta de Inconstitucionalidade por Omiss\u00e3o (ADO). <\/p>\n\n\n\n<p>A ADO \u00e9 um mecanismo utilizado quando h\u00e1 a <strong>in\u00e9rcia do Poder Legislativo ou da Administra\u00e7\u00e3o <\/strong>em elaborar determinada norma para regulamentar algum dispositivo constitucional, o qual n\u00e3o \u00e9 autoaplic\u00e1vel.<\/p>\n\n\n\n<p>Ela \u00e9 muito similar ao mandado de injun\u00e7\u00e3o, por\u00e9m, enquanto este \u00e9 utilizado apenas em determinado caso concreto,  a ADO \u00e9 utilizada para o controle abstrato de constitucionalidade.<\/p>\n\n\n\n<p>Perceba que a <strong>ADO \u00e9 um tipo de ADI<\/strong>, por\u00e9m, a ADO pode ser considerada uma A\u00e7\u00e3o Direta de Constitucionalidade por a\u00e7\u00e3o, enquanto a ADO \u00e9 uma A\u00e7\u00e3o Direta de Constitucionalidade por omiss\u00e3o. Desse modo, os seus procedimentos s\u00e3o extremamente similares.<\/p>\n\n\n\n<p>Por exemplo, os legitimados para ajuizar uma ADO s\u00e3o os mesmos da ADI, sendo, tamb\u00e9m, apenas permitida impugna\u00e7\u00f5es de <strong>omiss\u00f5es de \u00f3rg\u00e3os federais e estaduais<\/strong> em face da CF\/88.<\/p>\n\n\n\n<p>Caso seja julgada procedente a a\u00e7\u00e3o, o <strong>STF n\u00e3o ir\u00e1 editar o ato normativo,<\/strong> mas dar\u00e1 ci\u00eancia ao poder competente para que o fa\u00e7a, sendo que, caso a omiss\u00e3o esteja relacionada a<strong> \u00f3rg\u00e3o administrativo<\/strong>, este dever\u00e1 adotar as provid\u00eancias dentro de<strong> 30 dias <\/strong>a partir da ci\u00eancia da decis\u00e3o, caso outro prazo n\u00e3o seja estipulado pelo STF.<\/p>\n\n\n\n<h3 class=\"wp-block-heading\" id=\"h-argui-o-de-descumprimento-de-preceito-fundamental-adpf\">Argui\u00e7\u00e3o de Descumprimento de Preceito Fundamental (ADPF)<\/h3>\n\n\n\n<p><strong>Preceitos fundamentais<\/strong> s\u00e3o os princ\u00edpios e normas consideradas <strong>essenciais <\/strong>ao ordenamento jur\u00eddico, sejam elas impl\u00edcitas ou expl\u00edcitas na Constitui\u00e7\u00e3o.<\/p>\n\n\n\n<p>Alguns exemplos de preceitos fundamentais s\u00e3o o direito \u00e0 vida, \u00e0 sa\u00fade, ao meio ambiente, os direitos e garantias individuais, entre outros.<\/p>\n\n\n\n<p>Assim, surgiu a ADPF, um mecanismo utilizado para <strong>suprir lacunas<\/strong> n\u00e3o contempladas pelas ADI e ADC. Desse modo, ela \u00e9 considerada como uma <strong>a\u00e7\u00e3o subsidi\u00e1ria<\/strong>, de <strong>car\u00e1ter residual<\/strong>, ou seja, apenas ser\u00e1 utilizada quando <strong>n\u00e3o for poss\u00edvel a utiliza\u00e7\u00e3o de qualquer outro mecanismo de controle concentrado<\/strong>.<\/p>\n\n\n\n<p>Os legitimados para propor a ADPF s\u00e3o os mesmos da ADI, sendo que ela poder\u00e1 ser utilizada para:<\/p>\n\n\n\n<ul class=\"wp-block-list\"><li>Analisar interpreta\u00e7\u00f5es judiciais que <strong>violam os preceitos fundamentais;<\/strong><\/li><li>Questionar <strong>leis e atos normativos municipais<\/strong> em face da Constitui\u00e7\u00e3o;<\/li><li>Verificar a compatibilidade de <strong>normas pr\u00e9-constitucionais<\/strong>, ou seja, para analisar se as leis editadas antes da CF\/88 s\u00e3o compat\u00edveis com a Constitui\u00e7\u00e3o <strong>atual<\/strong> (n\u00e3o utiliza ADPF para analisar leis em face de Constitui\u00e7\u00f5es passadas);<\/li><li>Analisar normas p\u00f3s-constitucionais <strong>revogadas <\/strong>ou cujos efeitos j\u00e1 est\u00e3o <strong>exauridos<\/strong>.<\/li><\/ul>\n\n\n\n<p><strong><span class=\"has-inline-color has-vivid-red-color\">FIQUE SABENDO<\/span><\/strong>: <strong>N\u00e3o cabe ADPF contra veto<\/strong> do chefe do Poder Executivo ou contra s\u00famulas vinculantes.<\/p>\n\n\n\n<p>As decis\u00f5es de ADPF s\u00e3o irrecorr\u00edveis, n\u00e3o cabendo, tamb\u00e9m, a\u00e7\u00e3o rescis\u00f3ria.<\/p>\n\n\n\n<h3 class=\"wp-block-heading\" id=\"h-a-o-direta-de-inconstitucionalidade-interventiva-adi-i\">A\u00e7\u00e3o Direta de Inconstitucionalidade Interventiva (ADI-I)<\/h3>\n\n\n\n<p>Para finalizar o nosso resumo sobre o controle de constitucionalidade para a SEFAZ-AL, iremos falar sobre a ADI-I.<\/p>\n\n\n\n<p>Esse tipo de a\u00e7\u00e3o \u00e9 utilizada quando h\u00e1 <strong>viola\u00e7\u00e3o dos direitos constitucionais sens\u00edveis<\/strong>, sendo utilizada para propor a a\u00e7\u00e3o de<strong> interven\u00e7\u00e3o federal ou estadual.<\/strong> Mas quais s\u00e3o esses princ\u00edpios? Bom, eles est\u00e3o presentes no Art. 34, inciso VII da CF\/88:<\/p>\n\n\n\n<p><em>a) forma republicana, sistema representativo e regime democr\u00e1tico;<\/em><\/p>\n\n\n\n<p><em>b) direitos da pessoa humana;<\/em><\/p>\n\n\n\n<p><em>c) autonomia municipal;<\/em><\/p>\n\n\n\n<p><em>d) presta\u00e7\u00e3o de contas da administra\u00e7\u00e3o p\u00fablica, direta e indireta;<\/em><\/p>\n\n\n\n<p><em>e) aplica\u00e7\u00e3o do m\u00ednimo exigido da receita resultante de impostos estaduais, na manuten\u00e7\u00e3o e desenvolvimento do ensino e nas a\u00e7\u00f5es e servi\u00e7os p\u00fablicos de sa\u00fade.<\/em><\/p>\n\n\n\n<p>Desse modo, quando houver a viola\u00e7\u00e3o de qualquer princ\u00edpio acima, o <strong>Procurador-Geral da Rep\u00fablica<\/strong>, <strong>\u00fanico legitimado para propor essa a\u00e7\u00e3o<\/strong>, poder\u00e1 ajuizar uma ADI-I <strong>perante o STF<\/strong>, de modo que este solicitar\u00e1 que o <strong>Presidente da Rep\u00fablica decrete <\/strong>a Interven\u00e7\u00e3o Federal no ente federativo violador.<\/p>\n\n\n\n<p>No \u00e2mbito estadual, o Procurador-Geral de Justi\u00e7a pode entrar com a ADI-I perante o Tribunal de Justi\u00e7a, o qual solicitar\u00e1 que o Governador decrete Interven\u00e7\u00e3o Estadual.<\/p>\n\n\n\n<h2 class=\"wp-block-heading\" id=\"h-finalizando\">Finalizando<\/h2>\n\n\n\n<p>Pessoal! Chegamos ao final do nosso resumo sobre Controle Concentrado de Constitucionalidade para a SEFAZ-AL.<\/p>\n\n\n\n<p>Caso queira se preparar para chegar&nbsp;<strong>competitivo&nbsp;<\/strong>nesta prova, invista nos&nbsp;<a href=\"https:\/\/www.estrategiaconcursos.com.br\/cursosPorConcurso\/sefaz-al\/\" target=\"_blank\" rel=\"noreferrer noopener\"><strong>cursos para a SEFAZ AL<\/strong><\/a>&nbsp;do&nbsp;<strong>Estrat\u00e9gia Concursos<\/strong>.&nbsp;L\u00e1 voc\u00ea encontrar\u00e1&nbsp;<strong>aulas completas e detalhadas, com os melhores professores do mercado<\/strong>,&nbsp;de todos os t\u00f3picos exigidos no edital deste concurso.<\/p>\n\n\n\n<p>Conhe\u00e7a tamb\u00e9m o&nbsp;<a href=\"https:\/\/questoes.estrategiaconcursos.com.br\/\" target=\"_blank\" rel=\"noreferrer noopener\">Sistema de Quest\u00f5es do Estrat\u00e9gia<\/a>. Afinal, a \u00fanica maneira de&nbsp;<strong>consolidar o conte\u00fado&nbsp;<\/strong>de maneira satisfat\u00f3ria \u00e9 atrav\u00e9s da&nbsp;<strong>resolu\u00e7\u00e3o de quest\u00f5es.<\/strong><\/p>\n\n\n\n<p>Bons estudos a todos!<\/p>\n\n\n\n<h2 class=\"has-text-align-center wp-block-heading\" id=\"h-cursos-e-assinaturas\">Cursos e Assinaturas<\/h2>\n\n\n\n<p>Prepare-se com o melhor material e com quem mais aprova em Concursos P\u00fablicos em todo o pa\u00eds!<\/p>\n\n\n\n<div class=\"container\" id=\"boxes\">\n  <div class=\"row\">\n    <div class=\"col-sm\">\n      <div class=\"estrategia\" id=\"box-assinatura\">\n        <h3 class=\"titulo-assinatura\">Assinatura de Concursos<\/h3>\n        <p class=\"subtitulo-assinatura\">Assinatura de 1 ano ou 2 anos<\/p>\n        <div class=\"box-botao\">\n          <a class=\"btn-assinatura\" target=\"_blank\" href=\"https:\/\/www.estrategiaconcursos.com.br\/assinaturas\/\" role=\"button\" rel=\"noopener noreferrer\">ASSINE AGORA<\/a>\n        <\/div>\n      <\/div>\n      <p class=\"texto-auxiliar\"><\/p>\n    <\/div>\n    <div class=\"col-sm\">\n      <div class=\"questoes\" id=\"box-assinatura\">\n        <h3 class=\"titulo-assinatura\">Sistema de Quest\u00f5es<\/h3>\n        <p class=\"subtitulo-assinatura\">Assinatura de 1 ano ou 2 anos\n<\/p>\n        <div class=\"box-botao\">\n          <a class=\"btn-assinatura\" target=\"_blank\" href=\"https:\/\/www.estrategiaconcursos.com.br\/cursosPorConcurso\/sistema-de-questoes\/#\/\" role=\"button\" rel=\"noopener noreferrer\">ASSINE AGORA<\/a>\n        <\/div>\n      <\/div>\n      <p class=\"texto-auxiliar\"><\/p>\n    <\/div>\n  <\/div>\n<\/div>\n\n\n\n<div class=\"container\" id=\"boxes\">\n  <div class=\"row\">\n\n    <div class=\"col-sm\" id=\"boxes-concursos\">\n      <div style=\"background-color: #005DAD;\" class=\"conteudo-concursos\" id=\"box-concursos\">\n        <h3 class=\"titulo-assinatura\">Concursos Abertos<\/h3>\n        <p class=\"subtitulo-assinatura\">mais de 15 mil vagas<\/p>\n        <div class=\"box-botao\">\n          <a class=\"btn-assinatura\" target=\"_blank\" href=\"https:\/\/www.estrategiaconcursos.com.br\/blog\/concursos-abertos\/\" role=\"button\" rel=\"noopener noreferrer\">Conhe\u00e7a Agora<\/a>\n        <\/div>\n      <\/div>\n    <\/div>\n\n    \n\n    <div class=\"col-sm\" id=\"boxes-concursos\">\n      <div style=\"background-color: #419FF0;\" class=\"conteudo-concursos\" id=\"box-concursos\">\n        <h3 class=\"titulo-assinatura\">Concursos 2021<\/h3>\n        <p class=\"subtitulo-assinatura\">mais de 17 mil vagas<\/p>\n        <div class=\"box-botao\">\n          <a class=\"btn-assinatura\" target=\"_blank\" href=\"https:\/\/www.estrategiaconcursos.com.br\/blog\/concursos-2021\/\" role=\"button\" rel=\"noopener noreferrer\">Conhe\u00e7a Agora<\/a>\n        <\/div>\n      <\/div>\n    <\/div>\n\n  <\/div>\n<\/div>\n","protected":false},"excerpt":{"rendered":"<p>Confira neste artigo um resumo sobre o&nbsp;Controle de Constitucionalidade para o concurso de Auditor Fiscal da&nbsp;SEFAZ-AL. Ol\u00e1, pessoal! Tudo bem com voc\u00eas? O concurso de Auditor Fiscal da&nbsp;SEFAZ AL est\u00e1 mais do que nunca. Como anda a sua prepara\u00e7\u00e3o? De modo a auxili\u00e1-los no estudo para este certame, preparamos um resumo sobre um importante t\u00f3pico [&hellip;]<\/p>\n","protected":false},"author":1976,"featured_media":854131,"comment_status":"open","ping_status":"closed","sticky":false,"template":"","format":"standard","meta":{"post_tipo":"article","footnotes":""},"categories":[1,1983],"tags":[],"tax_estado":[219965],"class_list":["post-854120","post","type-post","status-publish","format-standard","has-post-thumbnail","hentry","category-cursos-e-concursos","category-fiscal-estadual","tax_estado-al"],"acf":[],"yoast_head":"<!-- This site is optimized with the Yoast SEO Premium plugin v27.2 (Yoast SEO v27.2) - https:\/\/yoast.com\/product\/yoast-seo-premium-wordpress\/ -->\n<title>Resumo sobre o Controle de Constitucionalidade para a SEFAZ-AL<\/title>\n<meta name=\"description\" content=\"Confira neste artigo um resumo sobre o\u00a0Controle de Constitucionalidade para o concurso de Auditor Fiscal Estadual da\u00a0SEFAZ-AL.\" \/>\n<meta name=\"robots\" content=\"index, follow, max-snippet:-1, max-image-preview:large, max-video-preview:-1\" \/>\n<link rel=\"canonical\" href=\"https:\/\/www.estrategiaconcursos.com.br\/blog\/resumo-controle-constitucionalidade\/\" \/>\n<meta property=\"og:locale\" content=\"pt_BR\" \/>\n<meta property=\"og:type\" content=\"article\" \/>\n<meta property=\"og:title\" content=\"Resumo sobre o Controle de Constitucionalidade para a SEFAZ-AL\" \/>\n<meta property=\"og:description\" content=\"Confira neste artigo um resumo sobre o\u00a0Controle de Constitucionalidade para o concurso de Auditor Fiscal Estadual da\u00a0SEFAZ-AL.\" \/>\n<meta property=\"og:url\" content=\"https:\/\/www.estrategiaconcursos.com.br\/blog\/resumo-controle-constitucionalidade\/\" \/>\n<meta property=\"og:site_name\" content=\"Estrat\u00e9gia Concursos\" \/>\n<meta property=\"article:published_time\" content=\"2021-09-13T16:41:23+00:00\" \/>\n<meta property=\"article:modified_time\" content=\"2021-09-13T16:41:25+00:00\" \/>\n<meta property=\"og:image\" content=\"https:\/\/dhg1h5j42swfq.cloudfront.net\/2021\/09\/04103402\/controle-const.png\" \/>\n\t<meta property=\"og:image:width\" content=\"447\" \/>\n\t<meta property=\"og:image:height\" content=\"268\" \/>\n\t<meta property=\"og:image:type\" content=\"image\/png\" \/>\n<meta name=\"author\" content=\"Kassio Henrique Sobral Rocha\" \/>\n<meta name=\"twitter:card\" content=\"summary_large_image\" \/>\n<meta name=\"twitter:creator\" content=\"@EstratConcursos\" \/>\n<meta name=\"twitter:site\" content=\"@EstratConcursos\" \/>\n<meta name=\"twitter:label1\" content=\"Escrito por\" \/>\n\t<meta name=\"twitter:data1\" content=\"Kassio Henrique Sobral Rocha\" \/>\n\t<meta name=\"twitter:label2\" content=\"Est. tempo de leitura\" \/>\n\t<meta name=\"twitter:data2\" content=\"9 minutos\" \/>\n<script type=\"application\/ld+json\" class=\"yoast-schema-graph\">{\"@context\":\"https:\/\/schema.org\",\"@graph\":[{\"@type\":\"NewsArticle\",\"@id\":\"https:\/\/www.estrategiaconcursos.com.br\/blog\/resumo-controle-constitucionalidade\/#article\",\"isPartOf\":{\"@id\":\"https:\/\/www.estrategiaconcursos.com.br\/blog\/resumo-controle-constitucionalidade\/\"},\"author\":{\"name\":\"Kassio Henrique Sobral Rocha\",\"@id\":\"https:\/\/www.estrategiaconcursos.com.br\/blog\/#\/schema\/person\/f0c830e07cfe11c231c0ea5dbb036df5\"},\"headline\":\"Resumo sobre o Controle de Constitucionalidade para a SEFAZ-AL\",\"datePublished\":\"2021-09-13T16:41:23+00:00\",\"dateModified\":\"2021-09-13T16:41:25+00:00\",\"mainEntityOfPage\":{\"@id\":\"https:\/\/www.estrategiaconcursos.com.br\/blog\/resumo-controle-constitucionalidade\/\"},\"wordCount\":2162,\"commentCount\":0,\"publisher\":{\"@id\":\"https:\/\/www.estrategiaconcursos.com.br\/blog\/#organization\"},\"image\":{\"@id\":\"https:\/\/www.estrategiaconcursos.com.br\/blog\/resumo-controle-constitucionalidade\/#primaryimage\"},\"thumbnailUrl\":\"https:\/\/dhg1h5j42swfq.cloudfront.net\/2021\/09\/04103402\/controle-const.png\",\"articleSection\":[\"Concursos P\u00fablicos\",\"Fiscal - Estadual (ICMS)\"],\"inLanguage\":\"pt-BR\",\"potentialAction\":[{\"@type\":\"CommentAction\",\"name\":\"Comment\",\"target\":[\"https:\/\/www.estrategiaconcursos.com.br\/blog\/resumo-controle-constitucionalidade\/#respond\"]}],\"copyrightYear\":\"2021\",\"copyrightHolder\":{\"@id\":\"https:\/\/www.estrategiaconcursos.com.br\/blog\/#organization\"}},{\"@type\":\"WebPage\",\"@id\":\"https:\/\/www.estrategiaconcursos.com.br\/blog\/resumo-controle-constitucionalidade\/\",\"url\":\"https:\/\/www.estrategiaconcursos.com.br\/blog\/resumo-controle-constitucionalidade\/\",\"name\":\"Resumo sobre o Controle de Constitucionalidade para a SEFAZ-AL\",\"isPartOf\":{\"@id\":\"https:\/\/www.estrategiaconcursos.com.br\/blog\/#website\"},\"primaryImageOfPage\":{\"@id\":\"https:\/\/www.estrategiaconcursos.com.br\/blog\/resumo-controle-constitucionalidade\/#primaryimage\"},\"image\":{\"@id\":\"https:\/\/www.estrategiaconcursos.com.br\/blog\/resumo-controle-constitucionalidade\/#primaryimage\"},\"thumbnailUrl\":\"https:\/\/dhg1h5j42swfq.cloudfront.net\/2021\/09\/04103402\/controle-const.png\",\"datePublished\":\"2021-09-13T16:41:23+00:00\",\"dateModified\":\"2021-09-13T16:41:25+00:00\",\"description\":\"Confira neste artigo um resumo sobre o\u00a0Controle de Constitucionalidade para o concurso de Auditor Fiscal Estadual da\u00a0SEFAZ-AL.\",\"breadcrumb\":{\"@id\":\"https:\/\/www.estrategiaconcursos.com.br\/blog\/resumo-controle-constitucionalidade\/#breadcrumb\"},\"inLanguage\":\"pt-BR\",\"potentialAction\":[{\"@type\":\"ReadAction\",\"target\":[\"https:\/\/www.estrategiaconcursos.com.br\/blog\/resumo-controle-constitucionalidade\/\"]}]},{\"@type\":\"ImageObject\",\"inLanguage\":\"pt-BR\",\"@id\":\"https:\/\/www.estrategiaconcursos.com.br\/blog\/resumo-controle-constitucionalidade\/#primaryimage\",\"url\":\"https:\/\/dhg1h5j42swfq.cloudfront.net\/2021\/09\/04103402\/controle-const.png\",\"contentUrl\":\"https:\/\/dhg1h5j42swfq.cloudfront.net\/2021\/09\/04103402\/controle-const.png\",\"width\":447,\"height\":268,\"caption\":\"controle de constitucionalidade\"},{\"@type\":\"BreadcrumbList\",\"@id\":\"https:\/\/www.estrategiaconcursos.com.br\/blog\/resumo-controle-constitucionalidade\/#breadcrumb\",\"itemListElement\":[{\"@type\":\"ListItem\",\"position\":1,\"name\":\"In\u00edcio\",\"item\":\"https:\/\/www.estrategiaconcursos.com.br\/blog\/\"},{\"@type\":\"ListItem\",\"position\":2,\"name\":\"Resumo sobre o Controle de Constitucionalidade para a SEFAZ-AL\"}]},{\"@type\":\"WebSite\",\"@id\":\"https:\/\/www.estrategiaconcursos.com.br\/blog\/#website\",\"url\":\"https:\/\/www.estrategiaconcursos.com.br\/blog\/\",\"name\":\"Estrat\u00e9gia Concursos\",\"description\":\"O blog da Estrat\u00e9gia Concursos traz not\u00edcias sobre concursos e artigos de professores oferecendo cursos para concursos (pdf + videaulas) no site.\",\"publisher\":{\"@id\":\"https:\/\/www.estrategiaconcursos.com.br\/blog\/#organization\"},\"potentialAction\":[{\"@type\":\"SearchAction\",\"target\":{\"@type\":\"EntryPoint\",\"urlTemplate\":\"https:\/\/www.estrategiaconcursos.com.br\/blog\/?s={search_term_string}\"},\"query-input\":{\"@type\":\"PropertyValueSpecification\",\"valueRequired\":true,\"valueName\":\"search_term_string\"}}],\"inLanguage\":\"pt-BR\"},{\"@type\":\"Organization\",\"@id\":\"https:\/\/www.estrategiaconcursos.com.br\/blog\/#organization\",\"name\":\"Estrat\u00e9gia Concursos\",\"url\":\"https:\/\/www.estrategiaconcursos.com.br\/blog\/\",\"logo\":{\"@type\":\"ImageObject\",\"inLanguage\":\"pt-BR\",\"@id\":\"https:\/\/www.estrategiaconcursos.com.br\/blog\/#\/schema\/logo\/image\/\",\"url\":\"https:\/\/dhg1h5j42swfq.cloudfront.net\/2025\/06\/03203428\/logo_concursos-1.jpg\",\"contentUrl\":\"https:\/\/dhg1h5j42swfq.cloudfront.net\/2025\/06\/03203428\/logo_concursos-1.jpg\",\"width\":230,\"height\":60,\"caption\":\"Estrat\u00e9gia Concursos\"},\"image\":{\"@id\":\"https:\/\/www.estrategiaconcursos.com.br\/blog\/#\/schema\/logo\/image\/\"},\"sameAs\":[\"https:\/\/x.com\/EstratConcursos\"]},{\"@type\":\"Person\",\"@id\":\"https:\/\/www.estrategiaconcursos.com.br\/blog\/#\/schema\/person\/f0c830e07cfe11c231c0ea5dbb036df5\",\"name\":\"Kassio Henrique Sobral Rocha\",\"image\":{\"@type\":\"ImageObject\",\"inLanguage\":\"pt-BR\",\"@id\":\"https:\/\/secure.gravatar.com\/avatar\/d10350cbdad043facd8ec77a377f86f9026afee3348e463b04854fd4490ce759?s=96&d=mm&r=g\",\"url\":\"https:\/\/secure.gravatar.com\/avatar\/d10350cbdad043facd8ec77a377f86f9026afee3348e463b04854fd4490ce759?s=96&d=mm&r=g\",\"contentUrl\":\"https:\/\/secure.gravatar.com\/avatar\/d10350cbdad043facd8ec77a377f86f9026afee3348e463b04854fd4490ce759?s=96&d=mm&r=g\",\"caption\":\"Kassio Henrique Sobral Rocha\"},\"url\":\"https:\/\/www.estrategiaconcursos.com.br\/blog\/author\/kassio-rochayahoo-com-br\/\"}]}<\/script>\n<!-- \/ Yoast SEO Premium plugin. -->","yoast_head_json":{"title":"Resumo sobre o Controle de Constitucionalidade para a SEFAZ-AL","description":"Confira neste artigo um resumo sobre o\u00a0Controle de Constitucionalidade para o concurso de Auditor Fiscal Estadual da\u00a0SEFAZ-AL.","robots":{"index":"index","follow":"follow","max-snippet":"max-snippet:-1","max-image-preview":"max-image-preview:large","max-video-preview":"max-video-preview:-1"},"canonical":"https:\/\/www.estrategiaconcursos.com.br\/blog\/resumo-controle-constitucionalidade\/","og_locale":"pt_BR","og_type":"article","og_title":"Resumo sobre o Controle de Constitucionalidade para a SEFAZ-AL","og_description":"Confira neste artigo um resumo sobre o\u00a0Controle de Constitucionalidade para o concurso de Auditor Fiscal Estadual da\u00a0SEFAZ-AL.","og_url":"https:\/\/www.estrategiaconcursos.com.br\/blog\/resumo-controle-constitucionalidade\/","og_site_name":"Estrat\u00e9gia Concursos","article_published_time":"2021-09-13T16:41:23+00:00","article_modified_time":"2021-09-13T16:41:25+00:00","og_image":[{"width":447,"height":268,"url":"https:\/\/dhg1h5j42swfq.cloudfront.net\/2021\/09\/04103402\/controle-const.png","type":"image\/png"}],"author":"Kassio Henrique Sobral Rocha","twitter_card":"summary_large_image","twitter_creator":"@EstratConcursos","twitter_site":"@EstratConcursos","twitter_misc":{"Escrito por":"Kassio Henrique Sobral Rocha","Est. tempo de leitura":"9 minutos"},"schema":{"@context":"https:\/\/schema.org","@graph":[{"@type":"NewsArticle","@id":"https:\/\/www.estrategiaconcursos.com.br\/blog\/resumo-controle-constitucionalidade\/#article","isPartOf":{"@id":"https:\/\/www.estrategiaconcursos.com.br\/blog\/resumo-controle-constitucionalidade\/"},"author":{"name":"Kassio Henrique Sobral Rocha","@id":"https:\/\/www.estrategiaconcursos.com.br\/blog\/#\/schema\/person\/f0c830e07cfe11c231c0ea5dbb036df5"},"headline":"Resumo sobre o Controle de Constitucionalidade para a SEFAZ-AL","datePublished":"2021-09-13T16:41:23+00:00","dateModified":"2021-09-13T16:41:25+00:00","mainEntityOfPage":{"@id":"https:\/\/www.estrategiaconcursos.com.br\/blog\/resumo-controle-constitucionalidade\/"},"wordCount":2162,"commentCount":0,"publisher":{"@id":"https:\/\/www.estrategiaconcursos.com.br\/blog\/#organization"},"image":{"@id":"https:\/\/www.estrategiaconcursos.com.br\/blog\/resumo-controle-constitucionalidade\/#primaryimage"},"thumbnailUrl":"https:\/\/dhg1h5j42swfq.cloudfront.net\/2021\/09\/04103402\/controle-const.png","articleSection":["Concursos P\u00fablicos","Fiscal - Estadual (ICMS)"],"inLanguage":"pt-BR","potentialAction":[{"@type":"CommentAction","name":"Comment","target":["https:\/\/www.estrategiaconcursos.com.br\/blog\/resumo-controle-constitucionalidade\/#respond"]}],"copyrightYear":"2021","copyrightHolder":{"@id":"https:\/\/www.estrategiaconcursos.com.br\/blog\/#organization"}},{"@type":"WebPage","@id":"https:\/\/www.estrategiaconcursos.com.br\/blog\/resumo-controle-constitucionalidade\/","url":"https:\/\/www.estrategiaconcursos.com.br\/blog\/resumo-controle-constitucionalidade\/","name":"Resumo sobre o Controle de Constitucionalidade para a SEFAZ-AL","isPartOf":{"@id":"https:\/\/www.estrategiaconcursos.com.br\/blog\/#website"},"primaryImageOfPage":{"@id":"https:\/\/www.estrategiaconcursos.com.br\/blog\/resumo-controle-constitucionalidade\/#primaryimage"},"image":{"@id":"https:\/\/www.estrategiaconcursos.com.br\/blog\/resumo-controle-constitucionalidade\/#primaryimage"},"thumbnailUrl":"https:\/\/dhg1h5j42swfq.cloudfront.net\/2021\/09\/04103402\/controle-const.png","datePublished":"2021-09-13T16:41:23+00:00","dateModified":"2021-09-13T16:41:25+00:00","description":"Confira neste artigo um resumo sobre o\u00a0Controle de Constitucionalidade para o concurso de Auditor Fiscal Estadual da\u00a0SEFAZ-AL.","breadcrumb":{"@id":"https:\/\/www.estrategiaconcursos.com.br\/blog\/resumo-controle-constitucionalidade\/#breadcrumb"},"inLanguage":"pt-BR","potentialAction":[{"@type":"ReadAction","target":["https:\/\/www.estrategiaconcursos.com.br\/blog\/resumo-controle-constitucionalidade\/"]}]},{"@type":"ImageObject","inLanguage":"pt-BR","@id":"https:\/\/www.estrategiaconcursos.com.br\/blog\/resumo-controle-constitucionalidade\/#primaryimage","url":"https:\/\/dhg1h5j42swfq.cloudfront.net\/2021\/09\/04103402\/controle-const.png","contentUrl":"https:\/\/dhg1h5j42swfq.cloudfront.net\/2021\/09\/04103402\/controle-const.png","width":447,"height":268,"caption":"controle de constitucionalidade"},{"@type":"BreadcrumbList","@id":"https:\/\/www.estrategiaconcursos.com.br\/blog\/resumo-controle-constitucionalidade\/#breadcrumb","itemListElement":[{"@type":"ListItem","position":1,"name":"In\u00edcio","item":"https:\/\/www.estrategiaconcursos.com.br\/blog\/"},{"@type":"ListItem","position":2,"name":"Resumo sobre o Controle de Constitucionalidade para a SEFAZ-AL"}]},{"@type":"WebSite","@id":"https:\/\/www.estrategiaconcursos.com.br\/blog\/#website","url":"https:\/\/www.estrategiaconcursos.com.br\/blog\/","name":"Estrat\u00e9gia Concursos","description":"O blog da Estrat\u00e9gia Concursos traz not\u00edcias sobre concursos e artigos de professores oferecendo cursos para concursos (pdf + videaulas) no site.","publisher":{"@id":"https:\/\/www.estrategiaconcursos.com.br\/blog\/#organization"},"potentialAction":[{"@type":"SearchAction","target":{"@type":"EntryPoint","urlTemplate":"https:\/\/www.estrategiaconcursos.com.br\/blog\/?s={search_term_string}"},"query-input":{"@type":"PropertyValueSpecification","valueRequired":true,"valueName":"search_term_string"}}],"inLanguage":"pt-BR"},{"@type":"Organization","@id":"https:\/\/www.estrategiaconcursos.com.br\/blog\/#organization","name":"Estrat\u00e9gia Concursos","url":"https:\/\/www.estrategiaconcursos.com.br\/blog\/","logo":{"@type":"ImageObject","inLanguage":"pt-BR","@id":"https:\/\/www.estrategiaconcursos.com.br\/blog\/#\/schema\/logo\/image\/","url":"https:\/\/dhg1h5j42swfq.cloudfront.net\/2025\/06\/03203428\/logo_concursos-1.jpg","contentUrl":"https:\/\/dhg1h5j42swfq.cloudfront.net\/2025\/06\/03203428\/logo_concursos-1.jpg","width":230,"height":60,"caption":"Estrat\u00e9gia Concursos"},"image":{"@id":"https:\/\/www.estrategiaconcursos.com.br\/blog\/#\/schema\/logo\/image\/"},"sameAs":["https:\/\/x.com\/EstratConcursos"]},{"@type":"Person","@id":"https:\/\/www.estrategiaconcursos.com.br\/blog\/#\/schema\/person\/f0c830e07cfe11c231c0ea5dbb036df5","name":"Kassio Henrique Sobral Rocha","image":{"@type":"ImageObject","inLanguage":"pt-BR","@id":"https:\/\/secure.gravatar.com\/avatar\/d10350cbdad043facd8ec77a377f86f9026afee3348e463b04854fd4490ce759?s=96&d=mm&r=g","url":"https:\/\/secure.gravatar.com\/avatar\/d10350cbdad043facd8ec77a377f86f9026afee3348e463b04854fd4490ce759?s=96&d=mm&r=g","contentUrl":"https:\/\/secure.gravatar.com\/avatar\/d10350cbdad043facd8ec77a377f86f9026afee3348e463b04854fd4490ce759?s=96&d=mm&r=g","caption":"Kassio Henrique Sobral Rocha"},"url":"https:\/\/www.estrategiaconcursos.com.br\/blog\/author\/kassio-rochayahoo-com-br\/"}]}},"_links":{"self":[{"href":"https:\/\/www.estrategiaconcursos.com.br\/blog\/wp-json\/wp\/v2\/posts\/854120","targetHints":{"allow":["GET"]}}],"collection":[{"href":"https:\/\/www.estrategiaconcursos.com.br\/blog\/wp-json\/wp\/v2\/posts"}],"about":[{"href":"https:\/\/www.estrategiaconcursos.com.br\/blog\/wp-json\/wp\/v2\/types\/post"}],"author":[{"embeddable":true,"href":"https:\/\/www.estrategiaconcursos.com.br\/blog\/wp-json\/wp\/v2\/users\/1976"}],"replies":[{"embeddable":true,"href":"https:\/\/www.estrategiaconcursos.com.br\/blog\/wp-json\/wp\/v2\/comments?post=854120"}],"version-history":[{"count":47,"href":"https:\/\/www.estrategiaconcursos.com.br\/blog\/wp-json\/wp\/v2\/posts\/854120\/revisions"}],"predecessor-version":[{"id":859887,"href":"https:\/\/www.estrategiaconcursos.com.br\/blog\/wp-json\/wp\/v2\/posts\/854120\/revisions\/859887"}],"wp:featuredmedia":[{"embeddable":true,"href":"https:\/\/www.estrategiaconcursos.com.br\/blog\/wp-json\/wp\/v2\/media\/854131"}],"wp:attachment":[{"href":"https:\/\/www.estrategiaconcursos.com.br\/blog\/wp-json\/wp\/v2\/media?parent=854120"}],"wp:term":[{"taxonomy":"category","embeddable":true,"href":"https:\/\/www.estrategiaconcursos.com.br\/blog\/wp-json\/wp\/v2\/categories?post=854120"},{"taxonomy":"post_tag","embeddable":true,"href":"https:\/\/www.estrategiaconcursos.com.br\/blog\/wp-json\/wp\/v2\/tags?post=854120"},{"taxonomy":"tax_estado","embeddable":true,"href":"https:\/\/www.estrategiaconcursos.com.br\/blog\/wp-json\/wp\/v2\/tax_estado?post=854120"}],"curies":[{"name":"wp","href":"https:\/\/api.w.org\/{rel}","templated":true}]}}