{"id":853684,"date":"2021-09-03T16:43:19","date_gmt":"2021-09-03T19:43:19","guid":{"rendered":"https:\/\/www.estrategiaconcursos.com.br\/blog\/?p=853684"},"modified":"2021-09-03T18:24:11","modified_gmt":"2021-09-03T21:24:11","slug":"concurso-pcdf-justica-nega-suspensao","status":"publish","type":"post","link":"https:\/\/www.estrategiaconcursos.com.br\/blog\/concurso-pcdf-justica-nega-suspensao\/","title":{"rendered":"Concurso PCDF: justi\u00e7a indefere pedido de suspens\u00e3o! Confira!"},"content":{"rendered":"\n<p>Aten\u00e7\u00e3o, candidatos do<strong> concurso PCDF<\/strong>: ap\u00f3s suposto vazamento das provas aplicadas nos dias 21 e 22 de agosto, a justi\u00e7a do DF indeferiu o pedido de suspens\u00e3o protocolado por meio de uma A\u00e7\u00e3o Popular (AP). Para acessar o documento na \u00edntegra clique abaixo:<\/p>\n\n\n\n<p class=\"has-text-align-center has-black-color has-cyan-bluish-gray-background-color has-text-color has-background\" style=\"font-size:clamp(14px, 0.875rem + ((1vw - 3.2px) * 0.392), 18px);\"><strong><a href=\"https:\/\/pje.tjdft.jus.br\/consultapublica\/ConsultaPublica\/DetalheProcessoConsultaPublica\/documentoSemLoginHTML.seam?ca=4fe4de5d08c8138a426c9999088fcd781d7d1681c542f20b17bb4bd6870d051cd53c83829ea988b5bdb5bd7e25401d01cb82229d8cd23363&amp;idProcessoDoc=101768734\" target=\"_blank\" rel=\"noreferrer noopener\">Decis\u00e3o &#8211; Indeferimento do pedido de suspens\u00e3o<\/a><\/strong><\/p>\n\n\n\n<p>A justificativa contida na AP foi de que os candidatos compartilharam as fotos do caderno de provas na internet e sequer foram impedidos\/comunicados de n\u00e3o ingressarem na sala de aplica\u00e7\u00e3o do exame com aparelhos eletr\u00f4nicos. Al\u00e9m disso, na AP frisou-se que a Pol\u00edcia Civil do DF j\u00e1 investiga tais a\u00e7\u00f5es.<\/p>\n\n\n\n<p>Entretanto, a justi\u00e7a do DF entendeu que as alega\u00e7\u00f5es trazidas na AP n\u00e3o s\u00e3o suficientes para que o concurso da PCDF seja suspenso. Veja abaixo parte da decis\u00e3o:<\/p>\n\n\n\n<blockquote class=\"wp-block-quote is-layout-flow wp-block-quote-is-layout-flow\"><p><em>&#8220;Em rela\u00e7\u00e3o \u00e0 alega\u00e7\u00e3o de que um candidato conseguiu ingressar na sala de provas com celular e divulgou fotos do caderno de quest\u00f5es, tal fato, para al\u00e9m de n\u00e3o se encontrar minimamente demonstrado, tamb\u00e9m n\u00e3o justifica a suspens\u00e3o do certame, em princ\u00edpio, fazendo-se necess\u00e1rio averiguar (al\u00e9m da identifica\u00e7\u00e3o desse candidato) se essa divulga\u00e7\u00e3o beneficiou o candidato que tirou as fotos e se beneficiou terceiros.<\/em><\/p><p><em>Nesse quadro, n\u00e3o h\u00e1 por enquanto elementos consistentes que retirem a confiabilidade das provas de conhecimentos, mas apenas reclama\u00e7\u00f5es apresentadas por alguns candidatos.<\/em><\/p><p><em>Vale destacar que o atraso gerado pela suspens\u00e3o de concurso p\u00fablico tem efeitos delet\u00e9rios n\u00e3o apenas para os concorrentes aprovados nas fases j\u00e1 realizadas, mas tamb\u00e9m para a pr\u00f3pria Administra\u00e7\u00e3o, que se v\u00ea impedida de nomear mais rapidamente os aprovados.<\/em><\/p><p><em>Em vista disso, a mera suspeita apresentada pelo requerente n\u00e3o pode ser considerada relevante para fins de deferimento da medida de urg\u00eancia pleiteada.&#8221;<\/em><\/p><\/blockquote>\n\n\n\n<p>Quanto \u00e0 Pol\u00edcia Civil do DF estar investigando a poss\u00edvel fraude do certame, a justi\u00e7a do DF afirma que ainda n\u00e3o houve qualquer informa\u00e7\u00e3o para comprova\u00e7\u00e3o do fato:<\/p>\n\n\n\n<blockquote class=\"wp-block-quote is-layout-flow wp-block-quote-is-layout-flow\"><p><em>&#8220;Em rela\u00e7\u00e3o \u00e0 alega\u00e7\u00e3o de que a PCDF estaria investigando poss\u00edvel fraude cometida no concurso, n\u00e3o h\u00e1 qualquer informa\u00e7\u00e3o oficial, por enquanto, que corrobore essa assertiva. Certamente no curso do processo, se for o caso, haver\u00e1 esclarecimento sobre a exist\u00eancia de alguma investiga\u00e7\u00e3o, qual o seu objetivo e, se for o caso, o atual est\u00e1gio em que se encontra.<\/em><\/p><p><em>Al\u00e9m disso, o autor alega como evid\u00eancia de fraude o fato de que em 23\/8\/2021 foi divulgado um gabarito preliminar com as respostas das quest\u00f5es. Ora, se houve efetivamente essa divulga\u00e7\u00e3o, isso n\u00e3o anula o certame, em princ\u00edpio, porque a prova foi aplicada no dia 22\/8\/2021. <\/em><\/p><p><em>A divulga\u00e7\u00e3o de um gabarito antes da disponibiliza\u00e7\u00e3o do gabarito oficial pela banca, em princ\u00edpio, n\u00e3o tem maior relev\u00e2ncia, pois o que interessa \u00e9 que seja mantido em sigilo o caderno de quest\u00f5es antes da aplica\u00e7\u00e3o das provas de conhecimentos&#8221;.<\/em><\/p><\/blockquote>\n\n\n\n<p>Com as provas devidamente aplicadas, j\u00e1 est\u00e3o dispon\u00edveis as consultas dos gabaritos preliminares dos cargos de&nbsp;<a href=\"https:\/\/security.cebraspe.org.br\/PC_DF_19_ESCRIVAO\/Recursos\/Objetiva\/GabaritoPreliminar_FD48-9118-4FC2-4112\/\" target=\"_blank\" rel=\"noreferrer noopener\">Escriv\u00e3o<\/a>&nbsp;e&nbsp;<a href=\"https:\/\/security.cebraspe.org.br\/PC_DF_20_AGENTE\/Recursos\/Objetiva\/GabaritoPreliminar_156B-DA38-D721-4362\" target=\"_blank\" rel=\"noreferrer noopener\">Agente<\/a>&nbsp;do&nbsp;<strong>concurso PCDF<\/strong>&nbsp;em andamento. Ap\u00f3s uma longa espera por parte dos candidatos, os exames foram realizados nos dias 21 e 22 de agosto.<\/p>\n\n\n\n<p>O edital da Pol\u00edcia Civil do Distrito Federal oferta o total de 2.100 vagas. Destas,&nbsp;<strong>1.800 s\u00e3o para Agente e 300 para Escriv\u00e3o<\/strong>.&nbsp;Sob organiza\u00e7\u00e3o do Cebraspe, foram registrados 88.894 inscritos para o cargo de&nbsp;<a href=\"https:\/\/cdn.cebraspe.org.br\/concursos\/PC_DF_20_AGENTE\/arquivos\/PC_DF_20_AGENTE___DEMANDA_CANDIDATOS_POR_VAGA___2021.PDF\" target=\"_blank\" rel=\"noreferrer noopener\">Agente<\/a>&nbsp;e 52.636 para&nbsp;<a href=\"https:\/\/cdn.cebraspe.org.br\/concursos\/PC_DF_19_ESCRIVAO\/arquivos\/PC_DF_19_ESCRIVAO___DEMANDA_CANDIDATOS_POR_VAGA.PDF\" target=\"_blank\" rel=\"noreferrer noopener\">Escriv\u00e3o<\/a>.<\/p>\n\n\n\n<p class=\"has-text-align-center\"><strong>Para mais informa\u00e7\u00f5es sobre o concurso PCDF, bem como da justi\u00e7a ter negado o pedido de suspens\u00e3o do certame, acesse nosso artigo exclusivo abaixo:<\/strong><\/p>\n\n\n\n<h2 class=\"has-text-align-center has-pale-cyan-blue-background-color has-background has-medium-font-size wp-block-heading\" id=\"h-saiba-mais-concurso-pcdf\"><span class=\"has-inline-color has-black-color\">Saiba mais:<\/span> <a href=\"https:\/\/www.estrategiaconcursos.com.br\/blog\/concurso-pcdf\/\" target=\"_blank\" rel=\"noreferrer noopener\">Concurso PCDF<\/a><\/h2>\n\n\n\n<hr class=\"wp-block-separator\"\/>\n\n\n\n<div class=\"container\" id=\"boxes\">\n  <div class=\"row\"> \n\n    <div class=\"col-sm\">\n      <div class=\"banner-policial\" id=\"box-assinatura\">\n        <h3 class=\"titulo-assinatura\">Concurso PCDF<\/h3>\n        <p class=\"subtitulo-assinatura\">Conhe\u00e7a os cursos<\/p>\n        <div class=\"box-botao\">\n          <a class=\"btn-assinatura\" target=\"_blank\" href=\"https:\/\/www.estrategiaconcursos.com.br\/cursosPorConcurso\/policia-civil-do-distrito-federal-pc-df\/\/\" role=\"button\" rel=\"noopener noreferrer\">Conhe\u00e7a mais<\/a>\n        <\/div>\n      <\/div>\n     \n\n  <\/div>\n<\/div><\/div>\n\n\n\n<div class=\"container\" id=\"boxes\">\n  <div class=\"row\">\n\n    <div class=\"col-sm\">\n      <div class=\"estrategia\" id=\"box-assinatura\">\n        <h3 class=\"titulo-assinatura\">Assinatura de Concursos<\/h3>\n        <p class=\"subtitulo-assinatura\">Assinatura de 1 ano ou 2 anos<\/p>\n        <div class=\"box-botao\">\n          <a class=\"btn-assinatura\" target=\"_blank\" href=\"https:\/\/www.estrategiaconcursos.com.br\/assinaturas\/\" role=\"button\" rel=\"noopener noreferrer\">ASSINE AGORA<\/a>\n        <\/div>\n      <\/div>\n     \n    <\/div><\/div><\/div>\n\n\n\n<div class=\"container\" id=\"boxes\">\n  <div class=\"row\">\n\n    <div class=\"col-sm\" id=\"boxes-concursos\">\n      <div style=\"background-color: #005DAD;\" class=\"conteudo-concursos\" id=\"box-concursos\">\n        <h3 class=\"titulo-assinatura\">Concursos Abertos<\/h3>\n        <p class=\"subtitulo-assinatura\">Os editais publicados<\/p>\n        <div class=\"box-botao\">\n          <a class=\"btn-assinatura\" target=\"_blank\" href=\"https:\/\/www.estrategiaconcursos.com.br\/blog\/concursos-abertos\/\" role=\"button\" rel=\"noopener noreferrer\">Conhe\u00e7a Agora<\/a>\n        <\/div>\n      <\/div>\n    <\/div>\n\n    <div class=\"col-sm\" id=\"boxes-concursos\">\n      <div style=\"background-color: #1A7ED5;\" class=\"conteudo-concursos\" id=\"box-concursos\">\n        <h3 class=\"titulo-assinatura\">Concursos 2021<\/h3>\n        <p class=\"subtitulo-assinatura\">As oportunidades previstas<\/p>\n        <div class=\"box-botao\">\n          <a class=\"btn-assinatura\" target=\"_blank\" href=\"https:\/\/www.estrategiaconcursos.com.br\/blog\/concursos-2021\/\" role=\"button\" rel=\"noopener noreferrer\">Conhe\u00e7a Agora<\/a>\n        <\/div>\n      <\/div>\n    <\/div>\n\n    <div class=\"col-sm\" id=\"boxes-concursos\">\n      <div style=\"background-color: #419FF0;\" class=\"conteudo-concursos\" id=\"box-concursos\">\n        <h3 class=\"titulo-assinatura\">Concursos 2022<\/h3>\n        <p class=\"subtitulo-assinatura\">Vagas para o pr\u00f3ximo ano<\/p>\n        <div class=\"box-botao\">\n          <a class=\"btn-assinatura\" target=\"_blank\" href=\"https:\/\/www.estrategiaconcursos.com.br\/blog\/concursos-2022\/\" role=\"button\" rel=\"noopener noreferrer\">Conhe\u00e7a Agora<\/a>\n        <\/div>\n      <\/div>\n    <\/div>\n\n  <\/div>\n<\/div>\n","protected":false},"excerpt":{"rendered":"<p>Aten\u00e7\u00e3o, candidatos do concurso PCDF: ap\u00f3s suposto vazamento das provas aplicadas nos dias 21 e 22 de agosto, a justi\u00e7a do DF indeferiu o pedido de suspens\u00e3o protocolado por meio de uma A\u00e7\u00e3o Popular (AP). Para acessar o documento na \u00edntegra clique abaixo: Decis\u00e3o &#8211; Indeferimento do pedido de suspens\u00e3o A justificativa contida na AP [&hellip;]<\/p>\n","protected":false},"author":1,"featured_media":845205,"comment_status":"open","ping_status":"closed","sticky":false,"template":"","format":"standard","meta":{"post_tipo":"news","footnotes":""},"categories":[1988,220219],"tags":[],"tax_estado":[219970],"class_list":["post-853684","post","type-post","status-publish","format-standard","has-post-thumbnail","hentry","category-policia","category-noticias","tax_estado-df"],"acf":[],"yoast_head":"<!-- This site is optimized with the Yoast SEO Premium plugin v27.2 (Yoast SEO v27.2) - https:\/\/yoast.com\/product\/yoast-seo-premium-wordpress\/ -->\n<title>Concurso PCDF: justi\u00e7a indefere pedido de suspens\u00e3o! Confira!<\/title>\n<meta name=\"description\" content=\"Aten\u00e7\u00e3o, candidatos! A justi\u00e7a do DF indeferiu o pedido de suspens\u00e3o por meio de uma AP do concurso PCDF, ap\u00f3s suposto vazamento das provas!\" \/>\n<meta name=\"robots\" content=\"index, follow, max-snippet:-1, max-image-preview:large, max-video-preview:-1\" \/>\n<link rel=\"canonical\" href=\"https:\/\/www.estrategiaconcursos.com.br\/blog\/concurso-pcdf-justica-nega-suspensao\/\" \/>\n<meta property=\"og:locale\" content=\"pt_BR\" \/>\n<meta property=\"og:type\" content=\"article\" \/>\n<meta property=\"og:title\" content=\"Concurso PCDF: justi\u00e7a indefere pedido de suspens\u00e3o! Confira!\" \/>\n<meta property=\"og:description\" content=\"Aten\u00e7\u00e3o, candidatos! A justi\u00e7a do DF indeferiu o pedido de suspens\u00e3o por meio de uma AP do concurso PCDF, ap\u00f3s suposto vazamento das provas!\" \/>\n<meta property=\"og:url\" content=\"https:\/\/www.estrategiaconcursos.com.br\/blog\/concurso-pcdf-justica-nega-suspensao\/\" \/>\n<meta property=\"og:site_name\" content=\"Estrat\u00e9gia Concursos\" \/>\n<meta property=\"article:author\" content=\"https:\/\/www.facebook.com\/EstrategiaConcursos\" \/>\n<meta property=\"article:published_time\" content=\"2021-09-03T19:43:19+00:00\" \/>\n<meta property=\"article:modified_time\" content=\"2021-09-03T21:24:11+00:00\" \/>\n<meta property=\"og:image\" content=\"https:\/\/dhg1h5j42swfq.cloudfront.net\/2021\/08\/25103348\/pcdf-3.jpg\" \/>\n\t<meta property=\"og:image:width\" content=\"1200\" \/>\n\t<meta property=\"og:image:height\" content=\"628\" \/>\n\t<meta property=\"og:image:type\" content=\"image\/jpeg\" \/>\n<meta name=\"author\" content=\"Coordena\u00e7\u00e3o\" \/>\n<meta name=\"twitter:card\" content=\"summary_large_image\" \/>\n<meta name=\"twitter:creator\" content=\"@EstratConcursos\" \/>\n<meta name=\"twitter:site\" content=\"@EstratConcursos\" \/>\n<meta name=\"twitter:label1\" content=\"Escrito por\" \/>\n\t<meta name=\"twitter:data1\" content=\"Coordena\u00e7\u00e3o\" \/>\n\t<meta name=\"twitter:label2\" content=\"Est. tempo de leitura\" \/>\n\t<meta name=\"twitter:data2\" content=\"3 minutos\" \/>\n<script type=\"application\/ld+json\" class=\"yoast-schema-graph\">{\"@context\":\"https:\/\/schema.org\",\"@graph\":[{\"@type\":\"NewsArticle\",\"@id\":\"https:\/\/www.estrategiaconcursos.com.br\/blog\/concurso-pcdf-justica-nega-suspensao\/#article\",\"isPartOf\":{\"@id\":\"https:\/\/www.estrategiaconcursos.com.br\/blog\/concurso-pcdf-justica-nega-suspensao\/\"},\"author\":{\"name\":\"Coordena\u00e7\u00e3o\",\"@id\":\"https:\/\/www.estrategiaconcursos.com.br\/blog\/#\/schema\/person\/b4a388c97673c5f483d72185668afa1f\"},\"headline\":\"Concurso PCDF: justi\u00e7a indefere pedido de suspens\u00e3o! Confira!\",\"datePublished\":\"2021-09-03T19:43:19+00:00\",\"dateModified\":\"2021-09-03T21:24:11+00:00\",\"mainEntityOfPage\":{\"@id\":\"https:\/\/www.estrategiaconcursos.com.br\/blog\/concurso-pcdf-justica-nega-suspensao\/\"},\"wordCount\":694,\"commentCount\":0,\"publisher\":{\"@id\":\"https:\/\/www.estrategiaconcursos.com.br\/blog\/#organization\"},\"image\":{\"@id\":\"https:\/\/www.estrategiaconcursos.com.br\/blog\/concurso-pcdf-justica-nega-suspensao\/#primaryimage\"},\"thumbnailUrl\":\"https:\/\/dhg1h5j42swfq.cloudfront.net\/2021\/08\/25103348\/pcdf-3.jpg\",\"articleSection\":[\"Policial (Agente, Escriv\u00e3o e Investigador)\",\"\u00daltimas not\u00edcias\"],\"inLanguage\":\"pt-BR\",\"potentialAction\":[{\"@type\":\"CommentAction\",\"name\":\"Comment\",\"target\":[\"https:\/\/www.estrategiaconcursos.com.br\/blog\/concurso-pcdf-justica-nega-suspensao\/#respond\"]}],\"copyrightYear\":\"2021\",\"copyrightHolder\":{\"@id\":\"https:\/\/www.estrategiaconcursos.com.br\/blog\/#organization\"}},{\"@type\":\"WebPage\",\"@id\":\"https:\/\/www.estrategiaconcursos.com.br\/blog\/concurso-pcdf-justica-nega-suspensao\/\",\"url\":\"https:\/\/www.estrategiaconcursos.com.br\/blog\/concurso-pcdf-justica-nega-suspensao\/\",\"name\":\"Concurso PCDF: justi\u00e7a indefere pedido de suspens\u00e3o! Confira!\",\"isPartOf\":{\"@id\":\"https:\/\/www.estrategiaconcursos.com.br\/blog\/#website\"},\"primaryImageOfPage\":{\"@id\":\"https:\/\/www.estrategiaconcursos.com.br\/blog\/concurso-pcdf-justica-nega-suspensao\/#primaryimage\"},\"image\":{\"@id\":\"https:\/\/www.estrategiaconcursos.com.br\/blog\/concurso-pcdf-justica-nega-suspensao\/#primaryimage\"},\"thumbnailUrl\":\"https:\/\/dhg1h5j42swfq.cloudfront.net\/2021\/08\/25103348\/pcdf-3.jpg\",\"datePublished\":\"2021-09-03T19:43:19+00:00\",\"dateModified\":\"2021-09-03T21:24:11+00:00\",\"description\":\"Aten\u00e7\u00e3o, candidatos! A justi\u00e7a do DF indeferiu o pedido de suspens\u00e3o por meio de uma AP do concurso PCDF, ap\u00f3s suposto vazamento das provas!\",\"breadcrumb\":{\"@id\":\"https:\/\/www.estrategiaconcursos.com.br\/blog\/concurso-pcdf-justica-nega-suspensao\/#breadcrumb\"},\"inLanguage\":\"pt-BR\",\"potentialAction\":[{\"@type\":\"ReadAction\",\"target\":[\"https:\/\/www.estrategiaconcursos.com.br\/blog\/concurso-pcdf-justica-nega-suspensao\/\"]}]},{\"@type\":\"ImageObject\",\"inLanguage\":\"pt-BR\",\"@id\":\"https:\/\/www.estrategiaconcursos.com.br\/blog\/concurso-pcdf-justica-nega-suspensao\/#primaryimage\",\"url\":\"https:\/\/dhg1h5j42swfq.cloudfront.net\/2021\/08\/25103348\/pcdf-3.jpg\",\"contentUrl\":\"https:\/\/dhg1h5j42swfq.cloudfront.net\/2021\/08\/25103348\/pcdf-3.jpg\",\"width\":1200,\"height\":628,\"caption\":\"PCDF\"},{\"@type\":\"BreadcrumbList\",\"@id\":\"https:\/\/www.estrategiaconcursos.com.br\/blog\/concurso-pcdf-justica-nega-suspensao\/#breadcrumb\",\"itemListElement\":[{\"@type\":\"ListItem\",\"position\":1,\"name\":\"In\u00edcio\",\"item\":\"https:\/\/www.estrategiaconcursos.com.br\/blog\/\"},{\"@type\":\"ListItem\",\"position\":2,\"name\":\"Concurso PCDF: justi\u00e7a indefere pedido de suspens\u00e3o! Confira!\"}]},{\"@type\":\"WebSite\",\"@id\":\"https:\/\/www.estrategiaconcursos.com.br\/blog\/#website\",\"url\":\"https:\/\/www.estrategiaconcursos.com.br\/blog\/\",\"name\":\"Estrat\u00e9gia Concursos\",\"description\":\"O blog da Estrat\u00e9gia Concursos traz not\u00edcias sobre concursos e artigos de professores oferecendo cursos para concursos (pdf + videaulas) no site.\",\"publisher\":{\"@id\":\"https:\/\/www.estrategiaconcursos.com.br\/blog\/#organization\"},\"potentialAction\":[{\"@type\":\"SearchAction\",\"target\":{\"@type\":\"EntryPoint\",\"urlTemplate\":\"https:\/\/www.estrategiaconcursos.com.br\/blog\/?s={search_term_string}\"},\"query-input\":{\"@type\":\"PropertyValueSpecification\",\"valueRequired\":true,\"valueName\":\"search_term_string\"}}],\"inLanguage\":\"pt-BR\"},{\"@type\":\"Organization\",\"@id\":\"https:\/\/www.estrategiaconcursos.com.br\/blog\/#organization\",\"name\":\"Estrat\u00e9gia Concursos\",\"url\":\"https:\/\/www.estrategiaconcursos.com.br\/blog\/\",\"logo\":{\"@type\":\"ImageObject\",\"inLanguage\":\"pt-BR\",\"@id\":\"https:\/\/www.estrategiaconcursos.com.br\/blog\/#\/schema\/logo\/image\/\",\"url\":\"https:\/\/dhg1h5j42swfq.cloudfront.net\/2025\/06\/03203428\/logo_concursos-1.jpg\",\"contentUrl\":\"https:\/\/dhg1h5j42swfq.cloudfront.net\/2025\/06\/03203428\/logo_concursos-1.jpg\",\"width\":230,\"height\":60,\"caption\":\"Estrat\u00e9gia Concursos\"},\"image\":{\"@id\":\"https:\/\/www.estrategiaconcursos.com.br\/blog\/#\/schema\/logo\/image\/\"},\"sameAs\":[\"https:\/\/x.com\/EstratConcursos\"]},{\"@type\":\"Person\",\"@id\":\"https:\/\/www.estrategiaconcursos.com.br\/blog\/#\/schema\/person\/b4a388c97673c5f483d72185668afa1f\",\"name\":\"Coordena\u00e7\u00e3o\",\"image\":{\"@type\":\"ImageObject\",\"inLanguage\":\"pt-BR\",\"@id\":\"https:\/\/secure.gravatar.com\/avatar\/b720319e4c9a967eb58678d110f4fe35452fc5d5f97b202bac7b8acceb18c6ad?s=96&d=mm&r=g\",\"url\":\"https:\/\/secure.gravatar.com\/avatar\/b720319e4c9a967eb58678d110f4fe35452fc5d5f97b202bac7b8acceb18c6ad?s=96&d=mm&r=g\",\"contentUrl\":\"https:\/\/secure.gravatar.com\/avatar\/b720319e4c9a967eb58678d110f4fe35452fc5d5f97b202bac7b8acceb18c6ad?s=96&d=mm&r=g\",\"caption\":\"Coordena\u00e7\u00e3o\"},\"sameAs\":[\"https:\/\/www.facebook.com\/EstrategiaConcursos\",\"https:\/\/x.com\/EstratConcursos\"],\"url\":\"https:\/\/www.estrategiaconcursos.com.br\/blog\/author\/estrategia2013\/\"}]}<\/script>\n<!-- \/ Yoast SEO Premium plugin. -->","yoast_head_json":{"title":"Concurso PCDF: justi\u00e7a indefere pedido de suspens\u00e3o! Confira!","description":"Aten\u00e7\u00e3o, candidatos! A justi\u00e7a do DF indeferiu o pedido de suspens\u00e3o por meio de uma AP do concurso PCDF, ap\u00f3s suposto vazamento das provas!","robots":{"index":"index","follow":"follow","max-snippet":"max-snippet:-1","max-image-preview":"max-image-preview:large","max-video-preview":"max-video-preview:-1"},"canonical":"https:\/\/www.estrategiaconcursos.com.br\/blog\/concurso-pcdf-justica-nega-suspensao\/","og_locale":"pt_BR","og_type":"article","og_title":"Concurso PCDF: justi\u00e7a indefere pedido de suspens\u00e3o! Confira!","og_description":"Aten\u00e7\u00e3o, candidatos! A justi\u00e7a do DF indeferiu o pedido de suspens\u00e3o por meio de uma AP do concurso PCDF, ap\u00f3s suposto vazamento das provas!","og_url":"https:\/\/www.estrategiaconcursos.com.br\/blog\/concurso-pcdf-justica-nega-suspensao\/","og_site_name":"Estrat\u00e9gia Concursos","article_author":"https:\/\/www.facebook.com\/EstrategiaConcursos","article_published_time":"2021-09-03T19:43:19+00:00","article_modified_time":"2021-09-03T21:24:11+00:00","og_image":[{"width":1200,"height":628,"url":"https:\/\/dhg1h5j42swfq.cloudfront.net\/2021\/08\/25103348\/pcdf-3.jpg","type":"image\/jpeg"}],"author":"Coordena\u00e7\u00e3o","twitter_card":"summary_large_image","twitter_creator":"@EstratConcursos","twitter_site":"@EstratConcursos","twitter_misc":{"Escrito por":"Coordena\u00e7\u00e3o","Est. tempo de leitura":"3 minutos"},"schema":{"@context":"https:\/\/schema.org","@graph":[{"@type":"NewsArticle","@id":"https:\/\/www.estrategiaconcursos.com.br\/blog\/concurso-pcdf-justica-nega-suspensao\/#article","isPartOf":{"@id":"https:\/\/www.estrategiaconcursos.com.br\/blog\/concurso-pcdf-justica-nega-suspensao\/"},"author":{"name":"Coordena\u00e7\u00e3o","@id":"https:\/\/www.estrategiaconcursos.com.br\/blog\/#\/schema\/person\/b4a388c97673c5f483d72185668afa1f"},"headline":"Concurso PCDF: justi\u00e7a indefere pedido de suspens\u00e3o! Confira!","datePublished":"2021-09-03T19:43:19+00:00","dateModified":"2021-09-03T21:24:11+00:00","mainEntityOfPage":{"@id":"https:\/\/www.estrategiaconcursos.com.br\/blog\/concurso-pcdf-justica-nega-suspensao\/"},"wordCount":694,"commentCount":0,"publisher":{"@id":"https:\/\/www.estrategiaconcursos.com.br\/blog\/#organization"},"image":{"@id":"https:\/\/www.estrategiaconcursos.com.br\/blog\/concurso-pcdf-justica-nega-suspensao\/#primaryimage"},"thumbnailUrl":"https:\/\/dhg1h5j42swfq.cloudfront.net\/2021\/08\/25103348\/pcdf-3.jpg","articleSection":["Policial (Agente, Escriv\u00e3o e Investigador)","\u00daltimas not\u00edcias"],"inLanguage":"pt-BR","potentialAction":[{"@type":"CommentAction","name":"Comment","target":["https:\/\/www.estrategiaconcursos.com.br\/blog\/concurso-pcdf-justica-nega-suspensao\/#respond"]}],"copyrightYear":"2021","copyrightHolder":{"@id":"https:\/\/www.estrategiaconcursos.com.br\/blog\/#organization"}},{"@type":"WebPage","@id":"https:\/\/www.estrategiaconcursos.com.br\/blog\/concurso-pcdf-justica-nega-suspensao\/","url":"https:\/\/www.estrategiaconcursos.com.br\/blog\/concurso-pcdf-justica-nega-suspensao\/","name":"Concurso PCDF: justi\u00e7a indefere pedido de suspens\u00e3o! Confira!","isPartOf":{"@id":"https:\/\/www.estrategiaconcursos.com.br\/blog\/#website"},"primaryImageOfPage":{"@id":"https:\/\/www.estrategiaconcursos.com.br\/blog\/concurso-pcdf-justica-nega-suspensao\/#primaryimage"},"image":{"@id":"https:\/\/www.estrategiaconcursos.com.br\/blog\/concurso-pcdf-justica-nega-suspensao\/#primaryimage"},"thumbnailUrl":"https:\/\/dhg1h5j42swfq.cloudfront.net\/2021\/08\/25103348\/pcdf-3.jpg","datePublished":"2021-09-03T19:43:19+00:00","dateModified":"2021-09-03T21:24:11+00:00","description":"Aten\u00e7\u00e3o, candidatos! A justi\u00e7a do DF indeferiu o pedido de suspens\u00e3o por meio de uma AP do concurso PCDF, ap\u00f3s suposto vazamento das provas!","breadcrumb":{"@id":"https:\/\/www.estrategiaconcursos.com.br\/blog\/concurso-pcdf-justica-nega-suspensao\/#breadcrumb"},"inLanguage":"pt-BR","potentialAction":[{"@type":"ReadAction","target":["https:\/\/www.estrategiaconcursos.com.br\/blog\/concurso-pcdf-justica-nega-suspensao\/"]}]},{"@type":"ImageObject","inLanguage":"pt-BR","@id":"https:\/\/www.estrategiaconcursos.com.br\/blog\/concurso-pcdf-justica-nega-suspensao\/#primaryimage","url":"https:\/\/dhg1h5j42swfq.cloudfront.net\/2021\/08\/25103348\/pcdf-3.jpg","contentUrl":"https:\/\/dhg1h5j42swfq.cloudfront.net\/2021\/08\/25103348\/pcdf-3.jpg","width":1200,"height":628,"caption":"PCDF"},{"@type":"BreadcrumbList","@id":"https:\/\/www.estrategiaconcursos.com.br\/blog\/concurso-pcdf-justica-nega-suspensao\/#breadcrumb","itemListElement":[{"@type":"ListItem","position":1,"name":"In\u00edcio","item":"https:\/\/www.estrategiaconcursos.com.br\/blog\/"},{"@type":"ListItem","position":2,"name":"Concurso PCDF: justi\u00e7a indefere pedido de suspens\u00e3o! Confira!"}]},{"@type":"WebSite","@id":"https:\/\/www.estrategiaconcursos.com.br\/blog\/#website","url":"https:\/\/www.estrategiaconcursos.com.br\/blog\/","name":"Estrat\u00e9gia Concursos","description":"O blog da Estrat\u00e9gia Concursos traz not\u00edcias sobre concursos e artigos de professores oferecendo cursos para concursos (pdf + videaulas) no site.","publisher":{"@id":"https:\/\/www.estrategiaconcursos.com.br\/blog\/#organization"},"potentialAction":[{"@type":"SearchAction","target":{"@type":"EntryPoint","urlTemplate":"https:\/\/www.estrategiaconcursos.com.br\/blog\/?s={search_term_string}"},"query-input":{"@type":"PropertyValueSpecification","valueRequired":true,"valueName":"search_term_string"}}],"inLanguage":"pt-BR"},{"@type":"Organization","@id":"https:\/\/www.estrategiaconcursos.com.br\/blog\/#organization","name":"Estrat\u00e9gia Concursos","url":"https:\/\/www.estrategiaconcursos.com.br\/blog\/","logo":{"@type":"ImageObject","inLanguage":"pt-BR","@id":"https:\/\/www.estrategiaconcursos.com.br\/blog\/#\/schema\/logo\/image\/","url":"https:\/\/dhg1h5j42swfq.cloudfront.net\/2025\/06\/03203428\/logo_concursos-1.jpg","contentUrl":"https:\/\/dhg1h5j42swfq.cloudfront.net\/2025\/06\/03203428\/logo_concursos-1.jpg","width":230,"height":60,"caption":"Estrat\u00e9gia Concursos"},"image":{"@id":"https:\/\/www.estrategiaconcursos.com.br\/blog\/#\/schema\/logo\/image\/"},"sameAs":["https:\/\/x.com\/EstratConcursos"]},{"@type":"Person","@id":"https:\/\/www.estrategiaconcursos.com.br\/blog\/#\/schema\/person\/b4a388c97673c5f483d72185668afa1f","name":"Coordena\u00e7\u00e3o","image":{"@type":"ImageObject","inLanguage":"pt-BR","@id":"https:\/\/secure.gravatar.com\/avatar\/b720319e4c9a967eb58678d110f4fe35452fc5d5f97b202bac7b8acceb18c6ad?s=96&d=mm&r=g","url":"https:\/\/secure.gravatar.com\/avatar\/b720319e4c9a967eb58678d110f4fe35452fc5d5f97b202bac7b8acceb18c6ad?s=96&d=mm&r=g","contentUrl":"https:\/\/secure.gravatar.com\/avatar\/b720319e4c9a967eb58678d110f4fe35452fc5d5f97b202bac7b8acceb18c6ad?s=96&d=mm&r=g","caption":"Coordena\u00e7\u00e3o"},"sameAs":["https:\/\/www.facebook.com\/EstrategiaConcursos","https:\/\/x.com\/EstratConcursos"],"url":"https:\/\/www.estrategiaconcursos.com.br\/blog\/author\/estrategia2013\/"}]}},"_links":{"self":[{"href":"https:\/\/www.estrategiaconcursos.com.br\/blog\/wp-json\/wp\/v2\/posts\/853684","targetHints":{"allow":["GET"]}}],"collection":[{"href":"https:\/\/www.estrategiaconcursos.com.br\/blog\/wp-json\/wp\/v2\/posts"}],"about":[{"href":"https:\/\/www.estrategiaconcursos.com.br\/blog\/wp-json\/wp\/v2\/types\/post"}],"author":[{"embeddable":true,"href":"https:\/\/www.estrategiaconcursos.com.br\/blog\/wp-json\/wp\/v2\/users\/1"}],"replies":[{"embeddable":true,"href":"https:\/\/www.estrategiaconcursos.com.br\/blog\/wp-json\/wp\/v2\/comments?post=853684"}],"version-history":[{"count":13,"href":"https:\/\/www.estrategiaconcursos.com.br\/blog\/wp-json\/wp\/v2\/posts\/853684\/revisions"}],"predecessor-version":[{"id":853878,"href":"https:\/\/www.estrategiaconcursos.com.br\/blog\/wp-json\/wp\/v2\/posts\/853684\/revisions\/853878"}],"wp:featuredmedia":[{"embeddable":true,"href":"https:\/\/www.estrategiaconcursos.com.br\/blog\/wp-json\/wp\/v2\/media\/845205"}],"wp:attachment":[{"href":"https:\/\/www.estrategiaconcursos.com.br\/blog\/wp-json\/wp\/v2\/media?parent=853684"}],"wp:term":[{"taxonomy":"category","embeddable":true,"href":"https:\/\/www.estrategiaconcursos.com.br\/blog\/wp-json\/wp\/v2\/categories?post=853684"},{"taxonomy":"post_tag","embeddable":true,"href":"https:\/\/www.estrategiaconcursos.com.br\/blog\/wp-json\/wp\/v2\/tags?post=853684"},{"taxonomy":"tax_estado","embeddable":true,"href":"https:\/\/www.estrategiaconcursos.com.br\/blog\/wp-json\/wp\/v2\/tax_estado?post=853684"}],"curies":[{"name":"wp","href":"https:\/\/api.w.org\/{rel}","templated":true}]}}