{"id":853637,"date":"2021-09-03T16:03:27","date_gmt":"2021-09-03T19:03:27","guid":{"rendered":"https:\/\/www.estrategiaconcursos.com.br\/blog\/?p=853637"},"modified":"2021-09-03T19:18:43","modified_gmt":"2021-09-03T22:18:43","slug":"governador-editais-area-seguranca","status":"publish","type":"post","link":"https:\/\/www.estrategiaconcursos.com.br\/blog\/governador-editais-area-seguranca\/","title":{"rendered":"Governador do AM prev\u00ea editais de Seguran\u00e7a at\u00e9 outubro"},"content":{"rendered":"\n<p>O governador do Amazonas,\u00a0Wilson Lima, afirmou nesta sexta-feira, 03 de setembro de 2021, que os editais j\u00e1 anunciados para a \u00e1rea de Seguran\u00e7a ser\u00e3o publicados at\u00e9 meados do m\u00eas de outubro.<\/p>\n\n\n\n<p><em><strong>&#8220;As comiss\u00f5es est\u00e3o formadas e estamos na fase final de conclus\u00e3o para o lan\u00e7amento dos editais. No mais tardar, no in\u00edcio de outubro, a gente lan\u00e7a&#8221;<\/strong><\/em>, prometeu Lima.<\/p>\n\n\n\n<p>Recentemente, como citado acima, o governador j\u00e1 havia assinado a cria\u00e7\u00e3o das comiss\u00f5es organizadoras, bem como a distribui\u00e7\u00e3o de vagas. <\/p>\n\n\n\n<p>Ser\u00e3o pouco mais de <strong>2.500 vagas<\/strong>, sendo 1.350\u00a0para a Pol\u00edcia Militar, 453 para o Corpo de Bombeiros, 362 para a Pol\u00edcia Civil, 210 para o Detran AM e 150 vagas para a Secretaria de Seguran\u00e7a P\u00fablica (SSP AM), assim distribu\u00eddas:<\/p>\n\n\n\n<ul class=\"wp-block-list\"><li><strong>PC AM<\/strong>: 62 vagas para delegado, 62 vagas para escriv\u00e3o, 200 vagas para investigador e 38 vagas para perito, com remunera\u00e7\u00e3o entre&nbsp;R$11.281,26 e R$ 20.449,05.<\/li><li><strong>PM AM<\/strong>: 1 mil vagas para aluno soldado e 350 vagas para aluno oficial, com remunera\u00e7\u00e3o entre R$2.657,28 e R$ 7.180,34, respectivamente.&nbsp;<\/li><li><strong>Bombeiros AM<\/strong>:&nbsp;&nbsp;400 vagas para aluno soldado e 53 para aluno oficial, com remunera\u00e7\u00e3o entre R$ 2.657,28 e R$ 7.180, 34, respectivamente.<\/li><li><strong>Detran AM:&nbsp;<\/strong>150 vagas para n\u00edvel superior e 60 vagas para n\u00edvel m\u00e9dio, com remunera\u00e7\u00e3o entre R$2.300 e R$5.500.&nbsp;<\/li><li><strong>Secretaria de Seguran\u00e7a P\u00fablica (SSP AM):&nbsp;<\/strong>140 vagas para assistente operacional e outras 10 para t\u00e9cnico de n\u00edvel superior, com remunera\u00e7\u00e3o entre R$ 1.350,19 e R$ 2.764,68.<\/li><\/ul>\n\n\n\n<p>Conv\u00e9m lembrar que o \u00faltimo concurso da Pol\u00edcia Militar ocorreu em 2011 e o da Pol\u00edcia Civil aconteceu em 2009, ou seja, ambos h\u00e1 mais de uma d\u00e9cada.<\/p>\n\n\n\n<p>Vale ressaltar que o concurso do Departamento Estadual de Tr\u00e2nsito do Amazonas (Detran AM) ser\u00e1 o segundo de sua hist\u00f3ria. O primeiro aconteceu em 1995 e os aprovados n\u00e3o foram convocados. Com isso, o novo concurso ofertar\u00e1 210 vagas, que ser\u00e3o distribu\u00eddas entre os n\u00edveis m\u00e9dio e superior.<\/p>\n\n\n\n<p>E para mais informa\u00e7\u00f5es sobre os editais da <a href=\"http:\/\/www.ssp.am.gov.br\/\" target=\"_blank\" rel=\"noreferrer noopener\">\u00e1rea de seguran\u00e7a<\/a> do Amazonas (AM), anunciados pelo governador Wilson Lima para outubro, clique nos links abaixo:<\/p>\n\n\n\n<p class=\"has-text-align-center has-background\" style=\"background-color:#dadee0\"><strong><a href=\"https:\/\/www.estrategiaconcursos.com.br\/blog\/concurso-pc-am\/\" target=\"_blank\" rel=\"noreferrer noopener\">Concurso PC AM<\/a>&nbsp;|&nbsp;<a href=\"https:\/\/www.estrategiaconcursos.com.br\/blog\/concurso-pm-am\/\" target=\"_blank\" rel=\"noreferrer noopener\">Concurso PM AM&nbsp;<\/a>|&nbsp;<a href=\"https:\/\/www.estrategiaconcursos.com.br\/blog\/concurso-bombeiro-am\/\" target=\"_blank\" rel=\"noreferrer noopener\">Concurso Bombeiro AM<\/a> | <a href=\"https:\/\/www.estrategiaconcursos.com.br\/blog\/concurso-ssp-am\/\" target=\"_blank\" rel=\"noreferrer noopener\">Concurso SSP AM<\/a> | <a href=\"https:\/\/www.estrategiaconcursos.com.br\/blog\/concurso-detran-am\/\" target=\"_blank\" rel=\"noreferrer noopener\">Concurso Detran AM<\/a><\/strong><\/p>\n\n\n\n<div class=\"container\" id=\"boxes\">\n  <div class=\"row\">\n\n    <div class=\"col-sm\">\n      <div class=\"estrategia\" id=\"box-assinatura\">\n        <h3 class=\"titulo-assinatura\">Assinatura Concursos<\/h3>\n        <p class=\"subtitulo-assinatura\">Assinatura de 1 ano ou 2 anos<\/p>\n        <div class=\"box-botao\">\n          <a class=\"btn-assinatura\" target=\"_blank\" href=\"https:\/\/www.estrategiaconcursos.com.br\/assinaturas\/\" role=\"button\" rel=\"noopener noreferrer\">ASSINE AGORA<\/a>\n        <\/div>\n      <\/div>\n     \n    <\/div><\/div><\/div>\n\n\n\n<div class=\"container\" id=\"boxes\">\n  <div class=\"row\">\n\n    <div class=\"col-sm\" id=\"boxes-concursos\">\n      <div style=\"background-color: #005DAD;\" class=\"conteudo-concursos\" id=\"box-concursos\">\n        <h3 class=\"titulo-assinatura\">Concursos Abertos<\/h3>\n        <p class=\"subtitulo-assinatura\">Os editais publicados<\/p>\n        <div class=\"box-botao\">\n          <a class=\"btn-assinatura\" target=\"_blank\" href=\"https:\/\/www.estrategiaconcursos.com.br\/blog\/concursos-abertos\/\" role=\"button\" rel=\"noopener noreferrer\">Conhe\u00e7a Agora<\/a>\n        <\/div>\n      <\/div>\n    <\/div>\n\n    <div class=\"col-sm\" id=\"boxes-concursos\">\n      <div style=\"background-color: #1A7ED5;\" class=\"conteudo-concursos\" id=\"box-concursos\">\n        <h3 class=\"titulo-assinatura\">Concursos 2021<\/h3>\n        <p class=\"subtitulo-assinatura\">As oportunidades previstas<\/p>\n        <div class=\"box-botao\">\n          <a class=\"btn-assinatura\" target=\"_blank\" href=\"https:\/\/www.estrategiaconcursos.com.br\/blog\/concursos-2021\/\" role=\"button\" rel=\"noopener noreferrer\">Conhe\u00e7a Agora<\/a>\n        <\/div>\n      <\/div>\n    <\/div>\n\n    <div class=\"col-sm\" id=\"boxes-concursos\">\n      <div style=\"background-color: #419FF0;\" class=\"conteudo-concursos\" id=\"box-concursos\">\n        <h3 class=\"titulo-assinatura\">Concursos 2022<\/h3>\n        <p class=\"subtitulo-assinatura\">Vagas para o pr\u00f3ximo ano<\/p>\n        <div class=\"box-botao\">\n          <a class=\"btn-assinatura\" target=\"_blank\" href=\"https:\/\/www.estrategiaconcursos.com.br\/blog\/concursos-2022\/\" role=\"button\" rel=\"noopener noreferrer\">Conhe\u00e7a Agora<\/a>\n        <\/div>\n      <\/div>\n    <\/div>\n\n  <\/div>\n<\/div>\n","protected":false},"excerpt":{"rendered":"<p>O governador do Amazonas,\u00a0Wilson Lima, afirmou nesta sexta-feira, 03 de setembro de 2021, que os editais j\u00e1 anunciados para a \u00e1rea de Seguran\u00e7a ser\u00e3o publicados at\u00e9 meados do m\u00eas de outubro. &#8220;As comiss\u00f5es est\u00e3o formadas e estamos na fase final de conclus\u00e3o para o lan\u00e7amento dos editais. No mais tardar, no in\u00edcio de outubro, a [&hellip;]<\/p>\n","protected":false},"author":1,"featured_media":698496,"comment_status":"open","ping_status":"closed","sticky":false,"template":"","format":"standard","meta":{"post_tipo":"news","footnotes":""},"categories":[1988,220190,220186,220187,220219],"tags":[],"tax_estado":[219966],"class_list":["post-853637","post","type-post","status-publish","format-standard","has-post-thumbnail","hentry","category-policia","category-policial-peritos","category-policial-oficial","category-policial-pracas","category-noticias","tax_estado-am"],"acf":[],"yoast_head":"<!-- This site is optimized with the Yoast SEO Premium plugin v27.2 (Yoast SEO v27.2) - https:\/\/yoast.com\/product\/yoast-seo-premium-wordpress\/ -->\n<title>Governador do AM prev\u00ea editais de Seguran\u00e7a at\u00e9 outubro<\/title>\n<meta name=\"description\" content=\"O governador do Amazonas (AM),\u00a0Wilson Lima, afirmou que os editais j\u00e1 anunciados para a \u00e1rea de Seguran\u00e7a ser\u00e3o publicados at\u00e9 outubro.\" \/>\n<meta name=\"robots\" content=\"index, follow, max-snippet:-1, max-image-preview:large, max-video-preview:-1\" \/>\n<link rel=\"canonical\" href=\"https:\/\/www.estrategiaconcursos.com.br\/blog\/governador-editais-area-seguranca\/\" \/>\n<meta property=\"og:locale\" content=\"pt_BR\" \/>\n<meta property=\"og:type\" content=\"article\" \/>\n<meta property=\"og:title\" content=\"Governador do AM prev\u00ea editais de Seguran\u00e7a at\u00e9 outubro\" \/>\n<meta property=\"og:description\" content=\"O governador do Amazonas (AM),\u00a0Wilson Lima, afirmou que os editais j\u00e1 anunciados para a \u00e1rea de Seguran\u00e7a ser\u00e3o publicados at\u00e9 outubro.\" \/>\n<meta property=\"og:url\" content=\"https:\/\/www.estrategiaconcursos.com.br\/blog\/governador-editais-area-seguranca\/\" \/>\n<meta property=\"og:site_name\" content=\"Estrat\u00e9gia Concursos\" \/>\n<meta property=\"article:author\" content=\"https:\/\/www.facebook.com\/EstrategiaConcursos\" \/>\n<meta property=\"article:published_time\" content=\"2021-09-03T19:03:27+00:00\" \/>\n<meta property=\"article:modified_time\" content=\"2021-09-03T22:18:43+00:00\" \/>\n<meta property=\"og:image\" content=\"https:\/\/dhg1h5j42swfq.cloudfront.net\/2021\/03\/22154112\/concursos-de-policia.jpg\" \/>\n\t<meta property=\"og:image:width\" content=\"1200\" \/>\n\t<meta property=\"og:image:height\" content=\"628\" \/>\n\t<meta property=\"og:image:type\" content=\"image\/jpeg\" \/>\n<meta name=\"author\" content=\"Coordena\u00e7\u00e3o\" \/>\n<meta name=\"twitter:card\" content=\"summary_large_image\" \/>\n<meta name=\"twitter:creator\" content=\"@EstratConcursos\" \/>\n<meta name=\"twitter:site\" content=\"@EstratConcursos\" \/>\n<meta name=\"twitter:label1\" content=\"Escrito por\" \/>\n\t<meta name=\"twitter:data1\" content=\"Coordena\u00e7\u00e3o\" \/>\n\t<meta name=\"twitter:label2\" content=\"Est. tempo de leitura\" \/>\n\t<meta name=\"twitter:data2\" content=\"2 minutos\" \/>\n<script type=\"application\/ld+json\" class=\"yoast-schema-graph\">{\"@context\":\"https:\/\/schema.org\",\"@graph\":[{\"@type\":\"NewsArticle\",\"@id\":\"https:\/\/www.estrategiaconcursos.com.br\/blog\/governador-editais-area-seguranca\/#article\",\"isPartOf\":{\"@id\":\"https:\/\/www.estrategiaconcursos.com.br\/blog\/governador-editais-area-seguranca\/\"},\"author\":{\"name\":\"Coordena\u00e7\u00e3o\",\"@id\":\"https:\/\/www.estrategiaconcursos.com.br\/blog\/#\/schema\/person\/b4a388c97673c5f483d72185668afa1f\"},\"headline\":\"Governador do AM prev\u00ea editais de Seguran\u00e7a at\u00e9 outubro\",\"datePublished\":\"2021-09-03T19:03:27+00:00\",\"dateModified\":\"2021-09-03T22:18:43+00:00\",\"mainEntityOfPage\":{\"@id\":\"https:\/\/www.estrategiaconcursos.com.br\/blog\/governador-editais-area-seguranca\/\"},\"wordCount\":421,\"commentCount\":0,\"publisher\":{\"@id\":\"https:\/\/www.estrategiaconcursos.com.br\/blog\/#organization\"},\"image\":{\"@id\":\"https:\/\/www.estrategiaconcursos.com.br\/blog\/governador-editais-area-seguranca\/#primaryimage\"},\"thumbnailUrl\":\"https:\/\/dhg1h5j42swfq.cloudfront.net\/2021\/03\/22154112\/concursos-de-policia.jpg\",\"articleSection\":[\"Policial (Agente, Escriv\u00e3o e Investigador)\",\"Policial (Peritos, Papiloscopistas)\",\"Policial (PM\/BM - Oficial)\",\"Policial (PM\/BM - Pra\u00e7as)\",\"\u00daltimas not\u00edcias\"],\"inLanguage\":\"pt-BR\",\"potentialAction\":[{\"@type\":\"CommentAction\",\"name\":\"Comment\",\"target\":[\"https:\/\/www.estrategiaconcursos.com.br\/blog\/governador-editais-area-seguranca\/#respond\"]}],\"copyrightYear\":\"2021\",\"copyrightHolder\":{\"@id\":\"https:\/\/www.estrategiaconcursos.com.br\/blog\/#organization\"}},{\"@type\":\"WebPage\",\"@id\":\"https:\/\/www.estrategiaconcursos.com.br\/blog\/governador-editais-area-seguranca\/\",\"url\":\"https:\/\/www.estrategiaconcursos.com.br\/blog\/governador-editais-area-seguranca\/\",\"name\":\"Governador do AM prev\u00ea editais de Seguran\u00e7a at\u00e9 outubro\",\"isPartOf\":{\"@id\":\"https:\/\/www.estrategiaconcursos.com.br\/blog\/#website\"},\"primaryImageOfPage\":{\"@id\":\"https:\/\/www.estrategiaconcursos.com.br\/blog\/governador-editais-area-seguranca\/#primaryimage\"},\"image\":{\"@id\":\"https:\/\/www.estrategiaconcursos.com.br\/blog\/governador-editais-area-seguranca\/#primaryimage\"},\"thumbnailUrl\":\"https:\/\/dhg1h5j42swfq.cloudfront.net\/2021\/03\/22154112\/concursos-de-policia.jpg\",\"datePublished\":\"2021-09-03T19:03:27+00:00\",\"dateModified\":\"2021-09-03T22:18:43+00:00\",\"description\":\"O governador do Amazonas (AM),\u00a0Wilson Lima, afirmou que os editais j\u00e1 anunciados para a \u00e1rea de Seguran\u00e7a ser\u00e3o publicados at\u00e9 outubro.\",\"breadcrumb\":{\"@id\":\"https:\/\/www.estrategiaconcursos.com.br\/blog\/governador-editais-area-seguranca\/#breadcrumb\"},\"inLanguage\":\"pt-BR\",\"potentialAction\":[{\"@type\":\"ReadAction\",\"target\":[\"https:\/\/www.estrategiaconcursos.com.br\/blog\/governador-editais-area-seguranca\/\"]}]},{\"@type\":\"ImageObject\",\"inLanguage\":\"pt-BR\",\"@id\":\"https:\/\/www.estrategiaconcursos.com.br\/blog\/governador-editais-area-seguranca\/#primaryimage\",\"url\":\"https:\/\/dhg1h5j42swfq.cloudfront.net\/2021\/03\/22154112\/concursos-de-policia.jpg\",\"contentUrl\":\"https:\/\/dhg1h5j42swfq.cloudfront.net\/2021\/03\/22154112\/concursos-de-policia.jpg\",\"width\":1200,\"height\":628,\"caption\":\"Quais s\u00e3o os estados com concursos policiais previstos?\"},{\"@type\":\"BreadcrumbList\",\"@id\":\"https:\/\/www.estrategiaconcursos.com.br\/blog\/governador-editais-area-seguranca\/#breadcrumb\",\"itemListElement\":[{\"@type\":\"ListItem\",\"position\":1,\"name\":\"In\u00edcio\",\"item\":\"https:\/\/www.estrategiaconcursos.com.br\/blog\/\"},{\"@type\":\"ListItem\",\"position\":2,\"name\":\"Governador do AM prev\u00ea editais de Seguran\u00e7a at\u00e9 outubro\"}]},{\"@type\":\"WebSite\",\"@id\":\"https:\/\/www.estrategiaconcursos.com.br\/blog\/#website\",\"url\":\"https:\/\/www.estrategiaconcursos.com.br\/blog\/\",\"name\":\"Estrat\u00e9gia Concursos\",\"description\":\"O blog da Estrat\u00e9gia Concursos traz not\u00edcias sobre concursos e artigos de professores oferecendo cursos para concursos (pdf + videaulas) no site.\",\"publisher\":{\"@id\":\"https:\/\/www.estrategiaconcursos.com.br\/blog\/#organization\"},\"potentialAction\":[{\"@type\":\"SearchAction\",\"target\":{\"@type\":\"EntryPoint\",\"urlTemplate\":\"https:\/\/www.estrategiaconcursos.com.br\/blog\/?s={search_term_string}\"},\"query-input\":{\"@type\":\"PropertyValueSpecification\",\"valueRequired\":true,\"valueName\":\"search_term_string\"}}],\"inLanguage\":\"pt-BR\"},{\"@type\":\"Organization\",\"@id\":\"https:\/\/www.estrategiaconcursos.com.br\/blog\/#organization\",\"name\":\"Estrat\u00e9gia Concursos\",\"url\":\"https:\/\/www.estrategiaconcursos.com.br\/blog\/\",\"logo\":{\"@type\":\"ImageObject\",\"inLanguage\":\"pt-BR\",\"@id\":\"https:\/\/www.estrategiaconcursos.com.br\/blog\/#\/schema\/logo\/image\/\",\"url\":\"https:\/\/dhg1h5j42swfq.cloudfront.net\/2025\/06\/03203428\/logo_concursos-1.jpg\",\"contentUrl\":\"https:\/\/dhg1h5j42swfq.cloudfront.net\/2025\/06\/03203428\/logo_concursos-1.jpg\",\"width\":230,\"height\":60,\"caption\":\"Estrat\u00e9gia Concursos\"},\"image\":{\"@id\":\"https:\/\/www.estrategiaconcursos.com.br\/blog\/#\/schema\/logo\/image\/\"},\"sameAs\":[\"https:\/\/x.com\/EstratConcursos\"]},{\"@type\":\"Person\",\"@id\":\"https:\/\/www.estrategiaconcursos.com.br\/blog\/#\/schema\/person\/b4a388c97673c5f483d72185668afa1f\",\"name\":\"Coordena\u00e7\u00e3o\",\"image\":{\"@type\":\"ImageObject\",\"inLanguage\":\"pt-BR\",\"@id\":\"https:\/\/secure.gravatar.com\/avatar\/b720319e4c9a967eb58678d110f4fe35452fc5d5f97b202bac7b8acceb18c6ad?s=96&d=mm&r=g\",\"url\":\"https:\/\/secure.gravatar.com\/avatar\/b720319e4c9a967eb58678d110f4fe35452fc5d5f97b202bac7b8acceb18c6ad?s=96&d=mm&r=g\",\"contentUrl\":\"https:\/\/secure.gravatar.com\/avatar\/b720319e4c9a967eb58678d110f4fe35452fc5d5f97b202bac7b8acceb18c6ad?s=96&d=mm&r=g\",\"caption\":\"Coordena\u00e7\u00e3o\"},\"sameAs\":[\"https:\/\/www.facebook.com\/EstrategiaConcursos\",\"https:\/\/x.com\/EstratConcursos\"],\"url\":\"https:\/\/www.estrategiaconcursos.com.br\/blog\/author\/estrategia2013\/\"}]}<\/script>\n<!-- \/ Yoast SEO Premium plugin. -->","yoast_head_json":{"title":"Governador do AM prev\u00ea editais de Seguran\u00e7a at\u00e9 outubro","description":"O governador do Amazonas (AM),\u00a0Wilson Lima, afirmou que os editais j\u00e1 anunciados para a \u00e1rea de Seguran\u00e7a ser\u00e3o publicados at\u00e9 outubro.","robots":{"index":"index","follow":"follow","max-snippet":"max-snippet:-1","max-image-preview":"max-image-preview:large","max-video-preview":"max-video-preview:-1"},"canonical":"https:\/\/www.estrategiaconcursos.com.br\/blog\/governador-editais-area-seguranca\/","og_locale":"pt_BR","og_type":"article","og_title":"Governador do AM prev\u00ea editais de Seguran\u00e7a at\u00e9 outubro","og_description":"O governador do Amazonas (AM),\u00a0Wilson Lima, afirmou que os editais j\u00e1 anunciados para a \u00e1rea de Seguran\u00e7a ser\u00e3o publicados at\u00e9 outubro.","og_url":"https:\/\/www.estrategiaconcursos.com.br\/blog\/governador-editais-area-seguranca\/","og_site_name":"Estrat\u00e9gia Concursos","article_author":"https:\/\/www.facebook.com\/EstrategiaConcursos","article_published_time":"2021-09-03T19:03:27+00:00","article_modified_time":"2021-09-03T22:18:43+00:00","og_image":[{"width":1200,"height":628,"url":"https:\/\/dhg1h5j42swfq.cloudfront.net\/2021\/03\/22154112\/concursos-de-policia.jpg","type":"image\/jpeg"}],"author":"Coordena\u00e7\u00e3o","twitter_card":"summary_large_image","twitter_creator":"@EstratConcursos","twitter_site":"@EstratConcursos","twitter_misc":{"Escrito por":"Coordena\u00e7\u00e3o","Est. tempo de leitura":"2 minutos"},"schema":{"@context":"https:\/\/schema.org","@graph":[{"@type":"NewsArticle","@id":"https:\/\/www.estrategiaconcursos.com.br\/blog\/governador-editais-area-seguranca\/#article","isPartOf":{"@id":"https:\/\/www.estrategiaconcursos.com.br\/blog\/governador-editais-area-seguranca\/"},"author":{"name":"Coordena\u00e7\u00e3o","@id":"https:\/\/www.estrategiaconcursos.com.br\/blog\/#\/schema\/person\/b4a388c97673c5f483d72185668afa1f"},"headline":"Governador do AM prev\u00ea editais de Seguran\u00e7a at\u00e9 outubro","datePublished":"2021-09-03T19:03:27+00:00","dateModified":"2021-09-03T22:18:43+00:00","mainEntityOfPage":{"@id":"https:\/\/www.estrategiaconcursos.com.br\/blog\/governador-editais-area-seguranca\/"},"wordCount":421,"commentCount":0,"publisher":{"@id":"https:\/\/www.estrategiaconcursos.com.br\/blog\/#organization"},"image":{"@id":"https:\/\/www.estrategiaconcursos.com.br\/blog\/governador-editais-area-seguranca\/#primaryimage"},"thumbnailUrl":"https:\/\/dhg1h5j42swfq.cloudfront.net\/2021\/03\/22154112\/concursos-de-policia.jpg","articleSection":["Policial (Agente, Escriv\u00e3o e Investigador)","Policial (Peritos, Papiloscopistas)","Policial (PM\/BM - Oficial)","Policial (PM\/BM - Pra\u00e7as)","\u00daltimas not\u00edcias"],"inLanguage":"pt-BR","potentialAction":[{"@type":"CommentAction","name":"Comment","target":["https:\/\/www.estrategiaconcursos.com.br\/blog\/governador-editais-area-seguranca\/#respond"]}],"copyrightYear":"2021","copyrightHolder":{"@id":"https:\/\/www.estrategiaconcursos.com.br\/blog\/#organization"}},{"@type":"WebPage","@id":"https:\/\/www.estrategiaconcursos.com.br\/blog\/governador-editais-area-seguranca\/","url":"https:\/\/www.estrategiaconcursos.com.br\/blog\/governador-editais-area-seguranca\/","name":"Governador do AM prev\u00ea editais de Seguran\u00e7a at\u00e9 outubro","isPartOf":{"@id":"https:\/\/www.estrategiaconcursos.com.br\/blog\/#website"},"primaryImageOfPage":{"@id":"https:\/\/www.estrategiaconcursos.com.br\/blog\/governador-editais-area-seguranca\/#primaryimage"},"image":{"@id":"https:\/\/www.estrategiaconcursos.com.br\/blog\/governador-editais-area-seguranca\/#primaryimage"},"thumbnailUrl":"https:\/\/dhg1h5j42swfq.cloudfront.net\/2021\/03\/22154112\/concursos-de-policia.jpg","datePublished":"2021-09-03T19:03:27+00:00","dateModified":"2021-09-03T22:18:43+00:00","description":"O governador do Amazonas (AM),\u00a0Wilson Lima, afirmou que os editais j\u00e1 anunciados para a \u00e1rea de Seguran\u00e7a ser\u00e3o publicados at\u00e9 outubro.","breadcrumb":{"@id":"https:\/\/www.estrategiaconcursos.com.br\/blog\/governador-editais-area-seguranca\/#breadcrumb"},"inLanguage":"pt-BR","potentialAction":[{"@type":"ReadAction","target":["https:\/\/www.estrategiaconcursos.com.br\/blog\/governador-editais-area-seguranca\/"]}]},{"@type":"ImageObject","inLanguage":"pt-BR","@id":"https:\/\/www.estrategiaconcursos.com.br\/blog\/governador-editais-area-seguranca\/#primaryimage","url":"https:\/\/dhg1h5j42swfq.cloudfront.net\/2021\/03\/22154112\/concursos-de-policia.jpg","contentUrl":"https:\/\/dhg1h5j42swfq.cloudfront.net\/2021\/03\/22154112\/concursos-de-policia.jpg","width":1200,"height":628,"caption":"Quais s\u00e3o os estados com concursos policiais previstos?"},{"@type":"BreadcrumbList","@id":"https:\/\/www.estrategiaconcursos.com.br\/blog\/governador-editais-area-seguranca\/#breadcrumb","itemListElement":[{"@type":"ListItem","position":1,"name":"In\u00edcio","item":"https:\/\/www.estrategiaconcursos.com.br\/blog\/"},{"@type":"ListItem","position":2,"name":"Governador do AM prev\u00ea editais de Seguran\u00e7a at\u00e9 outubro"}]},{"@type":"WebSite","@id":"https:\/\/www.estrategiaconcursos.com.br\/blog\/#website","url":"https:\/\/www.estrategiaconcursos.com.br\/blog\/","name":"Estrat\u00e9gia Concursos","description":"O blog da Estrat\u00e9gia Concursos traz not\u00edcias sobre concursos e artigos de professores oferecendo cursos para concursos (pdf + videaulas) no site.","publisher":{"@id":"https:\/\/www.estrategiaconcursos.com.br\/blog\/#organization"},"potentialAction":[{"@type":"SearchAction","target":{"@type":"EntryPoint","urlTemplate":"https:\/\/www.estrategiaconcursos.com.br\/blog\/?s={search_term_string}"},"query-input":{"@type":"PropertyValueSpecification","valueRequired":true,"valueName":"search_term_string"}}],"inLanguage":"pt-BR"},{"@type":"Organization","@id":"https:\/\/www.estrategiaconcursos.com.br\/blog\/#organization","name":"Estrat\u00e9gia Concursos","url":"https:\/\/www.estrategiaconcursos.com.br\/blog\/","logo":{"@type":"ImageObject","inLanguage":"pt-BR","@id":"https:\/\/www.estrategiaconcursos.com.br\/blog\/#\/schema\/logo\/image\/","url":"https:\/\/dhg1h5j42swfq.cloudfront.net\/2025\/06\/03203428\/logo_concursos-1.jpg","contentUrl":"https:\/\/dhg1h5j42swfq.cloudfront.net\/2025\/06\/03203428\/logo_concursos-1.jpg","width":230,"height":60,"caption":"Estrat\u00e9gia Concursos"},"image":{"@id":"https:\/\/www.estrategiaconcursos.com.br\/blog\/#\/schema\/logo\/image\/"},"sameAs":["https:\/\/x.com\/EstratConcursos"]},{"@type":"Person","@id":"https:\/\/www.estrategiaconcursos.com.br\/blog\/#\/schema\/person\/b4a388c97673c5f483d72185668afa1f","name":"Coordena\u00e7\u00e3o","image":{"@type":"ImageObject","inLanguage":"pt-BR","@id":"https:\/\/secure.gravatar.com\/avatar\/b720319e4c9a967eb58678d110f4fe35452fc5d5f97b202bac7b8acceb18c6ad?s=96&d=mm&r=g","url":"https:\/\/secure.gravatar.com\/avatar\/b720319e4c9a967eb58678d110f4fe35452fc5d5f97b202bac7b8acceb18c6ad?s=96&d=mm&r=g","contentUrl":"https:\/\/secure.gravatar.com\/avatar\/b720319e4c9a967eb58678d110f4fe35452fc5d5f97b202bac7b8acceb18c6ad?s=96&d=mm&r=g","caption":"Coordena\u00e7\u00e3o"},"sameAs":["https:\/\/www.facebook.com\/EstrategiaConcursos","https:\/\/x.com\/EstratConcursos"],"url":"https:\/\/www.estrategiaconcursos.com.br\/blog\/author\/estrategia2013\/"}]}},"_links":{"self":[{"href":"https:\/\/www.estrategiaconcursos.com.br\/blog\/wp-json\/wp\/v2\/posts\/853637","targetHints":{"allow":["GET"]}}],"collection":[{"href":"https:\/\/www.estrategiaconcursos.com.br\/blog\/wp-json\/wp\/v2\/posts"}],"about":[{"href":"https:\/\/www.estrategiaconcursos.com.br\/blog\/wp-json\/wp\/v2\/types\/post"}],"author":[{"embeddable":true,"href":"https:\/\/www.estrategiaconcursos.com.br\/blog\/wp-json\/wp\/v2\/users\/1"}],"replies":[{"embeddable":true,"href":"https:\/\/www.estrategiaconcursos.com.br\/blog\/wp-json\/wp\/v2\/comments?post=853637"}],"version-history":[{"count":5,"href":"https:\/\/www.estrategiaconcursos.com.br\/blog\/wp-json\/wp\/v2\/posts\/853637\/revisions"}],"predecessor-version":[{"id":853926,"href":"https:\/\/www.estrategiaconcursos.com.br\/blog\/wp-json\/wp\/v2\/posts\/853637\/revisions\/853926"}],"wp:featuredmedia":[{"embeddable":true,"href":"https:\/\/www.estrategiaconcursos.com.br\/blog\/wp-json\/wp\/v2\/media\/698496"}],"wp:attachment":[{"href":"https:\/\/www.estrategiaconcursos.com.br\/blog\/wp-json\/wp\/v2\/media?parent=853637"}],"wp:term":[{"taxonomy":"category","embeddable":true,"href":"https:\/\/www.estrategiaconcursos.com.br\/blog\/wp-json\/wp\/v2\/categories?post=853637"},{"taxonomy":"post_tag","embeddable":true,"href":"https:\/\/www.estrategiaconcursos.com.br\/blog\/wp-json\/wp\/v2\/tags?post=853637"},{"taxonomy":"tax_estado","embeddable":true,"href":"https:\/\/www.estrategiaconcursos.com.br\/blog\/wp-json\/wp\/v2\/tax_estado?post=853637"}],"curies":[{"name":"wp","href":"https:\/\/api.w.org\/{rel}","templated":true}]}}