{"id":853533,"date":"2021-09-03T15:33:12","date_gmt":"2021-09-03T18:33:12","guid":{"rendered":"https:\/\/www.estrategiaconcursos.com.br\/blog\/?p=853533"},"modified":"2021-09-03T18:44:35","modified_gmt":"2021-09-03T21:44:35","slug":"policia-penal-rj-alerj","status":"publish","type":"post","link":"https:\/\/www.estrategiaconcursos.com.br\/blog\/policia-penal-rj-alerj\/","title":{"rendered":"Pol\u00edcia Penal RJ: Alerj discute Projeto; nomenclaturas podem mudar"},"content":{"rendered":"\n<p>Em discuss\u00e3o na Assembleia Legislativa do Rio de Janeiro (Alerj), o projeto de cria\u00e7\u00e3o do quadro complementar da Pol\u00edcia Penal RJ poder\u00e1 trazer mudan\u00e7as em diversos cargos atualmente existentes.<\/p>\n\n\n\n<p>O Projeto de Lei (PL) n\u00ba&nbsp;4.383\/2021, do deputado cel. Salema, que ainda ser\u00e1 apreciado nas comiss\u00f5es da Casa, cria as seguintes fun\u00e7\u00f5es:<\/p>\n\n\n\n<ul class=\"wp-block-list\"><li>Estadual de Execu\u00e7\u00e3o Penal (atuais Auxiliar Operacional de Servi\u00e7os de sa\u00fade, Auxiliar de Execu\u00e7\u00e3o Penal e Auxiliar de Servi\u00e7os m\u00e9dicos) &#8211; n\u00edvel fundamental<\/li><li>T\u00e9cnico Estadual de Execu\u00e7\u00e3o Penal (atuais T\u00e9cnico de Enfermagem, Execu\u00e7\u00e3o Penal, Laborat\u00f3rio, Radiologia, Equipamento e Odontol\u00f3gico) &#8211; n\u00edvel m\u00e9dio<\/li><li>Auxiliar Estadual de Execu\u00e7\u00e3o Penal (atuais Assistente Social, Bi\u00f3logo, Enfermeiro, Farmac\u00eautico, Fisioterapeuta, M\u00e9dico, Nutricionista, Odont\u00f3logo, Psic\u00f3logo e Terapeuta Ocupacional) &#8211; n\u00edvel superior<\/li><\/ul>\n\n\n\n<p>As remunera\u00e7\u00f5es fixadas no Projeto, visando a realiza\u00e7\u00e3o do novo certame, s\u00e3o de <strong>R$ 3.300,00 (m\u00e9dio\/t\u00e9cnico) e R$ 5.194,04 (superior)<\/strong>. Com a progress\u00e3o salarial, as remunera\u00e7\u00f5es tamb\u00e9m sobem.<\/p>\n\n\n\n<h3 class=\"wp-block-heading\" id=\"h-concurso-pol-cia-penal-rj\">Concurso Pol\u00edcia Penal RJ<\/h3>\n\n\n\n<p>Ap\u00f3s ser publicado o&nbsp;<a href=\"https:\/\/dhg1h5j42swfq.cloudfront.net\/2021\/04\/27094926\/concursos_rj_2021.pdf\" target=\"_blank\" rel=\"noreferrer noopener\"><strong>Decreto 47.585<\/strong><\/a>,&nbsp;que autoriza o provimento de&nbsp;<strong>300 vagas para a Pol\u00edcia Penal do Rio de Janeiro<\/strong>, a Secretaria de Administra\u00e7\u00e3o Penitenci\u00e1ria do Rio de Janeiro (SEAP RJ) anunciou que ir\u00e1 convocar os candidatos aprovados dos concursos de 2003, 2006 e 2012.<\/p>\n\n\n\n<p>A medida foi autorizada pelo governador Cl\u00e1udio Castro. Anteriormente, o&nbsp;<a href=\"https:\/\/dhg1h5j42swfq.cloudfront.net\/2020\/10\/15134400\/Projeto-de-Lei-SEAP-RJ.pdf\" target=\"_blank\" rel=\"noreferrer noopener\">Projeto de Lei 1.462\/19<\/a>, que trata da referida convoca\u00e7\u00e3o, j\u00e1 havia sido aprovado pela Assembleia Legislativa do Rio de Janeiro (ALERJ).<\/p>\n\n\n\n<p>Al\u00e9m disso, tamb\u00e9m j\u00e1 foi aprovada e promulgada a Proposta de Emenda Constitucional (PEC) n\u00ba 47\/20 que cria o \u00f3rg\u00e3o no estado do Rio de Janeiro.<\/p>\n\n\n\n<p>Segundo o texto, a Pol\u00edcia Penal ser\u00e1 uma institui\u00e7\u00e3o permanente e com atribui\u00e7\u00f5es de seguran\u00e7a, vigil\u00e2ncia e cust\u00f3dia dos estabelecimentos penais. Os atuais servidores ser\u00e3o transformados em \u201cpoliciais penais\u201d e novos agentes poder\u00e3o ser\u00e3o admitidos por meio de concurso p\u00fablico.<\/p>\n\n\n\n<p>Para mais informa\u00e7\u00f5es sobre o concurso Pol\u00edcia Penal RJ, que passa por nova discuss\u00e3o na Alerj, acesse o link abaixo!<\/p>\n\n\n\n<p class=\"has-text-align-center has-pale-cyan-blue-background-color has-background has-medium-font-size\">Saiba mais: <strong><a href=\"https:\/\/www.estrategiaconcursos.com.br\/blog\/concurso-policia-penal-rj\/\" target=\"_blank\" rel=\"noreferrer noopener\">Concurso Pol\u00edcia Penal RJ<\/a><\/strong><\/p>\n\n\n\n<h2 class=\"has-text-align-center wp-block-heading\" id=\"cursos-assinatura\">Quer estudar para o concurso Pol\u00edcia Penal RJ?<\/h2>\n\n\n\n<div class=\"container\" id=\"boxes\">\n  <div class=\"row\">\n\n    <div class=\"col-sm\">\n      <div class=\"banner-policial\" id=\"box-assinatura\">\n        <h3 class=\"titulo-assinatura\">Concurso Pol\u00edcia Penal RJ<\/h3>\n        <p class=\"subtitulo-assinatura\">Conhe\u00e7a os cursos<\/p>\n        <div class=\"box-botao\">\n          <a class=\"btn-assinatura\" target=\"_blank\" href=\"https:\/\/www.estrategiaconcursos.com.br\/cursosPorConcurso\/cursos-para-concursos-policiais\/\" role=\"button\" rel=\"noopener noreferrer\">Conhe\u00e7a mais<\/a>\n        <\/div>\n      <\/div>\n     \n    <\/div>\n\n  <\/div>\n<\/div>\n\n\n\n<div class=\"container\" id=\"boxes\">\n  <div class=\"row\">\n\n    <div class=\"col-sm\">\n      <div class=\"estrategia\" id=\"box-assinatura\">\n        <h3 class=\"titulo-assinatura\">Assinatura Concursos<\/h3>\n        <p class=\"subtitulo-assinatura\">Assinatura de 1 ano ou 2 anos<\/p>\n        <div class=\"box-botao\">\n          <a class=\"btn-assinatura\" target=\"_blank\" href=\"https:\/\/www.estrategiaconcursos.com.br\/assinaturas\/\" role=\"button\" rel=\"noopener noreferrer\">ASSINE AGORA<\/a>\n        <\/div>\n      <\/div>\n     \n    <\/div>\n\n    <div class=\"col-sm\">\n      <div class=\"questoes\" id=\"box-assinatura\">\n        <h3 class=\"titulo-assinatura\">Sistema de Quest\u00f5es<\/h3>\n        <p class=\"subtitulo-assinatura\">Assinatura de 1 ano ou 2 anos\n<\/p>\n        <div class=\"box-botao\">\n          <a class=\"btn-assinatura\" target=\"_blank\" href=\"https:\/\/questoes.estrategiaconcursos.com.br\/\" role=\"button\" rel=\"noopener noreferrer\">ASSINE AGORA<\/a>\n        <\/div>\n      <\/div>\n    \n    <\/div>\n  <\/div>\n<\/div>\n\n\n\n<div class=\"container\" id=\"boxes\">\n  <div class=\"row\">\n\n    <div class=\"col-sm\" id=\"boxes-concursos\">\n      <div style=\"background-color: #005DAD;\" class=\"conteudo-concursos\" id=\"box-concursos\">\n        <h3 class=\"titulo-assinatura\">Concursos Abertos<\/h3>\n        <p class=\"subtitulo-assinatura\">mais de 15 mil vagas<\/p>\n        <div class=\"box-botao\">\n          <a class=\"btn-assinatura\" target=\"_blank\" href=\"https:\/\/www.estrategiaconcursos.com.br\/blog\/concursos-abertos\/\" role=\"button\" rel=\"noopener noreferrer\">Conhe\u00e7a Agora<\/a>\n        <\/div>\n      <\/div>\n    <\/div>\n\n    <div class=\"col-sm\" id=\"boxes-concursos\">\n      <div style=\"background-color: #419FF0;\" class=\"conteudo-concursos\" id=\"box-concursos\">\n        <h3 class=\"titulo-assinatura\">Concursos 2021<\/h3>\n        <p class=\"subtitulo-assinatura\">mais de 50 mil vagas<\/p>\n        <div class=\"box-botao\">\n          <a class=\"btn-assinatura\" target=\"_blank\" href=\"https:\/\/www.estrategiaconcursos.com.br\/blog\/concursos-2021\/\" role=\"button\" rel=\"noopener noreferrer\">Conhe\u00e7a Agora<\/a>\n        <\/div>\n      <\/div>\n    <\/div>\n\n  <\/div>\n<\/div>\n\n\n\n<p><\/p>\n","protected":false},"excerpt":{"rendered":"<p>Em discuss\u00e3o na Assembleia Legislativa do Rio de Janeiro (Alerj), o projeto de cria\u00e7\u00e3o do quadro complementar da Pol\u00edcia Penal RJ poder\u00e1 trazer mudan\u00e7as em diversos cargos atualmente existentes. O Projeto de Lei (PL) n\u00ba&nbsp;4.383\/2021, do deputado cel. Salema, que ainda ser\u00e1 apreciado nas comiss\u00f5es da Casa, cria as seguintes fun\u00e7\u00f5es: Estadual de Execu\u00e7\u00e3o Penal [&hellip;]<\/p>\n","protected":false},"author":1,"featured_media":853902,"comment_status":"open","ping_status":"closed","sticky":false,"template":"","format":"standard","meta":{"post_tipo":"news","footnotes":""},"categories":[220188,220219],"tags":[],"tax_estado":[219982],"class_list":["post-853533","post","type-post","status-publish","format-standard","has-post-thumbnail","hentry","category-policial-agente-penitenciario","category-noticias","tax_estado-rj"],"acf":[],"yoast_head":"<!-- This site is optimized with the Yoast SEO Premium plugin v27.2 (Yoast SEO v27.2) - https:\/\/yoast.com\/product\/yoast-seo-premium-wordpress\/ -->\n<title>Pol\u00edcia Penal RJ: Alerj discute Projeto; nomenclaturas podem mudar<\/title>\n<meta name=\"description\" content=\"Em discuss\u00e3o na ALERJ, o projeto de cria\u00e7\u00e3o do quadro complementar da Pol\u00edcia Penal do Rio de Janeiro poder\u00e1 trazer mudan\u00e7as. Confira!\" \/>\n<meta name=\"robots\" content=\"index, follow, max-snippet:-1, max-image-preview:large, max-video-preview:-1\" \/>\n<link rel=\"canonical\" href=\"https:\/\/www.estrategiaconcursos.com.br\/blog\/policia-penal-rj-alerj\/\" \/>\n<meta property=\"og:locale\" content=\"pt_BR\" \/>\n<meta property=\"og:type\" content=\"article\" \/>\n<meta property=\"og:title\" content=\"Pol\u00edcia Penal RJ: Alerj discute Projeto; nomenclaturas podem mudar\" \/>\n<meta property=\"og:description\" content=\"Em discuss\u00e3o na ALERJ, o projeto de cria\u00e7\u00e3o do quadro complementar da Pol\u00edcia Penal do Rio de Janeiro poder\u00e1 trazer mudan\u00e7as. Confira!\" \/>\n<meta property=\"og:url\" content=\"https:\/\/www.estrategiaconcursos.com.br\/blog\/policia-penal-rj-alerj\/\" \/>\n<meta property=\"og:site_name\" content=\"Estrat\u00e9gia Concursos\" \/>\n<meta property=\"article:author\" content=\"https:\/\/www.facebook.com\/EstrategiaConcursos\" \/>\n<meta property=\"article:published_time\" content=\"2021-09-03T18:33:12+00:00\" \/>\n<meta property=\"article:modified_time\" content=\"2021-09-03T21:44:35+00:00\" \/>\n<meta property=\"og:image\" content=\"https:\/\/dhg1h5j42swfq.cloudfront.net\/2021\/09\/03184422\/policia-penal-rj.jpg\" \/>\n\t<meta property=\"og:image:width\" content=\"768\" \/>\n\t<meta property=\"og:image:height\" content=\"432\" \/>\n\t<meta property=\"og:image:type\" content=\"image\/jpeg\" \/>\n<meta name=\"author\" content=\"Coordena\u00e7\u00e3o\" \/>\n<meta name=\"twitter:card\" content=\"summary_large_image\" \/>\n<meta name=\"twitter:creator\" content=\"@EstratConcursos\" \/>\n<meta name=\"twitter:site\" content=\"@EstratConcursos\" \/>\n<meta name=\"twitter:label1\" content=\"Escrito por\" \/>\n\t<meta name=\"twitter:data1\" content=\"Coordena\u00e7\u00e3o\" \/>\n\t<meta name=\"twitter:label2\" content=\"Est. tempo de leitura\" \/>\n\t<meta name=\"twitter:data2\" content=\"2 minutos\" \/>\n<script type=\"application\/ld+json\" class=\"yoast-schema-graph\">{\"@context\":\"https:\/\/schema.org\",\"@graph\":[{\"@type\":\"NewsArticle\",\"@id\":\"https:\/\/www.estrategiaconcursos.com.br\/blog\/policia-penal-rj-alerj\/#article\",\"isPartOf\":{\"@id\":\"https:\/\/www.estrategiaconcursos.com.br\/blog\/policia-penal-rj-alerj\/\"},\"author\":{\"name\":\"Coordena\u00e7\u00e3o\",\"@id\":\"https:\/\/www.estrategiaconcursos.com.br\/blog\/#\/schema\/person\/b4a388c97673c5f483d72185668afa1f\"},\"headline\":\"Pol\u00edcia Penal RJ: Alerj discute Projeto; nomenclaturas podem mudar\",\"datePublished\":\"2021-09-03T18:33:12+00:00\",\"dateModified\":\"2021-09-03T21:44:35+00:00\",\"mainEntityOfPage\":{\"@id\":\"https:\/\/www.estrategiaconcursos.com.br\/blog\/policia-penal-rj-alerj\/\"},\"wordCount\":441,\"commentCount\":0,\"publisher\":{\"@id\":\"https:\/\/www.estrategiaconcursos.com.br\/blog\/#organization\"},\"image\":{\"@id\":\"https:\/\/www.estrategiaconcursos.com.br\/blog\/policia-penal-rj-alerj\/#primaryimage\"},\"thumbnailUrl\":\"https:\/\/dhg1h5j42swfq.cloudfront.net\/2021\/09\/03184422\/policia-penal-rj.jpg\",\"articleSection\":[\"Policial (Agente Penitenci\u00e1rio)\",\"\u00daltimas not\u00edcias\"],\"inLanguage\":\"pt-BR\",\"potentialAction\":[{\"@type\":\"CommentAction\",\"name\":\"Comment\",\"target\":[\"https:\/\/www.estrategiaconcursos.com.br\/blog\/policia-penal-rj-alerj\/#respond\"]}],\"copyrightYear\":\"2021\",\"copyrightHolder\":{\"@id\":\"https:\/\/www.estrategiaconcursos.com.br\/blog\/#organization\"}},{\"@type\":\"WebPage\",\"@id\":\"https:\/\/www.estrategiaconcursos.com.br\/blog\/policia-penal-rj-alerj\/\",\"url\":\"https:\/\/www.estrategiaconcursos.com.br\/blog\/policia-penal-rj-alerj\/\",\"name\":\"Pol\u00edcia Penal RJ: Alerj discute Projeto; nomenclaturas podem mudar\",\"isPartOf\":{\"@id\":\"https:\/\/www.estrategiaconcursos.com.br\/blog\/#website\"},\"primaryImageOfPage\":{\"@id\":\"https:\/\/www.estrategiaconcursos.com.br\/blog\/policia-penal-rj-alerj\/#primaryimage\"},\"image\":{\"@id\":\"https:\/\/www.estrategiaconcursos.com.br\/blog\/policia-penal-rj-alerj\/#primaryimage\"},\"thumbnailUrl\":\"https:\/\/dhg1h5j42swfq.cloudfront.net\/2021\/09\/03184422\/policia-penal-rj.jpg\",\"datePublished\":\"2021-09-03T18:33:12+00:00\",\"dateModified\":\"2021-09-03T21:44:35+00:00\",\"description\":\"Em discuss\u00e3o na ALERJ, o projeto de cria\u00e7\u00e3o do quadro complementar da Pol\u00edcia Penal do Rio de Janeiro poder\u00e1 trazer mudan\u00e7as. Confira!\",\"breadcrumb\":{\"@id\":\"https:\/\/www.estrategiaconcursos.com.br\/blog\/policia-penal-rj-alerj\/#breadcrumb\"},\"inLanguage\":\"pt-BR\",\"potentialAction\":[{\"@type\":\"ReadAction\",\"target\":[\"https:\/\/www.estrategiaconcursos.com.br\/blog\/policia-penal-rj-alerj\/\"]}]},{\"@type\":\"ImageObject\",\"inLanguage\":\"pt-BR\",\"@id\":\"https:\/\/www.estrategiaconcursos.com.br\/blog\/policia-penal-rj-alerj\/#primaryimage\",\"url\":\"https:\/\/dhg1h5j42swfq.cloudfront.net\/2021\/09\/03184422\/policia-penal-rj.jpg\",\"contentUrl\":\"https:\/\/dhg1h5j42swfq.cloudfront.net\/2021\/09\/03184422\/policia-penal-rj.jpg\",\"width\":768,\"height\":432},{\"@type\":\"BreadcrumbList\",\"@id\":\"https:\/\/www.estrategiaconcursos.com.br\/blog\/policia-penal-rj-alerj\/#breadcrumb\",\"itemListElement\":[{\"@type\":\"ListItem\",\"position\":1,\"name\":\"In\u00edcio\",\"item\":\"https:\/\/www.estrategiaconcursos.com.br\/blog\/\"},{\"@type\":\"ListItem\",\"position\":2,\"name\":\"Pol\u00edcia Penal RJ: Alerj discute Projeto; nomenclaturas podem mudar\"}]},{\"@type\":\"WebSite\",\"@id\":\"https:\/\/www.estrategiaconcursos.com.br\/blog\/#website\",\"url\":\"https:\/\/www.estrategiaconcursos.com.br\/blog\/\",\"name\":\"Estrat\u00e9gia Concursos\",\"description\":\"O blog da Estrat\u00e9gia Concursos traz not\u00edcias sobre concursos e artigos de professores oferecendo cursos para concursos (pdf + videaulas) no site.\",\"publisher\":{\"@id\":\"https:\/\/www.estrategiaconcursos.com.br\/blog\/#organization\"},\"potentialAction\":[{\"@type\":\"SearchAction\",\"target\":{\"@type\":\"EntryPoint\",\"urlTemplate\":\"https:\/\/www.estrategiaconcursos.com.br\/blog\/?s={search_term_string}\"},\"query-input\":{\"@type\":\"PropertyValueSpecification\",\"valueRequired\":true,\"valueName\":\"search_term_string\"}}],\"inLanguage\":\"pt-BR\"},{\"@type\":\"Organization\",\"@id\":\"https:\/\/www.estrategiaconcursos.com.br\/blog\/#organization\",\"name\":\"Estrat\u00e9gia Concursos\",\"url\":\"https:\/\/www.estrategiaconcursos.com.br\/blog\/\",\"logo\":{\"@type\":\"ImageObject\",\"inLanguage\":\"pt-BR\",\"@id\":\"https:\/\/www.estrategiaconcursos.com.br\/blog\/#\/schema\/logo\/image\/\",\"url\":\"https:\/\/dhg1h5j42swfq.cloudfront.net\/2025\/06\/03203428\/logo_concursos-1.jpg\",\"contentUrl\":\"https:\/\/dhg1h5j42swfq.cloudfront.net\/2025\/06\/03203428\/logo_concursos-1.jpg\",\"width\":230,\"height\":60,\"caption\":\"Estrat\u00e9gia Concursos\"},\"image\":{\"@id\":\"https:\/\/www.estrategiaconcursos.com.br\/blog\/#\/schema\/logo\/image\/\"},\"sameAs\":[\"https:\/\/x.com\/EstratConcursos\"]},{\"@type\":\"Person\",\"@id\":\"https:\/\/www.estrategiaconcursos.com.br\/blog\/#\/schema\/person\/b4a388c97673c5f483d72185668afa1f\",\"name\":\"Coordena\u00e7\u00e3o\",\"image\":{\"@type\":\"ImageObject\",\"inLanguage\":\"pt-BR\",\"@id\":\"https:\/\/secure.gravatar.com\/avatar\/b720319e4c9a967eb58678d110f4fe35452fc5d5f97b202bac7b8acceb18c6ad?s=96&d=mm&r=g\",\"url\":\"https:\/\/secure.gravatar.com\/avatar\/b720319e4c9a967eb58678d110f4fe35452fc5d5f97b202bac7b8acceb18c6ad?s=96&d=mm&r=g\",\"contentUrl\":\"https:\/\/secure.gravatar.com\/avatar\/b720319e4c9a967eb58678d110f4fe35452fc5d5f97b202bac7b8acceb18c6ad?s=96&d=mm&r=g\",\"caption\":\"Coordena\u00e7\u00e3o\"},\"sameAs\":[\"https:\/\/www.facebook.com\/EstrategiaConcursos\",\"https:\/\/x.com\/EstratConcursos\"],\"url\":\"https:\/\/www.estrategiaconcursos.com.br\/blog\/author\/estrategia2013\/\"}]}<\/script>\n<!-- \/ Yoast SEO Premium plugin. -->","yoast_head_json":{"title":"Pol\u00edcia Penal RJ: Alerj discute Projeto; nomenclaturas podem mudar","description":"Em discuss\u00e3o na ALERJ, o projeto de cria\u00e7\u00e3o do quadro complementar da Pol\u00edcia Penal do Rio de Janeiro poder\u00e1 trazer mudan\u00e7as. Confira!","robots":{"index":"index","follow":"follow","max-snippet":"max-snippet:-1","max-image-preview":"max-image-preview:large","max-video-preview":"max-video-preview:-1"},"canonical":"https:\/\/www.estrategiaconcursos.com.br\/blog\/policia-penal-rj-alerj\/","og_locale":"pt_BR","og_type":"article","og_title":"Pol\u00edcia Penal RJ: Alerj discute Projeto; nomenclaturas podem mudar","og_description":"Em discuss\u00e3o na ALERJ, o projeto de cria\u00e7\u00e3o do quadro complementar da Pol\u00edcia Penal do Rio de Janeiro poder\u00e1 trazer mudan\u00e7as. Confira!","og_url":"https:\/\/www.estrategiaconcursos.com.br\/blog\/policia-penal-rj-alerj\/","og_site_name":"Estrat\u00e9gia Concursos","article_author":"https:\/\/www.facebook.com\/EstrategiaConcursos","article_published_time":"2021-09-03T18:33:12+00:00","article_modified_time":"2021-09-03T21:44:35+00:00","og_image":[{"width":768,"height":432,"url":"https:\/\/dhg1h5j42swfq.cloudfront.net\/2021\/09\/03184422\/policia-penal-rj.jpg","type":"image\/jpeg"}],"author":"Coordena\u00e7\u00e3o","twitter_card":"summary_large_image","twitter_creator":"@EstratConcursos","twitter_site":"@EstratConcursos","twitter_misc":{"Escrito por":"Coordena\u00e7\u00e3o","Est. tempo de leitura":"2 minutos"},"schema":{"@context":"https:\/\/schema.org","@graph":[{"@type":"NewsArticle","@id":"https:\/\/www.estrategiaconcursos.com.br\/blog\/policia-penal-rj-alerj\/#article","isPartOf":{"@id":"https:\/\/www.estrategiaconcursos.com.br\/blog\/policia-penal-rj-alerj\/"},"author":{"name":"Coordena\u00e7\u00e3o","@id":"https:\/\/www.estrategiaconcursos.com.br\/blog\/#\/schema\/person\/b4a388c97673c5f483d72185668afa1f"},"headline":"Pol\u00edcia Penal RJ: Alerj discute Projeto; nomenclaturas podem mudar","datePublished":"2021-09-03T18:33:12+00:00","dateModified":"2021-09-03T21:44:35+00:00","mainEntityOfPage":{"@id":"https:\/\/www.estrategiaconcursos.com.br\/blog\/policia-penal-rj-alerj\/"},"wordCount":441,"commentCount":0,"publisher":{"@id":"https:\/\/www.estrategiaconcursos.com.br\/blog\/#organization"},"image":{"@id":"https:\/\/www.estrategiaconcursos.com.br\/blog\/policia-penal-rj-alerj\/#primaryimage"},"thumbnailUrl":"https:\/\/dhg1h5j42swfq.cloudfront.net\/2021\/09\/03184422\/policia-penal-rj.jpg","articleSection":["Policial (Agente Penitenci\u00e1rio)","\u00daltimas not\u00edcias"],"inLanguage":"pt-BR","potentialAction":[{"@type":"CommentAction","name":"Comment","target":["https:\/\/www.estrategiaconcursos.com.br\/blog\/policia-penal-rj-alerj\/#respond"]}],"copyrightYear":"2021","copyrightHolder":{"@id":"https:\/\/www.estrategiaconcursos.com.br\/blog\/#organization"}},{"@type":"WebPage","@id":"https:\/\/www.estrategiaconcursos.com.br\/blog\/policia-penal-rj-alerj\/","url":"https:\/\/www.estrategiaconcursos.com.br\/blog\/policia-penal-rj-alerj\/","name":"Pol\u00edcia Penal RJ: Alerj discute Projeto; nomenclaturas podem mudar","isPartOf":{"@id":"https:\/\/www.estrategiaconcursos.com.br\/blog\/#website"},"primaryImageOfPage":{"@id":"https:\/\/www.estrategiaconcursos.com.br\/blog\/policia-penal-rj-alerj\/#primaryimage"},"image":{"@id":"https:\/\/www.estrategiaconcursos.com.br\/blog\/policia-penal-rj-alerj\/#primaryimage"},"thumbnailUrl":"https:\/\/dhg1h5j42swfq.cloudfront.net\/2021\/09\/03184422\/policia-penal-rj.jpg","datePublished":"2021-09-03T18:33:12+00:00","dateModified":"2021-09-03T21:44:35+00:00","description":"Em discuss\u00e3o na ALERJ, o projeto de cria\u00e7\u00e3o do quadro complementar da Pol\u00edcia Penal do Rio de Janeiro poder\u00e1 trazer mudan\u00e7as. Confira!","breadcrumb":{"@id":"https:\/\/www.estrategiaconcursos.com.br\/blog\/policia-penal-rj-alerj\/#breadcrumb"},"inLanguage":"pt-BR","potentialAction":[{"@type":"ReadAction","target":["https:\/\/www.estrategiaconcursos.com.br\/blog\/policia-penal-rj-alerj\/"]}]},{"@type":"ImageObject","inLanguage":"pt-BR","@id":"https:\/\/www.estrategiaconcursos.com.br\/blog\/policia-penal-rj-alerj\/#primaryimage","url":"https:\/\/dhg1h5j42swfq.cloudfront.net\/2021\/09\/03184422\/policia-penal-rj.jpg","contentUrl":"https:\/\/dhg1h5j42swfq.cloudfront.net\/2021\/09\/03184422\/policia-penal-rj.jpg","width":768,"height":432},{"@type":"BreadcrumbList","@id":"https:\/\/www.estrategiaconcursos.com.br\/blog\/policia-penal-rj-alerj\/#breadcrumb","itemListElement":[{"@type":"ListItem","position":1,"name":"In\u00edcio","item":"https:\/\/www.estrategiaconcursos.com.br\/blog\/"},{"@type":"ListItem","position":2,"name":"Pol\u00edcia Penal RJ: Alerj discute Projeto; nomenclaturas podem mudar"}]},{"@type":"WebSite","@id":"https:\/\/www.estrategiaconcursos.com.br\/blog\/#website","url":"https:\/\/www.estrategiaconcursos.com.br\/blog\/","name":"Estrat\u00e9gia Concursos","description":"O blog da Estrat\u00e9gia Concursos traz not\u00edcias sobre concursos e artigos de professores oferecendo cursos para concursos (pdf + videaulas) no site.","publisher":{"@id":"https:\/\/www.estrategiaconcursos.com.br\/blog\/#organization"},"potentialAction":[{"@type":"SearchAction","target":{"@type":"EntryPoint","urlTemplate":"https:\/\/www.estrategiaconcursos.com.br\/blog\/?s={search_term_string}"},"query-input":{"@type":"PropertyValueSpecification","valueRequired":true,"valueName":"search_term_string"}}],"inLanguage":"pt-BR"},{"@type":"Organization","@id":"https:\/\/www.estrategiaconcursos.com.br\/blog\/#organization","name":"Estrat\u00e9gia Concursos","url":"https:\/\/www.estrategiaconcursos.com.br\/blog\/","logo":{"@type":"ImageObject","inLanguage":"pt-BR","@id":"https:\/\/www.estrategiaconcursos.com.br\/blog\/#\/schema\/logo\/image\/","url":"https:\/\/dhg1h5j42swfq.cloudfront.net\/2025\/06\/03203428\/logo_concursos-1.jpg","contentUrl":"https:\/\/dhg1h5j42swfq.cloudfront.net\/2025\/06\/03203428\/logo_concursos-1.jpg","width":230,"height":60,"caption":"Estrat\u00e9gia Concursos"},"image":{"@id":"https:\/\/www.estrategiaconcursos.com.br\/blog\/#\/schema\/logo\/image\/"},"sameAs":["https:\/\/x.com\/EstratConcursos"]},{"@type":"Person","@id":"https:\/\/www.estrategiaconcursos.com.br\/blog\/#\/schema\/person\/b4a388c97673c5f483d72185668afa1f","name":"Coordena\u00e7\u00e3o","image":{"@type":"ImageObject","inLanguage":"pt-BR","@id":"https:\/\/secure.gravatar.com\/avatar\/b720319e4c9a967eb58678d110f4fe35452fc5d5f97b202bac7b8acceb18c6ad?s=96&d=mm&r=g","url":"https:\/\/secure.gravatar.com\/avatar\/b720319e4c9a967eb58678d110f4fe35452fc5d5f97b202bac7b8acceb18c6ad?s=96&d=mm&r=g","contentUrl":"https:\/\/secure.gravatar.com\/avatar\/b720319e4c9a967eb58678d110f4fe35452fc5d5f97b202bac7b8acceb18c6ad?s=96&d=mm&r=g","caption":"Coordena\u00e7\u00e3o"},"sameAs":["https:\/\/www.facebook.com\/EstrategiaConcursos","https:\/\/x.com\/EstratConcursos"],"url":"https:\/\/www.estrategiaconcursos.com.br\/blog\/author\/estrategia2013\/"}]}},"_links":{"self":[{"href":"https:\/\/www.estrategiaconcursos.com.br\/blog\/wp-json\/wp\/v2\/posts\/853533","targetHints":{"allow":["GET"]}}],"collection":[{"href":"https:\/\/www.estrategiaconcursos.com.br\/blog\/wp-json\/wp\/v2\/posts"}],"about":[{"href":"https:\/\/www.estrategiaconcursos.com.br\/blog\/wp-json\/wp\/v2\/types\/post"}],"author":[{"embeddable":true,"href":"https:\/\/www.estrategiaconcursos.com.br\/blog\/wp-json\/wp\/v2\/users\/1"}],"replies":[{"embeddable":true,"href":"https:\/\/www.estrategiaconcursos.com.br\/blog\/wp-json\/wp\/v2\/comments?post=853533"}],"version-history":[{"count":6,"href":"https:\/\/www.estrategiaconcursos.com.br\/blog\/wp-json\/wp\/v2\/posts\/853533\/revisions"}],"predecessor-version":[{"id":853888,"href":"https:\/\/www.estrategiaconcursos.com.br\/blog\/wp-json\/wp\/v2\/posts\/853533\/revisions\/853888"}],"wp:featuredmedia":[{"embeddable":true,"href":"https:\/\/www.estrategiaconcursos.com.br\/blog\/wp-json\/wp\/v2\/media\/853902"}],"wp:attachment":[{"href":"https:\/\/www.estrategiaconcursos.com.br\/blog\/wp-json\/wp\/v2\/media?parent=853533"}],"wp:term":[{"taxonomy":"category","embeddable":true,"href":"https:\/\/www.estrategiaconcursos.com.br\/blog\/wp-json\/wp\/v2\/categories?post=853533"},{"taxonomy":"post_tag","embeddable":true,"href":"https:\/\/www.estrategiaconcursos.com.br\/blog\/wp-json\/wp\/v2\/tags?post=853533"},{"taxonomy":"tax_estado","embeddable":true,"href":"https:\/\/www.estrategiaconcursos.com.br\/blog\/wp-json\/wp\/v2\/tax_estado?post=853533"}],"curies":[{"name":"wp","href":"https:\/\/api.w.org\/{rel}","templated":true}]}}