{"id":853442,"date":"2021-09-03T18:00:00","date_gmt":"2021-09-03T21:00:00","guid":{"rendered":"https:\/\/www.estrategiaconcursos.com.br\/blog\/?p=853442"},"modified":"2021-09-10T13:32:59","modified_gmt":"2021-09-10T16:32:59","slug":"concurso-publico-editais-da-semana-30-08-a-04-09","status":"publish","type":"post","link":"https:\/\/www.estrategiaconcursos.com.br\/blog\/concurso-publico-editais-da-semana-30-08-a-04-09\/","title":{"rendered":"Concurso P\u00fablico: 16 editais esta semana! Mais de mil vagas"},"content":{"rendered":"\n<p>A primeira semana do m\u00eas de setembro vai chegando a seu fim, mas recheada de <strong>editais <\/strong>em diversas \u00e1reas. o destaque vai para as <strong>Defensorias P\u00fablicas<\/strong>. S\u00f3 nos \u00faltimos dias foram tr\u00eas certames!<\/p>\n\n\n\n<p>No total, foram <strong>16 editais <\/strong>publicados, somando<strong> 1.043 vagas<\/strong>, al\u00e9m de forma\u00e7\u00e3o de cadastro reserva. E aten\u00e7\u00e3o, pois muitos j\u00e1 se encontram com inscri\u00e7\u00f5es abertas.<\/p>\n\n\n\n<p>As vagas contemplam todas as escolaridade, de fundamental a superior. J\u00e1 as remunera\u00e7\u00f5es variam de<span style=\"font-size: revert; color: initial;\">&nbsp;R$ 1.101,95<\/span> a <span style=\"font-size: revert; color: initial;\">R$ 28.884,20<\/span>. <em><strong>Confira mais informa\u00e7\u00f5es ao longo deste artigo!<\/strong><\/em> <\/p>\n\n\n\n<div class=\"container\" id=\"boxes\">\n  <div class=\"row\">\n\n    <div class=\"col-sm\">\n      <div class=\"banner-estrategia\" id=\"box-assinatura\">\n        <h3 class=\"titulo-assinatura\">Cursos para concursos<\/h3>\n        <p class=\"subtitulo-assinatura\">Estude conosco<\/p>\n        <div class=\"box-botao\">\n          <a class=\"btn-assinatura\" target=\"_blank\" href=\"https:\/\/www.estrategiaconcursos.com.br\/cursos\/\" role=\"button\" rel=\"noopener noreferrer\">Conhe\u00e7a os cursos<\/a>\n        <\/div>\n      <\/div>\n     \n    <\/div>\n\n  <\/div>\n<\/div>\n\n\n\n<h2 class=\"has-text-align-center has-background wp-block-heading\" id=\"h-confira-os-editais-publicados\" style=\"background-color:#e4dbec\">Confira os editais publicados:<\/h2>\n\n\n\n<h3 class=\"wp-block-heading\"><a href=\"https:\/\/www.estrategiaconcursos.com.br\/blog\/concurso-dpe-ms-defensor\/\" target=\"_blank\" rel=\"noreferrer noopener\">Concurso DPE MS Defensor<\/a><\/h3>\n\n\n\n<p>A Defensoria P\u00fablica do Mato Grosso do Sul oferta sete vagas imediatas, al\u00e9m de forma\u00e7\u00e3o de cadastro reserva para Defensor Substituto.<\/p>\n\n\n\n<ul class=\"wp-block-list\" id=\"block-bbf7119f-5427-4ef3-a5ba-d19132ecf51d\"><li><strong>Banca<\/strong>: FGV<\/li><li><strong>Per\u00edodo de inscri\u00e7\u00f5es<\/strong>: 13 de setembro a 18 de novembro<\/li><li><strong>Data da prova:<\/strong>&nbsp;30 de janeiro de 2022<\/li><li><strong>Vagas:<\/strong>&nbsp;7 + CR<\/li><li><strong>Cargos:<\/strong> Defensor Substituto<\/li><li><strong>Sal\u00e1rio:&nbsp;<\/strong>R$ 28.884,20<\/li><li><strong>Mais informa\u00e7\u00f5es<\/strong>:&nbsp;Concurso <\/li><li><strong>Curso:<\/strong>&nbsp;<a href=\"https:\/\/www.estrategiaconcursos.com.br\/cursosPorConcurso\/defensorias-publicas-estaduais-dpe-cursos-regulares\/\" target=\"_blank\" rel=\"noreferrer noopener\">DPE MS Defensor<\/a><\/li><li><strong>Edital<\/strong>:&nbsp;<a href=\"https:\/\/dhg1h5j42swfq.cloudfront.net\/2021\/09\/03095356\/edital-dpe-ms.pdf\" target=\"_blank\" rel=\"noreferrer noopener nofollow\">Edital DPE MS 2021<\/a><\/li><\/ul>\n\n\n\n<h3 class=\"wp-block-heading\"><a href=\"https:\/\/www.estrategiaconcursos.com.br\/blog\/concurso-dpe-sc-defensor\/\" target=\"_blank\" rel=\"noreferrer noopener\">Concurso DPE SC Defensor<\/a><\/h3>\n\n\n\n<p>Em Santa Catarina, s\u00e3o quatro vagas para Defensor Substituto, com uma remunera\u00e7\u00e3o um pouco mais &#8220;baixa&#8221; que o concurso acima, R$ 15 mil.<\/p>\n\n\n\n<ul class=\"wp-block-list\" id=\"block-bbf7119f-5427-4ef3-a5ba-d19132ecf51d\"><li><strong>Banca<\/strong>: FCC<\/li><li><strong>Per\u00edodo de inscri\u00e7\u00f5es<\/strong>: 06 de setembro a 05 de outubro<\/li><li><strong>Data da prova:<\/strong>&nbsp;07 de novembro<\/li><li><strong>Vagas:<\/strong>&nbsp;04<\/li><li><strong>Cargos:<\/strong> Defensor P\u00fablico<\/li><li><strong>Sal\u00e1rio:&nbsp;<\/strong>R$ 15.820,85<\/li><li><strong>Curso:<\/strong>&nbsp;<a href=\"https:\/\/www.estrategiaconcursos.com.br\/cursosPorConcurso\/dpe-sc-defensoria-publica-de-santa-catarina-defensor-publico\/\" target=\"_blank\" rel=\"noreferrer noopener\">DPS SC Defensor<\/a><\/li><li><strong>Edital: <\/strong><a href=\"https:\/\/dhg1h5j42swfq.cloudfront.net\/2021\/09\/03112700\/dpe-sc.pdf\" target=\"_blank\" rel=\"noreferrer noopener nofollow\">Edital DPE-SC 2021<\/a><\/li><\/ul>\n\n\n\n<h3 class=\"wp-block-heading\"><a href=\"https:\/\/www.estrategiaconcursos.com.br\/blog\/concurso-dpe-rs-defensor\/\" target=\"_blank\" rel=\"noreferrer noopener\">Concurso DPE RS Defensor<\/a><\/h3>\n\n\n\n<p>A Defensoria do Rio Grande do Sul tamb\u00e9m deu as caras, ofertando 10 vagas para <span style=\"font-size: revert; color: initial;\">Defensor P\u00fablico Substituto<\/span>. A organiza\u00e7\u00e3o \u00e9 do Cebraspe e as prova ser\u00e3o realizadas no in\u00edcio de 2022.<\/p>\n\n\n\n<ul class=\"wp-block-list\" id=\"block-bbf7119f-5427-4ef3-a5ba-d19132ecf51d\"><li><strong>Banca<\/strong>: Cebraspe<\/li><li><strong>Per\u00edodo de inscri\u00e7\u00f5es<\/strong>: 08 de setembro a 07 de outubro<\/li><li><strong>Data da prova:<\/strong>&nbsp;09 de janeiro de 2022<\/li><li><strong>Vagas:<\/strong>&nbsp;10<\/li><li><strong>Cargos:<\/strong> Defensor P\u00fablico Substituto<\/li><li><strong>Sal\u00e1rio:&nbsp;<\/strong>R$ 22.213,43<\/li><li><strong>Curso:<\/strong>&nbsp;<a href=\"https:\/\/www.estrategiaconcursos.com.br\/cursosPorConcurso\/dpe-rs-defensor\/\" target=\"_blank\" rel=\"noreferrer noopener\">DPE RS Defensor<\/a><\/li><li><strong>Edital:<\/strong> <a href=\"https:\/\/dhg1h5j42swfq.cloudfront.net\/2021\/08\/31112320\/dpe-rs-defensor-1.pdf\" target=\"_blank\" rel=\"noreferrer noopener nofollow\">Edital DPE RS 2021<\/a><\/li><\/ul>\n\n\n\n<h3 class=\"wp-block-heading\" id=\"h-concurso-crp-ma\"><a href=\"https:\/\/www.estrategiaconcursos.com.br\/blog\/concurso-crp-ma\/\" target=\"_blank\" rel=\"noreferrer noopener\">Concurso CRP MA<\/a><\/h3>\n\n\n\n<p>O Conselho Regional de Psicologia do Maranh\u00e3o (22\u00aa Regi\u00e3o) oferta 3 vagas imediatas mais 57 vagas para forma\u00e7\u00e3o de cadastro de reserva, para cargos de n\u00edveis fundamental, m\u00e9dio e superior.<\/p>\n\n\n\n<ul class=\"wp-block-list\" id=\"block-bbf7119f-5427-4ef3-a5ba-d19132ecf51d\"><li><strong>Banca<\/strong>: Quadrix<\/li><li><strong>Per\u00edodo de inscri\u00e7\u00f5es<\/strong>:&nbsp;27 de agosto a 07 de outubro<\/li><li><strong>Data da prova:<\/strong>&nbsp;07 de novembro&nbsp;<\/li><li><strong>Vagas:<\/strong>&nbsp;3 + 57 CR<\/li><li><strong>Cargos:<\/strong>&nbsp;Auxiliar de Servi\u00e7os Gerais, Assistente T\u00e9cnico Administrativo e Psic\u00f3logo (T\u00e9cnico de Orienta\u00e7\u00e3o e Fiscaliza\u00e7\u00e3o)<\/li><li><strong>Sal\u00e1rio:<\/strong>&nbsp;R$ 1.101,95 a R$ 3.873,87<\/li><li><strong>Curso:<\/strong>&nbsp;<a href=\"https:\/\/www.estrategiaconcursos.com.br\/cursosPorConcurso\/conselho-regional-de-psicologia-do-maranhao-crp-ma\/\" target=\"_blank\" rel=\"noreferrer noopener\">CRP MA<\/a><\/li><li><strong>Edital<\/strong>:&nbsp;<a href=\"https:\/\/dhg1h5j42swfq.cloudfront.net\/2021\/08\/30132503\/edital_concurso_crp-ma_2021-1.pdf\" target=\"_blank\" rel=\"noreferrer noopener nofollow\">Edital CRP MA 2021<\/a><\/li><\/ul>\n\n\n\n<h3 class=\"wp-block-heading\" id=\"h-concurso-fito-osasco-sp\"><a href=\"https:\/\/www.estrategiaconcursos.com.br\/blog\/concurso-fito-osasco-professor\/\" target=\"_blank\" rel=\"noreferrer noopener\">Concurso FITO Osasco<\/a>&nbsp;(SP)<\/h3>\n\n\n\n<p>Foi publicado o&nbsp;edital do concurso&nbsp;<a href=\"http:\/\/fito.edu.br\/\" target=\"_blank\" rel=\"noreferrer noopener\">FITO Osasco<\/a>&nbsp;(Funda\u00e7\u00e3o Instituto Tecnol\u00f3gico de Osasco) para a \u00e1rea da educa\u00e7\u00e3o.&nbsp;S\u00e3o 7 vagas para&nbsp;Professor Polivalente \u2013 PEBI&nbsp;e 179 para&nbsp;Professor de Desenvolvimento Infantil.<\/p>\n\n\n\n<ul class=\"wp-block-list\" id=\"block-bbf7119f-5427-4ef3-a5ba-d19132ecf51d\"><li><strong>Banca<\/strong>: Vunesp<\/li><li><strong>Per\u00edodo de inscri\u00e7\u00f5es<\/strong>:&nbsp;13 de setembro a 18 de outubro<\/li><li><strong>Data da prova:<\/strong>&nbsp;05 de dezembro<\/li><li><strong>Vagas:<\/strong>&nbsp;186<\/li><li><strong>Cargos:<\/strong>&nbsp;Professor Polivalente \u2013 PEBI&nbsp;e&nbsp;Professor de Desenvolvimento Infantil<\/li><li><strong>Sal\u00e1rio:&nbsp;<\/strong>R$ 2.886,24 e R$ 2.970,52<\/li><li><strong>Curso:<\/strong>&nbsp;<a href=\"https:\/\/www.estrategiaconcursos.com.br\/cursos\/\" target=\"_blank\" rel=\"noreferrer noopener\">FITO Osasco<\/a><\/li><li><strong>Edital: <\/strong><a href=\"https:\/\/www.vunesp.com.br\/FITO2101\" target=\"_blank\" rel=\"noreferrer noopener nofollow\">Edital FITO Osasco 2021<\/a><\/li><\/ul>\n\n\n\n<h3 class=\"wp-block-heading\"><a href=\"https:\/\/www.estrategiaconcursos.com.br\/blog\/sao-sebastiao-selecao-guarda\/\" target=\"_blank\" rel=\"noreferrer noopener\">Concurso Guarda-Vidas S\u00e3o Sebasti\u00e3o<\/a>&nbsp;(SP)<\/h3>\n\n\n\n<p>O munic\u00edpio de S\u00e3o Sebasti\u00e3o, localizado no estado de S\u00e3o Paulo, abriu sele\u00e7\u00e3o para contrata\u00e7\u00e3o de Guarda-Vidas tempor\u00e1rio. Conforme o documento, s\u00e3o ofertadas 60 vagas de n\u00edvel fundamental.<\/p>\n\n\n\n<ul class=\"wp-block-list\" id=\"block-bbf7119f-5427-4ef3-a5ba-d19132ecf51d\"><li><strong>Banca<\/strong>: Banca pr\u00f3pria<\/li><li><strong>Per\u00edodo de inscri\u00e7\u00f5es<\/strong>:&nbsp;1\u00ba a 30 de setembro<\/li><li><strong>Data da prova:<\/strong>&nbsp;1\u00ba de outubro<\/li><li><strong>Vagas:<\/strong>&nbsp;60<\/li><li><strong>Cargos:<\/strong>&nbsp;Guarda-vidas<\/li><li><strong>Sal\u00e1rio:&nbsp;<\/strong>R$ 1.692,60 + VR e VT<\/li><li><strong>Curso:<\/strong>&nbsp;<a href=\"https:\/\/www.estrategiaconcursos.com.br\/cursos\/\" target=\"_blank\" rel=\"noreferrer noopener\">Guarda-vidas<\/a><\/li><li><strong>Edital: <\/strong><a href=\"https:\/\/dhg1h5j42swfq.cloudfront.net\/2021\/08\/30170857\/edital-concurso-sao-sebastiao-sp-2021-guarda-vidas-1.pdf\" target=\"_blank\" rel=\"noreferrer noopener nofollow\">Edital Guarda SS<\/a><\/li><\/ul>\n\n\n\n<h3 class=\"wp-block-heading\" id=\"h-concurso-cesama-mg\"><a href=\"https:\/\/www.estrategiaconcursos.com.br\/blog\/concurso-cesama\/\" target=\"_blank\" rel=\"noreferrer noopener\">Concurso CESAMA<\/a>&nbsp;(MG)<\/h3>\n\n\n\n<p>O edital da Companhia de Saneamento Municipal&nbsp;de Juiz de Fora oferta vagas imediatas e em cadastro reserva para cargos de n\u00edveis m\u00e9dio, t\u00e9cnico e superior.<\/p>\n\n\n\n<ul class=\"wp-block-list\" id=\"block-bbf7119f-5427-4ef3-a5ba-d19132ecf51d\"><li><strong>Banca<\/strong>: RBO&nbsp;<\/li><li><strong>Per\u00edodo de inscri\u00e7\u00f5es<\/strong>: 03 de novembro a 02 de dezembro<\/li><li><strong>Data da prova:<\/strong>&nbsp;23 de janeiro de 2022<\/li><li><strong>Vagas:<\/strong>&nbsp;18 + CR<\/li><li><strong>Cargos:<\/strong>&nbsp;V\u00e1rios<\/li><li><strong>Sal\u00e1rio:&nbsp;<\/strong>R$ 1.934,81 a R$ 6.325,92<\/li><li><strong>Edital<\/strong>:&nbsp;<a href=\"https:\/\/dhg1h5j42swfq.cloudfront.net\/2021\/09\/01094421\/1_120147-1.pdf\" target=\"_blank\" rel=\"noreferrer noopener nofollow\">Cesama 2021<\/a><\/li><li><strong>Curso:<\/strong>&nbsp;<a href=\"https:\/\/www.estrategiaconcursos.com.br\/cursos\/\" target=\"_blank\" rel=\"noreferrer noopener\">CESAMA<\/a><\/li><\/ul>\n\n\n\n<h3 class=\"wp-block-heading\" id=\"h-concurso-saae-atibaia-sp\"><a href=\"https:\/\/www.estrategiaconcursos.com.br\/blog\/concurso-saae-atibaia\/\" target=\"_blank\" rel=\"noreferrer noopener\">Concurso SAAE Atibaia<\/a>&nbsp;(SP)<\/h3>\n\n\n\n<p>O edital da empresa de Saneamento Ambiental de Atibaia oferta tr\u00eas vagas imediatas ao cargo de&nbsp;Agente Operacional, que exige forma\u00e7\u00e3o em n\u00edvel fundamental e CNH categoria \u201cB\u201d, al\u00e9m de no\u00e7\u00f5es de inform\u00e1tica.<\/p>\n\n\n\n<ul class=\"wp-block-list\" id=\"block-bbf7119f-5427-4ef3-a5ba-d19132ecf51d\"><li><strong>Banca<\/strong>: IBAM<\/li><li><strong>Per\u00edodo de inscri\u00e7\u00f5es<\/strong>: 1\u00ba a 30 de setembro<\/li><li><strong>Data da prova:<\/strong>&nbsp;24 de outubro<\/li><li><strong>Vagas:<\/strong>&nbsp;03<\/li><li><strong>Cargos:<\/strong>&nbsp;Agente Operacional<\/li><li><strong>Sal\u00e1rio:&nbsp;<\/strong>R$ 1.324,95<\/li><li><strong>Edital:<\/strong>&nbsp;<a href=\"https:\/\/dhg1h5j42swfq.cloudfront.net\/2021\/09\/01122017\/01-edital-de-abertura.pdf\" target=\"_blank\" rel=\"noreferrer noopener nofollow\">SAAE Atibaia 2021<\/a><\/li><li><strong>Curso:<\/strong>&nbsp;<a href=\"https:\/\/www.estrategiaconcursos.com.br\/cursosPorConcurso\/companhia-de-saneamento-ambiental-de-atibaia-saae-atibaia\/\" target=\"_blank\" rel=\"noreferrer noopener\">SAAE Atibaia<\/a><\/li><\/ul>\n\n\n\n<h3 class=\"wp-block-heading\" id=\"h-concurso-resid-ncia-presidente-prudente-sp\"><a href=\"https:\/\/www.estrategiaconcursos.com.br\/blog\/residencia-presidente-prudente\/\" target=\"_blank\" rel=\"noreferrer noopener\">Concurso Resid\u00eancia Presidente Prudente<\/a>&nbsp;(SP)<\/h3>\n\n\n\n<p>O processo seletivo para Resid\u00eancia no&nbsp;<a href=\"https:\/\/www.hrpresidenteprudente.org.br\/\" target=\"_blank\" rel=\"noreferrer noopener\">Hospital Regional de Presidente Prudente<\/a>&nbsp;oferta 81 vagas em diversas especialidades, com pr\u00e9-requisito em Pediatria, Cirurgia Geral, Cl\u00ednica M\u00e9dica ou acesso direto.<\/p>\n\n\n\n<ul class=\"wp-block-list\" id=\"block-bbf7119f-5427-4ef3-a5ba-d19132ecf51d\"><li><strong>Banca<\/strong>: Vunesp<\/li><li><strong>Per\u00edodo de inscri\u00e7\u00f5es<\/strong>: 17 de setembro a 18 de outubro<\/li><li><strong>Data da prova:<\/strong>&nbsp;14 de novembro<\/li><li><strong>Vagas:<\/strong>&nbsp;81<\/li><li><strong>Especialidades:<\/strong>&nbsp;V\u00e1rias<\/li><li><strong>Bolsa aux\u00edlio:<\/strong>&nbsp;R$ 1.916,45 (Lei Federal n\u00ba 11.381, de 01\/12\/2006)<\/li><li><strong>Edital:<\/strong>&nbsp;<a href=\"https:\/\/dhg1h5j42swfq.cloudfront.net\/2021\/09\/01154409\/2021.pdf\" target=\"_blank\" rel=\"noreferrer noopener nofollow\">Edital Resid\u00eancia PP<\/a><\/li><li><strong>Curso:<\/strong>&nbsp;<a href=\"https:\/\/www.estrategiaconcursos.com.br\/cursos\/\" target=\"_blank\" rel=\"noreferrer noopener\">Resid\u00eancia Presidente Prudente<\/a><\/li><\/ul>\n\n\n\n<h3 class=\"wp-block-heading\" id=\"h-concurso-tj-ro\"><a href=\"https:\/\/www.estrategiaconcursos.com.br\/blog\/concurso-tj-ro\/\" target=\"_blank\" rel=\"noreferrer noopener\">Concurso TJ RO<\/a><\/h3>\n\n\n\n<p>O&nbsp;<a href=\"https:\/\/conhecimento.fgv.br\/concursos\/tjro21\" target=\"_blank\" rel=\"noreferrer noopener\">Tribunal de Justi\u00e7a de Rond\u00f4nia<\/a>&nbsp;trouxe 43 vagas imediatas para o \u00f3rg\u00e3o, al\u00e9m de vagas em cadastro reserva para o Tribunal de Contas do Estado.<\/p>\n\n\n\n<ul class=\"wp-block-list\" id=\"block-bbf7119f-5427-4ef3-a5ba-d19132ecf51d\"><li><strong>Banca<\/strong>: FGV<\/li><li><strong>Per\u00edodo de inscri\u00e7\u00f5es<\/strong>: 06 a 29 de setembro<\/li><li><strong>Data da prova:<\/strong>&nbsp;31 de outubro<\/li><li><strong>Vagas:<\/strong>&nbsp;43<\/li><li><strong>Cargos:<\/strong>&nbsp;Analista e T\u00e9cnico Judici\u00e1rio<\/li><li><strong>Sal\u00e1rio:&nbsp;<\/strong>R$ 5.397,24 e R$ 8.223,41<\/li><li><strong>Edital<\/strong>:&nbsp;<a href=\"https:\/\/dhg1h5j42swfq.cloudfront.net\/2021\/09\/02084101\/tj-ro-2021.pdf\" target=\"_blank\" rel=\"noreferrer noopener nofollow\">Edital TJ RO 2021<\/a><\/li><li><strong>Curso:<\/strong>&nbsp;<a href=\"https:\/\/www.estrategiaconcursos.com.br\/cursosPorConcurso\/tj-ro-tribunal-de-justica-de-rondonia-395\/\" target=\"_blank\" rel=\"noreferrer noopener\">TJ RO<\/a><\/li><\/ul>\n\n\n\n<h3 class=\"wp-block-heading\" id=\"h-processo-seletivo-tj-to\"><a href=\"https:\/\/www.estrategiaconcursos.com.br\/blog\/pss-tj-to\/\" target=\"_blank\" rel=\"noreferrer noopener\">Processo seletivo TJ TO<\/a><\/h3>\n\n\n\n<p>O Tribunal de Justi\u00e7a do Tocantins abriu processo seletivo para contrata\u00e7\u00e3o de 360 profissionais nas&nbsp;<a href=\"https:\/\/www.estrategiaconcursos.com.br\/blog\/concursos-ti-2021\/\" target=\"_blank\" rel=\"noreferrer noopener\">\u00e1reas de TI<\/a>,&nbsp;<a href=\"https:\/\/www.estrategiaconcursos.com.br\/blog\/concursos-contabilidade-2021\/\" target=\"_blank\" rel=\"noreferrer noopener\">Contabilidade<\/a>&nbsp;e Judici\u00e1rio\/Administrativo. A avalia\u00e7\u00e3o dos candidatos ser\u00e1 feita por avalia\u00e7\u00e3o de t\u00edtulos\/curricular.<\/p>\n\n\n\n<ul class=\"wp-block-list\" id=\"block-bbf7119f-5427-4ef3-a5ba-d19132ecf51d\"><li><strong>Banca<\/strong>: TJ TO<\/li><li><strong>Per\u00edodo de inscri\u00e7\u00f5es<\/strong>: 02 e 03 de setembro<\/li><li><strong>An\u00e1lise Curricular<\/strong>: 02 e 03 de setembro<\/li><li><strong>Avalia\u00e7\u00e3o de T\u00edtulos:<\/strong>&nbsp;11 a 17 de setembro&nbsp;<\/li><li><strong>Vagas:<\/strong>&nbsp;60 + 300 CR<\/li><li><strong>Cargos:<\/strong>&nbsp;V\u00e1rios<\/li><li><strong>Sal\u00e1rio:&nbsp;<\/strong>R$ 5.625,38 a R$ 9.417,98<\/li><li><strong>Edital<\/strong>:&nbsp;<a href=\"https:\/\/dhg1h5j42swfq.cloudfront.net\/2021\/09\/02120446\/4059-1.pdf\" target=\"_blank\" rel=\"noreferrer noopener nofollow\">Edital pss TJ TO<\/a><\/li><\/ul>\n\n\n\n<h3 class=\"wp-block-heading\" id=\"h-concurso-tce-ro\"><a href=\"https:\/\/www.estrategiaconcursos.com.br\/blog\/concurso-tce-ro\/\" target=\"_blank\" rel=\"noreferrer noopener\">Concurso TCE RO<\/a><\/h3>\n\n\n\n<p>Com vagas em cadastro reserva, o Tribunal de Contas de Rond\u00f4nia possui, atualmente, 5 cargos vagos de Analista de TI, fun\u00e7\u00e3o ofertada no edital.<\/p>\n\n\n\n<ul class=\"wp-block-list\" id=\"block-bbf7119f-5427-4ef3-a5ba-d19132ecf51d\"><li><strong>Banca<\/strong>: FGV<\/li><li><strong>Per\u00edodo de inscri\u00e7\u00f5es<\/strong>: 06 a 29 de setembro<\/li><li><strong>Data da prova:<\/strong>&nbsp;31 de outubro<\/li><li><strong>Vagas:<\/strong>&nbsp;CR<\/li><li><strong>Cargos:<\/strong>&nbsp;Analista de TI \u2013 Desenvolvimento de Sistemas<\/li><li><strong>Sal\u00e1rio:&nbsp;<\/strong>R$ 9.834,51<\/li><li><strong>Edital<\/strong>:&nbsp;<a href=\"https:\/\/dhg1h5j42swfq.cloudfront.net\/2021\/09\/02115922\/edital_abertura_tjro_tcero_02-09-2021-1.pdf\" target=\"_blank\" rel=\"noreferrer noopener nofollow\">Edital TCE RO 2021<\/a><\/li><li><strong>Curso:<\/strong>&nbsp;<a href=\"https:\/\/www.estrategiaconcursos.com.br\/cursosPorConcurso\/tribunal-de-contas-do-estado-de-rondonia-tce-ro\/\" target=\"_blank\" rel=\"noreferrer noopener\">TCE RO<\/a><\/li><\/ul>\n\n\n\n<h3 class=\"wp-block-heading\" id=\"h-concurso-prefeitura-de-alvorada-rs\"><a href=\"https:\/\/www.estrategiaconcursos.com.br\/blog\/concurso-alvorada-rs\/\" target=\"_blank\" rel=\"noreferrer noopener\">Concurso Prefeitura de Alvorada<\/a>&nbsp;(RS)<\/h3>\n\n\n\n<p>Foram publicados tr\u00eas editais para o concurso publico da&nbsp;Prefeitura de Alvorada. S\u00e3o ofertadas&nbsp;142 vagas imediatas mais forma\u00e7\u00e3o de cadastro reserva, para as \u00e1reas da sa\u00fade, educa\u00e7\u00e3o e administrativa.<\/p>\n\n\n\n<ul class=\"wp-block-list\" id=\"block-bbf7119f-5427-4ef3-a5ba-d19132ecf51d\"><li><strong>Banca<\/strong>: Legalle Concursos<\/li><li><strong>Per\u00edodo de inscri\u00e7\u00f5es<\/strong>: 1\u00ba a 30 de setembro<\/li><li><strong>Data da prova:<\/strong>&nbsp;31 de outubro, 07 e 14 de novembro<\/li><li><strong>Vagas:<\/strong>&nbsp;142 + CR<\/li><li><strong>Cargos:<\/strong>&nbsp;V\u00e1rios<\/li><li><strong>Sal\u00e1rio:&nbsp;<\/strong>R$ 1.292,07 a R$ 14.104,2995<\/li><li><strong>Editais:&nbsp;<\/strong><a href=\"https:\/\/dhg1h5j42swfq.cloudfront.net\/2021\/09\/01152824\/bb05d869b83384be52f3206621510e1b.pdf\" target=\"_blank\" rel=\"noreferrer noopener nofollow\">Edital 01<\/a>&nbsp;|&nbsp;<a href=\"https:\/\/dhg1h5j42swfq.cloudfront.net\/2021\/09\/01152819\/3a9367d3c9d6ed88c75523018c055a09.pdf\" target=\"_blank\" rel=\"noreferrer noopener nofollow\">Edital 02<\/a>&nbsp;|&nbsp;<a href=\"https:\/\/dhg1h5j42swfq.cloudfront.net\/2021\/09\/01152815\/a5d0cc12ee1f55eb3a1b64dccaa163d9.pdf\" target=\"_blank\" rel=\"noreferrer noopener nofollow\">Edital 03<\/a><\/li><li><strong>Curso:<\/strong>&nbsp;<a href=\"https:\/\/www.estrategiaconcursos.com.br\/cursos\/\" target=\"_blank\" rel=\"noreferrer noopener\">Prefeitura de Alvorada<\/a><\/li><\/ul>\n\n\n\n<h3 class=\"wp-block-heading\" id=\"h-concurso-prefeitura-de-sumar-sp\"><a href=\"https:\/\/www.estrategiaconcursos.com.br\/blog\/concurso-educacao-sumare\/\" target=\"_blank\" rel=\"noreferrer noopener\">Concurso Prefeitura de Sumar\u00e9<\/a>&nbsp;(SP)<\/h3>\n\n\n\n<p>A Prefeitura de Sumar\u00e9, munic\u00edpio do estado de S\u00e3o Paulo, trouxe vagas para a \u00e1rea da educa\u00e7\u00e3o, principalmente para Professor Municipal II.<\/p>\n\n\n\n<ul class=\"wp-block-list\" id=\"block-bbf7119f-5427-4ef3-a5ba-d19132ecf51d\"><li><strong>Banca<\/strong>: IGECS<\/li><li><strong>Per\u00edodo de inscri\u00e7\u00f5es<\/strong>: 01 a 27 de setembro<\/li><li><strong>Data da prova:<\/strong>&nbsp;17 de outubro<\/li><li><strong>Vagas:<\/strong>&nbsp;69<\/li><li><strong>Cargos:<\/strong>&nbsp;V\u00e1rios<\/li><li><strong>Sal\u00e1rio:&nbsp;<\/strong>R$ 1.580,64 a R$ 3.751,72<\/li><li><strong>Edital<\/strong>:&nbsp;<a href=\"https:\/\/dhg1h5j42swfq.cloudfront.net\/2021\/09\/02100613\/edital-sumare-edu.pdf\" target=\"_blank\" rel=\"noreferrer noopener nofollow\">Edital Sumar\u00e9<\/a><\/li><li><strong>Curso:<\/strong>&nbsp;<a href=\"https:\/\/www.estrategiaconcursos.com.br\/cursosPorConcurso\/prefeitura-municipal-de-sumare-sp\/\" target=\"_blank\" rel=\"noreferrer noopener\">Prefeitura de Sumar\u00e9<\/a><\/li><\/ul>\n\n\n\n<p class=\"has-text-align-center\"><em>Quer ficar informado tamb\u00e9m sobre as not\u00edcias mais importantes que sa\u00edram hoje? Ent\u00e3o n\u00e3o deixe de conferir nosso artigo com o resumo do dia! Acesse:<\/em><\/p>\n\n\n\n<p class=\"has-text-align-center has-luminous-vivid-amber-background-color has-background\"><strong>Veja tamb\u00e9m: <a href=\"https:\/\/www.estrategiaconcursos.com.br\/blog\/principais-noticias-do-dia\/\" target=\"_blank\" rel=\"noreferrer noopener\">Principais not\u00edcias do dia<\/a><\/strong><\/p>\n\n\n\n<div class=\"wp-block-image\"><figure class=\"aligncenter size-large is-resized\"><img loading=\"lazy\" decoding=\"async\" src=\"https:\/\/dhg1h5j42swfq.cloudfront.net\/2020\/09\/18141901\/Coruja_Concursos%404x-506x1024.png\" alt=\"Concurso P\u00fablico: xx editais publicados hoje (xx\/08)\" class=\"wp-image-574355\" width=\"35\" height=\"71\" srcset=\"https:\/\/dhg1h5j42swfq.cloudfront.net\/2020\/09\/18141901\/Coruja_Concursos%404x-506x1024.png 506w, https:\/\/dhg1h5j42swfq.cloudfront.net\/2020\/09\/18141901\/Coruja_Concursos%404x-148x300.png 148w, https:\/\/dhg1h5j42swfq.cloudfront.net\/2020\/09\/18141901\/Coruja_Concursos%404x-610x1236.png 610w, https:\/\/dhg1h5j42swfq.cloudfront.net\/2020\/09\/18141901\/Coruja_Concursos%404x.png 745w\" sizes=\"auto, (max-width: 35px) 100vw, 35px\" \/><\/figure><\/div>\n\n\n\n<div class=\"container\" id=\"boxes\">\n  <div class=\"row\">\n\n    <div class=\"col-sm\">\n      <div class=\"estrategia\" id=\"box-assinatura\">\n        <h3 class=\"titulo-assinatura\">Assinatura Concursos<\/h3>\n        <p class=\"subtitulo-assinatura\">Assinatura de 1 ano ou 2 anos<\/p>\n        <div class=\"box-botao\">\n          <a class=\"btn-assinatura\" target=\"_blank\" href=\"https:\/\/www.estrategiaconcursos.com.br\/assinaturas\/\" role=\"button\" rel=\"noopener noreferrer\">ASSINE AGORA<\/a>\n        <\/div>\n      <\/div><\/div><\/div><\/div>\n\n\n\n<div class=\"container\" id=\"boxes\">\n  <div class=\"row\">\n\n    <div class=\"col-sm\" id=\"boxes-concursos\">\n      <div style=\"background-color: #005DAD;\" class=\"conteudo-concursos\" id=\"box-concursos\">\n        <h3 class=\"titulo-assinatura\">Concursos Abertos<\/h3>\n        <p class=\"subtitulo-assinatura\">Confira os editais publicados<\/p>\n        <div class=\"box-botao\">\n          <a class=\"btn-assinatura\" target=\"_blank\" href=\"https:\/\/www.estrategiaconcursos.com.br\/blog\/concursos-abertos\/\" role=\"button\" rel=\"noopener noreferrer\">Conhe\u00e7a Agora<\/a>\n        <\/div>\n      <\/div>\n    <\/div>\n\n    <div class=\"col-sm\" id=\"boxes-concursos\">\n      <div style=\"background-color: #1A7ED5;\" class=\"conteudo-concursos\" id=\"box-concursos\">\n        <h3 class=\"titulo-assinatura\">Concursos 2021<\/h3>\n        <p class=\"subtitulo-assinatura\">As oportunidades previstas<\/p>\n        <div class=\"box-botao\">\n          <a class=\"btn-assinatura\" target=\"_blank\" href=\"https:\/\/www.estrategiaconcursos.com.br\/blog\/concursos-2021\/\" role=\"button\" rel=\"noopener noreferrer\">Conhe\u00e7a Agora<\/a>\n        <\/div>\n      <\/div>\n    <\/div>\n\n    <div class=\"col-sm\" id=\"boxes-concursos\">\n      <div style=\"background-color: #419FF0;\" class=\"conteudo-concursos\" id=\"box-concursos\">\n        <h3 class=\"titulo-assinatura\">Concursos 2022<\/h3>\n        <p class=\"subtitulo-assinatura\">Vagas para o pr\u00f3ximo ano<\/p>\n        <div class=\"box-botao\">\n          <a class=\"btn-assinatura\" target=\"_blank\" href=\"https:\/\/www.estrategiaconcursos.com.br\/blog\/concursos-2022\/\" role=\"button\" rel=\"noopener noreferrer\">Conhe\u00e7a Agora<\/a>\n        <\/div>\n      <\/div>\n    <\/div>\n\n  <\/div>\n<\/div>\n","protected":false},"excerpt":{"rendered":"<p>A primeira semana do m\u00eas de setembro vai chegando a seu fim, mas recheada de editais em diversas \u00e1reas. o destaque vai para as Defensorias P\u00fablicas. S\u00f3 nos \u00faltimos dias foram tr\u00eas certames! No total, foram 16 editais publicados, somando 1.043 vagas, al\u00e9m de forma\u00e7\u00e3o de cadastro reserva. E aten\u00e7\u00e3o, pois muitos j\u00e1 se encontram [&hellip;]<\/p>\n","protected":false},"author":659,"featured_media":825598,"comment_status":"open","ping_status":"closed","sticky":false,"template":"","format":"standard","meta":{"post_tipo":"news","footnotes":""},"categories":[1,220219],"tags":[],"tax_estado":[219963],"class_list":["post-853442","post","type-post","status-publish","format-standard","has-post-thumbnail","hentry","category-cursos-e-concursos","category-noticias","tax_estado-concursos-federais"],"acf":[],"yoast_head":"<!-- This site is optimized with the Yoast SEO Premium plugin v27.2 (Yoast SEO v27.2) - https:\/\/yoast.com\/product\/yoast-seo-premium-wordpress\/ -->\n<title>Concurso P\u00fablico: 16 editais esta semana! Mais de mil vagas<\/title>\n<meta name=\"description\" content=\"Concurso P\u00fablico 2021: 16 editais sa\u00edram ao longo desta semana (30\/08 a 04\/09). Confira n\u00famero de vagas, remunera\u00e7\u00e3o e principais datas!\" \/>\n<meta name=\"robots\" content=\"index, follow, max-snippet:-1, max-image-preview:large, max-video-preview:-1\" \/>\n<link rel=\"canonical\" href=\"https:\/\/www.estrategiaconcursos.com.br\/blog\/concurso-publico-editais-da-semana-30-08-a-04-09\/\" \/>\n<meta property=\"og:locale\" content=\"pt_BR\" \/>\n<meta property=\"og:type\" content=\"article\" \/>\n<meta property=\"og:title\" content=\"Concurso P\u00fablico: 16 editais esta semana! Mais de mil vagas\" \/>\n<meta property=\"og:description\" content=\"Concurso P\u00fablico 2021: 16 editais sa\u00edram ao longo desta semana (30\/08 a 04\/09). Confira n\u00famero de vagas, remunera\u00e7\u00e3o e principais datas!\" \/>\n<meta property=\"og:url\" content=\"https:\/\/www.estrategiaconcursos.com.br\/blog\/concurso-publico-editais-da-semana-30-08-a-04-09\/\" \/>\n<meta property=\"og:site_name\" content=\"Estrat\u00e9gia Concursos\" \/>\n<meta property=\"article:published_time\" content=\"2021-09-03T21:00:00+00:00\" \/>\n<meta property=\"article:modified_time\" content=\"2021-09-10T16:32:59+00:00\" \/>\n<meta property=\"og:image\" content=\"https:\/\/dhg1h5j42swfq.cloudfront.net\/2021\/07\/30103727\/concursos-2021-1.jpg\" \/>\n\t<meta property=\"og:image:width\" content=\"1200\" \/>\n\t<meta property=\"og:image:height\" content=\"628\" \/>\n\t<meta property=\"og:image:type\" content=\"image\/jpeg\" \/>\n<meta name=\"author\" content=\"Camila Leite\" \/>\n<meta name=\"twitter:card\" content=\"summary_large_image\" \/>\n<meta name=\"twitter:creator\" content=\"@EstratConcursos\" \/>\n<meta name=\"twitter:site\" content=\"@EstratConcursos\" \/>\n<meta name=\"twitter:label1\" content=\"Escrito por\" \/>\n\t<meta name=\"twitter:data1\" content=\"Camila Leite\" \/>\n\t<meta name=\"twitter:label2\" content=\"Est. tempo de leitura\" \/>\n\t<meta name=\"twitter:data2\" content=\"6 minutos\" \/>\n<script type=\"application\/ld+json\" class=\"yoast-schema-graph\">{\"@context\":\"https:\/\/schema.org\",\"@graph\":[{\"@type\":\"NewsArticle\",\"@id\":\"https:\/\/www.estrategiaconcursos.com.br\/blog\/concurso-publico-editais-da-semana-30-08-a-04-09\/#article\",\"isPartOf\":{\"@id\":\"https:\/\/www.estrategiaconcursos.com.br\/blog\/concurso-publico-editais-da-semana-30-08-a-04-09\/\"},\"author\":{\"name\":\"Camila Leite\",\"@id\":\"https:\/\/www.estrategiaconcursos.com.br\/blog\/#\/schema\/person\/84ecdc6eb58d3cf1689bf76c5cd8fb38\"},\"headline\":\"Concurso P\u00fablico: 16 editais esta semana! Mais de mil vagas\",\"datePublished\":\"2021-09-03T21:00:00+00:00\",\"dateModified\":\"2021-09-10T16:32:59+00:00\",\"mainEntityOfPage\":{\"@id\":\"https:\/\/www.estrategiaconcursos.com.br\/blog\/concurso-publico-editais-da-semana-30-08-a-04-09\/\"},\"wordCount\":1298,\"commentCount\":0,\"publisher\":{\"@id\":\"https:\/\/www.estrategiaconcursos.com.br\/blog\/#organization\"},\"image\":{\"@id\":\"https:\/\/www.estrategiaconcursos.com.br\/blog\/concurso-publico-editais-da-semana-30-08-a-04-09\/#primaryimage\"},\"thumbnailUrl\":\"https:\/\/dhg1h5j42swfq.cloudfront.net\/2021\/07\/30103727\/concursos-2021-1.jpg\",\"articleSection\":[\"Concursos P\u00fablicos\",\"\u00daltimas not\u00edcias\"],\"inLanguage\":\"pt-BR\",\"potentialAction\":[{\"@type\":\"CommentAction\",\"name\":\"Comment\",\"target\":[\"https:\/\/www.estrategiaconcursos.com.br\/blog\/concurso-publico-editais-da-semana-30-08-a-04-09\/#respond\"]}],\"copyrightYear\":\"2021\",\"copyrightHolder\":{\"@id\":\"https:\/\/www.estrategiaconcursos.com.br\/blog\/#organization\"}},{\"@type\":\"WebPage\",\"@id\":\"https:\/\/www.estrategiaconcursos.com.br\/blog\/concurso-publico-editais-da-semana-30-08-a-04-09\/\",\"url\":\"https:\/\/www.estrategiaconcursos.com.br\/blog\/concurso-publico-editais-da-semana-30-08-a-04-09\/\",\"name\":\"Concurso P\u00fablico: 16 editais esta semana! Mais de mil vagas\",\"isPartOf\":{\"@id\":\"https:\/\/www.estrategiaconcursos.com.br\/blog\/#website\"},\"primaryImageOfPage\":{\"@id\":\"https:\/\/www.estrategiaconcursos.com.br\/blog\/concurso-publico-editais-da-semana-30-08-a-04-09\/#primaryimage\"},\"image\":{\"@id\":\"https:\/\/www.estrategiaconcursos.com.br\/blog\/concurso-publico-editais-da-semana-30-08-a-04-09\/#primaryimage\"},\"thumbnailUrl\":\"https:\/\/dhg1h5j42swfq.cloudfront.net\/2021\/07\/30103727\/concursos-2021-1.jpg\",\"datePublished\":\"2021-09-03T21:00:00+00:00\",\"dateModified\":\"2021-09-10T16:32:59+00:00\",\"description\":\"Concurso P\u00fablico 2021: 16 editais sa\u00edram ao longo desta semana (30\/08 a 04\/09). Confira n\u00famero de vagas, remunera\u00e7\u00e3o e principais datas!\",\"breadcrumb\":{\"@id\":\"https:\/\/www.estrategiaconcursos.com.br\/blog\/concurso-publico-editais-da-semana-30-08-a-04-09\/#breadcrumb\"},\"inLanguage\":\"pt-BR\",\"potentialAction\":[{\"@type\":\"ReadAction\",\"target\":[\"https:\/\/www.estrategiaconcursos.com.br\/blog\/concurso-publico-editais-da-semana-30-08-a-04-09\/\"]}]},{\"@type\":\"ImageObject\",\"inLanguage\":\"pt-BR\",\"@id\":\"https:\/\/www.estrategiaconcursos.com.br\/blog\/concurso-publico-editais-da-semana-30-08-a-04-09\/#primaryimage\",\"url\":\"https:\/\/dhg1h5j42swfq.cloudfront.net\/2021\/07\/30103727\/concursos-2021-1.jpg\",\"contentUrl\":\"https:\/\/dhg1h5j42swfq.cloudfront.net\/2021\/07\/30103727\/concursos-2021-1.jpg\",\"width\":1200,\"height\":628,\"caption\":\"editais semana\"},{\"@type\":\"BreadcrumbList\",\"@id\":\"https:\/\/www.estrategiaconcursos.com.br\/blog\/concurso-publico-editais-da-semana-30-08-a-04-09\/#breadcrumb\",\"itemListElement\":[{\"@type\":\"ListItem\",\"position\":1,\"name\":\"In\u00edcio\",\"item\":\"https:\/\/www.estrategiaconcursos.com.br\/blog\/\"},{\"@type\":\"ListItem\",\"position\":2,\"name\":\"Concurso P\u00fablico: 16 editais esta semana! Mais de mil vagas\"}]},{\"@type\":\"WebSite\",\"@id\":\"https:\/\/www.estrategiaconcursos.com.br\/blog\/#website\",\"url\":\"https:\/\/www.estrategiaconcursos.com.br\/blog\/\",\"name\":\"Estrat\u00e9gia Concursos\",\"description\":\"O blog da Estrat\u00e9gia Concursos traz not\u00edcias sobre concursos e artigos de professores oferecendo cursos para concursos (pdf + videaulas) no site.\",\"publisher\":{\"@id\":\"https:\/\/www.estrategiaconcursos.com.br\/blog\/#organization\"},\"potentialAction\":[{\"@type\":\"SearchAction\",\"target\":{\"@type\":\"EntryPoint\",\"urlTemplate\":\"https:\/\/www.estrategiaconcursos.com.br\/blog\/?s={search_term_string}\"},\"query-input\":{\"@type\":\"PropertyValueSpecification\",\"valueRequired\":true,\"valueName\":\"search_term_string\"}}],\"inLanguage\":\"pt-BR\"},{\"@type\":\"Organization\",\"@id\":\"https:\/\/www.estrategiaconcursos.com.br\/blog\/#organization\",\"name\":\"Estrat\u00e9gia Concursos\",\"url\":\"https:\/\/www.estrategiaconcursos.com.br\/blog\/\",\"logo\":{\"@type\":\"ImageObject\",\"inLanguage\":\"pt-BR\",\"@id\":\"https:\/\/www.estrategiaconcursos.com.br\/blog\/#\/schema\/logo\/image\/\",\"url\":\"https:\/\/dhg1h5j42swfq.cloudfront.net\/2025\/06\/03203428\/logo_concursos-1.jpg\",\"contentUrl\":\"https:\/\/dhg1h5j42swfq.cloudfront.net\/2025\/06\/03203428\/logo_concursos-1.jpg\",\"width\":230,\"height\":60,\"caption\":\"Estrat\u00e9gia Concursos\"},\"image\":{\"@id\":\"https:\/\/www.estrategiaconcursos.com.br\/blog\/#\/schema\/logo\/image\/\"},\"sameAs\":[\"https:\/\/x.com\/EstratConcursos\"]},{\"@type\":\"Person\",\"@id\":\"https:\/\/www.estrategiaconcursos.com.br\/blog\/#\/schema\/person\/84ecdc6eb58d3cf1689bf76c5cd8fb38\",\"name\":\"Camila Leite\",\"image\":{\"@type\":\"ImageObject\",\"inLanguage\":\"pt-BR\",\"@id\":\"https:\/\/secure.gravatar.com\/avatar\/f2f8faef639c8a2bfb7fb909912a56917f4c3a0aed064500168e2fb8ea55cf61?s=96&d=mm&r=g\",\"url\":\"https:\/\/secure.gravatar.com\/avatar\/f2f8faef639c8a2bfb7fb909912a56917f4c3a0aed064500168e2fb8ea55cf61?s=96&d=mm&r=g\",\"contentUrl\":\"https:\/\/secure.gravatar.com\/avatar\/f2f8faef639c8a2bfb7fb909912a56917f4c3a0aed064500168e2fb8ea55cf61?s=96&d=mm&r=g\",\"caption\":\"Camila Leite\"},\"description\":\"Formada em Design Gr\u00e1fico e em Propaganda e Marketing pela UNIP, integra a equipe de jornalismo do Estrat\u00e9gia Concursos desde 2018. Ao longo dos anos, construiu uma s\u00f3lida experi\u00eancia na produ\u00e7\u00e3o de conte\u00fado informativo e relevante para concurseiros. Desde 2020, atua na cobertura das \u00e1reas Fiscal \u2014 com \u00eanfase nas Secretarias de Fazenda (Sefaz) das regi\u00f5es Sul e Sudeste \u2014, al\u00e9m da cobertura de concursos federais, como CNU, Petrobras, CGU, Receita Federal, ag\u00eancias reguladoras (Anvisa, ANAC, entre outras) e INSS. Mant\u00e9m contato direto com os principais \u00f3rg\u00e3os p\u00fablicos, acompanhando editais, atualiza\u00e7\u00f5es e movimenta\u00e7\u00f5es importantes para os candidatos.\",\"sameAs\":[\"https:\/\/www.linkedin.com\/in\/camila-pinheiro-leite-9ba135b6\/\"],\"url\":\"https:\/\/www.estrategiaconcursos.com.br\/blog\/author\/camila-leiteestrategiaconcursos-com-br\/\"}]}<\/script>\n<!-- \/ Yoast SEO Premium plugin. -->","yoast_head_json":{"title":"Concurso P\u00fablico: 16 editais esta semana! Mais de mil vagas","description":"Concurso P\u00fablico 2021: 16 editais sa\u00edram ao longo desta semana (30\/08 a 04\/09). Confira n\u00famero de vagas, remunera\u00e7\u00e3o e principais datas!","robots":{"index":"index","follow":"follow","max-snippet":"max-snippet:-1","max-image-preview":"max-image-preview:large","max-video-preview":"max-video-preview:-1"},"canonical":"https:\/\/www.estrategiaconcursos.com.br\/blog\/concurso-publico-editais-da-semana-30-08-a-04-09\/","og_locale":"pt_BR","og_type":"article","og_title":"Concurso P\u00fablico: 16 editais esta semana! Mais de mil vagas","og_description":"Concurso P\u00fablico 2021: 16 editais sa\u00edram ao longo desta semana (30\/08 a 04\/09). Confira n\u00famero de vagas, remunera\u00e7\u00e3o e principais datas!","og_url":"https:\/\/www.estrategiaconcursos.com.br\/blog\/concurso-publico-editais-da-semana-30-08-a-04-09\/","og_site_name":"Estrat\u00e9gia Concursos","article_published_time":"2021-09-03T21:00:00+00:00","article_modified_time":"2021-09-10T16:32:59+00:00","og_image":[{"width":1200,"height":628,"url":"https:\/\/dhg1h5j42swfq.cloudfront.net\/2021\/07\/30103727\/concursos-2021-1.jpg","type":"image\/jpeg"}],"author":"Camila Leite","twitter_card":"summary_large_image","twitter_creator":"@EstratConcursos","twitter_site":"@EstratConcursos","twitter_misc":{"Escrito por":"Camila Leite","Est. tempo de leitura":"6 minutos"},"schema":{"@context":"https:\/\/schema.org","@graph":[{"@type":"NewsArticle","@id":"https:\/\/www.estrategiaconcursos.com.br\/blog\/concurso-publico-editais-da-semana-30-08-a-04-09\/#article","isPartOf":{"@id":"https:\/\/www.estrategiaconcursos.com.br\/blog\/concurso-publico-editais-da-semana-30-08-a-04-09\/"},"author":{"name":"Camila Leite","@id":"https:\/\/www.estrategiaconcursos.com.br\/blog\/#\/schema\/person\/84ecdc6eb58d3cf1689bf76c5cd8fb38"},"headline":"Concurso P\u00fablico: 16 editais esta semana! Mais de mil vagas","datePublished":"2021-09-03T21:00:00+00:00","dateModified":"2021-09-10T16:32:59+00:00","mainEntityOfPage":{"@id":"https:\/\/www.estrategiaconcursos.com.br\/blog\/concurso-publico-editais-da-semana-30-08-a-04-09\/"},"wordCount":1298,"commentCount":0,"publisher":{"@id":"https:\/\/www.estrategiaconcursos.com.br\/blog\/#organization"},"image":{"@id":"https:\/\/www.estrategiaconcursos.com.br\/blog\/concurso-publico-editais-da-semana-30-08-a-04-09\/#primaryimage"},"thumbnailUrl":"https:\/\/dhg1h5j42swfq.cloudfront.net\/2021\/07\/30103727\/concursos-2021-1.jpg","articleSection":["Concursos P\u00fablicos","\u00daltimas not\u00edcias"],"inLanguage":"pt-BR","potentialAction":[{"@type":"CommentAction","name":"Comment","target":["https:\/\/www.estrategiaconcursos.com.br\/blog\/concurso-publico-editais-da-semana-30-08-a-04-09\/#respond"]}],"copyrightYear":"2021","copyrightHolder":{"@id":"https:\/\/www.estrategiaconcursos.com.br\/blog\/#organization"}},{"@type":"WebPage","@id":"https:\/\/www.estrategiaconcursos.com.br\/blog\/concurso-publico-editais-da-semana-30-08-a-04-09\/","url":"https:\/\/www.estrategiaconcursos.com.br\/blog\/concurso-publico-editais-da-semana-30-08-a-04-09\/","name":"Concurso P\u00fablico: 16 editais esta semana! Mais de mil vagas","isPartOf":{"@id":"https:\/\/www.estrategiaconcursos.com.br\/blog\/#website"},"primaryImageOfPage":{"@id":"https:\/\/www.estrategiaconcursos.com.br\/blog\/concurso-publico-editais-da-semana-30-08-a-04-09\/#primaryimage"},"image":{"@id":"https:\/\/www.estrategiaconcursos.com.br\/blog\/concurso-publico-editais-da-semana-30-08-a-04-09\/#primaryimage"},"thumbnailUrl":"https:\/\/dhg1h5j42swfq.cloudfront.net\/2021\/07\/30103727\/concursos-2021-1.jpg","datePublished":"2021-09-03T21:00:00+00:00","dateModified":"2021-09-10T16:32:59+00:00","description":"Concurso P\u00fablico 2021: 16 editais sa\u00edram ao longo desta semana (30\/08 a 04\/09). Confira n\u00famero de vagas, remunera\u00e7\u00e3o e principais datas!","breadcrumb":{"@id":"https:\/\/www.estrategiaconcursos.com.br\/blog\/concurso-publico-editais-da-semana-30-08-a-04-09\/#breadcrumb"},"inLanguage":"pt-BR","potentialAction":[{"@type":"ReadAction","target":["https:\/\/www.estrategiaconcursos.com.br\/blog\/concurso-publico-editais-da-semana-30-08-a-04-09\/"]}]},{"@type":"ImageObject","inLanguage":"pt-BR","@id":"https:\/\/www.estrategiaconcursos.com.br\/blog\/concurso-publico-editais-da-semana-30-08-a-04-09\/#primaryimage","url":"https:\/\/dhg1h5j42swfq.cloudfront.net\/2021\/07\/30103727\/concursos-2021-1.jpg","contentUrl":"https:\/\/dhg1h5j42swfq.cloudfront.net\/2021\/07\/30103727\/concursos-2021-1.jpg","width":1200,"height":628,"caption":"editais semana"},{"@type":"BreadcrumbList","@id":"https:\/\/www.estrategiaconcursos.com.br\/blog\/concurso-publico-editais-da-semana-30-08-a-04-09\/#breadcrumb","itemListElement":[{"@type":"ListItem","position":1,"name":"In\u00edcio","item":"https:\/\/www.estrategiaconcursos.com.br\/blog\/"},{"@type":"ListItem","position":2,"name":"Concurso P\u00fablico: 16 editais esta semana! Mais de mil vagas"}]},{"@type":"WebSite","@id":"https:\/\/www.estrategiaconcursos.com.br\/blog\/#website","url":"https:\/\/www.estrategiaconcursos.com.br\/blog\/","name":"Estrat\u00e9gia Concursos","description":"O blog da Estrat\u00e9gia Concursos traz not\u00edcias sobre concursos e artigos de professores oferecendo cursos para concursos (pdf + videaulas) no site.","publisher":{"@id":"https:\/\/www.estrategiaconcursos.com.br\/blog\/#organization"},"potentialAction":[{"@type":"SearchAction","target":{"@type":"EntryPoint","urlTemplate":"https:\/\/www.estrategiaconcursos.com.br\/blog\/?s={search_term_string}"},"query-input":{"@type":"PropertyValueSpecification","valueRequired":true,"valueName":"search_term_string"}}],"inLanguage":"pt-BR"},{"@type":"Organization","@id":"https:\/\/www.estrategiaconcursos.com.br\/blog\/#organization","name":"Estrat\u00e9gia Concursos","url":"https:\/\/www.estrategiaconcursos.com.br\/blog\/","logo":{"@type":"ImageObject","inLanguage":"pt-BR","@id":"https:\/\/www.estrategiaconcursos.com.br\/blog\/#\/schema\/logo\/image\/","url":"https:\/\/dhg1h5j42swfq.cloudfront.net\/2025\/06\/03203428\/logo_concursos-1.jpg","contentUrl":"https:\/\/dhg1h5j42swfq.cloudfront.net\/2025\/06\/03203428\/logo_concursos-1.jpg","width":230,"height":60,"caption":"Estrat\u00e9gia Concursos"},"image":{"@id":"https:\/\/www.estrategiaconcursos.com.br\/blog\/#\/schema\/logo\/image\/"},"sameAs":["https:\/\/x.com\/EstratConcursos"]},{"@type":"Person","@id":"https:\/\/www.estrategiaconcursos.com.br\/blog\/#\/schema\/person\/84ecdc6eb58d3cf1689bf76c5cd8fb38","name":"Camila Leite","image":{"@type":"ImageObject","inLanguage":"pt-BR","@id":"https:\/\/secure.gravatar.com\/avatar\/f2f8faef639c8a2bfb7fb909912a56917f4c3a0aed064500168e2fb8ea55cf61?s=96&d=mm&r=g","url":"https:\/\/secure.gravatar.com\/avatar\/f2f8faef639c8a2bfb7fb909912a56917f4c3a0aed064500168e2fb8ea55cf61?s=96&d=mm&r=g","contentUrl":"https:\/\/secure.gravatar.com\/avatar\/f2f8faef639c8a2bfb7fb909912a56917f4c3a0aed064500168e2fb8ea55cf61?s=96&d=mm&r=g","caption":"Camila Leite"},"description":"Formada em Design Gr\u00e1fico e em Propaganda e Marketing pela UNIP, integra a equipe de jornalismo do Estrat\u00e9gia Concursos desde 2018. Ao longo dos anos, construiu uma s\u00f3lida experi\u00eancia na produ\u00e7\u00e3o de conte\u00fado informativo e relevante para concurseiros. Desde 2020, atua na cobertura das \u00e1reas Fiscal \u2014 com \u00eanfase nas Secretarias de Fazenda (Sefaz) das regi\u00f5es Sul e Sudeste \u2014, al\u00e9m da cobertura de concursos federais, como CNU, Petrobras, CGU, Receita Federal, ag\u00eancias reguladoras (Anvisa, ANAC, entre outras) e INSS. Mant\u00e9m contato direto com os principais \u00f3rg\u00e3os p\u00fablicos, acompanhando editais, atualiza\u00e7\u00f5es e movimenta\u00e7\u00f5es importantes para os candidatos.","sameAs":["https:\/\/www.linkedin.com\/in\/camila-pinheiro-leite-9ba135b6\/"],"url":"https:\/\/www.estrategiaconcursos.com.br\/blog\/author\/camila-leiteestrategiaconcursos-com-br\/"}]}},"_links":{"self":[{"href":"https:\/\/www.estrategiaconcursos.com.br\/blog\/wp-json\/wp\/v2\/posts\/853442","targetHints":{"allow":["GET"]}}],"collection":[{"href":"https:\/\/www.estrategiaconcursos.com.br\/blog\/wp-json\/wp\/v2\/posts"}],"about":[{"href":"https:\/\/www.estrategiaconcursos.com.br\/blog\/wp-json\/wp\/v2\/types\/post"}],"author":[{"embeddable":true,"href":"https:\/\/www.estrategiaconcursos.com.br\/blog\/wp-json\/wp\/v2\/users\/659"}],"replies":[{"embeddable":true,"href":"https:\/\/www.estrategiaconcursos.com.br\/blog\/wp-json\/wp\/v2\/comments?post=853442"}],"version-history":[{"count":9,"href":"https:\/\/www.estrategiaconcursos.com.br\/blog\/wp-json\/wp\/v2\/posts\/853442\/revisions"}],"predecessor-version":[{"id":853969,"href":"https:\/\/www.estrategiaconcursos.com.br\/blog\/wp-json\/wp\/v2\/posts\/853442\/revisions\/853969"}],"wp:featuredmedia":[{"embeddable":true,"href":"https:\/\/www.estrategiaconcursos.com.br\/blog\/wp-json\/wp\/v2\/media\/825598"}],"wp:attachment":[{"href":"https:\/\/www.estrategiaconcursos.com.br\/blog\/wp-json\/wp\/v2\/media?parent=853442"}],"wp:term":[{"taxonomy":"category","embeddable":true,"href":"https:\/\/www.estrategiaconcursos.com.br\/blog\/wp-json\/wp\/v2\/categories?post=853442"},{"taxonomy":"post_tag","embeddable":true,"href":"https:\/\/www.estrategiaconcursos.com.br\/blog\/wp-json\/wp\/v2\/tags?post=853442"},{"taxonomy":"tax_estado","embeddable":true,"href":"https:\/\/www.estrategiaconcursos.com.br\/blog\/wp-json\/wp\/v2\/tax_estado?post=853442"}],"curies":[{"name":"wp","href":"https:\/\/api.w.org\/{rel}","templated":true}]}}