{"id":852990,"date":"2021-09-11T11:42:00","date_gmt":"2021-09-11T14:42:00","guid":{"rendered":"https:\/\/www.estrategiaconcursos.com.br\/blog\/?p=852990"},"modified":"2021-09-09T16:36:02","modified_gmt":"2021-09-09T19:36:02","slug":"ipva-sefaz-rr","status":"publish","type":"post","link":"https:\/\/www.estrategiaconcursos.com.br\/blog\/ipva-sefaz-rr\/","title":{"rendered":"Aprenda sobre o IPVA para a SEFAZ RR na Lei 59\/93 do CTE"},"content":{"rendered":"\n<p>Confira neste artigo uma an\u00e1lise sobre o <strong>IPVA, <\/strong>presente na Lei 59\/1993 do <strong>C\u00f3digo Tribut\u00e1rio Estadual (CTE)<\/strong>, para a <strong>SEFAZ RR.<\/strong><\/p>\n\n\n\n<div class=\"wp-block-image\"><figure class=\"aligncenter size-full\"><img loading=\"lazy\" decoding=\"async\" width=\"379\" height=\"294\" src=\"https:\/\/dhg1h5j42swfq.cloudfront.net\/2021\/09\/03084939\/image-56.png\" alt=\"IPVA para SEFAZ RR\" class=\"wp-image-852998\" srcset=\"https:\/\/dhg1h5j42swfq.cloudfront.net\/2021\/09\/03084939\/image-56.png 379w, https:\/\/dhg1h5j42swfq.cloudfront.net\/2021\/09\/03084939\/image-56-300x233.png 300w\" sizes=\"auto, (max-width: 379px) 100vw, 379px\" \/><figcaption>IPVA para SEFAZ RR<\/figcaption><\/figure><\/div>\n\n\n\n<p>Ol\u00e1, pessoal! Como voc\u00eas est\u00e3o?<\/p>\n\n\n\n<p>O concurso da&nbsp;<strong>SEFAZ RR<\/strong> para Auditor Fiscal j\u00e1 est\u00e1 bem pr\u00f3ximo. Como anda a sua prepara\u00e7\u00e3o? Trata-se de uma grande oportunidade, j\u00e1 que est\u00e3o sendo ofertadas <strong>20 vagas, mais cadastro de reserva<\/strong>, com remunera\u00e7\u00e3o inicial podendo ultrapassar os <strong>R$ 20 mil<\/strong>. Nada mal, n\u00e3o \u00e9 mesmo?<\/p>\n\n\n\n<p>Assim, iremos realizar diversas an\u00e1lises sobre a&nbsp;<strong><span class=\"has-inline-color has-vivid-cyan-blue-color\">Legisla\u00e7\u00e3o Tribut\u00e1ria Espec\u00edfica<\/span><\/strong>&nbsp;para esse certame, sendo que o artigo de hoje \u00e9 sobre o <strong><span class=\"has-inline-color has-vivid-cyan-blue-color\">IPVA<\/span><\/strong>, presente na <strong><span class=\"has-inline-color has-vivid-cyan-blue-color\">Lei 59\/93 do C\u00f3digo Tribut\u00e1rio Estadual (CTE)<\/span><\/strong>, para o concurso da SEFAZ RR.<\/p>\n\n\n\n<p>Desse modo, abordaremos os seguintes temas na nossa an\u00e1lise:<\/p>\n\n\n\n<ul class=\"wp-block-list\"><li><strong>Incid\u00eancia do IPVA;<\/strong><\/li><li><strong>N\u00e3o-Incid\u00eancia;<\/strong><\/li><li><strong>Isen\u00e7\u00e3o;<\/strong><\/li><li><strong>Base de C\u00e1lculo e Al\u00edquotas;<\/strong><\/li><li><strong>Contribuintes e Respons\u00e1veis;<\/strong><\/li><li><strong>Penalidades.<\/strong><\/li><\/ul>\n\n\n\n<h2 class=\"wp-block-heading\" id=\"h-incid-ncia-do-ipva\">Incid\u00eancia do IPVA<\/h2>\n\n\n\n<p>O IPVA (Imposto sobre a Propriedade de Ve\u00edculo Automotor) \u00e9 uma das principais fontes de renda do Estado e dos Munic\u00edpios (pois h\u00e1 divis\u00e3o da receita tribut\u00e1ria) no primeiro semestre de cada ano.<\/p>\n\n\n\n<p>Ele \u00e9 um imposto devido <strong>anualmente <\/strong>e vinculado ao ve\u00edculo, o qual incide sobre a <strong>propriedade <\/strong>de <strong>ve\u00edculos automotores<\/strong> registrados e licenciados no Estado de Roraima.<\/p>\n\n\n\n<p>H\u00e1 diversos momentos em que ser\u00e1 considerado <strong>ocorrido <\/strong>o fato gerador do IPVA, vamos a eles?<\/p>\n\n\n\n<p><strong><span class=\"has-inline-color has-vivid-cyan-blue-color\">Ve\u00edculo Novo:<\/span><\/strong><\/p>\n\n\n\n<p>Em regra, haver\u00e1 incid\u00eancia do IPVA na <strong><span style=\"text-decoration: underline;\">data de aquisi\u00e7\u00e3o<\/span><\/strong> de ve\u00edculo <strong>novo <\/strong>adquirido por consumidor ou usu\u00e1rio final;<\/p>\n\n\n\n<p><strong><span class=\"has-inline-color has-vivid-cyan-blue-color\">Ve\u00edculo Usado:<\/span><\/strong><\/p>\n\n\n\n<p>Em regra, incidir\u00e1 o IPVA no dia <strong><span style=\"text-decoration: underline;\">1\u00ba de janeiro de cada exerc\u00edcio<\/span><\/strong>, quando se tratar de ve\u00edculo <strong>usado<\/strong>;<\/p>\n\n\n\n<p><strong><span class=\"has-inline-color has-vivid-cyan-blue-color\">Importado:<\/span><\/strong><\/p>\n\n\n\n<p>Caso o ve\u00edculo seja importado, a <strong>primeira tributa\u00e7\u00e3o<\/strong> do ve\u00edculo, novo ou usado, ser\u00e1 <strong>na data:<\/strong><\/p>\n\n\n\n<p>a) do <strong><span style=\"text-decoration: underline;\">desembara\u00e7o aduaneiro<\/span><\/strong>, quando importado <strong>diretamente <\/strong>por <strong><span style=\"text-decoration: underline;\">consumidor ou usu\u00e1rio final<\/span><\/strong>;<\/p>\n\n\n\n<p>b) da <strong><span style=\"text-decoration: underline;\">aquisi\u00e7\u00e3o<\/span><\/strong> por consumidor ou usu\u00e1rio final, quando importado por <strong><span style=\"text-decoration: underline;\">empresa revendedora<\/span><\/strong>;<\/p>\n\n\n\n<p><strong><span class=\"has-inline-color has-vivid-cyan-blue-color\">Ve\u00edculo Roubado ou Furtado:<\/span><\/strong><\/p>\n\n\n\n<p>Como veremos mais adiante, caso um ve\u00edculo seja roubado ou furtado, o IPVA n\u00e3o mais incidir\u00e1 sobre ele. Por\u00e9m, caso ele seja recuperado, voltar\u00e1 a incidir o imposto no <strong><span style=\"text-decoration: underline;\">momento em que o ve\u00edculo retornar \u00e0 posse de seu propriet\u00e1rio<\/span><\/strong> ou ao novo adquirente;<\/p>\n\n\n\n<p><strong><span class=\"has-inline-color has-vivid-cyan-blue-color\">Ve\u00edculos apreendidos e adquiridos em leil\u00e3o:<\/span><\/strong><\/p>\n\n\n\n<p>Naqueles carros que s\u00e3o apreendidos, principalmente pela pol\u00edcia, por estarem irregulares, passar\u00e1 a incidir o IPVA a partir do <strong><span style=\"text-decoration: underline;\">momento da arremata\u00e7\u00e3o<\/span><\/strong> em leil\u00f5es promovidos pelo Poder P\u00fablico;<\/p>\n\n\n\n<p><strong><span class=\"has-inline-color has-vivid-cyan-blue-color\">Isen\u00e7\u00e3o e Imunidade<\/span><\/strong><\/p>\n\n\n\n<p>a) caso a isen\u00e7\u00e3o ou imunidade previamente concedida ao propriet\u00e1rio ou ao possuidor do ve\u00edculo <strong>deixe de existir<\/strong>, haver\u00e1 a incid\u00eancia do imposto a partir da <strong><span style=\"text-decoration: underline;\">data do encerramento<\/span><\/strong> de tal isen\u00e7\u00e3o ou imunidade, independente do motivo;<\/p>\n\n\n\n<p>b) caso uma pessoa imune ou isenta <strong>transfira <\/strong>a propriedade ou a posse de seu ve\u00edculo de para pessoa que <strong>n\u00e3o goze <\/strong>do benef\u00edcio da imunidade ou da isen\u00e7\u00e3o, passar\u00e1 a incidir o IPVA a partir da <strong><span style=\"text-decoration: underline;\">data da transmiss\u00e3o<\/span><\/strong>.<\/p>\n\n\n\n<h2 class=\"wp-block-heading\" id=\"h-n-o-incid-ncia\">N\u00e3o-Incid\u00eancia<\/h2>\n\n\n\n<p>H\u00e1 situa\u00e7\u00f5es espec\u00edficas em que o <strong>IPVA n\u00e3o ir\u00e1 incidir<\/strong>, uma vez que n\u00e3o h\u00e1 a ocorr\u00eancia do fato gerador do imposto, sendo que algumas delas s\u00e3o situa\u00e7\u00f5es <strong>similares <\/strong>\u00e0s das <strong>imunidades <\/strong>aos impostos presentes na<strong> Constitui\u00e7\u00e3o Federal.<\/strong><\/p>\n\n\n\n<p>Desse modo, ele n\u00e3o incidir\u00e1 quando o ve\u00edculo automotor <strong>for de propriedade:<\/strong><\/p>\n\n\n\n<ul class=\"wp-block-list\"><li>da <strong>Uni\u00e3o, dos Estados, do Distrito Federal e dos Munic\u00edpios<\/strong>; inclusive sobre aqueles das <strong>autarquias e funda\u00e7\u00f5es<\/strong> institu\u00eddas e mantidas pelo Poder P\u00fablico, em rela\u00e7\u00e3o aos ve\u00edculos vinculados \u00e0s suas finalidades essenciais;<\/li><li>dos <strong>partidos pol\u00edticos<\/strong>, inclusive suas funda\u00e7\u00f5es;<\/li><li>das <strong>entidades sindicais dos trabalhadores<\/strong>, das institui\u00e7\u00f5es de <strong>educa\u00e7\u00e3o <\/strong>e de <strong>assist\u00eancia social<\/strong>, sem fins lucrativos;<\/li><li>das institui\u00e7\u00f5es <strong>religiosas <\/strong>de qualquer culto.<\/li><\/ul>\n\n\n\n<p>Al\u00e9m das situa\u00e7\u00f5es, acima, tamb\u00e9m n\u00e3o h\u00e1 a incid\u00eancia do IPVA sobre:<\/p>\n\n\n\n<ul class=\"wp-block-list\"><li>todos os ve\u00edculos terrestres, aerovi\u00e1rios e hidrovi\u00e1rios com <strong>mais de 10 anos de fabrica\u00e7\u00e3o<\/strong>.<\/li><li>o ve\u00edculo <strong>roubado ou furtado<\/strong>, no per\u00edodo entre a data do fato e a data da sua devolu\u00e7\u00e3o ao propriet\u00e1rio;<\/li><li>o ve\u00edculo <strong>apreendido <\/strong>pelo Poder P\u00fablico, no per\u00edodo entre a data da apreens\u00e3o e a data da devolu\u00e7\u00e3o ou arremata\u00e7\u00e3o, <strong>exceto <\/strong>nos casos de apreens\u00e3o por <strong>infra\u00e7\u00e3o <\/strong>\u00e0 legisla\u00e7\u00e3o brasileira de <strong>tr\u00e2nsito<\/strong>;<\/li><li><strong>embarca\u00e7\u00f5es de pequeno porte<\/strong>, desde que seu propriet\u00e1rio seja pescador profissional e a utilize em sua atividade pesqueira.<\/li><\/ul>\n\n\n\n<h2 class=\"wp-block-heading\" id=\"h-isen-o-do-ipva\">Isen\u00e7\u00e3o do IPVA <\/h2>\n\n\n\n<p>A partir de agora, iremos ver os casos em que o ve\u00edculo estar\u00e1 isento da cobran\u00e7a do IPVA. Mas antes disso, voc\u00ea sabe qual a <strong>diferen\u00e7a entre N\u00e3o-Incid\u00eancia e Isen\u00e7\u00e3o?<\/strong><\/p>\n\n\n\n<p>Bom, na <strong>n\u00e3o-incid\u00eancia<\/strong>, <strong>n\u00e3o haver\u00e1 a ocorr\u00eancia do fato gerador <\/strong>do imposto, n\u00e3o havendo, assim, o nascimento da obriga\u00e7\u00e3o tribut\u00e1ria. J\u00e1 na <strong>isen\u00e7\u00e3o<\/strong>, h\u00e1 a <strong>ocorr\u00eancia do fato gerador<\/strong> e, consequentemente, da obriga\u00e7\u00e3o tribut\u00e1ria, por\u00e9m, o poder p\u00fablico, por meio de lei, decide por n\u00e3o cobrar o imposto do contribuinte, <strong>dispensando-o do pagamento.<\/strong><\/p>\n\n\n\n<p>Vamos agora \u00e0s situa\u00e7\u00f5es em que haver\u00e1 a dispensa do pagamento do IPVA. Desse modo, <strong>est\u00e3o isentos<\/strong>:<\/p>\n\n\n\n<ul class=\"wp-block-list\"><li>as <strong>m\u00e1quinas agr\u00edcolas<\/strong> e os ve\u00edculos empregados em servi\u00e7os de agricultura e pecu\u00e1ria, que apenas transitem <strong>dentro dos limites das propriedades<\/strong> agr\u00edcolas a que perten\u00e7am;<\/li><li>as <strong>ambul\u00e2ncias<\/strong> de entidades sem fins lucrativos;<\/li><li>ve\u00edculos de pessoas portadoras de <strong>defici\u00eancias<\/strong>, adaptados ou n\u00e3o, para possibilitar sua utiliza\u00e7\u00e3o pelo deficiente, limitado a um ve\u00edculo por propriet\u00e1rio;<\/li><li>os ve\u00edculos devidamente equipados para o servi\u00e7o de <strong>extin\u00e7\u00e3o de inc\u00eandios;<\/strong><\/li><li>os ve\u00edculos pertencentes ao patrim\u00f4nio de<strong> reparti\u00e7\u00f5es consulares<\/strong> e dos <strong>organismos internacionais<\/strong> com os quais o Brasil mantenha rela\u00e7\u00f5es diplom\u00e1ticas ou seja membro;<\/li><li><strong>t\u00e1xis<\/strong>;<\/li><li>as <strong>motocicletas<\/strong>, motonetas e ciclomotores com pot\u00eancia de <strong>at\u00e9 160 cilindradas<\/strong>.<\/li><\/ul>\n\n\n\n<p><strong><span class=\"has-inline-color has-vivid-red-color\">FIQUE ATENTO:<\/span><\/strong> O direito \u00e0 aquisi\u00e7\u00e3o do ve\u00edculo com benef\u00edcio da isen\u00e7\u00e3o por portador de <strong>defici\u00eancia f\u00edsica<\/strong>, poder\u00e1 ser exercida apenas <strong>uma vez a cada dois anos.<\/strong><\/p>\n\n\n\n<h2 class=\"wp-block-heading\" id=\"h-base-de-c-lculo-do-ipva\">Base de C\u00e1lculo do IPVA<\/h2>\n\n\n\n<p>A base de c\u00e1lculo do imposto \u00e9 o valor em que incidir\u00e1 a al\u00edquota do tributo, de modo a calcular o valor a ser pago pelo contribuinte.<\/p>\n\n\n\n<p>Para o IPVA no Estado de Roraima, a base de c\u00e1lculo ser\u00e1 o <strong>valor venal<\/strong> do ve\u00edculo automotor.<\/p>\n\n\n\n<p>Desse modo, caso o valor venal de um carro de passeio, cuja al\u00edquota do imposto \u00e9 de 3%, seja R$ 10.000, o valor do IPVA a ser pago ser\u00e1 de: 10.000 x 0,03 = R$ 300.<\/p>\n\n\n\n<p>Entretanto, esse valor venal ser\u00e1 distinto para ve\u00edculos novos e usados:<\/p>\n\n\n\n<p><strong><span style=\"text-decoration: underline;\">Ve\u00edculo novo<\/span><\/strong>: \u00e9 o pre\u00e7o \u00e0 vista constante da <strong>nota fiscal<\/strong> emitida pelo revendedor ou do documento de desembara\u00e7o aduaneiro, quando importado.<\/p>\n\n\n\n<p><strong><span style=\"text-decoration: underline;\">Ve\u00edculo usado<\/span><\/strong>: constar\u00e1 de <strong>tabela <\/strong>da Secretaria da Fazenda, a qual levar\u00e1 em considera\u00e7\u00e3o o pre\u00e7o m\u00e9dio praticado no mercado de Roraima, os pre\u00e7os m\u00e9dios constantes das publica\u00e7\u00f5es especializadas, a pot\u00eancia do ve\u00edculo, a capacidade m\u00e1xima de tra\u00e7\u00e3o, ano de fabrica\u00e7\u00e3o, peso, as cilindradas, n\u00famero de eixo, tipo de combust\u00edvel, a dimens\u00e3o, o modelo e a proced\u00eancia do ve\u00edculo.<\/p>\n\n\n\n<h2 class=\"wp-block-heading\" id=\"h-al-quotas-do-ipva-para-sefaz-rr\">Al\u00edquotas do IPVA para SEFAZ RR<\/h2>\n\n\n\n<p>As al\u00edquotas m\u00e1ximas do IPVA depender\u00e3o do tipo e da utiliza\u00e7\u00e3o do ve\u00edculo. Sendo que ela ser\u00e1 de:<\/p>\n\n\n\n<p><strong><span class=\"has-inline-color has-vivid-cyan-blue-color\">3%:<\/span><\/strong> para ve\u00edculos de <strong>passeio<\/strong>, <strong>esporte <\/strong>ou corridas e <strong>aeronaves<\/strong>;<\/p>\n\n\n\n<p><strong><span class=\"has-inline-color has-vivid-cyan-blue-color\">2%:<\/span><\/strong> para ve\u00edculos de<strong> transporte de cargas<\/strong> comerciais leves, transporte <strong>coletivo<\/strong>, <strong>motocicletas<\/strong>, triciclos e demais ve\u00edculos;<\/p>\n\n\n\n<p><strong><span class=\"has-inline-color has-vivid-cyan-blue-color\">0,5%<\/span><\/strong>: para m\u00e1quinas de <strong>terraplanagem<\/strong>;<\/p>\n\n\n\n<p><strong><span class=\"has-inline-color has-vivid-cyan-blue-color\">1%<\/span><\/strong>: para ve\u00edculos destinados \u00e0 <strong>loca\u00e7\u00e3o<\/strong>, de propriedade de empresas locadoras ou cuja posse detenham, mediante contrato de arrendamento mercantil.<\/p>\n\n\n\n<h2 class=\"wp-block-heading\" id=\"h-contribuintes-e-respons-veis-do-ipva\">Contribuintes e Respons\u00e1veis do IPVA<\/h2>\n\n\n\n<p>Iremos analisar agora quem s\u00e3o os contribuintes e respons\u00e1veis pelo pagamento do IPVA em Roraima.<\/p>\n\n\n\n<p>Os <strong>contribuintes <\/strong>do IPVA podem ser tanto pessoas f\u00edsicas, quanto jur\u00eddicas, quando eles forem:<\/p>\n\n\n\n<ul class=\"wp-block-list\"><li><strong>propriet\u00e1rios <\/strong>de ve\u00edculo automotor licenciado no Estado de Roraima;<\/li><li><strong>titulares do dom\u00ednio \u00fatil <\/strong>de ve\u00edculo, nos casos de loca\u00e7\u00e3o e arrendamento mercantil;<\/li><li><strong>detentores da posse<\/strong> leg\u00edtima de ve\u00edculo, inclusive quando decorrente de aliena\u00e7\u00e3o fiduci\u00e1ria em garantia.<\/li><\/ul>\n\n\n\n<p>Ademais, temos a figura dos<strong> respons\u00e1veis solid\u00e1rios<\/strong> pelo pagamento do imposto devido pelo contribuinte, sendo eles:<\/p>\n\n\n\n<ul class=\"wp-block-list\"><li>os <strong>\u00f3rg\u00e3os <\/strong>respons\u00e1veis pelo <strong>licenciamento <\/strong>de ve\u00edculos;<\/li><li>as pessoas f\u00edsicas ou jur\u00eddicas que <strong>prestam servi\u00e7os de licenciamento, transfer\u00eancia e emplacamento<\/strong> de ve\u00edculos;<\/li><li>qualquer pessoa que tenha<strong> interesse comum na transfer\u00eancia<\/strong> de ve\u00edculos de outra Unidade da Federa\u00e7\u00e3o para este Estado.<\/li><\/ul>\n\n\n\n<h2 class=\"wp-block-heading\" id=\"h-penalidades\">Penalidades<\/h2>\n\n\n\n<p>Finalizando o nosso estudo sobre o IPVA para a SEFAZ RR, veremos agora quais s\u00e3o as penalidades aplicadas caso o imposto n\u00e3o seja recolhido na data estipulada.<\/p>\n\n\n\n<p>Como todos sabemos, \u00e9 <strong>obriga\u00e7\u00e3o <\/strong>nossa, como cidad\u00e3os, <strong>pagar os nossos impostos.<\/strong> Por\u00e9m, caso determinado contribuinte n\u00e3o realize o recolhimento do IPVA em Roraima dentro dos prazos previstos, haver\u00e1 a cobran\u00e7a de <strong>multas<\/strong>, a depender de cada caso, sendo, que ela ser\u00e1 de:<\/p>\n\n\n\n<p><strong><span class=\"has-inline-color has-vivid-cyan-blue-color\">50%<\/span><\/strong> do valor do imposto, quando ele for recolhido atrav\u00e9s de <strong>notifica\u00e7\u00e3o ou de auto de infra\u00e7\u00e3o<\/strong>;<\/p>\n\n\n\n<p><strong><span class=\"has-inline-color has-vivid-cyan-blue-color\">100%<\/span><\/strong> do valor do imposto, nos casos de <strong>sonega\u00e7\u00e3o, fraude ou conluio por parte do contribuinte<\/strong>.<\/p>\n\n\n\n<h2 class=\"wp-block-heading\" id=\"h-finalizando\">Finalizando<\/h2>\n\n\n\n<p>Pessoal! Chegamos ao final do nosso artigo sobre IPVA no estado de Roraima para a SEFAZ RR, o qual est\u00e1 presente no C\u00f3digo Tribut\u00e1rio Estadual.<\/p>\n\n\n\n<p>Caso queira se preparar para chegar&nbsp;<strong>competitivo&nbsp;<\/strong>nesta prova, invista nos&nbsp;<a href=\"https:\/\/www.estrategiaconcursos.com.br\/curso\/sefaz-rr-auditor-fiscal-de-tributos-pacote-completo-2021-pos-edital\/\" target=\"_blank\" rel=\"noreferrer noopener\"><strong>cursos para a SEFAZ RR<\/strong><\/a>&nbsp;do&nbsp;<strong>Estrat\u00e9gia Concursos<\/strong>.&nbsp;L\u00e1 voc\u00ea encontrar\u00e1&nbsp;<strong>aulas completas e detalhadas, com os melhores professores do mercado<\/strong>,&nbsp;de todos os t\u00f3picos exigidos no edital deste concurso.<\/p>\n\n\n\n<p>Conhe\u00e7a tamb\u00e9m o&nbsp;<a href=\"https:\/\/questoes.estrategiaconcursos.com.br\/\" target=\"_blank\" rel=\"noreferrer noopener\">Sistema de Quest\u00f5es do Estrat\u00e9gia<\/a>. Afinal, a \u00fanica maneira de&nbsp;<strong>consolidar o conte\u00fado&nbsp;<\/strong>de maneira satisfat\u00f3ria \u00e9 atrav\u00e9s da&nbsp;<strong>resolu\u00e7\u00e3o de quest\u00f5es.<\/strong><\/p>\n\n\n\n<p>Bons estudos a todos!<\/p>\n\n\n\n<h2 class=\"has-text-align-center wp-block-heading\" id=\"h-cursos-e-assinaturas\">Cursos e Assinaturas<\/h2>\n\n\n\n<p>Prepare-se com o melhor material e com quem mais aprova em Concursos P\u00fablicos em todo o pa\u00eds!<\/p>\n\n\n\n<div class=\"container\" id=\"boxes\">\n  <div class=\"row\">\n    <div class=\"col-sm\">\n      <div class=\"estrategia\" id=\"box-assinatura\">\n        <h3 class=\"titulo-assinatura\">Assinatura de Concursos<\/h3>\n        <p class=\"subtitulo-assinatura\">Assinatura de 1 ano ou 2 anos<\/p>\n        <div class=\"box-botao\">\n          <a class=\"btn-assinatura\" target=\"_blank\" href=\"https:\/\/www.estrategiaconcursos.com.br\/assinaturas\/\" role=\"button\" rel=\"noopener noreferrer\">ASSINE AGORA<\/a>\n        <\/div>\n      <\/div>\n      <p class=\"texto-auxiliar\"><\/p>\n    <\/div>\n    <div class=\"col-sm\">\n      <div class=\"questoes\" id=\"box-assinatura\">\n        <h3 class=\"titulo-assinatura\">Sistema de Quest\u00f5es<\/h3>\n        <p class=\"subtitulo-assinatura\">Assinatura de 1 ano ou 2 anos\n<\/p>\n        <div class=\"box-botao\">\n          <a class=\"btn-assinatura\" target=\"_blank\" href=\"https:\/\/www.estrategiaconcursos.com.br\/cursosPorConcurso\/sistema-de-questoes\/#\/\" role=\"button\" rel=\"noopener noreferrer\">ASSINE AGORA<\/a>\n        <\/div>\n      <\/div>\n      <p class=\"texto-auxiliar\"><\/p>\n    <\/div>\n  <\/div>\n<\/div>\n\n\n\n<div class=\"container\" id=\"boxes\">\n  <div class=\"row\">\n\n    <div class=\"col-sm\" id=\"boxes-concursos\">\n      <div style=\"background-color: #005DAD;\" class=\"conteudo-concursos\" id=\"box-concursos\">\n        <h3 class=\"titulo-assinatura\">Concursos Abertos<\/h3>\n        <p class=\"subtitulo-assinatura\">mais de 15 mil vagas<\/p>\n        <div class=\"box-botao\">\n          <a class=\"btn-assinatura\" target=\"_blank\" href=\"https:\/\/www.estrategiaconcursos.com.br\/blog\/concursos-abertos\/\" role=\"button\" rel=\"noopener noreferrer\">Conhe\u00e7a Agora<\/a>\n        <\/div>\n      <\/div>\n    <\/div>\n\n    \n\n    <div class=\"col-sm\" id=\"boxes-concursos\">\n      <div style=\"background-color: #419FF0;\" class=\"conteudo-concursos\" id=\"box-concursos\">\n        <h3 class=\"titulo-assinatura\">Concursos 2021<\/h3>\n        <p class=\"subtitulo-assinatura\">mais de 17 mil vagas<\/p>\n        <div class=\"box-botao\">\n          <a class=\"btn-assinatura\" target=\"_blank\" href=\"https:\/\/www.estrategiaconcursos.com.br\/blog\/concursos-2021\/\" role=\"button\" rel=\"noopener noreferrer\">Conhe\u00e7a Agora<\/a>\n        <\/div>\n      <\/div>\n    <\/div>\n\n  <\/div>\n<\/div>\n","protected":false},"excerpt":{"rendered":"<p>Confira neste artigo uma an\u00e1lise sobre o IPVA, presente na Lei 59\/1993 do C\u00f3digo Tribut\u00e1rio Estadual (CTE), para a SEFAZ RR. Ol\u00e1, pessoal! Como voc\u00eas est\u00e3o? O concurso da&nbsp;SEFAZ RR para Auditor Fiscal j\u00e1 est\u00e1 bem pr\u00f3ximo. Como anda a sua prepara\u00e7\u00e3o? Trata-se de uma grande oportunidade, j\u00e1 que est\u00e3o sendo ofertadas 20 vagas, mais [&hellip;]<\/p>\n","protected":false},"author":1976,"featured_media":852999,"comment_status":"open","ping_status":"closed","sticky":false,"template":"","format":"standard","meta":{"post_tipo":"article","footnotes":""},"categories":[1,1983],"tags":[],"tax_estado":[219985],"class_list":["post-852990","post","type-post","status-publish","format-standard","has-post-thumbnail","hentry","category-cursos-e-concursos","category-fiscal-estadual","tax_estado-rr"],"acf":[],"yoast_head":"<!-- This site is optimized with the Yoast SEO Premium plugin v27.2 (Yoast SEO v27.2) - https:\/\/yoast.com\/product\/yoast-seo-premium-wordpress\/ -->\n<title>Aprenda sobre o IPVA para a SEFAZ RR na Lei 59\/93 do CTE<\/title>\n<meta name=\"description\" content=\"Confira neste artigo uma an\u00e1lise sobre o IPVA presente na Lei 59\/1993 do C\u00f3digo Tribut\u00e1rio Estadual (CTE) para a SEFAZ RR.\" \/>\n<meta name=\"robots\" content=\"index, follow, max-snippet:-1, max-image-preview:large, max-video-preview:-1\" \/>\n<link rel=\"canonical\" href=\"https:\/\/www.estrategiaconcursos.com.br\/blog\/ipva-sefaz-rr\/\" \/>\n<meta property=\"og:locale\" content=\"pt_BR\" \/>\n<meta property=\"og:type\" content=\"article\" \/>\n<meta property=\"og:title\" content=\"Aprenda sobre o IPVA para a SEFAZ RR na Lei 59\/93 do CTE\" \/>\n<meta property=\"og:description\" content=\"Confira neste artigo uma an\u00e1lise sobre o IPVA presente na Lei 59\/1993 do C\u00f3digo Tribut\u00e1rio Estadual (CTE) para a SEFAZ RR.\" \/>\n<meta property=\"og:url\" content=\"https:\/\/www.estrategiaconcursos.com.br\/blog\/ipva-sefaz-rr\/\" \/>\n<meta property=\"og:site_name\" content=\"Estrat\u00e9gia Concursos\" \/>\n<meta property=\"article:published_time\" content=\"2021-09-11T14:42:00+00:00\" \/>\n<meta property=\"og:image\" content=\"https:\/\/dhg1h5j42swfq.cloudfront.net\/2021\/09\/03085020\/ipva.png\" \/>\n\t<meta property=\"og:image:width\" content=\"379\" \/>\n\t<meta property=\"og:image:height\" content=\"294\" \/>\n\t<meta property=\"og:image:type\" content=\"image\/png\" \/>\n<meta name=\"author\" content=\"Kassio Henrique Sobral Rocha\" \/>\n<meta name=\"twitter:card\" content=\"summary_large_image\" \/>\n<meta name=\"twitter:creator\" content=\"@EstratConcursos\" \/>\n<meta name=\"twitter:site\" content=\"@EstratConcursos\" \/>\n<meta name=\"twitter:label1\" content=\"Escrito por\" \/>\n\t<meta name=\"twitter:data1\" content=\"Kassio Henrique Sobral Rocha\" \/>\n\t<meta name=\"twitter:label2\" content=\"Est. tempo de leitura\" \/>\n\t<meta name=\"twitter:data2\" content=\"7 minutos\" \/>\n<script type=\"application\/ld+json\" class=\"yoast-schema-graph\">{\"@context\":\"https:\/\/schema.org\",\"@graph\":[{\"@type\":\"NewsArticle\",\"@id\":\"https:\/\/www.estrategiaconcursos.com.br\/blog\/ipva-sefaz-rr\/#article\",\"isPartOf\":{\"@id\":\"https:\/\/www.estrategiaconcursos.com.br\/blog\/ipva-sefaz-rr\/\"},\"author\":{\"name\":\"Kassio Henrique Sobral Rocha\",\"@id\":\"https:\/\/www.estrategiaconcursos.com.br\/blog\/#\/schema\/person\/f0c830e07cfe11c231c0ea5dbb036df5\"},\"headline\":\"Aprenda sobre o IPVA para a SEFAZ RR na Lei 59\/93 do CTE\",\"datePublished\":\"2021-09-11T14:42:00+00:00\",\"mainEntityOfPage\":{\"@id\":\"https:\/\/www.estrategiaconcursos.com.br\/blog\/ipva-sefaz-rr\/\"},\"wordCount\":1795,\"commentCount\":0,\"publisher\":{\"@id\":\"https:\/\/www.estrategiaconcursos.com.br\/blog\/#organization\"},\"image\":{\"@id\":\"https:\/\/www.estrategiaconcursos.com.br\/blog\/ipva-sefaz-rr\/#primaryimage\"},\"thumbnailUrl\":\"https:\/\/dhg1h5j42swfq.cloudfront.net\/2021\/09\/03085020\/ipva.png\",\"articleSection\":[\"Concursos P\u00fablicos\",\"Fiscal - Estadual (ICMS)\"],\"inLanguage\":\"pt-BR\",\"potentialAction\":[{\"@type\":\"CommentAction\",\"name\":\"Comment\",\"target\":[\"https:\/\/www.estrategiaconcursos.com.br\/blog\/ipva-sefaz-rr\/#respond\"]}],\"copyrightYear\":\"2021\",\"copyrightHolder\":{\"@id\":\"https:\/\/www.estrategiaconcursos.com.br\/blog\/#organization\"}},{\"@type\":\"WebPage\",\"@id\":\"https:\/\/www.estrategiaconcursos.com.br\/blog\/ipva-sefaz-rr\/\",\"url\":\"https:\/\/www.estrategiaconcursos.com.br\/blog\/ipva-sefaz-rr\/\",\"name\":\"Aprenda sobre o IPVA para a SEFAZ RR na Lei 59\/93 do CTE\",\"isPartOf\":{\"@id\":\"https:\/\/www.estrategiaconcursos.com.br\/blog\/#website\"},\"primaryImageOfPage\":{\"@id\":\"https:\/\/www.estrategiaconcursos.com.br\/blog\/ipva-sefaz-rr\/#primaryimage\"},\"image\":{\"@id\":\"https:\/\/www.estrategiaconcursos.com.br\/blog\/ipva-sefaz-rr\/#primaryimage\"},\"thumbnailUrl\":\"https:\/\/dhg1h5j42swfq.cloudfront.net\/2021\/09\/03085020\/ipva.png\",\"datePublished\":\"2021-09-11T14:42:00+00:00\",\"description\":\"Confira neste artigo uma an\u00e1lise sobre o IPVA presente na Lei 59\/1993 do C\u00f3digo Tribut\u00e1rio Estadual (CTE) para a SEFAZ RR.\",\"breadcrumb\":{\"@id\":\"https:\/\/www.estrategiaconcursos.com.br\/blog\/ipva-sefaz-rr\/#breadcrumb\"},\"inLanguage\":\"pt-BR\",\"potentialAction\":[{\"@type\":\"ReadAction\",\"target\":[\"https:\/\/www.estrategiaconcursos.com.br\/blog\/ipva-sefaz-rr\/\"]}]},{\"@type\":\"ImageObject\",\"inLanguage\":\"pt-BR\",\"@id\":\"https:\/\/www.estrategiaconcursos.com.br\/blog\/ipva-sefaz-rr\/#primaryimage\",\"url\":\"https:\/\/dhg1h5j42swfq.cloudfront.net\/2021\/09\/03085020\/ipva.png\",\"contentUrl\":\"https:\/\/dhg1h5j42swfq.cloudfront.net\/2021\/09\/03085020\/ipva.png\",\"width\":379,\"height\":294,\"caption\":\"Altera\u00e7\u00f5es reforma tribut\u00e1ria IPVA\"},{\"@type\":\"BreadcrumbList\",\"@id\":\"https:\/\/www.estrategiaconcursos.com.br\/blog\/ipva-sefaz-rr\/#breadcrumb\",\"itemListElement\":[{\"@type\":\"ListItem\",\"position\":1,\"name\":\"In\u00edcio\",\"item\":\"https:\/\/www.estrategiaconcursos.com.br\/blog\/\"},{\"@type\":\"ListItem\",\"position\":2,\"name\":\"Aprenda sobre o IPVA para a SEFAZ RR na Lei 59\/93 do CTE\"}]},{\"@type\":\"WebSite\",\"@id\":\"https:\/\/www.estrategiaconcursos.com.br\/blog\/#website\",\"url\":\"https:\/\/www.estrategiaconcursos.com.br\/blog\/\",\"name\":\"Estrat\u00e9gia Concursos\",\"description\":\"O blog da Estrat\u00e9gia Concursos traz not\u00edcias sobre concursos e artigos de professores oferecendo cursos para concursos (pdf + videaulas) no site.\",\"publisher\":{\"@id\":\"https:\/\/www.estrategiaconcursos.com.br\/blog\/#organization\"},\"potentialAction\":[{\"@type\":\"SearchAction\",\"target\":{\"@type\":\"EntryPoint\",\"urlTemplate\":\"https:\/\/www.estrategiaconcursos.com.br\/blog\/?s={search_term_string}\"},\"query-input\":{\"@type\":\"PropertyValueSpecification\",\"valueRequired\":true,\"valueName\":\"search_term_string\"}}],\"inLanguage\":\"pt-BR\"},{\"@type\":\"Organization\",\"@id\":\"https:\/\/www.estrategiaconcursos.com.br\/blog\/#organization\",\"name\":\"Estrat\u00e9gia Concursos\",\"url\":\"https:\/\/www.estrategiaconcursos.com.br\/blog\/\",\"logo\":{\"@type\":\"ImageObject\",\"inLanguage\":\"pt-BR\",\"@id\":\"https:\/\/www.estrategiaconcursos.com.br\/blog\/#\/schema\/logo\/image\/\",\"url\":\"https:\/\/dhg1h5j42swfq.cloudfront.net\/2025\/06\/03203428\/logo_concursos-1.jpg\",\"contentUrl\":\"https:\/\/dhg1h5j42swfq.cloudfront.net\/2025\/06\/03203428\/logo_concursos-1.jpg\",\"width\":230,\"height\":60,\"caption\":\"Estrat\u00e9gia Concursos\"},\"image\":{\"@id\":\"https:\/\/www.estrategiaconcursos.com.br\/blog\/#\/schema\/logo\/image\/\"},\"sameAs\":[\"https:\/\/x.com\/EstratConcursos\"]},{\"@type\":\"Person\",\"@id\":\"https:\/\/www.estrategiaconcursos.com.br\/blog\/#\/schema\/person\/f0c830e07cfe11c231c0ea5dbb036df5\",\"name\":\"Kassio Henrique Sobral Rocha\",\"image\":{\"@type\":\"ImageObject\",\"inLanguage\":\"pt-BR\",\"@id\":\"https:\/\/secure.gravatar.com\/avatar\/d10350cbdad043facd8ec77a377f86f9026afee3348e463b04854fd4490ce759?s=96&d=mm&r=g\",\"url\":\"https:\/\/secure.gravatar.com\/avatar\/d10350cbdad043facd8ec77a377f86f9026afee3348e463b04854fd4490ce759?s=96&d=mm&r=g\",\"contentUrl\":\"https:\/\/secure.gravatar.com\/avatar\/d10350cbdad043facd8ec77a377f86f9026afee3348e463b04854fd4490ce759?s=96&d=mm&r=g\",\"caption\":\"Kassio Henrique Sobral Rocha\"},\"url\":\"https:\/\/www.estrategiaconcursos.com.br\/blog\/author\/kassio-rochayahoo-com-br\/\"}]}<\/script>\n<!-- \/ Yoast SEO Premium plugin. -->","yoast_head_json":{"title":"Aprenda sobre o IPVA para a SEFAZ RR na Lei 59\/93 do CTE","description":"Confira neste artigo uma an\u00e1lise sobre o IPVA presente na Lei 59\/1993 do C\u00f3digo Tribut\u00e1rio Estadual (CTE) para a SEFAZ RR.","robots":{"index":"index","follow":"follow","max-snippet":"max-snippet:-1","max-image-preview":"max-image-preview:large","max-video-preview":"max-video-preview:-1"},"canonical":"https:\/\/www.estrategiaconcursos.com.br\/blog\/ipva-sefaz-rr\/","og_locale":"pt_BR","og_type":"article","og_title":"Aprenda sobre o IPVA para a SEFAZ RR na Lei 59\/93 do CTE","og_description":"Confira neste artigo uma an\u00e1lise sobre o IPVA presente na Lei 59\/1993 do C\u00f3digo Tribut\u00e1rio Estadual (CTE) para a SEFAZ RR.","og_url":"https:\/\/www.estrategiaconcursos.com.br\/blog\/ipva-sefaz-rr\/","og_site_name":"Estrat\u00e9gia Concursos","article_published_time":"2021-09-11T14:42:00+00:00","og_image":[{"width":379,"height":294,"url":"https:\/\/dhg1h5j42swfq.cloudfront.net\/2021\/09\/03085020\/ipva.png","type":"image\/png"}],"author":"Kassio Henrique Sobral Rocha","twitter_card":"summary_large_image","twitter_creator":"@EstratConcursos","twitter_site":"@EstratConcursos","twitter_misc":{"Escrito por":"Kassio Henrique Sobral Rocha","Est. tempo de leitura":"7 minutos"},"schema":{"@context":"https:\/\/schema.org","@graph":[{"@type":"NewsArticle","@id":"https:\/\/www.estrategiaconcursos.com.br\/blog\/ipva-sefaz-rr\/#article","isPartOf":{"@id":"https:\/\/www.estrategiaconcursos.com.br\/blog\/ipva-sefaz-rr\/"},"author":{"name":"Kassio Henrique Sobral Rocha","@id":"https:\/\/www.estrategiaconcursos.com.br\/blog\/#\/schema\/person\/f0c830e07cfe11c231c0ea5dbb036df5"},"headline":"Aprenda sobre o IPVA para a SEFAZ RR na Lei 59\/93 do CTE","datePublished":"2021-09-11T14:42:00+00:00","mainEntityOfPage":{"@id":"https:\/\/www.estrategiaconcursos.com.br\/blog\/ipva-sefaz-rr\/"},"wordCount":1795,"commentCount":0,"publisher":{"@id":"https:\/\/www.estrategiaconcursos.com.br\/blog\/#organization"},"image":{"@id":"https:\/\/www.estrategiaconcursos.com.br\/blog\/ipva-sefaz-rr\/#primaryimage"},"thumbnailUrl":"https:\/\/dhg1h5j42swfq.cloudfront.net\/2021\/09\/03085020\/ipva.png","articleSection":["Concursos P\u00fablicos","Fiscal - Estadual (ICMS)"],"inLanguage":"pt-BR","potentialAction":[{"@type":"CommentAction","name":"Comment","target":["https:\/\/www.estrategiaconcursos.com.br\/blog\/ipva-sefaz-rr\/#respond"]}],"copyrightYear":"2021","copyrightHolder":{"@id":"https:\/\/www.estrategiaconcursos.com.br\/blog\/#organization"}},{"@type":"WebPage","@id":"https:\/\/www.estrategiaconcursos.com.br\/blog\/ipva-sefaz-rr\/","url":"https:\/\/www.estrategiaconcursos.com.br\/blog\/ipva-sefaz-rr\/","name":"Aprenda sobre o IPVA para a SEFAZ RR na Lei 59\/93 do CTE","isPartOf":{"@id":"https:\/\/www.estrategiaconcursos.com.br\/blog\/#website"},"primaryImageOfPage":{"@id":"https:\/\/www.estrategiaconcursos.com.br\/blog\/ipva-sefaz-rr\/#primaryimage"},"image":{"@id":"https:\/\/www.estrategiaconcursos.com.br\/blog\/ipva-sefaz-rr\/#primaryimage"},"thumbnailUrl":"https:\/\/dhg1h5j42swfq.cloudfront.net\/2021\/09\/03085020\/ipva.png","datePublished":"2021-09-11T14:42:00+00:00","description":"Confira neste artigo uma an\u00e1lise sobre o IPVA presente na Lei 59\/1993 do C\u00f3digo Tribut\u00e1rio Estadual (CTE) para a SEFAZ RR.","breadcrumb":{"@id":"https:\/\/www.estrategiaconcursos.com.br\/blog\/ipva-sefaz-rr\/#breadcrumb"},"inLanguage":"pt-BR","potentialAction":[{"@type":"ReadAction","target":["https:\/\/www.estrategiaconcursos.com.br\/blog\/ipva-sefaz-rr\/"]}]},{"@type":"ImageObject","inLanguage":"pt-BR","@id":"https:\/\/www.estrategiaconcursos.com.br\/blog\/ipva-sefaz-rr\/#primaryimage","url":"https:\/\/dhg1h5j42swfq.cloudfront.net\/2021\/09\/03085020\/ipva.png","contentUrl":"https:\/\/dhg1h5j42swfq.cloudfront.net\/2021\/09\/03085020\/ipva.png","width":379,"height":294,"caption":"Altera\u00e7\u00f5es reforma tribut\u00e1ria IPVA"},{"@type":"BreadcrumbList","@id":"https:\/\/www.estrategiaconcursos.com.br\/blog\/ipva-sefaz-rr\/#breadcrumb","itemListElement":[{"@type":"ListItem","position":1,"name":"In\u00edcio","item":"https:\/\/www.estrategiaconcursos.com.br\/blog\/"},{"@type":"ListItem","position":2,"name":"Aprenda sobre o IPVA para a SEFAZ RR na Lei 59\/93 do CTE"}]},{"@type":"WebSite","@id":"https:\/\/www.estrategiaconcursos.com.br\/blog\/#website","url":"https:\/\/www.estrategiaconcursos.com.br\/blog\/","name":"Estrat\u00e9gia Concursos","description":"O blog da Estrat\u00e9gia Concursos traz not\u00edcias sobre concursos e artigos de professores oferecendo cursos para concursos (pdf + videaulas) no site.","publisher":{"@id":"https:\/\/www.estrategiaconcursos.com.br\/blog\/#organization"},"potentialAction":[{"@type":"SearchAction","target":{"@type":"EntryPoint","urlTemplate":"https:\/\/www.estrategiaconcursos.com.br\/blog\/?s={search_term_string}"},"query-input":{"@type":"PropertyValueSpecification","valueRequired":true,"valueName":"search_term_string"}}],"inLanguage":"pt-BR"},{"@type":"Organization","@id":"https:\/\/www.estrategiaconcursos.com.br\/blog\/#organization","name":"Estrat\u00e9gia Concursos","url":"https:\/\/www.estrategiaconcursos.com.br\/blog\/","logo":{"@type":"ImageObject","inLanguage":"pt-BR","@id":"https:\/\/www.estrategiaconcursos.com.br\/blog\/#\/schema\/logo\/image\/","url":"https:\/\/dhg1h5j42swfq.cloudfront.net\/2025\/06\/03203428\/logo_concursos-1.jpg","contentUrl":"https:\/\/dhg1h5j42swfq.cloudfront.net\/2025\/06\/03203428\/logo_concursos-1.jpg","width":230,"height":60,"caption":"Estrat\u00e9gia Concursos"},"image":{"@id":"https:\/\/www.estrategiaconcursos.com.br\/blog\/#\/schema\/logo\/image\/"},"sameAs":["https:\/\/x.com\/EstratConcursos"]},{"@type":"Person","@id":"https:\/\/www.estrategiaconcursos.com.br\/blog\/#\/schema\/person\/f0c830e07cfe11c231c0ea5dbb036df5","name":"Kassio Henrique Sobral Rocha","image":{"@type":"ImageObject","inLanguage":"pt-BR","@id":"https:\/\/secure.gravatar.com\/avatar\/d10350cbdad043facd8ec77a377f86f9026afee3348e463b04854fd4490ce759?s=96&d=mm&r=g","url":"https:\/\/secure.gravatar.com\/avatar\/d10350cbdad043facd8ec77a377f86f9026afee3348e463b04854fd4490ce759?s=96&d=mm&r=g","contentUrl":"https:\/\/secure.gravatar.com\/avatar\/d10350cbdad043facd8ec77a377f86f9026afee3348e463b04854fd4490ce759?s=96&d=mm&r=g","caption":"Kassio Henrique Sobral Rocha"},"url":"https:\/\/www.estrategiaconcursos.com.br\/blog\/author\/kassio-rochayahoo-com-br\/"}]}},"_links":{"self":[{"href":"https:\/\/www.estrategiaconcursos.com.br\/blog\/wp-json\/wp\/v2\/posts\/852990","targetHints":{"allow":["GET"]}}],"collection":[{"href":"https:\/\/www.estrategiaconcursos.com.br\/blog\/wp-json\/wp\/v2\/posts"}],"about":[{"href":"https:\/\/www.estrategiaconcursos.com.br\/blog\/wp-json\/wp\/v2\/types\/post"}],"author":[{"embeddable":true,"href":"https:\/\/www.estrategiaconcursos.com.br\/blog\/wp-json\/wp\/v2\/users\/1976"}],"replies":[{"embeddable":true,"href":"https:\/\/www.estrategiaconcursos.com.br\/blog\/wp-json\/wp\/v2\/comments?post=852990"}],"version-history":[{"count":30,"href":"https:\/\/www.estrategiaconcursos.com.br\/blog\/wp-json\/wp\/v2\/posts\/852990\/revisions"}],"predecessor-version":[{"id":853979,"href":"https:\/\/www.estrategiaconcursos.com.br\/blog\/wp-json\/wp\/v2\/posts\/852990\/revisions\/853979"}],"wp:featuredmedia":[{"embeddable":true,"href":"https:\/\/www.estrategiaconcursos.com.br\/blog\/wp-json\/wp\/v2\/media\/852999"}],"wp:attachment":[{"href":"https:\/\/www.estrategiaconcursos.com.br\/blog\/wp-json\/wp\/v2\/media?parent=852990"}],"wp:term":[{"taxonomy":"category","embeddable":true,"href":"https:\/\/www.estrategiaconcursos.com.br\/blog\/wp-json\/wp\/v2\/categories?post=852990"},{"taxonomy":"post_tag","embeddable":true,"href":"https:\/\/www.estrategiaconcursos.com.br\/blog\/wp-json\/wp\/v2\/tags?post=852990"},{"taxonomy":"tax_estado","embeddable":true,"href":"https:\/\/www.estrategiaconcursos.com.br\/blog\/wp-json\/wp\/v2\/tax_estado?post=852990"}],"curies":[{"name":"wp","href":"https:\/\/api.w.org\/{rel}","templated":true}]}}