{"id":852944,"date":"2021-09-02T21:26:17","date_gmt":"2021-09-03T00:26:17","guid":{"rendered":"https:\/\/www.estrategiaconcursos.com.br\/blog\/?p=852944"},"modified":"2021-09-03T10:10:25","modified_gmt":"2021-09-03T13:10:25","slug":"recursos-de-portugues-prova-pgdf","status":"publish","type":"post","link":"https:\/\/www.estrategiaconcursos.com.br\/blog\/recursos-de-portugues-prova-pgdf\/","title":{"rendered":"Recursos de Portugu\u00eas &#8211; Prova PGDF &#8211; T\u00e9cnico Jur\u00eddico"},"content":{"rendered":"\n<p>Fala, meus jovens!<\/p>\n\n\n\n<p>Sou o professor Luiz Felipe (<a href=\"https:\/\/www.instagram.com\/luizfelipedurval\/\">Instagram: @luizfelipedurval<\/a>), professor da Equipe de Portugu\u00eas do Estrat\u00e9gia. Segundo a nossa an\u00e1lise, cabe recurso em duas quest\u00f5es da parte de Portugu\u00eas da prova da PGDF realizada no \u00faltimo domingo. Abaixo est\u00e3o as fundamenta\u00e7\u00f5es para os recursos.<\/p>\n\n\n\n<p><strong>BANCA: CESPE\/CEBRASPE<\/strong><\/p>\n\n\n\n<p><strong>\u00d3RG\u00c3O: PG-DF<\/strong><\/p>\n\n\n\n<p><strong>CARGO: N\u00cdVEL M\u00c9DIO &nbsp;(CONHECIMENTOS GERAIS \u2013 PROVA TARDE)<\/strong><\/p>\n\n\n\n<p><strong>QUEST\u00c3O N\u00ba 01<\/strong><\/p>\n\n\n\n<p><strong>TEXTO DA QUEST\u00c3O:<\/strong><\/p>\n\n\n\n<p>Conforme os dados apresentados no texto, de modo geral, as mulheres est\u00e3o mais vulner\u00e1veis \u00e0s rela\u00e7\u00f5es prec\u00e1rias de trabalho do que os homens.<\/p>\n\n\n\n<p><strong>GABARITO PRELIMINAR: <\/strong>ERRADO<\/p>\n\n\n\n<p><strong>GABARITO PRETENDIDO:<\/strong> CERTO<\/p>\n\n\n\n<p><strong>FUNDAMENTA\u00c7\u00c3O:<\/strong><\/p>\n\n\n\n<p>Quando se observa as porcentagens dadas no texto em rela\u00e7\u00e3o \u00e0 precariedade das rela\u00e7\u00f5es de trabalho, tem-se:<\/p>\n\n\n\n<p>MULHERES: 39,6% de mulheres pretas + 26,9% de mulheres brancas (SOMA DE PONTOS PERCENTUAIS: 66,5)<\/p>\n\n\n\n<p>HOMENS: 31,6% de homens pretos + 20,6% de homens brancos (SOMA DE PONTOS PERCENTUAIS: 52,2)<\/p>\n\n\n\n<p>A quest\u00e3o utiliza a express\u00e3o \u201cde modo geral\u201d, portanto n\u00e3o se considera o tom da pele.<\/p>\n\n\n\n<p>Est\u00e1 correto, dessa forma, a afirmativa de que, no geral (n\u00e3o levando em considera\u00e7\u00e3o a cor da pele), as mulheres est\u00e3o mais vulner\u00e1veis.<\/p>\n\n\n\n<p>Ainda que se considerasse o tom de pele, mulheres brancas est\u00e3o mais vulner\u00e1veis que homens brancos, assim como mulheres pretas est\u00e3o mais vulner\u00e1veis que homens pretos, o que corrobora a afirma\u00e7\u00e3o feita no texto da quest\u00e3o.<\/p>\n\n\n\n<p>Ante a fundamenta\u00e7\u00e3o acima, requer-se, humildemente, a ALTERA\u00c7\u00c3O do gabarito para CERTO.<\/p>\n\n\n\n<p><\/p>\n\n\n\n<p><\/p>\n\n\n\n<p><strong>BANCA: CESPE\/CEBRASPE<\/strong><\/p>\n\n\n\n<p><strong>\u00d3RG\u00c3O: PG-DF<\/strong><\/p>\n\n\n\n<p><strong>CARGO: N\u00cdVEL M\u00c9DIO &nbsp;(CONHECIMENTOS GERAIS \u2013 PROVA TARDE)<\/strong><\/p>\n\n\n\n<p><strong>QUEST\u00c3O N\u00ba 10<\/strong><\/p>\n\n\n\n<p><strong>TEXTO DA QUEST\u00c3O:<\/strong><\/p>\n\n\n\n<p>Em \u201cfugia-me\u201d (R.5) e \u201clembrei-me\u201d (R.7), a forma pronominal \u201cme\u201d poderia ser suprimida sem preju\u00edzo da corre\u00e7\u00e3o gramatical do texto.<\/p>\n\n\n\n<p><strong>GABARITO PRELIMINAR: <\/strong>ERRADO<\/p>\n\n\n\n<p><strong>GABARITO PRETENDIDO: <\/strong>CERTO<\/p>\n\n\n\n<p><strong>FUNDAMENTA\u00c7\u00c3O:<\/strong><\/p>\n\n\n\n<p>A quest\u00e3o afirma que nenhum preju\u00edzo gramatical seria trazido pela supress\u00e3o do pronome \u201cme\u201d, o que est\u00e1 correto.<\/p>\n\n\n\n<p>O verbo \u201cfugir\u201d pode ser empregado como um verbo intransitivo de acordo com Luft (2008, p. 310), n\u00e3o requerendo qualquer complemento. Nesse caso, haveria mudan\u00e7a de sentido em rela\u00e7\u00e3o ao texto original, passando a significar \u201cafastar-se, distanciar-se de uma situa\u00e7\u00e3o de perigo\u201d ou, ainda, \u201cpassar com muita velocidade\u201d.<\/p>\n\n\n\n<p>O verbo \u201clembrar\u201d poderia substituir sem qualquer mudan\u00e7a de sentido sua forma pronominal.<\/p>\n\n\n\n<p>Como a quest\u00e3o se restringe ao preju\u00edzo gramatical, e n\u00e3o de sentido, \u00e9 poss\u00edvel a substitui\u00e7\u00e3o do pronome \u201cme\u201d, acarretando apenas a altera\u00e7\u00e3o da acep\u00e7\u00e3o em que o verbo foi empregado originalmente.<\/p>\n\n\n\n<p>A justificativa dada para o gabarito como \u201cERRADO\u201d leva em considera\u00e7\u00e3o o sentido.<\/p>\n\n\n\n<p>Ante a fundamenta\u00e7\u00e3o acima, requer-se, humildemente, a ALTERA\u00c7\u00c3O do gabarito para CERTO.<\/p>\n\n\n\n<p><strong>Refer\u00eancia:<\/strong> LUFT, Celso Pedro. <em>Dicion\u00e1rio pr\u00e1tico de reg\u00eancia verbal<\/em>. &#8211; 8.ed., 12.impr. &#8211; S\u00e3o Paulo : \u00c1tica, 2008.<\/p>\n\n\n\n<p><\/p>\n\n\n\n<p><\/p>\n\n\n\n<p><strong>BANCA: CESPE\/CEBRASPE<\/strong><\/p>\n\n\n\n<p><strong>\u00d3RG\u00c3O: PG-DF<\/strong><\/p>\n\n\n\n<p><strong>CARGO: N\u00cdVEL M\u00c9DIO &nbsp;(CONHECIMENTOS GERAIS \u2013 PROVA TARDE)<\/strong><\/p>\n\n\n\n<p><strong>QUEST\u00c3O N\u00ba 17<\/strong><\/p>\n\n\n\n<p><strong>TEXTO DA QUEST\u00c3O:<\/strong><\/p>\n\n\n\n<p>Nas tr\u00eas \u00faltimas d\u00e9cadas do s\u00e9culo XX, o direito \u00e0 comunica\u00e7\u00e3o era considerado ileg\u00edtimo nos pa\u00edses da Uni\u00e3o Europeia e da Am\u00e9rica Latina.<\/p>\n\n\n\n<p><strong>GABARITO PRELIMINAR:<\/strong> ERRADO<\/p>\n\n\n\n<p><strong>GABARITO PRETENDIDO: <\/strong>CERTO<\/p>\n\n\n\n<p><strong>FUNDAMENTA\u00c7\u00c3O:<\/strong><\/p>\n\n\n\n<p>De acordo com o Dicion\u00e1rio Houaiss, o verbete \u201cileg\u00edtimo\u201d significa \u201cque n\u00e3o satisfaz \u00e0s condi\u00e7\u00f5es exigidas pela lei, pelo direito\u201d. Tendo que a leitura do texto permite inferir que passou a vigorar na letra da lei o direito \u00e0 comunica\u00e7\u00e3o apenas no s\u00e9culo XXI, \u00e9 correto afirmar que esse direito n\u00e3o satisfazia condi\u00e7\u00f5es legais nos anos finais do s\u00e9culo XX.<\/p>\n\n\n\n<p>Ante a fundamenta\u00e7\u00e3o acima, requer-se, humildemente, a ALTERA\u00c7\u00c3O do gabarito para CERTO.<\/p>\n","protected":false},"excerpt":{"rendered":"<p>Fala, meus jovens! Sou o professor Luiz Felipe (Instagram: @luizfelipedurval), professor da Equipe de Portugu\u00eas do Estrat\u00e9gia. Segundo a nossa an\u00e1lise, cabe recurso em duas quest\u00f5es da parte de Portugu\u00eas da prova da PGDF realizada no \u00faltimo domingo. Abaixo est\u00e3o as fundamenta\u00e7\u00f5es para os recursos. BANCA: CESPE\/CEBRASPE \u00d3RG\u00c3O: PG-DF CARGO: N\u00cdVEL M\u00c9DIO &nbsp;(CONHECIMENTOS GERAIS \u2013 [&hellip;]<\/p>\n","protected":false},"author":1985,"featured_media":0,"comment_status":"open","ping_status":"closed","sticky":false,"template":"","format":"standard","meta":{"post_tipo":"article","footnotes":""},"categories":[1],"tags":[],"tax_estado":[],"class_list":["post-852944","post","type-post","status-publish","format-standard","hentry","category-cursos-e-concursos"],"acf":[],"yoast_head":"<!-- This site is optimized with the Yoast SEO Premium plugin v27.2 (Yoast SEO v27.2) - https:\/\/yoast.com\/product\/yoast-seo-premium-wordpress\/ -->\n<title>Recursos de Portugu\u00eas - Prova PGDF - T\u00e9cnico Jur\u00eddico<\/title>\n<meta name=\"robots\" content=\"index, follow, max-snippet:-1, max-image-preview:large, max-video-preview:-1\" \/>\n<link rel=\"canonical\" href=\"https:\/\/www.estrategiaconcursos.com.br\/blog\/recursos-de-portugues-prova-pgdf\/\" \/>\n<meta property=\"og:locale\" content=\"pt_BR\" \/>\n<meta property=\"og:type\" content=\"article\" \/>\n<meta property=\"og:title\" content=\"Recursos de Portugu\u00eas - Prova PGDF - T\u00e9cnico Jur\u00eddico\" \/>\n<meta property=\"og:description\" content=\"Fala, meus jovens! Sou o professor Luiz Felipe (Instagram: @luizfelipedurval), professor da Equipe de Portugu\u00eas do Estrat\u00e9gia. Segundo a nossa an\u00e1lise, cabe recurso em duas quest\u00f5es da parte de Portugu\u00eas da prova da PGDF realizada no \u00faltimo domingo. Abaixo est\u00e3o as fundamenta\u00e7\u00f5es para os recursos. BANCA: CESPE\/CEBRASPE \u00d3RG\u00c3O: PG-DF CARGO: N\u00cdVEL M\u00c9DIO &nbsp;(CONHECIMENTOS GERAIS \u2013 [&hellip;]\" \/>\n<meta property=\"og:url\" content=\"https:\/\/www.estrategiaconcursos.com.br\/blog\/recursos-de-portugues-prova-pgdf\/\" \/>\n<meta property=\"og:site_name\" content=\"Estrat\u00e9gia Concursos\" \/>\n<meta property=\"article:published_time\" content=\"2021-09-03T00:26:17+00:00\" \/>\n<meta property=\"article:modified_time\" content=\"2021-09-03T13:10:25+00:00\" \/>\n<meta name=\"author\" content=\"\u200bLuiz Felipe Durval\" \/>\n<meta name=\"twitter:card\" content=\"summary_large_image\" \/>\n<meta name=\"twitter:creator\" content=\"@EstratConcursos\" \/>\n<meta name=\"twitter:site\" content=\"@EstratConcursos\" \/>\n<meta name=\"twitter:label1\" content=\"Escrito por\" \/>\n\t<meta name=\"twitter:data1\" content=\"\u200bLuiz Felipe Durval\" \/>\n\t<meta name=\"twitter:label2\" content=\"Est. tempo de leitura\" \/>\n\t<meta name=\"twitter:data2\" content=\"3 minutos\" \/>\n<script type=\"application\/ld+json\" class=\"yoast-schema-graph\">{\"@context\":\"https:\/\/schema.org\",\"@graph\":[{\"@type\":\"NewsArticle\",\"@id\":\"https:\/\/www.estrategiaconcursos.com.br\/blog\/recursos-de-portugues-prova-pgdf\/#article\",\"isPartOf\":{\"@id\":\"https:\/\/www.estrategiaconcursos.com.br\/blog\/recursos-de-portugues-prova-pgdf\/\"},\"author\":{\"name\":\"\u200bLuiz Felipe Durval\",\"@id\":\"https:\/\/www.estrategiaconcursos.com.br\/blog\/#\/schema\/person\/6d03253b3b105346a9fa2b3c2ddfd484\"},\"headline\":\"Recursos de Portugu\u00eas &#8211; Prova PGDF &#8211; T\u00e9cnico Jur\u00eddico\",\"datePublished\":\"2021-09-03T00:26:17+00:00\",\"dateModified\":\"2021-09-03T13:10:25+00:00\",\"mainEntityOfPage\":{\"@id\":\"https:\/\/www.estrategiaconcursos.com.br\/blog\/recursos-de-portugues-prova-pgdf\/\"},\"wordCount\":631,\"commentCount\":0,\"publisher\":{\"@id\":\"https:\/\/www.estrategiaconcursos.com.br\/blog\/#organization\"},\"articleSection\":[\"Concursos P\u00fablicos\"],\"inLanguage\":\"pt-BR\",\"potentialAction\":[{\"@type\":\"CommentAction\",\"name\":\"Comment\",\"target\":[\"https:\/\/www.estrategiaconcursos.com.br\/blog\/recursos-de-portugues-prova-pgdf\/#respond\"]}],\"copyrightYear\":\"2021\",\"copyrightHolder\":{\"@id\":\"https:\/\/www.estrategiaconcursos.com.br\/blog\/#organization\"}},{\"@type\":\"WebPage\",\"@id\":\"https:\/\/www.estrategiaconcursos.com.br\/blog\/recursos-de-portugues-prova-pgdf\/\",\"url\":\"https:\/\/www.estrategiaconcursos.com.br\/blog\/recursos-de-portugues-prova-pgdf\/\",\"name\":\"Recursos de Portugu\u00eas - Prova PGDF - T\u00e9cnico Jur\u00eddico\",\"isPartOf\":{\"@id\":\"https:\/\/www.estrategiaconcursos.com.br\/blog\/#website\"},\"datePublished\":\"2021-09-03T00:26:17+00:00\",\"dateModified\":\"2021-09-03T13:10:25+00:00\",\"breadcrumb\":{\"@id\":\"https:\/\/www.estrategiaconcursos.com.br\/blog\/recursos-de-portugues-prova-pgdf\/#breadcrumb\"},\"inLanguage\":\"pt-BR\",\"potentialAction\":[{\"@type\":\"ReadAction\",\"target\":[\"https:\/\/www.estrategiaconcursos.com.br\/blog\/recursos-de-portugues-prova-pgdf\/\"]}]},{\"@type\":\"BreadcrumbList\",\"@id\":\"https:\/\/www.estrategiaconcursos.com.br\/blog\/recursos-de-portugues-prova-pgdf\/#breadcrumb\",\"itemListElement\":[{\"@type\":\"ListItem\",\"position\":1,\"name\":\"In\u00edcio\",\"item\":\"https:\/\/www.estrategiaconcursos.com.br\/blog\/\"},{\"@type\":\"ListItem\",\"position\":2,\"name\":\"Recursos de Portugu\u00eas &#8211; Prova PGDF &#8211; T\u00e9cnico Jur\u00eddico\"}]},{\"@type\":\"WebSite\",\"@id\":\"https:\/\/www.estrategiaconcursos.com.br\/blog\/#website\",\"url\":\"https:\/\/www.estrategiaconcursos.com.br\/blog\/\",\"name\":\"Estrat\u00e9gia Concursos\",\"description\":\"O blog da Estrat\u00e9gia Concursos traz not\u00edcias sobre concursos e artigos de professores oferecendo cursos para concursos (pdf + videaulas) no site.\",\"publisher\":{\"@id\":\"https:\/\/www.estrategiaconcursos.com.br\/blog\/#organization\"},\"potentialAction\":[{\"@type\":\"SearchAction\",\"target\":{\"@type\":\"EntryPoint\",\"urlTemplate\":\"https:\/\/www.estrategiaconcursos.com.br\/blog\/?s={search_term_string}\"},\"query-input\":{\"@type\":\"PropertyValueSpecification\",\"valueRequired\":true,\"valueName\":\"search_term_string\"}}],\"inLanguage\":\"pt-BR\"},{\"@type\":\"Organization\",\"@id\":\"https:\/\/www.estrategiaconcursos.com.br\/blog\/#organization\",\"name\":\"Estrat\u00e9gia Concursos\",\"url\":\"https:\/\/www.estrategiaconcursos.com.br\/blog\/\",\"logo\":{\"@type\":\"ImageObject\",\"inLanguage\":\"pt-BR\",\"@id\":\"https:\/\/www.estrategiaconcursos.com.br\/blog\/#\/schema\/logo\/image\/\",\"url\":\"https:\/\/dhg1h5j42swfq.cloudfront.net\/2025\/06\/03203428\/logo_concursos-1.jpg\",\"contentUrl\":\"https:\/\/dhg1h5j42swfq.cloudfront.net\/2025\/06\/03203428\/logo_concursos-1.jpg\",\"width\":230,\"height\":60,\"caption\":\"Estrat\u00e9gia Concursos\"},\"image\":{\"@id\":\"https:\/\/www.estrategiaconcursos.com.br\/blog\/#\/schema\/logo\/image\/\"},\"sameAs\":[\"https:\/\/x.com\/EstratConcursos\"]},{\"@type\":\"Person\",\"@id\":\"https:\/\/www.estrategiaconcursos.com.br\/blog\/#\/schema\/person\/6d03253b3b105346a9fa2b3c2ddfd484\",\"name\":\"\u200bLuiz Felipe Durval\",\"image\":{\"@type\":\"ImageObject\",\"inLanguage\":\"pt-BR\",\"@id\":\"https:\/\/secure.gravatar.com\/avatar\/1ad737b2ef2f3e81715ea8b2959532c896d6be673ee7811ac89f95a812fc8aee?s=96&d=mm&r=g\",\"url\":\"https:\/\/secure.gravatar.com\/avatar\/1ad737b2ef2f3e81715ea8b2959532c896d6be673ee7811ac89f95a812fc8aee?s=96&d=mm&r=g\",\"contentUrl\":\"https:\/\/secure.gravatar.com\/avatar\/1ad737b2ef2f3e81715ea8b2959532c896d6be673ee7811ac89f95a812fc8aee?s=96&d=mm&r=g\",\"caption\":\"\u200bLuiz Felipe Durval\"},\"url\":\"https:\/\/www.estrategiaconcursos.com.br\/blog\/author\/luizfelipedurvalhotmail-com\/\"}]}<\/script>\n<!-- \/ Yoast SEO Premium plugin. -->","yoast_head_json":{"title":"Recursos de Portugu\u00eas - Prova PGDF - T\u00e9cnico Jur\u00eddico","robots":{"index":"index","follow":"follow","max-snippet":"max-snippet:-1","max-image-preview":"max-image-preview:large","max-video-preview":"max-video-preview:-1"},"canonical":"https:\/\/www.estrategiaconcursos.com.br\/blog\/recursos-de-portugues-prova-pgdf\/","og_locale":"pt_BR","og_type":"article","og_title":"Recursos de Portugu\u00eas - Prova PGDF - T\u00e9cnico Jur\u00eddico","og_description":"Fala, meus jovens! Sou o professor Luiz Felipe (Instagram: @luizfelipedurval), professor da Equipe de Portugu\u00eas do Estrat\u00e9gia. Segundo a nossa an\u00e1lise, cabe recurso em duas quest\u00f5es da parte de Portugu\u00eas da prova da PGDF realizada no \u00faltimo domingo. Abaixo est\u00e3o as fundamenta\u00e7\u00f5es para os recursos. BANCA: CESPE\/CEBRASPE \u00d3RG\u00c3O: PG-DF CARGO: N\u00cdVEL M\u00c9DIO &nbsp;(CONHECIMENTOS GERAIS \u2013 [&hellip;]","og_url":"https:\/\/www.estrategiaconcursos.com.br\/blog\/recursos-de-portugues-prova-pgdf\/","og_site_name":"Estrat\u00e9gia Concursos","article_published_time":"2021-09-03T00:26:17+00:00","article_modified_time":"2021-09-03T13:10:25+00:00","author":"\u200bLuiz Felipe Durval","twitter_card":"summary_large_image","twitter_creator":"@EstratConcursos","twitter_site":"@EstratConcursos","twitter_misc":{"Escrito por":"\u200bLuiz Felipe Durval","Est. tempo de leitura":"3 minutos"},"schema":{"@context":"https:\/\/schema.org","@graph":[{"@type":"NewsArticle","@id":"https:\/\/www.estrategiaconcursos.com.br\/blog\/recursos-de-portugues-prova-pgdf\/#article","isPartOf":{"@id":"https:\/\/www.estrategiaconcursos.com.br\/blog\/recursos-de-portugues-prova-pgdf\/"},"author":{"name":"\u200bLuiz Felipe Durval","@id":"https:\/\/www.estrategiaconcursos.com.br\/blog\/#\/schema\/person\/6d03253b3b105346a9fa2b3c2ddfd484"},"headline":"Recursos de Portugu\u00eas &#8211; Prova PGDF &#8211; T\u00e9cnico Jur\u00eddico","datePublished":"2021-09-03T00:26:17+00:00","dateModified":"2021-09-03T13:10:25+00:00","mainEntityOfPage":{"@id":"https:\/\/www.estrategiaconcursos.com.br\/blog\/recursos-de-portugues-prova-pgdf\/"},"wordCount":631,"commentCount":0,"publisher":{"@id":"https:\/\/www.estrategiaconcursos.com.br\/blog\/#organization"},"articleSection":["Concursos P\u00fablicos"],"inLanguage":"pt-BR","potentialAction":[{"@type":"CommentAction","name":"Comment","target":["https:\/\/www.estrategiaconcursos.com.br\/blog\/recursos-de-portugues-prova-pgdf\/#respond"]}],"copyrightYear":"2021","copyrightHolder":{"@id":"https:\/\/www.estrategiaconcursos.com.br\/blog\/#organization"}},{"@type":"WebPage","@id":"https:\/\/www.estrategiaconcursos.com.br\/blog\/recursos-de-portugues-prova-pgdf\/","url":"https:\/\/www.estrategiaconcursos.com.br\/blog\/recursos-de-portugues-prova-pgdf\/","name":"Recursos de Portugu\u00eas - Prova PGDF - T\u00e9cnico Jur\u00eddico","isPartOf":{"@id":"https:\/\/www.estrategiaconcursos.com.br\/blog\/#website"},"datePublished":"2021-09-03T00:26:17+00:00","dateModified":"2021-09-03T13:10:25+00:00","breadcrumb":{"@id":"https:\/\/www.estrategiaconcursos.com.br\/blog\/recursos-de-portugues-prova-pgdf\/#breadcrumb"},"inLanguage":"pt-BR","potentialAction":[{"@type":"ReadAction","target":["https:\/\/www.estrategiaconcursos.com.br\/blog\/recursos-de-portugues-prova-pgdf\/"]}]},{"@type":"BreadcrumbList","@id":"https:\/\/www.estrategiaconcursos.com.br\/blog\/recursos-de-portugues-prova-pgdf\/#breadcrumb","itemListElement":[{"@type":"ListItem","position":1,"name":"In\u00edcio","item":"https:\/\/www.estrategiaconcursos.com.br\/blog\/"},{"@type":"ListItem","position":2,"name":"Recursos de Portugu\u00eas &#8211; Prova PGDF &#8211; T\u00e9cnico Jur\u00eddico"}]},{"@type":"WebSite","@id":"https:\/\/www.estrategiaconcursos.com.br\/blog\/#website","url":"https:\/\/www.estrategiaconcursos.com.br\/blog\/","name":"Estrat\u00e9gia Concursos","description":"O blog da Estrat\u00e9gia Concursos traz not\u00edcias sobre concursos e artigos de professores oferecendo cursos para concursos (pdf + videaulas) no site.","publisher":{"@id":"https:\/\/www.estrategiaconcursos.com.br\/blog\/#organization"},"potentialAction":[{"@type":"SearchAction","target":{"@type":"EntryPoint","urlTemplate":"https:\/\/www.estrategiaconcursos.com.br\/blog\/?s={search_term_string}"},"query-input":{"@type":"PropertyValueSpecification","valueRequired":true,"valueName":"search_term_string"}}],"inLanguage":"pt-BR"},{"@type":"Organization","@id":"https:\/\/www.estrategiaconcursos.com.br\/blog\/#organization","name":"Estrat\u00e9gia Concursos","url":"https:\/\/www.estrategiaconcursos.com.br\/blog\/","logo":{"@type":"ImageObject","inLanguage":"pt-BR","@id":"https:\/\/www.estrategiaconcursos.com.br\/blog\/#\/schema\/logo\/image\/","url":"https:\/\/dhg1h5j42swfq.cloudfront.net\/2025\/06\/03203428\/logo_concursos-1.jpg","contentUrl":"https:\/\/dhg1h5j42swfq.cloudfront.net\/2025\/06\/03203428\/logo_concursos-1.jpg","width":230,"height":60,"caption":"Estrat\u00e9gia Concursos"},"image":{"@id":"https:\/\/www.estrategiaconcursos.com.br\/blog\/#\/schema\/logo\/image\/"},"sameAs":["https:\/\/x.com\/EstratConcursos"]},{"@type":"Person","@id":"https:\/\/www.estrategiaconcursos.com.br\/blog\/#\/schema\/person\/6d03253b3b105346a9fa2b3c2ddfd484","name":"\u200bLuiz Felipe Durval","image":{"@type":"ImageObject","inLanguage":"pt-BR","@id":"https:\/\/secure.gravatar.com\/avatar\/1ad737b2ef2f3e81715ea8b2959532c896d6be673ee7811ac89f95a812fc8aee?s=96&d=mm&r=g","url":"https:\/\/secure.gravatar.com\/avatar\/1ad737b2ef2f3e81715ea8b2959532c896d6be673ee7811ac89f95a812fc8aee?s=96&d=mm&r=g","contentUrl":"https:\/\/secure.gravatar.com\/avatar\/1ad737b2ef2f3e81715ea8b2959532c896d6be673ee7811ac89f95a812fc8aee?s=96&d=mm&r=g","caption":"\u200bLuiz Felipe Durval"},"url":"https:\/\/www.estrategiaconcursos.com.br\/blog\/author\/luizfelipedurvalhotmail-com\/"}]}},"_links":{"self":[{"href":"https:\/\/www.estrategiaconcursos.com.br\/blog\/wp-json\/wp\/v2\/posts\/852944","targetHints":{"allow":["GET"]}}],"collection":[{"href":"https:\/\/www.estrategiaconcursos.com.br\/blog\/wp-json\/wp\/v2\/posts"}],"about":[{"href":"https:\/\/www.estrategiaconcursos.com.br\/blog\/wp-json\/wp\/v2\/types\/post"}],"author":[{"embeddable":true,"href":"https:\/\/www.estrategiaconcursos.com.br\/blog\/wp-json\/wp\/v2\/users\/1985"}],"replies":[{"embeddable":true,"href":"https:\/\/www.estrategiaconcursos.com.br\/blog\/wp-json\/wp\/v2\/comments?post=852944"}],"version-history":[{"count":6,"href":"https:\/\/www.estrategiaconcursos.com.br\/blog\/wp-json\/wp\/v2\/posts\/852944\/revisions"}],"predecessor-version":[{"id":853143,"href":"https:\/\/www.estrategiaconcursos.com.br\/blog\/wp-json\/wp\/v2\/posts\/852944\/revisions\/853143"}],"wp:attachment":[{"href":"https:\/\/www.estrategiaconcursos.com.br\/blog\/wp-json\/wp\/v2\/media?parent=852944"}],"wp:term":[{"taxonomy":"category","embeddable":true,"href":"https:\/\/www.estrategiaconcursos.com.br\/blog\/wp-json\/wp\/v2\/categories?post=852944"},{"taxonomy":"post_tag","embeddable":true,"href":"https:\/\/www.estrategiaconcursos.com.br\/blog\/wp-json\/wp\/v2\/tags?post=852944"},{"taxonomy":"tax_estado","embeddable":true,"href":"https:\/\/www.estrategiaconcursos.com.br\/blog\/wp-json\/wp\/v2\/tax_estado?post=852944"}],"curies":[{"name":"wp","href":"https:\/\/api.w.org\/{rel}","templated":true}]}}