{"id":852588,"date":"2021-09-03T09:00:00","date_gmt":"2021-09-03T12:00:00","guid":{"rendered":"https:\/\/www.estrategiaconcursos.com.br\/blog\/?p=852588"},"modified":"2021-09-02T17:11:32","modified_gmt":"2021-09-02T20:11:32","slug":"concurso-sefaz-rr-cargos-vagos","status":"publish","type":"post","link":"https:\/\/www.estrategiaconcursos.com.br\/blog\/concurso-sefaz-rr-cargos-vagos\/","title":{"rendered":"Concurso SEFAZ RR: Defasagem de 361 cargos vagos"},"content":{"rendered":"\n<p>Com inscri\u00e7\u00f5es abertas at\u00e9 24 de setembro, est\u00e1 em pra\u00e7a, com inten\u00e7\u00e3o de reposi\u00e7\u00e3o de cargos vagos, o novo concurso para a Secretaria de Estado da Fazenda de Roraima (SEFAZ RR). <\/p>\n\n\n\n<p>Nesse sentido, vale evidenciar que a sele\u00e7\u00e3o visa 20 vagas imediatas, bem como forma\u00e7\u00e3o de cadastro de reserva para o cargo de <strong>Auditor Fiscal de Tributos Estaduais<\/strong>. <\/p>\n\n\n\n<div class=\"wp-block-image\"><figure class=\"aligncenter size-full\"><img loading=\"lazy\" decoding=\"async\" width=\"610\" height=\"333\" src=\"https:\/\/dhg1h5j42swfq.cloudfront.net\/2021\/08\/25102519\/sefaz-rr-610x333-1.jpg\" alt=\"sefaz rr cargos vagos\" class=\"wp-image-845191\" srcset=\"https:\/\/dhg1h5j42swfq.cloudfront.net\/2021\/08\/25102519\/sefaz-rr-610x333-1.jpg 610w, https:\/\/dhg1h5j42swfq.cloudfront.net\/2021\/08\/25102519\/sefaz-rr-610x333-1-300x164.jpg 300w\" sizes=\"auto, (max-width: 610px) 100vw, 610px\" \/><figcaption>Fonte: edif\u00edcio SEFAZ RR | Imagem de divulga\u00e7\u00e3o<\/figcaption><\/figure><\/div>\n\n\n\n<p>Dessa forma, para entender melhor suas chances, \u00e9 imprescind\u00edvel estar ciente da defasagem da SEFAZ RR. Veja abaixo a lista completa de cargos, segundo informa\u00e7\u00f5es do pr\u00f3prio \u00f3rg\u00e3o:<\/p>\n\n\n\n<div class=\"wp-block-columns is-layout-flex wp-container-core-columns-is-layout-28f84493 wp-block-columns-is-layout-flex\">\n<div class=\"wp-block-column is-layout-flow wp-block-column-is-layout-flow\">\n<p>I &#8211; Auditor Fiscal de Tributos Estaduais &#8211; AFTE<\/p>\n\n\n\n<ul class=\"wp-block-list\"><li>N\u00edvel 1 &#8211; 70 cargos;<\/li><li>N\u00edvel 2 &#8211; 40 cargos;<\/li><li>N\u00edvel 3 &#8211; 40 cargos;<\/li><li>N\u00edvel Especial &#8211; 40 cargos<\/li><\/ul>\n<\/div>\n\n\n\n<div class=\"wp-block-column is-layout-flow wp-block-column-is-layout-flow\">\n<p>II &#8211; T\u00e9cnico de Tributos Estaduais<\/p>\n\n\n\n<ul class=\"wp-block-list\"><li>N\u00edvel 1 &#8211; 60 cargos;<\/li><li>N\u00edvel 2 &#8211; 60 cargos;<\/li><li>N\u00edvel 3 &#8211; 60 cargos;<\/li><li>N\u00edvel Especial &#8211; 60 cargos.<\/li><\/ul>\n<\/div>\n<\/div>\n\n\n\n<p>Atualmente, em um universo de 190 vagas para Auditor Fiscal de Tributos Estaduais, h\u00e1 47 cargos providos de<strong>, com 143 cargos vagos<\/strong>.  <\/p>\n\n\n\n<p>Em rela\u00e7\u00e3o a <strong>T\u00e9cnico de Tributos Estaduais<\/strong>, a situa\u00e7\u00e3o \u00e9 ainda mais alarmante,&nbsp;s\u00e3o 22 cargos providos, com&nbsp;<strong>218 cargos vagos<\/strong>, conforme a legisla\u00e7\u00e3o. <\/p>\n\n\n\n<p>Assim, conforme informa\u00e7\u00f5es concedidas ao jornal Folha BV, o secret\u00e1rio de Fazenda, Marcos Jorge, se declarou sobre   a exist\u00eancia de car\u00eancia de profissionais dessa \u00e1rea no estado: <\/p>\n\n\n\n<blockquote class=\"wp-block-quote is-layout-flow wp-block-quote-is-layout-flow\"><p><em>\u201cRoraima tem um d\u00e9ficit antigo de auditores fiscais, o que tem limitado o trabalho de fiscaliza\u00e7\u00e3o da Sefaz ao longo dos anos&#8221;<\/em>.<\/p><\/blockquote>\n\n\n\n<p>Tal fato aumenta as chances de que <a href=\"https:\/\/ww~w.estrategiaconcursos.com.br\/blog\/sefaz-rr-aprovados-convocados\/\" target=\"_blank\" rel=\"noreferrer noopener\">mais candidatos sejam convocados<\/a> atrav\u00e9s do cadastro reserva, dentro do prazo de validade do certame e se houver or\u00e7amento dispon\u00edvel.<\/p>\n\n\n\n<h2 class=\"wp-block-heading\" id=\"h-concurso-sefaz-rr-mais-informa-es\">Concurso SEFAZ RR | Mais informa\u00e7\u00f5es<\/h2>\n\n\n\n<p>Sob supervis\u00e3o do <a href=\"http:\/\/cebraspe.org.br\" target=\"_blank\" rel=\"noreferrer noopener\">Cebraspe<\/a>, o processo seletivo da SEFAZ RR \u00e9 previsto para a primeira quinzena de&nbsp;<strong>novembro<\/strong>. Os candidatos ter\u00e3o que enfrentar duas etapas, sendo uma<strong>&nbsp;prova objetiva<\/strong>&nbsp;e um&nbsp;<strong>curso de treinamento<\/strong>.<\/p>\n\n\n\n<p>Vale frisar que os aprovados no concurso devem ser nomeados em 2022, logo ap\u00f3s a conclus\u00e3o do curso de forma\u00e7\u00e3o. Al\u00e9m disso, os mesmos ser\u00e3o lotados na&nbsp;<strong>capital&nbsp;<\/strong>ou em munic\u00edpios onde a&nbsp;<strong>Sefaz RR<\/strong>&nbsp;tem postos de fiscaliza\u00e7\u00e3o.<\/p>\n\n\n\n<p>No adendo, a remunera\u00e7\u00e3o inicial mensal alcan\u00e7a os <strong><em>20 mil<\/em><\/strong> &#8211; dados obtidos pelo Portal Transpar\u00eancia &#8211; para uma jornada de trabalho de<strong> 40 horas semanais<\/strong>.<\/p>\n\n\n\n<p class=\"has-text-align-center\"><em>Para ficar por dentro de todos os demais detalhes acerca do certame SEFAZ RR (edital, cargos vagos e atualiza\u00e7\u00f5es fresquinhas), confira um artigo completo, de f\u00e1cil compreens\u00e3o, que elaboramos EXCLUSIVAMENTE para voc\u00ea!<\/em><\/p>\n\n\n\n<p class=\"has-text-align-center has-black-color has-text-color has-background\" style=\"background-color:#0072a3;font-size:clamp(14.642px, 0.915rem + ((1vw - 3.2px) * 0.721), 22px);\"><strong>Leia tamb\u00e9m: <a href=\"https:\/\/www.estrategiaconcursos.com.br\/blog\/concurso-sefaz-rr\/\" target=\"_blank\" rel=\"noreferrer noopener\">Concurso SEFAZ RR<\/a><\/strong><\/p>\n\n\n\n<div class=\"wp-block-image wp-duotone-000000-00a5ff-1\"><figure class=\"aligncenter size-full is-resized\"><img loading=\"lazy\" decoding=\"async\" src=\"https:\/\/dhg1h5j42swfq.cloudfront.net\/2020\/12\/11172928\/logo_estrategia_concursos.png\" alt=\"\" class=\"wp-image-629128\" width=\"50\" height=\"99\" srcset=\"https:\/\/dhg1h5j42swfq.cloudfront.net\/2020\/12\/11172928\/logo_estrategia_concursos.png 200w, https:\/\/dhg1h5j42swfq.cloudfront.net\/2020\/12\/11172928\/logo_estrategia_concursos-151x300.png 151w\" sizes=\"auto, (max-width: 50px) 100vw, 50px\" \/><\/figure><\/div>\n\n\n\n<h2 class=\"has-text-align-center wp-block-heading\">Quer estudar para o concurso SEFAZ RR?<\/h2>\n\n\n\n<p class=\"has-text-align-center has-small-font-size\"><em>Voc\u00ea sabia que no concurso Sefaz AL de 2019, dos&nbsp;60 aprovados para Auditor Fiscal,&nbsp;<strong>38 foram alunos do Estrat\u00e9gia<\/strong><\/em>? Se voc\u00ea quer fazer parte dessa estat\u00edstica no pr\u00f3ximo concurso Sefaz RR, n\u00e3o perca tempo e estude com a Coruja!<\/p>\n\n\n\n<div class=\"container\" id=\"boxes\">\n  <div class=\"row\">\n\n    <div class=\"col-sm\">\n      <div class=\"banner-fiscal-01\" id=\"box-assinatura\">\n        <h3 class=\"titulo-assinatura\">Carreiras Fiscais<\/h3>\n        <p class=\"subtitulo-assinatura\">Estude conosco<\/p>\n        <div class=\"box-botao\">\n          <a class=\"btn-assinatura\" target=\"_blank\" href=\"https:\/\/www.estrategiaconcursos.com.br\/cursosPorConcurso\/secretaria-da-fazenda-do-estado-de-roraima-sefaz-rr\/\" role=\"button\" rel=\"noopener noreferrer\">Concurso SEFAZ RR<\/a>\n        <\/div>\n      <\/div>\n      \n    <\/div>\n\n  <\/div>\n<\/div>\n\n\n\n<div class=\"container\" id=\"boxes\">\n  <div class=\"row\">\n\n    <div class=\"col-sm\">\n      <div class=\"estrategia\" id=\"box-assinatura\">\n        <h3 class=\"titulo-assinatura\">Assinatura Concursos<\/h3>\n        <p class=\"subtitulo-assinatura\">Assinatura de 1 ano ou 2 anos<\/p>\n        <div class=\"box-botao\">\n          <a class=\"btn-assinatura\" target=\"_blank\" href=\"https:\/\/www.estrategiaconcursos.com.br\/assinaturas\/\" role=\"button\" rel=\"noopener noreferrer\">ASSINE AGORA<\/a>\n        <\/div>\n      <\/div><\/div><\/div><\/div>\n\n\n\n<div class=\"container\" id=\"boxes\">\n  <div class=\"row\">\n\n    <div class=\"col-sm\" id=\"boxes-concursos\">\n      <div style=\"background-color: #005DAD;\" class=\"conteudo-concursos\" id=\"box-concursos\">\n        <h3 class=\"titulo-assinatura\">Concursos Abertos<\/h3>\n        <p class=\"subtitulo-assinatura\">Confira os editais publicados<\/p>\n        <div class=\"box-botao\">\n          <a class=\"btn-assinatura\" target=\"_blank\" href=\"https:\/\/www.estrategiaconcursos.com.br\/blog\/concursos-abertos\/\" role=\"button\" rel=\"noopener noreferrer\">Conhe\u00e7a Agora<\/a>\n        <\/div>\n      <\/div>\n    <\/div>\n\n    <div class=\"col-sm\" id=\"boxes-concursos\">\n      <div style=\"background-color: #1A7ED5;\" class=\"conteudo-concursos\" id=\"box-concursos\">\n        <h3 class=\"titulo-assinatura\">Concursos 2021<\/h3>\n        <p class=\"subtitulo-assinatura\">As oportunidades previstas<\/p>\n        <div class=\"box-botao\">\n          <a class=\"btn-assinatura\" target=\"_blank\" href=\"https:\/\/www.estrategiaconcursos.com.br\/blog\/concursos-2021\/\" role=\"button\" rel=\"noopener noreferrer\">Conhe\u00e7a Agora<\/a>\n        <\/div>\n      <\/div>\n    <\/div>\n\n    <div class=\"col-sm\" id=\"boxes-concursos\">\n      <div style=\"background-color: #419FF0;\" class=\"conteudo-concursos\" id=\"box-concursos\">\n        <h3 class=\"titulo-assinatura\">Concursos 2022<\/h3>\n        <p class=\"subtitulo-assinatura\">Vagas para o pr\u00f3ximo ano<\/p>\n        <div class=\"box-botao\">\n          <a class=\"btn-assinatura\" target=\"_blank\" href=\"https:\/\/www.estrategiaconcursos.com.br\/blog\/concursos-2022\/\" role=\"button\" rel=\"noopener noreferrer\">Conhe\u00e7a Agora<\/a>\n        <\/div>\n      <\/div>\n    <\/div>\n\n  <\/div>\n<\/div>\n","protected":false},"excerpt":{"rendered":"<p>Com inscri\u00e7\u00f5es abertas at\u00e9 24 de setembro, est\u00e1 em pra\u00e7a, com inten\u00e7\u00e3o de reposi\u00e7\u00e3o de cargos vagos, o novo concurso para a Secretaria de Estado da Fazenda de Roraima (SEFAZ RR). Nesse sentido, vale evidenciar que a sele\u00e7\u00e3o visa 20 vagas imediatas, bem como forma\u00e7\u00e3o de cadastro de reserva para o cargo de Auditor Fiscal [&hellip;]<\/p>\n","protected":false},"author":2099,"featured_media":849443,"comment_status":"open","ping_status":"closed","sticky":false,"template":"","format":"standard","meta":{"post_tipo":"news","footnotes":""},"categories":[1983,220219],"tags":[],"tax_estado":[219985],"class_list":["post-852588","post","type-post","status-publish","format-standard","has-post-thumbnail","hentry","category-fiscal-estadual","category-noticias","tax_estado-rr"],"acf":[],"yoast_head":"<!-- This site is optimized with the Yoast SEO Premium plugin v27.2 (Yoast SEO v27.2) - https:\/\/yoast.com\/product\/yoast-seo-premium-wordpress\/ -->\n<title>Concurso SEFAZ RR: Defasagem de 361 cargos vagos<\/title>\n<meta name=\"description\" content=\"Com inscri\u00e7\u00f5es abertas at\u00e9 24\/09, est\u00e1 em pra\u00e7a, para reposi\u00e7\u00e3o de cargos vagos, o concurso para a Secretaria da Fazenda de Roraima (SEFAZ RR)\" \/>\n<meta name=\"robots\" content=\"index, follow, max-snippet:-1, max-image-preview:large, max-video-preview:-1\" \/>\n<link rel=\"canonical\" href=\"https:\/\/www.estrategiaconcursos.com.br\/blog\/concurso-sefaz-rr-cargos-vagos\/\" \/>\n<meta property=\"og:locale\" content=\"pt_BR\" \/>\n<meta property=\"og:type\" content=\"article\" \/>\n<meta property=\"og:title\" content=\"Concurso SEFAZ RR: Defasagem de 361 cargos vagos\" \/>\n<meta property=\"og:description\" content=\"Com inscri\u00e7\u00f5es abertas at\u00e9 24\/09, est\u00e1 em pra\u00e7a, para reposi\u00e7\u00e3o de cargos vagos, o concurso para a Secretaria da Fazenda de Roraima (SEFAZ RR)\" \/>\n<meta property=\"og:url\" content=\"https:\/\/www.estrategiaconcursos.com.br\/blog\/concurso-sefaz-rr-cargos-vagos\/\" \/>\n<meta property=\"og:site_name\" content=\"Estrat\u00e9gia Concursos\" \/>\n<meta property=\"article:published_time\" content=\"2021-09-03T12:00:00+00:00\" \/>\n<meta property=\"og:image\" content=\"https:\/\/dhg1h5j42swfq.cloudfront.net\/2021\/09\/30180911\/sefaz-rr-1.png\" \/>\n\t<meta property=\"og:image:width\" content=\"1200\" \/>\n\t<meta property=\"og:image:height\" content=\"628\" \/>\n\t<meta property=\"og:image:type\" content=\"image\/png\" \/>\n<meta name=\"author\" content=\"Elo\u00edsa da Rosa Ferro\" \/>\n<meta name=\"twitter:card\" content=\"summary_large_image\" \/>\n<meta name=\"twitter:creator\" content=\"@EstratConcursos\" \/>\n<meta name=\"twitter:site\" content=\"@EstratConcursos\" \/>\n<meta name=\"twitter:label1\" content=\"Escrito por\" \/>\n\t<meta name=\"twitter:data1\" content=\"Elo\u00edsa da Rosa Ferro\" \/>\n\t<meta name=\"twitter:label2\" content=\"Est. tempo de leitura\" \/>\n\t<meta name=\"twitter:data2\" content=\"3 minutos\" \/>\n<script type=\"application\/ld+json\" class=\"yoast-schema-graph\">{\"@context\":\"https:\/\/schema.org\",\"@graph\":[{\"@type\":\"NewsArticle\",\"@id\":\"https:\/\/www.estrategiaconcursos.com.br\/blog\/concurso-sefaz-rr-cargos-vagos\/#article\",\"isPartOf\":{\"@id\":\"https:\/\/www.estrategiaconcursos.com.br\/blog\/concurso-sefaz-rr-cargos-vagos\/\"},\"author\":{\"name\":\"Elo\u00edsa da Rosa Ferro\",\"@id\":\"https:\/\/www.estrategiaconcursos.com.br\/blog\/#\/schema\/person\/57d9394bb68400dbec62ff8a943ab201\"},\"headline\":\"Concurso SEFAZ RR: Defasagem de 361 cargos vagos\",\"datePublished\":\"2021-09-03T12:00:00+00:00\",\"mainEntityOfPage\":{\"@id\":\"https:\/\/www.estrategiaconcursos.com.br\/blog\/concurso-sefaz-rr-cargos-vagos\/\"},\"wordCount\":545,\"commentCount\":0,\"publisher\":{\"@id\":\"https:\/\/www.estrategiaconcursos.com.br\/blog\/#organization\"},\"image\":{\"@id\":\"https:\/\/www.estrategiaconcursos.com.br\/blog\/concurso-sefaz-rr-cargos-vagos\/#primaryimage\"},\"thumbnailUrl\":\"https:\/\/dhg1h5j42swfq.cloudfront.net\/2021\/09\/30180911\/sefaz-rr-1.png\",\"articleSection\":[\"Fiscal - Estadual (ICMS)\",\"\u00daltimas not\u00edcias\"],\"inLanguage\":\"pt-BR\",\"potentialAction\":[{\"@type\":\"CommentAction\",\"name\":\"Comment\",\"target\":[\"https:\/\/www.estrategiaconcursos.com.br\/blog\/concurso-sefaz-rr-cargos-vagos\/#respond\"]}],\"copyrightYear\":\"2021\",\"copyrightHolder\":{\"@id\":\"https:\/\/www.estrategiaconcursos.com.br\/blog\/#organization\"}},{\"@type\":\"WebPage\",\"@id\":\"https:\/\/www.estrategiaconcursos.com.br\/blog\/concurso-sefaz-rr-cargos-vagos\/\",\"url\":\"https:\/\/www.estrategiaconcursos.com.br\/blog\/concurso-sefaz-rr-cargos-vagos\/\",\"name\":\"Concurso SEFAZ RR: Defasagem de 361 cargos vagos\",\"isPartOf\":{\"@id\":\"https:\/\/www.estrategiaconcursos.com.br\/blog\/#website\"},\"primaryImageOfPage\":{\"@id\":\"https:\/\/www.estrategiaconcursos.com.br\/blog\/concurso-sefaz-rr-cargos-vagos\/#primaryimage\"},\"image\":{\"@id\":\"https:\/\/www.estrategiaconcursos.com.br\/blog\/concurso-sefaz-rr-cargos-vagos\/#primaryimage\"},\"thumbnailUrl\":\"https:\/\/dhg1h5j42swfq.cloudfront.net\/2021\/09\/30180911\/sefaz-rr-1.png\",\"datePublished\":\"2021-09-03T12:00:00+00:00\",\"description\":\"Com inscri\u00e7\u00f5es abertas at\u00e9 24\/09, est\u00e1 em pra\u00e7a, para reposi\u00e7\u00e3o de cargos vagos, o concurso para a Secretaria da Fazenda de Roraima (SEFAZ RR)\",\"breadcrumb\":{\"@id\":\"https:\/\/www.estrategiaconcursos.com.br\/blog\/concurso-sefaz-rr-cargos-vagos\/#breadcrumb\"},\"inLanguage\":\"pt-BR\",\"potentialAction\":[{\"@type\":\"ReadAction\",\"target\":[\"https:\/\/www.estrategiaconcursos.com.br\/blog\/concurso-sefaz-rr-cargos-vagos\/\"]}]},{\"@type\":\"ImageObject\",\"inLanguage\":\"pt-BR\",\"@id\":\"https:\/\/www.estrategiaconcursos.com.br\/blog\/concurso-sefaz-rr-cargos-vagos\/#primaryimage\",\"url\":\"https:\/\/dhg1h5j42swfq.cloudfront.net\/2021\/09\/30180911\/sefaz-rr-1.png\",\"contentUrl\":\"https:\/\/dhg1h5j42swfq.cloudfront.net\/2021\/09\/30180911\/sefaz-rr-1.png\",\"width\":1200,\"height\":628,\"caption\":\"Novo concurso Sefaz RR \u00e9 anunciado pelo Governador!\"},{\"@type\":\"BreadcrumbList\",\"@id\":\"https:\/\/www.estrategiaconcursos.com.br\/blog\/concurso-sefaz-rr-cargos-vagos\/#breadcrumb\",\"itemListElement\":[{\"@type\":\"ListItem\",\"position\":1,\"name\":\"In\u00edcio\",\"item\":\"https:\/\/www.estrategiaconcursos.com.br\/blog\/\"},{\"@type\":\"ListItem\",\"position\":2,\"name\":\"Concurso SEFAZ RR: Defasagem de 361 cargos vagos\"}]},{\"@type\":\"WebSite\",\"@id\":\"https:\/\/www.estrategiaconcursos.com.br\/blog\/#website\",\"url\":\"https:\/\/www.estrategiaconcursos.com.br\/blog\/\",\"name\":\"Estrat\u00e9gia Concursos\",\"description\":\"O blog da Estrat\u00e9gia Concursos traz not\u00edcias sobre concursos e artigos de professores oferecendo cursos para concursos (pdf + videaulas) no site.\",\"publisher\":{\"@id\":\"https:\/\/www.estrategiaconcursos.com.br\/blog\/#organization\"},\"potentialAction\":[{\"@type\":\"SearchAction\",\"target\":{\"@type\":\"EntryPoint\",\"urlTemplate\":\"https:\/\/www.estrategiaconcursos.com.br\/blog\/?s={search_term_string}\"},\"query-input\":{\"@type\":\"PropertyValueSpecification\",\"valueRequired\":true,\"valueName\":\"search_term_string\"}}],\"inLanguage\":\"pt-BR\"},{\"@type\":\"Organization\",\"@id\":\"https:\/\/www.estrategiaconcursos.com.br\/blog\/#organization\",\"name\":\"Estrat\u00e9gia Concursos\",\"url\":\"https:\/\/www.estrategiaconcursos.com.br\/blog\/\",\"logo\":{\"@type\":\"ImageObject\",\"inLanguage\":\"pt-BR\",\"@id\":\"https:\/\/www.estrategiaconcursos.com.br\/blog\/#\/schema\/logo\/image\/\",\"url\":\"https:\/\/dhg1h5j42swfq.cloudfront.net\/2025\/06\/03203428\/logo_concursos-1.jpg\",\"contentUrl\":\"https:\/\/dhg1h5j42swfq.cloudfront.net\/2025\/06\/03203428\/logo_concursos-1.jpg\",\"width\":230,\"height\":60,\"caption\":\"Estrat\u00e9gia Concursos\"},\"image\":{\"@id\":\"https:\/\/www.estrategiaconcursos.com.br\/blog\/#\/schema\/logo\/image\/\"},\"sameAs\":[\"https:\/\/x.com\/EstratConcursos\"]},{\"@type\":\"Person\",\"@id\":\"https:\/\/www.estrategiaconcursos.com.br\/blog\/#\/schema\/person\/57d9394bb68400dbec62ff8a943ab201\",\"name\":\"Elo\u00edsa da Rosa Ferro\",\"image\":{\"@type\":\"ImageObject\",\"inLanguage\":\"pt-BR\",\"@id\":\"https:\/\/secure.gravatar.com\/avatar\/?s=96&d=mm&r=g\",\"url\":\"https:\/\/secure.gravatar.com\/avatar\/?s=96&d=mm&r=g\",\"contentUrl\":\"https:\/\/secure.gravatar.com\/avatar\/?s=96&d=mm&r=g\",\"caption\":\"Elo\u00edsa da Rosa Ferro\"},\"url\":\"https:\/\/www.estrategiaconcursos.com.br\/blog\/author\/eloisa-ferro\/\"}]}<\/script>\n<!-- \/ Yoast SEO Premium plugin. -->","yoast_head_json":{"title":"Concurso SEFAZ RR: Defasagem de 361 cargos vagos","description":"Com inscri\u00e7\u00f5es abertas at\u00e9 24\/09, est\u00e1 em pra\u00e7a, para reposi\u00e7\u00e3o de cargos vagos, o concurso para a Secretaria da Fazenda de Roraima (SEFAZ RR)","robots":{"index":"index","follow":"follow","max-snippet":"max-snippet:-1","max-image-preview":"max-image-preview:large","max-video-preview":"max-video-preview:-1"},"canonical":"https:\/\/www.estrategiaconcursos.com.br\/blog\/concurso-sefaz-rr-cargos-vagos\/","og_locale":"pt_BR","og_type":"article","og_title":"Concurso SEFAZ RR: Defasagem de 361 cargos vagos","og_description":"Com inscri\u00e7\u00f5es abertas at\u00e9 24\/09, est\u00e1 em pra\u00e7a, para reposi\u00e7\u00e3o de cargos vagos, o concurso para a Secretaria da Fazenda de Roraima (SEFAZ RR)","og_url":"https:\/\/www.estrategiaconcursos.com.br\/blog\/concurso-sefaz-rr-cargos-vagos\/","og_site_name":"Estrat\u00e9gia Concursos","article_published_time":"2021-09-03T12:00:00+00:00","og_image":[{"width":1200,"height":628,"url":"https:\/\/dhg1h5j42swfq.cloudfront.net\/2021\/09\/30180911\/sefaz-rr-1.png","type":"image\/png"}],"author":"Elo\u00edsa da Rosa Ferro","twitter_card":"summary_large_image","twitter_creator":"@EstratConcursos","twitter_site":"@EstratConcursos","twitter_misc":{"Escrito por":"Elo\u00edsa da Rosa Ferro","Est. tempo de leitura":"3 minutos"},"schema":{"@context":"https:\/\/schema.org","@graph":[{"@type":"NewsArticle","@id":"https:\/\/www.estrategiaconcursos.com.br\/blog\/concurso-sefaz-rr-cargos-vagos\/#article","isPartOf":{"@id":"https:\/\/www.estrategiaconcursos.com.br\/blog\/concurso-sefaz-rr-cargos-vagos\/"},"author":{"name":"Elo\u00edsa da Rosa Ferro","@id":"https:\/\/www.estrategiaconcursos.com.br\/blog\/#\/schema\/person\/57d9394bb68400dbec62ff8a943ab201"},"headline":"Concurso SEFAZ RR: Defasagem de 361 cargos vagos","datePublished":"2021-09-03T12:00:00+00:00","mainEntityOfPage":{"@id":"https:\/\/www.estrategiaconcursos.com.br\/blog\/concurso-sefaz-rr-cargos-vagos\/"},"wordCount":545,"commentCount":0,"publisher":{"@id":"https:\/\/www.estrategiaconcursos.com.br\/blog\/#organization"},"image":{"@id":"https:\/\/www.estrategiaconcursos.com.br\/blog\/concurso-sefaz-rr-cargos-vagos\/#primaryimage"},"thumbnailUrl":"https:\/\/dhg1h5j42swfq.cloudfront.net\/2021\/09\/30180911\/sefaz-rr-1.png","articleSection":["Fiscal - Estadual (ICMS)","\u00daltimas not\u00edcias"],"inLanguage":"pt-BR","potentialAction":[{"@type":"CommentAction","name":"Comment","target":["https:\/\/www.estrategiaconcursos.com.br\/blog\/concurso-sefaz-rr-cargos-vagos\/#respond"]}],"copyrightYear":"2021","copyrightHolder":{"@id":"https:\/\/www.estrategiaconcursos.com.br\/blog\/#organization"}},{"@type":"WebPage","@id":"https:\/\/www.estrategiaconcursos.com.br\/blog\/concurso-sefaz-rr-cargos-vagos\/","url":"https:\/\/www.estrategiaconcursos.com.br\/blog\/concurso-sefaz-rr-cargos-vagos\/","name":"Concurso SEFAZ RR: Defasagem de 361 cargos vagos","isPartOf":{"@id":"https:\/\/www.estrategiaconcursos.com.br\/blog\/#website"},"primaryImageOfPage":{"@id":"https:\/\/www.estrategiaconcursos.com.br\/blog\/concurso-sefaz-rr-cargos-vagos\/#primaryimage"},"image":{"@id":"https:\/\/www.estrategiaconcursos.com.br\/blog\/concurso-sefaz-rr-cargos-vagos\/#primaryimage"},"thumbnailUrl":"https:\/\/dhg1h5j42swfq.cloudfront.net\/2021\/09\/30180911\/sefaz-rr-1.png","datePublished":"2021-09-03T12:00:00+00:00","description":"Com inscri\u00e7\u00f5es abertas at\u00e9 24\/09, est\u00e1 em pra\u00e7a, para reposi\u00e7\u00e3o de cargos vagos, o concurso para a Secretaria da Fazenda de Roraima (SEFAZ RR)","breadcrumb":{"@id":"https:\/\/www.estrategiaconcursos.com.br\/blog\/concurso-sefaz-rr-cargos-vagos\/#breadcrumb"},"inLanguage":"pt-BR","potentialAction":[{"@type":"ReadAction","target":["https:\/\/www.estrategiaconcursos.com.br\/blog\/concurso-sefaz-rr-cargos-vagos\/"]}]},{"@type":"ImageObject","inLanguage":"pt-BR","@id":"https:\/\/www.estrategiaconcursos.com.br\/blog\/concurso-sefaz-rr-cargos-vagos\/#primaryimage","url":"https:\/\/dhg1h5j42swfq.cloudfront.net\/2021\/09\/30180911\/sefaz-rr-1.png","contentUrl":"https:\/\/dhg1h5j42swfq.cloudfront.net\/2021\/09\/30180911\/sefaz-rr-1.png","width":1200,"height":628,"caption":"Novo concurso Sefaz RR \u00e9 anunciado pelo Governador!"},{"@type":"BreadcrumbList","@id":"https:\/\/www.estrategiaconcursos.com.br\/blog\/concurso-sefaz-rr-cargos-vagos\/#breadcrumb","itemListElement":[{"@type":"ListItem","position":1,"name":"In\u00edcio","item":"https:\/\/www.estrategiaconcursos.com.br\/blog\/"},{"@type":"ListItem","position":2,"name":"Concurso SEFAZ RR: Defasagem de 361 cargos vagos"}]},{"@type":"WebSite","@id":"https:\/\/www.estrategiaconcursos.com.br\/blog\/#website","url":"https:\/\/www.estrategiaconcursos.com.br\/blog\/","name":"Estrat\u00e9gia Concursos","description":"O blog da Estrat\u00e9gia Concursos traz not\u00edcias sobre concursos e artigos de professores oferecendo cursos para concursos (pdf + videaulas) no site.","publisher":{"@id":"https:\/\/www.estrategiaconcursos.com.br\/blog\/#organization"},"potentialAction":[{"@type":"SearchAction","target":{"@type":"EntryPoint","urlTemplate":"https:\/\/www.estrategiaconcursos.com.br\/blog\/?s={search_term_string}"},"query-input":{"@type":"PropertyValueSpecification","valueRequired":true,"valueName":"search_term_string"}}],"inLanguage":"pt-BR"},{"@type":"Organization","@id":"https:\/\/www.estrategiaconcursos.com.br\/blog\/#organization","name":"Estrat\u00e9gia Concursos","url":"https:\/\/www.estrategiaconcursos.com.br\/blog\/","logo":{"@type":"ImageObject","inLanguage":"pt-BR","@id":"https:\/\/www.estrategiaconcursos.com.br\/blog\/#\/schema\/logo\/image\/","url":"https:\/\/dhg1h5j42swfq.cloudfront.net\/2025\/06\/03203428\/logo_concursos-1.jpg","contentUrl":"https:\/\/dhg1h5j42swfq.cloudfront.net\/2025\/06\/03203428\/logo_concursos-1.jpg","width":230,"height":60,"caption":"Estrat\u00e9gia Concursos"},"image":{"@id":"https:\/\/www.estrategiaconcursos.com.br\/blog\/#\/schema\/logo\/image\/"},"sameAs":["https:\/\/x.com\/EstratConcursos"]},{"@type":"Person","@id":"https:\/\/www.estrategiaconcursos.com.br\/blog\/#\/schema\/person\/57d9394bb68400dbec62ff8a943ab201","name":"Elo\u00edsa da Rosa Ferro","image":{"@type":"ImageObject","inLanguage":"pt-BR","@id":"https:\/\/secure.gravatar.com\/avatar\/?s=96&d=mm&r=g","url":"https:\/\/secure.gravatar.com\/avatar\/?s=96&d=mm&r=g","contentUrl":"https:\/\/secure.gravatar.com\/avatar\/?s=96&d=mm&r=g","caption":"Elo\u00edsa da Rosa Ferro"},"url":"https:\/\/www.estrategiaconcursos.com.br\/blog\/author\/eloisa-ferro\/"}]}},"_links":{"self":[{"href":"https:\/\/www.estrategiaconcursos.com.br\/blog\/wp-json\/wp\/v2\/posts\/852588","targetHints":{"allow":["GET"]}}],"collection":[{"href":"https:\/\/www.estrategiaconcursos.com.br\/blog\/wp-json\/wp\/v2\/posts"}],"about":[{"href":"https:\/\/www.estrategiaconcursos.com.br\/blog\/wp-json\/wp\/v2\/types\/post"}],"author":[{"embeddable":true,"href":"https:\/\/www.estrategiaconcursos.com.br\/blog\/wp-json\/wp\/v2\/users\/2099"}],"replies":[{"embeddable":true,"href":"https:\/\/www.estrategiaconcursos.com.br\/blog\/wp-json\/wp\/v2\/comments?post=852588"}],"version-history":[{"count":9,"href":"https:\/\/www.estrategiaconcursos.com.br\/blog\/wp-json\/wp\/v2\/posts\/852588\/revisions"}],"predecessor-version":[{"id":852782,"href":"https:\/\/www.estrategiaconcursos.com.br\/blog\/wp-json\/wp\/v2\/posts\/852588\/revisions\/852782"}],"wp:featuredmedia":[{"embeddable":true,"href":"https:\/\/www.estrategiaconcursos.com.br\/blog\/wp-json\/wp\/v2\/media\/849443"}],"wp:attachment":[{"href":"https:\/\/www.estrategiaconcursos.com.br\/blog\/wp-json\/wp\/v2\/media?parent=852588"}],"wp:term":[{"taxonomy":"category","embeddable":true,"href":"https:\/\/www.estrategiaconcursos.com.br\/blog\/wp-json\/wp\/v2\/categories?post=852588"},{"taxonomy":"post_tag","embeddable":true,"href":"https:\/\/www.estrategiaconcursos.com.br\/blog\/wp-json\/wp\/v2\/tags?post=852588"},{"taxonomy":"tax_estado","embeddable":true,"href":"https:\/\/www.estrategiaconcursos.com.br\/blog\/wp-json\/wp\/v2\/tax_estado?post=852588"}],"curies":[{"name":"wp","href":"https:\/\/api.w.org\/{rel}","templated":true}]}}