{"id":852469,"date":"2021-09-02T12:54:57","date_gmt":"2021-09-02T15:54:57","guid":{"rendered":"https:\/\/www.estrategiaconcursos.com.br\/blog\/?p=852469"},"modified":"2021-09-02T13:22:15","modified_gmt":"2021-09-02T16:22:15","slug":"concurso-pefoce-prova-remarcada-perito-farmacia","status":"publish","type":"post","link":"https:\/\/www.estrategiaconcursos.com.br\/blog\/concurso-pefoce-prova-remarcada-perito-farmacia\/","title":{"rendered":"Concurso PEFOCE tem prova remarcada para Perito em Farm\u00e1cia"},"content":{"rendered":"\n<p>Aten\u00e7\u00e3o, corujas! Foram publicadas novas retifica\u00e7\u00f5es do <strong>concurso PEFOCE<\/strong> e uma das mudan\u00e7as \u00e9 quanto \u00e0 data de aplica\u00e7\u00e3o da prova objetiva para o cargo de Perito em Farm\u00e1cia, que foi remarcada para o dia <strong>12 de setembro<\/strong>, por conta de decis\u00e3o judicial. <\/p>\n\n\n\n<p>Conforme a retifica\u00e7\u00e3o, as provas objetivas e discursivas ser\u00e3o realizadas nas cidades de Fortaleza, Sobral, Juazeiro do Norte, Iguatu e Russas, todas localizadas no Estado do Cear\u00e1, com dura\u00e7\u00e3o de 5h30min para realiza\u00e7\u00e3o, no turno da tarde (com in\u00edcio \u00e0s 13h e t\u00e9rmino \u00e0s 18h30).<\/p>\n\n\n\n<p>Os locais de aplica\u00e7\u00e3o da prova est\u00e3o previstos para serem divulgados no site da <a href=\"https:\/\/concurso.idecan.org.br\/Concurso.aspx?ID=33\" target=\"_blank\" rel=\"noreferrer noopener\">Idecan<\/a>, no dia 3 de setembro. Veja abaixo todas as retifica\u00e7\u00f5es:<\/p>\n\n\n\n<div class=\"wp-block-image\"><figure class=\"aligncenter size-large is-resized\"><img loading=\"lazy\" decoding=\"async\" src=\"https:\/\/dhg1h5j42swfq.cloudfront.net\/2021\/09\/02124235\/image-50-1024x676.png\" alt=\"concurso PEFOCE prova\" class=\"wp-image-852476\" width=\"833\" height=\"549\" srcset=\"https:\/\/dhg1h5j42swfq.cloudfront.net\/2021\/09\/02124235\/image-50-1024x676.png 1024w, https:\/\/dhg1h5j42swfq.cloudfront.net\/2021\/09\/02124235\/image-50-300x198.png 300w, https:\/\/dhg1h5j42swfq.cloudfront.net\/2021\/09\/02124235\/image-50-768x507.png 768w, https:\/\/dhg1h5j42swfq.cloudfront.net\/2021\/09\/02124235\/image-50-610x403.png 610w, https:\/\/dhg1h5j42swfq.cloudfront.net\/2021\/09\/02124235\/image-50.png 1083w\" sizes=\"auto, (max-width: 833px) 100vw, 833px\" \/><figcaption>Retifica\u00e7\u00f5es concurso PEFOCE<\/figcaption><\/figure><\/div>\n\n\n\n<p>O resultado definitivo da objetiva ser\u00e1 publicado na data prov\u00e1vel de 1\u00ba de outubro e da discursiva no dia 13 de outubro.<\/p>\n\n\n\n<p>Al\u00e9m disso, a Prova de Capacidade F\u00edsica, em sua Primeira Oportunidade, para todos os cargos, tem como<br \/>datas previstas de realiza\u00e7\u00e3o nos dias 20 a 23 de outubro de 2021, conforme disposi\u00e7\u00f5es contidas em edital de<br \/>convoca\u00e7\u00e3o para esta Fase, divulgado na data prov\u00e1vel de 14 de outubro de 2021.<\/p>\n\n\n\n<p>O edital oferta <strong>170 vagas<\/strong> imediatas, al\u00e9m de 340 para cadastro de reserva, distribu\u00eddas entre ampla concorr\u00eancia, candidatos negros e pessoas com defici\u00eancia. As oportunidades s\u00e3o para Perito Criminal, Perito Legista, M\u00e9dico Legista&nbsp;e Auxiliar de Per\u00edcia, de <strong>n\u00edvel superior<\/strong> e sal\u00e1rios de at\u00e9 <strong>R$ 10,1 mil<\/strong>!<\/p>\n\n\n\n<p>De acordo com o IDECAN, banca organizadora, foram registradas <strong>28.145 inscri\u00e7\u00f5es<\/strong>, sendo 24.757 para ampla concorr\u00eancia, 3.289 para vagas destinadas a candidatos negros e 99 para oportunidades reservadas para pessoas com defici\u00eancia (PcDs).<\/p>\n\n\n\n<p>Al\u00e9m da prova objetiva e discursiva, os candidatos ainda ser\u00e3o avaliados atrav\u00e9s das etapas de teste de aptid\u00e3o f\u00edsica, avalia\u00e7\u00e3o psicol\u00f3gica, investiga\u00e7\u00e3o social e, por fim, pelo curso de forma\u00e7\u00e3o.<\/p>\n\n\n\n<p class=\"has-text-align-center\"><strong>Para saber todas as informa\u00e7\u00f5es sobre o concurso PEFOCE, bem como da prova objetiva para o cargo de Perito em Farm\u00e1cia que foi remarcada, acesse o link abaixo:<\/strong><\/p>\n\n\n\n<p class=\"has-text-align-center has-black-color has-vivid-cyan-blue-background-color has-text-color has-background has-medium-font-size\"><strong><a href=\"https:\/\/www.estrategiaconcursos.com.br\/blog\/concurso-pefoce\/\" target=\"_blank\" rel=\"noreferrer noopener\">Concurso PEFOCE<\/a><\/strong><\/p>\n\n\n\n<h2 class=\"has-text-align-center wp-block-heading\" id=\"curso\">Quer estudar para o concurso PEFOCE?<\/h2>\n\n\n\n<div id=\"boxes\" class=\"container\">\n<div class=\"row\">\n<div class=\"col-sm\">\n<div id=\"box-assinatura\" class=\"banner-policial\">\n<h3 class=\"titulo-assinatura\">Concurso PEFOCE<\/h3>\n<p class=\"subtitulo-assinatura\">Conhe\u00e7a os cursos<\/p>\n<div class=\"box-botao\"><a class=\"btn-assinatura\" role=\"button\" href=\"https:\/\/www.estrategiaconcursos.com.br\/cursosPorConcurso\/pericia-forense-do-estado-do-ceara-pefoce-r\/\" target=\"_blank\" rel=\"noopener noreferrer\">Saiba mais<\/a><\/div>\n<\/div>\n<p class=\"texto-auxiliar\">Prepare-se com o melhor material e com quem mais aprova em Concursos P\u00fablicos em todo o pa\u00eds.<\/p>\n<\/div>\n<\/div>\n<\/div>\n\n\n\n<div class=\"container\" id=\"boxes\">\n  <div class=\"row\">\n\n    <div class=\"col-sm\">\n      <div class=\"estrategia\" id=\"box-assinatura\">\n        <h3 class=\"titulo-assinatura\">Assinatura Concursos<\/h3>\n        <p class=\"subtitulo-assinatura\">Assinatura de 1 ano ou 2 anos<\/p>\n        <div class=\"box-botao\">\n          <a class=\"btn-assinatura\" target=\"_blank\" href=\"https:\/\/www.estrategiaconcursos.com.br\/assinaturas\/\" role=\"button\" rel=\"noopener noreferrer\">ASSINE AGORA<\/a>\n        <\/div>\n      <\/div>\n     \n    <\/div><\/div><\/div>\n\n\n\n<div class=\"container\" id=\"boxes\">\n  <div class=\"row\">\n\n    <div class=\"col-sm\" id=\"boxes-concursos\">\n      <div style=\"background-color: #005DAD;\" class=\"conteudo-concursos\" id=\"box-concursos\">\n        <h3 class=\"titulo-assinatura\">Concursos Abertos<\/h3>\n        <p class=\"subtitulo-assinatura\">Os editais publicados<\/p>\n        <div class=\"box-botao\">\n          <a class=\"btn-assinatura\" target=\"_blank\" href=\"https:\/\/www.estrategiaconcursos.com.br\/blog\/concursos-abertos\/\" role=\"button\" rel=\"noopener noreferrer\">Conhe\u00e7a Agora<\/a>\n        <\/div>\n      <\/div>\n    <\/div>\n\n    <div class=\"col-sm\" id=\"boxes-concursos\">\n      <div style=\"background-color: #1A7ED5;\" class=\"conteudo-concursos\" id=\"box-concursos\">\n        <h3 class=\"titulo-assinatura\">Concursos 2021<\/h3>\n        <p class=\"subtitulo-assinatura\">As oportunidades previstas<\/p>\n        <div class=\"box-botao\">\n          <a class=\"btn-assinatura\" target=\"_blank\" href=\"https:\/\/www.estrategiaconcursos.com.br\/blog\/concursos-2021\/\" role=\"button\" rel=\"noopener noreferrer\">Conhe\u00e7a Agora<\/a>\n        <\/div>\n      <\/div>\n    <\/div>\n\n    <div class=\"col-sm\" id=\"boxes-concursos\">\n      <div style=\"background-color: #419FF0;\" class=\"conteudo-concursos\" id=\"box-concursos\">\n        <h3 class=\"titulo-assinatura\">Concursos 2022<\/h3>\n        <p class=\"subtitulo-assinatura\">Vagas para o pr\u00f3ximo ano<\/p>\n        <div class=\"box-botao\">\n          <a class=\"btn-assinatura\" target=\"_blank\" href=\"https:\/\/www.estrategiaconcursos.com.br\/blog\/concursos-2022\/\" role=\"button\" rel=\"noopener noreferrer\">Conhe\u00e7a Agora<\/a>\n        <\/div>\n      <\/div>\n    <\/div>\n\n  <\/div>\n<\/div>\n","protected":false},"excerpt":{"rendered":"<p>Aten\u00e7\u00e3o, corujas! Foram publicadas novas retifica\u00e7\u00f5es do concurso PEFOCE e uma das mudan\u00e7as \u00e9 quanto \u00e0 data de aplica\u00e7\u00e3o da prova objetiva para o cargo de Perito em Farm\u00e1cia, que foi remarcada para o dia 12 de setembro, por conta de decis\u00e3o judicial. Conforme a retifica\u00e7\u00e3o, as provas objetivas e discursivas ser\u00e3o realizadas nas cidades [&hellip;]<\/p>\n","protected":false},"author":2134,"featured_media":828650,"comment_status":"open","ping_status":"closed","sticky":false,"template":"","format":"standard","meta":{"post_tipo":"news","footnotes":""},"categories":[220190,220219],"tags":[],"tax_estado":[219969],"class_list":["post-852469","post","type-post","status-publish","format-standard","has-post-thumbnail","hentry","category-policial-peritos","category-noticias","tax_estado-ce"],"acf":[],"yoast_head":"<!-- This site is optimized with the Yoast SEO Premium plugin v27.2 (Yoast SEO v27.2) - https:\/\/yoast.com\/product\/yoast-seo-premium-wordpress\/ -->\n<title>Concurso PEFOCE tem prova remarcada para Perito em Farm\u00e1cia<\/title>\n<meta name=\"description\" content=\"Aten\u00e7\u00e3o, corujas! A prova para o cargo de Perito em Farm\u00e1cia do concurso PEFOCE foi remarcada para o dia 12 de setembro. Confira tudo aqui!\" \/>\n<meta name=\"robots\" content=\"index, follow, max-snippet:-1, max-image-preview:large, max-video-preview:-1\" \/>\n<link rel=\"canonical\" href=\"https:\/\/www.estrategiaconcursos.com.br\/blog\/concurso-pefoce-prova-remarcada-perito-farmacia\/\" \/>\n<meta property=\"og:locale\" content=\"pt_BR\" \/>\n<meta property=\"og:type\" content=\"article\" \/>\n<meta property=\"og:title\" content=\"Concurso PEFOCE tem prova remarcada para Perito em Farm\u00e1cia\" \/>\n<meta property=\"og:description\" content=\"Aten\u00e7\u00e3o, corujas! A prova para o cargo de Perito em Farm\u00e1cia do concurso PEFOCE foi remarcada para o dia 12 de setembro. Confira tudo aqui!\" \/>\n<meta property=\"og:url\" content=\"https:\/\/www.estrategiaconcursos.com.br\/blog\/concurso-pefoce-prova-remarcada-perito-farmacia\/\" \/>\n<meta property=\"og:site_name\" content=\"Estrat\u00e9gia Concursos\" \/>\n<meta property=\"article:published_time\" content=\"2021-09-02T15:54:57+00:00\" \/>\n<meta property=\"article:modified_time\" content=\"2021-09-02T16:22:15+00:00\" \/>\n<meta property=\"og:image\" content=\"https:\/\/dhg1h5j42swfq.cloudfront.net\/2021\/08\/04104632\/pefoce.jpg\" \/>\n\t<meta property=\"og:image:width\" content=\"311\" \/>\n\t<meta property=\"og:image:height\" content=\"162\" \/>\n\t<meta property=\"og:image:type\" content=\"image\/jpeg\" \/>\n<meta name=\"author\" content=\"Rafaela Teixeira\" \/>\n<meta name=\"twitter:card\" content=\"summary_large_image\" \/>\n<meta name=\"twitter:creator\" content=\"@EstratConcursos\" \/>\n<meta name=\"twitter:site\" content=\"@EstratConcursos\" \/>\n<meta name=\"twitter:label1\" content=\"Escrito por\" \/>\n\t<meta name=\"twitter:data1\" content=\"Rafaela Teixeira\" \/>\n\t<meta name=\"twitter:label2\" content=\"Est. tempo de leitura\" \/>\n\t<meta name=\"twitter:data2\" content=\"2 minutos\" \/>\n<script type=\"application\/ld+json\" class=\"yoast-schema-graph\">{\"@context\":\"https:\/\/schema.org\",\"@graph\":[{\"@type\":\"NewsArticle\",\"@id\":\"https:\/\/www.estrategiaconcursos.com.br\/blog\/concurso-pefoce-prova-remarcada-perito-farmacia\/#article\",\"isPartOf\":{\"@id\":\"https:\/\/www.estrategiaconcursos.com.br\/blog\/concurso-pefoce-prova-remarcada-perito-farmacia\/\"},\"author\":{\"name\":\"Rafaela Teixeira\",\"@id\":\"https:\/\/www.estrategiaconcursos.com.br\/blog\/#\/schema\/person\/e75352021ea7f60781c599934f916eb1\"},\"headline\":\"Concurso PEFOCE tem prova remarcada para Perito em Farm\u00e1cia\",\"datePublished\":\"2021-09-02T15:54:57+00:00\",\"dateModified\":\"2021-09-02T16:22:15+00:00\",\"mainEntityOfPage\":{\"@id\":\"https:\/\/www.estrategiaconcursos.com.br\/blog\/concurso-pefoce-prova-remarcada-perito-farmacia\/\"},\"wordCount\":433,\"commentCount\":0,\"publisher\":{\"@id\":\"https:\/\/www.estrategiaconcursos.com.br\/blog\/#organization\"},\"image\":{\"@id\":\"https:\/\/www.estrategiaconcursos.com.br\/blog\/concurso-pefoce-prova-remarcada-perito-farmacia\/#primaryimage\"},\"thumbnailUrl\":\"https:\/\/dhg1h5j42swfq.cloudfront.net\/2021\/08\/04104632\/pefoce.jpg\",\"articleSection\":[\"Policial (Peritos, Papiloscopistas)\",\"\u00daltimas not\u00edcias\"],\"inLanguage\":\"pt-BR\",\"potentialAction\":[{\"@type\":\"CommentAction\",\"name\":\"Comment\",\"target\":[\"https:\/\/www.estrategiaconcursos.com.br\/blog\/concurso-pefoce-prova-remarcada-perito-farmacia\/#respond\"]}],\"copyrightYear\":\"2021\",\"copyrightHolder\":{\"@id\":\"https:\/\/www.estrategiaconcursos.com.br\/blog\/#organization\"}},{\"@type\":\"WebPage\",\"@id\":\"https:\/\/www.estrategiaconcursos.com.br\/blog\/concurso-pefoce-prova-remarcada-perito-farmacia\/\",\"url\":\"https:\/\/www.estrategiaconcursos.com.br\/blog\/concurso-pefoce-prova-remarcada-perito-farmacia\/\",\"name\":\"Concurso PEFOCE tem prova remarcada para Perito em Farm\u00e1cia\",\"isPartOf\":{\"@id\":\"https:\/\/www.estrategiaconcursos.com.br\/blog\/#website\"},\"primaryImageOfPage\":{\"@id\":\"https:\/\/www.estrategiaconcursos.com.br\/blog\/concurso-pefoce-prova-remarcada-perito-farmacia\/#primaryimage\"},\"image\":{\"@id\":\"https:\/\/www.estrategiaconcursos.com.br\/blog\/concurso-pefoce-prova-remarcada-perito-farmacia\/#primaryimage\"},\"thumbnailUrl\":\"https:\/\/dhg1h5j42swfq.cloudfront.net\/2021\/08\/04104632\/pefoce.jpg\",\"datePublished\":\"2021-09-02T15:54:57+00:00\",\"dateModified\":\"2021-09-02T16:22:15+00:00\",\"description\":\"Aten\u00e7\u00e3o, corujas! A prova para o cargo de Perito em Farm\u00e1cia do concurso PEFOCE foi remarcada para o dia 12 de setembro. Confira tudo aqui!\",\"breadcrumb\":{\"@id\":\"https:\/\/www.estrategiaconcursos.com.br\/blog\/concurso-pefoce-prova-remarcada-perito-farmacia\/#breadcrumb\"},\"inLanguage\":\"pt-BR\",\"potentialAction\":[{\"@type\":\"ReadAction\",\"target\":[\"https:\/\/www.estrategiaconcursos.com.br\/blog\/concurso-pefoce-prova-remarcada-perito-farmacia\/\"]}]},{\"@type\":\"ImageObject\",\"inLanguage\":\"pt-BR\",\"@id\":\"https:\/\/www.estrategiaconcursos.com.br\/blog\/concurso-pefoce-prova-remarcada-perito-farmacia\/#primaryimage\",\"url\":\"https:\/\/dhg1h5j42swfq.cloudfront.net\/2021\/08\/04104632\/pefoce.jpg\",\"contentUrl\":\"https:\/\/dhg1h5j42swfq.cloudfront.net\/2021\/08\/04104632\/pefoce.jpg\",\"width\":311,\"height\":162,\"caption\":\"concurso pefoce\"},{\"@type\":\"BreadcrumbList\",\"@id\":\"https:\/\/www.estrategiaconcursos.com.br\/blog\/concurso-pefoce-prova-remarcada-perito-farmacia\/#breadcrumb\",\"itemListElement\":[{\"@type\":\"ListItem\",\"position\":1,\"name\":\"In\u00edcio\",\"item\":\"https:\/\/www.estrategiaconcursos.com.br\/blog\/\"},{\"@type\":\"ListItem\",\"position\":2,\"name\":\"Concurso PEFOCE tem prova remarcada para Perito em Farm\u00e1cia\"}]},{\"@type\":\"WebSite\",\"@id\":\"https:\/\/www.estrategiaconcursos.com.br\/blog\/#website\",\"url\":\"https:\/\/www.estrategiaconcursos.com.br\/blog\/\",\"name\":\"Estrat\u00e9gia Concursos\",\"description\":\"O blog da Estrat\u00e9gia Concursos traz not\u00edcias sobre concursos e artigos de professores oferecendo cursos para concursos (pdf + videaulas) no site.\",\"publisher\":{\"@id\":\"https:\/\/www.estrategiaconcursos.com.br\/blog\/#organization\"},\"potentialAction\":[{\"@type\":\"SearchAction\",\"target\":{\"@type\":\"EntryPoint\",\"urlTemplate\":\"https:\/\/www.estrategiaconcursos.com.br\/blog\/?s={search_term_string}\"},\"query-input\":{\"@type\":\"PropertyValueSpecification\",\"valueRequired\":true,\"valueName\":\"search_term_string\"}}],\"inLanguage\":\"pt-BR\"},{\"@type\":\"Organization\",\"@id\":\"https:\/\/www.estrategiaconcursos.com.br\/blog\/#organization\",\"name\":\"Estrat\u00e9gia Concursos\",\"url\":\"https:\/\/www.estrategiaconcursos.com.br\/blog\/\",\"logo\":{\"@type\":\"ImageObject\",\"inLanguage\":\"pt-BR\",\"@id\":\"https:\/\/www.estrategiaconcursos.com.br\/blog\/#\/schema\/logo\/image\/\",\"url\":\"https:\/\/dhg1h5j42swfq.cloudfront.net\/2025\/06\/03203428\/logo_concursos-1.jpg\",\"contentUrl\":\"https:\/\/dhg1h5j42swfq.cloudfront.net\/2025\/06\/03203428\/logo_concursos-1.jpg\",\"width\":230,\"height\":60,\"caption\":\"Estrat\u00e9gia Concursos\"},\"image\":{\"@id\":\"https:\/\/www.estrategiaconcursos.com.br\/blog\/#\/schema\/logo\/image\/\"},\"sameAs\":[\"https:\/\/x.com\/EstratConcursos\"]},{\"@type\":\"Person\",\"@id\":\"https:\/\/www.estrategiaconcursos.com.br\/blog\/#\/schema\/person\/e75352021ea7f60781c599934f916eb1\",\"name\":\"Rafaela Teixeira\",\"image\":{\"@type\":\"ImageObject\",\"inLanguage\":\"pt-BR\",\"@id\":\"https:\/\/secure.gravatar.com\/avatar\/8a349a2b22039b1ee88fc06461487c950fd6aa411ea8af8633314b43334ae793?s=96&d=mm&r=g\",\"url\":\"https:\/\/secure.gravatar.com\/avatar\/8a349a2b22039b1ee88fc06461487c950fd6aa411ea8af8633314b43334ae793?s=96&d=mm&r=g\",\"contentUrl\":\"https:\/\/secure.gravatar.com\/avatar\/8a349a2b22039b1ee88fc06461487c950fd6aa411ea8af8633314b43334ae793?s=96&d=mm&r=g\",\"caption\":\"Rafaela Teixeira\"},\"description\":\"Rafaela Teixeira \u00e9 advogada conveniada \u00e0 Defensoria P\u00fablica de S\u00e3o Paulo pela OAB, com experi\u00eancia em reda\u00e7\u00e3o jur\u00eddica e atua\u00e7\u00e3o em institui\u00e7\u00f5es p\u00fablicas, incluindo est\u00e1gio no TRE-SP. Possui mais de 7 anos de experi\u00eancia na produ\u00e7\u00e3o de conte\u00fados voltados ao nicho de concursos p\u00fablicos, com foco em apura\u00e7\u00e3o jornal\u00edstica cont\u00ednua, an\u00e1lise de editais e obten\u00e7\u00e3o de informa\u00e7\u00f5es diretamente junto a \u00f3rg\u00e3os e fontes oficiais. No Blog do Estrat\u00e9gia Concursos, atua como Analista de Conte\u00fado S\u00eanior, respons\u00e1vel pelo jornalismo do per\u00edodo noturno e da madrugada, com atua\u00e7\u00e3o transversal na cobertura de concursos p\u00fablicos, garantindo a continuidade, fluidez e confiabilidade das publica\u00e7\u00f5es e dos bastidores dos certames.\",\"url\":\"https:\/\/www.estrategiaconcursos.com.br\/blog\/author\/rafaela-teixeira\/\"}]}<\/script>\n<!-- \/ Yoast SEO Premium plugin. -->","yoast_head_json":{"title":"Concurso PEFOCE tem prova remarcada para Perito em Farm\u00e1cia","description":"Aten\u00e7\u00e3o, corujas! A prova para o cargo de Perito em Farm\u00e1cia do concurso PEFOCE foi remarcada para o dia 12 de setembro. Confira tudo aqui!","robots":{"index":"index","follow":"follow","max-snippet":"max-snippet:-1","max-image-preview":"max-image-preview:large","max-video-preview":"max-video-preview:-1"},"canonical":"https:\/\/www.estrategiaconcursos.com.br\/blog\/concurso-pefoce-prova-remarcada-perito-farmacia\/","og_locale":"pt_BR","og_type":"article","og_title":"Concurso PEFOCE tem prova remarcada para Perito em Farm\u00e1cia","og_description":"Aten\u00e7\u00e3o, corujas! A prova para o cargo de Perito em Farm\u00e1cia do concurso PEFOCE foi remarcada para o dia 12 de setembro. Confira tudo aqui!","og_url":"https:\/\/www.estrategiaconcursos.com.br\/blog\/concurso-pefoce-prova-remarcada-perito-farmacia\/","og_site_name":"Estrat\u00e9gia Concursos","article_published_time":"2021-09-02T15:54:57+00:00","article_modified_time":"2021-09-02T16:22:15+00:00","og_image":[{"width":311,"height":162,"url":"https:\/\/dhg1h5j42swfq.cloudfront.net\/2021\/08\/04104632\/pefoce.jpg","type":"image\/jpeg"}],"author":"Rafaela Teixeira","twitter_card":"summary_large_image","twitter_creator":"@EstratConcursos","twitter_site":"@EstratConcursos","twitter_misc":{"Escrito por":"Rafaela Teixeira","Est. tempo de leitura":"2 minutos"},"schema":{"@context":"https:\/\/schema.org","@graph":[{"@type":"NewsArticle","@id":"https:\/\/www.estrategiaconcursos.com.br\/blog\/concurso-pefoce-prova-remarcada-perito-farmacia\/#article","isPartOf":{"@id":"https:\/\/www.estrategiaconcursos.com.br\/blog\/concurso-pefoce-prova-remarcada-perito-farmacia\/"},"author":{"name":"Rafaela Teixeira","@id":"https:\/\/www.estrategiaconcursos.com.br\/blog\/#\/schema\/person\/e75352021ea7f60781c599934f916eb1"},"headline":"Concurso PEFOCE tem prova remarcada para Perito em Farm\u00e1cia","datePublished":"2021-09-02T15:54:57+00:00","dateModified":"2021-09-02T16:22:15+00:00","mainEntityOfPage":{"@id":"https:\/\/www.estrategiaconcursos.com.br\/blog\/concurso-pefoce-prova-remarcada-perito-farmacia\/"},"wordCount":433,"commentCount":0,"publisher":{"@id":"https:\/\/www.estrategiaconcursos.com.br\/blog\/#organization"},"image":{"@id":"https:\/\/www.estrategiaconcursos.com.br\/blog\/concurso-pefoce-prova-remarcada-perito-farmacia\/#primaryimage"},"thumbnailUrl":"https:\/\/dhg1h5j42swfq.cloudfront.net\/2021\/08\/04104632\/pefoce.jpg","articleSection":["Policial (Peritos, Papiloscopistas)","\u00daltimas not\u00edcias"],"inLanguage":"pt-BR","potentialAction":[{"@type":"CommentAction","name":"Comment","target":["https:\/\/www.estrategiaconcursos.com.br\/blog\/concurso-pefoce-prova-remarcada-perito-farmacia\/#respond"]}],"copyrightYear":"2021","copyrightHolder":{"@id":"https:\/\/www.estrategiaconcursos.com.br\/blog\/#organization"}},{"@type":"WebPage","@id":"https:\/\/www.estrategiaconcursos.com.br\/blog\/concurso-pefoce-prova-remarcada-perito-farmacia\/","url":"https:\/\/www.estrategiaconcursos.com.br\/blog\/concurso-pefoce-prova-remarcada-perito-farmacia\/","name":"Concurso PEFOCE tem prova remarcada para Perito em Farm\u00e1cia","isPartOf":{"@id":"https:\/\/www.estrategiaconcursos.com.br\/blog\/#website"},"primaryImageOfPage":{"@id":"https:\/\/www.estrategiaconcursos.com.br\/blog\/concurso-pefoce-prova-remarcada-perito-farmacia\/#primaryimage"},"image":{"@id":"https:\/\/www.estrategiaconcursos.com.br\/blog\/concurso-pefoce-prova-remarcada-perito-farmacia\/#primaryimage"},"thumbnailUrl":"https:\/\/dhg1h5j42swfq.cloudfront.net\/2021\/08\/04104632\/pefoce.jpg","datePublished":"2021-09-02T15:54:57+00:00","dateModified":"2021-09-02T16:22:15+00:00","description":"Aten\u00e7\u00e3o, corujas! A prova para o cargo de Perito em Farm\u00e1cia do concurso PEFOCE foi remarcada para o dia 12 de setembro. Confira tudo aqui!","breadcrumb":{"@id":"https:\/\/www.estrategiaconcursos.com.br\/blog\/concurso-pefoce-prova-remarcada-perito-farmacia\/#breadcrumb"},"inLanguage":"pt-BR","potentialAction":[{"@type":"ReadAction","target":["https:\/\/www.estrategiaconcursos.com.br\/blog\/concurso-pefoce-prova-remarcada-perito-farmacia\/"]}]},{"@type":"ImageObject","inLanguage":"pt-BR","@id":"https:\/\/www.estrategiaconcursos.com.br\/blog\/concurso-pefoce-prova-remarcada-perito-farmacia\/#primaryimage","url":"https:\/\/dhg1h5j42swfq.cloudfront.net\/2021\/08\/04104632\/pefoce.jpg","contentUrl":"https:\/\/dhg1h5j42swfq.cloudfront.net\/2021\/08\/04104632\/pefoce.jpg","width":311,"height":162,"caption":"concurso pefoce"},{"@type":"BreadcrumbList","@id":"https:\/\/www.estrategiaconcursos.com.br\/blog\/concurso-pefoce-prova-remarcada-perito-farmacia\/#breadcrumb","itemListElement":[{"@type":"ListItem","position":1,"name":"In\u00edcio","item":"https:\/\/www.estrategiaconcursos.com.br\/blog\/"},{"@type":"ListItem","position":2,"name":"Concurso PEFOCE tem prova remarcada para Perito em Farm\u00e1cia"}]},{"@type":"WebSite","@id":"https:\/\/www.estrategiaconcursos.com.br\/blog\/#website","url":"https:\/\/www.estrategiaconcursos.com.br\/blog\/","name":"Estrat\u00e9gia Concursos","description":"O blog da Estrat\u00e9gia Concursos traz not\u00edcias sobre concursos e artigos de professores oferecendo cursos para concursos (pdf + videaulas) no site.","publisher":{"@id":"https:\/\/www.estrategiaconcursos.com.br\/blog\/#organization"},"potentialAction":[{"@type":"SearchAction","target":{"@type":"EntryPoint","urlTemplate":"https:\/\/www.estrategiaconcursos.com.br\/blog\/?s={search_term_string}"},"query-input":{"@type":"PropertyValueSpecification","valueRequired":true,"valueName":"search_term_string"}}],"inLanguage":"pt-BR"},{"@type":"Organization","@id":"https:\/\/www.estrategiaconcursos.com.br\/blog\/#organization","name":"Estrat\u00e9gia Concursos","url":"https:\/\/www.estrategiaconcursos.com.br\/blog\/","logo":{"@type":"ImageObject","inLanguage":"pt-BR","@id":"https:\/\/www.estrategiaconcursos.com.br\/blog\/#\/schema\/logo\/image\/","url":"https:\/\/dhg1h5j42swfq.cloudfront.net\/2025\/06\/03203428\/logo_concursos-1.jpg","contentUrl":"https:\/\/dhg1h5j42swfq.cloudfront.net\/2025\/06\/03203428\/logo_concursos-1.jpg","width":230,"height":60,"caption":"Estrat\u00e9gia Concursos"},"image":{"@id":"https:\/\/www.estrategiaconcursos.com.br\/blog\/#\/schema\/logo\/image\/"},"sameAs":["https:\/\/x.com\/EstratConcursos"]},{"@type":"Person","@id":"https:\/\/www.estrategiaconcursos.com.br\/blog\/#\/schema\/person\/e75352021ea7f60781c599934f916eb1","name":"Rafaela Teixeira","image":{"@type":"ImageObject","inLanguage":"pt-BR","@id":"https:\/\/secure.gravatar.com\/avatar\/8a349a2b22039b1ee88fc06461487c950fd6aa411ea8af8633314b43334ae793?s=96&d=mm&r=g","url":"https:\/\/secure.gravatar.com\/avatar\/8a349a2b22039b1ee88fc06461487c950fd6aa411ea8af8633314b43334ae793?s=96&d=mm&r=g","contentUrl":"https:\/\/secure.gravatar.com\/avatar\/8a349a2b22039b1ee88fc06461487c950fd6aa411ea8af8633314b43334ae793?s=96&d=mm&r=g","caption":"Rafaela Teixeira"},"description":"Rafaela Teixeira \u00e9 advogada conveniada \u00e0 Defensoria P\u00fablica de S\u00e3o Paulo pela OAB, com experi\u00eancia em reda\u00e7\u00e3o jur\u00eddica e atua\u00e7\u00e3o em institui\u00e7\u00f5es p\u00fablicas, incluindo est\u00e1gio no TRE-SP. Possui mais de 7 anos de experi\u00eancia na produ\u00e7\u00e3o de conte\u00fados voltados ao nicho de concursos p\u00fablicos, com foco em apura\u00e7\u00e3o jornal\u00edstica cont\u00ednua, an\u00e1lise de editais e obten\u00e7\u00e3o de informa\u00e7\u00f5es diretamente junto a \u00f3rg\u00e3os e fontes oficiais. No Blog do Estrat\u00e9gia Concursos, atua como Analista de Conte\u00fado S\u00eanior, respons\u00e1vel pelo jornalismo do per\u00edodo noturno e da madrugada, com atua\u00e7\u00e3o transversal na cobertura de concursos p\u00fablicos, garantindo a continuidade, fluidez e confiabilidade das publica\u00e7\u00f5es e dos bastidores dos certames.","url":"https:\/\/www.estrategiaconcursos.com.br\/blog\/author\/rafaela-teixeira\/"}]}},"_links":{"self":[{"href":"https:\/\/www.estrategiaconcursos.com.br\/blog\/wp-json\/wp\/v2\/posts\/852469","targetHints":{"allow":["GET"]}}],"collection":[{"href":"https:\/\/www.estrategiaconcursos.com.br\/blog\/wp-json\/wp\/v2\/posts"}],"about":[{"href":"https:\/\/www.estrategiaconcursos.com.br\/blog\/wp-json\/wp\/v2\/types\/post"}],"author":[{"embeddable":true,"href":"https:\/\/www.estrategiaconcursos.com.br\/blog\/wp-json\/wp\/v2\/users\/2134"}],"replies":[{"embeddable":true,"href":"https:\/\/www.estrategiaconcursos.com.br\/blog\/wp-json\/wp\/v2\/comments?post=852469"}],"version-history":[{"count":6,"href":"https:\/\/www.estrategiaconcursos.com.br\/blog\/wp-json\/wp\/v2\/posts\/852469\/revisions"}],"predecessor-version":[{"id":859005,"href":"https:\/\/www.estrategiaconcursos.com.br\/blog\/wp-json\/wp\/v2\/posts\/852469\/revisions\/859005"}],"wp:featuredmedia":[{"embeddable":true,"href":"https:\/\/www.estrategiaconcursos.com.br\/blog\/wp-json\/wp\/v2\/media\/828650"}],"wp:attachment":[{"href":"https:\/\/www.estrategiaconcursos.com.br\/blog\/wp-json\/wp\/v2\/media?parent=852469"}],"wp:term":[{"taxonomy":"category","embeddable":true,"href":"https:\/\/www.estrategiaconcursos.com.br\/blog\/wp-json\/wp\/v2\/categories?post=852469"},{"taxonomy":"post_tag","embeddable":true,"href":"https:\/\/www.estrategiaconcursos.com.br\/blog\/wp-json\/wp\/v2\/tags?post=852469"},{"taxonomy":"tax_estado","embeddable":true,"href":"https:\/\/www.estrategiaconcursos.com.br\/blog\/wp-json\/wp\/v2\/tax_estado?post=852469"}],"curies":[{"name":"wp","href":"https:\/\/api.w.org\/{rel}","templated":true}]}}