{"id":852004,"date":"2021-09-02T17:00:07","date_gmt":"2021-09-02T20:00:07","guid":{"rendered":"https:\/\/www.estrategiaconcursos.com.br\/blog\/?p=852004"},"modified":"2023-05-10T10:12:58","modified_gmt":"2023-05-10T13:12:58","slug":"prefeitura-de-alvorada-analise-completa-do-edital","status":"publish","type":"post","link":"https:\/\/www.estrategiaconcursos.com.br\/blog\/prefeitura-de-alvorada-analise-completa-do-edital\/","title":{"rendered":"Prefeitura de Alvorada: an\u00e1lise completa do edital! AO VIVO!"},"content":{"rendered":"\n<p><strong><em>Fala, pessoal! <\/em><\/strong><\/p>\n\n\n\n<p><strong><em>Aqui \u00e9 o professor Andr\u00e9 Rocha. Tudo bem?<\/em><\/strong><\/p>\n\n\n\n<p>Mais um edital de concurso pintou na \u00e1rea! Desta vez, estamos falando da Prefeitura de Alvorada, Rio Grande do Sul. O documento foi publicado com oferta de <strong>142 vagas mais cadastro de reserva em diversos cargos<\/strong>.<\/p>\n\n\n\n<p>Al\u00e9m disso, os sal\u00e1rios oferecidos nesse concurso podem chegar a R$ 14.104,29, dependendo do cargo desejado pelo candidato. Os contratados ter\u00e3o que trabalhar no regime de at\u00e9 40 horas semanais.<\/p>\n\n\n\n<p>E o melhor de tudo, as inscri\u00e7\u00f5es j\u00e1 est\u00e3o oficialmente abertas no site da banca organizadora, a Legalle Concursos. No entanto, o prazo s\u00f3 ficar\u00e1 aberto at\u00e9 o dia 30 de setembro. Por isso, n\u00e3o deixe para a \u00faltima hora e garanta agora mesmo a sua participa\u00e7\u00e3o!<\/p>\n\n\n\n<p>E para voc\u00ea que deseja se preparar para o concurso Prefeitura de Alvorada, n\u00f3s aqui do do Estrat\u00e9gia, preparamos um evento exclusivo e totalmente gratuito! Ser\u00e1 uma an\u00e1lise de edital completa, com dicas e informa\u00e7\u00f5es importantes do certame.<\/p>\n\n\n\n<p>Ficou interessado? Ent\u00e3o anota a\u00ed! O evento ser\u00e1<strong> transmitido AO VIVO nesta quinta-feira, 02 de setembro, a partir das 18h. Estou te aguardando!<\/strong><\/p>\n\n\n\n<p class=\"has-text-align-center\" style=\"font-size:clamp(14.642px, 0.915rem + ((1vw - 3.2px) * 0.721), 22px);\"><strong>AO VIVO &#8211; A PARTIR DAS 18H<\/strong><\/p>\n\n\n\n<p class=\"has-text-align-center has-luminous-vivid-amber-background-color has-background\" style=\"font-size:clamp(14.642px, 0.915rem + ((1vw - 3.2px) * 0.721), 22px);\"><strong>Saiba mais sobre o <a href=\"https:\/\/www.estrategiaconcursos.com.br\/blog\/concurso-alvorada-rs\/\" target=\"_blank\" rel=\"noreferrer noopener\">concurso Prefeitura de Alvorada<\/a><\/strong><\/p>\n\n\n\n<hr class=\"wp-block-separator has-css-opacity\"\/>\n\n\n\n<h2 class=\"wp-block-heading has-text-align-center\" id=\"cursos-assinatura\">Quer estudar para o concurso Prefeitura de Alvorada?<\/h2>\n\n\n\n<div class=\"container\" id=\"boxes\">\n  <div class=\"row\">\n\n    <div class=\"col-sm\">\n      <div class=\"banner-estrategia\" id=\"box-assinatura\">\n        <h3 class=\"titulo-assinatura\">Cursos para concursos<\/h3>\n        <p class=\"subtitulo-assinatura\">Conhe\u00e7a os cursos<\/p>\n        <div class=\"box-botao\">\n          <a class=\"btn-assinatura\" target=\"_blank\" href=\"\/\/www.estrategiaconcursos.com.br\/cursosPorConcurso\/prefeitura-municipal-de-alvorada-rs\/\" role=\"button\" rel=\"noopener noreferrer\">Conhe\u00e7a mais<\/a>\n        <\/div>\n      <\/div>\n     \n    <\/div>\n\n  <\/div>\n<\/div>\n\n\n\n<div class=\"container\" id=\"boxes\">\n  <div class=\"row\">\n\n    <div class=\"col-sm\">\n      <div class=\"estrategia\" id=\"box-assinatura\">\n        <h3 class=\"titulo-assinatura\">Assinatura Concursos<\/h3>\n        <p class=\"subtitulo-assinatura\">Assinatura de 1 ano ou 2 anos<\/p>\n        <div class=\"box-botao\">\n          <a class=\"btn-assinatura\" target=\"_blank\" href=\"https:\/\/www.estrategiaconcursos.com.br\/assinaturas\/\" role=\"button\" rel=\"noopener noreferrer\">ASSINE AGORA<\/a>\n        <\/div>\n      <\/div><\/div><\/div><\/div>\n\n\n\n<div class=\"container\" id=\"boxes\">\n  <div class=\"row\">\n\n    <div class=\"col-sm\" id=\"boxes-concursos\">\n      <div style=\"background-color: #005DAD;\" class=\"conteudo-concursos\" id=\"box-concursos\">\n        <h3 class=\"titulo-assinatura\">Concursos Abertos<\/h3>\n        <p class=\"subtitulo-assinatura\">Os editais publicados<\/p>\n        <div class=\"box-botao\">\n          <a class=\"btn-assinatura\" target=\"_blank\" href=\"https:\/\/www.estrategiaconcursos.com.br\/blog\/concursos-abertos\/\" role=\"button\" rel=\"noopener noreferrer\">Conhe\u00e7a Agora<\/a>\n        <\/div>\n      <\/div>\n    <\/div>\n\n    <div class=\"col-sm\" id=\"boxes-concursos\">\n      <div style=\"background-color: #1A7ED5;\" class=\"conteudo-concursos\" id=\"box-concursos\">\n        <h3 class=\"titulo-assinatura\">Concursos 2021<\/h3>\n        <p class=\"subtitulo-assinatura\">As oportunidades previstas<\/p>\n        <div class=\"box-botao\">\n          <a class=\"btn-assinatura\" target=\"_blank\" href=\"https:\/\/www.estrategiaconcursos.com.br\/blog\/concursos-2021\/\" role=\"button\" rel=\"noopener noreferrer\">Conhe\u00e7a Agora<\/a>\n        <\/div>\n      <\/div>\n    <\/div>\n\n    <div class=\"col-sm\" id=\"boxes-concursos\">\n      <div style=\"background-color: #419FF0;\" class=\"conteudo-concursos\" id=\"box-concursos\">\n        <h3 class=\"titulo-assinatura\">Concursos 2022<\/h3>\n        <p class=\"subtitulo-assinatura\">Vagas para o pr\u00f3ximo ano<\/p>\n        <div class=\"box-botao\">\n          <a class=\"btn-assinatura\" target=\"_blank\" href=\"https:\/\/www.estrategiaconcursos.com.br\/blog\/concursos-2022\/\" role=\"button\" rel=\"noopener noreferrer\">Conhe\u00e7a Agora<\/a>\n        <\/div>\n      <\/div>\n    <\/div>\n\n  <\/div>\n<\/div>\n","protected":false},"excerpt":{"rendered":"<p>Fala, pessoal! Aqui \u00e9 o professor Andr\u00e9 Rocha. Tudo bem? Mais um edital de concurso pintou na \u00e1rea! Desta vez, estamos falando da Prefeitura de Alvorada, Rio Grande do Sul. O documento foi publicado com oferta de 142 vagas mais cadastro de reserva em diversos cargos. Al\u00e9m disso, os sal\u00e1rios oferecidos nesse concurso podem chegar [&hellip;]<\/p>\n","protected":false},"author":1938,"featured_media":851568,"comment_status":"open","ping_status":"closed","sticky":false,"template":"","format":"standard","meta":{"post_tipo":"news","footnotes":""},"categories":[214992,220219],"tags":[],"tax_estado":[219986],"class_list":["post-852004","post","type-post","status-publish","format-standard","has-post-thumbnail","hentry","category-concursos-administrativos","category-noticias","tax_estado-rs"],"acf":[],"yoast_head":"<!-- This site is optimized with the Yoast SEO Premium plugin v27.2 (Yoast SEO v27.2) - https:\/\/yoast.com\/product\/yoast-seo-premium-wordpress\/ -->\n<title>Prefeitura de Alvorada: an\u00e1lise completa do edital! AO VIVO!<\/title>\n<meta name=\"description\" content=\"Assista a transmiss\u00e3o do evento &quot;Prefeitura de Alvorada RS: Edital Publicado para diversos cargos - An\u00e1lise Completa&quot;, com o prof Andr\u00e9 Rocha.\" \/>\n<meta name=\"robots\" content=\"index, follow, max-snippet:-1, max-image-preview:large, max-video-preview:-1\" \/>\n<link rel=\"canonical\" href=\"https:\/\/www.estrategiaconcursos.com.br\/blog\/prefeitura-de-alvorada-analise-completa-do-edital\/\" \/>\n<meta property=\"og:locale\" content=\"pt_BR\" \/>\n<meta property=\"og:type\" content=\"article\" \/>\n<meta property=\"og:title\" content=\"Prefeitura de Alvorada: an\u00e1lise completa do edital! AO VIVO!\" \/>\n<meta property=\"og:description\" content=\"Assista a transmiss\u00e3o do evento &quot;Prefeitura de Alvorada RS: Edital Publicado para diversos cargos - An\u00e1lise Completa&quot;, com o prof Andr\u00e9 Rocha.\" \/>\n<meta property=\"og:url\" content=\"https:\/\/www.estrategiaconcursos.com.br\/blog\/prefeitura-de-alvorada-analise-completa-do-edital\/\" \/>\n<meta property=\"og:site_name\" content=\"Estrat\u00e9gia Concursos\" \/>\n<meta property=\"article:published_time\" content=\"2021-09-02T20:00:07+00:00\" \/>\n<meta property=\"article:modified_time\" content=\"2023-05-10T13:12:58+00:00\" \/>\n<meta property=\"og:image\" content=\"https:\/\/dhg1h5j42swfq.cloudfront.net\/2021\/09\/01172804\/alvorada.jpg\" \/>\n\t<meta property=\"og:image:width\" content=\"766\" \/>\n\t<meta property=\"og:image:height\" content=\"432\" \/>\n\t<meta property=\"og:image:type\" content=\"image\/jpeg\" \/>\n<meta name=\"author\" content=\"Andr\u00e9 Rocha (Coordena\u00e7\u00e3o)\" \/>\n<meta name=\"twitter:card\" content=\"summary_large_image\" \/>\n<meta name=\"twitter:creator\" content=\"@EstratConcursos\" \/>\n<meta name=\"twitter:site\" content=\"@EstratConcursos\" \/>\n<meta name=\"twitter:label1\" content=\"Escrito por\" \/>\n\t<meta name=\"twitter:data1\" content=\"Andr\u00e9 Rocha (Coordena\u00e7\u00e3o)\" \/>\n\t<meta name=\"twitter:label2\" content=\"Est. tempo de leitura\" \/>\n\t<meta name=\"twitter:data2\" content=\"2 minutos\" \/>\n<script type=\"application\/ld+json\" class=\"yoast-schema-graph\">{\"@context\":\"https:\/\/schema.org\",\"@graph\":[{\"@type\":\"NewsArticle\",\"@id\":\"https:\/\/www.estrategiaconcursos.com.br\/blog\/prefeitura-de-alvorada-analise-completa-do-edital\/#article\",\"isPartOf\":{\"@id\":\"https:\/\/www.estrategiaconcursos.com.br\/blog\/prefeitura-de-alvorada-analise-completa-do-edital\/\"},\"author\":{\"name\":\"Andr\u00e9 Rocha (Coordena\u00e7\u00e3o)\",\"@id\":\"https:\/\/www.estrategiaconcursos.com.br\/blog\/#\/schema\/person\/e67b24269a8b4cecf85a1f20424b49d6\"},\"headline\":\"Prefeitura de Alvorada: an\u00e1lise completa do edital! AO VIVO!\",\"datePublished\":\"2021-09-02T20:00:07+00:00\",\"dateModified\":\"2023-05-10T13:12:58+00:00\",\"mainEntityOfPage\":{\"@id\":\"https:\/\/www.estrategiaconcursos.com.br\/blog\/prefeitura-de-alvorada-analise-completa-do-edital\/\"},\"wordCount\":267,\"commentCount\":0,\"publisher\":{\"@id\":\"https:\/\/www.estrategiaconcursos.com.br\/blog\/#organization\"},\"image\":{\"@id\":\"https:\/\/www.estrategiaconcursos.com.br\/blog\/prefeitura-de-alvorada-analise-completa-do-edital\/#primaryimage\"},\"thumbnailUrl\":\"https:\/\/dhg1h5j42swfq.cloudfront.net\/2021\/09\/01172804\/alvorada.jpg\",\"articleSection\":[\"Executivo (Administrativa)\",\"\u00daltimas not\u00edcias\"],\"inLanguage\":\"pt-BR\",\"potentialAction\":[{\"@type\":\"CommentAction\",\"name\":\"Comment\",\"target\":[\"https:\/\/www.estrategiaconcursos.com.br\/blog\/prefeitura-de-alvorada-analise-completa-do-edital\/#respond\"]}],\"copyrightYear\":\"2021\",\"copyrightHolder\":{\"@id\":\"https:\/\/www.estrategiaconcursos.com.br\/blog\/#organization\"}},{\"@type\":\"WebPage\",\"@id\":\"https:\/\/www.estrategiaconcursos.com.br\/blog\/prefeitura-de-alvorada-analise-completa-do-edital\/\",\"url\":\"https:\/\/www.estrategiaconcursos.com.br\/blog\/prefeitura-de-alvorada-analise-completa-do-edital\/\",\"name\":\"Prefeitura de Alvorada: an\u00e1lise completa do edital! AO VIVO!\",\"isPartOf\":{\"@id\":\"https:\/\/www.estrategiaconcursos.com.br\/blog\/#website\"},\"primaryImageOfPage\":{\"@id\":\"https:\/\/www.estrategiaconcursos.com.br\/blog\/prefeitura-de-alvorada-analise-completa-do-edital\/#primaryimage\"},\"image\":{\"@id\":\"https:\/\/www.estrategiaconcursos.com.br\/blog\/prefeitura-de-alvorada-analise-completa-do-edital\/#primaryimage\"},\"thumbnailUrl\":\"https:\/\/dhg1h5j42swfq.cloudfront.net\/2021\/09\/01172804\/alvorada.jpg\",\"datePublished\":\"2021-09-02T20:00:07+00:00\",\"dateModified\":\"2023-05-10T13:12:58+00:00\",\"description\":\"Assista a transmiss\u00e3o do evento \\\"Prefeitura de Alvorada RS: Edital Publicado para diversos cargos - An\u00e1lise Completa\\\", com o prof Andr\u00e9 Rocha.\",\"breadcrumb\":{\"@id\":\"https:\/\/www.estrategiaconcursos.com.br\/blog\/prefeitura-de-alvorada-analise-completa-do-edital\/#breadcrumb\"},\"inLanguage\":\"pt-BR\",\"potentialAction\":[{\"@type\":\"ReadAction\",\"target\":[\"https:\/\/www.estrategiaconcursos.com.br\/blog\/prefeitura-de-alvorada-analise-completa-do-edital\/\"]}]},{\"@type\":\"ImageObject\",\"inLanguage\":\"pt-BR\",\"@id\":\"https:\/\/www.estrategiaconcursos.com.br\/blog\/prefeitura-de-alvorada-analise-completa-do-edital\/#primaryimage\",\"url\":\"https:\/\/dhg1h5j42swfq.cloudfront.net\/2021\/09\/01172804\/alvorada.jpg\",\"contentUrl\":\"https:\/\/dhg1h5j42swfq.cloudfront.net\/2021\/09\/01172804\/alvorada.jpg\",\"width\":766,\"height\":432,\"caption\":\"Prefeitura de Alvorada RS: Edital Publicado para diversos cargos - An\u00e1lise Completa\"},{\"@type\":\"BreadcrumbList\",\"@id\":\"https:\/\/www.estrategiaconcursos.com.br\/blog\/prefeitura-de-alvorada-analise-completa-do-edital\/#breadcrumb\",\"itemListElement\":[{\"@type\":\"ListItem\",\"position\":1,\"name\":\"In\u00edcio\",\"item\":\"https:\/\/www.estrategiaconcursos.com.br\/blog\/\"},{\"@type\":\"ListItem\",\"position\":2,\"name\":\"Prefeitura de Alvorada: an\u00e1lise completa do edital! AO VIVO!\"}]},{\"@type\":\"WebSite\",\"@id\":\"https:\/\/www.estrategiaconcursos.com.br\/blog\/#website\",\"url\":\"https:\/\/www.estrategiaconcursos.com.br\/blog\/\",\"name\":\"Estrat\u00e9gia Concursos\",\"description\":\"O blog da Estrat\u00e9gia Concursos traz not\u00edcias sobre concursos e artigos de professores oferecendo cursos para concursos (pdf + videaulas) no site.\",\"publisher\":{\"@id\":\"https:\/\/www.estrategiaconcursos.com.br\/blog\/#organization\"},\"potentialAction\":[{\"@type\":\"SearchAction\",\"target\":{\"@type\":\"EntryPoint\",\"urlTemplate\":\"https:\/\/www.estrategiaconcursos.com.br\/blog\/?s={search_term_string}\"},\"query-input\":{\"@type\":\"PropertyValueSpecification\",\"valueRequired\":true,\"valueName\":\"search_term_string\"}}],\"inLanguage\":\"pt-BR\"},{\"@type\":\"Organization\",\"@id\":\"https:\/\/www.estrategiaconcursos.com.br\/blog\/#organization\",\"name\":\"Estrat\u00e9gia Concursos\",\"url\":\"https:\/\/www.estrategiaconcursos.com.br\/blog\/\",\"logo\":{\"@type\":\"ImageObject\",\"inLanguage\":\"pt-BR\",\"@id\":\"https:\/\/www.estrategiaconcursos.com.br\/blog\/#\/schema\/logo\/image\/\",\"url\":\"https:\/\/dhg1h5j42swfq.cloudfront.net\/2025\/06\/03203428\/logo_concursos-1.jpg\",\"contentUrl\":\"https:\/\/dhg1h5j42swfq.cloudfront.net\/2025\/06\/03203428\/logo_concursos-1.jpg\",\"width\":230,\"height\":60,\"caption\":\"Estrat\u00e9gia Concursos\"},\"image\":{\"@id\":\"https:\/\/www.estrategiaconcursos.com.br\/blog\/#\/schema\/logo\/image\/\"},\"sameAs\":[\"https:\/\/x.com\/EstratConcursos\"]},{\"@type\":\"Person\",\"@id\":\"https:\/\/www.estrategiaconcursos.com.br\/blog\/#\/schema\/person\/e67b24269a8b4cecf85a1f20424b49d6\",\"name\":\"Andr\u00e9 Rocha (Coordena\u00e7\u00e3o)\",\"image\":{\"@type\":\"ImageObject\",\"inLanguage\":\"pt-BR\",\"@id\":\"https:\/\/secure.gravatar.com\/avatar\/40153430899c7e3f207edb7d27d05d38a22e8a95aaf754d445b6db969384ac2c?s=96&d=mm&r=g\",\"url\":\"https:\/\/secure.gravatar.com\/avatar\/40153430899c7e3f207edb7d27d05d38a22e8a95aaf754d445b6db969384ac2c?s=96&d=mm&r=g\",\"contentUrl\":\"https:\/\/secure.gravatar.com\/avatar\/40153430899c7e3f207edb7d27d05d38a22e8a95aaf754d445b6db969384ac2c?s=96&d=mm&r=g\",\"caption\":\"Andr\u00e9 Rocha (Coordena\u00e7\u00e3o)\"},\"url\":\"https:\/\/www.estrategiaconcursos.com.br\/blog\/author\/andre-rochaestrategiaconcursos-com-br\/\"}]}<\/script>\n<!-- \/ Yoast SEO Premium plugin. -->","yoast_head_json":{"title":"Prefeitura de Alvorada: an\u00e1lise completa do edital! AO VIVO!","description":"Assista a transmiss\u00e3o do evento \"Prefeitura de Alvorada RS: Edital Publicado para diversos cargos - An\u00e1lise Completa\", com o prof Andr\u00e9 Rocha.","robots":{"index":"index","follow":"follow","max-snippet":"max-snippet:-1","max-image-preview":"max-image-preview:large","max-video-preview":"max-video-preview:-1"},"canonical":"https:\/\/www.estrategiaconcursos.com.br\/blog\/prefeitura-de-alvorada-analise-completa-do-edital\/","og_locale":"pt_BR","og_type":"article","og_title":"Prefeitura de Alvorada: an\u00e1lise completa do edital! AO VIVO!","og_description":"Assista a transmiss\u00e3o do evento \"Prefeitura de Alvorada RS: Edital Publicado para diversos cargos - An\u00e1lise Completa\", com o prof Andr\u00e9 Rocha.","og_url":"https:\/\/www.estrategiaconcursos.com.br\/blog\/prefeitura-de-alvorada-analise-completa-do-edital\/","og_site_name":"Estrat\u00e9gia Concursos","article_published_time":"2021-09-02T20:00:07+00:00","article_modified_time":"2023-05-10T13:12:58+00:00","og_image":[{"width":766,"height":432,"url":"https:\/\/dhg1h5j42swfq.cloudfront.net\/2021\/09\/01172804\/alvorada.jpg","type":"image\/jpeg"}],"author":"Andr\u00e9 Rocha (Coordena\u00e7\u00e3o)","twitter_card":"summary_large_image","twitter_creator":"@EstratConcursos","twitter_site":"@EstratConcursos","twitter_misc":{"Escrito por":"Andr\u00e9 Rocha (Coordena\u00e7\u00e3o)","Est. tempo de leitura":"2 minutos"},"schema":{"@context":"https:\/\/schema.org","@graph":[{"@type":"NewsArticle","@id":"https:\/\/www.estrategiaconcursos.com.br\/blog\/prefeitura-de-alvorada-analise-completa-do-edital\/#article","isPartOf":{"@id":"https:\/\/www.estrategiaconcursos.com.br\/blog\/prefeitura-de-alvorada-analise-completa-do-edital\/"},"author":{"name":"Andr\u00e9 Rocha (Coordena\u00e7\u00e3o)","@id":"https:\/\/www.estrategiaconcursos.com.br\/blog\/#\/schema\/person\/e67b24269a8b4cecf85a1f20424b49d6"},"headline":"Prefeitura de Alvorada: an\u00e1lise completa do edital! AO VIVO!","datePublished":"2021-09-02T20:00:07+00:00","dateModified":"2023-05-10T13:12:58+00:00","mainEntityOfPage":{"@id":"https:\/\/www.estrategiaconcursos.com.br\/blog\/prefeitura-de-alvorada-analise-completa-do-edital\/"},"wordCount":267,"commentCount":0,"publisher":{"@id":"https:\/\/www.estrategiaconcursos.com.br\/blog\/#organization"},"image":{"@id":"https:\/\/www.estrategiaconcursos.com.br\/blog\/prefeitura-de-alvorada-analise-completa-do-edital\/#primaryimage"},"thumbnailUrl":"https:\/\/dhg1h5j42swfq.cloudfront.net\/2021\/09\/01172804\/alvorada.jpg","articleSection":["Executivo (Administrativa)","\u00daltimas not\u00edcias"],"inLanguage":"pt-BR","potentialAction":[{"@type":"CommentAction","name":"Comment","target":["https:\/\/www.estrategiaconcursos.com.br\/blog\/prefeitura-de-alvorada-analise-completa-do-edital\/#respond"]}],"copyrightYear":"2021","copyrightHolder":{"@id":"https:\/\/www.estrategiaconcursos.com.br\/blog\/#organization"}},{"@type":"WebPage","@id":"https:\/\/www.estrategiaconcursos.com.br\/blog\/prefeitura-de-alvorada-analise-completa-do-edital\/","url":"https:\/\/www.estrategiaconcursos.com.br\/blog\/prefeitura-de-alvorada-analise-completa-do-edital\/","name":"Prefeitura de Alvorada: an\u00e1lise completa do edital! AO VIVO!","isPartOf":{"@id":"https:\/\/www.estrategiaconcursos.com.br\/blog\/#website"},"primaryImageOfPage":{"@id":"https:\/\/www.estrategiaconcursos.com.br\/blog\/prefeitura-de-alvorada-analise-completa-do-edital\/#primaryimage"},"image":{"@id":"https:\/\/www.estrategiaconcursos.com.br\/blog\/prefeitura-de-alvorada-analise-completa-do-edital\/#primaryimage"},"thumbnailUrl":"https:\/\/dhg1h5j42swfq.cloudfront.net\/2021\/09\/01172804\/alvorada.jpg","datePublished":"2021-09-02T20:00:07+00:00","dateModified":"2023-05-10T13:12:58+00:00","description":"Assista a transmiss\u00e3o do evento \"Prefeitura de Alvorada RS: Edital Publicado para diversos cargos - An\u00e1lise Completa\", com o prof Andr\u00e9 Rocha.","breadcrumb":{"@id":"https:\/\/www.estrategiaconcursos.com.br\/blog\/prefeitura-de-alvorada-analise-completa-do-edital\/#breadcrumb"},"inLanguage":"pt-BR","potentialAction":[{"@type":"ReadAction","target":["https:\/\/www.estrategiaconcursos.com.br\/blog\/prefeitura-de-alvorada-analise-completa-do-edital\/"]}]},{"@type":"ImageObject","inLanguage":"pt-BR","@id":"https:\/\/www.estrategiaconcursos.com.br\/blog\/prefeitura-de-alvorada-analise-completa-do-edital\/#primaryimage","url":"https:\/\/dhg1h5j42swfq.cloudfront.net\/2021\/09\/01172804\/alvorada.jpg","contentUrl":"https:\/\/dhg1h5j42swfq.cloudfront.net\/2021\/09\/01172804\/alvorada.jpg","width":766,"height":432,"caption":"Prefeitura de Alvorada RS: Edital Publicado para diversos cargos - An\u00e1lise Completa"},{"@type":"BreadcrumbList","@id":"https:\/\/www.estrategiaconcursos.com.br\/blog\/prefeitura-de-alvorada-analise-completa-do-edital\/#breadcrumb","itemListElement":[{"@type":"ListItem","position":1,"name":"In\u00edcio","item":"https:\/\/www.estrategiaconcursos.com.br\/blog\/"},{"@type":"ListItem","position":2,"name":"Prefeitura de Alvorada: an\u00e1lise completa do edital! AO VIVO!"}]},{"@type":"WebSite","@id":"https:\/\/www.estrategiaconcursos.com.br\/blog\/#website","url":"https:\/\/www.estrategiaconcursos.com.br\/blog\/","name":"Estrat\u00e9gia Concursos","description":"O blog da Estrat\u00e9gia Concursos traz not\u00edcias sobre concursos e artigos de professores oferecendo cursos para concursos (pdf + videaulas) no site.","publisher":{"@id":"https:\/\/www.estrategiaconcursos.com.br\/blog\/#organization"},"potentialAction":[{"@type":"SearchAction","target":{"@type":"EntryPoint","urlTemplate":"https:\/\/www.estrategiaconcursos.com.br\/blog\/?s={search_term_string}"},"query-input":{"@type":"PropertyValueSpecification","valueRequired":true,"valueName":"search_term_string"}}],"inLanguage":"pt-BR"},{"@type":"Organization","@id":"https:\/\/www.estrategiaconcursos.com.br\/blog\/#organization","name":"Estrat\u00e9gia Concursos","url":"https:\/\/www.estrategiaconcursos.com.br\/blog\/","logo":{"@type":"ImageObject","inLanguage":"pt-BR","@id":"https:\/\/www.estrategiaconcursos.com.br\/blog\/#\/schema\/logo\/image\/","url":"https:\/\/dhg1h5j42swfq.cloudfront.net\/2025\/06\/03203428\/logo_concursos-1.jpg","contentUrl":"https:\/\/dhg1h5j42swfq.cloudfront.net\/2025\/06\/03203428\/logo_concursos-1.jpg","width":230,"height":60,"caption":"Estrat\u00e9gia Concursos"},"image":{"@id":"https:\/\/www.estrategiaconcursos.com.br\/blog\/#\/schema\/logo\/image\/"},"sameAs":["https:\/\/x.com\/EstratConcursos"]},{"@type":"Person","@id":"https:\/\/www.estrategiaconcursos.com.br\/blog\/#\/schema\/person\/e67b24269a8b4cecf85a1f20424b49d6","name":"Andr\u00e9 Rocha (Coordena\u00e7\u00e3o)","image":{"@type":"ImageObject","inLanguage":"pt-BR","@id":"https:\/\/secure.gravatar.com\/avatar\/40153430899c7e3f207edb7d27d05d38a22e8a95aaf754d445b6db969384ac2c?s=96&d=mm&r=g","url":"https:\/\/secure.gravatar.com\/avatar\/40153430899c7e3f207edb7d27d05d38a22e8a95aaf754d445b6db969384ac2c?s=96&d=mm&r=g","contentUrl":"https:\/\/secure.gravatar.com\/avatar\/40153430899c7e3f207edb7d27d05d38a22e8a95aaf754d445b6db969384ac2c?s=96&d=mm&r=g","caption":"Andr\u00e9 Rocha (Coordena\u00e7\u00e3o)"},"url":"https:\/\/www.estrategiaconcursos.com.br\/blog\/author\/andre-rochaestrategiaconcursos-com-br\/"}]}},"_links":{"self":[{"href":"https:\/\/www.estrategiaconcursos.com.br\/blog\/wp-json\/wp\/v2\/posts\/852004","targetHints":{"allow":["GET"]}}],"collection":[{"href":"https:\/\/www.estrategiaconcursos.com.br\/blog\/wp-json\/wp\/v2\/posts"}],"about":[{"href":"https:\/\/www.estrategiaconcursos.com.br\/blog\/wp-json\/wp\/v2\/types\/post"}],"author":[{"embeddable":true,"href":"https:\/\/www.estrategiaconcursos.com.br\/blog\/wp-json\/wp\/v2\/users\/1938"}],"replies":[{"embeddable":true,"href":"https:\/\/www.estrategiaconcursos.com.br\/blog\/wp-json\/wp\/v2\/comments?post=852004"}],"version-history":[{"count":7,"href":"https:\/\/www.estrategiaconcursos.com.br\/blog\/wp-json\/wp\/v2\/posts\/852004\/revisions"}],"predecessor-version":[{"id":1213626,"href":"https:\/\/www.estrategiaconcursos.com.br\/blog\/wp-json\/wp\/v2\/posts\/852004\/revisions\/1213626"}],"wp:featuredmedia":[{"embeddable":true,"href":"https:\/\/www.estrategiaconcursos.com.br\/blog\/wp-json\/wp\/v2\/media\/851568"}],"wp:attachment":[{"href":"https:\/\/www.estrategiaconcursos.com.br\/blog\/wp-json\/wp\/v2\/media?parent=852004"}],"wp:term":[{"taxonomy":"category","embeddable":true,"href":"https:\/\/www.estrategiaconcursos.com.br\/blog\/wp-json\/wp\/v2\/categories?post=852004"},{"taxonomy":"post_tag","embeddable":true,"href":"https:\/\/www.estrategiaconcursos.com.br\/blog\/wp-json\/wp\/v2\/tags?post=852004"},{"taxonomy":"tax_estado","embeddable":true,"href":"https:\/\/www.estrategiaconcursos.com.br\/blog\/wp-json\/wp\/v2\/tax_estado?post=852004"}],"curies":[{"name":"wp","href":"https:\/\/api.w.org\/{rel}","templated":true}]}}