{"id":851675,"date":"2021-09-01T19:02:30","date_gmt":"2021-09-01T22:02:30","guid":{"rendered":"https:\/\/www.estrategiaconcursos.com.br\/blog\/?p=851675"},"modified":"2021-09-02T16:13:32","modified_gmt":"2021-09-02T19:13:32","slug":"novo-concurso-sefaz-ac-e-previsto-para-medio-prazo","status":"publish","type":"post","link":"https:\/\/www.estrategiaconcursos.com.br\/blog\/novo-concurso-sefaz-ac-e-previsto-para-medio-prazo\/","title":{"rendered":"Novo concurso SEFAZ AC \u00e9 previsto para m\u00e9dio prazo"},"content":{"rendered":"\n<p>A Secretaria da Fazenda do estado do Acre (SEFAZ AC) deve iniciar planejamentos para um novo concurso p\u00fablico para  Auditor Fiscal. Isso porque, a alta defasagem no quadro de pessoal do \u00f3rg\u00e3o pode acrescer ainda mais.<\/p>\n\n\n\n<p>Sem sele\u00e7\u00f5es desde 2009, a quantidade de servidores exercendo essa fun\u00e7\u00e3o no estado acreano caiu de <strong>140 para 92<\/strong>. No adendo, apenas no transcurso de 2020 para 2021, foi contabilizada a sa\u00edda de 11 auditores.<\/p>\n\n\n\n<p>Conforme declarado pelo <a href=\"https:\/\/sindifisco-ac.org.br\/\" target=\"_blank\" rel=\"noreferrer noopener\">Sindifisco<\/a> (Sindicato dos Auditores Fiscais), a baixa repentina aconteceu em decorr\u00eancia da transfer\u00eancia desses trabalhadores para outros estados, bem como pela aposentadoria e por mortes frente a COVID-19.<\/p>\n\n\n\n<p>Para desespero do sindicato, dos 92 servidores que est\u00e3o na ativa, <strong>30 est\u00e3o aptos a se aposentarem<\/strong>. A preocupa\u00e7\u00e3o se deve ao fato de que, a longo prazo, a efici\u00eancia dos servi\u00e7os seja diretamente prejudicada.<\/p>\n\n\n\n<p>Dessa forma, em entrevista com o portal Ag\u00eancia de Not\u00edcias do Acre, a secret\u00e1ria da Sindifisco, Leyla Alves, exigiu que  &#8220;<em>se planeje no m\u00e9dio prazo novo concurso p\u00fablico<\/em>&#8221; para a SEFAZ AC. <\/p>\n\n\n\n<div class=\"wp-block-image\"><figure class=\"aligncenter size-large is-resized\"><img loading=\"lazy\" decoding=\"async\" src=\"https:\/\/dhg1h5j42swfq.cloudfront.net\/2021\/09\/02161112\/sefaz-frente-scaled-1-1024x768.jpg\" alt=\"Novo concurso SEFAZ AC \u00e9 previsto para m\u00e9dio prazo\" class=\"wp-image-852662\" width=\"672\" height=\"504\" srcset=\"https:\/\/dhg1h5j42swfq.cloudfront.net\/2021\/09\/02161112\/sefaz-frente-scaled-1-1024x768.jpg 1024w, https:\/\/dhg1h5j42swfq.cloudfront.net\/2021\/09\/02161112\/sefaz-frente-scaled-1-300x225.jpg 300w, https:\/\/dhg1h5j42swfq.cloudfront.net\/2021\/09\/02161112\/sefaz-frente-scaled-1-768x576.jpg 768w, https:\/\/dhg1h5j42swfq.cloudfront.net\/2021\/09\/02161112\/sefaz-frente-scaled-1-1536x1152.jpg 1536w, https:\/\/dhg1h5j42swfq.cloudfront.net\/2021\/09\/02161112\/sefaz-frente-scaled-1-2048x1536.jpg 2048w, https:\/\/dhg1h5j42swfq.cloudfront.net\/2021\/09\/02161112\/sefaz-frente-scaled-1-610x458.jpg 610w\" sizes=\"auto, (max-width: 672px) 100vw, 672px\" \/><\/figure><\/div>\n\n\n\n<p>Leyla se posicionou tamb\u00e9m sobre as aposentadorias em si: <\/p>\n\n\n\n<blockquote class=\"wp-block-quote is-layout-flow wp-block-quote-is-layout-flow\"><p><em>&#8220;Se aposentarem hoje, por exemplo, fica um caos na divis\u00e3o tribut\u00e1ria. Pedimos para o governador essa vac\u00e2ncia e explicamos que isso prejudica a arrecada\u00e7\u00e3o. Expomos isso para ele, que sinalizou positivo, mas sem data. Nossa expectativa \u00e9 de que seja para 2022&#8221;<\/em>. <\/p><\/blockquote>\n\n\n\n<p>Assim, o governador Gladson Cameli garantiu que a Procuradoria Geral do Estado do Acre (PG AC) vai prestar apoio \u00e0 viabilidade de um novo certame.<\/p>\n\n\n\n<p>Para tanto, o sindicato aproveitou para debater com o governador outros pontos: a viabiliza\u00e7\u00e3o da Lei Org\u00e2nica dos auditores fiscais no Acre, que concede direitos, deveres e obriga\u00e7\u00f5es \u00e0 categoria e otimiza\u00e7\u00e3o da jornada de trabalho.<\/p>\n\n\n\n<p>Um fator adicional \u00e0 crise \u00e9 a de que <strong>servidores administrativos n\u00e3o s\u00e3o contratados h\u00e1 mais de 30 anos<\/strong> e, por tal raz\u00e3o, est\u00e3o todos aptos a se aposentar.<\/p>\n\n\n\n<p class=\"has-text-align-center\"><em>Para ficar por dentro de todos os detalhes acerca do novo concurso SEFAZ AC, confira um artigo completo, de f\u00e1cil compreens\u00e3o, que elaboramos EXCLUSIVAMENTE para voc\u00ea!<\/em><\/p>\n\n\n\n<p class=\"has-text-align-center has-background\" style=\"background-color:#6d93a3;font-size:clamp(14.642px, 0.915rem + ((1vw - 3.2px) * 0.721), 22px);\"><strong>Mais informa\u00e7\u00f5es:  <a href=\"https:\/\/www.estrategiaconcursos.com.br\/blog\/concurso-sefaz-ac\/\" target=\"_blank\" rel=\"noreferrer noopener\">concurso SEFAZ AC<\/a><\/strong><\/p>\n\n\n\n<div class=\"wp-block-image\"><figure class=\"aligncenter size-full is-resized\"><img loading=\"lazy\" decoding=\"async\" src=\"https:\/\/dhg1h5j42swfq.cloudfront.net\/2020\/12\/11172928\/logo_estrategia_concursos.png\" alt=\"\" class=\"wp-image-629128\" width=\"50\" height=\"99\" srcset=\"https:\/\/dhg1h5j42swfq.cloudfront.net\/2020\/12\/11172928\/logo_estrategia_concursos.png 200w, https:\/\/dhg1h5j42swfq.cloudfront.net\/2020\/12\/11172928\/logo_estrategia_concursos-151x300.png 151w\" sizes=\"auto, (max-width: 50px) 100vw, 50px\" \/><\/figure><\/div>\n\n\n\n<h2 class=\"has-text-align-center wp-block-heading\" id=\"h-cursos-e-assinaturas-para-o-novo-concurso-da-sefaz-ac\">Cursos e assinaturas para o novo concurso da SEFAZ AC:<\/h2>\n\n\n\n<div class=\"container\" id=\"boxes\">\n  <div class=\"row\">\n\n    <div class=\"col-sm\">\n      <div class=\"banner-fiscal-01\" id=\"box-assinatura\">\n        <h3 class=\"titulo-assinatura\">Novo concurso da SEFAZ AC<\/h3>\n        <p class=\"subtitulo-assinatura\">Estude conosco<\/p>\n        <div class=\"box-botao\">\n          <a class=\"btn-assinatura\" target=\"_blank\" href=\"https:\/\/www.estrategiaconcursos.com.br\/cursosPorConcurso\/area-fiscal-fiscos-estaduais-e-municipais-410\/\" role=\"button\" rel=\"noopener noreferrer\">Conhe\u00e7a os cursos<\/a>\n        <\/div>\n      <\/div>\n      \n    <\/div>\n\n  <\/div>\n<\/div>\n\n\n\n<div class=\"container\" id=\"boxes\">\n  <div class=\"row\">\n\n    <div class=\"col-sm\">\n      <div class=\"estrategia\" id=\"box-assinatura\">\n        <h3 class=\"titulo-assinatura\">Assinatura Concursos<\/h3>\n        <p class=\"subtitulo-assinatura\">Assinatura de 1 ano ou 2 anos<\/p>\n        <div class=\"box-botao\">\n          <a class=\"btn-assinatura\" target=\"_blank\" href=\"https:\/\/www.estrategiaconcursos.com.br\/assinaturas\/\" role=\"button\" rel=\"noopener noreferrer\">ASSINE AGORA<\/a>\n        <\/div>\n      <\/div><\/div><\/div><\/div>\n\n\n\n<div class=\"container\" id=\"boxes\">\n  <div class=\"row\">\n\n    <div class=\"col-sm\" id=\"boxes-concursos\">\n      <div style=\"background-color: #005DAD;\" class=\"conteudo-concursos\" id=\"box-concursos\">\n        <h3 class=\"titulo-assinatura\">Concursos Abertos<\/h3>\n        <p class=\"subtitulo-assinatura\">Confira os editais publicados<\/p>\n        <div class=\"box-botao\">\n          <a class=\"btn-assinatura\" target=\"_blank\" href=\"https:\/\/www.estrategiaconcursos.com.br\/blog\/concursos-abertos\/\" role=\"button\" rel=\"noopener noreferrer\">Conhe\u00e7a Agora<\/a>\n        <\/div>\n      <\/div>\n    <\/div>\n\n    <div class=\"col-sm\" id=\"boxes-concursos\">\n      <div style=\"background-color: #1A7ED5;\" class=\"conteudo-concursos\" id=\"box-concursos\">\n        <h3 class=\"titulo-assinatura\">Concursos 2021<\/h3>\n        <p class=\"subtitulo-assinatura\">As oportunidades previstas<\/p>\n        <div class=\"box-botao\">\n          <a class=\"btn-assinatura\" target=\"_blank\" href=\"https:\/\/www.estrategiaconcursos.com.br\/blog\/concursos-2021\/\" role=\"button\" rel=\"noopener noreferrer\">Conhe\u00e7a Agora<\/a>\n        <\/div>\n      <\/div>\n    <\/div>\n\n    <div class=\"col-sm\" id=\"boxes-concursos\">\n      <div style=\"background-color: #419FF0;\" class=\"conteudo-concursos\" id=\"box-concursos\">\n        <h3 class=\"titulo-assinatura\">Concursos 2022<\/h3>\n        <p class=\"subtitulo-assinatura\">Vagas para o pr\u00f3ximo ano<\/p>\n        <div class=\"box-botao\">\n          <a class=\"btn-assinatura\" target=\"_blank\" href=\"https:\/\/www.estrategiaconcursos.com.br\/blog\/concursos-2022\/\" role=\"button\" rel=\"noopener noreferrer\">Conhe\u00e7a Agora<\/a>\n        <\/div>\n      <\/div>\n    <\/div>\n\n  <\/div>\n<\/div>\n","protected":false},"excerpt":{"rendered":"<p>A Secretaria da Fazenda do estado do Acre (SEFAZ AC) deve iniciar planejamentos para um novo concurso p\u00fablico para Auditor Fiscal. Isso porque, a alta defasagem no quadro de pessoal do \u00f3rg\u00e3o pode acrescer ainda mais. Sem sele\u00e7\u00f5es desde 2009, a quantidade de servidores exercendo essa fun\u00e7\u00e3o no estado acreano caiu de 140 para 92. [&hellip;]<\/p>\n","protected":false},"author":2099,"featured_media":828562,"comment_status":"open","ping_status":"closed","sticky":false,"template":"","format":"standard","meta":{"post_tipo":"news","footnotes":""},"categories":[1983,220219],"tags":[],"tax_estado":[219964],"class_list":["post-851675","post","type-post","status-publish","format-standard","has-post-thumbnail","hentry","category-fiscal-estadual","category-noticias","tax_estado-ac"],"acf":[],"yoast_head":"<!-- This site is optimized with the Yoast SEO Premium plugin v27.2 (Yoast SEO v27.2) - https:\/\/yoast.com\/product\/yoast-seo-premium-wordpress\/ -->\n<title>Novo concurso SEFAZ AC \u00e9 previsto para m\u00e9dio prazo<\/title>\n<meta name=\"description\" content=\"A Secretaria da Fazenda do estado do Acre (SEFAZ AC) deve iniciar planejamentos para um novo concurso p\u00fablico para o cargo de Auditor Fiscal.\" \/>\n<meta name=\"robots\" content=\"index, follow, max-snippet:-1, max-image-preview:large, max-video-preview:-1\" \/>\n<link rel=\"canonical\" href=\"https:\/\/www.estrategiaconcursos.com.br\/blog\/novo-concurso-sefaz-ac-e-previsto-para-medio-prazo\/\" \/>\n<meta property=\"og:locale\" content=\"pt_BR\" \/>\n<meta property=\"og:type\" content=\"article\" \/>\n<meta property=\"og:title\" content=\"Novo concurso SEFAZ AC \u00e9 previsto para m\u00e9dio prazo\" \/>\n<meta property=\"og:description\" content=\"A Secretaria da Fazenda do estado do Acre (SEFAZ AC) deve iniciar planejamentos para um novo concurso p\u00fablico para o cargo de Auditor Fiscal.\" \/>\n<meta property=\"og:url\" content=\"https:\/\/www.estrategiaconcursos.com.br\/blog\/novo-concurso-sefaz-ac-e-previsto-para-medio-prazo\/\" \/>\n<meta property=\"og:site_name\" content=\"Estrat\u00e9gia Concursos\" \/>\n<meta property=\"article:published_time\" content=\"2021-09-01T22:02:30+00:00\" \/>\n<meta property=\"article:modified_time\" content=\"2021-09-02T19:13:32+00:00\" \/>\n<meta property=\"og:image\" content=\"https:\/\/dhg1h5j42swfq.cloudfront.net\/2021\/08\/04095224\/sefaz-ac.jpg\" \/>\n\t<meta property=\"og:image:width\" content=\"768\" \/>\n\t<meta property=\"og:image:height\" content=\"432\" \/>\n\t<meta property=\"og:image:type\" content=\"image\/jpeg\" \/>\n<meta name=\"author\" content=\"Elo\u00edsa da Rosa Ferro\" \/>\n<meta name=\"twitter:card\" content=\"summary_large_image\" \/>\n<meta name=\"twitter:creator\" content=\"@EstratConcursos\" \/>\n<meta name=\"twitter:site\" content=\"@EstratConcursos\" \/>\n<meta name=\"twitter:label1\" content=\"Escrito por\" \/>\n\t<meta name=\"twitter:data1\" content=\"Elo\u00edsa da Rosa Ferro\" \/>\n\t<meta name=\"twitter:label2\" content=\"Est. tempo de leitura\" \/>\n\t<meta name=\"twitter:data2\" content=\"3 minutos\" \/>\n<script type=\"application\/ld+json\" class=\"yoast-schema-graph\">{\"@context\":\"https:\/\/schema.org\",\"@graph\":[{\"@type\":\"NewsArticle\",\"@id\":\"https:\/\/www.estrategiaconcursos.com.br\/blog\/novo-concurso-sefaz-ac-e-previsto-para-medio-prazo\/#article\",\"isPartOf\":{\"@id\":\"https:\/\/www.estrategiaconcursos.com.br\/blog\/novo-concurso-sefaz-ac-e-previsto-para-medio-prazo\/\"},\"author\":{\"name\":\"Elo\u00edsa da Rosa Ferro\",\"@id\":\"https:\/\/www.estrategiaconcursos.com.br\/blog\/#\/schema\/person\/57d9394bb68400dbec62ff8a943ab201\"},\"headline\":\"Novo concurso SEFAZ AC \u00e9 previsto para m\u00e9dio prazo\",\"datePublished\":\"2021-09-01T22:02:30+00:00\",\"dateModified\":\"2021-09-02T19:13:32+00:00\",\"mainEntityOfPage\":{\"@id\":\"https:\/\/www.estrategiaconcursos.com.br\/blog\/novo-concurso-sefaz-ac-e-previsto-para-medio-prazo\/\"},\"wordCount\":424,\"commentCount\":0,\"publisher\":{\"@id\":\"https:\/\/www.estrategiaconcursos.com.br\/blog\/#organization\"},\"image\":{\"@id\":\"https:\/\/www.estrategiaconcursos.com.br\/blog\/novo-concurso-sefaz-ac-e-previsto-para-medio-prazo\/#primaryimage\"},\"thumbnailUrl\":\"https:\/\/dhg1h5j42swfq.cloudfront.net\/2021\/08\/04095224\/sefaz-ac.jpg\",\"articleSection\":[\"Fiscal - Estadual (ICMS)\",\"\u00daltimas not\u00edcias\"],\"inLanguage\":\"pt-BR\",\"potentialAction\":[{\"@type\":\"CommentAction\",\"name\":\"Comment\",\"target\":[\"https:\/\/www.estrategiaconcursos.com.br\/blog\/novo-concurso-sefaz-ac-e-previsto-para-medio-prazo\/#respond\"]}],\"copyrightYear\":\"2021\",\"copyrightHolder\":{\"@id\":\"https:\/\/www.estrategiaconcursos.com.br\/blog\/#organization\"}},{\"@type\":\"WebPage\",\"@id\":\"https:\/\/www.estrategiaconcursos.com.br\/blog\/novo-concurso-sefaz-ac-e-previsto-para-medio-prazo\/\",\"url\":\"https:\/\/www.estrategiaconcursos.com.br\/blog\/novo-concurso-sefaz-ac-e-previsto-para-medio-prazo\/\",\"name\":\"Novo concurso SEFAZ AC \u00e9 previsto para m\u00e9dio prazo\",\"isPartOf\":{\"@id\":\"https:\/\/www.estrategiaconcursos.com.br\/blog\/#website\"},\"primaryImageOfPage\":{\"@id\":\"https:\/\/www.estrategiaconcursos.com.br\/blog\/novo-concurso-sefaz-ac-e-previsto-para-medio-prazo\/#primaryimage\"},\"image\":{\"@id\":\"https:\/\/www.estrategiaconcursos.com.br\/blog\/novo-concurso-sefaz-ac-e-previsto-para-medio-prazo\/#primaryimage\"},\"thumbnailUrl\":\"https:\/\/dhg1h5j42swfq.cloudfront.net\/2021\/08\/04095224\/sefaz-ac.jpg\",\"datePublished\":\"2021-09-01T22:02:30+00:00\",\"dateModified\":\"2021-09-02T19:13:32+00:00\",\"description\":\"A Secretaria da Fazenda do estado do Acre (SEFAZ AC) deve iniciar planejamentos para um novo concurso p\u00fablico para o cargo de Auditor Fiscal.\",\"breadcrumb\":{\"@id\":\"https:\/\/www.estrategiaconcursos.com.br\/blog\/novo-concurso-sefaz-ac-e-previsto-para-medio-prazo\/#breadcrumb\"},\"inLanguage\":\"pt-BR\",\"potentialAction\":[{\"@type\":\"ReadAction\",\"target\":[\"https:\/\/www.estrategiaconcursos.com.br\/blog\/novo-concurso-sefaz-ac-e-previsto-para-medio-prazo\/\"]}]},{\"@type\":\"ImageObject\",\"inLanguage\":\"pt-BR\",\"@id\":\"https:\/\/www.estrategiaconcursos.com.br\/blog\/novo-concurso-sefaz-ac-e-previsto-para-medio-prazo\/#primaryimage\",\"url\":\"https:\/\/dhg1h5j42swfq.cloudfront.net\/2021\/08\/04095224\/sefaz-ac.jpg\",\"contentUrl\":\"https:\/\/dhg1h5j42swfq.cloudfront.net\/2021\/08\/04095224\/sefaz-ac.jpg\",\"width\":768,\"height\":432,\"caption\":\"concurso Sefaz AC\"},{\"@type\":\"BreadcrumbList\",\"@id\":\"https:\/\/www.estrategiaconcursos.com.br\/blog\/novo-concurso-sefaz-ac-e-previsto-para-medio-prazo\/#breadcrumb\",\"itemListElement\":[{\"@type\":\"ListItem\",\"position\":1,\"name\":\"In\u00edcio\",\"item\":\"https:\/\/www.estrategiaconcursos.com.br\/blog\/\"},{\"@type\":\"ListItem\",\"position\":2,\"name\":\"Novo concurso SEFAZ AC \u00e9 previsto para m\u00e9dio prazo\"}]},{\"@type\":\"WebSite\",\"@id\":\"https:\/\/www.estrategiaconcursos.com.br\/blog\/#website\",\"url\":\"https:\/\/www.estrategiaconcursos.com.br\/blog\/\",\"name\":\"Estrat\u00e9gia Concursos\",\"description\":\"O blog da Estrat\u00e9gia Concursos traz not\u00edcias sobre concursos e artigos de professores oferecendo cursos para concursos (pdf + videaulas) no site.\",\"publisher\":{\"@id\":\"https:\/\/www.estrategiaconcursos.com.br\/blog\/#organization\"},\"potentialAction\":[{\"@type\":\"SearchAction\",\"target\":{\"@type\":\"EntryPoint\",\"urlTemplate\":\"https:\/\/www.estrategiaconcursos.com.br\/blog\/?s={search_term_string}\"},\"query-input\":{\"@type\":\"PropertyValueSpecification\",\"valueRequired\":true,\"valueName\":\"search_term_string\"}}],\"inLanguage\":\"pt-BR\"},{\"@type\":\"Organization\",\"@id\":\"https:\/\/www.estrategiaconcursos.com.br\/blog\/#organization\",\"name\":\"Estrat\u00e9gia Concursos\",\"url\":\"https:\/\/www.estrategiaconcursos.com.br\/blog\/\",\"logo\":{\"@type\":\"ImageObject\",\"inLanguage\":\"pt-BR\",\"@id\":\"https:\/\/www.estrategiaconcursos.com.br\/blog\/#\/schema\/logo\/image\/\",\"url\":\"https:\/\/dhg1h5j42swfq.cloudfront.net\/2025\/06\/03203428\/logo_concursos-1.jpg\",\"contentUrl\":\"https:\/\/dhg1h5j42swfq.cloudfront.net\/2025\/06\/03203428\/logo_concursos-1.jpg\",\"width\":230,\"height\":60,\"caption\":\"Estrat\u00e9gia Concursos\"},\"image\":{\"@id\":\"https:\/\/www.estrategiaconcursos.com.br\/blog\/#\/schema\/logo\/image\/\"},\"sameAs\":[\"https:\/\/x.com\/EstratConcursos\"]},{\"@type\":\"Person\",\"@id\":\"https:\/\/www.estrategiaconcursos.com.br\/blog\/#\/schema\/person\/57d9394bb68400dbec62ff8a943ab201\",\"name\":\"Elo\u00edsa da Rosa Ferro\",\"image\":{\"@type\":\"ImageObject\",\"inLanguage\":\"pt-BR\",\"@id\":\"https:\/\/secure.gravatar.com\/avatar\/?s=96&d=mm&r=g\",\"url\":\"https:\/\/secure.gravatar.com\/avatar\/?s=96&d=mm&r=g\",\"contentUrl\":\"https:\/\/secure.gravatar.com\/avatar\/?s=96&d=mm&r=g\",\"caption\":\"Elo\u00edsa da Rosa Ferro\"},\"url\":\"https:\/\/www.estrategiaconcursos.com.br\/blog\/author\/eloisa-ferro\/\"}]}<\/script>\n<!-- \/ Yoast SEO Premium plugin. -->","yoast_head_json":{"title":"Novo concurso SEFAZ AC \u00e9 previsto para m\u00e9dio prazo","description":"A Secretaria da Fazenda do estado do Acre (SEFAZ AC) deve iniciar planejamentos para um novo concurso p\u00fablico para o cargo de Auditor Fiscal.","robots":{"index":"index","follow":"follow","max-snippet":"max-snippet:-1","max-image-preview":"max-image-preview:large","max-video-preview":"max-video-preview:-1"},"canonical":"https:\/\/www.estrategiaconcursos.com.br\/blog\/novo-concurso-sefaz-ac-e-previsto-para-medio-prazo\/","og_locale":"pt_BR","og_type":"article","og_title":"Novo concurso SEFAZ AC \u00e9 previsto para m\u00e9dio prazo","og_description":"A Secretaria da Fazenda do estado do Acre (SEFAZ AC) deve iniciar planejamentos para um novo concurso p\u00fablico para o cargo de Auditor Fiscal.","og_url":"https:\/\/www.estrategiaconcursos.com.br\/blog\/novo-concurso-sefaz-ac-e-previsto-para-medio-prazo\/","og_site_name":"Estrat\u00e9gia Concursos","article_published_time":"2021-09-01T22:02:30+00:00","article_modified_time":"2021-09-02T19:13:32+00:00","og_image":[{"width":768,"height":432,"url":"https:\/\/dhg1h5j42swfq.cloudfront.net\/2021\/08\/04095224\/sefaz-ac.jpg","type":"image\/jpeg"}],"author":"Elo\u00edsa da Rosa Ferro","twitter_card":"summary_large_image","twitter_creator":"@EstratConcursos","twitter_site":"@EstratConcursos","twitter_misc":{"Escrito por":"Elo\u00edsa da Rosa Ferro","Est. tempo de leitura":"3 minutos"},"schema":{"@context":"https:\/\/schema.org","@graph":[{"@type":"NewsArticle","@id":"https:\/\/www.estrategiaconcursos.com.br\/blog\/novo-concurso-sefaz-ac-e-previsto-para-medio-prazo\/#article","isPartOf":{"@id":"https:\/\/www.estrategiaconcursos.com.br\/blog\/novo-concurso-sefaz-ac-e-previsto-para-medio-prazo\/"},"author":{"name":"Elo\u00edsa da Rosa Ferro","@id":"https:\/\/www.estrategiaconcursos.com.br\/blog\/#\/schema\/person\/57d9394bb68400dbec62ff8a943ab201"},"headline":"Novo concurso SEFAZ AC \u00e9 previsto para m\u00e9dio prazo","datePublished":"2021-09-01T22:02:30+00:00","dateModified":"2021-09-02T19:13:32+00:00","mainEntityOfPage":{"@id":"https:\/\/www.estrategiaconcursos.com.br\/blog\/novo-concurso-sefaz-ac-e-previsto-para-medio-prazo\/"},"wordCount":424,"commentCount":0,"publisher":{"@id":"https:\/\/www.estrategiaconcursos.com.br\/blog\/#organization"},"image":{"@id":"https:\/\/www.estrategiaconcursos.com.br\/blog\/novo-concurso-sefaz-ac-e-previsto-para-medio-prazo\/#primaryimage"},"thumbnailUrl":"https:\/\/dhg1h5j42swfq.cloudfront.net\/2021\/08\/04095224\/sefaz-ac.jpg","articleSection":["Fiscal - Estadual (ICMS)","\u00daltimas not\u00edcias"],"inLanguage":"pt-BR","potentialAction":[{"@type":"CommentAction","name":"Comment","target":["https:\/\/www.estrategiaconcursos.com.br\/blog\/novo-concurso-sefaz-ac-e-previsto-para-medio-prazo\/#respond"]}],"copyrightYear":"2021","copyrightHolder":{"@id":"https:\/\/www.estrategiaconcursos.com.br\/blog\/#organization"}},{"@type":"WebPage","@id":"https:\/\/www.estrategiaconcursos.com.br\/blog\/novo-concurso-sefaz-ac-e-previsto-para-medio-prazo\/","url":"https:\/\/www.estrategiaconcursos.com.br\/blog\/novo-concurso-sefaz-ac-e-previsto-para-medio-prazo\/","name":"Novo concurso SEFAZ AC \u00e9 previsto para m\u00e9dio prazo","isPartOf":{"@id":"https:\/\/www.estrategiaconcursos.com.br\/blog\/#website"},"primaryImageOfPage":{"@id":"https:\/\/www.estrategiaconcursos.com.br\/blog\/novo-concurso-sefaz-ac-e-previsto-para-medio-prazo\/#primaryimage"},"image":{"@id":"https:\/\/www.estrategiaconcursos.com.br\/blog\/novo-concurso-sefaz-ac-e-previsto-para-medio-prazo\/#primaryimage"},"thumbnailUrl":"https:\/\/dhg1h5j42swfq.cloudfront.net\/2021\/08\/04095224\/sefaz-ac.jpg","datePublished":"2021-09-01T22:02:30+00:00","dateModified":"2021-09-02T19:13:32+00:00","description":"A Secretaria da Fazenda do estado do Acre (SEFAZ AC) deve iniciar planejamentos para um novo concurso p\u00fablico para o cargo de Auditor Fiscal.","breadcrumb":{"@id":"https:\/\/www.estrategiaconcursos.com.br\/blog\/novo-concurso-sefaz-ac-e-previsto-para-medio-prazo\/#breadcrumb"},"inLanguage":"pt-BR","potentialAction":[{"@type":"ReadAction","target":["https:\/\/www.estrategiaconcursos.com.br\/blog\/novo-concurso-sefaz-ac-e-previsto-para-medio-prazo\/"]}]},{"@type":"ImageObject","inLanguage":"pt-BR","@id":"https:\/\/www.estrategiaconcursos.com.br\/blog\/novo-concurso-sefaz-ac-e-previsto-para-medio-prazo\/#primaryimage","url":"https:\/\/dhg1h5j42swfq.cloudfront.net\/2021\/08\/04095224\/sefaz-ac.jpg","contentUrl":"https:\/\/dhg1h5j42swfq.cloudfront.net\/2021\/08\/04095224\/sefaz-ac.jpg","width":768,"height":432,"caption":"concurso Sefaz AC"},{"@type":"BreadcrumbList","@id":"https:\/\/www.estrategiaconcursos.com.br\/blog\/novo-concurso-sefaz-ac-e-previsto-para-medio-prazo\/#breadcrumb","itemListElement":[{"@type":"ListItem","position":1,"name":"In\u00edcio","item":"https:\/\/www.estrategiaconcursos.com.br\/blog\/"},{"@type":"ListItem","position":2,"name":"Novo concurso SEFAZ AC \u00e9 previsto para m\u00e9dio prazo"}]},{"@type":"WebSite","@id":"https:\/\/www.estrategiaconcursos.com.br\/blog\/#website","url":"https:\/\/www.estrategiaconcursos.com.br\/blog\/","name":"Estrat\u00e9gia Concursos","description":"O blog da Estrat\u00e9gia Concursos traz not\u00edcias sobre concursos e artigos de professores oferecendo cursos para concursos (pdf + videaulas) no site.","publisher":{"@id":"https:\/\/www.estrategiaconcursos.com.br\/blog\/#organization"},"potentialAction":[{"@type":"SearchAction","target":{"@type":"EntryPoint","urlTemplate":"https:\/\/www.estrategiaconcursos.com.br\/blog\/?s={search_term_string}"},"query-input":{"@type":"PropertyValueSpecification","valueRequired":true,"valueName":"search_term_string"}}],"inLanguage":"pt-BR"},{"@type":"Organization","@id":"https:\/\/www.estrategiaconcursos.com.br\/blog\/#organization","name":"Estrat\u00e9gia Concursos","url":"https:\/\/www.estrategiaconcursos.com.br\/blog\/","logo":{"@type":"ImageObject","inLanguage":"pt-BR","@id":"https:\/\/www.estrategiaconcursos.com.br\/blog\/#\/schema\/logo\/image\/","url":"https:\/\/dhg1h5j42swfq.cloudfront.net\/2025\/06\/03203428\/logo_concursos-1.jpg","contentUrl":"https:\/\/dhg1h5j42swfq.cloudfront.net\/2025\/06\/03203428\/logo_concursos-1.jpg","width":230,"height":60,"caption":"Estrat\u00e9gia Concursos"},"image":{"@id":"https:\/\/www.estrategiaconcursos.com.br\/blog\/#\/schema\/logo\/image\/"},"sameAs":["https:\/\/x.com\/EstratConcursos"]},{"@type":"Person","@id":"https:\/\/www.estrategiaconcursos.com.br\/blog\/#\/schema\/person\/57d9394bb68400dbec62ff8a943ab201","name":"Elo\u00edsa da Rosa Ferro","image":{"@type":"ImageObject","inLanguage":"pt-BR","@id":"https:\/\/secure.gravatar.com\/avatar\/?s=96&d=mm&r=g","url":"https:\/\/secure.gravatar.com\/avatar\/?s=96&d=mm&r=g","contentUrl":"https:\/\/secure.gravatar.com\/avatar\/?s=96&d=mm&r=g","caption":"Elo\u00edsa da Rosa Ferro"},"url":"https:\/\/www.estrategiaconcursos.com.br\/blog\/author\/eloisa-ferro\/"}]}},"_links":{"self":[{"href":"https:\/\/www.estrategiaconcursos.com.br\/blog\/wp-json\/wp\/v2\/posts\/851675","targetHints":{"allow":["GET"]}}],"collection":[{"href":"https:\/\/www.estrategiaconcursos.com.br\/blog\/wp-json\/wp\/v2\/posts"}],"about":[{"href":"https:\/\/www.estrategiaconcursos.com.br\/blog\/wp-json\/wp\/v2\/types\/post"}],"author":[{"embeddable":true,"href":"https:\/\/www.estrategiaconcursos.com.br\/blog\/wp-json\/wp\/v2\/users\/2099"}],"replies":[{"embeddable":true,"href":"https:\/\/www.estrategiaconcursos.com.br\/blog\/wp-json\/wp\/v2\/comments?post=851675"}],"version-history":[{"count":9,"href":"https:\/\/www.estrategiaconcursos.com.br\/blog\/wp-json\/wp\/v2\/posts\/851675\/revisions"}],"predecessor-version":[{"id":852667,"href":"https:\/\/www.estrategiaconcursos.com.br\/blog\/wp-json\/wp\/v2\/posts\/851675\/revisions\/852667"}],"wp:featuredmedia":[{"embeddable":true,"href":"https:\/\/www.estrategiaconcursos.com.br\/blog\/wp-json\/wp\/v2\/media\/828562"}],"wp:attachment":[{"href":"https:\/\/www.estrategiaconcursos.com.br\/blog\/wp-json\/wp\/v2\/media?parent=851675"}],"wp:term":[{"taxonomy":"category","embeddable":true,"href":"https:\/\/www.estrategiaconcursos.com.br\/blog\/wp-json\/wp\/v2\/categories?post=851675"},{"taxonomy":"post_tag","embeddable":true,"href":"https:\/\/www.estrategiaconcursos.com.br\/blog\/wp-json\/wp\/v2\/tags?post=851675"},{"taxonomy":"tax_estado","embeddable":true,"href":"https:\/\/www.estrategiaconcursos.com.br\/blog\/wp-json\/wp\/v2\/tax_estado?post=851675"}],"curies":[{"name":"wp","href":"https:\/\/api.w.org\/{rel}","templated":true}]}}