{"id":851650,"date":"2021-09-01T18:23:32","date_gmt":"2021-09-01T21:23:32","guid":{"rendered":"https:\/\/www.estrategiaconcursos.com.br\/blog\/?p=851650"},"modified":"2021-09-01T18:38:48","modified_gmt":"2021-09-01T21:38:48","slug":"concurso-policia-penal-al-retificacao-retomada","status":"publish","type":"post","link":"https:\/\/www.estrategiaconcursos.com.br\/blog\/concurso-policia-penal-al-retificacao-retomada\/","title":{"rendered":"Concurso Pol\u00edcia Penal AL: retomada das atividades. Confira!"},"content":{"rendered":"\n<p>Ol\u00e1, estrategistas! O <a href=\"https:\/\/www.cebraspe.org.br\/concursos\/SERIS_AL_21\" target=\"_blank\" rel=\"noreferrer noopener\">Cebraspe<\/a> publicou a retifica\u00e7\u00e3o de retomada das atividades concernentes ao edital do concurso Pol\u00edcia Penal AL.<\/p>\n\n\n\n<p>H\u00e1 diversas mudan\u00e7as no conte\u00fado do edital, tais como a redistribui\u00e7\u00e3o das vagas [a fim de cumprir a reserva de 20% para pessoas com defici\u00eancia], al\u00e9m do novo cronograma. Veja abaixo parte do documento:<\/p>\n\n\n\n<div class=\"wp-block-image\"><figure class=\"aligncenter size-full is-resized\"><img loading=\"lazy\" decoding=\"async\" src=\"https:\/\/dhg1h5j42swfq.cloudfront.net\/2021\/09\/01181055\/image-25.png\" alt=\"\" class=\"wp-image-851666\" width=\"717\" height=\"285\" srcset=\"https:\/\/dhg1h5j42swfq.cloudfront.net\/2021\/09\/01181055\/image-25.png 896w, https:\/\/dhg1h5j42swfq.cloudfront.net\/2021\/09\/01181055\/image-25-300x120.png 300w, https:\/\/dhg1h5j42swfq.cloudfront.net\/2021\/09\/01181055\/image-25-768x306.png 768w, https:\/\/dhg1h5j42swfq.cloudfront.net\/2021\/09\/01181055\/image-25-610x243.png 610w\" sizes=\"auto, (max-width: 717px) 100vw, 717px\" \/><figcaption>Retifica\u00e7\u00e3o de retomada do concurso Pol\u00edcia Penal AL<\/figcaption><\/figure><\/div>\n\n\n\n<h2 class=\"has-text-align-center has-cyan-bluish-gray-background-color has-background has-medium-font-size wp-block-heading\"><a href=\"https:\/\/dhg1h5j42swfq.cloudfront.net\/2021\/09\/01102549\/ed_5_seris_al_21_ret_vagas_pcd_e_reabertura.pdf\" target=\"_blank\" rel=\"noreferrer noopener nofollow\">Retifica\u00e7\u00e3o de retomado &#8211; concurso Pol\u00edcia Penal AL<\/a><\/h2>\n\n\n\n<p>A nova data de aplica\u00e7\u00e3o da prova objetiva tamb\u00e9m foi anunciada: conforme atual calend\u00e1rio, a etapa \u00e9 prevista para o dia&nbsp;<strong>05 de dezembro<\/strong>, com locais de provas divulgados a partir de 24 de novembro.<\/p>\n\n\n\n<p>As&nbsp;<strong>300 oportunidades&nbsp;<\/strong>imediatas s\u00e3o para o cargo de Policial Penal, antes denominado de&nbsp;&#8220;<strong>Agente Penitenci\u00e1rio<\/strong>&#8220;, distribu\u00eddas entre os sexos masculino e feminino. A carreira exige ensino superior com forma\u00e7\u00e3o em qualquer \u00e1rea de conhecimento, com&nbsp;<strong>sal\u00e1rio inicial de R$ 3,8 mil<\/strong>.<\/p>\n\n\n\n<p>Vale lembrar que o concurso estava suspenso desde agosto, ap\u00f3s o Minist\u00e9rio P\u00fablico de Alagoas (MP AL) protocolar uma a\u00e7\u00e3o civil p\u00fablica alegando que n\u00e3o havia reserva m\u00ednima de vagas para pessoas com defici\u00eancia. Isso feriu a Lei Estadual n\u00ba 5.247 que determina, pelo menos, 20% do total de vagas para PCDs.<\/p>\n\n\n\n<h3 class=\"wp-block-heading\" id=\"cargos-vagas\">Concurso Pol\u00edcia Penal AL: cargos e vagas<\/h3>\n\n\n\n<figure class=\"wp-block-table is-style-stripes\"><table class=\"has-fixed-layout\"><thead><tr><th class=\"has-text-align-center\" data-align=\"center\">Cargo<\/th><th class=\"has-text-align-center\" data-align=\"center\">Vagas<\/th><th class=\"has-text-align-center\" data-align=\"center\">Sal\u00e1rio<\/th><\/tr><\/thead><tbody><tr><td class=\"has-text-align-center\" data-align=\"center\">Policial Penal<\/td><td class=\"has-text-align-center\" data-align=\"center\">300<\/td><td class=\"has-text-align-center\" data-align=\"center\">R$ 3.800,00<\/td><\/tr><\/tbody><\/table><\/figure>\n\n\n\n<p><strong>Vagas por sexo e especifica\u00e7\u00e3o:<\/strong><\/p>\n\n\n\n<figure class=\"wp-block-table is-style-stripes\"><table class=\"has-fixed-layout\"><thead><tr><th class=\"has-text-align-center\" data-align=\"center\">Sexo<\/th><th class=\"has-text-align-center\" data-align=\"center\">Vagas AC<\/th><th class=\"has-text-align-center\" data-align=\"center\">Vagas PCDs<\/th><\/tr><\/thead><tbody><tr><td class=\"has-text-align-center\" data-align=\"center\">Masculino<\/td><td class=\"has-text-align-center\" data-align=\"center\">168<\/td><td class=\"has-text-align-center\" data-align=\"center\">42<\/td><\/tr><tr><td class=\"has-text-align-center\" data-align=\"center\">Feminino<\/td><td class=\"has-text-align-center\" data-align=\"center\">72<\/td><td class=\"has-text-align-center\" data-align=\"center\">18<\/td><\/tr><\/tbody><\/table><\/figure>\n\n\n\n<h3 class=\"wp-block-heading\">Concurso Pol\u00edcia Penal AL: principais requisitos<\/h3>\n\n\n\n<p>Para prestar o&nbsp;<strong>concurso Pol\u00edcia Penal AL<\/strong>&nbsp;\u00e9 necess\u00e1rio certificado de conclus\u00e3o de&nbsp;<strong>ensino superior<\/strong>&nbsp;com forma\u00e7\u00e3o em qualquer \u00e1rea de conhecimento, em institui\u00e7\u00e3o reconhecida pelo Minist\u00e9rio da Educa\u00e7\u00e3o. Al\u00e9m de ser brasileiro nato ou naturalizado, estar quite com as obriga\u00e7\u00f5es eleitorais e ter idade m\u00ednima de 18 anos na data da posse, para candidatos de ambos os sexos.<\/p>\n\n\n\n<p>As obriga\u00e7\u00f5es militares para os do sexo masculino tamb\u00e9m precisam estar quitadas. A idade m\u00ednima para concorrer ao certame \u00e9 de 18 anos, o candidato deve estar apto, f\u00edsica e mentalmente, para o exerc\u00edcio do cargo.<\/p>\n\n\n\n<p class=\"has-text-align-center\"><strong>Para ficar por dentro de todos os detalhes sobre o concurso Policia Penal AL, bem como da retomada de suas atividades, acesse o artigo abaixo:<\/strong><\/p>\n\n\n\n<p class=\"has-text-align-center has-cyan-bluish-gray-background-color has-background\"><strong>Saiba mais: <a href=\"https:\/\/www.estrategiaconcursos.com.br\/blog\/concurso-agepen-al\/\" target=\"_blank\" rel=\"noreferrer noopener\">concurso Policia Penal AL<\/a><\/strong><\/p>\n\n\n\n<h2 class=\"has-text-align-center wp-block-heading\" id=\"cursos-assinatura\"><em><strong>Quer estudar para o concurso Pol\u00edcia Penal AL?<\/strong><\/em><\/h2>\n\n\n\n<div id=\"boxes\" class=\"container\">\n<div class=\"row\">\n<div class=\"col-sm\">\n<div id=\"box-assinatura\" class=\"banner-policial\">\n<h3 class=\"titulo-assinatura\">Concurso Pol\u00edcia Penal AL<\/h3>\n<p class=\"subtitulo-assinatura\">Conhe\u00e7a os cursos<\/p>\n<div class=\"box-botao\"><a class=\"btn-assinatura\" role=\"button\" href=\"https:\/\/www.estrategiaconcursos.com.br\/cursosPorConcurso\/agente-penitenciario-do-alagoas-agepen-al\/\" target=\"_blank\" rel=\"noopener noreferrer\">Conhe\u00e7a mais<\/a><\/div>\n<\/div>\n\n<\/div>\n<\/div>\n<\/div>\n\n\n\n<div class=\"container\" id=\"boxes\">\n  <div class=\"row\">\n\n    <div class=\"col-sm\">\n      <div class=\"estrategia\" id=\"box-assinatura\">\n        <h3 class=\"titulo-assinatura\">Assinatura Concursos<\/h3>\n        <p class=\"subtitulo-assinatura\">Assinatura de 1 ano ou 2 anos<\/p>\n        <div class=\"box-botao\">\n          <a class=\"btn-assinatura\" target=\"_blank\" href=\"https:\/\/www.estrategiaconcursos.com.br\/assinaturas\/\" role=\"button\" rel=\"noopener noreferrer\">ASSINE AGORA<\/a>\n        <\/div>\n      <\/div>\n     \n    <\/div><\/div><\/div>\n\n\n\n<div class=\"container\" id=\"boxes\">\n  <div class=\"row\">\n\n    <div class=\"col-sm\" id=\"boxes-concursos\">\n      <div style=\"background-color: #005DAD;\" class=\"conteudo-concursos\" id=\"box-concursos\">\n        <h3 class=\"titulo-assinatura\">Concursos Abertos<\/h3>\n        <p class=\"subtitulo-assinatura\">Os editais publicados<\/p>\n        <div class=\"box-botao\">\n          <a class=\"btn-assinatura\" target=\"_blank\" href=\"https:\/\/www.estrategiaconcursos.com.br\/blog\/concursos-abertos\/\" role=\"button\" rel=\"noopener noreferrer\">Conhe\u00e7a Agora<\/a>\n        <\/div>\n      <\/div>\n    <\/div>\n\n    <div class=\"col-sm\" id=\"boxes-concursos\">\n      <div style=\"background-color: #1A7ED5;\" class=\"conteudo-concursos\" id=\"box-concursos\">\n        <h3 class=\"titulo-assinatura\">Concursos 2021<\/h3>\n        <p class=\"subtitulo-assinatura\">As oportunidades previstas<\/p>\n        <div class=\"box-botao\">\n          <a class=\"btn-assinatura\" target=\"_blank\" href=\"https:\/\/www.estrategiaconcursos.com.br\/blog\/concursos-2021\/\" role=\"button\" rel=\"noopener noreferrer\">Conhe\u00e7a Agora<\/a>\n        <\/div>\n      <\/div>\n    <\/div>\n\n    <div class=\"col-sm\" id=\"boxes-concursos\">\n      <div style=\"background-color: #419FF0;\" class=\"conteudo-concursos\" id=\"box-concursos\">\n        <h3 class=\"titulo-assinatura\">Concursos 2022<\/h3>\n        <p class=\"subtitulo-assinatura\">Vagas para o pr\u00f3ximo ano<\/p>\n        <div class=\"box-botao\">\n          <a class=\"btn-assinatura\" target=\"_blank\" href=\"https:\/\/www.estrategiaconcursos.com.br\/blog\/concursos-2022\/\" role=\"button\" rel=\"noopener noreferrer\">Conhe\u00e7a Agora<\/a>\n        <\/div>\n      <\/div>\n    <\/div>\n\n  <\/div>\n<\/div>\n","protected":false},"excerpt":{"rendered":"<p>Ol\u00e1, estrategistas! O Cebraspe publicou a retifica\u00e7\u00e3o de retomada das atividades concernentes ao edital do concurso Pol\u00edcia Penal AL. H\u00e1 diversas mudan\u00e7as no conte\u00fado do edital, tais como a redistribui\u00e7\u00e3o das vagas [a fim de cumprir a reserva de 20% para pessoas com defici\u00eancia], al\u00e9m do novo cronograma. Veja abaixo parte do documento: Retifica\u00e7\u00e3o de [&hellip;]<\/p>\n","protected":false},"author":1,"featured_media":746710,"comment_status":"open","ping_status":"closed","sticky":false,"template":"","format":"standard","meta":{"post_tipo":"news","footnotes":""},"categories":[220188,220219],"tags":[],"tax_estado":[219965],"class_list":["post-851650","post","type-post","status-publish","format-standard","has-post-thumbnail","hentry","category-policial-agente-penitenciario","category-noticias","tax_estado-al"],"acf":[],"yoast_head":"<!-- This site is optimized with the Yoast SEO Premium plugin v27.2 (Yoast SEO v27.2) - https:\/\/yoast.com\/product\/yoast-seo-premium-wordpress\/ -->\n<title>Concurso Pol\u00edcia Penal AL: retomada das atividades. Confira!<\/title>\n<meta name=\"description\" content=\"O Cebraspe publicou a retifica\u00e7\u00e3o de retomada das atividades concernentes ao concurso Pol\u00edcia Penal Al. Saiba mais informa\u00e7\u00f5es neste artigo!\" \/>\n<meta name=\"robots\" content=\"index, follow, max-snippet:-1, max-image-preview:large, max-video-preview:-1\" \/>\n<link rel=\"canonical\" href=\"https:\/\/www.estrategiaconcursos.com.br\/blog\/concurso-policia-penal-al-retificacao-retomada\/\" \/>\n<meta property=\"og:locale\" content=\"pt_BR\" \/>\n<meta property=\"og:type\" content=\"article\" \/>\n<meta property=\"og:title\" content=\"Concurso Pol\u00edcia Penal AL: retomada das atividades. Confira!\" \/>\n<meta property=\"og:description\" content=\"O Cebraspe publicou a retifica\u00e7\u00e3o de retomada das atividades concernentes ao concurso Pol\u00edcia Penal Al. Saiba mais informa\u00e7\u00f5es neste artigo!\" \/>\n<meta property=\"og:url\" content=\"https:\/\/www.estrategiaconcursos.com.br\/blog\/concurso-policia-penal-al-retificacao-retomada\/\" \/>\n<meta property=\"og:site_name\" content=\"Estrat\u00e9gia Concursos\" \/>\n<meta property=\"article:author\" content=\"https:\/\/www.facebook.com\/EstrategiaConcursos\" \/>\n<meta property=\"article:published_time\" content=\"2021-09-01T21:23:32+00:00\" \/>\n<meta property=\"article:modified_time\" content=\"2021-09-01T21:38:48+00:00\" \/>\n<meta property=\"og:image\" content=\"https:\/\/dhg1h5j42swfq.cloudfront.net\/2021\/05\/21091845\/policia-penal-al.jpg\" \/>\n\t<meta property=\"og:image:width\" content=\"768\" \/>\n\t<meta property=\"og:image:height\" content=\"432\" \/>\n\t<meta property=\"og:image:type\" content=\"image\/jpeg\" \/>\n<meta name=\"author\" content=\"Coordena\u00e7\u00e3o\" \/>\n<meta name=\"twitter:card\" content=\"summary_large_image\" \/>\n<meta name=\"twitter:creator\" content=\"@EstratConcursos\" \/>\n<meta name=\"twitter:site\" content=\"@EstratConcursos\" \/>\n<meta name=\"twitter:label1\" content=\"Escrito por\" \/>\n\t<meta name=\"twitter:data1\" content=\"Coordena\u00e7\u00e3o\" \/>\n\t<meta name=\"twitter:label2\" content=\"Est. tempo de leitura\" \/>\n\t<meta name=\"twitter:data2\" content=\"3 minutos\" \/>\n<script type=\"application\/ld+json\" class=\"yoast-schema-graph\">{\"@context\":\"https:\/\/schema.org\",\"@graph\":[{\"@type\":\"NewsArticle\",\"@id\":\"https:\/\/www.estrategiaconcursos.com.br\/blog\/concurso-policia-penal-al-retificacao-retomada\/#article\",\"isPartOf\":{\"@id\":\"https:\/\/www.estrategiaconcursos.com.br\/blog\/concurso-policia-penal-al-retificacao-retomada\/\"},\"author\":{\"name\":\"Coordena\u00e7\u00e3o\",\"@id\":\"https:\/\/www.estrategiaconcursos.com.br\/blog\/#\/schema\/person\/b4a388c97673c5f483d72185668afa1f\"},\"headline\":\"Concurso Pol\u00edcia Penal AL: retomada das atividades. Confira!\",\"datePublished\":\"2021-09-01T21:23:32+00:00\",\"dateModified\":\"2021-09-01T21:38:48+00:00\",\"mainEntityOfPage\":{\"@id\":\"https:\/\/www.estrategiaconcursos.com.br\/blog\/concurso-policia-penal-al-retificacao-retomada\/\"},\"wordCount\":462,\"commentCount\":0,\"publisher\":{\"@id\":\"https:\/\/www.estrategiaconcursos.com.br\/blog\/#organization\"},\"image\":{\"@id\":\"https:\/\/www.estrategiaconcursos.com.br\/blog\/concurso-policia-penal-al-retificacao-retomada\/#primaryimage\"},\"thumbnailUrl\":\"https:\/\/dhg1h5j42swfq.cloudfront.net\/2021\/05\/21091845\/policia-penal-al.jpg\",\"articleSection\":[\"Policial (Agente Penitenci\u00e1rio)\",\"\u00daltimas not\u00edcias\"],\"inLanguage\":\"pt-BR\",\"potentialAction\":[{\"@type\":\"CommentAction\",\"name\":\"Comment\",\"target\":[\"https:\/\/www.estrategiaconcursos.com.br\/blog\/concurso-policia-penal-al-retificacao-retomada\/#respond\"]}],\"copyrightYear\":\"2021\",\"copyrightHolder\":{\"@id\":\"https:\/\/www.estrategiaconcursos.com.br\/blog\/#organization\"}},{\"@type\":\"WebPage\",\"@id\":\"https:\/\/www.estrategiaconcursos.com.br\/blog\/concurso-policia-penal-al-retificacao-retomada\/\",\"url\":\"https:\/\/www.estrategiaconcursos.com.br\/blog\/concurso-policia-penal-al-retificacao-retomada\/\",\"name\":\"Concurso Pol\u00edcia Penal AL: retomada das atividades. Confira!\",\"isPartOf\":{\"@id\":\"https:\/\/www.estrategiaconcursos.com.br\/blog\/#website\"},\"primaryImageOfPage\":{\"@id\":\"https:\/\/www.estrategiaconcursos.com.br\/blog\/concurso-policia-penal-al-retificacao-retomada\/#primaryimage\"},\"image\":{\"@id\":\"https:\/\/www.estrategiaconcursos.com.br\/blog\/concurso-policia-penal-al-retificacao-retomada\/#primaryimage\"},\"thumbnailUrl\":\"https:\/\/dhg1h5j42swfq.cloudfront.net\/2021\/05\/21091845\/policia-penal-al.jpg\",\"datePublished\":\"2021-09-01T21:23:32+00:00\",\"dateModified\":\"2021-09-01T21:38:48+00:00\",\"description\":\"O Cebraspe publicou a retifica\u00e7\u00e3o de retomada das atividades concernentes ao concurso Pol\u00edcia Penal Al. Saiba mais informa\u00e7\u00f5es neste artigo!\",\"breadcrumb\":{\"@id\":\"https:\/\/www.estrategiaconcursos.com.br\/blog\/concurso-policia-penal-al-retificacao-retomada\/#breadcrumb\"},\"inLanguage\":\"pt-BR\",\"potentialAction\":[{\"@type\":\"ReadAction\",\"target\":[\"https:\/\/www.estrategiaconcursos.com.br\/blog\/concurso-policia-penal-al-retificacao-retomada\/\"]}]},{\"@type\":\"ImageObject\",\"inLanguage\":\"pt-BR\",\"@id\":\"https:\/\/www.estrategiaconcursos.com.br\/blog\/concurso-policia-penal-al-retificacao-retomada\/#primaryimage\",\"url\":\"https:\/\/dhg1h5j42swfq.cloudfront.net\/2021\/05\/21091845\/policia-penal-al.jpg\",\"contentUrl\":\"https:\/\/dhg1h5j42swfq.cloudfront.net\/2021\/05\/21091845\/policia-penal-al.jpg\",\"width\":768,\"height\":432,\"caption\":\"POLICIA PENAL AL\"},{\"@type\":\"BreadcrumbList\",\"@id\":\"https:\/\/www.estrategiaconcursos.com.br\/blog\/concurso-policia-penal-al-retificacao-retomada\/#breadcrumb\",\"itemListElement\":[{\"@type\":\"ListItem\",\"position\":1,\"name\":\"In\u00edcio\",\"item\":\"https:\/\/www.estrategiaconcursos.com.br\/blog\/\"},{\"@type\":\"ListItem\",\"position\":2,\"name\":\"Concurso Pol\u00edcia Penal AL: retomada das atividades. Confira!\"}]},{\"@type\":\"WebSite\",\"@id\":\"https:\/\/www.estrategiaconcursos.com.br\/blog\/#website\",\"url\":\"https:\/\/www.estrategiaconcursos.com.br\/blog\/\",\"name\":\"Estrat\u00e9gia Concursos\",\"description\":\"O blog da Estrat\u00e9gia Concursos traz not\u00edcias sobre concursos e artigos de professores oferecendo cursos para concursos (pdf + videaulas) no site.\",\"publisher\":{\"@id\":\"https:\/\/www.estrategiaconcursos.com.br\/blog\/#organization\"},\"potentialAction\":[{\"@type\":\"SearchAction\",\"target\":{\"@type\":\"EntryPoint\",\"urlTemplate\":\"https:\/\/www.estrategiaconcursos.com.br\/blog\/?s={search_term_string}\"},\"query-input\":{\"@type\":\"PropertyValueSpecification\",\"valueRequired\":true,\"valueName\":\"search_term_string\"}}],\"inLanguage\":\"pt-BR\"},{\"@type\":\"Organization\",\"@id\":\"https:\/\/www.estrategiaconcursos.com.br\/blog\/#organization\",\"name\":\"Estrat\u00e9gia Concursos\",\"url\":\"https:\/\/www.estrategiaconcursos.com.br\/blog\/\",\"logo\":{\"@type\":\"ImageObject\",\"inLanguage\":\"pt-BR\",\"@id\":\"https:\/\/www.estrategiaconcursos.com.br\/blog\/#\/schema\/logo\/image\/\",\"url\":\"https:\/\/dhg1h5j42swfq.cloudfront.net\/2025\/06\/03203428\/logo_concursos-1.jpg\",\"contentUrl\":\"https:\/\/dhg1h5j42swfq.cloudfront.net\/2025\/06\/03203428\/logo_concursos-1.jpg\",\"width\":230,\"height\":60,\"caption\":\"Estrat\u00e9gia Concursos\"},\"image\":{\"@id\":\"https:\/\/www.estrategiaconcursos.com.br\/blog\/#\/schema\/logo\/image\/\"},\"sameAs\":[\"https:\/\/x.com\/EstratConcursos\"]},{\"@type\":\"Person\",\"@id\":\"https:\/\/www.estrategiaconcursos.com.br\/blog\/#\/schema\/person\/b4a388c97673c5f483d72185668afa1f\",\"name\":\"Coordena\u00e7\u00e3o\",\"image\":{\"@type\":\"ImageObject\",\"inLanguage\":\"pt-BR\",\"@id\":\"https:\/\/secure.gravatar.com\/avatar\/b720319e4c9a967eb58678d110f4fe35452fc5d5f97b202bac7b8acceb18c6ad?s=96&d=mm&r=g\",\"url\":\"https:\/\/secure.gravatar.com\/avatar\/b720319e4c9a967eb58678d110f4fe35452fc5d5f97b202bac7b8acceb18c6ad?s=96&d=mm&r=g\",\"contentUrl\":\"https:\/\/secure.gravatar.com\/avatar\/b720319e4c9a967eb58678d110f4fe35452fc5d5f97b202bac7b8acceb18c6ad?s=96&d=mm&r=g\",\"caption\":\"Coordena\u00e7\u00e3o\"},\"sameAs\":[\"https:\/\/www.facebook.com\/EstrategiaConcursos\",\"https:\/\/x.com\/EstratConcursos\"],\"url\":\"https:\/\/www.estrategiaconcursos.com.br\/blog\/author\/estrategia2013\/\"}]}<\/script>\n<!-- \/ Yoast SEO Premium plugin. -->","yoast_head_json":{"title":"Concurso Pol\u00edcia Penal AL: retomada das atividades. Confira!","description":"O Cebraspe publicou a retifica\u00e7\u00e3o de retomada das atividades concernentes ao concurso Pol\u00edcia Penal Al. Saiba mais informa\u00e7\u00f5es neste artigo!","robots":{"index":"index","follow":"follow","max-snippet":"max-snippet:-1","max-image-preview":"max-image-preview:large","max-video-preview":"max-video-preview:-1"},"canonical":"https:\/\/www.estrategiaconcursos.com.br\/blog\/concurso-policia-penal-al-retificacao-retomada\/","og_locale":"pt_BR","og_type":"article","og_title":"Concurso Pol\u00edcia Penal AL: retomada das atividades. Confira!","og_description":"O Cebraspe publicou a retifica\u00e7\u00e3o de retomada das atividades concernentes ao concurso Pol\u00edcia Penal Al. Saiba mais informa\u00e7\u00f5es neste artigo!","og_url":"https:\/\/www.estrategiaconcursos.com.br\/blog\/concurso-policia-penal-al-retificacao-retomada\/","og_site_name":"Estrat\u00e9gia Concursos","article_author":"https:\/\/www.facebook.com\/EstrategiaConcursos","article_published_time":"2021-09-01T21:23:32+00:00","article_modified_time":"2021-09-01T21:38:48+00:00","og_image":[{"width":768,"height":432,"url":"https:\/\/dhg1h5j42swfq.cloudfront.net\/2021\/05\/21091845\/policia-penal-al.jpg","type":"image\/jpeg"}],"author":"Coordena\u00e7\u00e3o","twitter_card":"summary_large_image","twitter_creator":"@EstratConcursos","twitter_site":"@EstratConcursos","twitter_misc":{"Escrito por":"Coordena\u00e7\u00e3o","Est. tempo de leitura":"3 minutos"},"schema":{"@context":"https:\/\/schema.org","@graph":[{"@type":"NewsArticle","@id":"https:\/\/www.estrategiaconcursos.com.br\/blog\/concurso-policia-penal-al-retificacao-retomada\/#article","isPartOf":{"@id":"https:\/\/www.estrategiaconcursos.com.br\/blog\/concurso-policia-penal-al-retificacao-retomada\/"},"author":{"name":"Coordena\u00e7\u00e3o","@id":"https:\/\/www.estrategiaconcursos.com.br\/blog\/#\/schema\/person\/b4a388c97673c5f483d72185668afa1f"},"headline":"Concurso Pol\u00edcia Penal AL: retomada das atividades. Confira!","datePublished":"2021-09-01T21:23:32+00:00","dateModified":"2021-09-01T21:38:48+00:00","mainEntityOfPage":{"@id":"https:\/\/www.estrategiaconcursos.com.br\/blog\/concurso-policia-penal-al-retificacao-retomada\/"},"wordCount":462,"commentCount":0,"publisher":{"@id":"https:\/\/www.estrategiaconcursos.com.br\/blog\/#organization"},"image":{"@id":"https:\/\/www.estrategiaconcursos.com.br\/blog\/concurso-policia-penal-al-retificacao-retomada\/#primaryimage"},"thumbnailUrl":"https:\/\/dhg1h5j42swfq.cloudfront.net\/2021\/05\/21091845\/policia-penal-al.jpg","articleSection":["Policial (Agente Penitenci\u00e1rio)","\u00daltimas not\u00edcias"],"inLanguage":"pt-BR","potentialAction":[{"@type":"CommentAction","name":"Comment","target":["https:\/\/www.estrategiaconcursos.com.br\/blog\/concurso-policia-penal-al-retificacao-retomada\/#respond"]}],"copyrightYear":"2021","copyrightHolder":{"@id":"https:\/\/www.estrategiaconcursos.com.br\/blog\/#organization"}},{"@type":"WebPage","@id":"https:\/\/www.estrategiaconcursos.com.br\/blog\/concurso-policia-penal-al-retificacao-retomada\/","url":"https:\/\/www.estrategiaconcursos.com.br\/blog\/concurso-policia-penal-al-retificacao-retomada\/","name":"Concurso Pol\u00edcia Penal AL: retomada das atividades. Confira!","isPartOf":{"@id":"https:\/\/www.estrategiaconcursos.com.br\/blog\/#website"},"primaryImageOfPage":{"@id":"https:\/\/www.estrategiaconcursos.com.br\/blog\/concurso-policia-penal-al-retificacao-retomada\/#primaryimage"},"image":{"@id":"https:\/\/www.estrategiaconcursos.com.br\/blog\/concurso-policia-penal-al-retificacao-retomada\/#primaryimage"},"thumbnailUrl":"https:\/\/dhg1h5j42swfq.cloudfront.net\/2021\/05\/21091845\/policia-penal-al.jpg","datePublished":"2021-09-01T21:23:32+00:00","dateModified":"2021-09-01T21:38:48+00:00","description":"O Cebraspe publicou a retifica\u00e7\u00e3o de retomada das atividades concernentes ao concurso Pol\u00edcia Penal Al. Saiba mais informa\u00e7\u00f5es neste artigo!","breadcrumb":{"@id":"https:\/\/www.estrategiaconcursos.com.br\/blog\/concurso-policia-penal-al-retificacao-retomada\/#breadcrumb"},"inLanguage":"pt-BR","potentialAction":[{"@type":"ReadAction","target":["https:\/\/www.estrategiaconcursos.com.br\/blog\/concurso-policia-penal-al-retificacao-retomada\/"]}]},{"@type":"ImageObject","inLanguage":"pt-BR","@id":"https:\/\/www.estrategiaconcursos.com.br\/blog\/concurso-policia-penal-al-retificacao-retomada\/#primaryimage","url":"https:\/\/dhg1h5j42swfq.cloudfront.net\/2021\/05\/21091845\/policia-penal-al.jpg","contentUrl":"https:\/\/dhg1h5j42swfq.cloudfront.net\/2021\/05\/21091845\/policia-penal-al.jpg","width":768,"height":432,"caption":"POLICIA PENAL AL"},{"@type":"BreadcrumbList","@id":"https:\/\/www.estrategiaconcursos.com.br\/blog\/concurso-policia-penal-al-retificacao-retomada\/#breadcrumb","itemListElement":[{"@type":"ListItem","position":1,"name":"In\u00edcio","item":"https:\/\/www.estrategiaconcursos.com.br\/blog\/"},{"@type":"ListItem","position":2,"name":"Concurso Pol\u00edcia Penal AL: retomada das atividades. Confira!"}]},{"@type":"WebSite","@id":"https:\/\/www.estrategiaconcursos.com.br\/blog\/#website","url":"https:\/\/www.estrategiaconcursos.com.br\/blog\/","name":"Estrat\u00e9gia Concursos","description":"O blog da Estrat\u00e9gia Concursos traz not\u00edcias sobre concursos e artigos de professores oferecendo cursos para concursos (pdf + videaulas) no site.","publisher":{"@id":"https:\/\/www.estrategiaconcursos.com.br\/blog\/#organization"},"potentialAction":[{"@type":"SearchAction","target":{"@type":"EntryPoint","urlTemplate":"https:\/\/www.estrategiaconcursos.com.br\/blog\/?s={search_term_string}"},"query-input":{"@type":"PropertyValueSpecification","valueRequired":true,"valueName":"search_term_string"}}],"inLanguage":"pt-BR"},{"@type":"Organization","@id":"https:\/\/www.estrategiaconcursos.com.br\/blog\/#organization","name":"Estrat\u00e9gia Concursos","url":"https:\/\/www.estrategiaconcursos.com.br\/blog\/","logo":{"@type":"ImageObject","inLanguage":"pt-BR","@id":"https:\/\/www.estrategiaconcursos.com.br\/blog\/#\/schema\/logo\/image\/","url":"https:\/\/dhg1h5j42swfq.cloudfront.net\/2025\/06\/03203428\/logo_concursos-1.jpg","contentUrl":"https:\/\/dhg1h5j42swfq.cloudfront.net\/2025\/06\/03203428\/logo_concursos-1.jpg","width":230,"height":60,"caption":"Estrat\u00e9gia Concursos"},"image":{"@id":"https:\/\/www.estrategiaconcursos.com.br\/blog\/#\/schema\/logo\/image\/"},"sameAs":["https:\/\/x.com\/EstratConcursos"]},{"@type":"Person","@id":"https:\/\/www.estrategiaconcursos.com.br\/blog\/#\/schema\/person\/b4a388c97673c5f483d72185668afa1f","name":"Coordena\u00e7\u00e3o","image":{"@type":"ImageObject","inLanguage":"pt-BR","@id":"https:\/\/secure.gravatar.com\/avatar\/b720319e4c9a967eb58678d110f4fe35452fc5d5f97b202bac7b8acceb18c6ad?s=96&d=mm&r=g","url":"https:\/\/secure.gravatar.com\/avatar\/b720319e4c9a967eb58678d110f4fe35452fc5d5f97b202bac7b8acceb18c6ad?s=96&d=mm&r=g","contentUrl":"https:\/\/secure.gravatar.com\/avatar\/b720319e4c9a967eb58678d110f4fe35452fc5d5f97b202bac7b8acceb18c6ad?s=96&d=mm&r=g","caption":"Coordena\u00e7\u00e3o"},"sameAs":["https:\/\/www.facebook.com\/EstrategiaConcursos","https:\/\/x.com\/EstratConcursos"],"url":"https:\/\/www.estrategiaconcursos.com.br\/blog\/author\/estrategia2013\/"}]}},"_links":{"self":[{"href":"https:\/\/www.estrategiaconcursos.com.br\/blog\/wp-json\/wp\/v2\/posts\/851650","targetHints":{"allow":["GET"]}}],"collection":[{"href":"https:\/\/www.estrategiaconcursos.com.br\/blog\/wp-json\/wp\/v2\/posts"}],"about":[{"href":"https:\/\/www.estrategiaconcursos.com.br\/blog\/wp-json\/wp\/v2\/types\/post"}],"author":[{"embeddable":true,"href":"https:\/\/www.estrategiaconcursos.com.br\/blog\/wp-json\/wp\/v2\/users\/1"}],"replies":[{"embeddable":true,"href":"https:\/\/www.estrategiaconcursos.com.br\/blog\/wp-json\/wp\/v2\/comments?post=851650"}],"version-history":[{"count":7,"href":"https:\/\/www.estrategiaconcursos.com.br\/blog\/wp-json\/wp\/v2\/posts\/851650\/revisions"}],"predecessor-version":[{"id":851708,"href":"https:\/\/www.estrategiaconcursos.com.br\/blog\/wp-json\/wp\/v2\/posts\/851650\/revisions\/851708"}],"wp:featuredmedia":[{"embeddable":true,"href":"https:\/\/www.estrategiaconcursos.com.br\/blog\/wp-json\/wp\/v2\/media\/746710"}],"wp:attachment":[{"href":"https:\/\/www.estrategiaconcursos.com.br\/blog\/wp-json\/wp\/v2\/media?parent=851650"}],"wp:term":[{"taxonomy":"category","embeddable":true,"href":"https:\/\/www.estrategiaconcursos.com.br\/blog\/wp-json\/wp\/v2\/categories?post=851650"},{"taxonomy":"post_tag","embeddable":true,"href":"https:\/\/www.estrategiaconcursos.com.br\/blog\/wp-json\/wp\/v2\/tags?post=851650"},{"taxonomy":"tax_estado","embeddable":true,"href":"https:\/\/www.estrategiaconcursos.com.br\/blog\/wp-json\/wp\/v2\/tax_estado?post=851650"}],"curies":[{"name":"wp","href":"https:\/\/api.w.org\/{rel}","templated":true}]}}