{"id":851401,"date":"2021-09-01T16:49:54","date_gmt":"2021-09-01T19:49:54","guid":{"rendered":"https:\/\/www.estrategiaconcursos.com.br\/blog\/?p=851401"},"modified":"2021-09-01T18:06:33","modified_gmt":"2021-09-01T21:06:33","slug":"concurso-sao-joao-del-rei-edital-sofre-segunda-retificacao","status":"publish","type":"post","link":"https:\/\/www.estrategiaconcursos.com.br\/blog\/concurso-sao-joao-del-rei-edital-sofre-segunda-retificacao\/","title":{"rendered":"Concurso S\u00e3o Jo\u00e3o del Rei: edital sofre segunda retifica\u00e7\u00e3o"},"content":{"rendered":"\n<p>Ap\u00f3s pouco mais de 2 meses de sua publica\u00e7\u00e3o, o edital do Concurso Prefeitura de S\u00e3o Jo\u00e3o del Rei sofre sua segunda retifica\u00e7\u00e3o. Desta vez, o n\u00famero de vagas foi reduzido de 346 vagas para 328 vagas, 18 oportunidades a menos.<\/p>\n\n\n\n<p>Nesse sentido, diversos cargos tiveram seus pormenores (atribui\u00e7\u00f5es, n\u00famero de vagas, disciplinas cobradas&#8230;) modificados. Inclusive, <strong>os cargos de enfermeiro e odont\u00f3logo ESF foram revogados<\/strong>.<\/p>\n\n\n\n<p>Ademais, o requerimento de recursos poder\u00e1 ser realizado por diversas vias diferentes: internet, correio\/sedex e pessoalmente. <\/p>\n\n\n\n<ul class=\"has-very-light-gray-to-cyan-bluish-gray-gradient-background has-background wp-block-list\"><li><strong><a href=\"https:\/\/dhg1h5j42swfq.cloudfront.net\/2021\/09\/01160016\/retificacao-no-01.pdf\" target=\"_blank\" rel=\"noreferrer noopener nofollow\">Retifica\u00e7\u00e3o n\u00ba 1<\/a><\/strong><\/li><li><strong><a href=\"https:\/\/dhg1h5j42swfq.cloudfront.net\/2021\/09\/01160057\/retificacao-no-02.pdf\" target=\"_blank\" rel=\"noreferrer noopener nofollow\">Retifica\u00e7\u00e3o n\u00ba 2<\/a><\/strong><\/li><\/ul>\n\n\n\n<p>Vale ressaltar que, em primeira retifica\u00e7\u00e3o, j\u00e1 se havia <a href=\"https:\/\/www.estrategiaconcursos.com.br\/blog\/concurso-sao-joao-del-rei-data-de-inscricao\/\" target=\"_blank\" rel=\"noreferrer noopener\">reajustado o fim do per\u00edodo das inscri\u00e7\u00f5es<\/a> para o dia&nbsp;<strong>24 de setembro<\/strong>. Para garantir a candidatura ficou necess\u00e1rio se inscrever pelo site do&nbsp;<strong><a href=\"https:\/\/www.ibgpconcursos.com.br\/concursos\/DetalheConcurso.aspx?id=204\" target=\"_blank\" rel=\"noreferrer noopener\">IBGP<\/a><\/strong>, pagando a seguinte taxa:<\/p>\n\n\n\n<ul class=\"wp-block-list\" id=\"block-7f872f81-0871-4a20-ba1f-258df50ba68d\"><li>N\u00edvel Fundamental:&nbsp;<strong>R$ 42,00<\/strong><\/li><li>N\u00edvel M\u00e9dio\/T\u00e9cnico:&nbsp;<strong>R$ 46,60<\/strong><\/li><li>N\u00edvel Superior:&nbsp;<strong>R$ 62,00<\/strong><\/li><\/ul>\n\n\n\n<p>Outras datas como prazo de pedido de isen\u00e7\u00e3o da taxa de inscri\u00e7\u00e3o tamb\u00e9m foram adiadas. Apesar disso, as dias de aplica\u00e7\u00e3o das provas segue&nbsp;<strong>inalterado<\/strong>.<\/p>\n\n\n\n<h2 class=\"wp-block-heading\" id=\"h-concurso-prefeitura-s-o-jo-o-del-rei-mais-informa-es\"><span style=\"font-size: revert; color: initial;\">Concurso Prefeitura S\u00e3o Jo\u00e3o del Rei | Mais informa\u00e7\u00f5es<\/span> <\/h2>\n\n\n\n<p>O certame oferece&nbsp;<strong>328&nbsp;vagas<\/strong>&nbsp;imediatas, distribu\u00eddas entre cargos de n\u00edveis fundamental, m\u00e9dio\/t\u00e9cnico e superior, cuja remunera\u00e7\u00e3o inicial mensal varia at\u00e9 <strong><em>R$ 9 826,00<\/em><\/strong> (M\u00e9dico ESF). <\/p>\n\n\n\n<p>A sele\u00e7\u00e3o da Prefeitura contar\u00e1 com Provas Objetivas, Prova de T\u00edtulos, para os cargos de n\u00edvel superior e Prova Pr\u00e1tica para alguns cargos espec\u00edficos.<\/p>\n\n\n\n<p class=\"has-text-align-center\"><em>Para ficar por dentro de todos os demais detalhes acerca do c<span style=\"font-size: revert; color: initial;\">oncurso S\u00e3o Jo\u00e3o del Rei<\/span> (edital, retifica\u00e7\u00e3o e atualiza\u00e7\u00f5es fresquinhas), confira um artigo completo, de f\u00e1cil compreens\u00e3o, que elaboramos EXCLUSIVAMENTE para voc\u00ea!<\/em><\/p>\n\n\n\n<h2 class=\"has-text-align-center has-black-color has-cyan-bluish-gray-background-color has-text-color has-background wp-block-heading\"><strong>Leia tamb\u00e9m: <a href=\"https:\/\/www.estrategiaconcursos.com.br\/blog\/concurso-sao-joao-del-rei\/\" target=\"_blank\" rel=\"noreferrer noopener\">Concurso S\u00e3o Jo\u00e3o del Rei<\/a><\/strong><\/h2>\n\n\n\n<div class=\"wp-block-image\"><figure class=\"aligncenter size-full is-resized\"><img loading=\"lazy\" decoding=\"async\" src=\"https:\/\/dhg1h5j42swfq.cloudfront.net\/2020\/12\/11172928\/logo_estrategia_concursos.png\" alt=\"\" class=\"wp-image-629128\" width=\"50\" height=\"99\" srcset=\"https:\/\/dhg1h5j42swfq.cloudfront.net\/2020\/12\/11172928\/logo_estrategia_concursos.png 200w, https:\/\/dhg1h5j42swfq.cloudfront.net\/2020\/12\/11172928\/logo_estrategia_concursos-151x300.png 151w\" sizes=\"auto, (max-width: 50px) 100vw, 50px\" \/><\/figure><\/div>\n\n\n\n<h2 class=\"has-text-align-center wp-block-heading\">Cursos e Assinaturas:<\/h2>\n\n\n\n<div class=\"container\" id=\"boxes\">\n  <div class=\"row\">\n\n    <div class=\"col-sm\">\n      <div class=\"banner-adm\" id=\"box-assinatura\">\n        <h3 class=\"titulo-assinatura\">Concurso Prefeitura S\u00e3o Jo\u00e3o del Rei<\/h3>\n        <p class=\"subtitulo-assinatura\">Estude conosco<\/p>\n        <div class=\"box-botao\">\n          <a class=\"btn-assinatura\" target=\"_blank\" href=\"https:\/\/www.estrategiaconcursos.com.br\/cursosPorConcurso\/prefeitura-municipal-de-sao-joao-del-rei-mg\/\" role=\"button\" rel=\"noopener noreferrer\">Conhe\u00e7a os cursos<\/a>\n        <\/div>\n      <\/div>\n      \n    <\/div>\n\n  <\/div>\n<\/div>\n\n\n\n<div class=\"container\" id=\"boxes\">\n  <div class=\"row\">\n\n    <div class=\"col-sm\">\n      <div class=\"estrategia\" id=\"box-assinatura\">\n        <h3 class=\"titulo-assinatura\">Assinatura Concursos<\/h3>\n        <p class=\"subtitulo-assinatura\">Assinatura de 1 ano ou 2 anos<\/p>\n        <div class=\"box-botao\">\n          <a class=\"btn-assinatura\" target=\"_blank\" href=\"https:\/\/www.estrategiaconcursos.com.br\/assinaturas\/\" role=\"button\" rel=\"noopener noreferrer\">ASSINE AGORA<\/a>\n        <\/div>\n      <\/div><\/div><\/div><\/div>\n\n\n\n<div class=\"container\" id=\"boxes\">\n  <div class=\"row\">\n\n    <div class=\"col-sm\" id=\"boxes-concursos\">\n      <div style=\"background-color: #005DAD;\" class=\"conteudo-concursos\" id=\"box-concursos\">\n        <h3 class=\"titulo-assinatura\">Concursos Abertos<\/h3>\n        <p class=\"subtitulo-assinatura\">Confira os editais publicados<\/p>\n        <div class=\"box-botao\">\n          <a class=\"btn-assinatura\" target=\"_blank\" href=\"https:\/\/www.estrategiaconcursos.com.br\/blog\/concursos-abertos\/\" role=\"button\" rel=\"noopener noreferrer\">Conhe\u00e7a Agora<\/a>\n        <\/div>\n      <\/div>\n    <\/div>\n\n    <div class=\"col-sm\" id=\"boxes-concursos\">\n      <div style=\"background-color: #1A7ED5;\" class=\"conteudo-concursos\" id=\"box-concursos\">\n        <h3 class=\"titulo-assinatura\">Concursos 2021<\/h3>\n        <p class=\"subtitulo-assinatura\">As oportunidades previstas<\/p>\n        <div class=\"box-botao\">\n          <a class=\"btn-assinatura\" target=\"_blank\" href=\"https:\/\/www.estrategiaconcursos.com.br\/blog\/concursos-2021\/\" role=\"button\" rel=\"noopener noreferrer\">Conhe\u00e7a Agora<\/a>\n        <\/div>\n      <\/div>\n    <\/div>\n\n    <div class=\"col-sm\" id=\"boxes-concursos\">\n      <div style=\"background-color: #419FF0;\" class=\"conteudo-concursos\" id=\"box-concursos\">\n        <h3 class=\"titulo-assinatura\">Concursos 2022<\/h3>\n        <p class=\"subtitulo-assinatura\">Vagas para o pr\u00f3ximo ano<\/p>\n        <div class=\"box-botao\">\n          <a class=\"btn-assinatura\" target=\"_blank\" href=\"https:\/\/www.estrategiaconcursos.com.br\/blog\/concursos-2022\/\" role=\"button\" rel=\"noopener noreferrer\">Conhe\u00e7a Agora<\/a>\n        <\/div>\n      <\/div>\n    <\/div>\n\n  <\/div>\n<\/div>\n","protected":false},"excerpt":{"rendered":"<p>Ap\u00f3s pouco mais de 2 meses de sua publica\u00e7\u00e3o, o edital do Concurso Prefeitura de S\u00e3o Jo\u00e3o del Rei sofre sua segunda retifica\u00e7\u00e3o. Desta vez, o n\u00famero de vagas foi reduzido de 346 vagas para 328 vagas, 18 oportunidades a menos. Nesse sentido, diversos cargos tiveram seus pormenores (atribui\u00e7\u00f5es, n\u00famero de vagas, disciplinas cobradas&#8230;) modificados. [&hellip;]<\/p>\n","protected":false},"author":2099,"featured_media":779926,"comment_status":"open","ping_status":"closed","sticky":false,"template":"","format":"standard","meta":{"post_tipo":"news","footnotes":""},"categories":[214992,220219],"tags":[],"tax_estado":[219974],"class_list":["post-851401","post","type-post","status-publish","format-standard","has-post-thumbnail","hentry","category-concursos-administrativos","category-noticias","tax_estado-mg"],"acf":[],"yoast_head":"<!-- This site is optimized with the Yoast SEO Premium plugin v27.2 (Yoast SEO v27.2) - https:\/\/yoast.com\/product\/yoast-seo-premium-wordpress\/ -->\n<title>Concurso S\u00e3o Jo\u00e3o del Rei: edital sofre segunda retifica\u00e7\u00e3o<\/title>\n<meta name=\"description\" content=\"Ap\u00f3s pouco mais de 2 meses de sua publica\u00e7\u00e3o, o edital de abertura do Concurso S\u00e3o Jo\u00e3o del Rei (MG) sofre sua segunda retifica\u00e7\u00e3o. Entenda!\" \/>\n<meta name=\"robots\" content=\"index, follow, max-snippet:-1, max-image-preview:large, max-video-preview:-1\" \/>\n<link rel=\"canonical\" href=\"https:\/\/www.estrategiaconcursos.com.br\/blog\/concurso-sao-joao-del-rei-edital-sofre-segunda-retificacao\/\" \/>\n<meta property=\"og:locale\" content=\"pt_BR\" \/>\n<meta property=\"og:type\" content=\"article\" \/>\n<meta property=\"og:title\" content=\"Concurso S\u00e3o Jo\u00e3o del Rei: edital sofre segunda retifica\u00e7\u00e3o\" \/>\n<meta property=\"og:description\" content=\"Ap\u00f3s pouco mais de 2 meses de sua publica\u00e7\u00e3o, o edital de abertura do Concurso S\u00e3o Jo\u00e3o del Rei (MG) sofre sua segunda retifica\u00e7\u00e3o. Entenda!\" \/>\n<meta property=\"og:url\" content=\"https:\/\/www.estrategiaconcursos.com.br\/blog\/concurso-sao-joao-del-rei-edital-sofre-segunda-retificacao\/\" \/>\n<meta property=\"og:site_name\" content=\"Estrat\u00e9gia Concursos\" \/>\n<meta property=\"article:published_time\" content=\"2021-09-01T19:49:54+00:00\" \/>\n<meta property=\"article:modified_time\" content=\"2021-09-01T21:06:33+00:00\" \/>\n<meta property=\"og:image\" content=\"https:\/\/dhg1h5j42swfq.cloudfront.net\/2021\/06\/29082442\/prefeitura_de_sao_joao_del_rei.jpg\" \/>\n\t<meta property=\"og:image:width\" content=\"768\" \/>\n\t<meta property=\"og:image:height\" content=\"432\" \/>\n\t<meta property=\"og:image:type\" content=\"image\/jpeg\" \/>\n<meta name=\"author\" content=\"Elo\u00edsa da Rosa Ferro\" \/>\n<meta name=\"twitter:card\" content=\"summary_large_image\" \/>\n<meta name=\"twitter:creator\" content=\"@EstratConcursos\" \/>\n<meta name=\"twitter:site\" content=\"@EstratConcursos\" \/>\n<meta name=\"twitter:label1\" content=\"Escrito por\" \/>\n\t<meta name=\"twitter:data1\" content=\"Elo\u00edsa da Rosa Ferro\" \/>\n\t<meta name=\"twitter:label2\" content=\"Est. tempo de leitura\" \/>\n\t<meta name=\"twitter:data2\" content=\"2 minutos\" \/>\n<script type=\"application\/ld+json\" class=\"yoast-schema-graph\">{\"@context\":\"https:\/\/schema.org\",\"@graph\":[{\"@type\":\"NewsArticle\",\"@id\":\"https:\/\/www.estrategiaconcursos.com.br\/blog\/concurso-sao-joao-del-rei-edital-sofre-segunda-retificacao\/#article\",\"isPartOf\":{\"@id\":\"https:\/\/www.estrategiaconcursos.com.br\/blog\/concurso-sao-joao-del-rei-edital-sofre-segunda-retificacao\/\"},\"author\":{\"name\":\"Elo\u00edsa da Rosa Ferro\",\"@id\":\"https:\/\/www.estrategiaconcursos.com.br\/blog\/#\/schema\/person\/57d9394bb68400dbec62ff8a943ab201\"},\"headline\":\"Concurso S\u00e3o Jo\u00e3o del Rei: edital sofre segunda retifica\u00e7\u00e3o\",\"datePublished\":\"2021-09-01T19:49:54+00:00\",\"dateModified\":\"2021-09-01T21:06:33+00:00\",\"mainEntityOfPage\":{\"@id\":\"https:\/\/www.estrategiaconcursos.com.br\/blog\/concurso-sao-joao-del-rei-edital-sofre-segunda-retificacao\/\"},\"wordCount\":370,\"commentCount\":0,\"publisher\":{\"@id\":\"https:\/\/www.estrategiaconcursos.com.br\/blog\/#organization\"},\"image\":{\"@id\":\"https:\/\/www.estrategiaconcursos.com.br\/blog\/concurso-sao-joao-del-rei-edital-sofre-segunda-retificacao\/#primaryimage\"},\"thumbnailUrl\":\"https:\/\/dhg1h5j42swfq.cloudfront.net\/2021\/06\/29082442\/prefeitura_de_sao_joao_del_rei.jpg\",\"articleSection\":[\"Executivo (Administrativa)\",\"\u00daltimas not\u00edcias\"],\"inLanguage\":\"pt-BR\",\"potentialAction\":[{\"@type\":\"CommentAction\",\"name\":\"Comment\",\"target\":[\"https:\/\/www.estrategiaconcursos.com.br\/blog\/concurso-sao-joao-del-rei-edital-sofre-segunda-retificacao\/#respond\"]}],\"copyrightYear\":\"2021\",\"copyrightHolder\":{\"@id\":\"https:\/\/www.estrategiaconcursos.com.br\/blog\/#organization\"}},{\"@type\":\"WebPage\",\"@id\":\"https:\/\/www.estrategiaconcursos.com.br\/blog\/concurso-sao-joao-del-rei-edital-sofre-segunda-retificacao\/\",\"url\":\"https:\/\/www.estrategiaconcursos.com.br\/blog\/concurso-sao-joao-del-rei-edital-sofre-segunda-retificacao\/\",\"name\":\"Concurso S\u00e3o Jo\u00e3o del Rei: edital sofre segunda retifica\u00e7\u00e3o\",\"isPartOf\":{\"@id\":\"https:\/\/www.estrategiaconcursos.com.br\/blog\/#website\"},\"primaryImageOfPage\":{\"@id\":\"https:\/\/www.estrategiaconcursos.com.br\/blog\/concurso-sao-joao-del-rei-edital-sofre-segunda-retificacao\/#primaryimage\"},\"image\":{\"@id\":\"https:\/\/www.estrategiaconcursos.com.br\/blog\/concurso-sao-joao-del-rei-edital-sofre-segunda-retificacao\/#primaryimage\"},\"thumbnailUrl\":\"https:\/\/dhg1h5j42swfq.cloudfront.net\/2021\/06\/29082442\/prefeitura_de_sao_joao_del_rei.jpg\",\"datePublished\":\"2021-09-01T19:49:54+00:00\",\"dateModified\":\"2021-09-01T21:06:33+00:00\",\"description\":\"Ap\u00f3s pouco mais de 2 meses de sua publica\u00e7\u00e3o, o edital de abertura do Concurso S\u00e3o Jo\u00e3o del Rei (MG) sofre sua segunda retifica\u00e7\u00e3o. Entenda!\",\"breadcrumb\":{\"@id\":\"https:\/\/www.estrategiaconcursos.com.br\/blog\/concurso-sao-joao-del-rei-edital-sofre-segunda-retificacao\/#breadcrumb\"},\"inLanguage\":\"pt-BR\",\"potentialAction\":[{\"@type\":\"ReadAction\",\"target\":[\"https:\/\/www.estrategiaconcursos.com.br\/blog\/concurso-sao-joao-del-rei-edital-sofre-segunda-retificacao\/\"]}]},{\"@type\":\"ImageObject\",\"inLanguage\":\"pt-BR\",\"@id\":\"https:\/\/www.estrategiaconcursos.com.br\/blog\/concurso-sao-joao-del-rei-edital-sofre-segunda-retificacao\/#primaryimage\",\"url\":\"https:\/\/dhg1h5j42swfq.cloudfront.net\/2021\/06\/29082442\/prefeitura_de_sao_joao_del_rei.jpg\",\"contentUrl\":\"https:\/\/dhg1h5j42swfq.cloudfront.net\/2021\/06\/29082442\/prefeitura_de_sao_joao_del_rei.jpg\",\"width\":768,\"height\":432,\"caption\":\"concurso del rei retifica\u00e7\u00e3o\"},{\"@type\":\"BreadcrumbList\",\"@id\":\"https:\/\/www.estrategiaconcursos.com.br\/blog\/concurso-sao-joao-del-rei-edital-sofre-segunda-retificacao\/#breadcrumb\",\"itemListElement\":[{\"@type\":\"ListItem\",\"position\":1,\"name\":\"In\u00edcio\",\"item\":\"https:\/\/www.estrategiaconcursos.com.br\/blog\/\"},{\"@type\":\"ListItem\",\"position\":2,\"name\":\"Concurso S\u00e3o Jo\u00e3o del Rei: edital sofre segunda retifica\u00e7\u00e3o\"}]},{\"@type\":\"WebSite\",\"@id\":\"https:\/\/www.estrategiaconcursos.com.br\/blog\/#website\",\"url\":\"https:\/\/www.estrategiaconcursos.com.br\/blog\/\",\"name\":\"Estrat\u00e9gia Concursos\",\"description\":\"O blog da Estrat\u00e9gia Concursos traz not\u00edcias sobre concursos e artigos de professores oferecendo cursos para concursos (pdf + videaulas) no site.\",\"publisher\":{\"@id\":\"https:\/\/www.estrategiaconcursos.com.br\/blog\/#organization\"},\"potentialAction\":[{\"@type\":\"SearchAction\",\"target\":{\"@type\":\"EntryPoint\",\"urlTemplate\":\"https:\/\/www.estrategiaconcursos.com.br\/blog\/?s={search_term_string}\"},\"query-input\":{\"@type\":\"PropertyValueSpecification\",\"valueRequired\":true,\"valueName\":\"search_term_string\"}}],\"inLanguage\":\"pt-BR\"},{\"@type\":\"Organization\",\"@id\":\"https:\/\/www.estrategiaconcursos.com.br\/blog\/#organization\",\"name\":\"Estrat\u00e9gia Concursos\",\"url\":\"https:\/\/www.estrategiaconcursos.com.br\/blog\/\",\"logo\":{\"@type\":\"ImageObject\",\"inLanguage\":\"pt-BR\",\"@id\":\"https:\/\/www.estrategiaconcursos.com.br\/blog\/#\/schema\/logo\/image\/\",\"url\":\"https:\/\/dhg1h5j42swfq.cloudfront.net\/2025\/06\/03203428\/logo_concursos-1.jpg\",\"contentUrl\":\"https:\/\/dhg1h5j42swfq.cloudfront.net\/2025\/06\/03203428\/logo_concursos-1.jpg\",\"width\":230,\"height\":60,\"caption\":\"Estrat\u00e9gia Concursos\"},\"image\":{\"@id\":\"https:\/\/www.estrategiaconcursos.com.br\/blog\/#\/schema\/logo\/image\/\"},\"sameAs\":[\"https:\/\/x.com\/EstratConcursos\"]},{\"@type\":\"Person\",\"@id\":\"https:\/\/www.estrategiaconcursos.com.br\/blog\/#\/schema\/person\/57d9394bb68400dbec62ff8a943ab201\",\"name\":\"Elo\u00edsa da Rosa Ferro\",\"image\":{\"@type\":\"ImageObject\",\"inLanguage\":\"pt-BR\",\"@id\":\"https:\/\/secure.gravatar.com\/avatar\/?s=96&d=mm&r=g\",\"url\":\"https:\/\/secure.gravatar.com\/avatar\/?s=96&d=mm&r=g\",\"contentUrl\":\"https:\/\/secure.gravatar.com\/avatar\/?s=96&d=mm&r=g\",\"caption\":\"Elo\u00edsa da Rosa Ferro\"},\"url\":\"https:\/\/www.estrategiaconcursos.com.br\/blog\/author\/eloisa-ferro\/\"}]}<\/script>\n<!-- \/ Yoast SEO Premium plugin. -->","yoast_head_json":{"title":"Concurso S\u00e3o Jo\u00e3o del Rei: edital sofre segunda retifica\u00e7\u00e3o","description":"Ap\u00f3s pouco mais de 2 meses de sua publica\u00e7\u00e3o, o edital de abertura do Concurso S\u00e3o Jo\u00e3o del Rei (MG) sofre sua segunda retifica\u00e7\u00e3o. Entenda!","robots":{"index":"index","follow":"follow","max-snippet":"max-snippet:-1","max-image-preview":"max-image-preview:large","max-video-preview":"max-video-preview:-1"},"canonical":"https:\/\/www.estrategiaconcursos.com.br\/blog\/concurso-sao-joao-del-rei-edital-sofre-segunda-retificacao\/","og_locale":"pt_BR","og_type":"article","og_title":"Concurso S\u00e3o Jo\u00e3o del Rei: edital sofre segunda retifica\u00e7\u00e3o","og_description":"Ap\u00f3s pouco mais de 2 meses de sua publica\u00e7\u00e3o, o edital de abertura do Concurso S\u00e3o Jo\u00e3o del Rei (MG) sofre sua segunda retifica\u00e7\u00e3o. Entenda!","og_url":"https:\/\/www.estrategiaconcursos.com.br\/blog\/concurso-sao-joao-del-rei-edital-sofre-segunda-retificacao\/","og_site_name":"Estrat\u00e9gia Concursos","article_published_time":"2021-09-01T19:49:54+00:00","article_modified_time":"2021-09-01T21:06:33+00:00","og_image":[{"width":768,"height":432,"url":"https:\/\/dhg1h5j42swfq.cloudfront.net\/2021\/06\/29082442\/prefeitura_de_sao_joao_del_rei.jpg","type":"image\/jpeg"}],"author":"Elo\u00edsa da Rosa Ferro","twitter_card":"summary_large_image","twitter_creator":"@EstratConcursos","twitter_site":"@EstratConcursos","twitter_misc":{"Escrito por":"Elo\u00edsa da Rosa Ferro","Est. tempo de leitura":"2 minutos"},"schema":{"@context":"https:\/\/schema.org","@graph":[{"@type":"NewsArticle","@id":"https:\/\/www.estrategiaconcursos.com.br\/blog\/concurso-sao-joao-del-rei-edital-sofre-segunda-retificacao\/#article","isPartOf":{"@id":"https:\/\/www.estrategiaconcursos.com.br\/blog\/concurso-sao-joao-del-rei-edital-sofre-segunda-retificacao\/"},"author":{"name":"Elo\u00edsa da Rosa Ferro","@id":"https:\/\/www.estrategiaconcursos.com.br\/blog\/#\/schema\/person\/57d9394bb68400dbec62ff8a943ab201"},"headline":"Concurso S\u00e3o Jo\u00e3o del Rei: edital sofre segunda retifica\u00e7\u00e3o","datePublished":"2021-09-01T19:49:54+00:00","dateModified":"2021-09-01T21:06:33+00:00","mainEntityOfPage":{"@id":"https:\/\/www.estrategiaconcursos.com.br\/blog\/concurso-sao-joao-del-rei-edital-sofre-segunda-retificacao\/"},"wordCount":370,"commentCount":0,"publisher":{"@id":"https:\/\/www.estrategiaconcursos.com.br\/blog\/#organization"},"image":{"@id":"https:\/\/www.estrategiaconcursos.com.br\/blog\/concurso-sao-joao-del-rei-edital-sofre-segunda-retificacao\/#primaryimage"},"thumbnailUrl":"https:\/\/dhg1h5j42swfq.cloudfront.net\/2021\/06\/29082442\/prefeitura_de_sao_joao_del_rei.jpg","articleSection":["Executivo (Administrativa)","\u00daltimas not\u00edcias"],"inLanguage":"pt-BR","potentialAction":[{"@type":"CommentAction","name":"Comment","target":["https:\/\/www.estrategiaconcursos.com.br\/blog\/concurso-sao-joao-del-rei-edital-sofre-segunda-retificacao\/#respond"]}],"copyrightYear":"2021","copyrightHolder":{"@id":"https:\/\/www.estrategiaconcursos.com.br\/blog\/#organization"}},{"@type":"WebPage","@id":"https:\/\/www.estrategiaconcursos.com.br\/blog\/concurso-sao-joao-del-rei-edital-sofre-segunda-retificacao\/","url":"https:\/\/www.estrategiaconcursos.com.br\/blog\/concurso-sao-joao-del-rei-edital-sofre-segunda-retificacao\/","name":"Concurso S\u00e3o Jo\u00e3o del Rei: edital sofre segunda retifica\u00e7\u00e3o","isPartOf":{"@id":"https:\/\/www.estrategiaconcursos.com.br\/blog\/#website"},"primaryImageOfPage":{"@id":"https:\/\/www.estrategiaconcursos.com.br\/blog\/concurso-sao-joao-del-rei-edital-sofre-segunda-retificacao\/#primaryimage"},"image":{"@id":"https:\/\/www.estrategiaconcursos.com.br\/blog\/concurso-sao-joao-del-rei-edital-sofre-segunda-retificacao\/#primaryimage"},"thumbnailUrl":"https:\/\/dhg1h5j42swfq.cloudfront.net\/2021\/06\/29082442\/prefeitura_de_sao_joao_del_rei.jpg","datePublished":"2021-09-01T19:49:54+00:00","dateModified":"2021-09-01T21:06:33+00:00","description":"Ap\u00f3s pouco mais de 2 meses de sua publica\u00e7\u00e3o, o edital de abertura do Concurso S\u00e3o Jo\u00e3o del Rei (MG) sofre sua segunda retifica\u00e7\u00e3o. Entenda!","breadcrumb":{"@id":"https:\/\/www.estrategiaconcursos.com.br\/blog\/concurso-sao-joao-del-rei-edital-sofre-segunda-retificacao\/#breadcrumb"},"inLanguage":"pt-BR","potentialAction":[{"@type":"ReadAction","target":["https:\/\/www.estrategiaconcursos.com.br\/blog\/concurso-sao-joao-del-rei-edital-sofre-segunda-retificacao\/"]}]},{"@type":"ImageObject","inLanguage":"pt-BR","@id":"https:\/\/www.estrategiaconcursos.com.br\/blog\/concurso-sao-joao-del-rei-edital-sofre-segunda-retificacao\/#primaryimage","url":"https:\/\/dhg1h5j42swfq.cloudfront.net\/2021\/06\/29082442\/prefeitura_de_sao_joao_del_rei.jpg","contentUrl":"https:\/\/dhg1h5j42swfq.cloudfront.net\/2021\/06\/29082442\/prefeitura_de_sao_joao_del_rei.jpg","width":768,"height":432,"caption":"concurso del rei retifica\u00e7\u00e3o"},{"@type":"BreadcrumbList","@id":"https:\/\/www.estrategiaconcursos.com.br\/blog\/concurso-sao-joao-del-rei-edital-sofre-segunda-retificacao\/#breadcrumb","itemListElement":[{"@type":"ListItem","position":1,"name":"In\u00edcio","item":"https:\/\/www.estrategiaconcursos.com.br\/blog\/"},{"@type":"ListItem","position":2,"name":"Concurso S\u00e3o Jo\u00e3o del Rei: edital sofre segunda retifica\u00e7\u00e3o"}]},{"@type":"WebSite","@id":"https:\/\/www.estrategiaconcursos.com.br\/blog\/#website","url":"https:\/\/www.estrategiaconcursos.com.br\/blog\/","name":"Estrat\u00e9gia Concursos","description":"O blog da Estrat\u00e9gia Concursos traz not\u00edcias sobre concursos e artigos de professores oferecendo cursos para concursos (pdf + videaulas) no site.","publisher":{"@id":"https:\/\/www.estrategiaconcursos.com.br\/blog\/#organization"},"potentialAction":[{"@type":"SearchAction","target":{"@type":"EntryPoint","urlTemplate":"https:\/\/www.estrategiaconcursos.com.br\/blog\/?s={search_term_string}"},"query-input":{"@type":"PropertyValueSpecification","valueRequired":true,"valueName":"search_term_string"}}],"inLanguage":"pt-BR"},{"@type":"Organization","@id":"https:\/\/www.estrategiaconcursos.com.br\/blog\/#organization","name":"Estrat\u00e9gia Concursos","url":"https:\/\/www.estrategiaconcursos.com.br\/blog\/","logo":{"@type":"ImageObject","inLanguage":"pt-BR","@id":"https:\/\/www.estrategiaconcursos.com.br\/blog\/#\/schema\/logo\/image\/","url":"https:\/\/dhg1h5j42swfq.cloudfront.net\/2025\/06\/03203428\/logo_concursos-1.jpg","contentUrl":"https:\/\/dhg1h5j42swfq.cloudfront.net\/2025\/06\/03203428\/logo_concursos-1.jpg","width":230,"height":60,"caption":"Estrat\u00e9gia Concursos"},"image":{"@id":"https:\/\/www.estrategiaconcursos.com.br\/blog\/#\/schema\/logo\/image\/"},"sameAs":["https:\/\/x.com\/EstratConcursos"]},{"@type":"Person","@id":"https:\/\/www.estrategiaconcursos.com.br\/blog\/#\/schema\/person\/57d9394bb68400dbec62ff8a943ab201","name":"Elo\u00edsa da Rosa Ferro","image":{"@type":"ImageObject","inLanguage":"pt-BR","@id":"https:\/\/secure.gravatar.com\/avatar\/?s=96&d=mm&r=g","url":"https:\/\/secure.gravatar.com\/avatar\/?s=96&d=mm&r=g","contentUrl":"https:\/\/secure.gravatar.com\/avatar\/?s=96&d=mm&r=g","caption":"Elo\u00edsa da Rosa Ferro"},"url":"https:\/\/www.estrategiaconcursos.com.br\/blog\/author\/eloisa-ferro\/"}]}},"_links":{"self":[{"href":"https:\/\/www.estrategiaconcursos.com.br\/blog\/wp-json\/wp\/v2\/posts\/851401","targetHints":{"allow":["GET"]}}],"collection":[{"href":"https:\/\/www.estrategiaconcursos.com.br\/blog\/wp-json\/wp\/v2\/posts"}],"about":[{"href":"https:\/\/www.estrategiaconcursos.com.br\/blog\/wp-json\/wp\/v2\/types\/post"}],"author":[{"embeddable":true,"href":"https:\/\/www.estrategiaconcursos.com.br\/blog\/wp-json\/wp\/v2\/users\/2099"}],"replies":[{"embeddable":true,"href":"https:\/\/www.estrategiaconcursos.com.br\/blog\/wp-json\/wp\/v2\/comments?post=851401"}],"version-history":[{"count":7,"href":"https:\/\/www.estrategiaconcursos.com.br\/blog\/wp-json\/wp\/v2\/posts\/851401\/revisions"}],"predecessor-version":[{"id":851657,"href":"https:\/\/www.estrategiaconcursos.com.br\/blog\/wp-json\/wp\/v2\/posts\/851401\/revisions\/851657"}],"wp:featuredmedia":[{"embeddable":true,"href":"https:\/\/www.estrategiaconcursos.com.br\/blog\/wp-json\/wp\/v2\/media\/779926"}],"wp:attachment":[{"href":"https:\/\/www.estrategiaconcursos.com.br\/blog\/wp-json\/wp\/v2\/media?parent=851401"}],"wp:term":[{"taxonomy":"category","embeddable":true,"href":"https:\/\/www.estrategiaconcursos.com.br\/blog\/wp-json\/wp\/v2\/categories?post=851401"},{"taxonomy":"post_tag","embeddable":true,"href":"https:\/\/www.estrategiaconcursos.com.br\/blog\/wp-json\/wp\/v2\/tags?post=851401"},{"taxonomy":"tax_estado","embeddable":true,"href":"https:\/\/www.estrategiaconcursos.com.br\/blog\/wp-json\/wp\/v2\/tax_estado?post=851401"}],"curies":[{"name":"wp","href":"https:\/\/api.w.org\/{rel}","templated":true}]}}