{"id":851293,"date":"2021-09-01T15:49:01","date_gmt":"2021-09-01T18:49:01","guid":{"rendered":"https:\/\/www.estrategiaconcursos.com.br\/blog\/?p=851293"},"modified":"2021-09-01T17:53:21","modified_gmt":"2021-09-01T20:53:21","slug":"concurso-sefaz-al-relacao-provisoria-inscricoes-pcd","status":"publish","type":"post","link":"https:\/\/www.estrategiaconcursos.com.br\/blog\/concurso-sefaz-al-relacao-provisoria-inscricoes-pcd\/","title":{"rendered":"Concurso SEFAZ AL: Rela\u00e7\u00e3o provis\u00f3ria inscri\u00e7\u00f5es PcD"},"content":{"rendered":"\n<p>Nessa ter\u00e7a-feira (31), foi divulgada a <a href=\"https:\/\/dhg1h5j42swfq.cloudfront.net\/2021\/09\/01154140\/sefaz_al_21_rel_prov_pcd.pdf\" target=\"_blank\" rel=\"noreferrer noopener nofollow\">rela\u00e7\u00e3o provis\u00f3ria<\/a> dos candidatos com a inscri\u00e7\u00e3o deferida para concorrer na condi\u00e7\u00e3o de pessoa com defici\u00eancia, PcD, para o concurso da SEFAZ AL. Confira abaixo a distribui\u00e7\u00e3o das candidaturas:<\/p>\n\n\n\n<figure class=\"wp-block-table is-style-stripes\"><table class=\"has-background has-fixed-layout\" style=\"background-color:#5fcccb\"><thead><tr><th class=\"has-text-align-center\" data-align=\"center\">Cargo<\/th><th class=\"has-text-align-center\" data-align=\"center\">Inscritos<\/th><th class=\"has-text-align-center\" data-align=\"center\">Vagas<\/th><th class=\"has-text-align-center\" data-align=\"center\">Concorr\u00eancia<\/th><\/tr><\/thead><tbody><tr><td class=\"has-text-align-center\" data-align=\"center\"> <a href=\"https:\/\/www.estrategiaconcursos.com.br\/curso\/sefaz-al-auditor-de-financas-de-controle-pacote-completo-2021-pos-edital\/\" target=\"_blank\" rel=\"noreferrer noopener\">Auditor de Finan\u00e7as, Controle e Arrecada\u00e7\u00e3o<\/a>&nbsp;(AFCA)<\/td><td class=\"has-text-align-center\" data-align=\"center\"> 14 <\/td><td class=\"has-text-align-center\" data-align=\"center\">2<\/td><td class=\"has-text-align-center\" data-align=\"center\">7 x vaga<\/td><\/tr><tr><td class=\"has-text-align-center\" data-align=\"center\"><a href=\"https:\/\/www.estrategiaconcursos.com.br\/curso\/sefaz-al-auditor-fiscal-pacote-completo-2021-pos-edital\/\" target=\"_blank\" rel=\"noreferrer noopener\">Auditor Fiscal\u00a0da Receita Estadual\u00a0(AFRE)<\/a><\/td><td class=\"has-text-align-center\" data-align=\"center\">173<\/td><td class=\"has-text-align-center\" data-align=\"center\">5<\/td><td class=\"has-text-align-center\" data-align=\"center\">37 x vaga <\/td><\/tr><tr><td class=\"has-text-align-center\" data-align=\"center\"><strong>Total<\/strong><\/td><td class=\"has-text-align-center\" data-align=\"center\">187<\/td><td class=\"has-text-align-center\" data-align=\"center\">7<\/td><td class=\"has-text-align-center\" data-align=\"center\">27 x vaga <\/td><\/tr><\/tbody><\/table><\/figure>\n\n\n\n<p>Uma soma de <strong>187 candidatos est\u00e3o deferidos<\/strong> mediante apresenta\u00e7\u00e3o de laudo m\u00e9dico que comprove sua condi\u00e7\u00e3o de pessoa com defici\u00eancia, enquanto outros<strong> 31 candidatos permaneceram de fora<\/strong> da oportunidade.<\/p>\n\n\n\n<h3 class=\"has-text-align-center has-background wp-block-heading\" style=\"background-color:#c2e6ea\">Concurso SEFAZ AL | Recurso para PcD<\/h3>\n\n\n\n<p>O candidato com a solicita\u00e7\u00e3o indeferida para concorrer na condi\u00e7\u00e3o de pessoa com defici\u00eancia poder\u00e1, de hoje \u00e0s <strong>18h do dia 02\/09\/21<\/strong> (hor\u00e1rio oficial de Bras\u00edlia\/DF), no <a href=\"http:\/\/www.cebraspe.org.br\/concurso\/sefaz_al_21_auditor\" target=\"_blank\" rel=\"noreferrer noopener\"><strong>site do Cebraspe<\/strong><\/a>, interpor recurso contra o indeferimento por meio do Sistema Eletr\u00f4nico de Interposi\u00e7\u00e3o de Recurso. <\/p>\n\n\n\n<p>N\u00e3o ser\u00e1 aceito recurso por outras vias, fora do prazo ou em desacordo com o edital. No adendo, quanto ao recurso, n\u00e3o haver\u00e1 possibilidade de envio de documenta\u00e7\u00e3o pendente ou complementa\u00e7\u00e3o desta.<\/p>\n\n\n\n<p>Vale ressaltar que Cebraspe n\u00e3o arcar\u00e1 com preju\u00edzos advindos de ordem t\u00e9cnica dos computadores, de falhas de comunica\u00e7\u00e3o, de congestionamento das linhas de comunica\u00e7\u00e3o e de outros fatores, de responsabilidade do candidato.<\/p>\n\n\n\n<p>No que diz respeito ao conte\u00fado do recurso, o candidato dever\u00e1 ser claro, consistente e objetivo em seu pleito. Recurso inconsistente, intempestivo ou desrespeitoso ser\u00e1 preliminarmente indeferido.<\/p>\n\n\n\n<p>Por fim, a rela\u00e7\u00e3o final dos candidatos com a inscri\u00e7\u00e3o deferida para concorrer na condi\u00e7\u00e3o de pessoa com defici\u00eancia ser\u00e1 divulgada na data prov\u00e1vel de 9 de setembro.<\/p>\n\n\n\n<h3 class=\"has-text-align-center has-background wp-block-heading\" id=\"h-concurso-sefaz-al-mais-informa-es\" style=\"background-color:#c2e6ea\">Concurso SEFAZ AL | Mais informa\u00e7\u00f5es<\/h3>\n\n\n\n<p>S\u00e3o ofertadas 35 vagas imediatas para os cargos de&nbsp;<strong>Auditor de Finan\u00e7as, Controle e Arrecada\u00e7\u00e3o<\/strong>&nbsp;e&nbsp;<strong>Auditor Fiscal<\/strong>&nbsp;<strong>da Receita Estadual<\/strong>.<\/p>\n\n\n\n<p>Desse total, 10 oportunidades s\u00e3o para auditores de finan\u00e7as, controle e arrecada\u00e7\u00e3o e 25 para&nbsp;auditor fiscal. Ambos exigem n\u00edvel superior em qualquer \u00e1rea de forma\u00e7\u00e3o e possuem sal\u00e1rios iniciais de&nbsp;<strong><em>R$ 8.638,75 <\/em>e <em>R$ 9.899,81<\/em><\/strong>.<\/p>\n\n\n\n<p class=\"has-text-align-center\"><em>Para ficar por dentro de todos os detalhes acerca do concurso SEFAZ AL (edital, PcD e atualiza\u00e7\u00f5es fresquinhas), confira um artigo completo, de f\u00e1cil compreens\u00e3o, que elaboramos EXCLUSIVAMENTE para voc\u00ea!<\/em><\/p>\n\n\n\n<p class=\"has-text-align-center has-background\" style=\"background-color:#5fcccb;font-size:clamp(14.642px, 0.915rem + ((1vw - 3.2px) * 0.721), 22px);\"><strong>Leia tamb\u00e9m: <a href=\"https:\/\/www.estrategiaconcursos.com.br\/blog\/concurso-sefaz-al\/#vagas\" target=\"_blank\" rel=\"noreferrer noopener\">Concurso SEFAZ AL<\/a><\/strong><\/p>\n\n\n\n<hr class=\"wp-block-separator\"\/>\n\n\n\n<h2 class=\"has-text-align-center wp-block-heading\">Quer estudar para o concurso SEFAZ AL?<\/h2>\n\n\n\n<div class=\"container\" id=\"boxes\">\n  <div class=\"row\">\n\n    <div class=\"col-sm\">\n      <div class=\"banner-fiscal-01\" id=\"box-assinatura\">\n        <h3 class=\"titulo-assinatura\">Concurso SEFAZ AL<\/h3>\n        <p class=\"subtitulo-assinatura\">Estude conosco<\/p>\n        <div class=\"box-botao\">\n          <a class=\"btn-assinatura\" target=\"_blank\" href=\"https:\/\/www.estrategiaconcursos.com.br\/cursosPorConcurso\/sefaz-al\/\" role=\"button\" rel=\"noopener noreferrer\">Conhe\u00e7a os cursos<\/a>\n        <\/div>\n      <\/div>\n      \n    <\/div>\n\n  <\/div>\n<\/div>\n\n\n\n<div class=\"container\" id=\"boxes\">\n  <div class=\"row\">\n\n    <div class=\"col-sm\">\n      <div class=\"estrategia\" id=\"box-assinatura\">\n        <h3 class=\"titulo-assinatura\">Assinatura Concursos<\/h3>\n        <p class=\"subtitulo-assinatura\">Assinatura de 1 ano ou 2 anos<\/p>\n        <div class=\"box-botao\">\n          <a class=\"btn-assinatura\" target=\"_blank\" href=\"https:\/\/www.estrategiaconcursos.com.br\/assinaturas\/\" role=\"button\" rel=\"noopener noreferrer\">ASSINE AGORA<\/a>\n        <\/div>\n      <\/div><\/div><\/div><\/div>\n\n\n\n<div class=\"container\" id=\"boxes\">\n  <div class=\"row\">\n\n    <div class=\"col-sm\" id=\"boxes-concursos\">\n      <div style=\"background-color: #005DAD;\" class=\"conteudo-concursos\" id=\"box-concursos\">\n        <h3 class=\"titulo-assinatura\">Concursos Abertos<\/h3>\n        <p class=\"subtitulo-assinatura\">Confira os editais publicados<\/p>\n        <div class=\"box-botao\">\n          <a class=\"btn-assinatura\" target=\"_blank\" href=\"https:\/\/www.estrategiaconcursos.com.br\/blog\/concursos-abertos\/\" role=\"button\" rel=\"noopener noreferrer\">Conhe\u00e7a Agora<\/a>\n        <\/div>\n      <\/div>\n    <\/div>\n\n    <div class=\"col-sm\" id=\"boxes-concursos\">\n      <div style=\"background-color: #1A7ED5;\" class=\"conteudo-concursos\" id=\"box-concursos\">\n        <h3 class=\"titulo-assinatura\">Concursos 2021<\/h3>\n        <p class=\"subtitulo-assinatura\">As oportunidades previstas<\/p>\n        <div class=\"box-botao\">\n          <a class=\"btn-assinatura\" target=\"_blank\" href=\"https:\/\/www.estrategiaconcursos.com.br\/blog\/concursos-2021\/\" role=\"button\" rel=\"noopener noreferrer\">Conhe\u00e7a Agora<\/a>\n        <\/div>\n      <\/div>\n    <\/div>\n\n    <div class=\"col-sm\" id=\"boxes-concursos\">\n      <div style=\"background-color: #419FF0;\" class=\"conteudo-concursos\" id=\"box-concursos\">\n        <h3 class=\"titulo-assinatura\">Concursos 2022<\/h3>\n        <p class=\"subtitulo-assinatura\">Vagas para o pr\u00f3ximo ano<\/p>\n        <div class=\"box-botao\">\n          <a class=\"btn-assinatura\" target=\"_blank\" href=\"https:\/\/www.estrategiaconcursos.com.br\/blog\/concursos-2022\/\" role=\"button\" rel=\"noopener noreferrer\">Conhe\u00e7a Agora<\/a>\n        <\/div>\n      <\/div>\n    <\/div>\n\n  <\/div>\n<\/div>\n","protected":false},"excerpt":{"rendered":"<p>Nessa ter\u00e7a-feira (31), foi divulgada a rela\u00e7\u00e3o provis\u00f3ria dos candidatos com a inscri\u00e7\u00e3o deferida para concorrer na condi\u00e7\u00e3o de pessoa com defici\u00eancia, PcD, para o concurso da SEFAZ AL. Confira abaixo a distribui\u00e7\u00e3o das candidaturas: Cargo Inscritos Vagas Concorr\u00eancia Auditor de Finan\u00e7as, Controle e Arrecada\u00e7\u00e3o&nbsp;(AFCA) 14 2 7 x vaga Auditor Fiscal\u00a0da Receita Estadual\u00a0(AFRE) 173 [&hellip;]<\/p>\n","protected":false},"author":2099,"featured_media":790298,"comment_status":"open","ping_status":"closed","sticky":false,"template":"","format":"standard","meta":{"post_tipo":"news","footnotes":""},"categories":[1983,220219],"tags":[],"tax_estado":[219965],"class_list":["post-851293","post","type-post","status-publish","format-standard","has-post-thumbnail","hentry","category-fiscal-estadual","category-noticias","tax_estado-al"],"acf":[],"yoast_head":"<!-- This site is optimized with the Yoast SEO Premium plugin v27.2 (Yoast SEO v27.2) - https:\/\/yoast.com\/product\/yoast-seo-premium-wordpress\/ -->\n<title>Concurso SEFAZ AL: Rela\u00e7\u00e3o provis\u00f3ria inscri\u00e7\u00f5es PcD<\/title>\n<meta name=\"description\" content=\"Foi divulgada rela\u00e7\u00e3o provis\u00f3ria dos candidatos com inscri\u00e7\u00e3o deferida para concorrer como pessoa com defici\u00eancia, PcD, no concurso SEFAZ AL.\" \/>\n<meta name=\"robots\" content=\"index, follow, max-snippet:-1, max-image-preview:large, max-video-preview:-1\" \/>\n<link rel=\"canonical\" href=\"https:\/\/www.estrategiaconcursos.com.br\/blog\/concurso-sefaz-al-relacao-provisoria-inscricoes-pcd\/\" \/>\n<meta property=\"og:locale\" content=\"pt_BR\" \/>\n<meta property=\"og:type\" content=\"article\" \/>\n<meta property=\"og:title\" content=\"Concurso SEFAZ AL: Rela\u00e7\u00e3o provis\u00f3ria inscri\u00e7\u00f5es PcD\" \/>\n<meta property=\"og:description\" content=\"Foi divulgada rela\u00e7\u00e3o provis\u00f3ria dos candidatos com inscri\u00e7\u00e3o deferida para concorrer como pessoa com defici\u00eancia, PcD, no concurso SEFAZ AL.\" \/>\n<meta property=\"og:url\" content=\"https:\/\/www.estrategiaconcursos.com.br\/blog\/concurso-sefaz-al-relacao-provisoria-inscricoes-pcd\/\" \/>\n<meta property=\"og:site_name\" content=\"Estrat\u00e9gia Concursos\" \/>\n<meta property=\"article:published_time\" content=\"2021-09-01T18:49:01+00:00\" \/>\n<meta property=\"article:modified_time\" content=\"2021-09-01T20:53:21+00:00\" \/>\n<meta property=\"og:image\" content=\"https:\/\/dhg1h5j42swfq.cloudfront.net\/2021\/07\/08094137\/sefaz-al.jpg\" \/>\n\t<meta property=\"og:image:width\" content=\"1200\" \/>\n\t<meta property=\"og:image:height\" content=\"628\" \/>\n\t<meta property=\"og:image:type\" content=\"image\/jpeg\" \/>\n<meta name=\"author\" content=\"Elo\u00edsa da Rosa Ferro\" \/>\n<meta name=\"twitter:card\" content=\"summary_large_image\" \/>\n<meta name=\"twitter:creator\" content=\"@EstratConcursos\" \/>\n<meta name=\"twitter:site\" content=\"@EstratConcursos\" \/>\n<meta name=\"twitter:label1\" content=\"Escrito por\" \/>\n\t<meta name=\"twitter:data1\" content=\"Elo\u00edsa da Rosa Ferro\" \/>\n\t<meta name=\"twitter:label2\" content=\"Est. tempo de leitura\" \/>\n\t<meta name=\"twitter:data2\" content=\"2 minutos\" \/>\n<script type=\"application\/ld+json\" class=\"yoast-schema-graph\">{\"@context\":\"https:\/\/schema.org\",\"@graph\":[{\"@type\":\"NewsArticle\",\"@id\":\"https:\/\/www.estrategiaconcursos.com.br\/blog\/concurso-sefaz-al-relacao-provisoria-inscricoes-pcd\/#article\",\"isPartOf\":{\"@id\":\"https:\/\/www.estrategiaconcursos.com.br\/blog\/concurso-sefaz-al-relacao-provisoria-inscricoes-pcd\/\"},\"author\":{\"name\":\"Elo\u00edsa da Rosa Ferro\",\"@id\":\"https:\/\/www.estrategiaconcursos.com.br\/blog\/#\/schema\/person\/57d9394bb68400dbec62ff8a943ab201\"},\"headline\":\"Concurso SEFAZ AL: Rela\u00e7\u00e3o provis\u00f3ria inscri\u00e7\u00f5es PcD\",\"datePublished\":\"2021-09-01T18:49:01+00:00\",\"dateModified\":\"2021-09-01T20:53:21+00:00\",\"mainEntityOfPage\":{\"@id\":\"https:\/\/www.estrategiaconcursos.com.br\/blog\/concurso-sefaz-al-relacao-provisoria-inscricoes-pcd\/\"},\"wordCount\":464,\"commentCount\":0,\"publisher\":{\"@id\":\"https:\/\/www.estrategiaconcursos.com.br\/blog\/#organization\"},\"image\":{\"@id\":\"https:\/\/www.estrategiaconcursos.com.br\/blog\/concurso-sefaz-al-relacao-provisoria-inscricoes-pcd\/#primaryimage\"},\"thumbnailUrl\":\"https:\/\/dhg1h5j42swfq.cloudfront.net\/2021\/07\/08094137\/sefaz-al.jpg\",\"articleSection\":[\"Fiscal - Estadual (ICMS)\",\"\u00daltimas not\u00edcias\"],\"inLanguage\":\"pt-BR\",\"potentialAction\":[{\"@type\":\"CommentAction\",\"name\":\"Comment\",\"target\":[\"https:\/\/www.estrategiaconcursos.com.br\/blog\/concurso-sefaz-al-relacao-provisoria-inscricoes-pcd\/#respond\"]}],\"copyrightYear\":\"2021\",\"copyrightHolder\":{\"@id\":\"https:\/\/www.estrategiaconcursos.com.br\/blog\/#organization\"}},{\"@type\":\"WebPage\",\"@id\":\"https:\/\/www.estrategiaconcursos.com.br\/blog\/concurso-sefaz-al-relacao-provisoria-inscricoes-pcd\/\",\"url\":\"https:\/\/www.estrategiaconcursos.com.br\/blog\/concurso-sefaz-al-relacao-provisoria-inscricoes-pcd\/\",\"name\":\"Concurso SEFAZ AL: Rela\u00e7\u00e3o provis\u00f3ria inscri\u00e7\u00f5es PcD\",\"isPartOf\":{\"@id\":\"https:\/\/www.estrategiaconcursos.com.br\/blog\/#website\"},\"primaryImageOfPage\":{\"@id\":\"https:\/\/www.estrategiaconcursos.com.br\/blog\/concurso-sefaz-al-relacao-provisoria-inscricoes-pcd\/#primaryimage\"},\"image\":{\"@id\":\"https:\/\/www.estrategiaconcursos.com.br\/blog\/concurso-sefaz-al-relacao-provisoria-inscricoes-pcd\/#primaryimage\"},\"thumbnailUrl\":\"https:\/\/dhg1h5j42swfq.cloudfront.net\/2021\/07\/08094137\/sefaz-al.jpg\",\"datePublished\":\"2021-09-01T18:49:01+00:00\",\"dateModified\":\"2021-09-01T20:53:21+00:00\",\"description\":\"Foi divulgada rela\u00e7\u00e3o provis\u00f3ria dos candidatos com inscri\u00e7\u00e3o deferida para concorrer como pessoa com defici\u00eancia, PcD, no concurso SEFAZ AL.\",\"breadcrumb\":{\"@id\":\"https:\/\/www.estrategiaconcursos.com.br\/blog\/concurso-sefaz-al-relacao-provisoria-inscricoes-pcd\/#breadcrumb\"},\"inLanguage\":\"pt-BR\",\"potentialAction\":[{\"@type\":\"ReadAction\",\"target\":[\"https:\/\/www.estrategiaconcursos.com.br\/blog\/concurso-sefaz-al-relacao-provisoria-inscricoes-pcd\/\"]}]},{\"@type\":\"ImageObject\",\"inLanguage\":\"pt-BR\",\"@id\":\"https:\/\/www.estrategiaconcursos.com.br\/blog\/concurso-sefaz-al-relacao-provisoria-inscricoes-pcd\/#primaryimage\",\"url\":\"https:\/\/dhg1h5j42swfq.cloudfront.net\/2021\/07\/08094137\/sefaz-al.jpg\",\"contentUrl\":\"https:\/\/dhg1h5j42swfq.cloudfront.net\/2021\/07\/08094137\/sefaz-al.jpg\",\"width\":1200,\"height\":628,\"caption\":\"Concurso Sefaz AL posse\"},{\"@type\":\"BreadcrumbList\",\"@id\":\"https:\/\/www.estrategiaconcursos.com.br\/blog\/concurso-sefaz-al-relacao-provisoria-inscricoes-pcd\/#breadcrumb\",\"itemListElement\":[{\"@type\":\"ListItem\",\"position\":1,\"name\":\"In\u00edcio\",\"item\":\"https:\/\/www.estrategiaconcursos.com.br\/blog\/\"},{\"@type\":\"ListItem\",\"position\":2,\"name\":\"Concurso SEFAZ AL: Rela\u00e7\u00e3o provis\u00f3ria inscri\u00e7\u00f5es PcD\"}]},{\"@type\":\"WebSite\",\"@id\":\"https:\/\/www.estrategiaconcursos.com.br\/blog\/#website\",\"url\":\"https:\/\/www.estrategiaconcursos.com.br\/blog\/\",\"name\":\"Estrat\u00e9gia Concursos\",\"description\":\"O blog da Estrat\u00e9gia Concursos traz not\u00edcias sobre concursos e artigos de professores oferecendo cursos para concursos (pdf + videaulas) no site.\",\"publisher\":{\"@id\":\"https:\/\/www.estrategiaconcursos.com.br\/blog\/#organization\"},\"potentialAction\":[{\"@type\":\"SearchAction\",\"target\":{\"@type\":\"EntryPoint\",\"urlTemplate\":\"https:\/\/www.estrategiaconcursos.com.br\/blog\/?s={search_term_string}\"},\"query-input\":{\"@type\":\"PropertyValueSpecification\",\"valueRequired\":true,\"valueName\":\"search_term_string\"}}],\"inLanguage\":\"pt-BR\"},{\"@type\":\"Organization\",\"@id\":\"https:\/\/www.estrategiaconcursos.com.br\/blog\/#organization\",\"name\":\"Estrat\u00e9gia Concursos\",\"url\":\"https:\/\/www.estrategiaconcursos.com.br\/blog\/\",\"logo\":{\"@type\":\"ImageObject\",\"inLanguage\":\"pt-BR\",\"@id\":\"https:\/\/www.estrategiaconcursos.com.br\/blog\/#\/schema\/logo\/image\/\",\"url\":\"https:\/\/dhg1h5j42swfq.cloudfront.net\/2025\/06\/03203428\/logo_concursos-1.jpg\",\"contentUrl\":\"https:\/\/dhg1h5j42swfq.cloudfront.net\/2025\/06\/03203428\/logo_concursos-1.jpg\",\"width\":230,\"height\":60,\"caption\":\"Estrat\u00e9gia Concursos\"},\"image\":{\"@id\":\"https:\/\/www.estrategiaconcursos.com.br\/blog\/#\/schema\/logo\/image\/\"},\"sameAs\":[\"https:\/\/x.com\/EstratConcursos\"]},{\"@type\":\"Person\",\"@id\":\"https:\/\/www.estrategiaconcursos.com.br\/blog\/#\/schema\/person\/57d9394bb68400dbec62ff8a943ab201\",\"name\":\"Elo\u00edsa da Rosa Ferro\",\"image\":{\"@type\":\"ImageObject\",\"inLanguage\":\"pt-BR\",\"@id\":\"https:\/\/secure.gravatar.com\/avatar\/?s=96&d=mm&r=g\",\"url\":\"https:\/\/secure.gravatar.com\/avatar\/?s=96&d=mm&r=g\",\"contentUrl\":\"https:\/\/secure.gravatar.com\/avatar\/?s=96&d=mm&r=g\",\"caption\":\"Elo\u00edsa da Rosa Ferro\"},\"url\":\"https:\/\/www.estrategiaconcursos.com.br\/blog\/author\/eloisa-ferro\/\"}]}<\/script>\n<!-- \/ Yoast SEO Premium plugin. -->","yoast_head_json":{"title":"Concurso SEFAZ AL: Rela\u00e7\u00e3o provis\u00f3ria inscri\u00e7\u00f5es PcD","description":"Foi divulgada rela\u00e7\u00e3o provis\u00f3ria dos candidatos com inscri\u00e7\u00e3o deferida para concorrer como pessoa com defici\u00eancia, PcD, no concurso SEFAZ AL.","robots":{"index":"index","follow":"follow","max-snippet":"max-snippet:-1","max-image-preview":"max-image-preview:large","max-video-preview":"max-video-preview:-1"},"canonical":"https:\/\/www.estrategiaconcursos.com.br\/blog\/concurso-sefaz-al-relacao-provisoria-inscricoes-pcd\/","og_locale":"pt_BR","og_type":"article","og_title":"Concurso SEFAZ AL: Rela\u00e7\u00e3o provis\u00f3ria inscri\u00e7\u00f5es PcD","og_description":"Foi divulgada rela\u00e7\u00e3o provis\u00f3ria dos candidatos com inscri\u00e7\u00e3o deferida para concorrer como pessoa com defici\u00eancia, PcD, no concurso SEFAZ AL.","og_url":"https:\/\/www.estrategiaconcursos.com.br\/blog\/concurso-sefaz-al-relacao-provisoria-inscricoes-pcd\/","og_site_name":"Estrat\u00e9gia Concursos","article_published_time":"2021-09-01T18:49:01+00:00","article_modified_time":"2021-09-01T20:53:21+00:00","og_image":[{"width":1200,"height":628,"url":"https:\/\/dhg1h5j42swfq.cloudfront.net\/2021\/07\/08094137\/sefaz-al.jpg","type":"image\/jpeg"}],"author":"Elo\u00edsa da Rosa Ferro","twitter_card":"summary_large_image","twitter_creator":"@EstratConcursos","twitter_site":"@EstratConcursos","twitter_misc":{"Escrito por":"Elo\u00edsa da Rosa Ferro","Est. tempo de leitura":"2 minutos"},"schema":{"@context":"https:\/\/schema.org","@graph":[{"@type":"NewsArticle","@id":"https:\/\/www.estrategiaconcursos.com.br\/blog\/concurso-sefaz-al-relacao-provisoria-inscricoes-pcd\/#article","isPartOf":{"@id":"https:\/\/www.estrategiaconcursos.com.br\/blog\/concurso-sefaz-al-relacao-provisoria-inscricoes-pcd\/"},"author":{"name":"Elo\u00edsa da Rosa Ferro","@id":"https:\/\/www.estrategiaconcursos.com.br\/blog\/#\/schema\/person\/57d9394bb68400dbec62ff8a943ab201"},"headline":"Concurso SEFAZ AL: Rela\u00e7\u00e3o provis\u00f3ria inscri\u00e7\u00f5es PcD","datePublished":"2021-09-01T18:49:01+00:00","dateModified":"2021-09-01T20:53:21+00:00","mainEntityOfPage":{"@id":"https:\/\/www.estrategiaconcursos.com.br\/blog\/concurso-sefaz-al-relacao-provisoria-inscricoes-pcd\/"},"wordCount":464,"commentCount":0,"publisher":{"@id":"https:\/\/www.estrategiaconcursos.com.br\/blog\/#organization"},"image":{"@id":"https:\/\/www.estrategiaconcursos.com.br\/blog\/concurso-sefaz-al-relacao-provisoria-inscricoes-pcd\/#primaryimage"},"thumbnailUrl":"https:\/\/dhg1h5j42swfq.cloudfront.net\/2021\/07\/08094137\/sefaz-al.jpg","articleSection":["Fiscal - Estadual (ICMS)","\u00daltimas not\u00edcias"],"inLanguage":"pt-BR","potentialAction":[{"@type":"CommentAction","name":"Comment","target":["https:\/\/www.estrategiaconcursos.com.br\/blog\/concurso-sefaz-al-relacao-provisoria-inscricoes-pcd\/#respond"]}],"copyrightYear":"2021","copyrightHolder":{"@id":"https:\/\/www.estrategiaconcursos.com.br\/blog\/#organization"}},{"@type":"WebPage","@id":"https:\/\/www.estrategiaconcursos.com.br\/blog\/concurso-sefaz-al-relacao-provisoria-inscricoes-pcd\/","url":"https:\/\/www.estrategiaconcursos.com.br\/blog\/concurso-sefaz-al-relacao-provisoria-inscricoes-pcd\/","name":"Concurso SEFAZ AL: Rela\u00e7\u00e3o provis\u00f3ria inscri\u00e7\u00f5es PcD","isPartOf":{"@id":"https:\/\/www.estrategiaconcursos.com.br\/blog\/#website"},"primaryImageOfPage":{"@id":"https:\/\/www.estrategiaconcursos.com.br\/blog\/concurso-sefaz-al-relacao-provisoria-inscricoes-pcd\/#primaryimage"},"image":{"@id":"https:\/\/www.estrategiaconcursos.com.br\/blog\/concurso-sefaz-al-relacao-provisoria-inscricoes-pcd\/#primaryimage"},"thumbnailUrl":"https:\/\/dhg1h5j42swfq.cloudfront.net\/2021\/07\/08094137\/sefaz-al.jpg","datePublished":"2021-09-01T18:49:01+00:00","dateModified":"2021-09-01T20:53:21+00:00","description":"Foi divulgada rela\u00e7\u00e3o provis\u00f3ria dos candidatos com inscri\u00e7\u00e3o deferida para concorrer como pessoa com defici\u00eancia, PcD, no concurso SEFAZ AL.","breadcrumb":{"@id":"https:\/\/www.estrategiaconcursos.com.br\/blog\/concurso-sefaz-al-relacao-provisoria-inscricoes-pcd\/#breadcrumb"},"inLanguage":"pt-BR","potentialAction":[{"@type":"ReadAction","target":["https:\/\/www.estrategiaconcursos.com.br\/blog\/concurso-sefaz-al-relacao-provisoria-inscricoes-pcd\/"]}]},{"@type":"ImageObject","inLanguage":"pt-BR","@id":"https:\/\/www.estrategiaconcursos.com.br\/blog\/concurso-sefaz-al-relacao-provisoria-inscricoes-pcd\/#primaryimage","url":"https:\/\/dhg1h5j42swfq.cloudfront.net\/2021\/07\/08094137\/sefaz-al.jpg","contentUrl":"https:\/\/dhg1h5j42swfq.cloudfront.net\/2021\/07\/08094137\/sefaz-al.jpg","width":1200,"height":628,"caption":"Concurso Sefaz AL posse"},{"@type":"BreadcrumbList","@id":"https:\/\/www.estrategiaconcursos.com.br\/blog\/concurso-sefaz-al-relacao-provisoria-inscricoes-pcd\/#breadcrumb","itemListElement":[{"@type":"ListItem","position":1,"name":"In\u00edcio","item":"https:\/\/www.estrategiaconcursos.com.br\/blog\/"},{"@type":"ListItem","position":2,"name":"Concurso SEFAZ AL: Rela\u00e7\u00e3o provis\u00f3ria inscri\u00e7\u00f5es PcD"}]},{"@type":"WebSite","@id":"https:\/\/www.estrategiaconcursos.com.br\/blog\/#website","url":"https:\/\/www.estrategiaconcursos.com.br\/blog\/","name":"Estrat\u00e9gia Concursos","description":"O blog da Estrat\u00e9gia Concursos traz not\u00edcias sobre concursos e artigos de professores oferecendo cursos para concursos (pdf + videaulas) no site.","publisher":{"@id":"https:\/\/www.estrategiaconcursos.com.br\/blog\/#organization"},"potentialAction":[{"@type":"SearchAction","target":{"@type":"EntryPoint","urlTemplate":"https:\/\/www.estrategiaconcursos.com.br\/blog\/?s={search_term_string}"},"query-input":{"@type":"PropertyValueSpecification","valueRequired":true,"valueName":"search_term_string"}}],"inLanguage":"pt-BR"},{"@type":"Organization","@id":"https:\/\/www.estrategiaconcursos.com.br\/blog\/#organization","name":"Estrat\u00e9gia Concursos","url":"https:\/\/www.estrategiaconcursos.com.br\/blog\/","logo":{"@type":"ImageObject","inLanguage":"pt-BR","@id":"https:\/\/www.estrategiaconcursos.com.br\/blog\/#\/schema\/logo\/image\/","url":"https:\/\/dhg1h5j42swfq.cloudfront.net\/2025\/06\/03203428\/logo_concursos-1.jpg","contentUrl":"https:\/\/dhg1h5j42swfq.cloudfront.net\/2025\/06\/03203428\/logo_concursos-1.jpg","width":230,"height":60,"caption":"Estrat\u00e9gia Concursos"},"image":{"@id":"https:\/\/www.estrategiaconcursos.com.br\/blog\/#\/schema\/logo\/image\/"},"sameAs":["https:\/\/x.com\/EstratConcursos"]},{"@type":"Person","@id":"https:\/\/www.estrategiaconcursos.com.br\/blog\/#\/schema\/person\/57d9394bb68400dbec62ff8a943ab201","name":"Elo\u00edsa da Rosa Ferro","image":{"@type":"ImageObject","inLanguage":"pt-BR","@id":"https:\/\/secure.gravatar.com\/avatar\/?s=96&d=mm&r=g","url":"https:\/\/secure.gravatar.com\/avatar\/?s=96&d=mm&r=g","contentUrl":"https:\/\/secure.gravatar.com\/avatar\/?s=96&d=mm&r=g","caption":"Elo\u00edsa da Rosa Ferro"},"url":"https:\/\/www.estrategiaconcursos.com.br\/blog\/author\/eloisa-ferro\/"}]}},"_links":{"self":[{"href":"https:\/\/www.estrategiaconcursos.com.br\/blog\/wp-json\/wp\/v2\/posts\/851293","targetHints":{"allow":["GET"]}}],"collection":[{"href":"https:\/\/www.estrategiaconcursos.com.br\/blog\/wp-json\/wp\/v2\/posts"}],"about":[{"href":"https:\/\/www.estrategiaconcursos.com.br\/blog\/wp-json\/wp\/v2\/types\/post"}],"author":[{"embeddable":true,"href":"https:\/\/www.estrategiaconcursos.com.br\/blog\/wp-json\/wp\/v2\/users\/2099"}],"replies":[{"embeddable":true,"href":"https:\/\/www.estrategiaconcursos.com.br\/blog\/wp-json\/wp\/v2\/comments?post=851293"}],"version-history":[{"count":12,"href":"https:\/\/www.estrategiaconcursos.com.br\/blog\/wp-json\/wp\/v2\/posts\/851293\/revisions"}],"predecessor-version":[{"id":851629,"href":"https:\/\/www.estrategiaconcursos.com.br\/blog\/wp-json\/wp\/v2\/posts\/851293\/revisions\/851629"}],"wp:featuredmedia":[{"embeddable":true,"href":"https:\/\/www.estrategiaconcursos.com.br\/blog\/wp-json\/wp\/v2\/media\/790298"}],"wp:attachment":[{"href":"https:\/\/www.estrategiaconcursos.com.br\/blog\/wp-json\/wp\/v2\/media?parent=851293"}],"wp:term":[{"taxonomy":"category","embeddable":true,"href":"https:\/\/www.estrategiaconcursos.com.br\/blog\/wp-json\/wp\/v2\/categories?post=851293"},{"taxonomy":"post_tag","embeddable":true,"href":"https:\/\/www.estrategiaconcursos.com.br\/blog\/wp-json\/wp\/v2\/tags?post=851293"},{"taxonomy":"tax_estado","embeddable":true,"href":"https:\/\/www.estrategiaconcursos.com.br\/blog\/wp-json\/wp\/v2\/tax_estado?post=851293"}],"curies":[{"name":"wp","href":"https:\/\/api.w.org\/{rel}","templated":true}]}}