{"id":851217,"date":"2021-09-01T14:55:24","date_gmt":"2021-09-01T17:55:24","guid":{"rendered":"https:\/\/www.estrategiaconcursos.com.br\/blog\/?p=851217"},"modified":"2021-09-01T17:14:12","modified_gmt":"2021-09-01T20:14:12","slug":"concurso-ipsemg-comissao-alterada","status":"publish","type":"post","link":"https:\/\/www.estrategiaconcursos.com.br\/blog\/concurso-ipsemg-comissao-alterada\/","title":{"rendered":"Concurso IPSEMG: Comiss\u00e3o organizadora sofre altera\u00e7\u00e3o"},"content":{"rendered":"\n<p>O concurso para o <strong>Instituto de Previd\u00eancia dos Servidores do Estado de Minas Gerais<\/strong>\u00a0(IPSEMG) teve sua primeira <a href=\"https:\/\/dhg1h5j42swfq.cloudfront.net\/2021\/05\/01134522\/mg-1.png\" target=\"_blank\" rel=\"noreferrer noopener nofollow\">altera\u00e7\u00e3o<\/a> na comiss\u00e3o organizadora. <\/p>\n\n\n\n<p>Em primeira inst\u00e2ncia, vale relembrar os papeis das comiss\u00f5es em rela\u00e7\u00e3o a concursos. Tais s\u00e3o respons\u00e1veis por acompanhar e fiscalizar a execu\u00e7\u00e3o do certame. <\/p>\n\n\n\n<div class=\"wp-block-image\"><figure class=\"aligncenter is-resized\"><img loading=\"lazy\" decoding=\"async\" src=\"https:\/\/images02.brasildefato.com.br\/9691e1223be0fa431273da6575b9571c.jpeg\" alt=\"CONCURSO IPSEMG COMISS\u00c3O\" width=\"600\" height=\"360\"\/><figcaption>Fonte: edif\u00edcio da IPSEMG | Imagem de divulga\u00e7\u00e3o<\/figcaption><\/figure><\/div>\n\n\n\n<p>Ademais, ap\u00f3s a aprova\u00e7\u00e3o pela\u00a0<strong>Comiss\u00e3o<\/strong>, o edital\u00a0\u00e9\u00a0publicado no site da\u00a0<strong>organizadora<\/strong>\u00a0e no Di\u00e1rio Oficial do Estado e d\u00e1-se in\u00edcio \u00e0 execu\u00e7\u00e3o do certame.<\/p>\n\n\n\n<p>Assim sendo, \u00e9 evidente a import\u00e2ncia de acompanhar cada movimento do grupo. Dito isso, as modifica\u00e7\u00f5es foram:<\/p>\n\n\n\n<ul class=\"wp-block-list\"><li>Fica respons\u00e1vel pela Secretaria de Estado de Planejamento e Gest\u00e3o <strong>Fabiano Rodrigues Marx<\/strong>, como Diretor Central de Recrutamento e Sele\u00e7\u00e3o;<ul><li>De mesmo modo,<strong> Daniela de Oliveira Soares<\/strong> e<strong> Idaiane Gomes de Oliveira<\/strong>, passam a fazer parte da Diretoria Central de Recrutamento e Sele\u00e7\u00e3o; <\/li><\/ul><\/li><li>Fica respons\u00e1vel pelo Instituto de Previd\u00eancia dos Servidores do Estado de Minas Gerais <strong>Camila Fernanda Parrela<\/strong>, mais especificamente pelo Gabinete da Previd\u00eancia;<ul><li>De mesmo modo,<strong> Rafael Augusto Correia Lima<\/strong> e <strong>Jennifer Louise Menezes<\/strong>, passam a fazer parte da Ger\u00eancia de Recursos Humanos;<\/li><\/ul><\/li><li>Ficam respons\u00e1veis como suplentes;<ul><li><strong>Luisa Werner Oliveira Campos<\/strong>, pela Diretoria Central de Recrutamento e Sele\u00e7\u00e3o;<\/li><li><strong>M\u00f4nica Moreira Bracarense<\/strong>, pelo Departamento de Registro Funcional.<\/li><\/ul><\/li><\/ul>\n\n\n\n<p>Permanecem inalteradas as demais implica\u00e7\u00f5es contidas na Resolu\u00e7\u00e3o Conjunta SEPLAG\/<a href=\"http:\/\/www.ipsemg.mg.gov.br\/ipsemg\/portal\/m\/site\/institucional\/542-integracao-institucional\/517\/561\" target=\"_blank\" rel=\"noreferrer noopener\">IPSEMG<\/a> n\u00ba 10.336, de 28 de abril de 2021.<\/p>\n\n\n\n<h2 class=\"wp-block-heading\" id=\"h-concurso-ipsemg-mais-informa-es\">Concurso IPSEMG | Mais informa\u00e7\u00f5es<\/h2>\n\n\n\n<p>A expectativa \u00e9 que sejam contemplados os cargos de&nbsp;<strong>Analista de Seguridade Social \u2013 ANSS<\/strong>,&nbsp;<strong>M\u00e9dico da \u00c1rea de Seguridade Social \u2013 MEDSS<\/strong>&nbsp;e&nbsp;<strong>T\u00e9cnico de Seguridade Social \u2013 TSS<\/strong>. O quantitativo de vagas dever\u00e1 ser definido somente ap\u00f3s estudos t\u00e9cnicos da Comiss\u00e3o.<\/p>\n\n\n\n<p class=\"has-text-align-center\"><em>Para ficar por dentro de todos os demais detalhes acerca do concurso IPSEMG (comiss\u00e3o organizadora e atualiza\u00e7\u00f5es fresquinhas), confira um artigo completo, de f\u00e1cil compreens\u00e3o, que elaboramos EXCLUSIVAMENTE para voc\u00ea!<\/em><\/p>\n\n\n\n<p class=\"has-text-align-center has-black-color has-luminous-vivid-amber-background-color has-text-color has-background\" style=\"font-size:clamp(14.642px, 0.915rem + ((1vw - 3.2px) * 0.721), 22px);\"><strong>Leia tamb\u00e9m: <a href=\"https:\/\/www.estrategiaconcursos.com.br\/blog\/concurso-ipsemg\/\" target=\"_blank\" rel=\"noreferrer noopener\">Concurso IPSEMG<\/a> <\/strong><\/p>\n\n\n\n<hr class=\"wp-block-separator\"\/>\n\n\n\n<h2 class=\"has-text-align-center wp-block-heading\">Cursos e assinaturas para o  concurso IPSEMG:  <\/h2>\n\n\n\n<div class=\"container\" id=\"boxes\">\n  <div class=\"row\">\n\n    <div class=\"col-sm\">\n      <div class=\"banner-estrategia\" id=\"box-assinatura\">\n        <h3 class=\"titulo-assinatura\">Concurso IPSEMG<\/h3>\n        <p class=\"subtitulo-assinatura\">Estude conosco<\/p>\n        <div class=\"box-botao\">\n          <a class=\"btn-assinatura\" target=\"_blank\" href=\"https:\/\/www.estrategiaconcursos.com.br\/cursos\/\" role=\"button\" rel=\"noopener noreferrer\">Conhe\u00e7a os cursos<\/a>\n        <\/div>\n      <\/div>\n     \n    <\/div>\n\n  <\/div>\n<\/div>\n\n\n\n<div class=\"container\" id=\"boxes\">\n  <div class=\"row\">\n\n    <div class=\"col-sm\">\n      <div class=\"estrategia\" id=\"box-assinatura\">\n        <h3 class=\"titulo-assinatura\">Assinatura Concursos<\/h3>\n        <p class=\"subtitulo-assinatura\">Assinatura de 1 ano ou 2 anos<\/p>\n        <div class=\"box-botao\">\n          <a class=\"btn-assinatura\" target=\"_blank\" href=\"https:\/\/www.estrategiaconcursos.com.br\/assinaturas\/\" role=\"button\" rel=\"noopener noreferrer\">ASSINE AGORA<\/a>\n        <\/div>\n      <\/div><\/div><\/div><\/div>\n\n\n\n<div class=\"container\" id=\"boxes\">\n  <div class=\"row\">\n\n    <div class=\"col-sm\" id=\"boxes-concursos\">\n      <div style=\"background-color: #005DAD;\" class=\"conteudo-concursos\" id=\"box-concursos\">\n        <h3 class=\"titulo-assinatura\">Concursos Abertos<\/h3>\n        <p class=\"subtitulo-assinatura\">Confira os editais publicados<\/p>\n        <div class=\"box-botao\">\n          <a class=\"btn-assinatura\" target=\"_blank\" href=\"https:\/\/www.estrategiaconcursos.com.br\/blog\/concursos-abertos\/\" role=\"button\" rel=\"noopener noreferrer\">Conhe\u00e7a Agora<\/a>\n        <\/div>\n      <\/div>\n    <\/div>\n\n    <div class=\"col-sm\" id=\"boxes-concursos\">\n      <div style=\"background-color: #1A7ED5;\" class=\"conteudo-concursos\" id=\"box-concursos\">\n        <h3 class=\"titulo-assinatura\">Concursos 2021<\/h3>\n        <p class=\"subtitulo-assinatura\">As oportunidades previstas<\/p>\n        <div class=\"box-botao\">\n          <a class=\"btn-assinatura\" target=\"_blank\" href=\"https:\/\/www.estrategiaconcursos.com.br\/blog\/concursos-2021\/\" role=\"button\" rel=\"noopener noreferrer\">Conhe\u00e7a Agora<\/a>\n        <\/div>\n      <\/div>\n    <\/div>\n\n    <div class=\"col-sm\" id=\"boxes-concursos\">\n      <div style=\"background-color: #419FF0;\" class=\"conteudo-concursos\" id=\"box-concursos\">\n        <h3 class=\"titulo-assinatura\">Concursos 2022<\/h3>\n        <p class=\"subtitulo-assinatura\">Vagas para o pr\u00f3ximo ano<\/p>\n        <div class=\"box-botao\">\n          <a class=\"btn-assinatura\" target=\"_blank\" href=\"https:\/\/www.estrategiaconcursos.com.br\/blog\/concursos-2022\/\" role=\"button\" rel=\"noopener noreferrer\">Conhe\u00e7a Agora<\/a>\n        <\/div>\n      <\/div>\n    <\/div>\n\n  <\/div>\n<\/div>\n","protected":false},"excerpt":{"rendered":"<p>O concurso para o Instituto de Previd\u00eancia dos Servidores do Estado de Minas Gerais\u00a0(IPSEMG) teve sua primeira altera\u00e7\u00e3o na comiss\u00e3o organizadora. Em primeira inst\u00e2ncia, vale relembrar os papeis das comiss\u00f5es em rela\u00e7\u00e3o a concursos. Tais s\u00e3o respons\u00e1veis por acompanhar e fiscalizar a execu\u00e7\u00e3o do certame. Ademais, ap\u00f3s a aprova\u00e7\u00e3o pela\u00a0Comiss\u00e3o, o edital\u00a0\u00e9\u00a0publicado no site da\u00a0organizadora\u00a0e [&hellip;]<\/p>\n","protected":false},"author":2099,"featured_media":733114,"comment_status":"open","ping_status":"closed","sticky":false,"template":"","format":"standard","meta":{"post_tipo":"news","footnotes":""},"categories":[214992,220219],"tags":[],"tax_estado":[219974],"class_list":["post-851217","post","type-post","status-publish","format-standard","has-post-thumbnail","hentry","category-concursos-administrativos","category-noticias","tax_estado-mg"],"acf":[],"yoast_head":"<!-- This site is optimized with the Yoast SEO Premium plugin v27.2 (Yoast SEO v27.2) - https:\/\/yoast.com\/product\/yoast-seo-premium-wordpress\/ -->\n<title>Concurso IPSEMG: Comiss\u00e3o organizadora sofre altera\u00e7\u00e3o<\/title>\n<meta name=\"description\" content=\"O concurso para o Instituto de Previd\u00eancia dos Servidores do Estado de Minas Gerais\u00a0(IPSEMG) tem primeira altera\u00e7\u00e3o na comiss\u00e3o organizadora.\" \/>\n<meta name=\"robots\" content=\"index, follow, max-snippet:-1, max-image-preview:large, max-video-preview:-1\" \/>\n<link rel=\"canonical\" href=\"https:\/\/www.estrategiaconcursos.com.br\/blog\/concurso-ipsemg-comissao-alterada\/\" \/>\n<meta property=\"og:locale\" content=\"pt_BR\" \/>\n<meta property=\"og:type\" content=\"article\" \/>\n<meta property=\"og:title\" content=\"Concurso IPSEMG: Comiss\u00e3o organizadora sofre altera\u00e7\u00e3o\" \/>\n<meta property=\"og:description\" content=\"O concurso para o Instituto de Previd\u00eancia dos Servidores do Estado de Minas Gerais\u00a0(IPSEMG) tem primeira altera\u00e7\u00e3o na comiss\u00e3o organizadora.\" \/>\n<meta property=\"og:url\" content=\"https:\/\/www.estrategiaconcursos.com.br\/blog\/concurso-ipsemg-comissao-alterada\/\" \/>\n<meta property=\"og:site_name\" content=\"Estrat\u00e9gia Concursos\" \/>\n<meta property=\"article:published_time\" content=\"2021-09-01T17:55:24+00:00\" \/>\n<meta property=\"article:modified_time\" content=\"2021-09-01T20:14:12+00:00\" \/>\n<meta property=\"og:image\" content=\"https:\/\/dhg1h5j42swfq.cloudfront.net\/2021\/05\/06140746\/ipsemg.jpg\" \/>\n\t<meta property=\"og:image:width\" content=\"768\" \/>\n\t<meta property=\"og:image:height\" content=\"432\" \/>\n\t<meta property=\"og:image:type\" content=\"image\/jpeg\" \/>\n<meta name=\"author\" content=\"Elo\u00edsa da Rosa Ferro\" \/>\n<meta name=\"twitter:card\" content=\"summary_large_image\" \/>\n<meta name=\"twitter:creator\" content=\"@EstratConcursos\" \/>\n<meta name=\"twitter:site\" content=\"@EstratConcursos\" \/>\n<meta name=\"twitter:label1\" content=\"Escrito por\" \/>\n\t<meta name=\"twitter:data1\" content=\"Elo\u00edsa da Rosa Ferro\" \/>\n\t<meta name=\"twitter:label2\" content=\"Est. tempo de leitura\" \/>\n\t<meta name=\"twitter:data2\" content=\"2 minutos\" \/>\n<script type=\"application\/ld+json\" class=\"yoast-schema-graph\">{\"@context\":\"https:\/\/schema.org\",\"@graph\":[{\"@type\":\"NewsArticle\",\"@id\":\"https:\/\/www.estrategiaconcursos.com.br\/blog\/concurso-ipsemg-comissao-alterada\/#article\",\"isPartOf\":{\"@id\":\"https:\/\/www.estrategiaconcursos.com.br\/blog\/concurso-ipsemg-comissao-alterada\/\"},\"author\":{\"name\":\"Elo\u00edsa da Rosa Ferro\",\"@id\":\"https:\/\/www.estrategiaconcursos.com.br\/blog\/#\/schema\/person\/57d9394bb68400dbec62ff8a943ab201\"},\"headline\":\"Concurso IPSEMG: Comiss\u00e3o organizadora sofre altera\u00e7\u00e3o\",\"datePublished\":\"2021-09-01T17:55:24+00:00\",\"dateModified\":\"2021-09-01T20:14:12+00:00\",\"mainEntityOfPage\":{\"@id\":\"https:\/\/www.estrategiaconcursos.com.br\/blog\/concurso-ipsemg-comissao-alterada\/\"},\"wordCount\":401,\"commentCount\":0,\"publisher\":{\"@id\":\"https:\/\/www.estrategiaconcursos.com.br\/blog\/#organization\"},\"image\":{\"@id\":\"https:\/\/www.estrategiaconcursos.com.br\/blog\/concurso-ipsemg-comissao-alterada\/#primaryimage\"},\"thumbnailUrl\":\"https:\/\/dhg1h5j42swfq.cloudfront.net\/2021\/05\/06140746\/ipsemg.jpg\",\"articleSection\":[\"Executivo (Administrativa)\",\"\u00daltimas not\u00edcias\"],\"inLanguage\":\"pt-BR\",\"potentialAction\":[{\"@type\":\"CommentAction\",\"name\":\"Comment\",\"target\":[\"https:\/\/www.estrategiaconcursos.com.br\/blog\/concurso-ipsemg-comissao-alterada\/#respond\"]}],\"copyrightYear\":\"2021\",\"copyrightHolder\":{\"@id\":\"https:\/\/www.estrategiaconcursos.com.br\/blog\/#organization\"}},{\"@type\":\"WebPage\",\"@id\":\"https:\/\/www.estrategiaconcursos.com.br\/blog\/concurso-ipsemg-comissao-alterada\/\",\"url\":\"https:\/\/www.estrategiaconcursos.com.br\/blog\/concurso-ipsemg-comissao-alterada\/\",\"name\":\"Concurso IPSEMG: Comiss\u00e3o organizadora sofre altera\u00e7\u00e3o\",\"isPartOf\":{\"@id\":\"https:\/\/www.estrategiaconcursos.com.br\/blog\/#website\"},\"primaryImageOfPage\":{\"@id\":\"https:\/\/www.estrategiaconcursos.com.br\/blog\/concurso-ipsemg-comissao-alterada\/#primaryimage\"},\"image\":{\"@id\":\"https:\/\/www.estrategiaconcursos.com.br\/blog\/concurso-ipsemg-comissao-alterada\/#primaryimage\"},\"thumbnailUrl\":\"https:\/\/dhg1h5j42swfq.cloudfront.net\/2021\/05\/06140746\/ipsemg.jpg\",\"datePublished\":\"2021-09-01T17:55:24+00:00\",\"dateModified\":\"2021-09-01T20:14:12+00:00\",\"description\":\"O concurso para o Instituto de Previd\u00eancia dos Servidores do Estado de Minas Gerais\u00a0(IPSEMG) tem primeira altera\u00e7\u00e3o na comiss\u00e3o organizadora.\",\"breadcrumb\":{\"@id\":\"https:\/\/www.estrategiaconcursos.com.br\/blog\/concurso-ipsemg-comissao-alterada\/#breadcrumb\"},\"inLanguage\":\"pt-BR\",\"potentialAction\":[{\"@type\":\"ReadAction\",\"target\":[\"https:\/\/www.estrategiaconcursos.com.br\/blog\/concurso-ipsemg-comissao-alterada\/\"]}]},{\"@type\":\"ImageObject\",\"inLanguage\":\"pt-BR\",\"@id\":\"https:\/\/www.estrategiaconcursos.com.br\/blog\/concurso-ipsemg-comissao-alterada\/#primaryimage\",\"url\":\"https:\/\/dhg1h5j42swfq.cloudfront.net\/2021\/05\/06140746\/ipsemg.jpg\",\"contentUrl\":\"https:\/\/dhg1h5j42swfq.cloudfront.net\/2021\/05\/06140746\/ipsemg.jpg\",\"width\":768,\"height\":432,\"caption\":\"Concurso IPSEMG Termo de Refer\u00eancia\"},{\"@type\":\"BreadcrumbList\",\"@id\":\"https:\/\/www.estrategiaconcursos.com.br\/blog\/concurso-ipsemg-comissao-alterada\/#breadcrumb\",\"itemListElement\":[{\"@type\":\"ListItem\",\"position\":1,\"name\":\"In\u00edcio\",\"item\":\"https:\/\/www.estrategiaconcursos.com.br\/blog\/\"},{\"@type\":\"ListItem\",\"position\":2,\"name\":\"Concurso IPSEMG: Comiss\u00e3o organizadora sofre altera\u00e7\u00e3o\"}]},{\"@type\":\"WebSite\",\"@id\":\"https:\/\/www.estrategiaconcursos.com.br\/blog\/#website\",\"url\":\"https:\/\/www.estrategiaconcursos.com.br\/blog\/\",\"name\":\"Estrat\u00e9gia Concursos\",\"description\":\"O blog da Estrat\u00e9gia Concursos traz not\u00edcias sobre concursos e artigos de professores oferecendo cursos para concursos (pdf + videaulas) no site.\",\"publisher\":{\"@id\":\"https:\/\/www.estrategiaconcursos.com.br\/blog\/#organization\"},\"potentialAction\":[{\"@type\":\"SearchAction\",\"target\":{\"@type\":\"EntryPoint\",\"urlTemplate\":\"https:\/\/www.estrategiaconcursos.com.br\/blog\/?s={search_term_string}\"},\"query-input\":{\"@type\":\"PropertyValueSpecification\",\"valueRequired\":true,\"valueName\":\"search_term_string\"}}],\"inLanguage\":\"pt-BR\"},{\"@type\":\"Organization\",\"@id\":\"https:\/\/www.estrategiaconcursos.com.br\/blog\/#organization\",\"name\":\"Estrat\u00e9gia Concursos\",\"url\":\"https:\/\/www.estrategiaconcursos.com.br\/blog\/\",\"logo\":{\"@type\":\"ImageObject\",\"inLanguage\":\"pt-BR\",\"@id\":\"https:\/\/www.estrategiaconcursos.com.br\/blog\/#\/schema\/logo\/image\/\",\"url\":\"https:\/\/dhg1h5j42swfq.cloudfront.net\/2025\/06\/03203428\/logo_concursos-1.jpg\",\"contentUrl\":\"https:\/\/dhg1h5j42swfq.cloudfront.net\/2025\/06\/03203428\/logo_concursos-1.jpg\",\"width\":230,\"height\":60,\"caption\":\"Estrat\u00e9gia Concursos\"},\"image\":{\"@id\":\"https:\/\/www.estrategiaconcursos.com.br\/blog\/#\/schema\/logo\/image\/\"},\"sameAs\":[\"https:\/\/x.com\/EstratConcursos\"]},{\"@type\":\"Person\",\"@id\":\"https:\/\/www.estrategiaconcursos.com.br\/blog\/#\/schema\/person\/57d9394bb68400dbec62ff8a943ab201\",\"name\":\"Elo\u00edsa da Rosa Ferro\",\"image\":{\"@type\":\"ImageObject\",\"inLanguage\":\"pt-BR\",\"@id\":\"https:\/\/secure.gravatar.com\/avatar\/?s=96&d=mm&r=g\",\"url\":\"https:\/\/secure.gravatar.com\/avatar\/?s=96&d=mm&r=g\",\"contentUrl\":\"https:\/\/secure.gravatar.com\/avatar\/?s=96&d=mm&r=g\",\"caption\":\"Elo\u00edsa da Rosa Ferro\"},\"url\":\"https:\/\/www.estrategiaconcursos.com.br\/blog\/author\/eloisa-ferro\/\"}]}<\/script>\n<!-- \/ Yoast SEO Premium plugin. -->","yoast_head_json":{"title":"Concurso IPSEMG: Comiss\u00e3o organizadora sofre altera\u00e7\u00e3o","description":"O concurso para o Instituto de Previd\u00eancia dos Servidores do Estado de Minas Gerais\u00a0(IPSEMG) tem primeira altera\u00e7\u00e3o na comiss\u00e3o organizadora.","robots":{"index":"index","follow":"follow","max-snippet":"max-snippet:-1","max-image-preview":"max-image-preview:large","max-video-preview":"max-video-preview:-1"},"canonical":"https:\/\/www.estrategiaconcursos.com.br\/blog\/concurso-ipsemg-comissao-alterada\/","og_locale":"pt_BR","og_type":"article","og_title":"Concurso IPSEMG: Comiss\u00e3o organizadora sofre altera\u00e7\u00e3o","og_description":"O concurso para o Instituto de Previd\u00eancia dos Servidores do Estado de Minas Gerais\u00a0(IPSEMG) tem primeira altera\u00e7\u00e3o na comiss\u00e3o organizadora.","og_url":"https:\/\/www.estrategiaconcursos.com.br\/blog\/concurso-ipsemg-comissao-alterada\/","og_site_name":"Estrat\u00e9gia Concursos","article_published_time":"2021-09-01T17:55:24+00:00","article_modified_time":"2021-09-01T20:14:12+00:00","og_image":[{"width":768,"height":432,"url":"https:\/\/dhg1h5j42swfq.cloudfront.net\/2021\/05\/06140746\/ipsemg.jpg","type":"image\/jpeg"}],"author":"Elo\u00edsa da Rosa Ferro","twitter_card":"summary_large_image","twitter_creator":"@EstratConcursos","twitter_site":"@EstratConcursos","twitter_misc":{"Escrito por":"Elo\u00edsa da Rosa Ferro","Est. tempo de leitura":"2 minutos"},"schema":{"@context":"https:\/\/schema.org","@graph":[{"@type":"NewsArticle","@id":"https:\/\/www.estrategiaconcursos.com.br\/blog\/concurso-ipsemg-comissao-alterada\/#article","isPartOf":{"@id":"https:\/\/www.estrategiaconcursos.com.br\/blog\/concurso-ipsemg-comissao-alterada\/"},"author":{"name":"Elo\u00edsa da Rosa Ferro","@id":"https:\/\/www.estrategiaconcursos.com.br\/blog\/#\/schema\/person\/57d9394bb68400dbec62ff8a943ab201"},"headline":"Concurso IPSEMG: Comiss\u00e3o organizadora sofre altera\u00e7\u00e3o","datePublished":"2021-09-01T17:55:24+00:00","dateModified":"2021-09-01T20:14:12+00:00","mainEntityOfPage":{"@id":"https:\/\/www.estrategiaconcursos.com.br\/blog\/concurso-ipsemg-comissao-alterada\/"},"wordCount":401,"commentCount":0,"publisher":{"@id":"https:\/\/www.estrategiaconcursos.com.br\/blog\/#organization"},"image":{"@id":"https:\/\/www.estrategiaconcursos.com.br\/blog\/concurso-ipsemg-comissao-alterada\/#primaryimage"},"thumbnailUrl":"https:\/\/dhg1h5j42swfq.cloudfront.net\/2021\/05\/06140746\/ipsemg.jpg","articleSection":["Executivo (Administrativa)","\u00daltimas not\u00edcias"],"inLanguage":"pt-BR","potentialAction":[{"@type":"CommentAction","name":"Comment","target":["https:\/\/www.estrategiaconcursos.com.br\/blog\/concurso-ipsemg-comissao-alterada\/#respond"]}],"copyrightYear":"2021","copyrightHolder":{"@id":"https:\/\/www.estrategiaconcursos.com.br\/blog\/#organization"}},{"@type":"WebPage","@id":"https:\/\/www.estrategiaconcursos.com.br\/blog\/concurso-ipsemg-comissao-alterada\/","url":"https:\/\/www.estrategiaconcursos.com.br\/blog\/concurso-ipsemg-comissao-alterada\/","name":"Concurso IPSEMG: Comiss\u00e3o organizadora sofre altera\u00e7\u00e3o","isPartOf":{"@id":"https:\/\/www.estrategiaconcursos.com.br\/blog\/#website"},"primaryImageOfPage":{"@id":"https:\/\/www.estrategiaconcursos.com.br\/blog\/concurso-ipsemg-comissao-alterada\/#primaryimage"},"image":{"@id":"https:\/\/www.estrategiaconcursos.com.br\/blog\/concurso-ipsemg-comissao-alterada\/#primaryimage"},"thumbnailUrl":"https:\/\/dhg1h5j42swfq.cloudfront.net\/2021\/05\/06140746\/ipsemg.jpg","datePublished":"2021-09-01T17:55:24+00:00","dateModified":"2021-09-01T20:14:12+00:00","description":"O concurso para o Instituto de Previd\u00eancia dos Servidores do Estado de Minas Gerais\u00a0(IPSEMG) tem primeira altera\u00e7\u00e3o na comiss\u00e3o organizadora.","breadcrumb":{"@id":"https:\/\/www.estrategiaconcursos.com.br\/blog\/concurso-ipsemg-comissao-alterada\/#breadcrumb"},"inLanguage":"pt-BR","potentialAction":[{"@type":"ReadAction","target":["https:\/\/www.estrategiaconcursos.com.br\/blog\/concurso-ipsemg-comissao-alterada\/"]}]},{"@type":"ImageObject","inLanguage":"pt-BR","@id":"https:\/\/www.estrategiaconcursos.com.br\/blog\/concurso-ipsemg-comissao-alterada\/#primaryimage","url":"https:\/\/dhg1h5j42swfq.cloudfront.net\/2021\/05\/06140746\/ipsemg.jpg","contentUrl":"https:\/\/dhg1h5j42swfq.cloudfront.net\/2021\/05\/06140746\/ipsemg.jpg","width":768,"height":432,"caption":"Concurso IPSEMG Termo de Refer\u00eancia"},{"@type":"BreadcrumbList","@id":"https:\/\/www.estrategiaconcursos.com.br\/blog\/concurso-ipsemg-comissao-alterada\/#breadcrumb","itemListElement":[{"@type":"ListItem","position":1,"name":"In\u00edcio","item":"https:\/\/www.estrategiaconcursos.com.br\/blog\/"},{"@type":"ListItem","position":2,"name":"Concurso IPSEMG: Comiss\u00e3o organizadora sofre altera\u00e7\u00e3o"}]},{"@type":"WebSite","@id":"https:\/\/www.estrategiaconcursos.com.br\/blog\/#website","url":"https:\/\/www.estrategiaconcursos.com.br\/blog\/","name":"Estrat\u00e9gia Concursos","description":"O blog da Estrat\u00e9gia Concursos traz not\u00edcias sobre concursos e artigos de professores oferecendo cursos para concursos (pdf + videaulas) no site.","publisher":{"@id":"https:\/\/www.estrategiaconcursos.com.br\/blog\/#organization"},"potentialAction":[{"@type":"SearchAction","target":{"@type":"EntryPoint","urlTemplate":"https:\/\/www.estrategiaconcursos.com.br\/blog\/?s={search_term_string}"},"query-input":{"@type":"PropertyValueSpecification","valueRequired":true,"valueName":"search_term_string"}}],"inLanguage":"pt-BR"},{"@type":"Organization","@id":"https:\/\/www.estrategiaconcursos.com.br\/blog\/#organization","name":"Estrat\u00e9gia Concursos","url":"https:\/\/www.estrategiaconcursos.com.br\/blog\/","logo":{"@type":"ImageObject","inLanguage":"pt-BR","@id":"https:\/\/www.estrategiaconcursos.com.br\/blog\/#\/schema\/logo\/image\/","url":"https:\/\/dhg1h5j42swfq.cloudfront.net\/2025\/06\/03203428\/logo_concursos-1.jpg","contentUrl":"https:\/\/dhg1h5j42swfq.cloudfront.net\/2025\/06\/03203428\/logo_concursos-1.jpg","width":230,"height":60,"caption":"Estrat\u00e9gia Concursos"},"image":{"@id":"https:\/\/www.estrategiaconcursos.com.br\/blog\/#\/schema\/logo\/image\/"},"sameAs":["https:\/\/x.com\/EstratConcursos"]},{"@type":"Person","@id":"https:\/\/www.estrategiaconcursos.com.br\/blog\/#\/schema\/person\/57d9394bb68400dbec62ff8a943ab201","name":"Elo\u00edsa da Rosa Ferro","image":{"@type":"ImageObject","inLanguage":"pt-BR","@id":"https:\/\/secure.gravatar.com\/avatar\/?s=96&d=mm&r=g","url":"https:\/\/secure.gravatar.com\/avatar\/?s=96&d=mm&r=g","contentUrl":"https:\/\/secure.gravatar.com\/avatar\/?s=96&d=mm&r=g","caption":"Elo\u00edsa da Rosa Ferro"},"url":"https:\/\/www.estrategiaconcursos.com.br\/blog\/author\/eloisa-ferro\/"}]}},"_links":{"self":[{"href":"https:\/\/www.estrategiaconcursos.com.br\/blog\/wp-json\/wp\/v2\/posts\/851217","targetHints":{"allow":["GET"]}}],"collection":[{"href":"https:\/\/www.estrategiaconcursos.com.br\/blog\/wp-json\/wp\/v2\/posts"}],"about":[{"href":"https:\/\/www.estrategiaconcursos.com.br\/blog\/wp-json\/wp\/v2\/types\/post"}],"author":[{"embeddable":true,"href":"https:\/\/www.estrategiaconcursos.com.br\/blog\/wp-json\/wp\/v2\/users\/2099"}],"replies":[{"embeddable":true,"href":"https:\/\/www.estrategiaconcursos.com.br\/blog\/wp-json\/wp\/v2\/comments?post=851217"}],"version-history":[{"count":14,"href":"https:\/\/www.estrategiaconcursos.com.br\/blog\/wp-json\/wp\/v2\/posts\/851217\/revisions"}],"predecessor-version":[{"id":851537,"href":"https:\/\/www.estrategiaconcursos.com.br\/blog\/wp-json\/wp\/v2\/posts\/851217\/revisions\/851537"}],"wp:featuredmedia":[{"embeddable":true,"href":"https:\/\/www.estrategiaconcursos.com.br\/blog\/wp-json\/wp\/v2\/media\/733114"}],"wp:attachment":[{"href":"https:\/\/www.estrategiaconcursos.com.br\/blog\/wp-json\/wp\/v2\/media?parent=851217"}],"wp:term":[{"taxonomy":"category","embeddable":true,"href":"https:\/\/www.estrategiaconcursos.com.br\/blog\/wp-json\/wp\/v2\/categories?post=851217"},{"taxonomy":"post_tag","embeddable":true,"href":"https:\/\/www.estrategiaconcursos.com.br\/blog\/wp-json\/wp\/v2\/tags?post=851217"},{"taxonomy":"tax_estado","embeddable":true,"href":"https:\/\/www.estrategiaconcursos.com.br\/blog\/wp-json\/wp\/v2\/tax_estado?post=851217"}],"curies":[{"name":"wp","href":"https:\/\/api.w.org\/{rel}","templated":true}]}}