{"id":851065,"date":"2021-08-31T20:15:00","date_gmt":"2021-08-31T23:15:00","guid":{"rendered":"https:\/\/www.estrategiaconcursos.com.br\/blog\/?p=851065"},"modified":"2021-09-10T11:04:45","modified_gmt":"2021-09-10T14:04:45","slug":"concurso-pc-rj-pode-ter-editais-em-setembro-e-outubro","status":"publish","type":"post","link":"https:\/\/www.estrategiaconcursos.com.br\/blog\/concurso-pc-rj-pode-ter-editais-em-setembro-e-outubro\/","title":{"rendered":"Concurso PC RJ pode ter editais em setembro e outubro!"},"content":{"rendered":"\n<p>Aten\u00e7\u00e3o, interessados no <strong>concurso PC RJ<\/strong>: ap\u00f3s meses de espera e diferentes previs\u00f5es, os editais da Pol\u00edcia Civil do Estado do Rio de Janeiro devem ser <strong>publicados neste m\u00eas de setembro e em outubro<\/strong>! A informa\u00e7\u00e3o foi confirmada pela assessoria de comunica\u00e7\u00e3o do secret\u00e1rio e delegado Allan Turnowski.<\/p>\n\n\n\n<p>O pr\u00f3prio secret\u00e1rio, por sua vez, tamb\u00e9m confirmou a not\u00edcia, por meio de resposta a um seguidor no Instagram. Confira abaixo:<\/p>\n\n\n\n<div class=\"wp-block-image\"><figure class=\"aligncenter size-full\"><img loading=\"lazy\" decoding=\"async\" width=\"388\" height=\"163\" src=\"https:\/\/dhg1h5j42swfq.cloudfront.net\/2021\/09\/01161202\/image-17.png\" alt=\"\" class=\"wp-image-851417\" srcset=\"https:\/\/dhg1h5j42swfq.cloudfront.net\/2021\/09\/01161202\/image-17.png 388w, https:\/\/dhg1h5j42swfq.cloudfront.net\/2021\/09\/01161202\/image-17-300x126.png 300w\" sizes=\"auto, (max-width: 388px) 100vw, 388px\" \/><\/figure><\/div>\n\n\n\n<p>Segundo as informa\u00e7\u00f5es passadas, a expectativa \u00e9 que o edital para Delegado seja publicado agora em setembro, com organiza\u00e7\u00e3o do Cebraspe. Enquanto que para os demais cargos o documento deve sair em outubro, sob responsabilidade da Funda\u00e7\u00e3o Get\u00falio Vargas&nbsp;(FGV).<\/p>\n\n\n\n<h2 class=\"wp-block-heading\" id=\"h-quantas-vagas-s-o-previstas-nos-editais-da-pc-rj\">Quantas vagas s\u00e3o previstas nos editais da PC RJ?<\/h2>\n\n\n\n<p>De acordo com o projeto b\u00e1sico, ser\u00e3o ofertadas&nbsp;<strong>400 vagas<\/strong>, distribu\u00eddas entre os cargos de Delegado,&nbsp;Inspetor, Investigador, Perito Criminal, Perito Legista, T\u00e9cnico de Necropsia e Auxiliar de Necropsia. As oportunidades abrangem os n\u00edveis fundamental, m\u00e9dio e superior, com sal\u00e1rios de <strong>R$ 4.506,27 a R$ 18.747,95<\/strong>.<\/p>\n\n\n\n<ul class=\"has-very-light-gray-to-cyan-bluish-gray-gradient-background has-background wp-block-list\"><li>200 vagas para Investigador;<\/li><li>100 vagas para Inspetor;<\/li><li>50 vagas para Delegado;<\/li><li>25 vagas para Perito Legista;<\/li><li>10 vagas para Auxiliar Policial de Necropsia;<\/li><li>10 vagas para T\u00e9cnico Policial de Necropsia;<\/li><li>5 vagas para Perito Criminal.<\/li><\/ul>\n\n\n\n<p>Em&nbsp;<a href=\"https:\/\/www.youtube.com\/watch?v=YQ_KpSuK-l0&amp;feature=emb_logo\" target=\"_blank\" rel=\"noreferrer noopener\">entrevista exclusiva<\/a>, a subsecret\u00e1ria de gest\u00e3o administrativa da Secretaria da PC RJ e membro da comiss\u00e3o do certame, delegada Val\u00e9ria Arag\u00e3o, informou que, apesar do quantitativo autorizado, a inten\u00e7\u00e3o \u00e9&nbsp;<strong>chamar mais candidatos<\/strong>. <\/p>\n\n\n\n<h2 class=\"wp-block-heading\">Como ser\u00e1 a sele\u00e7\u00e3o dos candidatos do concurso PC RJ?<\/h2>\n\n\n\n<p>Ainda conforme informa\u00e7\u00f5es do projeto b\u00e1sico, os candidatos ser\u00e3o avaliados atrav\u00e9s de quatro etapas, al\u00e9m do curso de forma\u00e7\u00e3o, sendo que maiores detalhes estar\u00e3o presentes nos editais do concurso PC RJ. <\/p>\n\n\n\n<ol class=\"wp-block-list\"><li>Prova de Conhecimentos;<\/li><li>Prova de Capacidade F\u00edsica;<\/li><li>Exame Psicot\u00e9cnico;<\/li><li>Exame M\u00e9dico;<\/li><li>Curso de Forma\u00e7\u00e3o.<\/li><\/ol>\n\n\n\n<p>As&nbsp;provas objetivas ser\u00e3o constitu\u00eddas de&nbsp;100 quest\u00f5es, distribu\u00eddas entre Conhecimentos B\u00e1sicos e Conhecimentos Espec\u00edficos. A aplica\u00e7\u00e3o das avalia\u00e7\u00f5es ir\u00e1 ocorrer na Regi\u00e3o Metropolitana do Rio de Janeiro.&nbsp;<\/p>\n\n\n\n<p>A prova de&nbsp;Capacidade F\u00edsica&nbsp;ser\u00e1 composta por&nbsp;testes de flex\u00e3o de c\u00fabitos, flex\u00e3o abdominal, corrida de resist\u00eancia e corrida de velocidade.<\/p>\n\n\n\n<p class=\"has-text-align-center\"><strong>Para mais informa\u00e7\u00f5es sobre os editais do concurso PC RJ, acesse nosso artigo completo e exclusivo:<\/strong><\/p>\n\n\n\n<h2 class=\"has-text-align-center has-cyan-bluish-gray-background-color has-background has-medium-font-size wp-block-heading\"><span class=\"has-inline-color has-black-color\">Saiba mais: <\/span><a href=\"https:\/\/www.estrategiaconcursos.com.br\/blog\/concurso-policia-civil-rj\/\" target=\"_blank\" rel=\"noreferrer noopener\">Concurso PC RJ<\/a><\/h2>\n\n\n\n<div class=\"container\" id=\"boxes\">\n  <div class=\"row\"> \n\n    <div class=\"col-sm\">\n      <div class=\"banner-policial\" id=\"box-assinatura\">\n        <h3 class=\"titulo-assinatura\">Concurso PC RJ<\/h3>\n        <p class=\"subtitulo-assinatura\">Conhe\u00e7a os cursos<\/p>\n        <div class=\"box-botao\">\n          <a class=\"btn-assinatura\" target=\"_blank\" href=\"https:\/\/www.estrategiaconcursos.com.br\/cursosPorConcurso\/policia-civil-rj-pc-rj\/\/\" role=\"button\" rel=\"noopener noreferrer\">Conhe\u00e7a mais<\/a>\n        <\/div>\n      <\/div>\n     \n\n  <\/div>\n<\/div><\/div>\n\n\n\n<div class=\"container\" id=\"boxes\">\n  <div class=\"row\">\n\n    <div class=\"col-sm\">\n      <div class=\"estrategia\" id=\"box-assinatura\">\n        <h3 class=\"titulo-assinatura\">Assinatura de Concursos<\/h3>\n        <p class=\"subtitulo-assinatura\">Assinatura de 1 ano ou 2 anos<\/p>\n        <div class=\"box-botao\">\n          <a class=\"btn-assinatura\" target=\"_blank\" href=\"https:\/\/www.estrategiaconcursos.com.br\/assinaturas\/\" role=\"button\" rel=\"noopener noreferrer\">ASSINE AGORA<\/a>\n        <\/div>\n      <\/div>\n     \n    <\/div><\/div><\/div>\n\n\n\n<div class=\"container\" id=\"boxes\">\n  <div class=\"row\">\n\n    <div class=\"col-sm\" id=\"boxes-concursos\">\n      <div style=\"background-color: #005DAD;\" class=\"conteudo-concursos\" id=\"box-concursos\">\n        <h3 class=\"titulo-assinatura\">Concursos Abertos<\/h3>\n        <p class=\"subtitulo-assinatura\">Os editais publicados<\/p>\n        <div class=\"box-botao\">\n          <a class=\"btn-assinatura\" target=\"_blank\" href=\"https:\/\/www.estrategiaconcursos.com.br\/blog\/concursos-abertos\/\" role=\"button\" rel=\"noopener noreferrer\">Conhe\u00e7a Agora<\/a>\n        <\/div>\n      <\/div>\n    <\/div>\n\n    <div class=\"col-sm\" id=\"boxes-concursos\">\n      <div style=\"background-color: #1A7ED5;\" class=\"conteudo-concursos\" id=\"box-concursos\">\n        <h3 class=\"titulo-assinatura\">Concursos 2021<\/h3>\n        <p class=\"subtitulo-assinatura\">As oportunidades previstas<\/p>\n        <div class=\"box-botao\">\n          <a class=\"btn-assinatura\" target=\"_blank\" href=\"https:\/\/www.estrategiaconcursos.com.br\/blog\/concursos-2021\/\" role=\"button\" rel=\"noopener noreferrer\">Conhe\u00e7a Agora<\/a>\n        <\/div>\n      <\/div>\n    <\/div>\n\n    <div class=\"col-sm\" id=\"boxes-concursos\">\n      <div style=\"background-color: #419FF0;\" class=\"conteudo-concursos\" id=\"box-concursos\">\n        <h3 class=\"titulo-assinatura\">Concursos 2022<\/h3>\n        <p class=\"subtitulo-assinatura\">Vagas para o pr\u00f3ximo ano<\/p>\n        <div class=\"box-botao\">\n          <a class=\"btn-assinatura\" target=\"_blank\" href=\"https:\/\/www.estrategiaconcursos.com.br\/blog\/concursos-2022\/\" role=\"button\" rel=\"noopener noreferrer\">Conhe\u00e7a Agora<\/a>\n        <\/div>\n      <\/div>\n    <\/div>\n\n  <\/div>\n<\/div>\n","protected":false},"excerpt":{"rendered":"<p>Aten\u00e7\u00e3o, interessados no concurso PC RJ: ap\u00f3s meses de espera e diferentes previs\u00f5es, os editais da Pol\u00edcia Civil do Estado do Rio de Janeiro devem ser publicados neste m\u00eas de setembro e em outubro! A informa\u00e7\u00e3o foi confirmada pela assessoria de comunica\u00e7\u00e3o do secret\u00e1rio e delegado Allan Turnowski. O pr\u00f3prio secret\u00e1rio, por sua vez, tamb\u00e9m [&hellip;]<\/p>\n","protected":false},"author":1206,"featured_media":727294,"comment_status":"open","ping_status":"closed","sticky":false,"template":"","format":"standard","meta":{"post_tipo":"news","footnotes":""},"categories":[220194,1988,220219],"tags":[],"tax_estado":[219982],"class_list":["post-851065","post","type-post","status-publish","format-standard","has-post-thumbnail","hentry","category-delegado","category-policia","category-noticias","tax_estado-rj"],"acf":[],"yoast_head":"<!-- This site is optimized with the Yoast SEO Premium plugin v27.2 (Yoast SEO v27.2) - https:\/\/yoast.com\/product\/yoast-seo-premium-wordpress\/ -->\n<title>Concurso PC RJ pode ter editais em setembro e outubro!<\/title>\n<meta name=\"description\" content=\"Ap\u00f3s meses de espera e diferentes previs\u00f5es, os editais da PC RJ devem ser publicados em setembro e outubro. Confira mais!\" \/>\n<meta name=\"robots\" content=\"index, follow, max-snippet:-1, max-image-preview:large, max-video-preview:-1\" \/>\n<link rel=\"canonical\" href=\"https:\/\/www.estrategiaconcursos.com.br\/blog\/concurso-pc-rj-pode-ter-editais-em-setembro-e-outubro\/\" \/>\n<meta property=\"og:locale\" content=\"pt_BR\" \/>\n<meta property=\"og:type\" content=\"article\" \/>\n<meta property=\"og:title\" content=\"Concurso PC RJ pode ter editais em setembro e outubro!\" \/>\n<meta property=\"og:description\" content=\"Ap\u00f3s meses de espera e diferentes previs\u00f5es, os editais da PC RJ devem ser publicados em setembro e outubro. Confira mais!\" \/>\n<meta property=\"og:url\" content=\"https:\/\/www.estrategiaconcursos.com.br\/blog\/concurso-pc-rj-pode-ter-editais-em-setembro-e-outubro\/\" \/>\n<meta property=\"og:site_name\" content=\"Estrat\u00e9gia Concursos\" \/>\n<meta property=\"article:published_time\" content=\"2021-08-31T23:15:00+00:00\" \/>\n<meta property=\"article:modified_time\" content=\"2021-09-10T14:04:45+00:00\" \/>\n<meta property=\"og:image\" content=\"https:\/\/dhg1h5j42swfq.cloudfront.net\/2021\/04\/29174108\/concurso-pc-rj.jpg\" \/>\n\t<meta property=\"og:image:width\" content=\"768\" \/>\n\t<meta property=\"og:image:height\" content=\"432\" \/>\n\t<meta property=\"og:image:type\" content=\"image\/jpeg\" \/>\n<meta name=\"author\" content=\"Bruna de Andrade Fran\u00e7a\" \/>\n<meta name=\"twitter:card\" content=\"summary_large_image\" \/>\n<meta name=\"twitter:creator\" content=\"@EstratConcursos\" \/>\n<meta name=\"twitter:site\" content=\"@EstratConcursos\" \/>\n<meta name=\"twitter:label1\" content=\"Escrito por\" \/>\n\t<meta name=\"twitter:data1\" content=\"Bruna de Andrade Fran\u00e7a\" \/>\n\t<meta name=\"twitter:label2\" content=\"Est. tempo de leitura\" \/>\n\t<meta name=\"twitter:data2\" content=\"2 minutos\" \/>\n<script type=\"application\/ld+json\" class=\"yoast-schema-graph\">{\"@context\":\"https:\/\/schema.org\",\"@graph\":[{\"@type\":\"NewsArticle\",\"@id\":\"https:\/\/www.estrategiaconcursos.com.br\/blog\/concurso-pc-rj-pode-ter-editais-em-setembro-e-outubro\/#article\",\"isPartOf\":{\"@id\":\"https:\/\/www.estrategiaconcursos.com.br\/blog\/concurso-pc-rj-pode-ter-editais-em-setembro-e-outubro\/\"},\"author\":{\"name\":\"Bruna de Andrade Fran\u00e7a\",\"@id\":\"https:\/\/www.estrategiaconcursos.com.br\/blog\/#\/schema\/person\/6630f91134abc08115cca62ce6372855\"},\"headline\":\"Concurso PC RJ pode ter editais em setembro e outubro!\",\"datePublished\":\"2021-08-31T23:15:00+00:00\",\"dateModified\":\"2021-09-10T14:04:45+00:00\",\"mainEntityOfPage\":{\"@id\":\"https:\/\/www.estrategiaconcursos.com.br\/blog\/concurso-pc-rj-pode-ter-editais-em-setembro-e-outubro\/\"},\"wordCount\":471,\"commentCount\":0,\"publisher\":{\"@id\":\"https:\/\/www.estrategiaconcursos.com.br\/blog\/#organization\"},\"image\":{\"@id\":\"https:\/\/www.estrategiaconcursos.com.br\/blog\/concurso-pc-rj-pode-ter-editais-em-setembro-e-outubro\/#primaryimage\"},\"thumbnailUrl\":\"https:\/\/dhg1h5j42swfq.cloudfront.net\/2021\/04\/29174108\/concurso-pc-rj.jpg\",\"articleSection\":[\"Jur\u00eddico - Delegado\",\"Policial (Agente, Escriv\u00e3o e Investigador)\",\"\u00daltimas not\u00edcias\"],\"inLanguage\":\"pt-BR\",\"potentialAction\":[{\"@type\":\"CommentAction\",\"name\":\"Comment\",\"target\":[\"https:\/\/www.estrategiaconcursos.com.br\/blog\/concurso-pc-rj-pode-ter-editais-em-setembro-e-outubro\/#respond\"]}],\"copyrightYear\":\"2021\",\"copyrightHolder\":{\"@id\":\"https:\/\/www.estrategiaconcursos.com.br\/blog\/#organization\"}},{\"@type\":\"WebPage\",\"@id\":\"https:\/\/www.estrategiaconcursos.com.br\/blog\/concurso-pc-rj-pode-ter-editais-em-setembro-e-outubro\/\",\"url\":\"https:\/\/www.estrategiaconcursos.com.br\/blog\/concurso-pc-rj-pode-ter-editais-em-setembro-e-outubro\/\",\"name\":\"Concurso PC RJ pode ter editais em setembro e outubro!\",\"isPartOf\":{\"@id\":\"https:\/\/www.estrategiaconcursos.com.br\/blog\/#website\"},\"primaryImageOfPage\":{\"@id\":\"https:\/\/www.estrategiaconcursos.com.br\/blog\/concurso-pc-rj-pode-ter-editais-em-setembro-e-outubro\/#primaryimage\"},\"image\":{\"@id\":\"https:\/\/www.estrategiaconcursos.com.br\/blog\/concurso-pc-rj-pode-ter-editais-em-setembro-e-outubro\/#primaryimage\"},\"thumbnailUrl\":\"https:\/\/dhg1h5j42swfq.cloudfront.net\/2021\/04\/29174108\/concurso-pc-rj.jpg\",\"datePublished\":\"2021-08-31T23:15:00+00:00\",\"dateModified\":\"2021-09-10T14:04:45+00:00\",\"description\":\"Ap\u00f3s meses de espera e diferentes previs\u00f5es, os editais da PC RJ devem ser publicados em setembro e outubro. Confira mais!\",\"breadcrumb\":{\"@id\":\"https:\/\/www.estrategiaconcursos.com.br\/blog\/concurso-pc-rj-pode-ter-editais-em-setembro-e-outubro\/#breadcrumb\"},\"inLanguage\":\"pt-BR\",\"potentialAction\":[{\"@type\":\"ReadAction\",\"target\":[\"https:\/\/www.estrategiaconcursos.com.br\/blog\/concurso-pc-rj-pode-ter-editais-em-setembro-e-outubro\/\"]}]},{\"@type\":\"ImageObject\",\"inLanguage\":\"pt-BR\",\"@id\":\"https:\/\/www.estrategiaconcursos.com.br\/blog\/concurso-pc-rj-pode-ter-editais-em-setembro-e-outubro\/#primaryimage\",\"url\":\"https:\/\/dhg1h5j42swfq.cloudfront.net\/2021\/04\/29174108\/concurso-pc-rj.jpg\",\"contentUrl\":\"https:\/\/dhg1h5j42swfq.cloudfront.net\/2021\/04\/29174108\/concurso-pc-rj.jpg\",\"width\":768,\"height\":432,\"caption\":\"concurso pc rj\"},{\"@type\":\"BreadcrumbList\",\"@id\":\"https:\/\/www.estrategiaconcursos.com.br\/blog\/concurso-pc-rj-pode-ter-editais-em-setembro-e-outubro\/#breadcrumb\",\"itemListElement\":[{\"@type\":\"ListItem\",\"position\":1,\"name\":\"In\u00edcio\",\"item\":\"https:\/\/www.estrategiaconcursos.com.br\/blog\/\"},{\"@type\":\"ListItem\",\"position\":2,\"name\":\"Concurso PC RJ pode ter editais em setembro e outubro!\"}]},{\"@type\":\"WebSite\",\"@id\":\"https:\/\/www.estrategiaconcursos.com.br\/blog\/#website\",\"url\":\"https:\/\/www.estrategiaconcursos.com.br\/blog\/\",\"name\":\"Estrat\u00e9gia Concursos\",\"description\":\"O blog da Estrat\u00e9gia Concursos traz not\u00edcias sobre concursos e artigos de professores oferecendo cursos para concursos (pdf + videaulas) no site.\",\"publisher\":{\"@id\":\"https:\/\/www.estrategiaconcursos.com.br\/blog\/#organization\"},\"potentialAction\":[{\"@type\":\"SearchAction\",\"target\":{\"@type\":\"EntryPoint\",\"urlTemplate\":\"https:\/\/www.estrategiaconcursos.com.br\/blog\/?s={search_term_string}\"},\"query-input\":{\"@type\":\"PropertyValueSpecification\",\"valueRequired\":true,\"valueName\":\"search_term_string\"}}],\"inLanguage\":\"pt-BR\"},{\"@type\":\"Organization\",\"@id\":\"https:\/\/www.estrategiaconcursos.com.br\/blog\/#organization\",\"name\":\"Estrat\u00e9gia Concursos\",\"url\":\"https:\/\/www.estrategiaconcursos.com.br\/blog\/\",\"logo\":{\"@type\":\"ImageObject\",\"inLanguage\":\"pt-BR\",\"@id\":\"https:\/\/www.estrategiaconcursos.com.br\/blog\/#\/schema\/logo\/image\/\",\"url\":\"https:\/\/dhg1h5j42swfq.cloudfront.net\/2025\/06\/03203428\/logo_concursos-1.jpg\",\"contentUrl\":\"https:\/\/dhg1h5j42swfq.cloudfront.net\/2025\/06\/03203428\/logo_concursos-1.jpg\",\"width\":230,\"height\":60,\"caption\":\"Estrat\u00e9gia Concursos\"},\"image\":{\"@id\":\"https:\/\/www.estrategiaconcursos.com.br\/blog\/#\/schema\/logo\/image\/\"},\"sameAs\":[\"https:\/\/x.com\/EstratConcursos\"]},{\"@type\":\"Person\",\"@id\":\"https:\/\/www.estrategiaconcursos.com.br\/blog\/#\/schema\/person\/6630f91134abc08115cca62ce6372855\",\"name\":\"Bruna de Andrade Fran\u00e7a\",\"image\":{\"@type\":\"ImageObject\",\"inLanguage\":\"pt-BR\",\"@id\":\"https:\/\/secure.gravatar.com\/avatar\/d6316d36d50cea0fadae28ed3015b8870cc90a2d3d8a95c37b44006af36a00e3?s=96&d=mm&r=g\",\"url\":\"https:\/\/secure.gravatar.com\/avatar\/d6316d36d50cea0fadae28ed3015b8870cc90a2d3d8a95c37b44006af36a00e3?s=96&d=mm&r=g\",\"contentUrl\":\"https:\/\/secure.gravatar.com\/avatar\/d6316d36d50cea0fadae28ed3015b8870cc90a2d3d8a95c37b44006af36a00e3?s=96&d=mm&r=g\",\"caption\":\"Bruna de Andrade Fran\u00e7a\"},\"description\":\"Bruna de Andrade Fran\u00e7a \u00e9 publicit\u00e1ria com p\u00f3s-gradua\u00e7\u00e3o em Marketing &amp; Growth, atuando h\u00e1 mais de 6 anos no universo dos concursos p\u00fablicos. Desde 2021, lidera no Blog do Estrat\u00e9gia Concursos a cobertura editorial especializada em Concursos Policiais (PF, PRF, PM, PC, etc.), al\u00e9m das frentes de concursos banc\u00e1rios, de sa\u00fade e da \u00e1rea legislativa. Especialista em reda\u00e7\u00e3o, com pr\u00e1ticas de SEO e Copywriting, possui tamb\u00e9m atua\u00e7\u00e3o pr\u00e1tica de contato direto com \u00f3rg\u00e3os p\u00fablicos respons\u00e1veis por editais, permitindo acesso antecipado a informa\u00e7\u00f5es, desdobramentos importantes e atualiza\u00e7\u00e3o eficiente dos concursos p\u00fablicos.\",\"url\":\"https:\/\/www.estrategiaconcursos.com.br\/blog\/author\/bruna-andrade\/\"}]}<\/script>\n<!-- \/ Yoast SEO Premium plugin. -->","yoast_head_json":{"title":"Concurso PC RJ pode ter editais em setembro e outubro!","description":"Ap\u00f3s meses de espera e diferentes previs\u00f5es, os editais da PC RJ devem ser publicados em setembro e outubro. Confira mais!","robots":{"index":"index","follow":"follow","max-snippet":"max-snippet:-1","max-image-preview":"max-image-preview:large","max-video-preview":"max-video-preview:-1"},"canonical":"https:\/\/www.estrategiaconcursos.com.br\/blog\/concurso-pc-rj-pode-ter-editais-em-setembro-e-outubro\/","og_locale":"pt_BR","og_type":"article","og_title":"Concurso PC RJ pode ter editais em setembro e outubro!","og_description":"Ap\u00f3s meses de espera e diferentes previs\u00f5es, os editais da PC RJ devem ser publicados em setembro e outubro. Confira mais!","og_url":"https:\/\/www.estrategiaconcursos.com.br\/blog\/concurso-pc-rj-pode-ter-editais-em-setembro-e-outubro\/","og_site_name":"Estrat\u00e9gia Concursos","article_published_time":"2021-08-31T23:15:00+00:00","article_modified_time":"2021-09-10T14:04:45+00:00","og_image":[{"width":768,"height":432,"url":"https:\/\/dhg1h5j42swfq.cloudfront.net\/2021\/04\/29174108\/concurso-pc-rj.jpg","type":"image\/jpeg"}],"author":"Bruna de Andrade Fran\u00e7a","twitter_card":"summary_large_image","twitter_creator":"@EstratConcursos","twitter_site":"@EstratConcursos","twitter_misc":{"Escrito por":"Bruna de Andrade Fran\u00e7a","Est. tempo de leitura":"2 minutos"},"schema":{"@context":"https:\/\/schema.org","@graph":[{"@type":"NewsArticle","@id":"https:\/\/www.estrategiaconcursos.com.br\/blog\/concurso-pc-rj-pode-ter-editais-em-setembro-e-outubro\/#article","isPartOf":{"@id":"https:\/\/www.estrategiaconcursos.com.br\/blog\/concurso-pc-rj-pode-ter-editais-em-setembro-e-outubro\/"},"author":{"name":"Bruna de Andrade Fran\u00e7a","@id":"https:\/\/www.estrategiaconcursos.com.br\/blog\/#\/schema\/person\/6630f91134abc08115cca62ce6372855"},"headline":"Concurso PC RJ pode ter editais em setembro e outubro!","datePublished":"2021-08-31T23:15:00+00:00","dateModified":"2021-09-10T14:04:45+00:00","mainEntityOfPage":{"@id":"https:\/\/www.estrategiaconcursos.com.br\/blog\/concurso-pc-rj-pode-ter-editais-em-setembro-e-outubro\/"},"wordCount":471,"commentCount":0,"publisher":{"@id":"https:\/\/www.estrategiaconcursos.com.br\/blog\/#organization"},"image":{"@id":"https:\/\/www.estrategiaconcursos.com.br\/blog\/concurso-pc-rj-pode-ter-editais-em-setembro-e-outubro\/#primaryimage"},"thumbnailUrl":"https:\/\/dhg1h5j42swfq.cloudfront.net\/2021\/04\/29174108\/concurso-pc-rj.jpg","articleSection":["Jur\u00eddico - Delegado","Policial (Agente, Escriv\u00e3o e Investigador)","\u00daltimas not\u00edcias"],"inLanguage":"pt-BR","potentialAction":[{"@type":"CommentAction","name":"Comment","target":["https:\/\/www.estrategiaconcursos.com.br\/blog\/concurso-pc-rj-pode-ter-editais-em-setembro-e-outubro\/#respond"]}],"copyrightYear":"2021","copyrightHolder":{"@id":"https:\/\/www.estrategiaconcursos.com.br\/blog\/#organization"}},{"@type":"WebPage","@id":"https:\/\/www.estrategiaconcursos.com.br\/blog\/concurso-pc-rj-pode-ter-editais-em-setembro-e-outubro\/","url":"https:\/\/www.estrategiaconcursos.com.br\/blog\/concurso-pc-rj-pode-ter-editais-em-setembro-e-outubro\/","name":"Concurso PC RJ pode ter editais em setembro e outubro!","isPartOf":{"@id":"https:\/\/www.estrategiaconcursos.com.br\/blog\/#website"},"primaryImageOfPage":{"@id":"https:\/\/www.estrategiaconcursos.com.br\/blog\/concurso-pc-rj-pode-ter-editais-em-setembro-e-outubro\/#primaryimage"},"image":{"@id":"https:\/\/www.estrategiaconcursos.com.br\/blog\/concurso-pc-rj-pode-ter-editais-em-setembro-e-outubro\/#primaryimage"},"thumbnailUrl":"https:\/\/dhg1h5j42swfq.cloudfront.net\/2021\/04\/29174108\/concurso-pc-rj.jpg","datePublished":"2021-08-31T23:15:00+00:00","dateModified":"2021-09-10T14:04:45+00:00","description":"Ap\u00f3s meses de espera e diferentes previs\u00f5es, os editais da PC RJ devem ser publicados em setembro e outubro. Confira mais!","breadcrumb":{"@id":"https:\/\/www.estrategiaconcursos.com.br\/blog\/concurso-pc-rj-pode-ter-editais-em-setembro-e-outubro\/#breadcrumb"},"inLanguage":"pt-BR","potentialAction":[{"@type":"ReadAction","target":["https:\/\/www.estrategiaconcursos.com.br\/blog\/concurso-pc-rj-pode-ter-editais-em-setembro-e-outubro\/"]}]},{"@type":"ImageObject","inLanguage":"pt-BR","@id":"https:\/\/www.estrategiaconcursos.com.br\/blog\/concurso-pc-rj-pode-ter-editais-em-setembro-e-outubro\/#primaryimage","url":"https:\/\/dhg1h5j42swfq.cloudfront.net\/2021\/04\/29174108\/concurso-pc-rj.jpg","contentUrl":"https:\/\/dhg1h5j42swfq.cloudfront.net\/2021\/04\/29174108\/concurso-pc-rj.jpg","width":768,"height":432,"caption":"concurso pc rj"},{"@type":"BreadcrumbList","@id":"https:\/\/www.estrategiaconcursos.com.br\/blog\/concurso-pc-rj-pode-ter-editais-em-setembro-e-outubro\/#breadcrumb","itemListElement":[{"@type":"ListItem","position":1,"name":"In\u00edcio","item":"https:\/\/www.estrategiaconcursos.com.br\/blog\/"},{"@type":"ListItem","position":2,"name":"Concurso PC RJ pode ter editais em setembro e outubro!"}]},{"@type":"WebSite","@id":"https:\/\/www.estrategiaconcursos.com.br\/blog\/#website","url":"https:\/\/www.estrategiaconcursos.com.br\/blog\/","name":"Estrat\u00e9gia Concursos","description":"O blog da Estrat\u00e9gia Concursos traz not\u00edcias sobre concursos e artigos de professores oferecendo cursos para concursos (pdf + videaulas) no site.","publisher":{"@id":"https:\/\/www.estrategiaconcursos.com.br\/blog\/#organization"},"potentialAction":[{"@type":"SearchAction","target":{"@type":"EntryPoint","urlTemplate":"https:\/\/www.estrategiaconcursos.com.br\/blog\/?s={search_term_string}"},"query-input":{"@type":"PropertyValueSpecification","valueRequired":true,"valueName":"search_term_string"}}],"inLanguage":"pt-BR"},{"@type":"Organization","@id":"https:\/\/www.estrategiaconcursos.com.br\/blog\/#organization","name":"Estrat\u00e9gia Concursos","url":"https:\/\/www.estrategiaconcursos.com.br\/blog\/","logo":{"@type":"ImageObject","inLanguage":"pt-BR","@id":"https:\/\/www.estrategiaconcursos.com.br\/blog\/#\/schema\/logo\/image\/","url":"https:\/\/dhg1h5j42swfq.cloudfront.net\/2025\/06\/03203428\/logo_concursos-1.jpg","contentUrl":"https:\/\/dhg1h5j42swfq.cloudfront.net\/2025\/06\/03203428\/logo_concursos-1.jpg","width":230,"height":60,"caption":"Estrat\u00e9gia Concursos"},"image":{"@id":"https:\/\/www.estrategiaconcursos.com.br\/blog\/#\/schema\/logo\/image\/"},"sameAs":["https:\/\/x.com\/EstratConcursos"]},{"@type":"Person","@id":"https:\/\/www.estrategiaconcursos.com.br\/blog\/#\/schema\/person\/6630f91134abc08115cca62ce6372855","name":"Bruna de Andrade Fran\u00e7a","image":{"@type":"ImageObject","inLanguage":"pt-BR","@id":"https:\/\/secure.gravatar.com\/avatar\/d6316d36d50cea0fadae28ed3015b8870cc90a2d3d8a95c37b44006af36a00e3?s=96&d=mm&r=g","url":"https:\/\/secure.gravatar.com\/avatar\/d6316d36d50cea0fadae28ed3015b8870cc90a2d3d8a95c37b44006af36a00e3?s=96&d=mm&r=g","contentUrl":"https:\/\/secure.gravatar.com\/avatar\/d6316d36d50cea0fadae28ed3015b8870cc90a2d3d8a95c37b44006af36a00e3?s=96&d=mm&r=g","caption":"Bruna de Andrade Fran\u00e7a"},"description":"Bruna de Andrade Fran\u00e7a \u00e9 publicit\u00e1ria com p\u00f3s-gradua\u00e7\u00e3o em Marketing &amp; Growth, atuando h\u00e1 mais de 6 anos no universo dos concursos p\u00fablicos. Desde 2021, lidera no Blog do Estrat\u00e9gia Concursos a cobertura editorial especializada em Concursos Policiais (PF, PRF, PM, PC, etc.), al\u00e9m das frentes de concursos banc\u00e1rios, de sa\u00fade e da \u00e1rea legislativa. Especialista em reda\u00e7\u00e3o, com pr\u00e1ticas de SEO e Copywriting, possui tamb\u00e9m atua\u00e7\u00e3o pr\u00e1tica de contato direto com \u00f3rg\u00e3os p\u00fablicos respons\u00e1veis por editais, permitindo acesso antecipado a informa\u00e7\u00f5es, desdobramentos importantes e atualiza\u00e7\u00e3o eficiente dos concursos p\u00fablicos.","url":"https:\/\/www.estrategiaconcursos.com.br\/blog\/author\/bruna-andrade\/"}]}},"_links":{"self":[{"href":"https:\/\/www.estrategiaconcursos.com.br\/blog\/wp-json\/wp\/v2\/posts\/851065","targetHints":{"allow":["GET"]}}],"collection":[{"href":"https:\/\/www.estrategiaconcursos.com.br\/blog\/wp-json\/wp\/v2\/posts"}],"about":[{"href":"https:\/\/www.estrategiaconcursos.com.br\/blog\/wp-json\/wp\/v2\/types\/post"}],"author":[{"embeddable":true,"href":"https:\/\/www.estrategiaconcursos.com.br\/blog\/wp-json\/wp\/v2\/users\/1206"}],"replies":[{"embeddable":true,"href":"https:\/\/www.estrategiaconcursos.com.br\/blog\/wp-json\/wp\/v2\/comments?post=851065"}],"version-history":[{"count":7,"href":"https:\/\/www.estrategiaconcursos.com.br\/blog\/wp-json\/wp\/v2\/posts\/851065\/revisions"}],"predecessor-version":[{"id":851421,"href":"https:\/\/www.estrategiaconcursos.com.br\/blog\/wp-json\/wp\/v2\/posts\/851065\/revisions\/851421"}],"wp:featuredmedia":[{"embeddable":true,"href":"https:\/\/www.estrategiaconcursos.com.br\/blog\/wp-json\/wp\/v2\/media\/727294"}],"wp:attachment":[{"href":"https:\/\/www.estrategiaconcursos.com.br\/blog\/wp-json\/wp\/v2\/media?parent=851065"}],"wp:term":[{"taxonomy":"category","embeddable":true,"href":"https:\/\/www.estrategiaconcursos.com.br\/blog\/wp-json\/wp\/v2\/categories?post=851065"},{"taxonomy":"post_tag","embeddable":true,"href":"https:\/\/www.estrategiaconcursos.com.br\/blog\/wp-json\/wp\/v2\/tags?post=851065"},{"taxonomy":"tax_estado","embeddable":true,"href":"https:\/\/www.estrategiaconcursos.com.br\/blog\/wp-json\/wp\/v2\/tax_estado?post=851065"}],"curies":[{"name":"wp","href":"https:\/\/api.w.org\/{rel}","templated":true}]}}