{"id":851009,"date":"2021-09-01T11:04:08","date_gmt":"2021-09-01T14:04:08","guid":{"rendered":"https:\/\/www.estrategiaconcursos.com.br\/blog\/?p=851009"},"modified":"2021-09-01T11:04:09","modified_gmt":"2021-09-01T14:04:09","slug":"recurso-pcal-processo-penal-agente-cespe","status":"publish","type":"post","link":"https:\/\/www.estrategiaconcursos.com.br\/blog\/recurso-pcal-processo-penal-agente-cespe\/","title":{"rendered":"RECURSOS PCAL &#8211; Direito Processual Penal (agente)"},"content":{"rendered":"\n<p class=\"has-text-align-left\">Ol\u00e1, pessoal<\/p>\n\n\n\n<p class=\"has-text-align-left\">Para quem n\u00e3o me conhece ainda, meu nome \u00e9 <strong>Renan Araujo<\/strong> e sou professor aqui no Estrat\u00e9gia Concursos, lecionando as mat\u00e9rias de Direito Penal e Processual Penal.<\/p>\n\n\n\n<p class=\"has-text-align-left\">Antes de prosseguir, <strong>convido voc\u00ea a me seguir no INSTAGRAM<\/strong>:<strong>&nbsp;<a href=\"http:\/\/www.instagram.com\/profrenanaraujo\/?hl=pt-br\">Instagram do Prof. Renan Araujo<\/a><\/strong><\/p>\n\n\n\n<p class=\"has-text-align-left\">Conforme hav\u00edamos mencionado domingo, logo ap\u00f3s a prova, algumas quest\u00f5es de Direito Processual Penal da prova de agente da PCAL devem (DE-VEM!) ser anuladas por fuga do edital, <strong>pois CLARAMENTE extrapolam o conte\u00fado previsto no conte\u00fado program\u00e1tico do certame. <\/strong><\/p>\n\n\n\n<p class=\"has-text-align-left\">Vamos a elas:<\/p>\n\n\n\n<p class=\"has-text-align-left\"><strong>QUEST\u00c3O 95.<\/strong><\/p>\n\n\n\n<p class=\"has-text-align-left\">Se o munic\u00edpio onde se deu a instaura\u00e7\u00e3o do inqu\u00e9rito n\u00e3o for sede de comarca, o delegado poder\u00e1 determinar o afastamento do agressor do lar.<\/p>\n\n\n\n<p class=\"has-text-align-left\"><strong>FUNDAMENTO RECURSAL &#8211; Extrapola\u00e7\u00e3o do edital<\/strong><\/p>\n\n\n\n<p class=\"has-text-align-left\">Para a solu\u00e7\u00e3o da quest\u00e3o o candidato deveria ter conhecimento do art. 12-C da Lei 11.340\/06, que assim estabelece:<\/p>\n\n\n\n<p class=\"has-text-align-left\"><em>Art. 12-C. &nbsp;Verificada a exist\u00eancia de risco atual ou iminente \u00e0 vida ou \u00e0 integridade f\u00edsica ou psicol\u00f3gica da mulher em situa\u00e7\u00e3o de viol\u00eancia dom\u00e9stica e familiar, ou de seus dependentes, o agressor ser\u00e1 imediatamente afastado do lar, domic\u00edlio ou local de conviv\u00eancia com a ofendida:&nbsp;&nbsp;&nbsp;&nbsp;<\/em><a href=\"http:\/\/www.planalto.gov.br\/ccivil_03\/_Ato2019-2022\/2021\/Lei\/L14188.htm#art5\"><em>(Reda\u00e7\u00e3o dada pela Lei n\u00ba 14.188, de 2021)<\/em><\/a><em><\/em><\/p>\n\n\n\n<p class=\"has-text-align-left\"><em>(\u2026) II &#8211; pelo delegado de pol\u00edcia, quando o Munic\u00edpio n\u00e3o for sede de comarca; ou&nbsp;&nbsp;&nbsp;&nbsp;&nbsp;&nbsp;&nbsp;&nbsp;&nbsp;<\/em><a href=\"http:\/\/www.planalto.gov.br\/ccivil_03\/_Ato2019-2022\/2019\/Lei\/L13827.htm#art2\"><em>(Inclu\u00eddo pela Lei n\u00ba 13.827, de 2019)<\/em><\/a><em><\/em><\/p>\n\n\n\n<p class=\"has-text-align-left\">Todavia, tal lei n\u00e3o estava prevista no conte\u00fado program\u00e1tico do edital, motivo pelo qual a anula\u00e7\u00e3o \u00e9 medida que se imp\u00f5e, diante da extrapola\u00e7\u00e3o do conte\u00fado previsto no edital.<\/p>\n\n\n\n<p class=\"has-text-align-left\"><strong>PLEITO: ANULA\u00c7\u00c3O<\/strong><\/p>\n\n\n\n<p class=\"has-text-align-left\"><\/p>\n\n\n\n<p class=\"has-text-align-left\"><strong>QUEST\u00c3O 99.<\/strong><\/p>\n\n\n\n<p class=\"has-text-align-left\">A\u00e7\u00e3o penal iniciada por den\u00fancia que n\u00e3o contenha a exposi\u00e7\u00e3o do fato criminoso, com todas as suas circunst\u00e2ncias, fere o princ\u00edpio da ampla defesa.<\/p>\n\n\n\n<p class=\"has-text-align-left\"><strong>FUNDAMENTO RECURSAL &#8211; Extrapola\u00e7\u00e3o do edital<\/strong><\/p>\n\n\n\n<p class=\"has-text-align-left\">Para a solu\u00e7\u00e3o da quest\u00e3o o candidato deveria ter conhecimento do art. 41 do CPP:<\/p>\n\n\n\n<p class=\"has-text-align-left\"><em>Art.&nbsp;41.&nbsp;&nbsp;A den\u00fancia ou queixa conter\u00e1 a exposi\u00e7\u00e3o do fato criminoso, com todas as suas circunst\u00e2ncias, a qualifica\u00e7\u00e3o do acusado ou esclarecimentos pelos quais se possa identific\u00e1-lo, a classifica\u00e7\u00e3o do crime e, quando necess\u00e1rio, o rol das testemunhas.<\/em><\/p>\n\n\n\n<p class=\"has-text-align-left\">Todavia, tal dispositivo n\u00e3o estava previsto no conte\u00fado program\u00e1tico do edital, motivo pelo qual a anula\u00e7\u00e3o \u00e9 medida que se imp\u00f5e, diante da extrapola\u00e7\u00e3o do conte\u00fado previsto no edital, j\u00e1 que o tema em quest\u00e3o se reporta ao tema \u201ca\u00e7\u00e3o penal\u201d (requisitos da den\u00fancia ou queixa).<\/p>\n\n\n\n<p class=\"has-text-align-left\">N\u00e3o h\u00e1 como sustentar que se trata de um conte\u00fado referente a \u201cprinc\u00edpios do direito processual penal\u201d, pois isso daria uma carta branca \u00e0 Banca para exigir conte\u00fado sobre qualquer tema de direito processual penal, na medida em que todas as disposi\u00e7\u00f5es relativas ao processo penal acabam tendo alguma liga\u00e7\u00e3o, direta ou indireta, com algum princ\u00edpio do direito processual penal.<\/p>\n\n\n\n<p class=\"has-text-align-left\">Apenas \u00e0 guisa de exemplo, imaginemos a s\u00famula 707 do STF, que estabelece:<\/p>\n\n\n\n<p class=\"has-text-align-left\">\u201cConstitui nulidade a falta de intima\u00e7\u00e3o do denunciado para oferecer contra-raz\u00f5es ao recurso interposto da rejei\u00e7\u00e3o da den\u00fancia, n\u00e3o a suprindo a nomea\u00e7\u00e3o de defensor dativo\u201d<\/p>\n\n\n\n<p class=\"has-text-align-left\">Tal s\u00famula EVIDENTEMENTE se refere a uma disposi\u00e7\u00e3o inerente ao tema de RECURSOS. Logo, para exigir-se tal tema numa prova, deve a Banca cobrar expressamente o tema de RECURSOS. Caso admitamos a extrapola\u00e7\u00e3o do edital que a quest\u00e3o ora impugnada apresenta, poder\u00edamos admitir, hipoteticamente, que a Banca pudesse cobrar a citada s\u00famula 707 do STF apenas alegando que se trata de um tema referente ao \u201cprinc\u00edpio do contradit\u00f3rio\u201d ou \u201cprinc\u00edpio da ampla defesa\u201d, o que \u00e9 um EVIDENTE absurdo.<\/p>\n\n\n\n<p class=\"has-text-align-left\">Assim, a t\u00edtulo de conclus\u00e3o, refor\u00e7a-se que a previs\u00e3o edital\u00edcia de cobran\u00e7a do tema \u201cprinc\u00edpios do direito processual penal\u201d N\u00c3O pode servir como argumento para se cobrar qualquer tema referente ao direito processual penal, sob pena de trazer inseguran\u00e7a jur\u00eddica aos candidatos, que passar\u00e3o a n\u00e3o ter elementos concretos para definir exatamente qual \u00e9 o conte\u00fado a ser estudado para a prova.<\/p>\n\n\n\n<p class=\"has-text-align-left\"><strong>PLEITO: ANULA\u00c7\u00c3O<\/strong><\/p>\n\n\n\n<p class=\"has-text-align-left\"><\/p>\n\n\n\n<p class=\"has-text-align-left\"><strong>QUEST\u00c3O 100.<\/strong><\/p>\n\n\n\n<p class=\"has-text-align-left\">Condena\u00e7\u00e3o baseada em elementos do inqu\u00e9rito policial complementados por provas produzidas em ju\u00edzo n\u00e3o fere o princ\u00edpio do contradit\u00f3rio.<\/p>\n\n\n\n<p class=\"has-text-align-left\"><strong>FUNDAMENTO RECURSAL &#8211; Extrapola\u00e7\u00e3o do edital<\/strong><\/p>\n\n\n\n<p class=\"has-text-align-left\">Para a solu\u00e7\u00e3o da quest\u00e3o o candidato deveria ter conhecimento do art. 155 do CPP:<\/p>\n\n\n\n<p class=\"has-text-align-left\"><em>Art.&nbsp;155.&nbsp; O juiz formar\u00e1 sua convic\u00e7\u00e3o pela livre aprecia\u00e7\u00e3o da prova produzida em contradit\u00f3rio judicial, n\u00e3o podendo fundamentar sua decis\u00e3o exclusivamente nos elementos informativos colhidos na investiga\u00e7\u00e3o, ressalvadas as provas cautelares, n\u00e3o repet\u00edveis e antecipadas.&nbsp;<\/em><a href=\"http:\/\/www.planalto.gov.br\/ccivil_03\/_Ato2007-2010\/2008\/Lei\/L11690.htm#art1\"><em>(Reda\u00e7\u00e3o dada pela Lei n\u00ba 11.690, de 2008)<\/em><\/a><em><\/em><\/p>\n\n\n\n<p class=\"has-text-align-left\">Todavia, tal dispositivo n\u00e3o estava previsto no conte\u00fado program\u00e1tico do edital, motivo pelo qual a anula\u00e7\u00e3o \u00e9 medida que se imp\u00f5e, diante da extrapola\u00e7\u00e3o do conte\u00fado previsto no edital, j\u00e1 que se refere ao tema de \u201cprovas-parte geral\u201d.<\/p>\n\n\n\n<p class=\"has-text-align-left\">N\u00e3o h\u00e1 como sustentar que se trata de um conte\u00fado referente a \u201cprinc\u00edpios do direito processual penal\u201d, pois isso daria uma carta branca \u00e0 Banca para exigir conte\u00fado sobre qualquer tema de direito processual penal, na medida em que todas as disposi\u00e7\u00f5es relativas ao processo penal acabam tendo alguma liga\u00e7\u00e3o, direta ou indireta, com algum princ\u00edpio do direito processual penal.<\/p>\n\n\n\n<p class=\"has-text-align-left\">Apenas \u00e0 guisa de exemplo, imaginemos a s\u00famula 707 do STF, que estabelece:<\/p>\n\n\n\n<p class=\"has-text-align-left\">\u201cConstitui nulidade a falta de intima\u00e7\u00e3o do denunciado para oferecer contra-raz\u00f5es ao recurso interposto da rejei\u00e7\u00e3o da den\u00fancia, n\u00e3o a suprindo a nomea\u00e7\u00e3o de defensor dativo\u201d<\/p>\n\n\n\n<p class=\"has-text-align-left\">Tal s\u00famula EVIDENTEMENTE se refere a uma disposi\u00e7\u00e3o inerente ao tema de RECURSOS. Logo, para exigir-se tal tema numa prova, deve a Banca cobrar expressamente o tema de RECURSOS. Caso admitamos a extrapola\u00e7\u00e3o do edital que a quest\u00e3o ora impugnada apresenta, poder\u00edamos admitir, hipoteticamente, que a Banca pudesse cobrar a citada s\u00famula 707 do STF apenas alegando que se trata de um tema referente ao \u201cprinc\u00edpio do contradit\u00f3rio\u201d ou \u201cprinc\u00edpio da ampla defesa\u201d, o que \u00e9 um EVIDENTE absurdo.<\/p>\n\n\n\n<p class=\"has-text-align-left\">Assim, a t\u00edtulo de conclus\u00e3o, refor\u00e7a-se que a previs\u00e3o edital\u00edcia de cobran\u00e7a do tema \u201cprinc\u00edpios do direito processual penal\u201d N\u00c3O pode servir como argumento para se cobrar qualquer tema referente ao direito processual penal, sob pena de trazer inseguran\u00e7a jur\u00eddica aos candidatos, que passar\u00e3o a n\u00e3o ter elementos concretos para definir exatamente qual \u00e9 o conte\u00fado a ser estudado para a prova.<\/p>\n\n\n\n<p class=\"has-text-align-left\"><strong>PLEITO: ANULA\u00c7\u00c3O<\/strong><\/p>\n\n\n\n<p class=\"has-text-align-left\"><\/p>\n\n\n\n<p class=\"has-text-align-left\"><strong>QUEST\u00c3O 101.<\/strong><\/p>\n\n\n\n<p class=\"has-text-align-left\">Se nomeado defensor pelo juiz, a determina\u00e7\u00e3o de continuidade do processo de acusado citado por edital n\u00e3o fere o princ\u00edpio do contradit\u00f3rio.<\/p>\n\n\n\n<p class=\"has-text-align-left\"><strong>FUNDAMENTO RECURSAL &#8211; Extrapola\u00e7\u00e3o do edital<\/strong><\/p>\n\n\n\n<p class=\"has-text-align-left\">Para a solu\u00e7\u00e3o da quest\u00e3o o candidato deveria ter conhecimento do art. 366 do CPP:<\/p>\n\n\n\n<p class=\"has-text-align-left\"><em>Art.&nbsp;366. Se o acusado, citado por edital, n\u00e3o comparecer, nem constituir advogado, ficar\u00e3o suspensos o processo e o curso do prazo prescricional, podendo o juiz determinar a produ\u00e7\u00e3o antecipada das provas consideradas urgentes e, se for o caso, decretar pris\u00e3o preventiva, nos termos do disposto no&nbsp;<\/em><a href=\"http:\/\/www.planalto.gov.br\/ccivil_03\/decreto-lei\/Del3689Compilado.htm#art312.\"><em>art.&nbsp;312<\/em><\/a><em>.&nbsp;&nbsp;&nbsp;&nbsp;&nbsp;&nbsp;&nbsp;&nbsp;&nbsp;&nbsp; &nbsp;<\/em><a href=\"http:\/\/www.planalto.gov.br\/ccivil_03\/LEIS\/L9271.htm#art1\"><em>(Reda\u00e7\u00e3o dada pela Lei n\u00ba 9.271, de 17.4.1996)<\/em><\/a><em><\/em><\/p>\n\n\n\n<p class=\"has-text-align-left\">Todavia, tal dispositivo n\u00e3o estava previsto no conte\u00fado program\u00e1tico do edital, motivo pelo qual a anula\u00e7\u00e3o \u00e9 medida que se imp\u00f5e, diante da extrapola\u00e7\u00e3o do conte\u00fado previsto no edital, j\u00e1 que se refere ao tema de \u201ccita\u00e7\u00f5es e intima\u00e7\u00f5es\u201d.<\/p>\n\n\n\n<p class=\"has-text-align-left\">N\u00e3o h\u00e1 como sustentar que se trata de um conte\u00fado referente a \u201cprinc\u00edpios do direito processual penal\u201d, pois isso daria uma carta branca \u00e0 Banca para exigir conte\u00fado sobre qualquer tema de direito processual penal, na medida em que todas as disposi\u00e7\u00f5es relativas ao processo penal acabam tendo alguma liga\u00e7\u00e3o, direta ou indireta, com algum princ\u00edpio do direito processual penal.<\/p>\n\n\n\n<p class=\"has-text-align-left\">Apenas \u00e0 guisa de exemplo, imaginemos a s\u00famula 707 do STF, que estabelece:<\/p>\n\n\n\n<p class=\"has-text-align-left\">\u201cConstitui nulidade a falta de intima\u00e7\u00e3o do denunciado para oferecer contra-raz\u00f5es ao recurso interposto da rejei\u00e7\u00e3o da den\u00fancia, n\u00e3o a suprindo a nomea\u00e7\u00e3o de defensor dativo\u201d<\/p>\n\n\n\n<p class=\"has-text-align-left\">Tal s\u00famula EVIDENTEMENTE se refere a uma disposi\u00e7\u00e3o inerente ao tema de RECURSOS. Logo, para exigir-se tal tema numa prova, deve a Banca cobrar expressamente o tema de RECURSOS. Caso admitamos a extrapola\u00e7\u00e3o do edital que a quest\u00e3o ora impugnada apresenta, poder\u00edamos admitir, hipoteticamente, que a Banca pudesse cobrar a citada s\u00famula 707 do STF apenas alegando que se trata de um tema referente ao \u201cprinc\u00edpio do contradit\u00f3rio\u201d ou \u201cprinc\u00edpio da ampla defesa\u201d, o que \u00e9 um EVIDENTE absurdo.<\/p>\n\n\n\n<p class=\"has-text-align-left\">Assim, a t\u00edtulo de conclus\u00e3o, refor\u00e7a-se que a previs\u00e3o edital\u00edcia de cobran\u00e7a do tema \u201cprinc\u00edpios do direito processual penal\u201d N\u00c3O pode servir como argumento para se cobrar qualquer tema referente ao direito processual penal, sob pena de trazer inseguran\u00e7a jur\u00eddica aos candidatos, que passar\u00e3o a n\u00e3o ter elementos concretos para definir exatamente qual \u00e9 o conte\u00fado a ser estudado para a prova.<\/p>\n\n\n\n<p class=\"has-text-align-left\"><strong>PLEITO: ANULA\u00c7\u00c3O<\/strong><\/p>\n\n\n\n<p>&nbsp;__________________<\/p>\n\n\n\n<p>Se voc\u00ea quer conhecer mais do meu trabalho aqui no Estrat\u00e9gia Concursos, <a href=\"https:\/\/www.estrategiaconcursos.com.br\/cursosPorProfessor\/renan-araujo-3209\/\">clique aqui<\/a> e baixe, gratuitamente, as aulas demonstrativas dos meus cursos.<\/p>\n\n\n\n<p><strong>Bons estudos!<\/strong><\/p>\n\n\n\n<p><strong>Prof. Renan Araujo<\/strong><\/p>\n\n\n\n<p><strong>E-mail:&nbsp;<\/strong><a href=\"mailto:profrenanaraujo@gmail.com\"><strong>prof<\/strong><\/a><strong>renanaraujo@gmail.com<\/strong><\/p>\n\n\n\n<p><strong>Facebook:&nbsp;<\/strong><a href=\"http:\/\/www.facebook.com\/profrenanaraujoestrategia\"><strong>www.facebook.com\/profrenanaraujoestrategia<\/strong><\/a><\/p>\n\n\n\n<p><strong>Instagram:&nbsp;<\/strong><a href=\"http:\/\/www.instagram.com\/profrenanaraujo\/?hl=pt-br\"><strong>www.instagram.com\/profrenanaraujo\/?hl=pt-br<\/strong><\/a><\/p>\n\n\n\n<p><strong>Youtube:&nbsp;<\/strong><a href=\"http:\/\/www.youtube.com\/channel\/UClIFS2cyREWT35OELN8wcFQ\"><strong>www.youtube.com\/channel\/UClIFS2cyREWT35OELN8wcFQ<\/strong><\/a><\/p>\n","protected":false},"excerpt":{"rendered":"<p>Ol\u00e1, pessoal Para quem n\u00e3o me conhece ainda, meu nome \u00e9 Renan Araujo e sou professor aqui no Estrat\u00e9gia Concursos, lecionando as mat\u00e9rias de Direito Penal e Processual Penal. Antes de prosseguir, convido voc\u00ea a me seguir no INSTAGRAM:&nbsp;Instagram do Prof. Renan Araujo Conforme hav\u00edamos mencionado domingo, logo ap\u00f3s a prova, algumas quest\u00f5es de Direito [&hellip;]<\/p>\n","protected":false},"author":39,"featured_media":0,"comment_status":"open","ping_status":"closed","sticky":false,"template":"","format":"standard","meta":{"post_tipo":"article","footnotes":""},"categories":[1],"tags":[],"tax_estado":[],"class_list":["post-851009","post","type-post","status-publish","format-standard","hentry","category-cursos-e-concursos"],"acf":[],"yoast_head":"<!-- This site is optimized with the Yoast SEO Premium plugin v27.2 (Yoast SEO v27.2) - https:\/\/yoast.com\/product\/yoast-seo-premium-wordpress\/ -->\n<title>RECURSOS PCAL - Direito Processual Penal (agente)<\/title>\n<meta name=\"description\" content=\"Recursos elaborados pelo Prof. Renan Araujo em rela\u00e7\u00e3o \u00e0s quest\u00f5es de Direito Processual Penal da prova para agente da PCAL.\" \/>\n<meta name=\"robots\" content=\"index, follow, max-snippet:-1, max-image-preview:large, max-video-preview:-1\" \/>\n<link rel=\"canonical\" href=\"https:\/\/www.estrategiaconcursos.com.br\/blog\/recurso-pcal-processo-penal-agente-cespe\/\" \/>\n<meta property=\"og:locale\" content=\"pt_BR\" \/>\n<meta property=\"og:type\" content=\"article\" \/>\n<meta property=\"og:title\" content=\"RECURSOS PCAL - Direito Processual Penal (agente)\" \/>\n<meta property=\"og:description\" content=\"Recursos elaborados pelo Prof. Renan Araujo em rela\u00e7\u00e3o \u00e0s quest\u00f5es de Direito Processual Penal da prova para agente da PCAL.\" \/>\n<meta property=\"og:url\" content=\"https:\/\/www.estrategiaconcursos.com.br\/blog\/recurso-pcal-processo-penal-agente-cespe\/\" \/>\n<meta property=\"og:site_name\" content=\"Estrat\u00e9gia Concursos\" \/>\n<meta property=\"article:published_time\" content=\"2021-09-01T14:04:08+00:00\" \/>\n<meta property=\"article:modified_time\" content=\"2021-09-01T14:04:09+00:00\" \/>\n<meta name=\"author\" content=\"Renan Araujo\" \/>\n<meta name=\"twitter:card\" content=\"summary_large_image\" \/>\n<meta name=\"twitter:creator\" content=\"@EstratConcursos\" \/>\n<meta name=\"twitter:site\" content=\"@EstratConcursos\" \/>\n<meta name=\"twitter:label1\" content=\"Escrito por\" \/>\n\t<meta name=\"twitter:data1\" content=\"Renan Araujo\" \/>\n\t<meta name=\"twitter:label2\" content=\"Est. tempo de leitura\" \/>\n\t<meta name=\"twitter:data2\" content=\"7 minutos\" \/>\n<script type=\"application\/ld+json\" class=\"yoast-schema-graph\">{\"@context\":\"https:\/\/schema.org\",\"@graph\":[{\"@type\":\"NewsArticle\",\"@id\":\"https:\/\/www.estrategiaconcursos.com.br\/blog\/recurso-pcal-processo-penal-agente-cespe\/#article\",\"isPartOf\":{\"@id\":\"https:\/\/www.estrategiaconcursos.com.br\/blog\/recurso-pcal-processo-penal-agente-cespe\/\"},\"author\":{\"name\":\"Renan Araujo\",\"@id\":\"https:\/\/www.estrategiaconcursos.com.br\/blog\/#\/schema\/person\/1a7a7af72da82939a6308b2ee292162b\"},\"headline\":\"RECURSOS PCAL &#8211; Direito Processual Penal (agente)\",\"datePublished\":\"2021-09-01T14:04:08+00:00\",\"dateModified\":\"2021-09-01T14:04:09+00:00\",\"mainEntityOfPage\":{\"@id\":\"https:\/\/www.estrategiaconcursos.com.br\/blog\/recurso-pcal-processo-penal-agente-cespe\/\"},\"wordCount\":1649,\"commentCount\":0,\"publisher\":{\"@id\":\"https:\/\/www.estrategiaconcursos.com.br\/blog\/#organization\"},\"articleSection\":[\"Concursos P\u00fablicos\"],\"inLanguage\":\"pt-BR\",\"potentialAction\":[{\"@type\":\"CommentAction\",\"name\":\"Comment\",\"target\":[\"https:\/\/www.estrategiaconcursos.com.br\/blog\/recurso-pcal-processo-penal-agente-cespe\/#respond\"]}],\"copyrightYear\":\"2021\",\"copyrightHolder\":{\"@id\":\"https:\/\/www.estrategiaconcursos.com.br\/blog\/#organization\"}},{\"@type\":\"WebPage\",\"@id\":\"https:\/\/www.estrategiaconcursos.com.br\/blog\/recurso-pcal-processo-penal-agente-cespe\/\",\"url\":\"https:\/\/www.estrategiaconcursos.com.br\/blog\/recurso-pcal-processo-penal-agente-cespe\/\",\"name\":\"RECURSOS PCAL - Direito Processual Penal (agente)\",\"isPartOf\":{\"@id\":\"https:\/\/www.estrategiaconcursos.com.br\/blog\/#website\"},\"datePublished\":\"2021-09-01T14:04:08+00:00\",\"dateModified\":\"2021-09-01T14:04:09+00:00\",\"description\":\"Recursos elaborados pelo Prof. Renan Araujo em rela\u00e7\u00e3o \u00e0s quest\u00f5es de Direito Processual Penal da prova para agente da PCAL.\",\"breadcrumb\":{\"@id\":\"https:\/\/www.estrategiaconcursos.com.br\/blog\/recurso-pcal-processo-penal-agente-cespe\/#breadcrumb\"},\"inLanguage\":\"pt-BR\",\"potentialAction\":[{\"@type\":\"ReadAction\",\"target\":[\"https:\/\/www.estrategiaconcursos.com.br\/blog\/recurso-pcal-processo-penal-agente-cespe\/\"]}]},{\"@type\":\"BreadcrumbList\",\"@id\":\"https:\/\/www.estrategiaconcursos.com.br\/blog\/recurso-pcal-processo-penal-agente-cespe\/#breadcrumb\",\"itemListElement\":[{\"@type\":\"ListItem\",\"position\":1,\"name\":\"In\u00edcio\",\"item\":\"https:\/\/www.estrategiaconcursos.com.br\/blog\/\"},{\"@type\":\"ListItem\",\"position\":2,\"name\":\"RECURSOS PCAL &#8211; Direito Processual Penal (agente)\"}]},{\"@type\":\"WebSite\",\"@id\":\"https:\/\/www.estrategiaconcursos.com.br\/blog\/#website\",\"url\":\"https:\/\/www.estrategiaconcursos.com.br\/blog\/\",\"name\":\"Estrat\u00e9gia Concursos\",\"description\":\"O blog da Estrat\u00e9gia Concursos traz not\u00edcias sobre concursos e artigos de professores oferecendo cursos para concursos (pdf + videaulas) no site.\",\"publisher\":{\"@id\":\"https:\/\/www.estrategiaconcursos.com.br\/blog\/#organization\"},\"potentialAction\":[{\"@type\":\"SearchAction\",\"target\":{\"@type\":\"EntryPoint\",\"urlTemplate\":\"https:\/\/www.estrategiaconcursos.com.br\/blog\/?s={search_term_string}\"},\"query-input\":{\"@type\":\"PropertyValueSpecification\",\"valueRequired\":true,\"valueName\":\"search_term_string\"}}],\"inLanguage\":\"pt-BR\"},{\"@type\":\"Organization\",\"@id\":\"https:\/\/www.estrategiaconcursos.com.br\/blog\/#organization\",\"name\":\"Estrat\u00e9gia Concursos\",\"url\":\"https:\/\/www.estrategiaconcursos.com.br\/blog\/\",\"logo\":{\"@type\":\"ImageObject\",\"inLanguage\":\"pt-BR\",\"@id\":\"https:\/\/www.estrategiaconcursos.com.br\/blog\/#\/schema\/logo\/image\/\",\"url\":\"https:\/\/dhg1h5j42swfq.cloudfront.net\/2025\/06\/03203428\/logo_concursos-1.jpg\",\"contentUrl\":\"https:\/\/dhg1h5j42swfq.cloudfront.net\/2025\/06\/03203428\/logo_concursos-1.jpg\",\"width\":230,\"height\":60,\"caption\":\"Estrat\u00e9gia Concursos\"},\"image\":{\"@id\":\"https:\/\/www.estrategiaconcursos.com.br\/blog\/#\/schema\/logo\/image\/\"},\"sameAs\":[\"https:\/\/x.com\/EstratConcursos\"]},{\"@type\":\"Person\",\"@id\":\"https:\/\/www.estrategiaconcursos.com.br\/blog\/#\/schema\/person\/1a7a7af72da82939a6308b2ee292162b\",\"name\":\"Renan Araujo\",\"image\":{\"@type\":\"ImageObject\",\"inLanguage\":\"pt-BR\",\"@id\":\"https:\/\/secure.gravatar.com\/avatar\/ca6cb9ba5a547fbe93c05c63d6103dff6c2566555a601f1efb8590a69fb9ed76?s=96&d=mm&r=g\",\"url\":\"https:\/\/secure.gravatar.com\/avatar\/ca6cb9ba5a547fbe93c05c63d6103dff6c2566555a601f1efb8590a69fb9ed76?s=96&d=mm&r=g\",\"contentUrl\":\"https:\/\/secure.gravatar.com\/avatar\/ca6cb9ba5a547fbe93c05c63d6103dff6c2566555a601f1efb8590a69fb9ed76?s=96&d=mm&r=g\",\"caption\":\"Renan Araujo\"},\"url\":\"https:\/\/www.estrategiaconcursos.com.br\/blog\/author\/renanaraujoestrategiaconcursos-com-br\/\"}]}<\/script>\n<!-- \/ Yoast SEO Premium plugin. -->","yoast_head_json":{"title":"RECURSOS PCAL - Direito Processual Penal (agente)","description":"Recursos elaborados pelo Prof. Renan Araujo em rela\u00e7\u00e3o \u00e0s quest\u00f5es de Direito Processual Penal da prova para agente da PCAL.","robots":{"index":"index","follow":"follow","max-snippet":"max-snippet:-1","max-image-preview":"max-image-preview:large","max-video-preview":"max-video-preview:-1"},"canonical":"https:\/\/www.estrategiaconcursos.com.br\/blog\/recurso-pcal-processo-penal-agente-cespe\/","og_locale":"pt_BR","og_type":"article","og_title":"RECURSOS PCAL - Direito Processual Penal (agente)","og_description":"Recursos elaborados pelo Prof. Renan Araujo em rela\u00e7\u00e3o \u00e0s quest\u00f5es de Direito Processual Penal da prova para agente da PCAL.","og_url":"https:\/\/www.estrategiaconcursos.com.br\/blog\/recurso-pcal-processo-penal-agente-cespe\/","og_site_name":"Estrat\u00e9gia Concursos","article_published_time":"2021-09-01T14:04:08+00:00","article_modified_time":"2021-09-01T14:04:09+00:00","author":"Renan Araujo","twitter_card":"summary_large_image","twitter_creator":"@EstratConcursos","twitter_site":"@EstratConcursos","twitter_misc":{"Escrito por":"Renan Araujo","Est. tempo de leitura":"7 minutos"},"schema":{"@context":"https:\/\/schema.org","@graph":[{"@type":"NewsArticle","@id":"https:\/\/www.estrategiaconcursos.com.br\/blog\/recurso-pcal-processo-penal-agente-cespe\/#article","isPartOf":{"@id":"https:\/\/www.estrategiaconcursos.com.br\/blog\/recurso-pcal-processo-penal-agente-cespe\/"},"author":{"name":"Renan Araujo","@id":"https:\/\/www.estrategiaconcursos.com.br\/blog\/#\/schema\/person\/1a7a7af72da82939a6308b2ee292162b"},"headline":"RECURSOS PCAL &#8211; Direito Processual Penal (agente)","datePublished":"2021-09-01T14:04:08+00:00","dateModified":"2021-09-01T14:04:09+00:00","mainEntityOfPage":{"@id":"https:\/\/www.estrategiaconcursos.com.br\/blog\/recurso-pcal-processo-penal-agente-cespe\/"},"wordCount":1649,"commentCount":0,"publisher":{"@id":"https:\/\/www.estrategiaconcursos.com.br\/blog\/#organization"},"articleSection":["Concursos P\u00fablicos"],"inLanguage":"pt-BR","potentialAction":[{"@type":"CommentAction","name":"Comment","target":["https:\/\/www.estrategiaconcursos.com.br\/blog\/recurso-pcal-processo-penal-agente-cespe\/#respond"]}],"copyrightYear":"2021","copyrightHolder":{"@id":"https:\/\/www.estrategiaconcursos.com.br\/blog\/#organization"}},{"@type":"WebPage","@id":"https:\/\/www.estrategiaconcursos.com.br\/blog\/recurso-pcal-processo-penal-agente-cespe\/","url":"https:\/\/www.estrategiaconcursos.com.br\/blog\/recurso-pcal-processo-penal-agente-cespe\/","name":"RECURSOS PCAL - Direito Processual Penal (agente)","isPartOf":{"@id":"https:\/\/www.estrategiaconcursos.com.br\/blog\/#website"},"datePublished":"2021-09-01T14:04:08+00:00","dateModified":"2021-09-01T14:04:09+00:00","description":"Recursos elaborados pelo Prof. Renan Araujo em rela\u00e7\u00e3o \u00e0s quest\u00f5es de Direito Processual Penal da prova para agente da PCAL.","breadcrumb":{"@id":"https:\/\/www.estrategiaconcursos.com.br\/blog\/recurso-pcal-processo-penal-agente-cespe\/#breadcrumb"},"inLanguage":"pt-BR","potentialAction":[{"@type":"ReadAction","target":["https:\/\/www.estrategiaconcursos.com.br\/blog\/recurso-pcal-processo-penal-agente-cespe\/"]}]},{"@type":"BreadcrumbList","@id":"https:\/\/www.estrategiaconcursos.com.br\/blog\/recurso-pcal-processo-penal-agente-cespe\/#breadcrumb","itemListElement":[{"@type":"ListItem","position":1,"name":"In\u00edcio","item":"https:\/\/www.estrategiaconcursos.com.br\/blog\/"},{"@type":"ListItem","position":2,"name":"RECURSOS PCAL &#8211; Direito Processual Penal (agente)"}]},{"@type":"WebSite","@id":"https:\/\/www.estrategiaconcursos.com.br\/blog\/#website","url":"https:\/\/www.estrategiaconcursos.com.br\/blog\/","name":"Estrat\u00e9gia Concursos","description":"O blog da Estrat\u00e9gia Concursos traz not\u00edcias sobre concursos e artigos de professores oferecendo cursos para concursos (pdf + videaulas) no site.","publisher":{"@id":"https:\/\/www.estrategiaconcursos.com.br\/blog\/#organization"},"potentialAction":[{"@type":"SearchAction","target":{"@type":"EntryPoint","urlTemplate":"https:\/\/www.estrategiaconcursos.com.br\/blog\/?s={search_term_string}"},"query-input":{"@type":"PropertyValueSpecification","valueRequired":true,"valueName":"search_term_string"}}],"inLanguage":"pt-BR"},{"@type":"Organization","@id":"https:\/\/www.estrategiaconcursos.com.br\/blog\/#organization","name":"Estrat\u00e9gia Concursos","url":"https:\/\/www.estrategiaconcursos.com.br\/blog\/","logo":{"@type":"ImageObject","inLanguage":"pt-BR","@id":"https:\/\/www.estrategiaconcursos.com.br\/blog\/#\/schema\/logo\/image\/","url":"https:\/\/dhg1h5j42swfq.cloudfront.net\/2025\/06\/03203428\/logo_concursos-1.jpg","contentUrl":"https:\/\/dhg1h5j42swfq.cloudfront.net\/2025\/06\/03203428\/logo_concursos-1.jpg","width":230,"height":60,"caption":"Estrat\u00e9gia Concursos"},"image":{"@id":"https:\/\/www.estrategiaconcursos.com.br\/blog\/#\/schema\/logo\/image\/"},"sameAs":["https:\/\/x.com\/EstratConcursos"]},{"@type":"Person","@id":"https:\/\/www.estrategiaconcursos.com.br\/blog\/#\/schema\/person\/1a7a7af72da82939a6308b2ee292162b","name":"Renan Araujo","image":{"@type":"ImageObject","inLanguage":"pt-BR","@id":"https:\/\/secure.gravatar.com\/avatar\/ca6cb9ba5a547fbe93c05c63d6103dff6c2566555a601f1efb8590a69fb9ed76?s=96&d=mm&r=g","url":"https:\/\/secure.gravatar.com\/avatar\/ca6cb9ba5a547fbe93c05c63d6103dff6c2566555a601f1efb8590a69fb9ed76?s=96&d=mm&r=g","contentUrl":"https:\/\/secure.gravatar.com\/avatar\/ca6cb9ba5a547fbe93c05c63d6103dff6c2566555a601f1efb8590a69fb9ed76?s=96&d=mm&r=g","caption":"Renan Araujo"},"url":"https:\/\/www.estrategiaconcursos.com.br\/blog\/author\/renanaraujoestrategiaconcursos-com-br\/"}]}},"_links":{"self":[{"href":"https:\/\/www.estrategiaconcursos.com.br\/blog\/wp-json\/wp\/v2\/posts\/851009","targetHints":{"allow":["GET"]}}],"collection":[{"href":"https:\/\/www.estrategiaconcursos.com.br\/blog\/wp-json\/wp\/v2\/posts"}],"about":[{"href":"https:\/\/www.estrategiaconcursos.com.br\/blog\/wp-json\/wp\/v2\/types\/post"}],"author":[{"embeddable":true,"href":"https:\/\/www.estrategiaconcursos.com.br\/blog\/wp-json\/wp\/v2\/users\/39"}],"replies":[{"embeddable":true,"href":"https:\/\/www.estrategiaconcursos.com.br\/blog\/wp-json\/wp\/v2\/comments?post=851009"}],"version-history":[{"count":1,"href":"https:\/\/www.estrategiaconcursos.com.br\/blog\/wp-json\/wp\/v2\/posts\/851009\/revisions"}],"predecessor-version":[{"id":851017,"href":"https:\/\/www.estrategiaconcursos.com.br\/blog\/wp-json\/wp\/v2\/posts\/851009\/revisions\/851017"}],"wp:attachment":[{"href":"https:\/\/www.estrategiaconcursos.com.br\/blog\/wp-json\/wp\/v2\/media?parent=851009"}],"wp:term":[{"taxonomy":"category","embeddable":true,"href":"https:\/\/www.estrategiaconcursos.com.br\/blog\/wp-json\/wp\/v2\/categories?post=851009"},{"taxonomy":"post_tag","embeddable":true,"href":"https:\/\/www.estrategiaconcursos.com.br\/blog\/wp-json\/wp\/v2\/tags?post=851009"},{"taxonomy":"tax_estado","embeddable":true,"href":"https:\/\/www.estrategiaconcursos.com.br\/blog\/wp-json\/wp\/v2\/tax_estado?post=851009"}],"curies":[{"name":"wp","href":"https:\/\/api.w.org\/{rel}","templated":true}]}}