{"id":850908,"date":"2021-09-01T10:52:22","date_gmt":"2021-09-01T13:52:22","guid":{"rendered":"https:\/\/www.estrategiaconcursos.com.br\/blog\/?p=850908"},"modified":"2021-09-01T10:52:24","modified_gmt":"2021-09-01T13:52:24","slug":"ploa-2022-quantas-vagas-sao-previstas-para-o-poder-legislativo","status":"publish","type":"post","link":"https:\/\/www.estrategiaconcursos.com.br\/blog\/ploa-2022-quantas-vagas-sao-previstas-para-o-poder-legislativo\/","title":{"rendered":"PLOA 2022: Quantas vagas s\u00e3o previstas para o Poder Legislativo?"},"content":{"rendered":"\n<p>Aten\u00e7\u00e3o, concurseiros! Viram que o <strong>Projeto de Lei Or\u00e7ament\u00e1ria Anual (PLOA) para o ano de 2022<\/strong> foi publicado? De acordo com o texto, s\u00e3o previstas\u00a073.640 vagas, sendo 69.543 oportunidades atrav\u00e9s de provimento e outras 4.097 por cria\u00e7\u00e3o.  <\/p>\n\n\n\n<p>E quantas vagas s\u00e3o reservadas no PLOA 2022 para o Poder Legislativo? No total, s\u00e3o <strong>149 oportunidades<\/strong>, distribu\u00eddas entre os \u00f3rg\u00e3os do <strong>Senado Federal, C\u00e2mara dos Deputados e Tribunal de Contas da Uni\u00e3o<\/strong>.<\/p>\n\n\n\n<p>Agora, a proposta ser\u00e1 apreciada pela Comiss\u00e3o Mista de Or\u00e7amento (CMO). Em seguida, o texto passar\u00e1 por vota\u00e7\u00e3o no Congresso Nacional. A san\u00e7\u00e3o do presidente, por sua vez, deve ocorrer at\u00e9 o encerramento da sess\u00e3o legislativa, em 22 de dezembro.<\/p>\n\n\n\n<p class=\"has-text-align-center has-background\" style=\"background-color:#d8bd73;font-size:clamp(14px, 0.875rem + ((1vw - 3.2px) * 0.392), 18px);\"><a href=\"https:\/\/www.gov.br\/economia\/pt-br\/assuntos\/planejamento-e-orcamento\/orcamento\/orcamentos-anuais\/2022\/ploa\/Anexos_I_a_VII.pdf\" target=\"_blank\" rel=\"noreferrer noopener\"><strong>Projeto de Lei Or\u00e7ament\u00e1ria Anual (PLOA) 2022<\/strong><\/a><\/p>\n\n\n\n<h3 class=\"wp-block-heading\">PLOA 2022 prev\u00ea 149 vagas para o Poder Legislativo<\/h3>\n\n\n\n<div class=\"wp-block-image\"><figure class=\"aligncenter size-large\"><a href=\"https:\/\/www.gov.br\/economia\/pt-br\/assuntos\/planejamento-e-orcamento\/orcamento\/orcamentos-anuais\/2022\/ploa\/Anexos_I_a_VII.pdf\" target=\"_blank\" rel=\"noopener\"><img loading=\"lazy\" decoding=\"async\" width=\"1024\" height=\"189\" src=\"https:\/\/dhg1h5j42swfq.cloudfront.net\/2021\/09\/01092546\/image-3-1024x189.png\" alt=\"\" class=\"wp-image-850867\" srcset=\"https:\/\/dhg1h5j42swfq.cloudfront.net\/2021\/09\/01092546\/image-3-1024x189.png 1024w, https:\/\/dhg1h5j42swfq.cloudfront.net\/2021\/09\/01092546\/image-3-300x55.png 300w, https:\/\/dhg1h5j42swfq.cloudfront.net\/2021\/09\/01092546\/image-3-768x141.png 768w, https:\/\/dhg1h5j42swfq.cloudfront.net\/2021\/09\/01092546\/image-3-1536x283.png 1536w, https:\/\/dhg1h5j42swfq.cloudfront.net\/2021\/09\/01092546\/image-3-610x112.png 610w, https:\/\/dhg1h5j42swfq.cloudfront.net\/2021\/09\/01092546\/image-3.png 1559w\" sizes=\"auto, (max-width: 1024px) 100vw, 1024px\" \/><\/a><\/figure><\/div>\n\n\n\n<p class=\"has-background\" style=\"background-color:#eeeeee;font-size:clamp(14px, 0.875rem + ((1vw - 3.2px) * 0.392), 18px);\"><a href=\"https:\/\/www.estrategiaconcursos.com.br\/blog\/concurso-senado-federal\/\" target=\"_blank\" rel=\"noreferrer noopener\"><strong>Concurso Senado Federal<\/strong><\/a><\/p>\n\n\n\n<ul class=\"wp-block-list\"><li><strong>Vagas previstas<\/strong>: 40<\/li><li><strong>Despesa total [exerc\u00edcio]<\/strong>: R$ 9.974.771<\/li><li><strong>Despesa total [anualizada]<\/strong>: R$ 13.600.288<\/li><\/ul>\n\n\n\n<p><strong>Panorama do concurso:<\/strong><\/p>\n\n\n\n<p>Embora ainda n\u00e3o esteja com as atividades quentes, a expectativa para este ano de 2021 \u00e9 que novas tramita\u00e7\u00f5es sobre o concurso do Senado ocorram e que a comiss\u00e3o, anteriormente revogada pela \u00f3rg\u00e3o, seja reestabelecida para avan\u00e7ar nos preparativos da sele\u00e7\u00e3o.<\/p>\n\n\n\n<p>Vale ressaltar que o certame ainda segue sem banca definida. Apesar do Cebraspe chegar a confirmar em nota que seria o organizador, o \u00f3rg\u00e3o veio a p\u00fablico negar a contrata\u00e7\u00e3o da empresa brasiliense.<\/p>\n\n\n\n<p>Conforme informa\u00e7\u00f5es do Projeto B\u00e1sico Simplificado do edital, o concurso Senado Federal visa o preenchimento de 40 vagas imediatas e cadastro de reserva para T\u00e9cnico Legislativo (Policial Legislativo), Advogado e Analista Legislativo.<\/p>\n\n\n\n<p class=\"has-background\" style=\"background-color:#eeeeee;font-size:clamp(14px, 0.875rem + ((1vw - 3.2px) * 0.392), 18px);\"><strong><a href=\"https:\/\/www.estrategiaconcursos.com.br\/blog\/concurso-camara-dos-deputados\/\" target=\"_blank\" rel=\"noreferrer noopener\">Concurso C\u00e2mara dos Deputados<\/a><\/strong><\/p>\n\n\n\n<ul class=\"wp-block-list\"><li><strong>Vagas previstas<\/strong>: 70<\/li><li><strong>Despesa total [exerc\u00edcio]<\/strong>: R$ 12.063.503<\/li><li><strong>Despesa total [anualizada]<\/strong>: R$ 24.127.006<\/li><\/ul>\n\n\n\n<p><strong>Panorama do concurso:<\/strong><\/p>\n\n\n\n<p>O concurso da C\u00e2mara dos Deputados \u00e9 um dos certames que mais geram expectativa nos concurseiros de todo o Brasil.&nbsp;E, com a previs\u00e3o no PLOA 2022, sua realiza\u00e7\u00e3o pode finalmente acontecer nos pr\u00f3ximos meses.<\/p>\n\n\n\n<p>O \u00faltimo certame para o quadro de servidores da C\u00e2mara ocorreu em 2014 e ofereceu 113 vagas. Sob organiza\u00e7\u00e3o do Cespe\/Cebraspe, foram ofertadas vagas para cargos de n\u00edvel m\u00e9dio e superior, com sal\u00e1rios de R$ 12.286,61 e R$ 25.105,39.\u00a0As provas foram aplicadas\u00a0somente\u00a0em Bras\u00edlia-DF.<\/p>\n\n\n\n<p class=\"has-background\" style=\"background-color:#eeeeee;font-size:clamp(14px, 0.875rem + ((1vw - 3.2px) * 0.392), 18px);\"><a href=\"https:\/\/www.estrategiaconcursos.com.br\/blog\/concurso-tcu\/\" target=\"_blank\" rel=\"noreferrer noopener\"><strong>Concurso Tribunal de Contas da Uni\u00e3o<\/strong><\/a><\/p>\n\n\n\n<ul class=\"wp-block-list\"><li><strong>Vagas previstas<\/strong>: 39<\/li><li><strong>Despesa total [exerc\u00edcio]<\/strong>: R$ 8.282.550<\/li><li><strong>Despesa total [anualizada]<\/strong>: R$ 14.542.189<\/li><\/ul>\n\n\n\n<p><strong>Panorama do concurso:<\/strong><\/p>\n\n\n\n<p>O t\u00e3o aguardado concurso do Tribunal de Contas da Uni\u00e3o (TCU) segue esquentando a cada dia no radar! De acordo com a \u00faltima autoriza\u00e7\u00e3o divulgada no Di\u00e1rio Oficial da Uni\u00e3o, o certame foi autorizado com\u00a020 vagas imediatas, al\u00e9m de cadastro reserva,\u00a0para o cargo de\u00a0Auditor Federal de Controle Externo.<\/p>\n\n\n\n<p>Portanto, com 39 vagas previstas no PLOA 2022, o TCU poder\u00e1 chamar mais aprovados que o n\u00famero autorizado formalmente at\u00e9 agora.<\/p>\n\n\n\n<h2 class=\"has-text-align-center has-background has-medium-font-size wp-block-heading\" id=\"h-concursos-legislativos-concursos-2022\" style=\"background-color:#d8bd73\"><a href=\"https:\/\/www.estrategiaconcursos.com.br\/blog\/concursos-legislativos-2021\/\" target=\"_blank\" rel=\"noreferrer noopener\">Concursos Legislativos<\/a> | <a href=\"https:\/\/www.estrategiaconcursos.com.br\/blog\/concursos-2022\/\" target=\"_blank\" rel=\"noreferrer noopener\">Concursos 2022<\/a><\/h2>\n\n\n\n<div class=\"container\" id=\"boxes\">\n  <div class=\"row\">\n\n    <div class=\"col-sm\">\n      <div class=\"banner-legislativo\" id=\"box-assinatura\">\n        <h3 class=\"titulo-assinatura\">Carreiras Legislativas<\/h3>\n        <p class=\"subtitulo-assinatura\">Conhe\u00e7a os cursos<\/p>\n        <div class=\"box-botao\">\n          <a class=\"btn-assinatura\" target=\"_blank\" href=\"https:\/\/www.estrategiaconcursos.com.br\/cursosPorConcurso\/area-legislativa-pacotes-promocionais\/\" role=\"button\" rel=\"noopener noreferrer\">Conhe\u00e7a mais<\/a>\n        <\/div>\n      <\/div>\n     \n\n  <\/div>\n<\/div><\/div>\n\n\n\n<div class=\"container\" id=\"boxes\">\n  <div class=\"row\">\n\n    <div class=\"col-sm\">\n      <div class=\"estrategia\" id=\"box-assinatura\">\n        <h3 class=\"titulo-assinatura\">Assinatura de Concursos<\/h3>\n        <p class=\"subtitulo-assinatura\">Assinatura de 1 ano ou 2 anos<\/p>\n        <div class=\"box-botao\">\n          <a class=\"btn-assinatura\" target=\"_blank\" href=\"https:\/\/www.estrategiaconcursos.com.br\/assinaturas\/\" role=\"button\" rel=\"noopener noreferrer\">ASSINE AGORA<\/a>\n        <\/div>\n      <\/div>\n     \n    <\/div><\/div><\/div>\n\n\n\n<div class=\"container\" id=\"boxes\">\n  <div class=\"row\">\n\n    <div class=\"col-sm\" id=\"boxes-concursos\">\n      <div style=\"background-color: #005DAD;\" class=\"conteudo-concursos\" id=\"box-concursos\">\n        <h3 class=\"titulo-assinatura\">Concursos Abertos<\/h3>\n        <p class=\"subtitulo-assinatura\">Os editais publicados<\/p>\n        <div class=\"box-botao\">\n          <a class=\"btn-assinatura\" target=\"_blank\" href=\"https:\/\/www.estrategiaconcursos.com.br\/blog\/concursos-abertos\/\" role=\"button\" rel=\"noopener noreferrer\">Conhe\u00e7a Agora<\/a>\n        <\/div>\n      <\/div>\n    <\/div>\n\n    <div class=\"col-sm\" id=\"boxes-concursos\">\n      <div style=\"background-color: #1A7ED5;\" class=\"conteudo-concursos\" id=\"box-concursos\">\n        <h3 class=\"titulo-assinatura\">Concursos 2021<\/h3>\n        <p class=\"subtitulo-assinatura\">As oportunidades previstas<\/p>\n        <div class=\"box-botao\">\n          <a class=\"btn-assinatura\" target=\"_blank\" href=\"https:\/\/www.estrategiaconcursos.com.br\/blog\/concursos-2021\/\" role=\"button\" rel=\"noopener noreferrer\">Conhe\u00e7a Agora<\/a>\n        <\/div>\n      <\/div>\n    <\/div>\n\n    <div class=\"col-sm\" id=\"boxes-concursos\">\n      <div style=\"background-color: #419FF0;\" class=\"conteudo-concursos\" id=\"box-concursos\">\n        <h3 class=\"titulo-assinatura\">Concursos 2022<\/h3>\n        <p class=\"subtitulo-assinatura\">Vagas para o pr\u00f3ximo ano<\/p>\n        <div class=\"box-botao\">\n          <a class=\"btn-assinatura\" target=\"_blank\" href=\"https:\/\/www.estrategiaconcursos.com.br\/blog\/concursos-2022\/\" role=\"button\" rel=\"noopener noreferrer\">Conhe\u00e7a Agora<\/a>\n        <\/div>\n      <\/div>\n    <\/div>\n\n  <\/div>\n<\/div>\n","protected":false},"excerpt":{"rendered":"<p>Aten\u00e7\u00e3o, concurseiros! Viram que o Projeto de Lei Or\u00e7ament\u00e1ria Anual (PLOA) para o ano de 2022 foi publicado? De acordo com o texto, s\u00e3o previstas\u00a073.640 vagas, sendo 69.543 oportunidades atrav\u00e9s de provimento e outras 4.097 por cria\u00e7\u00e3o. E quantas vagas s\u00e3o reservadas no PLOA 2022 para o Poder Legislativo? No total, s\u00e3o 149 oportunidades, distribu\u00eddas [&hellip;]<\/p>\n","protected":false},"author":1206,"featured_media":746120,"comment_status":"open","ping_status":"closed","sticky":false,"template":"","format":"standard","meta":{"post_tipo":"news","footnotes":""},"categories":[2017,220219],"tags":[],"tax_estado":[219963],"class_list":["post-850908","post","type-post","status-publish","format-standard","has-post-thumbnail","hentry","category-concursos-legislativos","category-noticias","tax_estado-concursos-federais"],"acf":[],"yoast_head":"<!-- This site is optimized with the Yoast SEO Premium plugin v27.2 (Yoast SEO v27.2) - https:\/\/yoast.com\/product\/yoast-seo-premium-wordpress\/ -->\n<title>PLOA 2022: Quantas vagas s\u00e3o previstas para o Poder Legislativo?<\/title>\n<meta name=\"description\" content=\"Projeto de Lei Or\u00e7ament\u00e1ria Anual (PLOA) para 2022 prev\u00ea 149 vagas para o Poder Legislativo. Acesse e confira todos os detalhes!\" \/>\n<meta name=\"robots\" content=\"index, follow, max-snippet:-1, max-image-preview:large, max-video-preview:-1\" \/>\n<link rel=\"canonical\" href=\"https:\/\/www.estrategiaconcursos.com.br\/blog\/ploa-2022-quantas-vagas-sao-previstas-para-o-poder-legislativo\/\" \/>\n<meta property=\"og:locale\" content=\"pt_BR\" \/>\n<meta property=\"og:type\" content=\"article\" \/>\n<meta property=\"og:title\" content=\"PLOA 2022: Quantas vagas s\u00e3o previstas para o Poder Legislativo?\" \/>\n<meta property=\"og:description\" content=\"Projeto de Lei Or\u00e7ament\u00e1ria Anual (PLOA) para 2022 prev\u00ea 149 vagas para o Poder Legislativo. Acesse e confira todos os detalhes!\" \/>\n<meta property=\"og:url\" content=\"https:\/\/www.estrategiaconcursos.com.br\/blog\/ploa-2022-quantas-vagas-sao-previstas-para-o-poder-legislativo\/\" \/>\n<meta property=\"og:site_name\" content=\"Estrat\u00e9gia Concursos\" \/>\n<meta property=\"article:published_time\" content=\"2021-09-01T13:52:22+00:00\" \/>\n<meta property=\"article:modified_time\" content=\"2021-09-01T13:52:24+00:00\" \/>\n<meta property=\"og:image\" content=\"https:\/\/dhg1h5j42swfq.cloudfront.net\/2021\/04\/20121239\/2022_concursos.jpeg\" \/>\n\t<meta property=\"og:image:width\" content=\"768\" \/>\n\t<meta property=\"og:image:height\" content=\"432\" \/>\n\t<meta property=\"og:image:type\" content=\"image\/jpeg\" \/>\n<meta name=\"author\" content=\"Bruna de Andrade Fran\u00e7a\" \/>\n<meta name=\"twitter:card\" content=\"summary_large_image\" \/>\n<meta name=\"twitter:creator\" content=\"@EstratConcursos\" \/>\n<meta name=\"twitter:site\" content=\"@EstratConcursos\" \/>\n<meta name=\"twitter:label1\" content=\"Escrito por\" \/>\n\t<meta name=\"twitter:data1\" content=\"Bruna de Andrade Fran\u00e7a\" \/>\n\t<meta name=\"twitter:label2\" content=\"Est. tempo de leitura\" \/>\n\t<meta name=\"twitter:data2\" content=\"3 minutos\" \/>\n<script type=\"application\/ld+json\" class=\"yoast-schema-graph\">{\"@context\":\"https:\/\/schema.org\",\"@graph\":[{\"@type\":\"NewsArticle\",\"@id\":\"https:\/\/www.estrategiaconcursos.com.br\/blog\/ploa-2022-quantas-vagas-sao-previstas-para-o-poder-legislativo\/#article\",\"isPartOf\":{\"@id\":\"https:\/\/www.estrategiaconcursos.com.br\/blog\/ploa-2022-quantas-vagas-sao-previstas-para-o-poder-legislativo\/\"},\"author\":{\"name\":\"Bruna de Andrade Fran\u00e7a\",\"@id\":\"https:\/\/www.estrategiaconcursos.com.br\/blog\/#\/schema\/person\/6630f91134abc08115cca62ce6372855\"},\"headline\":\"PLOA 2022: Quantas vagas s\u00e3o previstas para o Poder Legislativo?\",\"datePublished\":\"2021-09-01T13:52:22+00:00\",\"dateModified\":\"2021-09-01T13:52:24+00:00\",\"mainEntityOfPage\":{\"@id\":\"https:\/\/www.estrategiaconcursos.com.br\/blog\/ploa-2022-quantas-vagas-sao-previstas-para-o-poder-legislativo\/\"},\"wordCount\":528,\"commentCount\":0,\"publisher\":{\"@id\":\"https:\/\/www.estrategiaconcursos.com.br\/blog\/#organization\"},\"image\":{\"@id\":\"https:\/\/www.estrategiaconcursos.com.br\/blog\/ploa-2022-quantas-vagas-sao-previstas-para-o-poder-legislativo\/#primaryimage\"},\"thumbnailUrl\":\"https:\/\/dhg1h5j42swfq.cloudfront.net\/2021\/04\/20121239\/2022_concursos.jpeg\",\"articleSection\":[\"Legislativo\",\"\u00daltimas not\u00edcias\"],\"inLanguage\":\"pt-BR\",\"potentialAction\":[{\"@type\":\"CommentAction\",\"name\":\"Comment\",\"target\":[\"https:\/\/www.estrategiaconcursos.com.br\/blog\/ploa-2022-quantas-vagas-sao-previstas-para-o-poder-legislativo\/#respond\"]}],\"copyrightYear\":\"2021\",\"copyrightHolder\":{\"@id\":\"https:\/\/www.estrategiaconcursos.com.br\/blog\/#organization\"}},{\"@type\":\"WebPage\",\"@id\":\"https:\/\/www.estrategiaconcursos.com.br\/blog\/ploa-2022-quantas-vagas-sao-previstas-para-o-poder-legislativo\/\",\"url\":\"https:\/\/www.estrategiaconcursos.com.br\/blog\/ploa-2022-quantas-vagas-sao-previstas-para-o-poder-legislativo\/\",\"name\":\"PLOA 2022: Quantas vagas s\u00e3o previstas para o Poder Legislativo?\",\"isPartOf\":{\"@id\":\"https:\/\/www.estrategiaconcursos.com.br\/blog\/#website\"},\"primaryImageOfPage\":{\"@id\":\"https:\/\/www.estrategiaconcursos.com.br\/blog\/ploa-2022-quantas-vagas-sao-previstas-para-o-poder-legislativo\/#primaryimage\"},\"image\":{\"@id\":\"https:\/\/www.estrategiaconcursos.com.br\/blog\/ploa-2022-quantas-vagas-sao-previstas-para-o-poder-legislativo\/#primaryimage\"},\"thumbnailUrl\":\"https:\/\/dhg1h5j42swfq.cloudfront.net\/2021\/04\/20121239\/2022_concursos.jpeg\",\"datePublished\":\"2021-09-01T13:52:22+00:00\",\"dateModified\":\"2021-09-01T13:52:24+00:00\",\"description\":\"Projeto de Lei Or\u00e7ament\u00e1ria Anual (PLOA) para 2022 prev\u00ea 149 vagas para o Poder Legislativo. Acesse e confira todos os detalhes!\",\"breadcrumb\":{\"@id\":\"https:\/\/www.estrategiaconcursos.com.br\/blog\/ploa-2022-quantas-vagas-sao-previstas-para-o-poder-legislativo\/#breadcrumb\"},\"inLanguage\":\"pt-BR\",\"potentialAction\":[{\"@type\":\"ReadAction\",\"target\":[\"https:\/\/www.estrategiaconcursos.com.br\/blog\/ploa-2022-quantas-vagas-sao-previstas-para-o-poder-legislativo\/\"]}]},{\"@type\":\"ImageObject\",\"inLanguage\":\"pt-BR\",\"@id\":\"https:\/\/www.estrategiaconcursos.com.br\/blog\/ploa-2022-quantas-vagas-sao-previstas-para-o-poder-legislativo\/#primaryimage\",\"url\":\"https:\/\/dhg1h5j42swfq.cloudfront.net\/2021\/04\/20121239\/2022_concursos.jpeg\",\"contentUrl\":\"https:\/\/dhg1h5j42swfq.cloudfront.net\/2021\/04\/20121239\/2022_concursos.jpeg\",\"width\":768,\"height\":432,\"caption\":\"Concursos 2022\"},{\"@type\":\"BreadcrumbList\",\"@id\":\"https:\/\/www.estrategiaconcursos.com.br\/blog\/ploa-2022-quantas-vagas-sao-previstas-para-o-poder-legislativo\/#breadcrumb\",\"itemListElement\":[{\"@type\":\"ListItem\",\"position\":1,\"name\":\"In\u00edcio\",\"item\":\"https:\/\/www.estrategiaconcursos.com.br\/blog\/\"},{\"@type\":\"ListItem\",\"position\":2,\"name\":\"PLOA 2022: Quantas vagas s\u00e3o previstas para o Poder Legislativo?\"}]},{\"@type\":\"WebSite\",\"@id\":\"https:\/\/www.estrategiaconcursos.com.br\/blog\/#website\",\"url\":\"https:\/\/www.estrategiaconcursos.com.br\/blog\/\",\"name\":\"Estrat\u00e9gia Concursos\",\"description\":\"O blog da Estrat\u00e9gia Concursos traz not\u00edcias sobre concursos e artigos de professores oferecendo cursos para concursos (pdf + videaulas) no site.\",\"publisher\":{\"@id\":\"https:\/\/www.estrategiaconcursos.com.br\/blog\/#organization\"},\"potentialAction\":[{\"@type\":\"SearchAction\",\"target\":{\"@type\":\"EntryPoint\",\"urlTemplate\":\"https:\/\/www.estrategiaconcursos.com.br\/blog\/?s={search_term_string}\"},\"query-input\":{\"@type\":\"PropertyValueSpecification\",\"valueRequired\":true,\"valueName\":\"search_term_string\"}}],\"inLanguage\":\"pt-BR\"},{\"@type\":\"Organization\",\"@id\":\"https:\/\/www.estrategiaconcursos.com.br\/blog\/#organization\",\"name\":\"Estrat\u00e9gia Concursos\",\"url\":\"https:\/\/www.estrategiaconcursos.com.br\/blog\/\",\"logo\":{\"@type\":\"ImageObject\",\"inLanguage\":\"pt-BR\",\"@id\":\"https:\/\/www.estrategiaconcursos.com.br\/blog\/#\/schema\/logo\/image\/\",\"url\":\"https:\/\/dhg1h5j42swfq.cloudfront.net\/2025\/06\/03203428\/logo_concursos-1.jpg\",\"contentUrl\":\"https:\/\/dhg1h5j42swfq.cloudfront.net\/2025\/06\/03203428\/logo_concursos-1.jpg\",\"width\":230,\"height\":60,\"caption\":\"Estrat\u00e9gia Concursos\"},\"image\":{\"@id\":\"https:\/\/www.estrategiaconcursos.com.br\/blog\/#\/schema\/logo\/image\/\"},\"sameAs\":[\"https:\/\/x.com\/EstratConcursos\"]},{\"@type\":\"Person\",\"@id\":\"https:\/\/www.estrategiaconcursos.com.br\/blog\/#\/schema\/person\/6630f91134abc08115cca62ce6372855\",\"name\":\"Bruna de Andrade Fran\u00e7a\",\"image\":{\"@type\":\"ImageObject\",\"inLanguage\":\"pt-BR\",\"@id\":\"https:\/\/secure.gravatar.com\/avatar\/d6316d36d50cea0fadae28ed3015b8870cc90a2d3d8a95c37b44006af36a00e3?s=96&d=mm&r=g\",\"url\":\"https:\/\/secure.gravatar.com\/avatar\/d6316d36d50cea0fadae28ed3015b8870cc90a2d3d8a95c37b44006af36a00e3?s=96&d=mm&r=g\",\"contentUrl\":\"https:\/\/secure.gravatar.com\/avatar\/d6316d36d50cea0fadae28ed3015b8870cc90a2d3d8a95c37b44006af36a00e3?s=96&d=mm&r=g\",\"caption\":\"Bruna de Andrade Fran\u00e7a\"},\"description\":\"Bruna de Andrade Fran\u00e7a \u00e9 publicit\u00e1ria com p\u00f3s-gradua\u00e7\u00e3o em Marketing &amp; Growth, atuando h\u00e1 mais de 6 anos no universo dos concursos p\u00fablicos. Desde 2021, lidera no Blog do Estrat\u00e9gia Concursos a cobertura editorial especializada em Concursos Policiais (PF, PRF, PM, PC, etc.), al\u00e9m das frentes de concursos banc\u00e1rios, de sa\u00fade e da \u00e1rea legislativa. Especialista em reda\u00e7\u00e3o, com pr\u00e1ticas de SEO e Copywriting, possui tamb\u00e9m atua\u00e7\u00e3o pr\u00e1tica de contato direto com \u00f3rg\u00e3os p\u00fablicos respons\u00e1veis por editais, permitindo acesso antecipado a informa\u00e7\u00f5es, desdobramentos importantes e atualiza\u00e7\u00e3o eficiente dos concursos p\u00fablicos.\",\"url\":\"https:\/\/www.estrategiaconcursos.com.br\/blog\/author\/bruna-andrade\/\"}]}<\/script>\n<!-- \/ Yoast SEO Premium plugin. -->","yoast_head_json":{"title":"PLOA 2022: Quantas vagas s\u00e3o previstas para o Poder Legislativo?","description":"Projeto de Lei Or\u00e7ament\u00e1ria Anual (PLOA) para 2022 prev\u00ea 149 vagas para o Poder Legislativo. Acesse e confira todos os detalhes!","robots":{"index":"index","follow":"follow","max-snippet":"max-snippet:-1","max-image-preview":"max-image-preview:large","max-video-preview":"max-video-preview:-1"},"canonical":"https:\/\/www.estrategiaconcursos.com.br\/blog\/ploa-2022-quantas-vagas-sao-previstas-para-o-poder-legislativo\/","og_locale":"pt_BR","og_type":"article","og_title":"PLOA 2022: Quantas vagas s\u00e3o previstas para o Poder Legislativo?","og_description":"Projeto de Lei Or\u00e7ament\u00e1ria Anual (PLOA) para 2022 prev\u00ea 149 vagas para o Poder Legislativo. Acesse e confira todos os detalhes!","og_url":"https:\/\/www.estrategiaconcursos.com.br\/blog\/ploa-2022-quantas-vagas-sao-previstas-para-o-poder-legislativo\/","og_site_name":"Estrat\u00e9gia Concursos","article_published_time":"2021-09-01T13:52:22+00:00","article_modified_time":"2021-09-01T13:52:24+00:00","og_image":[{"width":768,"height":432,"url":"https:\/\/dhg1h5j42swfq.cloudfront.net\/2021\/04\/20121239\/2022_concursos.jpeg","type":"image\/jpeg"}],"author":"Bruna de Andrade Fran\u00e7a","twitter_card":"summary_large_image","twitter_creator":"@EstratConcursos","twitter_site":"@EstratConcursos","twitter_misc":{"Escrito por":"Bruna de Andrade Fran\u00e7a","Est. tempo de leitura":"3 minutos"},"schema":{"@context":"https:\/\/schema.org","@graph":[{"@type":"NewsArticle","@id":"https:\/\/www.estrategiaconcursos.com.br\/blog\/ploa-2022-quantas-vagas-sao-previstas-para-o-poder-legislativo\/#article","isPartOf":{"@id":"https:\/\/www.estrategiaconcursos.com.br\/blog\/ploa-2022-quantas-vagas-sao-previstas-para-o-poder-legislativo\/"},"author":{"name":"Bruna de Andrade Fran\u00e7a","@id":"https:\/\/www.estrategiaconcursos.com.br\/blog\/#\/schema\/person\/6630f91134abc08115cca62ce6372855"},"headline":"PLOA 2022: Quantas vagas s\u00e3o previstas para o Poder Legislativo?","datePublished":"2021-09-01T13:52:22+00:00","dateModified":"2021-09-01T13:52:24+00:00","mainEntityOfPage":{"@id":"https:\/\/www.estrategiaconcursos.com.br\/blog\/ploa-2022-quantas-vagas-sao-previstas-para-o-poder-legislativo\/"},"wordCount":528,"commentCount":0,"publisher":{"@id":"https:\/\/www.estrategiaconcursos.com.br\/blog\/#organization"},"image":{"@id":"https:\/\/www.estrategiaconcursos.com.br\/blog\/ploa-2022-quantas-vagas-sao-previstas-para-o-poder-legislativo\/#primaryimage"},"thumbnailUrl":"https:\/\/dhg1h5j42swfq.cloudfront.net\/2021\/04\/20121239\/2022_concursos.jpeg","articleSection":["Legislativo","\u00daltimas not\u00edcias"],"inLanguage":"pt-BR","potentialAction":[{"@type":"CommentAction","name":"Comment","target":["https:\/\/www.estrategiaconcursos.com.br\/blog\/ploa-2022-quantas-vagas-sao-previstas-para-o-poder-legislativo\/#respond"]}],"copyrightYear":"2021","copyrightHolder":{"@id":"https:\/\/www.estrategiaconcursos.com.br\/blog\/#organization"}},{"@type":"WebPage","@id":"https:\/\/www.estrategiaconcursos.com.br\/blog\/ploa-2022-quantas-vagas-sao-previstas-para-o-poder-legislativo\/","url":"https:\/\/www.estrategiaconcursos.com.br\/blog\/ploa-2022-quantas-vagas-sao-previstas-para-o-poder-legislativo\/","name":"PLOA 2022: Quantas vagas s\u00e3o previstas para o Poder Legislativo?","isPartOf":{"@id":"https:\/\/www.estrategiaconcursos.com.br\/blog\/#website"},"primaryImageOfPage":{"@id":"https:\/\/www.estrategiaconcursos.com.br\/blog\/ploa-2022-quantas-vagas-sao-previstas-para-o-poder-legislativo\/#primaryimage"},"image":{"@id":"https:\/\/www.estrategiaconcursos.com.br\/blog\/ploa-2022-quantas-vagas-sao-previstas-para-o-poder-legislativo\/#primaryimage"},"thumbnailUrl":"https:\/\/dhg1h5j42swfq.cloudfront.net\/2021\/04\/20121239\/2022_concursos.jpeg","datePublished":"2021-09-01T13:52:22+00:00","dateModified":"2021-09-01T13:52:24+00:00","description":"Projeto de Lei Or\u00e7ament\u00e1ria Anual (PLOA) para 2022 prev\u00ea 149 vagas para o Poder Legislativo. Acesse e confira todos os detalhes!","breadcrumb":{"@id":"https:\/\/www.estrategiaconcursos.com.br\/blog\/ploa-2022-quantas-vagas-sao-previstas-para-o-poder-legislativo\/#breadcrumb"},"inLanguage":"pt-BR","potentialAction":[{"@type":"ReadAction","target":["https:\/\/www.estrategiaconcursos.com.br\/blog\/ploa-2022-quantas-vagas-sao-previstas-para-o-poder-legislativo\/"]}]},{"@type":"ImageObject","inLanguage":"pt-BR","@id":"https:\/\/www.estrategiaconcursos.com.br\/blog\/ploa-2022-quantas-vagas-sao-previstas-para-o-poder-legislativo\/#primaryimage","url":"https:\/\/dhg1h5j42swfq.cloudfront.net\/2021\/04\/20121239\/2022_concursos.jpeg","contentUrl":"https:\/\/dhg1h5j42swfq.cloudfront.net\/2021\/04\/20121239\/2022_concursos.jpeg","width":768,"height":432,"caption":"Concursos 2022"},{"@type":"BreadcrumbList","@id":"https:\/\/www.estrategiaconcursos.com.br\/blog\/ploa-2022-quantas-vagas-sao-previstas-para-o-poder-legislativo\/#breadcrumb","itemListElement":[{"@type":"ListItem","position":1,"name":"In\u00edcio","item":"https:\/\/www.estrategiaconcursos.com.br\/blog\/"},{"@type":"ListItem","position":2,"name":"PLOA 2022: Quantas vagas s\u00e3o previstas para o Poder Legislativo?"}]},{"@type":"WebSite","@id":"https:\/\/www.estrategiaconcursos.com.br\/blog\/#website","url":"https:\/\/www.estrategiaconcursos.com.br\/blog\/","name":"Estrat\u00e9gia Concursos","description":"O blog da Estrat\u00e9gia Concursos traz not\u00edcias sobre concursos e artigos de professores oferecendo cursos para concursos (pdf + videaulas) no site.","publisher":{"@id":"https:\/\/www.estrategiaconcursos.com.br\/blog\/#organization"},"potentialAction":[{"@type":"SearchAction","target":{"@type":"EntryPoint","urlTemplate":"https:\/\/www.estrategiaconcursos.com.br\/blog\/?s={search_term_string}"},"query-input":{"@type":"PropertyValueSpecification","valueRequired":true,"valueName":"search_term_string"}}],"inLanguage":"pt-BR"},{"@type":"Organization","@id":"https:\/\/www.estrategiaconcursos.com.br\/blog\/#organization","name":"Estrat\u00e9gia Concursos","url":"https:\/\/www.estrategiaconcursos.com.br\/blog\/","logo":{"@type":"ImageObject","inLanguage":"pt-BR","@id":"https:\/\/www.estrategiaconcursos.com.br\/blog\/#\/schema\/logo\/image\/","url":"https:\/\/dhg1h5j42swfq.cloudfront.net\/2025\/06\/03203428\/logo_concursos-1.jpg","contentUrl":"https:\/\/dhg1h5j42swfq.cloudfront.net\/2025\/06\/03203428\/logo_concursos-1.jpg","width":230,"height":60,"caption":"Estrat\u00e9gia Concursos"},"image":{"@id":"https:\/\/www.estrategiaconcursos.com.br\/blog\/#\/schema\/logo\/image\/"},"sameAs":["https:\/\/x.com\/EstratConcursos"]},{"@type":"Person","@id":"https:\/\/www.estrategiaconcursos.com.br\/blog\/#\/schema\/person\/6630f91134abc08115cca62ce6372855","name":"Bruna de Andrade Fran\u00e7a","image":{"@type":"ImageObject","inLanguage":"pt-BR","@id":"https:\/\/secure.gravatar.com\/avatar\/d6316d36d50cea0fadae28ed3015b8870cc90a2d3d8a95c37b44006af36a00e3?s=96&d=mm&r=g","url":"https:\/\/secure.gravatar.com\/avatar\/d6316d36d50cea0fadae28ed3015b8870cc90a2d3d8a95c37b44006af36a00e3?s=96&d=mm&r=g","contentUrl":"https:\/\/secure.gravatar.com\/avatar\/d6316d36d50cea0fadae28ed3015b8870cc90a2d3d8a95c37b44006af36a00e3?s=96&d=mm&r=g","caption":"Bruna de Andrade Fran\u00e7a"},"description":"Bruna de Andrade Fran\u00e7a \u00e9 publicit\u00e1ria com p\u00f3s-gradua\u00e7\u00e3o em Marketing &amp; Growth, atuando h\u00e1 mais de 6 anos no universo dos concursos p\u00fablicos. Desde 2021, lidera no Blog do Estrat\u00e9gia Concursos a cobertura editorial especializada em Concursos Policiais (PF, PRF, PM, PC, etc.), al\u00e9m das frentes de concursos banc\u00e1rios, de sa\u00fade e da \u00e1rea legislativa. Especialista em reda\u00e7\u00e3o, com pr\u00e1ticas de SEO e Copywriting, possui tamb\u00e9m atua\u00e7\u00e3o pr\u00e1tica de contato direto com \u00f3rg\u00e3os p\u00fablicos respons\u00e1veis por editais, permitindo acesso antecipado a informa\u00e7\u00f5es, desdobramentos importantes e atualiza\u00e7\u00e3o eficiente dos concursos p\u00fablicos.","url":"https:\/\/www.estrategiaconcursos.com.br\/blog\/author\/bruna-andrade\/"}]}},"_links":{"self":[{"href":"https:\/\/www.estrategiaconcursos.com.br\/blog\/wp-json\/wp\/v2\/posts\/850908","targetHints":{"allow":["GET"]}}],"collection":[{"href":"https:\/\/www.estrategiaconcursos.com.br\/blog\/wp-json\/wp\/v2\/posts"}],"about":[{"href":"https:\/\/www.estrategiaconcursos.com.br\/blog\/wp-json\/wp\/v2\/types\/post"}],"author":[{"embeddable":true,"href":"https:\/\/www.estrategiaconcursos.com.br\/blog\/wp-json\/wp\/v2\/users\/1206"}],"replies":[{"embeddable":true,"href":"https:\/\/www.estrategiaconcursos.com.br\/blog\/wp-json\/wp\/v2\/comments?post=850908"}],"version-history":[{"count":5,"href":"https:\/\/www.estrategiaconcursos.com.br\/blog\/wp-json\/wp\/v2\/posts\/850908\/revisions"}],"predecessor-version":[{"id":859905,"href":"https:\/\/www.estrategiaconcursos.com.br\/blog\/wp-json\/wp\/v2\/posts\/850908\/revisions\/859905"}],"wp:featuredmedia":[{"embeddable":true,"href":"https:\/\/www.estrategiaconcursos.com.br\/blog\/wp-json\/wp\/v2\/media\/746120"}],"wp:attachment":[{"href":"https:\/\/www.estrategiaconcursos.com.br\/blog\/wp-json\/wp\/v2\/media?parent=850908"}],"wp:term":[{"taxonomy":"category","embeddable":true,"href":"https:\/\/www.estrategiaconcursos.com.br\/blog\/wp-json\/wp\/v2\/categories?post=850908"},{"taxonomy":"post_tag","embeddable":true,"href":"https:\/\/www.estrategiaconcursos.com.br\/blog\/wp-json\/wp\/v2\/tags?post=850908"},{"taxonomy":"tax_estado","embeddable":true,"href":"https:\/\/www.estrategiaconcursos.com.br\/blog\/wp-json\/wp\/v2\/tax_estado?post=850908"}],"curies":[{"name":"wp","href":"https:\/\/api.w.org\/{rel}","templated":true}]}}