{"id":850864,"date":"2021-09-01T10:50:00","date_gmt":"2021-09-01T13:50:00","guid":{"rendered":"https:\/\/www.estrategiaconcursos.com.br\/blog\/?p=850864"},"modified":"2021-09-01T17:09:48","modified_gmt":"2021-09-01T20:09:48","slug":"sefaz-es-recursos-ate-02-09","status":"publish","type":"post","link":"https:\/\/www.estrategiaconcursos.com.br\/blog\/sefaz-es-recursos-ate-02-09\/","title":{"rendered":"Concurso Sefaz ES: gabaritos divulgados; recursos at\u00e9 02\/09"},"content":{"rendered":"\n<p>Os\u00a0<strong><a href=\"https:\/\/www.estrategiaconcursos.com.br\/blog\/concurso-sefaz-es-gabarito-preliminar\/\" target=\"_blank\" rel=\"noreferrer noopener\">gabaritos preliminares<\/a><\/strong>\u00a0das Provas Objetivas do<strong><em>\u00a0concurso Sefaz ES<\/em><\/strong>\u00a0foram divulgados.\u00a0Dito isso, entre os dias 1\u00ba e 02 de setembro, os candidatos poder\u00e3o apresentar seus recursos contra o gabarito.<\/p>\n\n\n\n<p>Para recorrer contra o gabarito oficial preliminar da Prova Objetiva, os interessados dever\u00e3o usar formul\u00e1rios pr\u00f3prios, encontrados no site da banca organizadora, <a href=\"https:\/\/conhecimento.fgv.br\/concursos\/sefazes21\" target=\"_blank\" rel=\"noreferrer noopener\"><strong>FGV<\/strong><\/a>, respeitando as respectivas instru\u00e7\u00f5es. <\/p>\n\n\n\n<div class=\"wp-block-image\"><figure class=\"aligncenter size-full\"><img loading=\"lazy\" decoding=\"async\" width=\"530\" height=\"291\" src=\"https:\/\/dhg1h5j42swfq.cloudfront.net\/2021\/09\/01105910\/screenshot_2020-07-25-sefaz-espirito-santo-pesquisa-google1-1.png\" alt=\"Sefaz ES: gabaritos preliminares divulgados; recursos at\u00e9 02\/09\" class=\"wp-image-851007\" srcset=\"https:\/\/dhg1h5j42swfq.cloudfront.net\/2021\/09\/01105910\/screenshot_2020-07-25-sefaz-espirito-santo-pesquisa-google1-1.png 530w, https:\/\/dhg1h5j42swfq.cloudfront.net\/2021\/09\/01105910\/screenshot_2020-07-25-sefaz-espirito-santo-pesquisa-google1-1-300x165.png 300w\" sizes=\"auto, (max-width: 530px) 100vw, 530px\" \/><figcaption>Edif\u00edcio Sefaz ES | Imagem: reprodu\u00e7\u00e3o<br \/><\/figcaption><\/figure><\/div>\n\n\n\n<h2 class=\"wp-block-heading\" id=\"h-o-que-levar-em-considera-o\"><strong>O que levar em considera\u00e7\u00e3o? <\/strong><\/h2>\n\n\n\n<ul class=\"wp-block-list\"><li>O candidato dever\u00e1 ser claro, consistente e objetivo em seu pleito. Recurso inconsistente ou intempestivo ser\u00e1 indeferido; <\/li><li>O formul\u00e1rio preenchido de forma incorreta, com campos em branco ou faltando informa\u00e7\u00f5es ser\u00e1 automaticamente desconsiderado, n\u00e3o sendo sequer encaminhado \u00e0 Banca Examinadora da FGV; <\/li><li>Ap\u00f3s a an\u00e1lise dos recursos contra o gabarito preliminar da Prova Objetiva, a banca poder\u00e1 manter o gabarito, alter\u00e1-lo ou anular a quest\u00e3o; <\/li><li>Se, do exame de recurso, resultar a anula\u00e7\u00e3o de quest\u00e3o integrante da Prova Objetiva, a pontua\u00e7\u00e3o correspondente a ela ser\u00e1 atribu\u00edda a todos os candidatos; <\/li><li>Se houver altera\u00e7\u00e3o, por for\u00e7a dos recursos, do gabarito oficial preliminar de quest\u00e3o integrante de Prova Objetiva, essa altera\u00e7\u00e3o valer\u00e1 para todos os candidatos, independentemente de terem recorrido;<\/li><li>Ap\u00f3s a an\u00e1lise dos recursos contra o resultado preliminar da Prova Objetiva, a banca poder\u00e1 manter ou alterar o resultado divulgado;<\/li><li>Todos os recursos ser\u00e3o analisados, e as respostas ser\u00e3o divulgadas no site da banca;<\/li><li>N\u00e3o ser\u00e3o aceitos recursos via fax, correio eletr\u00f4nico ou pelos Correios, assim como fora do prazo;<\/li><li>Em nenhuma hip\u00f3tese ser\u00e1 aceito pedido de revis\u00e3o de recurso ou recurso de gabarito oficial definitivo, bem como contra o resultado final das provas; <\/li><li>Ser\u00e1 indeferido o recurso cujo teor desrespeitar a banca.<\/li><\/ul>\n\n\n<figure class=\"wp-block-embed-youtube wp-block-embed is-type-video is-provider-youtube wp-embed-aspect-16-9 wp-has-aspect-ratio\"><div class=\"lyte-wrapper\" style=\"width:853px;max-width:100%;margin:5px;\"><div class=\"lyMe\" id=\"WYL_xmvol2Ntxz4\"><div id=\"lyte_xmvol2Ntxz4\" data-src=\"\/\/i.ytimg.com\/vi\/xmvol2Ntxz4\/hqdefault.jpg\" class=\"pL\"><div class=\"tC\"><div class=\"tT\"><\/div><\/div><div class=\"play\"><\/div><div class=\"ctrl\"><div class=\"Lctrl\"><\/div><div class=\"Rctrl\"><\/div><\/div><\/div><noscript><a href=\"https:\/\/youtu.be\/xmvol2Ntxz4\" rel=\"nofollow\"><img loading=\"lazy\" decoding=\"async\" src=\"https:\/\/i.ytimg.com\/vi\/xmvol2Ntxz4\/0.jpg\" alt=\"YouTube video thumbnail\" width=\"853\" height=\"460\" \/><br \/>Assista a este v\u00eddeo no YouTube<\/a><\/noscript><\/div><\/div><div class=\"lL\" style=\"max-width:100%;width:853px;margin:5px;\"><\/div><figcaption><\/figcaption><\/figure>\n\n\n<h2 class=\"wp-block-heading\" id=\"h-concurso-sefaz-es-inscritos\">Concurso Sefaz ES: inscritos<\/h2>\n\n\n\n<p>Mais de&nbsp;<a href=\"https:\/\/www.estrategiaconcursos.com.br\/blog\/concurso-sefaz-es-14-mil-candidatos\/\" target=\"_blank\" rel=\"noreferrer noopener\">14 mil candidatos<\/a>, sem contar as absten\u00e7\u00f5es, participaram das provas para o cargo de&nbsp;<strong>Auditor Fiscal do concurso<\/strong>&nbsp;<strong><em>Sefaz ES<\/em><\/strong>, realizadas em dois per\u00edodos, matutino e vespertino, e divididas em<strong>&nbsp;conhecimentos gerais e espec\u00edficos<\/strong>.<\/p>\n\n\n\n<p>A sele\u00e7\u00e3o&nbsp;visa ao preenchimento de&nbsp;<strong>50 vagas<\/strong>, bem como a constitui\u00e7\u00e3o de cadastro de reserva para&nbsp;<strong>100 vagas<\/strong>, observado o prazo de validade de dois anos, podendo ser prorrogados pelo mesmo per\u00edodo.<strong><br \/><\/strong><\/p>\n\n\n\n<p class=\"has-text-align-center\"><em>Para mais detalhes do concurso Sefaz ES, cujo gabarito preliminar foi divulgado e recursos ser\u00e3o aceitos at\u00e9 o dia 02\/09, acesse o link abaixo. Preparamos um artigo completo, separado por t\u00f3picos, para que facilite a sua compreens\u00e3o:<\/em><\/p>\n\n\n\n<p class=\"has-text-align-center has-luminous-vivid-amber-background-color has-background\" style=\"font-size:clamp(14.642px, 0.915rem + ((1vw - 3.2px) * 0.721), 22px);\"><strong>Saiba mais: <a href=\"https:\/\/www.estrategiaconcursos.com.br\/blog\/concurso-sefaz-es\/\" target=\"_blank\" rel=\"noreferrer noopener\">concurso Sefaz ES<\/a><\/strong><\/p>\n\n\n\n<p class=\"has-text-align-center has-background\" style=\"background-color:#d5dce2\"><em>Voc\u00ea sabia que no concurso da Sefaz AL 2019, dos 60 aprovados para Auditor Fiscal,&nbsp;<strong>38 foram alunos do Estrat\u00e9gia<\/strong>? Se voc\u00ea quer fazer parte dessa estat\u00edstica no concurso da Sefaz ES, n\u00e3o perca tempo e estude com a Coruja!<\/em><\/p>\n\n\n\n<hr class=\"wp-block-separator\"\/>\n\n\n\n<div class=\"container\" id=\"boxes\">\n  <div class=\"row\">\n\n    <div class=\"col-sm\">\n      <div class=\"banner-fiscal-01\" id=\"box-assinatura\">\n        <h3 class=\"titulo-assinatura\">Concurso Sefaz ES<\/h3>\n        <p class=\"subtitulo-assinatura\">Estude conosco<\/p>\n        <div class=\"box-botao\">\n          <a class=\"btn-assinatura\" target=\"_blank\" href=\"https:\/\/www.estrategiaconcursos.com.br\/cursosPorConcurso\/sefaz-es-sec-de-fazenda-do-espirito-santo-189\/\" role=\"button\" rel=\"noopener noreferrer\">Conhe\u00e7a os cursos<\/a>\n        <\/div>\n      <\/div>\n     \n    <\/div>\n\n  <\/div>\n<\/div>\n\n\n\n<div class=\"container\" id=\"boxes\">\n  <div class=\"row\">\n\n    <div class=\"col-sm\">\n      <div class=\"estrategia\" id=\"box-assinatura\">\n        <h3 class=\"titulo-assinatura\">Assinatura de Concursos<\/h3>\n        <p class=\"subtitulo-assinatura\">Assinatura de 1 ano ou 2 anos<\/p>\n        <div class=\"box-botao\">\n          <a class=\"btn-assinatura\" target=\"_blank\" href=\"https:\/\/www.estrategiaconcursos.com.br\/assinaturas\/\" role=\"button\" rel=\"noopener noreferrer\">ASSINE AGORA<\/a>\n        <\/div>\n      <\/div>\n     \n    <\/div><\/div><\/div>\n\n\n\n<div class=\"container\" id=\"boxes\">\n  <div class=\"row\">\n\n    <div class=\"col-sm\" id=\"boxes-concursos\">\n      <div style=\"background-color: #005DAD;\" class=\"conteudo-concursos\" id=\"box-concursos\">\n        <h3 class=\"titulo-assinatura\">Concursos Abertos<\/h3>\n        <p class=\"subtitulo-assinatura\">Confira os editais publicados<\/p>\n        <div class=\"box-botao\">\n          <a class=\"btn-assinatura\" target=\"_blank\" href=\"https:\/\/www.estrategiaconcursos.com.br\/blog\/concursos-abertos\/\" role=\"button\" rel=\"noopener noreferrer\">Conhe\u00e7a Agora<\/a>\n        <\/div>\n      <\/div>\n    <\/div>\n\n    <div class=\"col-sm\" id=\"boxes-concursos\">\n      <div style=\"background-color: #1A7ED5;\" class=\"conteudo-concursos\" id=\"box-concursos\">\n        <h3 class=\"titulo-assinatura\">Concursos 2021<\/h3>\n        <p class=\"subtitulo-assinatura\">As oportunidades previstas<\/p>\n        <div class=\"box-botao\">\n          <a class=\"btn-assinatura\" target=\"_blank\" href=\"https:\/\/www.estrategiaconcursos.com.br\/blog\/concursos-2021\/\" role=\"button\" rel=\"noopener noreferrer\">Conhe\u00e7a Agora<\/a>\n        <\/div>\n      <\/div>\n    <\/div>\n\n    <div class=\"col-sm\" id=\"boxes-concursos\">\n      <div style=\"background-color: #419FF0;\" class=\"conteudo-concursos\" id=\"box-concursos\">\n        <h3 class=\"titulo-assinatura\">Concursos 2022<\/h3>\n        <p class=\"subtitulo-assinatura\">Vagas para o pr\u00f3ximo ano<\/p>\n        <div class=\"box-botao\">\n          <a class=\"btn-assinatura\" target=\"_blank\" href=\"https:\/\/www.estrategiaconcursos.com.br\/blog\/concursos-2022\/\" role=\"button\" rel=\"noopener noreferrer\">Conhe\u00e7a Agora<\/a>\n        <\/div>\n      <\/div>\n    <\/div>\n\n  <\/div>\n<\/div>\n","protected":false},"excerpt":{"rendered":"<p>Os\u00a0gabaritos preliminares\u00a0das Provas Objetivas do\u00a0concurso Sefaz ES\u00a0foram divulgados.\u00a0Dito isso, entre os dias 1\u00ba e 02 de setembro, os candidatos poder\u00e3o apresentar seus recursos contra o gabarito. Para recorrer contra o gabarito oficial preliminar da Prova Objetiva, os interessados dever\u00e3o usar formul\u00e1rios pr\u00f3prios, encontrados no site da banca organizadora, FGV, respeitando as respectivas instru\u00e7\u00f5es. O que [&hellip;]<\/p>\n","protected":false},"author":2018,"featured_media":789174,"comment_status":"open","ping_status":"closed","sticky":false,"template":"","format":"standard","meta":{"post_tipo":"news","footnotes":""},"categories":[1983,220219],"tags":[],"tax_estado":[219971],"class_list":["post-850864","post","type-post","status-publish","format-standard","has-post-thumbnail","hentry","category-fiscal-estadual","category-noticias","tax_estado-es"],"acf":[],"yoast_head":"<!-- This site is optimized with the Yoast SEO Premium plugin v27.2 (Yoast SEO v27.2) - https:\/\/yoast.com\/product\/yoast-seo-premium-wordpress\/ -->\n<title>Concurso Sefaz ES: gabaritos divulgados; recursos at\u00e9 02\/09<\/title>\n<meta name=\"description\" content=\"Concurso Sefaz ES: com gabaritos preliminares divulgados, recursos ser\u00e3o aceitos at\u00e9 amanh\u00e3 (02\/09). Acesse e saiba mais!\" \/>\n<meta name=\"robots\" content=\"index, follow, max-snippet:-1, max-image-preview:large, max-video-preview:-1\" \/>\n<link rel=\"canonical\" href=\"https:\/\/www.estrategiaconcursos.com.br\/blog\/sefaz-es-recursos-ate-02-09\/\" \/>\n<meta property=\"og:locale\" content=\"pt_BR\" \/>\n<meta property=\"og:type\" content=\"article\" \/>\n<meta property=\"og:title\" content=\"Concurso Sefaz ES: gabaritos divulgados; recursos at\u00e9 02\/09\" \/>\n<meta property=\"og:description\" content=\"Concurso Sefaz ES: com gabaritos preliminares divulgados, recursos ser\u00e3o aceitos at\u00e9 amanh\u00e3 (02\/09). Acesse e saiba mais!\" \/>\n<meta property=\"og:url\" content=\"https:\/\/www.estrategiaconcursos.com.br\/blog\/sefaz-es-recursos-ate-02-09\/\" \/>\n<meta property=\"og:site_name\" content=\"Estrat\u00e9gia Concursos\" \/>\n<meta property=\"article:published_time\" content=\"2021-09-01T13:50:00+00:00\" \/>\n<meta property=\"article:modified_time\" content=\"2021-09-01T20:09:48+00:00\" \/>\n<meta property=\"og:image\" content=\"https:\/\/dhg1h5j42swfq.cloudfront.net\/2021\/07\/07105455\/sefaz-es-2.jpg\" \/>\n\t<meta property=\"og:image:width\" content=\"1200\" \/>\n\t<meta property=\"og:image:height\" content=\"628\" \/>\n\t<meta property=\"og:image:type\" content=\"image\/jpeg\" \/>\n<meta name=\"author\" content=\"B\u00e1rbara Carvalho Santos\" \/>\n<meta name=\"twitter:card\" content=\"summary_large_image\" \/>\n<meta name=\"twitter:creator\" content=\"@EstratConcursos\" \/>\n<meta name=\"twitter:site\" content=\"@EstratConcursos\" \/>\n<meta name=\"twitter:label1\" content=\"Escrito por\" \/>\n\t<meta name=\"twitter:data1\" content=\"B\u00e1rbara Carvalho Santos\" \/>\n\t<meta name=\"twitter:label2\" content=\"Est. tempo de leitura\" \/>\n\t<meta name=\"twitter:data2\" content=\"3 minutos\" \/>\n<script type=\"application\/ld+json\" class=\"yoast-schema-graph\">{\"@context\":\"https:\/\/schema.org\",\"@graph\":[{\"@type\":\"NewsArticle\",\"@id\":\"https:\/\/www.estrategiaconcursos.com.br\/blog\/sefaz-es-recursos-ate-02-09\/#article\",\"isPartOf\":{\"@id\":\"https:\/\/www.estrategiaconcursos.com.br\/blog\/sefaz-es-recursos-ate-02-09\/\"},\"author\":{\"name\":\"B\u00e1rbara Carvalho Santos\",\"@id\":\"https:\/\/www.estrategiaconcursos.com.br\/blog\/#\/schema\/person\/e3882259fa157d54c44c21f4ee4e0e60\"},\"headline\":\"Concurso Sefaz ES: gabaritos divulgados; recursos at\u00e9 02\/09\",\"datePublished\":\"2021-09-01T13:50:00+00:00\",\"dateModified\":\"2021-09-01T20:09:48+00:00\",\"mainEntityOfPage\":{\"@id\":\"https:\/\/www.estrategiaconcursos.com.br\/blog\/sefaz-es-recursos-ate-02-09\/\"},\"wordCount\":527,\"commentCount\":0,\"publisher\":{\"@id\":\"https:\/\/www.estrategiaconcursos.com.br\/blog\/#organization\"},\"image\":{\"@id\":\"https:\/\/www.estrategiaconcursos.com.br\/blog\/sefaz-es-recursos-ate-02-09\/#primaryimage\"},\"thumbnailUrl\":\"https:\/\/dhg1h5j42swfq.cloudfront.net\/2021\/07\/07105455\/sefaz-es-2.jpg\",\"articleSection\":[\"Fiscal - Estadual (ICMS)\",\"\u00daltimas not\u00edcias\"],\"inLanguage\":\"pt-BR\",\"potentialAction\":[{\"@type\":\"CommentAction\",\"name\":\"Comment\",\"target\":[\"https:\/\/www.estrategiaconcursos.com.br\/blog\/sefaz-es-recursos-ate-02-09\/#respond\"]}],\"copyrightYear\":\"2021\",\"copyrightHolder\":{\"@id\":\"https:\/\/www.estrategiaconcursos.com.br\/blog\/#organization\"}},{\"@type\":\"WebPage\",\"@id\":\"https:\/\/www.estrategiaconcursos.com.br\/blog\/sefaz-es-recursos-ate-02-09\/\",\"url\":\"https:\/\/www.estrategiaconcursos.com.br\/blog\/sefaz-es-recursos-ate-02-09\/\",\"name\":\"Concurso Sefaz ES: gabaritos divulgados; recursos at\u00e9 02\/09\",\"isPartOf\":{\"@id\":\"https:\/\/www.estrategiaconcursos.com.br\/blog\/#website\"},\"primaryImageOfPage\":{\"@id\":\"https:\/\/www.estrategiaconcursos.com.br\/blog\/sefaz-es-recursos-ate-02-09\/#primaryimage\"},\"image\":{\"@id\":\"https:\/\/www.estrategiaconcursos.com.br\/blog\/sefaz-es-recursos-ate-02-09\/#primaryimage\"},\"thumbnailUrl\":\"https:\/\/dhg1h5j42swfq.cloudfront.net\/2021\/07\/07105455\/sefaz-es-2.jpg\",\"datePublished\":\"2021-09-01T13:50:00+00:00\",\"dateModified\":\"2021-09-01T20:09:48+00:00\",\"description\":\"Concurso Sefaz ES: com gabaritos preliminares divulgados, recursos ser\u00e3o aceitos at\u00e9 amanh\u00e3 (02\/09). Acesse e saiba mais!\",\"breadcrumb\":{\"@id\":\"https:\/\/www.estrategiaconcursos.com.br\/blog\/sefaz-es-recursos-ate-02-09\/#breadcrumb\"},\"inLanguage\":\"pt-BR\",\"potentialAction\":[{\"@type\":\"ReadAction\",\"target\":[\"https:\/\/www.estrategiaconcursos.com.br\/blog\/sefaz-es-recursos-ate-02-09\/\"]}]},{\"@type\":\"ImageObject\",\"inLanguage\":\"pt-BR\",\"@id\":\"https:\/\/www.estrategiaconcursos.com.br\/blog\/sefaz-es-recursos-ate-02-09\/#primaryimage\",\"url\":\"https:\/\/dhg1h5j42swfq.cloudfront.net\/2021\/07\/07105455\/sefaz-es-2.jpg\",\"contentUrl\":\"https:\/\/dhg1h5j42swfq.cloudfront.net\/2021\/07\/07105455\/sefaz-es-2.jpg\",\"width\":1200,\"height\":628,\"caption\":\"Concurso Sefaz ES Consultor convocados\"},{\"@type\":\"BreadcrumbList\",\"@id\":\"https:\/\/www.estrategiaconcursos.com.br\/blog\/sefaz-es-recursos-ate-02-09\/#breadcrumb\",\"itemListElement\":[{\"@type\":\"ListItem\",\"position\":1,\"name\":\"In\u00edcio\",\"item\":\"https:\/\/www.estrategiaconcursos.com.br\/blog\/\"},{\"@type\":\"ListItem\",\"position\":2,\"name\":\"Concurso Sefaz ES: gabaritos divulgados; recursos at\u00e9 02\/09\"}]},{\"@type\":\"WebSite\",\"@id\":\"https:\/\/www.estrategiaconcursos.com.br\/blog\/#website\",\"url\":\"https:\/\/www.estrategiaconcursos.com.br\/blog\/\",\"name\":\"Estrat\u00e9gia Concursos\",\"description\":\"O blog da Estrat\u00e9gia Concursos traz not\u00edcias sobre concursos e artigos de professores oferecendo cursos para concursos (pdf + videaulas) no site.\",\"publisher\":{\"@id\":\"https:\/\/www.estrategiaconcursos.com.br\/blog\/#organization\"},\"potentialAction\":[{\"@type\":\"SearchAction\",\"target\":{\"@type\":\"EntryPoint\",\"urlTemplate\":\"https:\/\/www.estrategiaconcursos.com.br\/blog\/?s={search_term_string}\"},\"query-input\":{\"@type\":\"PropertyValueSpecification\",\"valueRequired\":true,\"valueName\":\"search_term_string\"}}],\"inLanguage\":\"pt-BR\"},{\"@type\":\"Organization\",\"@id\":\"https:\/\/www.estrategiaconcursos.com.br\/blog\/#organization\",\"name\":\"Estrat\u00e9gia Concursos\",\"url\":\"https:\/\/www.estrategiaconcursos.com.br\/blog\/\",\"logo\":{\"@type\":\"ImageObject\",\"inLanguage\":\"pt-BR\",\"@id\":\"https:\/\/www.estrategiaconcursos.com.br\/blog\/#\/schema\/logo\/image\/\",\"url\":\"https:\/\/dhg1h5j42swfq.cloudfront.net\/2025\/06\/03203428\/logo_concursos-1.jpg\",\"contentUrl\":\"https:\/\/dhg1h5j42swfq.cloudfront.net\/2025\/06\/03203428\/logo_concursos-1.jpg\",\"width\":230,\"height\":60,\"caption\":\"Estrat\u00e9gia Concursos\"},\"image\":{\"@id\":\"https:\/\/www.estrategiaconcursos.com.br\/blog\/#\/schema\/logo\/image\/\"},\"sameAs\":[\"https:\/\/x.com\/EstratConcursos\"]},{\"@type\":\"Person\",\"@id\":\"https:\/\/www.estrategiaconcursos.com.br\/blog\/#\/schema\/person\/e3882259fa157d54c44c21f4ee4e0e60\",\"name\":\"B\u00e1rbara Carvalho Santos\",\"image\":{\"@type\":\"ImageObject\",\"inLanguage\":\"pt-BR\",\"@id\":\"https:\/\/secure.gravatar.com\/avatar\/353300f73140f779692b9be2b39f434d1341e4e34c7f55bd5a990fe29ef352eb?s=96&d=mm&r=g\",\"url\":\"https:\/\/secure.gravatar.com\/avatar\/353300f73140f779692b9be2b39f434d1341e4e34c7f55bd5a990fe29ef352eb?s=96&d=mm&r=g\",\"contentUrl\":\"https:\/\/secure.gravatar.com\/avatar\/353300f73140f779692b9be2b39f434d1341e4e34c7f55bd5a990fe29ef352eb?s=96&d=mm&r=g\",\"caption\":\"B\u00e1rbara Carvalho Santos\"},\"description\":\"M\u00e3e e jornalista formada pela UNIP, possui ampla experi\u00eancia na cobertura de entretenimento em grandes ve\u00edculos, como o site da CNN, RedeTV! e Estrat\u00e9gia Educacional. Atuou tamb\u00e9m em ag\u00eancias de marketing, produtoras musicais e assessorias de imprensa, com foco especial no trabalho com personalidades p\u00fablicas. Atualmente, integra a equipe do Estrat\u00e9gia Concursos, onde \u00e9 respons\u00e1vel pela produ\u00e7\u00e3o de conte\u00fados estrat\u00e9gicos voltados para o setor de concursos p\u00fablicos, com destaque para a \u00e1rea fiscal, gest\u00e3o, controle, concursos administrativos e Minist\u00e9rios participantes do CNU, al\u00e9m de diversos \u00f3rg\u00e3os federais. Tem como miss\u00e3o transformar informa\u00e7\u00f5es complexas em conte\u00fados acess\u00edveis, relevantes e de alto valor para quem sonha com uma carreira no servi\u00e7o p\u00fablico.\",\"url\":\"https:\/\/www.estrategiaconcursos.com.br\/blog\/author\/barbara-santos\/\"}]}<\/script>\n<!-- \/ Yoast SEO Premium plugin. -->","yoast_head_json":{"title":"Concurso Sefaz ES: gabaritos divulgados; recursos at\u00e9 02\/09","description":"Concurso Sefaz ES: com gabaritos preliminares divulgados, recursos ser\u00e3o aceitos at\u00e9 amanh\u00e3 (02\/09). Acesse e saiba mais!","robots":{"index":"index","follow":"follow","max-snippet":"max-snippet:-1","max-image-preview":"max-image-preview:large","max-video-preview":"max-video-preview:-1"},"canonical":"https:\/\/www.estrategiaconcursos.com.br\/blog\/sefaz-es-recursos-ate-02-09\/","og_locale":"pt_BR","og_type":"article","og_title":"Concurso Sefaz ES: gabaritos divulgados; recursos at\u00e9 02\/09","og_description":"Concurso Sefaz ES: com gabaritos preliminares divulgados, recursos ser\u00e3o aceitos at\u00e9 amanh\u00e3 (02\/09). Acesse e saiba mais!","og_url":"https:\/\/www.estrategiaconcursos.com.br\/blog\/sefaz-es-recursos-ate-02-09\/","og_site_name":"Estrat\u00e9gia Concursos","article_published_time":"2021-09-01T13:50:00+00:00","article_modified_time":"2021-09-01T20:09:48+00:00","og_image":[{"width":1200,"height":628,"url":"https:\/\/dhg1h5j42swfq.cloudfront.net\/2021\/07\/07105455\/sefaz-es-2.jpg","type":"image\/jpeg"}],"author":"B\u00e1rbara Carvalho Santos","twitter_card":"summary_large_image","twitter_creator":"@EstratConcursos","twitter_site":"@EstratConcursos","twitter_misc":{"Escrito por":"B\u00e1rbara Carvalho Santos","Est. tempo de leitura":"3 minutos"},"schema":{"@context":"https:\/\/schema.org","@graph":[{"@type":"NewsArticle","@id":"https:\/\/www.estrategiaconcursos.com.br\/blog\/sefaz-es-recursos-ate-02-09\/#article","isPartOf":{"@id":"https:\/\/www.estrategiaconcursos.com.br\/blog\/sefaz-es-recursos-ate-02-09\/"},"author":{"name":"B\u00e1rbara Carvalho Santos","@id":"https:\/\/www.estrategiaconcursos.com.br\/blog\/#\/schema\/person\/e3882259fa157d54c44c21f4ee4e0e60"},"headline":"Concurso Sefaz ES: gabaritos divulgados; recursos at\u00e9 02\/09","datePublished":"2021-09-01T13:50:00+00:00","dateModified":"2021-09-01T20:09:48+00:00","mainEntityOfPage":{"@id":"https:\/\/www.estrategiaconcursos.com.br\/blog\/sefaz-es-recursos-ate-02-09\/"},"wordCount":527,"commentCount":0,"publisher":{"@id":"https:\/\/www.estrategiaconcursos.com.br\/blog\/#organization"},"image":{"@id":"https:\/\/www.estrategiaconcursos.com.br\/blog\/sefaz-es-recursos-ate-02-09\/#primaryimage"},"thumbnailUrl":"https:\/\/dhg1h5j42swfq.cloudfront.net\/2021\/07\/07105455\/sefaz-es-2.jpg","articleSection":["Fiscal - Estadual (ICMS)","\u00daltimas not\u00edcias"],"inLanguage":"pt-BR","potentialAction":[{"@type":"CommentAction","name":"Comment","target":["https:\/\/www.estrategiaconcursos.com.br\/blog\/sefaz-es-recursos-ate-02-09\/#respond"]}],"copyrightYear":"2021","copyrightHolder":{"@id":"https:\/\/www.estrategiaconcursos.com.br\/blog\/#organization"}},{"@type":"WebPage","@id":"https:\/\/www.estrategiaconcursos.com.br\/blog\/sefaz-es-recursos-ate-02-09\/","url":"https:\/\/www.estrategiaconcursos.com.br\/blog\/sefaz-es-recursos-ate-02-09\/","name":"Concurso Sefaz ES: gabaritos divulgados; recursos at\u00e9 02\/09","isPartOf":{"@id":"https:\/\/www.estrategiaconcursos.com.br\/blog\/#website"},"primaryImageOfPage":{"@id":"https:\/\/www.estrategiaconcursos.com.br\/blog\/sefaz-es-recursos-ate-02-09\/#primaryimage"},"image":{"@id":"https:\/\/www.estrategiaconcursos.com.br\/blog\/sefaz-es-recursos-ate-02-09\/#primaryimage"},"thumbnailUrl":"https:\/\/dhg1h5j42swfq.cloudfront.net\/2021\/07\/07105455\/sefaz-es-2.jpg","datePublished":"2021-09-01T13:50:00+00:00","dateModified":"2021-09-01T20:09:48+00:00","description":"Concurso Sefaz ES: com gabaritos preliminares divulgados, recursos ser\u00e3o aceitos at\u00e9 amanh\u00e3 (02\/09). Acesse e saiba mais!","breadcrumb":{"@id":"https:\/\/www.estrategiaconcursos.com.br\/blog\/sefaz-es-recursos-ate-02-09\/#breadcrumb"},"inLanguage":"pt-BR","potentialAction":[{"@type":"ReadAction","target":["https:\/\/www.estrategiaconcursos.com.br\/blog\/sefaz-es-recursos-ate-02-09\/"]}]},{"@type":"ImageObject","inLanguage":"pt-BR","@id":"https:\/\/www.estrategiaconcursos.com.br\/blog\/sefaz-es-recursos-ate-02-09\/#primaryimage","url":"https:\/\/dhg1h5j42swfq.cloudfront.net\/2021\/07\/07105455\/sefaz-es-2.jpg","contentUrl":"https:\/\/dhg1h5j42swfq.cloudfront.net\/2021\/07\/07105455\/sefaz-es-2.jpg","width":1200,"height":628,"caption":"Concurso Sefaz ES Consultor convocados"},{"@type":"BreadcrumbList","@id":"https:\/\/www.estrategiaconcursos.com.br\/blog\/sefaz-es-recursos-ate-02-09\/#breadcrumb","itemListElement":[{"@type":"ListItem","position":1,"name":"In\u00edcio","item":"https:\/\/www.estrategiaconcursos.com.br\/blog\/"},{"@type":"ListItem","position":2,"name":"Concurso Sefaz ES: gabaritos divulgados; recursos at\u00e9 02\/09"}]},{"@type":"WebSite","@id":"https:\/\/www.estrategiaconcursos.com.br\/blog\/#website","url":"https:\/\/www.estrategiaconcursos.com.br\/blog\/","name":"Estrat\u00e9gia Concursos","description":"O blog da Estrat\u00e9gia Concursos traz not\u00edcias sobre concursos e artigos de professores oferecendo cursos para concursos (pdf + videaulas) no site.","publisher":{"@id":"https:\/\/www.estrategiaconcursos.com.br\/blog\/#organization"},"potentialAction":[{"@type":"SearchAction","target":{"@type":"EntryPoint","urlTemplate":"https:\/\/www.estrategiaconcursos.com.br\/blog\/?s={search_term_string}"},"query-input":{"@type":"PropertyValueSpecification","valueRequired":true,"valueName":"search_term_string"}}],"inLanguage":"pt-BR"},{"@type":"Organization","@id":"https:\/\/www.estrategiaconcursos.com.br\/blog\/#organization","name":"Estrat\u00e9gia Concursos","url":"https:\/\/www.estrategiaconcursos.com.br\/blog\/","logo":{"@type":"ImageObject","inLanguage":"pt-BR","@id":"https:\/\/www.estrategiaconcursos.com.br\/blog\/#\/schema\/logo\/image\/","url":"https:\/\/dhg1h5j42swfq.cloudfront.net\/2025\/06\/03203428\/logo_concursos-1.jpg","contentUrl":"https:\/\/dhg1h5j42swfq.cloudfront.net\/2025\/06\/03203428\/logo_concursos-1.jpg","width":230,"height":60,"caption":"Estrat\u00e9gia Concursos"},"image":{"@id":"https:\/\/www.estrategiaconcursos.com.br\/blog\/#\/schema\/logo\/image\/"},"sameAs":["https:\/\/x.com\/EstratConcursos"]},{"@type":"Person","@id":"https:\/\/www.estrategiaconcursos.com.br\/blog\/#\/schema\/person\/e3882259fa157d54c44c21f4ee4e0e60","name":"B\u00e1rbara Carvalho Santos","image":{"@type":"ImageObject","inLanguage":"pt-BR","@id":"https:\/\/secure.gravatar.com\/avatar\/353300f73140f779692b9be2b39f434d1341e4e34c7f55bd5a990fe29ef352eb?s=96&d=mm&r=g","url":"https:\/\/secure.gravatar.com\/avatar\/353300f73140f779692b9be2b39f434d1341e4e34c7f55bd5a990fe29ef352eb?s=96&d=mm&r=g","contentUrl":"https:\/\/secure.gravatar.com\/avatar\/353300f73140f779692b9be2b39f434d1341e4e34c7f55bd5a990fe29ef352eb?s=96&d=mm&r=g","caption":"B\u00e1rbara Carvalho Santos"},"description":"M\u00e3e e jornalista formada pela UNIP, possui ampla experi\u00eancia na cobertura de entretenimento em grandes ve\u00edculos, como o site da CNN, RedeTV! e Estrat\u00e9gia Educacional. Atuou tamb\u00e9m em ag\u00eancias de marketing, produtoras musicais e assessorias de imprensa, com foco especial no trabalho com personalidades p\u00fablicas. Atualmente, integra a equipe do Estrat\u00e9gia Concursos, onde \u00e9 respons\u00e1vel pela produ\u00e7\u00e3o de conte\u00fados estrat\u00e9gicos voltados para o setor de concursos p\u00fablicos, com destaque para a \u00e1rea fiscal, gest\u00e3o, controle, concursos administrativos e Minist\u00e9rios participantes do CNU, al\u00e9m de diversos \u00f3rg\u00e3os federais. Tem como miss\u00e3o transformar informa\u00e7\u00f5es complexas em conte\u00fados acess\u00edveis, relevantes e de alto valor para quem sonha com uma carreira no servi\u00e7o p\u00fablico.","url":"https:\/\/www.estrategiaconcursos.com.br\/blog\/author\/barbara-santos\/"}]}},"_links":{"self":[{"href":"https:\/\/www.estrategiaconcursos.com.br\/blog\/wp-json\/wp\/v2\/posts\/850864","targetHints":{"allow":["GET"]}}],"collection":[{"href":"https:\/\/www.estrategiaconcursos.com.br\/blog\/wp-json\/wp\/v2\/posts"}],"about":[{"href":"https:\/\/www.estrategiaconcursos.com.br\/blog\/wp-json\/wp\/v2\/types\/post"}],"author":[{"embeddable":true,"href":"https:\/\/www.estrategiaconcursos.com.br\/blog\/wp-json\/wp\/v2\/users\/2018"}],"replies":[{"embeddable":true,"href":"https:\/\/www.estrategiaconcursos.com.br\/blog\/wp-json\/wp\/v2\/comments?post=850864"}],"version-history":[{"count":10,"href":"https:\/\/www.estrategiaconcursos.com.br\/blog\/wp-json\/wp\/v2\/posts\/850864\/revisions"}],"predecessor-version":[{"id":851526,"href":"https:\/\/www.estrategiaconcursos.com.br\/blog\/wp-json\/wp\/v2\/posts\/850864\/revisions\/851526"}],"wp:featuredmedia":[{"embeddable":true,"href":"https:\/\/www.estrategiaconcursos.com.br\/blog\/wp-json\/wp\/v2\/media\/789174"}],"wp:attachment":[{"href":"https:\/\/www.estrategiaconcursos.com.br\/blog\/wp-json\/wp\/v2\/media?parent=850864"}],"wp:term":[{"taxonomy":"category","embeddable":true,"href":"https:\/\/www.estrategiaconcursos.com.br\/blog\/wp-json\/wp\/v2\/categories?post=850864"},{"taxonomy":"post_tag","embeddable":true,"href":"https:\/\/www.estrategiaconcursos.com.br\/blog\/wp-json\/wp\/v2\/tags?post=850864"},{"taxonomy":"tax_estado","embeddable":true,"href":"https:\/\/www.estrategiaconcursos.com.br\/blog\/wp-json\/wp\/v2\/tax_estado?post=850864"}],"curies":[{"name":"wp","href":"https:\/\/api.w.org\/{rel}","templated":true}]}}