{"id":850465,"date":"2021-08-31T18:21:00","date_gmt":"2021-08-31T21:21:00","guid":{"rendered":"https:\/\/www.estrategiaconcursos.com.br\/blog\/?p=850465"},"modified":"2021-09-10T14:08:09","modified_gmt":"2021-09-10T17:08:09","slug":"quais-as-regras-de-participacao-para-pcds-em-concursos","status":"publish","type":"post","link":"https:\/\/www.estrategiaconcursos.com.br\/blog\/quais-as-regras-de-participacao-para-pcds-em-concursos\/","title":{"rendered":"Concurso Caixa: Quais as regras de participa\u00e7\u00e3o para PCDs?"},"content":{"rendered":"\n<p>Desde o in\u00edcio da d\u00e9cada de 90, as <strong>pessoas com defici\u00eancia<\/strong> (PCD) podem concorrer a vagas reservadas em concursos p\u00fablicos em todo o pa\u00eds. Existem diversos certames com reserva de vagas para PCDs por todo o pa\u00eds e tamb\u00e9m h\u00e1 casos de sele\u00e7\u00f5es exclusivas para PCDs como a da <strong>Caixa Econ\u00f4mica Federal<\/strong>.<\/p>\n\n\n\n<p>No caso do pr\u00f3ximo <a href=\"https:\/\/www.estrategiaconcursos.com.br\/blog\/concurso-caixa\/\" target=\"_blank\" rel=\"noreferrer noopener\">concurso Caixa<\/a> com 1.000 vagas para o cargo de T\u00e9cnico Banc\u00e1rio, o objetivo da sele\u00e7\u00e3o \u00e9 contratar PCDs para entrar em conformidade com a legisla\u00e7\u00e3o que estabelece que empresas om mais de 1.000 colaboradores precisam ter no m\u00ednimo 5% de seu quadro composto por pessoas com defici\u00eancia.<\/p>\n\n\n\n<p>A Lei n\u00ba 8.213\/91, que em seu 93\u00ba artigo estabelece a obrigatoriedade de empresas que possuam mais de 100 colaboradores tenham parte do seu quadro de funcion\u00e1rios ocupado por pessoas com algum tipo de defici\u00eancia. A depender do n\u00famero de contratados, a <strong>empresa precisa ter de 2% a 5% preenchidos por PCDs<\/strong>. Confira:<\/p>\n\n\n\n<blockquote class=\"wp-block-quote is-layout-flow wp-block-quote-is-layout-flow\"><p><em>Art. 93. A empresa com 100 (cem) ou mais empregados est\u00e1 obrigada a preencher de 2% (dois por cento) a 5% (cinco por cento) dos seus cargos com benefici\u00e1rios reabilitados ou pessoas portadoras de defici\u00eancia, habilitadas, na seguinte propor\u00e7\u00e3o:<\/em><\/p><p><em>&nbsp;&nbsp;&nbsp;&nbsp;&nbsp;&nbsp;&nbsp;&nbsp;I &#8211; at\u00e9 200 empregados&#8230;&#8230;&#8230;&#8230;&#8230;&#8230;&#8230;&#8230;&#8230;&#8230;&#8230;&#8230;&#8230;&#8230;&#8230;&#8230;&#8230;&#8230;&#8230;&#8230;&#8230;&#8230;&#8230;&#8230;&#8230;&#8230;&#8230;&#8230;&#8230;&#8230;.2%;<\/em><\/p><p><em>&nbsp;&nbsp;&nbsp;&nbsp;&nbsp;&nbsp;&nbsp;&nbsp;II &#8211; de 201 a 500&#8230;&#8230;&#8230;&#8230;&#8230;&#8230;&#8230;&#8230;&#8230;&#8230;&#8230;&#8230;&#8230;&#8230;&#8230;&#8230;&#8230;&#8230;&#8230;&#8230;&#8230;&#8230;&#8230;&#8230;&#8230;&#8230;&#8230;&#8230;&#8230;&#8230;&#8230;&#8230;&#8230;&#8230;3%;<\/em><\/p><p><em>&nbsp;&nbsp;&nbsp;&nbsp;&nbsp;&nbsp;&nbsp;&nbsp;III &#8211; de 501 a 1.000&#8230;&#8230;&#8230;&#8230;&#8230;&#8230;&#8230;&#8230;&#8230;&#8230;&#8230;&#8230;&#8230;&#8230;&#8230;&#8230;&#8230;&#8230;&#8230;&#8230;&#8230;&#8230;&#8230;&#8230;&#8230;&#8230;&#8230;&#8230;&#8230;&#8230;&#8230;&#8230;..4%;<\/em><\/p><p><em>&nbsp;&nbsp;&nbsp;&nbsp;&nbsp;&nbsp;&nbsp;&nbsp;IV &#8211; de 1.001 em diante. &#8230;&#8230;&#8230;&#8230;&#8230;&#8230;&#8230;&#8230;&#8230;&#8230;&#8230;&#8230;&#8230;&#8230;&#8230;&#8230;&#8230;&#8230;&#8230;&#8230;&#8230;&#8230;&#8230;&#8230;&#8230;&#8230;&#8230;&#8230;&#8230;..5%.<\/em><\/p><\/blockquote>\n\n\n\n<p>Focando em concursos p\u00fablicos, \u00e9 poss\u00edvel encontrar uma garantia constitucional que respalde a reserva de vagas para pessoas com defici\u00eancia. Confira o que diz o inciso VIII do Artigo 37:<\/p>\n\n\n\n<blockquote class=\"wp-block-quote is-layout-flow wp-block-quote-is-layout-flow\"><p>\u201c<em>A lei reservar\u00e1 percentual dos cargos e empregos p\u00fablicos para as pessoas portadoras de defici\u00eancia e definir\u00e1 os crit\u00e9rios de sua admiss\u00e3o<\/em>.\u201d<\/p><\/blockquote>\n\n\n\n<p>Como a reda\u00e7\u00e3o do inciso salienta, h\u00e1 necessidade da exist\u00eancia de uma legisla\u00e7\u00e3o que indique quais ser\u00e3o os crit\u00e9rios utilizados para a admiss\u00e3o de pessoas portadoras de defici\u00eancia em concursos p\u00fablicos. Cada estado tem liberdade para legislar sobre quais os crit\u00e9rios que ser\u00e3o usados.<\/p>\n\n\n\n<p><strong>A n\u00edvel federal, a <a href=\"https:\/\/www2.camara.leg.br\/legin\/fed\/lei\/1990\/lei-8112-11-dezembro-1990-322161-publicacaooriginal-1-pl.html\" target=\"_blank\" rel=\"noreferrer noopener\">Lei 8.112 de 1990<\/a> estabelece que:<\/strong><\/p>\n\n\n\n<blockquote class=\"wp-block-quote is-layout-flow wp-block-quote-is-layout-flow\"><p><em>\u201c\u00c0s pessoas portadoras de defici\u00eancia \u00e9 assegurado o direito de se inscrever em concurso p\u00fablico para provimento de cargo cujas atribui\u00e7\u00f5es sejam compat\u00edveis com a defici\u00eancia de que s\u00e3o portadoras; para tais pessoas ser\u00e3o reservadas at\u00e9 20% (vinte por cento) das vagas oferecidas no concurso.\u201d<\/em><\/p><\/blockquote>\n\n\n\n<p>O Decreto n\u00ba 3.298 de 1999 disp\u00f5e sobre quais tipos de defici\u00eancia s\u00e3o aceitas nas sele\u00e7\u00f5es p\u00fablicas. O artigo 4\u00ba&nbsp; apresenta quais condi\u00e7\u00f5es s\u00e3o consideradas defici\u00eancias dentro das categorias: defici\u00eancia f\u00edsica, defici\u00eancia auditiva, defici\u00eancia visual, defici\u00eancia mental e defici\u00eancia m\u00faltipla.<\/p>\n\n\n\n<blockquote class=\"wp-block-quote is-layout-flow wp-block-quote-is-layout-flow\"><p><em>I \u2013 Defici\u00eancia F\u00edsica \u2013 altera\u00e7\u00e3o completa ou parcial de um ou mais segmentos do corpo humano, acarretando o comprometimento da fun\u00e7\u00e3o f\u00edsica, apresentando-se sob a forma de paraplegia, paraparesia, monoplegia, monoparesia, tetraplegia, tetraparesia, triplegia, triparesia, hemiplegia, hemiparesia, ostomia, amputa\u00e7\u00e3o ou aus\u00eancia de membro, paralisia cerebral, nanismo, membros com deformidade cong\u00eanita ou adquirida, exceto as deformidades est\u00e9ticas e as que n\u00e3o produzam dificuldades para o desempenho de fun\u00e7\u00f5es;&nbsp;&nbsp;&nbsp;&nbsp;<\/em><\/p><p><em>II \u2013 Defici\u00eancia Auditiva \u2013 perda bilateral, parcial ou total, de 41 decib\u00e9is (dB) ou mais, aferida por audiograma nas frequ\u00eancias de 500HZ, 1.000HZ, 2.000Hz e 3.000Hz;<\/em><\/p><p><em>III \u2013 Defici\u00eancia Visual \u2013 cegueira, na qual a acuidade visual \u00e9 igual ou menor que 0,05 no melhor olho, com a melhor corre\u00e7\u00e3o \u00f3ptica; a baixa vis\u00e3o, que significa acuidade visual entre 0,3 e 0,05 no melhor olho, com a melhor corre\u00e7\u00e3o \u00f3ptica; os casos nos quais a somat\u00f3ria da medida do campo visual em ambos os olhos for igual ou menor que 60\u00ba; ou a ocorr\u00eancia simult\u00e2nea de quaisquer das condi\u00e7\u00f5es anteriores;<\/em><\/p><p><em>IV \u2013 Defici\u00eancia Mental \u2013 funcionamento intelectual significativamente inferior \u00e0 m\u00e9dia, com manifesta\u00e7\u00e3o antes dos dezoito anos e limita\u00e7\u00f5es associadas a duas ou mais \u00e1reas de habilidades adaptativas, tais como:<\/em><\/p><p><em>a) comunica\u00e7\u00e3o;<\/em><\/p><p><em>b) cuidado pessoal;<\/em><\/p><p><em>c) habilidades sociais;<\/em><\/p><p><em>d) utiliza\u00e7\u00e3o da comunidade;<\/em><\/p><p><em>d) utiliza\u00e7\u00e3o dos recursos da comunidade;<\/em><\/p><p><em>e) sa\u00fade e seguran\u00e7a;<\/em><\/p><p><em>f) habilidades acad\u00eamicas;<\/em><\/p><p><em>g) lazer; e<\/em><\/p><p><em>h) trabalho;<\/em><\/p><p><em>V \u2013 Defici\u00eancia M\u00faltipla \u2013 associa\u00e7\u00e3o de duas ou mais defici\u00eancias.<\/em><\/p><\/blockquote>\n\n\n\n<h2 class=\"wp-block-heading\" id=\"h-sobre-o-concurso-da-caixa-para-pcds\">Sobre o concurso da Caixa para PCDs<\/h2>\n\n\n\n<p>Segundo an\u00fancio do presidente da&nbsp;<a href=\"https:\/\/www.estrategiaconcursos.com.br\/curso\/pacote-completo-p-caixa-economica-federal-cef-tecnico-bancario-2020-2-pre-edital\/\" target=\"_blank\" rel=\"noreferrer noopener\">Caixa Econ\u00f4mica Federal<\/a>, Pedro Guimar\u00e3es, a sele\u00e7\u00e3o ofertar\u00e1 1.000 vagas para pessoas com defici\u00eancia, destinadas ao cargo de&nbsp;<strong>T\u00e9cnico Banc\u00e1rio<\/strong>. A publica\u00e7\u00e3o do edital \u00e9 prevista para o m\u00eas de&nbsp;<strong>setembro de 2021<\/strong>.<\/p>\n\n\n\n<p>Recentemente, foi publicado o&nbsp;<a href=\"https:\/\/www.in.gov.br\/en\/web\/dou\/-\/extratos-de-contratos-341821790\" target=\"_blank\" rel=\"noreferrer noopener\">extrato de contrato<\/a>&nbsp;firmado entre a Caixa Econ\u00f4mica Federal e a banca organizadora Cesgranrio para realiza\u00e7\u00e3o do novo concurso p\u00fablico da institui\u00e7\u00e3o banc\u00e1ria.<\/p>\n\n\n\n<h2 class=\"has-text-align-center has-luminous-vivid-amber-background-color has-background has-medium-font-size wp-block-heading\"><strong><span class=\"has-inline-color has-black-color\">Saiba mais:<\/span> <a href=\"https:\/\/www.estrategiaconcursos.com.br\/blog\/concurso-caixa\/\" target=\"_blank\" rel=\"noreferrer noopener\">Concurso Caixa<\/a><\/strong><\/h2>\n\n\n\n<div class=\"container\" id=\"boxes\">\n  <div class=\"row\">\n\n    <div class=\"col-sm\">\n      <div class=\"estrategia\" id=\"box-assinatura\">\n        <h3 class=\"titulo-assinatura\">Assinatura Concursos<\/h3>\n        <p class=\"subtitulo-assinatura\">Assinatura de 1 ano ou 2 anos<\/p>\n        <div class=\"box-botao\">\n          <a class=\"btn-assinatura\" target=\"_blank\" href=\"https:\/\/www.estrategiaconcursos.com.br\/assinaturas\/\" role=\"button\" rel=\"noopener noreferrer\">ASSINE AGORA<\/a>\n        <\/div>\n      <\/div>\n     \n    <\/div><\/div><\/div>\n\n\n\n<div class=\"container\" id=\"boxes\">\n  <div class=\"row\">\n\n    <div class=\"col-sm\" id=\"boxes-concursos\">\n      <div style=\"background-color: #005DAD;\" class=\"conteudo-concursos\" id=\"box-concursos\">\n        <h3 class=\"titulo-assinatura\">Concursos Abertos<\/h3>\n        <p class=\"subtitulo-assinatura\">Os editais publicados<\/p>\n        <div class=\"box-botao\">\n          <a class=\"btn-assinatura\" target=\"_blank\" href=\"https:\/\/www.estrategiaconcursos.com.br\/blog\/concursos-abertos\/\" role=\"button\" rel=\"noopener noreferrer\">Conhe\u00e7a Agora<\/a>\n        <\/div>\n      <\/div>\n    <\/div>\n\n    <div class=\"col-sm\" id=\"boxes-concursos\">\n      <div style=\"background-color: #1A7ED5;\" class=\"conteudo-concursos\" id=\"box-concursos\">\n        <h3 class=\"titulo-assinatura\">Concursos 2021<\/h3>\n        <p class=\"subtitulo-assinatura\">As oportunidades previstas<\/p>\n        <div class=\"box-botao\">\n          <a class=\"btn-assinatura\" target=\"_blank\" href=\"https:\/\/www.estrategiaconcursos.com.br\/blog\/concursos-2021\/\" role=\"button\" rel=\"noopener noreferrer\">Conhe\u00e7a Agora<\/a>\n        <\/div>\n      <\/div>\n    <\/div>\n\n    <div class=\"col-sm\" id=\"boxes-concursos\">\n      <div style=\"background-color: #419FF0;\" class=\"conteudo-concursos\" id=\"box-concursos\">\n        <h3 class=\"titulo-assinatura\">Concursos 2022<\/h3>\n        <p class=\"subtitulo-assinatura\">Vagas para o pr\u00f3ximo ano<\/p>\n        <div class=\"box-botao\">\n          <a class=\"btn-assinatura\" target=\"_blank\" href=\"https:\/\/www.estrategiaconcursos.com.br\/blog\/concursos-2022\/\" role=\"button\" rel=\"noopener noreferrer\">Conhe\u00e7a Agora<\/a>\n        <\/div>\n      <\/div>\n    <\/div>\n\n  <\/div>\n<\/div>\n","protected":false},"excerpt":{"rendered":"<p>Desde o in\u00edcio da d\u00e9cada de 90, as pessoas com defici\u00eancia (PCD) podem concorrer a vagas reservadas em concursos p\u00fablicos em todo o pa\u00eds. Existem diversos certames com reserva de vagas para PCDs por todo o pa\u00eds e tamb\u00e9m h\u00e1 casos de sele\u00e7\u00f5es exclusivas para PCDs como a da Caixa Econ\u00f4mica Federal. No caso do [&hellip;]<\/p>\n","protected":false},"author":1,"featured_media":858559,"comment_status":"open","ping_status":"closed","sticky":false,"template":"","format":"standard","meta":{"post_tipo":"news","footnotes":""},"categories":[2313,1],"tags":[],"tax_estado":[219963],"class_list":["post-850465","post","type-post","status-publish","format-standard","has-post-thumbnail","hentry","category-carreiras-bancarias","category-cursos-e-concursos","tax_estado-concursos-federais"],"acf":[],"yoast_head":"<!-- This site is optimized with the Yoast SEO Premium plugin v27.2 (Yoast SEO v27.2) - https:\/\/yoast.com\/product\/yoast-seo-premium-wordpress\/ -->\n<title>Concurso Caixa: Quais as regras de participa\u00e7\u00e3o para PCDs?<\/title>\n<meta name=\"description\" content=\"Saiba quais s\u00e3o as regras para a participa\u00e7\u00e3o de pessoas com defici\u00eancia (PCDs) em concursos p\u00fablicos. Confira os detalhes no Estrat\u00e9gia!\" \/>\n<meta name=\"robots\" content=\"index, follow, max-snippet:-1, max-image-preview:large, max-video-preview:-1\" \/>\n<link rel=\"canonical\" href=\"https:\/\/www.estrategiaconcursos.com.br\/blog\/quais-as-regras-de-participacao-para-pcds-em-concursos\/\" \/>\n<meta property=\"og:locale\" content=\"pt_BR\" \/>\n<meta property=\"og:type\" content=\"article\" \/>\n<meta property=\"og:title\" content=\"Concurso Caixa: Quais as regras de participa\u00e7\u00e3o para PCDs?\" \/>\n<meta property=\"og:description\" content=\"Saiba quais s\u00e3o as regras para a participa\u00e7\u00e3o de pessoas com defici\u00eancia (PCDs) em concursos p\u00fablicos. Confira os detalhes no Estrat\u00e9gia!\" \/>\n<meta property=\"og:url\" content=\"https:\/\/www.estrategiaconcursos.com.br\/blog\/quais-as-regras-de-participacao-para-pcds-em-concursos\/\" \/>\n<meta property=\"og:site_name\" content=\"Estrat\u00e9gia Concursos\" \/>\n<meta property=\"article:author\" content=\"https:\/\/www.facebook.com\/EstrategiaConcursos\" \/>\n<meta property=\"article:published_time\" content=\"2021-08-31T21:21:00+00:00\" \/>\n<meta property=\"article:modified_time\" content=\"2021-09-10T17:08:09+00:00\" \/>\n<meta property=\"og:image\" content=\"https:\/\/dhg1h5j42swfq.cloudfront.net\/2021\/09\/10140708\/concurso-caixa-economica-federal.png\" \/>\n\t<meta property=\"og:image:width\" content=\"1200\" \/>\n\t<meta property=\"og:image:height\" content=\"628\" \/>\n\t<meta property=\"og:image:type\" content=\"image\/png\" \/>\n<meta name=\"author\" content=\"Coordena\u00e7\u00e3o\" \/>\n<meta name=\"twitter:card\" content=\"summary_large_image\" \/>\n<meta name=\"twitter:creator\" content=\"@EstratConcursos\" \/>\n<meta name=\"twitter:site\" content=\"@EstratConcursos\" \/>\n<meta name=\"twitter:label1\" content=\"Escrito por\" \/>\n\t<meta name=\"twitter:data1\" content=\"Coordena\u00e7\u00e3o\" \/>\n\t<meta name=\"twitter:label2\" content=\"Est. tempo de leitura\" \/>\n\t<meta name=\"twitter:data2\" content=\"4 minutos\" \/>\n<script type=\"application\/ld+json\" class=\"yoast-schema-graph\">{\"@context\":\"https:\/\/schema.org\",\"@graph\":[{\"@type\":\"NewsArticle\",\"@id\":\"https:\/\/www.estrategiaconcursos.com.br\/blog\/quais-as-regras-de-participacao-para-pcds-em-concursos\/#article\",\"isPartOf\":{\"@id\":\"https:\/\/www.estrategiaconcursos.com.br\/blog\/quais-as-regras-de-participacao-para-pcds-em-concursos\/\"},\"author\":{\"name\":\"Coordena\u00e7\u00e3o\",\"@id\":\"https:\/\/www.estrategiaconcursos.com.br\/blog\/#\/schema\/person\/b4a388c97673c5f483d72185668afa1f\"},\"headline\":\"Concurso Caixa: Quais as regras de participa\u00e7\u00e3o para PCDs?\",\"datePublished\":\"2021-08-31T21:21:00+00:00\",\"dateModified\":\"2021-09-10T17:08:09+00:00\",\"mainEntityOfPage\":{\"@id\":\"https:\/\/www.estrategiaconcursos.com.br\/blog\/quais-as-regras-de-participacao-para-pcds-em-concursos\/\"},\"wordCount\":874,\"commentCount\":0,\"publisher\":{\"@id\":\"https:\/\/www.estrategiaconcursos.com.br\/blog\/#organization\"},\"image\":{\"@id\":\"https:\/\/www.estrategiaconcursos.com.br\/blog\/quais-as-regras-de-participacao-para-pcds-em-concursos\/#primaryimage\"},\"thumbnailUrl\":\"https:\/\/dhg1h5j42swfq.cloudfront.net\/2021\/09\/10140708\/concurso-caixa-economica-federal.png\",\"articleSection\":[\"Banc\u00e1ria (BB, CEF e Bancos Estaduais)\",\"Concursos P\u00fablicos\"],\"inLanguage\":\"pt-BR\",\"potentialAction\":[{\"@type\":\"CommentAction\",\"name\":\"Comment\",\"target\":[\"https:\/\/www.estrategiaconcursos.com.br\/blog\/quais-as-regras-de-participacao-para-pcds-em-concursos\/#respond\"]}],\"copyrightYear\":\"2021\",\"copyrightHolder\":{\"@id\":\"https:\/\/www.estrategiaconcursos.com.br\/blog\/#organization\"}},{\"@type\":\"WebPage\",\"@id\":\"https:\/\/www.estrategiaconcursos.com.br\/blog\/quais-as-regras-de-participacao-para-pcds-em-concursos\/\",\"url\":\"https:\/\/www.estrategiaconcursos.com.br\/blog\/quais-as-regras-de-participacao-para-pcds-em-concursos\/\",\"name\":\"Concurso Caixa: Quais as regras de participa\u00e7\u00e3o para PCDs?\",\"isPartOf\":{\"@id\":\"https:\/\/www.estrategiaconcursos.com.br\/blog\/#website\"},\"primaryImageOfPage\":{\"@id\":\"https:\/\/www.estrategiaconcursos.com.br\/blog\/quais-as-regras-de-participacao-para-pcds-em-concursos\/#primaryimage\"},\"image\":{\"@id\":\"https:\/\/www.estrategiaconcursos.com.br\/blog\/quais-as-regras-de-participacao-para-pcds-em-concursos\/#primaryimage\"},\"thumbnailUrl\":\"https:\/\/dhg1h5j42swfq.cloudfront.net\/2021\/09\/10140708\/concurso-caixa-economica-federal.png\",\"datePublished\":\"2021-08-31T21:21:00+00:00\",\"dateModified\":\"2021-09-10T17:08:09+00:00\",\"description\":\"Saiba quais s\u00e3o as regras para a participa\u00e7\u00e3o de pessoas com defici\u00eancia (PCDs) em concursos p\u00fablicos. Confira os detalhes no Estrat\u00e9gia!\",\"breadcrumb\":{\"@id\":\"https:\/\/www.estrategiaconcursos.com.br\/blog\/quais-as-regras-de-participacao-para-pcds-em-concursos\/#breadcrumb\"},\"inLanguage\":\"pt-BR\",\"potentialAction\":[{\"@type\":\"ReadAction\",\"target\":[\"https:\/\/www.estrategiaconcursos.com.br\/blog\/quais-as-regras-de-participacao-para-pcds-em-concursos\/\"]}]},{\"@type\":\"ImageObject\",\"inLanguage\":\"pt-BR\",\"@id\":\"https:\/\/www.estrategiaconcursos.com.br\/blog\/quais-as-regras-de-participacao-para-pcds-em-concursos\/#primaryimage\",\"url\":\"https:\/\/dhg1h5j42swfq.cloudfront.net\/2021\/09\/10140708\/concurso-caixa-economica-federal.png\",\"contentUrl\":\"https:\/\/dhg1h5j42swfq.cloudfront.net\/2021\/09\/10140708\/concurso-caixa-economica-federal.png\",\"width\":1200,\"height\":628,\"caption\":\"Concurso Caixa Econ\u00f4mica Federal\"},{\"@type\":\"BreadcrumbList\",\"@id\":\"https:\/\/www.estrategiaconcursos.com.br\/blog\/quais-as-regras-de-participacao-para-pcds-em-concursos\/#breadcrumb\",\"itemListElement\":[{\"@type\":\"ListItem\",\"position\":1,\"name\":\"In\u00edcio\",\"item\":\"https:\/\/www.estrategiaconcursos.com.br\/blog\/\"},{\"@type\":\"ListItem\",\"position\":2,\"name\":\"Concurso Caixa: Quais as regras de participa\u00e7\u00e3o para PCDs?\"}]},{\"@type\":\"WebSite\",\"@id\":\"https:\/\/www.estrategiaconcursos.com.br\/blog\/#website\",\"url\":\"https:\/\/www.estrategiaconcursos.com.br\/blog\/\",\"name\":\"Estrat\u00e9gia Concursos\",\"description\":\"O blog da Estrat\u00e9gia Concursos traz not\u00edcias sobre concursos e artigos de professores oferecendo cursos para concursos (pdf + videaulas) no site.\",\"publisher\":{\"@id\":\"https:\/\/www.estrategiaconcursos.com.br\/blog\/#organization\"},\"potentialAction\":[{\"@type\":\"SearchAction\",\"target\":{\"@type\":\"EntryPoint\",\"urlTemplate\":\"https:\/\/www.estrategiaconcursos.com.br\/blog\/?s={search_term_string}\"},\"query-input\":{\"@type\":\"PropertyValueSpecification\",\"valueRequired\":true,\"valueName\":\"search_term_string\"}}],\"inLanguage\":\"pt-BR\"},{\"@type\":\"Organization\",\"@id\":\"https:\/\/www.estrategiaconcursos.com.br\/blog\/#organization\",\"name\":\"Estrat\u00e9gia Concursos\",\"url\":\"https:\/\/www.estrategiaconcursos.com.br\/blog\/\",\"logo\":{\"@type\":\"ImageObject\",\"inLanguage\":\"pt-BR\",\"@id\":\"https:\/\/www.estrategiaconcursos.com.br\/blog\/#\/schema\/logo\/image\/\",\"url\":\"https:\/\/dhg1h5j42swfq.cloudfront.net\/2025\/06\/03203428\/logo_concursos-1.jpg\",\"contentUrl\":\"https:\/\/dhg1h5j42swfq.cloudfront.net\/2025\/06\/03203428\/logo_concursos-1.jpg\",\"width\":230,\"height\":60,\"caption\":\"Estrat\u00e9gia Concursos\"},\"image\":{\"@id\":\"https:\/\/www.estrategiaconcursos.com.br\/blog\/#\/schema\/logo\/image\/\"},\"sameAs\":[\"https:\/\/x.com\/EstratConcursos\"]},{\"@type\":\"Person\",\"@id\":\"https:\/\/www.estrategiaconcursos.com.br\/blog\/#\/schema\/person\/b4a388c97673c5f483d72185668afa1f\",\"name\":\"Coordena\u00e7\u00e3o\",\"image\":{\"@type\":\"ImageObject\",\"inLanguage\":\"pt-BR\",\"@id\":\"https:\/\/secure.gravatar.com\/avatar\/b720319e4c9a967eb58678d110f4fe35452fc5d5f97b202bac7b8acceb18c6ad?s=96&d=mm&r=g\",\"url\":\"https:\/\/secure.gravatar.com\/avatar\/b720319e4c9a967eb58678d110f4fe35452fc5d5f97b202bac7b8acceb18c6ad?s=96&d=mm&r=g\",\"contentUrl\":\"https:\/\/secure.gravatar.com\/avatar\/b720319e4c9a967eb58678d110f4fe35452fc5d5f97b202bac7b8acceb18c6ad?s=96&d=mm&r=g\",\"caption\":\"Coordena\u00e7\u00e3o\"},\"sameAs\":[\"https:\/\/www.facebook.com\/EstrategiaConcursos\",\"https:\/\/x.com\/EstratConcursos\"],\"url\":\"https:\/\/www.estrategiaconcursos.com.br\/blog\/author\/estrategia2013\/\"}]}<\/script>\n<!-- \/ Yoast SEO Premium plugin. -->","yoast_head_json":{"title":"Concurso Caixa: Quais as regras de participa\u00e7\u00e3o para PCDs?","description":"Saiba quais s\u00e3o as regras para a participa\u00e7\u00e3o de pessoas com defici\u00eancia (PCDs) em concursos p\u00fablicos. Confira os detalhes no Estrat\u00e9gia!","robots":{"index":"index","follow":"follow","max-snippet":"max-snippet:-1","max-image-preview":"max-image-preview:large","max-video-preview":"max-video-preview:-1"},"canonical":"https:\/\/www.estrategiaconcursos.com.br\/blog\/quais-as-regras-de-participacao-para-pcds-em-concursos\/","og_locale":"pt_BR","og_type":"article","og_title":"Concurso Caixa: Quais as regras de participa\u00e7\u00e3o para PCDs?","og_description":"Saiba quais s\u00e3o as regras para a participa\u00e7\u00e3o de pessoas com defici\u00eancia (PCDs) em concursos p\u00fablicos. Confira os detalhes no Estrat\u00e9gia!","og_url":"https:\/\/www.estrategiaconcursos.com.br\/blog\/quais-as-regras-de-participacao-para-pcds-em-concursos\/","og_site_name":"Estrat\u00e9gia Concursos","article_author":"https:\/\/www.facebook.com\/EstrategiaConcursos","article_published_time":"2021-08-31T21:21:00+00:00","article_modified_time":"2021-09-10T17:08:09+00:00","og_image":[{"width":1200,"height":628,"url":"https:\/\/dhg1h5j42swfq.cloudfront.net\/2021\/09\/10140708\/concurso-caixa-economica-federal.png","type":"image\/png"}],"author":"Coordena\u00e7\u00e3o","twitter_card":"summary_large_image","twitter_creator":"@EstratConcursos","twitter_site":"@EstratConcursos","twitter_misc":{"Escrito por":"Coordena\u00e7\u00e3o","Est. tempo de leitura":"4 minutos"},"schema":{"@context":"https:\/\/schema.org","@graph":[{"@type":"NewsArticle","@id":"https:\/\/www.estrategiaconcursos.com.br\/blog\/quais-as-regras-de-participacao-para-pcds-em-concursos\/#article","isPartOf":{"@id":"https:\/\/www.estrategiaconcursos.com.br\/blog\/quais-as-regras-de-participacao-para-pcds-em-concursos\/"},"author":{"name":"Coordena\u00e7\u00e3o","@id":"https:\/\/www.estrategiaconcursos.com.br\/blog\/#\/schema\/person\/b4a388c97673c5f483d72185668afa1f"},"headline":"Concurso Caixa: Quais as regras de participa\u00e7\u00e3o para PCDs?","datePublished":"2021-08-31T21:21:00+00:00","dateModified":"2021-09-10T17:08:09+00:00","mainEntityOfPage":{"@id":"https:\/\/www.estrategiaconcursos.com.br\/blog\/quais-as-regras-de-participacao-para-pcds-em-concursos\/"},"wordCount":874,"commentCount":0,"publisher":{"@id":"https:\/\/www.estrategiaconcursos.com.br\/blog\/#organization"},"image":{"@id":"https:\/\/www.estrategiaconcursos.com.br\/blog\/quais-as-regras-de-participacao-para-pcds-em-concursos\/#primaryimage"},"thumbnailUrl":"https:\/\/dhg1h5j42swfq.cloudfront.net\/2021\/09\/10140708\/concurso-caixa-economica-federal.png","articleSection":["Banc\u00e1ria (BB, CEF e Bancos Estaduais)","Concursos P\u00fablicos"],"inLanguage":"pt-BR","potentialAction":[{"@type":"CommentAction","name":"Comment","target":["https:\/\/www.estrategiaconcursos.com.br\/blog\/quais-as-regras-de-participacao-para-pcds-em-concursos\/#respond"]}],"copyrightYear":"2021","copyrightHolder":{"@id":"https:\/\/www.estrategiaconcursos.com.br\/blog\/#organization"}},{"@type":"WebPage","@id":"https:\/\/www.estrategiaconcursos.com.br\/blog\/quais-as-regras-de-participacao-para-pcds-em-concursos\/","url":"https:\/\/www.estrategiaconcursos.com.br\/blog\/quais-as-regras-de-participacao-para-pcds-em-concursos\/","name":"Concurso Caixa: Quais as regras de participa\u00e7\u00e3o para PCDs?","isPartOf":{"@id":"https:\/\/www.estrategiaconcursos.com.br\/blog\/#website"},"primaryImageOfPage":{"@id":"https:\/\/www.estrategiaconcursos.com.br\/blog\/quais-as-regras-de-participacao-para-pcds-em-concursos\/#primaryimage"},"image":{"@id":"https:\/\/www.estrategiaconcursos.com.br\/blog\/quais-as-regras-de-participacao-para-pcds-em-concursos\/#primaryimage"},"thumbnailUrl":"https:\/\/dhg1h5j42swfq.cloudfront.net\/2021\/09\/10140708\/concurso-caixa-economica-federal.png","datePublished":"2021-08-31T21:21:00+00:00","dateModified":"2021-09-10T17:08:09+00:00","description":"Saiba quais s\u00e3o as regras para a participa\u00e7\u00e3o de pessoas com defici\u00eancia (PCDs) em concursos p\u00fablicos. Confira os detalhes no Estrat\u00e9gia!","breadcrumb":{"@id":"https:\/\/www.estrategiaconcursos.com.br\/blog\/quais-as-regras-de-participacao-para-pcds-em-concursos\/#breadcrumb"},"inLanguage":"pt-BR","potentialAction":[{"@type":"ReadAction","target":["https:\/\/www.estrategiaconcursos.com.br\/blog\/quais-as-regras-de-participacao-para-pcds-em-concursos\/"]}]},{"@type":"ImageObject","inLanguage":"pt-BR","@id":"https:\/\/www.estrategiaconcursos.com.br\/blog\/quais-as-regras-de-participacao-para-pcds-em-concursos\/#primaryimage","url":"https:\/\/dhg1h5j42swfq.cloudfront.net\/2021\/09\/10140708\/concurso-caixa-economica-federal.png","contentUrl":"https:\/\/dhg1h5j42swfq.cloudfront.net\/2021\/09\/10140708\/concurso-caixa-economica-federal.png","width":1200,"height":628,"caption":"Concurso Caixa Econ\u00f4mica Federal"},{"@type":"BreadcrumbList","@id":"https:\/\/www.estrategiaconcursos.com.br\/blog\/quais-as-regras-de-participacao-para-pcds-em-concursos\/#breadcrumb","itemListElement":[{"@type":"ListItem","position":1,"name":"In\u00edcio","item":"https:\/\/www.estrategiaconcursos.com.br\/blog\/"},{"@type":"ListItem","position":2,"name":"Concurso Caixa: Quais as regras de participa\u00e7\u00e3o para PCDs?"}]},{"@type":"WebSite","@id":"https:\/\/www.estrategiaconcursos.com.br\/blog\/#website","url":"https:\/\/www.estrategiaconcursos.com.br\/blog\/","name":"Estrat\u00e9gia Concursos","description":"O blog da Estrat\u00e9gia Concursos traz not\u00edcias sobre concursos e artigos de professores oferecendo cursos para concursos (pdf + videaulas) no site.","publisher":{"@id":"https:\/\/www.estrategiaconcursos.com.br\/blog\/#organization"},"potentialAction":[{"@type":"SearchAction","target":{"@type":"EntryPoint","urlTemplate":"https:\/\/www.estrategiaconcursos.com.br\/blog\/?s={search_term_string}"},"query-input":{"@type":"PropertyValueSpecification","valueRequired":true,"valueName":"search_term_string"}}],"inLanguage":"pt-BR"},{"@type":"Organization","@id":"https:\/\/www.estrategiaconcursos.com.br\/blog\/#organization","name":"Estrat\u00e9gia Concursos","url":"https:\/\/www.estrategiaconcursos.com.br\/blog\/","logo":{"@type":"ImageObject","inLanguage":"pt-BR","@id":"https:\/\/www.estrategiaconcursos.com.br\/blog\/#\/schema\/logo\/image\/","url":"https:\/\/dhg1h5j42swfq.cloudfront.net\/2025\/06\/03203428\/logo_concursos-1.jpg","contentUrl":"https:\/\/dhg1h5j42swfq.cloudfront.net\/2025\/06\/03203428\/logo_concursos-1.jpg","width":230,"height":60,"caption":"Estrat\u00e9gia Concursos"},"image":{"@id":"https:\/\/www.estrategiaconcursos.com.br\/blog\/#\/schema\/logo\/image\/"},"sameAs":["https:\/\/x.com\/EstratConcursos"]},{"@type":"Person","@id":"https:\/\/www.estrategiaconcursos.com.br\/blog\/#\/schema\/person\/b4a388c97673c5f483d72185668afa1f","name":"Coordena\u00e7\u00e3o","image":{"@type":"ImageObject","inLanguage":"pt-BR","@id":"https:\/\/secure.gravatar.com\/avatar\/b720319e4c9a967eb58678d110f4fe35452fc5d5f97b202bac7b8acceb18c6ad?s=96&d=mm&r=g","url":"https:\/\/secure.gravatar.com\/avatar\/b720319e4c9a967eb58678d110f4fe35452fc5d5f97b202bac7b8acceb18c6ad?s=96&d=mm&r=g","contentUrl":"https:\/\/secure.gravatar.com\/avatar\/b720319e4c9a967eb58678d110f4fe35452fc5d5f97b202bac7b8acceb18c6ad?s=96&d=mm&r=g","caption":"Coordena\u00e7\u00e3o"},"sameAs":["https:\/\/www.facebook.com\/EstrategiaConcursos","https:\/\/x.com\/EstratConcursos"],"url":"https:\/\/www.estrategiaconcursos.com.br\/blog\/author\/estrategia2013\/"}]}},"_links":{"self":[{"href":"https:\/\/www.estrategiaconcursos.com.br\/blog\/wp-json\/wp\/v2\/posts\/850465","targetHints":{"allow":["GET"]}}],"collection":[{"href":"https:\/\/www.estrategiaconcursos.com.br\/blog\/wp-json\/wp\/v2\/posts"}],"about":[{"href":"https:\/\/www.estrategiaconcursos.com.br\/blog\/wp-json\/wp\/v2\/types\/post"}],"author":[{"embeddable":true,"href":"https:\/\/www.estrategiaconcursos.com.br\/blog\/wp-json\/wp\/v2\/users\/1"}],"replies":[{"embeddable":true,"href":"https:\/\/www.estrategiaconcursos.com.br\/blog\/wp-json\/wp\/v2\/comments?post=850465"}],"version-history":[{"count":6,"href":"https:\/\/www.estrategiaconcursos.com.br\/blog\/wp-json\/wp\/v2\/posts\/850465\/revisions"}],"predecessor-version":[{"id":858568,"href":"https:\/\/www.estrategiaconcursos.com.br\/blog\/wp-json\/wp\/v2\/posts\/850465\/revisions\/858568"}],"wp:featuredmedia":[{"embeddable":true,"href":"https:\/\/www.estrategiaconcursos.com.br\/blog\/wp-json\/wp\/v2\/media\/858559"}],"wp:attachment":[{"href":"https:\/\/www.estrategiaconcursos.com.br\/blog\/wp-json\/wp\/v2\/media?parent=850465"}],"wp:term":[{"taxonomy":"category","embeddable":true,"href":"https:\/\/www.estrategiaconcursos.com.br\/blog\/wp-json\/wp\/v2\/categories?post=850465"},{"taxonomy":"post_tag","embeddable":true,"href":"https:\/\/www.estrategiaconcursos.com.br\/blog\/wp-json\/wp\/v2\/tags?post=850465"},{"taxonomy":"tax_estado","embeddable":true,"href":"https:\/\/www.estrategiaconcursos.com.br\/blog\/wp-json\/wp\/v2\/tax_estado?post=850465"}],"curies":[{"name":"wp","href":"https:\/\/api.w.org\/{rel}","templated":true}]}}