{"id":850398,"date":"2021-09-01T20:00:00","date_gmt":"2021-09-01T23:00:00","guid":{"rendered":"https:\/\/www.estrategiaconcursos.com.br\/blog\/?p=850398"},"modified":"2021-08-31T18:29:21","modified_gmt":"2021-08-31T21:29:21","slug":"1o-set-dia-do-educador-fisico-regulamentacao-da-profissao","status":"publish","type":"post","link":"https:\/\/www.estrategiaconcursos.com.br\/blog\/1o-set-dia-do-educador-fisico-regulamentacao-da-profissao\/","title":{"rendered":"1\u00ba de set &#8211; Dia do Educador F\u00edsico: regulamenta\u00e7\u00e3o da profiss\u00e3o"},"content":{"rendered":"\n<p><strong>Aten\u00e7\u00e3o, estrategista! <\/strong>Preparado para mais um evento 100% GRATUITO?<\/p>\n\n\n\n<p>Sob administra\u00e7\u00e3o do ex-presidente, Fernando Henrique Cardoso, foi sancionada a <strong><a href=\"http:\/\/legislacao.planalto.gov.br\/legisla\/legislacao.nsf\/Viw_Identificacao\/lei%209.696-1998?OpenDocument\" target=\"_blank\" rel=\"noreferrer noopener\"><small>LEI N\u00ba 9.696<\/small><\/a><\/strong>, que diz respeito ao exerc\u00edcio das atividades de Educa\u00e7\u00e3o F\u00edsica e a designa\u00e7\u00e3o de Profissional de Educa\u00e7\u00e3o F\u00edsica.<\/p>\n\n\n\n<p>Entre outras implica\u00e7\u00f5es, essa regulamenta\u00e7\u00e3o demonstra o requisito b\u00e1sico de possuir diploma em<strong> n\u00edvel superior<\/strong> por institui\u00e7\u00e3o reconhecida pelo Minist\u00e9rio da Educa\u00e7\u00e3o. <\/p>\n\n\n\n<p>No adendo, s\u00e3o definidas as fun\u00e7\u00f5es desse cargo, bem como criados o Conselho Federal e os Conselhos Regionais de Educa\u00e7\u00e3o F\u00edsica, institui\u00e7\u00f5es para servir de apoio e fiscaliza\u00e7\u00e3o.<\/p>\n\n\n\n<p>Saiba como tais atos podem vir a ser usados em seu favor e redescubra a profiss\u00e3o de Educador F\u00edsico. Para tanto, preparamos um aul\u00e3o muito especial.<em> Contamos com a sua presen\u00e7a, at\u00e9 logo!<\/em><\/p>\n\n\n\n<h2 class=\"has-text-align-center wp-block-heading\">Dados sobre o evento:<\/h2>\n\n\n\n<div class=\"wp-block-image wp-duotone-000000-00a5ff-1\"><figure class=\"alignright size-full is-resized\"><img loading=\"lazy\" decoding=\"async\" src=\"https:\/\/dhg1h5j42swfq.cloudfront.net\/2020\/12\/11172928\/logo_estrategia_concursos.png\" alt=\"\" class=\"wp-image-629128\" width=\"50\" height=\"99\" srcset=\"https:\/\/dhg1h5j42swfq.cloudfront.net\/2020\/12\/11172928\/logo_estrategia_concursos.png 200w, https:\/\/dhg1h5j42swfq.cloudfront.net\/2020\/12\/11172928\/logo_estrategia_concursos-151x300.png 151w\" sizes=\"auto, (max-width: 50px) 100vw, 50px\" \/><\/figure><\/div>\n\n\n\n<ul class=\"has-pale-ocean-gradient-background has-background wp-block-list\"><li><strong>O que? <\/strong>Aula com dicas sobre regulamenta\u00e7\u00e3o da profiss\u00e3o de Educador F\u00edsico<\/li><li><strong>Onde?<\/strong> Transmiss\u00e3o via Youtube<\/li><li><strong>Quando?<\/strong> DAQUI A POUCO, \u00e0s 21h<\/li><li><strong>Com quem?<\/strong> Com o craque, <em>prof. Leandro Thomazini<\/em><\/li><\/ul>\n\n\n\n<h2 class=\"has-text-align-center wp-block-heading\" id=\"h-veja-ao-vivo-s-21h\">Veja AO VIVO, \u00e0s 21h<\/h2>\n\n\n<figure class=\"wp-block-embed-youtube wp-block-embed is-type-video is-provider-youtube wp-embed-aspect-16-9 wp-has-aspect-ratio\"><div class=\"lyte-wrapper\" style=\"width:853px;max-width:100%;margin:5px;\"><div class=\"lyMe\" id=\"WYL_Xu5jWpWB6rU\"><div id=\"lyte_Xu5jWpWB6rU\" data-src=\"\/\/i.ytimg.com\/vi\/Xu5jWpWB6rU\/hqdefault.jpg\" class=\"pL\"><div class=\"tC\"><div class=\"tT\"><\/div><\/div><div class=\"play\"><\/div><div class=\"ctrl\"><div class=\"Lctrl\"><\/div><div class=\"Rctrl\"><\/div><\/div><\/div><noscript><a href=\"https:\/\/youtu.be\/Xu5jWpWB6rU\" rel=\"nofollow\"><img loading=\"lazy\" decoding=\"async\" src=\"https:\/\/i.ytimg.com\/vi\/Xu5jWpWB6rU\/0.jpg\" alt=\"YouTube video thumbnail\" width=\"853\" height=\"460\" \/><br \/>Assista a este v\u00eddeo no YouTube<\/a><\/noscript><\/div><\/div><div class=\"lL\" style=\"max-width:100%;width:853px;margin:5px;\"><\/div><figcaption><\/figcaption><\/figure>\n\n\n<p class=\"has-text-align-center\"><em>Para ficar por dentro de todos os detalhes acerca de certame previstos para 2021, confira um artigo completo, de f\u00e1cil compreens\u00e3o, que elaboramos EXCLUSIVAMENTE para voc\u00ea!<\/em><\/p>\n\n\n\n<p class=\"has-text-align-center has-black-color has-light-green-cyan-background-color has-text-color has-background\" style=\"font-size:clamp(14.642px, 0.915rem + ((1vw - 3.2px) * 0.721), 22px);\"><strong>Leia tamb\u00e9m: <a href=\"https:\/\/www.estrategiaconcursos.com.br\/blog\/concursos-2021\/#educacao\" target=\"_blank\" rel=\"noreferrer noopener\">Concursos 2021<\/a><\/strong><\/p>\n\n\n\n<hr class=\"wp-block-separator\"\/>\n\n\n\n<h2 class=\"has-text-align-center wp-block-heading\">Quer estudar para um concurso?<\/h2>\n\n\n\n<div class=\"container\" id=\"boxes\">\n  <div class=\"row\">\n\n    <div class=\"col-sm\">\n      <div class=\"banner-estrategia\" id=\"box-assinatura\">\n        <h3 class=\"titulo-assinatura\">Cursos para concursos<\/h3>\n        <p class=\"subtitulo-assinatura\">Estude conosco<\/p>\n        <div class=\"box-botao\">\n          <a class=\"btn-assinatura\" target=\"_blank\" href=\"https:\/\/www.estrategiaconcursos.com.br\/cursos\/\" role=\"button\" rel=\"noopener noreferrer\">Conhe\u00e7a os cursos<\/a>\n        <\/div>\n      <\/div>\n     \n    <\/div>\n\n  <\/div>\n<\/div>\n\n\n\n<div class=\"container\" id=\"boxes\">\n  <div class=\"row\">\n\n    <div class=\"col-sm\">\n      <div class=\"estrategia\" id=\"box-assinatura\">\n        <h3 class=\"titulo-assinatura\">Assinatura Concursos<\/h3>\n        <p class=\"subtitulo-assinatura\">Assinatura de 1 ano ou 2 anos<\/p>\n        <div class=\"box-botao\">\n          <a class=\"btn-assinatura\" target=\"_blank\" href=\"https:\/\/www.estrategiaconcursos.com.br\/assinaturas\/\" role=\"button\" rel=\"noopener noreferrer\">ASSINE AGORA<\/a>\n        <\/div>\n      <\/div><\/div><\/div><\/div>\n\n\n\n<div class=\"container\" id=\"boxes\">\n  <div class=\"row\">\n\n    <div class=\"col-sm\" id=\"boxes-concursos\">\n      <div style=\"background-color: #005DAD;\" class=\"conteudo-concursos\" id=\"box-concursos\">\n        <h3 class=\"titulo-assinatura\">Concursos Abertos<\/h3>\n        <p class=\"subtitulo-assinatura\">Confira os editais publicados<\/p>\n        <div class=\"box-botao\">\n          <a class=\"btn-assinatura\" target=\"_blank\" href=\"https:\/\/www.estrategiaconcursos.com.br\/blog\/concursos-abertos\/\" role=\"button\" rel=\"noopener noreferrer\">Conhe\u00e7a Agora<\/a>\n        <\/div>\n      <\/div>\n    <\/div>\n\n    <div class=\"col-sm\" id=\"boxes-concursos\">\n      <div style=\"background-color: #1A7ED5;\" class=\"conteudo-concursos\" id=\"box-concursos\">\n        <h3 class=\"titulo-assinatura\">Concursos 2021<\/h3>\n        <p class=\"subtitulo-assinatura\">As oportunidades previstas<\/p>\n        <div class=\"box-botao\">\n          <a class=\"btn-assinatura\" target=\"_blank\" href=\"https:\/\/www.estrategiaconcursos.com.br\/blog\/concursos-2021\/\" role=\"button\" rel=\"noopener noreferrer\">Conhe\u00e7a Agora<\/a>\n        <\/div>\n      <\/div>\n    <\/div>\n\n    <div class=\"col-sm\" id=\"boxes-concursos\">\n      <div style=\"background-color: #419FF0;\" class=\"conteudo-concursos\" id=\"box-concursos\">\n        <h3 class=\"titulo-assinatura\">Concursos 2022<\/h3>\n        <p class=\"subtitulo-assinatura\">Vagas para o pr\u00f3ximo ano<\/p>\n        <div class=\"box-botao\">\n          <a class=\"btn-assinatura\" target=\"_blank\" href=\"https:\/\/www.estrategiaconcursos.com.br\/blog\/concursos-2022\/\" role=\"button\" rel=\"noopener noreferrer\">Conhe\u00e7a Agora<\/a>\n        <\/div>\n      <\/div>\n    <\/div>\n\n  <\/div>\n<\/div>\n","protected":false},"excerpt":{"rendered":"<p>Aten\u00e7\u00e3o, estrategista! Preparado para mais um evento 100% GRATUITO? Sob administra\u00e7\u00e3o do ex-presidente, Fernando Henrique Cardoso, foi sancionada a LEI N\u00ba 9.696, que diz respeito ao exerc\u00edcio das atividades de Educa\u00e7\u00e3o F\u00edsica e a designa\u00e7\u00e3o de Profissional de Educa\u00e7\u00e3o F\u00edsica. Entre outras implica\u00e7\u00f5es, essa regulamenta\u00e7\u00e3o demonstra o requisito b\u00e1sico de possuir diploma em n\u00edvel superior [&hellip;]<\/p>\n","protected":false},"author":2099,"featured_media":850410,"comment_status":"open","ping_status":"closed","sticky":false,"template":"","format":"standard","meta":{"post_tipo":"news","footnotes":""},"categories":[1,3766,220219],"tags":[],"tax_estado":[219963],"class_list":["post-850398","post","type-post","status-publish","format-standard","has-post-thumbnail","hentry","category-cursos-e-concursos","category-educacional","category-noticias","tax_estado-concursos-federais"],"acf":[],"yoast_head":"<!-- This site is optimized with the Yoast SEO Premium plugin v27.2 (Yoast SEO v27.2) - https:\/\/yoast.com\/product\/yoast-seo-premium-wordpress\/ -->\n<title>1\u00ba de set - Dia do Educador F\u00edsico: regulamenta\u00e7\u00e3o da profiss\u00e3o<\/title>\n<meta name=\"description\" content=\"Sob administra\u00e7\u00e3o do Fernando Henrique Cardoso, foi sancionada a LEI N\u00ba 9.696. N\u00e3o sabe nada sobre a t\u00f3pica? Acesse j\u00e1 a esse artigo!\" \/>\n<meta name=\"robots\" content=\"index, follow, max-snippet:-1, max-image-preview:large, max-video-preview:-1\" \/>\n<link rel=\"canonical\" href=\"https:\/\/www.estrategiaconcursos.com.br\/blog\/1o-set-dia-do-educador-fisico-regulamentacao-da-profissao\/\" \/>\n<meta property=\"og:locale\" content=\"pt_BR\" \/>\n<meta property=\"og:type\" content=\"article\" \/>\n<meta property=\"og:title\" content=\"1\u00ba de set - Dia do Educador F\u00edsico: regulamenta\u00e7\u00e3o da profiss\u00e3o\" \/>\n<meta property=\"og:description\" content=\"Sob administra\u00e7\u00e3o do Fernando Henrique Cardoso, foi sancionada a LEI N\u00ba 9.696. N\u00e3o sabe nada sobre a t\u00f3pica? Acesse j\u00e1 a esse artigo!\" \/>\n<meta property=\"og:url\" content=\"https:\/\/www.estrategiaconcursos.com.br\/blog\/1o-set-dia-do-educador-fisico-regulamentacao-da-profissao\/\" \/>\n<meta property=\"og:site_name\" content=\"Estrat\u00e9gia Concursos\" \/>\n<meta property=\"article:published_time\" content=\"2021-09-01T23:00:00+00:00\" \/>\n<meta property=\"og:image\" content=\"https:\/\/dhg1h5j42swfq.cloudfront.net\/2021\/08\/31170119\/ef-1.png\" \/>\n\t<meta property=\"og:image:width\" content=\"603\" \/>\n\t<meta property=\"og:image:height\" content=\"603\" \/>\n\t<meta property=\"og:image:type\" content=\"image\/png\" \/>\n<meta name=\"author\" content=\"Elo\u00edsa da Rosa Ferro\" \/>\n<meta name=\"twitter:card\" content=\"summary_large_image\" \/>\n<meta name=\"twitter:creator\" content=\"@EstratConcursos\" \/>\n<meta name=\"twitter:site\" content=\"@EstratConcursos\" \/>\n<meta name=\"twitter:label1\" content=\"Escrito por\" \/>\n\t<meta name=\"twitter:data1\" content=\"Elo\u00edsa da Rosa Ferro\" \/>\n\t<meta name=\"twitter:label2\" content=\"Est. tempo de leitura\" \/>\n\t<meta name=\"twitter:data2\" content=\"2 minutos\" \/>\n<script type=\"application\/ld+json\" class=\"yoast-schema-graph\">{\"@context\":\"https:\/\/schema.org\",\"@graph\":[{\"@type\":\"NewsArticle\",\"@id\":\"https:\/\/www.estrategiaconcursos.com.br\/blog\/1o-set-dia-do-educador-fisico-regulamentacao-da-profissao\/#article\",\"isPartOf\":{\"@id\":\"https:\/\/www.estrategiaconcursos.com.br\/blog\/1o-set-dia-do-educador-fisico-regulamentacao-da-profissao\/\"},\"author\":{\"name\":\"Elo\u00edsa da Rosa Ferro\",\"@id\":\"https:\/\/www.estrategiaconcursos.com.br\/blog\/#\/schema\/person\/57d9394bb68400dbec62ff8a943ab201\"},\"headline\":\"1\u00ba de set &#8211; Dia do Educador F\u00edsico: regulamenta\u00e7\u00e3o da profiss\u00e3o\",\"datePublished\":\"2021-09-01T23:00:00+00:00\",\"mainEntityOfPage\":{\"@id\":\"https:\/\/www.estrategiaconcursos.com.br\/blog\/1o-set-dia-do-educador-fisico-regulamentacao-da-profissao\/\"},\"wordCount\":291,\"commentCount\":0,\"publisher\":{\"@id\":\"https:\/\/www.estrategiaconcursos.com.br\/blog\/#organization\"},\"image\":{\"@id\":\"https:\/\/www.estrategiaconcursos.com.br\/blog\/1o-set-dia-do-educador-fisico-regulamentacao-da-profissao\/#primaryimage\"},\"thumbnailUrl\":\"https:\/\/dhg1h5j42swfq.cloudfront.net\/2021\/08\/31170119\/ef-1.png\",\"articleSection\":[\"Concursos P\u00fablicos\",\"Educa\u00e7\u00e3o\",\"\u00daltimas not\u00edcias\"],\"inLanguage\":\"pt-BR\",\"potentialAction\":[{\"@type\":\"CommentAction\",\"name\":\"Comment\",\"target\":[\"https:\/\/www.estrategiaconcursos.com.br\/blog\/1o-set-dia-do-educador-fisico-regulamentacao-da-profissao\/#respond\"]}],\"copyrightYear\":\"2021\",\"copyrightHolder\":{\"@id\":\"https:\/\/www.estrategiaconcursos.com.br\/blog\/#organization\"}},{\"@type\":\"WebPage\",\"@id\":\"https:\/\/www.estrategiaconcursos.com.br\/blog\/1o-set-dia-do-educador-fisico-regulamentacao-da-profissao\/\",\"url\":\"https:\/\/www.estrategiaconcursos.com.br\/blog\/1o-set-dia-do-educador-fisico-regulamentacao-da-profissao\/\",\"name\":\"1\u00ba de set - Dia do Educador F\u00edsico: regulamenta\u00e7\u00e3o da profiss\u00e3o\",\"isPartOf\":{\"@id\":\"https:\/\/www.estrategiaconcursos.com.br\/blog\/#website\"},\"primaryImageOfPage\":{\"@id\":\"https:\/\/www.estrategiaconcursos.com.br\/blog\/1o-set-dia-do-educador-fisico-regulamentacao-da-profissao\/#primaryimage\"},\"image\":{\"@id\":\"https:\/\/www.estrategiaconcursos.com.br\/blog\/1o-set-dia-do-educador-fisico-regulamentacao-da-profissao\/#primaryimage\"},\"thumbnailUrl\":\"https:\/\/dhg1h5j42swfq.cloudfront.net\/2021\/08\/31170119\/ef-1.png\",\"datePublished\":\"2021-09-01T23:00:00+00:00\",\"description\":\"Sob administra\u00e7\u00e3o do Fernando Henrique Cardoso, foi sancionada a LEI N\u00ba 9.696. N\u00e3o sabe nada sobre a t\u00f3pica? Acesse j\u00e1 a esse artigo!\",\"breadcrumb\":{\"@id\":\"https:\/\/www.estrategiaconcursos.com.br\/blog\/1o-set-dia-do-educador-fisico-regulamentacao-da-profissao\/#breadcrumb\"},\"inLanguage\":\"pt-BR\",\"potentialAction\":[{\"@type\":\"ReadAction\",\"target\":[\"https:\/\/www.estrategiaconcursos.com.br\/blog\/1o-set-dia-do-educador-fisico-regulamentacao-da-profissao\/\"]}]},{\"@type\":\"ImageObject\",\"inLanguage\":\"pt-BR\",\"@id\":\"https:\/\/www.estrategiaconcursos.com.br\/blog\/1o-set-dia-do-educador-fisico-regulamentacao-da-profissao\/#primaryimage\",\"url\":\"https:\/\/dhg1h5j42swfq.cloudfront.net\/2021\/08\/31170119\/ef-1.png\",\"contentUrl\":\"https:\/\/dhg1h5j42swfq.cloudfront.net\/2021\/08\/31170119\/ef-1.png\",\"width\":603,\"height\":603},{\"@type\":\"BreadcrumbList\",\"@id\":\"https:\/\/www.estrategiaconcursos.com.br\/blog\/1o-set-dia-do-educador-fisico-regulamentacao-da-profissao\/#breadcrumb\",\"itemListElement\":[{\"@type\":\"ListItem\",\"position\":1,\"name\":\"In\u00edcio\",\"item\":\"https:\/\/www.estrategiaconcursos.com.br\/blog\/\"},{\"@type\":\"ListItem\",\"position\":2,\"name\":\"1\u00ba de set &#8211; Dia do Educador F\u00edsico: regulamenta\u00e7\u00e3o da profiss\u00e3o\"}]},{\"@type\":\"WebSite\",\"@id\":\"https:\/\/www.estrategiaconcursos.com.br\/blog\/#website\",\"url\":\"https:\/\/www.estrategiaconcursos.com.br\/blog\/\",\"name\":\"Estrat\u00e9gia Concursos\",\"description\":\"O blog da Estrat\u00e9gia Concursos traz not\u00edcias sobre concursos e artigos de professores oferecendo cursos para concursos (pdf + videaulas) no site.\",\"publisher\":{\"@id\":\"https:\/\/www.estrategiaconcursos.com.br\/blog\/#organization\"},\"potentialAction\":[{\"@type\":\"SearchAction\",\"target\":{\"@type\":\"EntryPoint\",\"urlTemplate\":\"https:\/\/www.estrategiaconcursos.com.br\/blog\/?s={search_term_string}\"},\"query-input\":{\"@type\":\"PropertyValueSpecification\",\"valueRequired\":true,\"valueName\":\"search_term_string\"}}],\"inLanguage\":\"pt-BR\"},{\"@type\":\"Organization\",\"@id\":\"https:\/\/www.estrategiaconcursos.com.br\/blog\/#organization\",\"name\":\"Estrat\u00e9gia Concursos\",\"url\":\"https:\/\/www.estrategiaconcursos.com.br\/blog\/\",\"logo\":{\"@type\":\"ImageObject\",\"inLanguage\":\"pt-BR\",\"@id\":\"https:\/\/www.estrategiaconcursos.com.br\/blog\/#\/schema\/logo\/image\/\",\"url\":\"https:\/\/dhg1h5j42swfq.cloudfront.net\/2025\/06\/03203428\/logo_concursos-1.jpg\",\"contentUrl\":\"https:\/\/dhg1h5j42swfq.cloudfront.net\/2025\/06\/03203428\/logo_concursos-1.jpg\",\"width\":230,\"height\":60,\"caption\":\"Estrat\u00e9gia Concursos\"},\"image\":{\"@id\":\"https:\/\/www.estrategiaconcursos.com.br\/blog\/#\/schema\/logo\/image\/\"},\"sameAs\":[\"https:\/\/x.com\/EstratConcursos\"]},{\"@type\":\"Person\",\"@id\":\"https:\/\/www.estrategiaconcursos.com.br\/blog\/#\/schema\/person\/57d9394bb68400dbec62ff8a943ab201\",\"name\":\"Elo\u00edsa da Rosa Ferro\",\"image\":{\"@type\":\"ImageObject\",\"inLanguage\":\"pt-BR\",\"@id\":\"https:\/\/secure.gravatar.com\/avatar\/?s=96&d=mm&r=g\",\"url\":\"https:\/\/secure.gravatar.com\/avatar\/?s=96&d=mm&r=g\",\"contentUrl\":\"https:\/\/secure.gravatar.com\/avatar\/?s=96&d=mm&r=g\",\"caption\":\"Elo\u00edsa da Rosa Ferro\"},\"url\":\"https:\/\/www.estrategiaconcursos.com.br\/blog\/author\/eloisa-ferro\/\"}]}<\/script>\n<!-- \/ Yoast SEO Premium plugin. -->","yoast_head_json":{"title":"1\u00ba de set - Dia do Educador F\u00edsico: regulamenta\u00e7\u00e3o da profiss\u00e3o","description":"Sob administra\u00e7\u00e3o do Fernando Henrique Cardoso, foi sancionada a LEI N\u00ba 9.696. N\u00e3o sabe nada sobre a t\u00f3pica? Acesse j\u00e1 a esse artigo!","robots":{"index":"index","follow":"follow","max-snippet":"max-snippet:-1","max-image-preview":"max-image-preview:large","max-video-preview":"max-video-preview:-1"},"canonical":"https:\/\/www.estrategiaconcursos.com.br\/blog\/1o-set-dia-do-educador-fisico-regulamentacao-da-profissao\/","og_locale":"pt_BR","og_type":"article","og_title":"1\u00ba de set - Dia do Educador F\u00edsico: regulamenta\u00e7\u00e3o da profiss\u00e3o","og_description":"Sob administra\u00e7\u00e3o do Fernando Henrique Cardoso, foi sancionada a LEI N\u00ba 9.696. N\u00e3o sabe nada sobre a t\u00f3pica? Acesse j\u00e1 a esse artigo!","og_url":"https:\/\/www.estrategiaconcursos.com.br\/blog\/1o-set-dia-do-educador-fisico-regulamentacao-da-profissao\/","og_site_name":"Estrat\u00e9gia Concursos","article_published_time":"2021-09-01T23:00:00+00:00","og_image":[{"width":603,"height":603,"url":"https:\/\/dhg1h5j42swfq.cloudfront.net\/2021\/08\/31170119\/ef-1.png","type":"image\/png"}],"author":"Elo\u00edsa da Rosa Ferro","twitter_card":"summary_large_image","twitter_creator":"@EstratConcursos","twitter_site":"@EstratConcursos","twitter_misc":{"Escrito por":"Elo\u00edsa da Rosa Ferro","Est. tempo de leitura":"2 minutos"},"schema":{"@context":"https:\/\/schema.org","@graph":[{"@type":"NewsArticle","@id":"https:\/\/www.estrategiaconcursos.com.br\/blog\/1o-set-dia-do-educador-fisico-regulamentacao-da-profissao\/#article","isPartOf":{"@id":"https:\/\/www.estrategiaconcursos.com.br\/blog\/1o-set-dia-do-educador-fisico-regulamentacao-da-profissao\/"},"author":{"name":"Elo\u00edsa da Rosa Ferro","@id":"https:\/\/www.estrategiaconcursos.com.br\/blog\/#\/schema\/person\/57d9394bb68400dbec62ff8a943ab201"},"headline":"1\u00ba de set &#8211; Dia do Educador F\u00edsico: regulamenta\u00e7\u00e3o da profiss\u00e3o","datePublished":"2021-09-01T23:00:00+00:00","mainEntityOfPage":{"@id":"https:\/\/www.estrategiaconcursos.com.br\/blog\/1o-set-dia-do-educador-fisico-regulamentacao-da-profissao\/"},"wordCount":291,"commentCount":0,"publisher":{"@id":"https:\/\/www.estrategiaconcursos.com.br\/blog\/#organization"},"image":{"@id":"https:\/\/www.estrategiaconcursos.com.br\/blog\/1o-set-dia-do-educador-fisico-regulamentacao-da-profissao\/#primaryimage"},"thumbnailUrl":"https:\/\/dhg1h5j42swfq.cloudfront.net\/2021\/08\/31170119\/ef-1.png","articleSection":["Concursos P\u00fablicos","Educa\u00e7\u00e3o","\u00daltimas not\u00edcias"],"inLanguage":"pt-BR","potentialAction":[{"@type":"CommentAction","name":"Comment","target":["https:\/\/www.estrategiaconcursos.com.br\/blog\/1o-set-dia-do-educador-fisico-regulamentacao-da-profissao\/#respond"]}],"copyrightYear":"2021","copyrightHolder":{"@id":"https:\/\/www.estrategiaconcursos.com.br\/blog\/#organization"}},{"@type":"WebPage","@id":"https:\/\/www.estrategiaconcursos.com.br\/blog\/1o-set-dia-do-educador-fisico-regulamentacao-da-profissao\/","url":"https:\/\/www.estrategiaconcursos.com.br\/blog\/1o-set-dia-do-educador-fisico-regulamentacao-da-profissao\/","name":"1\u00ba de set - Dia do Educador F\u00edsico: regulamenta\u00e7\u00e3o da profiss\u00e3o","isPartOf":{"@id":"https:\/\/www.estrategiaconcursos.com.br\/blog\/#website"},"primaryImageOfPage":{"@id":"https:\/\/www.estrategiaconcursos.com.br\/blog\/1o-set-dia-do-educador-fisico-regulamentacao-da-profissao\/#primaryimage"},"image":{"@id":"https:\/\/www.estrategiaconcursos.com.br\/blog\/1o-set-dia-do-educador-fisico-regulamentacao-da-profissao\/#primaryimage"},"thumbnailUrl":"https:\/\/dhg1h5j42swfq.cloudfront.net\/2021\/08\/31170119\/ef-1.png","datePublished":"2021-09-01T23:00:00+00:00","description":"Sob administra\u00e7\u00e3o do Fernando Henrique Cardoso, foi sancionada a LEI N\u00ba 9.696. N\u00e3o sabe nada sobre a t\u00f3pica? Acesse j\u00e1 a esse artigo!","breadcrumb":{"@id":"https:\/\/www.estrategiaconcursos.com.br\/blog\/1o-set-dia-do-educador-fisico-regulamentacao-da-profissao\/#breadcrumb"},"inLanguage":"pt-BR","potentialAction":[{"@type":"ReadAction","target":["https:\/\/www.estrategiaconcursos.com.br\/blog\/1o-set-dia-do-educador-fisico-regulamentacao-da-profissao\/"]}]},{"@type":"ImageObject","inLanguage":"pt-BR","@id":"https:\/\/www.estrategiaconcursos.com.br\/blog\/1o-set-dia-do-educador-fisico-regulamentacao-da-profissao\/#primaryimage","url":"https:\/\/dhg1h5j42swfq.cloudfront.net\/2021\/08\/31170119\/ef-1.png","contentUrl":"https:\/\/dhg1h5j42swfq.cloudfront.net\/2021\/08\/31170119\/ef-1.png","width":603,"height":603},{"@type":"BreadcrumbList","@id":"https:\/\/www.estrategiaconcursos.com.br\/blog\/1o-set-dia-do-educador-fisico-regulamentacao-da-profissao\/#breadcrumb","itemListElement":[{"@type":"ListItem","position":1,"name":"In\u00edcio","item":"https:\/\/www.estrategiaconcursos.com.br\/blog\/"},{"@type":"ListItem","position":2,"name":"1\u00ba de set &#8211; Dia do Educador F\u00edsico: regulamenta\u00e7\u00e3o da profiss\u00e3o"}]},{"@type":"WebSite","@id":"https:\/\/www.estrategiaconcursos.com.br\/blog\/#website","url":"https:\/\/www.estrategiaconcursos.com.br\/blog\/","name":"Estrat\u00e9gia Concursos","description":"O blog da Estrat\u00e9gia Concursos traz not\u00edcias sobre concursos e artigos de professores oferecendo cursos para concursos (pdf + videaulas) no site.","publisher":{"@id":"https:\/\/www.estrategiaconcursos.com.br\/blog\/#organization"},"potentialAction":[{"@type":"SearchAction","target":{"@type":"EntryPoint","urlTemplate":"https:\/\/www.estrategiaconcursos.com.br\/blog\/?s={search_term_string}"},"query-input":{"@type":"PropertyValueSpecification","valueRequired":true,"valueName":"search_term_string"}}],"inLanguage":"pt-BR"},{"@type":"Organization","@id":"https:\/\/www.estrategiaconcursos.com.br\/blog\/#organization","name":"Estrat\u00e9gia Concursos","url":"https:\/\/www.estrategiaconcursos.com.br\/blog\/","logo":{"@type":"ImageObject","inLanguage":"pt-BR","@id":"https:\/\/www.estrategiaconcursos.com.br\/blog\/#\/schema\/logo\/image\/","url":"https:\/\/dhg1h5j42swfq.cloudfront.net\/2025\/06\/03203428\/logo_concursos-1.jpg","contentUrl":"https:\/\/dhg1h5j42swfq.cloudfront.net\/2025\/06\/03203428\/logo_concursos-1.jpg","width":230,"height":60,"caption":"Estrat\u00e9gia Concursos"},"image":{"@id":"https:\/\/www.estrategiaconcursos.com.br\/blog\/#\/schema\/logo\/image\/"},"sameAs":["https:\/\/x.com\/EstratConcursos"]},{"@type":"Person","@id":"https:\/\/www.estrategiaconcursos.com.br\/blog\/#\/schema\/person\/57d9394bb68400dbec62ff8a943ab201","name":"Elo\u00edsa da Rosa Ferro","image":{"@type":"ImageObject","inLanguage":"pt-BR","@id":"https:\/\/secure.gravatar.com\/avatar\/?s=96&d=mm&r=g","url":"https:\/\/secure.gravatar.com\/avatar\/?s=96&d=mm&r=g","contentUrl":"https:\/\/secure.gravatar.com\/avatar\/?s=96&d=mm&r=g","caption":"Elo\u00edsa da Rosa Ferro"},"url":"https:\/\/www.estrategiaconcursos.com.br\/blog\/author\/eloisa-ferro\/"}]}},"_links":{"self":[{"href":"https:\/\/www.estrategiaconcursos.com.br\/blog\/wp-json\/wp\/v2\/posts\/850398","targetHints":{"allow":["GET"]}}],"collection":[{"href":"https:\/\/www.estrategiaconcursos.com.br\/blog\/wp-json\/wp\/v2\/posts"}],"about":[{"href":"https:\/\/www.estrategiaconcursos.com.br\/blog\/wp-json\/wp\/v2\/types\/post"}],"author":[{"embeddable":true,"href":"https:\/\/www.estrategiaconcursos.com.br\/blog\/wp-json\/wp\/v2\/users\/2099"}],"replies":[{"embeddable":true,"href":"https:\/\/www.estrategiaconcursos.com.br\/blog\/wp-json\/wp\/v2\/comments?post=850398"}],"version-history":[{"count":4,"href":"https:\/\/www.estrategiaconcursos.com.br\/blog\/wp-json\/wp\/v2\/posts\/850398\/revisions"}],"predecessor-version":[{"id":850513,"href":"https:\/\/www.estrategiaconcursos.com.br\/blog\/wp-json\/wp\/v2\/posts\/850398\/revisions\/850513"}],"wp:featuredmedia":[{"embeddable":true,"href":"https:\/\/www.estrategiaconcursos.com.br\/blog\/wp-json\/wp\/v2\/media\/850410"}],"wp:attachment":[{"href":"https:\/\/www.estrategiaconcursos.com.br\/blog\/wp-json\/wp\/v2\/media?parent=850398"}],"wp:term":[{"taxonomy":"category","embeddable":true,"href":"https:\/\/www.estrategiaconcursos.com.br\/blog\/wp-json\/wp\/v2\/categories?post=850398"},{"taxonomy":"post_tag","embeddable":true,"href":"https:\/\/www.estrategiaconcursos.com.br\/blog\/wp-json\/wp\/v2\/tags?post=850398"},{"taxonomy":"tax_estado","embeddable":true,"href":"https:\/\/www.estrategiaconcursos.com.br\/blog\/wp-json\/wp\/v2\/tax_estado?post=850398"}],"curies":[{"name":"wp","href":"https:\/\/api.w.org\/{rel}","templated":true}]}}