{"id":849733,"date":"2021-09-03T09:30:00","date_gmt":"2021-09-03T12:30:00","guid":{"rendered":"https:\/\/www.estrategiaconcursos.com.br\/blog\/?p=849733"},"modified":"2021-09-03T16:17:02","modified_gmt":"2021-09-03T19:17:02","slug":"iprev-df-requisitos-analista","status":"publish","type":"post","link":"https:\/\/www.estrategiaconcursos.com.br\/blog\/iprev-df-requisitos-analista\/","title":{"rendered":"IPREV DF: especialidades e requisitos para Analista s\u00e3o definidos"},"content":{"rendered":"\n<p>Novidades sobre o <strong>concurso IPREV DF<\/strong>! Detalhes sobre a carreira de <strong>Analista Previdenci\u00e1rio<\/strong> foram divulgados na manh\u00e3 desta sexta-feira, 03 de setembro de 2021, no Di\u00e1rio Oficial do Distrito Federal.<\/p>\n\n\n\n<p>Atribui\u00e7\u00f5es e requisitos de ingresso para o cargo de Analista do Instituto de Previd\u00eancia dos Servidores do DF\u00a0foram informados. Inclusive, as especialidades tamb\u00e9m foram definidas. Confira:<\/p>\n\n\n\n<p class=\"has-text-align-center has-background\" style=\"background-color:#c9d5de\"><strong><a href=\"https:\/\/dhg1h5j42swfq.cloudfront.net\/2021\/09\/03110421\/dodf-168-03-09-2021-integra-1-paginas-2-3-1.pdf\" target=\"_blank\" rel=\"noreferrer noopener nofollow\">Carreira Analista Previdenci\u00e1rio<\/a><\/strong><\/p>\n\n\n\n<p>A ocupa\u00e7\u00e3o de Atividades Previdenci\u00e1rias, em espec\u00edfico, composta por 65 Analistas, de n\u00edvel superior, possuir\u00e1 alguns campos de atua\u00e7\u00e3o, sendo eles:<\/p>\n\n\n\n<ul id=\"block-bc65a398-87ae-4951-a427-3000ae2aa5a9\" class=\"has-very-light-gray-to-cyan-bluish-gray-gradient-background has-background wp-block-list\"><li><strong>1)&nbsp;<\/strong>Especialista em Previdenci\u00e1rio;<\/li><li><strong>2)&nbsp;<\/strong>Especialista em Investimentos;<\/li><li><strong>3)<\/strong>&nbsp;Especialista em Atu\u00e1ria.<\/li><\/ul>\n\n\n\n<p>Importante salientar que, recentemente, o\u00a0<strong>extrato da ata<\/strong>\u00a0da 42\u00aa reuni\u00e3o ordin\u00e1ria do <strong>Instituto de Previd\u00eancia do Distrito Federal<\/strong> trouxe diversas pautas, incluindo a <strong>realiza\u00e7\u00e3o do primeiro concurso IPREV DF para 2021<\/strong>.<\/p>\n\n\n\n<p>O conselheiro Ney Ferraz Junior, na qualidade de presidente do Instituto, informou que a Diretoria Executiva do \u00f3rg\u00e3o realizou diversas reuni\u00f5es visando a ado\u00e7\u00e3o de provid\u00eancias quanto aos atos preparat\u00f3rios para o pr\u00f3ximo edital. <\/p>\n\n\n\n<p><strong>Confira o of\u00edcio na \u00edntegra:<\/strong><\/p>\n\n\n\n<div class=\"wp-block-image\"><figure class=\"aligncenter size-large is-resized\"><img loading=\"lazy\" decoding=\"async\" src=\"https:\/\/dhg1h5j42swfq.cloudfront.net\/2021\/08\/31090505\/imagem-do-ios-6-1011x1024.jpg\" alt=\"ata sobre o pr\u00f3ximo concurso IPREV DF \" class=\"wp-image-849771\" width=\"463\" height=\"468\" srcset=\"https:\/\/dhg1h5j42swfq.cloudfront.net\/2021\/08\/31090505\/imagem-do-ios-6-1011x1024.jpg 1011w, https:\/\/dhg1h5j42swfq.cloudfront.net\/2021\/08\/31090505\/imagem-do-ios-6-296x300.jpg 296w, https:\/\/dhg1h5j42swfq.cloudfront.net\/2021\/08\/31090505\/imagem-do-ios-6-768x778.jpg 768w, https:\/\/dhg1h5j42swfq.cloudfront.net\/2021\/08\/31090505\/imagem-do-ios-6-610x618.jpg 610w, https:\/\/dhg1h5j42swfq.cloudfront.net\/2021\/08\/31090505\/imagem-do-ios-6.jpg 1125w\" sizes=\"auto, (max-width: 463px) 100vw, 463px\" \/><\/figure><\/div>\n\n\n\n<p><strong>Sem editais publicados anteriormente<\/strong>, as remunera\u00e7\u00f5es b\u00e1sicas, segundo a legisla\u00e7\u00e3o, variam de R$ 6.760 a R$ 9.074,82 para jornadas de 40 horas semanais. Posteriores detalhes ser\u00e3o divulgados. <strong>Estamos de olho<\/strong>!<\/p>\n\n\n\n<h2 class=\"wp-block-heading\" id=\"h-concurso-iprev-df-requisitos-para-analista\">Concurso IPREV DF: requisitos para Analista<\/h2>\n\n\n\n<p><strong>Especialista em Previdenci\u00e1rio<\/strong>: Diploma, devidamente registrado, de conclus\u00e3o de curso de gradua\u00e7\u00e3o em<br \/>qualquer \u00e1rea de forma\u00e7\u00e3o, fornecido por institui\u00e7\u00e3o de ensino superior reconhecida pelo Minist\u00e9rio da Educa\u00e7\u00e3o, e registro no Sistema de Registro Profissional ou Conselho de Classe Profissional, quando exigido.<\/p>\n\n\n\n<p><strong>Especialista em Investimentos:&nbsp;<\/strong>Diploma, devidamente registrado, de conclus\u00e3o de curso de gradua\u00e7\u00e3o em Administra\u00e7\u00e3o, Ci\u00eancias Econ\u00f4micas, Ci\u00eancias Cont\u00e1beis, Com\u00e9rcio Exterior ou Matem\u00e1tica, fornecido por institui\u00e7\u00e3o de ensino superior reconhecida pelo Minist\u00e9rio da Educa\u00e7\u00e3o, Certifica\u00e7\u00e3o Profissional ANBIMA \u2013 CPA-10 e registro no Sistema de Registro Profissional ou Conselho de Classe Profissional, quando exigido.<\/p>\n\n\n\n<p><strong>Especialista em Atu\u00e1ria:&nbsp;<\/strong>Diploma, devidamente registrado, de conclus\u00e3o de curso de gradua\u00e7\u00e3o em Ci\u00eancias Atuariais, fornecido por institui\u00e7\u00e3o de ensino superior reconhecida pelo Minist\u00e9rio da Educa\u00e7\u00e3o, e o devido registro no respectivo \u00f3rg\u00e3o de classe (IBA e\/ou TEM).<\/p>\n\n\n\n<h2 class=\"wp-block-heading\" id=\"sobre\"><strong>Sobre o IPREV DF<\/strong><\/h2>\n\n\n\n<p>O Instituto de Previd\u00eancia dos Servidores do Distrito Federal (<a href=\"http:\/\/www.iprev.df.gov.br\/\" target=\"_blank\" rel=\"noreferrer noopener\">IPREV\/DF)<\/a>, institu\u00eddo como \u00f3rg\u00e3o gestor \u00fanico do Regime Pr\u00f3prio de Previd\u00eancia Social do Distrito Federal, sob a denomina\u00e7\u00e3o de, autarquia em regime especial, com personalidade jur\u00eddica de direito p\u00fablico, dotada de autonomia administrativa, financeira e patrimonial, tem como atribui\u00e7\u00e3o principal captar e capitalizar os recursos necess\u00e1rios \u00e0 garantia de pagamento dos benef\u00edcios previdenci\u00e1rios atuais e futuros dos segurados e dependentes.<\/p>\n\n\n\n<p class=\"has-text-align-center\"><em>Para mais detalhes do certame IPREV DF, em que especialidades e requisitos para Analista foram definidos, acesse o link abaixo:<\/em><\/p>\n\n\n\n<p class=\"has-text-align-center has-luminous-vivid-amber-background-color has-background\" style=\"font-size:clamp(14.642px, 0.915rem + ((1vw - 3.2px) * 0.721), 22px);\"><strong>Saiba mais: <a href=\"https:\/\/www.estrategiaconcursos.com.br\/blog\/concurso-iprev-df\/\" target=\"_blank\" rel=\"noreferrer noopener\">concurso IPREV DF<\/a><\/strong><\/p>\n\n\n\n<hr class=\"wp-block-separator\"\/>\n\n\n\n<h2 class=\"has-text-align-center wp-block-heading\" id=\"cursos\"><strong>Quer estudar para o Concurso IPREV DF?<\/strong><\/h2>\n\n\n\n<div class=\"container\" id=\"boxes\">\n  <div class=\"row\">\n\n    <div class=\"col-sm\">\n      <div class=\"banner-adm\" id=\"box-assinatura\">\n        <h3 class=\"titulo-assinatura\">Curso IPREV DF<\/h3>\n        <p class=\"subtitulo-assinatura\">Conhe\u00e7a os cursos<\/p>\n        <div class=\"box-botao\">\n          <a class=\"btn-assinatura\" target=\"_blank\" href=\"https:\/\/www.estrategiaconcursos.com.br\/cursos\/concurso\/\" role=\"button\" rel=\"noopener noreferrer\">Conhe\u00e7a mais<\/a>\n        <\/div>\n      <\/div>\n      \n    <\/div>\n\n  <\/div>\n<\/div>\n\n\n\n<div class=\"container\" id=\"boxes\">\n  <div class=\"row\">\n\n    <div class=\"col-sm\">\n      <div class=\"estrategia\" id=\"box-assinatura\">\n        <h3 class=\"titulo-assinatura\">Assinatura Concursos<\/h3>\n        <p class=\"subtitulo-assinatura\">Assinatura de 1 ano ou 2 anos<\/p>\n        <div class=\"box-botao\">\n          <a class=\"btn-assinatura\" target=\"_blank\" href=\"https:\/\/www.estrategiaconcursos.com.br\/assinaturas\/\" role=\"button\" rel=\"noopener noreferrer\">ASSINE AGORA<\/a>\n        <\/div>\n      <\/div><\/div><\/div><\/div>\n\n\n\n<div class=\"container\" id=\"boxes\">\n  <div class=\"row\">\n\n    <div class=\"col-sm\" id=\"boxes-concursos\">\n      <div style=\"background-color: #005DAD;\" class=\"conteudo-concursos\" id=\"box-concursos\">\n        <h3 class=\"titulo-assinatura\">Concursos Abertos<\/h3>\n        <p class=\"subtitulo-assinatura\">Confira os editais publicados<\/p>\n        <div class=\"box-botao\">\n          <a class=\"btn-assinatura\" target=\"_blank\" href=\"https:\/\/www.estrategiaconcursos.com.br\/blog\/concursos-abertos\/\" role=\"button\" rel=\"noopener noreferrer\">Conhe\u00e7a Agora<\/a>\n        <\/div>\n      <\/div>\n    <\/div>\n\n    <div class=\"col-sm\" id=\"boxes-concursos\">\n      <div style=\"background-color: #1A7ED5;\" class=\"conteudo-concursos\" id=\"box-concursos\">\n        <h3 class=\"titulo-assinatura\">Concursos 2021<\/h3>\n        <p class=\"subtitulo-assinatura\">As oportunidades previstas<\/p>\n        <div class=\"box-botao\">\n          <a class=\"btn-assinatura\" target=\"_blank\" href=\"https:\/\/www.estrategiaconcursos.com.br\/blog\/concursos-2021\/\" role=\"button\" rel=\"noopener noreferrer\">Conhe\u00e7a Agora<\/a>\n        <\/div>\n      <\/div>\n    <\/div>\n\n    <div class=\"col-sm\" id=\"boxes-concursos\">\n      <div style=\"background-color: #419FF0;\" class=\"conteudo-concursos\" id=\"box-concursos\">\n        <h3 class=\"titulo-assinatura\">Concursos 2022<\/h3>\n        <p class=\"subtitulo-assinatura\">Vagas para o pr\u00f3ximo ano<\/p>\n        <div class=\"box-botao\">\n          <a class=\"btn-assinatura\" target=\"_blank\" href=\"https:\/\/www.estrategiaconcursos.com.br\/blog\/concursos-2022\/\" role=\"button\" rel=\"noopener noreferrer\">Conhe\u00e7a Agora<\/a>\n        <\/div>\n      <\/div>\n    <\/div>\n\n  <\/div>\n<\/div>\n","protected":false},"excerpt":{"rendered":"<p>Novidades sobre o concurso IPREV DF! Detalhes sobre a carreira de Analista Previdenci\u00e1rio foram divulgados na manh\u00e3 desta sexta-feira, 03 de setembro de 2021, no Di\u00e1rio Oficial do Distrito Federal. Atribui\u00e7\u00f5es e requisitos de ingresso para o cargo de Analista do Instituto de Previd\u00eancia dos Servidores do DF\u00a0foram informados. Inclusive, as especialidades tamb\u00e9m foram definidas. [&hellip;]<\/p>\n","protected":false},"author":2018,"featured_media":851668,"comment_status":"open","ping_status":"closed","sticky":false,"template":"","format":"standard","meta":{"post_tipo":"news","footnotes":""},"categories":[214992,220219],"tags":[],"tax_estado":[219970],"class_list":["post-849733","post","type-post","status-publish","format-standard","has-post-thumbnail","hentry","category-concursos-administrativos","category-noticias","tax_estado-df"],"acf":[],"yoast_head":"<!-- This site is optimized with the Yoast SEO Premium plugin v27.2 (Yoast SEO v27.2) - https:\/\/yoast.com\/product\/yoast-seo-premium-wordpress\/ -->\n<title>IPREV DF: especialidades e requisitos para Analista s\u00e3o definidos<\/title>\n<meta name=\"description\" content=\"Concurso IPREV DF: os interessados na sele\u00e7\u00e3o j\u00e1 podem conferir as especialidades e requisitos do cargo de Analista Previdenci\u00e1rio.\" \/>\n<meta name=\"robots\" content=\"index, follow, max-snippet:-1, max-image-preview:large, max-video-preview:-1\" \/>\n<link rel=\"canonical\" href=\"https:\/\/www.estrategiaconcursos.com.br\/blog\/iprev-df-requisitos-analista\/\" \/>\n<meta property=\"og:locale\" content=\"pt_BR\" \/>\n<meta property=\"og:type\" content=\"article\" \/>\n<meta property=\"og:title\" content=\"IPREV DF: especialidades e requisitos para Analista s\u00e3o definidos\" \/>\n<meta property=\"og:description\" content=\"Concurso IPREV DF: os interessados na sele\u00e7\u00e3o j\u00e1 podem conferir as especialidades e requisitos do cargo de Analista Previdenci\u00e1rio.\" \/>\n<meta property=\"og:url\" content=\"https:\/\/www.estrategiaconcursos.com.br\/blog\/iprev-df-requisitos-analista\/\" \/>\n<meta property=\"og:site_name\" content=\"Estrat\u00e9gia Concursos\" \/>\n<meta property=\"article:published_time\" content=\"2021-09-03T12:30:00+00:00\" \/>\n<meta property=\"article:modified_time\" content=\"2021-09-03T19:17:02+00:00\" \/>\n<meta property=\"og:image\" content=\"https:\/\/dhg1h5j42swfq.cloudfront.net\/2021\/08\/01181116\/iprev-df.jpg\" \/>\n\t<meta property=\"og:image:width\" content=\"766\" \/>\n\t<meta property=\"og:image:height\" content=\"432\" \/>\n\t<meta property=\"og:image:type\" content=\"image\/jpeg\" \/>\n<meta name=\"author\" content=\"B\u00e1rbara Carvalho Santos\" \/>\n<meta name=\"twitter:card\" content=\"summary_large_image\" \/>\n<meta name=\"twitter:creator\" content=\"@EstratConcursos\" \/>\n<meta name=\"twitter:site\" content=\"@EstratConcursos\" \/>\n<meta name=\"twitter:label1\" content=\"Escrito por\" \/>\n\t<meta name=\"twitter:data1\" content=\"B\u00e1rbara Carvalho Santos\" \/>\n\t<meta name=\"twitter:label2\" content=\"Est. tempo de leitura\" \/>\n\t<meta name=\"twitter:data2\" content=\"3 minutos\" \/>\n<script type=\"application\/ld+json\" class=\"yoast-schema-graph\">{\"@context\":\"https:\/\/schema.org\",\"@graph\":[{\"@type\":\"NewsArticle\",\"@id\":\"https:\/\/www.estrategiaconcursos.com.br\/blog\/iprev-df-requisitos-analista\/#article\",\"isPartOf\":{\"@id\":\"https:\/\/www.estrategiaconcursos.com.br\/blog\/iprev-df-requisitos-analista\/\"},\"author\":{\"name\":\"B\u00e1rbara Carvalho Santos\",\"@id\":\"https:\/\/www.estrategiaconcursos.com.br\/blog\/#\/schema\/person\/e3882259fa157d54c44c21f4ee4e0e60\"},\"headline\":\"IPREV DF: especialidades e requisitos para Analista s\u00e3o definidos\",\"datePublished\":\"2021-09-03T12:30:00+00:00\",\"dateModified\":\"2021-09-03T19:17:02+00:00\",\"mainEntityOfPage\":{\"@id\":\"https:\/\/www.estrategiaconcursos.com.br\/blog\/iprev-df-requisitos-analista\/\"},\"wordCount\":553,\"commentCount\":0,\"publisher\":{\"@id\":\"https:\/\/www.estrategiaconcursos.com.br\/blog\/#organization\"},\"image\":{\"@id\":\"https:\/\/www.estrategiaconcursos.com.br\/blog\/iprev-df-requisitos-analista\/#primaryimage\"},\"thumbnailUrl\":\"https:\/\/dhg1h5j42swfq.cloudfront.net\/2021\/08\/01181116\/iprev-df.jpg\",\"articleSection\":[\"Executivo (Administrativa)\",\"\u00daltimas not\u00edcias\"],\"inLanguage\":\"pt-BR\",\"potentialAction\":[{\"@type\":\"CommentAction\",\"name\":\"Comment\",\"target\":[\"https:\/\/www.estrategiaconcursos.com.br\/blog\/iprev-df-requisitos-analista\/#respond\"]}],\"copyrightYear\":\"2021\",\"copyrightHolder\":{\"@id\":\"https:\/\/www.estrategiaconcursos.com.br\/blog\/#organization\"}},{\"@type\":\"WebPage\",\"@id\":\"https:\/\/www.estrategiaconcursos.com.br\/blog\/iprev-df-requisitos-analista\/\",\"url\":\"https:\/\/www.estrategiaconcursos.com.br\/blog\/iprev-df-requisitos-analista\/\",\"name\":\"IPREV DF: especialidades e requisitos para Analista s\u00e3o definidos\",\"isPartOf\":{\"@id\":\"https:\/\/www.estrategiaconcursos.com.br\/blog\/#website\"},\"primaryImageOfPage\":{\"@id\":\"https:\/\/www.estrategiaconcursos.com.br\/blog\/iprev-df-requisitos-analista\/#primaryimage\"},\"image\":{\"@id\":\"https:\/\/www.estrategiaconcursos.com.br\/blog\/iprev-df-requisitos-analista\/#primaryimage\"},\"thumbnailUrl\":\"https:\/\/dhg1h5j42swfq.cloudfront.net\/2021\/08\/01181116\/iprev-df.jpg\",\"datePublished\":\"2021-09-03T12:30:00+00:00\",\"dateModified\":\"2021-09-03T19:17:02+00:00\",\"description\":\"Concurso IPREV DF: os interessados na sele\u00e7\u00e3o j\u00e1 podem conferir as especialidades e requisitos do cargo de Analista Previdenci\u00e1rio.\",\"breadcrumb\":{\"@id\":\"https:\/\/www.estrategiaconcursos.com.br\/blog\/iprev-df-requisitos-analista\/#breadcrumb\"},\"inLanguage\":\"pt-BR\",\"potentialAction\":[{\"@type\":\"ReadAction\",\"target\":[\"https:\/\/www.estrategiaconcursos.com.br\/blog\/iprev-df-requisitos-analista\/\"]}]},{\"@type\":\"ImageObject\",\"inLanguage\":\"pt-BR\",\"@id\":\"https:\/\/www.estrategiaconcursos.com.br\/blog\/iprev-df-requisitos-analista\/#primaryimage\",\"url\":\"https:\/\/dhg1h5j42swfq.cloudfront.net\/2021\/08\/01181116\/iprev-df.jpg\",\"contentUrl\":\"https:\/\/dhg1h5j42swfq.cloudfront.net\/2021\/08\/01181116\/iprev-df.jpg\",\"width\":766,\"height\":432,\"caption\":\"Concurso IPREV DF resultado\"},{\"@type\":\"BreadcrumbList\",\"@id\":\"https:\/\/www.estrategiaconcursos.com.br\/blog\/iprev-df-requisitos-analista\/#breadcrumb\",\"itemListElement\":[{\"@type\":\"ListItem\",\"position\":1,\"name\":\"In\u00edcio\",\"item\":\"https:\/\/www.estrategiaconcursos.com.br\/blog\/\"},{\"@type\":\"ListItem\",\"position\":2,\"name\":\"IPREV DF: especialidades e requisitos para Analista s\u00e3o definidos\"}]},{\"@type\":\"WebSite\",\"@id\":\"https:\/\/www.estrategiaconcursos.com.br\/blog\/#website\",\"url\":\"https:\/\/www.estrategiaconcursos.com.br\/blog\/\",\"name\":\"Estrat\u00e9gia Concursos\",\"description\":\"O blog da Estrat\u00e9gia Concursos traz not\u00edcias sobre concursos e artigos de professores oferecendo cursos para concursos (pdf + videaulas) no site.\",\"publisher\":{\"@id\":\"https:\/\/www.estrategiaconcursos.com.br\/blog\/#organization\"},\"potentialAction\":[{\"@type\":\"SearchAction\",\"target\":{\"@type\":\"EntryPoint\",\"urlTemplate\":\"https:\/\/www.estrategiaconcursos.com.br\/blog\/?s={search_term_string}\"},\"query-input\":{\"@type\":\"PropertyValueSpecification\",\"valueRequired\":true,\"valueName\":\"search_term_string\"}}],\"inLanguage\":\"pt-BR\"},{\"@type\":\"Organization\",\"@id\":\"https:\/\/www.estrategiaconcursos.com.br\/blog\/#organization\",\"name\":\"Estrat\u00e9gia Concursos\",\"url\":\"https:\/\/www.estrategiaconcursos.com.br\/blog\/\",\"logo\":{\"@type\":\"ImageObject\",\"inLanguage\":\"pt-BR\",\"@id\":\"https:\/\/www.estrategiaconcursos.com.br\/blog\/#\/schema\/logo\/image\/\",\"url\":\"https:\/\/dhg1h5j42swfq.cloudfront.net\/2025\/06\/03203428\/logo_concursos-1.jpg\",\"contentUrl\":\"https:\/\/dhg1h5j42swfq.cloudfront.net\/2025\/06\/03203428\/logo_concursos-1.jpg\",\"width\":230,\"height\":60,\"caption\":\"Estrat\u00e9gia Concursos\"},\"image\":{\"@id\":\"https:\/\/www.estrategiaconcursos.com.br\/blog\/#\/schema\/logo\/image\/\"},\"sameAs\":[\"https:\/\/x.com\/EstratConcursos\"]},{\"@type\":\"Person\",\"@id\":\"https:\/\/www.estrategiaconcursos.com.br\/blog\/#\/schema\/person\/e3882259fa157d54c44c21f4ee4e0e60\",\"name\":\"B\u00e1rbara Carvalho Santos\",\"image\":{\"@type\":\"ImageObject\",\"inLanguage\":\"pt-BR\",\"@id\":\"https:\/\/secure.gravatar.com\/avatar\/353300f73140f779692b9be2b39f434d1341e4e34c7f55bd5a990fe29ef352eb?s=96&d=mm&r=g\",\"url\":\"https:\/\/secure.gravatar.com\/avatar\/353300f73140f779692b9be2b39f434d1341e4e34c7f55bd5a990fe29ef352eb?s=96&d=mm&r=g\",\"contentUrl\":\"https:\/\/secure.gravatar.com\/avatar\/353300f73140f779692b9be2b39f434d1341e4e34c7f55bd5a990fe29ef352eb?s=96&d=mm&r=g\",\"caption\":\"B\u00e1rbara Carvalho Santos\"},\"description\":\"M\u00e3e e jornalista formada pela UNIP, possui ampla experi\u00eancia na cobertura de entretenimento em grandes ve\u00edculos, como o site da CNN, RedeTV! e Estrat\u00e9gia Educacional. Atuou tamb\u00e9m em ag\u00eancias de marketing, produtoras musicais e assessorias de imprensa, com foco especial no trabalho com personalidades p\u00fablicas. Atualmente, integra a equipe do Estrat\u00e9gia Concursos, onde \u00e9 respons\u00e1vel pela produ\u00e7\u00e3o de conte\u00fados estrat\u00e9gicos voltados para o setor de concursos p\u00fablicos, com destaque para a \u00e1rea fiscal, gest\u00e3o, controle, concursos administrativos e Minist\u00e9rios participantes do CNU, al\u00e9m de diversos \u00f3rg\u00e3os federais. Tem como miss\u00e3o transformar informa\u00e7\u00f5es complexas em conte\u00fados acess\u00edveis, relevantes e de alto valor para quem sonha com uma carreira no servi\u00e7o p\u00fablico.\",\"url\":\"https:\/\/www.estrategiaconcursos.com.br\/blog\/author\/barbara-santos\/\"}]}<\/script>\n<!-- \/ Yoast SEO Premium plugin. -->","yoast_head_json":{"title":"IPREV DF: especialidades e requisitos para Analista s\u00e3o definidos","description":"Concurso IPREV DF: os interessados na sele\u00e7\u00e3o j\u00e1 podem conferir as especialidades e requisitos do cargo de Analista Previdenci\u00e1rio.","robots":{"index":"index","follow":"follow","max-snippet":"max-snippet:-1","max-image-preview":"max-image-preview:large","max-video-preview":"max-video-preview:-1"},"canonical":"https:\/\/www.estrategiaconcursos.com.br\/blog\/iprev-df-requisitos-analista\/","og_locale":"pt_BR","og_type":"article","og_title":"IPREV DF: especialidades e requisitos para Analista s\u00e3o definidos","og_description":"Concurso IPREV DF: os interessados na sele\u00e7\u00e3o j\u00e1 podem conferir as especialidades e requisitos do cargo de Analista Previdenci\u00e1rio.","og_url":"https:\/\/www.estrategiaconcursos.com.br\/blog\/iprev-df-requisitos-analista\/","og_site_name":"Estrat\u00e9gia Concursos","article_published_time":"2021-09-03T12:30:00+00:00","article_modified_time":"2021-09-03T19:17:02+00:00","og_image":[{"width":766,"height":432,"url":"https:\/\/dhg1h5j42swfq.cloudfront.net\/2021\/08\/01181116\/iprev-df.jpg","type":"image\/jpeg"}],"author":"B\u00e1rbara Carvalho Santos","twitter_card":"summary_large_image","twitter_creator":"@EstratConcursos","twitter_site":"@EstratConcursos","twitter_misc":{"Escrito por":"B\u00e1rbara Carvalho Santos","Est. tempo de leitura":"3 minutos"},"schema":{"@context":"https:\/\/schema.org","@graph":[{"@type":"NewsArticle","@id":"https:\/\/www.estrategiaconcursos.com.br\/blog\/iprev-df-requisitos-analista\/#article","isPartOf":{"@id":"https:\/\/www.estrategiaconcursos.com.br\/blog\/iprev-df-requisitos-analista\/"},"author":{"name":"B\u00e1rbara Carvalho Santos","@id":"https:\/\/www.estrategiaconcursos.com.br\/blog\/#\/schema\/person\/e3882259fa157d54c44c21f4ee4e0e60"},"headline":"IPREV DF: especialidades e requisitos para Analista s\u00e3o definidos","datePublished":"2021-09-03T12:30:00+00:00","dateModified":"2021-09-03T19:17:02+00:00","mainEntityOfPage":{"@id":"https:\/\/www.estrategiaconcursos.com.br\/blog\/iprev-df-requisitos-analista\/"},"wordCount":553,"commentCount":0,"publisher":{"@id":"https:\/\/www.estrategiaconcursos.com.br\/blog\/#organization"},"image":{"@id":"https:\/\/www.estrategiaconcursos.com.br\/blog\/iprev-df-requisitos-analista\/#primaryimage"},"thumbnailUrl":"https:\/\/dhg1h5j42swfq.cloudfront.net\/2021\/08\/01181116\/iprev-df.jpg","articleSection":["Executivo (Administrativa)","\u00daltimas not\u00edcias"],"inLanguage":"pt-BR","potentialAction":[{"@type":"CommentAction","name":"Comment","target":["https:\/\/www.estrategiaconcursos.com.br\/blog\/iprev-df-requisitos-analista\/#respond"]}],"copyrightYear":"2021","copyrightHolder":{"@id":"https:\/\/www.estrategiaconcursos.com.br\/blog\/#organization"}},{"@type":"WebPage","@id":"https:\/\/www.estrategiaconcursos.com.br\/blog\/iprev-df-requisitos-analista\/","url":"https:\/\/www.estrategiaconcursos.com.br\/blog\/iprev-df-requisitos-analista\/","name":"IPREV DF: especialidades e requisitos para Analista s\u00e3o definidos","isPartOf":{"@id":"https:\/\/www.estrategiaconcursos.com.br\/blog\/#website"},"primaryImageOfPage":{"@id":"https:\/\/www.estrategiaconcursos.com.br\/blog\/iprev-df-requisitos-analista\/#primaryimage"},"image":{"@id":"https:\/\/www.estrategiaconcursos.com.br\/blog\/iprev-df-requisitos-analista\/#primaryimage"},"thumbnailUrl":"https:\/\/dhg1h5j42swfq.cloudfront.net\/2021\/08\/01181116\/iprev-df.jpg","datePublished":"2021-09-03T12:30:00+00:00","dateModified":"2021-09-03T19:17:02+00:00","description":"Concurso IPREV DF: os interessados na sele\u00e7\u00e3o j\u00e1 podem conferir as especialidades e requisitos do cargo de Analista Previdenci\u00e1rio.","breadcrumb":{"@id":"https:\/\/www.estrategiaconcursos.com.br\/blog\/iprev-df-requisitos-analista\/#breadcrumb"},"inLanguage":"pt-BR","potentialAction":[{"@type":"ReadAction","target":["https:\/\/www.estrategiaconcursos.com.br\/blog\/iprev-df-requisitos-analista\/"]}]},{"@type":"ImageObject","inLanguage":"pt-BR","@id":"https:\/\/www.estrategiaconcursos.com.br\/blog\/iprev-df-requisitos-analista\/#primaryimage","url":"https:\/\/dhg1h5j42swfq.cloudfront.net\/2021\/08\/01181116\/iprev-df.jpg","contentUrl":"https:\/\/dhg1h5j42swfq.cloudfront.net\/2021\/08\/01181116\/iprev-df.jpg","width":766,"height":432,"caption":"Concurso IPREV DF resultado"},{"@type":"BreadcrumbList","@id":"https:\/\/www.estrategiaconcursos.com.br\/blog\/iprev-df-requisitos-analista\/#breadcrumb","itemListElement":[{"@type":"ListItem","position":1,"name":"In\u00edcio","item":"https:\/\/www.estrategiaconcursos.com.br\/blog\/"},{"@type":"ListItem","position":2,"name":"IPREV DF: especialidades e requisitos para Analista s\u00e3o definidos"}]},{"@type":"WebSite","@id":"https:\/\/www.estrategiaconcursos.com.br\/blog\/#website","url":"https:\/\/www.estrategiaconcursos.com.br\/blog\/","name":"Estrat\u00e9gia Concursos","description":"O blog da Estrat\u00e9gia Concursos traz not\u00edcias sobre concursos e artigos de professores oferecendo cursos para concursos (pdf + videaulas) no site.","publisher":{"@id":"https:\/\/www.estrategiaconcursos.com.br\/blog\/#organization"},"potentialAction":[{"@type":"SearchAction","target":{"@type":"EntryPoint","urlTemplate":"https:\/\/www.estrategiaconcursos.com.br\/blog\/?s={search_term_string}"},"query-input":{"@type":"PropertyValueSpecification","valueRequired":true,"valueName":"search_term_string"}}],"inLanguage":"pt-BR"},{"@type":"Organization","@id":"https:\/\/www.estrategiaconcursos.com.br\/blog\/#organization","name":"Estrat\u00e9gia Concursos","url":"https:\/\/www.estrategiaconcursos.com.br\/blog\/","logo":{"@type":"ImageObject","inLanguage":"pt-BR","@id":"https:\/\/www.estrategiaconcursos.com.br\/blog\/#\/schema\/logo\/image\/","url":"https:\/\/dhg1h5j42swfq.cloudfront.net\/2025\/06\/03203428\/logo_concursos-1.jpg","contentUrl":"https:\/\/dhg1h5j42swfq.cloudfront.net\/2025\/06\/03203428\/logo_concursos-1.jpg","width":230,"height":60,"caption":"Estrat\u00e9gia Concursos"},"image":{"@id":"https:\/\/www.estrategiaconcursos.com.br\/blog\/#\/schema\/logo\/image\/"},"sameAs":["https:\/\/x.com\/EstratConcursos"]},{"@type":"Person","@id":"https:\/\/www.estrategiaconcursos.com.br\/blog\/#\/schema\/person\/e3882259fa157d54c44c21f4ee4e0e60","name":"B\u00e1rbara Carvalho Santos","image":{"@type":"ImageObject","inLanguage":"pt-BR","@id":"https:\/\/secure.gravatar.com\/avatar\/353300f73140f779692b9be2b39f434d1341e4e34c7f55bd5a990fe29ef352eb?s=96&d=mm&r=g","url":"https:\/\/secure.gravatar.com\/avatar\/353300f73140f779692b9be2b39f434d1341e4e34c7f55bd5a990fe29ef352eb?s=96&d=mm&r=g","contentUrl":"https:\/\/secure.gravatar.com\/avatar\/353300f73140f779692b9be2b39f434d1341e4e34c7f55bd5a990fe29ef352eb?s=96&d=mm&r=g","caption":"B\u00e1rbara Carvalho Santos"},"description":"M\u00e3e e jornalista formada pela UNIP, possui ampla experi\u00eancia na cobertura de entretenimento em grandes ve\u00edculos, como o site da CNN, RedeTV! e Estrat\u00e9gia Educacional. Atuou tamb\u00e9m em ag\u00eancias de marketing, produtoras musicais e assessorias de imprensa, com foco especial no trabalho com personalidades p\u00fablicas. Atualmente, integra a equipe do Estrat\u00e9gia Concursos, onde \u00e9 respons\u00e1vel pela produ\u00e7\u00e3o de conte\u00fados estrat\u00e9gicos voltados para o setor de concursos p\u00fablicos, com destaque para a \u00e1rea fiscal, gest\u00e3o, controle, concursos administrativos e Minist\u00e9rios participantes do CNU, al\u00e9m de diversos \u00f3rg\u00e3os federais. Tem como miss\u00e3o transformar informa\u00e7\u00f5es complexas em conte\u00fados acess\u00edveis, relevantes e de alto valor para quem sonha com uma carreira no servi\u00e7o p\u00fablico.","url":"https:\/\/www.estrategiaconcursos.com.br\/blog\/author\/barbara-santos\/"}]}},"_links":{"self":[{"href":"https:\/\/www.estrategiaconcursos.com.br\/blog\/wp-json\/wp\/v2\/posts\/849733","targetHints":{"allow":["GET"]}}],"collection":[{"href":"https:\/\/www.estrategiaconcursos.com.br\/blog\/wp-json\/wp\/v2\/posts"}],"about":[{"href":"https:\/\/www.estrategiaconcursos.com.br\/blog\/wp-json\/wp\/v2\/types\/post"}],"author":[{"embeddable":true,"href":"https:\/\/www.estrategiaconcursos.com.br\/blog\/wp-json\/wp\/v2\/users\/2018"}],"replies":[{"embeddable":true,"href":"https:\/\/www.estrategiaconcursos.com.br\/blog\/wp-json\/wp\/v2\/comments?post=849733"}],"version-history":[{"count":16,"href":"https:\/\/www.estrategiaconcursos.com.br\/blog\/wp-json\/wp\/v2\/posts\/849733\/revisions"}],"predecessor-version":[{"id":853691,"href":"https:\/\/www.estrategiaconcursos.com.br\/blog\/wp-json\/wp\/v2\/posts\/849733\/revisions\/853691"}],"wp:featuredmedia":[{"embeddable":true,"href":"https:\/\/www.estrategiaconcursos.com.br\/blog\/wp-json\/wp\/v2\/media\/851668"}],"wp:attachment":[{"href":"https:\/\/www.estrategiaconcursos.com.br\/blog\/wp-json\/wp\/v2\/media?parent=849733"}],"wp:term":[{"taxonomy":"category","embeddable":true,"href":"https:\/\/www.estrategiaconcursos.com.br\/blog\/wp-json\/wp\/v2\/categories?post=849733"},{"taxonomy":"post_tag","embeddable":true,"href":"https:\/\/www.estrategiaconcursos.com.br\/blog\/wp-json\/wp\/v2\/tags?post=849733"},{"taxonomy":"tax_estado","embeddable":true,"href":"https:\/\/www.estrategiaconcursos.com.br\/blog\/wp-json\/wp\/v2\/tax_estado?post=849733"}],"curies":[{"name":"wp","href":"https:\/\/api.w.org\/{rel}","templated":true}]}}