{"id":849346,"date":"2021-08-30T17:11:56","date_gmt":"2021-08-30T20:11:56","guid":{"rendered":"https:\/\/www.estrategiaconcursos.com.br\/blog\/?p=849346"},"modified":"2021-08-30T18:07:15","modified_gmt":"2021-08-30T21:07:15","slug":"reforma-administrativa-sera-debatida-por-comissao-de-seguranca-publica","status":"publish","type":"post","link":"https:\/\/www.estrategiaconcursos.com.br\/blog\/reforma-administrativa-sera-debatida-por-comissao-de-seguranca-publica\/","title":{"rendered":"Reforma Administrativa ser\u00e1 debatida por Comiss\u00e3o de Seguran\u00e7a P\u00fablica"},"content":{"rendered":"\n<p>Na ter\u00e7a-feira, 31 de agosto, a Comiss\u00e3o de Seguran\u00e7a P\u00fablica da C\u00e2mara dos Deputados ir\u00e1 debater as implica\u00e7\u00f5es da <a href=\"https:\/\/www.camara.leg.br\/noticias\/690350-pec-muda-regras-para-futuros-servidores-e-altera-organizacao-da-administracao-publica\" target=\"_blank\" rel=\"noreferrer noopener\">Proposta de Emenda \u00e0 Constitui\u00e7\u00e3o (PEC) 32\/20<\/a>, de autoria do poder executivo federal e que diz respeito \u00e0 Reforma Administrativa.<\/p>\n\n\n\n<p>De acordo com o deputado subtenente Gonzaga, que idealizou o debate, o atual governo busca desmoralizar os funcion\u00e1rios p\u00fablicos frente \u00e0 sociedade. Gonzaga, afirmou que a gest\u00e3o atual faz isso <em>&#8220;responsabilizando-os, injustamente, pelos d\u00e9ficits que anualmente o Estado brasileiro enfrenta&#8221;<\/em>.<\/p>\n\n\n\n<p>O deputado, acredita que a PEC da Reforma Administrativa fere direitos e garantias fundamentais dos servidores individuais e sociais e que a aprova\u00e7\u00e3o do texto pode resultar na precariza\u00e7\u00e3o do trabalho dos funcion\u00e1rios p\u00fablicos.<\/p>\n\n\n\n<p>Para o deputado, a proposta foi apresentada sem proje\u00e7\u00f5es concretas do resultado a ser alcan\u00e7ado e que <em>\u201cn\u00e3o se sustenta em dados reais&#8221;<\/em>.<\/p>\n\n\n\n<p><em>&#8220;Precisamos repensar o servi\u00e7o p\u00fablico, de forma a moderniz\u00e1-los e torn\u00e1-los cada vez mais eficientes&#8230; mas n\u00e3o acreditamos que a proposta que est\u00e1 sendo discutida hoje seja o que precisamos\u201d<\/em>, afirmou Gonzaga. O debate ser\u00e1 realizado a partir das 16h no Plen\u00e1rio 14 da C\u00e2mara.<\/p>\n\n\n\n<p>Para o debate da Reforma Administrativa foram convidados a conselheira do F\u00f3rum Brasileiro Seguran\u00e7a P\u00fablica Isabel Figueiredo, o presidente da Associa\u00e7\u00e3o Nacional dos Especialistas em Pol\u00edticas P\u00fablicas e Gest\u00e3o Governamental (Anesp), Pedro Pontual e o presidente do F\u00f3rum Nacional Permanente de Carreiras T\u00edpicas do Estado (Fonacate), Rudinei Marques.<\/p>\n\n\n\n<p class=\"has-text-align-center\"><em><strong>Quer ficar por dentro de todos as concursos com editais publicados, autorizados e previstos? Ent\u00e3o n\u00e3o deixe de conferir os artigos abaixo. Fique bem informado com o time do Estrat\u00e9gia:<\/strong><\/em><\/p>\n\n\n\n<div class=\"container\" id=\"boxes\">\n  <div class=\"row\">\n\n    <div class=\"col-sm\" id=\"boxes-concursos\">\n      <div style=\"background-color: #005DAD;\" class=\"conteudo-concursos\" id=\"box-concursos\">\n        <h3 class=\"titulo-assinatura\">Concursos Abertos<\/h3>\n        <p class=\"subtitulo-assinatura\">Confira os editais publicados<\/p>\n        <div class=\"box-botao\">\n          <a class=\"btn-assinatura\" target=\"_blank\" href=\"https:\/\/www.estrategiaconcursos.com.br\/blog\/concursos-abertos\/\" role=\"button\" rel=\"noopener noreferrer\">Conhe\u00e7a Agora<\/a>\n        <\/div>\n      <\/div>\n    <\/div>\n\n    <div class=\"col-sm\" id=\"boxes-concursos\">\n      <div style=\"background-color: #1A7ED5;\" class=\"conteudo-concursos\" id=\"box-concursos\">\n        <h3 class=\"titulo-assinatura\">Concursos 2021<\/h3>\n        <p class=\"subtitulo-assinatura\">As oportunidades previstas<\/p>\n        <div class=\"box-botao\">\n          <a class=\"btn-assinatura\" target=\"_blank\" href=\"https:\/\/www.estrategiaconcursos.com.br\/blog\/concursos-2021\/\" role=\"button\" rel=\"noopener noreferrer\">Conhe\u00e7a Agora<\/a>\n        <\/div>\n      <\/div>\n    <\/div>\n\n    <div class=\"col-sm\" id=\"boxes-concursos\">\n      <div style=\"background-color: #419FF0;\" class=\"conteudo-concursos\" id=\"box-concursos\">\n        <h3 class=\"titulo-assinatura\">Concursos 2022<\/h3>\n        <p class=\"subtitulo-assinatura\">Vagas para o pr\u00f3ximo ano<\/p>\n        <div class=\"box-botao\">\n          <a class=\"btn-assinatura\" target=\"_blank\" href=\"https:\/\/www.estrategiaconcursos.com.br\/blog\/concursos-2022\/\" role=\"button\" rel=\"noopener noreferrer\">Conhe\u00e7a Agora<\/a>\n        <\/div>\n      <\/div>\n    <\/div>\n\n  <\/div>\n<\/div>\n\n\n\n<p class=\"has-text-align-center\"><em>E para garantir a t\u00e3o sonhada vaga, \u00e9 preciso se preparar com um material de alta qualidade. Que tal aproveitar e j\u00e1 assinar um dos nosso cursos? Certeza que voc\u00ea vai figurar na lista dos primeiros aprovados!<\/em><\/p>\n\n\n\n<div class=\"container\" id=\"boxes\">\n  <div class=\"row\">\n\n    <div class=\"col-sm\">\n      <div class=\"estrategia\" id=\"box-assinatura\">\n        <h3 class=\"titulo-assinatura\">Assinatura Concursos<\/h3>\n        <p class=\"subtitulo-assinatura\">Assinatura de 1 ano ou 2 anos<\/p>\n        <div class=\"box-botao\">\n          <a class=\"btn-assinatura\" target=\"_blank\" href=\"https:\/\/www.estrategiaconcursos.com.br\/assinaturas\/\" role=\"button\" rel=\"noopener noreferrer\">ASSINE AGORA<\/a>\n        <\/div>\n      <\/div>\n     \n    <\/div><\/div><\/div>\n","protected":false},"excerpt":{"rendered":"<p>Na ter\u00e7a-feira, 31 de agosto, a Comiss\u00e3o de Seguran\u00e7a P\u00fablica da C\u00e2mara dos Deputados ir\u00e1 debater as implica\u00e7\u00f5es da Proposta de Emenda \u00e0 Constitui\u00e7\u00e3o (PEC) 32\/20, de autoria do poder executivo federal e que diz respeito \u00e0 Reforma Administrativa. De acordo com o deputado subtenente Gonzaga, que idealizou o debate, o atual governo busca desmoralizar [&hellip;]<\/p>\n","protected":false},"author":1,"featured_media":849437,"comment_status":"open","ping_status":"closed","sticky":false,"template":"","format":"standard","meta":{"post_tipo":"news","footnotes":""},"categories":[1],"tags":[],"tax_estado":[219963],"class_list":["post-849346","post","type-post","status-publish","format-standard","has-post-thumbnail","hentry","category-cursos-e-concursos","tax_estado-concursos-federais"],"acf":[],"yoast_head":"<!-- This site is optimized with the Yoast SEO Premium plugin v27.2 (Yoast SEO v27.2) - https:\/\/yoast.com\/product\/yoast-seo-premium-wordpress\/ -->\n<title>Reforma Administrativa ser\u00e1 debatida por Comiss\u00e3o de Seguran\u00e7a P\u00fablica<\/title>\n<meta name=\"description\" content=\"Em 31 de agosto, a Comiss\u00e3o de Seguran\u00e7a P\u00fablica da C\u00e2mara dos Deputados ir\u00e1 debater as implica\u00e7\u00f5es da PEC da Reforma Administrativa.\" \/>\n<meta name=\"robots\" content=\"index, follow, max-snippet:-1, max-image-preview:large, max-video-preview:-1\" \/>\n<link rel=\"canonical\" href=\"https:\/\/www.estrategiaconcursos.com.br\/blog\/reforma-administrativa-sera-debatida-por-comissao-de-seguranca-publica\/\" \/>\n<meta property=\"og:locale\" content=\"pt_BR\" \/>\n<meta property=\"og:type\" content=\"article\" \/>\n<meta property=\"og:title\" content=\"Reforma Administrativa ser\u00e1 debatida por Comiss\u00e3o de Seguran\u00e7a P\u00fablica\" \/>\n<meta property=\"og:description\" content=\"Em 31 de agosto, a Comiss\u00e3o de Seguran\u00e7a P\u00fablica da C\u00e2mara dos Deputados ir\u00e1 debater as implica\u00e7\u00f5es da PEC da Reforma Administrativa.\" \/>\n<meta property=\"og:url\" content=\"https:\/\/www.estrategiaconcursos.com.br\/blog\/reforma-administrativa-sera-debatida-por-comissao-de-seguranca-publica\/\" \/>\n<meta property=\"og:site_name\" content=\"Estrat\u00e9gia Concursos\" \/>\n<meta property=\"article:author\" content=\"https:\/\/www.facebook.com\/EstrategiaConcursos\" \/>\n<meta property=\"article:published_time\" content=\"2021-08-30T20:11:56+00:00\" \/>\n<meta property=\"article:modified_time\" content=\"2021-08-30T21:07:15+00:00\" \/>\n<meta property=\"og:image\" content=\"https:\/\/dhg1h5j42swfq.cloudfront.net\/2021\/08\/30180701\/reforma-administrativa-seguranca.jpg\" \/>\n\t<meta property=\"og:image:width\" content=\"1200\" \/>\n\t<meta property=\"og:image:height\" content=\"628\" \/>\n\t<meta property=\"og:image:type\" content=\"image\/jpeg\" \/>\n<meta name=\"author\" content=\"Coordena\u00e7\u00e3o\" \/>\n<meta name=\"twitter:card\" content=\"summary_large_image\" \/>\n<meta name=\"twitter:creator\" content=\"@EstratConcursos\" \/>\n<meta name=\"twitter:site\" content=\"@EstratConcursos\" \/>\n<meta name=\"twitter:label1\" content=\"Escrito por\" \/>\n\t<meta name=\"twitter:data1\" content=\"Coordena\u00e7\u00e3o\" \/>\n\t<meta name=\"twitter:label2\" content=\"Est. tempo de leitura\" \/>\n\t<meta name=\"twitter:data2\" content=\"2 minutos\" \/>\n<script type=\"application\/ld+json\" class=\"yoast-schema-graph\">{\"@context\":\"https:\/\/schema.org\",\"@graph\":[{\"@type\":\"NewsArticle\",\"@id\":\"https:\/\/www.estrategiaconcursos.com.br\/blog\/reforma-administrativa-sera-debatida-por-comissao-de-seguranca-publica\/#article\",\"isPartOf\":{\"@id\":\"https:\/\/www.estrategiaconcursos.com.br\/blog\/reforma-administrativa-sera-debatida-por-comissao-de-seguranca-publica\/\"},\"author\":{\"name\":\"Coordena\u00e7\u00e3o\",\"@id\":\"https:\/\/www.estrategiaconcursos.com.br\/blog\/#\/schema\/person\/b4a388c97673c5f483d72185668afa1f\"},\"headline\":\"Reforma Administrativa ser\u00e1 debatida por Comiss\u00e3o de Seguran\u00e7a P\u00fablica\",\"datePublished\":\"2021-08-30T20:11:56+00:00\",\"dateModified\":\"2021-08-30T21:07:15+00:00\",\"mainEntityOfPage\":{\"@id\":\"https:\/\/www.estrategiaconcursos.com.br\/blog\/reforma-administrativa-sera-debatida-por-comissao-de-seguranca-publica\/\"},\"wordCount\":374,\"commentCount\":0,\"publisher\":{\"@id\":\"https:\/\/www.estrategiaconcursos.com.br\/blog\/#organization\"},\"image\":{\"@id\":\"https:\/\/www.estrategiaconcursos.com.br\/blog\/reforma-administrativa-sera-debatida-por-comissao-de-seguranca-publica\/#primaryimage\"},\"thumbnailUrl\":\"https:\/\/dhg1h5j42swfq.cloudfront.net\/2021\/08\/30180701\/reforma-administrativa-seguranca.jpg\",\"articleSection\":[\"Concursos P\u00fablicos\"],\"inLanguage\":\"pt-BR\",\"potentialAction\":[{\"@type\":\"CommentAction\",\"name\":\"Comment\",\"target\":[\"https:\/\/www.estrategiaconcursos.com.br\/blog\/reforma-administrativa-sera-debatida-por-comissao-de-seguranca-publica\/#respond\"]}],\"copyrightYear\":\"2021\",\"copyrightHolder\":{\"@id\":\"https:\/\/www.estrategiaconcursos.com.br\/blog\/#organization\"}},{\"@type\":\"WebPage\",\"@id\":\"https:\/\/www.estrategiaconcursos.com.br\/blog\/reforma-administrativa-sera-debatida-por-comissao-de-seguranca-publica\/\",\"url\":\"https:\/\/www.estrategiaconcursos.com.br\/blog\/reforma-administrativa-sera-debatida-por-comissao-de-seguranca-publica\/\",\"name\":\"Reforma Administrativa ser\u00e1 debatida por Comiss\u00e3o de Seguran\u00e7a P\u00fablica\",\"isPartOf\":{\"@id\":\"https:\/\/www.estrategiaconcursos.com.br\/blog\/#website\"},\"primaryImageOfPage\":{\"@id\":\"https:\/\/www.estrategiaconcursos.com.br\/blog\/reforma-administrativa-sera-debatida-por-comissao-de-seguranca-publica\/#primaryimage\"},\"image\":{\"@id\":\"https:\/\/www.estrategiaconcursos.com.br\/blog\/reforma-administrativa-sera-debatida-por-comissao-de-seguranca-publica\/#primaryimage\"},\"thumbnailUrl\":\"https:\/\/dhg1h5j42swfq.cloudfront.net\/2021\/08\/30180701\/reforma-administrativa-seguranca.jpg\",\"datePublished\":\"2021-08-30T20:11:56+00:00\",\"dateModified\":\"2021-08-30T21:07:15+00:00\",\"description\":\"Em 31 de agosto, a Comiss\u00e3o de Seguran\u00e7a P\u00fablica da C\u00e2mara dos Deputados ir\u00e1 debater as implica\u00e7\u00f5es da PEC da Reforma Administrativa.\",\"breadcrumb\":{\"@id\":\"https:\/\/www.estrategiaconcursos.com.br\/blog\/reforma-administrativa-sera-debatida-por-comissao-de-seguranca-publica\/#breadcrumb\"},\"inLanguage\":\"pt-BR\",\"potentialAction\":[{\"@type\":\"ReadAction\",\"target\":[\"https:\/\/www.estrategiaconcursos.com.br\/blog\/reforma-administrativa-sera-debatida-por-comissao-de-seguranca-publica\/\"]}]},{\"@type\":\"ImageObject\",\"inLanguage\":\"pt-BR\",\"@id\":\"https:\/\/www.estrategiaconcursos.com.br\/blog\/reforma-administrativa-sera-debatida-por-comissao-de-seguranca-publica\/#primaryimage\",\"url\":\"https:\/\/dhg1h5j42swfq.cloudfront.net\/2021\/08\/30180701\/reforma-administrativa-seguranca.jpg\",\"contentUrl\":\"https:\/\/dhg1h5j42swfq.cloudfront.net\/2021\/08\/30180701\/reforma-administrativa-seguranca.jpg\",\"width\":1200,\"height\":628,\"caption\":\"reforma administrativa seguran\u00e7a\"},{\"@type\":\"BreadcrumbList\",\"@id\":\"https:\/\/www.estrategiaconcursos.com.br\/blog\/reforma-administrativa-sera-debatida-por-comissao-de-seguranca-publica\/#breadcrumb\",\"itemListElement\":[{\"@type\":\"ListItem\",\"position\":1,\"name\":\"In\u00edcio\",\"item\":\"https:\/\/www.estrategiaconcursos.com.br\/blog\/\"},{\"@type\":\"ListItem\",\"position\":2,\"name\":\"Reforma Administrativa ser\u00e1 debatida por Comiss\u00e3o de Seguran\u00e7a P\u00fablica\"}]},{\"@type\":\"WebSite\",\"@id\":\"https:\/\/www.estrategiaconcursos.com.br\/blog\/#website\",\"url\":\"https:\/\/www.estrategiaconcursos.com.br\/blog\/\",\"name\":\"Estrat\u00e9gia Concursos\",\"description\":\"O blog da Estrat\u00e9gia Concursos traz not\u00edcias sobre concursos e artigos de professores oferecendo cursos para concursos (pdf + videaulas) no site.\",\"publisher\":{\"@id\":\"https:\/\/www.estrategiaconcursos.com.br\/blog\/#organization\"},\"potentialAction\":[{\"@type\":\"SearchAction\",\"target\":{\"@type\":\"EntryPoint\",\"urlTemplate\":\"https:\/\/www.estrategiaconcursos.com.br\/blog\/?s={search_term_string}\"},\"query-input\":{\"@type\":\"PropertyValueSpecification\",\"valueRequired\":true,\"valueName\":\"search_term_string\"}}],\"inLanguage\":\"pt-BR\"},{\"@type\":\"Organization\",\"@id\":\"https:\/\/www.estrategiaconcursos.com.br\/blog\/#organization\",\"name\":\"Estrat\u00e9gia Concursos\",\"url\":\"https:\/\/www.estrategiaconcursos.com.br\/blog\/\",\"logo\":{\"@type\":\"ImageObject\",\"inLanguage\":\"pt-BR\",\"@id\":\"https:\/\/www.estrategiaconcursos.com.br\/blog\/#\/schema\/logo\/image\/\",\"url\":\"https:\/\/dhg1h5j42swfq.cloudfront.net\/2025\/06\/03203428\/logo_concursos-1.jpg\",\"contentUrl\":\"https:\/\/dhg1h5j42swfq.cloudfront.net\/2025\/06\/03203428\/logo_concursos-1.jpg\",\"width\":230,\"height\":60,\"caption\":\"Estrat\u00e9gia Concursos\"},\"image\":{\"@id\":\"https:\/\/www.estrategiaconcursos.com.br\/blog\/#\/schema\/logo\/image\/\"},\"sameAs\":[\"https:\/\/x.com\/EstratConcursos\"]},{\"@type\":\"Person\",\"@id\":\"https:\/\/www.estrategiaconcursos.com.br\/blog\/#\/schema\/person\/b4a388c97673c5f483d72185668afa1f\",\"name\":\"Coordena\u00e7\u00e3o\",\"image\":{\"@type\":\"ImageObject\",\"inLanguage\":\"pt-BR\",\"@id\":\"https:\/\/secure.gravatar.com\/avatar\/b720319e4c9a967eb58678d110f4fe35452fc5d5f97b202bac7b8acceb18c6ad?s=96&d=mm&r=g\",\"url\":\"https:\/\/secure.gravatar.com\/avatar\/b720319e4c9a967eb58678d110f4fe35452fc5d5f97b202bac7b8acceb18c6ad?s=96&d=mm&r=g\",\"contentUrl\":\"https:\/\/secure.gravatar.com\/avatar\/b720319e4c9a967eb58678d110f4fe35452fc5d5f97b202bac7b8acceb18c6ad?s=96&d=mm&r=g\",\"caption\":\"Coordena\u00e7\u00e3o\"},\"sameAs\":[\"https:\/\/www.facebook.com\/EstrategiaConcursos\",\"https:\/\/x.com\/EstratConcursos\"],\"url\":\"https:\/\/www.estrategiaconcursos.com.br\/blog\/author\/estrategia2013\/\"}]}<\/script>\n<!-- \/ Yoast SEO Premium plugin. -->","yoast_head_json":{"title":"Reforma Administrativa ser\u00e1 debatida por Comiss\u00e3o de Seguran\u00e7a P\u00fablica","description":"Em 31 de agosto, a Comiss\u00e3o de Seguran\u00e7a P\u00fablica da C\u00e2mara dos Deputados ir\u00e1 debater as implica\u00e7\u00f5es da PEC da Reforma Administrativa.","robots":{"index":"index","follow":"follow","max-snippet":"max-snippet:-1","max-image-preview":"max-image-preview:large","max-video-preview":"max-video-preview:-1"},"canonical":"https:\/\/www.estrategiaconcursos.com.br\/blog\/reforma-administrativa-sera-debatida-por-comissao-de-seguranca-publica\/","og_locale":"pt_BR","og_type":"article","og_title":"Reforma Administrativa ser\u00e1 debatida por Comiss\u00e3o de Seguran\u00e7a P\u00fablica","og_description":"Em 31 de agosto, a Comiss\u00e3o de Seguran\u00e7a P\u00fablica da C\u00e2mara dos Deputados ir\u00e1 debater as implica\u00e7\u00f5es da PEC da Reforma Administrativa.","og_url":"https:\/\/www.estrategiaconcursos.com.br\/blog\/reforma-administrativa-sera-debatida-por-comissao-de-seguranca-publica\/","og_site_name":"Estrat\u00e9gia Concursos","article_author":"https:\/\/www.facebook.com\/EstrategiaConcursos","article_published_time":"2021-08-30T20:11:56+00:00","article_modified_time":"2021-08-30T21:07:15+00:00","og_image":[{"width":1200,"height":628,"url":"https:\/\/dhg1h5j42swfq.cloudfront.net\/2021\/08\/30180701\/reforma-administrativa-seguranca.jpg","type":"image\/jpeg"}],"author":"Coordena\u00e7\u00e3o","twitter_card":"summary_large_image","twitter_creator":"@EstratConcursos","twitter_site":"@EstratConcursos","twitter_misc":{"Escrito por":"Coordena\u00e7\u00e3o","Est. tempo de leitura":"2 minutos"},"schema":{"@context":"https:\/\/schema.org","@graph":[{"@type":"NewsArticle","@id":"https:\/\/www.estrategiaconcursos.com.br\/blog\/reforma-administrativa-sera-debatida-por-comissao-de-seguranca-publica\/#article","isPartOf":{"@id":"https:\/\/www.estrategiaconcursos.com.br\/blog\/reforma-administrativa-sera-debatida-por-comissao-de-seguranca-publica\/"},"author":{"name":"Coordena\u00e7\u00e3o","@id":"https:\/\/www.estrategiaconcursos.com.br\/blog\/#\/schema\/person\/b4a388c97673c5f483d72185668afa1f"},"headline":"Reforma Administrativa ser\u00e1 debatida por Comiss\u00e3o de Seguran\u00e7a P\u00fablica","datePublished":"2021-08-30T20:11:56+00:00","dateModified":"2021-08-30T21:07:15+00:00","mainEntityOfPage":{"@id":"https:\/\/www.estrategiaconcursos.com.br\/blog\/reforma-administrativa-sera-debatida-por-comissao-de-seguranca-publica\/"},"wordCount":374,"commentCount":0,"publisher":{"@id":"https:\/\/www.estrategiaconcursos.com.br\/blog\/#organization"},"image":{"@id":"https:\/\/www.estrategiaconcursos.com.br\/blog\/reforma-administrativa-sera-debatida-por-comissao-de-seguranca-publica\/#primaryimage"},"thumbnailUrl":"https:\/\/dhg1h5j42swfq.cloudfront.net\/2021\/08\/30180701\/reforma-administrativa-seguranca.jpg","articleSection":["Concursos P\u00fablicos"],"inLanguage":"pt-BR","potentialAction":[{"@type":"CommentAction","name":"Comment","target":["https:\/\/www.estrategiaconcursos.com.br\/blog\/reforma-administrativa-sera-debatida-por-comissao-de-seguranca-publica\/#respond"]}],"copyrightYear":"2021","copyrightHolder":{"@id":"https:\/\/www.estrategiaconcursos.com.br\/blog\/#organization"}},{"@type":"WebPage","@id":"https:\/\/www.estrategiaconcursos.com.br\/blog\/reforma-administrativa-sera-debatida-por-comissao-de-seguranca-publica\/","url":"https:\/\/www.estrategiaconcursos.com.br\/blog\/reforma-administrativa-sera-debatida-por-comissao-de-seguranca-publica\/","name":"Reforma Administrativa ser\u00e1 debatida por Comiss\u00e3o de Seguran\u00e7a P\u00fablica","isPartOf":{"@id":"https:\/\/www.estrategiaconcursos.com.br\/blog\/#website"},"primaryImageOfPage":{"@id":"https:\/\/www.estrategiaconcursos.com.br\/blog\/reforma-administrativa-sera-debatida-por-comissao-de-seguranca-publica\/#primaryimage"},"image":{"@id":"https:\/\/www.estrategiaconcursos.com.br\/blog\/reforma-administrativa-sera-debatida-por-comissao-de-seguranca-publica\/#primaryimage"},"thumbnailUrl":"https:\/\/dhg1h5j42swfq.cloudfront.net\/2021\/08\/30180701\/reforma-administrativa-seguranca.jpg","datePublished":"2021-08-30T20:11:56+00:00","dateModified":"2021-08-30T21:07:15+00:00","description":"Em 31 de agosto, a Comiss\u00e3o de Seguran\u00e7a P\u00fablica da C\u00e2mara dos Deputados ir\u00e1 debater as implica\u00e7\u00f5es da PEC da Reforma Administrativa.","breadcrumb":{"@id":"https:\/\/www.estrategiaconcursos.com.br\/blog\/reforma-administrativa-sera-debatida-por-comissao-de-seguranca-publica\/#breadcrumb"},"inLanguage":"pt-BR","potentialAction":[{"@type":"ReadAction","target":["https:\/\/www.estrategiaconcursos.com.br\/blog\/reforma-administrativa-sera-debatida-por-comissao-de-seguranca-publica\/"]}]},{"@type":"ImageObject","inLanguage":"pt-BR","@id":"https:\/\/www.estrategiaconcursos.com.br\/blog\/reforma-administrativa-sera-debatida-por-comissao-de-seguranca-publica\/#primaryimage","url":"https:\/\/dhg1h5j42swfq.cloudfront.net\/2021\/08\/30180701\/reforma-administrativa-seguranca.jpg","contentUrl":"https:\/\/dhg1h5j42swfq.cloudfront.net\/2021\/08\/30180701\/reforma-administrativa-seguranca.jpg","width":1200,"height":628,"caption":"reforma administrativa seguran\u00e7a"},{"@type":"BreadcrumbList","@id":"https:\/\/www.estrategiaconcursos.com.br\/blog\/reforma-administrativa-sera-debatida-por-comissao-de-seguranca-publica\/#breadcrumb","itemListElement":[{"@type":"ListItem","position":1,"name":"In\u00edcio","item":"https:\/\/www.estrategiaconcursos.com.br\/blog\/"},{"@type":"ListItem","position":2,"name":"Reforma Administrativa ser\u00e1 debatida por Comiss\u00e3o de Seguran\u00e7a P\u00fablica"}]},{"@type":"WebSite","@id":"https:\/\/www.estrategiaconcursos.com.br\/blog\/#website","url":"https:\/\/www.estrategiaconcursos.com.br\/blog\/","name":"Estrat\u00e9gia Concursos","description":"O blog da Estrat\u00e9gia Concursos traz not\u00edcias sobre concursos e artigos de professores oferecendo cursos para concursos (pdf + videaulas) no site.","publisher":{"@id":"https:\/\/www.estrategiaconcursos.com.br\/blog\/#organization"},"potentialAction":[{"@type":"SearchAction","target":{"@type":"EntryPoint","urlTemplate":"https:\/\/www.estrategiaconcursos.com.br\/blog\/?s={search_term_string}"},"query-input":{"@type":"PropertyValueSpecification","valueRequired":true,"valueName":"search_term_string"}}],"inLanguage":"pt-BR"},{"@type":"Organization","@id":"https:\/\/www.estrategiaconcursos.com.br\/blog\/#organization","name":"Estrat\u00e9gia Concursos","url":"https:\/\/www.estrategiaconcursos.com.br\/blog\/","logo":{"@type":"ImageObject","inLanguage":"pt-BR","@id":"https:\/\/www.estrategiaconcursos.com.br\/blog\/#\/schema\/logo\/image\/","url":"https:\/\/dhg1h5j42swfq.cloudfront.net\/2025\/06\/03203428\/logo_concursos-1.jpg","contentUrl":"https:\/\/dhg1h5j42swfq.cloudfront.net\/2025\/06\/03203428\/logo_concursos-1.jpg","width":230,"height":60,"caption":"Estrat\u00e9gia Concursos"},"image":{"@id":"https:\/\/www.estrategiaconcursos.com.br\/blog\/#\/schema\/logo\/image\/"},"sameAs":["https:\/\/x.com\/EstratConcursos"]},{"@type":"Person","@id":"https:\/\/www.estrategiaconcursos.com.br\/blog\/#\/schema\/person\/b4a388c97673c5f483d72185668afa1f","name":"Coordena\u00e7\u00e3o","image":{"@type":"ImageObject","inLanguage":"pt-BR","@id":"https:\/\/secure.gravatar.com\/avatar\/b720319e4c9a967eb58678d110f4fe35452fc5d5f97b202bac7b8acceb18c6ad?s=96&d=mm&r=g","url":"https:\/\/secure.gravatar.com\/avatar\/b720319e4c9a967eb58678d110f4fe35452fc5d5f97b202bac7b8acceb18c6ad?s=96&d=mm&r=g","contentUrl":"https:\/\/secure.gravatar.com\/avatar\/b720319e4c9a967eb58678d110f4fe35452fc5d5f97b202bac7b8acceb18c6ad?s=96&d=mm&r=g","caption":"Coordena\u00e7\u00e3o"},"sameAs":["https:\/\/www.facebook.com\/EstrategiaConcursos","https:\/\/x.com\/EstratConcursos"],"url":"https:\/\/www.estrategiaconcursos.com.br\/blog\/author\/estrategia2013\/"}]}},"_links":{"self":[{"href":"https:\/\/www.estrategiaconcursos.com.br\/blog\/wp-json\/wp\/v2\/posts\/849346","targetHints":{"allow":["GET"]}}],"collection":[{"href":"https:\/\/www.estrategiaconcursos.com.br\/blog\/wp-json\/wp\/v2\/posts"}],"about":[{"href":"https:\/\/www.estrategiaconcursos.com.br\/blog\/wp-json\/wp\/v2\/types\/post"}],"author":[{"embeddable":true,"href":"https:\/\/www.estrategiaconcursos.com.br\/blog\/wp-json\/wp\/v2\/users\/1"}],"replies":[{"embeddable":true,"href":"https:\/\/www.estrategiaconcursos.com.br\/blog\/wp-json\/wp\/v2\/comments?post=849346"}],"version-history":[{"count":7,"href":"https:\/\/www.estrategiaconcursos.com.br\/blog\/wp-json\/wp\/v2\/posts\/849346\/revisions"}],"predecessor-version":[{"id":849438,"href":"https:\/\/www.estrategiaconcursos.com.br\/blog\/wp-json\/wp\/v2\/posts\/849346\/revisions\/849438"}],"wp:featuredmedia":[{"embeddable":true,"href":"https:\/\/www.estrategiaconcursos.com.br\/blog\/wp-json\/wp\/v2\/media\/849437"}],"wp:attachment":[{"href":"https:\/\/www.estrategiaconcursos.com.br\/blog\/wp-json\/wp\/v2\/media?parent=849346"}],"wp:term":[{"taxonomy":"category","embeddable":true,"href":"https:\/\/www.estrategiaconcursos.com.br\/blog\/wp-json\/wp\/v2\/categories?post=849346"},{"taxonomy":"post_tag","embeddable":true,"href":"https:\/\/www.estrategiaconcursos.com.br\/blog\/wp-json\/wp\/v2\/tags?post=849346"},{"taxonomy":"tax_estado","embeddable":true,"href":"https:\/\/www.estrategiaconcursos.com.br\/blog\/wp-json\/wp\/v2\/tax_estado?post=849346"}],"curies":[{"name":"wp","href":"https:\/\/api.w.org\/{rel}","templated":true}]}}