{"id":849315,"date":"2021-08-30T17:10:29","date_gmt":"2021-08-30T20:10:29","guid":{"rendered":"https:\/\/www.estrategiaconcursos.com.br\/blog\/?p=849315"},"modified":"2021-08-30T17:59:42","modified_gmt":"2021-08-30T20:59:42","slug":"sao-sebastiao-selecao-guarda","status":"publish","type":"post","link":"https:\/\/www.estrategiaconcursos.com.br\/blog\/sao-sebastiao-selecao-guarda\/","title":{"rendered":"S\u00e3o Sebasti\u00e3o (SP) abre sele\u00e7\u00e3o para Guarda-vidas tempor\u00e1rio"},"content":{"rendered":"\n<p>O munic\u00edpio de S\u00e3o Sebasti\u00e3o, localizado no estado de S\u00e3o Paulo, abriu sele\u00e7\u00e3o para contrata\u00e7\u00e3o de Guarda-Vidas tempor\u00e1rio. Conforme o documento, s\u00e3o ofertadas 60 vagas de n\u00edvel fundamental, com sal\u00e1rio inicial de R$  1.692,60. <\/p>\n\n\n\n<ul class=\"has-very-light-gray-to-cyan-bluish-gray-gradient-background has-background wp-block-list\"><li><strong>S\u00e3o Sebasti\u00e3o &#8211; Guarda-vidas<\/strong><\/li><li><strong>Status:<\/strong> Edital publicado<\/li><li><strong>Banca:<\/strong> Prefeitura de S\u00e3o Sebasti\u00e3o<\/li><li><strong>Vagas:<\/strong> 60<\/li><li><strong>Sal\u00e1rio inicial:<\/strong> R$ 1.692,60<\/li><\/ul>\n\n\n\n<p>Os interessados em participar da sele\u00e7\u00e3o devem realizar as inscri\u00e7\u00f5es no per\u00edodo de <strong>1\u00ba a 30 de setembro de 2021<\/strong>, em diversos postos de Bombeiros da cidade. <\/p>\n\n\n\n<p>A fim de te deixar sempre bem informado, elaboramos este artigo com as principais informa\u00e7\u00f5es e novidades sobre a sele\u00e7\u00e3o. Acompanhe abaixo e n\u00e3o perca nenhum detalhe!<\/p>\n\n\n\n<div class=\"container\" id=\"boxes\">\n  <div class=\"row\">\n\n    <div class=\"col-sm\">\n      <div class=\"banner-estrategia\" id=\"box-assinatura\">\n        <h3 class=\"titulo-assinatura\">Cursos para concursos<\/h3>\n        <p class=\"subtitulo-assinatura\">Conhe\u00e7a os cursos<\/p>\n        <div class=\"box-botao\">\n          <a class=\"btn-assinatura\" target=\"_blank\" href=\"https:\/\/www.estrategiaconcursos.com.br\/cursos\/\" role=\"button\" rel=\"noopener noreferrer\">Conhe\u00e7a mais<\/a>\n        <\/div>\n      <\/div>\n     \n    <\/div>\n\n  <\/div>\n<\/div>\n\n\n\n<h2 class=\"wp-block-heading\" id=\"situacao\">Situa\u00e7\u00e3o atual da sele\u00e7\u00e3o S\u00e3o Sebasti\u00e3o Guarda-vidas<\/h2>\n\n\n\n<h3 class=\"wp-block-heading\" id=\"datas\">Principais datas<\/h3>\n\n\n\n<p class=\"has-very-light-gray-background-color has-background\"><strong>Inscri\u00e7\u00f5es<\/strong>: 1\u00ba a 30 de setembro de 2021<br \/><strong>Prova pr\u00e1tica<\/strong>: 1\u00ba de outubro<\/p>\n\n\n\n<h2 class=\"wp-block-heading\" id=\"cargos-vagas\">Cargos e vagas da sele\u00e7\u00e3o S\u00e3o Sebasti\u00e3o Guarda-vidas <\/h2>\n\n\n\n<h3 class=\"wp-block-heading\" id=\"fundamental\">N\u00edvel fundamental<\/h3>\n\n\n\n<figure class=\"wp-block-table is-style-stripes\"><table class=\"has-background has-fixed-layout\" style=\"background-color:#e7f5fe\"><thead><tr><th class=\"has-text-align-center\" data-align=\"center\">CARGOS<\/th><th class=\"has-text-align-center\" data-align=\"center\">VAGAS<\/th><th class=\"has-text-align-center\" data-align=\"center\">SAL\u00c1RIO<\/th><\/tr><\/thead><tbody><tr><td class=\"has-text-align-center\" data-align=\"center\">Guarda-Vidas<\/td><td class=\"has-text-align-center\" data-align=\"center\">60<\/td><td class=\"has-text-align-center\" data-align=\"center\">R$ 1.692,60 + VR e VT<\/td><\/tr><\/tbody><\/table><\/figure>\n\n\n\n<h2 class=\"wp-block-heading\" id=\"etapas\">Etapas e provas<\/h2>\n\n\n\n<p>A prova de sele\u00e7\u00e3o para o curso ser\u00e1 realizada no Centro Apoio Esportivo do Pontal da Cruz (CAE), localizado a Rua Maria Francisca, s\/n\u00ba, Pontal da Cruz \u2013 S\u00e3o Sebasti\u00e3o\/SP, no dia <strong>01 de outubro de 2021<\/strong>, sendo que o in\u00edcio da mesma ser\u00e1 \u00e0s 09:00 horas.<\/p>\n\n\n\n<p><strong>Para sele\u00e7\u00e3o para o curso:<\/strong><\/p>\n\n\n\n<ul class=\"wp-block-list\"><li><strong>Corrida<\/strong> &#8211; a prova, de car\u00e1ter eliminat\u00f3rio, consistir\u00e1 em correr\/andar um percurso de 1000 (mil) metros em tempo m\u00e1ximo de 08 (oito) minutos.<\/li><\/ul>\n\n\n\n<ul class=\"wp-block-list\"><li><strong>Nata\u00e7\u00e3o<\/strong> \u2013 a prova, de car\u00e1ter eliminat\u00f3rio e classificat\u00f3rio, consistir\u00e1 em nadar em qualquer estilo um percurso de 200 (duzentos) metros na piscina em tempo m\u00e1ximo de 06 (seis) minutos.<\/li><\/ul>\n\n\n\n<p><strong>Ao final do curso, para contrata\u00e7\u00e3o do candidato, as provas ser\u00e3o realizadas na seguinte conformidade:<\/strong><\/p>\n\n\n\n<p>Prova Te\u00f3rica valendo 10 pontos;<br \/>Preven\u00e7\u00e3o e Salvamento Aqu\u00e1tico, valendo 10 (dez) pontos e de Reanima\u00e7\u00e3o Cardiopulmonar, valendo 10 (dez) pontos. <br \/><br \/><strong>Ambas, de car\u00e1ter eliminat\u00f3rio e classificat\u00f3rio, constitu\u00eddo dos seguintes exerc\u00edcios: <\/strong><\/p>\n\n\n\n<ul class=\"wp-block-list\"><li>Entrada no mar;<\/li><li>Transposi\u00e7\u00e3o de arrebenta\u00e7\u00e3o, abordagem da v\u00edtima, retorno com a v\u00edtima, retirada da v\u00edtima da \u00e1gua, arrasto, posi\u00e7\u00e3o de recupera\u00e7\u00e3o, verificar consci\u00eancia, abrir vias a\u00e9reas, verificar objetos estranhos na boca, verificar respira\u00e7\u00e3o, verificar circula\u00e7\u00e3o, aplicar RCP (Ressuscita\u00e7\u00e3o Cardiopulmonar), se necess\u00e1rio.<\/li><\/ul>\n\n\n\n<p>A nota final, ser\u00e1 a soma das pontua\u00e7\u00f5es obtidas nos itens.<\/p>\n\n\n\n<hr class=\"wp-block-separator\"\/>\n\n\n\n<h2 class=\"has-text-align-center wp-block-heading\" id=\"cursos-assinatura\">Quer estudar para a sele\u00e7\u00e3o S\u00e3o Sebasti\u00e3o Guarda-vidas ?<\/h2>\n\n\n\n<div class=\"container\" id=\"boxes\">\n  <div class=\"row\">\n\n    <div class=\"col-sm\">\n      <div class=\"banner-estrategia\" id=\"box-assinatura\">\n        <h3 class=\"titulo-assinatura\">Cursos para concursos<\/h3>\n        <p class=\"subtitulo-assinatura\">Conhe\u00e7a os cursos<\/p>\n        <div class=\"box-botao\">\n          <a class=\"btn-assinatura\" target=\"_blank\" href=\"https:\/\/www.estrategiaconcursos.com.br\/cursos\/\" role=\"button\" rel=\"noopener noreferrer\">Conhe\u00e7a mais<\/a>\n        <\/div>\n      <\/div>\n     \n    <\/div>\n\n  <\/div>\n<\/div>\n\n\n\n<div class=\"container\" id=\"boxes\">\n  <div class=\"row\">\n\n    <div class=\"col-sm\">\n      <div class=\"estrategia\" id=\"box-assinatura\">\n        <h3 class=\"titulo-assinatura\">Assinatura Concursos<\/h3>\n        <p class=\"subtitulo-assinatura\">Assinatura de 1 ano ou 2 anos<\/p>\n        <div class=\"box-botao\">\n          <a class=\"btn-assinatura\" target=\"_blank\" href=\"https:\/\/www.estrategiaconcursos.com.br\/assinaturas\/\" role=\"button\" rel=\"noopener noreferrer\">ASSINE AGORA<\/a>\n        <\/div>\n      <\/div><\/div><\/div><\/div>\n\n\n\n<div class=\"container\" id=\"boxes\">\n  <div class=\"row\">\n\n    <div class=\"col-sm\" id=\"boxes-concursos\">\n      <div style=\"background-color: #005DAD;\" class=\"conteudo-concursos\" id=\"box-concursos\">\n        <h3 class=\"titulo-assinatura\">Concursos Abertos<\/h3>\n        <p class=\"subtitulo-assinatura\">Os editais publicados<\/p>\n        <div class=\"box-botao\">\n          <a class=\"btn-assinatura\" target=\"_blank\" href=\"https:\/\/www.estrategiaconcursos.com.br\/blog\/concursos-abertos\/\" role=\"button\" rel=\"noopener noreferrer\">Conhe\u00e7a Agora<\/a>\n        <\/div>\n      <\/div>\n    <\/div>\n\n    <div class=\"col-sm\" id=\"boxes-concursos\">\n      <div style=\"background-color: #1A7ED5;\" class=\"conteudo-concursos\" id=\"box-concursos\">\n        <h3 class=\"titulo-assinatura\">Concursos 2021<\/h3>\n        <p class=\"subtitulo-assinatura\">As oportunidades previstas<\/p>\n        <div class=\"box-botao\">\n          <a class=\"btn-assinatura\" target=\"_blank\" href=\"https:\/\/www.estrategiaconcursos.com.br\/blog\/concursos-2021\/\" role=\"button\" rel=\"noopener noreferrer\">Conhe\u00e7a Agora<\/a>\n        <\/div>\n      <\/div>\n    <\/div>\n\n    <div class=\"col-sm\" id=\"boxes-concursos\">\n      <div style=\"background-color: #419FF0;\" class=\"conteudo-concursos\" id=\"box-concursos\">\n        <h3 class=\"titulo-assinatura\">Concursos 2022<\/h3>\n        <p class=\"subtitulo-assinatura\">Vagas para o pr\u00f3ximo ano<\/p>\n        <div class=\"box-botao\">\n          <a class=\"btn-assinatura\" target=\"_blank\" href=\"https:\/\/www.estrategiaconcursos.com.br\/blog\/concursos-2022\/\" role=\"button\" rel=\"noopener noreferrer\">Conhe\u00e7a Agora<\/a>\n        <\/div>\n      <\/div>\n    <\/div>\n\n  <\/div>\n<\/div>\n\n\n\n<figure class=\"wp-block-image size-large is-resized\"><img loading=\"lazy\" decoding=\"async\" src=\"https:\/\/dhg1h5j42swfq.cloudfront.net\/2025\/06\/27101122\/ficha-tecnica-1-1024x632.png\" alt=\"Informa\u00e7\u00f5es da sele\u00e7\u00e3o S\u00e3o Sebasti\u00e3o Guarda-vidas\" class=\"wp-image-702728\" width=\"269\" height=\"166\" srcset=\"https:\/\/dhg1h5j42swfq.cloudfront.net\/2025\/06\/27101122\/ficha-tecnica-1-1024x632.png 1024w, https:\/\/dhg1h5j42swfq.cloudfront.net\/2025\/06\/27101122\/ficha-tecnica-1-300x185.png 300w, https:\/\/dhg1h5j42swfq.cloudfront.net\/2025\/06\/27101122\/ficha-tecnica-1-768x474.png 768w, https:\/\/dhg1h5j42swfq.cloudfront.net\/2025\/06\/27101122\/ficha-tecnica-1-1536x948.png 1536w, https:\/\/dhg1h5j42swfq.cloudfront.net\/2025\/06\/27101122\/ficha-tecnica-1-610x377.png 610w, https:\/\/dhg1h5j42swfq.cloudfront.net\/2025\/06\/27101122\/ficha-tecnica-1.png 1571w\" sizes=\"auto, (max-width: 269px) 100vw, 269px\" \/><\/figure>\n\n\n\n<h3 class=\"wp-block-heading\" id=\"ficha\">Informa\u00e7\u00f5es da sele\u00e7\u00e3o S\u00e3o Sebasti\u00e3o Guarda-vidas<\/h3>\n\n\n\n<ul class=\"wp-block-list\"><li><strong style=\"color: initial;\">Provas<\/strong><span style=\"color: initial;\">: 1\u00ba de outubro<\/span><\/li><li><strong>Vagas<\/strong>: 60<\/li><li><strong>Cargos<\/strong>: Guarda-vidas<\/li><li><strong>Escolaridade<\/strong>: N\u00edvel fundamental<\/li><li><strong>Edital<\/strong>:\u00a0<strong><a href=\"https:\/\/dhg1h5j42swfq.cloudfront.net\/2021\/08\/30170857\/edital-concurso-sao-sebastiao-sp-2021-guarda-vidas-1.pdf\" target=\"_blank\" rel=\"noreferrer noopener nofollow\">Baixe AQUI!<\/a><\/strong><\/li><\/ul>\n","protected":false},"excerpt":{"rendered":"<p>O munic\u00edpio de S\u00e3o Sebasti\u00e3o, localizado no estado de S\u00e3o Paulo, abriu sele\u00e7\u00e3o para contrata\u00e7\u00e3o de Guarda-Vidas tempor\u00e1rio. Conforme o documento, s\u00e3o ofertadas 60 vagas de n\u00edvel fundamental, com sal\u00e1rio inicial de R$ 1.692,60. S\u00e3o Sebasti\u00e3o &#8211; Guarda-vidas Status: Edital publicado Banca: Prefeitura de S\u00e3o Sebasti\u00e3o Vagas: 60 Sal\u00e1rio inicial: R$ 1.692,60 Os interessados em [&hellip;]<\/p>\n","protected":false},"author":1,"featured_media":849055,"comment_status":"open","ping_status":"closed","sticky":false,"template":"","format":"standard","meta":{"post_tipo":"news","footnotes":""},"categories":[220187,220219],"tags":[],"tax_estado":[219989],"class_list":["post-849315","post","type-post","status-publish","format-standard","has-post-thumbnail","hentry","category-policial-pracas","category-noticias","tax_estado-sp"],"acf":[],"yoast_head":"<!-- This site is optimized with the Yoast SEO Premium plugin v27.2 (Yoast SEO v27.2) - https:\/\/yoast.com\/product\/yoast-seo-premium-wordpress\/ -->\n<title>S\u00e3o Sebasti\u00e3o (SP) abre sele\u00e7\u00e3o para Guarda-vidas tempor\u00e1rio<\/title>\n<meta name=\"description\" content=\"O munic\u00edpio de S\u00e3o Sebasti\u00e3o, localizado no estado de S\u00e3o Paulo, abriu sele\u00e7\u00e3o para contrata\u00e7\u00e3o de Guarda-Vidas tempor\u00e1rio. Confira!\" \/>\n<meta name=\"robots\" content=\"index, follow, max-snippet:-1, max-image-preview:large, max-video-preview:-1\" \/>\n<link rel=\"canonical\" href=\"https:\/\/www.estrategiaconcursos.com.br\/blog\/sao-sebastiao-selecao-guarda\/\" \/>\n<meta property=\"og:locale\" content=\"pt_BR\" \/>\n<meta property=\"og:type\" content=\"article\" \/>\n<meta property=\"og:title\" content=\"S\u00e3o Sebasti\u00e3o (SP) abre sele\u00e7\u00e3o para Guarda-vidas tempor\u00e1rio\" \/>\n<meta property=\"og:description\" content=\"O munic\u00edpio de S\u00e3o Sebasti\u00e3o, localizado no estado de S\u00e3o Paulo, abriu sele\u00e7\u00e3o para contrata\u00e7\u00e3o de Guarda-Vidas tempor\u00e1rio. Confira!\" \/>\n<meta property=\"og:url\" content=\"https:\/\/www.estrategiaconcursos.com.br\/blog\/sao-sebastiao-selecao-guarda\/\" \/>\n<meta property=\"og:site_name\" content=\"Estrat\u00e9gia Concursos\" \/>\n<meta property=\"article:author\" content=\"https:\/\/www.facebook.com\/EstrategiaConcursos\" \/>\n<meta property=\"article:published_time\" content=\"2021-08-30T20:10:29+00:00\" \/>\n<meta property=\"article:modified_time\" content=\"2021-08-30T20:59:42+00:00\" \/>\n<meta property=\"og:image\" content=\"https:\/\/dhg1h5j42swfq.cloudfront.net\/2021\/08\/30134456\/saiu-edital-1-2.jpg\" \/>\n\t<meta property=\"og:image:width\" content=\"1200\" \/>\n\t<meta property=\"og:image:height\" content=\"628\" \/>\n\t<meta property=\"og:image:type\" content=\"image\/jpeg\" \/>\n<meta name=\"author\" content=\"Coordena\u00e7\u00e3o\" \/>\n<meta name=\"twitter:card\" content=\"summary_large_image\" \/>\n<meta name=\"twitter:creator\" content=\"@EstratConcursos\" \/>\n<meta name=\"twitter:site\" content=\"@EstratConcursos\" \/>\n<meta name=\"twitter:label1\" content=\"Escrito por\" \/>\n\t<meta name=\"twitter:data1\" content=\"Coordena\u00e7\u00e3o\" \/>\n\t<meta name=\"twitter:label2\" content=\"Est. tempo de leitura\" \/>\n\t<meta name=\"twitter:data2\" content=\"3 minutos\" \/>\n<script type=\"application\/ld+json\" class=\"yoast-schema-graph\">{\"@context\":\"https:\/\/schema.org\",\"@graph\":[{\"@type\":\"NewsArticle\",\"@id\":\"https:\/\/www.estrategiaconcursos.com.br\/blog\/sao-sebastiao-selecao-guarda\/#article\",\"isPartOf\":{\"@id\":\"https:\/\/www.estrategiaconcursos.com.br\/blog\/sao-sebastiao-selecao-guarda\/\"},\"author\":{\"name\":\"Coordena\u00e7\u00e3o\",\"@id\":\"https:\/\/www.estrategiaconcursos.com.br\/blog\/#\/schema\/person\/b4a388c97673c5f483d72185668afa1f\"},\"headline\":\"S\u00e3o Sebasti\u00e3o (SP) abre sele\u00e7\u00e3o para Guarda-vidas tempor\u00e1rio\",\"datePublished\":\"2021-08-30T20:10:29+00:00\",\"dateModified\":\"2021-08-30T20:59:42+00:00\",\"mainEntityOfPage\":{\"@id\":\"https:\/\/www.estrategiaconcursos.com.br\/blog\/sao-sebastiao-selecao-guarda\/\"},\"wordCount\":503,\"commentCount\":0,\"publisher\":{\"@id\":\"https:\/\/www.estrategiaconcursos.com.br\/blog\/#organization\"},\"image\":{\"@id\":\"https:\/\/www.estrategiaconcursos.com.br\/blog\/sao-sebastiao-selecao-guarda\/#primaryimage\"},\"thumbnailUrl\":\"https:\/\/dhg1h5j42swfq.cloudfront.net\/2021\/08\/30134456\/saiu-edital-1-2.jpg\",\"articleSection\":[\"Policial (PM\/BM - Pra\u00e7as)\",\"\u00daltimas not\u00edcias\"],\"inLanguage\":\"pt-BR\",\"potentialAction\":[{\"@type\":\"CommentAction\",\"name\":\"Comment\",\"target\":[\"https:\/\/www.estrategiaconcursos.com.br\/blog\/sao-sebastiao-selecao-guarda\/#respond\"]}],\"copyrightYear\":\"2021\",\"copyrightHolder\":{\"@id\":\"https:\/\/www.estrategiaconcursos.com.br\/blog\/#organization\"}},{\"@type\":\"WebPage\",\"@id\":\"https:\/\/www.estrategiaconcursos.com.br\/blog\/sao-sebastiao-selecao-guarda\/\",\"url\":\"https:\/\/www.estrategiaconcursos.com.br\/blog\/sao-sebastiao-selecao-guarda\/\",\"name\":\"S\u00e3o Sebasti\u00e3o (SP) abre sele\u00e7\u00e3o para Guarda-vidas tempor\u00e1rio\",\"isPartOf\":{\"@id\":\"https:\/\/www.estrategiaconcursos.com.br\/blog\/#website\"},\"primaryImageOfPage\":{\"@id\":\"https:\/\/www.estrategiaconcursos.com.br\/blog\/sao-sebastiao-selecao-guarda\/#primaryimage\"},\"image\":{\"@id\":\"https:\/\/www.estrategiaconcursos.com.br\/blog\/sao-sebastiao-selecao-guarda\/#primaryimage\"},\"thumbnailUrl\":\"https:\/\/dhg1h5j42swfq.cloudfront.net\/2021\/08\/30134456\/saiu-edital-1-2.jpg\",\"datePublished\":\"2021-08-30T20:10:29+00:00\",\"dateModified\":\"2021-08-30T20:59:42+00:00\",\"description\":\"O munic\u00edpio de S\u00e3o Sebasti\u00e3o, localizado no estado de S\u00e3o Paulo, abriu sele\u00e7\u00e3o para contrata\u00e7\u00e3o de Guarda-Vidas tempor\u00e1rio. Confira!\",\"breadcrumb\":{\"@id\":\"https:\/\/www.estrategiaconcursos.com.br\/blog\/sao-sebastiao-selecao-guarda\/#breadcrumb\"},\"inLanguage\":\"pt-BR\",\"potentialAction\":[{\"@type\":\"ReadAction\",\"target\":[\"https:\/\/www.estrategiaconcursos.com.br\/blog\/sao-sebastiao-selecao-guarda\/\"]}]},{\"@type\":\"ImageObject\",\"inLanguage\":\"pt-BR\",\"@id\":\"https:\/\/www.estrategiaconcursos.com.br\/blog\/sao-sebastiao-selecao-guarda\/#primaryimage\",\"url\":\"https:\/\/dhg1h5j42swfq.cloudfront.net\/2021\/08\/30134456\/saiu-edital-1-2.jpg\",\"contentUrl\":\"https:\/\/dhg1h5j42swfq.cloudfront.net\/2021\/08\/30134456\/saiu-edital-1-2.jpg\",\"width\":1200,\"height\":628,\"caption\":\"Concurso GHC RS\"},{\"@type\":\"BreadcrumbList\",\"@id\":\"https:\/\/www.estrategiaconcursos.com.br\/blog\/sao-sebastiao-selecao-guarda\/#breadcrumb\",\"itemListElement\":[{\"@type\":\"ListItem\",\"position\":1,\"name\":\"In\u00edcio\",\"item\":\"https:\/\/www.estrategiaconcursos.com.br\/blog\/\"},{\"@type\":\"ListItem\",\"position\":2,\"name\":\"S\u00e3o Sebasti\u00e3o (SP) abre sele\u00e7\u00e3o para Guarda-vidas tempor\u00e1rio\"}]},{\"@type\":\"WebSite\",\"@id\":\"https:\/\/www.estrategiaconcursos.com.br\/blog\/#website\",\"url\":\"https:\/\/www.estrategiaconcursos.com.br\/blog\/\",\"name\":\"Estrat\u00e9gia Concursos\",\"description\":\"O blog da Estrat\u00e9gia Concursos traz not\u00edcias sobre concursos e artigos de professores oferecendo cursos para concursos (pdf + videaulas) no site.\",\"publisher\":{\"@id\":\"https:\/\/www.estrategiaconcursos.com.br\/blog\/#organization\"},\"potentialAction\":[{\"@type\":\"SearchAction\",\"target\":{\"@type\":\"EntryPoint\",\"urlTemplate\":\"https:\/\/www.estrategiaconcursos.com.br\/blog\/?s={search_term_string}\"},\"query-input\":{\"@type\":\"PropertyValueSpecification\",\"valueRequired\":true,\"valueName\":\"search_term_string\"}}],\"inLanguage\":\"pt-BR\"},{\"@type\":\"Organization\",\"@id\":\"https:\/\/www.estrategiaconcursos.com.br\/blog\/#organization\",\"name\":\"Estrat\u00e9gia Concursos\",\"url\":\"https:\/\/www.estrategiaconcursos.com.br\/blog\/\",\"logo\":{\"@type\":\"ImageObject\",\"inLanguage\":\"pt-BR\",\"@id\":\"https:\/\/www.estrategiaconcursos.com.br\/blog\/#\/schema\/logo\/image\/\",\"url\":\"https:\/\/dhg1h5j42swfq.cloudfront.net\/2025\/06\/03203428\/logo_concursos-1.jpg\",\"contentUrl\":\"https:\/\/dhg1h5j42swfq.cloudfront.net\/2025\/06\/03203428\/logo_concursos-1.jpg\",\"width\":230,\"height\":60,\"caption\":\"Estrat\u00e9gia Concursos\"},\"image\":{\"@id\":\"https:\/\/www.estrategiaconcursos.com.br\/blog\/#\/schema\/logo\/image\/\"},\"sameAs\":[\"https:\/\/x.com\/EstratConcursos\"]},{\"@type\":\"Person\",\"@id\":\"https:\/\/www.estrategiaconcursos.com.br\/blog\/#\/schema\/person\/b4a388c97673c5f483d72185668afa1f\",\"name\":\"Coordena\u00e7\u00e3o\",\"image\":{\"@type\":\"ImageObject\",\"inLanguage\":\"pt-BR\",\"@id\":\"https:\/\/secure.gravatar.com\/avatar\/b720319e4c9a967eb58678d110f4fe35452fc5d5f97b202bac7b8acceb18c6ad?s=96&d=mm&r=g\",\"url\":\"https:\/\/secure.gravatar.com\/avatar\/b720319e4c9a967eb58678d110f4fe35452fc5d5f97b202bac7b8acceb18c6ad?s=96&d=mm&r=g\",\"contentUrl\":\"https:\/\/secure.gravatar.com\/avatar\/b720319e4c9a967eb58678d110f4fe35452fc5d5f97b202bac7b8acceb18c6ad?s=96&d=mm&r=g\",\"caption\":\"Coordena\u00e7\u00e3o\"},\"sameAs\":[\"https:\/\/www.facebook.com\/EstrategiaConcursos\",\"https:\/\/x.com\/EstratConcursos\"],\"url\":\"https:\/\/www.estrategiaconcursos.com.br\/blog\/author\/estrategia2013\/\"}]}<\/script>\n<!-- \/ Yoast SEO Premium plugin. -->","yoast_head_json":{"title":"S\u00e3o Sebasti\u00e3o (SP) abre sele\u00e7\u00e3o para Guarda-vidas tempor\u00e1rio","description":"O munic\u00edpio de S\u00e3o Sebasti\u00e3o, localizado no estado de S\u00e3o Paulo, abriu sele\u00e7\u00e3o para contrata\u00e7\u00e3o de Guarda-Vidas tempor\u00e1rio. Confira!","robots":{"index":"index","follow":"follow","max-snippet":"max-snippet:-1","max-image-preview":"max-image-preview:large","max-video-preview":"max-video-preview:-1"},"canonical":"https:\/\/www.estrategiaconcursos.com.br\/blog\/sao-sebastiao-selecao-guarda\/","og_locale":"pt_BR","og_type":"article","og_title":"S\u00e3o Sebasti\u00e3o (SP) abre sele\u00e7\u00e3o para Guarda-vidas tempor\u00e1rio","og_description":"O munic\u00edpio de S\u00e3o Sebasti\u00e3o, localizado no estado de S\u00e3o Paulo, abriu sele\u00e7\u00e3o para contrata\u00e7\u00e3o de Guarda-Vidas tempor\u00e1rio. Confira!","og_url":"https:\/\/www.estrategiaconcursos.com.br\/blog\/sao-sebastiao-selecao-guarda\/","og_site_name":"Estrat\u00e9gia Concursos","article_author":"https:\/\/www.facebook.com\/EstrategiaConcursos","article_published_time":"2021-08-30T20:10:29+00:00","article_modified_time":"2021-08-30T20:59:42+00:00","og_image":[{"width":1200,"height":628,"url":"https:\/\/dhg1h5j42swfq.cloudfront.net\/2021\/08\/30134456\/saiu-edital-1-2.jpg","type":"image\/jpeg"}],"author":"Coordena\u00e7\u00e3o","twitter_card":"summary_large_image","twitter_creator":"@EstratConcursos","twitter_site":"@EstratConcursos","twitter_misc":{"Escrito por":"Coordena\u00e7\u00e3o","Est. tempo de leitura":"3 minutos"},"schema":{"@context":"https:\/\/schema.org","@graph":[{"@type":"NewsArticle","@id":"https:\/\/www.estrategiaconcursos.com.br\/blog\/sao-sebastiao-selecao-guarda\/#article","isPartOf":{"@id":"https:\/\/www.estrategiaconcursos.com.br\/blog\/sao-sebastiao-selecao-guarda\/"},"author":{"name":"Coordena\u00e7\u00e3o","@id":"https:\/\/www.estrategiaconcursos.com.br\/blog\/#\/schema\/person\/b4a388c97673c5f483d72185668afa1f"},"headline":"S\u00e3o Sebasti\u00e3o (SP) abre sele\u00e7\u00e3o para Guarda-vidas tempor\u00e1rio","datePublished":"2021-08-30T20:10:29+00:00","dateModified":"2021-08-30T20:59:42+00:00","mainEntityOfPage":{"@id":"https:\/\/www.estrategiaconcursos.com.br\/blog\/sao-sebastiao-selecao-guarda\/"},"wordCount":503,"commentCount":0,"publisher":{"@id":"https:\/\/www.estrategiaconcursos.com.br\/blog\/#organization"},"image":{"@id":"https:\/\/www.estrategiaconcursos.com.br\/blog\/sao-sebastiao-selecao-guarda\/#primaryimage"},"thumbnailUrl":"https:\/\/dhg1h5j42swfq.cloudfront.net\/2021\/08\/30134456\/saiu-edital-1-2.jpg","articleSection":["Policial (PM\/BM - Pra\u00e7as)","\u00daltimas not\u00edcias"],"inLanguage":"pt-BR","potentialAction":[{"@type":"CommentAction","name":"Comment","target":["https:\/\/www.estrategiaconcursos.com.br\/blog\/sao-sebastiao-selecao-guarda\/#respond"]}],"copyrightYear":"2021","copyrightHolder":{"@id":"https:\/\/www.estrategiaconcursos.com.br\/blog\/#organization"}},{"@type":"WebPage","@id":"https:\/\/www.estrategiaconcursos.com.br\/blog\/sao-sebastiao-selecao-guarda\/","url":"https:\/\/www.estrategiaconcursos.com.br\/blog\/sao-sebastiao-selecao-guarda\/","name":"S\u00e3o Sebasti\u00e3o (SP) abre sele\u00e7\u00e3o para Guarda-vidas tempor\u00e1rio","isPartOf":{"@id":"https:\/\/www.estrategiaconcursos.com.br\/blog\/#website"},"primaryImageOfPage":{"@id":"https:\/\/www.estrategiaconcursos.com.br\/blog\/sao-sebastiao-selecao-guarda\/#primaryimage"},"image":{"@id":"https:\/\/www.estrategiaconcursos.com.br\/blog\/sao-sebastiao-selecao-guarda\/#primaryimage"},"thumbnailUrl":"https:\/\/dhg1h5j42swfq.cloudfront.net\/2021\/08\/30134456\/saiu-edital-1-2.jpg","datePublished":"2021-08-30T20:10:29+00:00","dateModified":"2021-08-30T20:59:42+00:00","description":"O munic\u00edpio de S\u00e3o Sebasti\u00e3o, localizado no estado de S\u00e3o Paulo, abriu sele\u00e7\u00e3o para contrata\u00e7\u00e3o de Guarda-Vidas tempor\u00e1rio. Confira!","breadcrumb":{"@id":"https:\/\/www.estrategiaconcursos.com.br\/blog\/sao-sebastiao-selecao-guarda\/#breadcrumb"},"inLanguage":"pt-BR","potentialAction":[{"@type":"ReadAction","target":["https:\/\/www.estrategiaconcursos.com.br\/blog\/sao-sebastiao-selecao-guarda\/"]}]},{"@type":"ImageObject","inLanguage":"pt-BR","@id":"https:\/\/www.estrategiaconcursos.com.br\/blog\/sao-sebastiao-selecao-guarda\/#primaryimage","url":"https:\/\/dhg1h5j42swfq.cloudfront.net\/2021\/08\/30134456\/saiu-edital-1-2.jpg","contentUrl":"https:\/\/dhg1h5j42swfq.cloudfront.net\/2021\/08\/30134456\/saiu-edital-1-2.jpg","width":1200,"height":628,"caption":"Concurso GHC RS"},{"@type":"BreadcrumbList","@id":"https:\/\/www.estrategiaconcursos.com.br\/blog\/sao-sebastiao-selecao-guarda\/#breadcrumb","itemListElement":[{"@type":"ListItem","position":1,"name":"In\u00edcio","item":"https:\/\/www.estrategiaconcursos.com.br\/blog\/"},{"@type":"ListItem","position":2,"name":"S\u00e3o Sebasti\u00e3o (SP) abre sele\u00e7\u00e3o para Guarda-vidas tempor\u00e1rio"}]},{"@type":"WebSite","@id":"https:\/\/www.estrategiaconcursos.com.br\/blog\/#website","url":"https:\/\/www.estrategiaconcursos.com.br\/blog\/","name":"Estrat\u00e9gia Concursos","description":"O blog da Estrat\u00e9gia Concursos traz not\u00edcias sobre concursos e artigos de professores oferecendo cursos para concursos (pdf + videaulas) no site.","publisher":{"@id":"https:\/\/www.estrategiaconcursos.com.br\/blog\/#organization"},"potentialAction":[{"@type":"SearchAction","target":{"@type":"EntryPoint","urlTemplate":"https:\/\/www.estrategiaconcursos.com.br\/blog\/?s={search_term_string}"},"query-input":{"@type":"PropertyValueSpecification","valueRequired":true,"valueName":"search_term_string"}}],"inLanguage":"pt-BR"},{"@type":"Organization","@id":"https:\/\/www.estrategiaconcursos.com.br\/blog\/#organization","name":"Estrat\u00e9gia Concursos","url":"https:\/\/www.estrategiaconcursos.com.br\/blog\/","logo":{"@type":"ImageObject","inLanguage":"pt-BR","@id":"https:\/\/www.estrategiaconcursos.com.br\/blog\/#\/schema\/logo\/image\/","url":"https:\/\/dhg1h5j42swfq.cloudfront.net\/2025\/06\/03203428\/logo_concursos-1.jpg","contentUrl":"https:\/\/dhg1h5j42swfq.cloudfront.net\/2025\/06\/03203428\/logo_concursos-1.jpg","width":230,"height":60,"caption":"Estrat\u00e9gia Concursos"},"image":{"@id":"https:\/\/www.estrategiaconcursos.com.br\/blog\/#\/schema\/logo\/image\/"},"sameAs":["https:\/\/x.com\/EstratConcursos"]},{"@type":"Person","@id":"https:\/\/www.estrategiaconcursos.com.br\/blog\/#\/schema\/person\/b4a388c97673c5f483d72185668afa1f","name":"Coordena\u00e7\u00e3o","image":{"@type":"ImageObject","inLanguage":"pt-BR","@id":"https:\/\/secure.gravatar.com\/avatar\/b720319e4c9a967eb58678d110f4fe35452fc5d5f97b202bac7b8acceb18c6ad?s=96&d=mm&r=g","url":"https:\/\/secure.gravatar.com\/avatar\/b720319e4c9a967eb58678d110f4fe35452fc5d5f97b202bac7b8acceb18c6ad?s=96&d=mm&r=g","contentUrl":"https:\/\/secure.gravatar.com\/avatar\/b720319e4c9a967eb58678d110f4fe35452fc5d5f97b202bac7b8acceb18c6ad?s=96&d=mm&r=g","caption":"Coordena\u00e7\u00e3o"},"sameAs":["https:\/\/www.facebook.com\/EstrategiaConcursos","https:\/\/x.com\/EstratConcursos"],"url":"https:\/\/www.estrategiaconcursos.com.br\/blog\/author\/estrategia2013\/"}]}},"_links":{"self":[{"href":"https:\/\/www.estrategiaconcursos.com.br\/blog\/wp-json\/wp\/v2\/posts\/849315","targetHints":{"allow":["GET"]}}],"collection":[{"href":"https:\/\/www.estrategiaconcursos.com.br\/blog\/wp-json\/wp\/v2\/posts"}],"about":[{"href":"https:\/\/www.estrategiaconcursos.com.br\/blog\/wp-json\/wp\/v2\/types\/post"}],"author":[{"embeddable":true,"href":"https:\/\/www.estrategiaconcursos.com.br\/blog\/wp-json\/wp\/v2\/users\/1"}],"replies":[{"embeddable":true,"href":"https:\/\/www.estrategiaconcursos.com.br\/blog\/wp-json\/wp\/v2\/comments?post=849315"}],"version-history":[{"count":5,"href":"https:\/\/www.estrategiaconcursos.com.br\/blog\/wp-json\/wp\/v2\/posts\/849315\/revisions"}],"predecessor-version":[{"id":849430,"href":"https:\/\/www.estrategiaconcursos.com.br\/blog\/wp-json\/wp\/v2\/posts\/849315\/revisions\/849430"}],"wp:featuredmedia":[{"embeddable":true,"href":"https:\/\/www.estrategiaconcursos.com.br\/blog\/wp-json\/wp\/v2\/media\/849055"}],"wp:attachment":[{"href":"https:\/\/www.estrategiaconcursos.com.br\/blog\/wp-json\/wp\/v2\/media?parent=849315"}],"wp:term":[{"taxonomy":"category","embeddable":true,"href":"https:\/\/www.estrategiaconcursos.com.br\/blog\/wp-json\/wp\/v2\/categories?post=849315"},{"taxonomy":"post_tag","embeddable":true,"href":"https:\/\/www.estrategiaconcursos.com.br\/blog\/wp-json\/wp\/v2\/tags?post=849315"},{"taxonomy":"tax_estado","embeddable":true,"href":"https:\/\/www.estrategiaconcursos.com.br\/blog\/wp-json\/wp\/v2\/tax_estado?post=849315"}],"curies":[{"name":"wp","href":"https:\/\/api.w.org\/{rel}","templated":true}]}}