{"id":849170,"date":"2021-09-01T10:00:00","date_gmt":"2021-09-01T13:00:00","guid":{"rendered":"https:\/\/www.estrategiaconcursos.com.br\/blog\/?p=849170"},"modified":"2021-08-31T10:46:45","modified_gmt":"2021-08-31T13:46:45","slug":"concurso-sefaz-rr-curso-de-formacao","status":"publish","type":"post","link":"https:\/\/www.estrategiaconcursos.com.br\/blog\/concurso-sefaz-rr-curso-de-formacao\/","title":{"rendered":"Concurso SEFAZ RR: Como ser\u00e1 o Curso de Forma\u00e7\u00e3o?"},"content":{"rendered":"\n<p>O curso de forma\u00e7\u00e3o profissional \u00e9, no concurso para a Secretaria da Fazenda do estado de Roraima, SEFAZ RR, de car\u00e1ter eliminat\u00f3rio e classificat\u00f3rio. Al\u00e9m dele, s\u00f3 \u00e9 etapa da sele\u00e7\u00e3o uma prova objetiva de mesma finalidade.<\/p>\n\n\n\n<p>Nesse sentido, ser\u00e3o convocados para o curso de forma\u00e7\u00e3o profissional os candidatos aprovados na prova objetiva e classificados at\u00e9 a <a href=\"https:\/\/www.estrategiaconcursos.com.br\/blog\/sefaz-rr-aprovados-convocados\/\" target=\"_blank\" rel=\"noreferrer noopener\">posi\u00e7\u00e3o especificada<\/a> no quadro a seguir:<\/p>\n\n\n\n<figure class=\"wp-block-table is-style-stripes\"><table class=\"has-text-color has-fixed-layout\" style=\"color:#995dd1\"><thead><tr><th class=\"has-text-align-center\" data-align=\"center\">Candidatos \u00e0 ampla concorr\u00eancia<\/th><th class=\"has-text-align-center\" data-align=\"center\">Candidatos \u00e0s vagas reservadas PcD<\/th><\/tr><\/thead><tbody><tr><td class=\"has-text-align-center\" data-align=\"center\">40\u00aa<\/td><td class=\"has-text-align-center\" data-align=\"center\">5\u00aa<\/td><\/tr><\/tbody><\/table><\/figure>\n\n\n\n<p>Quem se enquadrar em tal classifica\u00e7\u00e3o dever\u00e1 cumprir participa\u00e7\u00e3o de carga hor\u00e1ria de <strong>88 horas <\/strong>e dura\u00e7\u00e3o m\u00e1xima de&nbsp;<strong>tr\u00eas semanas<\/strong>, podendo ser desenvolvido em todos os per\u00edodos comerciais e em todos os dias da semana.<\/p>\n\n\n\n<h3 class=\"wp-block-heading\">SEFAZ RR | Conte\u00fado program\u00e1tico do curso de forma\u00e7\u00e3o<\/h3>\n\n\n\n<ul class=\"wp-block-list\"><li>Direito Tribut\u00e1rio e Direito Penal \u2013 carga hor\u00e1ria total de 24 horas: Abordagem gen\u00e9rica do Direito Tribut\u00e1rio Brasileiro, com \u00eanfase na compet\u00eancia tribut\u00e1ria estadual e Direito Tribut\u00e1rio Penal, com \u00eanfase nos crimes contra a ordem tribut\u00e1ria;<\/li><li>Legisla\u00e7\u00e3o Tribut\u00e1ria 1 \u2013 carga hor\u00e1ria total de 24 horas: Abordagem da Legisla\u00e7\u00e3o Tribut\u00e1ria Estadual, com \u00eanfase nos documentos eletr\u00f4nicos e sistema de escritura\u00e7\u00e3o digital (NFe, CTe, MDFe, BPe, NF3e e SPED);<\/li><li>Legisla\u00e7\u00e3o Tribut\u00e1ria 2 e Contabilidade Geral \u2013 carga hor\u00e1ria total de 24 horas: Abordagem da Legisla\u00e7\u00e3o Tribut\u00e1ria com \u00eanfase nos dispositivos legais da a\u00e7\u00e3o fiscal (art. 840 a 906 do RICMS-RR) e contabilidade com \u00eanfase em auditoria fiscal e tribut\u00e1ria;<\/li><li>Administra\u00e7\u00e3o P\u00fablica \u2013 carga hor\u00e1ria total de 16 horas: Abordagem do Regime Jur\u00eddico do Grupo TAF (LC 008\/94), LC 053\/2001, Estrutura Organizacional da SEFAZ-RR (Regimento Interno da SEFAZ-RR), Lei 072\/94 (Contencioso Administrativo Fiscal), Lei 773\/2010 (Corregedoria Fazend\u00e1ria) e \u00e9tica no servi\u00e7o p\u00fablico.<\/li><\/ul>\n\n\n\n<h3 class=\"wp-block-heading\">SEFAZ RR | Da matr\u00edcula no curso de forma\u00e7\u00e3o<\/h3>\n\n\n\n<p>Para a matr\u00edcula no curso de forma\u00e7\u00e3o profissional, os candidatos dever\u00e3o <a href=\"https:\/\/www.cebraspe.org.br\/concursos\/sefaz_rr_21\" target=\"_blank\" rel=\"noreferrer noopener\">enviar<\/a> a imagem da documenta\u00e7\u00e3o relacionada a seguir.<\/p>\n\n\n\n<ul class=\"wp-block-list\"><li><strong>a) <\/strong>comprova\u00e7\u00e3o do requisito, por meio da apresenta\u00e7\u00e3o de:<ul><li><strong>I &#8211; <\/strong>diploma, devidamente registrado, de conclus\u00e3o de curso superior em n\u00edvel de gradua\u00e7\u00e3o, fornecido por institui\u00e7\u00e3o de ensino superior reconhecida pelo Minist\u00e9rio da Educa\u00e7\u00e3o (MEC);<\/li><li><strong>II &#8211;<\/strong> certificado\/declara\u00e7\u00e3o de conclus\u00e3o de curso superior em n\u00edvel de gradua\u00e7\u00e3o, expedido por institui\u00e7\u00e3o de ensino superior reconhecida pelo MEC; ou<\/li><li><strong>III &#8211;<\/strong> declara\u00e7\u00e3o, expedida por institui\u00e7\u00e3o de ensino superior reconhecida pelo MEC, de que o candidato ter\u00e1 condi\u00e7\u00f5es de implementar o requisito de escolaridade at\u00e9 o \u00faltimo dia do curso de forma\u00e7\u00e3o profissional;<\/li><\/ul><\/li><li><strong>b) <\/strong>documento de identidade;<\/li><li><strong>c) <\/strong>t\u00edtulo de eleitor com comprovante de vota\u00e7\u00e3o na \u00faltima elei\u00e7\u00e3o e (ou) justificativa de n\u00e3o-vota\u00e7\u00e3o, em ambos os turnos, se for o caso;<\/li><li><strong>d) <\/strong>CPF;<\/li><li><strong>e) <\/strong>comprovante de quita\u00e7\u00e3o com as obriga\u00e7\u00f5es militares, para os candidatos do sexo masculino;<\/li><li><strong>f)<\/strong> comprova\u00e7\u00e3o de haver sido ou n\u00e3o indiciado em inqu\u00e9rito policial (Pol\u00edcia Federal e Pol\u00edcia Civil Estadual) do(s) estado(s) onde teve domic\u00edlio e resid\u00eancia nos \u00faltimos cinco anos.<\/li><\/ul>\n\n\n\n<div class=\"wp-block-image\"><figure class=\"aligncenter\"><img decoding=\"async\" src=\"https:\/\/admin.folhadirigida.com.br\/filemanager\/files\/noticias\/Fotos\/Sefaz_RR_Foto_Secom_RR.jpg\" alt=\"sefaz rr curso forma\u00e7\u00e3o\"\/><figcaption>Fonte: Edif\u00edcio SEFAZ RR | Imagem de divulga\u00e7\u00e3o<\/figcaption><\/figure><\/div>\n\n\n\n<h3 class=\"wp-block-heading\">SEFAZ RR | Nota final no curso de forma\u00e7\u00e3o<\/h3>\n\n\n\n<p>Ser\u00e1 aplicada, ao final no curso de forma\u00e7\u00e3o profissional, outra prova objetiva, de car\u00e1ter eliminat\u00f3rio e classificat\u00f3rio, com at\u00e9 70 quest\u00f5es de m\u00faltipla escolha, as quais versar\u00e3o sobre os conte\u00fados de cada uma das disciplinas abordados no curso.<\/p>\n\n\n\n<p>Ademais, o candidato que tiver presen\u00e7a inferior a <strong>75% de frequ\u00eancia <\/strong>ou obtiver apenas <strong>30% de acertos<\/strong> na prova objetiva ser\u00e1 preliminarmente indeferido.<\/p>\n\n\n\n<p>Por fim, a nota final no concurso ser\u00e1 a igual a soma da nota final nas provas objetivas (NFPO) e da nota final no curso de forma\u00e7\u00e3o profissional (NFCFP).<\/p>\n\n\n\n<h3 class=\"wp-block-heading\">SEFAZ RR | Mais informa\u00e7\u00f5es sobre o concurso<\/h3>\n\n\n\n<p>Com inscri\u00e7\u00f5es abertas at\u00e9 o dia 24 de setembro, o processo seletivo da SEFAZ RR visa preenchimento de 20 vagas imediatas, bem como forma\u00e7\u00e3o de cadastro de reserva para a fun\u00e7\u00e3o de  <strong>Auditor Fiscal de Tributos Estaduais<\/strong>.<\/p>\n\n\n\n<p>O cargo de jornada de trabalho de 40 horas semanais corresponde a sal\u00e1rio de R$ 2. 412,97 <strong>Mas n\u00e3o se engane!<\/strong>&nbsp;A remunera\u00e7\u00e3o real \u00e9 bem maior,&nbsp;<strong>alcan\u00e7ando os R$ 20 mil<\/strong> (transpar\u00eancia).<\/p>\n\n\n\n<p class=\"has-text-align-center\"><em>Para ficar por dentro de todos os demais detalhes acerca do certame SEFAZ RR (edital, curso de forma\u00e7\u00e3o e atualiza\u00e7\u00f5es fresquinhas), confira um artigo completo, de f\u00e1cil compreens\u00e3o, que elaboramos EXCLUSIVAMENTE para voc\u00ea<\/em>:<\/p>\n\n\n\n<p class=\"has-text-align-center has-background\" style=\"background-color:#d8c6e9;font-size:clamp(14.642px, 0.915rem + ((1vw - 3.2px) * 0.721), 22px);\"><strong>Leia tamb\u00e9m: <a href=\"https:\/\/www.estrategiaconcursos.com.br\/blog\/concurso-sefaz-rr\/\" target=\"_blank\" rel=\"noreferrer noopener\">Concurso SEFAZ RR<\/a><\/strong><\/p>\n\n\n\n<div class=\"wp-block-image\"><figure class=\"aligncenter size-full is-resized\"><img loading=\"lazy\" decoding=\"async\" src=\"https:\/\/dhg1h5j42swfq.cloudfront.net\/2020\/12\/11172928\/logo_estrategia_concursos.png\" alt=\"\" class=\"wp-image-629128\" width=\"50\" height=\"99\" srcset=\"https:\/\/dhg1h5j42swfq.cloudfront.net\/2020\/12\/11172928\/logo_estrategia_concursos.png 200w, https:\/\/dhg1h5j42swfq.cloudfront.net\/2020\/12\/11172928\/logo_estrategia_concursos-151x300.png 151w\" sizes=\"auto, (max-width: 50px) 100vw, 50px\" \/><\/figure><\/div>\n\n\n\n<h2 class=\"has-text-align-center wp-block-heading\" id=\"h-cursos-e-assinaturas\">Cursos e Assinaturas:<\/h2>\n\n\n\n<div class=\"container\" id=\"boxes\">\n  <div class=\"row\">\n\n    <div class=\"col-sm\">\n      <div class=\"banner-fiscal-01\" id=\"box-assinatura\">\n        <h3 class=\"titulo-assinatura\">Carreiras Fiscais<\/h3>\n        <p class=\"subtitulo-assinatura\">Estude conosco<\/p>\n        <div class=\"box-botao\">\n          <a class=\"btn-assinatura\" target=\"_blank\" href=\"https:\/\/www.estrategiaconcursos.com.br\/cursosPorConcurso\/secretaria-da-fazenda-do-estado-de-roraima-sefaz-rr\/\" role=\"button\" rel=\"noopener noreferrer\">Concurso SEFAZ RR<\/a>\n        <\/div>\n      <\/div>\n      \n    <\/div>\n\n  <\/div>\n<\/div>\n\n\n\n<div class=\"container\" id=\"boxes\">\n  <div class=\"row\">\n\n    <div class=\"col-sm\">\n      <div class=\"estrategia\" id=\"box-assinatura\">\n        <h3 class=\"titulo-assinatura\">Assinatura Concursos<\/h3>\n        <p class=\"subtitulo-assinatura\">Assinatura de 1 ano ou 2 anos<\/p>\n        <div class=\"box-botao\">\n          <a class=\"btn-assinatura\" target=\"_blank\" href=\"https:\/\/www.estrategiaconcursos.com.br\/assinaturas\/\" role=\"button\" rel=\"noopener noreferrer\">ASSINE AGORA<\/a>\n        <\/div>\n      <\/div><\/div><\/div><\/div>\n\n\n\n<div class=\"container\" id=\"boxes\">\n  <div class=\"row\">\n\n    <div class=\"col-sm\" id=\"boxes-concursos\">\n      <div style=\"background-color: #005DAD;\" class=\"conteudo-concursos\" id=\"box-concursos\">\n        <h3 class=\"titulo-assinatura\">Concursos Abertos<\/h3>\n        <p class=\"subtitulo-assinatura\">Confira os editais publicados<\/p>\n        <div class=\"box-botao\">\n          <a class=\"btn-assinatura\" target=\"_blank\" href=\"https:\/\/www.estrategiaconcursos.com.br\/blog\/concursos-abertos\/\" role=\"button\" rel=\"noopener noreferrer\">Conhe\u00e7a Agora<\/a>\n        <\/div>\n      <\/div>\n    <\/div>\n\n    <div class=\"col-sm\" id=\"boxes-concursos\">\n      <div style=\"background-color: #1A7ED5;\" class=\"conteudo-concursos\" id=\"box-concursos\">\n        <h3 class=\"titulo-assinatura\">Concursos 2021<\/h3>\n        <p class=\"subtitulo-assinatura\">As oportunidades previstas<\/p>\n        <div class=\"box-botao\">\n          <a class=\"btn-assinatura\" target=\"_blank\" href=\"https:\/\/www.estrategiaconcursos.com.br\/blog\/concursos-2021\/\" role=\"button\" rel=\"noopener noreferrer\">Conhe\u00e7a Agora<\/a>\n        <\/div>\n      <\/div>\n    <\/div>\n\n    <div class=\"col-sm\" id=\"boxes-concursos\">\n      <div style=\"background-color: #419FF0;\" class=\"conteudo-concursos\" id=\"box-concursos\">\n        <h3 class=\"titulo-assinatura\">Concursos 2022<\/h3>\n        <p class=\"subtitulo-assinatura\">Vagas para o pr\u00f3ximo ano<\/p>\n        <div class=\"box-botao\">\n          <a class=\"btn-assinatura\" target=\"_blank\" href=\"https:\/\/www.estrategiaconcursos.com.br\/blog\/concursos-2022\/\" role=\"button\" rel=\"noopener noreferrer\">Conhe\u00e7a Agora<\/a>\n        <\/div>\n      <\/div>\n    <\/div>\n\n  <\/div>\n<\/div>\n","protected":false},"excerpt":{"rendered":"<p>O curso de forma\u00e7\u00e3o profissional \u00e9, no concurso para a Secretaria da Fazenda do estado de Roraima, SEFAZ RR, de car\u00e1ter eliminat\u00f3rio e classificat\u00f3rio. Al\u00e9m dele, s\u00f3 \u00e9 etapa da sele\u00e7\u00e3o uma prova objetiva de mesma finalidade. Nesse sentido, ser\u00e3o convocados para o curso de forma\u00e7\u00e3o profissional os candidatos aprovados na prova objetiva e classificados [&hellip;]<\/p>\n","protected":false},"author":2099,"featured_media":849277,"comment_status":"open","ping_status":"closed","sticky":false,"template":"","format":"standard","meta":{"post_tipo":"news","footnotes":""},"categories":[1983,220219],"tags":[],"tax_estado":[219985],"class_list":["post-849170","post","type-post","status-publish","format-standard","has-post-thumbnail","hentry","category-fiscal-estadual","category-noticias","tax_estado-rr"],"acf":[],"yoast_head":"<!-- This site is optimized with the Yoast SEO Premium plugin v27.2 (Yoast SEO v27.2) - https:\/\/yoast.com\/product\/yoast-seo-premium-wordpress\/ -->\n<title>Concurso SEFAZ RR: Como ser\u00e1 o Curso de Forma\u00e7\u00e3o?<\/title>\n<meta name=\"description\" content=\"O curso de forma\u00e7\u00e3o profissional \u00e9, no concurso para a SEFAZ RR, de car\u00e1ter eliminat\u00f3rio\/classificat\u00f3rio. Acesse esse artigo para saber mais!\" \/>\n<meta name=\"robots\" content=\"index, follow, max-snippet:-1, max-image-preview:large, max-video-preview:-1\" \/>\n<link rel=\"canonical\" href=\"https:\/\/www.estrategiaconcursos.com.br\/blog\/concurso-sefaz-rr-curso-de-formacao\/\" \/>\n<meta property=\"og:locale\" content=\"pt_BR\" \/>\n<meta property=\"og:type\" content=\"article\" \/>\n<meta property=\"og:title\" content=\"Concurso SEFAZ RR: Como ser\u00e1 o Curso de Forma\u00e7\u00e3o?\" \/>\n<meta property=\"og:description\" content=\"O curso de forma\u00e7\u00e3o profissional \u00e9, no concurso para a SEFAZ RR, de car\u00e1ter eliminat\u00f3rio\/classificat\u00f3rio. Acesse esse artigo para saber mais!\" \/>\n<meta property=\"og:url\" content=\"https:\/\/www.estrategiaconcursos.com.br\/blog\/concurso-sefaz-rr-curso-de-formacao\/\" \/>\n<meta property=\"og:site_name\" content=\"Estrat\u00e9gia Concursos\" \/>\n<meta property=\"article:published_time\" content=\"2021-09-01T13:00:00+00:00\" \/>\n<meta property=\"og:image\" content=\"https:\/\/dhg1h5j42swfq.cloudfront.net\/2021\/09\/30162023\/sefaz-rr.png\" \/>\n\t<meta property=\"og:image:width\" content=\"1200\" \/>\n\t<meta property=\"og:image:height\" content=\"628\" \/>\n\t<meta property=\"og:image:type\" content=\"image\/png\" \/>\n<meta name=\"author\" content=\"Elo\u00edsa da Rosa Ferro\" \/>\n<meta name=\"twitter:card\" content=\"summary_large_image\" \/>\n<meta name=\"twitter:creator\" content=\"@EstratConcursos\" \/>\n<meta name=\"twitter:site\" content=\"@EstratConcursos\" \/>\n<meta name=\"twitter:label1\" content=\"Escrito por\" \/>\n\t<meta name=\"twitter:data1\" content=\"Elo\u00edsa da Rosa Ferro\" \/>\n\t<meta name=\"twitter:label2\" content=\"Est. tempo de leitura\" \/>\n\t<meta name=\"twitter:data2\" content=\"4 minutos\" \/>\n<script type=\"application\/ld+json\" class=\"yoast-schema-graph\">{\"@context\":\"https:\/\/schema.org\",\"@graph\":[{\"@type\":\"NewsArticle\",\"@id\":\"https:\/\/www.estrategiaconcursos.com.br\/blog\/concurso-sefaz-rr-curso-de-formacao\/#article\",\"isPartOf\":{\"@id\":\"https:\/\/www.estrategiaconcursos.com.br\/blog\/concurso-sefaz-rr-curso-de-formacao\/\"},\"author\":{\"name\":\"Elo\u00edsa da Rosa Ferro\",\"@id\":\"https:\/\/www.estrategiaconcursos.com.br\/blog\/#\/schema\/person\/57d9394bb68400dbec62ff8a943ab201\"},\"headline\":\"Concurso SEFAZ RR: Como ser\u00e1 o Curso de Forma\u00e7\u00e3o?\",\"datePublished\":\"2021-09-01T13:00:00+00:00\",\"mainEntityOfPage\":{\"@id\":\"https:\/\/www.estrategiaconcursos.com.br\/blog\/concurso-sefaz-rr-curso-de-formacao\/\"},\"wordCount\":821,\"commentCount\":0,\"publisher\":{\"@id\":\"https:\/\/www.estrategiaconcursos.com.br\/blog\/#organization\"},\"image\":{\"@id\":\"https:\/\/www.estrategiaconcursos.com.br\/blog\/concurso-sefaz-rr-curso-de-formacao\/#primaryimage\"},\"thumbnailUrl\":\"https:\/\/dhg1h5j42swfq.cloudfront.net\/2021\/09\/30162023\/sefaz-rr.png\",\"articleSection\":[\"Fiscal - Estadual (ICMS)\",\"\u00daltimas not\u00edcias\"],\"inLanguage\":\"pt-BR\",\"potentialAction\":[{\"@type\":\"CommentAction\",\"name\":\"Comment\",\"target\":[\"https:\/\/www.estrategiaconcursos.com.br\/blog\/concurso-sefaz-rr-curso-de-formacao\/#respond\"]}],\"copyrightYear\":\"2021\",\"copyrightHolder\":{\"@id\":\"https:\/\/www.estrategiaconcursos.com.br\/blog\/#organization\"}},{\"@type\":\"WebPage\",\"@id\":\"https:\/\/www.estrategiaconcursos.com.br\/blog\/concurso-sefaz-rr-curso-de-formacao\/\",\"url\":\"https:\/\/www.estrategiaconcursos.com.br\/blog\/concurso-sefaz-rr-curso-de-formacao\/\",\"name\":\"Concurso SEFAZ RR: Como ser\u00e1 o Curso de Forma\u00e7\u00e3o?\",\"isPartOf\":{\"@id\":\"https:\/\/www.estrategiaconcursos.com.br\/blog\/#website\"},\"primaryImageOfPage\":{\"@id\":\"https:\/\/www.estrategiaconcursos.com.br\/blog\/concurso-sefaz-rr-curso-de-formacao\/#primaryimage\"},\"image\":{\"@id\":\"https:\/\/www.estrategiaconcursos.com.br\/blog\/concurso-sefaz-rr-curso-de-formacao\/#primaryimage\"},\"thumbnailUrl\":\"https:\/\/dhg1h5j42swfq.cloudfront.net\/2021\/09\/30162023\/sefaz-rr.png\",\"datePublished\":\"2021-09-01T13:00:00+00:00\",\"description\":\"O curso de forma\u00e7\u00e3o profissional \u00e9, no concurso para a SEFAZ RR, de car\u00e1ter eliminat\u00f3rio\/classificat\u00f3rio. Acesse esse artigo para saber mais!\",\"breadcrumb\":{\"@id\":\"https:\/\/www.estrategiaconcursos.com.br\/blog\/concurso-sefaz-rr-curso-de-formacao\/#breadcrumb\"},\"inLanguage\":\"pt-BR\",\"potentialAction\":[{\"@type\":\"ReadAction\",\"target\":[\"https:\/\/www.estrategiaconcursos.com.br\/blog\/concurso-sefaz-rr-curso-de-formacao\/\"]}]},{\"@type\":\"ImageObject\",\"inLanguage\":\"pt-BR\",\"@id\":\"https:\/\/www.estrategiaconcursos.com.br\/blog\/concurso-sefaz-rr-curso-de-formacao\/#primaryimage\",\"url\":\"https:\/\/dhg1h5j42swfq.cloudfront.net\/2021\/09\/30162023\/sefaz-rr.png\",\"contentUrl\":\"https:\/\/dhg1h5j42swfq.cloudfront.net\/2021\/09\/30162023\/sefaz-rr.png\",\"width\":1200,\"height\":628,\"caption\":\"Concurso Sefaz RR resultado definitivo\"},{\"@type\":\"BreadcrumbList\",\"@id\":\"https:\/\/www.estrategiaconcursos.com.br\/blog\/concurso-sefaz-rr-curso-de-formacao\/#breadcrumb\",\"itemListElement\":[{\"@type\":\"ListItem\",\"position\":1,\"name\":\"In\u00edcio\",\"item\":\"https:\/\/www.estrategiaconcursos.com.br\/blog\/\"},{\"@type\":\"ListItem\",\"position\":2,\"name\":\"Concurso SEFAZ RR: Como ser\u00e1 o Curso de Forma\u00e7\u00e3o?\"}]},{\"@type\":\"WebSite\",\"@id\":\"https:\/\/www.estrategiaconcursos.com.br\/blog\/#website\",\"url\":\"https:\/\/www.estrategiaconcursos.com.br\/blog\/\",\"name\":\"Estrat\u00e9gia Concursos\",\"description\":\"O blog da Estrat\u00e9gia Concursos traz not\u00edcias sobre concursos e artigos de professores oferecendo cursos para concursos (pdf + videaulas) no site.\",\"publisher\":{\"@id\":\"https:\/\/www.estrategiaconcursos.com.br\/blog\/#organization\"},\"potentialAction\":[{\"@type\":\"SearchAction\",\"target\":{\"@type\":\"EntryPoint\",\"urlTemplate\":\"https:\/\/www.estrategiaconcursos.com.br\/blog\/?s={search_term_string}\"},\"query-input\":{\"@type\":\"PropertyValueSpecification\",\"valueRequired\":true,\"valueName\":\"search_term_string\"}}],\"inLanguage\":\"pt-BR\"},{\"@type\":\"Organization\",\"@id\":\"https:\/\/www.estrategiaconcursos.com.br\/blog\/#organization\",\"name\":\"Estrat\u00e9gia Concursos\",\"url\":\"https:\/\/www.estrategiaconcursos.com.br\/blog\/\",\"logo\":{\"@type\":\"ImageObject\",\"inLanguage\":\"pt-BR\",\"@id\":\"https:\/\/www.estrategiaconcursos.com.br\/blog\/#\/schema\/logo\/image\/\",\"url\":\"https:\/\/dhg1h5j42swfq.cloudfront.net\/2025\/06\/03203428\/logo_concursos-1.jpg\",\"contentUrl\":\"https:\/\/dhg1h5j42swfq.cloudfront.net\/2025\/06\/03203428\/logo_concursos-1.jpg\",\"width\":230,\"height\":60,\"caption\":\"Estrat\u00e9gia Concursos\"},\"image\":{\"@id\":\"https:\/\/www.estrategiaconcursos.com.br\/blog\/#\/schema\/logo\/image\/\"},\"sameAs\":[\"https:\/\/x.com\/EstratConcursos\"]},{\"@type\":\"Person\",\"@id\":\"https:\/\/www.estrategiaconcursos.com.br\/blog\/#\/schema\/person\/57d9394bb68400dbec62ff8a943ab201\",\"name\":\"Elo\u00edsa da Rosa Ferro\",\"image\":{\"@type\":\"ImageObject\",\"inLanguage\":\"pt-BR\",\"@id\":\"https:\/\/secure.gravatar.com\/avatar\/?s=96&d=mm&r=g\",\"url\":\"https:\/\/secure.gravatar.com\/avatar\/?s=96&d=mm&r=g\",\"contentUrl\":\"https:\/\/secure.gravatar.com\/avatar\/?s=96&d=mm&r=g\",\"caption\":\"Elo\u00edsa da Rosa Ferro\"},\"url\":\"https:\/\/www.estrategiaconcursos.com.br\/blog\/author\/eloisa-ferro\/\"}]}<\/script>\n<!-- \/ Yoast SEO Premium plugin. -->","yoast_head_json":{"title":"Concurso SEFAZ RR: Como ser\u00e1 o Curso de Forma\u00e7\u00e3o?","description":"O curso de forma\u00e7\u00e3o profissional \u00e9, no concurso para a SEFAZ RR, de car\u00e1ter eliminat\u00f3rio\/classificat\u00f3rio. Acesse esse artigo para saber mais!","robots":{"index":"index","follow":"follow","max-snippet":"max-snippet:-1","max-image-preview":"max-image-preview:large","max-video-preview":"max-video-preview:-1"},"canonical":"https:\/\/www.estrategiaconcursos.com.br\/blog\/concurso-sefaz-rr-curso-de-formacao\/","og_locale":"pt_BR","og_type":"article","og_title":"Concurso SEFAZ RR: Como ser\u00e1 o Curso de Forma\u00e7\u00e3o?","og_description":"O curso de forma\u00e7\u00e3o profissional \u00e9, no concurso para a SEFAZ RR, de car\u00e1ter eliminat\u00f3rio\/classificat\u00f3rio. Acesse esse artigo para saber mais!","og_url":"https:\/\/www.estrategiaconcursos.com.br\/blog\/concurso-sefaz-rr-curso-de-formacao\/","og_site_name":"Estrat\u00e9gia Concursos","article_published_time":"2021-09-01T13:00:00+00:00","og_image":[{"width":1200,"height":628,"url":"https:\/\/dhg1h5j42swfq.cloudfront.net\/2021\/09\/30162023\/sefaz-rr.png","type":"image\/png"}],"author":"Elo\u00edsa da Rosa Ferro","twitter_card":"summary_large_image","twitter_creator":"@EstratConcursos","twitter_site":"@EstratConcursos","twitter_misc":{"Escrito por":"Elo\u00edsa da Rosa Ferro","Est. tempo de leitura":"4 minutos"},"schema":{"@context":"https:\/\/schema.org","@graph":[{"@type":"NewsArticle","@id":"https:\/\/www.estrategiaconcursos.com.br\/blog\/concurso-sefaz-rr-curso-de-formacao\/#article","isPartOf":{"@id":"https:\/\/www.estrategiaconcursos.com.br\/blog\/concurso-sefaz-rr-curso-de-formacao\/"},"author":{"name":"Elo\u00edsa da Rosa Ferro","@id":"https:\/\/www.estrategiaconcursos.com.br\/blog\/#\/schema\/person\/57d9394bb68400dbec62ff8a943ab201"},"headline":"Concurso SEFAZ RR: Como ser\u00e1 o Curso de Forma\u00e7\u00e3o?","datePublished":"2021-09-01T13:00:00+00:00","mainEntityOfPage":{"@id":"https:\/\/www.estrategiaconcursos.com.br\/blog\/concurso-sefaz-rr-curso-de-formacao\/"},"wordCount":821,"commentCount":0,"publisher":{"@id":"https:\/\/www.estrategiaconcursos.com.br\/blog\/#organization"},"image":{"@id":"https:\/\/www.estrategiaconcursos.com.br\/blog\/concurso-sefaz-rr-curso-de-formacao\/#primaryimage"},"thumbnailUrl":"https:\/\/dhg1h5j42swfq.cloudfront.net\/2021\/09\/30162023\/sefaz-rr.png","articleSection":["Fiscal - Estadual (ICMS)","\u00daltimas not\u00edcias"],"inLanguage":"pt-BR","potentialAction":[{"@type":"CommentAction","name":"Comment","target":["https:\/\/www.estrategiaconcursos.com.br\/blog\/concurso-sefaz-rr-curso-de-formacao\/#respond"]}],"copyrightYear":"2021","copyrightHolder":{"@id":"https:\/\/www.estrategiaconcursos.com.br\/blog\/#organization"}},{"@type":"WebPage","@id":"https:\/\/www.estrategiaconcursos.com.br\/blog\/concurso-sefaz-rr-curso-de-formacao\/","url":"https:\/\/www.estrategiaconcursos.com.br\/blog\/concurso-sefaz-rr-curso-de-formacao\/","name":"Concurso SEFAZ RR: Como ser\u00e1 o Curso de Forma\u00e7\u00e3o?","isPartOf":{"@id":"https:\/\/www.estrategiaconcursos.com.br\/blog\/#website"},"primaryImageOfPage":{"@id":"https:\/\/www.estrategiaconcursos.com.br\/blog\/concurso-sefaz-rr-curso-de-formacao\/#primaryimage"},"image":{"@id":"https:\/\/www.estrategiaconcursos.com.br\/blog\/concurso-sefaz-rr-curso-de-formacao\/#primaryimage"},"thumbnailUrl":"https:\/\/dhg1h5j42swfq.cloudfront.net\/2021\/09\/30162023\/sefaz-rr.png","datePublished":"2021-09-01T13:00:00+00:00","description":"O curso de forma\u00e7\u00e3o profissional \u00e9, no concurso para a SEFAZ RR, de car\u00e1ter eliminat\u00f3rio\/classificat\u00f3rio. Acesse esse artigo para saber mais!","breadcrumb":{"@id":"https:\/\/www.estrategiaconcursos.com.br\/blog\/concurso-sefaz-rr-curso-de-formacao\/#breadcrumb"},"inLanguage":"pt-BR","potentialAction":[{"@type":"ReadAction","target":["https:\/\/www.estrategiaconcursos.com.br\/blog\/concurso-sefaz-rr-curso-de-formacao\/"]}]},{"@type":"ImageObject","inLanguage":"pt-BR","@id":"https:\/\/www.estrategiaconcursos.com.br\/blog\/concurso-sefaz-rr-curso-de-formacao\/#primaryimage","url":"https:\/\/dhg1h5j42swfq.cloudfront.net\/2021\/09\/30162023\/sefaz-rr.png","contentUrl":"https:\/\/dhg1h5j42swfq.cloudfront.net\/2021\/09\/30162023\/sefaz-rr.png","width":1200,"height":628,"caption":"Concurso Sefaz RR resultado definitivo"},{"@type":"BreadcrumbList","@id":"https:\/\/www.estrategiaconcursos.com.br\/blog\/concurso-sefaz-rr-curso-de-formacao\/#breadcrumb","itemListElement":[{"@type":"ListItem","position":1,"name":"In\u00edcio","item":"https:\/\/www.estrategiaconcursos.com.br\/blog\/"},{"@type":"ListItem","position":2,"name":"Concurso SEFAZ RR: Como ser\u00e1 o Curso de Forma\u00e7\u00e3o?"}]},{"@type":"WebSite","@id":"https:\/\/www.estrategiaconcursos.com.br\/blog\/#website","url":"https:\/\/www.estrategiaconcursos.com.br\/blog\/","name":"Estrat\u00e9gia Concursos","description":"O blog da Estrat\u00e9gia Concursos traz not\u00edcias sobre concursos e artigos de professores oferecendo cursos para concursos (pdf + videaulas) no site.","publisher":{"@id":"https:\/\/www.estrategiaconcursos.com.br\/blog\/#organization"},"potentialAction":[{"@type":"SearchAction","target":{"@type":"EntryPoint","urlTemplate":"https:\/\/www.estrategiaconcursos.com.br\/blog\/?s={search_term_string}"},"query-input":{"@type":"PropertyValueSpecification","valueRequired":true,"valueName":"search_term_string"}}],"inLanguage":"pt-BR"},{"@type":"Organization","@id":"https:\/\/www.estrategiaconcursos.com.br\/blog\/#organization","name":"Estrat\u00e9gia Concursos","url":"https:\/\/www.estrategiaconcursos.com.br\/blog\/","logo":{"@type":"ImageObject","inLanguage":"pt-BR","@id":"https:\/\/www.estrategiaconcursos.com.br\/blog\/#\/schema\/logo\/image\/","url":"https:\/\/dhg1h5j42swfq.cloudfront.net\/2025\/06\/03203428\/logo_concursos-1.jpg","contentUrl":"https:\/\/dhg1h5j42swfq.cloudfront.net\/2025\/06\/03203428\/logo_concursos-1.jpg","width":230,"height":60,"caption":"Estrat\u00e9gia Concursos"},"image":{"@id":"https:\/\/www.estrategiaconcursos.com.br\/blog\/#\/schema\/logo\/image\/"},"sameAs":["https:\/\/x.com\/EstratConcursos"]},{"@type":"Person","@id":"https:\/\/www.estrategiaconcursos.com.br\/blog\/#\/schema\/person\/57d9394bb68400dbec62ff8a943ab201","name":"Elo\u00edsa da Rosa Ferro","image":{"@type":"ImageObject","inLanguage":"pt-BR","@id":"https:\/\/secure.gravatar.com\/avatar\/?s=96&d=mm&r=g","url":"https:\/\/secure.gravatar.com\/avatar\/?s=96&d=mm&r=g","contentUrl":"https:\/\/secure.gravatar.com\/avatar\/?s=96&d=mm&r=g","caption":"Elo\u00edsa da Rosa Ferro"},"url":"https:\/\/www.estrategiaconcursos.com.br\/blog\/author\/eloisa-ferro\/"}]}},"_links":{"self":[{"href":"https:\/\/www.estrategiaconcursos.com.br\/blog\/wp-json\/wp\/v2\/posts\/849170","targetHints":{"allow":["GET"]}}],"collection":[{"href":"https:\/\/www.estrategiaconcursos.com.br\/blog\/wp-json\/wp\/v2\/posts"}],"about":[{"href":"https:\/\/www.estrategiaconcursos.com.br\/blog\/wp-json\/wp\/v2\/types\/post"}],"author":[{"embeddable":true,"href":"https:\/\/www.estrategiaconcursos.com.br\/blog\/wp-json\/wp\/v2\/users\/2099"}],"replies":[{"embeddable":true,"href":"https:\/\/www.estrategiaconcursos.com.br\/blog\/wp-json\/wp\/v2\/comments?post=849170"}],"version-history":[{"count":11,"href":"https:\/\/www.estrategiaconcursos.com.br\/blog\/wp-json\/wp\/v2\/posts\/849170\/revisions"}],"predecessor-version":[{"id":849917,"href":"https:\/\/www.estrategiaconcursos.com.br\/blog\/wp-json\/wp\/v2\/posts\/849170\/revisions\/849917"}],"wp:featuredmedia":[{"embeddable":true,"href":"https:\/\/www.estrategiaconcursos.com.br\/blog\/wp-json\/wp\/v2\/media\/849277"}],"wp:attachment":[{"href":"https:\/\/www.estrategiaconcursos.com.br\/blog\/wp-json\/wp\/v2\/media?parent=849170"}],"wp:term":[{"taxonomy":"category","embeddable":true,"href":"https:\/\/www.estrategiaconcursos.com.br\/blog\/wp-json\/wp\/v2\/categories?post=849170"},{"taxonomy":"post_tag","embeddable":true,"href":"https:\/\/www.estrategiaconcursos.com.br\/blog\/wp-json\/wp\/v2\/tags?post=849170"},{"taxonomy":"tax_estado","embeddable":true,"href":"https:\/\/www.estrategiaconcursos.com.br\/blog\/wp-json\/wp\/v2\/tax_estado?post=849170"}],"curies":[{"name":"wp","href":"https:\/\/api.w.org\/{rel}","templated":true}]}}