{"id":848894,"date":"2021-08-30T12:35:57","date_gmt":"2021-08-30T15:35:57","guid":{"rendered":"https:\/\/www.estrategiaconcursos.com.br\/blog\/?p=848894"},"modified":"2021-08-30T12:37:32","modified_gmt":"2021-08-30T15:37:32","slug":"guarda-municipal-concursos-abertos-e-previstos-2021","status":"publish","type":"post","link":"https:\/\/www.estrategiaconcursos.com.br\/blog\/guarda-municipal-concursos-abertos-e-previstos-2021\/","title":{"rendered":"Guarda Municipal: os principais concursos abertos e previstos"},"content":{"rendered":"\n<p>2021 est\u00e1 sendo O ANO dos concursos de <a href=\"https:\/\/www.justica.gov.br\/sua-seguranca\/seguranca-publica\" target=\"_blank\" rel=\"noreferrer noopener\">seguran\u00e7a p\u00fablica<\/a>! S\u00e3o diversos os certames com editais j\u00e1 publicados e previstos para os pr\u00f3ximos meses. E no meio deles, tamb\u00e9m est\u00e3o os <strong>concursos para Guarda Municipal<\/strong>.<\/p>\n\n\n\n<p>Essa carreira costuma exigir dos candidatos, na maioria das vezes, forma\u00e7\u00e3o de n\u00edvel m\u00e9dio e carteira nacional de habilita\u00e7\u00e3o. Os sal\u00e1rios, por sua vez, podem variar em valores de <strong>R$ 1 mil a R$ 4,4 mil por m\u00eas<\/strong>, isso sem contar os poss\u00edveis benef\u00edcios e gratifica\u00e7\u00f5es, de acordo com cada legisla\u00e7\u00e3o.<\/p>\n\n\n\n<p>E se voc\u00ea <a href=\"https:\/\/www.estrategiaconcursos.com.br\/cursosPorConcurso\/cursos-para-concursos-policiais\/\" target=\"_blank\" rel=\"noreferrer noopener\">estuda para a \u00e1rea policial<\/a>, as sele\u00e7\u00f5es municipais tamb\u00e9m est\u00e3o em alta, sendo uma excelente chance de ingressar no servi\u00e7o p\u00fablico. Ent\u00e3o, confira neste artigo as principais oportunidades previstas e com inscri\u00e7\u00f5es abertas para Guardas Municipais.<\/p>\n\n\n\n<div class=\"wp-block-image\"><figure class=\"aligncenter size-full is-resized\"><img loading=\"lazy\" decoding=\"async\" src=\"https:\/\/dhg1h5j42swfq.cloudfront.net\/2021\/08\/30115521\/guarda-municipal.png\" alt=\"Concurso Guarda Municipal: os editais abertos e previstos\" class=\"wp-image-848930\" width=\"655\" height=\"271\" srcset=\"https:\/\/dhg1h5j42swfq.cloudfront.net\/2021\/08\/30115521\/guarda-municipal.png 725w, https:\/\/dhg1h5j42swfq.cloudfront.net\/2021\/08\/30115521\/guarda-municipal-300x124.png 300w, https:\/\/dhg1h5j42swfq.cloudfront.net\/2021\/08\/30115521\/guarda-municipal-610x252.png 610w\" sizes=\"auto, (max-width: 655px) 100vw, 655px\" \/><figcaption>Concursos para Guarda Municipal | Imagem: Reprodu\u00e7\u00e3o<\/figcaption><\/figure><\/div>\n\n\n\n<h2 class=\"has-vivid-cyan-blue-background-color has-background wp-block-heading\" id=\"h-concursos-para-guarda-municipal-editais-publicados\"><span class=\"has-inline-color has-white-color\">Concursos para Guarda Municipal: editais publicados<\/span><\/h2>\n\n\n\n<p id=\"h-concurso-guarda-de-carapicu-ba\"><a href=\"https:\/\/www.estrategiaconcursos.com.br\/blog\/concurso-guarda-de-carapicuiba\/\" target=\"_blank\" rel=\"noreferrer noopener\"><strong>Concurso Guarda de Carapicu\u00edba &#8211; SP<\/strong><\/a><\/p>\n\n\n\n<p>Sob organiza\u00e7\u00e3o da banca <span style=\"font-size: revert; color: initial;\">RBO Assessoria P\u00fablica e Projetos Municipai<\/span>s, o edital oferece\u00a006 vagas\u00a0para o cargo de Guarda Civil Municipal, exclusivamente ao sexo feminino, de n\u00edvel m\u00e9dio.<\/p>\n\n\n\n<ul class=\"wp-block-list\"><li><strong style=\"color: initial;\">Per\u00edodo de inscri\u00e7\u00f5es:<\/strong><span style=\"color: initial;\">\u00a004\/08 a 08\/09<\/span><\/li><li><strong>Taxa de inscri\u00e7\u00e3o:<\/strong>\u00a0R$ 25,44<\/li><li><strong>Datas das provas:<\/strong>\u00a003\/10<\/li><li><strong style=\"color: initial;\">Vagas:<\/strong><span style=\"color: initial;\">\u00a006<\/span><\/li><li><strong style=\"color: initial;\">Sal\u00e1rio:<\/strong><span style=\"color: initial;\">\u00a0R$ 1.087,97\/ m\u00eas + 100% RETP e demais benef\u00edcios<\/span><\/li><\/ul>\n\n\n\n<p id=\"h-concurso-guarda-de-bragan-a-paulista\"><a href=\"https:\/\/www.estrategiaconcursos.com.br\/blog\/concurso-guarda-de-braganca-paulista\/\" target=\"_blank\" rel=\"noreferrer noopener\"><strong>Concurso Guarda de Bragan\u00e7a Paulista &#8211; SP<\/strong><\/a><\/p>\n\n\n\n<p>Sob organiza\u00e7\u00e3o da banca IBAM, o edital oferece 12 vagas\u00a0distribu\u00eddas entre cargos de Guarda Civil Municipal e Agente da Autoridade de Tr\u00e2nsito, ambos de n\u00edvel m\u00e9dio. <\/p>\n\n\n\n<ul class=\"wp-block-list\" id=\"block-cacb5366-e8f2-421a-814c-3d910f0d6ec0\"><li><strong style=\"color: initial;\">Per\u00edodo de inscri\u00e7\u00f5es:<\/strong><span style=\"color: initial;\">\u00a030\/08 a 30\/09<\/span><\/li><li><strong>Taxa de inscri\u00e7\u00e3o:<\/strong>\u00a0R$ 74,00<\/li><li><strong>Data das provas<\/strong>: 17\/10\/2021<\/li><li><strong style=\"color: initial;\">Vagas:\u00a0<\/strong><span style=\"color: initial;\">12 vagas<\/span><\/li><li><strong style=\"color: initial;\">Sal\u00e1rio:<\/strong><span style=\"color: initial;\">\u00a0R$ 1.921,74<\/span><\/li><\/ul>\n\n\n\n<h2 class=\"has-vivid-cyan-blue-background-color has-background wp-block-heading\" id=\"h-concursos-para-guarda-municipal-editais-previstos\"><span class=\"has-inline-color has-white-color\">Concursos para Guarda Municipal: editais previstos<\/span><\/h2>\n\n\n\n<p><a href=\"https:\/\/www.estrategiaconcursos.com.br\/blog\/concurso-guarda-de-pontal-sp\/\" target=\"_blank\" rel=\"noreferrer noopener\"><strong>Concurso Guarda de Pontal &#8211; SP<\/strong><\/a><\/p>\n\n\n\n<p>Est\u00e1 definida a banca organizadora do pr\u00f3ximo concurso da Guarda de Pontal. A empresa RBO foi a vencedora do preg\u00e3o eletr\u00f4nico. O \u00faltimo edital foi publicado em 2007, com 40 vagas.<\/p>\n\n\n\n<ul class=\"wp-block-list\" id=\"block-d318a8f5-31f4-4575-a2b5-0e0b846b2291\"><li><strong>Situa\u00e7\u00e3o<\/strong>: Banca definida (RBO Assessoria e Projetos Municipais)<\/li><li><strong style=\"color: initial;\">Forma\u00e7\u00e3o:<\/strong><span style=\"color: initial;\">\u00a0N\u00edvel m\u00e9dio<\/span><\/li><li><strong>Vagas:<\/strong>\u00a005<\/li><li><strong>Sal\u00e1rio:<\/strong>\u00a0N\u00e3o informado<\/li><\/ul>\n\n\n\n<p><strong><a href=\"https:\/\/www.estrategiaconcursos.com.br\/blog\/concurso-guarda-municipal-betim\/\" target=\"_blank\" rel=\"noreferrer noopener\">Concurso Guarda Betim &#8211; MG<\/a><\/strong><\/p>\n\n\n\n<p>O Instituto Brasileiro de Gest\u00e3o e Pesquisa (IBGP) \u00e9 a banca organizadora do concurso Guarda Municipal de Betim. O \u00faltimo edital foi publicado em 2011, com a oferta de 101 vagas.<\/p>\n\n\n\n<ul class=\"wp-block-list\" id=\"block-d318a8f5-31f4-4575-a2b5-0e0b846b2291\"><li><strong>Situa\u00e7\u00e3o<\/strong>: Banca definida (IBGP)<\/li><li><strong style=\"color: initial;\">Forma\u00e7\u00e3o:<\/strong><span style=\"color: initial;\">\u00a0N\u00edvel m\u00e9dio<\/span><\/li><li><strong>Vagas:<\/strong>\u00a060<\/li><li><strong>Sal\u00e1rio:<\/strong>\u00a0R$ 1.824,78<\/li><\/ul>\n\n\n\n<p><strong><a href=\"https:\/\/www.estrategiaconcursos.com.br\/blog\/concurso-guarda-de-palmas\/\" target=\"_blank\" rel=\"noreferrer noopener\">Concurso Guarda de Palmas \u2013 TO<\/a><\/strong><\/p>\n\n\n\n<p>A Funda\u00e7\u00e3o\u00a0Vunesp foi a escolhida para organizar o concurso da Guarda de Palmas. O \u00faltimo edital foi publicado em 2007, ofertando 100 vagas.<\/p>\n\n\n\n<ul class=\"wp-block-list\" id=\"block-d318a8f5-31f4-4575-a2b5-0e0b846b2291\"><li><strong>Situa\u00e7\u00e3o<\/strong>: Banca definida (Funda\u00e7\u00e3o Vunesp)<\/li><li><strong style=\"color: initial;\">Forma\u00e7\u00e3o:<\/strong><span style=\"color: initial;\">\u00a0N\u00edvel m\u00e9dio<\/span><\/li><li><strong>Vagas:<\/strong>\u00a050<\/li><li><strong>Sal\u00e1rio:<\/strong>\u00a0R$ 4.413,86<\/li><\/ul>\n\n\n\n<p><strong><a href=\"https:\/\/www.estrategiaconcursos.com.br\/blog\/comissao-do-concurso-guarda-municipal-de-sao-luis-ma-e-definida\/\" target=\"_blank\" rel=\"noreferrer noopener\">Concurso Guarda de S\u00e3o Lu\u00eds MA<\/a><\/strong><\/p>\n\n\n\n<p>O pr\u00f3ximo concurso da Guarda de S\u00e3o Lu\u00eds, ainda sem quantitativo de vagas definido, teve a comiss\u00e3o definida. O pr\u00f3ximo passo \u00e9 a escolha da banca organizadora. Em seu \u00faltimo edital, realizado em 2006, o mun\u00edcipio ofertou 306 vagas.<\/p>\n\n\n\n<ul class=\"wp-block-list\" id=\"block-d318a8f5-31f4-4575-a2b5-0e0b846b2291\"><li><strong>Situa\u00e7\u00e3o<\/strong>: Comiss\u00e3o formada<\/li><li><strong style=\"color: initial;\">Forma\u00e7\u00e3o:<\/strong><span style=\"color: initial;\">\u00a0N\u00edvel m\u00e9dio<\/span><\/li><li><strong>Vagas:<\/strong>\u00a0a definir<\/li><li><strong>Sal\u00e1rio:<\/strong>\u00a0N\u00e3o informado<\/li><\/ul>\n\n\n\n<p><a href=\"https:\/\/www.estrategiaconcursos.com.br\/blog\/concurso-guarda-de-olinda\/\" target=\"_blank\" rel=\"noreferrer noopener\"><strong>Concurso Guarda de Olinda \u2013 PE<\/strong><\/a><\/p>\n\n\n\n<p>Um novo concurso\u00a0para a Guarda Municipal de Olinda foi oficialmente autorizado. O \u00faltimo edital foi publicado no ano de 2011, com oferta de 344 vagas.<\/p>\n\n\n\n<ul class=\"wp-block-list\" id=\"block-d318a8f5-31f4-4575-a2b5-0e0b846b2291\"><li><strong>Situa\u00e7\u00e3o<\/strong>: Autorizado<\/li><li><strong style=\"color: initial;\">Forma\u00e7\u00e3o:<\/strong><span style=\"color: initial;\">\u00a0N\u00edvel m\u00e9dio<\/span><\/li><li><strong>Vagas:<\/strong>\u00a0a definir<\/li><li><strong>Sal\u00e1rio:<\/strong>\u00a0N\u00e3o informado<\/li><\/ul>\n\n\n\n<p><a href=\"https:\/\/www.estrategiaconcursos.com.br\/blog\/concurso-guarda-joao-pessoa\/\" target=\"_blank\" rel=\"noreferrer noopener\"><strong>Concurso Guarda de Jo\u00e3o Pessoa &#8211; PB<\/strong><\/a><\/p>\n\n\n\n<p>O secret\u00e1rio de Seguran\u00e7a de Jo\u00e3o Pessoa, Jo\u00e3o Almeida, anunciou a inten\u00e7\u00e3o da prefeitura de realizar um novo concurso para a Guarda Municipal em 2022. O \u00faltimo edital foi publicado no ano de 2012, com oferta de 250 vagas.<\/p>\n\n\n\n<ul class=\"wp-block-list\" id=\"block-d318a8f5-31f4-4575-a2b5-0e0b846b2291\"><li><strong>Situa\u00e7\u00e3o<\/strong>: Anunciado<\/li><li><strong style=\"color: initial;\">Forma\u00e7\u00e3o:<\/strong><span style=\"color: initial;\">\u00a0N\u00edvel m\u00e9dio<\/span><\/li><li><strong>Vagas:<\/strong>\u00a0A definir<\/li><li><strong>Sal\u00e1rio:<\/strong>\u00a0R$ 1.400,00<\/li><\/ul>\n\n\n\n<p><strong><a href=\"https:\/\/www.estrategiaconcursos.com.br\/blog\/concurso-guarda-de-manaus\/\" target=\"_blank\" rel=\"noreferrer noopener\">Concurso Guarda de Manaus &#8211; AM<\/a><\/strong><\/p>\n\n\n\n<p>O vereador capit\u00e3o Carp\u00ea Andrade solicitou, ao prefeito de Manaus, David Almeida, a realiza\u00e7\u00e3o de um novo concurso para a Guarda Municipal. O \u00faltimo edital ocorreu em 2012, quando foram oferecidas\u00a0293 vagas e cadastro de reserva.<\/p>\n\n\n\n<ul class=\"wp-block-list\"><li><strong>Situa\u00e7\u00e3o<\/strong>: Solicitado<\/li><li><strong style=\"color: initial;\">Forma\u00e7\u00e3o:<\/strong><span style=\"color: initial;\">\u00a0N\u00edvel m\u00e9dio<\/span><\/li><li><strong>Vagas:<\/strong>\u00a0a definir<\/li><li><strong>Sal\u00e1rio:<\/strong>\u00a0N\u00e3o informado<\/li><\/ul>\n\n\n\n<p class=\"has-text-align-center\"><strong>Gostou dessas oportunidades? Ent\u00e3o, confira o panorama completo dos concursos policiais previstos para 2021 e 2022. Acesse e fique por dentro de todos os detalhes!<\/strong><\/p>\n\n\n\n<p class=\"has-text-align-center has-vivid-cyan-blue-background-color has-background has-medium-font-size\"><a href=\"https:\/\/www.estrategiaconcursos.com.br\/blog\/concursos-de-policia\/\" target=\"_blank\" rel=\"noreferrer noopener\"><span class=\"has-inline-color has-white-color\"><strong>Concursos de Pol\u00edcia<\/strong><\/span><\/a><\/p>\n\n\n\n<hr class=\"wp-block-separator\"\/>\n\n\n\n<div class=\"container\" id=\"boxes\">\n  <div class=\"row\"> \n\n    <div class=\"col-sm\">\n      <div class=\"banner-policial\" id=\"box-assinatura\">\n        <h3 class=\"titulo-assinatura\">Concursos para Guarda Municipal<\/h3>\n        <p class=\"subtitulo-assinatura\">Conhe\u00e7a os cursos<\/p>\n        <div class=\"box-botao\">\n          <a class=\"btn-assinatura\" target=\"_blank\" href=\"https:\/\/www.estrategiaconcursos.com.br\/cursosPorConcurso\/cursos-para-concursos-policiais\/\" role=\"button\" rel=\"noopener noreferrer\">Conhe\u00e7a mais<\/a>\n        <\/div>\n      <\/div>\n     \n\n  <\/div>\n<\/div><\/div>\n\n\n\n<div class=\"container\" id=\"boxes\">\n  <div class=\"row\">\n\n    <div class=\"col-sm\">\n      <div class=\"estrategia\" id=\"box-assinatura\">\n        <h3 class=\"titulo-assinatura\">Assinatura de Concursos<\/h3>\n        <p class=\"subtitulo-assinatura\">Assinatura de 1 ano ou 2 anos<\/p>\n        <div class=\"box-botao\">\n          <a class=\"btn-assinatura\" target=\"_blank\" href=\"https:\/\/www.estrategiaconcursos.com.br\/assinaturas\/\" role=\"button\" rel=\"noopener noreferrer\">ASSINE AGORA<\/a>\n        <\/div>\n      <\/div>\n     \n    <\/div><\/div><\/div>\n\n\n\n<div class=\"container\" id=\"boxes\">\n  <div class=\"row\">\n\n    <div class=\"col-sm\" id=\"boxes-concursos\">\n      <div style=\"background-color: #005DAD;\" class=\"conteudo-concursos\" id=\"box-concursos\">\n        <h3 class=\"titulo-assinatura\">Concursos Abertos<\/h3>\n        <p class=\"subtitulo-assinatura\">Os editais publicados<\/p>\n        <div class=\"box-botao\">\n          <a class=\"btn-assinatura\" target=\"_blank\" href=\"https:\/\/www.estrategiaconcursos.com.br\/blog\/concursos-abertos\/\" role=\"button\" rel=\"noopener noreferrer\">Conhe\u00e7a Agora<\/a>\n        <\/div>\n      <\/div>\n    <\/div>\n\n    <div class=\"col-sm\" id=\"boxes-concursos\">\n      <div style=\"background-color: #1A7ED5;\" class=\"conteudo-concursos\" id=\"box-concursos\">\n        <h3 class=\"titulo-assinatura\">Concursos 2021<\/h3>\n        <p class=\"subtitulo-assinatura\">As oportunidades previstas<\/p>\n        <div class=\"box-botao\">\n          <a class=\"btn-assinatura\" target=\"_blank\" href=\"https:\/\/www.estrategiaconcursos.com.br\/blog\/concursos-2021\/\" role=\"button\" rel=\"noopener noreferrer\">Conhe\u00e7a Agora<\/a>\n        <\/div>\n      <\/div>\n    <\/div>\n\n    <div class=\"col-sm\" id=\"boxes-concursos\">\n      <div style=\"background-color: #419FF0;\" class=\"conteudo-concursos\" id=\"box-concursos\">\n        <h3 class=\"titulo-assinatura\">Concursos 2022<\/h3>\n        <p class=\"subtitulo-assinatura\">Vagas para o pr\u00f3ximo ano<\/p>\n        <div class=\"box-botao\">\n          <a class=\"btn-assinatura\" target=\"_blank\" href=\"https:\/\/www.estrategiaconcursos.com.br\/blog\/concursos-2022\/\" role=\"button\" rel=\"noopener noreferrer\">Conhe\u00e7a Agora<\/a>\n        <\/div>\n      <\/div>\n    <\/div>\n\n  <\/div>\n<\/div>\n","protected":false},"excerpt":{"rendered":"<p>2021 est\u00e1 sendo O ANO dos concursos de seguran\u00e7a p\u00fablica! S\u00e3o diversos os certames com editais j\u00e1 publicados e previstos para os pr\u00f3ximos meses. E no meio deles, tamb\u00e9m est\u00e3o os concursos para Guarda Municipal. Essa carreira costuma exigir dos candidatos, na maioria das vezes, forma\u00e7\u00e3o de n\u00edvel m\u00e9dio e carteira nacional de habilita\u00e7\u00e3o. Os [&hellip;]<\/p>\n","protected":false},"author":1206,"featured_media":698496,"comment_status":"open","ping_status":"closed","sticky":false,"template":"","format":"standard","meta":{"post_tipo":"news","footnotes":""},"categories":[220189],"tags":[],"tax_estado":[219966,219973,219974,219978,219979,219989,219990],"class_list":["post-848894","post","type-post","status-publish","format-standard","has-post-thumbnail","hentry","category-policial-guarda-civis","tax_estado-am","tax_estado-ma","tax_estado-mg","tax_estado-pb","tax_estado-pe","tax_estado-sp","tax_estado-to"],"acf":[],"yoast_head":"<!-- This site is optimized with the Yoast SEO Premium plugin v27.2 (Yoast SEO v27.2) - https:\/\/yoast.com\/product\/yoast-seo-premium-wordpress\/ -->\n<title>Guarda Municipal: os principais concursos abertos e previstos<\/title>\n<meta name=\"description\" content=\"Confira as principais oportunidades de concursos para Guarda Civil Municipal. Editais com inscri\u00e7\u00f5es abertas e sele\u00e7\u00f5es previstas!\" \/>\n<meta name=\"robots\" content=\"index, follow, max-snippet:-1, max-image-preview:large, max-video-preview:-1\" \/>\n<link rel=\"canonical\" href=\"https:\/\/www.estrategiaconcursos.com.br\/blog\/guarda-municipal-concursos-abertos-e-previstos-2021\/\" \/>\n<meta property=\"og:locale\" content=\"pt_BR\" \/>\n<meta property=\"og:type\" content=\"article\" \/>\n<meta property=\"og:title\" content=\"Guarda Municipal: os principais concursos abertos e previstos\" \/>\n<meta property=\"og:description\" content=\"Confira as principais oportunidades de concursos para Guarda Civil Municipal. Editais com inscri\u00e7\u00f5es abertas e sele\u00e7\u00f5es previstas!\" \/>\n<meta property=\"og:url\" content=\"https:\/\/www.estrategiaconcursos.com.br\/blog\/guarda-municipal-concursos-abertos-e-previstos-2021\/\" \/>\n<meta property=\"og:site_name\" content=\"Estrat\u00e9gia Concursos\" \/>\n<meta property=\"article:published_time\" content=\"2021-08-30T15:35:57+00:00\" \/>\n<meta property=\"article:modified_time\" content=\"2021-08-30T15:37:32+00:00\" \/>\n<meta property=\"og:image\" content=\"https:\/\/dhg1h5j42swfq.cloudfront.net\/2021\/03\/22154112\/concursos-de-policia.jpg\" \/>\n\t<meta property=\"og:image:width\" content=\"1200\" \/>\n\t<meta property=\"og:image:height\" content=\"628\" \/>\n\t<meta property=\"og:image:type\" content=\"image\/jpeg\" \/>\n<meta name=\"author\" content=\"Bruna de Andrade Fran\u00e7a\" \/>\n<meta name=\"twitter:card\" content=\"summary_large_image\" \/>\n<meta name=\"twitter:creator\" content=\"@EstratConcursos\" \/>\n<meta name=\"twitter:site\" content=\"@EstratConcursos\" \/>\n<meta name=\"twitter:label1\" content=\"Escrito por\" \/>\n\t<meta name=\"twitter:data1\" content=\"Bruna de Andrade Fran\u00e7a\" \/>\n\t<meta name=\"twitter:label2\" content=\"Est. tempo de leitura\" \/>\n\t<meta name=\"twitter:data2\" content=\"4 minutos\" \/>\n<script type=\"application\/ld+json\" class=\"yoast-schema-graph\">{\"@context\":\"https:\/\/schema.org\",\"@graph\":[{\"@type\":\"NewsArticle\",\"@id\":\"https:\/\/www.estrategiaconcursos.com.br\/blog\/guarda-municipal-concursos-abertos-e-previstos-2021\/#article\",\"isPartOf\":{\"@id\":\"https:\/\/www.estrategiaconcursos.com.br\/blog\/guarda-municipal-concursos-abertos-e-previstos-2021\/\"},\"author\":{\"name\":\"Bruna de Andrade Fran\u00e7a\",\"@id\":\"https:\/\/www.estrategiaconcursos.com.br\/blog\/#\/schema\/person\/6630f91134abc08115cca62ce6372855\"},\"headline\":\"Guarda Municipal: os principais concursos abertos e previstos\",\"datePublished\":\"2021-08-30T15:35:57+00:00\",\"dateModified\":\"2021-08-30T15:37:32+00:00\",\"mainEntityOfPage\":{\"@id\":\"https:\/\/www.estrategiaconcursos.com.br\/blog\/guarda-municipal-concursos-abertos-e-previstos-2021\/\"},\"wordCount\":760,\"commentCount\":0,\"publisher\":{\"@id\":\"https:\/\/www.estrategiaconcursos.com.br\/blog\/#organization\"},\"image\":{\"@id\":\"https:\/\/www.estrategiaconcursos.com.br\/blog\/guarda-municipal-concursos-abertos-e-previstos-2021\/#primaryimage\"},\"thumbnailUrl\":\"https:\/\/dhg1h5j42swfq.cloudfront.net\/2021\/03\/22154112\/concursos-de-policia.jpg\",\"articleSection\":[\"Policial (Guardas Civis)\"],\"inLanguage\":\"pt-BR\",\"potentialAction\":[{\"@type\":\"CommentAction\",\"name\":\"Comment\",\"target\":[\"https:\/\/www.estrategiaconcursos.com.br\/blog\/guarda-municipal-concursos-abertos-e-previstos-2021\/#respond\"]}],\"copyrightYear\":\"2021\",\"copyrightHolder\":{\"@id\":\"https:\/\/www.estrategiaconcursos.com.br\/blog\/#organization\"}},{\"@type\":\"WebPage\",\"@id\":\"https:\/\/www.estrategiaconcursos.com.br\/blog\/guarda-municipal-concursos-abertos-e-previstos-2021\/\",\"url\":\"https:\/\/www.estrategiaconcursos.com.br\/blog\/guarda-municipal-concursos-abertos-e-previstos-2021\/\",\"name\":\"Guarda Municipal: os principais concursos abertos e previstos\",\"isPartOf\":{\"@id\":\"https:\/\/www.estrategiaconcursos.com.br\/blog\/#website\"},\"primaryImageOfPage\":{\"@id\":\"https:\/\/www.estrategiaconcursos.com.br\/blog\/guarda-municipal-concursos-abertos-e-previstos-2021\/#primaryimage\"},\"image\":{\"@id\":\"https:\/\/www.estrategiaconcursos.com.br\/blog\/guarda-municipal-concursos-abertos-e-previstos-2021\/#primaryimage\"},\"thumbnailUrl\":\"https:\/\/dhg1h5j42swfq.cloudfront.net\/2021\/03\/22154112\/concursos-de-policia.jpg\",\"datePublished\":\"2021-08-30T15:35:57+00:00\",\"dateModified\":\"2021-08-30T15:37:32+00:00\",\"description\":\"Confira as principais oportunidades de concursos para Guarda Civil Municipal. Editais com inscri\u00e7\u00f5es abertas e sele\u00e7\u00f5es previstas!\",\"breadcrumb\":{\"@id\":\"https:\/\/www.estrategiaconcursos.com.br\/blog\/guarda-municipal-concursos-abertos-e-previstos-2021\/#breadcrumb\"},\"inLanguage\":\"pt-BR\",\"potentialAction\":[{\"@type\":\"ReadAction\",\"target\":[\"https:\/\/www.estrategiaconcursos.com.br\/blog\/guarda-municipal-concursos-abertos-e-previstos-2021\/\"]}]},{\"@type\":\"ImageObject\",\"inLanguage\":\"pt-BR\",\"@id\":\"https:\/\/www.estrategiaconcursos.com.br\/blog\/guarda-municipal-concursos-abertos-e-previstos-2021\/#primaryimage\",\"url\":\"https:\/\/dhg1h5j42swfq.cloudfront.net\/2021\/03\/22154112\/concursos-de-policia.jpg\",\"contentUrl\":\"https:\/\/dhg1h5j42swfq.cloudfront.net\/2021\/03\/22154112\/concursos-de-policia.jpg\",\"width\":1200,\"height\":628,\"caption\":\"Quais s\u00e3o os estados com concursos policiais previstos?\"},{\"@type\":\"BreadcrumbList\",\"@id\":\"https:\/\/www.estrategiaconcursos.com.br\/blog\/guarda-municipal-concursos-abertos-e-previstos-2021\/#breadcrumb\",\"itemListElement\":[{\"@type\":\"ListItem\",\"position\":1,\"name\":\"In\u00edcio\",\"item\":\"https:\/\/www.estrategiaconcursos.com.br\/blog\/\"},{\"@type\":\"ListItem\",\"position\":2,\"name\":\"Guarda Municipal: os principais concursos abertos e previstos\"}]},{\"@type\":\"WebSite\",\"@id\":\"https:\/\/www.estrategiaconcursos.com.br\/blog\/#website\",\"url\":\"https:\/\/www.estrategiaconcursos.com.br\/blog\/\",\"name\":\"Estrat\u00e9gia Concursos\",\"description\":\"O blog da Estrat\u00e9gia Concursos traz not\u00edcias sobre concursos e artigos de professores oferecendo cursos para concursos (pdf + videaulas) no site.\",\"publisher\":{\"@id\":\"https:\/\/www.estrategiaconcursos.com.br\/blog\/#organization\"},\"potentialAction\":[{\"@type\":\"SearchAction\",\"target\":{\"@type\":\"EntryPoint\",\"urlTemplate\":\"https:\/\/www.estrategiaconcursos.com.br\/blog\/?s={search_term_string}\"},\"query-input\":{\"@type\":\"PropertyValueSpecification\",\"valueRequired\":true,\"valueName\":\"search_term_string\"}}],\"inLanguage\":\"pt-BR\"},{\"@type\":\"Organization\",\"@id\":\"https:\/\/www.estrategiaconcursos.com.br\/blog\/#organization\",\"name\":\"Estrat\u00e9gia Concursos\",\"url\":\"https:\/\/www.estrategiaconcursos.com.br\/blog\/\",\"logo\":{\"@type\":\"ImageObject\",\"inLanguage\":\"pt-BR\",\"@id\":\"https:\/\/www.estrategiaconcursos.com.br\/blog\/#\/schema\/logo\/image\/\",\"url\":\"https:\/\/dhg1h5j42swfq.cloudfront.net\/2025\/06\/03203428\/logo_concursos-1.jpg\",\"contentUrl\":\"https:\/\/dhg1h5j42swfq.cloudfront.net\/2025\/06\/03203428\/logo_concursos-1.jpg\",\"width\":230,\"height\":60,\"caption\":\"Estrat\u00e9gia Concursos\"},\"image\":{\"@id\":\"https:\/\/www.estrategiaconcursos.com.br\/blog\/#\/schema\/logo\/image\/\"},\"sameAs\":[\"https:\/\/x.com\/EstratConcursos\"]},{\"@type\":\"Person\",\"@id\":\"https:\/\/www.estrategiaconcursos.com.br\/blog\/#\/schema\/person\/6630f91134abc08115cca62ce6372855\",\"name\":\"Bruna de Andrade Fran\u00e7a\",\"image\":{\"@type\":\"ImageObject\",\"inLanguage\":\"pt-BR\",\"@id\":\"https:\/\/secure.gravatar.com\/avatar\/d6316d36d50cea0fadae28ed3015b8870cc90a2d3d8a95c37b44006af36a00e3?s=96&d=mm&r=g\",\"url\":\"https:\/\/secure.gravatar.com\/avatar\/d6316d36d50cea0fadae28ed3015b8870cc90a2d3d8a95c37b44006af36a00e3?s=96&d=mm&r=g\",\"contentUrl\":\"https:\/\/secure.gravatar.com\/avatar\/d6316d36d50cea0fadae28ed3015b8870cc90a2d3d8a95c37b44006af36a00e3?s=96&d=mm&r=g\",\"caption\":\"Bruna de Andrade Fran\u00e7a\"},\"description\":\"Bruna de Andrade Fran\u00e7a \u00e9 publicit\u00e1ria com p\u00f3s-gradua\u00e7\u00e3o em Marketing &amp; Growth, atuando h\u00e1 mais de 6 anos no universo dos concursos p\u00fablicos. Desde 2021, lidera no Blog do Estrat\u00e9gia Concursos a cobertura editorial especializada em Concursos Policiais (PF, PRF, PM, PC, etc.), al\u00e9m das frentes de concursos banc\u00e1rios, de sa\u00fade e da \u00e1rea legislativa. Especialista em reda\u00e7\u00e3o, com pr\u00e1ticas de SEO e Copywriting, possui tamb\u00e9m atua\u00e7\u00e3o pr\u00e1tica de contato direto com \u00f3rg\u00e3os p\u00fablicos respons\u00e1veis por editais, permitindo acesso antecipado a informa\u00e7\u00f5es, desdobramentos importantes e atualiza\u00e7\u00e3o eficiente dos concursos p\u00fablicos.\",\"url\":\"https:\/\/www.estrategiaconcursos.com.br\/blog\/author\/bruna-andrade\/\"}]}<\/script>\n<!-- \/ Yoast SEO Premium plugin. -->","yoast_head_json":{"title":"Guarda Municipal: os principais concursos abertos e previstos","description":"Confira as principais oportunidades de concursos para Guarda Civil Municipal. Editais com inscri\u00e7\u00f5es abertas e sele\u00e7\u00f5es previstas!","robots":{"index":"index","follow":"follow","max-snippet":"max-snippet:-1","max-image-preview":"max-image-preview:large","max-video-preview":"max-video-preview:-1"},"canonical":"https:\/\/www.estrategiaconcursos.com.br\/blog\/guarda-municipal-concursos-abertos-e-previstos-2021\/","og_locale":"pt_BR","og_type":"article","og_title":"Guarda Municipal: os principais concursos abertos e previstos","og_description":"Confira as principais oportunidades de concursos para Guarda Civil Municipal. Editais com inscri\u00e7\u00f5es abertas e sele\u00e7\u00f5es previstas!","og_url":"https:\/\/www.estrategiaconcursos.com.br\/blog\/guarda-municipal-concursos-abertos-e-previstos-2021\/","og_site_name":"Estrat\u00e9gia Concursos","article_published_time":"2021-08-30T15:35:57+00:00","article_modified_time":"2021-08-30T15:37:32+00:00","og_image":[{"width":1200,"height":628,"url":"https:\/\/dhg1h5j42swfq.cloudfront.net\/2021\/03\/22154112\/concursos-de-policia.jpg","type":"image\/jpeg"}],"author":"Bruna de Andrade Fran\u00e7a","twitter_card":"summary_large_image","twitter_creator":"@EstratConcursos","twitter_site":"@EstratConcursos","twitter_misc":{"Escrito por":"Bruna de Andrade Fran\u00e7a","Est. tempo de leitura":"4 minutos"},"schema":{"@context":"https:\/\/schema.org","@graph":[{"@type":"NewsArticle","@id":"https:\/\/www.estrategiaconcursos.com.br\/blog\/guarda-municipal-concursos-abertos-e-previstos-2021\/#article","isPartOf":{"@id":"https:\/\/www.estrategiaconcursos.com.br\/blog\/guarda-municipal-concursos-abertos-e-previstos-2021\/"},"author":{"name":"Bruna de Andrade Fran\u00e7a","@id":"https:\/\/www.estrategiaconcursos.com.br\/blog\/#\/schema\/person\/6630f91134abc08115cca62ce6372855"},"headline":"Guarda Municipal: os principais concursos abertos e previstos","datePublished":"2021-08-30T15:35:57+00:00","dateModified":"2021-08-30T15:37:32+00:00","mainEntityOfPage":{"@id":"https:\/\/www.estrategiaconcursos.com.br\/blog\/guarda-municipal-concursos-abertos-e-previstos-2021\/"},"wordCount":760,"commentCount":0,"publisher":{"@id":"https:\/\/www.estrategiaconcursos.com.br\/blog\/#organization"},"image":{"@id":"https:\/\/www.estrategiaconcursos.com.br\/blog\/guarda-municipal-concursos-abertos-e-previstos-2021\/#primaryimage"},"thumbnailUrl":"https:\/\/dhg1h5j42swfq.cloudfront.net\/2021\/03\/22154112\/concursos-de-policia.jpg","articleSection":["Policial (Guardas Civis)"],"inLanguage":"pt-BR","potentialAction":[{"@type":"CommentAction","name":"Comment","target":["https:\/\/www.estrategiaconcursos.com.br\/blog\/guarda-municipal-concursos-abertos-e-previstos-2021\/#respond"]}],"copyrightYear":"2021","copyrightHolder":{"@id":"https:\/\/www.estrategiaconcursos.com.br\/blog\/#organization"}},{"@type":"WebPage","@id":"https:\/\/www.estrategiaconcursos.com.br\/blog\/guarda-municipal-concursos-abertos-e-previstos-2021\/","url":"https:\/\/www.estrategiaconcursos.com.br\/blog\/guarda-municipal-concursos-abertos-e-previstos-2021\/","name":"Guarda Municipal: os principais concursos abertos e previstos","isPartOf":{"@id":"https:\/\/www.estrategiaconcursos.com.br\/blog\/#website"},"primaryImageOfPage":{"@id":"https:\/\/www.estrategiaconcursos.com.br\/blog\/guarda-municipal-concursos-abertos-e-previstos-2021\/#primaryimage"},"image":{"@id":"https:\/\/www.estrategiaconcursos.com.br\/blog\/guarda-municipal-concursos-abertos-e-previstos-2021\/#primaryimage"},"thumbnailUrl":"https:\/\/dhg1h5j42swfq.cloudfront.net\/2021\/03\/22154112\/concursos-de-policia.jpg","datePublished":"2021-08-30T15:35:57+00:00","dateModified":"2021-08-30T15:37:32+00:00","description":"Confira as principais oportunidades de concursos para Guarda Civil Municipal. Editais com inscri\u00e7\u00f5es abertas e sele\u00e7\u00f5es previstas!","breadcrumb":{"@id":"https:\/\/www.estrategiaconcursos.com.br\/blog\/guarda-municipal-concursos-abertos-e-previstos-2021\/#breadcrumb"},"inLanguage":"pt-BR","potentialAction":[{"@type":"ReadAction","target":["https:\/\/www.estrategiaconcursos.com.br\/blog\/guarda-municipal-concursos-abertos-e-previstos-2021\/"]}]},{"@type":"ImageObject","inLanguage":"pt-BR","@id":"https:\/\/www.estrategiaconcursos.com.br\/blog\/guarda-municipal-concursos-abertos-e-previstos-2021\/#primaryimage","url":"https:\/\/dhg1h5j42swfq.cloudfront.net\/2021\/03\/22154112\/concursos-de-policia.jpg","contentUrl":"https:\/\/dhg1h5j42swfq.cloudfront.net\/2021\/03\/22154112\/concursos-de-policia.jpg","width":1200,"height":628,"caption":"Quais s\u00e3o os estados com concursos policiais previstos?"},{"@type":"BreadcrumbList","@id":"https:\/\/www.estrategiaconcursos.com.br\/blog\/guarda-municipal-concursos-abertos-e-previstos-2021\/#breadcrumb","itemListElement":[{"@type":"ListItem","position":1,"name":"In\u00edcio","item":"https:\/\/www.estrategiaconcursos.com.br\/blog\/"},{"@type":"ListItem","position":2,"name":"Guarda Municipal: os principais concursos abertos e previstos"}]},{"@type":"WebSite","@id":"https:\/\/www.estrategiaconcursos.com.br\/blog\/#website","url":"https:\/\/www.estrategiaconcursos.com.br\/blog\/","name":"Estrat\u00e9gia Concursos","description":"O blog da Estrat\u00e9gia Concursos traz not\u00edcias sobre concursos e artigos de professores oferecendo cursos para concursos (pdf + videaulas) no site.","publisher":{"@id":"https:\/\/www.estrategiaconcursos.com.br\/blog\/#organization"},"potentialAction":[{"@type":"SearchAction","target":{"@type":"EntryPoint","urlTemplate":"https:\/\/www.estrategiaconcursos.com.br\/blog\/?s={search_term_string}"},"query-input":{"@type":"PropertyValueSpecification","valueRequired":true,"valueName":"search_term_string"}}],"inLanguage":"pt-BR"},{"@type":"Organization","@id":"https:\/\/www.estrategiaconcursos.com.br\/blog\/#organization","name":"Estrat\u00e9gia Concursos","url":"https:\/\/www.estrategiaconcursos.com.br\/blog\/","logo":{"@type":"ImageObject","inLanguage":"pt-BR","@id":"https:\/\/www.estrategiaconcursos.com.br\/blog\/#\/schema\/logo\/image\/","url":"https:\/\/dhg1h5j42swfq.cloudfront.net\/2025\/06\/03203428\/logo_concursos-1.jpg","contentUrl":"https:\/\/dhg1h5j42swfq.cloudfront.net\/2025\/06\/03203428\/logo_concursos-1.jpg","width":230,"height":60,"caption":"Estrat\u00e9gia Concursos"},"image":{"@id":"https:\/\/www.estrategiaconcursos.com.br\/blog\/#\/schema\/logo\/image\/"},"sameAs":["https:\/\/x.com\/EstratConcursos"]},{"@type":"Person","@id":"https:\/\/www.estrategiaconcursos.com.br\/blog\/#\/schema\/person\/6630f91134abc08115cca62ce6372855","name":"Bruna de Andrade Fran\u00e7a","image":{"@type":"ImageObject","inLanguage":"pt-BR","@id":"https:\/\/secure.gravatar.com\/avatar\/d6316d36d50cea0fadae28ed3015b8870cc90a2d3d8a95c37b44006af36a00e3?s=96&d=mm&r=g","url":"https:\/\/secure.gravatar.com\/avatar\/d6316d36d50cea0fadae28ed3015b8870cc90a2d3d8a95c37b44006af36a00e3?s=96&d=mm&r=g","contentUrl":"https:\/\/secure.gravatar.com\/avatar\/d6316d36d50cea0fadae28ed3015b8870cc90a2d3d8a95c37b44006af36a00e3?s=96&d=mm&r=g","caption":"Bruna de Andrade Fran\u00e7a"},"description":"Bruna de Andrade Fran\u00e7a \u00e9 publicit\u00e1ria com p\u00f3s-gradua\u00e7\u00e3o em Marketing &amp; Growth, atuando h\u00e1 mais de 6 anos no universo dos concursos p\u00fablicos. Desde 2021, lidera no Blog do Estrat\u00e9gia Concursos a cobertura editorial especializada em Concursos Policiais (PF, PRF, PM, PC, etc.), al\u00e9m das frentes de concursos banc\u00e1rios, de sa\u00fade e da \u00e1rea legislativa. Especialista em reda\u00e7\u00e3o, com pr\u00e1ticas de SEO e Copywriting, possui tamb\u00e9m atua\u00e7\u00e3o pr\u00e1tica de contato direto com \u00f3rg\u00e3os p\u00fablicos respons\u00e1veis por editais, permitindo acesso antecipado a informa\u00e7\u00f5es, desdobramentos importantes e atualiza\u00e7\u00e3o eficiente dos concursos p\u00fablicos.","url":"https:\/\/www.estrategiaconcursos.com.br\/blog\/author\/bruna-andrade\/"}]}},"_links":{"self":[{"href":"https:\/\/www.estrategiaconcursos.com.br\/blog\/wp-json\/wp\/v2\/posts\/848894","targetHints":{"allow":["GET"]}}],"collection":[{"href":"https:\/\/www.estrategiaconcursos.com.br\/blog\/wp-json\/wp\/v2\/posts"}],"about":[{"href":"https:\/\/www.estrategiaconcursos.com.br\/blog\/wp-json\/wp\/v2\/types\/post"}],"author":[{"embeddable":true,"href":"https:\/\/www.estrategiaconcursos.com.br\/blog\/wp-json\/wp\/v2\/users\/1206"}],"replies":[{"embeddable":true,"href":"https:\/\/www.estrategiaconcursos.com.br\/blog\/wp-json\/wp\/v2\/comments?post=848894"}],"version-history":[{"count":13,"href":"https:\/\/www.estrategiaconcursos.com.br\/blog\/wp-json\/wp\/v2\/posts\/848894\/revisions"}],"predecessor-version":[{"id":848968,"href":"https:\/\/www.estrategiaconcursos.com.br\/blog\/wp-json\/wp\/v2\/posts\/848894\/revisions\/848968"}],"wp:featuredmedia":[{"embeddable":true,"href":"https:\/\/www.estrategiaconcursos.com.br\/blog\/wp-json\/wp\/v2\/media\/698496"}],"wp:attachment":[{"href":"https:\/\/www.estrategiaconcursos.com.br\/blog\/wp-json\/wp\/v2\/media?parent=848894"}],"wp:term":[{"taxonomy":"category","embeddable":true,"href":"https:\/\/www.estrategiaconcursos.com.br\/blog\/wp-json\/wp\/v2\/categories?post=848894"},{"taxonomy":"post_tag","embeddable":true,"href":"https:\/\/www.estrategiaconcursos.com.br\/blog\/wp-json\/wp\/v2\/tags?post=848894"},{"taxonomy":"tax_estado","embeddable":true,"href":"https:\/\/www.estrategiaconcursos.com.br\/blog\/wp-json\/wp\/v2\/tax_estado?post=848894"}],"curies":[{"name":"wp","href":"https:\/\/api.w.org\/{rel}","templated":true}]}}