{"id":848612,"date":"2021-09-01T06:50:00","date_gmt":"2021-09-01T09:50:00","guid":{"rendered":"https:\/\/www.estrategiaconcursos.com.br\/blog\/?p=848612"},"modified":"2023-06-14T14:28:28","modified_gmt":"2023-06-14T17:28:28","slug":"curso-exclusivo-de-direito-administrativo","status":"publish","type":"post","link":"https:\/\/www.estrategiaconcursos.com.br\/blog\/curso-exclusivo-de-direito-administrativo\/","title":{"rendered":"Curso Exclusivo de Direito Administrativo"},"content":{"rendered":"\n<p>O <strong>Professor Bruno Betti<\/strong> ministra o curso exclusivo de <strong>Direito Administrativo<\/strong> com&nbsp;<strong>20 aulas. No total ser\u00e3o 60 horas l\u00edquidas&nbsp;<\/strong>de&nbsp;<strong>estudo de alto n\u00edvel<\/strong>. O evento come\u00e7a no dia 01\/09 e termina em 25\/11\/2021. Veja abaixo e a programa\u00e7\u00e3o: <\/p>\n\n\n\n<h3 class=\"wp-block-heading\" id=\"h-direito-administrativo-cronograma\">Direito Administrativo: Cronograma<\/h3>\n\n\n\n<p><strong>Aula 1 \u2013 Atos Administrativos \u2013 1\u00ba\/9 <\/strong><\/p>\n\n\n\n<p>Conceito, Vincula\u00e7\u00e3o e Discricionariedade, Sil\u00eancio da Administra\u00e7\u00e3o e Atributos.<\/p>\n\n\n\n<p><\/p>\n\n\n\n<p><strong>Aula 2 \u2013 Atos Administrativos \u2013 8\/9<\/strong><\/p>\n\n\n\n<p>Elementos do Ato Administrativo, Convalida\u00e7\u00e3o, Extin\u00e7\u00e3o do Ato e Classifica\u00e7\u00e3o.<\/p>\n\n\n\n<p><\/p>\n\n\n\n<p><strong>Aula 3 \u2013 Agentes P\u00fablicos \u2013 15\/9<\/strong><\/p>\n\n\n\n<p>Conceito, Teorias, Classifica\u00e7\u00e3o, Regimes Jur\u00eddicos e&nbsp; Regime Jur\u00eddico \u00danico; Artigos constitucionais relevantes e a jurisprud\u00eancia respectiva.<\/p>\n\n\n\n<p><\/p>\n\n\n\n<p><strong>Aula 4 \u2013 Agentes P\u00fablicos \u2013 22\/9<\/strong><\/p>\n\n\n\n<p>Aposentadoria, Mandato Eletivo, Regime Remunerat\u00f3rio e Jurisprud\u00eancias Respectivas.<\/p>\n\n\n\n<p><\/p>\n\n\n\n<p><strong>Aula 5 \u2013 Agentes P\u00fablicos \u2013 23\/9<\/strong><\/p>\n\n\n\n<p>Lei 8.112\/90 \u2013 Aspectos mais relevantes.<\/p>\n\n\n\n<p><\/p>\n\n\n\n<p><strong>Aula 6 \u2013 Improbidade Administrativa e Lei Anticorrup\u00e7\u00e3o \u2013 29\/9<\/strong><\/p>\n\n\n\n<p>Conceito, Sujeito Passivo e Ativo, Tipologia, San\u00e7\u00f5es, Prescri\u00e7\u00e3o Jurisprud\u00eancias STF e STJ Lei Anticorrup\u00e7\u00e3o.<\/p>\n\n\n\n<p><\/p>\n\n\n\n<p><strong>Aula 7 \u2013 Organiza\u00e7\u00e3o Administrativa \u2013 30\/9<\/strong><\/p>\n\n\n\n<p>Desconcentra\u00e7\u00e3o, Descentraliza\u00e7\u00e3o, Centraliza\u00e7\u00e3o, Concentra\u00e7\u00e3o; Entidades da Administra\u00e7\u00e3o P\u00fablica Indireta.<\/p>\n\n\n\n<p><\/p>\n\n\n\n<p><strong>Aula 8 \u2013 Entes do 3\u00ba Setor \u2013 6\/10 <\/strong><\/p>\n\n\n\n<p>Organiza\u00e7\u00e3o Social, Organiza\u00e7\u00e3o Social da Sociedade Civil do Interesse P\u00fablico Organiza\u00e7\u00e3o da Sociedade Civil &#8211; MROSC.<\/p>\n\n\n\n<p><\/p>\n\n\n\n<p><strong>Aula 9 \u2013 Licita\u00e7\u00f5es \u2013 7\/10<\/strong><\/p>\n\n\n\n<p>Conceito e Princ\u00edpios.<\/p>\n\n\n\n<p><\/p>\n\n\n\n<p><strong>Aula 10 \u2013 Licita\u00e7\u00f5es \u2013 13\/10<\/strong><\/p>\n\n\n\n<p>Contrata\u00e7\u00e3o Direta, Procedimento e Modalidades.<\/p>\n\n\n\n<p><\/p>\n\n\n\n<p><strong>Aula 11 \u2013 Licita\u00e7\u00f5es \u2013 14\/10<\/strong><\/p>\n\n\n\n<p>Anula\u00e7\u00e3o e Revoga\u00e7\u00e3o; Procedimentos Auxiliares.<\/p>\n\n\n\n<p><\/p>\n\n\n\n<p><strong>Aula 12 \u2013 Contratos \u2013 20\/10<\/strong><\/p>\n\n\n\n<p><strong>Conceito, Caracter\u00edsticas, Cl\u00e1usulas Necess\u00e1rias, Dura\u00e7\u00e3o dos Contratos e Garantias.<\/strong><\/p>\n\n\n\n<p><\/p>\n\n\n\n<p><strong>Aula 13 \u2013 Contratos \u2013 21\/10<\/strong><\/p>\n\n\n\n<p>Cl\u00e1usulas Exorbitantes, Formaliza\u00e7\u00e3o, Extin\u00e7\u00e3o do Contrato, \u00c1leas, Meios alternativos de resolu\u00e7\u00e3o de controv\u00e9rsias.<\/p>\n\n\n\n<p><\/p>\n\n\n\n<p><strong>Aula 14 &#8211; Responsabilidade Civil do Estado \u2013 27\/10<\/strong><\/p>\n\n\n\n<p>Responsabilidade por atos l\u00edcitos, Teorias Civilistas e Administrativas, Dupla Garantia, Denuncia\u00e7\u00e3o \u00e0 lide, Rela\u00e7\u00e3o de Cust\u00f3dia, Responsabilidade do Estado em raz\u00e3o de vacina. Prescri\u00e7\u00e3o. Responsabilidade de Not\u00e1rios.<\/p>\n\n\n\n<p><\/p>\n\n\n\n<p><strong>Aula 15 \u2013 Desapropria\u00e7\u00e3o \u2013 28\/10<\/strong><\/p>\n\n\n\n<p>Conceito, Classifica\u00e7\u00e3o, Fases da Desapropria\u00e7\u00e3o; Desapropria\u00e7\u00e3o de Bens P\u00fablicos; Bens Insuscet\u00edveis de Desapropria\u00e7\u00e3o, Desapropria\u00e7\u00e3o por Zona, Direito de Extens\u00e3o.<\/p>\n\n\n\n<p><\/p>\n\n\n\n<p><strong>Aula 16 \u2013 Desapropria\u00e7\u00e3o e Interven\u00e7\u00e3o do Estado na Propriedade \u2013 3\/11<\/strong><\/p>\n\n\n\n<p>Desist\u00eancia da Desapropria\u00e7\u00e3o, Retrocess\u00e3o, Desapropria\u00e7\u00e3o Indireta, Indeniza\u00e7\u00e3o.<\/p>\n\n\n\n<p>Limita\u00e7\u00e3o Administrativa, Requisi\u00e7\u00e3o Administrativa, Servid\u00e3o Administrativa, Ocupa\u00e7\u00e3o Tempor\u00e1ria e Tombamento<\/p>\n\n\n\n<p><\/p>\n\n\n\n<p><strong>Aula 17 \u2013 Servi\u00e7o P\u00fablico \u2013 10\/11<\/strong><\/p>\n\n\n\n<p>Conceito, Caracter\u00edsticas, Classifica\u00e7\u00e3o, &nbsp;Princ\u00edpios, Remunera\u00e7\u00e3o, Concess\u00f5es e Permiss\u00f5es de Servi\u00e7os P\u00fablicos, Permiss\u00e3o de Servi\u00e7o P\u00fablico, Autoriza\u00e7\u00e3o de Servi\u00e7o P\u00fablico, Concess\u00f5es Especiais.<\/p>\n\n\n\n<p><\/p>\n\n\n\n<p><strong>Aula 18 \u2013 Bens P\u00fablicos \u2013 17\/11<\/strong><\/p>\n\n\n\n<p>Conceito, Classifica\u00e7\u00e3o, Afeta\u00e7\u00e3o e Desafeta\u00e7\u00e3o, Regime Jur\u00eddico \u2013 Caracter\u00edsticas, Uso Privativo de Bem P\u00fablico, &nbsp;Aquisi\u00e7\u00e3o de Bens P\u00fablicos, &nbsp;Bens P\u00fablicos em Esp\u00e9cie.<\/p>\n\n\n\n<p><\/p>\n\n\n\n<p><strong>Aula 19 \u2013 Controle da Administra\u00e7\u00e3o \u2013 24\/11<\/strong><\/p>\n\n\n\n<p>Conceito, Classifica\u00e7\u00e3o, Controle Administrativo, Controle Legislativo, Controle Judicial.<\/p>\n\n\n\n<p><\/p>\n\n\n\n<p><strong>Aula 20 \u2013 Princ\u00edpios Administrativos e Regime Jur\u00eddico Administrativo \u2013 25\/11<\/strong><\/p>\n\n\n\n<p><\/p>\n\n\n\n<h3 class=\"wp-block-heading\">Direito Administrativo: Evento ao vivo<\/h3>\n\n\n\n<p class=\"has-text-align-center has-luminous-vivid-amber-background-color has-background\"><a href=\"https:\/\/www.youtube.com\/c\/Estrat%C3%A9giaCarreiraJur%C3%ADdica\/videos\" target=\"_blank\" rel=\"noreferrer noopener\"><strong>YOUTUBE &#8211; ESTRAT\u00c9GIA CARREIRA JUR\u00cdDICA<\/strong><\/a><\/p>\n\n\n\n<h2 class=\"wp-block-heading has-text-align-center\" id=\"cursos-ficha\">Quer estudar para Concursos de Direito?<\/h2>\n\n\n\n<p>O Estrat\u00e9gia Carreira Jur\u00eddica \u00e9 campe\u00e3o de aprova\u00e7\u00f5es nos concursos para Carreiras Jur\u00eddicas com um corpo docente qualificado e materiais completos. Conhe\u00e7a nossos cursos e garanta sua aprova\u00e7\u00e3o:<\/p>\n\n\n\n<div id=\"boxes\" class=\"container\">\n<div class=\"row\">\n<div class=\"col-sm\">\n<div id=\"box-assinatura\" class=\"banner-ecj\">\n<h3 class=\"titulo-assinatura\">Curso para Carreiras Jur\u00eddicas<\/h3>\n<p class=\"subtitulo-assinatura\">Cursos focados no edital do concurso<\/p>\n<div class=\"box-botao\"><a class=\"btn-assinatura\" role=\"button\" href=\"https:\/\/www.estrategiaconcursos.com.br\/cursosPorConcurso\/carreira-juridica-regular\/\" target=\"_blank\" rel=\"noopener noreferrer\">Conhe\u00e7a mais<\/a><\/div>\n<\/div>\n<p class=\"texto-auxiliar\">Prepare-se com o melhor material e com quem mais aprova em concursos em todo o pa\u00eds.<\/p>\n<\/div>\n<\/div>\n<\/div>\n\n\n\n<div id=\"boxes\" class=\"container\">\n<div class=\"row\">\n<div class=\"col-sm\">\n<div id=\"box-assinatura\" class=\"banner-ecj\">\n<h3 class=\"titulo-assinatura\">Assinatura Jur\u00eddica<\/h3>\n<p class=\"subtitulo-assinatura\">Conhe\u00e7a os planos<\/p>\n<div class=\"box-botao\"><a class=\"btn-assinatura\" role=\"button\" href=\"https:\/\/www.estrategiaconcursos.com.br\/assinaturas-ecj\/\" target=\"_blank\" rel=\"noopener noreferrer\">Conhe\u00e7a mais<\/a><\/div>\n<\/div>\n<p class=\"texto-auxiliar\">Prepare-se com o melhor material e com quem mais aprova em Concursos P\u00fablicos em todo o pa\u00eds.<\/p>\n<\/div>\n<\/div>\n<\/div>\n","protected":false},"excerpt":{"rendered":"<p>O Professor Bruno Betti ministra o curso exclusivo de Direito Administrativo com&nbsp;20 aulas. No total ser\u00e3o 60 horas l\u00edquidas&nbsp;de&nbsp;estudo de alto n\u00edvel. O evento come\u00e7a no dia 01\/09 e termina em 25\/11\/2021. Veja abaixo e a programa\u00e7\u00e3o: Direito Administrativo: Cronograma Aula 1 \u2013 Atos Administrativos \u2013 1\u00ba\/9 Conceito, Vincula\u00e7\u00e3o e Discricionariedade, Sil\u00eancio da Administra\u00e7\u00e3o e [&hellip;]<\/p>\n","protected":false},"author":1,"featured_media":848613,"comment_status":"open","ping_status":"closed","sticky":false,"template":"","format":"standard","meta":{"post_tipo":"news","footnotes":""},"categories":[2185],"tags":[],"tax_estado":[219964,219965,219966,219967,219968,219969,219963,219970,219971,219972,219973,219974,219975,219976,219977,219978,219979,219980,219981,219982,219983,219984,219985,219986,219987,219988,219989,219990],"class_list":["post-848612","post","type-post","status-publish","format-standard","has-post-thumbnail","hentry","category-carreiras-juridicas","tax_estado-ac","tax_estado-al","tax_estado-am","tax_estado-ap","tax_estado-ba","tax_estado-ce","tax_estado-concursos-federais","tax_estado-df","tax_estado-es","tax_estado-go","tax_estado-ma","tax_estado-mg","tax_estado-ms","tax_estado-mt","tax_estado-pa","tax_estado-pb","tax_estado-pe","tax_estado-pi","tax_estado-pr","tax_estado-rj","tax_estado-rn","tax_estado-ro","tax_estado-rr","tax_estado-rs","tax_estado-sc","tax_estado-se","tax_estado-sp","tax_estado-to"],"acf":[],"yoast_head":"<!-- This site is optimized with the Yoast SEO Premium plugin v27.2 (Yoast SEO v27.2) - https:\/\/yoast.com\/product\/yoast-seo-premium-wordpress\/ -->\n<title>Curso Exclusivo de Direito Administrativo<\/title>\n<meta name=\"description\" content=\"Acontece do dia 01\/09 a 25\/11\/2021 o Curso Exclusivo de Direito Administrativo que ser\u00e1 ministrado pelo professor Bruno Betti. Saiba mais neste artigo.\" \/>\n<meta name=\"robots\" content=\"index, follow, max-snippet:-1, max-image-preview:large, max-video-preview:-1\" \/>\n<link rel=\"canonical\" href=\"https:\/\/www.estrategiaconcursos.com.br\/blog\/curso-exclusivo-de-direito-administrativo\/\" \/>\n<meta property=\"og:locale\" content=\"pt_BR\" \/>\n<meta property=\"og:type\" content=\"article\" \/>\n<meta property=\"og:title\" content=\"Curso Exclusivo de Direito Administrativo\" \/>\n<meta property=\"og:description\" content=\"Acontece do dia 01\/09 a 25\/11\/2021 o Curso Exclusivo de Direito Administrativo que ser\u00e1 ministrado pelo professor Bruno Betti. Saiba mais neste artigo.\" \/>\n<meta property=\"og:url\" content=\"https:\/\/www.estrategiaconcursos.com.br\/blog\/curso-exclusivo-de-direito-administrativo\/\" \/>\n<meta property=\"og:site_name\" content=\"Estrat\u00e9gia Concursos\" \/>\n<meta property=\"article:author\" content=\"https:\/\/www.facebook.com\/EstrategiaConcursos\" \/>\n<meta property=\"article:published_time\" content=\"2021-09-01T09:50:00+00:00\" \/>\n<meta property=\"article:modified_time\" content=\"2023-06-14T17:28:28+00:00\" \/>\n<meta property=\"og:image\" content=\"https:\/\/dhg1h5j42swfq.cloudfront.net\/2021\/08\/30075525\/direito-administrativo.jpeg\" \/>\n\t<meta property=\"og:image:width\" content=\"925\" \/>\n\t<meta property=\"og:image:height\" content=\"308\" \/>\n\t<meta property=\"og:image:type\" content=\"image\/jpeg\" \/>\n<meta name=\"author\" content=\"Coordena\u00e7\u00e3o\" \/>\n<meta name=\"twitter:card\" content=\"summary_large_image\" \/>\n<meta name=\"twitter:creator\" content=\"@EstratConcursos\" \/>\n<meta name=\"twitter:site\" content=\"@EstratConcursos\" \/>\n<meta name=\"twitter:label1\" content=\"Escrito por\" \/>\n\t<meta name=\"twitter:data1\" content=\"Coordena\u00e7\u00e3o\" \/>\n\t<meta name=\"twitter:label2\" content=\"Est. tempo de leitura\" \/>\n\t<meta name=\"twitter:data2\" content=\"3 minutos\" \/>\n<script type=\"application\/ld+json\" class=\"yoast-schema-graph\">{\"@context\":\"https:\/\/schema.org\",\"@graph\":[{\"@type\":\"NewsArticle\",\"@id\":\"https:\/\/www.estrategiaconcursos.com.br\/blog\/curso-exclusivo-de-direito-administrativo\/#article\",\"isPartOf\":{\"@id\":\"https:\/\/www.estrategiaconcursos.com.br\/blog\/curso-exclusivo-de-direito-administrativo\/\"},\"author\":{\"name\":\"Coordena\u00e7\u00e3o\",\"@id\":\"https:\/\/www.estrategiaconcursos.com.br\/blog\/#\/schema\/person\/b4a388c97673c5f483d72185668afa1f\"},\"headline\":\"Curso Exclusivo de Direito Administrativo\",\"datePublished\":\"2021-09-01T09:50:00+00:00\",\"dateModified\":\"2023-06-14T17:28:28+00:00\",\"mainEntityOfPage\":{\"@id\":\"https:\/\/www.estrategiaconcursos.com.br\/blog\/curso-exclusivo-de-direito-administrativo\/\"},\"wordCount\":579,\"commentCount\":0,\"publisher\":{\"@id\":\"https:\/\/www.estrategiaconcursos.com.br\/blog\/#organization\"},\"image\":{\"@id\":\"https:\/\/www.estrategiaconcursos.com.br\/blog\/curso-exclusivo-de-direito-administrativo\/#primaryimage\"},\"thumbnailUrl\":\"https:\/\/dhg1h5j42swfq.cloudfront.net\/2021\/08\/30075525\/direito-administrativo.jpeg\",\"articleSection\":[\"Jur\u00eddico\"],\"inLanguage\":\"pt-BR\",\"potentialAction\":[{\"@type\":\"CommentAction\",\"name\":\"Comment\",\"target\":[\"https:\/\/www.estrategiaconcursos.com.br\/blog\/curso-exclusivo-de-direito-administrativo\/#respond\"]}],\"copyrightYear\":\"2021\",\"copyrightHolder\":{\"@id\":\"https:\/\/www.estrategiaconcursos.com.br\/blog\/#organization\"}},{\"@type\":\"WebPage\",\"@id\":\"https:\/\/www.estrategiaconcursos.com.br\/blog\/curso-exclusivo-de-direito-administrativo\/\",\"url\":\"https:\/\/www.estrategiaconcursos.com.br\/blog\/curso-exclusivo-de-direito-administrativo\/\",\"name\":\"Curso Exclusivo de Direito Administrativo\",\"isPartOf\":{\"@id\":\"https:\/\/www.estrategiaconcursos.com.br\/blog\/#website\"},\"primaryImageOfPage\":{\"@id\":\"https:\/\/www.estrategiaconcursos.com.br\/blog\/curso-exclusivo-de-direito-administrativo\/#primaryimage\"},\"image\":{\"@id\":\"https:\/\/www.estrategiaconcursos.com.br\/blog\/curso-exclusivo-de-direito-administrativo\/#primaryimage\"},\"thumbnailUrl\":\"https:\/\/dhg1h5j42swfq.cloudfront.net\/2021\/08\/30075525\/direito-administrativo.jpeg\",\"datePublished\":\"2021-09-01T09:50:00+00:00\",\"dateModified\":\"2023-06-14T17:28:28+00:00\",\"description\":\"Acontece do dia 01\/09 a 25\/11\/2021 o Curso Exclusivo de Direito Administrativo que ser\u00e1 ministrado pelo professor Bruno Betti. Saiba mais neste artigo.\",\"breadcrumb\":{\"@id\":\"https:\/\/www.estrategiaconcursos.com.br\/blog\/curso-exclusivo-de-direito-administrativo\/#breadcrumb\"},\"inLanguage\":\"pt-BR\",\"potentialAction\":[{\"@type\":\"ReadAction\",\"target\":[\"https:\/\/www.estrategiaconcursos.com.br\/blog\/curso-exclusivo-de-direito-administrativo\/\"]}]},{\"@type\":\"ImageObject\",\"inLanguage\":\"pt-BR\",\"@id\":\"https:\/\/www.estrategiaconcursos.com.br\/blog\/curso-exclusivo-de-direito-administrativo\/#primaryimage\",\"url\":\"https:\/\/dhg1h5j42swfq.cloudfront.net\/2021\/08\/30075525\/direito-administrativo.jpeg\",\"contentUrl\":\"https:\/\/dhg1h5j42swfq.cloudfront.net\/2021\/08\/30075525\/direito-administrativo.jpeg\",\"width\":925,\"height\":308,\"caption\":\"Princ\u00edpios aplic\u00e1veis \u00e0s licita\u00e7\u00f5es p\u00fablicas\"},{\"@type\":\"BreadcrumbList\",\"@id\":\"https:\/\/www.estrategiaconcursos.com.br\/blog\/curso-exclusivo-de-direito-administrativo\/#breadcrumb\",\"itemListElement\":[{\"@type\":\"ListItem\",\"position\":1,\"name\":\"In\u00edcio\",\"item\":\"https:\/\/www.estrategiaconcursos.com.br\/blog\/\"},{\"@type\":\"ListItem\",\"position\":2,\"name\":\"Curso Exclusivo de Direito Administrativo\"}]},{\"@type\":\"WebSite\",\"@id\":\"https:\/\/www.estrategiaconcursos.com.br\/blog\/#website\",\"url\":\"https:\/\/www.estrategiaconcursos.com.br\/blog\/\",\"name\":\"Estrat\u00e9gia Concursos\",\"description\":\"O blog da Estrat\u00e9gia Concursos traz not\u00edcias sobre concursos e artigos de professores oferecendo cursos para concursos (pdf + videaulas) no site.\",\"publisher\":{\"@id\":\"https:\/\/www.estrategiaconcursos.com.br\/blog\/#organization\"},\"potentialAction\":[{\"@type\":\"SearchAction\",\"target\":{\"@type\":\"EntryPoint\",\"urlTemplate\":\"https:\/\/www.estrategiaconcursos.com.br\/blog\/?s={search_term_string}\"},\"query-input\":{\"@type\":\"PropertyValueSpecification\",\"valueRequired\":true,\"valueName\":\"search_term_string\"}}],\"inLanguage\":\"pt-BR\"},{\"@type\":\"Organization\",\"@id\":\"https:\/\/www.estrategiaconcursos.com.br\/blog\/#organization\",\"name\":\"Estrat\u00e9gia Concursos\",\"url\":\"https:\/\/www.estrategiaconcursos.com.br\/blog\/\",\"logo\":{\"@type\":\"ImageObject\",\"inLanguage\":\"pt-BR\",\"@id\":\"https:\/\/www.estrategiaconcursos.com.br\/blog\/#\/schema\/logo\/image\/\",\"url\":\"https:\/\/dhg1h5j42swfq.cloudfront.net\/2025\/06\/03203428\/logo_concursos-1.jpg\",\"contentUrl\":\"https:\/\/dhg1h5j42swfq.cloudfront.net\/2025\/06\/03203428\/logo_concursos-1.jpg\",\"width\":230,\"height\":60,\"caption\":\"Estrat\u00e9gia Concursos\"},\"image\":{\"@id\":\"https:\/\/www.estrategiaconcursos.com.br\/blog\/#\/schema\/logo\/image\/\"},\"sameAs\":[\"https:\/\/x.com\/EstratConcursos\"]},{\"@type\":\"Person\",\"@id\":\"https:\/\/www.estrategiaconcursos.com.br\/blog\/#\/schema\/person\/b4a388c97673c5f483d72185668afa1f\",\"name\":\"Coordena\u00e7\u00e3o\",\"image\":{\"@type\":\"ImageObject\",\"inLanguage\":\"pt-BR\",\"@id\":\"https:\/\/secure.gravatar.com\/avatar\/b720319e4c9a967eb58678d110f4fe35452fc5d5f97b202bac7b8acceb18c6ad?s=96&d=mm&r=g\",\"url\":\"https:\/\/secure.gravatar.com\/avatar\/b720319e4c9a967eb58678d110f4fe35452fc5d5f97b202bac7b8acceb18c6ad?s=96&d=mm&r=g\",\"contentUrl\":\"https:\/\/secure.gravatar.com\/avatar\/b720319e4c9a967eb58678d110f4fe35452fc5d5f97b202bac7b8acceb18c6ad?s=96&d=mm&r=g\",\"caption\":\"Coordena\u00e7\u00e3o\"},\"sameAs\":[\"https:\/\/www.facebook.com\/EstrategiaConcursos\",\"https:\/\/x.com\/EstratConcursos\"],\"url\":\"https:\/\/www.estrategiaconcursos.com.br\/blog\/author\/estrategia2013\/\"}]}<\/script>\n<!-- \/ Yoast SEO Premium plugin. -->","yoast_head_json":{"title":"Curso Exclusivo de Direito Administrativo","description":"Acontece do dia 01\/09 a 25\/11\/2021 o Curso Exclusivo de Direito Administrativo que ser\u00e1 ministrado pelo professor Bruno Betti. Saiba mais neste artigo.","robots":{"index":"index","follow":"follow","max-snippet":"max-snippet:-1","max-image-preview":"max-image-preview:large","max-video-preview":"max-video-preview:-1"},"canonical":"https:\/\/www.estrategiaconcursos.com.br\/blog\/curso-exclusivo-de-direito-administrativo\/","og_locale":"pt_BR","og_type":"article","og_title":"Curso Exclusivo de Direito Administrativo","og_description":"Acontece do dia 01\/09 a 25\/11\/2021 o Curso Exclusivo de Direito Administrativo que ser\u00e1 ministrado pelo professor Bruno Betti. Saiba mais neste artigo.","og_url":"https:\/\/www.estrategiaconcursos.com.br\/blog\/curso-exclusivo-de-direito-administrativo\/","og_site_name":"Estrat\u00e9gia Concursos","article_author":"https:\/\/www.facebook.com\/EstrategiaConcursos","article_published_time":"2021-09-01T09:50:00+00:00","article_modified_time":"2023-06-14T17:28:28+00:00","og_image":[{"width":925,"height":308,"url":"https:\/\/dhg1h5j42swfq.cloudfront.net\/2021\/08\/30075525\/direito-administrativo.jpeg","type":"image\/jpeg"}],"author":"Coordena\u00e7\u00e3o","twitter_card":"summary_large_image","twitter_creator":"@EstratConcursos","twitter_site":"@EstratConcursos","twitter_misc":{"Escrito por":"Coordena\u00e7\u00e3o","Est. tempo de leitura":"3 minutos"},"schema":{"@context":"https:\/\/schema.org","@graph":[{"@type":"NewsArticle","@id":"https:\/\/www.estrategiaconcursos.com.br\/blog\/curso-exclusivo-de-direito-administrativo\/#article","isPartOf":{"@id":"https:\/\/www.estrategiaconcursos.com.br\/blog\/curso-exclusivo-de-direito-administrativo\/"},"author":{"name":"Coordena\u00e7\u00e3o","@id":"https:\/\/www.estrategiaconcursos.com.br\/blog\/#\/schema\/person\/b4a388c97673c5f483d72185668afa1f"},"headline":"Curso Exclusivo de Direito Administrativo","datePublished":"2021-09-01T09:50:00+00:00","dateModified":"2023-06-14T17:28:28+00:00","mainEntityOfPage":{"@id":"https:\/\/www.estrategiaconcursos.com.br\/blog\/curso-exclusivo-de-direito-administrativo\/"},"wordCount":579,"commentCount":0,"publisher":{"@id":"https:\/\/www.estrategiaconcursos.com.br\/blog\/#organization"},"image":{"@id":"https:\/\/www.estrategiaconcursos.com.br\/blog\/curso-exclusivo-de-direito-administrativo\/#primaryimage"},"thumbnailUrl":"https:\/\/dhg1h5j42swfq.cloudfront.net\/2021\/08\/30075525\/direito-administrativo.jpeg","articleSection":["Jur\u00eddico"],"inLanguage":"pt-BR","potentialAction":[{"@type":"CommentAction","name":"Comment","target":["https:\/\/www.estrategiaconcursos.com.br\/blog\/curso-exclusivo-de-direito-administrativo\/#respond"]}],"copyrightYear":"2021","copyrightHolder":{"@id":"https:\/\/www.estrategiaconcursos.com.br\/blog\/#organization"}},{"@type":"WebPage","@id":"https:\/\/www.estrategiaconcursos.com.br\/blog\/curso-exclusivo-de-direito-administrativo\/","url":"https:\/\/www.estrategiaconcursos.com.br\/blog\/curso-exclusivo-de-direito-administrativo\/","name":"Curso Exclusivo de Direito Administrativo","isPartOf":{"@id":"https:\/\/www.estrategiaconcursos.com.br\/blog\/#website"},"primaryImageOfPage":{"@id":"https:\/\/www.estrategiaconcursos.com.br\/blog\/curso-exclusivo-de-direito-administrativo\/#primaryimage"},"image":{"@id":"https:\/\/www.estrategiaconcursos.com.br\/blog\/curso-exclusivo-de-direito-administrativo\/#primaryimage"},"thumbnailUrl":"https:\/\/dhg1h5j42swfq.cloudfront.net\/2021\/08\/30075525\/direito-administrativo.jpeg","datePublished":"2021-09-01T09:50:00+00:00","dateModified":"2023-06-14T17:28:28+00:00","description":"Acontece do dia 01\/09 a 25\/11\/2021 o Curso Exclusivo de Direito Administrativo que ser\u00e1 ministrado pelo professor Bruno Betti. Saiba mais neste artigo.","breadcrumb":{"@id":"https:\/\/www.estrategiaconcursos.com.br\/blog\/curso-exclusivo-de-direito-administrativo\/#breadcrumb"},"inLanguage":"pt-BR","potentialAction":[{"@type":"ReadAction","target":["https:\/\/www.estrategiaconcursos.com.br\/blog\/curso-exclusivo-de-direito-administrativo\/"]}]},{"@type":"ImageObject","inLanguage":"pt-BR","@id":"https:\/\/www.estrategiaconcursos.com.br\/blog\/curso-exclusivo-de-direito-administrativo\/#primaryimage","url":"https:\/\/dhg1h5j42swfq.cloudfront.net\/2021\/08\/30075525\/direito-administrativo.jpeg","contentUrl":"https:\/\/dhg1h5j42swfq.cloudfront.net\/2021\/08\/30075525\/direito-administrativo.jpeg","width":925,"height":308,"caption":"Princ\u00edpios aplic\u00e1veis \u00e0s licita\u00e7\u00f5es p\u00fablicas"},{"@type":"BreadcrumbList","@id":"https:\/\/www.estrategiaconcursos.com.br\/blog\/curso-exclusivo-de-direito-administrativo\/#breadcrumb","itemListElement":[{"@type":"ListItem","position":1,"name":"In\u00edcio","item":"https:\/\/www.estrategiaconcursos.com.br\/blog\/"},{"@type":"ListItem","position":2,"name":"Curso Exclusivo de Direito Administrativo"}]},{"@type":"WebSite","@id":"https:\/\/www.estrategiaconcursos.com.br\/blog\/#website","url":"https:\/\/www.estrategiaconcursos.com.br\/blog\/","name":"Estrat\u00e9gia Concursos","description":"O blog da Estrat\u00e9gia Concursos traz not\u00edcias sobre concursos e artigos de professores oferecendo cursos para concursos (pdf + videaulas) no site.","publisher":{"@id":"https:\/\/www.estrategiaconcursos.com.br\/blog\/#organization"},"potentialAction":[{"@type":"SearchAction","target":{"@type":"EntryPoint","urlTemplate":"https:\/\/www.estrategiaconcursos.com.br\/blog\/?s={search_term_string}"},"query-input":{"@type":"PropertyValueSpecification","valueRequired":true,"valueName":"search_term_string"}}],"inLanguage":"pt-BR"},{"@type":"Organization","@id":"https:\/\/www.estrategiaconcursos.com.br\/blog\/#organization","name":"Estrat\u00e9gia Concursos","url":"https:\/\/www.estrategiaconcursos.com.br\/blog\/","logo":{"@type":"ImageObject","inLanguage":"pt-BR","@id":"https:\/\/www.estrategiaconcursos.com.br\/blog\/#\/schema\/logo\/image\/","url":"https:\/\/dhg1h5j42swfq.cloudfront.net\/2025\/06\/03203428\/logo_concursos-1.jpg","contentUrl":"https:\/\/dhg1h5j42swfq.cloudfront.net\/2025\/06\/03203428\/logo_concursos-1.jpg","width":230,"height":60,"caption":"Estrat\u00e9gia Concursos"},"image":{"@id":"https:\/\/www.estrategiaconcursos.com.br\/blog\/#\/schema\/logo\/image\/"},"sameAs":["https:\/\/x.com\/EstratConcursos"]},{"@type":"Person","@id":"https:\/\/www.estrategiaconcursos.com.br\/blog\/#\/schema\/person\/b4a388c97673c5f483d72185668afa1f","name":"Coordena\u00e7\u00e3o","image":{"@type":"ImageObject","inLanguage":"pt-BR","@id":"https:\/\/secure.gravatar.com\/avatar\/b720319e4c9a967eb58678d110f4fe35452fc5d5f97b202bac7b8acceb18c6ad?s=96&d=mm&r=g","url":"https:\/\/secure.gravatar.com\/avatar\/b720319e4c9a967eb58678d110f4fe35452fc5d5f97b202bac7b8acceb18c6ad?s=96&d=mm&r=g","contentUrl":"https:\/\/secure.gravatar.com\/avatar\/b720319e4c9a967eb58678d110f4fe35452fc5d5f97b202bac7b8acceb18c6ad?s=96&d=mm&r=g","caption":"Coordena\u00e7\u00e3o"},"sameAs":["https:\/\/www.facebook.com\/EstrategiaConcursos","https:\/\/x.com\/EstratConcursos"],"url":"https:\/\/www.estrategiaconcursos.com.br\/blog\/author\/estrategia2013\/"}]}},"_links":{"self":[{"href":"https:\/\/www.estrategiaconcursos.com.br\/blog\/wp-json\/wp\/v2\/posts\/848612","targetHints":{"allow":["GET"]}}],"collection":[{"href":"https:\/\/www.estrategiaconcursos.com.br\/blog\/wp-json\/wp\/v2\/posts"}],"about":[{"href":"https:\/\/www.estrategiaconcursos.com.br\/blog\/wp-json\/wp\/v2\/types\/post"}],"author":[{"embeddable":true,"href":"https:\/\/www.estrategiaconcursos.com.br\/blog\/wp-json\/wp\/v2\/users\/1"}],"replies":[{"embeddable":true,"href":"https:\/\/www.estrategiaconcursos.com.br\/blog\/wp-json\/wp\/v2\/comments?post=848612"}],"version-history":[{"count":10,"href":"https:\/\/www.estrategiaconcursos.com.br\/blog\/wp-json\/wp\/v2\/posts\/848612\/revisions"}],"predecessor-version":[{"id":1232201,"href":"https:\/\/www.estrategiaconcursos.com.br\/blog\/wp-json\/wp\/v2\/posts\/848612\/revisions\/1232201"}],"wp:featuredmedia":[{"embeddable":true,"href":"https:\/\/www.estrategiaconcursos.com.br\/blog\/wp-json\/wp\/v2\/media\/848613"}],"wp:attachment":[{"href":"https:\/\/www.estrategiaconcursos.com.br\/blog\/wp-json\/wp\/v2\/media?parent=848612"}],"wp:term":[{"taxonomy":"category","embeddable":true,"href":"https:\/\/www.estrategiaconcursos.com.br\/blog\/wp-json\/wp\/v2\/categories?post=848612"},{"taxonomy":"post_tag","embeddable":true,"href":"https:\/\/www.estrategiaconcursos.com.br\/blog\/wp-json\/wp\/v2\/tags?post=848612"},{"taxonomy":"tax_estado","embeddable":true,"href":"https:\/\/www.estrategiaconcursos.com.br\/blog\/wp-json\/wp\/v2\/tax_estado?post=848612"}],"curies":[{"name":"wp","href":"https:\/\/api.w.org\/{rel}","templated":true}]}}