{"id":848418,"date":"2021-08-30T08:40:26","date_gmt":"2021-08-30T11:40:26","guid":{"rendered":"https:\/\/www.estrategiaconcursos.com.br\/blog\/?p=848418"},"modified":"2021-08-30T08:40:28","modified_gmt":"2021-08-30T11:40:28","slug":"gabarito-extraoficial-sefaz-es-direito-empresarial","status":"publish","type":"post","link":"https:\/\/www.estrategiaconcursos.com.br\/blog\/gabarito-extraoficial-sefaz-es-direito-empresarial\/","title":{"rendered":"Gabarito Extraoficial SEFAZ ES &#8211; Direito Empresarial"},"content":{"rendered":"\n<p>Ol\u00e1, pessoal. Prof. Cadu Carrilho aqui, tudo bem?<\/p>\n\n\n\n<p>Neste artigo trarei o gabarito e a corre\u00e7\u00e3o extraoficial da prova de <strong>Direito Empresarial <\/strong>aplicada para o cargo de Auditor Fiscal da SEFAZ ES, realizada neste domingo (29\/08). <\/p>\n\n\n\n<p>Vamos l\u00e1?<\/p>\n\n\n\n<hr class=\"wp-block-separator\"\/>\n\n\n\n<p><strong>17 \u2013 O saldo das reservas de lucros&#8230;<\/strong><\/p>\n\n\n\n<p>Coment\u00e1rio:<\/p>\n\n\n\n<p>Quest\u00e3o letra de lei. O art. 199 da Lei 6.404 estabelece que nos casos em que o saldo de reserva de lucros ultrapassar o capital social, a assembleia geral delibera sobre a aplica\u00e7\u00e3o desse excesso que pode ser feita na integraliza\u00e7\u00e3o, ou no aumento do capital social ou na distribui\u00e7\u00e3o de dividendos. Lembrando que essa conta deve ser feita excluindo as conting\u00eancias, os incentivos fiscais e os lucros a realizar.<\/p>\n\n\n\n<p><em>Lei 6404 &#8211; Art. 199.&nbsp; O saldo das reservas de lucros, exceto as para conting\u00eancias, de incentivos fiscais e de lucros a realizar, n\u00e3o poder\u00e1 ultrapassar o capital social. Atingindo esse limite, a assembl\u00e9ia deliberar\u00e1 sobre aplica\u00e7\u00e3o do excesso na integraliza\u00e7\u00e3o ou no aumento do capital social ou na distribui\u00e7\u00e3o de dividendos.<\/em><\/p>\n\n\n\n<p>Gabarito: E<\/p>\n\n\n\n<p><strong>18 \u2013 O empres\u00e1rio individual J. Monteiro&#8230;<\/strong><\/p>\n\n\n\n<p>Coment\u00e1rio:<\/p>\n\n\n\n<p>A lei 14.112 de 2020 incluiu a previs\u00e3o de mais uma hip\u00f3tese de convola\u00e7\u00e3o da recupera\u00e7\u00e3o judicial do devedor em fal\u00eancia. Essa possibilidade \u00e9 a que prev\u00ea a decreta\u00e7\u00e3o da fal\u00eancia do devedor em recupera\u00e7\u00e3o judicial que descumpra o parcelamento feito junto \u00e0s Fazendas P\u00fablicas. Portanto, o descumprimento do parcelamento pelo devedor em recupera\u00e7\u00e3o judicial enseja a decreta\u00e7\u00e3o da fal\u00eancia durante o processo de recupera\u00e7\u00e3o.<\/p>\n\n\n\n<p><em>Lei 11.101 &#8211; Art. 73. O juiz decretar\u00e1 a fal\u00eancia durante o processo de recupera\u00e7\u00e3o judicial:<\/em><\/p>\n\n\n\n<p><em>IV \u2013 por descumprimento de qualquer obriga\u00e7\u00e3o assumida no plano de recupera\u00e7\u00e3o, na forma do \u00a7 1\u00ba do art. 61 desta Lei.<\/em><\/p>\n\n\n\n<p><em>V &#8211; por descumprimento dos parcelamentos referidos no art. 68 desta Lei ou da transa\u00e7\u00e3o prevista no art. 10-C da Lei n\u00ba 10.522, de 19 de julho de 2002; e (Inclu\u00eddo pela Lei n\u00ba 14.112, de 2020)&nbsp;&nbsp; (Vig\u00eancia)<\/em><\/p>\n\n\n\n<p><em>Art. 68. As Fazendas P\u00fablicas e o Instituto Nacional do Seguro Social \u2013 INSS poder\u00e3o deferir, nos termos da legisla\u00e7\u00e3o espec\u00edfica, parcelamento de seus cr\u00e9ditos, em sede de recupera\u00e7\u00e3o judicial, de acordo com os par\u00e2metros estabelecidos na Lei n\u00ba 5.172, de 25 de outubro de 1966 &#8211; C\u00f3digo Tribut\u00e1rio Nacional.<\/em><\/p>\n\n\n\n<p>Gabarito: E<\/p>\n\n\n\n<p><strong>19 \u2013 No processo de fal\u00eancia de Muniz&#8230;<\/strong><\/p>\n\n\n\n<p>Coment\u00e1rio:<\/p>\n\n\n\n<p>I \u2013 <strong>Errada<\/strong> \u2013 O incidente de classifica\u00e7\u00e3o de cr\u00e9dito p\u00fablico s\u00f3 pode ser feito de of\u00edcio pelo juiz, n\u00e3o h\u00e1 que se falar em requerimento da parte ou do Minist\u00e9rio P\u00fablico.<\/p>\n\n\n\n<p><em>Lei 11.101 &#8211; Art. 7\u00ba-A. Na fal\u00eancia, ap\u00f3s realizadas as intima\u00e7\u00f5es e publicado o edital, conforme previsto, respectivamente, no inciso XIII do caput e no \u00a7 1\u00ba do art. 99 desta Lei, o juiz instaurar\u00e1, de of\u00edcio, para cada Fazenda P\u00fablica credora, incidente de classifica\u00e7\u00e3o de cr\u00e9dito p\u00fablico e determinar\u00e1 a sua intima\u00e7\u00e3o eletr\u00f4nica para que, no prazo de 30 (trinta) dias, apresente diretamente ao administrador judicial ou em ju\u00edzo, a depender do momento processual, a rela\u00e7\u00e3o completa de seus cr\u00e9ditos inscritos em d\u00edvida ativa, acompanhada dos c\u00e1lculos, da classifica\u00e7\u00e3o e das informa\u00e7\u00f5es sobre a situa\u00e7\u00e3o atual.&nbsp;&nbsp;&nbsp; (Inclu\u00eddo pela Lei n\u00ba 14.112, de 2020)&nbsp;&nbsp;&nbsp;&nbsp;&nbsp; (Vig\u00eancia)<\/em><\/p>\n\n\n\n<p>II \u2013 <strong>Correta<\/strong> \u2013 Essa est\u00e1 totalmente de acordo com a parte da lei abaixo transcrita.<\/p>\n\n\n\n<p><em>\u00a7 1\u00ba Para efeito do disposto no caput deste artigo, considera-se Fazenda P\u00fablica credora aquela que conste da rela\u00e7\u00e3o do edital previsto no \u00a7 1\u00ba do art. 99 desta Lei, ou que, ap\u00f3s a intima\u00e7\u00e3o prevista no inciso XIII do caput do art. 99 desta Lei, alegue nos autos, no prazo de 15 (quinze) dias, possuir cr\u00e9dito contra o falido.&nbsp;&nbsp;&nbsp;&nbsp;&nbsp;&nbsp; (Inclu\u00eddo pela Lei n\u00ba 14.112, de 2020)&nbsp;&nbsp;&nbsp; (Vig\u00eancia)<\/em><\/p>\n\n\n\n<p><em>Art. 99 &#8211; \u00a7 1\u00ba O juiz ordenar\u00e1 a publica\u00e7\u00e3o de edital eletr\u00f4nico com a \u00edntegra da decis\u00e3o que decreta a fal\u00eancia e a rela\u00e7\u00e3o de credores apresentada pelo falido.&nbsp;&nbsp; (Inclu\u00eddo pela Lei n\u00ba 14.112, de 2020)&nbsp;&nbsp; (Vig\u00eancia)<\/em><\/p>\n\n\n\n<p>III \u2013 <strong>Errada<\/strong> \u2013 As execu\u00e7\u00f5es fiscais no incidente de classifica\u00e7\u00e3o de cr\u00e9dito p\u00fablico ficam suspensas at\u00e9 o fim da fal\u00eancia e n\u00e3o at\u00e9 o encerramento da arrecada\u00e7\u00e3o como dito nesse item.<\/p>\n\n\n\n<p><em>\u00a7 4\u00ba Com rela\u00e7\u00e3o \u00e0 aplica\u00e7\u00e3o do disposto neste artigo, ser\u00e3o observadas as seguintes disposi\u00e7\u00f5es:&nbsp;&nbsp;&nbsp;&nbsp;&nbsp; (Inclu\u00eddo pela Lei n\u00ba 14.112, de 2020)&nbsp;&nbsp;&nbsp; (Vig\u00eancia)<\/em><\/p>\n\n\n\n<p><em>V &#8211; as execu\u00e7\u00f5es fiscais permanecer\u00e3o suspensas at\u00e9 o encerramento da fal\u00eancia, sem preju\u00edzo da possibilidade de prosseguimento contra os correspons\u00e1veis;&nbsp;&nbsp;&nbsp;&nbsp;&nbsp;<\/em><\/p>\n\n\n\n<p>Gabarito: B<\/p>\n\n\n\n<p><strong>20 \u2013 O Sistema Operacional das Cooperativas&#8230;<\/strong><\/p>\n\n\n\n<p>Coment\u00e1rio:<\/p>\n\n\n\n<p>A lei do cooperativismo define com clareza o que \u00e9 considerado Ato Cooperativos.<\/p>\n\n\n\n<p><em>LEI N\u00ba 5.764, DE 16 DE DEZEMBRO DE 1971 &#8211; Define a Pol\u00edtica Nacional de Cooperativismo, institui o regime jur\u00eddico das sociedades cooperativas, e d\u00e1 outras provid\u00eancias.<\/em><\/p>\n\n\n\n<p><em>Art. 79. Denominam-se atos cooperativos os praticados entre as cooperativas e seus associados, entre estes e aquelas e pelas cooperativas entre si quando associados, para a consecu\u00e7\u00e3o dos objetivos sociais.<\/em><\/p>\n\n\n\n<p><em>Par\u00e1grafo \u00fanico. O ato cooperativo n\u00e3o implica opera\u00e7\u00e3o de mercado, nem contrato de compra e venda de produto ou mercadoria.<\/em><\/p>\n\n\n\n<p>Gabarito: B<\/p>\n\n\n\n<p><strong>21 \u2013 As op\u00e7\u00f5es a seguir apresentam regras legais&#8230;<\/strong><\/p>\n\n\n\n<p>Coment\u00e1rio:<\/p>\n\n\n\n<p>A) Correta &#8211; Art. 18-E \u00a7 2o Todo benef\u00edcio previsto nesta Lei Complementar aplic\u00e1vel \u00e0 microempresa estende-se ao MEI sempre que lhe for mais favor\u00e1vel.&nbsp;&nbsp;<\/p>\n\n\n\n<p>B) Correta &#8211; Art. 18 \u2013A &#8211; \u00a7 25. O MEI poder\u00e1 utilizar sua resid\u00eancia como sede do estabelecimento, quando n\u00e3o for indispens\u00e1vel a exist\u00eancia de local pr\u00f3prio para o exerc\u00edcio da atividade.<\/p>\n\n\n\n<p>C) Errada \u2013 Pode sim ter empregado.<\/p>\n\n\n\n<p>Art. 18-C.&nbsp; Observado o disposto no caput e nos \u00a7\u00a7 1o a 25 do art. 18-A desta Lei Complementar, poder\u00e1 enquadrar-se como MEI o empres\u00e1rio individual ou o empreendedor que exer\u00e7a as atividades de industrializa\u00e7\u00e3o, comercializa\u00e7\u00e3o e presta\u00e7\u00e3o de servi\u00e7os no \u00e2mbito rural que possua um \u00fanico empregado que receba exclusivamente um sal\u00e1rio m\u00ednimo ou o piso salarial da categoria profissional.<\/p>\n\n\n\n<p>D) Correta &#8211; Art. 18-E.&nbsp; O instituto do MEI \u00e9 uma pol\u00edtica p\u00fablica que tem por objetivo a formaliza\u00e7\u00e3o de pequenos empreendimentos e a inclus\u00e3o social e previdenci\u00e1ria.<\/p>\n\n\n\n<p>E) Correta &#8211; Art. 18 \u2013 A. \u00a7 19-A O MEI inscrito no conselho profissional de sua categoria na qualidade de pessoa f\u00edsica \u00e9 dispensado de realizar nova inscri\u00e7\u00e3o no mesmo conselho na qualidade de empres\u00e1rio individual.<\/p>\n\n\n\n<p>Gabarito: C<\/p>\n\n\n\n<p><strong>22 \u2013 Dores da Terra Org\u00e2nicos Ltda&#8230;.<\/strong><\/p>\n\n\n\n<p>Coment\u00e1rio:<\/p>\n\n\n\n<p>O prazo de aceite das duplicatas normais \u00e9 de&nbsp; dias, por\u00e9m a lei das duplicatas escriturais diz que o prazo de aceite ser\u00e1 o de devolu\u00e7\u00e3o acrescido da metade, ou seja, de dez dias mais a metade disso, portanto, prazo para aceite do devedor das duplicatas escriturais \u00e9 de 15 dias da apresenta\u00e7\u00e3o da duplicata.<\/p>\n\n\n\n<p><em>LEI N\u00ba 13.775, DE 20 DE DEZEMBRO DE 2018. Disp\u00f5e sobre a emiss\u00e3o de duplicata sob a forma escritural; altera a Lei n\u00ba 9.492, de 10 de setembro de 1997; e d\u00e1 outras provid\u00eancias.<\/em><\/p>\n\n\n\n<p><em>Art. 12. \u00c0s duplicatas escriturais s\u00e3o aplic\u00e1veis, de forma subsidi\u00e1ria, as disposi\u00e7\u00f5es da Lei n\u00ba 5.474, de 18 de julho de 1968 .<\/em><\/p>\n\n\n\n<p><em>Art. 12 &#8211; \u00a7 1\u00ba A apresenta\u00e7\u00e3o da duplicata escritural ser\u00e1 efetuada por meio eletr\u00f4nico, observados os prazos determinados pelo \u00f3rg\u00e3o ou entidade da administra\u00e7\u00e3o federal de que trata o \u00a7 1\u00ba do art. 3\u00ba desta Lei ou, na aus\u00eancia dessa determina\u00e7\u00e3o, o prazo de 2 (dois) dias \u00fateis contados de sua emiss\u00e3o.<\/em><\/p>\n\n\n\n<p><em>\u00a7 2\u00ba O devedor poder\u00e1, por meio eletr\u00f4nico, recusar, no prazo, nas condi\u00e7\u00f5es e pelos motivos previstos nos arts. 7\u00ba e 8\u00ba da Lei n\u00ba 5.474, de 18 de julho de 1968 , a duplicata escritural apresentada ou, no mesmo prazo acrescido de sua metade, aceit\u00e1-la.<\/em><\/p>\n\n\n\n<p><em>Lei 5474 &#8211; Art . 7\u00ba A duplicata, quando n\u00e3o f\u00f4r \u00e0 vista, dever\u00e1 ser devolvida pelo comprador ao apresentante dentro do prazo de 10 (dez) dias, contado da data de sua apresenta\u00e7\u00e3o, devidamente assinada<\/em> ou acompanhada de declara\u00e7\u00e3o, por escrito, contendo as raz\u00f5es da falta do aceite.<\/p>\n\n\n\n<p>Gabarito: A<\/p>\n","protected":false},"excerpt":{"rendered":"<p>Ol\u00e1, pessoal. Prof. Cadu Carrilho aqui, tudo bem? Neste artigo trarei o gabarito e a corre\u00e7\u00e3o extraoficial da prova de Direito Empresarial aplicada para o cargo de Auditor Fiscal da SEFAZ ES, realizada neste domingo (29\/08). Vamos l\u00e1? 17 \u2013 O saldo das reservas de lucros&#8230; Coment\u00e1rio: Quest\u00e3o letra de lei. O art. 199 da [&hellip;]<\/p>\n","protected":false},"author":1498,"featured_media":0,"comment_status":"open","ping_status":"closed","sticky":false,"template":"","format":"standard","meta":{"post_tipo":"article","footnotes":""},"categories":[1983],"tags":[],"tax_estado":[219971],"class_list":["post-848418","post","type-post","status-publish","format-standard","hentry","category-fiscal-estadual","tax_estado-es"],"acf":[],"yoast_head":"<!-- This site is optimized with the Yoast SEO Premium plugin v27.2 (Yoast SEO v27.2) - https:\/\/yoast.com\/product\/yoast-seo-premium-wordpress\/ -->\n<title>Gabarito Extraoficial SEFAZ ES - Direito Empresarial<\/title>\n<meta name=\"robots\" content=\"index, follow, max-snippet:-1, max-image-preview:large, max-video-preview:-1\" \/>\n<link rel=\"canonical\" href=\"https:\/\/www.estrategiaconcursos.com.br\/blog\/gabarito-extraoficial-sefaz-es-direito-empresarial\/\" \/>\n<meta property=\"og:locale\" content=\"pt_BR\" \/>\n<meta property=\"og:type\" content=\"article\" \/>\n<meta property=\"og:title\" content=\"Gabarito Extraoficial SEFAZ ES - Direito Empresarial\" \/>\n<meta property=\"og:description\" content=\"Ol\u00e1, pessoal. Prof. Cadu Carrilho aqui, tudo bem? Neste artigo trarei o gabarito e a corre\u00e7\u00e3o extraoficial da prova de Direito Empresarial aplicada para o cargo de Auditor Fiscal da SEFAZ ES, realizada neste domingo (29\/08). Vamos l\u00e1? 17 \u2013 O saldo das reservas de lucros&#8230; Coment\u00e1rio: Quest\u00e3o letra de lei. O art. 199 da [&hellip;]\" \/>\n<meta property=\"og:url\" content=\"https:\/\/www.estrategiaconcursos.com.br\/blog\/gabarito-extraoficial-sefaz-es-direito-empresarial\/\" \/>\n<meta property=\"og:site_name\" content=\"Estrat\u00e9gia Concursos\" \/>\n<meta property=\"article:published_time\" content=\"2021-08-30T11:40:26+00:00\" \/>\n<meta property=\"article:modified_time\" content=\"2021-08-30T11:40:28+00:00\" \/>\n<meta name=\"author\" content=\"Cadu Carrilho\" \/>\n<meta name=\"twitter:card\" content=\"summary_large_image\" \/>\n<meta name=\"twitter:creator\" content=\"@EstratConcursos\" \/>\n<meta name=\"twitter:site\" content=\"@EstratConcursos\" \/>\n<meta name=\"twitter:label1\" content=\"Escrito por\" \/>\n\t<meta name=\"twitter:data1\" content=\"Cadu Carrilho\" \/>\n\t<meta name=\"twitter:label2\" content=\"Est. tempo de leitura\" \/>\n\t<meta name=\"twitter:data2\" content=\"6 minutos\" \/>\n<script type=\"application\/ld+json\" class=\"yoast-schema-graph\">{\"@context\":\"https:\/\/schema.org\",\"@graph\":[{\"@type\":\"NewsArticle\",\"@id\":\"https:\/\/www.estrategiaconcursos.com.br\/blog\/gabarito-extraoficial-sefaz-es-direito-empresarial\/#article\",\"isPartOf\":{\"@id\":\"https:\/\/www.estrategiaconcursos.com.br\/blog\/gabarito-extraoficial-sefaz-es-direito-empresarial\/\"},\"author\":{\"name\":\"Cadu Carrilho\",\"@id\":\"https:\/\/www.estrategiaconcursos.com.br\/blog\/#\/schema\/person\/44bf67d2b23741c4e62be18bd5c80d21\"},\"headline\":\"Gabarito Extraoficial SEFAZ ES &#8211; Direito Empresarial\",\"datePublished\":\"2021-08-30T11:40:26+00:00\",\"dateModified\":\"2021-08-30T11:40:28+00:00\",\"mainEntityOfPage\":{\"@id\":\"https:\/\/www.estrategiaconcursos.com.br\/blog\/gabarito-extraoficial-sefaz-es-direito-empresarial\/\"},\"wordCount\":1385,\"commentCount\":0,\"publisher\":{\"@id\":\"https:\/\/www.estrategiaconcursos.com.br\/blog\/#organization\"},\"articleSection\":[\"Fiscal - Estadual (ICMS)\"],\"inLanguage\":\"pt-BR\",\"potentialAction\":[{\"@type\":\"CommentAction\",\"name\":\"Comment\",\"target\":[\"https:\/\/www.estrategiaconcursos.com.br\/blog\/gabarito-extraoficial-sefaz-es-direito-empresarial\/#respond\"]}],\"copyrightYear\":\"2021\",\"copyrightHolder\":{\"@id\":\"https:\/\/www.estrategiaconcursos.com.br\/blog\/#organization\"}},{\"@type\":\"WebPage\",\"@id\":\"https:\/\/www.estrategiaconcursos.com.br\/blog\/gabarito-extraoficial-sefaz-es-direito-empresarial\/\",\"url\":\"https:\/\/www.estrategiaconcursos.com.br\/blog\/gabarito-extraoficial-sefaz-es-direito-empresarial\/\",\"name\":\"Gabarito Extraoficial SEFAZ ES - Direito Empresarial\",\"isPartOf\":{\"@id\":\"https:\/\/www.estrategiaconcursos.com.br\/blog\/#website\"},\"datePublished\":\"2021-08-30T11:40:26+00:00\",\"dateModified\":\"2021-08-30T11:40:28+00:00\",\"breadcrumb\":{\"@id\":\"https:\/\/www.estrategiaconcursos.com.br\/blog\/gabarito-extraoficial-sefaz-es-direito-empresarial\/#breadcrumb\"},\"inLanguage\":\"pt-BR\",\"potentialAction\":[{\"@type\":\"ReadAction\",\"target\":[\"https:\/\/www.estrategiaconcursos.com.br\/blog\/gabarito-extraoficial-sefaz-es-direito-empresarial\/\"]}]},{\"@type\":\"BreadcrumbList\",\"@id\":\"https:\/\/www.estrategiaconcursos.com.br\/blog\/gabarito-extraoficial-sefaz-es-direito-empresarial\/#breadcrumb\",\"itemListElement\":[{\"@type\":\"ListItem\",\"position\":1,\"name\":\"In\u00edcio\",\"item\":\"https:\/\/www.estrategiaconcursos.com.br\/blog\/\"},{\"@type\":\"ListItem\",\"position\":2,\"name\":\"Gabarito Extraoficial SEFAZ ES &#8211; Direito Empresarial\"}]},{\"@type\":\"WebSite\",\"@id\":\"https:\/\/www.estrategiaconcursos.com.br\/blog\/#website\",\"url\":\"https:\/\/www.estrategiaconcursos.com.br\/blog\/\",\"name\":\"Estrat\u00e9gia Concursos\",\"description\":\"O blog da Estrat\u00e9gia Concursos traz not\u00edcias sobre concursos e artigos de professores oferecendo cursos para concursos (pdf + videaulas) no site.\",\"publisher\":{\"@id\":\"https:\/\/www.estrategiaconcursos.com.br\/blog\/#organization\"},\"potentialAction\":[{\"@type\":\"SearchAction\",\"target\":{\"@type\":\"EntryPoint\",\"urlTemplate\":\"https:\/\/www.estrategiaconcursos.com.br\/blog\/?s={search_term_string}\"},\"query-input\":{\"@type\":\"PropertyValueSpecification\",\"valueRequired\":true,\"valueName\":\"search_term_string\"}}],\"inLanguage\":\"pt-BR\"},{\"@type\":\"Organization\",\"@id\":\"https:\/\/www.estrategiaconcursos.com.br\/blog\/#organization\",\"name\":\"Estrat\u00e9gia Concursos\",\"url\":\"https:\/\/www.estrategiaconcursos.com.br\/blog\/\",\"logo\":{\"@type\":\"ImageObject\",\"inLanguage\":\"pt-BR\",\"@id\":\"https:\/\/www.estrategiaconcursos.com.br\/blog\/#\/schema\/logo\/image\/\",\"url\":\"https:\/\/dhg1h5j42swfq.cloudfront.net\/2025\/06\/03203428\/logo_concursos-1.jpg\",\"contentUrl\":\"https:\/\/dhg1h5j42swfq.cloudfront.net\/2025\/06\/03203428\/logo_concursos-1.jpg\",\"width\":230,\"height\":60,\"caption\":\"Estrat\u00e9gia Concursos\"},\"image\":{\"@id\":\"https:\/\/www.estrategiaconcursos.com.br\/blog\/#\/schema\/logo\/image\/\"},\"sameAs\":[\"https:\/\/x.com\/EstratConcursos\"]},{\"@type\":\"Person\",\"@id\":\"https:\/\/www.estrategiaconcursos.com.br\/blog\/#\/schema\/person\/44bf67d2b23741c4e62be18bd5c80d21\",\"name\":\"Cadu Carrilho\",\"image\":{\"@type\":\"ImageObject\",\"inLanguage\":\"pt-BR\",\"@id\":\"https:\/\/secure.gravatar.com\/avatar\/a676c976d42c7909b81d88fe75596227b0d98ad3f4b879321175984fad7ad76e?s=96&d=mm&r=g\",\"url\":\"https:\/\/secure.gravatar.com\/avatar\/a676c976d42c7909b81d88fe75596227b0d98ad3f4b879321175984fad7ad76e?s=96&d=mm&r=g\",\"contentUrl\":\"https:\/\/secure.gravatar.com\/avatar\/a676c976d42c7909b81d88fe75596227b0d98ad3f4b879321175984fad7ad76e?s=96&d=mm&r=g\",\"caption\":\"Cadu Carrilho\"},\"url\":\"https:\/\/www.estrategiaconcursos.com.br\/blog\/author\/caducarrilhohotmail-com\/\"}]}<\/script>\n<!-- \/ Yoast SEO Premium plugin. -->","yoast_head_json":{"title":"Gabarito Extraoficial SEFAZ ES - Direito Empresarial","robots":{"index":"index","follow":"follow","max-snippet":"max-snippet:-1","max-image-preview":"max-image-preview:large","max-video-preview":"max-video-preview:-1"},"canonical":"https:\/\/www.estrategiaconcursos.com.br\/blog\/gabarito-extraoficial-sefaz-es-direito-empresarial\/","og_locale":"pt_BR","og_type":"article","og_title":"Gabarito Extraoficial SEFAZ ES - Direito Empresarial","og_description":"Ol\u00e1, pessoal. Prof. Cadu Carrilho aqui, tudo bem? Neste artigo trarei o gabarito e a corre\u00e7\u00e3o extraoficial da prova de Direito Empresarial aplicada para o cargo de Auditor Fiscal da SEFAZ ES, realizada neste domingo (29\/08). Vamos l\u00e1? 17 \u2013 O saldo das reservas de lucros&#8230; Coment\u00e1rio: Quest\u00e3o letra de lei. O art. 199 da [&hellip;]","og_url":"https:\/\/www.estrategiaconcursos.com.br\/blog\/gabarito-extraoficial-sefaz-es-direito-empresarial\/","og_site_name":"Estrat\u00e9gia Concursos","article_published_time":"2021-08-30T11:40:26+00:00","article_modified_time":"2021-08-30T11:40:28+00:00","author":"Cadu Carrilho","twitter_card":"summary_large_image","twitter_creator":"@EstratConcursos","twitter_site":"@EstratConcursos","twitter_misc":{"Escrito por":"Cadu Carrilho","Est. tempo de leitura":"6 minutos"},"schema":{"@context":"https:\/\/schema.org","@graph":[{"@type":"NewsArticle","@id":"https:\/\/www.estrategiaconcursos.com.br\/blog\/gabarito-extraoficial-sefaz-es-direito-empresarial\/#article","isPartOf":{"@id":"https:\/\/www.estrategiaconcursos.com.br\/blog\/gabarito-extraoficial-sefaz-es-direito-empresarial\/"},"author":{"name":"Cadu Carrilho","@id":"https:\/\/www.estrategiaconcursos.com.br\/blog\/#\/schema\/person\/44bf67d2b23741c4e62be18bd5c80d21"},"headline":"Gabarito Extraoficial SEFAZ ES &#8211; Direito Empresarial","datePublished":"2021-08-30T11:40:26+00:00","dateModified":"2021-08-30T11:40:28+00:00","mainEntityOfPage":{"@id":"https:\/\/www.estrategiaconcursos.com.br\/blog\/gabarito-extraoficial-sefaz-es-direito-empresarial\/"},"wordCount":1385,"commentCount":0,"publisher":{"@id":"https:\/\/www.estrategiaconcursos.com.br\/blog\/#organization"},"articleSection":["Fiscal - Estadual (ICMS)"],"inLanguage":"pt-BR","potentialAction":[{"@type":"CommentAction","name":"Comment","target":["https:\/\/www.estrategiaconcursos.com.br\/blog\/gabarito-extraoficial-sefaz-es-direito-empresarial\/#respond"]}],"copyrightYear":"2021","copyrightHolder":{"@id":"https:\/\/www.estrategiaconcursos.com.br\/blog\/#organization"}},{"@type":"WebPage","@id":"https:\/\/www.estrategiaconcursos.com.br\/blog\/gabarito-extraoficial-sefaz-es-direito-empresarial\/","url":"https:\/\/www.estrategiaconcursos.com.br\/blog\/gabarito-extraoficial-sefaz-es-direito-empresarial\/","name":"Gabarito Extraoficial SEFAZ ES - Direito Empresarial","isPartOf":{"@id":"https:\/\/www.estrategiaconcursos.com.br\/blog\/#website"},"datePublished":"2021-08-30T11:40:26+00:00","dateModified":"2021-08-30T11:40:28+00:00","breadcrumb":{"@id":"https:\/\/www.estrategiaconcursos.com.br\/blog\/gabarito-extraoficial-sefaz-es-direito-empresarial\/#breadcrumb"},"inLanguage":"pt-BR","potentialAction":[{"@type":"ReadAction","target":["https:\/\/www.estrategiaconcursos.com.br\/blog\/gabarito-extraoficial-sefaz-es-direito-empresarial\/"]}]},{"@type":"BreadcrumbList","@id":"https:\/\/www.estrategiaconcursos.com.br\/blog\/gabarito-extraoficial-sefaz-es-direito-empresarial\/#breadcrumb","itemListElement":[{"@type":"ListItem","position":1,"name":"In\u00edcio","item":"https:\/\/www.estrategiaconcursos.com.br\/blog\/"},{"@type":"ListItem","position":2,"name":"Gabarito Extraoficial SEFAZ ES &#8211; Direito Empresarial"}]},{"@type":"WebSite","@id":"https:\/\/www.estrategiaconcursos.com.br\/blog\/#website","url":"https:\/\/www.estrategiaconcursos.com.br\/blog\/","name":"Estrat\u00e9gia Concursos","description":"O blog da Estrat\u00e9gia Concursos traz not\u00edcias sobre concursos e artigos de professores oferecendo cursos para concursos (pdf + videaulas) no site.","publisher":{"@id":"https:\/\/www.estrategiaconcursos.com.br\/blog\/#organization"},"potentialAction":[{"@type":"SearchAction","target":{"@type":"EntryPoint","urlTemplate":"https:\/\/www.estrategiaconcursos.com.br\/blog\/?s={search_term_string}"},"query-input":{"@type":"PropertyValueSpecification","valueRequired":true,"valueName":"search_term_string"}}],"inLanguage":"pt-BR"},{"@type":"Organization","@id":"https:\/\/www.estrategiaconcursos.com.br\/blog\/#organization","name":"Estrat\u00e9gia Concursos","url":"https:\/\/www.estrategiaconcursos.com.br\/blog\/","logo":{"@type":"ImageObject","inLanguage":"pt-BR","@id":"https:\/\/www.estrategiaconcursos.com.br\/blog\/#\/schema\/logo\/image\/","url":"https:\/\/dhg1h5j42swfq.cloudfront.net\/2025\/06\/03203428\/logo_concursos-1.jpg","contentUrl":"https:\/\/dhg1h5j42swfq.cloudfront.net\/2025\/06\/03203428\/logo_concursos-1.jpg","width":230,"height":60,"caption":"Estrat\u00e9gia Concursos"},"image":{"@id":"https:\/\/www.estrategiaconcursos.com.br\/blog\/#\/schema\/logo\/image\/"},"sameAs":["https:\/\/x.com\/EstratConcursos"]},{"@type":"Person","@id":"https:\/\/www.estrategiaconcursos.com.br\/blog\/#\/schema\/person\/44bf67d2b23741c4e62be18bd5c80d21","name":"Cadu Carrilho","image":{"@type":"ImageObject","inLanguage":"pt-BR","@id":"https:\/\/secure.gravatar.com\/avatar\/a676c976d42c7909b81d88fe75596227b0d98ad3f4b879321175984fad7ad76e?s=96&d=mm&r=g","url":"https:\/\/secure.gravatar.com\/avatar\/a676c976d42c7909b81d88fe75596227b0d98ad3f4b879321175984fad7ad76e?s=96&d=mm&r=g","contentUrl":"https:\/\/secure.gravatar.com\/avatar\/a676c976d42c7909b81d88fe75596227b0d98ad3f4b879321175984fad7ad76e?s=96&d=mm&r=g","caption":"Cadu Carrilho"},"url":"https:\/\/www.estrategiaconcursos.com.br\/blog\/author\/caducarrilhohotmail-com\/"}]}},"_links":{"self":[{"href":"https:\/\/www.estrategiaconcursos.com.br\/blog\/wp-json\/wp\/v2\/posts\/848418","targetHints":{"allow":["GET"]}}],"collection":[{"href":"https:\/\/www.estrategiaconcursos.com.br\/blog\/wp-json\/wp\/v2\/posts"}],"about":[{"href":"https:\/\/www.estrategiaconcursos.com.br\/blog\/wp-json\/wp\/v2\/types\/post"}],"author":[{"embeddable":true,"href":"https:\/\/www.estrategiaconcursos.com.br\/blog\/wp-json\/wp\/v2\/users\/1498"}],"replies":[{"embeddable":true,"href":"https:\/\/www.estrategiaconcursos.com.br\/blog\/wp-json\/wp\/v2\/comments?post=848418"}],"version-history":[{"count":1,"href":"https:\/\/www.estrategiaconcursos.com.br\/blog\/wp-json\/wp\/v2\/posts\/848418\/revisions"}],"predecessor-version":[{"id":848665,"href":"https:\/\/www.estrategiaconcursos.com.br\/blog\/wp-json\/wp\/v2\/posts\/848418\/revisions\/848665"}],"wp:attachment":[{"href":"https:\/\/www.estrategiaconcursos.com.br\/blog\/wp-json\/wp\/v2\/media?parent=848418"}],"wp:term":[{"taxonomy":"category","embeddable":true,"href":"https:\/\/www.estrategiaconcursos.com.br\/blog\/wp-json\/wp\/v2\/categories?post=848418"},{"taxonomy":"post_tag","embeddable":true,"href":"https:\/\/www.estrategiaconcursos.com.br\/blog\/wp-json\/wp\/v2\/tags?post=848418"},{"taxonomy":"tax_estado","embeddable":true,"href":"https:\/\/www.estrategiaconcursos.com.br\/blog\/wp-json\/wp\/v2\/tax_estado?post=848418"}],"curies":[{"name":"wp","href":"https:\/\/api.w.org\/{rel}","templated":true}]}}