{"id":848174,"date":"2021-08-29T16:39:43","date_gmt":"2021-08-29T19:39:43","guid":{"rendered":"https:\/\/www.estrategiaconcursos.com.br\/blog\/?p=848174"},"modified":"2023-05-17T13:16:19","modified_gmt":"2023-05-17T16:16:19","slug":"gabarito-extraoficial-pg-df-analista-juridico-direito-civil","status":"publish","type":"post","link":"https:\/\/www.estrategiaconcursos.com.br\/blog\/gabarito-extraoficial-pg-df-analista-juridico-direito-civil\/","title":{"rendered":"Gabarito Extraoficial: PG\/DF \u2013 Analista Jur\u00eddico &#8211; Direito Civil"},"content":{"rendered":"\n<p>Eu, Prof. Paulo Sousa (<a href=\"http:\/\/www.instagram.com.br\/prof.phms\">IG<\/a> e\u00a0<a href=\"https:\/\/www.youtube.com\/channel\/UC5BNzTLlcneB_x1aUAhXBAg\">YT<\/a>), vou apresentar o gabarito da prova objetiva de Direito Civil da PG\/DF \u2013 Analista Jur\u00eddico. Vou fazer alguns coment\u00e1rios sobre a prova e analisar a possibilidade de recursos.<\/p>\n\n\n\n<p>Vamos l\u00e1<\/p>\n\n\n\n<p><strong>CESPE &#8211; PG &#8211; DF &#8211; Analista Jur\u00eddico &#8211; 2021<\/strong><\/p>\n\n\n\n<p>Acerca da interpreta\u00e7\u00e3o e integra\u00e7\u00e3o das leis e de contrato de loca\u00e7\u00e3o de coisas, julgue os itens subsecutivos.&nbsp;<\/p>\n\n\n\n<p>67. No direito brasileiro, os costumes s\u00e3o considerados uma fonte do direito que sempre prevalece sobre a lei.&nbsp;<\/p>\n\n\n\n<p><strong>Coment\u00e1rio&nbsp;<\/strong><\/p>\n\n\n\n<p>O item est\u00e1 <strong>errado<\/strong>, pois de acordo com o art. 4\u00ba da LINDB os costumes podem ser utilizados como fonte para o direito, apenas nos casos em que a lei houver sido omissa: \u201cArt. 4\u00ba&nbsp; Quando a lei for omissa, o juiz decidir\u00e1 o caso de acordo com a analogia, os costumes e os princ\u00edpios gerais de direito\u201d.&nbsp;<\/p>\n\n\n\n<p><strong>CESPE &#8211; PG &#8211; DF &#8211; Analista Jur\u00eddico &#8211; 2021<\/strong><\/p>\n\n\n\n<p>68. O contrato de loca\u00e7\u00e3o de bem im\u00f3vel envolvendo particulares pode ser firmado por instrumento p\u00fablico ou particular.&nbsp;<\/p>\n\n\n\n<p><strong>Coment\u00e1rio&nbsp;<\/strong><\/p>\n\n\n\n<p>O item est\u00e1 <strong>certo<\/strong>, em raz\u00e3o do princ\u00edpio do consensualismo. O art. 108 do CC traz que n\u00e3o dispondo a lei em contr\u00e1rio, a escritura p\u00fablica \u00e9 essencial para a forma\u00e7\u00e3o do contrato de loca\u00e7\u00e3o de bem im\u00f3vel: \u201c N\u00e3o dispondo a lei em contr\u00e1rio, a escritura p\u00fablica \u00e9 essencial \u00e0 validade dos neg\u00f3cios jur\u00eddicos que visem \u00e0 constitui\u00e7\u00e3o, transfer\u00eancia, modifica\u00e7\u00e3o ou ren\u00fancia de direitos reais sobre im\u00f3veis de valor superior a trinta vezes o maior sal\u00e1rio m\u00ednimo vigente no Pa\u00eds\u201d. Por\u00e9m, o art. 17 da Lei 8.245\/1991, n\u00e3o exige forma espec\u00edfica: \u201c \u00c9 livre a conven\u00e7\u00e3o do aluguel, vedada a sua estipula\u00e7\u00e3o em moeda estrangeira e a sua vincula\u00e7\u00e3o \u00e0 varia\u00e7\u00e3o cambial ou ao sal\u00e1rio m\u00ednimo\u201d. Assim, s\u00e3o aceitas, portanto, qualquer das formas, tanto o instrumento p\u00fablico quanto o particular.&nbsp;<\/p>\n\n\n\n<p><strong>CESPE &#8211; PG &#8211; DF &#8211; Analista Jur\u00eddico &#8211; 2021<\/strong><\/p>\n\n\n\n<p>Acerca da responsabilidade civil e de bens p\u00fablicos, julgue os itens a seguir.&nbsp;<\/p>\n\n\n\n<p>69 Segundo o ordenamento jur\u00eddico brasileiro vigente, aos danos oriundos de acidentes a\u00e9reos envolvendo transporte de passageiros se aplica a teoria da responsabilidade civil objetiva.&nbsp;<\/p>\n\n\n\n<p><strong>Coment\u00e1rio<\/strong><\/p>\n\n\n\n<p>O item est\u00e1 <strong>certo<\/strong>, uma vez que se verifica no contrato de transporte a\u00e9reo a teoria do risco contratual, dada a exist\u00eancia da possibilidade de um eventual acidente, ainda que por caso fortuito ou for\u00e7a maior. Ademais, nesta modalidade contratual, verifica-se a presen\u00e7a de uma rela\u00e7\u00e3o de consumo, respaldada, portanto, no CDC cujo entendimento \u00e9 o da responsabilidade objetiva do fornecedor. Por fim, o CC dita que a responsabilidade do transportador \u00e9 objetiva, exceto nos casos de for\u00e7a maior, conforme dita o art. 734: \u201cO transportador responde pelos danos causados \u00e0s pessoas transportadas e suas bagagens, salvo motivo de for\u00e7a maior, sendo nula qualquer cl\u00e1usula excludente da responsabilidade\u201d.&nbsp;<\/p>\n\n\n\n<p><strong>CESPE &#8211; PG &#8211; DF &#8211; Analista Jur\u00eddico &#8211; 2021<\/strong><\/p>\n\n\n\n<p>70 Os bens p\u00fablicos de uso especial e os dominicais podem ser alienados independentemente da demonstra\u00e7\u00e3o de desafeta\u00e7\u00e3o.&nbsp;<\/p>\n\n\n\n<p><strong>Coment\u00e1rio&nbsp;<\/strong><\/p>\n\n\n\n<p>O item est\u00e1 <strong>errado<\/strong>, pois a aliena\u00e7\u00e3o dos bens p\u00fablicos de uso especial \u00e9 vedada pelo CC, conforme o art. 100: \u201cOs bens p\u00fablicos de uso comum do povo e os de uso especial s\u00e3o inalien\u00e1veis, enquanto conservarem a sua qualifica\u00e7\u00e3o, na forma que a lei determinar\u201d. J\u00e1 os bens p\u00fablicos dominicais podem ser alienados, por\u00e9m, desde que observadas as exig\u00eancias legais, conforme o art. 101: \u201cOs bens p\u00fablicos dominicais podem ser alienados, observadas as exig\u00eancias da lei\u201d.<\/p>\n\n\n\n<p><strong>CESPE &#8211; PG &#8211; DF &#8211; Analista Jur\u00eddico &#8211; 2021<\/strong><\/p>\n\n\n\n<p>Considerando que Cl\u00e1udio seja um artista pl\u00e1stico conhecido nacionalmente como filho de Atena (deusa das artes), julgue o pr\u00f3ximo item.<\/p>\n\n\n\n<p>71 O pseud\u00f4nimo adotado por Cl\u00e1udio, devido \u00e0 aus\u00eancia de singularidade, n\u00e3o goza das mesmas garantias legais atribu\u00eddas ao seu nome de registro.&nbsp;<\/p>\n\n\n\n<p><strong>Coment\u00e1rio<\/strong><\/p>\n\n\n\n<p>O item est\u00e1 <strong>errado<\/strong>, uma vez que o pseud\u00f4nimo, desde que n\u00e3o utilizado para fins il\u00edcitos, goza da mesma prote\u00e7\u00e3o atribu\u00edda ao nome de registro, conforme previs\u00e3o do art. 19 do CC: \u201cO pseud\u00f4nimo adotado para atividades l\u00edcitas goza da prote\u00e7\u00e3o que se d\u00e1 ao nome\u201d.<\/p>\n\n\n\n<p>Assim, n\u00e3o visualizei possibilidade de recurso nas quest\u00f5es de Direito Civil.<\/p>\n\n\n\n<p>Espero que voc\u00ea tenha ido bem na prova!<br \/>Voc\u00ea j\u00e1 est\u00e1 preparado para as pr\u00f3ximas etapas? O Estrat\u00e9gia tem cursos para todas as etapas da PG\/DF e eu sou o Professor respons\u00e1vel pelo Direito Civil! Fique ligado!<\/p>\n\n\n\n<p>Abra\u00e7o,<\/p>\n\n\n\n<p><a href=\"https:\/\/www.estrategiaconcursos.com.br\/cursosPorProfessor\/paulo-h-m-sousa-3384\/\">Paulo H M Sousa<\/a><\/p>\n\n\n\n<p><a href=\"http:\/\/www.instagram.com.br\/prof.phms\">Instagram<\/a><\/p>\n\n\n\n<p><a href=\"https:\/\/www.youtube.com\/channel\/UC5BNzTLlcneB_x1aUAhXBAg\">Youtube<\/a><\/p>\n","protected":false},"excerpt":{"rendered":"<p>Eu, Prof. Paulo Sousa (IG e\u00a0YT), vou apresentar o gabarito da prova objetiva de Direito Civil da PG\/DF \u2013 Analista Jur\u00eddico. Vou fazer alguns coment\u00e1rios sobre a prova e analisar a possibilidade de recursos. Vamos l\u00e1 CESPE &#8211; PG &#8211; DF &#8211; Analista Jur\u00eddico &#8211; 2021 Acerca da interpreta\u00e7\u00e3o e integra\u00e7\u00e3o das leis e de [&hellip;]<\/p>\n","protected":false},"author":1094,"featured_media":0,"comment_status":"open","ping_status":"closed","sticky":false,"template":"","format":"standard","meta":{"post_tipo":"article","footnotes":""},"categories":[1],"tags":[],"tax_estado":[],"class_list":["post-848174","post","type-post","status-publish","format-standard","hentry","category-cursos-e-concursos"],"acf":[],"yoast_head":"<!-- This site is optimized with the Yoast SEO Premium plugin v27.2 (Yoast SEO v27.2) - https:\/\/yoast.com\/product\/yoast-seo-premium-wordpress\/ -->\n<title>Gabarito Extraoficial: PG\/DF \u2013 Analista Jur\u00eddico - Direito Civil<\/title>\n<meta name=\"robots\" content=\"index, follow, max-snippet:-1, max-image-preview:large, max-video-preview:-1\" \/>\n<link rel=\"canonical\" href=\"https:\/\/www.estrategiaconcursos.com.br\/blog\/gabarito-extraoficial-pg-df-analista-juridico-direito-civil\/\" \/>\n<meta property=\"og:locale\" content=\"pt_BR\" \/>\n<meta property=\"og:type\" content=\"article\" \/>\n<meta property=\"og:title\" content=\"Gabarito Extraoficial: PG\/DF \u2013 Analista Jur\u00eddico - Direito Civil\" \/>\n<meta property=\"og:description\" content=\"Eu, Prof. Paulo Sousa (IG e\u00a0YT), vou apresentar o gabarito da prova objetiva de Direito Civil da PG\/DF \u2013 Analista Jur\u00eddico. Vou fazer alguns coment\u00e1rios sobre a prova e analisar a possibilidade de recursos. Vamos l\u00e1 CESPE &#8211; PG &#8211; DF &#8211; Analista Jur\u00eddico &#8211; 2021 Acerca da interpreta\u00e7\u00e3o e integra\u00e7\u00e3o das leis e de [&hellip;]\" \/>\n<meta property=\"og:url\" content=\"https:\/\/www.estrategiaconcursos.com.br\/blog\/gabarito-extraoficial-pg-df-analista-juridico-direito-civil\/\" \/>\n<meta property=\"og:site_name\" content=\"Estrat\u00e9gia Concursos\" \/>\n<meta property=\"article:published_time\" content=\"2021-08-29T19:39:43+00:00\" \/>\n<meta property=\"article:modified_time\" content=\"2023-05-17T16:16:19+00:00\" \/>\n<meta name=\"author\" content=\"Paulo Sousa (Coord.)\" \/>\n<meta name=\"twitter:card\" content=\"summary_large_image\" \/>\n<meta name=\"twitter:creator\" content=\"@EstratConcursos\" \/>\n<meta name=\"twitter:site\" content=\"@EstratConcursos\" \/>\n<meta name=\"twitter:label1\" content=\"Escrito por\" \/>\n\t<meta name=\"twitter:data1\" content=\"Paulo Sousa (Coord.)\" \/>\n\t<meta name=\"twitter:label2\" content=\"Est. tempo de leitura\" \/>\n\t<meta name=\"twitter:data2\" content=\"4 minutos\" \/>\n<script type=\"application\/ld+json\" class=\"yoast-schema-graph\">{\"@context\":\"https:\/\/schema.org\",\"@graph\":[{\"@type\":\"NewsArticle\",\"@id\":\"https:\/\/www.estrategiaconcursos.com.br\/blog\/gabarito-extraoficial-pg-df-analista-juridico-direito-civil\/#article\",\"isPartOf\":{\"@id\":\"https:\/\/www.estrategiaconcursos.com.br\/blog\/gabarito-extraoficial-pg-df-analista-juridico-direito-civil\/\"},\"author\":{\"name\":\"Paulo Sousa (Coord.)\",\"@id\":\"https:\/\/www.estrategiaconcursos.com.br\/blog\/#\/schema\/person\/f6cf94f3aa8ed75620a4506ad577b88a\"},\"headline\":\"Gabarito Extraoficial: PG\/DF \u2013 Analista Jur\u00eddico &#8211; Direito Civil\",\"datePublished\":\"2021-08-29T19:39:43+00:00\",\"dateModified\":\"2023-05-17T16:16:19+00:00\",\"mainEntityOfPage\":{\"@id\":\"https:\/\/www.estrategiaconcursos.com.br\/blog\/gabarito-extraoficial-pg-df-analista-juridico-direito-civil\/\"},\"wordCount\":815,\"commentCount\":0,\"publisher\":{\"@id\":\"https:\/\/www.estrategiaconcursos.com.br\/blog\/#organization\"},\"articleSection\":[\"Concursos P\u00fablicos\"],\"inLanguage\":\"pt-BR\",\"potentialAction\":[{\"@type\":\"CommentAction\",\"name\":\"Comment\",\"target\":[\"https:\/\/www.estrategiaconcursos.com.br\/blog\/gabarito-extraoficial-pg-df-analista-juridico-direito-civil\/#respond\"]}],\"copyrightYear\":\"2021\",\"copyrightHolder\":{\"@id\":\"https:\/\/www.estrategiaconcursos.com.br\/blog\/#organization\"}},{\"@type\":\"WebPage\",\"@id\":\"https:\/\/www.estrategiaconcursos.com.br\/blog\/gabarito-extraoficial-pg-df-analista-juridico-direito-civil\/\",\"url\":\"https:\/\/www.estrategiaconcursos.com.br\/blog\/gabarito-extraoficial-pg-df-analista-juridico-direito-civil\/\",\"name\":\"Gabarito Extraoficial: PG\/DF \u2013 Analista Jur\u00eddico - Direito Civil\",\"isPartOf\":{\"@id\":\"https:\/\/www.estrategiaconcursos.com.br\/blog\/#website\"},\"datePublished\":\"2021-08-29T19:39:43+00:00\",\"dateModified\":\"2023-05-17T16:16:19+00:00\",\"breadcrumb\":{\"@id\":\"https:\/\/www.estrategiaconcursos.com.br\/blog\/gabarito-extraoficial-pg-df-analista-juridico-direito-civil\/#breadcrumb\"},\"inLanguage\":\"pt-BR\",\"potentialAction\":[{\"@type\":\"ReadAction\",\"target\":[\"https:\/\/www.estrategiaconcursos.com.br\/blog\/gabarito-extraoficial-pg-df-analista-juridico-direito-civil\/\"]}]},{\"@type\":\"BreadcrumbList\",\"@id\":\"https:\/\/www.estrategiaconcursos.com.br\/blog\/gabarito-extraoficial-pg-df-analista-juridico-direito-civil\/#breadcrumb\",\"itemListElement\":[{\"@type\":\"ListItem\",\"position\":1,\"name\":\"In\u00edcio\",\"item\":\"https:\/\/www.estrategiaconcursos.com.br\/blog\/\"},{\"@type\":\"ListItem\",\"position\":2,\"name\":\"Gabarito Extraoficial: PG\/DF \u2013 Analista Jur\u00eddico &#8211; Direito Civil\"}]},{\"@type\":\"WebSite\",\"@id\":\"https:\/\/www.estrategiaconcursos.com.br\/blog\/#website\",\"url\":\"https:\/\/www.estrategiaconcursos.com.br\/blog\/\",\"name\":\"Estrat\u00e9gia Concursos\",\"description\":\"O blog da Estrat\u00e9gia Concursos traz not\u00edcias sobre concursos e artigos de professores oferecendo cursos para concursos (pdf + videaulas) no site.\",\"publisher\":{\"@id\":\"https:\/\/www.estrategiaconcursos.com.br\/blog\/#organization\"},\"potentialAction\":[{\"@type\":\"SearchAction\",\"target\":{\"@type\":\"EntryPoint\",\"urlTemplate\":\"https:\/\/www.estrategiaconcursos.com.br\/blog\/?s={search_term_string}\"},\"query-input\":{\"@type\":\"PropertyValueSpecification\",\"valueRequired\":true,\"valueName\":\"search_term_string\"}}],\"inLanguage\":\"pt-BR\"},{\"@type\":\"Organization\",\"@id\":\"https:\/\/www.estrategiaconcursos.com.br\/blog\/#organization\",\"name\":\"Estrat\u00e9gia Concursos\",\"url\":\"https:\/\/www.estrategiaconcursos.com.br\/blog\/\",\"logo\":{\"@type\":\"ImageObject\",\"inLanguage\":\"pt-BR\",\"@id\":\"https:\/\/www.estrategiaconcursos.com.br\/blog\/#\/schema\/logo\/image\/\",\"url\":\"https:\/\/dhg1h5j42swfq.cloudfront.net\/2025\/06\/03203428\/logo_concursos-1.jpg\",\"contentUrl\":\"https:\/\/dhg1h5j42swfq.cloudfront.net\/2025\/06\/03203428\/logo_concursos-1.jpg\",\"width\":230,\"height\":60,\"caption\":\"Estrat\u00e9gia Concursos\"},\"image\":{\"@id\":\"https:\/\/www.estrategiaconcursos.com.br\/blog\/#\/schema\/logo\/image\/\"},\"sameAs\":[\"https:\/\/x.com\/EstratConcursos\"]},{\"@type\":\"Person\",\"@id\":\"https:\/\/www.estrategiaconcursos.com.br\/blog\/#\/schema\/person\/f6cf94f3aa8ed75620a4506ad577b88a\",\"name\":\"Paulo Sousa (Coord.)\",\"image\":{\"@type\":\"ImageObject\",\"inLanguage\":\"pt-BR\",\"@id\":\"https:\/\/secure.gravatar.com\/avatar\/29f9e2d4ed868d929b68f3762e3577b9db519beed74b347b76e194f9a3293cf1?s=96&d=mm&r=g\",\"url\":\"https:\/\/secure.gravatar.com\/avatar\/29f9e2d4ed868d929b68f3762e3577b9db519beed74b347b76e194f9a3293cf1?s=96&d=mm&r=g\",\"contentUrl\":\"https:\/\/secure.gravatar.com\/avatar\/29f9e2d4ed868d929b68f3762e3577b9db519beed74b347b76e194f9a3293cf1?s=96&d=mm&r=g\",\"caption\":\"Paulo Sousa (Coord.)\"},\"url\":\"https:\/\/www.estrategiaconcursos.com.br\/blog\/author\/prof-phmsestrategiaconcursos-com-br\/\"}]}<\/script>\n<!-- \/ Yoast SEO Premium plugin. -->","yoast_head_json":{"title":"Gabarito Extraoficial: PG\/DF \u2013 Analista Jur\u00eddico - Direito Civil","robots":{"index":"index","follow":"follow","max-snippet":"max-snippet:-1","max-image-preview":"max-image-preview:large","max-video-preview":"max-video-preview:-1"},"canonical":"https:\/\/www.estrategiaconcursos.com.br\/blog\/gabarito-extraoficial-pg-df-analista-juridico-direito-civil\/","og_locale":"pt_BR","og_type":"article","og_title":"Gabarito Extraoficial: PG\/DF \u2013 Analista Jur\u00eddico - Direito Civil","og_description":"Eu, Prof. Paulo Sousa (IG e\u00a0YT), vou apresentar o gabarito da prova objetiva de Direito Civil da PG\/DF \u2013 Analista Jur\u00eddico. Vou fazer alguns coment\u00e1rios sobre a prova e analisar a possibilidade de recursos. Vamos l\u00e1 CESPE &#8211; PG &#8211; DF &#8211; Analista Jur\u00eddico &#8211; 2021 Acerca da interpreta\u00e7\u00e3o e integra\u00e7\u00e3o das leis e de [&hellip;]","og_url":"https:\/\/www.estrategiaconcursos.com.br\/blog\/gabarito-extraoficial-pg-df-analista-juridico-direito-civil\/","og_site_name":"Estrat\u00e9gia Concursos","article_published_time":"2021-08-29T19:39:43+00:00","article_modified_time":"2023-05-17T16:16:19+00:00","author":"Paulo Sousa (Coord.)","twitter_card":"summary_large_image","twitter_creator":"@EstratConcursos","twitter_site":"@EstratConcursos","twitter_misc":{"Escrito por":"Paulo Sousa (Coord.)","Est. tempo de leitura":"4 minutos"},"schema":{"@context":"https:\/\/schema.org","@graph":[{"@type":"NewsArticle","@id":"https:\/\/www.estrategiaconcursos.com.br\/blog\/gabarito-extraoficial-pg-df-analista-juridico-direito-civil\/#article","isPartOf":{"@id":"https:\/\/www.estrategiaconcursos.com.br\/blog\/gabarito-extraoficial-pg-df-analista-juridico-direito-civil\/"},"author":{"name":"Paulo Sousa (Coord.)","@id":"https:\/\/www.estrategiaconcursos.com.br\/blog\/#\/schema\/person\/f6cf94f3aa8ed75620a4506ad577b88a"},"headline":"Gabarito Extraoficial: PG\/DF \u2013 Analista Jur\u00eddico &#8211; Direito Civil","datePublished":"2021-08-29T19:39:43+00:00","dateModified":"2023-05-17T16:16:19+00:00","mainEntityOfPage":{"@id":"https:\/\/www.estrategiaconcursos.com.br\/blog\/gabarito-extraoficial-pg-df-analista-juridico-direito-civil\/"},"wordCount":815,"commentCount":0,"publisher":{"@id":"https:\/\/www.estrategiaconcursos.com.br\/blog\/#organization"},"articleSection":["Concursos P\u00fablicos"],"inLanguage":"pt-BR","potentialAction":[{"@type":"CommentAction","name":"Comment","target":["https:\/\/www.estrategiaconcursos.com.br\/blog\/gabarito-extraoficial-pg-df-analista-juridico-direito-civil\/#respond"]}],"copyrightYear":"2021","copyrightHolder":{"@id":"https:\/\/www.estrategiaconcursos.com.br\/blog\/#organization"}},{"@type":"WebPage","@id":"https:\/\/www.estrategiaconcursos.com.br\/blog\/gabarito-extraoficial-pg-df-analista-juridico-direito-civil\/","url":"https:\/\/www.estrategiaconcursos.com.br\/blog\/gabarito-extraoficial-pg-df-analista-juridico-direito-civil\/","name":"Gabarito Extraoficial: PG\/DF \u2013 Analista Jur\u00eddico - Direito Civil","isPartOf":{"@id":"https:\/\/www.estrategiaconcursos.com.br\/blog\/#website"},"datePublished":"2021-08-29T19:39:43+00:00","dateModified":"2023-05-17T16:16:19+00:00","breadcrumb":{"@id":"https:\/\/www.estrategiaconcursos.com.br\/blog\/gabarito-extraoficial-pg-df-analista-juridico-direito-civil\/#breadcrumb"},"inLanguage":"pt-BR","potentialAction":[{"@type":"ReadAction","target":["https:\/\/www.estrategiaconcursos.com.br\/blog\/gabarito-extraoficial-pg-df-analista-juridico-direito-civil\/"]}]},{"@type":"BreadcrumbList","@id":"https:\/\/www.estrategiaconcursos.com.br\/blog\/gabarito-extraoficial-pg-df-analista-juridico-direito-civil\/#breadcrumb","itemListElement":[{"@type":"ListItem","position":1,"name":"In\u00edcio","item":"https:\/\/www.estrategiaconcursos.com.br\/blog\/"},{"@type":"ListItem","position":2,"name":"Gabarito Extraoficial: PG\/DF \u2013 Analista Jur\u00eddico &#8211; Direito Civil"}]},{"@type":"WebSite","@id":"https:\/\/www.estrategiaconcursos.com.br\/blog\/#website","url":"https:\/\/www.estrategiaconcursos.com.br\/blog\/","name":"Estrat\u00e9gia Concursos","description":"O blog da Estrat\u00e9gia Concursos traz not\u00edcias sobre concursos e artigos de professores oferecendo cursos para concursos (pdf + videaulas) no site.","publisher":{"@id":"https:\/\/www.estrategiaconcursos.com.br\/blog\/#organization"},"potentialAction":[{"@type":"SearchAction","target":{"@type":"EntryPoint","urlTemplate":"https:\/\/www.estrategiaconcursos.com.br\/blog\/?s={search_term_string}"},"query-input":{"@type":"PropertyValueSpecification","valueRequired":true,"valueName":"search_term_string"}}],"inLanguage":"pt-BR"},{"@type":"Organization","@id":"https:\/\/www.estrategiaconcursos.com.br\/blog\/#organization","name":"Estrat\u00e9gia Concursos","url":"https:\/\/www.estrategiaconcursos.com.br\/blog\/","logo":{"@type":"ImageObject","inLanguage":"pt-BR","@id":"https:\/\/www.estrategiaconcursos.com.br\/blog\/#\/schema\/logo\/image\/","url":"https:\/\/dhg1h5j42swfq.cloudfront.net\/2025\/06\/03203428\/logo_concursos-1.jpg","contentUrl":"https:\/\/dhg1h5j42swfq.cloudfront.net\/2025\/06\/03203428\/logo_concursos-1.jpg","width":230,"height":60,"caption":"Estrat\u00e9gia Concursos"},"image":{"@id":"https:\/\/www.estrategiaconcursos.com.br\/blog\/#\/schema\/logo\/image\/"},"sameAs":["https:\/\/x.com\/EstratConcursos"]},{"@type":"Person","@id":"https:\/\/www.estrategiaconcursos.com.br\/blog\/#\/schema\/person\/f6cf94f3aa8ed75620a4506ad577b88a","name":"Paulo Sousa (Coord.)","image":{"@type":"ImageObject","inLanguage":"pt-BR","@id":"https:\/\/secure.gravatar.com\/avatar\/29f9e2d4ed868d929b68f3762e3577b9db519beed74b347b76e194f9a3293cf1?s=96&d=mm&r=g","url":"https:\/\/secure.gravatar.com\/avatar\/29f9e2d4ed868d929b68f3762e3577b9db519beed74b347b76e194f9a3293cf1?s=96&d=mm&r=g","contentUrl":"https:\/\/secure.gravatar.com\/avatar\/29f9e2d4ed868d929b68f3762e3577b9db519beed74b347b76e194f9a3293cf1?s=96&d=mm&r=g","caption":"Paulo Sousa (Coord.)"},"url":"https:\/\/www.estrategiaconcursos.com.br\/blog\/author\/prof-phmsestrategiaconcursos-com-br\/"}]}},"_links":{"self":[{"href":"https:\/\/www.estrategiaconcursos.com.br\/blog\/wp-json\/wp\/v2\/posts\/848174","targetHints":{"allow":["GET"]}}],"collection":[{"href":"https:\/\/www.estrategiaconcursos.com.br\/blog\/wp-json\/wp\/v2\/posts"}],"about":[{"href":"https:\/\/www.estrategiaconcursos.com.br\/blog\/wp-json\/wp\/v2\/types\/post"}],"author":[{"embeddable":true,"href":"https:\/\/www.estrategiaconcursos.com.br\/blog\/wp-json\/wp\/v2\/users\/1094"}],"replies":[{"embeddable":true,"href":"https:\/\/www.estrategiaconcursos.com.br\/blog\/wp-json\/wp\/v2\/comments?post=848174"}],"version-history":[{"count":2,"href":"https:\/\/www.estrategiaconcursos.com.br\/blog\/wp-json\/wp\/v2\/posts\/848174\/revisions"}],"predecessor-version":[{"id":1217745,"href":"https:\/\/www.estrategiaconcursos.com.br\/blog\/wp-json\/wp\/v2\/posts\/848174\/revisions\/1217745"}],"wp:attachment":[{"href":"https:\/\/www.estrategiaconcursos.com.br\/blog\/wp-json\/wp\/v2\/media?parent=848174"}],"wp:term":[{"taxonomy":"category","embeddable":true,"href":"https:\/\/www.estrategiaconcursos.com.br\/blog\/wp-json\/wp\/v2\/categories?post=848174"},{"taxonomy":"post_tag","embeddable":true,"href":"https:\/\/www.estrategiaconcursos.com.br\/blog\/wp-json\/wp\/v2\/tags?post=848174"},{"taxonomy":"tax_estado","embeddable":true,"href":"https:\/\/www.estrategiaconcursos.com.br\/blog\/wp-json\/wp\/v2\/tax_estado?post=848174"}],"curies":[{"name":"wp","href":"https:\/\/api.w.org\/{rel}","templated":true}]}}