{"id":847607,"date":"2021-08-29T15:23:00","date_gmt":"2021-08-29T18:23:00","guid":{"rendered":"https:\/\/www.estrategiaconcursos.com.br\/blog\/?p=847607"},"modified":"2022-12-30T15:47:27","modified_gmt":"2022-12-30T18:47:27","slug":"gabarito-extraoficial-pgdf-tecnico","status":"publish","type":"post","link":"https:\/\/www.estrategiaconcursos.com.br\/blog\/gabarito-extraoficial-pgdf-tecnico\/","title":{"rendered":"Gabarito Extraoficial PGDF T\u00e9cnico: confira a corre\u00e7\u00e3o ao vivo!"},"content":{"rendered":"\n<p>N\u00f3s, do Estrat\u00e9gia Concursos, queremos estar perto e ajudar nossos alunos. Por isso, apresentaremos neste domingo, a partir das <strong>18 horas<\/strong>, o <em><strong>Gabarito Extraoficial PGDF T\u00e9cnico<\/strong><\/em>. O intuito \u00e9 o de ajudar a diminuir um pouco a ansiedade de descobrir se voc\u00ea foi bem ou n\u00e3o em um concurso t\u00e3o visado e importante como esse.<\/p>\n\n\n\n<p>A <strong>aplica\u00e7\u00e3o da prova objetiva do<em> <\/em>concurso PGDF T\u00e9cnico Jur\u00eddico na Especialidade: Apoio Administrativo<\/strong> ocorreu na parte da tarde deste domingo, <strong>29 de agosto de 2021<\/strong> (<em>das<\/em> <em>15h \u00e0s 18h30<\/em>).<\/p>\n\n\n\n<p>O concurso <strong>oferta aos candidatos 100 vagas para os cargos de Analista Jur\u00eddico e T\u00e9cnico Jur\u00eddico da PGDF<\/strong>. As remunera\u00e7\u00f5es iniciais s\u00e3o <strong>R$ 4.720,00<\/strong> para T\u00e9cnico. De acordo com os dados divulgados pelo <a href=\"https:\/\/www.cebraspe.org.br\/concursos\/pg_df_19\" target=\"_blank\" rel=\"noreferrer noopener\">Cebraspe<\/a>, o certame teve <strong>59.037 inscri\u00e7\u00f5es<\/strong> homologadas. O edital de resultado provis\u00f3rio nas provas objetivas ser\u00e1 publicado no Di\u00e1rio Oficial do Distrito Federal e no endere\u00e7o eletr\u00f4nico da banca na data prov\u00e1vel de <strong>5 de outubro de 2021<\/strong>.<\/p>\n\n\n\n<h2 class=\"wp-block-heading\" id=\"h-gabarito-extraoficial-pgdf-tecnico-participe-do-ranking\">Gabarito Extraoficial PGDF T\u00e9cnico: Participe do ranking<\/h2>\n\n\n\n<p>Os candidatos enfrentaram na parte da tarde  as provas objetivas foram constitu\u00eddas <strong>120 quest\u00f5es<\/strong>, divididas em <strong>Conhecimentos espec\u00edficos<\/strong> e <strong>Conhecimentos gerais<\/strong>. O julgamento de cada item ser\u00e1 <strong>CERTO ou ERRADO<\/strong>. A prova teve dura\u00e7\u00e3o de <strong>3h30<\/strong>. <\/p>\n\n\n\n<p class=\"has-text-align-center has-luminous-vivid-amber-background-color has-background\"><strong><a href=\"https:\/\/forms.gle\/tzYekgjaaEmXVPnw8\" target=\"_blank\" rel=\"noreferrer noopener\">Preencha o gabarito eletr\u00f4nico<\/a><\/strong><\/p>\n\n\n\n<p class=\"has-text-align-center has-luminous-vivid-amber-background-color has-background\"><strong><a href=\"https:\/\/docs.google.com\/spreadsheets\/d\/1MTPrcQqCiCXSqZ4pDgiNJ_kNKT1u_3FkuRKAY_jDpVo\/edit?usp=sharing\" target=\"_blank\" rel=\"noreferrer noopener\">Ranking PGDF &#8211; T\u00e9cnico Jur\u00eddico<\/a><\/strong><\/p>\n\n\n\n<h2 class=\"wp-block-heading\" id=\"h-programacao-do-gabarito-extraoficial-pgdf-tecnico-juridico\">Programa\u00e7\u00e3o do Gabarito Extraoficial PGDF T\u00e9cnico Jur\u00eddico<\/h2>\n\n\n\n<p>Confira ent\u00e3o, antecipadamente, seu desempenho, no nosso <strong>Gabarito Extraoficial PGDF T\u00e9cnico Jur\u00eddico<\/strong>  e ainda receba dicas de recursos (se houver necessidade, claro!). <\/p>\n\n\n\n<p>Nossa equipe de professores, listados abaixo, ir\u00e1 realizar a corre\u00e7\u00e3o das provas e produzie este gabarito extraoficial.&nbsp;<em>N\u00e3o deixe de conferir seu desempenho.&nbsp;<\/em><\/p>\n\n\n\n<figure class=\"wp-block-table is-style-stripes\"><table class=\"has-black-color has-text-color has-background has-fixed-layout\" style=\"background-color:#dbc4a9\"><tbody><tr><td class=\"has-text-align-center\" data-align=\"center\"><strong>Disciplina<\/strong><\/td><td class=\"has-text-align-center\" data-align=\"center\"><strong>Professor<\/strong><\/td><\/tr><tr><td class=\"has-text-align-center\" data-align=\"center\">Regime Jur\u00eddico dos Servidores P\u00fablicos Civis do Distrito Federal<\/td><td class=\"has-text-align-center\" data-align=\"center\">Herbert Almeida<\/td><\/tr><tr><td class=\"has-text-align-center\" data-align=\"center\">LODF<\/td><td class=\"has-text-align-center\" data-align=\"center\">Rodrigo Francelino<\/td><\/tr><tr><td class=\"has-text-align-center\" data-align=\"center\">Portugu\u00eas<\/td><td class=\"has-text-align-center\" data-align=\"center\">Adriana Figueiredo e Luciana<\/td><\/tr><tr><td class=\"has-text-align-center\" data-align=\"center\">Conhecimentos Sobre o DF<\/td><td class=\"has-text-align-center\" data-align=\"center\">Leandro Signori<\/td><\/tr><tr><td class=\"has-text-align-center\" data-align=\"center\">No\u00e7\u00f5es de Administra\u00e7\u00e3o<\/td><td class=\"has-text-align-center\" data-align=\"center\">Stefan Fantini<\/td><\/tr><tr><td class=\"has-text-align-center\" data-align=\"center\">AFO e Or\u00e7amento P\u00fablico<\/td><td class=\"has-text-align-center\" data-align=\"center\">Luciana Marinho<\/td><\/tr><tr><td class=\"has-text-align-center\" data-align=\"center\">No\u00e7\u00f5es De Arquivologia<\/td><td class=\"has-text-align-center\" data-align=\"center\">Ricardo Campan\u00e1rio<\/td><\/tr><tr><td class=\"has-text-align-center\" data-align=\"center\">No\u00e7\u00f5es De Recursos Materiais<\/td><td class=\"has-text-align-center\" data-align=\"center\">Heron Lemos<\/td><\/tr><tr><td class=\"has-text-align-center\" data-align=\"center\">Direito Administrativo<\/td><td class=\"has-text-align-center\" data-align=\"center\">Ant\u00f4nio Daud<\/td><\/tr><\/tbody><\/table><\/figure>\n\n\n\n<h2 class=\"wp-block-heading\" id=\"h-gabarito-extraoficial-pgdf-tecnico-juridico\">Gabarito Extraoficial&nbsp;PGDF T\u00e9cnico Jur\u00eddico <\/h2>\n\n\n\n<p><strong>Quest\u00e3o 1:&nbsp;<\/strong>As aspas no trecho &#8220;mulheres ganham 30%&#8230;&#8221;<br \/><strong><em>Resposta:&nbsp;<\/em>Errado<\/strong><\/p>\n\n\n\n<p><strong>Quest\u00e3o 2:&nbsp;<\/strong>Conforme os dados apresentados no texto&#8230;<br \/><strong><em>Resposta:&nbsp;<\/em>Certo<\/strong><\/p>\n\n\n\n<p><strong>GABARITO PRELIMINAR:&nbsp;<\/strong>ERRADO<\/p>\n\n\n\n<p>Quando se observa as porcentagens dadas no texto em rela\u00e7\u00e3o \u00e0 precariedade das rela\u00e7\u00f5es de trabalho, tem-se:<\/p>\n\n\n\n<p>MULHERES: 39,6% de mulheres pretas + 26,9% de mulheres brancas (SOMA DE PONTOS PERCENTUAIS: 66,5)<\/p>\n\n\n\n<p>HOMENS: 31,6% de homens pretos + 20,6% de homens brancos (SOMA DE PONTOS PERCENTUAIS: 52,2)<\/p>\n\n\n\n<p>A quest\u00e3o utiliza a express\u00e3o \u201cde modo geral\u201d, portanto n\u00e3o se considera o tom da pele.<\/p>\n\n\n\n<p>Est\u00e1 correto, dessa forma, a afirmativa de que, no geral (n\u00e3o levando em considera\u00e7\u00e3o a cor da pele), as mulheres est\u00e3o mais vulner\u00e1veis.<\/p>\n\n\n\n<p>Ainda que se considerasse o tom de pele, mulheres brancas est\u00e3o mais vulner\u00e1veis que homens brancos, assim como mulheres pretas est\u00e3o mais vulner\u00e1veis que homens pretos, o que corrobora a afirma\u00e7\u00e3o feita no texto da quest\u00e3o.<\/p>\n\n\n\n<p>Ante a fundamenta\u00e7\u00e3o acima, requer, humildemente, a ALTERA\u00c7\u00c3O do gabarito para <strong>CERTO<\/strong>.<\/p>\n\n\n\n<p><strong>Quest\u00e3o 3:<\/strong> No \u00faltimo per\u00edodo do texto, a autora&#8230;<br \/><strong><em>Resposta:&nbsp;<\/em>Certo<\/strong><\/p>\n\n\n\n<p><strong>Quest\u00e3o 4:&nbsp;<\/strong>O texto mostra que homens negros e mulheres brancas&#8230;<br \/><strong><em>Resposta:&nbsp;<\/em>Certo<\/strong><\/p>\n\n\n\n<p><strong>Quest\u00e3o 5:&nbsp;<\/strong>A frase &#8220;Essa afirma\u00e7\u00e3o est\u00e1 incorreta?&#8221;&#8230;<br \/><strong><em>Resposta:&nbsp;<\/em>Certo<\/strong><\/p>\n\n\n\n<p><strong>Quest\u00e3o 6:&nbsp;<\/strong>O termo &#8220;comum&#8221; (l.5) concorda&#8230;<br \/><strong><em>Resposta:&nbsp;<\/em>Errado<\/strong><\/p>\n\n\n\n<p><strong>Quest\u00e3o 7:&nbsp;<\/strong>\u00c9 facultativo o emprego do acento indicativo de crase&#8230;<br \/><strong><em>Resposta:&nbsp;<\/em>Certo<\/strong><\/p>\n\n\n\n<p><strong>Quest\u00e3o 8:&nbsp;<\/strong>A express\u00e3o &#8220;de tal modo&#8221; (l. 2 e 3)<br \/><strong><em>Resposta:&nbsp;<\/em>Certo<\/strong><\/p>\n\n\n\n<p><strong>Quest\u00e3o 9:&nbsp;<\/strong>H\u00e1 no texto, sobretudo no trecho, &#8220;a do silencioso&#8230;&#8221;<br \/><strong><em>Resposta:&nbsp;<\/em>Errado<\/strong><\/p>\n\n\n\n<p><strong>Quest\u00e3o 10:&nbsp;<\/strong>A express\u00e3o &#8220;ao menos&#8221; (l.18)\u2026<br \/><strong><em>Resposta:&nbsp;<\/em>Certo<\/strong><\/p>\n\n\n\n<p><strong>Quest\u00e3o 11:&nbsp;<\/strong>No que se refere \u00e0 tipologia, o texto\u2026<br \/><strong><em>Resposta:&nbsp;<\/em>Errado<\/strong><\/p>\n\n\n\n<p><strong>Quest\u00e3o 12:&nbsp;<\/strong>Em &#8220;fugia-me&#8221; (l.5) e &#8220;lembrei-me&#8221;\u2026<br \/><strong><em>Resposta:&nbsp;<\/em>Certo<\/strong><\/p>\n\n\n\n<p><strong>Quest\u00e3o 13:&nbsp;<\/strong>Com o emprego da express\u00e3o &#8220;mal eram divisados&#8221;\u2026<br \/><strong><em>Resposta:&nbsp;<\/em>Certo<\/strong><\/p>\n\n\n\n<p><strong>Quest\u00e3o 14:&nbsp;<\/strong>No trecho &#8220;Quis lembrar-me de seu rosto\u2026&#8221;<br \/><strong><em>Resposta:&nbsp;<\/em>Certo<\/strong><\/p>\n\n\n\n<p><strong>Quest\u00e3o 15:&nbsp;<\/strong>A sensa\u00e7\u00e3o que a narradora finalmente se permitiu\u2026<br \/><strong><em>Resposta:&nbsp;<\/em>Errado<\/strong><\/p>\n\n\n\n<p><strong>Quest\u00e3o 16:&nbsp;<\/strong>Nas tr\u00eas \u00faltimas d\u00e9cadas do s\u00e9culo XX&#8230;<br \/><strong><em>Resposta:&nbsp;<\/em>Certo<\/strong><\/p>\n\n\n\n<p><strong>GABARITO PRELIMINAR:<\/strong>&nbsp;ERRADO<\/p>\n\n\n\n<p>De acordo com o Dicion\u00e1rio Houaiss, o verbete \u201cileg\u00edtimo\u201d significa \u201cque n\u00e3o satisfaz \u00e0s condi\u00e7\u00f5es exigidas pela lei, pelo direito\u201d. Tendo que a leitura do texto permite inferir que passou a vigorar na letra da lei o direito \u00e0 comunica\u00e7\u00e3o apenas no s\u00e9culo XXI, \u00e9 correto afirmar que esse direito n\u00e3o satisfazia condi\u00e7\u00f5es legais nos anos finais do s\u00e9culo XX.<\/p>\n\n\n\n<p>Ante a fundamenta\u00e7\u00e3o acima, requer, humildemente, a ALTERA\u00c7\u00c3O do gabarito para <strong>CERTO<\/strong>.<\/p>\n\n\n\n<p><strong>Quest\u00e3o 17:&nbsp;<\/strong>O PNDH-3 representou um avan\u00e7o no que diz respeito&#8230;<br \/><strong><em>Resposta:&nbsp;<\/em>Certo<\/strong><\/p>\n\n\n\n<p>De acordo com o Dicion\u00e1rio Houaiss, o verbete \u201cileg\u00edtimo\u201d significa \u201cque n\u00e3o satisfaz \u00e0s condi\u00e7\u00f5es exigidas pela lei, pelo direito\u201d. Tendo que a leitura do texto permite inferir que passou a vigorar na letra da lei o direito \u00e0 comunica\u00e7\u00e3o apenas no s\u00e9culo XXI, \u00e9 correto afirmar que esse direito n\u00e3o satisfazia condi\u00e7\u00f5es legais nos anos finais do s\u00e9culo XX.<\/p>\n\n\n\n<p>Ante a fundamenta\u00e7\u00e3o acima, requer-se, humildemente, a ALTERA\u00c7\u00c3O do gabarito para CERTO.<\/p>\n\n\n\n<p><strong>Quest\u00e3o 18:&nbsp;<\/strong>O direito \u00e0 comunica\u00e7\u00e3o consiste em um dos&#8230;<br \/><strong><em>Resposta:&nbsp;<\/em>Errado<\/strong><\/p>\n\n\n\n<p><strong>Quest\u00e3o 19:&nbsp;<\/strong>O emprego de v\u00edrgula no lugar do ponto final&#8230;<br \/><strong><em>Resposta:<\/em><\/strong>&nbsp;<strong>Errado<\/strong><\/p>\n\n\n\n<p><strong>Quest\u00e3o 20:&nbsp;<\/strong>De acordo com as ideias do texto, o direito&#8230;<br \/><strong><em>Resposta:&nbsp;<\/em>Certo<\/strong><\/p>\n\n\n\n<p><strong>Quest\u00e3o 21:&nbsp;<\/strong>A express\u00e3o &#8220;em que&#8221; (l.8)\u2026<br \/><strong><em>Resposta:&nbsp;<\/em>Errado<\/strong><\/p>\n\n\n\n<p><strong>Quest\u00e3o 22:&nbsp;<\/strong>Caso a express\u00e3o &#8220;21 anos atr\u00e1s&#8221;\u2026<br \/><strong><em>Resposta:&nbsp;<\/em>Errado<\/strong><\/p>\n\n\n\n<p><strong>Quest\u00e3o 23:&nbsp;<\/strong>No \u00faltimo per\u00edodo do primeiro par\u00e1grafo, a anteposi\u00e7\u00e3o\u2026<br \/><strong><em>Resposta:&nbsp;<\/em>Certo<\/strong><\/p>\n\n\n\n<p><strong>Quest\u00e3o 24:<\/strong> A informa\u00e7\u00e3o veiculada no texto seria preservada\u2026<br \/><strong><em>Resposta:&nbsp;<\/em>Certo<\/strong><\/p>\n\n\n\n<p><strong>Quest\u00e3o 25:&nbsp;<\/strong>O termo &#8220;estabelecendo&#8221; (l.19) foi empregado\u2026<br \/><strong><em>Resposta:&nbsp;<\/em>Certo<\/strong><\/p>\n\n\n\n<p><strong>Quest\u00e3o 26:&nbsp;<\/strong>No texto, o verbo <strong>instituir<\/strong>&#8230;<br \/><strong><em>Resposta:&nbsp;<\/em>Certo<\/strong><\/p>\n\n\n\n<p><strong>Quest\u00e3o 27:&nbsp;<\/strong>Mantendo-se a corre\u00e7\u00e3o e a coer\u00eancia\u2026<br \/><strong><em>Resposta:&nbsp;<\/em>Errado<\/strong><\/p>\n\n\n\n<p><strong>Quest\u00e3o 28:&nbsp;<\/strong> Conforme a pr\u00f3xima figura, que informa\u2026<br \/><strong><em>Resposta:&nbsp;<\/em>Certo<\/strong><\/p>\n\n\n\n<p><strong>Quest\u00e3o 29:&nbsp;<\/strong> O produto interno bruto (PIB) do DF&#8230; <br \/><strong><em>Resposta:&nbsp;<\/em>Certo<\/strong><\/p>\n\n\n\n<p><strong>Quest\u00e3o 30:&nbsp;<\/strong>No DF, a \u00e1gua subterr\u00e2nea \u00e9 considerada&#8230;<br \/><strong><em>Resposta:&nbsp;<\/em>Certo<\/strong><\/p>\n\n\n\n<p><strong>Quest\u00e3o 31:&nbsp;<\/strong>Cerca de 70% do territ\u00f3rio do DF&#8230;<br \/><strong><em>Resposta:&nbsp;<\/em>Certo<\/strong><\/p>\n\n\n\n<p><strong>Quest\u00e3o 32:&nbsp;<\/strong>A constru\u00e7\u00e3o de Bras\u00edlia inscreve-se no&#8230;<br \/><strong><em>Resposta:&nbsp;<\/em>Certo<\/strong><\/p>\n\n\n\n<p><strong>Quest\u00e3o 33:&nbsp;<\/strong>A constru\u00e7\u00e3o de Bras\u00edlia n\u00e3o sofreu&#8230;<br \/><strong><em>Resposta:&nbsp;<\/em>Errado<\/strong><\/p>\n\n\n\n<p><strong>Quest\u00e3o 34:&nbsp;<\/strong>A cria\u00e7\u00e3o da Regi\u00e3o Integrada de Desenvolvimento&#8230;<br \/><strong><em>Resposta:&nbsp;<\/em>Errado<\/strong><\/p>\n\n\n\n<p><strong>Quest\u00e3o 35:&nbsp;<\/strong>A presen\u00e7a de oper\u00e1rios vindos dos mais&#8230;<br \/><strong><em>Resposta:&nbsp;<\/em>Certo<\/strong><\/p>\n\n\n\n<p><strong>Quest\u00e3o 36:&nbsp;<\/strong>Servidor p\u00fablico demitido que ajuizar a\u00e7\u00e3o&#8230;<br \/><strong><em>Resposta:<\/em><\/strong>&nbsp;<strong>Certo<\/strong><\/p>\n\n\n\n<p><strong>Quest\u00e3o 37:&nbsp;<\/strong>\u00c9 permitido a secret\u00e1rios de Estado do Distrito Federal&#8230;<br \/><strong><em>Resposta:&nbsp;<\/em>Errado<\/strong><\/p>\n\n\n\n<p><strong>Quest\u00e3o 38:&nbsp;<\/strong>Dever\u00e1 ser tornada sem efeito a exonera\u00e7\u00e3o&#8230;<br \/><strong><em>Resposta:<\/em><\/strong>&nbsp;<strong>Errado<\/strong><\/p>\n\n\n\n<p><strong>Quest\u00e3o 39:&nbsp;<\/strong>Ficar\u00e1 configurado o abandono de emprego caso um servidor&#8230;<br \/><strong><em>Resposta:&nbsp;<\/em>Errado<\/strong><\/p>\n\n\n\n<p><strong>Quest\u00e3o 40:&nbsp;<\/strong>Servidor p\u00fablico com defici\u00eancia poder\u00e1 ter hor\u00e1rio especial&#8230;<br \/><strong><em>Resposta:&nbsp;<\/em>Certo<\/strong><\/p>\n\n\n\n<p><strong>Quest\u00e3o 41:&nbsp;<\/strong>\u00c9 permitido a subsecret\u00e1rio de Secretaria de Estado&#8230;<br \/><strong><em>Resposta:&nbsp;<\/em>Certo<\/strong> &#8211; <\/p>\n\n\n\n<p>No caso citado na quest\u00e3o, o servidor mencionado poder\u00e1 receber o presente sim, pois de acordo com o art. 18 do Decreto DF n\u00ba 37.297\/16:<em>Art. 18. \u00c9 vedada \u00e0 autoridade p\u00fablica a aceita\u00e7\u00e3o de presentes, <strong>salvo de autoridades estrangeiras nos casos protocolares em que houver reciprocidade<\/strong>.<\/em><\/p>\n\n\n\n<p><strong>Quest\u00e3o 42:&nbsp;<\/strong>Servidor p\u00fablico da Procuradoria-Geral do Distrito Federal&#8230;<br \/><strong><em>Resposta:&nbsp;<\/em>Certo<\/strong> &#8211; <\/p>\n\n\n\n<p>No caso citado na quest\u00e3o, o servidor n\u00e3o desrespeita de fato do C\u00f3digo de \u00c9tica. \u00c9 que segundo estabelece o art. 10, \u00a72\u00ba, inciso IV do Decreto DF n\u00ba 37.297\/16:<\/p>\n\n\n\n<p><em>Art. 10. O servidor ou empregado p\u00fablico n\u00e3o deve, direta ou indiretamente, solicitar, insinuar, aceitar ou receber bens, benef\u00edcios ou quaisquer vantagens materiais ou imateriais, para si ou para outrem, em raz\u00e3o do exerc\u00edcio de suas atribui\u00e7\u00f5es, cargo, fun\u00e7\u00e3o ou emprego p\u00fablico.<\/em><\/p>\n\n\n\n<p><em>(&#8230;)<\/em><\/p>\n\n\n\n<p><em>\u00a7 2\u00ba N\u00e3o ser\u00e3o considerados como bens e vantagens de natureza indevida:<\/em><\/p>\n\n\n\n<p><em>(&#8230;)<\/em><\/p>\n\n\n\n<p><em>IV &#8211; ingressos para participa\u00e7\u00e3o em atividades, shows, eventos, simp\u00f3sios, congressos ou conven\u00e7\u00f5es, desde que ajustados em contrapartida de contrato administrativo ou conv\u00eanio.<\/em><\/p>\n\n\n\n<p><strong>Quest\u00e3o 43:&nbsp;<\/strong>Os conselhos de representantes comunit\u00e1rios&#8230;<br \/><strong><em>Resposta:&nbsp;<\/em>Errado<\/strong> &#8211; Cada Regi\u00e3o Administrativa do Distrito Federal ter\u00e1 um Conselho de Representantes Comunit\u00e1rios, com fun\u00e7\u00f5es consultivas e fiscalizadoras, na forma da lei.<\/p>\n\n\n\n<p><strong>Quest\u00e3o 44:&nbsp;<\/strong>O SEI permite que sejam utilizadas&#8230;<br \/><strong><em>Resposta:&nbsp;<\/em>Certo<\/strong> &#8211; De acordo com o art. 6\u00ba, al\u00edneas \u201ca\u201d e \u201cb\u201d do Decreto DF n\u00ba 37.756\/15:<br \/><br \/>Art. 6\u00ba Para fins de gest\u00e3o e funcionamento do SEI, fica regulamentada a assinatura eletr\u00f4nica<br \/>como registro inequ\u00edvoco de signat\u00e1rio de ato, podendo ser:<br \/><br \/>a) assinatura digital: baseada em certificado digital emitido por autoridade certificadora<br \/>credenciada na Infraestrutura de Chaves P\u00fablicas Brasileiras (ICP \u2013 BRASIL); e<br \/>b) assinatura cadastrada: realizada mediante pr\u00e9vio credenciamento de acesso de usu\u00e1rio,<br \/>com fornecimento de login e senha.<\/p>\n\n\n\n<p><strong>Quest\u00e3o 45:&nbsp;<\/strong>Entre os objetivos do SEI est\u00e1&#8230;<br \/><strong><em>Resposta:&nbsp;<\/em>Errado<\/strong> &#8211; Esse n\u00e3o \u00e9 um dos objetivos do SEI, segundo estabelece o Decreto DF n\u00ba 37.756\/15 em seu art.<br \/>2\u00ba:<br \/><br \/>Art. 2\u00ba S\u00e3o objetivos do SEI:<br \/><br \/>I \u2013 aumentar a produtividade e a celeridade na tramita\u00e7\u00e3o de documentos e processos;<br \/>II \u2013 aprimorar a seguran\u00e7a e a confiabilidade dos dados e das informa\u00e7\u00f5es;<br \/>III \u2013 criar condi\u00e7\u00f5es mais adequadas para a produ\u00e7\u00e3o e utiliza\u00e7\u00e3o de informa\u00e7\u00f5es;<br \/>IV \u2013 facilitar o acesso \u00e0s informa\u00e7\u00f5es; e<br \/>V \u2013 reduzir o uso de papel, os custos operacionais e de armazenamento da documenta\u00e7\u00e3o.<\/p>\n\n\n\n<p><strong>Quest\u00e3o 46:&nbsp;<\/strong>O procurador-geral do Distrito Federal&#8230;<br \/><strong><em>Resposta:&nbsp;<\/em>Certo<\/strong> &#8211; De acordo com o art. 32 da Lei Complementar n \u00ba 395\/2001:<br \/><br \/>Art. 32. A lota\u00e7\u00e3o, remo\u00e7\u00e3o e relota\u00e7\u00e3o dos Procuradores ser\u00e1 feita por ato do Procurador-<br \/>Geral, de acordo com a necessidade de servi\u00e7o.<\/p>\n\n\n\n<p><strong>Quest\u00e3o 47:&nbsp;<\/strong>A Jos\u00e9, durante o est\u00e1gio probat\u00f3rio, competia\u2026<br \/><strong><em>Resposta:&nbsp;<\/em>Certo<\/strong> &#8211; Tendo em vista o disposto na Lei Complementar n\u00ba 395\/2001, art. 4\u00ba, inciso III e XVII:<br \/><br \/>Art. 4\u00ba Compete \u00e0 Procuradoria-Geral do Distrito Federal:<br \/><br \/>(\u2026)<br \/>III \u2013 exercer o controle interno da legalidade dos atos do Poder Executivo;<br \/>(\u2026)<br \/>XVII \u2013 prestar orienta\u00e7\u00e3o jur\u00eddico\u2013normativa para a Administra\u00e7\u00e3o Direta e Indireta do Distrito<br \/>Federal;<\/p>\n\n\n\n<p><strong>Quest\u00e3o 48:&nbsp;<\/strong>Caso Jos\u00e9 tivesse se deparado, no exerc\u00edcio\u2026<br \/><strong><em>Resposta:&nbsp;<\/em>Errado<\/strong> &#8211; De acordo com o art. 6\u00ba, inciso XXXVII da Lei Complementar n\u00ba 395\/2001:<br \/><br \/>Art. 6\u00ba Ao Procurador-Geral do Distrito Federal cabe o desempenho das seguintes atribui\u00e7\u00f5es:<\/p>\n\n\n\n<p>(\u2026)<br \/>XXXVII \u2013 propor ao Governador do Distrito Federal a declara\u00e7\u00e3o de nulidade ou a revoga\u00e7\u00e3o de<br \/>atos da Administra\u00e7\u00e3o P\u00fablica;<\/p>\n\n\n\n<p><strong>Quest\u00e3o 49:&nbsp;<\/strong>Competir\u00e1 ao Conselho Superior da Procuradoria-Geral do Distrito\u2026<br \/><strong><em>Resposta:&nbsp;<\/em>Errado<\/strong> &#8211; De acordo com o art. 11, inciso V, da Lei Complementar n\u00ba 395\/2001I:<br \/><br \/>Art. 11. Compete ao Conselho Superior:<br \/>(\u2026)<br \/>V \u2013 deliberar sobre a exonera\u00e7\u00e3o de Procurador do Distrito Federal julgado inapto no est\u00e1gio<br \/>probat\u00f3rio, encaminhando c\u00f3pia da decis\u00e3o ao Procurador-Geral para efetiva\u00e7\u00e3o junto ao<br \/>Governador do Distrito Federal;.<\/p>\n\n\n\n<p><strong>Quest\u00e3o 50:&nbsp;<\/strong>Durante o est\u00e1gio probat\u00f3rio, Jos\u00e9&#8230;<br \/><strong><em>Resposta:<\/em><\/strong>&nbsp;<strong>Errado<\/strong> &#8211; Segundo estabelece o art. 34, inciso I, \u201ca\u201d, da Lei Complementar n\u00ba 395\/2001:<br \/><br \/>Art. 34. A cess\u00e3o de Procuradores para outros \u00f3rg\u00e3os depender\u00e1 de pr\u00e9via anu\u00eancia do<br \/>Conselho Superior da Procuradoria-Geral do Distrito Federal e somente se dar\u00e1 nos seguintes<br \/>casos:<br \/><br \/>I \u2013 no \u00e2mbito do Distrito Federal, para:<br \/>a) exerc\u00edcio de cargo de natureza especial ou equivalente;<\/p>\n\n\n\n<p><strong>Quest\u00e3o 51:&nbsp;<\/strong>A estrutura matricial tem como foco&#8230;<br \/><strong><em>Resposta:&nbsp;<\/em>Errado<\/strong><\/p>\n\n\n\n<p><strong>Quest\u00e3o 52:&nbsp;<\/strong>A estrutura organizacional funcional \u00e9 aquela&#8230;<br \/><strong><em>Resposta:&nbsp;<\/em>Errado<\/strong><\/p>\n\n\n\n<p><strong>Quest\u00e3o 53:&nbsp;<\/strong>Estrutura linear e de linha\/<em>staff<\/em>\u2026<br \/><strong><em>Resposta:&nbsp;<\/em>Certo<\/strong><\/p>\n\n\n\n<p><strong>Quest\u00e3o 54:&nbsp;<\/strong>As equipes respons\u00e1veis por um processo s\u00e3o&#8230;<br \/><strong><em>Resposta:&nbsp;<\/em>Certo<\/strong><\/p>\n\n\n\n<p><strong>Quest\u00e3o 55:&nbsp;<\/strong>A gest\u00e3o por processos utiliza estrutura&#8230;<br \/><strong><em>Resposta:&nbsp;<\/em>Errado<\/strong><\/p>\n\n\n\n<p><strong>Quest\u00e3o 56:&nbsp;<\/strong>Os processos classificam-se em prim\u00e1rios\u2026<br \/><strong><em>Resposta:<\/em><\/strong>&nbsp;<strong>Certo<\/strong><\/p>\n\n\n\n<p><strong>Quest\u00e3o 57:&nbsp;<\/strong>Processo \u00e9 um conjunto de atividades resultante&#8230;<br \/><strong><em>Resposta:&nbsp;<\/em>Certo<\/strong><\/p>\n\n\n\n<p><strong>Quest\u00e3o 58:&nbsp;<\/strong>A estrutura matricial \u00e9 um modelo h\u00edbrido&#8230;<br \/><strong><em>Resposta:&nbsp;<\/em>Errado<\/strong> &#8211; <\/p>\n\n\n\n<p>De fato, a estrutura matricial \u00e9 um modelo h\u00edbrido. Portanto, a primeira parte da assertiva est\u00e1 correta.<\/p>\n\n\n\n<p>Contudo, a segunda parte da assertiva est\u00e1 errada. Isso, pois, \u00e9&nbsp;<strong>CONSENSO<\/strong>&nbsp;entre os mais renomados autores da \u00e1rea, tais como Idalberto Chiavenato, Amaru Maximiano, Antonio Cury, Djalma de Oliveira e Sobral &amp; Peci, que a estrutura matricial&nbsp;<strong>DEPENDE, necessariamente,<\/strong>&nbsp;da&nbsp;<strong>exist\u00eancia da estrutura funcional<\/strong>.<\/p>\n\n\n\n<p>Ou seja, a estrutura matricial consiste na combina\u00e7\u00e3o da&nbsp;<strong>estrutura funcional<\/strong>&nbsp;(departamentaliza\u00e7\u00e3o funcional)&nbsp;<strong>COM&nbsp;<\/strong>outro tipo de estrutura (tais como a departamentaliza\u00e7\u00e3o por projeto ou produto, por exemplo).<\/p>\n\n\n\n<p>Vejamos o que esses renomados autores discorrem sobre o tema:<\/p>\n\n\n\n<p>\u201cA organiza\u00e7\u00e3o matricial combina duas formas de departamentaliza\u00e7\u00e3o \u2013&nbsp;<strong>departamentaliza\u00e7\u00e3o&nbsp;<u>funcional<\/u><\/strong>&nbsp;<strong>COM&nbsp;<\/strong>departamentaliza\u00e7\u00e3o de produto&nbsp;<strong>ou<\/strong>&nbsp;projeto \u2013 na mesma estrutura funcional. Trata-se, portanto, de uma estrutura mista; ou melhor, h\u00edbrida. O desenho funcional \u00e9 usado em duas dimens\u00f5es:&nbsp;<strong>gerentes funcionais<\/strong>&nbsp;e gerentes de produtos ou de projetos.\u201d (CHIAVENATO, Idalberto. Teoria Geral da Administra\u00e7\u00e3o: abordagens descritivas e explicativas, volume II. 7. Ed. Barueri, SP: Manole, 2014. pp. 462-463)<\/p>\n\n\n\n<p>\u201cA ess\u00eancia da organiza\u00e7\u00e3o matricial \u00e9 a&nbsp;<strong>combina\u00e7\u00e3o das formas de departamentaliza\u00e7\u00e3o funcional<\/strong>&nbsp;<strong>E<\/strong>&nbsp;de produto&nbsp;<strong>ou<\/strong>&nbsp;projeto na mesma estrutura organizacional. Trata-se de uma estrutura mista em forma de dupla entrada: a&nbsp;<strong>organiza\u00e7\u00e3o funcional<\/strong>&nbsp;\u00e9 verticalizada, enquanto a organiza\u00e7\u00e3o por produto ou projeto \u00e9 horizontalida\u201d. (CHIAVENATO, Idalberto. Administra\u00e7\u00e3o: teoria, processo e pr\u00e1tica. 5. Ed. Barueri, SP: Manole, 2014. p. 250)<\/p>\n\n\n\n<p>\u201cA estrutura matricial apresenta-se como um modelo h\u00edbrido que procura&nbsp;<strong>conjugar<\/strong>&nbsp;as vantagens da&nbsp;<strong>estrutura funcional<\/strong>&nbsp;<strong>COM<\/strong>&nbsp;o melhor da estrutura divisional. &nbsp;Em uma l\u00f3gica funcional e vertical, a estrutura matricial&nbsp;<strong>agrega os especialistas em cada \u00e1rea funcional<\/strong>, permitindo extrair o m\u00e1ximo da divis\u00e3o do trabalho.\u201d (Sobral, Filipe Administra\u00e7\u00e3o: teoria e pr\u00e1tica no contexto brasileiro \/ Filipe Sobral, Alketa Peci. \u2013 2. ed. \u2013 S\u00e3o Paulo: Pearson Education do Brasil, 2013. p. 276)<\/p>\n\n\n\n<p>\u201cA vantagem da estrutura&nbsp;matricial&nbsp;decorre da combina\u00e7\u00e3o de dois tipos de enfoques. Enquanto a&nbsp;<strong>organiza\u00e7\u00e3o funcional<\/strong>&nbsp;favorece a especializa\u00e7\u00e3o e a acumula\u00e7\u00e3o de conhecimentos, a organiza\u00e7\u00e3o por projetos favorece a orienta\u00e7\u00e3o para algum tipo de resultado ou problema a ser resolvido. A estrutura&nbsp;matricial&nbsp;equilibra esses dois tipos de vantagens,&nbsp;<strong>combinando<\/strong>&nbsp;a compet\u00eancia t\u00e9cnica da&nbsp;<strong>estrutura funcional<\/strong>&nbsp;<strong>COM<\/strong>&nbsp;a a\u00e7\u00e3o orientada para o resultado da organiza\u00e7\u00e3o de projeto.\u201d (MAXIMIANO, Antonio Cesar Amaru. Fundamentos da Administra\u00e7\u00e3o : introdu\u00e7\u00e3o \u00e0 teoria geral e aos processos da administra\u00e7\u00e3o \/ Antonio Cesar Amaru Maximiano. \u2013 3. ed. \u2013 Rio de Janeiro : LTC, 2015. recurso digital : il. p. 209)<\/p>\n\n\n\n<p>\u201cPortanto, a estrutura&nbsp;matricial&nbsp;\u00e9 uma solu\u00e7\u00e3o mista em que, normalmente, se combina a&nbsp;<strong>estrutura com base em fun\u00e7\u00e3o<\/strong>&nbsp;<strong>COM<\/strong>&nbsp;as estruturas com base em projetos ou em produtos. Assim, ao rev\u00e9s de a organiza\u00e7\u00e3o adotar grupos de produtos (estrutura divisional) ou de projetos (estrutura de projetos) independentes, cada um com suas pr\u00f3prias subestruturas funcionais (produ\u00e7\u00e3o, engenharia, marketing, finan\u00e7as etc.),&nbsp;<strong>os \u00f3rg\u00e3os funcionais centrais continuam com suas estruturas caracter\u00edsticas<\/strong>, apoiando, contudo, as ger\u00eancias tanto de projetos quanto de produtos. Os gerentes de projetos\/produtos exercem a coordena\u00e7\u00e3o e a supervis\u00e3o dos grupos funcionais de apoio alocados a suas estruturas. Podemos ainda asseverar que um dos principais argumentos para a op\u00e7\u00e3o pela estrutura&nbsp;matricial&nbsp;\u00e9 a grande diversifica\u00e7\u00e3o da empresa tanto quanto a produtos\/projetos quanto a mercados.\u201d (Cury, Antonio<br \/>Organiza\u00e7\u00e3o e m\u00e9todos: uma vis\u00e3o hol\u00edstica \/ Antonio Cury. \u2013 9. ed. \u2013 S\u00e3o Paulo : Atlas, 2017. P. 235)<\/p>\n\n\n\n<p>\u201cestrutura organizacional&nbsp;matricial, ocorrendo a sobreposi\u00e7\u00e3o de dois tipos de departamentaliza\u00e7\u00e3o \u2013 geralmente a&nbsp;<strong>funcional<\/strong>&nbsp;<strong>E<\/strong>&nbsp;a por projetos \u2013 sobre a mesma pessoa, gerando uma situa\u00e7\u00e3o de dupla subordina\u00e7\u00e3o e uma responsabilidade compartilhada perante dois chefes e, consequentemente, dificultando a defini\u00e7\u00e3o das responsabilidades e das autoridades de cada profissional.\u201d (Oliveira, Djalma de Pinho Rebou\u00e7as de Administra\u00e7\u00e3o: evolu\u00e7\u00e3o do pensamento administrativo, instrumentos e aplica\u00e7\u00f5es pr\u00e1ticas \/ Djalma de Pinho Rebou\u00e7as de Oliveira. \u2013 1. ed. \u2013 S\u00e3o Paulo : Atlas, 2019. P. 198)<\/p>\n\n\n\n<p>Conforme se nota, as ideias de todos os autores convergem para o mesmo sentido.<\/p>\n\n\n\n<p>Chiavenato, inclusive, \u00e9 bastante CLARO ao dizer que: \u201cA organiza\u00e7\u00e3o matricial combina duas formas de departamentaliza\u00e7\u00e3o \u2013&nbsp;<strong>departamentaliza\u00e7\u00e3o&nbsp;<u>funcional<\/u><\/strong>&nbsp;<strong>COM&nbsp;<\/strong>departamentaliza\u00e7\u00e3o de produto&nbsp;<strong>ou<\/strong>&nbsp;projeto \u2013 na mesma estrutura funcional.\u201d<\/p>\n\n\n\n<p>O autor destaca que a ess\u00eancia (ou seja, A MAIS IMPORTANTE CARACTER\u00cdSTICA) da organiza\u00e7\u00e3o matricial \u00e9 justamente \u201ca&nbsp;<strong>combina\u00e7\u00e3o das formas de departamentaliza\u00e7\u00e3o funcional<\/strong>&nbsp;<strong>E<\/strong>&nbsp;de produto&nbsp;<strong>ou<\/strong>&nbsp;projeto na mesma estrutura organizacional.\u201d<\/p>\n\n\n\n<p>Maximiano, ao seu turno, refor\u00e7a a ideia de que \u201ca vantagem da estrutura&nbsp;matricial&nbsp;decorre da combina\u00e7\u00e3o de dois tipos de enfoques. Enquanto a&nbsp;<strong>organiza\u00e7\u00e3o funcional<\/strong>&nbsp;favorece a especializa\u00e7\u00e3o e a acumula\u00e7\u00e3o de conhecimentos, a organiza\u00e7\u00e3o por projetos favorece a orienta\u00e7\u00e3o para algum tipo de resultado ou problema a ser resolvido. A estrutura&nbsp;matricial&nbsp;equilibra esses dois tipos de vantagens,&nbsp;<strong>combinando<\/strong>&nbsp;a compet\u00eancia t\u00e9cnica da&nbsp;<strong>estrutura funcional<\/strong>&nbsp;<strong>COM<\/strong>&nbsp;a a\u00e7\u00e3o orientada para o resultado da organiza\u00e7\u00e3o de projeto.\u201d<\/p>\n\n\n\n<p>Sobral e Peci, na mesma linha, reafirmam que \u201cA estrutura matricial apresenta-se como um modelo h\u00edbrido que procura&nbsp;<strong>conjugar<\/strong>&nbsp;as vantagens da&nbsp;<strong>estrutura funcional<\/strong>&nbsp;<strong>COM<\/strong>&nbsp;o melhor da estrutura divisional.\u201d<\/p>\n\n\n\n<p>Para REFOR\u00c7AR a ideia de que a quest\u00e3o deve ter o seu gabarito alterado para ERRADA, vejamos outras quest\u00f5es anteriores da pr\u00f3pria banca (CESPE), nesse sentido:<\/p>\n\n\n\n<p>CESPE \u2013 2018 \u2013 FUB<\/p>\n\n\n\n<p>Acerca de estrutura organizacional, procedimentos administrativos e arquivamento, julgue o item que se segue.<\/p>\n\n\n\n<p>A estrutura organizacional matricial combina a compet\u00eancia t\u00e9cnica da&nbsp;<strong>estrutura funcional&nbsp;<\/strong><em><strong>COM<\/strong>&nbsp;<\/em>a a\u00e7\u00e3o orientada para o resultado da organiza\u00e7\u00e3o de projeto.<\/p>\n\n\n\n<p>(gabarito: correta)<\/p>\n\n\n\n<p>CESPE \u2013 2011 \u2013 EBC<\/p>\n\n\n\n<p>Julgue o item que se segue, referente a organiza\u00e7\u00f5es, sistemas<br \/>e m\u00e9todos.<\/p>\n\n\n\n<p>O modelo matricial \u00e9 um tipo de estrutura resultante da integra\u00e7\u00e3o de dois tipos de organogramas: o&nbsp;<strong>modelo tradicional de estrutura funcional<\/strong>&nbsp;<strong>E<\/strong>&nbsp;o modelo de estrutura organizado por projeto.<\/p>\n\n\n\n<p>(gabarito: correta)<\/p>\n\n\n\n<p>CESPE \u2013 2011 \u2013 TJ-ES<\/p>\n\n\n\n<p>A jun\u00e7\u00e3o das cadeias de comando&nbsp;<strong>funcional<\/strong>&nbsp;<strong>E<\/strong><strong>&nbsp;<\/strong>divisional forma a departamentaliza\u00e7\u00e3o matricial.<\/p>\n\n\n\n<p>(gabarito: correta)<\/p>\n\n\n\n<p>CESPE \u2013 2012 \u2013 ANAC<\/p>\n\n\n\n<p>A estrutura organizacional matricial \u00e9 uma&nbsp;<strong>combina\u00e7\u00e3o<\/strong>&nbsp;das&nbsp;<strong>organiza\u00e7\u00f5es funcional<\/strong>&nbsp;<strong>E&nbsp;<\/strong>projetizada, em que a autoridade dos gerentes de projeto varia conforme a estrutura matricial, que pode ser fraca, equilibrada ou forte.<\/p>\n\n\n\n<p>(gabarito: correta)<\/p>\n\n\n\n<p>CESPE \u2013 2013 \u2013 ANCINE<\/p>\n\n\n\n<p>Em rela\u00e7\u00e3o \u00e0 estrutura organizacional e seus diversos tipos de departamentaliza\u00e7\u00e3o, julgue o item seguinte.<\/p>\n\n\n\n<p>A fun\u00e7\u00e3o de organizar consiste em dividir tarefas entre blocos de trabalhos, denominados departamentos. A departamentaliza\u00e7\u00e3o matricial \u00e9 uma solu\u00e7\u00e3o para coordenar recursos multidisciplinares designados para determinado projeto, sem perder, no entanto, a&nbsp;<strong>liga\u00e7\u00e3o com seu departamento funcional.<\/strong><\/p>\n\n\n\n<p>(gabarito: correta)<\/p>\n\n\n\n<p>Conforme se nota, a pr\u00f3pria banca, ao longo dos anos, sedimentou o entendimento explicitado pelos autores acima mencionados, no sentido da&nbsp;<strong>NECESSIDADE<\/strong>&nbsp;da&nbsp;<strong>estrutura funcional&nbsp;<\/strong>na composi\u00e7\u00e3o da estrutura matricial.<\/p>\n\n\n\n<p>Demais disso, da assertiva infere-se restri\u00e7\u00e3o a quaisquer outros tipos de departamentaliza\u00e7\u00f5es (como a&nbsp;<strong>funcional<\/strong>&nbsp;que, repita-se: \u00e9 a&nbsp;<strong>ess\u00eancia<\/strong>&nbsp;da estrutura matricial). Desta forma, mais um ponto para inquinar a assertiva.<\/p>\n\n\n\n<p>Diante de todo o exposto, requer-se que o gabarito da quest\u00e3o seja alterado para&nbsp;<strong>ERRADO<\/strong>.<\/p>\n\n\n\n<p><strong>Quest\u00e3o 59:&nbsp;<\/strong>Em uma estrutura organizacional de linha\/<em>staff<\/em>&#8230;<br \/><strong><em>Resposta:&nbsp;<\/em>Errado<\/strong><\/p>\n\n\n\n<p><strong>Quest\u00e3o 60:&nbsp;<\/strong>Defini\u00e7\u00f5es estrat\u00e9gicas vindas do topo da hierarquia&#8230;<br \/><strong><em>Resposta:&nbsp;<\/em>Certo<\/strong><\/p>\n\n\n\n<p><strong>Quest\u00e3o 61:<\/strong>&nbsp;Em uma organiza\u00e7\u00e3o, a hierarquia \u00e9 a forma&#8230;<br \/><strong><em>Resposta:&nbsp;<\/em>Errado<\/strong><\/p>\n\n\n\n<p><strong>Quest\u00e3o 62:&nbsp;<\/strong>Um banco estadual que organiza sua estrutura interna&#8230;<br \/><strong><em>Resposta:&nbsp;<\/em>Certo<\/strong><\/p>\n\n\n\n<p><strong>Quest\u00e3o 63:<\/strong>&nbsp;A fun\u00e7\u00e3o administrativa realizada pela Uni\u00e3o&#8230;<br \/><strong><em>Resposta:&nbsp;<\/em>Errado<\/strong><\/p>\n\n\n\n<p><strong>Quest\u00e3o 64:&nbsp;<\/strong>A Secretaria da Receita Federal e a Procuradoria-Geral&#8230;<br \/><strong><em>Resposta:&nbsp;<\/em>Errado<\/strong><\/p>\n\n\n\n<p><strong>Quest\u00e3o 65:&nbsp;<\/strong>\u00c9 dispens\u00e1vel a licita\u00e7\u00e3o no caso do fornecimento&#8230;<br \/><strong><em>Resposta:&nbsp;<\/em>Certo<\/strong><\/p>\n\n\n\n<p><strong>Quest\u00e3o 66:&nbsp;<\/strong>O princ\u00edpio do julgamento objetivo estabelece que&#8230;<br \/><strong><em>Resposta:&nbsp;<\/em>Errado<\/strong><\/p>\n\n\n\n<p><strong>Quest\u00e3o 67:&nbsp;<\/strong>O princ\u00edpio do desenvolvimento sustent\u00e1vel \u00e9 aplic\u00e1vel&#8230;<br \/><strong><em>Resposta:&nbsp;<\/em>Certo<\/strong><\/p>\n\n\n\n<p><strong>Quest\u00e3o 68:&nbsp;<\/strong>A modalidade de preg\u00e3o eletr\u00f4nico pode ser aplicada\u2026<br \/><strong><em>Resposta:&nbsp;<\/em>Errado<\/strong><\/p>\n\n\n\n<p><strong>Quest\u00e3o 69:&nbsp;<\/strong>As autarquias podem optar pelo preg\u00e3o na forma presencial&#8230;<br \/><strong><em>Resposta:&nbsp;<\/em>Errado<\/strong><\/p>\n\n\n\n<p><strong>Quest\u00e3o 70:&nbsp;<\/strong>Em situa\u00e7\u00e3o de grave e iminente risco \u00e0 seguran\u00e7a p\u00fablica&#8230;<br \/><strong><em>Resposta:&nbsp;<\/em>Certo<\/strong><\/p>\n\n\n\n<p><strong>Quest\u00e3o 71:&nbsp;Situa\u00e7\u00e3o hipot\u00e9tica<\/strong>: Um ente, ao final do exerc\u00edcio\u2026<br \/><strong><em>Resposta:&nbsp;<\/em>Errado<\/strong><\/p>\n\n\n\n<p><strong>Quest\u00e3o 72:&nbsp;<\/strong>A movimenta\u00e7\u00e3o dos recursos entre as unidades do sistema\u2026<br \/><strong><em>Resposta:&nbsp;<\/em>Certo<\/strong><\/p>\n\n\n\n<p><strong>Quest\u00e3o 73:&nbsp;<\/strong>Quanto \u00e0 contabiliza\u00e7\u00e3o da d\u00edvida ativa\u2026<br \/><strong><em>Resposta:&nbsp;<\/em>Certo<\/strong><\/p>\n\n\n\n<p><strong>Quest\u00e3o 74:&nbsp;<\/strong>O pressuposto cont\u00e1bil para a inscri\u00e7\u00e3o&#8230;<br \/><strong><em>Resposta:&nbsp;<\/em>Errado<\/strong><\/p>\n\n\n\n<p><strong>Quest\u00e3o 75:&nbsp;<\/strong>Em conson\u00e2ncia com o princ\u00edpio or\u00e7ament\u00e1rio\u2026<br \/><strong><em>Resposta:&nbsp;<\/em>Certo<\/strong><\/p>\n\n\n\n<p><strong>Quest\u00e3o 76:&nbsp;<\/strong>Os tributos arrecadados pelo Distrito Federal&#8230;<br \/><strong><em>Resposta:&nbsp;<\/em>Errado<\/strong><\/p>\n\n\n\n<p><strong>Quest\u00e3o 77:&nbsp;<\/strong>Segundo a Lei de Responsabilidade Fiscal, uma\u2026<br \/><strong><em>Resposta:&nbsp;<\/em>Errado<\/strong><\/p>\n\n\n\n<p><strong>Quest\u00e3o 78:&nbsp;<\/strong>Se a despesa total com pessoal exceder 95%&#8230;<br \/><strong><em>Resposta:&nbsp;<\/em>Errado<\/strong><\/p>\n\n\n\n<p><strong>Quest\u00e3o 79:&nbsp;<\/strong>A lei or\u00e7ament\u00e1ria conter\u00e1 os cr\u00e9ditos suplementares\u2026<br \/><strong><em>Resposta:&nbsp;<\/em>Errado<\/strong><\/p>\n\n\n\n<p><strong>Quest\u00e3o 80:&nbsp;<\/strong>Os empenhos relativos a cr\u00e9ditos com\u2026<br \/><strong><em>Resposta:&nbsp;<\/em>Certo<\/strong><\/p>\n\n\n\n<p><strong>Quest\u00e3o 81:&nbsp;<\/strong>A doa\u00e7\u00e3o em esp\u00e9cie recebida por um ente&#8230;<br \/><strong><em>Resposta:<\/em><\/strong>&nbsp;<strong>Errado<\/strong><\/p>\n\n\n\n<p><strong>Quest\u00e3o 82:&nbsp;<\/strong>A contribui\u00e7\u00e3o social do sal\u00e1rio-educa\u00e7\u00e3o poder\u00e1&#8230;<strong><br \/><em>Resposta:&nbsp;<\/em>Errado<\/strong><\/p>\n\n\n\n<p><strong>Quest\u00e3o 83:&nbsp;<\/strong>Os recursos obtidos por meio do ped\u00e1gio cobrado\u2026<br \/><strong><em>Resposta:&nbsp;<\/em>Errado<\/strong><\/p>\n\n\n\n<p><strong>Quest\u00e3o 84:&nbsp;<\/strong>Os cr\u00e9ditos oriundos de laud\u00eamios\u2026<strong><br \/><em>Resposta:<\/em><\/strong>&nbsp;<strong>Certo<\/strong><\/p>\n\n\n\n<p><strong>Quest\u00e3o 85:&nbsp;<\/strong>A classifica\u00e7\u00e3o or\u00e7ament\u00e1rio por natureza&#8230;<br \/><strong><em>Resposta:<\/em><\/strong>&nbsp;<strong>Certo<\/strong><\/p>\n\n\n\n<p><strong>Quest\u00e3o 86:&nbsp;<\/strong>As despesas com fornecimento de energia el\u00e9trica&#8230;<br \/><strong><em>Resposta:<\/em><\/strong>&nbsp;<strong>Certo<\/strong><\/p>\n\n\n\n<p><strong>Quest\u00e3o 87:&nbsp;<\/strong>Os empenhos referentes a despesas com di\u00e1rias&#8230;<br \/><strong><em>Resposta:<\/em><\/strong>&nbsp;<strong>Errado<\/strong><\/p>\n\n\n\n<p><strong>Quest\u00e3o 88:&nbsp;<\/strong>O limite m\u00e1ximo para a concess\u00e3o de suprimento&#8230;<br \/><strong><em>Resposta:<\/em><\/strong>&nbsp;<strong>Certo<\/strong><\/p>\n\n\n\n<p><strong>Quest\u00e3o 89:&nbsp;<\/strong>Para que se efetue a amortiza\u00e7\u00e3o da despesa&#8230;<br \/><strong><em>Resposta:<\/em><\/strong>&nbsp;<strong>Certo<\/strong><\/p>\n\n\n\n<p><strong>Quest\u00e3o 90:&nbsp;<\/strong>A classifica\u00e7\u00e3o institucional da despesa or\u00e7ament\u00e1ria&#8230;<br \/><strong><em>Resposta:<\/em><\/strong>&nbsp;<strong>Certo<\/strong><\/p>\n\n\n\n<p><strong>Quest\u00e3o 91:&nbsp;<\/strong>Designam-se os documentos como ostensivos&#8230;<br \/><strong><em>Resposta:<\/em><\/strong>&nbsp;<strong>Certo<\/strong><\/p>\n\n\n\n<p><strong>Quest\u00e3o 92:&nbsp;<\/strong>Conforme a legisla\u00e7\u00e3o brasileira atual\u2026<br \/><strong><em>Resposta:<\/em><\/strong>&nbsp;<strong>Errado<\/strong><\/p>\n\n\n\n<p><strong>Quest\u00e3o 93: <\/strong>A Lei n\u00ba 12.529\/2011, conhecida como Lei\u2026<br \/><strong><em>Resposta:<\/em><\/strong>&nbsp;<strong>Errado<\/strong><\/p>\n\n\n\n<p>De acordo com http:\/\/www.planalto.gov.br\/ccivil_03\/_ato2011-2014\/2011\/lei\/l12529.htm a Lei 12.529\/2011 disp\u00f5e sobre a preven\u00e7\u00e3o e repress\u00e3o \u00e0s infra\u00e7\u00f5es contra a ordem econ\u00f4mica.<\/p>\n\n\n\n<p>O enunciado refere-se a Lei 12.527\/2011 que, de acordo com http:\/\/www.planalto.gov.br\/ccivil_03\/_ato2011-2014\/2011\/lei\/l12527.htm \u00e9 a chamada Lei de Acesso \u00e0 Informa\u00e7\u00e3o e regula o acesso a informa\u00e7\u00f5es tendo, inclusive, revogado os dispositivos da Lei n.\u00ba 8.159\/1991 que regulavam o acesso aos documentos p\u00fablicos como traz corretamente o enunciado.<\/p>\n\n\n\n<p>Portanto, por raz\u00f5es \u00f3bvias, a quest\u00e3o est\u00e1 <strong>errada<\/strong>.<\/p>\n\n\n\n<p><strong>Quest\u00e3o 94:&nbsp;<\/strong>No Distrito Federal, diferentemente do que\u2026<strong><br \/><em>Resposta:<\/em><\/strong>&nbsp;<strong>Errado<\/strong><\/p>\n\n\n\n<p><strong>Quest\u00e3o 95:&nbsp;<\/strong>Para que seja classificado como arquivo&#8230;<br \/><strong><em>Resposta:<\/em><\/strong> <strong>Certo<\/strong><\/p>\n\n\n\n<p><strong>Quest\u00e3o 96:&nbsp;<\/strong>O princ\u00edpio da proveni\u00eancia determina que\u2026<br \/><strong><em>Resposta:<\/em><\/strong>&nbsp;<strong>Errado<\/strong><\/p>\n\n\n\n<p><strong>Quest\u00e3o 97:&nbsp;<\/strong>No m\u00e9todo ideogr\u00e1fico de arquivamento\u2026<br \/><strong><em>Resposta:<\/em><\/strong>&nbsp;<strong>Errado<\/strong><\/p>\n\n\n\n<p><strong>Quest\u00e3o 98: <\/strong>\u00c9 atribui\u00e7\u00e3o do protocolo discriminar a&#8230;<strong><br \/><em>Resposta:<\/em><\/strong>&nbsp;<strong>Certo<\/strong><\/p>\n\n\n\n<p><strong>Quest\u00e3o 99:&nbsp;<\/strong>A tabela da temporalidade determina os prazos&#8230;<strong><br \/><em>Resposta:<\/em><\/strong>&nbsp;<strong>Certo<\/strong> <\/p>\n\n\n\n<p><strong>Quest\u00e3o 100:&nbsp;<\/strong>Cabe \u00e0 gest\u00e3o de documentos efetuar o recolhimento&#8230;<strong><br \/><em>Resposta:<\/em><\/strong>&nbsp;<strong>Certo<\/strong><\/p>\n\n\n\n<p>Conforme justifica a banca, de fato a gest\u00e3o de documentos tem como fim a elimina\u00e7\u00e3o ou recolhimento de documentos de arquivo. Basta observarmos a Lei 8.159\/1991 em seu artigo 3\u00ba.\u201dConsidera-se gest\u00e3o de documentos o conjunto de procedimentos e opera\u00e7\u00f5es t\u00e9cnicas referentes \u00e0 sua produ\u00e7\u00e3o, tramita\u00e7\u00e3o, uso, avalia\u00e7\u00e3o e arquivamento em fase corrente e intermedi\u00e1ria, <strong><u>visando a sua elimina\u00e7\u00e3o ou recolhimento para guarda permanente<\/u><\/strong>.\u201d<\/p>\n\n\n\n<p>Ainda nesta dire\u00e7\u00e3o, Barbosa e Malverdes em \u201cArquivologia para Concurso\u201d salientam que \u201c&#8230;os <strong><u>arquivos intermedi\u00e1rios coordenam o recolhimento de documentos permanentes<\/u><\/strong> para o arquivo de terceira idade\u201d, assim como \u201ccoordenam as transfer\u00eancias de novos documentos aos seus dep\u00f3sitos\u201d.<\/p>\n\n\n\n<p>Notem, portanto, que, o arquivo intermedi\u00e1rio, inegavelmente inclu\u00eddo nas atividades da gest\u00e3o de documentos, t\u00e2m como responsabilidade <strong><u>coordenar o recolhimento ao arquivo permanente<\/u><\/strong>, de forma similar ao proposto pelo comando da quest\u00e3o.<\/p>\n\n\n\n<p>Ainda nesta dire\u00e7\u00e3o, Marilena Leite Paes em \u201cArquivo \u2013 Teoria e Pr\u00e1tica\u201d salienta que o \u201crecolhimento\u201d nada mais \u00e9 do que a transfer\u00eancia \u201cfeita para os arquivos permanentes\u201d, que pode originar-se, na pr\u00e1tica, tanto do arquivo corrente como do intermedi\u00e1rio, ambos integrantes das fases do ciclo de vida documental abrangidas pele gest\u00e3o de documentos.<\/p>\n\n\n\n<p>Por \u00faltimo, de acordo com Bernardes e Delatorre, a gest\u00e3o de documentos tem como uma de suas fases a Destina\u00e7\u00e3o de Documentos. Para as autoras, \u201cinclui uma das atividades mais complexas da gest\u00e3o de documentos que \u00e9 a avalia\u00e7\u00e3o. A avalia\u00e7\u00e3o se desenvolve a partir da classifica\u00e7\u00e3o dos documentos produzidos, recebidos e acumulados pelos \u00f3rg\u00e3os p\u00fablicos ou empresas privadas, com vistas a estabelecer seus prazos de guarda e sua destina\u00e7\u00e3o final, <strong><u>garantindo a preserva\u00e7\u00e3o de documentos de guarda permanente e a elimina\u00e7\u00e3o criteriosa de documentos desprovidos de valor probat\u00f3rio e informativo<\/u><\/strong>\u201d. Note que, neste cen\u00e1rio, mais uma vez fica impl\u00edcito que <strong><u>\u00e9 sim a gest\u00e3o de documentos que define os documentos que ser\u00e3o eliminados ou custodiados permanentemente, assim como os encaminha para a elimina\u00e7\u00e3o ou a guarda permanente<\/u><\/strong>, exatamente como diz o enunciado.<\/p>\n\n\n\n<p>Desta forma, como estamos falando em uma fase e\/ou \u00e1rea lim\u00edtrofe entre as atividades de gest\u00e3o de documentos e o que vem depois delas, entende-se razo\u00e1vel supor que a afirmativa pode ser considerada de dupla interpreta\u00e7\u00e3o, admitindo a argumenta\u00e7\u00e3o a favor de sua corre\u00e7\u00e3o.<\/p>\n\n\n\n<p><strong>Quest\u00e3o 101:<\/strong>&nbsp;No armazenamento de documentos de arquivo\u2026<strong><br \/><em>Resposta:<\/em><\/strong>&nbsp;<strong>Certo<\/strong><\/p>\n\n\n\n<p><strong>Quest\u00e3o 102:&nbsp;<\/strong>O isolamento e a prote\u00e7\u00e3o contra a exposi\u00e7\u00e3o&#8230;<br \/><strong><em>Resposta:<\/em><\/strong>&nbsp;<strong>Errado<\/strong><\/p>\n\n\n\n<p><strong>Quest\u00e3o 103:&nbsp;<\/strong>A umidade \u00e9 um dos fatores respons\u00e1veis pela deteriora\u00e7\u00e3o&#8230;<strong><br \/><em>Resposta:<\/em><\/strong>&nbsp;<strong>Certo<\/strong><\/p>\n\n\n\n<p><strong>Quest\u00e3o 104: <\/strong>O acondicionamento interfere na constitui\u00e7\u00e3o f\u00edsica&#8230;<br \/><strong><em>Resposta:<\/em><\/strong>&nbsp;<strong>Errado<\/strong><\/p>\n\n\n\n<p><strong>Quest\u00e3o 105:&nbsp;<\/strong>Situa\u00e7\u00e3o hipot\u00e9tica: Um \u00f3rg\u00e3o p\u00fablico pretende\u2026<br \/><strong><em>Resposta:<\/em><\/strong>&nbsp;<strong>Errado<\/strong><\/p>\n\n\n\n<p><strong>Quest\u00e3o 106:&nbsp;<\/strong>O m\u00e9todo da m\u00e9dia m\u00f3vel \u00e9 o preconizado para&#8230;<br \/><strong><em>Resposta:<\/em><\/strong>&nbsp;<strong>Errado<\/strong><\/p>\n\n\n\n<p><strong>Quest\u00e3o 107: <\/strong>A altera\u00e7\u00e3o do consumo de papel sulfite&#8230;<br \/><strong><em>Resposta:<\/em><\/strong>&nbsp;<strong>Certo<\/strong><\/p>\n\n\n\n<p><strong>Quest\u00e3o 108:&nbsp;<\/strong>O gr\u00e1fico dente de serra mostrado a seguir representa\u2026<br \/><strong><em>Resposta:<\/em><\/strong>&nbsp;<strong>Errado<\/strong><\/p>\n\n\n\n<p><strong>Quest\u00e3o 109:&nbsp;<\/strong>Um \u00f3rg\u00e3o p\u00fablico que recentemente tenha implantado&#8230;<br \/><strong><em>Resposta:<\/em><\/strong>&nbsp;<strong>Errado<\/strong><\/p>\n\n\n\n<p><strong>Quest\u00e3o 110:<\/strong>&nbsp;O controle de estoques deve ser feito\u2026<strong><br \/><em>Resposta:<\/em><\/strong>&nbsp;<strong>Certo<\/strong><\/p>\n\n\n\n<p><strong>Quest\u00e3o 111:&nbsp;<\/strong>A indica\u00e7\u00e3o do tipo de material\u2026<br \/><strong><em>Resposta:<\/em><\/strong>&nbsp;<strong>Errado<\/strong><\/p>\n\n\n\n<p>Segundo Marco Aur\u00e9lio Dias, uma das maiores refer\u00eancias para provas de concurso, em &#8220;Administra\u00e7\u00e3o de Materiais &#8211; uma abordagem Log\u00edstica&#8221;, &#8220;o objetivo da classifica\u00e7\u00e3o de materiais \u00e9 <strong><u>catalogar, simplificar, especificar, normalizar, padronizar e codificar<\/u><\/strong> todos os materiais componentes do estoque da empresa.\u201d Note que o autor cita as etapas de classifica\u00e7\u00e3o na ordem em que acontecem, <strong><u>posicionando claramente a CATALOGA\u00c7\u00c3O em primeiro lugar<\/u><\/strong>\u201d.<\/p>\n\n\n\n<p>Seguindo adiante, podemos considerar que a CATALOGA\u00c7\u00c3O segundo Rodrigo Renn\u00f3 em &#8220;Administra\u00e7\u00e3o de Recursos Materiais para Concursos&#8221; \u00e9 a \u201cfase em que o gestor faz uma lista (ou um arrolamento) de todos os itens de materiais que existem no seu estoque, sem omitir nenhum deles\u201d, mas n\u00e3o a \u201cindica\u00e7\u00e3o do tipo de material, do formato e das dimens\u00f5es do produto\u201d, conforme diz o enunciado. Essa \u00e9 exatamente a defini\u00e7\u00e3o da ESPECIFICA\u00c7\u00c3O, terceira etapa (e n\u00e3o primeira) do processo de classifica\u00e7\u00e3o de materiais segundo Marco Aur\u00e9lio Dias.<\/p>\n\n\n\n<p>Novamente para Rodrigo Renn\u00f3 \u201ca ESPECIFICA\u00c7\u00c3O (tamb\u00e9m chamada de identifica\u00e7\u00e3o) visa descrever em detalhes os materiais catalogados\u201d, ou seja, indicar o tipo de material, o formato e as dimens\u00f5es do produto, conforme diz o enunciado.<\/p>\n\n\n\n<p>Com base nas cita\u00e7\u00f5es acima podemos concluir que o enunciado se refere a ESPECIFICA\u00c7\u00c2O dos materiais e n\u00e3o a CATALOGA\u00c7\u00c3O que, segundo os autores citados \u00e9, ela sim, a primeira etapa do processo de classifica\u00e7\u00e3o de materiais e, portanto, est\u00e1 errado.<\/p>\n\n\n\n<p><strong>Quest\u00e3o 112:&nbsp;<\/strong>Viabilizar a padroniza\u00e7\u00e3o de materiais&#8230;<br \/><strong><em>Resposta:<\/em><\/strong>&nbsp;<strong>Errado<\/strong><\/p>\n\n\n\n<p>QUEST\u00c3O: &#8220;Viabilizar a&nbsp;<strong><u>padroniza\u00e7\u00e3o<\/u><\/strong>&nbsp;de materiais, de forma a&nbsp;<strong><u>evitar que existam itens duplicados<\/u><\/strong>&nbsp;ou&nbsp;<strong><u>variedades desnecess\u00e1rias no estoque<\/u><\/strong>, \u00e9 parte do processo de classifica\u00e7\u00e3o dos materiais&#8221;.<\/p>\n\n\n\n<p>Segundo Marco Aur\u00e9lio Dias, uma das maiores refer\u00eancias para provas de concurso, em &#8220;Administra\u00e7\u00e3o de Materiais &#8211; uma abordagem Log\u00edstica&#8221;: &#8220;<strong><u>SIMPLIFICAR<\/u><\/strong>&nbsp;material \u00e9, por exemplo,&nbsp;<strong><u>reduzir a diversidade<\/u><\/strong>&nbsp;de um item empregado para o mesmo fim. Assim, no caso de&nbsp;<strong><u>haver duas pe\u00e7as<\/u><\/strong>&nbsp;para uma finalidade qualquer, aconselha-se a&nbsp;<strong><u>SIMPLIFICA\u00c7\u00c3O<\/u><\/strong>, ou seja, a&nbsp;<strong><u>op\u00e7\u00e3o pelo uso de uma delas<\/u><\/strong>&#8220;.<\/p>\n\n\n\n<p>Ainda, para Rodrigo Renn\u00f3 em &#8220;Administra\u00e7\u00e3o de Recursos Materiais para Concursos&#8221;: &#8220;A etapa seguinte \u00e9 a de&nbsp;<strong><u>SIMPLIFICA\u00c7\u00c3O<\/u><\/strong>. Nessa fase, iremos checar quais s\u00e3o os itens que se prestam ao mesmo objetivo, sem nenhuma diferen\u00e7a de resultado. Sempre que encontramos dois itens que tenham essas caracter\u00edsticas, deixaremos no cat\u00e1logo somente um deles. Assim, iremos&nbsp;<strong><u>ELIMINAR DUPLICIDADES<\/u><\/strong>&nbsp;e&nbsp;<strong><u>reduziremos&nbsp;a diversidade dos materiais em estoque<\/u><\/strong>&#8220;.<\/p>\n\n\n\n<p>Por fim, para Jo\u00e3o Jos\u00e9 Viana em &#8220;Administra\u00e7\u00e3o de Materiais &#8211; um enfoque pr\u00e1tico&#8221;, a&nbsp;<strong><u>SIMPLIFICA\u00c7\u00c3O<\/u><\/strong>&nbsp;\u00e9 um dos objetivos da padroniza\u00e7\u00e3o e &#8220;consiste na&nbsp;<strong><u>escolha, entre as variedades existentes<\/u><\/strong>, de um material qualquer, de um ou v\u00e1rios tipos julgados satisfat\u00f3rios, de modo que esse&nbsp;<strong><u>n\u00famero reduzido de variedades<\/u><\/strong>&nbsp;satisfa\u00e7a as necessidades da empresa. Assim \u00e9 conseguida a&nbsp;<strong><u>elimina\u00e7\u00e3o dos tipos ineficientes<\/u><\/strong>&#8230;&#8221;<\/p>\n\n\n\n<p>Com base em todas as cita\u00e7\u00f5es e na doutrina atual, a etapa da classifica\u00e7\u00e3o que evita a exist\u00eancia de itens duplicados ou variedades desnecess\u00e1rias<\/p>\n\n\n\n<p>no estoque, sendo parte do processo de classifica\u00e7\u00e3o dos materiais \u00e9 a simplifica\u00e7\u00e3o e n\u00e3o, exclusivamente, padroniza\u00e7\u00e3o, tornando a afirmativa errada.<\/p>\n\n\n\n<p><strong>Quest\u00e3o 113: <\/strong>Ao se realizar o recebimento de materiais&#8230;<br \/><strong><em>Resposta:<\/em><\/strong>&nbsp;<strong>Certo<\/strong><\/p>\n\n\n\n<p><strong>Quest\u00e3o 114: <\/strong>As inspe\u00e7\u00f5es de recebimento podem ser\u2026<br \/><strong><em>Resposta:<\/em><\/strong>&nbsp;<strong>Certo<\/strong><\/p>\n\n\n\n<p><strong>Quest\u00e3o 115:&nbsp;<\/strong>A paletiza\u00e7\u00e3o \u00e9 o procedimento apropriado&#8230;<br \/><strong><em>Resposta:<\/em><\/strong>&nbsp;<strong>Errado<\/strong><\/p>\n\n\n\n<p><strong>Quest\u00e3o 116:&nbsp;<\/strong>O empilhamento, o uso de caixas\u2026<br \/><strong><em>Resposta:<\/em><\/strong>&nbsp;<strong>Certo<\/strong><\/p>\n\n\n\n<p><strong>Quest\u00e3o 117:<\/strong>&nbsp;Com o objetivo de aumentar a\u2026<strong><br \/><em>Resposta:<\/em><\/strong>&nbsp;<strong>Errado<\/strong><\/p>\n\n\n\n<p><strong>Quest\u00e3o 118:&nbsp;<\/strong>S\u00e3o condi\u00e7\u00f5es para que um ativo seja&#8230;<br \/><strong><em>Resposta:<\/em><\/strong>&nbsp;<strong>Errado<\/strong><\/p>\n\n\n\n<p><strong>Quest\u00e3o 119:&nbsp;<\/strong>O aprimoramento cont\u00ednuo da confiabilidade&#8230; <br \/><strong><em>Resposta:<\/em><\/strong>&nbsp;<strong>Certo<\/strong><\/p>\n\n\n\n<p><strong>Quest\u00e3o 120: <\/strong>Organiza\u00e7\u00f5es devem realizar contagens\u2026<br \/><strong><em>Resposta:<\/em><\/strong>&nbsp;<strong>Certo<\/strong><\/p>\n\n\n\n<p class=\"has-text-align-center has-pale-pink-background-color has-background has-medium-font-size\"><strong>Mais informa\u00e7\u00f5es: <a href=\"https:\/\/www.estrategiaconcursos.com.br\/blog\/concurso-pgdf-2020\" target=\"_blank\" rel=\"noreferrer noopener\">Concurso PGDF<\/a><\/strong><\/p>\n\n\n\n<h2 class=\"has-text-align-center wp-block-heading\" id=\"cursos-assinatura\">Cursos e assinaturas para a PGDF<\/h2>\n\n\n\n<div class=\"container\" id=\"boxes\">\n  <div class=\"row\">\n\n    <div class=\"col-sm\">\n      <div class=\"banner-tribunal\" id=\"box-assinatura\">\n        <h3 class=\"titulo-assinatura\">Curso PGDF<\/h3>\n        <p class=\"subtitulo-assinatura\">Conhe\u00e7a os cursos<\/p>\n        <div class=\"box-botao\">\n          <a class=\"btn-assinatura\" target=\"_blank\" href=\"https:\/\/www.estrategiaconcursos.com.br\/cursosPorConcurso\/procuradoria-geral-do-distrito-federal-pg-df\/\" role=\"button\" rel=\"noopener noreferrer\">Conhe\u00e7a mais<\/a>\n        <\/div>\n      <\/div>\n      <p class=\"texto-auxiliar\">Prepare-se com o melhor material e com quem mais aprova em Concursos P\u00fablicos em todo o pa\u00eds.<\/p>\n    <\/div>\n\n  <\/div>\n<\/div>\n\n\n\n<div class=\"container\" id=\"boxes\">\n  <div class=\"row\">\n\n    <div class=\"col-sm\">\n      <div class=\"estrategia\" id=\"box-assinatura\">\n        <h3 class=\"titulo-assinatura\">Assinatura Concursos<\/h3>\n        <p class=\"subtitulo-assinatura\">Assinatura de 1 ano ou 2 anos<\/p>\n        <div class=\"box-botao\">\n          <a class=\"btn-assinatura\" target=\"_blank\" href=\"https:\/\/www.estrategiaconcursos.com.br\/assinaturas\/\" role=\"button\" rel=\"noopener noreferrer\">ASSINE AGORA<\/a>\n        <\/div>\n      <\/div>\n     \n    <\/div>\n\n    <div class=\"col-sm\">\n      <div class=\"questoes\" id=\"box-assinatura\">\n        <h3 class=\"titulo-assinatura\">Sistema de Quest\u00f5es<\/h3>\n        <p class=\"subtitulo-assinatura\">Assinatura de 1 ano ou 2 anos\n<\/p>\n        <div class=\"box-botao\">\n          <a class=\"btn-assinatura\" target=\"_blank\" href=\"https:\/\/questoes.estrategiaconcursos.com.br\/\" role=\"button\" rel=\"noopener noreferrer\">ASSINE AGORA<\/a>\n        <\/div>\n      <\/div>\n    \n    <\/div>\n  <\/div>\n<\/div>\n\n\n\n<div class=\"container\" id=\"boxes\">\n  <div class=\"row\">\n\n    <div class=\"col-sm\" id=\"boxes-concursos\">\n      <div style=\"background-color: #005DAD;\" class=\"conteudo-concursos\" id=\"box-concursos\">\n        <h3 class=\"titulo-assinatura\">Concursos Abertos<\/h3>\n        <p class=\"subtitulo-assinatura\">Os editais publicados<\/p>\n        <div class=\"box-botao\">\n          <a class=\"btn-assinatura\" target=\"_blank\" href=\"https:\/\/www.estrategiaconcursos.com.br\/blog\/concursos-abertos\/\" role=\"button\" rel=\"noopener noreferrer\">Conhe\u00e7a Agora<\/a>\n        <\/div>\n      <\/div>\n    <\/div>\n\n    <div class=\"col-sm\" id=\"boxes-concursos\">\n      <div style=\"background-color: #1A7ED5;\" class=\"conteudo-concursos\" id=\"box-concursos\">\n        <h3 class=\"titulo-assinatura\">Concursos 2021<\/h3>\n        <p class=\"subtitulo-assinatura\">As oportunidades previstas<\/p>\n        <div class=\"box-botao\">\n          <a class=\"btn-assinatura\" target=\"_blank\" href=\"https:\/\/www.estrategiaconcursos.com.br\/blog\/concursos-2021\/\" role=\"button\" rel=\"noopener noreferrer\">Conhe\u00e7a Agora<\/a>\n        <\/div>\n      <\/div>\n    <\/div>\n\n    <div class=\"col-sm\" id=\"boxes-concursos\">\n      <div style=\"background-color: #419FF0;\" class=\"conteudo-concursos\" id=\"box-concursos\">\n        <h3 class=\"titulo-assinatura\">Concursos 2022<\/h3>\n        <p class=\"subtitulo-assinatura\">Vagas para o pr\u00f3ximo ano<\/p>\n        <div class=\"box-botao\">\n          <a class=\"btn-assinatura\" target=\"_blank\" href=\"https:\/\/www.estrategiaconcursos.com.br\/blog\/concursos-2022\/\" role=\"button\" rel=\"noopener noreferrer\">Conhe\u00e7a Agora<\/a>\n        <\/div>\n      <\/div>\n    <\/div>\n\n  <\/div>\n<\/div>\n\n\n\n<p><\/p>\n","protected":false},"excerpt":{"rendered":"<p>N\u00f3s, do Estrat\u00e9gia Concursos, queremos estar perto e ajudar nossos alunos. Por isso, apresentaremos neste domingo, a partir das 18 horas, o Gabarito Extraoficial PGDF T\u00e9cnico. O intuito \u00e9 o de ajudar a diminuir um pouco a ansiedade de descobrir se voc\u00ea foi bem ou n\u00e3o em um concurso t\u00e3o visado e importante como esse. [&hellip;]<\/p>\n","protected":false},"author":1,"featured_media":847640,"comment_status":"open","ping_status":"closed","sticky":false,"template":"","format":"standard","meta":{"post_tipo":"news","footnotes":""},"categories":[1984],"tags":[],"tax_estado":[219970],"class_list":["post-847607","post","type-post","status-publish","format-standard","has-post-thumbnail","hentry","category-tribunais","tax_estado-df"],"acf":[],"yoast_head":"<!-- This site is optimized with the Yoast SEO Premium plugin v27.2 (Yoast SEO v27.2) - https:\/\/yoast.com\/product\/yoast-seo-premium-wordpress\/ -->\n<title>Gabarito Extraoficial PGDF T\u00e9cnico: confira a corre\u00e7\u00e3o ao vivo!<\/title>\n<meta name=\"description\" content=\"Gabarito Extraoficial PGDF T\u00e9cnico: a equipe de professores do Estrat\u00e9gia Concursos vai corrigir a prova realizada neste domingo. Acompanhe!\" \/>\n<meta name=\"robots\" content=\"index, follow, max-snippet:-1, max-image-preview:large, max-video-preview:-1\" \/>\n<link rel=\"canonical\" href=\"https:\/\/www.estrategiaconcursos.com.br\/blog\/gabarito-extraoficial-pgdf-tecnico\/\" \/>\n<meta property=\"og:locale\" content=\"pt_BR\" \/>\n<meta property=\"og:type\" content=\"article\" \/>\n<meta property=\"og:title\" content=\"Gabarito Extraoficial PGDF T\u00e9cnico: confira a corre\u00e7\u00e3o ao vivo!\" \/>\n<meta property=\"og:description\" content=\"Gabarito Extraoficial PGDF T\u00e9cnico: a equipe de professores do Estrat\u00e9gia Concursos vai corrigir a prova realizada neste domingo. Acompanhe!\" \/>\n<meta property=\"og:url\" content=\"https:\/\/www.estrategiaconcursos.com.br\/blog\/gabarito-extraoficial-pgdf-tecnico\/\" \/>\n<meta property=\"og:site_name\" content=\"Estrat\u00e9gia Concursos\" \/>\n<meta property=\"article:author\" content=\"https:\/\/www.facebook.com\/EstrategiaConcursos\" \/>\n<meta property=\"article:published_time\" content=\"2021-08-29T18:23:00+00:00\" \/>\n<meta property=\"article:modified_time\" content=\"2022-12-30T18:47:27+00:00\" \/>\n<meta property=\"og:image\" content=\"https:\/\/dhg1h5j42swfq.cloudfront.net\/2021\/08\/27181534\/1280-720-max-47.jpg\" \/>\n\t<meta property=\"og:image:width\" content=\"1280\" \/>\n\t<meta property=\"og:image:height\" content=\"720\" \/>\n\t<meta property=\"og:image:type\" content=\"image\/jpeg\" \/>\n<meta name=\"author\" content=\"Coordena\u00e7\u00e3o\" \/>\n<meta name=\"twitter:card\" content=\"summary_large_image\" \/>\n<meta name=\"twitter:creator\" content=\"@EstratConcursos\" \/>\n<meta name=\"twitter:site\" content=\"@EstratConcursos\" \/>\n<meta name=\"twitter:label1\" content=\"Escrito por\" \/>\n\t<meta name=\"twitter:data1\" content=\"Coordena\u00e7\u00e3o\" \/>\n\t<meta name=\"twitter:label2\" content=\"Est. tempo de leitura\" \/>\n\t<meta name=\"twitter:data2\" content=\"21 minutos\" \/>\n<script type=\"application\/ld+json\" class=\"yoast-schema-graph\">{\"@context\":\"https:\/\/schema.org\",\"@graph\":[{\"@type\":\"NewsArticle\",\"@id\":\"https:\/\/www.estrategiaconcursos.com.br\/blog\/gabarito-extraoficial-pgdf-tecnico\/#article\",\"isPartOf\":{\"@id\":\"https:\/\/www.estrategiaconcursos.com.br\/blog\/gabarito-extraoficial-pgdf-tecnico\/\"},\"author\":{\"name\":\"Coordena\u00e7\u00e3o\",\"@id\":\"https:\/\/www.estrategiaconcursos.com.br\/blog\/#\/schema\/person\/b4a388c97673c5f483d72185668afa1f\"},\"headline\":\"Gabarito Extraoficial PGDF T\u00e9cnico: confira a corre\u00e7\u00e3o ao vivo!\",\"datePublished\":\"2021-08-29T18:23:00+00:00\",\"dateModified\":\"2022-12-30T18:47:27+00:00\",\"mainEntityOfPage\":{\"@id\":\"https:\/\/www.estrategiaconcursos.com.br\/blog\/gabarito-extraoficial-pgdf-tecnico\/\"},\"wordCount\":5362,\"commentCount\":0,\"publisher\":{\"@id\":\"https:\/\/www.estrategiaconcursos.com.br\/blog\/#organization\"},\"image\":{\"@id\":\"https:\/\/www.estrategiaconcursos.com.br\/blog\/gabarito-extraoficial-pgdf-tecnico\/#primaryimage\"},\"thumbnailUrl\":\"https:\/\/dhg1h5j42swfq.cloudfront.net\/2021\/08\/27181534\/1280-720-max-47.jpg\",\"articleSection\":[\"Tribunais\"],\"inLanguage\":\"pt-BR\",\"potentialAction\":[{\"@type\":\"CommentAction\",\"name\":\"Comment\",\"target\":[\"https:\/\/www.estrategiaconcursos.com.br\/blog\/gabarito-extraoficial-pgdf-tecnico\/#respond\"]}],\"copyrightYear\":\"2021\",\"copyrightHolder\":{\"@id\":\"https:\/\/www.estrategiaconcursos.com.br\/blog\/#organization\"}},{\"@type\":\"WebPage\",\"@id\":\"https:\/\/www.estrategiaconcursos.com.br\/blog\/gabarito-extraoficial-pgdf-tecnico\/\",\"url\":\"https:\/\/www.estrategiaconcursos.com.br\/blog\/gabarito-extraoficial-pgdf-tecnico\/\",\"name\":\"Gabarito Extraoficial PGDF T\u00e9cnico: confira a corre\u00e7\u00e3o ao vivo!\",\"isPartOf\":{\"@id\":\"https:\/\/www.estrategiaconcursos.com.br\/blog\/#website\"},\"primaryImageOfPage\":{\"@id\":\"https:\/\/www.estrategiaconcursos.com.br\/blog\/gabarito-extraoficial-pgdf-tecnico\/#primaryimage\"},\"image\":{\"@id\":\"https:\/\/www.estrategiaconcursos.com.br\/blog\/gabarito-extraoficial-pgdf-tecnico\/#primaryimage\"},\"thumbnailUrl\":\"https:\/\/dhg1h5j42swfq.cloudfront.net\/2021\/08\/27181534\/1280-720-max-47.jpg\",\"datePublished\":\"2021-08-29T18:23:00+00:00\",\"dateModified\":\"2022-12-30T18:47:27+00:00\",\"description\":\"Gabarito Extraoficial PGDF T\u00e9cnico: a equipe de professores do Estrat\u00e9gia Concursos vai corrigir a prova realizada neste domingo. Acompanhe!\",\"breadcrumb\":{\"@id\":\"https:\/\/www.estrategiaconcursos.com.br\/blog\/gabarito-extraoficial-pgdf-tecnico\/#breadcrumb\"},\"inLanguage\":\"pt-BR\",\"potentialAction\":[{\"@type\":\"ReadAction\",\"target\":[\"https:\/\/www.estrategiaconcursos.com.br\/blog\/gabarito-extraoficial-pgdf-tecnico\/\"]}]},{\"@type\":\"ImageObject\",\"inLanguage\":\"pt-BR\",\"@id\":\"https:\/\/www.estrategiaconcursos.com.br\/blog\/gabarito-extraoficial-pgdf-tecnico\/#primaryimage\",\"url\":\"https:\/\/dhg1h5j42swfq.cloudfront.net\/2021\/08\/27181534\/1280-720-max-47.jpg\",\"contentUrl\":\"https:\/\/dhg1h5j42swfq.cloudfront.net\/2021\/08\/27181534\/1280-720-max-47.jpg\",\"width\":1280,\"height\":720,\"caption\":\"Gabarito Extraoficial PGDF T\u00e9cnico\"},{\"@type\":\"BreadcrumbList\",\"@id\":\"https:\/\/www.estrategiaconcursos.com.br\/blog\/gabarito-extraoficial-pgdf-tecnico\/#breadcrumb\",\"itemListElement\":[{\"@type\":\"ListItem\",\"position\":1,\"name\":\"In\u00edcio\",\"item\":\"https:\/\/www.estrategiaconcursos.com.br\/blog\/\"},{\"@type\":\"ListItem\",\"position\":2,\"name\":\"Gabarito Extraoficial PGDF T\u00e9cnico: confira a corre\u00e7\u00e3o ao vivo!\"}]},{\"@type\":\"WebSite\",\"@id\":\"https:\/\/www.estrategiaconcursos.com.br\/blog\/#website\",\"url\":\"https:\/\/www.estrategiaconcursos.com.br\/blog\/\",\"name\":\"Estrat\u00e9gia Concursos\",\"description\":\"O blog da Estrat\u00e9gia Concursos traz not\u00edcias sobre concursos e artigos de professores oferecendo cursos para concursos (pdf + videaulas) no site.\",\"publisher\":{\"@id\":\"https:\/\/www.estrategiaconcursos.com.br\/blog\/#organization\"},\"potentialAction\":[{\"@type\":\"SearchAction\",\"target\":{\"@type\":\"EntryPoint\",\"urlTemplate\":\"https:\/\/www.estrategiaconcursos.com.br\/blog\/?s={search_term_string}\"},\"query-input\":{\"@type\":\"PropertyValueSpecification\",\"valueRequired\":true,\"valueName\":\"search_term_string\"}}],\"inLanguage\":\"pt-BR\"},{\"@type\":\"Organization\",\"@id\":\"https:\/\/www.estrategiaconcursos.com.br\/blog\/#organization\",\"name\":\"Estrat\u00e9gia Concursos\",\"url\":\"https:\/\/www.estrategiaconcursos.com.br\/blog\/\",\"logo\":{\"@type\":\"ImageObject\",\"inLanguage\":\"pt-BR\",\"@id\":\"https:\/\/www.estrategiaconcursos.com.br\/blog\/#\/schema\/logo\/image\/\",\"url\":\"https:\/\/dhg1h5j42swfq.cloudfront.net\/2025\/06\/03203428\/logo_concursos-1.jpg\",\"contentUrl\":\"https:\/\/dhg1h5j42swfq.cloudfront.net\/2025\/06\/03203428\/logo_concursos-1.jpg\",\"width\":230,\"height\":60,\"caption\":\"Estrat\u00e9gia Concursos\"},\"image\":{\"@id\":\"https:\/\/www.estrategiaconcursos.com.br\/blog\/#\/schema\/logo\/image\/\"},\"sameAs\":[\"https:\/\/x.com\/EstratConcursos\"]},{\"@type\":\"Person\",\"@id\":\"https:\/\/www.estrategiaconcursos.com.br\/blog\/#\/schema\/person\/b4a388c97673c5f483d72185668afa1f\",\"name\":\"Coordena\u00e7\u00e3o\",\"image\":{\"@type\":\"ImageObject\",\"inLanguage\":\"pt-BR\",\"@id\":\"https:\/\/secure.gravatar.com\/avatar\/b720319e4c9a967eb58678d110f4fe35452fc5d5f97b202bac7b8acceb18c6ad?s=96&d=mm&r=g\",\"url\":\"https:\/\/secure.gravatar.com\/avatar\/b720319e4c9a967eb58678d110f4fe35452fc5d5f97b202bac7b8acceb18c6ad?s=96&d=mm&r=g\",\"contentUrl\":\"https:\/\/secure.gravatar.com\/avatar\/b720319e4c9a967eb58678d110f4fe35452fc5d5f97b202bac7b8acceb18c6ad?s=96&d=mm&r=g\",\"caption\":\"Coordena\u00e7\u00e3o\"},\"sameAs\":[\"https:\/\/www.facebook.com\/EstrategiaConcursos\",\"https:\/\/x.com\/EstratConcursos\"],\"url\":\"https:\/\/www.estrategiaconcursos.com.br\/blog\/author\/estrategia2013\/\"}]}<\/script>\n<!-- \/ Yoast SEO Premium plugin. -->","yoast_head_json":{"title":"Gabarito Extraoficial PGDF T\u00e9cnico: confira a corre\u00e7\u00e3o ao vivo!","description":"Gabarito Extraoficial PGDF T\u00e9cnico: a equipe de professores do Estrat\u00e9gia Concursos vai corrigir a prova realizada neste domingo. Acompanhe!","robots":{"index":"index","follow":"follow","max-snippet":"max-snippet:-1","max-image-preview":"max-image-preview:large","max-video-preview":"max-video-preview:-1"},"canonical":"https:\/\/www.estrategiaconcursos.com.br\/blog\/gabarito-extraoficial-pgdf-tecnico\/","og_locale":"pt_BR","og_type":"article","og_title":"Gabarito Extraoficial PGDF T\u00e9cnico: confira a corre\u00e7\u00e3o ao vivo!","og_description":"Gabarito Extraoficial PGDF T\u00e9cnico: a equipe de professores do Estrat\u00e9gia Concursos vai corrigir a prova realizada neste domingo. Acompanhe!","og_url":"https:\/\/www.estrategiaconcursos.com.br\/blog\/gabarito-extraoficial-pgdf-tecnico\/","og_site_name":"Estrat\u00e9gia Concursos","article_author":"https:\/\/www.facebook.com\/EstrategiaConcursos","article_published_time":"2021-08-29T18:23:00+00:00","article_modified_time":"2022-12-30T18:47:27+00:00","og_image":[{"width":1280,"height":720,"url":"https:\/\/dhg1h5j42swfq.cloudfront.net\/2021\/08\/27181534\/1280-720-max-47.jpg","type":"image\/jpeg"}],"author":"Coordena\u00e7\u00e3o","twitter_card":"summary_large_image","twitter_creator":"@EstratConcursos","twitter_site":"@EstratConcursos","twitter_misc":{"Escrito por":"Coordena\u00e7\u00e3o","Est. tempo de leitura":"21 minutos"},"schema":{"@context":"https:\/\/schema.org","@graph":[{"@type":"NewsArticle","@id":"https:\/\/www.estrategiaconcursos.com.br\/blog\/gabarito-extraoficial-pgdf-tecnico\/#article","isPartOf":{"@id":"https:\/\/www.estrategiaconcursos.com.br\/blog\/gabarito-extraoficial-pgdf-tecnico\/"},"author":{"name":"Coordena\u00e7\u00e3o","@id":"https:\/\/www.estrategiaconcursos.com.br\/blog\/#\/schema\/person\/b4a388c97673c5f483d72185668afa1f"},"headline":"Gabarito Extraoficial PGDF T\u00e9cnico: confira a corre\u00e7\u00e3o ao vivo!","datePublished":"2021-08-29T18:23:00+00:00","dateModified":"2022-12-30T18:47:27+00:00","mainEntityOfPage":{"@id":"https:\/\/www.estrategiaconcursos.com.br\/blog\/gabarito-extraoficial-pgdf-tecnico\/"},"wordCount":5362,"commentCount":0,"publisher":{"@id":"https:\/\/www.estrategiaconcursos.com.br\/blog\/#organization"},"image":{"@id":"https:\/\/www.estrategiaconcursos.com.br\/blog\/gabarito-extraoficial-pgdf-tecnico\/#primaryimage"},"thumbnailUrl":"https:\/\/dhg1h5j42swfq.cloudfront.net\/2021\/08\/27181534\/1280-720-max-47.jpg","articleSection":["Tribunais"],"inLanguage":"pt-BR","potentialAction":[{"@type":"CommentAction","name":"Comment","target":["https:\/\/www.estrategiaconcursos.com.br\/blog\/gabarito-extraoficial-pgdf-tecnico\/#respond"]}],"copyrightYear":"2021","copyrightHolder":{"@id":"https:\/\/www.estrategiaconcursos.com.br\/blog\/#organization"}},{"@type":"WebPage","@id":"https:\/\/www.estrategiaconcursos.com.br\/blog\/gabarito-extraoficial-pgdf-tecnico\/","url":"https:\/\/www.estrategiaconcursos.com.br\/blog\/gabarito-extraoficial-pgdf-tecnico\/","name":"Gabarito Extraoficial PGDF T\u00e9cnico: confira a corre\u00e7\u00e3o ao vivo!","isPartOf":{"@id":"https:\/\/www.estrategiaconcursos.com.br\/blog\/#website"},"primaryImageOfPage":{"@id":"https:\/\/www.estrategiaconcursos.com.br\/blog\/gabarito-extraoficial-pgdf-tecnico\/#primaryimage"},"image":{"@id":"https:\/\/www.estrategiaconcursos.com.br\/blog\/gabarito-extraoficial-pgdf-tecnico\/#primaryimage"},"thumbnailUrl":"https:\/\/dhg1h5j42swfq.cloudfront.net\/2021\/08\/27181534\/1280-720-max-47.jpg","datePublished":"2021-08-29T18:23:00+00:00","dateModified":"2022-12-30T18:47:27+00:00","description":"Gabarito Extraoficial PGDF T\u00e9cnico: a equipe de professores do Estrat\u00e9gia Concursos vai corrigir a prova realizada neste domingo. Acompanhe!","breadcrumb":{"@id":"https:\/\/www.estrategiaconcursos.com.br\/blog\/gabarito-extraoficial-pgdf-tecnico\/#breadcrumb"},"inLanguage":"pt-BR","potentialAction":[{"@type":"ReadAction","target":["https:\/\/www.estrategiaconcursos.com.br\/blog\/gabarito-extraoficial-pgdf-tecnico\/"]}]},{"@type":"ImageObject","inLanguage":"pt-BR","@id":"https:\/\/www.estrategiaconcursos.com.br\/blog\/gabarito-extraoficial-pgdf-tecnico\/#primaryimage","url":"https:\/\/dhg1h5j42swfq.cloudfront.net\/2021\/08\/27181534\/1280-720-max-47.jpg","contentUrl":"https:\/\/dhg1h5j42swfq.cloudfront.net\/2021\/08\/27181534\/1280-720-max-47.jpg","width":1280,"height":720,"caption":"Gabarito Extraoficial PGDF T\u00e9cnico"},{"@type":"BreadcrumbList","@id":"https:\/\/www.estrategiaconcursos.com.br\/blog\/gabarito-extraoficial-pgdf-tecnico\/#breadcrumb","itemListElement":[{"@type":"ListItem","position":1,"name":"In\u00edcio","item":"https:\/\/www.estrategiaconcursos.com.br\/blog\/"},{"@type":"ListItem","position":2,"name":"Gabarito Extraoficial PGDF T\u00e9cnico: confira a corre\u00e7\u00e3o ao vivo!"}]},{"@type":"WebSite","@id":"https:\/\/www.estrategiaconcursos.com.br\/blog\/#website","url":"https:\/\/www.estrategiaconcursos.com.br\/blog\/","name":"Estrat\u00e9gia Concursos","description":"O blog da Estrat\u00e9gia Concursos traz not\u00edcias sobre concursos e artigos de professores oferecendo cursos para concursos (pdf + videaulas) no site.","publisher":{"@id":"https:\/\/www.estrategiaconcursos.com.br\/blog\/#organization"},"potentialAction":[{"@type":"SearchAction","target":{"@type":"EntryPoint","urlTemplate":"https:\/\/www.estrategiaconcursos.com.br\/blog\/?s={search_term_string}"},"query-input":{"@type":"PropertyValueSpecification","valueRequired":true,"valueName":"search_term_string"}}],"inLanguage":"pt-BR"},{"@type":"Organization","@id":"https:\/\/www.estrategiaconcursos.com.br\/blog\/#organization","name":"Estrat\u00e9gia Concursos","url":"https:\/\/www.estrategiaconcursos.com.br\/blog\/","logo":{"@type":"ImageObject","inLanguage":"pt-BR","@id":"https:\/\/www.estrategiaconcursos.com.br\/blog\/#\/schema\/logo\/image\/","url":"https:\/\/dhg1h5j42swfq.cloudfront.net\/2025\/06\/03203428\/logo_concursos-1.jpg","contentUrl":"https:\/\/dhg1h5j42swfq.cloudfront.net\/2025\/06\/03203428\/logo_concursos-1.jpg","width":230,"height":60,"caption":"Estrat\u00e9gia Concursos"},"image":{"@id":"https:\/\/www.estrategiaconcursos.com.br\/blog\/#\/schema\/logo\/image\/"},"sameAs":["https:\/\/x.com\/EstratConcursos"]},{"@type":"Person","@id":"https:\/\/www.estrategiaconcursos.com.br\/blog\/#\/schema\/person\/b4a388c97673c5f483d72185668afa1f","name":"Coordena\u00e7\u00e3o","image":{"@type":"ImageObject","inLanguage":"pt-BR","@id":"https:\/\/secure.gravatar.com\/avatar\/b720319e4c9a967eb58678d110f4fe35452fc5d5f97b202bac7b8acceb18c6ad?s=96&d=mm&r=g","url":"https:\/\/secure.gravatar.com\/avatar\/b720319e4c9a967eb58678d110f4fe35452fc5d5f97b202bac7b8acceb18c6ad?s=96&d=mm&r=g","contentUrl":"https:\/\/secure.gravatar.com\/avatar\/b720319e4c9a967eb58678d110f4fe35452fc5d5f97b202bac7b8acceb18c6ad?s=96&d=mm&r=g","caption":"Coordena\u00e7\u00e3o"},"sameAs":["https:\/\/www.facebook.com\/EstrategiaConcursos","https:\/\/x.com\/EstratConcursos"],"url":"https:\/\/www.estrategiaconcursos.com.br\/blog\/author\/estrategia2013\/"}]}},"_links":{"self":[{"href":"https:\/\/www.estrategiaconcursos.com.br\/blog\/wp-json\/wp\/v2\/posts\/847607","targetHints":{"allow":["GET"]}}],"collection":[{"href":"https:\/\/www.estrategiaconcursos.com.br\/blog\/wp-json\/wp\/v2\/posts"}],"about":[{"href":"https:\/\/www.estrategiaconcursos.com.br\/blog\/wp-json\/wp\/v2\/types\/post"}],"author":[{"embeddable":true,"href":"https:\/\/www.estrategiaconcursos.com.br\/blog\/wp-json\/wp\/v2\/users\/1"}],"replies":[{"embeddable":true,"href":"https:\/\/www.estrategiaconcursos.com.br\/blog\/wp-json\/wp\/v2\/comments?post=847607"}],"version-history":[{"count":85,"href":"https:\/\/www.estrategiaconcursos.com.br\/blog\/wp-json\/wp\/v2\/posts\/847607\/revisions"}],"predecessor-version":[{"id":1145092,"href":"https:\/\/www.estrategiaconcursos.com.br\/blog\/wp-json\/wp\/v2\/posts\/847607\/revisions\/1145092"}],"wp:featuredmedia":[{"embeddable":true,"href":"https:\/\/www.estrategiaconcursos.com.br\/blog\/wp-json\/wp\/v2\/media\/847640"}],"wp:attachment":[{"href":"https:\/\/www.estrategiaconcursos.com.br\/blog\/wp-json\/wp\/v2\/media?parent=847607"}],"wp:term":[{"taxonomy":"category","embeddable":true,"href":"https:\/\/www.estrategiaconcursos.com.br\/blog\/wp-json\/wp\/v2\/categories?post=847607"},{"taxonomy":"post_tag","embeddable":true,"href":"https:\/\/www.estrategiaconcursos.com.br\/blog\/wp-json\/wp\/v2\/tags?post=847607"},{"taxonomy":"tax_estado","embeddable":true,"href":"https:\/\/www.estrategiaconcursos.com.br\/blog\/wp-json\/wp\/v2\/tax_estado?post=847607"}],"curies":[{"name":"wp","href":"https:\/\/api.w.org\/{rel}","templated":true}]}}