{"id":847602,"date":"2021-11-09T11:23:00","date_gmt":"2021-11-09T14:23:00","guid":{"rendered":"https:\/\/www.estrategiaconcursos.com.br\/blog\/?p=847602"},"modified":"2022-09-13T10:14:25","modified_gmt":"2022-09-13T13:14:25","slug":"residencia-ribeirao-preto-edital","status":"publish","type":"post","link":"https:\/\/www.estrategiaconcursos.com.br\/blog\/residencia-ribeirao-preto-edital\/","title":{"rendered":"Resid\u00eancia M\u00e9dica Ribeir\u00e3o Preto: gabarito publicado!"},"content":{"rendered":"\n<p>Foi publicado o <a href=\"https:\/\/dhg1h5j42swfq.cloudfront.net\/2021\/11\/09111955\/gabarito_residencia_riberiao.pdf\" target=\"_blank\" rel=\"noreferrer noopener nofollow\">gabarito preliminar<\/a> das provas do <strong>processo seletivo para Resid\u00eancia M\u00e9dica de Ribeir\u00e3o Preto<\/strong>, munic\u00edpio do estado de S\u00e3o Paulo. A etapa foi aplicada no dia 07 de novembro.<\/p>\n\n\n\n<p>Sob organiza\u00e7\u00e3o da <a href=\"https:\/\/www.vunesp.com.br\/SCRP2101\" target=\"_blank\" rel=\"noreferrer noopener\">Funda\u00e7\u00e3o Vunesp<\/a>, o edital oferece aos candidatos o total de <strong>66 oportunidades<\/strong> de n\u00edvel superior, com sal\u00e1rio inicial de <span style=\"font-size: revert; color: initial;\">R$ 3.330,43<\/span>. <\/p>\n\n\n\n<ul class=\"has-background wp-block-list\" style=\"background:linear-gradient(135deg,rgb(251,255,248) 0%,rgb(182,227,212) 50%,rgb(51,167,181) 100%)\"><li><strong>Resid\u00eancia M\u00e9dica Ribeir\u00e3o Preto<\/strong><\/li><li><strong>Status:<\/strong> Gabarito divulgado<\/li><li><strong>Banca:<\/strong> Vunesp<\/li><li><strong>Vagas:<\/strong> 66<\/li><li><strong>Sal\u00e1rio inicial:<\/strong> R$ 3.330,43<\/li><li><strong>Edital:<\/strong> <a href=\"https:\/\/dhg1h5j42swfq.cloudfront.net\/2021\/08\/27203343\/pss-residencia-ribeirao-preto-1.pdf\" target=\"_blank\" rel=\"noreferrer noopener nofollow\">Resid\u00eancia Ribeir\u00e3o Preto<\/a><\/li><\/ul>\n\n\n\n<div class=\"container\" id=\"boxes\">\n  <div class=\"row\">\n\n    <div class=\"col-sm\">\n      <div class=\"banner-medicina\" id=\"box-assinatura\">\n        <h3 class=\"titulo-assinatura\">Resid\u00eancia M\u00e9dica Ribeir\u00e3o Preto<\/h3>\n        <p class=\"subtitulo-assinatura\">Conhe\u00e7a nossos cursos<\/p>\n        <div class=\"box-botao\">\n          <a class=\"btn-assinatura\" target=\"_blank\" href=\"https:\/\/www.estrategiaconcursos.com.br\/cursosPorConcurso\/preparatorios-para-residencias\/\" role=\"button\" rel=\"noopener noreferrer\">Conhe\u00e7a mais<\/a>\n        <\/div>\n      <\/div>\n      <p class=\"texto-auxiliar\"><\/p>\n    <\/div>\n\n  <\/div>\n<\/div>\n\n\n\n<p id=\"indice\">A fim de te deixar sempre bem informado, elaboramos este artigo com as principais informa\u00e7\u00f5es e novidades sobre as sele\u00e7\u00f5es. Acompanhe os t\u00f3picos abaixo e n\u00e3o perca nenhum detalhe:<\/p>\n\n\n\n<ul class=\"wp-block-list\" id=\"indice\"><li><a href=\"#datas\">Principais datas<\/a><\/li><li><a href=\"#cargos-vagas\">Cargos e vagas<\/a><ul><li><a href=\"#direto\">Acesso Direto<\/a><\/li><li><a href=\"#medica\">Cl\u00ednica M\u00e9dica<\/a><\/li><li><a href=\"#geral\">Cirurgia Geral<\/a><\/li><li><a href=\"#remuneracao\">Remunera\u00e7\u00f5es<\/a><\/li><\/ul><\/li><li><a href=\"#etapas\">Etapas e provas<\/a><\/li><li><a href=\"#cursos\">Cursos e assinaturas<\/a><\/li><li><a href=\"#ficha\">Ficha t\u00e9cnica<\/a><\/li><\/ul>\n\n\n\n<h2 class=\"wp-block-heading\" id=\"datas\">Principais datas do edital Resid\u00eancia M\u00e9dica Ribeir\u00e3o Preto<\/h2>\n\n\n\n<p class=\"has-background\" style=\"background-color:#eeeeee\"><strong>Inscri\u00e7\u00f5es<\/strong>: 13 de setembro a 13 de outubro de 2021 <br \/><strong>Provas<\/strong>: 07 de novembro de 2021  <br \/><strong>An\u00e1lise e Argui\u00e7\u00e3o de Curr\u00edculo<\/strong>: 17 de dezembro de 2021  <\/p>\n\n\n\n<h2 class=\"wp-block-heading\" id=\"cargos-vagas\">Cargos e vagas do edital Resid\u00eancia M\u00e9dica Ribeir\u00e3o Preto<\/h2>\n\n\n\n<p id=\"direto\"><strong>RESID\u00caNCIA M\u00c9DICA \u2013 \u00c1reas de Acesso Direto<\/strong><\/p>\n\n\n\n<figure class=\"wp-block-table is-style-stripes\"><table class=\"has-background has-fixed-layout\" style=\"background-color:#e7f5fe\"><tbody><tr><td class=\"has-text-align-center\" data-align=\"center\"><strong>\u00c1rea<\/strong><\/td><td class=\"has-text-align-center\" data-align=\"center\"><strong>Vagas<\/strong><\/td><\/tr><tr><td class=\"has-text-align-center\" data-align=\"center\">Anestesiologia<\/td><td class=\"has-text-align-center\" data-align=\"center\">6<\/td><\/tr><tr><td class=\"has-text-align-center\" data-align=\"center\">Cirurgia Geral<\/td><td class=\"has-text-align-center\" data-align=\"center\">6<\/td><\/tr><tr><td class=\"has-text-align-center\" data-align=\"center\">Cl\u00ednica M\u00e9dica<\/td><td class=\"has-text-align-center\" data-align=\"center\">16<\/td><\/tr><tr><td class=\"has-text-align-center\" data-align=\"center\">Medicina Intensiva<\/td><td class=\"has-text-align-center\" data-align=\"center\">2<\/td><\/tr><tr><td class=\"has-text-align-center\" data-align=\"center\">Neurocirurgia<\/td><td class=\"has-text-align-center\" data-align=\"center\">2<\/td><\/tr><tr><td class=\"has-text-align-center\" data-align=\"center\">Obstetr\u00edcia e Ginecologia<\/td><td class=\"has-text-align-center\" data-align=\"center\">6<\/td><\/tr><tr><td class=\"has-text-align-center\" data-align=\"center\">Oftalmologia<\/td><td class=\"has-text-align-center\" data-align=\"center\">4<\/td><\/tr><tr><td class=\"has-text-align-center\" data-align=\"center\">Ortopedia e Traumatologia<\/td><td class=\"has-text-align-center\" data-align=\"center\">6<\/td><\/tr><tr><td class=\"has-text-align-center\" data-align=\"center\">Otorrinolaringologia<\/td><td class=\"has-text-align-center\" data-align=\"center\">2<\/td><\/tr><tr><td class=\"has-text-align-center\" data-align=\"center\">Pediatria<\/td><td class=\"has-text-align-center\" data-align=\"center\">4<\/td><\/tr><\/tbody><\/table><\/figure>\n\n\n\n<p id=\"medica\"><strong>RESID\u00caNCIA M\u00c9DICA \u2013 pr\u00e9-requisito em Cl\u00ednica M\u00e9dica<\/strong><\/p>\n\n\n\n<figure class=\"wp-block-table is-style-stripes\"><table class=\"has-background has-fixed-layout\" style=\"background-color:#e7f5fe\"><tbody><tr><td class=\"has-text-align-center\" data-align=\"center\"><strong>\u00c1rea<\/strong><\/td><td class=\"has-text-align-center\" data-align=\"center\"><strong><\/strong><strong>Vagas<\/strong><\/td><\/tr><tr><td class=\"has-text-align-center\" data-align=\"center\">Cardiologia<\/td><td class=\"has-text-align-center\" data-align=\"center\">5<\/td><\/tr><tr><td class=\"has-text-align-center\" data-align=\"center\">Nefrologia<\/td><td class=\"has-text-align-center\" data-align=\"center\">4<\/td><\/tr><tr><td class=\"has-text-align-center\" data-align=\"center\">Oncologia Cl\u00ednica<\/td><td class=\"has-text-align-center\" data-align=\"center\">2<\/td><\/tr><\/tbody><\/table><\/figure>\n\n\n\n<p id=\"geral\"><strong>RESID\u00caNCIA M\u00c9DICA \u2013 pr\u00e9-requisito em Cirurgia Geral<\/strong><\/p>\n\n\n\n<figure class=\"wp-block-table is-style-stripes\"><table class=\"has-background has-fixed-layout\" style=\"background-color:#e7f5fe\"><tbody><tr><td class=\"has-text-align-center\" data-align=\"center\"><strong>\u00c1rea<\/strong><\/td><td class=\"has-text-align-center\" data-align=\"center\"><strong>Vagas<\/strong><\/td><\/tr><tr><td class=\"has-text-align-center\" data-align=\"center\">Cirurgia Vascular<\/td><td class=\"has-text-align-center\" data-align=\"center\">2<\/td><\/tr><tr><td class=\"has-text-align-center\" data-align=\"center\">Urologia<\/td><td class=\"has-text-align-center\" data-align=\"center\">3<\/td><\/tr><\/tbody><\/table><\/figure>\n\n\n\n<p>No caso de desist\u00eancia ou impossibilidade de realiza\u00e7\u00e3o da matr\u00edcula, ser\u00e1 divulgada a segunda chamada para as vagas n\u00e3o preenchidas, com a convoca\u00e7\u00e3o de candidatos da lista de suplentes, respeitando rigorosamente a ordem de classifica\u00e7\u00e3o.<\/p>\n\n\n\n<h3 class=\"wp-block-heading\" id=\"remuneracao\">Remunera\u00e7\u00e3o<\/h3>\n\n\n\n<p>Aos m\u00e9dicos residentes matriculados em regime especial de treinamento, em servi\u00e7o de 60 (sessenta) horas semanais, \u00e9 assegurada bolsa de estudos no valor estipulado pela legisla\u00e7\u00e3o CNRM\/SESU\/MEC, Lei n\u00ba 12.514, de 28 de outubro de 2011 e Portaria Interministerial n\u00ba 3, de 16.03.2016. <\/p>\n\n\n\n<p>Entretanto, ser\u00e1 realizado o desconto de INSS no valor de 20%, que \u00e9 o definido para as entidades filantr\u00f3picas, dos residentes de alguns programas, que recebem as bolsas pela Institui\u00e7\u00e3o, segundo a lei de Isen\u00e7\u00f5es Fiscais<\/p>\n\n\n\n<h2 class=\"wp-block-heading\" id=\"etapas\">Etapas do processo seletivo Resid\u00eancia M\u00e9dica Ribeir\u00e3o Preto <\/h2>\n\n\n\n<p>O Processo Seletivo para  Resid\u00eancia M\u00e9dica Ribeir\u00e3o Preto ser\u00e1 constitu\u00eddo em duas fases, sendo:<\/p>\n\n\n\n<ul class=\"wp-block-list\"><li><strong>1\u00aa Fase<\/strong> \u2013 Prova Escrita Objetiva sob a responsabilidade da Funda\u00e7\u00e3o Vunesp;<\/li><li><strong>2\u00aa Fase <\/strong>\u2013 An\u00e1lise e Argui\u00e7\u00e3o de Curr\u00edculo.<\/li><\/ul>\n\n\n\n<figure class=\"wp-block-image aligncenter size-full\"><img loading=\"lazy\" decoding=\"async\" width=\"630\" height=\"69\" src=\"https:\/\/dhg1h5j42swfq.cloudfront.net\/2021\/08\/27202338\/image-827.png\" alt=\"\" class=\"wp-image-847747\" srcset=\"https:\/\/dhg1h5j42swfq.cloudfront.net\/2021\/08\/27202338\/image-827.png 630w, https:\/\/dhg1h5j42swfq.cloudfront.net\/2021\/08\/27202338\/image-827-300x33.png 300w, https:\/\/dhg1h5j42swfq.cloudfront.net\/2021\/08\/27202338\/image-827-610x67.png 610w\" sizes=\"auto, (max-width: 630px) 100vw, 630px\" \/><\/figure>\n\n\n\n<p style=\"font-size:clamp(14.082px, 0.88rem + ((1vw - 3.2px) * 0.678), 21px);px\"><strong>Prova Objetiva<\/strong> <\/p>\n\n\n\n<p>A prova objetiva, de car\u00e1ter eliminat\u00f3rio e classificat\u00f3rio, visou avaliar o grau de conhecimento te\u00f3rico do candidato necess\u00e1rio ao ingresso no Programa de Resid\u00eancia M\u00e9dica. <\/p>\n\n\n\n<p>A etapa foi elaborada composta de quest\u00f5es de m\u00faltipla escolha com 5 alternativas, sendo apenas uma alternativa correta. A prova objetiva teve a dura\u00e7\u00e3o de 5h para especialidades com acesso direto, 3h para especialidades com pr\u00e9-requisito, avaliada na escala de 0 a 90 pontos.<\/p>\n\n\n\n<figure class=\"wp-block-image aligncenter size-full\"><img loading=\"lazy\" decoding=\"async\" width=\"592\" height=\"363\" src=\"https:\/\/dhg1h5j42swfq.cloudfront.net\/2021\/08\/27202616\/image-828.png\" alt=\"\" class=\"wp-image-847748\" srcset=\"https:\/\/dhg1h5j42swfq.cloudfront.net\/2021\/08\/27202616\/image-828.png 592w, https:\/\/dhg1h5j42swfq.cloudfront.net\/2021\/08\/27202616\/image-828-300x184.png 300w\" sizes=\"auto, (max-width: 592px) 100vw, 592px\" \/><\/figure>\n\n\n\n<p style=\"font-size:clamp(14.082px, 0.88rem + ((1vw - 3.2px) * 0.678), 21px);px\"><strong>An\u00e1lise e argui\u00e7\u00e3o do curr\u00edculo<\/strong><\/p>\n\n\n\n<p>A etapa, de car\u00e1ter classificat\u00f3rio, visa valorizar o perfil e o n\u00edvel de especializa\u00e7\u00e3o do candidato a partir da complementa\u00e7\u00e3o de sua forma\u00e7\u00e3o educacional e de sua experi\u00eancia profissional.<\/p>\n\n\n\n<p>Ser\u00e3o convocados para a an\u00e1lise e argui\u00e7\u00e3o de curr\u00edculo, os candidatos habilitados na prova objetiva, em n\u00famero de seis vezes o n\u00famero de vagas credenciadas em cada programa de resid\u00eancia, sendo esses os candidatos que obtiverem as maiores notas na prova objetiva. Os candidatos convocados para a an\u00e1lise e argui\u00e7\u00e3o de curr\u00edculo, ser\u00e3o, portanto, os definidos na tabela abaixo:<\/p>\n\n\n\n<figure class=\"wp-block-image aligncenter size-full\"><img loading=\"lazy\" decoding=\"async\" width=\"564\" height=\"298\" src=\"https:\/\/dhg1h5j42swfq.cloudfront.net\/2021\/08\/27202932\/image-829.png\" alt=\"An\u00e1lise e argui\u00e7\u00e3o do curr\u00edculo Resid\u00eancia M\u00e9dica Ribeir\u00e3o Preto\" class=\"wp-image-847750\" srcset=\"https:\/\/dhg1h5j42swfq.cloudfront.net\/2021\/08\/27202932\/image-829.png 564w, https:\/\/dhg1h5j42swfq.cloudfront.net\/2021\/08\/27202932\/image-829-300x159.png 300w\" sizes=\"auto, (max-width: 564px) 100vw, 564px\" \/><\/figure>\n\n\n\n<h2 class=\"has-text-align-center wp-block-heading\" id=\"h-quer-saber-tudo-sobre-concursos-previstos-confira-nossos-artigos\">Quer saber tudo sobre concursos previstos?<br \/>Confira nossos artigos!<\/h2>\n\n\n\n<ul class=\"wp-block-list\"><li><a href=\"https:\/\/www.estrategiaconcursos.com.br\/blog\/concursos-abertos\/\" target=\"_blank\" rel=\"noreferrer noopener\">Concursos abertos<\/a><\/li><li><a href=\"https:\/\/www.estrategiaconcursos.com.br\/blog\/concursos-2021\/\" target=\"_blank\" rel=\"noreferrer noopener\">Concursos 2021<\/a><\/li><li><a href=\"https:\/\/www.estrategiaconcursos.com.br\/blog\/concursos-2022\/\" target=\"_blank\" rel=\"noreferrer noopener\">Concursos 2022<\/a><\/li><\/ul>\n\n\n\n<h2 class=\"has-text-align-center wp-block-heading\" id=\"cursos\">Quer estudar para o Resid\u00eancia M\u00e9dica Ribeir\u00e3o Preto?<\/h2>\n\n\n\n<div class=\"container\" id=\"boxes\">\n  <div class=\"row\">\n\n    <div class=\"col-sm\">\n      <div class=\"banner-medicina\" id=\"box-assinatura\">\n        <h3 class=\"titulo-assinatura\">Resid\u00eancia M\u00e9dica Ribeir\u00e3o Preto<\/h3>\n        <p class=\"subtitulo-assinatura\">Conhe\u00e7a nossos cursos<\/p>\n        <div class=\"box-botao\">\n          <a class=\"btn-assinatura\" target=\"_blank\" href=\"https:\/\/www.estrategiaconcursos.com.br\/cursosPorConcurso\/preparatorios-para-residencias\/\" role=\"button\" rel=\"noopener noreferrer\">Conhe\u00e7a mais<\/a>\n        <\/div>\n      <\/div>\n      <p class=\"texto-auxiliar\"><\/p>\n    <\/div>\n\n  <\/div>\n<\/div>\n\n\n\n<div class=\"container\" id=\"boxes\">\n  <div class=\"row\">\n\n    <div class=\"col-sm\">\n      <div class=\"estrategia\" id=\"box-assinatura\">\n        <h3 class=\"titulo-assinatura\">Assinatura Concursos<\/h3>\n        <p class=\"subtitulo-assinatura\">Assinatura de 1 ano ou 2 anos<\/p>\n        <div class=\"box-botao\">\n          <a class=\"btn-assinatura\" target=\"_blank\" href=\"https:\/\/www.estrategiaconcursos.com.br\/assinaturas\/\" role=\"button\" rel=\"noopener noreferrer\">ASSINE AGORA<\/a>\n        <\/div>\n      <\/div><\/div><\/div><\/div>\n\n\n\n<figure class=\"wp-block-image size-large is-resized\"><img loading=\"lazy\" decoding=\"async\" src=\"https:\/\/dhg1h5j42swfq.cloudfront.net\/2021\/05\/19100903\/ficha-tecnica-34-1024x632.png\" alt=\"Informa\u00e7\u00f5es Resid\u00eancia M\u00e9dica Ribeir\u00e3o Preto\" class=\"wp-image-744973\" width=\"271\" height=\"167\" srcset=\"https:\/\/dhg1h5j42swfq.cloudfront.net\/2021\/05\/19100903\/ficha-tecnica-34-1024x632.png 1024w, https:\/\/dhg1h5j42swfq.cloudfront.net\/2021\/05\/19100903\/ficha-tecnica-34-300x185.png 300w, https:\/\/dhg1h5j42swfq.cloudfront.net\/2021\/05\/19100903\/ficha-tecnica-34-768x474.png 768w, https:\/\/dhg1h5j42swfq.cloudfront.net\/2021\/05\/19100903\/ficha-tecnica-34-1536x948.png 1536w, https:\/\/dhg1h5j42swfq.cloudfront.net\/2021\/05\/19100903\/ficha-tecnica-34-610x377.png 610w, https:\/\/dhg1h5j42swfq.cloudfront.net\/2021\/05\/19100903\/ficha-tecnica-34.png 1571w\" sizes=\"auto, (max-width: 271px) 100vw, 271px\" \/><\/figure>\n\n\n\n<h3 class=\"wp-block-heading\" id=\"ficha\">Informa\u00e7\u00f5es Resid\u00eancia M\u00e9dica Ribeir\u00e3o Preto-SP<\/h3>\n\n\n\n<ul class=\"wp-block-list\"><li><strong>Data<\/strong> <strong>da prova: <\/strong>07\/11\/2021<\/li><li><strong>Vagas<\/strong>: 66<\/li><li><strong>Cargos<\/strong>: diversos<\/li><li><strong>Banca<\/strong>: Vunesp<\/li><li><strong>Escolaridade<\/strong>: N\u00edvel superior<\/li><li><strong>Edital:<\/strong> <a href=\"https:\/\/dhg1h5j42swfq.cloudfront.net\/2021\/08\/27203343\/pss-residencia-ribeirao-preto-1.pdf\" target=\"_blank\" rel=\"noreferrer noopener nofollow\">Resid\u00eancia Ribeir\u00e3o Preto<\/a><\/li><\/ul>\n\n\n\n<p><\/p>\n","protected":false},"excerpt":{"rendered":"<p>Foi publicado o gabarito preliminar das provas do processo seletivo para Resid\u00eancia M\u00e9dica de Ribeir\u00e3o Preto, munic\u00edpio do estado de S\u00e3o Paulo. A etapa foi aplicada no dia 07 de novembro. Sob organiza\u00e7\u00e3o da Funda\u00e7\u00e3o Vunesp, o edital oferece aos candidatos o total de 66 oportunidades de n\u00edvel superior, com sal\u00e1rio inicial de R$ 3.330,43. [&hellip;]<\/p>\n","protected":false},"author":1,"featured_media":620069,"comment_status":"open","ping_status":"closed","sticky":false,"template":"","format":"standard","meta":{"post_tipo":"news_page","footnotes":""},"categories":[1981],"tags":[],"tax_estado":[219989],"class_list":["post-847602","post","type-post","status-publish","format-standard","has-post-thumbnail","hentry","category-saude","tax_estado-sp"],"acf":[],"yoast_head":"<!-- This site is optimized with the Yoast SEO Premium plugin v27.2 (Yoast SEO v27.2) - https:\/\/yoast.com\/product\/yoast-seo-premium-wordpress\/ -->\n<title>Resid\u00eancia M\u00e9dica Ribeir\u00e3o Preto: gabarito publicado!<\/title>\n<meta name=\"description\" content=\"Resid\u00eancia M\u00e9dica de Ribeir\u00e3o Preto: Processo seletivo oferta 70 oportunidades. Gabarito preliminar \u00e9 divulgado. Confira!\" \/>\n<meta name=\"robots\" content=\"index, follow, max-snippet:-1, max-image-preview:large, max-video-preview:-1\" \/>\n<link rel=\"canonical\" href=\"https:\/\/www.estrategiaconcursos.com.br\/blog\/residencia-ribeirao-preto-edital\/\" \/>\n<meta property=\"og:locale\" content=\"pt_BR\" \/>\n<meta property=\"og:type\" content=\"article\" \/>\n<meta property=\"og:title\" content=\"Resid\u00eancia M\u00e9dica Ribeir\u00e3o Preto: gabarito publicado!\" \/>\n<meta property=\"og:description\" content=\"Resid\u00eancia M\u00e9dica de Ribeir\u00e3o Preto: Processo seletivo oferta 70 oportunidades. Gabarito preliminar \u00e9 divulgado. Confira!\" \/>\n<meta property=\"og:url\" content=\"https:\/\/www.estrategiaconcursos.com.br\/blog\/residencia-ribeirao-preto-edital\/\" \/>\n<meta property=\"og:site_name\" content=\"Estrat\u00e9gia Concursos\" \/>\n<meta property=\"article:author\" content=\"https:\/\/www.facebook.com\/EstrategiaConcursos\" \/>\n<meta property=\"article:published_time\" content=\"2021-11-09T14:23:00+00:00\" \/>\n<meta property=\"article:modified_time\" content=\"2022-09-13T13:14:25+00:00\" \/>\n<meta property=\"og:image\" content=\"https:\/\/dhg1h5j42swfq.cloudfront.net\/2020\/11\/30194200\/Residencia_Multiprofissional.jpg\" \/>\n\t<meta property=\"og:image:width\" content=\"1200\" \/>\n\t<meta property=\"og:image:height\" content=\"628\" \/>\n\t<meta property=\"og:image:type\" content=\"image\/jpeg\" \/>\n<meta name=\"author\" content=\"Coordena\u00e7\u00e3o\" \/>\n<meta name=\"twitter:card\" content=\"summary_large_image\" \/>\n<meta name=\"twitter:creator\" content=\"@EstratConcursos\" \/>\n<meta name=\"twitter:site\" content=\"@EstratConcursos\" \/>\n<meta name=\"twitter:label1\" content=\"Escrito por\" \/>\n\t<meta name=\"twitter:data1\" content=\"Coordena\u00e7\u00e3o\" \/>\n\t<meta name=\"twitter:label2\" content=\"Est. tempo de leitura\" \/>\n\t<meta name=\"twitter:data2\" content=\"4 minutos\" \/>\n<script type=\"application\/ld+json\" class=\"yoast-schema-graph\">{\"@context\":\"https:\/\/schema.org\",\"@graph\":[{\"@type\":\"NewsArticle\",\"@id\":\"https:\/\/www.estrategiaconcursos.com.br\/blog\/residencia-ribeirao-preto-edital\/#article\",\"isPartOf\":{\"@id\":\"https:\/\/www.estrategiaconcursos.com.br\/blog\/residencia-ribeirao-preto-edital\/\"},\"author\":{\"name\":\"Coordena\u00e7\u00e3o\",\"@id\":\"https:\/\/www.estrategiaconcursos.com.br\/blog\/#\/schema\/person\/b4a388c97673c5f483d72185668afa1f\"},\"headline\":\"Resid\u00eancia M\u00e9dica Ribeir\u00e3o Preto: gabarito publicado!\",\"datePublished\":\"2021-11-09T14:23:00+00:00\",\"dateModified\":\"2022-09-13T13:14:25+00:00\",\"mainEntityOfPage\":{\"@id\":\"https:\/\/www.estrategiaconcursos.com.br\/blog\/residencia-ribeirao-preto-edital\/\"},\"wordCount\":709,\"commentCount\":0,\"publisher\":{\"@id\":\"https:\/\/www.estrategiaconcursos.com.br\/blog\/#organization\"},\"image\":{\"@id\":\"https:\/\/www.estrategiaconcursos.com.br\/blog\/residencia-ribeirao-preto-edital\/#primaryimage\"},\"thumbnailUrl\":\"https:\/\/dhg1h5j42swfq.cloudfront.net\/2020\/11\/30194200\/Residencia_Multiprofissional.jpg\",\"articleSection\":[\"Sa\u00fade\"],\"inLanguage\":\"pt-BR\",\"potentialAction\":[{\"@type\":\"CommentAction\",\"name\":\"Comment\",\"target\":[\"https:\/\/www.estrategiaconcursos.com.br\/blog\/residencia-ribeirao-preto-edital\/#respond\"]}],\"copyrightYear\":\"2021\",\"copyrightHolder\":{\"@id\":\"https:\/\/www.estrategiaconcursos.com.br\/blog\/#organization\"}},{\"@type\":\"WebPage\",\"@id\":\"https:\/\/www.estrategiaconcursos.com.br\/blog\/residencia-ribeirao-preto-edital\/\",\"url\":\"https:\/\/www.estrategiaconcursos.com.br\/blog\/residencia-ribeirao-preto-edital\/\",\"name\":\"Resid\u00eancia M\u00e9dica Ribeir\u00e3o Preto: gabarito publicado!\",\"isPartOf\":{\"@id\":\"https:\/\/www.estrategiaconcursos.com.br\/blog\/#website\"},\"primaryImageOfPage\":{\"@id\":\"https:\/\/www.estrategiaconcursos.com.br\/blog\/residencia-ribeirao-preto-edital\/#primaryimage\"},\"image\":{\"@id\":\"https:\/\/www.estrategiaconcursos.com.br\/blog\/residencia-ribeirao-preto-edital\/#primaryimage\"},\"thumbnailUrl\":\"https:\/\/dhg1h5j42swfq.cloudfront.net\/2020\/11\/30194200\/Residencia_Multiprofissional.jpg\",\"datePublished\":\"2021-11-09T14:23:00+00:00\",\"dateModified\":\"2022-09-13T13:14:25+00:00\",\"description\":\"Resid\u00eancia M\u00e9dica de Ribeir\u00e3o Preto: Processo seletivo oferta 70 oportunidades. Gabarito preliminar \u00e9 divulgado. Confira!\",\"breadcrumb\":{\"@id\":\"https:\/\/www.estrategiaconcursos.com.br\/blog\/residencia-ribeirao-preto-edital\/#breadcrumb\"},\"inLanguage\":\"pt-BR\",\"potentialAction\":[{\"@type\":\"ReadAction\",\"target\":[\"https:\/\/www.estrategiaconcursos.com.br\/blog\/residencia-ribeirao-preto-edital\/\"]}]},{\"@type\":\"ImageObject\",\"inLanguage\":\"pt-BR\",\"@id\":\"https:\/\/www.estrategiaconcursos.com.br\/blog\/residencia-ribeirao-preto-edital\/#primaryimage\",\"url\":\"https:\/\/dhg1h5j42swfq.cloudfront.net\/2020\/11\/30194200\/Residencia_Multiprofissional.jpg\",\"contentUrl\":\"https:\/\/dhg1h5j42swfq.cloudfront.net\/2020\/11\/30194200\/Residencia_Multiprofissional.jpg\",\"width\":1200,\"height\":628},{\"@type\":\"BreadcrumbList\",\"@id\":\"https:\/\/www.estrategiaconcursos.com.br\/blog\/residencia-ribeirao-preto-edital\/#breadcrumb\",\"itemListElement\":[{\"@type\":\"ListItem\",\"position\":1,\"name\":\"In\u00edcio\",\"item\":\"https:\/\/www.estrategiaconcursos.com.br\/blog\/\"},{\"@type\":\"ListItem\",\"position\":2,\"name\":\"Resid\u00eancia M\u00e9dica Ribeir\u00e3o Preto: gabarito publicado!\"}]},{\"@type\":\"WebSite\",\"@id\":\"https:\/\/www.estrategiaconcursos.com.br\/blog\/#website\",\"url\":\"https:\/\/www.estrategiaconcursos.com.br\/blog\/\",\"name\":\"Estrat\u00e9gia Concursos\",\"description\":\"O blog da Estrat\u00e9gia Concursos traz not\u00edcias sobre concursos e artigos de professores oferecendo cursos para concursos (pdf + videaulas) no site.\",\"publisher\":{\"@id\":\"https:\/\/www.estrategiaconcursos.com.br\/blog\/#organization\"},\"potentialAction\":[{\"@type\":\"SearchAction\",\"target\":{\"@type\":\"EntryPoint\",\"urlTemplate\":\"https:\/\/www.estrategiaconcursos.com.br\/blog\/?s={search_term_string}\"},\"query-input\":{\"@type\":\"PropertyValueSpecification\",\"valueRequired\":true,\"valueName\":\"search_term_string\"}}],\"inLanguage\":\"pt-BR\"},{\"@type\":\"Organization\",\"@id\":\"https:\/\/www.estrategiaconcursos.com.br\/blog\/#organization\",\"name\":\"Estrat\u00e9gia Concursos\",\"url\":\"https:\/\/www.estrategiaconcursos.com.br\/blog\/\",\"logo\":{\"@type\":\"ImageObject\",\"inLanguage\":\"pt-BR\",\"@id\":\"https:\/\/www.estrategiaconcursos.com.br\/blog\/#\/schema\/logo\/image\/\",\"url\":\"https:\/\/dhg1h5j42swfq.cloudfront.net\/2025\/06\/03203428\/logo_concursos-1.jpg\",\"contentUrl\":\"https:\/\/dhg1h5j42swfq.cloudfront.net\/2025\/06\/03203428\/logo_concursos-1.jpg\",\"width\":230,\"height\":60,\"caption\":\"Estrat\u00e9gia Concursos\"},\"image\":{\"@id\":\"https:\/\/www.estrategiaconcursos.com.br\/blog\/#\/schema\/logo\/image\/\"},\"sameAs\":[\"https:\/\/x.com\/EstratConcursos\"]},{\"@type\":\"Person\",\"@id\":\"https:\/\/www.estrategiaconcursos.com.br\/blog\/#\/schema\/person\/b4a388c97673c5f483d72185668afa1f\",\"name\":\"Coordena\u00e7\u00e3o\",\"image\":{\"@type\":\"ImageObject\",\"inLanguage\":\"pt-BR\",\"@id\":\"https:\/\/secure.gravatar.com\/avatar\/b720319e4c9a967eb58678d110f4fe35452fc5d5f97b202bac7b8acceb18c6ad?s=96&d=mm&r=g\",\"url\":\"https:\/\/secure.gravatar.com\/avatar\/b720319e4c9a967eb58678d110f4fe35452fc5d5f97b202bac7b8acceb18c6ad?s=96&d=mm&r=g\",\"contentUrl\":\"https:\/\/secure.gravatar.com\/avatar\/b720319e4c9a967eb58678d110f4fe35452fc5d5f97b202bac7b8acceb18c6ad?s=96&d=mm&r=g\",\"caption\":\"Coordena\u00e7\u00e3o\"},\"sameAs\":[\"https:\/\/www.facebook.com\/EstrategiaConcursos\",\"https:\/\/x.com\/EstratConcursos\"],\"url\":\"https:\/\/www.estrategiaconcursos.com.br\/blog\/author\/estrategia2013\/\"}]}<\/script>\n<!-- \/ Yoast SEO Premium plugin. -->","yoast_head_json":{"title":"Resid\u00eancia M\u00e9dica Ribeir\u00e3o Preto: gabarito publicado!","description":"Resid\u00eancia M\u00e9dica de Ribeir\u00e3o Preto: Processo seletivo oferta 70 oportunidades. Gabarito preliminar \u00e9 divulgado. Confira!","robots":{"index":"index","follow":"follow","max-snippet":"max-snippet:-1","max-image-preview":"max-image-preview:large","max-video-preview":"max-video-preview:-1"},"canonical":"https:\/\/www.estrategiaconcursos.com.br\/blog\/residencia-ribeirao-preto-edital\/","og_locale":"pt_BR","og_type":"article","og_title":"Resid\u00eancia M\u00e9dica Ribeir\u00e3o Preto: gabarito publicado!","og_description":"Resid\u00eancia M\u00e9dica de Ribeir\u00e3o Preto: Processo seletivo oferta 70 oportunidades. Gabarito preliminar \u00e9 divulgado. Confira!","og_url":"https:\/\/www.estrategiaconcursos.com.br\/blog\/residencia-ribeirao-preto-edital\/","og_site_name":"Estrat\u00e9gia Concursos","article_author":"https:\/\/www.facebook.com\/EstrategiaConcursos","article_published_time":"2021-11-09T14:23:00+00:00","article_modified_time":"2022-09-13T13:14:25+00:00","og_image":[{"width":1200,"height":628,"url":"https:\/\/dhg1h5j42swfq.cloudfront.net\/2020\/11\/30194200\/Residencia_Multiprofissional.jpg","type":"image\/jpeg"}],"author":"Coordena\u00e7\u00e3o","twitter_card":"summary_large_image","twitter_creator":"@EstratConcursos","twitter_site":"@EstratConcursos","twitter_misc":{"Escrito por":"Coordena\u00e7\u00e3o","Est. tempo de leitura":"4 minutos"},"schema":{"@context":"https:\/\/schema.org","@graph":[{"@type":"NewsArticle","@id":"https:\/\/www.estrategiaconcursos.com.br\/blog\/residencia-ribeirao-preto-edital\/#article","isPartOf":{"@id":"https:\/\/www.estrategiaconcursos.com.br\/blog\/residencia-ribeirao-preto-edital\/"},"author":{"name":"Coordena\u00e7\u00e3o","@id":"https:\/\/www.estrategiaconcursos.com.br\/blog\/#\/schema\/person\/b4a388c97673c5f483d72185668afa1f"},"headline":"Resid\u00eancia M\u00e9dica Ribeir\u00e3o Preto: gabarito publicado!","datePublished":"2021-11-09T14:23:00+00:00","dateModified":"2022-09-13T13:14:25+00:00","mainEntityOfPage":{"@id":"https:\/\/www.estrategiaconcursos.com.br\/blog\/residencia-ribeirao-preto-edital\/"},"wordCount":709,"commentCount":0,"publisher":{"@id":"https:\/\/www.estrategiaconcursos.com.br\/blog\/#organization"},"image":{"@id":"https:\/\/www.estrategiaconcursos.com.br\/blog\/residencia-ribeirao-preto-edital\/#primaryimage"},"thumbnailUrl":"https:\/\/dhg1h5j42swfq.cloudfront.net\/2020\/11\/30194200\/Residencia_Multiprofissional.jpg","articleSection":["Sa\u00fade"],"inLanguage":"pt-BR","potentialAction":[{"@type":"CommentAction","name":"Comment","target":["https:\/\/www.estrategiaconcursos.com.br\/blog\/residencia-ribeirao-preto-edital\/#respond"]}],"copyrightYear":"2021","copyrightHolder":{"@id":"https:\/\/www.estrategiaconcursos.com.br\/blog\/#organization"}},{"@type":"WebPage","@id":"https:\/\/www.estrategiaconcursos.com.br\/blog\/residencia-ribeirao-preto-edital\/","url":"https:\/\/www.estrategiaconcursos.com.br\/blog\/residencia-ribeirao-preto-edital\/","name":"Resid\u00eancia M\u00e9dica Ribeir\u00e3o Preto: gabarito publicado!","isPartOf":{"@id":"https:\/\/www.estrategiaconcursos.com.br\/blog\/#website"},"primaryImageOfPage":{"@id":"https:\/\/www.estrategiaconcursos.com.br\/blog\/residencia-ribeirao-preto-edital\/#primaryimage"},"image":{"@id":"https:\/\/www.estrategiaconcursos.com.br\/blog\/residencia-ribeirao-preto-edital\/#primaryimage"},"thumbnailUrl":"https:\/\/dhg1h5j42swfq.cloudfront.net\/2020\/11\/30194200\/Residencia_Multiprofissional.jpg","datePublished":"2021-11-09T14:23:00+00:00","dateModified":"2022-09-13T13:14:25+00:00","description":"Resid\u00eancia M\u00e9dica de Ribeir\u00e3o Preto: Processo seletivo oferta 70 oportunidades. Gabarito preliminar \u00e9 divulgado. Confira!","breadcrumb":{"@id":"https:\/\/www.estrategiaconcursos.com.br\/blog\/residencia-ribeirao-preto-edital\/#breadcrumb"},"inLanguage":"pt-BR","potentialAction":[{"@type":"ReadAction","target":["https:\/\/www.estrategiaconcursos.com.br\/blog\/residencia-ribeirao-preto-edital\/"]}]},{"@type":"ImageObject","inLanguage":"pt-BR","@id":"https:\/\/www.estrategiaconcursos.com.br\/blog\/residencia-ribeirao-preto-edital\/#primaryimage","url":"https:\/\/dhg1h5j42swfq.cloudfront.net\/2020\/11\/30194200\/Residencia_Multiprofissional.jpg","contentUrl":"https:\/\/dhg1h5j42swfq.cloudfront.net\/2020\/11\/30194200\/Residencia_Multiprofissional.jpg","width":1200,"height":628},{"@type":"BreadcrumbList","@id":"https:\/\/www.estrategiaconcursos.com.br\/blog\/residencia-ribeirao-preto-edital\/#breadcrumb","itemListElement":[{"@type":"ListItem","position":1,"name":"In\u00edcio","item":"https:\/\/www.estrategiaconcursos.com.br\/blog\/"},{"@type":"ListItem","position":2,"name":"Resid\u00eancia M\u00e9dica Ribeir\u00e3o Preto: gabarito publicado!"}]},{"@type":"WebSite","@id":"https:\/\/www.estrategiaconcursos.com.br\/blog\/#website","url":"https:\/\/www.estrategiaconcursos.com.br\/blog\/","name":"Estrat\u00e9gia Concursos","description":"O blog da Estrat\u00e9gia Concursos traz not\u00edcias sobre concursos e artigos de professores oferecendo cursos para concursos (pdf + videaulas) no site.","publisher":{"@id":"https:\/\/www.estrategiaconcursos.com.br\/blog\/#organization"},"potentialAction":[{"@type":"SearchAction","target":{"@type":"EntryPoint","urlTemplate":"https:\/\/www.estrategiaconcursos.com.br\/blog\/?s={search_term_string}"},"query-input":{"@type":"PropertyValueSpecification","valueRequired":true,"valueName":"search_term_string"}}],"inLanguage":"pt-BR"},{"@type":"Organization","@id":"https:\/\/www.estrategiaconcursos.com.br\/blog\/#organization","name":"Estrat\u00e9gia Concursos","url":"https:\/\/www.estrategiaconcursos.com.br\/blog\/","logo":{"@type":"ImageObject","inLanguage":"pt-BR","@id":"https:\/\/www.estrategiaconcursos.com.br\/blog\/#\/schema\/logo\/image\/","url":"https:\/\/dhg1h5j42swfq.cloudfront.net\/2025\/06\/03203428\/logo_concursos-1.jpg","contentUrl":"https:\/\/dhg1h5j42swfq.cloudfront.net\/2025\/06\/03203428\/logo_concursos-1.jpg","width":230,"height":60,"caption":"Estrat\u00e9gia Concursos"},"image":{"@id":"https:\/\/www.estrategiaconcursos.com.br\/blog\/#\/schema\/logo\/image\/"},"sameAs":["https:\/\/x.com\/EstratConcursos"]},{"@type":"Person","@id":"https:\/\/www.estrategiaconcursos.com.br\/blog\/#\/schema\/person\/b4a388c97673c5f483d72185668afa1f","name":"Coordena\u00e7\u00e3o","image":{"@type":"ImageObject","inLanguage":"pt-BR","@id":"https:\/\/secure.gravatar.com\/avatar\/b720319e4c9a967eb58678d110f4fe35452fc5d5f97b202bac7b8acceb18c6ad?s=96&d=mm&r=g","url":"https:\/\/secure.gravatar.com\/avatar\/b720319e4c9a967eb58678d110f4fe35452fc5d5f97b202bac7b8acceb18c6ad?s=96&d=mm&r=g","contentUrl":"https:\/\/secure.gravatar.com\/avatar\/b720319e4c9a967eb58678d110f4fe35452fc5d5f97b202bac7b8acceb18c6ad?s=96&d=mm&r=g","caption":"Coordena\u00e7\u00e3o"},"sameAs":["https:\/\/www.facebook.com\/EstrategiaConcursos","https:\/\/x.com\/EstratConcursos"],"url":"https:\/\/www.estrategiaconcursos.com.br\/blog\/author\/estrategia2013\/"}]}},"_links":{"self":[{"href":"https:\/\/www.estrategiaconcursos.com.br\/blog\/wp-json\/wp\/v2\/posts\/847602","targetHints":{"allow":["GET"]}}],"collection":[{"href":"https:\/\/www.estrategiaconcursos.com.br\/blog\/wp-json\/wp\/v2\/posts"}],"about":[{"href":"https:\/\/www.estrategiaconcursos.com.br\/blog\/wp-json\/wp\/v2\/types\/post"}],"author":[{"embeddable":true,"href":"https:\/\/www.estrategiaconcursos.com.br\/blog\/wp-json\/wp\/v2\/users\/1"}],"replies":[{"embeddable":true,"href":"https:\/\/www.estrategiaconcursos.com.br\/blog\/wp-json\/wp\/v2\/comments?post=847602"}],"version-history":[{"count":15,"href":"https:\/\/www.estrategiaconcursos.com.br\/blog\/wp-json\/wp\/v2\/posts\/847602\/revisions"}],"predecessor-version":[{"id":1093649,"href":"https:\/\/www.estrategiaconcursos.com.br\/blog\/wp-json\/wp\/v2\/posts\/847602\/revisions\/1093649"}],"wp:featuredmedia":[{"embeddable":true,"href":"https:\/\/www.estrategiaconcursos.com.br\/blog\/wp-json\/wp\/v2\/media\/620069"}],"wp:attachment":[{"href":"https:\/\/www.estrategiaconcursos.com.br\/blog\/wp-json\/wp\/v2\/media?parent=847602"}],"wp:term":[{"taxonomy":"category","embeddable":true,"href":"https:\/\/www.estrategiaconcursos.com.br\/blog\/wp-json\/wp\/v2\/categories?post=847602"},{"taxonomy":"post_tag","embeddable":true,"href":"https:\/\/www.estrategiaconcursos.com.br\/blog\/wp-json\/wp\/v2\/tags?post=847602"},{"taxonomy":"tax_estado","embeddable":true,"href":"https:\/\/www.estrategiaconcursos.com.br\/blog\/wp-json\/wp\/v2\/tax_estado?post=847602"}],"curies":[{"name":"wp","href":"https:\/\/api.w.org\/{rel}","templated":true}]}}