{"id":847498,"date":"2021-08-29T10:40:00","date_gmt":"2021-08-29T13:40:00","guid":{"rendered":"https:\/\/www.estrategiaconcursos.com.br\/blog\/?p=847498"},"modified":"2023-03-15T11:38:47","modified_gmt":"2023-03-15T14:38:47","slug":"gabarito-extraoficial-pgdf-analista","status":"publish","type":"post","link":"https:\/\/www.estrategiaconcursos.com.br\/blog\/gabarito-extraoficial-pgdf-analista\/","title":{"rendered":"Gabarito Extraoficial PGDF Analista: confira a corre\u00e7\u00e3o ao vivo!"},"content":{"rendered":"\n<p>N\u00f3s, do Estrat\u00e9gia Concursos, queremos sempre estar perto e ajudar nossos alunos. Por isso, apresentaremos, neste domingo (29), a partir das 13h, o <em><strong>Gabarito Extraoficial PGDF Analista<\/strong><\/em>. O intuito \u00e9 o de ajudar a diminuir um pouco a ansiedade de descobrir se voc\u00ea foi bem ou n\u00e3o em um concurso t\u00e3o visado e importante como este. <\/p>\n\n\n\n<p>Melhor explicando: Aconteceu neste domingo, 29 de agosto de 2021, a aplica\u00e7\u00e3o da prova objetiva do<em><strong> <\/strong><\/em><strong><em>concurso PGDF Analista<\/em><\/strong> para a especialidade de <strong>Analista Jur\u00eddico<\/strong> <strong>&#8211; Especialidade: Direito e Legisla\u00e7\u00e3o<\/strong>. Sob organiza\u00e7\u00e3o do Cebraspe, os candidatos enfrentaram na parte da manh\u00e3 (<em>8h \u00e0s 12h30<\/em>) <strong>Conhecimentos espec\u00edficos<\/strong> e \u00e0 tarde (<em>14h30 \u00e0s 19h<\/em>), <strong>Conhecimentos gerais e Discursiva<\/strong>. <\/p>\n\n\n\n<p>O concurso <strong>oferta aos candidatos 100 vagas para os cargos de Analista Jur\u00eddico e T\u00e9cnico Jur\u00eddico da PGDF<\/strong>. As remunera\u00e7\u00f5es iniciais s\u00e3o de <strong>R$ 7.320,00<\/strong> para Analista. De acordo com os dados divulgados pelo <a href=\"https:\/\/www.cebraspe.org.br\/concursos\/pg_df_19\" target=\"_blank\" rel=\"noreferrer noopener\">Cebraspe<\/a>, o certame teve <strong>59.037 inscri\u00e7\u00f5es<\/strong> homologadas. O edital de resultado provis\u00f3rio nas provas objetivas ser\u00e1 publicado no Di\u00e1rio Oficial do Distrito Federal e no endere\u00e7o eletr\u00f4nico da banca na data prov\u00e1vel de <strong>5 de outubro de 2021<\/strong>. <\/p>\n\n\n\n<h2 class=\"wp-block-heading\" id=\"h-gabarito-extraoficial-pgdf-analista-participe-do-ranking\">Gabarito Extraoficial PGDF Analista: Participe do ranking<\/h2>\n\n\n\n<p>Os candidatos enfrentaram na parte da manh\u00e3 as provas objetivas foram constitu\u00eddas <strong>120 quest\u00f5es<\/strong>, divididas em <strong>Conhecimentos espec\u00edficos<\/strong> e <strong>Conhecimentos gerais<\/strong>. O julgamento de cada item ser\u00e1 <strong>CERTO ou ERRADO<\/strong>. A prova teve dura\u00e7\u00e3o de <strong>4h30<\/strong>. <\/p>\n\n\n\n<p class=\"has-text-align-center has-light-green-cyan-background-color has-background\"><strong><a href=\"https:\/\/forms.gle\/tzYekgjaaEmXVPnw8\" target=\"_blank\" rel=\"noreferrer noopener\">Preencha o gabarito eletr\u00f4nico<\/a><\/strong><\/p>\n\n\n\n<p class=\"has-text-align-center has-light-green-cyan-background-color has-background\"><strong><a href=\"https:\/\/docs.google.com\/spreadsheets\/d\/13-KwNabtMo-79Wi8QSDBg8uz9NswgQ76Uvh32rBC1KU\/edit?usp=sharing\" target=\"_blank\" rel=\"noreferrer noopener\">Ranking PGDF &#8211; Analista Jur\u00eddico<\/a><\/strong><\/p>\n\n\n\n<h2 class=\"wp-block-heading\" id=\"h-programacao-do-gabarito-extraoficial-pgdf-analista-juridico\">Programa\u00e7\u00e3o do Gabarito Extraoficial PGDF Analista Jur\u00eddico<\/h2>\n\n\n\n<p>Confira ent\u00e3o, antecipadamente, seu desempenho, no nosso <strong><a href=\"https:\/\/youtu.be\/t6X3qrrtpNE\" target=\"_blank\" rel=\"noreferrer noopener\">Gabarito Extraoficial PGDF Analista Jur\u00eddico<\/a><\/strong>  e ainda receba dicas de recursos (se houver necessidade, claro!). <\/p>\n\n\n\n<p>Nossa equipe de professores, listados abaixo, ir\u00e1 realizar a corre\u00e7\u00e3o das provas e produzie este gabarito extraoficial.&nbsp;<em>N\u00e3o deixe de conferir seu desempenho.&nbsp;<\/em><\/p>\n\n\n\n<figure class=\"wp-block-table is-style-stripes\"><table class=\"has-background has-fixed-layout\" style=\"background-color:#83dbb8\"><tbody><tr><td class=\"has-text-align-center\" data-align=\"center\"><strong>Disciplina<\/strong><\/td><td class=\"has-text-align-center\" data-align=\"center\"><strong>Professor(a)<\/strong><\/td><\/tr><tr><td class=\"has-text-align-center\" data-align=\"center\">Regime Jur\u00eddico dos Servidores P\u00fablicos Civis do Distrito Federal<\/td><td class=\"has-text-align-center\" data-align=\"center\">Herbert Almeida<\/td><\/tr><tr><td class=\"has-text-align-center\" data-align=\"center\">LODF<\/td><td class=\"has-text-align-center\" data-align=\"center\">Rodrigo Francelino<\/td><\/tr><tr><td class=\"has-text-align-center\" data-align=\"center\">Portugu\u00eas<\/td><td class=\"has-text-align-center\" data-align=\"center\">Rafaela Freitas e Luciana<\/td><\/tr><tr><td class=\"has-text-align-center\" data-align=\"center\">Conhecimentos Sobre o DF<\/td><td class=\"has-text-align-center\" data-align=\"center\">Leandro Signori<\/td><\/tr><tr><td class=\"has-text-align-center\" data-align=\"center\">Direito Administrativo<\/td><td class=\"has-text-align-center\" data-align=\"center\">Ant\u00f4nio Daud<\/td><\/tr><tr><td class=\"has-text-align-center\" data-align=\"center\">Direito do Trabalho<\/td><td class=\"has-text-align-center\" data-align=\"center\">Ant\u00f4nio Daud<\/td><\/tr><tr><td class=\"has-text-align-center\" data-align=\"center\">Direito Processual do Trabalho<\/td><td class=\"has-text-align-center\" data-align=\"center\">Bruno Klippel<\/td><\/tr><tr><td class=\"has-text-align-center\" data-align=\"center\">Direito Ambiental<\/td><td class=\"has-text-align-center\" data-align=\"center\">Andr\u00e9 Rocha<\/td><\/tr><tr><td class=\"has-text-align-center\" data-align=\"center\">Direito Processual Civil<\/td><td class=\"has-text-align-center\" data-align=\"center\">Ricardo Torques<\/td><\/tr><tr><td class=\"has-text-align-center\" data-align=\"center\">Direito Constitucional<\/td><td class=\"has-text-align-center\" data-align=\"center\">Nelma Fontana<\/td><\/tr><tr><td class=\"has-text-align-center\" data-align=\"center\">Direito Penal e Processual Penal<\/td><td class=\"has-text-align-center\" data-align=\"center\">Priscila Silveira<\/td><\/tr><tr><td class=\"has-text-align-center\" data-align=\"center\">Direito Empresarial<\/td><td class=\"has-text-align-center\" data-align=\"center\">Cadu Carrilho<\/td><\/tr><tr><td class=\"has-text-align-center\" data-align=\"center\">Direito Financeiro<\/td><td class=\"has-text-align-center\" data-align=\"center\">Vanessa Arns<\/td><\/tr><tr><td class=\"has-text-align-center\" data-align=\"center\">Direito Previdenci\u00e1rio<\/td><td class=\"has-text-align-center\" data-align=\"center\">Rubens Maur\u00edcio<\/td><\/tr><tr><td class=\"has-text-align-center\" data-align=\"center\">Direito Urban\u00edstico<\/td><td class=\"has-text-align-center\" data-align=\"center\">Igor Maciel<\/td><\/tr><tr><td class=\"has-text-align-center\" data-align=\"center\">Direito Civil<\/td><td class=\"has-text-align-center\" data-align=\"center\">Paulo Sousa<\/td><\/tr><tr><td class=\"has-text-align-center\" data-align=\"center\">Direito Tribut\u00e1rio<\/td><td class=\"has-text-align-center\" data-align=\"center\">F\u00e1bio Dutra<\/td><\/tr><\/tbody><\/table><\/figure>\n\n\n\n<h2 class=\"wp-block-heading\" id=\"h-gabarito-extraoficial-pgdf-analista-juridico-direito-e-legislacao\">Gabarito Extraoficial&nbsp;PGDF Analista Jur\u00eddico &#8211; Direito e Legisla\u00e7\u00e3o<\/h2>\n\n\n\n<p><strong>Quest\u00e3o 1:<\/strong>&nbsp;O texto discute a no\u00e7\u00e3o de sonho vinculando-a&#8230;<br \/><strong><em>Resposta:&nbsp;<\/em>Certo<\/strong> &#8211; Segundo o texto, a palavra &#8220;sonho&#8221; est\u00e1 relacionada ao desejo de algo que n\u00e3o se<br \/>tem &#8211; um objetivo, um plano futuro. Assim, o texto discute o sentido cultural e social que a palavra<br \/>&#8220;sonho&#8221; apresenta no mundo contempor\u00e2neo: tudo aquilo que se quer ter.<\/p>\n\n\n\n<p><strong>Quest\u00e3o 2:&nbsp;<\/strong>O texto aponta dois problemas relativos ao sonho&#8230;<br \/><strong><em>Resposta:&nbsp;<\/em>Errado<\/strong> &#8211; Segundo o texto, &#8220;[\u2026] \u00c9 gritante o contraste entre a relev\u00e2ncia motivacional do<br \/>sonho e sua banaliza\u00e7\u00e3o no mundo industrializado globalizado&#8221;. Portanto, o que banaliza o<br \/>sonho \u00e9 o mundo industrializado globalizado e n\u00e3o a ind\u00fastria do sono que cresce<br \/>aceleradamente.<\/p>\n\n\n\n<p><strong>Coment\u00e1rio:<\/strong> N\u00e3o concordamos com a justificativa da banca, pois, segundo o texto, &#8220;[&#8230;] \u00c9 gritante o contraste entre a relev\u00e2ncia motivacional do sonho e sua <strong>banaliza\u00e7\u00e3o no mundo industrializado globalizado<\/strong>&#8220;. Portanto, o que banaliza o sonho \u00e9 o mundo industrializado globalizado e n\u00e3o a ind\u00fastria do sono que cresce aceleradamente \u2013 nesse caso, a ind\u00fastria do sono apareceria como um exemplo desse mundo, mas n\u00e3o seria a fonte prim\u00e1ria dessa banaliza\u00e7\u00e3o.<\/p>\n\n\n\n<p><strong>Quest\u00e3o 3:<\/strong> O texto defende que o mal-estar da civiliza\u00e7\u00e3o contempor\u00e2nea&#8230;<br \/><strong><em>Resposta:&nbsp;<\/em>Errado<\/strong> &#8211; O texto defende que &#8220;[\u2026] a rotina do trabalho di\u00e1rio e a falta de tempo para<br \/>dormir e sonhar, que acometem a maioria dos trabalhadores, s\u00e3o cruciais para o mal-estar da<br \/>civiliza\u00e7\u00e3o contempor\u00e2nea&#8221;. O mal-estar da civiliza\u00e7\u00e3o contempor\u00e2nea \u00e9 causado pela rotina<br \/>de trabalho e pela falta de tempo para dormir e sonhar.<\/p>\n\n\n\n<p><strong>Quest\u00e3o 4:&nbsp;<\/strong>A exposi\u00e7\u00e3o de fatos e argumentos que estrutura&#8230;<br \/><strong><em>Resposta:&nbsp;<\/em>Certo<\/strong> &#8211; O texto apresenta fatos (ex.: &#8220;uma foto enorme de um casal belo e sorridente,<br \/>velejando num mar caribenho em dia ensolarado, sob a frase enigm\u00e1tica: &#8216;Aonde os seus sonhos<br \/>o levar\u00e3o?'&#8221; &#8211; linhas 13-16. e &#8220;A ind\u00fastria da sa\u00fade do sono\u2026 tem valor estimado entre 30 bilh\u00f5es<br \/>e 40 bilh\u00f5es de d\u00f3lares&#8221; &#8211; linhas 33-35) e argumentos (ex.: &#8220;liberdade que at\u00e9 os mais miser\u00e1veis<br \/>podem experimentar no mundo de regras frouxas do sonho noturno, mas que no sono diurno \u00e9<br \/>privil\u00e9gio apenas dos detentores de um m\u00e1gico cart\u00e3o de pl\u00e1stico&#8221; &#8211; linhas 22 e 23) o que<br \/>caracteriza um texto predominantemente dissertativo.<\/p>\n\n\n\n<p><strong>Quest\u00e3o 5:&nbsp;<\/strong>O texto trata da altera\u00e7\u00e3o do significado original da palavra&#8230;<br \/><strong><em>Resposta:&nbsp;<\/em>Errado<\/strong> &#8211; O texto n\u00e3o trata especificamente da altera\u00e7\u00e3o de significado que ocorreu com a<br \/>palavra &#8220;sonho&#8221; com o passar dos anos. O que se afirma \u00e9 que &#8220;a palavra sonho significa muitas<br \/>coisas diferentes&#8221; (linha 1).<\/p>\n\n\n\n<p><strong>Quest\u00e3o 6:&nbsp;<\/strong>Depreende-se do texto que a impossibilidade&#8230;<br \/><strong><em>Resposta:&nbsp;<\/em>Errado<\/strong> &#8211; A capacidade de as pessoas sonharem n\u00e3o depende da impossibilidade de dormir,<br \/>uma vez que o sonho tamb\u00e9m \u00e9 diurno e est\u00e1 relacionado \u00e0 capacidade de se projetar algo para o<br \/>futuro, nutrir o desejo de algo que a pessoa n\u00e3o tem. Observe: &#8220;O repert\u00f3rio publicit\u00e1rio<br \/>contempor\u00e2neo n\u00e3o tem d\u00favidas de que o sonho \u00e9 a for\u00e7a motriz de nossos comportamentos,<br \/>a motiva\u00e7\u00e3o \u00edntima de nossa a\u00e7\u00e3o exterior&#8221;. (linhas 9 a 11).<\/p>\n\n\n\n<p><strong>Quest\u00e3o 7:&nbsp;<\/strong>Conforme o texto, o sonho noturno, por suas caracter\u00edsticas&#8230;<br \/><strong><em>Resposta:&nbsp;<\/em>Certo<\/strong> &#8211; De acordo com o texto, &#8220;As equa\u00e7\u00f5es &#8216;sonho \u00e9 igual a desejo, que \u00e9 igual a<br \/>dinheiro&#8217; t\u00eam como vari\u00e1vel oculta a liberdade de ir, ser e principalmente ter, liberdade que at\u00e9<br \/>os mais miser\u00e1veis podem experimentar no mundo de regras frouxas do sonho noturno<br \/>[\u2026]&#8221; (linhas 19 a 23). Portanto, o sono noturno, que apresenta regras frouxas, permite a exist\u00eancia<br \/>de um territ\u00f3rio livre acess\u00edvel para todas as pessoas.<\/p>\n\n\n\n<p><strong>Quest\u00e3o 8:&nbsp;<\/strong>Segundo o texto, apesar da profus\u00e3o de produtos para o sono&#8230;<br \/><strong><em>Resposta:&nbsp;<\/em>Certo<\/strong> &#8211; Segundo o texto, &#8220;A ind\u00fastria da sa\u00fade do sono, um setor que cresce<br \/>aceleradamente, tem valor estimado entre 30 bilh\u00f5es e 40 bilh\u00f5es de d\u00f3lares. Mesmo assim<br \/>impera a ins\u00f4nia.&#8221; (linhas 33 a 36). Isso significa que embora a ind\u00fastria do sono cres\u00e7a<br \/>consideravelmente, a recupera\u00e7\u00e3o do sono perdido n\u00e3o foi alcan\u00e7ada pela popula\u00e7\u00e3o.<\/p>\n\n\n\n<p><strong>Quest\u00e3o 9:&nbsp;<\/strong>O voc\u00e1bulo &#8220;gritante&#8221; (l.28) est\u00e1 empregado com o mesmo&#8230;<br \/><strong><em>Resposta:&nbsp;<\/em>Certo<\/strong> &#8211; De acordo com a atual tend\u00eancia da banca de assumir como sin\u00f4nimas palavras<br \/>que apresentam significado pr\u00f3ximo, por\u00e9m n\u00e3o totalmente equivalente, \u00e9 poss\u00edvel afirmar que<br \/>&#8220;gritante&#8221; pode ser empregado no mesmo sentido de &#8220;chocante&#8221;.<\/p>\n\n\n\n<p><strong>Quest\u00e3o 10:&nbsp;<\/strong>O termo &#8220;ainda&#8221;(l.38) est\u00e1 empregado no texto&#8230;<br \/><strong><em>Resposta:&nbsp;<\/em>Errado<\/strong> &#8211; &#8220;O termo &#8220;ainda&#8221; \u00e9 um adv\u00e9rbio que indica tempo; por outro lado, &#8220;embora&#8221; \u00e9 uma<br \/>conjun\u00e7\u00e3o concessiva que introduz uma ora\u00e7\u00e3o que expressa um fato diverso da ora\u00e7\u00e3o<br \/>anterior, mas n\u00e3o o invalida. Portanto, as duas palavras apresentam sentido diferente.<\/p>\n\n\n\n<p><strong>Quest\u00e3o 11:&nbsp;<\/strong>A palavra &#8220;cornuc\u00f3pia&#8221; (l.33) est\u00e1 empregada no texto&#8230;<br \/><strong><em>Resposta:&nbsp;<\/em>Certo<\/strong> &#8211; A palavra &#8220;cornuc\u00f3pia&#8221;, segundo o dicion\u00e1rio Michaelis, significa &#8220;Qualquer coisa<br \/>que represente abund\u00e2ncia&#8221;.<\/p>\n\n\n\n<p><strong>Quest\u00e3o 12:&nbsp;<\/strong>Sem preju\u00edzo da informa\u00e7\u00e3o originalmente veiculada&#8230;<br \/><strong><em>Resposta:&nbsp;<\/em>Certo<\/strong> &#8211; A palavra &#8220;acometer&#8221;, segundo o dicion\u00e1rio Michaelis, significa &#8220;Fazer iniciar ou<br \/>iniciar a\u00e7\u00e3o agressiva, geralmente com uso de for\u00e7a f\u00edsica ou arma; atacar, investir&#8221;. Portanto, o<br \/>verbo &#8220;acometem&#8221; poderia ser substitu\u00eddo por &#8220;atacam&#8221; sem comprometer o sentido original do<br \/>texto.<\/p>\n\n\n\n<p><strong>Quest\u00e3o 13:&nbsp;<\/strong>O uso de retic\u00eancias no trecho &#8220;altamente&#8230; desej\u00e1veis&#8221;&#8230;<br \/><strong><em>Resposta:&nbsp;<\/em>Certo<\/strong> &#8211; No trecho em an\u00e1lise, o autor discute a rela\u00e7\u00e3o existente entre sonho e desejo e<br \/>para destacar essa rela\u00e7\u00e3o remete a uma foto exposta em um aeroporto nos Estados Unidos em<br \/>que a imagem mostra um belo casal velejando em mares caribenhos. Nesse cen\u00e1rio, o que se<br \/>deseja \u00e9 exatamente aquilo com o que se sonha.<\/p>\n\n\n\n<p><strong>Quest\u00e3o 14:&nbsp;<\/strong>O trecho &#8220;privil\u00e9gio apenas dos detentores de um m\u00e1gico&#8230;&#8221;<br \/><strong><em>Resposta:&nbsp;<\/em>Certo<\/strong> &#8211; Segundo o texto, o &#8220;m\u00e1gico cart\u00e3o de pl\u00e1stico&#8221; (que significa poder aquisitivo) \u00e9<br \/>capaz de proporcionar a &#8220;liberdade de ir, ser e principalmente ter&#8221; (linha 21).<\/p>\n\n\n\n<p><strong>Quest\u00e3o 15:&nbsp;<\/strong>Seriam preservados o sentido original do texto e sua&#8230;<br \/><strong><em>Resposta:&nbsp;<\/em>Errado<\/strong> &#8211; N\u00e3o se pode empregar acento indicativo de crase antes de verbos no infinito (como<br \/>se prop\u00f5e na quest\u00e3o &#8211; sonhar \u00e9 igual \u00e0 desejar). O correto \u00e9 &#8220;sonhar \u00e9 igual a desejar.<\/p>\n\n\n\n<p><strong>Quest\u00e3o 16:&nbsp;<\/strong>A retirada da v\u00edrgula ap\u00f3s a palavra &#8220;veleiros&#8221;&#8230;<br \/><strong><em>Resposta:&nbsp;<\/em>Certo<\/strong> &#8211; A retirada da v\u00edrgula n\u00e3o causaria preju\u00edzo gramatical ao texto, mas transformaria<br \/>uma ora\u00e7\u00e3o explicativa (&#8220;capazes de levar-nos a lugares id\u00edlicos&#8221;) em restritiva, o que alteraria<br \/>o sentido original do texto.<\/p>\n\n\n\n<p><strong>Quest\u00e3o 17:&nbsp;<\/strong>A constru\u00e7\u00e3o &#8220;sonha-se&#8221;, presente tr\u00eas vezes no \u00faltimo&#8230; <br \/><strong><em>Resposta:&nbsp;<\/em>Certo<\/strong> &#8211; Em &#8220;sonha-se&#8221; ocorre sujeito indeterminado (verbo na terceira pessoa do singular +<br \/>\u00edndice de indetermina\u00e7\u00e3o do sujeito SE). Por isso, a a\u00e7\u00e3o verbal \u00e9 resultado da interven\u00e7\u00e3o de um<br \/>agente sem refer\u00eancia definida.<\/p>\n\n\n\n<p><strong>Quest\u00e3o 18:&nbsp;<\/strong>Sem preju\u00edzo da corre\u00e7\u00e3o gramatical e dos sentidos do texto&#8230;<br \/><strong><em>Resposta:&nbsp;<\/em>Errado<\/strong> &#8211; O sujeito do verbo &#8220;s\u00e3o&#8221; \u00e9 composto e determinado: &#8220;o sonho da minha vida&#8221; e<br \/>&#8220;meu sonho de consumo&#8221;. Por esse motivo, esse verbo n\u00e3o poderia ser substitu\u00eddo pela forma<br \/>&#8220;tratar-se&#8221;, pois ela indetermina o sujeito.<\/p>\n\n\n\n<p><strong>Quest\u00e3o 19:&nbsp;<\/strong>No \u00faltimo per\u00edodo do terceiro par\u00e1grafo do texto&#8230;<br \/><strong><em>Resposta:<\/em><\/strong>&nbsp;<strong>Errado<\/strong> &#8211; Nesse caso em quest\u00e3o, SE \u00e9 conjun\u00e7\u00e3o causal e estabelece rela\u00e7\u00e3o de causa e<br \/>efeito entre as senten\u00e7as, por esse motivo n\u00e3o poderia ser substitu\u00edda pelo adv\u00e9rbio &#8220;quando&#8221; que<br \/>indica tempo.<\/p>\n\n\n\n<p><strong>Quest\u00e3o 20:&nbsp;<\/strong>Prejudicaria a corre\u00e7\u00e3o do texto o deslocamento&#8230; <br \/><strong><em>Resposta:&nbsp;<\/em>Errado<\/strong> &#8211; O deslocamento do pronome pessoal obl\u00edquo &#8220;-nos&#8221; n\u00e3o prejudicaria a corre\u00e7\u00e3o<br \/>gramatical do texto, j\u00e1 que, da forma como foi constru\u00edda a senten\u00e7a, n\u00e3o h\u00e1 obrigatoriedade de<br \/>pr\u00f3clise (pronome obl\u00edquo colocando antes do verbo) ou \u00eanclise (pronome obl\u00edquo colocado ap\u00f3s<br \/>o verbo). Sendo assim, a coloca\u00e7\u00e3o pronominal, nesse caso, \u00e9 facultativa.<\/p>\n\n\n\n<p><strong>Quest\u00e3o 21:&nbsp;<\/strong>A corre\u00e7\u00e3o gramatical do texto seria prejudicada&#8230;<br \/><strong><em>Resposta:&nbsp;<\/em>Certo<\/strong><\/p>\n\n\n\n<p><strong>Quest\u00e3o 22:&nbsp;<\/strong>No trecho &#8220;a rotina do trabalho di\u00e1rio e a falta&#8230;&#8221;<br \/><strong><em>Resposta:&nbsp;<\/em>Errado<\/strong><\/p>\n\n\n\n<p><strong>Quest\u00e3o 23:&nbsp;<\/strong>No trecho &#8220;quando a ins\u00f4nia grassa e o bocejo&#8230;&#8221;<br \/><strong><em>Resposta:&nbsp;<\/em>Errado<\/strong><\/p>\n\n\n\n<p><strong>Quest\u00e3o 24:<\/strong> A mesma regra de pontua\u00e7\u00e3o justifica o emprego&#8230;<br \/><strong><em>Resposta:&nbsp;<\/em>Errado<\/strong><\/p>\n\n\n\n<p><strong>Quest\u00e3o 25:&nbsp;<\/strong>Na linha 36, o termo &#8220;a ins\u00f4nia&#8221;&#8230;<br \/><strong><em>Resposta:&nbsp;<\/em>Errado<\/strong><\/p>\n\n\n\n<p><strong>Quest\u00e3o 26:&nbsp;<\/strong>O termo da express\u00e3o &#8220;Todo mundo&#8221; (l.4) \u00e9 um recurso&#8230;<br \/><strong><em>Resposta:&nbsp;<\/em>Errado<\/strong><\/p>\n\n\n\n<p><strong>Quest\u00e3o 27:&nbsp;<\/strong>Nas linhas 25 e 26, os termos &#8220;di\u00e1rio&#8221;&#8230;<br \/><strong><em>Resposta:&nbsp;<\/em>Errado<\/strong><\/p>\n\n\n\n<p><strong>Quest\u00e3o 28:&nbsp;<\/strong>No que tange ao uso de servi\u00e7os de sa\u00fade&#8230;<br \/><strong><em>Resposta:&nbsp;<\/em>Errado<\/strong><\/p>\n\n\n\n<p><strong>Quest\u00e3o 29:&nbsp;<\/strong>Com o plano urban\u00edstico de Bras\u00edlia&#8230; <br \/><strong><em>Resposta:&nbsp;<\/em>Certo<\/strong><\/p>\n\n\n\n<p><strong>Quest\u00e3o 30:&nbsp;<\/strong>O espa\u00e7o urbano do DF acumulou&#8230;<br \/><strong><em>Resposta:&nbsp;<\/em>Certo<\/strong><\/p>\n\n\n\n<p><strong>Quest\u00e3o 31:&nbsp;<\/strong>O tombamento de Bras\u00edlia foi concedido em&#8230;<br \/><strong><em>Resposta:&nbsp;<\/em>Errado<\/strong><\/p>\n\n\n\n<p>Bras\u00edlia n\u00e3o \u00e9 o \u00fanico bem contempor\u00e2neo tombado e inscrito com o t\u00edtulo de Patrim\u00f4nio Cultural da Humanidade pela UNESCO. H\u00e1 outros bens contempor\u00e2neos tombados, como o Conjunto Moderno da Pampulha, em Belo Horizonte, Brasil, inscrito nos patrim\u00f4nios mundiais da UNESCO em 2016.<br \/>Link:&nbsp;<a href=\"https:\/\/whc.unesco.org\/en\/list\/1493\/\">https:\/\/whc.unesco.org\/en\/list\/1493\/<\/a><\/p>\n\n\n\n<p><br \/>O Conjunto Moderno da Pampulha foi concebido por Oscar Niemeyer com projetos estruturais do engenheiro Joaquim Cardozo e paisagismo de Roberto Burle Marx, sob encomenda do ent\u00e3o prefeito Juscelino Kubitschek (JK), constru\u00eddo entre 1942 e 1944. As ideias contempor\u00e2neas de Niemeyer e colaboradores foram aplicadas na constru\u00e7\u00e3o de Bras\u00edlia, na presid\u00eancia de JK. A Pampulha tem todos os conceitos de base do estilo arquitet\u00f4nico que marcou o s\u00e9culo 20, como o uso de concreto armado, a planta livre e as janelas e fachadas em vidro.<\/p>\n\n\n\n<p><br \/>Outros bem contempor\u00e2neos tombados e inscritos como patrim\u00f4nios culturais da humanidade pela UNESCO s\u00e3o \u201ca arquitetura do s\u00e9culo 20 de Frank Lloyd Wright \u2013 Estados Unidos\u201d (link:&nbsp;<a href=\"https:\/\/whc.unesco.org\/en\/list\/1496\">https:\/\/whc.unesco.org\/en\/list\/1496<\/a>) e 17 obras de Le Corbusier. Link:&nbsp;<a href=\"https:\/\/www.archdaily.com.br\/br\/791619\/17-obras-de-le-corbusier-sao-incluidas-na-lista-do-patrimonio-mundial-da-humanidade-da-unesco\">https:\/\/www.archdaily.com.br\/br\/791619\/17-obras-de-le-corbusier-sao-incluidas-na-lista-do-patrimonio-mundial-da-humanidade-da-unesco<\/a>.<\/p>\n\n\n\n<p><br \/><strong>PLEITO: ALTERA\u00c7\u00c3O DO GABARITO PARA \u201cERRADO\u201d.<\/strong><br \/><br \/><strong>Argumentos para o recurso:<\/strong><\/p>\n\n\n\n<p><br \/>Bras\u00edlia foi inscrita na lista do Patrim\u00f4nio Cultural da Humanidade da UNESCO, por\u00e9m, at\u00e9 hoje, muitas pessoas, de forma equivocada, costumam falar ou escrever que a cidade \u00e9 \u201ctombada como patrim\u00f4nio mundial\u201d. A Unesco n\u00e3o tomba!<\/p>\n\n\n\n<p><br \/>Tombamento remete \u00e0 torre do Tombo, em Lisboa, um dos mais famosos arquivos p\u00fablicos do mundo. Para os portugueses, o significado de tombo \u00e9 invent\u00e1rio, registro de bens a serem preservados. Portanto, o tombamento nada mais \u00e9 do que um ato administrativo do Estado (que pode ser nacional, estadual ou municipal) para proteger os bens de valor hist\u00f3rico, arquitet\u00f4nico, cultural e ambiental de descaracteriza\u00e7\u00e3o e destrui\u00e7\u00e3o, por meio de legisla\u00e7\u00e3o espec\u00edfica.<\/p>\n\n\n\n<p><br \/>A Constitui\u00e7\u00e3o Federal de 1988 em seu artigo 216, par\u00e1grafo primeiro diz assim: \u201dO poder p\u00fablico, com a colabora\u00e7\u00e3o da comunidade, promover\u00e1 e proteger\u00e1 o patrim\u00f4nio cultural brasileiro, por meio de invent\u00e1rios, registros, vigil\u00e2ncia, tombamento e desapropria\u00e7\u00e3o, e de outras formas de acautelamento e preserva\u00e7\u00e3o.\u201d<\/p>\n\n\n\n<p><br \/>Portanto, Bras\u00edlia \u00e9 tombada pelo IPHAN \u2013 Instituto do Patrim\u00f4nio Hist\u00f3rico e Art\u00edstico Nacional. Esse tombamento se deu em 1992, para cumprir uma exig\u00eancia da UNESCO em 1987, para que o Brasil se comprometesse por lei a proteger o Plano Piloto de Bras\u00edlia, inscrito na lista do Patrim\u00f4nio Cultural da Humanidade.<\/p>\n\n\n\n<p><br \/>A Conven\u00e7\u00e3o para a Prote\u00e7\u00e3o do Patrim\u00f4nio Mundial, Cultural e Natural, da UNESCO, em nenhum artigo faz refer\u00eancia \u00e0 tombamento. A Conven\u00e7\u00e3o faz refer\u00eancia \u00e0 inscri\u00e7\u00e3o na lista do patrim\u00f4nio mundial. Link:&nbsp;<a href=\"https:\/\/whc.unesco.org\/archive\/convention-pt.pdf\">https:\/\/whc.unesco.org\/archive\/convention-pt.pdf<\/a><\/p>\n\n\n\n<p><br \/>Por Bras\u00edlia n\u00e3o ter sido tombada pela UNESCO, a quest\u00e3o est\u00e1 errada.<\/p>\n\n\n\n<p><br \/><strong>PLEITO: ALTERA\u00c7\u00c3O DO GABARITO PARA \u201cERRADO\u201d.<\/strong><\/p>\n\n\n\n<p><strong>Quest\u00e3o 32:&nbsp;<\/strong>Historicamente, dois argumentos foram utilizados&#8230;<br \/><strong><em>Resposta:&nbsp;<\/em>Certo<\/strong><\/p>\n\n\n\n<p><strong>Quest\u00e3o 33:&nbsp;<\/strong>A constru\u00e7\u00e3o de Bras\u00edlia, no governo&#8230;<br \/><strong><em>Resposta:&nbsp;<\/em>Errado<\/strong><\/p>\n\n\n\n<p><strong>Quest\u00e3o 34:&nbsp;<\/strong>Tendo por objetivo a articula\u00e7\u00e3o da a\u00e7\u00e3o&#8230;<br \/><strong><em>Resposta:&nbsp;<\/em>Certo<\/strong><\/p>\n\n\n\n<p><strong>Quest\u00e3o 35:&nbsp;<\/strong>A inexist\u00eancia de conflitos e de eventuais&#8230; <br \/><strong><em>Resposta:&nbsp;<\/em>Errado<\/strong><\/p>\n\n\n\n<p><strong>Quest\u00e3o 36:&nbsp;<\/strong>Servidor p\u00fablico ocupante de cargo efetivo&#8230;<br \/><strong><em>Resposta:<\/em><\/strong>&nbsp;<strong>Errado<\/strong><\/p>\n\n\n\n<p><strong>Quest\u00e3o 37:&nbsp;<\/strong>Servidor p\u00fablico cujo local de trabalho habitual&#8230;<br \/><strong><em>Resposta:&nbsp;<\/em>Certo<\/strong><\/p>\n\n\n\n<p><strong>Quest\u00e3o 38:&nbsp;<\/strong>Servidor p\u00fablico aposentado no ano de 2015&#8230;<br \/><strong><em>Resposta:<\/em><\/strong>&nbsp;<strong>Certo<\/strong><\/p>\n\n\n\n<p><strong>Quest\u00e3o 39:&nbsp;<\/strong>Servidor p\u00fablico que acumule dois cargos em comiss\u00e3o&#8230;<br \/><strong><em>Resposta:&nbsp;<\/em>Errado<\/strong><\/p>\n\n\n\n<p><strong>Quest\u00e3o 40:&nbsp;<\/strong>Servidor p\u00fablico que acumular ilegalmente cargos&#8230;<br \/><strong><em>Resposta:&nbsp;<\/em>Errado<\/strong><\/p>\n\n\n\n<p><strong>Quest\u00e3o 41:&nbsp;<\/strong>A cria\u00e7\u00e3o de regi\u00e3o administrativa por lei&#8230;<br \/><strong><em>Resposta:&nbsp;<\/em><\/strong><\/p>\n\n\n\n<p><strong>Quest\u00e3o 42:&nbsp;<\/strong>Secret\u00e1rio executivo de secretaria de estado&#8230;<br \/><strong><em>Resposta:&nbsp;<\/em><\/strong><\/p>\n\n\n\n<p><strong>Quest\u00e3o 43:&nbsp;<\/strong>Servidor p\u00fablico da Procuradoria-Geral do Distrito Federal&#8230;<br \/><strong><em>Resposta:&nbsp;<\/em><\/strong><\/p>\n\n\n\n<p><strong>Quest\u00e3o 44:&nbsp;<\/strong>A fim de evitar o vazamento de informa\u00e7\u00f5es sigilosas&#8230;<br \/><strong><em>Resposta:&nbsp;<\/em>Errado<\/strong> &#8211; <\/p>\n\n\n\n<p>De acordo com o art. 2\u00ba, inciso IV do Decreto DF n\u00ba 37.756\/15:<br \/>Art. 2\u00ba S\u00e3o objetivos do SEI:<br \/>(\u2026)<br \/>IV \u2013 facilitar o acesso \u00e0s informa\u00e7\u00f5es.<\/p>\n\n\n\n<p><strong>Quest\u00e3o 45:&nbsp;<\/strong>O \u00f3rg\u00e3o gestor do SEI \u00e9&#8230;<br \/><strong><em>Resposta:&nbsp;<\/em>Certo<\/strong> &#8211; Segundo estabelece o Decreto DF n\u00ba 37.756\/15 em seu art. 5\u00ba, inciso X:<br \/>Art. 5\u00ba A Secretaria de Estado de Planejamento, Or\u00e7amento e Gest\u00e3o do Distrito Federal &#8211;<br \/>SEPLAG \u00e9 o \u00d3rg\u00e3o Gestor do SEI-GDF, cabendo-lhe: (Artigo alterado pelo(a) Decreto 37565 de<br \/>23\/08\/2016)<br \/>(\u2026)<br \/>X &#8211; garantir recursos de tecnologia da informa\u00e7\u00e3o, equipe t\u00e9cnica especializada, recursos<br \/>materiais e estrutura de gest\u00e3o para manuten\u00e7\u00e3o e sustenta\u00e7\u00e3o do SEI-GDF.<\/p>\n\n\n\n<p><strong>Quest\u00e3o 46:&nbsp;<\/strong>O SEI \u00e9 o sistema oficial de gest\u00e3o&#8230;<br \/><strong><em>Resposta:&nbsp;<\/em>Certo<\/strong> &#8211; De acordo com o art. 1\u00ba, caput e \u00a71\u00ba do Decreto DF n\u00ba 37.756\/15:<br \/><br \/>Art. 1\u00ba Fica estabelecido o Sistema Eletr\u00f4nico de Informa\u00e7\u00f5es &#8211; SEI-GDF como sistema oficial de<br \/>gest\u00e3o de documentos e processos administrativos eletr\u00f4nicos e digitais, no \u00e2mbito dos \u00f3rg\u00e3os<br \/>e das entidades do Distrito Federal.<br \/>\u00a7 1\u00ba Ficam vedadas iniciativas para implantar sistema semelhante e com o mesmo prop\u00f3sito.<\/p>\n\n\n\n<p><strong>Quest\u00e3o 47:&nbsp;<\/strong>O procurador-corregedor ser\u00e1 eleito em escrut\u00ednio&#8230; <br \/><strong><em>Resposta:&nbsp;<\/em>Errado<\/strong> &#8211; Tendo em vista o disposto na Lei Complementar n\u00ba 395\/2001, art. 8\u00ba, em seu caput e \u00a7\u00a71\u00ba e 2\u00ba:<br \/><br \/>Art. 8\u00ba A Corregedoria ser\u00e1 chefiada pelo Procurador-Corregedor, nomeado pelo Governador<br \/>do Distrito Federal, por indica\u00e7\u00e3o do Procurador-Geral do Distrito Federal.<br \/>\u00a7 1\u00ba O Procurador-Corregedor ser\u00e1 escolhido dentre os integrantes da carreira de Procurador<br \/>do Distrito Federal em atividade e com pelo menos cinco anos de exerc\u00edcio.<br \/>\u00a7 2\u00ba O Procurador-Corregedor ter\u00e1 mandato de dois anos, permitida a recondu\u00e7\u00e3o por um<br \/>\u00fanico per\u00edodo.<\/p>\n\n\n\n<p><strong>Quest\u00e3o 48:&nbsp;<\/strong>O Conselho Superior da Procuradoria-Geral do Distrito Federal&#8230;<br \/><strong><em>Resposta:&nbsp;<\/em>Certo<\/strong> &#8211; De acordo com o art. 10, incisos I e II, da Lei Complementar n\u00ba 395\/2001:<br \/><br \/>Art. 10. O Conselho Superior da Procuradoria-Geral do Distrito Federal comp\u00f5e-se do<br \/>Procurador-Geral, que o preside, e:<br \/>I &#8211; de 5 membros titulares e 5 suplentes escolhidos pelo Procurador-Geral dentre os ocupantes<br \/>de cargos em comiss\u00e3o ou de natureza especial privativos de membros da carreira de<\/p>\n\n\n\n<p>Procurador do Distrito Federal e de Procurador de que trata a Lei Complementar n\u00ba 914, de 2<br \/>de setembro de 2016, para mandato de 2 anos, permitida a recondu\u00e7\u00e3o;<br \/>II &#8211; de 5 membros titulares e 5 suplentes eleitos em escrut\u00ednio secreto dentre os membros da<br \/>carreira de Procurador do Distrito Federal e de Procurador de que<\/p>\n\n\n\n<p><strong>Quest\u00e3o 49:&nbsp;<\/strong>A lei prev\u00ea que a Procuradoria-Geral do Distrito Federal&#8230;<br \/><strong><em>Resposta:&nbsp;<\/em>Certo<\/strong> &#8211; De acordo com o art. 5\u00ba, \u00a7\u00a71\u00ba e 2\u00ba da Lei Complementar n\u00ba 395\/2001 c\/c LODF art. 60, inciso<br \/>XX e art. 100, XIII:<br \/><br \/>Art. 5\u00ba (\u2026)<br \/>\u00a7 1\u00ba A Procuradoria-Geral do Distrito Federal ser\u00e1 chefiada pelo Procurador-Geral;<br \/>\u00a7 2\u00ba O Procurador-Geral ser\u00e1 escolhido dentre os Procuradores do Distrito Federal em<br \/>atividade, observado o disposto nos arts. 60, inciso XX, e 100, inciso XIII, da Lei Org\u00e2nica do<br \/>Distrito Federal.<\/p>\n\n\n\n<p><strong>Quest\u00e3o 50:&nbsp;<\/strong>O titular da Procuradoria-Geral do Distrito Federal&#8230;<br \/><strong><em>Resposta:<\/em><\/strong>&nbsp;<strong>Errado<\/strong> &#8211; De acordo com o art. 3\u00ba da Lei Complementar n\u00ba 395\/2001:<br \/><br \/>Art. 3\u00ba A Procuradoria-Geral do Distrito Federal \u00e9 equiparada, para todos os efeitos, \u00e0s<br \/>secretarias de estado e seu titular tem as prerrogativas, direitos e vantagens de secret\u00e1rio de<br \/>estado.<\/p>\n\n\n\n<p><strong>Quest\u00e3o 51:&nbsp;<\/strong>A declara\u00e7\u00e3o de caducidade do contrato por descumprimentos&#8230;<br \/><strong><em>Resposta:&nbsp;<\/em>Certo<\/strong><\/p>\n\n\n\n<p><strong>Quest\u00e3o 52:&nbsp;Situa\u00e7\u00e3o hipot\u00e9tica<\/strong>: Com o advento do termo contratual&#8230;<br \/><strong><em>Resposta:&nbsp;<\/em>Certo<\/strong><\/p>\n\n\n\n<p><strong>Quest\u00e3o 53:&nbsp;<\/strong>Caso o governo do Distrito Federal diminua&#8230;<br \/><strong><em>Resposta:&nbsp;<\/em>Errado<\/strong><\/p>\n\n\n\n<p><strong>Quest\u00e3o 54:&nbsp;<\/strong>O governo do Distrito Federal n\u00e3o responde&#8230;<br \/><strong><em>Resposta:&nbsp;<\/em>Errado<\/strong><\/p>\n\n\n\n<p><strong>Quest\u00e3o 55:&nbsp;<\/strong>A legisla\u00e7\u00e3o que disciplina as concess\u00f5es&#8230;<br \/><strong><em>Resposta:&nbsp;<\/em>Errado<\/strong><\/p>\n\n\n\n<p><strong>Quest\u00e3o 56:&nbsp;<\/strong>O governador poder\u00e1 questionar a constitucionalidade&#8230;<br \/><strong><em>Resposta:<\/em><\/strong>&nbsp;<\/p>\n\n\n\n<p><strong>Quest\u00e3o 57:&nbsp;<\/strong>\u00c9 cab\u00edvel o ajuizamento de argui\u00e7\u00e3o&#8230;<br \/><strong><em>Resposta:&nbsp;<\/em><\/strong><\/p>\n\n\n\n<p><strong>Quest\u00e3o 58:&nbsp;<\/strong>A referida lei distrital \u00e9 inconstitucional&#8230;<br \/><strong><em>Resposta:&nbsp;<\/em><\/strong><\/p>\n\n\n\n<p><strong>Quest\u00e3o 59:&nbsp;<\/strong>A lei distrital seria inconstitucional se&#8230;<br \/><strong><em>Resposta:&nbsp;<\/em><\/strong><\/p>\n\n\n\n<p><strong>Quest\u00e3o 60:&nbsp;<\/strong>Caso n\u00e3o existe normal federal geral&#8230;<br \/><strong><em>Resposta:&nbsp;<\/em><\/strong><\/p>\n\n\n\n<p><strong>Quest\u00e3o 61:<\/strong>&nbsp;O embargo da obra \u00e9 uma das san\u00e7\u00f5es&#8230;<br \/><strong><em>Resposta:&nbsp;<\/em>Certo<\/strong> &#8211; <\/p>\n\n\n\n<p>Nascente perene \u00e9 \u00e1rea de preserva\u00e7\u00e3o permanente, nos termos do C\u00f3digo Florestal.<br \/>Logo, a constru\u00e7\u00e3o da casa caracteriza infra\u00e7\u00e3o ambiental e, como tal, possibilita a<br \/>san\u00e7\u00e3o de embargo, nos termos do art. 3\u00ba do Decreto n\u00ba 6.514\/2008 e do art. 72 da Lei<br \/>n\u00ba 9.605\/98.<\/p>\n\n\n\n<p><strong>Quest\u00e3o 62:&nbsp;<\/strong>Caso a obra estivesse conclu\u00edda e servisse&#8230;<br \/><strong><em>Resposta:&nbsp;<\/em>Certo<\/strong> &#8211; <\/p>\n\n\n\n<p>Estou considerando que a banca tomou por base o art. 112, \u00a7 3\u00ba, do Decreto n\u00ba<br \/>6.514\/08, que prev\u00ea que a demoli\u00e7\u00e3o n\u00e3o deve ser realizada em edifica\u00e7\u00f5es<br \/>residenciais.<\/p>\n\n\n\n<p><strong>Quest\u00e3o 63:<\/strong>&nbsp;Construir casa sobre nascente perene&#8230;<br \/><strong><em>Resposta:&nbsp;<\/em>Errado<\/strong> &#8211; <\/p>\n\n\n\n<p>O crime comporta pena de deten\u00e7\u00e3o de 1 a 3 anos (n\u00e3o meses), nos termos do art. 38<br \/>da Lei n\u00ba 9.605\/98. J\u00e1 a infra\u00e7\u00e3o administrativa comporta pena de multa de R$<br \/>5.000,00 (n\u00e3o R$ 500) a 50.000,00 por hectare ou fra\u00e7\u00e3o, nos termos do art. 43 do<br \/>Dec. n\u00ba 6.514\/08.<\/p>\n\n\n\n<p><strong>Quest\u00e3o 64:&nbsp;<\/strong>Se a casa estivesse em \u00e1rea urbana&#8230;<br \/><strong><em>Resposta:&nbsp;<\/em>Errado<\/strong> &#8211; <\/p>\n\n\n\n<p>Nascentes s\u00e3o \u00e1reas de preserva\u00e7\u00e3o permanente tanto em \u00e1reas rurais quanto<br \/>urbanas!<\/p>\n\n\n\n<p><strong>Quest\u00e3o 65:&nbsp;<\/strong>O \u00f3rg\u00e3o ambiental do Distrito Federal n\u00e3o det\u00e9m&#8230;<br \/><strong><em>Resposta:&nbsp;<\/em>Errado<\/strong> &#8211; <\/p>\n\n\n\n<p>O \u00f3rg\u00e3o ambiental do DF (Bras\u00edlia Ambiental) \u00e9 uma autarquia e, portanto, tem<br \/>legitimidade para proposi\u00e7\u00e3o de a\u00e7\u00e3o civil p\u00fablica, nos termos do art. 5\u00ba da Lei n\u00ba<br \/>7.347\/1985.<\/p>\n\n\n\n<p><strong>Quest\u00e3o 66:&nbsp;<\/strong>As \u00e1reas de nascente perene s\u00e3o unidades&#8230;<br \/><strong><em>Resposta:&nbsp;<\/em>Errado<\/strong> &#8211; <\/p>\n\n\n\n<p>Pessoal, \u00e1reas de preserva\u00e7\u00e3o permanente e unidades de conserva\u00e7\u00e3o s\u00e3o esp\u00e9cies<br \/>do g\u00eanero &#8220;\u00e1reas especialmente protegidas&#8221;, mas as APPs n\u00e3o s\u00e3o UCs. Ao menos<br \/>esse \u00e9 o entendimento da lei e da maior parte da doutrina (uma pequena parte<br \/>considera o termo &#8220;\u00e1rea especialmente protegida&#8221; como sin\u00f4nimo de &#8220;unidade de<br \/>conserva\u00e7\u00e3o&#8221;).<\/p>\n\n\n\n<p><strong>Quest\u00e3o 67:&nbsp;<\/strong>No direito brasileiro, os costumes&#8230;<br \/><strong><em>Resposta:&nbsp;<\/em>Errado<\/strong> &#8211; <br \/><br \/>O item est\u00e1&nbsp;<strong>errado<\/strong>, pois de acordo com o art. 4\u00ba da LINDB os costumes podem ser utilizados como fonte para o direito, apenas nos casos em que a lei houver sido omissa: \u201cArt. 4\u00ba&nbsp; Quando a lei for omissa, o juiz decidir\u00e1 o caso de acordo com a analogia, os costumes e os princ\u00edpios gerais de direito\u201d.&nbsp;<\/p>\n\n\n\n<p><strong>Quest\u00e3o 68:&nbsp;<\/strong>O contrato de loca\u00e7\u00e3o de bem im\u00f3vel&#8230;<br \/><strong><em>Resposta:&nbsp;<\/em>Certo<\/strong> &#8211; <br \/><br \/>O item est\u00e1&nbsp;<strong>certo<\/strong>, em raz\u00e3o do princ\u00edpio do consensualismo. O art. 108 do CC traz que n\u00e3o dispondo a lei em contr\u00e1rio, a escritura p\u00fablica \u00e9 essencial para a forma\u00e7\u00e3o do contrato de loca\u00e7\u00e3o de bem im\u00f3vel: \u201c N\u00e3o dispondo a lei em contr\u00e1rio, a escritura p\u00fablica \u00e9 essencial \u00e0 validade dos neg\u00f3cios jur\u00eddicos que visem \u00e0 constitui\u00e7\u00e3o, transfer\u00eancia, modifica\u00e7\u00e3o ou ren\u00fancia de direitos reais sobre im\u00f3veis de valor superior a trinta vezes o maior sal\u00e1rio m\u00ednimo vigente no Pa\u00eds\u201d. Por\u00e9m, o art. 17 da Lei 8.245\/1991, n\u00e3o exige forma espec\u00edfica: \u201c \u00c9 livre a conven\u00e7\u00e3o do aluguel, vedada a sua estipula\u00e7\u00e3o em moeda estrangeira e a sua vincula\u00e7\u00e3o \u00e0 varia\u00e7\u00e3o cambial ou ao sal\u00e1rio m\u00ednimo\u201d. Assim, s\u00e3o aceitas, portanto, qualquer das formas, tanto o instrumento p\u00fablico quanto o particular.&nbsp;<\/p>\n\n\n\n<p><strong>Quest\u00e3o 69:&nbsp;<\/strong>Segundo o ordenamento jur\u00eddico brasileiro vigente&#8230;<br \/><strong><em>Resposta:&nbsp;<\/em>Certo<\/strong> &#8211; <br \/><br \/>O item est\u00e1&nbsp;<strong>certo<\/strong>, uma vez que se verifica no contrato de transporte a\u00e9reo a teoria do risco contratual, dada a exist\u00eancia da possibilidade de um eventual acidente, ainda que por caso fortuito ou for\u00e7a maior. Ademais, nesta modalidade contratual, verifica-se a presen\u00e7a de uma rela\u00e7\u00e3o de consumo, respaldada, portanto, no CDC cujo entendimento \u00e9 o da responsabilidade objetiva do fornecedor. Por fim, o CC dita que a responsabilidade do transportador \u00e9 objetiva, exceto nos casos de for\u00e7a maior, conforme dita o art. 734: \u201cO transportador responde pelos danos causados \u00e0s pessoas transportadas e suas bagagens, salvo motivo de for\u00e7a maior, sendo nula qualquer cl\u00e1usula excludente da responsabilidade\u201d.&nbsp;<\/p>\n\n\n\n<p><strong>Quest\u00e3o 70:&nbsp;<\/strong>Os bens p\u00fablicos de uso especial&#8230;<br \/><strong><em>Resposta:&nbsp;<\/em>Errado<\/strong> &#8211; <br \/><br \/>O item est\u00e1&nbsp;<strong>errado<\/strong>, pois a aliena\u00e7\u00e3o dos bens p\u00fablicos de uso especial \u00e9 vedada pelo CC, conforme o art. 100: \u201cOs bens p\u00fablicos de uso comum do povo e os de uso especial s\u00e3o inalien\u00e1veis, enquanto conservarem a sua qualifica\u00e7\u00e3o, na forma que a lei determinar\u201d. J\u00e1 os bens p\u00fablicos dominicais podem ser alienados, por\u00e9m, desde que observadas as exig\u00eancias legais, conforme o art. 101: \u201cOs bens p\u00fablicos dominicais podem ser alienados, observadas as exig\u00eancias da lei\u201d.<\/p>\n\n\n\n<p><strong>Quest\u00e3o 71:&nbsp;<\/strong>O pseud\u00f4nimo adotado por Cl\u00e1udio&#8230;<br \/><strong><em>Resposta:&nbsp;<\/em>Errado<\/strong> &#8211; <br \/><br \/>O item est\u00e1&nbsp;<strong>errado<\/strong>, uma vez que o pseud\u00f4nimo, desde que n\u00e3o utilizado para fins il\u00edcitos, goza da mesma prote\u00e7\u00e3o atribu\u00edda ao nome de registro, conforme previs\u00e3o do art. 19 do CC: \u201cO pseud\u00f4nimo adotado para atividades l\u00edcitas goza da prote\u00e7\u00e3o que se d\u00e1 ao nome\u201d.<\/p>\n\n\n\n<p>Assim, n\u00e3o visualizei possibilidade de recurso nas quest\u00f5es de Direito Civil.<\/p>\n\n\n\n<p>Espero que voc\u00ea tenha ido bem na prova!<br \/>Voc\u00ea j\u00e1 est\u00e1 preparado para as pr\u00f3ximas etapas? O Estrat\u00e9gia tem cursos para todas as etapas da PG\/DF e eu sou o Professor respons\u00e1vel pelo Direito Civil! Fique ligado!<\/p>\n\n\n\n<p><strong>Quest\u00e3o 72:&nbsp;<\/strong>Em uma rela\u00e7\u00e3o processual, o defeito&#8230;<br \/><strong><em>Resposta:&nbsp;<\/em>Certo<\/strong> &#8211; Se ele n\u00e3o emendar, haver\u00e1 extin\u00e7\u00e3o.<\/p>\n\n\n\n<p>&nbsp;Art. 321. O juiz, ao verificar que a peti\u00e7\u00e3o inicial n\u00e3o preenche os requisitos dos <a href=\"http:\/\/www.planalto.gov.br\/ccivil_03\/_ato2015-2018\/2015\/lei\/l13105.htm#art319\">arts. 319 e 320 <\/a>ou que apresenta defeitos e irregularidades capazes de dificultar o julgamento de m\u00e9rito, determinar\u00e1 que o autor, no prazo de 15 (quinze) dias, a emende ou a complete, indicando com precis\u00e3o o que deve ser corrigido ou completado.<\/p>\n\n\n\n<p><strong>Quest\u00e3o 73:&nbsp;<\/strong>Nos processos judiciais, a Procuradoria-Geral&#8230;<br \/><strong><em>Resposta:&nbsp;<\/em>Errado<\/strong> &#8211; \u00c9 para todas as manifesta\u00e7\u00f5es.<\/p>\n\n\n\n<p>Art. 183. A Uni\u00e3o, os Estados, o Distrito Federal, os Munic\u00edpios e suas respectivas autarquias e funda\u00e7\u00f5es de direito p\u00fablico gozar\u00e3o de prazo em dobro para todas as suas manifesta\u00e7\u00f5es processuais, cuja contagem ter\u00e1 in\u00edcio a partir da intima\u00e7\u00e3o pessoal.<\/p>\n\n\n\n<p>\u00a7 1\u00ba A intima\u00e7\u00e3o pessoal far-se-\u00e1 por carga, remessa ou meio eletr\u00f4nico.<\/p>\n\n\n\n<p>\u00a7 2\u00ba N\u00e3o se aplica o benef\u00edcio da contagem em dobro quando a lei estabelecer, de forma expressa, prazo pr\u00f3prio para o ente p\u00fablico.<\/p>\n\n\n\n<p><strong>Quest\u00e3o 74:&nbsp;<\/strong>Decorrido o prazo para o r\u00e9u apresentar&#8230;<br \/><strong><em>Resposta:&nbsp;<\/em>Errado<\/strong> &#8211; Existem quest\u00f5es que podem ser suscitadas.<\/p>\n\n\n\n<p>Art. 342. Depois da contesta\u00e7\u00e3o, s\u00f3 \u00e9 l\u00edcito ao r\u00e9u deduzir novas alega\u00e7\u00f5es quando:<\/p>\n\n\n\n<p>I &#8211; relativas a direito ou a fato superveniente;<\/p>\n\n\n\n<p>II &#8211; competir ao juiz conhecer delas de of\u00edcio;<\/p>\n\n\n\n<p>III &#8211; por expressa autoriza\u00e7\u00e3o legal, puderem ser formuladas em qualquer tempo e grau de jurisdi\u00e7\u00e3o.<\/p>\n\n\n\n<p><strong>Quest\u00e3o 75:&nbsp;<\/strong>A a\u00e7\u00e3o civil p\u00fablica \u00e9 uma modalidade de a\u00e7\u00e3o&#8230;<br \/><strong><em>Resposta:&nbsp;<\/em>Errado<\/strong> &#8211; Art. 5<sup>o<\/sup>&nbsp; T\u00eam legitimidade para propor a a\u00e7\u00e3o principal e a a\u00e7\u00e3o cautelar: <a href=\"http:\/\/www.planalto.gov.br\/ccivil_03\/_Ato2007-2010\/2007\/Lei\/L11448.htm#art2\">(Reda\u00e7\u00e3o dada pela Lei n\u00ba 11.448, de 2007).<\/a><\/p>\n\n\n\n<p>I &#8211; o Minist\u00e9rio P\u00fablico; <a href=\"http:\/\/www.planalto.gov.br\/ccivil_03\/_Ato2007-2010\/2007\/Lei\/L11448.htm#art2\">(Reda\u00e7\u00e3o dada pela Lei n\u00ba 11.448, de 2007).<\/a><\/p>\n\n\n\n<p>II &#8211; a Defensoria P\u00fablica; <a href=\"http:\/\/www.planalto.gov.br\/ccivil_03\/_Ato2007-2010\/2007\/Lei\/L11448.htm#art2\">(Reda\u00e7\u00e3o dada pela Lei n\u00ba 11.448, de 2007).<\/a><\/p>\n\n\n\n<p>III &#8211; a Uni\u00e3o, os Estados, o Distrito Federal e os Munic\u00edpios; <a href=\"http:\/\/www.planalto.gov.br\/ccivil_03\/_Ato2007-2010\/2007\/Lei\/L11448.htm#art2\">(Inclu\u00eddo pela Lei n\u00ba 11.448, de 2007).<\/a><\/p>\n\n\n\n<p>IV &#8211; a autarquia, empresa p\u00fablica, funda\u00e7\u00e3o ou sociedade de economia mista; <a href=\"http:\/\/www.planalto.gov.br\/ccivil_03\/_Ato2007-2010\/2007\/Lei\/L11448.htm#art2\">(Inclu\u00eddo pela Lei n\u00ba 11.448, de 2007).<\/a><\/p>\n\n\n\n<p>V &#8211; a associa\u00e7\u00e3o que, concomitantemente: <a href=\"http:\/\/www.planalto.gov.br\/ccivil_03\/_Ato2007-2010\/2007\/Lei\/L11448.htm#art2\">(Inclu\u00eddo pela Lei n\u00ba 11.448, de 2007).<\/a><\/p>\n\n\n\n<p>a) esteja constitu\u00edda h\u00e1 pelo menos 1 (um) ano nos termos da lei civil; <a href=\"http:\/\/www.planalto.gov.br\/ccivil_03\/_Ato2007-2010\/2007\/Lei\/L11448.htm#art2\">(Inclu\u00eddo pela Lei n\u00ba 11.448, de 2007).<\/a><\/p>\n\n\n\n<p>b) inclua, entre suas finalidades institucionais, a prote\u00e7\u00e3o ao patrim\u00f4nio p\u00fablico e social, ao meio ambiente, ao consumidor, \u00e0 ordem econ\u00f4mica, \u00e0 livre concorr\u00eancia, aos direitos de grupos raciais, \u00e9tnicos ou religiosos ou ao patrim\u00f4nio art\u00edstico, est\u00e9tico, hist\u00f3rico, tur\u00edstico e paisag\u00edstico. &nbsp; &nbsp; &nbsp; <a href=\"http:\/\/www.planalto.gov.br\/ccivil_03\/_Ato2011-2014\/2014\/Lei\/L13004.htm#art1\">(Reda\u00e7\u00e3o dada pela&nbsp; Lei n\u00ba 13.004, de 2014)<\/a><\/p>\n\n\n\n<p>\u00a7 1\u00ba O Minist\u00e9rio P\u00fablico, se n\u00e3o intervier no processo como parte, atuar\u00e1 obrigatoriamente como fiscal da lei.<\/p>\n\n\n\n<p>\u00a7 2\u00ba Fica facultado ao Poder P\u00fablico e a outras associa\u00e7\u00f5es legitimadas nos termos deste artigo habilitar-se como litisconsortes de qualquer das partes.<\/p>\n\n\n\n<p>\u00a7 3\u00ba Em caso de desist\u00eancia infundada ou abandono da a\u00e7\u00e3o por associa\u00e7\u00e3o legitimada, o Minist\u00e9rio P\u00fablico ou outro legitimado assumir\u00e1 a titularidade ativa. <a href=\"http:\/\/www.planalto.gov.br\/ccivil_03\/leis\/L8078.htm#art112\">(Reda\u00e7\u00e3o dada pela Lei n\u00ba 8.078, de 1990)<\/a><\/p>\n\n\n\n<p>\u00a7 4.\u00b0 O requisito da pr\u00e9-constitui\u00e7\u00e3o poder\u00e1 ser dispensado pelo juiz, quando haja manifesto interesse social evidenciado pela dimens\u00e3o ou caracter\u00edstica do dano, ou pela relev\u00e2ncia do bem jur\u00eddico a ser protegido. <a href=\"http:\/\/www.planalto.gov.br\/ccivil_03\/leis\/L8078.htm#art113\">(Inclu\u00eddo pela Lei n\u00aa 8.078, de 11.9.1990)<\/a><\/p>\n\n\n\n<p>\u00a7 5.\u00b0 Admitir-se-\u00e1 o litiscons\u00f3rcio facultativo entre os Minist\u00e9rios P\u00fablicos da Uni\u00e3o, do Distrito Federal e dos Estados na defesa dos interesses e direitos de que cuida esta lei. <a href=\"http:\/\/www.planalto.gov.br\/ccivil_03\/leis\/L8078.htm#art113\">(Inclu\u00eddo pela Lei n\u00aa 8.078, de 11.9.1990)<\/a>&nbsp; <a href=\"http:\/\/www.planalto.gov.br\/ccivil_03\/leis\/Mensagem_Veto\/anterior_98\/vep664-L8078-90.htm#art92p\">(Vide Mensagem de veto)<\/a>&nbsp;&nbsp;\u00a7 6\u00b0 Os \u00f3rg\u00e3os p\u00fablicos legitimados poder\u00e3o tomar dos interessados compromisso de ajustamento de sua conduta \u00e0s exig\u00eancias legais, mediante comina\u00e7\u00f5es, que ter\u00e1 efic\u00e1cia de t\u00edtulo executivo extrajudicial. <a href=\"http:\/\/www.planalto.gov.br\/ccivil_03\/leis\/L8078.htm#art113\">(Inclu\u00eddo pela Lei n\u00aa 8.078, de 11.9.1990)<\/a><a href=\"http:\/\/www.planalto.gov.br\/ccivil_03\/leis\/Mensagem_Veto\/anterior_98\/vep664-L8078-90.htm#art92p\">(Vide Mensagem de veto)<\/a><\/p>\n\n\n\n<p><strong>Quest\u00e3o 76:&nbsp;<\/strong>O incidente de assunto de compet\u00eancia&#8230;<br \/><strong><em>Resposta:&nbsp;<\/em>Certo<\/strong> &#8211; Art. 947. \u00c9 admiss\u00edvel a assun\u00e7\u00e3o de compet\u00eancia quando o julgamento de recurso, de remessa necess\u00e1ria ou de processo de compet\u00eancia origin\u00e1ria envolver relevante quest\u00e3o de direito, com grande repercuss\u00e3o social, sem repeti\u00e7\u00e3o em m\u00faltiplos processos.<\/p>\n\n\n\n<p>\u00a7 1\u00ba Ocorrendo a hip\u00f3tese de assun\u00e7\u00e3o de compet\u00eancia, o relator propor\u00e1, de of\u00edcio ou a requerimento da parte, do Minist\u00e9rio P\u00fablico ou da Defensoria P\u00fablica, que seja o recurso, a remessa necess\u00e1ria ou o processo de compet\u00eancia origin\u00e1ria julgado pelo \u00f3rg\u00e3o colegiado que o regimento indicar.<\/p>\n\n\n\n<p>\u00a7 2\u00ba O \u00f3rg\u00e3o colegiado julgar\u00e1 o recurso, a remessa necess\u00e1ria ou o processo de compet\u00eancia origin\u00e1ria se reconhecer interesse p\u00fablico na assun\u00e7\u00e3o de compet\u00eancia.<\/p>\n\n\n\n<p>\u00a7 3\u00ba O ac\u00f3rd\u00e3o proferido em assun\u00e7\u00e3o de compet\u00eancia vincular\u00e1 todos os ju\u00edzes e \u00f3rg\u00e3os fracion\u00e1rios, exceto se houver revis\u00e3o de tese.<\/p>\n\n\n\n<p>\u00a7 4\u00ba Aplica-se o disposto neste artigo quando ocorrer relevante quest\u00e3o de direito a respeito da qual seja conveniente a preven\u00e7\u00e3o ou a composi\u00e7\u00e3o de diverg\u00eancia entre c\u00e2maras ou turmas do tribunal.<\/p>\n\n\n\n<p><strong>Quest\u00e3o 77:&nbsp;<\/strong>Fl\u00e1vio prop\u00f4s a\u00e7\u00e3o de obriga\u00e7\u00e3o&#8230;<br \/><strong><em>Resposta:&nbsp;<\/em>Certo<\/strong> &#8211; <\/p>\n\n\n\n<p>Art. 1.015. Cabe agravo de instrumento contra as decis\u00f5es interlocut\u00f3rias que versarem sobre:<\/p>\n\n\n\n<p>I &#8211; tutelas provis\u00f3rias.<\/p>\n\n\n\n<p><strong>Quest\u00e3o 78:&nbsp;<\/strong>Em a\u00e7\u00e3o de cumprimento de senten\u00e7a&#8230;<br \/><strong><em>Resposta:&nbsp;<\/em>Errado<\/strong> &#8211; Art. 525. Transcorrido o prazo previsto no <a href=\"http:\/\/www.planalto.gov.br\/ccivil_03\/_ato2015-2018\/2015\/lei\/l13105.htm#art523\">art. 523 <\/a>sem o pagamento volunt\u00e1rio, inicia-se o prazo de 15 (quinze) dias para que o executado, independentemente de penhora ou nova intima\u00e7\u00e3o, apresente, nos pr\u00f3prios autos, sua impugna\u00e7\u00e3o.<\/p>\n\n\n\n<p>\u00a7 1\u00ba Na impugna\u00e7\u00e3o, o executado poder\u00e1 alegar:<\/p>\n\n\n\n<p>I &#8211; falta ou nulidade da cita\u00e7\u00e3o se, na fase de conhecimento, o processo correu \u00e0 revelia;<\/p>\n\n\n\n<p>II &#8211; ilegitimidade de parte;<\/p>\n\n\n\n<p>III &#8211; inexequibilidade do t\u00edtulo ou inexigibilidade da obriga\u00e7\u00e3o;<\/p>\n\n\n\n<p>IV &#8211; penhora incorreta ou avalia\u00e7\u00e3o err\u00f4nea;<\/p>\n\n\n\n<p>V &#8211; excesso de execu\u00e7\u00e3o ou cumula\u00e7\u00e3o indevida de execu\u00e7\u00f5es;<\/p>\n\n\n\n<p>VI &#8211; incompet\u00eancia absoluta ou relativa do ju\u00edzo da execu\u00e7\u00e3o;<\/p>\n\n\n\n<p>VII &#8211; qualquer causa modificativa ou extintiva da obriga\u00e7\u00e3o, como pagamento, nova\u00e7\u00e3o, compensa\u00e7\u00e3o, transa\u00e7\u00e3o ou prescri\u00e7\u00e3o, desde que supervenientes \u00e0 senten\u00e7a.<\/p>\n\n\n\n<p>\u00a7 2\u00ba A alega\u00e7\u00e3o de impedimento ou suspei\u00e7\u00e3o observar\u00e1 o disposto nos <a href=\"http:\/\/www.planalto.gov.br\/ccivil_03\/_ato2015-2018\/2015\/lei\/l13105.htm#art146\">arts. 146 <\/a>e <a href=\"http:\/\/www.planalto.gov.br\/ccivil_03\/_ato2015-2018\/2015\/lei\/l13105.htm#art148\">148 <\/a>.<\/p>\n\n\n\n<p>\u00a7 3\u00ba Aplica-se \u00e0 impugna\u00e7\u00e3o o disposto no <a href=\"http:\/\/www.planalto.gov.br\/ccivil_03\/_ato2015-2018\/2015\/lei\/l13105.htm#art229\">art. 229.<\/a><\/p>\n\n\n\n<p>\u00a7 4\u00ba Quando o executado alegar que o exequente, em excesso de execu\u00e7\u00e3o, pleiteia quantia superior \u00e0 resultante da senten\u00e7a, cumprir-lhe-\u00e1 declarar de imediato o valor que entende correto, apresentando demonstrativo discriminado e atualizado de seu c\u00e1lculo.<\/p>\n\n\n\n<p>\u00a7 5\u00ba Na hip\u00f3tese do \u00a7 4\u00ba, n\u00e3o apontado o valor correto ou n\u00e3o apresentado o demonstrativo, a impugna\u00e7\u00e3o ser\u00e1 liminarmente rejeitada, se o excesso de execu\u00e7\u00e3o for o seu \u00fanico fundamento, ou, se houver outro, a impugna\u00e7\u00e3o ser\u00e1 processada, mas o juiz n\u00e3o examinar\u00e1 a alega\u00e7\u00e3o de excesso de execu\u00e7\u00e3o.<\/p>\n\n\n\n<p><strong>Quest\u00e3o 79:&nbsp;<\/strong>A aus\u00eancia de regularidade no recolhimento&#8230;<br \/><strong><em>Resposta:&nbsp;<\/em>Certo<\/strong><\/p>\n\n\n\n<p><strong>Quest\u00e3o 80:&nbsp;<\/strong>Empresa que deseja aplicar justa causa&#8230;<br \/><strong><em>Resposta:&nbsp;<\/em>Errado<\/strong><\/p>\n\n\n\n<p><strong>Quest\u00e3o 81:&nbsp;<\/strong>As f\u00e9rias de empregado que recebe sal\u00e1rio fixo&#8230;<strong><br \/><em>Resposta:<\/em><\/strong>&nbsp;<strong>Errado<\/strong><\/p>\n\n\n\n<p><strong>Quest\u00e3o 82:&nbsp;<\/strong>O empregado que tenha sido convocado&#8230;<br \/><strong><em>Resposta:&nbsp;<\/em>Errado<\/strong><\/p>\n\n\n\n<p><strong>Quest\u00e3o 83:&nbsp;Situa\u00e7\u00e3o hipot\u00e9tica:<\/strong> Uma empregada demitida&#8230;<br \/><strong><em>Resposta:&nbsp;<\/em>Errado<\/strong><\/p>\n\n\n\n<p><strong>Quest\u00e3o 84:&nbsp;<\/strong>Empregado que exer\u00e7a atividades consideradas insalubres&#8230;<br \/><strong><em>Resposta:<\/em><\/strong>&nbsp;<strong>Certo<\/strong><\/p>\n\n\n\n<p><strong>Quest\u00e3o 85:&nbsp;<\/strong>Os dias em que o empregado se ausentar&#8230;<br \/><strong><em>Resposta:<\/em><\/strong>&nbsp;<strong>Certo<\/strong><\/p>\n\n\n\n<p><strong>Quest\u00e3o 86:&nbsp;<\/strong>No caso de um munic\u00edpio figurar em parte&#8230;<br \/><strong><em>Resposta:<\/em><\/strong>&nbsp;<strong>Certo<\/strong><\/p>\n\n\n\n<p><b>Quest\u00e3o 87: <\/b>Acordo homologado judicialmente tem&#8230;<b><br \/><\/b><em style=\"\"><b>Resposta:<\/b><\/em> <strong>Certo<\/strong> <\/p>\n\n\n\n<p><strong>Quest\u00e3o 88:&nbsp;<\/strong>\u00c9 cab\u00edvel a impetra\u00e7\u00e3o de mandado&#8230;<br \/><strong><em>Resposta:<\/em><\/strong>&nbsp;<strong>Errado<\/strong> <\/p>\n\n\n\n<p><strong>Quest\u00e3o 89:&nbsp;<\/strong>O fato de uma notifica\u00e7\u00e3o ter sido enviada&#8230;<br \/><strong><em>Resposta:<\/em><\/strong>&nbsp; <strong>Errado<\/strong> <\/p>\n\n\n\n<p><strong>Quest\u00e3o 90:&nbsp;<\/strong>A aus\u00eancia de assinatura do empregado&#8230;<br \/><strong><em>Resposta:<\/em><\/strong>&nbsp;<strong>Errado<\/strong> <\/p>\n\n\n\n<p><strong>Quest\u00e3o 91:&nbsp;<\/strong>O funcion\u00e1rio p\u00fablico \u00e9 o sujeito&#8230;<br \/><strong><em>Resposta:<\/em><\/strong>&nbsp;<strong>Errado<\/strong><\/p>\n\n\n\n<p><strong>Quest\u00e3o 92:&nbsp;<\/strong>No crime de peculato, aplica-se&#8230;<br \/><strong><em>Resposta:<\/em><\/strong>&nbsp;<strong>Errado<\/strong><\/p>\n\n\n\n<p><strong>Quest\u00e3o 93:<\/strong> O servidor p\u00fablico que aceitar&#8230;<br \/><strong><em>Resposta:<\/em><\/strong>&nbsp;<strong>Errado<\/strong><\/p>\n\n\n\n<p><strong>Quest\u00e3o 94:&nbsp;<\/strong>No crime de advocacia administrativa&#8230;<br \/><strong><em>Resposta:<\/em><\/strong>&nbsp;<strong>Errado<\/strong><\/p>\n\n\n\n<p><strong>Quest\u00e3o 95:&nbsp;<\/strong>A prova emprestada ter\u00e1 o mesmo valor&#8230;<br \/><strong><em>Resposta:<\/em><\/strong><\/p>\n\n\n\n<p><strong>Quest\u00e3o 96:&nbsp;<\/strong>O C\u00f3digo de Processo Penal elencou&#8230;<br \/><strong><em>Resposta:<\/em><\/strong>&nbsp;<\/p>\n\n\n\n<p><strong>Quest\u00e3o 97:&nbsp;<\/strong>As presun\u00e7\u00f5es legais, quando absolutas&#8230;<br \/><strong><em>Resposta:<\/em><\/strong>&nbsp;<\/p>\n\n\n\n<p><strong>Quest\u00e3o 98: <\/strong>A concess\u00e3o de uma patente de inven\u00e7\u00e3o&#8230;<strong><br \/><em>Resposta:<\/em><\/strong>&nbsp;<strong>Certo<\/strong><\/p>\n\n\n\n<p><strong>Quest\u00e3o 99:&nbsp;<\/strong>Assegura-se \u00e0 marca de alto renome&#8230;<strong><br \/><em>Resposta:<\/em><\/strong>&nbsp;<strong>Errado<\/strong><\/p>\n\n\n\n<p><strong>Quest\u00e3o 100:&nbsp;<\/strong>O selo de indica\u00e7\u00e3o geogr\u00e1fica \u00e9 uma garantia&#8230;<strong><br \/><em>Resposta:<\/em><\/strong>&nbsp;<strong>Certo<\/strong><\/p>\n\n\n\n<p><strong>Quest\u00e3o 101:<\/strong>&nbsp;Em uma sociedade limitada com capital&#8230;<strong><br \/><em>Resposta:<\/em><\/strong>&nbsp;<strong>Errado<\/strong><\/p>\n\n\n\n<p><strong>Quest\u00e3o 102:&nbsp;<\/strong>O conselho de administra\u00e7\u00e3o \u00e9 \u00f3rg\u00e3o&#8230;<br \/><strong><em>Resposta:<\/em><\/strong>&nbsp;<strong>Certo<\/strong><\/p>\n\n\n\n<p><strong>Quest\u00e3o 103:&nbsp;<\/strong>As despesas de exerc\u00edcios anteriores s\u00e3o classificadas em despesas&#8230;<strong><br \/><em>Resposta:<\/em><\/strong>&nbsp;<strong>Errado<\/strong> &#8211; Despesas de Exerc\u00edcios anteriores n\u00e3o se confundem com Restos a Pagar. Restos a Pagar s\u00e3o para despesas empenhadas e n\u00e3o pagas no exerc\u00edcio, inscritas depois do 31 de dezembro do ano correspondente em Restos a Pagar.<\/p>\n\n\n\n<p>As Despesas de Exerc\u00edcios Anteriores (DEA) referem-se \u00e0s d\u00edvidas reconhecidas para as quais n\u00e3o existe empenho inscrito em Restos a Pagar, seja pela sua anula\u00e7\u00e3o ou pela n\u00e3o emiss\u00e3o da nota de empenho no momento oportuno. Conforme o Art. 37 da Lei n\u00ba 4.320\/64, poder\u00e3o ser pagas a conta de dota\u00e7\u00e3o espec\u00edfica consignada no or\u00e7amento da entidade devedora e discriminadas por elemento, obedecida, sempre que poss\u00edvel, a ordem cronol\u00f3gica:<\/p>\n\n\n\n<p>1.&nbsp;&nbsp;&nbsp;&nbsp;&nbsp;&nbsp;&nbsp;as despesas de exerc\u00edcios encerrados, para os quais o or\u00e7amento respectivo consignou cr\u00e9dito pr\u00f3prio, com saldo suficiente para atend\u00ea-las, que n\u00e3o se tenham processado na \u00e9poca&nbsp; pr\u00f3pria;<\/p>\n\n\n\n<p>2.&nbsp;&nbsp;&nbsp;&nbsp;&nbsp;&nbsp;&nbsp;Os restos a pagar&nbsp;<strong>com prescri\u00e7\u00e3o interrompida;<\/strong><\/p>\n\n\n\n<p>3.&nbsp;&nbsp;&nbsp;&nbsp;&nbsp;&nbsp;&nbsp;Os compromissos reconhecidos ap\u00f3s o encerramento do exerc\u00edcio financeiro.<\/p>\n\n\n\n<p><strong>Quest\u00e3o 104: <\/strong>A cess\u00e3o de precat\u00f3rio judicial de natureza alimentar, por credor&#8230;<br \/><strong><em>Resposta:<\/em><\/strong>&nbsp;<strong>Errado<\/strong> &#8211; Ao apreciar o tema sob a sistem\u00e1tica da repercuss\u00e3o geral, o STF fixou a seguinte tese:<\/p>\n\n\n\n<p>A cess\u00e3o de cr\u00e9dito n\u00e3o implica altera\u00e7\u00e3o da natureza.<\/p>\n\n\n\n<p>STF. Plen\u00e1rio. RE 631537, Rel. Marco Aur\u00e9lio, julgado em 22\/05\/2020 (Repercuss\u00e3o Geral \u2013 Tema 361).<\/p>\n\n\n\n<p>No entanto, &nbsp;o julgado acima trata sobre o cr\u00e9dito alimentar preferencial previsto no \u00a7 1\u00ba do art. 100 da CF\/88.<\/p>\n\n\n\n<p>O caso da quest\u00e3o em tela abarca a supreprefer\u00eancia do&nbsp;\u00a7&nbsp;2\u00ba: &nbsp;<em>Os d\u00e9bitos de natureza aliment\u00edcia cujos titulares tenham 60 (sessenta) anos de idade ou mais na data de expedi\u00e7\u00e3o do precat\u00f3rio, ou sejam portadores de doen\u00e7a grave, definidos na forma da lei, ser\u00e3o pagos com prefer\u00eancia sobre todos os demais d\u00e9bitos, at\u00e9 o valor equivalente ao triplo do fixado em lei para os fins do disposto no \u00a7 3\u00ba deste artigo, admitido o fracionamento para essa finalidade, sendo que o restante ser\u00e1 pago na ordem cronol\u00f3gica de apresenta\u00e7\u00e3o do precat\u00f3rio.<\/em><\/p>\n\n\n\n<p>No caso do cr\u00e9dito alimentar superpreferencial (\u00a7 2\u00ba), existe previs\u00e3o expressa na Constitui\u00e7\u00e3o dizendo que o cession\u00e1rio n\u00e3o ter\u00e1 direito \u00e0 superprefer\u00eancia de que gozava o credor origin\u00e1rio.&nbsp; Segundo a CF:<\/p>\n\n\n\n<p>Art. 100 (&#8230;)<\/p>\n\n\n\n<p>\u00a7 13. O credor poder\u00e1 ceder, total ou parcialmente, seus cr\u00e9ditos em precat\u00f3rios a terceiros, independentemente da concord\u00e2ncia do devedor, n\u00e3o se aplicando ao cession\u00e1rio o disposto nos \u00a7\u00a7 2\u00ba e 3\u00ba.<\/p>\n\n\n\n<p><strong>Quest\u00e3o 105:&nbsp;<\/strong>Cada Poder da Rep\u00fablica \u00e9 competente para iniciar o processo&#8230;<br \/><strong><em>Resposta:<\/em><\/strong>&nbsp;<strong>Errado<\/strong> &#8211; <strong>A&nbsp;lei or\u00e7ament\u00e1ria \u00e9 de iniciativa privativa e vinculada do Poder Executivo,<\/strong>&nbsp;cabe ao Judici\u00e1rio, por exemplo, estipular a parcela do or\u00e7amento que prev\u00ea seus gastos. As propostas s\u00e3o, por sua vez, encaminhadas ao Poder executivo.<\/p>\n\n\n\n<p>Segundo a CF:<\/p>\n\n\n\n<p><strong><em>Art.&nbsp;99.<\/em><\/strong><em>&nbsp;Ao Poder Judici\u00e1rio \u00e9 assegurada autonomia administrativa e financeira.<\/em><\/p>\n\n\n\n<p><em>&nbsp;&nbsp;<a>&nbsp;&nbsp;<\/a><strong>\u00a7&nbsp;1\u00ba<\/strong>&nbsp;Os tribunais elaborar\u00e3o suas propostas or\u00e7ament\u00e1rias dentro dos limites estipulados conjuntamente com os demais Poderes na lei de diretrizes or\u00e7ament\u00e1rias.<\/em><\/p>\n\n\n\n<p><em>&nbsp;&nbsp;<a>&nbsp;&nbsp;<\/a><strong>\u00a7&nbsp;2\u00ba<\/strong>&nbsp;O encaminhamento da proposta, ouvidos os outros tribunais interessados, compete:<\/em><\/p>\n\n\n\n<p><em>&nbsp;&nbsp;<a>&nbsp;&nbsp;<\/a><strong>\u00a7&nbsp;3\u00ba<\/strong>&nbsp;Se os \u00f3rg\u00e3os referidos no \u00a7 2\u00ba n\u00e3o encaminharem as respectivas propostas or\u00e7ament\u00e1rias dentro do prazo estabelecido na lei de diretrizes or\u00e7ament\u00e1rias, o Poder Executivo considerar\u00e1, para fins de consolida\u00e7\u00e3o da proposta or\u00e7ament\u00e1ria anual, os valores aprovados na lei or\u00e7ament\u00e1ria vigente, ajustados de acordo com os limites estipulados na forma do \u00a7 1\u00ba deste artigo.<\/em><\/p>\n\n\n\n<p><strong>Quest\u00e3o 106:&nbsp;<\/strong>O excesso de arrecada\u00e7\u00e3o assim entendido o saldo positivo&#8230;<strong><br \/><em>Resposta:<\/em><\/strong>&nbsp;<strong>Certo<\/strong> &#8211; De acordo com a Lei 4.320\/64:<\/p>\n\n\n\n<p>&nbsp;&nbsp;<strong>Art. 43. A abertura dos cr\u00e9ditos suplementar<em>es e especiais depende da exist\u00eancia de recursos dispon\u00edveis para ocorrer a despesa e ser\u00e1 precedida de exposi\u00e7\u00e3o justificativa<\/em><\/strong><em>.<\/em><\/p>\n\n\n\n<p>&nbsp;&nbsp;&nbsp;&nbsp;&nbsp;&nbsp;&nbsp;<strong>&nbsp;I &#8211; o super\u00e1vit financeiro apurado em balan\u00e7o patrimonial do exerc\u00edcio anterio<\/strong>r;<\/p>\n\n\n\n<p>        <strong><u>II &#8211; os provenientes de excesso de arrecada\u00e7\u00e3o;<\/u><\/strong><\/p>\n\n\n\n<p><strong>&nbsp;&nbsp;&nbsp;&nbsp;&nbsp;&nbsp;&nbsp;&nbsp;\u00a7 2\u00ba Entende-se por super\u00e1vit financeiro a diferen\u00e7a positiva entre o ativo financeiro e o passivo financeiro, conjugando-se, ainda, os saldos dos cr\u00e9ditos adicionais transferidos e as opera\u00e7\u00f5es de credito a eles vinculadas.<\/strong><\/p>\n\n\n\n<p>&nbsp;&nbsp;&nbsp;&nbsp;&nbsp;&nbsp;&nbsp;&nbsp;<strong>\u00a7 3\u00ba Entende-se por excesso de arrecada\u00e7\u00e3o, para os fins deste artigo, o saldo positivo das diferen\u00e7as acumuladas m\u00eas a m\u00eas entre a arrecada\u00e7\u00e3o prevista e a realizada, considerando-se, ainda, a tend\u00eancia do exerc\u00edcio.<\/strong><\/p>\n\n\n\n<p><strong>Quest\u00e3o 107:<\/strong> \u00c9 considerada segurada especial&#8230; <br \/><em><strong>Resposta:<\/strong><\/em>&nbsp;<strong>Errado<\/strong><\/p>\n\n\n\n<p><strong>Quest\u00e3o 108:&nbsp;<\/strong>Est\u00e1 apto \u00e0 filia\u00e7\u00e3o como segurado&#8230;<br \/><strong><em>Resposta:<\/em><\/strong>&nbsp;<strong>Errado<\/strong><\/p>\n\n\n\n<p><strong>Quest\u00e3o 109:&nbsp;<\/strong>O recebimento de aux\u00edlio-acidente depende&#8230;<br \/><strong><em>Resposta:<\/em><\/strong>&nbsp;<strong>Errado<\/strong><\/p>\n\n\n\n<p><strong>Quest\u00e3o 110:<\/strong>&nbsp;Para a apura\u00e7\u00e3o do valor dos benef\u00edcios<strong><br \/><em>Resposta:<\/em><\/strong>&nbsp;<strong>Certo<\/strong><\/p>\n\n\n\n<p><strong>Quest\u00e3o 111:&nbsp;<\/strong>A impugna\u00e7\u00e3o do sujeito passivo&#8230;<br \/><strong><em>Resposta:<\/em><\/strong>&nbsp;<\/p>\n\n\n\n<p><strong>Quest\u00e3o 112:&nbsp;<\/strong>Em sede de execu\u00e7\u00e3o fiscal, \u00e9 vedado&#8230;<br \/><strong><em>Resposta:<\/em><\/strong>&nbsp;<\/p>\n\n\n\n<p><strong>Quest\u00e3o 113: <\/strong>A institui\u00e7\u00e3o de um novo territ\u00f3rio federal&#8230;<br \/><strong><em>Resposta:<\/em><\/strong>&nbsp;<\/p>\n\n\n\n<p><strong>Quest\u00e3o 114: <\/strong>Existindo, simultaneamente, dois ou mais&#8230;<br \/><strong><em>Resposta:<\/em><\/strong>&nbsp;<\/p>\n\n\n\n<p><strong>Quest\u00e3o 115:&nbsp;<\/strong>Determinados tributos autorizam a denominada&#8230;<br \/><strong><em>Resposta:<\/em><\/strong>&nbsp;<\/p>\n\n\n\n<p><strong>Quest\u00e3o 116:&nbsp;<\/strong>O particular cujo im\u00f3vel tenha sido declarado como<br \/><strong><em>Resposta:<\/em><\/strong>&nbsp;<strong>Errado<\/strong> &#8211; <\/p>\n\n\n\n<p>A desapropria\u00e7\u00e3o rural corresponde \u00e0 modalidade de desapropria\u00e7\u00e3o que sanciona o propriet\u00e1rio<br \/>que n\u00e3o cumpre a fun\u00e7\u00e3o social do im\u00f3vel rural e apenas pode ser promovida pela Uni\u00e3o com o<br \/>objetivo de implementar reforma agr\u00e1ria.<\/p>\n\n\n\n<p>Nesse sentido, disp\u00f5e o art. 184 da Constitui\u00e7\u00e3o Federal de 1988:<br \/>Art. 184. Compete \u00e0 Uni\u00e3o desapropriar por interesse social, para fins de reforma agr\u00e1ria, o im\u00f3vel<br \/>rural que n\u00e3o esteja cumprindo sua fun\u00e7\u00e3o social, mediante pr\u00e9via e justa indeniza\u00e7\u00e3o em t\u00edtulos<br \/>da d\u00edvida agr\u00e1ria, com cl\u00e1usula de preserva\u00e7\u00e3o do valor real, resgat\u00e1veis no prazo de at\u00e9 vinte<br \/>anos, a partir do segundo ano de sua emiss\u00e3o, e cuja utiliza\u00e7\u00e3o ser\u00e1 definida em lei.<\/p>\n\n\n\n<p><strong>Quest\u00e3o 117:<\/strong>&nbsp;Estando de posse da promessa de cess\u00e3o e da prova de quita\u00e7\u00e3o&#8230;<strong><br \/><em>Resposta:<\/em><\/strong>&nbsp;<strong>Certo<\/strong> &#8211; <\/p>\n\n\n\n<p>Os contratos regidos pela Lei do Parcelamento devem ter a forma escrita, sendo classificados como<br \/>solenes, de modo que somente ser\u00e3o validos se observarem a forma legal prevista no art. 26 da Lei<br \/>do Parcelamento do Solo Urbano. <\/p>\n\n\n\n<p>Contudo, o \u00a76\u00ba do referido dispositivo admite que, se acompanhados da respectiva prova de quita\u00e7\u00e3o, os compromissos de compra e venda, as cess\u00f5es e as promessas de cess\u00e3o valer\u00e3o como t\u00edtulo para o registro da propriedade do lote adquirido.<br \/><\/p>\n\n\n\n<p>Assim disp\u00f5e o art. 26, \u00a76\u00ba, da Lei 6.766\/79:<br \/><br \/>Art. 26. Os compromissos de compra e venda, as cess\u00f5es ou promessas de cess\u00e3o poder\u00e3o ser feitos<br \/>por escritura p\u00fablica ou por instrumento particular, de acordo com o modelo depositado na forma<br \/>do inciso VI do art. 18 e conter\u00e3o, pelo menos, as seguintes indica\u00e7\u00f5es:<br \/>(\u2026)<br \/>\u00a7 6 o &nbsp;Os compromissos de compra e venda, as cess\u00f5es e as promessas de cess\u00e3o valer\u00e3o como t\u00edtulo<br \/>para o registro da propriedade do lote adquirido, quando acompanhados da respectiva prova de<br \/>quita\u00e7\u00e3o.<br \/><br \/><strong>Quest\u00e3o 118:&nbsp;<\/strong>De acordo com a lei de uso e ocupa\u00e7\u00e3o do solo do Distrito Federal&#8230;<br \/><strong><em>Resposta:<\/em><\/strong>&nbsp;<strong>Certo<\/strong><\/p>\n\n\n\n<p>A lei de uso e ocupa\u00e7\u00e3o do solo do Distrito Federal \u00e9 a Lei complementar estadual n\u00ba 948\/2019.<br \/>O art. 27 da referida lei estabelece:<br \/>Art. 27. A quantidade m\u00ednima de vagas de ve\u00edculos que deve ser ofertada no interior de lotes ou<br \/>proje\u00e7\u00f5es \u00e9 definida na f\u00f3rmula: QV = AC x PV, onde:<br \/>I &#8211; QV corresponde \u00e0 quantidade m\u00ednima de vagas de ve\u00edculos;<br \/>II &#8211; AC corresponde \u00e0 \u00e1rea comput\u00e1vel da edifica\u00e7\u00e3o;<br \/>III &#8211; PV corresponde ao par\u00e2metro de exig\u00eancia de vagas no Anexo V por uso e atividade.<\/p>\n\n\n\n<p>Todavia, o art. 30, I da Lei 948\/2019 prev\u00ea:<br \/><br \/>Art. 30. N\u00e3o \u00e9 exigida a oferta de vagas para autom\u00f3vel prevista no art. 27 em lotes ou proje\u00e7\u00f5es:<br \/>I &#8211; classificados com alto grau de acessibilidade;<\/p>\n\n\n\n<p><strong>Quest\u00e3o 119:&nbsp;<\/strong>O estudo de impacto ambiental deve apontar os impactos&#8230;<br \/><strong><em>Resposta:<\/em><\/strong>&nbsp;<strong>Certo<\/strong> &#8211; De fato, o estudo de impacto ambiental (EIA) deve apontar os impactos do projeto, bem como<br \/>as medidas mitigadoras para evit\u00e1-los.<br \/><br \/>Vamos rememorar o art. 6\u00ba da Resolu\u00e7\u00e3o Conama n\u00ba 1\/1986, que traz as atividades t\u00e9cnicas<br \/>m\u00ednimas do EIA, com foco nos incisos II e III:<br \/><br \/>Art. 6\u00ba O estudo de impacto ambiental desenvolver\u00e1, no m\u00ednimo, as seguintes atividades<br \/>t\u00e9cnicas:<br \/>I &#8211; Diagn\u00f3stico ambiental da \u00e1rea de influ\u00eancia do projeto completa descri\u00e7\u00e3o e an\u00e1lise dos<br \/>recursos ambientais e suas intera\u00e7\u00f5es, tal como existem, de modo a caracterizar a situa\u00e7\u00e3o<br \/>ambiental da \u00e1rea, antes da implanta\u00e7\u00e3o do projeto, considerando:<br \/>a) o meio f\u00edsico &#8211; o subsolo, as \u00e1guas, o ar e o clima, destacando os recursos minerais, a<br \/>topografia, os tipos e aptid\u00f5es do solo, os corpos d&#8217;\u00e1gua, o regime hidrol\u00f3gico, as correntes<br \/>marinhas, as correntes atmosf\u00e9ricas;<br \/>b) o meio biol\u00f3gico e os ecossistemas naturais &#8211; a fauna e a flora, destacando as esp\u00e9cies<br \/>indicadoras da qualidade ambiental, de valor cient\u00edfico e econ\u00f4mico, raras e amea\u00e7adas de<br \/>extin\u00e7\u00e3o e as \u00e1reas de preserva\u00e7\u00e3o permanente;<br \/>c) o meio socioecon\u00f4mico &#8211; o uso e ocupa\u00e7\u00e3o do solo, os usos da \u00e1gua e a socioeconomia,<br \/>destacando os s\u00edtios e monumentos arqueol\u00f3gicos, hist\u00f3ricos e culturais da comunidade, as<br \/>rela\u00e7\u00f5es de depend\u00eancia entre a sociedade local, os recursos ambientais e a potencial<br \/>utiliza\u00e7\u00e3o futura desses recursos.<br \/>II &#8211; An\u00e1lise dos impactos ambientais do projeto e de suas alternativas, atrav\u00e9s de<br \/>identifica\u00e7\u00e3o, previs\u00e3o da magnitude e interpreta\u00e7\u00e3o da import\u00e2ncia dos prov\u00e1veis impactos<br \/>relevantes, discriminando: os impactos positivos e negativos (ben\u00e9ficos e adversos), diretos e<br \/>indiretos, imediatos e a m\u00e9dio e longo prazos, tempor\u00e1rios e permanentes; seu grau de<br \/>reversibilidade; suas propriedades cumulativas e sin\u00e9rgicas; a distribui\u00e7\u00e3o dos \u00f4nus e<br \/>benef\u00edcios sociais.<br \/>III &#8211; Defini\u00e7\u00e3o das medidas mitigadoras dos impactos negativos, entre elas os equipamentos<br \/>de controle e sistemas de tratamento de despejos, avaliando a efici\u00eancia de cada uma delas.<br \/>lV &#8211; Elabora\u00e7\u00e3o do programa de acompanhamento e monitoramento dos impactos positivos e<br \/>negativos, indicando os fatores e par\u00e2metros a serem considerados.<br \/>Par\u00e1grafo \u00fanico. Ao determinar a execu\u00e7\u00e3o do estudo de impacto ambiental, o \u00f3rg\u00e3o estadual<br \/>competente, ou a SEMA ou, quando couber, o Munic\u00edpio fornecer\u00e1 as instru\u00e7\u00f5es adicionais que<br \/>se fizerem necess\u00e1rias, pelas peculiaridades do projeto e caracter\u00edsticas ambientais da \u00e1rea.<\/p>\n\n\n\n<p><strong>Quest\u00e3o 120:<\/strong> O propriet\u00e1rio de im\u00f3vel tombado pode transferi-lo&#8230;<strong><br \/><em>Resposta:<\/em><\/strong>&nbsp;<strong>Certo<\/strong> &#8211; O tombamento representa a interven\u00e7\u00e3o estatal restritiva que tem por objetivo proteger o<br \/>patrim\u00f4nio cultural brasileiro.<br \/><br \/>O tombamento produz efeitos para o propriet\u00e1rio do bem tombado, para o Poder P\u00fablico e para<br \/>terceiros, descritos nos arts. 11 a 21 do Decreto-lei 25\/1937. O propriet\u00e1rio, por exemplo, possui o<br \/>dever de proteger o bem tombado, impedindo a sua destrui\u00e7\u00e3o, demoli\u00e7\u00e3o ou mutila\u00e7\u00e3o do bem,<br \/>al\u00e9m de conservar o bem, exigindo-se a autoriza\u00e7\u00e3o do \u00f3rg\u00e3o ou entidade competente para sua<br \/>repara\u00e7\u00e3o, pintura ou restaura\u00e7\u00e3o, sob pena de multa.<br \/><br \/>Contudo, n\u00e3o h\u00e1 nenhuma veda\u00e7\u00e3o \u00e0 transfer\u00eancia do bem tombado a terceiro, nem mesmo<br \/>exig\u00eancia de que tal transfer\u00eancia se d\u00ea ap\u00f3s determina\u00e7\u00e3o judicial.<br \/>Sobre o tema, prev\u00ea o art. 13, e par\u00e1grafos, do Decreto-Lei 25\/1937:<br \/>Art. 13. O tombamento definitivo dos bens de propriedade particular ser\u00e1, por iniciativa do \u00f3rg\u00e3o<br \/>competente do Servi\u00e7o do Patrim\u00f4nio Hist\u00f3rico e Art\u00edstico Nacional, transcrito para os devidos<br \/>efeitos em livro a cargo dos oficiais do registro de im\u00f3veis e averbado ao lado da transcri\u00e7\u00e3o do<br \/>dom\u00ednio.<br \/><br \/>\u00a7 1\u00ba No caso de transfer\u00eancia de propriedade dos bens de que trata \u00easte artigo, dever\u00e1 o<br \/>adquirente, dentro do prazo de trinta dias, sob pena de multa de dez por cento s\u00f4bre o respectivo<br \/>valor, faz\u00ea-la constar do registro, ainda que se trate de transmiss\u00e3o judicial ou causa mortis.<br \/>\u00a7 2\u00ba Na hip\u00f3tese de desloca\u00e7\u00e3o de tais bens, dever\u00e1 o propriet\u00e1rio, dentro do mesmo prazo e sob<br \/>pena da mesma multa, inscrev\u00ea-los no registro do lugar para que tiverem sido deslocados.<br \/>\u00a7 3\u00ba A transfer\u00eancia deve ser comunicada pelo adquirente, e a desloca\u00e7\u00e3o pelo propriet\u00e1rio, ao<br \/>Servi\u00e7o do Patrim\u00f4nio Hist\u00f3rico e Artistico Nacional, dentro do mesmo prazo e sob a mesma pena.<\/p>\n\n\n\n<p class=\"has-text-align-center has-pale-pink-background-color has-background has-medium-font-size\"><strong>Mais informa\u00e7\u00f5es: <a href=\"https:\/\/www.estrategiaconcursos.com.br\/blog\/concurso-pgdf-2020\" target=\"_blank\" rel=\"noreferrer noopener\">Concurso PGDF<\/a><\/strong><\/p>\n\n\n\n<h2 class=\"has-text-align-center wp-block-heading\" id=\"cursos-assinatura\">Cursos e assinaturas para a PGDF<\/h2>\n\n\n\n<div class=\"container\" id=\"boxes\">\n  <div class=\"row\">\n\n    <div class=\"col-sm\">\n      <div class=\"banner-tribunal\" id=\"box-assinatura\">\n        <h3 class=\"titulo-assinatura\">Curso PGDF<\/h3>\n        <p class=\"subtitulo-assinatura\">Conhe\u00e7a os cursos<\/p>\n        <div class=\"box-botao\">\n          <a class=\"btn-assinatura\" target=\"_blank\" href=\"https:\/\/www.estrategiaconcursos.com.br\/cursosPorConcurso\/procuradoria-geral-do-distrito-federal-pg-df\/\" role=\"button\" rel=\"noopener noreferrer\">Conhe\u00e7a mais<\/a>\n        <\/div>\n      <\/div>\n      <p class=\"texto-auxiliar\">Prepare-se com o melhor material e com quem mais aprova em Concursos P\u00fablicos em todo o pa\u00eds.<\/p>\n    <\/div>\n\n  <\/div>\n<\/div>\n\n\n\n<div class=\"container\" id=\"boxes\">\n  <div class=\"row\">\n\n    <div class=\"col-sm\">\n      <div class=\"estrategia\" id=\"box-assinatura\">\n        <h3 class=\"titulo-assinatura\">Assinatura Concursos<\/h3>\n        <p class=\"subtitulo-assinatura\">Assinatura de 1 ano ou 2 anos<\/p>\n        <div class=\"box-botao\">\n          <a class=\"btn-assinatura\" target=\"_blank\" href=\"https:\/\/www.estrategiaconcursos.com.br\/assinaturas\/\" role=\"button\" rel=\"noopener noreferrer\">ASSINE AGORA<\/a>\n        <\/div>\n      <\/div>\n     \n    <\/div>\n\n    <div class=\"col-sm\">\n      <div class=\"questoes\" id=\"box-assinatura\">\n        <h3 class=\"titulo-assinatura\">Sistema de Quest\u00f5es<\/h3>\n        <p class=\"subtitulo-assinatura\">Assinatura de 1 ano ou 2 anos\n<\/p>\n        <div class=\"box-botao\">\n          <a class=\"btn-assinatura\" target=\"_blank\" href=\"https:\/\/questoes.estrategiaconcursos.com.br\/\" role=\"button\" rel=\"noopener noreferrer\">ASSINE AGORA<\/a>\n        <\/div>\n      <\/div>\n    \n    <\/div>\n  <\/div>\n<\/div>\n\n\n\n<div class=\"container\" id=\"boxes\">\n  <div class=\"row\">\n\n    <div class=\"col-sm\" id=\"boxes-concursos\">\n      <div style=\"background-color: #005DAD;\" class=\"conteudo-concursos\" id=\"box-concursos\">\n        <h3 class=\"titulo-assinatura\">Concursos Abertos<\/h3>\n        <p class=\"subtitulo-assinatura\">Os editais publicados<\/p>\n        <div class=\"box-botao\">\n          <a class=\"btn-assinatura\" target=\"_blank\" href=\"https:\/\/www.estrategiaconcursos.com.br\/blog\/concursos-abertos\/\" role=\"button\" rel=\"noopener noreferrer\">Conhe\u00e7a Agora<\/a>\n        <\/div>\n      <\/div>\n    <\/div>\n\n    <div class=\"col-sm\" id=\"boxes-concursos\">\n      <div style=\"background-color: #1A7ED5;\" class=\"conteudo-concursos\" id=\"box-concursos\">\n        <h3 class=\"titulo-assinatura\">Concursos 2021<\/h3>\n        <p class=\"subtitulo-assinatura\">As oportunidades previstas<\/p>\n        <div class=\"box-botao\">\n          <a class=\"btn-assinatura\" target=\"_blank\" href=\"https:\/\/www.estrategiaconcursos.com.br\/blog\/concursos-2021\/\" role=\"button\" rel=\"noopener noreferrer\">Conhe\u00e7a Agora<\/a>\n        <\/div>\n      <\/div>\n    <\/div>\n\n    <div class=\"col-sm\" id=\"boxes-concursos\">\n      <div style=\"background-color: #419FF0;\" class=\"conteudo-concursos\" id=\"box-concursos\">\n        <h3 class=\"titulo-assinatura\">Concursos 2022<\/h3>\n        <p class=\"subtitulo-assinatura\">Vagas para o pr\u00f3ximo ano<\/p>\n        <div class=\"box-botao\">\n          <a class=\"btn-assinatura\" target=\"_blank\" href=\"https:\/\/www.estrategiaconcursos.com.br\/blog\/concursos-2022\/\" role=\"button\" rel=\"noopener noreferrer\">Conhe\u00e7a Agora<\/a>\n        <\/div>\n      <\/div>\n    <\/div>\n\n  <\/div>\n<\/div>\n","protected":false},"excerpt":{"rendered":"<p>N\u00f3s, do Estrat\u00e9gia Concursos, queremos sempre estar perto e ajudar nossos alunos. Por isso, apresentaremos, neste domingo (29), a partir das 13h, o Gabarito Extraoficial PGDF Analista. O intuito \u00e9 o de ajudar a diminuir um pouco a ansiedade de descobrir se voc\u00ea foi bem ou n\u00e3o em um concurso t\u00e3o visado e importante como [&hellip;]<\/p>\n","protected":false},"author":1,"featured_media":847680,"comment_status":"open","ping_status":"closed","sticky":false,"template":"","format":"standard","meta":{"post_tipo":"news","footnotes":""},"categories":[1984],"tags":[],"tax_estado":[219970],"class_list":["post-847498","post","type-post","status-publish","format-standard","has-post-thumbnail","hentry","category-tribunais","tax_estado-df"],"acf":[],"yoast_head":"<!-- This site is optimized with the Yoast SEO Premium plugin v27.2 (Yoast SEO v27.2) - https:\/\/yoast.com\/product\/yoast-seo-premium-wordpress\/ -->\n<title>Gabarito Extraoficial PGDF Analista: confira a corre\u00e7\u00e3o ao vivo!<\/title>\n<meta name=\"description\" content=\"Gabarito Extraoficial PGDF Analista: a equipe de professores do Estrat\u00e9gia Concursos vai corrigir a prova realizada neste domingo. Acompanhe!\" \/>\n<meta name=\"robots\" content=\"index, follow, max-snippet:-1, max-image-preview:large, max-video-preview:-1\" \/>\n<link rel=\"canonical\" href=\"https:\/\/www.estrategiaconcursos.com.br\/blog\/gabarito-extraoficial-pgdf-analista\/\" \/>\n<meta property=\"og:locale\" content=\"pt_BR\" \/>\n<meta property=\"og:type\" content=\"article\" \/>\n<meta property=\"og:title\" content=\"Gabarito Extraoficial PGDF Analista: confira a corre\u00e7\u00e3o ao vivo!\" \/>\n<meta property=\"og:description\" content=\"Gabarito Extraoficial PGDF Analista: a equipe de professores do Estrat\u00e9gia Concursos vai corrigir a prova realizada neste domingo. Acompanhe!\" \/>\n<meta property=\"og:url\" content=\"https:\/\/www.estrategiaconcursos.com.br\/blog\/gabarito-extraoficial-pgdf-analista\/\" \/>\n<meta property=\"og:site_name\" content=\"Estrat\u00e9gia Concursos\" \/>\n<meta property=\"article:author\" content=\"https:\/\/www.facebook.com\/EstrategiaConcursos\" \/>\n<meta property=\"article:published_time\" content=\"2021-08-29T13:40:00+00:00\" \/>\n<meta property=\"article:modified_time\" content=\"2023-03-15T14:38:47+00:00\" \/>\n<meta property=\"og:image\" content=\"https:\/\/dhg1h5j42swfq.cloudfront.net\/2021\/08\/27184010\/1280-720-max-1-21.jpg\" \/>\n\t<meta property=\"og:image:width\" content=\"1280\" \/>\n\t<meta property=\"og:image:height\" content=\"720\" \/>\n\t<meta property=\"og:image:type\" content=\"image\/jpeg\" \/>\n<meta name=\"author\" content=\"Coordena\u00e7\u00e3o\" \/>\n<meta name=\"twitter:card\" content=\"summary_large_image\" \/>\n<meta name=\"twitter:creator\" content=\"@EstratConcursos\" \/>\n<meta name=\"twitter:site\" content=\"@EstratConcursos\" \/>\n<meta name=\"twitter:label1\" content=\"Escrito por\" \/>\n\t<meta name=\"twitter:data1\" content=\"Coordena\u00e7\u00e3o\" \/>\n\t<meta name=\"twitter:label2\" content=\"Est. tempo de leitura\" \/>\n\t<meta name=\"twitter:data2\" content=\"31 minutos\" \/>\n<script type=\"application\/ld+json\" class=\"yoast-schema-graph\">{\"@context\":\"https:\/\/schema.org\",\"@graph\":[{\"@type\":\"NewsArticle\",\"@id\":\"https:\/\/www.estrategiaconcursos.com.br\/blog\/gabarito-extraoficial-pgdf-analista\/#article\",\"isPartOf\":{\"@id\":\"https:\/\/www.estrategiaconcursos.com.br\/blog\/gabarito-extraoficial-pgdf-analista\/\"},\"author\":{\"name\":\"Coordena\u00e7\u00e3o\",\"@id\":\"https:\/\/www.estrategiaconcursos.com.br\/blog\/#\/schema\/person\/b4a388c97673c5f483d72185668afa1f\"},\"headline\":\"Gabarito Extraoficial PGDF Analista: confira a corre\u00e7\u00e3o ao vivo!\",\"datePublished\":\"2021-08-29T13:40:00+00:00\",\"dateModified\":\"2023-03-15T14:38:47+00:00\",\"mainEntityOfPage\":{\"@id\":\"https:\/\/www.estrategiaconcursos.com.br\/blog\/gabarito-extraoficial-pgdf-analista\/\"},\"wordCount\":7851,\"commentCount\":0,\"publisher\":{\"@id\":\"https:\/\/www.estrategiaconcursos.com.br\/blog\/#organization\"},\"image\":{\"@id\":\"https:\/\/www.estrategiaconcursos.com.br\/blog\/gabarito-extraoficial-pgdf-analista\/#primaryimage\"},\"thumbnailUrl\":\"https:\/\/dhg1h5j42swfq.cloudfront.net\/2021\/08\/27184010\/1280-720-max-1-21.jpg\",\"articleSection\":[\"Tribunais\"],\"inLanguage\":\"pt-BR\",\"potentialAction\":[{\"@type\":\"CommentAction\",\"name\":\"Comment\",\"target\":[\"https:\/\/www.estrategiaconcursos.com.br\/blog\/gabarito-extraoficial-pgdf-analista\/#respond\"]}],\"copyrightYear\":\"2021\",\"copyrightHolder\":{\"@id\":\"https:\/\/www.estrategiaconcursos.com.br\/blog\/#organization\"}},{\"@type\":\"WebPage\",\"@id\":\"https:\/\/www.estrategiaconcursos.com.br\/blog\/gabarito-extraoficial-pgdf-analista\/\",\"url\":\"https:\/\/www.estrategiaconcursos.com.br\/blog\/gabarito-extraoficial-pgdf-analista\/\",\"name\":\"Gabarito Extraoficial PGDF Analista: confira a corre\u00e7\u00e3o ao vivo!\",\"isPartOf\":{\"@id\":\"https:\/\/www.estrategiaconcursos.com.br\/blog\/#website\"},\"primaryImageOfPage\":{\"@id\":\"https:\/\/www.estrategiaconcursos.com.br\/blog\/gabarito-extraoficial-pgdf-analista\/#primaryimage\"},\"image\":{\"@id\":\"https:\/\/www.estrategiaconcursos.com.br\/blog\/gabarito-extraoficial-pgdf-analista\/#primaryimage\"},\"thumbnailUrl\":\"https:\/\/dhg1h5j42swfq.cloudfront.net\/2021\/08\/27184010\/1280-720-max-1-21.jpg\",\"datePublished\":\"2021-08-29T13:40:00+00:00\",\"dateModified\":\"2023-03-15T14:38:47+00:00\",\"description\":\"Gabarito Extraoficial PGDF Analista: a equipe de professores do Estrat\u00e9gia Concursos vai corrigir a prova realizada neste domingo. Acompanhe!\",\"breadcrumb\":{\"@id\":\"https:\/\/www.estrategiaconcursos.com.br\/blog\/gabarito-extraoficial-pgdf-analista\/#breadcrumb\"},\"inLanguage\":\"pt-BR\",\"potentialAction\":[{\"@type\":\"ReadAction\",\"target\":[\"https:\/\/www.estrategiaconcursos.com.br\/blog\/gabarito-extraoficial-pgdf-analista\/\"]}]},{\"@type\":\"ImageObject\",\"inLanguage\":\"pt-BR\",\"@id\":\"https:\/\/www.estrategiaconcursos.com.br\/blog\/gabarito-extraoficial-pgdf-analista\/#primaryimage\",\"url\":\"https:\/\/dhg1h5j42swfq.cloudfront.net\/2021\/08\/27184010\/1280-720-max-1-21.jpg\",\"contentUrl\":\"https:\/\/dhg1h5j42swfq.cloudfront.net\/2021\/08\/27184010\/1280-720-max-1-21.jpg\",\"width\":1280,\"height\":720,\"caption\":\"Gabarito Extraoficial PGDF Analista\"},{\"@type\":\"BreadcrumbList\",\"@id\":\"https:\/\/www.estrategiaconcursos.com.br\/blog\/gabarito-extraoficial-pgdf-analista\/#breadcrumb\",\"itemListElement\":[{\"@type\":\"ListItem\",\"position\":1,\"name\":\"In\u00edcio\",\"item\":\"https:\/\/www.estrategiaconcursos.com.br\/blog\/\"},{\"@type\":\"ListItem\",\"position\":2,\"name\":\"Gabarito Extraoficial PGDF Analista: confira a corre\u00e7\u00e3o ao vivo!\"}]},{\"@type\":\"WebSite\",\"@id\":\"https:\/\/www.estrategiaconcursos.com.br\/blog\/#website\",\"url\":\"https:\/\/www.estrategiaconcursos.com.br\/blog\/\",\"name\":\"Estrat\u00e9gia Concursos\",\"description\":\"O blog da Estrat\u00e9gia Concursos traz not\u00edcias sobre concursos e artigos de professores oferecendo cursos para concursos (pdf + videaulas) no site.\",\"publisher\":{\"@id\":\"https:\/\/www.estrategiaconcursos.com.br\/blog\/#organization\"},\"potentialAction\":[{\"@type\":\"SearchAction\",\"target\":{\"@type\":\"EntryPoint\",\"urlTemplate\":\"https:\/\/www.estrategiaconcursos.com.br\/blog\/?s={search_term_string}\"},\"query-input\":{\"@type\":\"PropertyValueSpecification\",\"valueRequired\":true,\"valueName\":\"search_term_string\"}}],\"inLanguage\":\"pt-BR\"},{\"@type\":\"Organization\",\"@id\":\"https:\/\/www.estrategiaconcursos.com.br\/blog\/#organization\",\"name\":\"Estrat\u00e9gia Concursos\",\"url\":\"https:\/\/www.estrategiaconcursos.com.br\/blog\/\",\"logo\":{\"@type\":\"ImageObject\",\"inLanguage\":\"pt-BR\",\"@id\":\"https:\/\/www.estrategiaconcursos.com.br\/blog\/#\/schema\/logo\/image\/\",\"url\":\"https:\/\/dhg1h5j42swfq.cloudfront.net\/2025\/06\/03203428\/logo_concursos-1.jpg\",\"contentUrl\":\"https:\/\/dhg1h5j42swfq.cloudfront.net\/2025\/06\/03203428\/logo_concursos-1.jpg\",\"width\":230,\"height\":60,\"caption\":\"Estrat\u00e9gia Concursos\"},\"image\":{\"@id\":\"https:\/\/www.estrategiaconcursos.com.br\/blog\/#\/schema\/logo\/image\/\"},\"sameAs\":[\"https:\/\/x.com\/EstratConcursos\"]},{\"@type\":\"Person\",\"@id\":\"https:\/\/www.estrategiaconcursos.com.br\/blog\/#\/schema\/person\/b4a388c97673c5f483d72185668afa1f\",\"name\":\"Coordena\u00e7\u00e3o\",\"image\":{\"@type\":\"ImageObject\",\"inLanguage\":\"pt-BR\",\"@id\":\"https:\/\/secure.gravatar.com\/avatar\/b720319e4c9a967eb58678d110f4fe35452fc5d5f97b202bac7b8acceb18c6ad?s=96&d=mm&r=g\",\"url\":\"https:\/\/secure.gravatar.com\/avatar\/b720319e4c9a967eb58678d110f4fe35452fc5d5f97b202bac7b8acceb18c6ad?s=96&d=mm&r=g\",\"contentUrl\":\"https:\/\/secure.gravatar.com\/avatar\/b720319e4c9a967eb58678d110f4fe35452fc5d5f97b202bac7b8acceb18c6ad?s=96&d=mm&r=g\",\"caption\":\"Coordena\u00e7\u00e3o\"},\"sameAs\":[\"https:\/\/www.facebook.com\/EstrategiaConcursos\",\"https:\/\/x.com\/EstratConcursos\"],\"url\":\"https:\/\/www.estrategiaconcursos.com.br\/blog\/author\/estrategia2013\/\"}]}<\/script>\n<!-- \/ Yoast SEO Premium plugin. -->","yoast_head_json":{"title":"Gabarito Extraoficial PGDF Analista: confira a corre\u00e7\u00e3o ao vivo!","description":"Gabarito Extraoficial PGDF Analista: a equipe de professores do Estrat\u00e9gia Concursos vai corrigir a prova realizada neste domingo. Acompanhe!","robots":{"index":"index","follow":"follow","max-snippet":"max-snippet:-1","max-image-preview":"max-image-preview:large","max-video-preview":"max-video-preview:-1"},"canonical":"https:\/\/www.estrategiaconcursos.com.br\/blog\/gabarito-extraoficial-pgdf-analista\/","og_locale":"pt_BR","og_type":"article","og_title":"Gabarito Extraoficial PGDF Analista: confira a corre\u00e7\u00e3o ao vivo!","og_description":"Gabarito Extraoficial PGDF Analista: a equipe de professores do Estrat\u00e9gia Concursos vai corrigir a prova realizada neste domingo. Acompanhe!","og_url":"https:\/\/www.estrategiaconcursos.com.br\/blog\/gabarito-extraoficial-pgdf-analista\/","og_site_name":"Estrat\u00e9gia Concursos","article_author":"https:\/\/www.facebook.com\/EstrategiaConcursos","article_published_time":"2021-08-29T13:40:00+00:00","article_modified_time":"2023-03-15T14:38:47+00:00","og_image":[{"width":1280,"height":720,"url":"https:\/\/dhg1h5j42swfq.cloudfront.net\/2021\/08\/27184010\/1280-720-max-1-21.jpg","type":"image\/jpeg"}],"author":"Coordena\u00e7\u00e3o","twitter_card":"summary_large_image","twitter_creator":"@EstratConcursos","twitter_site":"@EstratConcursos","twitter_misc":{"Escrito por":"Coordena\u00e7\u00e3o","Est. tempo de leitura":"31 minutos"},"schema":{"@context":"https:\/\/schema.org","@graph":[{"@type":"NewsArticle","@id":"https:\/\/www.estrategiaconcursos.com.br\/blog\/gabarito-extraoficial-pgdf-analista\/#article","isPartOf":{"@id":"https:\/\/www.estrategiaconcursos.com.br\/blog\/gabarito-extraoficial-pgdf-analista\/"},"author":{"name":"Coordena\u00e7\u00e3o","@id":"https:\/\/www.estrategiaconcursos.com.br\/blog\/#\/schema\/person\/b4a388c97673c5f483d72185668afa1f"},"headline":"Gabarito Extraoficial PGDF Analista: confira a corre\u00e7\u00e3o ao vivo!","datePublished":"2021-08-29T13:40:00+00:00","dateModified":"2023-03-15T14:38:47+00:00","mainEntityOfPage":{"@id":"https:\/\/www.estrategiaconcursos.com.br\/blog\/gabarito-extraoficial-pgdf-analista\/"},"wordCount":7851,"commentCount":0,"publisher":{"@id":"https:\/\/www.estrategiaconcursos.com.br\/blog\/#organization"},"image":{"@id":"https:\/\/www.estrategiaconcursos.com.br\/blog\/gabarito-extraoficial-pgdf-analista\/#primaryimage"},"thumbnailUrl":"https:\/\/dhg1h5j42swfq.cloudfront.net\/2021\/08\/27184010\/1280-720-max-1-21.jpg","articleSection":["Tribunais"],"inLanguage":"pt-BR","potentialAction":[{"@type":"CommentAction","name":"Comment","target":["https:\/\/www.estrategiaconcursos.com.br\/blog\/gabarito-extraoficial-pgdf-analista\/#respond"]}],"copyrightYear":"2021","copyrightHolder":{"@id":"https:\/\/www.estrategiaconcursos.com.br\/blog\/#organization"}},{"@type":"WebPage","@id":"https:\/\/www.estrategiaconcursos.com.br\/blog\/gabarito-extraoficial-pgdf-analista\/","url":"https:\/\/www.estrategiaconcursos.com.br\/blog\/gabarito-extraoficial-pgdf-analista\/","name":"Gabarito Extraoficial PGDF Analista: confira a corre\u00e7\u00e3o ao vivo!","isPartOf":{"@id":"https:\/\/www.estrategiaconcursos.com.br\/blog\/#website"},"primaryImageOfPage":{"@id":"https:\/\/www.estrategiaconcursos.com.br\/blog\/gabarito-extraoficial-pgdf-analista\/#primaryimage"},"image":{"@id":"https:\/\/www.estrategiaconcursos.com.br\/blog\/gabarito-extraoficial-pgdf-analista\/#primaryimage"},"thumbnailUrl":"https:\/\/dhg1h5j42swfq.cloudfront.net\/2021\/08\/27184010\/1280-720-max-1-21.jpg","datePublished":"2021-08-29T13:40:00+00:00","dateModified":"2023-03-15T14:38:47+00:00","description":"Gabarito Extraoficial PGDF Analista: a equipe de professores do Estrat\u00e9gia Concursos vai corrigir a prova realizada neste domingo. Acompanhe!","breadcrumb":{"@id":"https:\/\/www.estrategiaconcursos.com.br\/blog\/gabarito-extraoficial-pgdf-analista\/#breadcrumb"},"inLanguage":"pt-BR","potentialAction":[{"@type":"ReadAction","target":["https:\/\/www.estrategiaconcursos.com.br\/blog\/gabarito-extraoficial-pgdf-analista\/"]}]},{"@type":"ImageObject","inLanguage":"pt-BR","@id":"https:\/\/www.estrategiaconcursos.com.br\/blog\/gabarito-extraoficial-pgdf-analista\/#primaryimage","url":"https:\/\/dhg1h5j42swfq.cloudfront.net\/2021\/08\/27184010\/1280-720-max-1-21.jpg","contentUrl":"https:\/\/dhg1h5j42swfq.cloudfront.net\/2021\/08\/27184010\/1280-720-max-1-21.jpg","width":1280,"height":720,"caption":"Gabarito Extraoficial PGDF Analista"},{"@type":"BreadcrumbList","@id":"https:\/\/www.estrategiaconcursos.com.br\/blog\/gabarito-extraoficial-pgdf-analista\/#breadcrumb","itemListElement":[{"@type":"ListItem","position":1,"name":"In\u00edcio","item":"https:\/\/www.estrategiaconcursos.com.br\/blog\/"},{"@type":"ListItem","position":2,"name":"Gabarito Extraoficial PGDF Analista: confira a corre\u00e7\u00e3o ao vivo!"}]},{"@type":"WebSite","@id":"https:\/\/www.estrategiaconcursos.com.br\/blog\/#website","url":"https:\/\/www.estrategiaconcursos.com.br\/blog\/","name":"Estrat\u00e9gia Concursos","description":"O blog da Estrat\u00e9gia Concursos traz not\u00edcias sobre concursos e artigos de professores oferecendo cursos para concursos (pdf + videaulas) no site.","publisher":{"@id":"https:\/\/www.estrategiaconcursos.com.br\/blog\/#organization"},"potentialAction":[{"@type":"SearchAction","target":{"@type":"EntryPoint","urlTemplate":"https:\/\/www.estrategiaconcursos.com.br\/blog\/?s={search_term_string}"},"query-input":{"@type":"PropertyValueSpecification","valueRequired":true,"valueName":"search_term_string"}}],"inLanguage":"pt-BR"},{"@type":"Organization","@id":"https:\/\/www.estrategiaconcursos.com.br\/blog\/#organization","name":"Estrat\u00e9gia Concursos","url":"https:\/\/www.estrategiaconcursos.com.br\/blog\/","logo":{"@type":"ImageObject","inLanguage":"pt-BR","@id":"https:\/\/www.estrategiaconcursos.com.br\/blog\/#\/schema\/logo\/image\/","url":"https:\/\/dhg1h5j42swfq.cloudfront.net\/2025\/06\/03203428\/logo_concursos-1.jpg","contentUrl":"https:\/\/dhg1h5j42swfq.cloudfront.net\/2025\/06\/03203428\/logo_concursos-1.jpg","width":230,"height":60,"caption":"Estrat\u00e9gia Concursos"},"image":{"@id":"https:\/\/www.estrategiaconcursos.com.br\/blog\/#\/schema\/logo\/image\/"},"sameAs":["https:\/\/x.com\/EstratConcursos"]},{"@type":"Person","@id":"https:\/\/www.estrategiaconcursos.com.br\/blog\/#\/schema\/person\/b4a388c97673c5f483d72185668afa1f","name":"Coordena\u00e7\u00e3o","image":{"@type":"ImageObject","inLanguage":"pt-BR","@id":"https:\/\/secure.gravatar.com\/avatar\/b720319e4c9a967eb58678d110f4fe35452fc5d5f97b202bac7b8acceb18c6ad?s=96&d=mm&r=g","url":"https:\/\/secure.gravatar.com\/avatar\/b720319e4c9a967eb58678d110f4fe35452fc5d5f97b202bac7b8acceb18c6ad?s=96&d=mm&r=g","contentUrl":"https:\/\/secure.gravatar.com\/avatar\/b720319e4c9a967eb58678d110f4fe35452fc5d5f97b202bac7b8acceb18c6ad?s=96&d=mm&r=g","caption":"Coordena\u00e7\u00e3o"},"sameAs":["https:\/\/www.facebook.com\/EstrategiaConcursos","https:\/\/x.com\/EstratConcursos"],"url":"https:\/\/www.estrategiaconcursos.com.br\/blog\/author\/estrategia2013\/"}]}},"_links":{"self":[{"href":"https:\/\/www.estrategiaconcursos.com.br\/blog\/wp-json\/wp\/v2\/posts\/847498","targetHints":{"allow":["GET"]}}],"collection":[{"href":"https:\/\/www.estrategiaconcursos.com.br\/blog\/wp-json\/wp\/v2\/posts"}],"about":[{"href":"https:\/\/www.estrategiaconcursos.com.br\/blog\/wp-json\/wp\/v2\/types\/post"}],"author":[{"embeddable":true,"href":"https:\/\/www.estrategiaconcursos.com.br\/blog\/wp-json\/wp\/v2\/users\/1"}],"replies":[{"embeddable":true,"href":"https:\/\/www.estrategiaconcursos.com.br\/blog\/wp-json\/wp\/v2\/comments?post=847498"}],"version-history":[{"count":134,"href":"https:\/\/www.estrategiaconcursos.com.br\/blog\/wp-json\/wp\/v2\/posts\/847498\/revisions"}],"predecessor-version":[{"id":1187043,"href":"https:\/\/www.estrategiaconcursos.com.br\/blog\/wp-json\/wp\/v2\/posts\/847498\/revisions\/1187043"}],"wp:featuredmedia":[{"embeddable":true,"href":"https:\/\/www.estrategiaconcursos.com.br\/blog\/wp-json\/wp\/v2\/media\/847680"}],"wp:attachment":[{"href":"https:\/\/www.estrategiaconcursos.com.br\/blog\/wp-json\/wp\/v2\/media?parent=847498"}],"wp:term":[{"taxonomy":"category","embeddable":true,"href":"https:\/\/www.estrategiaconcursos.com.br\/blog\/wp-json\/wp\/v2\/categories?post=847498"},{"taxonomy":"post_tag","embeddable":true,"href":"https:\/\/www.estrategiaconcursos.com.br\/blog\/wp-json\/wp\/v2\/tags?post=847498"},{"taxonomy":"tax_estado","embeddable":true,"href":"https:\/\/www.estrategiaconcursos.com.br\/blog\/wp-json\/wp\/v2\/tax_estado?post=847498"}],"curies":[{"name":"wp","href":"https:\/\/api.w.org\/{rel}","templated":true}]}}