{"id":847313,"date":"2021-08-27T14:18:52","date_gmt":"2021-08-27T17:18:52","guid":{"rendered":"https:\/\/www.estrategiaconcursos.com.br\/blog\/?p=847313"},"modified":"2021-08-27T18:21:36","modified_gmt":"2021-08-27T21:21:36","slug":"policia-penal-al-edital-republicado","status":"publish","type":"post","link":"https:\/\/www.estrategiaconcursos.com.br\/blog\/policia-penal-al-edital-republicado\/","title":{"rendered":"Pol\u00edcia Penal AL ter\u00e1 EDITAL republicado. Entenda!"},"content":{"rendered":"\n<p>Em nova <em>live<\/em>, o titular da Secretaria de Planejamento, Gest\u00e3o e Patrim\u00f4nio de Alagoas, Fabr\u00edcio Marques, abordou o <strong>concurso Pol\u00edcia Penal AL<\/strong>, voltando a falar a respeito da republica\u00e7\u00e3o do edital. Segundo o chefe da pasta, o documento sair\u00e1 <a href=\"https:\/\/www.instagram.com\/p\/CTFHSsvrkAH\/\" target=\"_blank\" rel=\"noreferrer noopener\">at\u00e9 17 de setembro<\/a>.<\/p>\n\n\n\n<p>As inscri\u00e7\u00f5es, conforme as informa\u00e7\u00f5es divulgadas, ser\u00e3o reabertas apenas para pessoas com defici\u00eancia, a fim de cumprir a reserva de 20% do total de vagas para tais candidatos. A aplica\u00e7\u00e3o das provas deve ocorrer no m\u00eas de dezembro. Enquanto isso, o certame segue <a href=\"https:\/\/cdn.cebraspe.org.br\/concursos\/SERIS_AL_21\/arquivos\/SERIS_AL_21_COMUNICADO_SUSPENSAO.PDF\" target=\"_blank\" rel=\"noreferrer noopener\">suspenso<\/a>.<\/p>\n\n\n\n<p>Vale lembrar que a suspens\u00e3o se deu ap\u00f3s o Minist\u00e9rio P\u00fablico de Alagoas (MP AL) protocolar uma a\u00e7\u00e3o civil p\u00fablica alegando que o concurso n\u00e3o ofereceu a reserva m\u00ednima de vagas para pessoas com defici\u00eancia (PcD). Isso fere a Lei Estadual n\u00ba 5.247 que determina a reserva de, pelo menos, 20% do total de vagas para esses candidatos. <\/p>\n\n\n\n<p>S\u00e3o ofertadas, no total, <strong>300 vagas<\/strong> imediatas para o cargo de Policial Penal, antes chamado de <strong>Agente Penitenci\u00e1rio<\/strong>, que exige ensino superior com forma\u00e7\u00e3o em qualquer \u00e1rea de conhecimento. O <strong>sal\u00e1rio inicial \u00e9 de R$ 3,8 mil<\/strong>.<\/p>\n\n\n\n<h3 class=\"wp-block-heading\" id=\"requisitos\">Requisitos do concurso Pol\u00edcia Penal AL (edital ser\u00e1 republicado)<\/h3>\n\n\n\n<p>Para prestar o&nbsp;<strong>concurso Pol\u00edcia Penal AL<\/strong>&nbsp;\u00e9 necess\u00e1rio certificado de conclus\u00e3o de&nbsp;<strong>ensino superior<\/strong>&nbsp;com forma\u00e7\u00e3o em qualquer \u00e1rea de conhecimento, em institui\u00e7\u00e3o reconhecida pelo Minist\u00e9rio da Educa\u00e7\u00e3o. Al\u00e9m de ser brasileiro nato ou naturalizado, estar quite com as obriga\u00e7\u00f5es eleitorais e ter idade m\u00ednima de 18 anos na data da posse, para candidatos de ambos os sexos.<\/p>\n\n\n\n<p>As obriga\u00e7\u00f5es militares para os do sexo masculino tamb\u00e9m precisam estar quitadas. A idade m\u00ednima para concorrer ao certame \u00e9 de 18 anos, o candidato deve estar apto, f\u00edsica e mentalmente, para o exerc\u00edcio do cargo.<\/p>\n\n\n\n<h3 class=\"wp-block-heading\" id=\"remuneracao\">Remunera\u00e7\u00f5es<\/h3>\n\n\n\n<p>A remunera\u00e7\u00e3o para Agente Penitenci\u00e1rio de Alagoas \u00e9 de<strong>&nbsp;R$ 3.800,00<\/strong>&nbsp;inicial. No entanto, a progress\u00e3o na carreira permite que o servidor consiga obter R$ 9.359,63. A tabela remunerat\u00f3ria do cargo \u00e9 dividida em 7 classes de A a G, e em 4 n\u00edveis de I a IV. O ingresso na carreira come\u00e7a no N\u00edvel I da Classe A.<\/p>\n\n\n\n<figure class=\"wp-block-image\"><img decoding=\"async\" src=\"https:\/\/dhg1h5j42swfq.cloudfront.net\/2019\/08\/06103702\/remunera%C3%A7%C3%A3o-concurso-agepen-AL.png\" alt=\"tabela remunerat\u00f3ria do cargo de agente penitenci\u00e1rio do concurso agepen AL.\" class=\"wp-image-406510\"\/><\/figure>\n\n\n\n<p>Para mais informa\u00e7\u00f5es do concurso Pol\u00edcia Penal AL, cujo edital ser\u00e1 republicado para pessoas com defici\u00eancia (PcD), acesse o link abaixo: <\/p>\n\n\n\n<p class=\"has-text-align-center has-background\" style=\"background-color:#d7dbdc;font-size:clamp(14.642px, 0.915rem + ((1vw - 3.2px) * 0.721), 22px);px\"><strong><a href=\"https:\/\/www.estrategiaconcursos.com.br\/blog\/concurso-agepen-al\/\" target=\"_blank\" rel=\"noreferrer noopener\">Concurso Pol\u00edcia Penal AL<\/a><\/strong><\/p>\n\n\n\n<h2 class=\"has-text-align-center wp-block-heading\" id=\"cursos-assinatura\"><em><strong>Quer estudar para o concurso Pol\u00edcia Penal AL?<\/strong><\/em><\/h2>\n\n\n\n<div id=\"boxes\" class=\"container\">\n<div class=\"row\">\n<div class=\"col-sm\">\n<div id=\"box-assinatura\" class=\"banner-policial\">\n<h3 class=\"titulo-assinatura\">Concurso Pol\u00edcia Penal AL<\/h3>\n<p class=\"subtitulo-assinatura\">Conhe\u00e7a os cursos<\/p>\n<div class=\"box-botao\"><a class=\"btn-assinatura\" role=\"button\" href=\"https:\/\/www.estrategiaconcursos.com.br\/cursosPorConcurso\/agente-penitenciario-do-alagoas-agepen-al\/\" target=\"_blank\" rel=\"noopener noreferrer\">Conhe\u00e7a mais<\/a><\/div>\n<\/div>\n\n<\/div>\n<\/div>\n<\/div>\n\n\n\n<div class=\"container\" id=\"boxes\">\n  <div class=\"row\">\n\n    <div class=\"col-sm\">\n      <div class=\"estrategia\" id=\"box-assinatura\">\n        <h3 class=\"titulo-assinatura\">Assinatura Concursos<\/h3>\n        <p class=\"subtitulo-assinatura\">Assinatura de 1 ano ou 2 anos<\/p>\n        <div class=\"box-botao\">\n          <a class=\"btn-assinatura\" target=\"_blank\" href=\"https:\/\/www.estrategiaconcursos.com.br\/assinaturas\/\" role=\"button\" rel=\"noopener noreferrer\">ASSINE AGORA<\/a>\n        <\/div>\n      <\/div>\n     \n    <\/div><\/div><\/div>\n\n\n\n<div class=\"container\" id=\"boxes\">\n  <div class=\"row\">\n\n    <div class=\"col-sm\" id=\"boxes-concursos\">\n      <div style=\"background-color: #005DAD;\" class=\"conteudo-concursos\" id=\"box-concursos\">\n        <h3 class=\"titulo-assinatura\">Concursos Abertos<\/h3>\n        <p class=\"subtitulo-assinatura\">Os editais publicados<\/p>\n        <div class=\"box-botao\">\n          <a class=\"btn-assinatura\" target=\"_blank\" href=\"https:\/\/www.estrategiaconcursos.com.br\/blog\/concursos-abertos\/\" role=\"button\" rel=\"noopener noreferrer\">Conhe\u00e7a Agora<\/a>\n        <\/div>\n      <\/div>\n    <\/div>\n\n    <div class=\"col-sm\" id=\"boxes-concursos\">\n      <div style=\"background-color: #1A7ED5;\" class=\"conteudo-concursos\" id=\"box-concursos\">\n        <h3 class=\"titulo-assinatura\">Concursos 2021<\/h3>\n        <p class=\"subtitulo-assinatura\">As oportunidades previstas<\/p>\n        <div class=\"box-botao\">\n          <a class=\"btn-assinatura\" target=\"_blank\" href=\"https:\/\/www.estrategiaconcursos.com.br\/blog\/concursos-2021\/\" role=\"button\" rel=\"noopener noreferrer\">Conhe\u00e7a Agora<\/a>\n        <\/div>\n      <\/div>\n    <\/div>\n\n    <div class=\"col-sm\" id=\"boxes-concursos\">\n      <div style=\"background-color: #419FF0;\" class=\"conteudo-concursos\" id=\"box-concursos\">\n        <h3 class=\"titulo-assinatura\">Concursos 2022<\/h3>\n        <p class=\"subtitulo-assinatura\">Vagas para o pr\u00f3ximo ano<\/p>\n        <div class=\"box-botao\">\n          <a class=\"btn-assinatura\" target=\"_blank\" href=\"https:\/\/www.estrategiaconcursos.com.br\/blog\/concursos-2022\/\" role=\"button\" rel=\"noopener noreferrer\">Conhe\u00e7a Agora<\/a>\n        <\/div>\n      <\/div>\n    <\/div>\n\n  <\/div>\n<\/div>\n","protected":false},"excerpt":{"rendered":"<p>Em nova live, o titular da Secretaria de Planejamento, Gest\u00e3o e Patrim\u00f4nio de Alagoas, Fabr\u00edcio Marques, abordou o concurso Pol\u00edcia Penal AL, voltando a falar a respeito da republica\u00e7\u00e3o do edital. Segundo o chefe da pasta, o documento sair\u00e1 at\u00e9 17 de setembro. As inscri\u00e7\u00f5es, conforme as informa\u00e7\u00f5es divulgadas, ser\u00e3o reabertas apenas para pessoas com [&hellip;]<\/p>\n","protected":false},"author":1,"featured_media":746710,"comment_status":"open","ping_status":"closed","sticky":false,"template":"","format":"standard","meta":{"post_tipo":"news","footnotes":""},"categories":[220188,220219],"tags":[],"tax_estado":[219965],"class_list":["post-847313","post","type-post","status-publish","format-standard","has-post-thumbnail","hentry","category-policial-agente-penitenciario","category-noticias","tax_estado-al"],"acf":[],"yoast_head":"<!-- This site is optimized with the Yoast SEO Premium plugin v27.2 (Yoast SEO v27.2) - https:\/\/yoast.com\/product\/yoast-seo-premium-wordpress\/ -->\n<title>Pol\u00edcia Penal AL ter\u00e1 EDITAL republicado. Entenda!<\/title>\n<meta name=\"description\" content=\"Fabr\u00edcio Marques, da SEPLAG, informou que o concurso Pol\u00edcia Penal AL ter\u00e1 o edital republicado. Confira as informa\u00e7\u00f5es no site!\" \/>\n<meta name=\"robots\" content=\"index, follow, max-snippet:-1, max-image-preview:large, max-video-preview:-1\" \/>\n<link rel=\"canonical\" href=\"https:\/\/www.estrategiaconcursos.com.br\/blog\/policia-penal-al-edital-republicado\/\" \/>\n<meta property=\"og:locale\" content=\"pt_BR\" \/>\n<meta property=\"og:type\" content=\"article\" \/>\n<meta property=\"og:title\" content=\"Pol\u00edcia Penal AL ter\u00e1 EDITAL republicado. Entenda!\" \/>\n<meta property=\"og:description\" content=\"Fabr\u00edcio Marques, da SEPLAG, informou que o concurso Pol\u00edcia Penal AL ter\u00e1 o edital republicado. Confira as informa\u00e7\u00f5es no site!\" \/>\n<meta property=\"og:url\" content=\"https:\/\/www.estrategiaconcursos.com.br\/blog\/policia-penal-al-edital-republicado\/\" \/>\n<meta property=\"og:site_name\" content=\"Estrat\u00e9gia Concursos\" \/>\n<meta property=\"article:author\" content=\"https:\/\/www.facebook.com\/EstrategiaConcursos\" \/>\n<meta property=\"article:published_time\" content=\"2021-08-27T17:18:52+00:00\" \/>\n<meta property=\"article:modified_time\" content=\"2021-08-27T21:21:36+00:00\" \/>\n<meta property=\"og:image\" content=\"https:\/\/dhg1h5j42swfq.cloudfront.net\/2021\/05\/21091845\/policia-penal-al.jpg\" \/>\n\t<meta property=\"og:image:width\" content=\"768\" \/>\n\t<meta property=\"og:image:height\" content=\"432\" \/>\n\t<meta property=\"og:image:type\" content=\"image\/jpeg\" \/>\n<meta name=\"author\" content=\"Coordena\u00e7\u00e3o\" \/>\n<meta name=\"twitter:card\" content=\"summary_large_image\" \/>\n<meta name=\"twitter:creator\" content=\"@EstratConcursos\" \/>\n<meta name=\"twitter:site\" content=\"@EstratConcursos\" \/>\n<meta name=\"twitter:label1\" content=\"Escrito por\" \/>\n\t<meta name=\"twitter:data1\" content=\"Coordena\u00e7\u00e3o\" \/>\n\t<meta name=\"twitter:label2\" content=\"Est. tempo de leitura\" \/>\n\t<meta name=\"twitter:data2\" content=\"3 minutos\" \/>\n<script type=\"application\/ld+json\" class=\"yoast-schema-graph\">{\"@context\":\"https:\/\/schema.org\",\"@graph\":[{\"@type\":\"NewsArticle\",\"@id\":\"https:\/\/www.estrategiaconcursos.com.br\/blog\/policia-penal-al-edital-republicado\/#article\",\"isPartOf\":{\"@id\":\"https:\/\/www.estrategiaconcursos.com.br\/blog\/policia-penal-al-edital-republicado\/\"},\"author\":{\"name\":\"Coordena\u00e7\u00e3o\",\"@id\":\"https:\/\/www.estrategiaconcursos.com.br\/blog\/#\/schema\/person\/b4a388c97673c5f483d72185668afa1f\"},\"headline\":\"Pol\u00edcia Penal AL ter\u00e1 EDITAL republicado. Entenda!\",\"datePublished\":\"2021-08-27T17:18:52+00:00\",\"dateModified\":\"2021-08-27T21:21:36+00:00\",\"mainEntityOfPage\":{\"@id\":\"https:\/\/www.estrategiaconcursos.com.br\/blog\/policia-penal-al-edital-republicado\/\"},\"wordCount\":475,\"commentCount\":0,\"publisher\":{\"@id\":\"https:\/\/www.estrategiaconcursos.com.br\/blog\/#organization\"},\"image\":{\"@id\":\"https:\/\/www.estrategiaconcursos.com.br\/blog\/policia-penal-al-edital-republicado\/#primaryimage\"},\"thumbnailUrl\":\"https:\/\/dhg1h5j42swfq.cloudfront.net\/2021\/05\/21091845\/policia-penal-al.jpg\",\"articleSection\":[\"Policial (Agente Penitenci\u00e1rio)\",\"\u00daltimas not\u00edcias\"],\"inLanguage\":\"pt-BR\",\"potentialAction\":[{\"@type\":\"CommentAction\",\"name\":\"Comment\",\"target\":[\"https:\/\/www.estrategiaconcursos.com.br\/blog\/policia-penal-al-edital-republicado\/#respond\"]}],\"copyrightYear\":\"2021\",\"copyrightHolder\":{\"@id\":\"https:\/\/www.estrategiaconcursos.com.br\/blog\/#organization\"}},{\"@type\":\"WebPage\",\"@id\":\"https:\/\/www.estrategiaconcursos.com.br\/blog\/policia-penal-al-edital-republicado\/\",\"url\":\"https:\/\/www.estrategiaconcursos.com.br\/blog\/policia-penal-al-edital-republicado\/\",\"name\":\"Pol\u00edcia Penal AL ter\u00e1 EDITAL republicado. Entenda!\",\"isPartOf\":{\"@id\":\"https:\/\/www.estrategiaconcursos.com.br\/blog\/#website\"},\"primaryImageOfPage\":{\"@id\":\"https:\/\/www.estrategiaconcursos.com.br\/blog\/policia-penal-al-edital-republicado\/#primaryimage\"},\"image\":{\"@id\":\"https:\/\/www.estrategiaconcursos.com.br\/blog\/policia-penal-al-edital-republicado\/#primaryimage\"},\"thumbnailUrl\":\"https:\/\/dhg1h5j42swfq.cloudfront.net\/2021\/05\/21091845\/policia-penal-al.jpg\",\"datePublished\":\"2021-08-27T17:18:52+00:00\",\"dateModified\":\"2021-08-27T21:21:36+00:00\",\"description\":\"Fabr\u00edcio Marques, da SEPLAG, informou que o concurso Pol\u00edcia Penal AL ter\u00e1 o edital republicado. Confira as informa\u00e7\u00f5es no site!\",\"breadcrumb\":{\"@id\":\"https:\/\/www.estrategiaconcursos.com.br\/blog\/policia-penal-al-edital-republicado\/#breadcrumb\"},\"inLanguage\":\"pt-BR\",\"potentialAction\":[{\"@type\":\"ReadAction\",\"target\":[\"https:\/\/www.estrategiaconcursos.com.br\/blog\/policia-penal-al-edital-republicado\/\"]}]},{\"@type\":\"ImageObject\",\"inLanguage\":\"pt-BR\",\"@id\":\"https:\/\/www.estrategiaconcursos.com.br\/blog\/policia-penal-al-edital-republicado\/#primaryimage\",\"url\":\"https:\/\/dhg1h5j42swfq.cloudfront.net\/2021\/05\/21091845\/policia-penal-al.jpg\",\"contentUrl\":\"https:\/\/dhg1h5j42swfq.cloudfront.net\/2021\/05\/21091845\/policia-penal-al.jpg\",\"width\":768,\"height\":432,\"caption\":\"POLICIA PENAL AL\"},{\"@type\":\"BreadcrumbList\",\"@id\":\"https:\/\/www.estrategiaconcursos.com.br\/blog\/policia-penal-al-edital-republicado\/#breadcrumb\",\"itemListElement\":[{\"@type\":\"ListItem\",\"position\":1,\"name\":\"In\u00edcio\",\"item\":\"https:\/\/www.estrategiaconcursos.com.br\/blog\/\"},{\"@type\":\"ListItem\",\"position\":2,\"name\":\"Pol\u00edcia Penal AL ter\u00e1 EDITAL republicado. Entenda!\"}]},{\"@type\":\"WebSite\",\"@id\":\"https:\/\/www.estrategiaconcursos.com.br\/blog\/#website\",\"url\":\"https:\/\/www.estrategiaconcursos.com.br\/blog\/\",\"name\":\"Estrat\u00e9gia Concursos\",\"description\":\"O blog da Estrat\u00e9gia Concursos traz not\u00edcias sobre concursos e artigos de professores oferecendo cursos para concursos (pdf + videaulas) no site.\",\"publisher\":{\"@id\":\"https:\/\/www.estrategiaconcursos.com.br\/blog\/#organization\"},\"potentialAction\":[{\"@type\":\"SearchAction\",\"target\":{\"@type\":\"EntryPoint\",\"urlTemplate\":\"https:\/\/www.estrategiaconcursos.com.br\/blog\/?s={search_term_string}\"},\"query-input\":{\"@type\":\"PropertyValueSpecification\",\"valueRequired\":true,\"valueName\":\"search_term_string\"}}],\"inLanguage\":\"pt-BR\"},{\"@type\":\"Organization\",\"@id\":\"https:\/\/www.estrategiaconcursos.com.br\/blog\/#organization\",\"name\":\"Estrat\u00e9gia Concursos\",\"url\":\"https:\/\/www.estrategiaconcursos.com.br\/blog\/\",\"logo\":{\"@type\":\"ImageObject\",\"inLanguage\":\"pt-BR\",\"@id\":\"https:\/\/www.estrategiaconcursos.com.br\/blog\/#\/schema\/logo\/image\/\",\"url\":\"https:\/\/dhg1h5j42swfq.cloudfront.net\/2025\/06\/03203428\/logo_concursos-1.jpg\",\"contentUrl\":\"https:\/\/dhg1h5j42swfq.cloudfront.net\/2025\/06\/03203428\/logo_concursos-1.jpg\",\"width\":230,\"height\":60,\"caption\":\"Estrat\u00e9gia Concursos\"},\"image\":{\"@id\":\"https:\/\/www.estrategiaconcursos.com.br\/blog\/#\/schema\/logo\/image\/\"},\"sameAs\":[\"https:\/\/x.com\/EstratConcursos\"]},{\"@type\":\"Person\",\"@id\":\"https:\/\/www.estrategiaconcursos.com.br\/blog\/#\/schema\/person\/b4a388c97673c5f483d72185668afa1f\",\"name\":\"Coordena\u00e7\u00e3o\",\"image\":{\"@type\":\"ImageObject\",\"inLanguage\":\"pt-BR\",\"@id\":\"https:\/\/secure.gravatar.com\/avatar\/b720319e4c9a967eb58678d110f4fe35452fc5d5f97b202bac7b8acceb18c6ad?s=96&d=mm&r=g\",\"url\":\"https:\/\/secure.gravatar.com\/avatar\/b720319e4c9a967eb58678d110f4fe35452fc5d5f97b202bac7b8acceb18c6ad?s=96&d=mm&r=g\",\"contentUrl\":\"https:\/\/secure.gravatar.com\/avatar\/b720319e4c9a967eb58678d110f4fe35452fc5d5f97b202bac7b8acceb18c6ad?s=96&d=mm&r=g\",\"caption\":\"Coordena\u00e7\u00e3o\"},\"sameAs\":[\"https:\/\/www.facebook.com\/EstrategiaConcursos\",\"https:\/\/x.com\/EstratConcursos\"],\"url\":\"https:\/\/www.estrategiaconcursos.com.br\/blog\/author\/estrategia2013\/\"}]}<\/script>\n<!-- \/ Yoast SEO Premium plugin. -->","yoast_head_json":{"title":"Pol\u00edcia Penal AL ter\u00e1 EDITAL republicado. Entenda!","description":"Fabr\u00edcio Marques, da SEPLAG, informou que o concurso Pol\u00edcia Penal AL ter\u00e1 o edital republicado. Confira as informa\u00e7\u00f5es no site!","robots":{"index":"index","follow":"follow","max-snippet":"max-snippet:-1","max-image-preview":"max-image-preview:large","max-video-preview":"max-video-preview:-1"},"canonical":"https:\/\/www.estrategiaconcursos.com.br\/blog\/policia-penal-al-edital-republicado\/","og_locale":"pt_BR","og_type":"article","og_title":"Pol\u00edcia Penal AL ter\u00e1 EDITAL republicado. Entenda!","og_description":"Fabr\u00edcio Marques, da SEPLAG, informou que o concurso Pol\u00edcia Penal AL ter\u00e1 o edital republicado. Confira as informa\u00e7\u00f5es no site!","og_url":"https:\/\/www.estrategiaconcursos.com.br\/blog\/policia-penal-al-edital-republicado\/","og_site_name":"Estrat\u00e9gia Concursos","article_author":"https:\/\/www.facebook.com\/EstrategiaConcursos","article_published_time":"2021-08-27T17:18:52+00:00","article_modified_time":"2021-08-27T21:21:36+00:00","og_image":[{"width":768,"height":432,"url":"https:\/\/dhg1h5j42swfq.cloudfront.net\/2021\/05\/21091845\/policia-penal-al.jpg","type":"image\/jpeg"}],"author":"Coordena\u00e7\u00e3o","twitter_card":"summary_large_image","twitter_creator":"@EstratConcursos","twitter_site":"@EstratConcursos","twitter_misc":{"Escrito por":"Coordena\u00e7\u00e3o","Est. tempo de leitura":"3 minutos"},"schema":{"@context":"https:\/\/schema.org","@graph":[{"@type":"NewsArticle","@id":"https:\/\/www.estrategiaconcursos.com.br\/blog\/policia-penal-al-edital-republicado\/#article","isPartOf":{"@id":"https:\/\/www.estrategiaconcursos.com.br\/blog\/policia-penal-al-edital-republicado\/"},"author":{"name":"Coordena\u00e7\u00e3o","@id":"https:\/\/www.estrategiaconcursos.com.br\/blog\/#\/schema\/person\/b4a388c97673c5f483d72185668afa1f"},"headline":"Pol\u00edcia Penal AL ter\u00e1 EDITAL republicado. Entenda!","datePublished":"2021-08-27T17:18:52+00:00","dateModified":"2021-08-27T21:21:36+00:00","mainEntityOfPage":{"@id":"https:\/\/www.estrategiaconcursos.com.br\/blog\/policia-penal-al-edital-republicado\/"},"wordCount":475,"commentCount":0,"publisher":{"@id":"https:\/\/www.estrategiaconcursos.com.br\/blog\/#organization"},"image":{"@id":"https:\/\/www.estrategiaconcursos.com.br\/blog\/policia-penal-al-edital-republicado\/#primaryimage"},"thumbnailUrl":"https:\/\/dhg1h5j42swfq.cloudfront.net\/2021\/05\/21091845\/policia-penal-al.jpg","articleSection":["Policial (Agente Penitenci\u00e1rio)","\u00daltimas not\u00edcias"],"inLanguage":"pt-BR","potentialAction":[{"@type":"CommentAction","name":"Comment","target":["https:\/\/www.estrategiaconcursos.com.br\/blog\/policia-penal-al-edital-republicado\/#respond"]}],"copyrightYear":"2021","copyrightHolder":{"@id":"https:\/\/www.estrategiaconcursos.com.br\/blog\/#organization"}},{"@type":"WebPage","@id":"https:\/\/www.estrategiaconcursos.com.br\/blog\/policia-penal-al-edital-republicado\/","url":"https:\/\/www.estrategiaconcursos.com.br\/blog\/policia-penal-al-edital-republicado\/","name":"Pol\u00edcia Penal AL ter\u00e1 EDITAL republicado. Entenda!","isPartOf":{"@id":"https:\/\/www.estrategiaconcursos.com.br\/blog\/#website"},"primaryImageOfPage":{"@id":"https:\/\/www.estrategiaconcursos.com.br\/blog\/policia-penal-al-edital-republicado\/#primaryimage"},"image":{"@id":"https:\/\/www.estrategiaconcursos.com.br\/blog\/policia-penal-al-edital-republicado\/#primaryimage"},"thumbnailUrl":"https:\/\/dhg1h5j42swfq.cloudfront.net\/2021\/05\/21091845\/policia-penal-al.jpg","datePublished":"2021-08-27T17:18:52+00:00","dateModified":"2021-08-27T21:21:36+00:00","description":"Fabr\u00edcio Marques, da SEPLAG, informou que o concurso Pol\u00edcia Penal AL ter\u00e1 o edital republicado. Confira as informa\u00e7\u00f5es no site!","breadcrumb":{"@id":"https:\/\/www.estrategiaconcursos.com.br\/blog\/policia-penal-al-edital-republicado\/#breadcrumb"},"inLanguage":"pt-BR","potentialAction":[{"@type":"ReadAction","target":["https:\/\/www.estrategiaconcursos.com.br\/blog\/policia-penal-al-edital-republicado\/"]}]},{"@type":"ImageObject","inLanguage":"pt-BR","@id":"https:\/\/www.estrategiaconcursos.com.br\/blog\/policia-penal-al-edital-republicado\/#primaryimage","url":"https:\/\/dhg1h5j42swfq.cloudfront.net\/2021\/05\/21091845\/policia-penal-al.jpg","contentUrl":"https:\/\/dhg1h5j42swfq.cloudfront.net\/2021\/05\/21091845\/policia-penal-al.jpg","width":768,"height":432,"caption":"POLICIA PENAL AL"},{"@type":"BreadcrumbList","@id":"https:\/\/www.estrategiaconcursos.com.br\/blog\/policia-penal-al-edital-republicado\/#breadcrumb","itemListElement":[{"@type":"ListItem","position":1,"name":"In\u00edcio","item":"https:\/\/www.estrategiaconcursos.com.br\/blog\/"},{"@type":"ListItem","position":2,"name":"Pol\u00edcia Penal AL ter\u00e1 EDITAL republicado. Entenda!"}]},{"@type":"WebSite","@id":"https:\/\/www.estrategiaconcursos.com.br\/blog\/#website","url":"https:\/\/www.estrategiaconcursos.com.br\/blog\/","name":"Estrat\u00e9gia Concursos","description":"O blog da Estrat\u00e9gia Concursos traz not\u00edcias sobre concursos e artigos de professores oferecendo cursos para concursos (pdf + videaulas) no site.","publisher":{"@id":"https:\/\/www.estrategiaconcursos.com.br\/blog\/#organization"},"potentialAction":[{"@type":"SearchAction","target":{"@type":"EntryPoint","urlTemplate":"https:\/\/www.estrategiaconcursos.com.br\/blog\/?s={search_term_string}"},"query-input":{"@type":"PropertyValueSpecification","valueRequired":true,"valueName":"search_term_string"}}],"inLanguage":"pt-BR"},{"@type":"Organization","@id":"https:\/\/www.estrategiaconcursos.com.br\/blog\/#organization","name":"Estrat\u00e9gia Concursos","url":"https:\/\/www.estrategiaconcursos.com.br\/blog\/","logo":{"@type":"ImageObject","inLanguage":"pt-BR","@id":"https:\/\/www.estrategiaconcursos.com.br\/blog\/#\/schema\/logo\/image\/","url":"https:\/\/dhg1h5j42swfq.cloudfront.net\/2025\/06\/03203428\/logo_concursos-1.jpg","contentUrl":"https:\/\/dhg1h5j42swfq.cloudfront.net\/2025\/06\/03203428\/logo_concursos-1.jpg","width":230,"height":60,"caption":"Estrat\u00e9gia Concursos"},"image":{"@id":"https:\/\/www.estrategiaconcursos.com.br\/blog\/#\/schema\/logo\/image\/"},"sameAs":["https:\/\/x.com\/EstratConcursos"]},{"@type":"Person","@id":"https:\/\/www.estrategiaconcursos.com.br\/blog\/#\/schema\/person\/b4a388c97673c5f483d72185668afa1f","name":"Coordena\u00e7\u00e3o","image":{"@type":"ImageObject","inLanguage":"pt-BR","@id":"https:\/\/secure.gravatar.com\/avatar\/b720319e4c9a967eb58678d110f4fe35452fc5d5f97b202bac7b8acceb18c6ad?s=96&d=mm&r=g","url":"https:\/\/secure.gravatar.com\/avatar\/b720319e4c9a967eb58678d110f4fe35452fc5d5f97b202bac7b8acceb18c6ad?s=96&d=mm&r=g","contentUrl":"https:\/\/secure.gravatar.com\/avatar\/b720319e4c9a967eb58678d110f4fe35452fc5d5f97b202bac7b8acceb18c6ad?s=96&d=mm&r=g","caption":"Coordena\u00e7\u00e3o"},"sameAs":["https:\/\/www.facebook.com\/EstrategiaConcursos","https:\/\/x.com\/EstratConcursos"],"url":"https:\/\/www.estrategiaconcursos.com.br\/blog\/author\/estrategia2013\/"}]}},"_links":{"self":[{"href":"https:\/\/www.estrategiaconcursos.com.br\/blog\/wp-json\/wp\/v2\/posts\/847313","targetHints":{"allow":["GET"]}}],"collection":[{"href":"https:\/\/www.estrategiaconcursos.com.br\/blog\/wp-json\/wp\/v2\/posts"}],"about":[{"href":"https:\/\/www.estrategiaconcursos.com.br\/blog\/wp-json\/wp\/v2\/types\/post"}],"author":[{"embeddable":true,"href":"https:\/\/www.estrategiaconcursos.com.br\/blog\/wp-json\/wp\/v2\/users\/1"}],"replies":[{"embeddable":true,"href":"https:\/\/www.estrategiaconcursos.com.br\/blog\/wp-json\/wp\/v2\/comments?post=847313"}],"version-history":[{"count":7,"href":"https:\/\/www.estrategiaconcursos.com.br\/blog\/wp-json\/wp\/v2\/posts\/847313\/revisions"}],"predecessor-version":[{"id":847646,"href":"https:\/\/www.estrategiaconcursos.com.br\/blog\/wp-json\/wp\/v2\/posts\/847313\/revisions\/847646"}],"wp:featuredmedia":[{"embeddable":true,"href":"https:\/\/www.estrategiaconcursos.com.br\/blog\/wp-json\/wp\/v2\/media\/746710"}],"wp:attachment":[{"href":"https:\/\/www.estrategiaconcursos.com.br\/blog\/wp-json\/wp\/v2\/media?parent=847313"}],"wp:term":[{"taxonomy":"category","embeddable":true,"href":"https:\/\/www.estrategiaconcursos.com.br\/blog\/wp-json\/wp\/v2\/categories?post=847313"},{"taxonomy":"post_tag","embeddable":true,"href":"https:\/\/www.estrategiaconcursos.com.br\/blog\/wp-json\/wp\/v2\/tags?post=847313"},{"taxonomy":"tax_estado","embeddable":true,"href":"https:\/\/www.estrategiaconcursos.com.br\/blog\/wp-json\/wp\/v2\/tax_estado?post=847313"}],"curies":[{"name":"wp","href":"https:\/\/api.w.org\/{rel}","templated":true}]}}