{"id":847179,"date":"2021-08-27T11:25:00","date_gmt":"2021-08-27T14:25:00","guid":{"rendered":"https:\/\/www.estrategiaconcursos.com.br\/blog\/?p=847179"},"modified":"2021-08-27T17:10:12","modified_gmt":"2021-08-27T20:10:12","slug":"concurso-ceasa-campinas-convocacao","status":"publish","type":"post","link":"https:\/\/www.estrategiaconcursos.com.br\/blog\/concurso-ceasa-campinas-convocacao\/","title":{"rendered":"Concurso Ceasa Campinas: convoca\u00e7\u00e3o anunciada nesta sexta (27)"},"content":{"rendered":"\n<p>Saiu a convoca\u00e7\u00e3o dos candidatos aprovados no concurso Ceasa Campinas. O documento que disp\u00f5e sobre a nomea\u00e7\u00e3o foi divulgado nesta sexta-feira, 27 de agosto, no Di\u00e1rio Oficial do Munic\u00edpio.<\/p>\n\n\n\n<p>De acordo com a convoca\u00e7\u00e3o, os aprovados tem at\u00e9 o dia&nbsp;<strong>03 de setembro de 2021<\/strong>, das 09h \u00e0s 12h ou das 14h \u00e0s 16h para comparecer no Departamento de Recursos Humanos do \u00f3rg\u00e3o.<\/p>\n\n\n\n<p>O endere\u00e7o fica situado na&nbsp;<strong>Rodovia Dom Pedro I, KM 140,5 -s\/n \u2013 Pista Norte \u2013 Jardim Santa M\u00f4nica \u2013 Campinas SP.&nbsp;<\/strong>Ao chegar, os candidatos devem apresentar os documentos que comprovem os requisitos exigidos para a contrata\u00e7\u00e3o.<\/p>\n\n\n\n<div class=\"wp-block-image\"><figure class=\"aligncenter\"><img decoding=\"async\" src=\"https:\/\/dhg1h5j42swfq.cloudfront.net\/2021\/08\/27113644\/image-819.png\" alt=\"Convoca\u00e7\u00e3o concurso CEASA Campinas\"\/><\/figure><\/div>\n\n\n\n<div class=\"wp-block-image\"><figure class=\"aligncenter\"><img decoding=\"async\" src=\"https:\/\/dhg1h5j42swfq.cloudfront.net\/2021\/08\/27114227\/image-822.png\" alt=\"Convoca\u00e7\u00e3o concurso CEASA Campinas\"\/><\/figure><\/div>\n\n\n\n<p>Al\u00e9m de atender as exig\u00eancias referentes aos pr\u00e9-requisitos descritos no edital, os aprovados ter\u00e3o que apresentar os seguintes documentos:<\/p>\n\n\n\n<ul class=\"wp-block-list\"><li>a) Uma Foto 3&#215;4 recente;<\/li><li>b) C\u00f3pia da Carteira de Identidade (R.G) \u2013 com data de emiss\u00e3o inferior a 10 anos e nome atualizado de acordo com a certid\u00e3o de casamento, se for o caso;<\/li><li>c) C\u00f3pia do CPF \u2013 se casado(a) &#8211; nome atualizado de acordo com a certid\u00e3o de casamento;<\/li><li>d) C\u00f3pia da Certid\u00e3o de nascimento se solteiro(a) ou de casamento se casado(a) e c\u00f3pia da certid\u00e3o de separa\u00e7\u00e3o se foi casado(a) anteriormente;<\/li><li>e) T\u00edtulo de Eleitor e Certificado de Quita\u00e7\u00e3o Eleitoral emitida pelo site do TRE &#8211; www.tresp.jus.br;<\/li><li>f) Certificado de reservista\/dispensa de incorpora\u00e7\u00e3o ou atestado de regularidade para o sexo masculino;<\/li><li>g) C\u00f3pia do comprovante de endere\u00e7o: Constando cidade, bairro, CEP \u2013 prefer\u00eancia por conta da resid\u00eancia \u2013 n\u00e3o deve ter data anterior a dois meses da data atual. Caso n\u00e3o esteja em seu nome, pode estar no nome do pai\/m\u00e3e\/av\u00f3s ou contrato de aluguel ou declara\u00e7\u00e3o do dono do im\u00f3vel;<\/li><li>h) C\u00f3pia do certificado de escolaridade de acordo com os requisitos para o cargo. Para os empregos de n\u00edvel m\u00e9dio, se o candidato j\u00e1 concluiu o n\u00edvel superior dever\u00e1 apresentar original e c\u00f3pia do certificado;<\/li><li>i) C\u00f3pia da Carteira de Registro Profissional no Conselho de Classe da Categoria, juntamente com o comprovante de quita\u00e7\u00e3o anual, quando for o caso;<\/li><li>j) C\u00f3pia do n\u00famero do PIS ou PASEP ou Cart\u00e3o Cidad\u00e3o;<\/li><li>k) Pesquisa de Qualifica\u00e7\u00e3o Cadastral no site e-social.gov.br \/ consulta qualifica\u00e7\u00e3o cadastral\/consulta on-line: http:\/\/consultacadastral.inss.gov.br\/Esocial\/pages\/index.xhtml, <strong>caso seja apontada alguma inconsist\u00eancia na pesquisa ligar no INSS, telefone 135, op\u00e7\u00e3o 3 e solicitar a corre\u00e7\u00e3o dos dados apontados;<\/strong><\/li><li>l) Curr\u00edculo atualizado;<\/li><li>m) CTPS &#8211; Carteira de Trabalho e Previd\u00eancia Social: &#8211; C\u00f3pia das p\u00e1ginas de identifica\u00e7\u00e3o da carteira de trabalho &#8211; Frente \/ verso; &#8211; C\u00f3pia das p\u00e1ginas com os registros de empregos;<\/li><li>n) Comprovante do deferimento de Exonera\u00e7\u00e3o de emprego ou cargo p\u00fablico, quando for o caso;<\/li><li>o) C\u00f3pia da Carteira de Habilita\u00e7\u00e3o de Motorista \u2013 CNH, se for o caso;<\/li><li>p) Atestado de Antecedentes Criminais da Pol\u00edcia Federal &#8211; emitida pelo site www.dpf.gov.br; e Atestado de Antecedentes Criminais da Pol\u00edcia Estadual &#8211; emitida pelo site www.ssp.sp.gov.br;<\/li><li>q) C\u00f3pia da Carteira de Vacina\u00e7\u00e3o dos filhos menores de 14 anos;<\/li><li>r) C\u00f3pia do Bilhete \u00fanico\/vale transporte &#8211; se j\u00e1 for usu\u00e1rio do sistema de transporte do munic\u00edpio de Campinas;<\/li><li>s) Documentos do c\u00f4njuge: &#8211; C\u00f3pia do R.G (atualizado de acordo com a certid\u00e3o de casamento); &#8211; C\u00f3pia do CPF (obrigat\u00f3rio e atualizado de acordo com a certid\u00e3o de casamento);<\/li><li>t) Caso existam outros dependentes, somente para fins de IR, \u00e9 necess\u00e1rio trazer 1 c\u00f3pia do RG, CPF e PIS;<\/li><li>u) C\u00f3pia da Carta de Concess\u00e3o de Benef\u00edcio, se aposentado;<\/li><li>v) Para os cargos exigidos, C\u00f3pia da Certid\u00e3o de Prontu\u00e1rio da CNH emitida pelo DETRAN, comprovando a inexist\u00eancia de bloqueio ou impedimento para dirigir;<\/li><li>w) C\u00f3pia simples da \u00faltima Declara\u00e7\u00e3o de Imposto de Renda ou c\u00f3pia simples de Declara\u00e7\u00e3o de Bens, conforme Lei n\u00ba 8.429\/1992 e Lei Municipal n\u00ba 14.660\/2013.<\/li><li>x) c\u00f3pia da Certid\u00e3o de Nascimento dos filhos dependentes<\/li><\/ul>\n\n\n\n<p>Vale lembrar que a convoca\u00e7\u00e3o no concurso <a href=\"http:\/\/www.ceasacampinas.com.br\/\" target=\"_blank\" rel=\"noreferrer noopener\">Ceasa Campinas<\/a> foi anunciada logo ap\u00f3s o resultado final, bem como a homologa\u00e7\u00e3o do certame. <\/p>\n\n\n\n<p>Ao todo, foram ofertadas <strong>12 vagas<\/strong> imediatas para cargos de n\u00edvel fundamental, m\u00e9dio e superior.\u00a0<\/p>\n\n\n\n<p class=\"has-text-align-center\"><em>Ficou interessado nas informa\u00e7\u00f5es dispon\u00edveis acerca da convoca\u00e7\u00e3o do concurso Ceasa Campinas? Quer saber mais sobre o certame? \u00c9 f\u00e1cil, acesse o link abaixo e confira TUDO na \u00edntegra<\/em>:<\/p>\n\n\n\n<p class=\"has-text-align-center has-luminous-vivid-amber-background-color has-background\" style=\"font-size:clamp(14.642px, 0.915rem + ((1vw - 3.2px) * 0.721), 22px);px\"><strong>Saiba mais: <a href=\"https:\/\/www.estrategiaconcursos.com.br\/blog\/concurso-ceasa-campinas\/\" target=\"_blank\" rel=\"noreferrer noopener\">Concurso Ceasa Campinas<\/a><\/strong><\/p>\n\n\n\n<hr class=\"wp-block-separator\"\/>\n\n\n\n<div class=\"container\" id=\"boxes\">\n  <div class=\"row\">\n\n    <div class=\"col-sm\">\n      <div class=\"banner-estrategia\" id=\"box-assinatura\">\n        <h3 class=\"titulo-assinatura\">Ceasa Campinas<\/h3>\n        <p class=\"subtitulo-assinatura\">Conhe\u00e7a nossos cursos<\/p>\n        <div class=\"box-botao\">\n          <a class=\"btn-assinatura\" target=\"_blank\" href=\"https:\/\/www.estrategiaconcursos.com.br\/cursosPorConcurso\/centrais-de-abastecimento-de-campinas-sp-ceasa-campinas\/\" role=\"button\" rel=\"noopener noreferrer\">Conhe\u00e7a mais<\/a>\n        <\/div>\n      <\/div>\n     \n    <\/div>\n\n  <\/div>\n<\/div>\n\n\n\n<div class=\"container\" id=\"boxes\">\n  <div class=\"row\">\n\n    <div class=\"col-sm\">\n      <div class=\"estrategia\" id=\"box-assinatura\">\n        <h3 class=\"titulo-assinatura\">Assinatura Concursos<\/h3>\n        <p class=\"subtitulo-assinatura\">Assinatura de 1 Ano ou 2 Anos<\/p>\n        <div class=\"box-botao\">\n          <a class=\"btn-assinatura\" target=\"_blank\" href=\"https:\/\/www.estrategiaconcursos.com.br\/assinaturas\/\" role=\"button\" rel=\"noopener noreferrer\">ASSINE AGORA<\/a>\n        <\/div>\n      <\/div><\/div><\/div><\/div>\n\n\n\n<div class=\"container\" id=\"boxes\">\n  <div class=\"row\">\n\n    <div class=\"col-sm\" id=\"boxes-concursos\">\n      <div style=\"background-color: #005DAD;\" class=\"conteudo-concursos\" id=\"box-concursos\">\n        <h3 class=\"titulo-assinatura\">Concursos Abertos<\/h3>\n        <p class=\"subtitulo-assinatura\">Confira os editais publicados<\/p>\n        <div class=\"box-botao\">\n          <a class=\"btn-assinatura\" target=\"_blank\" href=\"https:\/\/www.estrategiaconcursos.com.br\/blog\/concursos-abertos\/\" role=\"button\" rel=\"noopener noreferrer\">Conhe\u00e7a Agora<\/a>\n        <\/div>\n      <\/div>\n    <\/div>\n\n    <div class=\"col-sm\" id=\"boxes-concursos\">\n      <div style=\"background-color: #1A7ED5;\" class=\"conteudo-concursos\" id=\"box-concursos\">\n        <h3 class=\"titulo-assinatura\">Concursos 2021<\/h3>\n        <p class=\"subtitulo-assinatura\">As oportunidades previstas<\/p>\n        <div class=\"box-botao\">\n          <a class=\"btn-assinatura\" target=\"_blank\" href=\"https:\/\/www.estrategiaconcursos.com.br\/blog\/concursos-2021\/\" role=\"button\" rel=\"noopener noreferrer\">Conhe\u00e7a Agora<\/a>\n        <\/div>\n      <\/div>\n    <\/div>\n\n    <div class=\"col-sm\" id=\"boxes-concursos\">\n      <div style=\"background-color: #419FF0;\" class=\"conteudo-concursos\" id=\"box-concursos\">\n        <h3 class=\"titulo-assinatura\">Concursos 2022<\/h3>\n        <p class=\"subtitulo-assinatura\">Vagas para o pr\u00f3ximo ano<\/p>\n        <div class=\"box-botao\">\n          <a class=\"btn-assinatura\" target=\"_blank\" href=\"https:\/\/www.estrategiaconcursos.com.br\/blog\/concursos-2022\/\" role=\"button\" rel=\"noopener noreferrer\">Conhe\u00e7a Agora<\/a>\n        <\/div>\n      <\/div>\n    <\/div>\n\n  <\/div>\n<\/div>\n","protected":false},"excerpt":{"rendered":"<p>Saiu a convoca\u00e7\u00e3o dos candidatos aprovados no concurso Ceasa Campinas. O documento que disp\u00f5e sobre a nomea\u00e7\u00e3o foi divulgado nesta sexta-feira, 27 de agosto, no Di\u00e1rio Oficial do Munic\u00edpio. De acordo com a convoca\u00e7\u00e3o, os aprovados tem at\u00e9 o dia&nbsp;03 de setembro de 2021, das 09h \u00e0s 12h ou das 14h \u00e0s 16h para comparecer [&hellip;]<\/p>\n","protected":false},"author":656,"featured_media":650479,"comment_status":"open","ping_status":"closed","sticky":false,"template":"","format":"standard","meta":{"post_tipo":"news","footnotes":""},"categories":[214992,220219],"tags":[],"tax_estado":[219989],"class_list":["post-847179","post","type-post","status-publish","format-standard","has-post-thumbnail","hentry","category-concursos-administrativos","category-noticias","tax_estado-sp"],"acf":[],"yoast_head":"<!-- This site is optimized with the Yoast SEO Premium plugin v27.2 (Yoast SEO v27.2) - https:\/\/yoast.com\/product\/yoast-seo-premium-wordpress\/ -->\n<title>Concurso Ceasa Campinas: convoca\u00e7\u00e3o anunciada nesta sexta (27)<\/title>\n<meta name=\"description\" content=\"Concurso Ceasa Campinas: anunciada convoca\u00e7\u00e3o dos candidatos aprovados na sele\u00e7\u00e3o. Prazo para comparecer ao \u00f3rg\u00e3o \u00e9 at\u00e9 o dia 03\/09\/21.\" \/>\n<meta name=\"robots\" content=\"index, follow, max-snippet:-1, max-image-preview:large, max-video-preview:-1\" \/>\n<link rel=\"canonical\" href=\"https:\/\/www.estrategiaconcursos.com.br\/blog\/concurso-ceasa-campinas-convocacao\/\" \/>\n<meta property=\"og:locale\" content=\"pt_BR\" \/>\n<meta property=\"og:type\" content=\"article\" \/>\n<meta property=\"og:title\" content=\"Concurso Ceasa Campinas: convoca\u00e7\u00e3o anunciada nesta sexta (27)\" \/>\n<meta property=\"og:description\" content=\"Concurso Ceasa Campinas: anunciada convoca\u00e7\u00e3o dos candidatos aprovados na sele\u00e7\u00e3o. Prazo para comparecer ao \u00f3rg\u00e3o \u00e9 at\u00e9 o dia 03\/09\/21.\" \/>\n<meta property=\"og:url\" content=\"https:\/\/www.estrategiaconcursos.com.br\/blog\/concurso-ceasa-campinas-convocacao\/\" \/>\n<meta property=\"og:site_name\" content=\"Estrat\u00e9gia Concursos\" \/>\n<meta property=\"article:published_time\" content=\"2021-08-27T14:25:00+00:00\" \/>\n<meta property=\"article:modified_time\" content=\"2021-08-27T20:10:12+00:00\" \/>\n<meta property=\"og:image\" content=\"https:\/\/dhg1h5j42swfq.cloudfront.net\/2021\/01\/14130112\/ceasa-campinas-provas.jpg\" \/>\n\t<meta property=\"og:image:width\" content=\"1200\" \/>\n\t<meta property=\"og:image:height\" content=\"628\" \/>\n\t<meta property=\"og:image:type\" content=\"image\/jpeg\" \/>\n<meta name=\"author\" content=\"F\u00e1bio Scaldelai\" \/>\n<meta name=\"twitter:card\" content=\"summary_large_image\" \/>\n<meta name=\"twitter:creator\" content=\"@EstratConcursos\" \/>\n<meta name=\"twitter:site\" content=\"@EstratConcursos\" \/>\n<meta name=\"twitter:label1\" content=\"Escrito por\" \/>\n\t<meta name=\"twitter:data1\" content=\"F\u00e1bio Scaldelai\" \/>\n\t<meta name=\"twitter:label2\" content=\"Est. tempo de leitura\" \/>\n\t<meta name=\"twitter:data2\" content=\"4 minutos\" \/>\n<script type=\"application\/ld+json\" class=\"yoast-schema-graph\">{\"@context\":\"https:\/\/schema.org\",\"@graph\":[{\"@type\":\"NewsArticle\",\"@id\":\"https:\/\/www.estrategiaconcursos.com.br\/blog\/concurso-ceasa-campinas-convocacao\/#article\",\"isPartOf\":{\"@id\":\"https:\/\/www.estrategiaconcursos.com.br\/blog\/concurso-ceasa-campinas-convocacao\/\"},\"author\":{\"name\":\"F\u00e1bio Scaldelai\",\"@id\":\"https:\/\/www.estrategiaconcursos.com.br\/blog\/#\/schema\/person\/e3b6b7ce0192dd4ad270655969d61750\"},\"headline\":\"Concurso Ceasa Campinas: convoca\u00e7\u00e3o anunciada nesta sexta (27)\",\"datePublished\":\"2021-08-27T14:25:00+00:00\",\"dateModified\":\"2021-08-27T20:10:12+00:00\",\"mainEntityOfPage\":{\"@id\":\"https:\/\/www.estrategiaconcursos.com.br\/blog\/concurso-ceasa-campinas-convocacao\/\"},\"wordCount\":855,\"commentCount\":0,\"publisher\":{\"@id\":\"https:\/\/www.estrategiaconcursos.com.br\/blog\/#organization\"},\"image\":{\"@id\":\"https:\/\/www.estrategiaconcursos.com.br\/blog\/concurso-ceasa-campinas-convocacao\/#primaryimage\"},\"thumbnailUrl\":\"https:\/\/dhg1h5j42swfq.cloudfront.net\/2021\/01\/14130112\/ceasa-campinas-provas.jpg\",\"articleSection\":[\"Executivo (Administrativa)\",\"\u00daltimas not\u00edcias\"],\"inLanguage\":\"pt-BR\",\"potentialAction\":[{\"@type\":\"CommentAction\",\"name\":\"Comment\",\"target\":[\"https:\/\/www.estrategiaconcursos.com.br\/blog\/concurso-ceasa-campinas-convocacao\/#respond\"]}],\"copyrightYear\":\"2021\",\"copyrightHolder\":{\"@id\":\"https:\/\/www.estrategiaconcursos.com.br\/blog\/#organization\"}},{\"@type\":\"WebPage\",\"@id\":\"https:\/\/www.estrategiaconcursos.com.br\/blog\/concurso-ceasa-campinas-convocacao\/\",\"url\":\"https:\/\/www.estrategiaconcursos.com.br\/blog\/concurso-ceasa-campinas-convocacao\/\",\"name\":\"Concurso Ceasa Campinas: convoca\u00e7\u00e3o anunciada nesta sexta (27)\",\"isPartOf\":{\"@id\":\"https:\/\/www.estrategiaconcursos.com.br\/blog\/#website\"},\"primaryImageOfPage\":{\"@id\":\"https:\/\/www.estrategiaconcursos.com.br\/blog\/concurso-ceasa-campinas-convocacao\/#primaryimage\"},\"image\":{\"@id\":\"https:\/\/www.estrategiaconcursos.com.br\/blog\/concurso-ceasa-campinas-convocacao\/#primaryimage\"},\"thumbnailUrl\":\"https:\/\/dhg1h5j42swfq.cloudfront.net\/2021\/01\/14130112\/ceasa-campinas-provas.jpg\",\"datePublished\":\"2021-08-27T14:25:00+00:00\",\"dateModified\":\"2021-08-27T20:10:12+00:00\",\"description\":\"Concurso Ceasa Campinas: anunciada convoca\u00e7\u00e3o dos candidatos aprovados na sele\u00e7\u00e3o. Prazo para comparecer ao \u00f3rg\u00e3o \u00e9 at\u00e9 o dia 03\/09\/21.\",\"breadcrumb\":{\"@id\":\"https:\/\/www.estrategiaconcursos.com.br\/blog\/concurso-ceasa-campinas-convocacao\/#breadcrumb\"},\"inLanguage\":\"pt-BR\",\"potentialAction\":[{\"@type\":\"ReadAction\",\"target\":[\"https:\/\/www.estrategiaconcursos.com.br\/blog\/concurso-ceasa-campinas-convocacao\/\"]}]},{\"@type\":\"ImageObject\",\"inLanguage\":\"pt-BR\",\"@id\":\"https:\/\/www.estrategiaconcursos.com.br\/blog\/concurso-ceasa-campinas-convocacao\/#primaryimage\",\"url\":\"https:\/\/dhg1h5j42swfq.cloudfront.net\/2021\/01\/14130112\/ceasa-campinas-provas.jpg\",\"contentUrl\":\"https:\/\/dhg1h5j42swfq.cloudfront.net\/2021\/01\/14130112\/ceasa-campinas-provas.jpg\",\"width\":1200,\"height\":628,\"caption\":\"Concurso Ceasa Campinas convoca\u00e7\u00e3o\"},{\"@type\":\"BreadcrumbList\",\"@id\":\"https:\/\/www.estrategiaconcursos.com.br\/blog\/concurso-ceasa-campinas-convocacao\/#breadcrumb\",\"itemListElement\":[{\"@type\":\"ListItem\",\"position\":1,\"name\":\"In\u00edcio\",\"item\":\"https:\/\/www.estrategiaconcursos.com.br\/blog\/\"},{\"@type\":\"ListItem\",\"position\":2,\"name\":\"Concurso Ceasa Campinas: convoca\u00e7\u00e3o anunciada nesta sexta (27)\"}]},{\"@type\":\"WebSite\",\"@id\":\"https:\/\/www.estrategiaconcursos.com.br\/blog\/#website\",\"url\":\"https:\/\/www.estrategiaconcursos.com.br\/blog\/\",\"name\":\"Estrat\u00e9gia Concursos\",\"description\":\"O blog da Estrat\u00e9gia Concursos traz not\u00edcias sobre concursos e artigos de professores oferecendo cursos para concursos (pdf + videaulas) no site.\",\"publisher\":{\"@id\":\"https:\/\/www.estrategiaconcursos.com.br\/blog\/#organization\"},\"potentialAction\":[{\"@type\":\"SearchAction\",\"target\":{\"@type\":\"EntryPoint\",\"urlTemplate\":\"https:\/\/www.estrategiaconcursos.com.br\/blog\/?s={search_term_string}\"},\"query-input\":{\"@type\":\"PropertyValueSpecification\",\"valueRequired\":true,\"valueName\":\"search_term_string\"}}],\"inLanguage\":\"pt-BR\"},{\"@type\":\"Organization\",\"@id\":\"https:\/\/www.estrategiaconcursos.com.br\/blog\/#organization\",\"name\":\"Estrat\u00e9gia Concursos\",\"url\":\"https:\/\/www.estrategiaconcursos.com.br\/blog\/\",\"logo\":{\"@type\":\"ImageObject\",\"inLanguage\":\"pt-BR\",\"@id\":\"https:\/\/www.estrategiaconcursos.com.br\/blog\/#\/schema\/logo\/image\/\",\"url\":\"https:\/\/dhg1h5j42swfq.cloudfront.net\/2025\/06\/03203428\/logo_concursos-1.jpg\",\"contentUrl\":\"https:\/\/dhg1h5j42swfq.cloudfront.net\/2025\/06\/03203428\/logo_concursos-1.jpg\",\"width\":230,\"height\":60,\"caption\":\"Estrat\u00e9gia Concursos\"},\"image\":{\"@id\":\"https:\/\/www.estrategiaconcursos.com.br\/blog\/#\/schema\/logo\/image\/\"},\"sameAs\":[\"https:\/\/x.com\/EstratConcursos\"]},{\"@type\":\"Person\",\"@id\":\"https:\/\/www.estrategiaconcursos.com.br\/blog\/#\/schema\/person\/e3b6b7ce0192dd4ad270655969d61750\",\"name\":\"F\u00e1bio Scaldelai\",\"image\":{\"@type\":\"ImageObject\",\"inLanguage\":\"pt-BR\",\"@id\":\"https:\/\/secure.gravatar.com\/avatar\/8ed7492c4d88d8495bc0cb24cda6847b8ae23eec459a919e08e77d0ca0fd79ec?s=96&d=mm&r=g\",\"url\":\"https:\/\/secure.gravatar.com\/avatar\/8ed7492c4d88d8495bc0cb24cda6847b8ae23eec459a919e08e77d0ca0fd79ec?s=96&d=mm&r=g\",\"contentUrl\":\"https:\/\/secure.gravatar.com\/avatar\/8ed7492c4d88d8495bc0cb24cda6847b8ae23eec459a919e08e77d0ca0fd79ec?s=96&d=mm&r=g\",\"caption\":\"F\u00e1bio Scaldelai\"},\"description\":\"Jornalista no Estrat\u00e9gia Concursos e Produtor de Televis\u00e3o, formado em Jornalismo, R\u00e1dio e TV pela Faculdade Integrada Rio Branco, com especializa\u00e7\u00f5es em Gest\u00e3o Empresarial e Marketing pelo M\u00f3dulo. Atuou como produtor no SBT, TV Bandeirantes e R\u00e1dio Band FM, al\u00e9m de acumular tr\u00eas anos de experi\u00eancia no setor de concursos p\u00fablicos pela LFG (Luiz Fl\u00e1vio Gomes). No Estrat\u00e9gia Concursos, atua na apura\u00e7\u00e3o de not\u00edcias da \u00e1rea fiscal, al\u00e9m de coberturas sobre concursos das \u00e1reas de controle (TCU, TCE, etc), concurso AFT, \u00e1rea de gest\u00e3o e administrativa, bem como dos \u00f3rg\u00e3os participantes do CNU. Tamb\u00e9m possui experi\u00eancia em link building e an\u00e1lise de m\u00eddia, adquirida durante sua atua\u00e7\u00e3o na ag\u00eancia SEO Marketing.\",\"url\":\"https:\/\/www.estrategiaconcursos.com.br\/blog\/author\/fabio-scaldelaiestrategiaconcursos-com-br\/\"}]}<\/script>\n<!-- \/ Yoast SEO Premium plugin. -->","yoast_head_json":{"title":"Concurso Ceasa Campinas: convoca\u00e7\u00e3o anunciada nesta sexta (27)","description":"Concurso Ceasa Campinas: anunciada convoca\u00e7\u00e3o dos candidatos aprovados na sele\u00e7\u00e3o. Prazo para comparecer ao \u00f3rg\u00e3o \u00e9 at\u00e9 o dia 03\/09\/21.","robots":{"index":"index","follow":"follow","max-snippet":"max-snippet:-1","max-image-preview":"max-image-preview:large","max-video-preview":"max-video-preview:-1"},"canonical":"https:\/\/www.estrategiaconcursos.com.br\/blog\/concurso-ceasa-campinas-convocacao\/","og_locale":"pt_BR","og_type":"article","og_title":"Concurso Ceasa Campinas: convoca\u00e7\u00e3o anunciada nesta sexta (27)","og_description":"Concurso Ceasa Campinas: anunciada convoca\u00e7\u00e3o dos candidatos aprovados na sele\u00e7\u00e3o. Prazo para comparecer ao \u00f3rg\u00e3o \u00e9 at\u00e9 o dia 03\/09\/21.","og_url":"https:\/\/www.estrategiaconcursos.com.br\/blog\/concurso-ceasa-campinas-convocacao\/","og_site_name":"Estrat\u00e9gia Concursos","article_published_time":"2021-08-27T14:25:00+00:00","article_modified_time":"2021-08-27T20:10:12+00:00","og_image":[{"width":1200,"height":628,"url":"https:\/\/dhg1h5j42swfq.cloudfront.net\/2021\/01\/14130112\/ceasa-campinas-provas.jpg","type":"image\/jpeg"}],"author":"F\u00e1bio Scaldelai","twitter_card":"summary_large_image","twitter_creator":"@EstratConcursos","twitter_site":"@EstratConcursos","twitter_misc":{"Escrito por":"F\u00e1bio Scaldelai","Est. tempo de leitura":"4 minutos"},"schema":{"@context":"https:\/\/schema.org","@graph":[{"@type":"NewsArticle","@id":"https:\/\/www.estrategiaconcursos.com.br\/blog\/concurso-ceasa-campinas-convocacao\/#article","isPartOf":{"@id":"https:\/\/www.estrategiaconcursos.com.br\/blog\/concurso-ceasa-campinas-convocacao\/"},"author":{"name":"F\u00e1bio Scaldelai","@id":"https:\/\/www.estrategiaconcursos.com.br\/blog\/#\/schema\/person\/e3b6b7ce0192dd4ad270655969d61750"},"headline":"Concurso Ceasa Campinas: convoca\u00e7\u00e3o anunciada nesta sexta (27)","datePublished":"2021-08-27T14:25:00+00:00","dateModified":"2021-08-27T20:10:12+00:00","mainEntityOfPage":{"@id":"https:\/\/www.estrategiaconcursos.com.br\/blog\/concurso-ceasa-campinas-convocacao\/"},"wordCount":855,"commentCount":0,"publisher":{"@id":"https:\/\/www.estrategiaconcursos.com.br\/blog\/#organization"},"image":{"@id":"https:\/\/www.estrategiaconcursos.com.br\/blog\/concurso-ceasa-campinas-convocacao\/#primaryimage"},"thumbnailUrl":"https:\/\/dhg1h5j42swfq.cloudfront.net\/2021\/01\/14130112\/ceasa-campinas-provas.jpg","articleSection":["Executivo (Administrativa)","\u00daltimas not\u00edcias"],"inLanguage":"pt-BR","potentialAction":[{"@type":"CommentAction","name":"Comment","target":["https:\/\/www.estrategiaconcursos.com.br\/blog\/concurso-ceasa-campinas-convocacao\/#respond"]}],"copyrightYear":"2021","copyrightHolder":{"@id":"https:\/\/www.estrategiaconcursos.com.br\/blog\/#organization"}},{"@type":"WebPage","@id":"https:\/\/www.estrategiaconcursos.com.br\/blog\/concurso-ceasa-campinas-convocacao\/","url":"https:\/\/www.estrategiaconcursos.com.br\/blog\/concurso-ceasa-campinas-convocacao\/","name":"Concurso Ceasa Campinas: convoca\u00e7\u00e3o anunciada nesta sexta (27)","isPartOf":{"@id":"https:\/\/www.estrategiaconcursos.com.br\/blog\/#website"},"primaryImageOfPage":{"@id":"https:\/\/www.estrategiaconcursos.com.br\/blog\/concurso-ceasa-campinas-convocacao\/#primaryimage"},"image":{"@id":"https:\/\/www.estrategiaconcursos.com.br\/blog\/concurso-ceasa-campinas-convocacao\/#primaryimage"},"thumbnailUrl":"https:\/\/dhg1h5j42swfq.cloudfront.net\/2021\/01\/14130112\/ceasa-campinas-provas.jpg","datePublished":"2021-08-27T14:25:00+00:00","dateModified":"2021-08-27T20:10:12+00:00","description":"Concurso Ceasa Campinas: anunciada convoca\u00e7\u00e3o dos candidatos aprovados na sele\u00e7\u00e3o. Prazo para comparecer ao \u00f3rg\u00e3o \u00e9 at\u00e9 o dia 03\/09\/21.","breadcrumb":{"@id":"https:\/\/www.estrategiaconcursos.com.br\/blog\/concurso-ceasa-campinas-convocacao\/#breadcrumb"},"inLanguage":"pt-BR","potentialAction":[{"@type":"ReadAction","target":["https:\/\/www.estrategiaconcursos.com.br\/blog\/concurso-ceasa-campinas-convocacao\/"]}]},{"@type":"ImageObject","inLanguage":"pt-BR","@id":"https:\/\/www.estrategiaconcursos.com.br\/blog\/concurso-ceasa-campinas-convocacao\/#primaryimage","url":"https:\/\/dhg1h5j42swfq.cloudfront.net\/2021\/01\/14130112\/ceasa-campinas-provas.jpg","contentUrl":"https:\/\/dhg1h5j42swfq.cloudfront.net\/2021\/01\/14130112\/ceasa-campinas-provas.jpg","width":1200,"height":628,"caption":"Concurso Ceasa Campinas convoca\u00e7\u00e3o"},{"@type":"BreadcrumbList","@id":"https:\/\/www.estrategiaconcursos.com.br\/blog\/concurso-ceasa-campinas-convocacao\/#breadcrumb","itemListElement":[{"@type":"ListItem","position":1,"name":"In\u00edcio","item":"https:\/\/www.estrategiaconcursos.com.br\/blog\/"},{"@type":"ListItem","position":2,"name":"Concurso Ceasa Campinas: convoca\u00e7\u00e3o anunciada nesta sexta (27)"}]},{"@type":"WebSite","@id":"https:\/\/www.estrategiaconcursos.com.br\/blog\/#website","url":"https:\/\/www.estrategiaconcursos.com.br\/blog\/","name":"Estrat\u00e9gia Concursos","description":"O blog da Estrat\u00e9gia Concursos traz not\u00edcias sobre concursos e artigos de professores oferecendo cursos para concursos (pdf + videaulas) no site.","publisher":{"@id":"https:\/\/www.estrategiaconcursos.com.br\/blog\/#organization"},"potentialAction":[{"@type":"SearchAction","target":{"@type":"EntryPoint","urlTemplate":"https:\/\/www.estrategiaconcursos.com.br\/blog\/?s={search_term_string}"},"query-input":{"@type":"PropertyValueSpecification","valueRequired":true,"valueName":"search_term_string"}}],"inLanguage":"pt-BR"},{"@type":"Organization","@id":"https:\/\/www.estrategiaconcursos.com.br\/blog\/#organization","name":"Estrat\u00e9gia Concursos","url":"https:\/\/www.estrategiaconcursos.com.br\/blog\/","logo":{"@type":"ImageObject","inLanguage":"pt-BR","@id":"https:\/\/www.estrategiaconcursos.com.br\/blog\/#\/schema\/logo\/image\/","url":"https:\/\/dhg1h5j42swfq.cloudfront.net\/2025\/06\/03203428\/logo_concursos-1.jpg","contentUrl":"https:\/\/dhg1h5j42swfq.cloudfront.net\/2025\/06\/03203428\/logo_concursos-1.jpg","width":230,"height":60,"caption":"Estrat\u00e9gia Concursos"},"image":{"@id":"https:\/\/www.estrategiaconcursos.com.br\/blog\/#\/schema\/logo\/image\/"},"sameAs":["https:\/\/x.com\/EstratConcursos"]},{"@type":"Person","@id":"https:\/\/www.estrategiaconcursos.com.br\/blog\/#\/schema\/person\/e3b6b7ce0192dd4ad270655969d61750","name":"F\u00e1bio Scaldelai","image":{"@type":"ImageObject","inLanguage":"pt-BR","@id":"https:\/\/secure.gravatar.com\/avatar\/8ed7492c4d88d8495bc0cb24cda6847b8ae23eec459a919e08e77d0ca0fd79ec?s=96&d=mm&r=g","url":"https:\/\/secure.gravatar.com\/avatar\/8ed7492c4d88d8495bc0cb24cda6847b8ae23eec459a919e08e77d0ca0fd79ec?s=96&d=mm&r=g","contentUrl":"https:\/\/secure.gravatar.com\/avatar\/8ed7492c4d88d8495bc0cb24cda6847b8ae23eec459a919e08e77d0ca0fd79ec?s=96&d=mm&r=g","caption":"F\u00e1bio Scaldelai"},"description":"Jornalista no Estrat\u00e9gia Concursos e Produtor de Televis\u00e3o, formado em Jornalismo, R\u00e1dio e TV pela Faculdade Integrada Rio Branco, com especializa\u00e7\u00f5es em Gest\u00e3o Empresarial e Marketing pelo M\u00f3dulo. Atuou como produtor no SBT, TV Bandeirantes e R\u00e1dio Band FM, al\u00e9m de acumular tr\u00eas anos de experi\u00eancia no setor de concursos p\u00fablicos pela LFG (Luiz Fl\u00e1vio Gomes). No Estrat\u00e9gia Concursos, atua na apura\u00e7\u00e3o de not\u00edcias da \u00e1rea fiscal, al\u00e9m de coberturas sobre concursos das \u00e1reas de controle (TCU, TCE, etc), concurso AFT, \u00e1rea de gest\u00e3o e administrativa, bem como dos \u00f3rg\u00e3os participantes do CNU. Tamb\u00e9m possui experi\u00eancia em link building e an\u00e1lise de m\u00eddia, adquirida durante sua atua\u00e7\u00e3o na ag\u00eancia SEO Marketing.","url":"https:\/\/www.estrategiaconcursos.com.br\/blog\/author\/fabio-scaldelaiestrategiaconcursos-com-br\/"}]}},"_links":{"self":[{"href":"https:\/\/www.estrategiaconcursos.com.br\/blog\/wp-json\/wp\/v2\/posts\/847179","targetHints":{"allow":["GET"]}}],"collection":[{"href":"https:\/\/www.estrategiaconcursos.com.br\/blog\/wp-json\/wp\/v2\/posts"}],"about":[{"href":"https:\/\/www.estrategiaconcursos.com.br\/blog\/wp-json\/wp\/v2\/types\/post"}],"author":[{"embeddable":true,"href":"https:\/\/www.estrategiaconcursos.com.br\/blog\/wp-json\/wp\/v2\/users\/656"}],"replies":[{"embeddable":true,"href":"https:\/\/www.estrategiaconcursos.com.br\/blog\/wp-json\/wp\/v2\/comments?post=847179"}],"version-history":[{"count":4,"href":"https:\/\/www.estrategiaconcursos.com.br\/blog\/wp-json\/wp\/v2\/posts\/847179\/revisions"}],"predecessor-version":[{"id":847578,"href":"https:\/\/www.estrategiaconcursos.com.br\/blog\/wp-json\/wp\/v2\/posts\/847179\/revisions\/847578"}],"wp:featuredmedia":[{"embeddable":true,"href":"https:\/\/www.estrategiaconcursos.com.br\/blog\/wp-json\/wp\/v2\/media\/650479"}],"wp:attachment":[{"href":"https:\/\/www.estrategiaconcursos.com.br\/blog\/wp-json\/wp\/v2\/media?parent=847179"}],"wp:term":[{"taxonomy":"category","embeddable":true,"href":"https:\/\/www.estrategiaconcursos.com.br\/blog\/wp-json\/wp\/v2\/categories?post=847179"},{"taxonomy":"post_tag","embeddable":true,"href":"https:\/\/www.estrategiaconcursos.com.br\/blog\/wp-json\/wp\/v2\/tags?post=847179"},{"taxonomy":"tax_estado","embeddable":true,"href":"https:\/\/www.estrategiaconcursos.com.br\/blog\/wp-json\/wp\/v2\/tax_estado?post=847179"}],"curies":[{"name":"wp","href":"https:\/\/api.w.org\/{rel}","templated":true}]}}