{"id":847178,"date":"2021-08-31T09:00:00","date_gmt":"2021-08-31T12:00:00","guid":{"rendered":"https:\/\/www.estrategiaconcursos.com.br\/blog\/?p=847178"},"modified":"2022-07-26T17:04:53","modified_gmt":"2022-07-26T20:04:53","slug":"concursos-abertos-e-autorizados-agosto-2021","status":"publish","type":"post","link":"https:\/\/www.estrategiaconcursos.com.br\/blog\/concursos-abertos-e-autorizados-agosto-2021\/","title":{"rendered":"Concursos abertos e autorizados em AGOSTO de 2021!"},"content":{"rendered":"\n<p>O m\u00eas de<strong> agosto <\/strong>termina recheado de \u00f3timas oportunidades em diversas \u00e1reas, com novidades a respeito de certames que j\u00e1 estavam no radar e <strong>novos concursos previstos<\/strong>.<\/p>\n\n\n\n<p>Destaque para as \u00e1reas <strong><a href=\"https:\/\/www.estrategiaconcursos.com.br\/blog\/concursos-fiscais-2021\/\" target=\"_blank\" rel=\"noreferrer noopener\">fiscal<\/a><\/strong> e de <strong><a href=\"https:\/\/www.estrategiaconcursos.com.br\/blog\/concursos-de-direito\/\" target=\"_blank\" rel=\"noreferrer noopener\">carreiras jur\u00eddicas<\/a><\/strong>, que tiveram in\u00fameras movimenta\u00e7\u00f5es ao longo das \u00faltimas semanas.<\/p>\n\n\n\n<p>Tamb\u00e9m tivemos a<strong> <a href=\"https:\/\/www.estrategiaconcursos.com.br\/blog\/concursos-abertos\/\" target=\"_blank\" rel=\"noreferrer noopener\">publica\u00e7\u00e3o de importantes editais<\/a><\/strong>, como o da Sefaz RR, da PM CE, do Exame de Ordem da OAB e do Exame CFC.<\/p>\n\n\n\n<p>Se voc\u00ea quer ficar bem informado sobre tudo o que aconteceu durante agosto de 2021, reunimos aqui&nbsp;<strong>os concursos mais quentes e que podem entrar na sua lista de op\u00e7\u00f5es<\/strong>. <\/p>\n\n\n\n<ul class=\"wp-block-list\" id=\"block-761d9a7e-2811-4f09-bf3e-3fe7e8c3d741\"><li><a href=\"#h-editais-publicados-em-agosto\"><strong>Editais publicados<\/strong><\/a><\/li><li><strong><a href=\"#-h-editais-autorizados\">Editais autorizados<\/a><\/strong><\/li><\/ul>\n\n\n\n<div class=\"container\" id=\"boxes\">\n  <div class=\"row\">\n\n    <div class=\"col-sm\">\n      <div class=\"estrategia\" id=\"box-assinatura\">\n        <h3 class=\"titulo-assinatura\">Assinatura Concursos<\/h3>\n        <p class=\"subtitulo-assinatura\">Assinatura de 1 ano ou 2 anos<\/p>\n        <div class=\"box-botao\">\n          <a class=\"btn-assinatura\" target=\"_blank\" href=\"https:\/\/www.estrategiaconcursos.com.br\/assinaturas\/\" role=\"button\" rel=\"noopener noreferrer\">ASSINE AGORA<\/a>\n        <\/div>\n      <\/div><\/div><\/div><\/div>\n\n\n\n<h2 class=\"has-background wp-block-heading\" id=\"h-editais-publicados-em-agosto\" style=\"background-color:#d5bcec\">Editais publicados em agosto<\/h2>\n\n\n\n<h3 class=\"wp-block-heading\" id=\"h-concurso-sefaz-rr\"><a href=\"https:\/\/www.estrategiaconcursos.com.br\/blog\/concurso-sefaz-rr\/\" target=\"_blank\" rel=\"noreferrer noopener\">Concurso Sefaz RR<\/a><\/h3>\n\n\n\n<p>Ap\u00f3s diversas previs\u00f5es, foi, finalmente, publicado o edital do concurso da Secretaria da Fazenda de Roraima. S\u00e3o ofertadas 20 vagas mais forma\u00e7\u00e3o de cadastro reserva. Fique atento, pois as inscri\u00e7\u00f5es come\u00e7am j\u00e1 na pr\u00f3xima semana!<\/p>\n\n\n\n<ul class=\"wp-block-list\" id=\"block-757f9639-c466-4a54-a93e-13bfd90a5460\"><li><strong>Banca<\/strong>: Cebraspe<\/li><li><strong>Inscri\u00e7\u00f5es<\/strong>:&nbsp;26\/08 a 24\/10\/2021<\/li><li><strong>Provas<\/strong>:&nbsp;07\/11\/2021<\/li><li><strong>Cargo:<\/strong>&nbsp;Auditor Fiscal de Tributos Estaduais<\/li><li><strong>Forma\u00e7\u00e3o: <\/strong>N\u00edvel superior<\/li><li><strong>Vagas:<\/strong>&nbsp;20 + CR<\/li><li><strong>Sal\u00e1rio:<\/strong>&nbsp;mais de R$ 20 mil (transpar\u00eancia)<\/li><li><a href=\"https:\/\/www.estrategiaconcursos.com.br\/cursosPorConcurso\/secretaria-da-fazenda-do-estado-de-roraima-sefaz-rr\/\" target=\"_blank\" rel=\"noreferrer noopener\">Curso para Sefaz RR<\/a><\/li><\/ul>\n\n\n\n<h3 class=\"wp-block-heading\" id=\"h-concurso-seplad-pa\"><a href=\"https:\/\/www.estrategiaconcursos.com.br\/blog\/concurso-seplad-pa\/\" target=\"_blank\" rel=\"noreferrer noopener\">Concurso Seplad PA<\/a><\/h3>\n\n\n\n<p>Com inscri\u00e7\u00f5es j\u00e1 abertas, o edital do concurso&nbsp;da Secretaria de Planejamento e Administra\u00e7\u00e3o do Estado do Par\u00e1 passou por sua primeira retifica\u00e7\u00e3o. Ofertadas vagas para T\u00e9cnico em Gest\u00e3o P\u00fablica, T\u00e9cnico em Gest\u00e3o de Infraestrutura e T\u00e9cnico em Gest\u00e3o de Inform\u00e1tica.<\/p>\n\n\n\n<ul class=\"wp-block-list\"><li><strong>Banca:&nbsp;<\/strong>Funda\u00e7\u00e3o Cetap<\/li><li><strong>Inscri\u00e7\u00f5es:<\/strong>&nbsp;12\/08 a 07\/10\/2021<\/li><li><strong>Provas:<\/strong>&nbsp;14\/11\/2021<\/li><li><strong>Cargo:<\/strong>&nbsp;Diversos<\/li><li><strong>Forma\u00e7\u00e3o:&nbsp;<\/strong>N\u00edvel superior<\/li><li><strong>Vagas:<\/strong>&nbsp;24 + CR<\/li><li><strong>Sal\u00e1rio:<\/strong>&nbsp;R$ 2.809,37<\/li><li><a href=\"https:\/\/www.estrategiaconcursos.com.br\/cursosPorConcurso\/secretaria-de-estado-de-planejamento-e-administracao-do-para-seplad-pa\/\" target=\"_blank\" rel=\"noreferrer noopener\">Curso para Seplad PA<\/a><\/li><\/ul>\n\n\n\n<h3 class=\"wp-block-heading\" id=\"h-concurso-jucepa\"><a href=\"https:\/\/www.estrategiaconcursos.com.br\/blog\/concurso-jucepa\/\" target=\"_blank\" rel=\"noreferrer noopener\">Concurso JUCEPA<\/a><\/h3>\n\n\n\n<p>O edital do&nbsp;concurso da Junta Comercial do Estado do Par\u00e1 \u00e9 organizado pela&nbsp;Funda\u00e7\u00e3o CETAP. S\u00e3o ofertadas 15 vagas&nbsp;mais oportunidades em cadastro de reserva.<\/p>\n\n\n\n<ul class=\"wp-block-list\"><li><strong>Banca:&nbsp;<\/strong>Funda\u00e7\u00e3o CETAP<\/li><li><strong>Inscri\u00e7\u00f5es:<\/strong>&nbsp;26\/08 a 20\/10\/2021<\/li><li><strong>Provas:<\/strong>&nbsp;12\/12\/2021<\/li><li><strong>Cargo:<\/strong>&nbsp;Diversos<\/li><li><strong>Forma\u00e7\u00e3o:&nbsp;<\/strong>N\u00edveis m\u00e9dio e superior<\/li><li><strong>Vagas:<\/strong>&nbsp;15 + CR<\/li><li><strong>Sal\u00e1rio:<\/strong>&nbsp;R$ 1.145,00 e R$ 2.809,35<\/li><li><a href=\"https:\/\/www.estrategiaconcursos.com.br\/cursosPorConcurso\/junta-comercial-do-estado-do-para-jucepa\/\" target=\"_blank\" rel=\"noreferrer noopener\">Curso para JUCEPA<\/a><\/li><\/ul>\n\n\n\n<h3 class=\"wp-block-heading\" id=\"h-concurso-pm-ce\"><a href=\"https:\/\/www.estrategiaconcursos.com.br\/blog\/concurso-pm-ce\/\" target=\"_blank\" rel=\"noreferrer noopener\">Concurso PM CE<\/a><\/h3>\n\n\n\n<p>Foi divulgado o primeiro de dois editais previstos para a Pol\u00edcia Militar de Cear\u00e1. Sob organiza\u00e7\u00e3o da FGV, s\u00e3o ofertadas 2 mil vagas para Soldado. Em breve, ser\u00e1 publicado outro edital, com 50 vagas para Oficial.<\/p>\n\n\n\n<ul class=\"wp-block-list\"><li><strong>Banca:&nbsp;<\/strong>FGV<\/li><li><strong>Inscri\u00e7\u00f5es:<\/strong>&nbsp;16\/08 a 15\/09\/2021<\/li><li><strong>Provas:<\/strong>&nbsp;07\/11\/2021<\/li><li><strong>Cargo:<\/strong>&nbsp;Soldado<\/li><li><strong>Forma\u00e7\u00e3o:&nbsp;<\/strong>N\u00edvel m\u00e9dio<\/li><li><strong>Vagas:<\/strong>&nbsp;2.000<\/li><li><strong>Sal\u00e1rio:<\/strong>&nbsp;R$ 4.192,72<\/li><li><a href=\"https:\/\/www.estrategiaconcursos.com.br\/cursosPorConcurso\/policia-militar-ce\/\" target=\"_blank\" rel=\"noreferrer noopener\">Curso para PM CE<\/a><\/li><\/ul>\n\n\n\n<h3 class=\"wp-block-heading\" id=\"h-concurso-policia-penal-mg\"><a href=\"https:\/\/www.estrategiaconcursos.com.br\/blog\/concurso-agente-penitenciario-mg\/\" target=\"_blank\" rel=\"noreferrer noopener\">Concurso Pol\u00edcia Penal MG<\/a><\/h3>\n\n\n\n<p>Mais um certame da \u00e1rea policial na \u00e1rea. Dessa vez, para a Pol\u00edcia Penal de Minas Gerais. S\u00e3o 1.944 oportunidades para candidatos do sexo masculino e 476 para o sexo feminino.<\/p>\n\n\n\n<p>E para garantir a aplica\u00e7\u00e3o das provas em um momento mais seguro, a etapa ser\u00e1 realizada s\u00f3 no in\u00edcio do ano que vem. Anota na agenda!<\/p>\n\n\n\n<ul class=\"wp-block-list\"><li><strong>Banca:&nbsp;<\/strong>Instituto Selecon<\/li><li><strong>Inscri\u00e7\u00f5es:<\/strong>&nbsp;22\/10 a 21\/11\/2021<\/li><li><strong>Provas:<\/strong>&nbsp;16\/01\/2022<\/li><li><strong>Cargo:<\/strong>&nbsp;Policial Penal (Agente Penitenci\u00e1rio)<\/li><li><strong>Forma\u00e7\u00e3o:&nbsp;<\/strong>N\u00edvel m\u00e9dio<\/li><li><strong>Vagas:<\/strong>&nbsp;2.420<\/li><li><strong>Sal\u00e1rio:<\/strong>&nbsp;R$ 4.631,25<\/li><li><a href=\"https:\/\/www.estrategiaconcursos.com.br\/blog\/concurso-agente-penitenciario-mg\/\" target=\"_blank\" rel=\"noreferrer noopener\">Curso para Pol\u00edcia Penal MG<\/a><\/li><\/ul>\n\n\n\n<h3 class=\"wp-block-heading\" id=\"h-concurso-bombeiros-mg\"><a href=\"https:\/\/www.estrategiaconcursos.com.br\/blog\/concurso-bombeiros-mg\/\" target=\"_blank\" rel=\"noreferrer noopener\">Concurso Bombeiros MG<\/a><\/h3>\n\n\n\n<p>Est\u00e3o abertas as inscri\u00e7\u00f5es para o edital do concurso&nbsp;do Corpo de Bombeiros de Minas Gerais. As remunera\u00e7\u00f5es iniciais variam de R$ 4,6 mil (Soldado) a mais de R$ 10 mil (Oficial), ap\u00f3s curso de forma\u00e7\u00e3o.<\/p>\n\n\n\n<ul class=\"wp-block-list\"><li><strong>Banca:&nbsp;<\/strong>Fundep<\/li><li><strong>Inscri\u00e7\u00f5es:<\/strong>&nbsp;04\/08 a 12\/09\/2021<\/li><li><strong>Provas:<\/strong>&nbsp;03 e 10\/10\/2021<\/li><li><strong>Cargo:<\/strong>&nbsp;Oficial e Soldado<\/li><li><strong>Forma\u00e7\u00e3o:&nbsp;<\/strong>N\u00edvel m\u00e9dio<\/li><li><strong>Vagas:<\/strong>&nbsp;166<\/li><li><strong>Sal\u00e1rio:<\/strong>&nbsp;R$ 4.631,21 a R$ 10.028,29<\/li><li><a href=\"https:\/\/www.estrategiaconcursos.com.br\/cursosPorConcurso\/corpo-de-bombeiros-militar-de-minas-gerais-cbm-mg\/\" target=\"_blank\" rel=\"noreferrer noopener\">Curso para Bombeiros MG<\/a><\/li><\/ul>\n\n\n\n<h3 class=\"wp-block-heading\" id=\"h-concurso-ifmg\"><a href=\"https:\/\/www.estrategiaconcursos.com.br\/blog\/concurso-ifmg\/\" target=\"_blank\" rel=\"noreferrer noopener\">Concurso IFMG<\/a><\/h3>\n\n\n\n<p>O edital do Instituto Federal de Educa\u00e7\u00e3o, Ci\u00eancia e Tecnologia de Minas Gerais, oferta vagas para T\u00e9cnico Administrativo em diversas especialidades. A organiza\u00e7\u00e3o \u00e9 do pr\u00f3prio Instituto.<\/p>\n\n\n\n<ul class=\"wp-block-list\"><li><strong>Banca:&nbsp;<\/strong>IFMG<\/li><li><strong>Inscri\u00e7\u00f5es:<\/strong>&nbsp;09\/08 a 12\/09\/2021<\/li><li><strong>Provas:<\/strong>&nbsp;05\/12\/2021<\/li><li><strong>Cargo:<\/strong>&nbsp;T\u00e9cnico Administrativo<\/li><li><strong>Forma\u00e7\u00e3o:&nbsp;<\/strong>N\u00edvel m\u00e9dio\/t\u00e9cnico<\/li><li><strong>Vagas:<\/strong>&nbsp;8<\/li><li><strong>Sal\u00e1rio:<\/strong>&nbsp;R$ 2.446,96<\/li><li><a href=\"https:\/\/www.estrategiaconcursos.com.br\/cursos\/concurso\/\" target=\"_blank\" rel=\"noreferrer noopener\">Curso para IFMG<\/a><\/li><\/ul>\n\n\n\n<h3 class=\"wp-block-heading\" id=\"h-concurso-pge-pa\"><a href=\"https:\/\/www.estrategiaconcursos.com.br\/blog\/concurso-pge-pa\/\" target=\"_blank\" rel=\"noreferrer noopener\">Concurso PGE PA<\/a><\/h3>\n\n\n\n<p>O edital do concurso da Procuradoria Geral do Par\u00e1 oferta&nbsp;36 vagas&nbsp;para cargos de&nbsp;n\u00edvel m\u00e9dio&nbsp;da \u00e1rea de Assistente de Procuradoria e de&nbsp;n\u00edvel superior&nbsp;das \u00e1reas de Administra\u00e7\u00e3o, Biblioteconomia, Ci\u00eancias Cont\u00e1veis, Inform\u00e1tica, Matem\u00e1tica\/Estat\u00edstica\/Economia e T\u00e9cnico em Gest\u00e3o.<\/p>\n\n\n\n<ul class=\"wp-block-list\"><li><strong>Banca:&nbsp;<\/strong>Funda\u00e7\u00e3o Cetap<\/li><li><strong>Inscri\u00e7\u00f5es:<\/strong>&nbsp;17\/08 a 13\/10\/2021<\/li><li><strong>Provas:<\/strong>&nbsp;07\/11\/2021<\/li><li><strong>Cargo:<\/strong>&nbsp;Assistente e T\u00e9cnico<\/li><li><strong>Forma\u00e7\u00e3o:&nbsp;<\/strong>N\u00edvel m\u00e9dio e superior<\/li><li><strong>Vagas:<\/strong>&nbsp;36<\/li><li><strong>Sal\u00e1rio:<\/strong>&nbsp;R$ 1.257,30 e R$ 1.799,15 <\/li><li><a href=\"https:\/\/www.estrategiaconcursos.com.br\/cursosPorConcurso\/pge-pa-procuradoria-geral-do-estado-do-para-servidores\/\" target=\"_blank\" rel=\"noreferrer noopener\">Curso para PGE PA<\/a><\/li><\/ul>\n\n\n\n<h3 class=\"wp-block-heading\" id=\"h-concurso-pge-go-procurador\"><a href=\"https:\/\/cj.estrategia.com\/portal\/concurso-pge-go-procurador\/\" target=\"_blank\" rel=\"noreferrer noopener\">Concurso PGE GO Procurador<\/a><\/h3>\n\n\n\n<p>A Procuradoria Geral de Goi\u00e1s oferta&nbsp;30 vagas para o cargo de Procurador do Estado Substituto, bem como oportunidades para forma\u00e7\u00e3o de cadastro de reserva, para aproveitamento segundo as necessidades da Procuradoria.<\/p>\n\n\n\n<ul class=\"wp-block-list\"><li><strong>Banca:&nbsp;<\/strong>FCC<\/li><li><strong>Inscri\u00e7\u00f5es:<\/strong>&nbsp;02\/09 a 01\/10\/2021<\/li><li><strong>Provas:<\/strong>&nbsp;24\/10\/2021<\/li><li><strong>Cargo:<\/strong>&nbsp;Procurador do Estado Substituto<\/li><li><strong>Forma\u00e7\u00e3o:&nbsp;<\/strong>Bacharelado em Direito + Inscri\u00e7\u00e3o na OAB<\/li><li><strong>Vagas:<\/strong>&nbsp;30<\/li><li><strong>Sal\u00e1rio:<\/strong>&nbsp;R$ 32.037,13<\/li><li><a href=\"https:\/\/www.estrategiaconcursos.com.br\/cursosPorConcurso\/pge-go-procurador-do-estado-de-goias\/\" target=\"_blank\" rel=\"noreferrer noopener\">Curso para PGE GO Procurador<\/a><\/li><\/ul>\n\n\n\n<h3 class=\"wp-block-heading\" id=\"h-concurso-dpe-pa-defensor\"><a href=\"https:\/\/cj.estrategia.com\/portal\/concurso-dpe-pa-defensor\/\" target=\"_blank\" rel=\"noreferrer noopener\">Concurso DPE PA Defensor<\/a><\/h3>\n\n\n\n<p>O edital do concurso DPE PA Defensor oferta 10 vagas para a carreira de Defensor P\u00fablico Substituto. O cargo exige bacharelado em direito, inscri\u00e7\u00e3o na OAB e 3 anos de atividade jur\u00eddica comprovada.<\/p>\n\n\n\n<ul class=\"wp-block-list\"><li><strong>Banca:&nbsp;<\/strong>Cebraspe<\/li><li><strong>Inscri\u00e7\u00f5es:<\/strong>&nbsp;20\/08 a 04\/10\/2021<\/li><li><strong>Provas:<\/strong>&nbsp;04\/12\/2021<\/li><li><strong>Cargo:<\/strong>&nbsp;Defensor P\u00fablico Substituto \u2013 Categoria Inicial<\/li><li><strong>Forma\u00e7\u00e3o:&nbsp;<\/strong>N\u00edvel Superior em Direito + inscri\u00e7\u00e3o na OAB + 3 anos de atividade jur\u00eddica<\/li><li><strong>Vagas:<\/strong>&nbsp;10<\/li><li><strong>Sal\u00e1rio:<\/strong>&nbsp;R$ 20.565,34<\/li><li><a href=\"https:\/\/www.estrategiaconcursos.com.br\/cursosPorConcurso\/dpe-pa-defensoria-publica-do-para-defensor-publico\/\" target=\"_blank\" rel=\"noreferrer noopener\">Curso para DPE PA Defensor<\/a><\/li><\/ul>\n\n\n\n<h3 class=\"wp-block-heading\" id=\"h-exame-oab\"><a href=\"https:\/\/oab.estrategia.com\/portal\/exame-de-ordem-oab\/\" target=\"_blank\" rel=\"noreferrer noopener\">Exame OAB<\/a><\/h3>\n\n\n\n<p>Est\u00e3o encerradas as inscri\u00e7\u00f5es do XXXIII Exame de Ordem. A primeira fase, constitu\u00edda de uma&nbsp;prova objetiva,&nbsp;ser\u00e1 aplicada em&nbsp;17 de outubro. J\u00e1 a segunda fase, consistente em uma&nbsp;pe\u00e7a pr\u00e1tico-profissional,&nbsp;ocorrer\u00e1 em&nbsp;12 de dezembro.<\/p>\n\n\n\n<ul class=\"wp-block-list\"><li><strong>Banca:&nbsp;<\/strong>OAB<\/li><li><strong>Inscri\u00e7\u00f5es:<\/strong>&nbsp;12 a 21\/08\/2021<\/li><li><strong>Provas:<\/strong>&nbsp;17\/10\/2021 (1\u00aa fase)<\/li><li><a href=\"https:\/\/www.estrategiaconcursos.com.br\/assinaturas-oab\/\" target=\"_blank\" rel=\"noreferrer noopener\">Curso para OAB<\/a><\/li><\/ul>\n\n\n\n<h3 class=\"wp-block-heading\" id=\"h-exame-cfc-2021-2\"><a href=\"https:\/\/www.estrategiaconcursos.com.br\/blog\/exame-cfc\/\" target=\"_blank\" rel=\"noreferrer noopener\">Exame CFC 2021.2<\/a><\/h3>\n\n\n\n<p>Foi publicado o edital da segunda edi\u00e7\u00e3o deste ano para o Exame de Sufici\u00eancia do Conselho Federal de Contabilidade (CFC 2021.2).<\/p>\n\n\n\n<ul class=\"wp-block-list\" id=\"block-bbf7119f-5427-4ef3-a5ba-d19132ecf51d\"><li><strong>Banca<\/strong>:&nbsp;Consulplan<\/li><li><strong>Per\u00edodo de inscri\u00e7\u00f5es<\/strong>:&nbsp;24 de agosto a 23 de setembro<\/li><li><strong>Data da prova:<\/strong>&nbsp;24 de outubro<\/li><li><a href=\"https:\/\/www.estrategiaconcursos.com.br\/cursosPorConcurso\/exame-de-suficiencia-do-cfc-2021\/\" target=\"_blank\" rel=\"noreferrer noopener\">Curso para Exame CFC<\/a><\/li><\/ul>\n\n\n\n<h2 class=\"has-background wp-block-heading\" id=\"-h-editais-autorizados\" style=\"background-color:#d5bcec\">Editais autorizados em agosto<\/h2>\n\n\n\n<h3 class=\"wp-block-heading\" id=\"h-concurso-sefaz-mg\"><a href=\"https:\/\/www.estrategiaconcursos.com.br\/blog\/concurso-sefaz-mg\/\" target=\"_blank\" rel=\"noreferrer noopener\">Concurso Sefaz MG<\/a><\/h3>\n\n\n\n<p>A Comiss\u00e3o de Finan\u00e7as (COFIN) da Sefaz MG&nbsp;concordou em&nbsp;aprovar a realiza\u00e7\u00e3o&nbsp;de um novo concurso, entretanto, est\u00e1 condicionada \u00e0s regras da Lei de Responsabilidade Fiscal (LRF). Comiss\u00e3o formada aumenta as expectativa de que o concurso efetivamente aconte\u00e7a.<\/p>\n\n\n\n<ul class=\"wp-block-list\"><li><strong>Status:<\/strong>&nbsp;Grupo de Trabalho formado<\/li><li><strong>Cargo:<\/strong> Auditor Fiscal da Receita Estadual<\/li><li><strong>Forma\u00e7\u00e3o:&nbsp;<\/strong>N\u00edvel superior<\/li><li><strong>Vagas<\/strong>: at\u00e9 317 previstas<\/li><li><strong>Sal\u00e1rio:<\/strong>&nbsp;R$ 5.189,31 + gratifica\u00e7\u00f5es <\/li><li><a href=\"https:\/\/www.estrategiaconcursos.com.br\/cursosPorConcurso\/secretaria-da-fazenda-do-estado-de-minas-gerais-sefaz-mg\/\" target=\"_blank\" rel=\"noreferrer noopener\">Curso para Sefaz MG<\/a><\/li><\/ul>\n\n\n\n<h3 class=\"wp-block-heading\" id=\"h-concurso-sefaz-am\"><a href=\"https:\/\/www.estrategiaconcursos.com.br\/blog\/concurso-sefaz-am\/\" target=\"_blank\" rel=\"noreferrer noopener\">Concurso Sefaz AM<\/a><\/h3>\n\n\n\n<p>Comiss\u00e3o formada para concurso ap\u00f3s 16 anos. Conforme informando anteriormente ao Estrat\u00e9gia, a previs\u00e3o \u00e9 que o edital seja publicado ainda nesse segundo semestre.<\/p>\n\n\n\n<ul class=\"wp-block-list\"><li><strong>Status:<\/strong>&nbsp;Comiss\u00e3o formada<\/li><li><strong>Cargo:<\/strong> Auditor Fiscal de Tributos Estaduais<\/li><li><strong>Forma\u00e7\u00e3o:&nbsp;<\/strong>N\u00edvel superior<\/li><li><strong>Vagas<\/strong>: a definir<\/li><li><strong>Sal\u00e1rio:<\/strong>&nbsp;mais de R$ 20 mil (Transpar\u00eancia)<\/li><li><a href=\"https:\/\/www.estrategiaconcursos.com.br\/cursosPorConcurso\/sefaz-am-247\/\" target=\"_blank\" rel=\"noreferrer noopener\">Curso para Sefaz AM<\/a><\/li><\/ul>\n\n\n\n<h3 class=\"wp-block-heading\" id=\"h-concurso-sefaz-mt\"><a href=\"https:\/\/www.estrategiaconcursos.com.br\/blog\/concurso-sefaz-mt\/\" target=\"_blank\" rel=\"noreferrer noopener\">Concurso Sefaz MT<\/a><\/h3>\n\n\n\n<p>O secret\u00e1rio do \u00f3rg\u00e3o, Rog\u00e9rio Gallo, anunciou que o governo de Mato Grosso prepara um certame para o cargo de Fiscal de Tributos Estaduais. Segundo Rog\u00e9rio, os estudos j\u00e1 est\u00e3o nas fases finais e o certame deve ser lan\u00e7ado at\u00e9 o ano que vem.<\/p>\n\n\n\n<ul class=\"wp-block-list\"><li><strong>Status:<\/strong>&nbsp;Previsto<\/li><li><strong>Cargo:<\/strong> Fiscal de Tributos Estaduais<\/li><li><strong>Forma\u00e7\u00e3o:&nbsp;<\/strong>N\u00edvel superior<\/li><li><strong>Vagas<\/strong>: a definir<\/li><li><strong>Sal\u00e1rio:<\/strong>&nbsp;R$ 25.036,97<\/li><li><a href=\"https:\/\/www.estrategiaconcursos.com.br\/cursosPorConcurso\/secretaria-da-fazenda-do-mato-grosso-sefaz-mt\/\" target=\"_blank\" rel=\"noreferrer noopener\">Curso para Sefaz MT<\/a><\/li><\/ul>\n\n\n\n<h3 class=\"wp-block-heading\" id=\"h-concurso-sefaz-ba\"><a href=\"https:\/\/www.estrategiaconcursos.com.br\/blog\/concurso-sefaz-ba\/\" target=\"_blank\" rel=\"noreferrer noopener\">Concurso Sefaz BA<\/a><\/h3>\n\n\n\n<p>Com Comiss\u00e3o formada desde 2019, certame foi novamente autorizado, dessa vez, com previs\u00e3o de oferta de 49 vagas para Agente de Tributos Estaduais.<\/p>\n\n\n\n<ul class=\"wp-block-list\"><li><strong>Status:<\/strong>&nbsp;Autorizado<\/li><li><strong>Cargo:<\/strong> Agente de Tributos Estaduais<\/li><li><strong>Forma\u00e7\u00e3o:&nbsp;<\/strong>N\u00edvel superior<\/li><li><strong>Vagas<\/strong>: 49<\/li><li><strong>Sal\u00e1rio:<\/strong>&nbsp;R$ 13.400,00<\/li><li><a href=\"https:\/\/www.estrategiaconcursos.com.br\/cursosPorConcurso\/icms-ba\/\" target=\"_blank\" rel=\"noreferrer noopener\">Curso para Sefaz BA<\/a><\/li><\/ul>\n\n\n\n<h3 class=\"wp-block-heading\" id=\"h-concurso-sefaz-pr\"><a href=\"https:\/\/www.estrategiaconcursos.com.br\/blog\/concurso-sefaz-pr\/\" target=\"_blank\" rel=\"noreferrer noopener\">Concurso Sefaz PR<\/a><\/h3>\n\n\n\n<p>Foram formadas novas Comiss\u00f5es para o concurso que vai ofertar vagas para Agente Fazend\u00e1rio Estadual A e Auditor Fiscal. Edital \u00e9 previsto para 2022.<\/p>\n\n\n\n<ul class=\"wp-block-list\"><li><strong>Status:<\/strong>&nbsp;Comiss\u00e3o formada<\/li><li><strong>Cargo:<\/strong> Auditor Fiscal e Agente Fazend\u00e1rio A<\/li><li><strong>Forma\u00e7\u00e3o:&nbsp;<\/strong>N\u00edvel superior<\/li><li><strong>Vagas<\/strong>: a definir<\/li><li><strong>Sal\u00e1rio:<\/strong>&nbsp;R$ 5.229,54 e R$ 6.317,97 (mais gratifica\u00e7\u00f5es)<\/li><li><a href=\"https:\/\/www.estrategiaconcursos.com.br\/cursosPorConcurso\/secretaria-da-fazenda-do-estado-do-parana-sefaz-pr\/\" target=\"_blank\" rel=\"noreferrer noopener\">Curso para Sefaz PR<\/a><\/li><\/ul>\n\n\n\n<h3 class=\"wp-block-heading\" id=\"h-concurso-sefa-pa\"><a href=\"https:\/\/www.estrategiaconcursos.com.br\/blog\/concurso-sefaz-pa\/\" target=\"_blank\" rel=\"noreferrer noopener\">Concurso Sefa PA<\/a><\/h3>\n\n\n\n<p>Com banca definida, a expectativa \u00e9 que as provas sejam&nbsp;aplicadas no \u00faltimo trimestre, ou seja, entre outubro e dezembro.<\/p>\n\n\n\n<ul class=\"wp-block-list\"><li><strong>Status:<\/strong>&nbsp;Banca definida (FADESP)<\/li><li><strong>Cargo:<\/strong> Fiscal de Receitas e Auditor Fiscal<\/li><li><strong>Forma\u00e7\u00e3o:&nbsp;<\/strong>N\u00edvel superior<\/li><li><strong>Vagas<\/strong>: 48 + 62 CR<\/li><li><strong>Sal\u00e1rio:<\/strong>&nbsp;R$ 11.910,51 e R$ 15.076,58<\/li><li><a href=\"https:\/\/www.estrategiaconcursos.com.br\/cursosPorConcurso\/secretaria-da-fazendo-do-para-sefaz-pa\/\" target=\"_blank\" rel=\"noreferrer noopener\">Curso para Sefaz PA<\/a><\/li><\/ul>\n\n\n\n<h3 class=\"wp-block-heading\" id=\"h-concurso-secont-es\"><a href=\"https:\/\/www.estrategiaconcursos.com.br\/blog\/concurso-secont-es\/\" target=\"_blank\" rel=\"noreferrer noopener\">Concurso Secont ES<\/a><\/h3>\n\n\n\n<p>Publicada a Portaria que institui a&nbsp;Comiss\u00e3o respons\u00e1vel pelos processos seletivos e concursos p\u00fablicos da&nbsp;Secretaria de Estado de Controle e Transpar\u00eancia do Estado do Esp\u00edrito Santo.<\/p>\n\n\n\n<ul class=\"wp-block-list\"><li><strong>Status:<\/strong>&nbsp;Comiss\u00e3o formada<\/li><li><strong>Cargo:<\/strong> Auditor do Estado<\/li><li><strong>Forma\u00e7\u00e3o:&nbsp;<\/strong>N\u00edvel superior<\/li><li><strong>Vagas<\/strong>: 12<\/li><li><strong>Sal\u00e1rio:<\/strong>&nbsp;R$ 9.653,06<\/li><li><a href=\"https:\/\/www.estrategiaconcursos.com.br\/cursosPorConcurso\/secont-es\/\" target=\"_blank\" rel=\"noreferrer noopener\">Cursos para Secont ES<\/a><\/li><\/ul>\n\n\n\n<h3 class=\"wp-block-heading\" id=\"h-concurso-cgdf\"><a href=\"https:\/\/www.estrategiaconcursos.com.br\/blog\/concurso-cgdf\/\" target=\"_blank\" rel=\"noreferrer noopener\">Concurso CGDF<\/a><\/h3>\n\n\n\n<p>Aguardado desde 2018, concurso recebeu nova autoriza\u00e7\u00e3o. Com Grupo de Trabalho formada, s\u00e3o previstas 234 vagas entre imediatas e cadastro reserva.<\/p>\n\n\n\n<ul class=\"wp-block-list\"><li><strong>Status:<\/strong>&nbsp;Grupo de Trabalho formado<\/li><li><strong>Cargo:<\/strong> Auditor de Controle Interno<\/li><li><strong>Forma\u00e7\u00e3o:&nbsp;<\/strong>N\u00edvel superior<\/li><li><strong>Vagas<\/strong>: 87 + 147 CR<\/li><li><strong>Sal\u00e1rio:<\/strong>&nbsp;R$ 12.800,00<\/li><li><a href=\"https:\/\/www.estrategiaconcursos.com.br\/cursosPorConcurso\/controladoria-geral-do-distrito-federal-cg-df\/\" target=\"_blank\" rel=\"noreferrer noopener\">Cursos para CGDF<\/a><\/li><\/ul>\n\n\n\n<h3 class=\"wp-block-heading\" id=\"h-concurso-alrn\"><a href=\"https:\/\/www.estrategiaconcursos.com.br\/blog\/concurso-assembleia-legislativa-rn\/\" target=\"_blank\" rel=\"noreferrer noopener\">Concurso ALRN<\/a><\/h3>\n\n\n\n<p>A Comiss\u00e3o Especial da Casa, respons\u00e1vel pelo certame, se reuniu para discutir detalhes referentes ao termo de refer\u00eancia para contrata\u00e7\u00e3o da banca examinadora que ir\u00e1 aplicar o concurso.&nbsp;Comiss\u00e3o j\u00e1 formada.<\/p>\n\n\n\n<ul class=\"wp-block-list\"><li><strong>Status:<\/strong> Comiss\u00e3o formada<\/li><li><strong>Cargo:<\/strong> T\u00e9cnico e Analista Legislativo<\/li><li><strong>Forma\u00e7\u00e3o:&nbsp;<\/strong>N\u00edvel m\u00e9dio e superior<\/li><li><strong>Vagas<\/strong>: 47<\/li><li><strong>Sal\u00e1rio:<\/strong>&nbsp;R$ 2.609,48 e R$ 5.697,27<\/li><li><a href=\"https:\/\/www.estrategiaconcursos.com.br\/cursosPorConcurso\/assembleia-legislativa-do-rio-grande-do-norte-alrn\/\" target=\"_blank\" rel=\"noreferrer noopener\">Cursos para ALRN<\/a><\/li><\/ul>\n\n\n\n<h3 class=\"wp-block-heading\" id=\"h-concurso-ise-ac\"><a href=\"https:\/\/www.estrategiaconcursos.com.br\/blog\/concurso-ise-ac\/\" target=\"_blank\" rel=\"noreferrer noopener\">Concurso ISE AC<\/a><\/h3>\n\n\n\n<p>Ap\u00f3s o governador do Acre anunciar que o novo&nbsp;concurso do Instituto Socioeducativo do Acre pode ter seu edital publicado no m\u00eas de setembro de 2021, a empresa&nbsp;IBADE&nbsp;foi definida como banca organizadora.<\/p>\n\n\n\n<ul class=\"wp-block-list\"><li><strong>Status:<\/strong>&nbsp;Banca definida (IBADE)<\/li><li><strong>Cargo:<\/strong> Agente Socioeducativo<\/li><li><strong>Forma\u00e7\u00e3o:&nbsp;<\/strong>N\u00edvel m\u00e9dio<\/li><li><strong>Vagas<\/strong>: 225&nbsp;<\/li><li><strong>Sal\u00e1rio:<\/strong>&nbsp;R$ 2.758,55<\/li><li><a href=\"https:\/\/www.estrategiaconcursos.com.br\/cursos\/concurso\/\" target=\"_blank\" rel=\"noreferrer noopener\">Cursos para ISE AC<\/a><\/li><\/ul>\n\n\n\n<h3 class=\"wp-block-heading\" id=\"h-concurso-sejus-es\"><a href=\"https:\/\/www.estrategiaconcursos.com.br\/blog\/concurso-sejus-es\/\" target=\"_blank\" rel=\"noreferrer noopener\">Concurso Sejus ES<\/a><\/h3>\n\n\n\n<p>Est\u00e1 oficialmente formada a comiss\u00e3o do&nbsp;concurso da Secretaria de Justi\u00e7a do Esp\u00edrito Santo, que prev\u00ea a oferta de 600 vagas imediatas, al\u00e9m de forma\u00e7\u00e3o de cadastro de reserva, para o cargo de&nbsp;Inspetor Penitenci\u00e1rio. A composi\u00e7\u00e3o do grupo de trabalho j\u00e1 foi divulgada.<\/p>\n\n\n\n<ul class=\"wp-block-list\"><li><strong>Status:<\/strong>&nbsp;Comiss\u00e3o formada<\/li><li><strong>Cargo:<\/strong> Inspetor Penitenci\u00e1rio<\/li><li><strong>Forma\u00e7\u00e3o:&nbsp;<\/strong>N\u00edvel m\u00e9dio<\/li><li><strong>Vagas<\/strong>: 600 + CR<\/li><li><strong>Sal\u00e1rio:<\/strong>&nbsp;R$ 2.988,13<\/li><li><a href=\"https:\/\/www.estrategiaconcursos.com.br\/cursosPorConcurso\/secretaria-de-estado-da-justica-do-espirito-santo-sejus-es\/\" target=\"_blank\" rel=\"noreferrer noopener\">Cursos para Sejus ES<\/a><\/li><\/ul>\n\n\n\n<h3 class=\"wp-block-heading\" id=\"h-concurso-susepe-rs\"><a href=\"https:\/\/www.estrategiaconcursos.com.br\/blog\/concurso-susepe-rs\/\" target=\"_blank\" rel=\"noreferrer noopener\">Concurso Susepe RS<\/a><\/h3>\n\n\n\n<p>O concurso da Superintend\u00eancia de Servi\u00e7os Penitenci\u00e1rios do Rio Grande do Sul poder\u00e1 ter um novo edital publicado at\u00e9 dezembro. O certame tem comiss\u00e3o formada e est\u00e1 em processo de escolha da banca.<\/p>\n\n\n\n<ul class=\"wp-block-list\"><li><strong>Status:<\/strong>&nbsp;Comiss\u00e3o formada<\/li><li><strong>Cargo:<\/strong> Policial Penal<\/li><li><strong>Forma\u00e7\u00e3o:&nbsp;<\/strong>N\u00edvel m\u00e9dio<\/li><li><strong>Vagas<\/strong>: a definir<\/li><li><strong>Sal\u00e1rio:<\/strong>&nbsp;R$ 3.483,63<\/li><li><a href=\"https:\/\/www.estrategiaconcursos.com.br\/cursosPorConcurso\/superintendencia-de-servicos-penitenciarios-do-rio-grande-do-sul-susepe-rs\/\" target=\"_blank\" rel=\"noreferrer noopener\">Cursos para Susepe RS<\/a><\/li><\/ul>\n\n\n\n<h3 class=\"wp-block-heading\" id=\"h-concurso-brigada-militar-rs\"><a href=\"https:\/\/www.estrategiaconcursos.com.br\/blog\/concurso-brigada-militar-rs\/\" target=\"_blank\" rel=\"noreferrer noopener\">Concurso Brigada Militar RS<\/a><\/h3>\n\n\n\n<p>A comiss\u00e3o organizadora do pr\u00f3ximo&nbsp;concurso da Brigada Militar RS&nbsp;est\u00e1 oficialmente formada. Cargos e n\u00famero de vagas ainda n\u00e3o foram divulgados.<\/p>\n\n\n\n<ul class=\"wp-block-list\"><li><strong>Status:<\/strong>&nbsp;Comiss\u00e3o formada<\/li><li><strong>Cargo:<\/strong> a definir<\/li><li><strong>Forma\u00e7\u00e3o:&nbsp;<\/strong>a definir<\/li><li><strong>Vagas<\/strong>: a definir<\/li><li><strong>Sal\u00e1rio:<\/strong>&nbsp;a definir<\/li><li><a href=\"https:\/\/www.estrategiaconcursos.com.br\/cursosPorConcurso\/policia-militar-rs-soldado-da-brigada-militar\/\" target=\"_blank\" rel=\"noreferrer noopener\">Cursos para Brigada Militar<\/a><\/li><\/ul>\n\n\n\n<h3 class=\"wp-block-heading\" id=\"h-concurso-bombeiro-pa\"><a href=\"https:\/\/www.estrategiaconcursos.com.br\/blog\/concurso-bombeiro-pa\/\" target=\"_blank\" rel=\"noreferrer noopener\">Concurso Bombeiro PA<\/a><\/h3>\n\n\n\n<p>Foi divulgado o aviso de abertura de Concorr\u00eancia P\u00fablica que visa a contrata\u00e7\u00e3o da banca organizadora para o pr\u00f3ximo&nbsp;concurso do Corpo de Bombeiro do Par\u00e1. Conforme o documento, a licita\u00e7\u00e3o deve ocorrer em outubro.<\/p>\n\n\n\n<ul class=\"wp-block-list\"><li><strong>Status:<\/strong>&nbsp;Escolha da banca<\/li><li><strong>Cargo:<\/strong> Soldado<\/li><li><strong>Forma\u00e7\u00e3o:&nbsp;<\/strong>N\u00edvel m\u00e9dio<\/li><li><strong>Vagas<\/strong>: 405<\/li><li><strong>Sal\u00e1rio:<\/strong>&nbsp;R$ 3.960,00<\/li><li><a href=\"https:\/\/www.estrategiaconcursos.com.br\/cursos\/concurso\/\" target=\"_blank\" rel=\"noreferrer noopener\">Cursos para Bombeiros PA<\/a><\/li><\/ul>\n\n\n\n<h3 class=\"wp-block-heading\" id=\"h-concursos-pc-mt-pm-mt-cbm-mt-e-politec-mt\"><a href=\"https:\/\/www.estrategiaconcursos.com.br\/blog\/concurso-pc-mt\/\" target=\"_blank\" rel=\"noreferrer noopener\">Concursos PC MT<\/a>, <a href=\"https:\/\/www.estrategiaconcursos.com.br\/blog\/concurso-pm-mt\/\" target=\"_blank\" rel=\"noreferrer noopener\">PM MT<\/a>, <a href=\"https:\/\/www.estrategiaconcursos.com.br\/blog\/concurso-bombeiro-mt\/\" target=\"_blank\" rel=\"noreferrer noopener\">CBM MT<\/a> e <a href=\"https:\/\/www.estrategiaconcursos.com.br\/blog\/concurso-politec-mt\/\" target=\"_blank\" rel=\"noreferrer noopener\">Politec MT<\/a><\/h3>\n\n\n\n<p>Ap\u00f3s o governador do estado do Mato Grosso anunciar a realiza\u00e7\u00e3o de concursos na \u00e1rea da seguran\u00e7a p\u00fablica&nbsp;ainda neste segundo semestre, foi divulgada a <a href=\"https:\/\/s3-sa-east-1.amazonaws.com\/diariospdf\/_2021\/08\/17\/diario_executivo_estado_matogrosso\/16448\/4255413b9bd5f600682e987b89d81f48\/diarioOficial.pdf\" target=\"_blank\" rel=\"noreferrer noopener\">comiss\u00e3o especial<\/a> para andamento dos certames para a Pol\u00edcia Civil, Pol\u00edcia Militar, Corpo de Bombeiros e Per\u00edcia Oficial e Identifica\u00e7\u00e3o T\u00e9cnica (Politec)<\/p>\n\n\n\n<ul class=\"wp-block-list\"><li><strong>Status:<\/strong>&nbsp;Comiss\u00e3o formada<\/li><li><strong>Cargo:<\/strong> V\u00e1rios<\/li><li><strong>Forma\u00e7\u00e3o:&nbsp;<\/strong>N\u00edvel m\u00e9dio e superior<\/li><li><strong>Vagas<\/strong>: a definir<\/li><li><strong>Sal\u00e1rio:<\/strong>&nbsp;a definir<\/li><li><a href=\"https:\/\/www.estrategiaconcursos.com.br\/cursos\/concurso\/\" target=\"_blank\" rel=\"noreferrer noopener\">Cursos para PC<\/a>, <a href=\"https:\/\/www.estrategiaconcursos.com.br\/cursosPorConcurso\/policia-militar-do-mato-grosso-pm-mt\/\" target=\"_blank\" rel=\"noreferrer noopener\">PM<\/a>, <a href=\"https:\/\/www.estrategiaconcursos.com.br\/cursos\/concurso\/\" target=\"_blank\" rel=\"noreferrer noopener\">CBM<\/a> e <a href=\"https:\/\/www.estrategiaconcursos.com.br\/cursosPorConcurso\/politec-mt\/\" target=\"_blank\" rel=\"noreferrer noopener\">Politec<\/a><\/li><\/ul>\n\n\n\n<h3 class=\"wp-block-heading\" id=\"h-concurso-pc-rj\"><a href=\"https:\/\/www.estrategiaconcursos.com.br\/blog\/concurso-policia-civil-rj\/\" target=\"_blank\" rel=\"noreferrer noopener\">Concurso PC RJ<\/a><\/h3>\n\n\n\n<p>O concurso PC RJ ofertar\u00e1&nbsp;400 vagas<strong>&nbsp;<\/strong>imediatas para os cargos de Delegado, Investigador, Inspetor, Perito, T\u00e9cnico e Auxiliar de Necropsia. <\/p>\n\n\n\n<ul class=\"wp-block-list\"><li><strong>Status:<\/strong>&nbsp;Banca definida (FGV)<\/li><li><strong>Cargo:<\/strong> Delegado, Investigador, Inspetor, Perito, T\u00e9cnico e Auxiliar de Necropsia<\/li><li><strong>Forma\u00e7\u00e3o:&nbsp;<\/strong>N\u00edvel fundamental, m\u00e9dio e superior<\/li><li><strong>Vagas<\/strong>: 400<\/li><li><strong>Sal\u00e1rio:<\/strong>&nbsp;R$ 4.732,23 a R$ 10.311,32<\/li><li><a href=\"https:\/\/www.estrategiaconcursos.com.br\/cursosPorConcurso\/policia-civil-rj-pc-rj\/\/\" target=\"_blank\" rel=\"noreferrer noopener\">Cursos para PC RJ<\/a><\/li><\/ul>\n\n\n\n<h3 class=\"wp-block-heading\" id=\"h-concurso-pm-es\"><a href=\"https:\/\/www.estrategiaconcursos.com.br\/blog\/concurso-pm-es\/\" target=\"_blank\" rel=\"noreferrer noopener\">Concurso PM ES<\/a><\/h3>\n\n\n\n<p>Foi anunciado o novo certame da institui\u00e7\u00e3o policial para 671 vagas, sendo: 560 pra\u00e7as combatentes, 20 oficiais m\u00e9dicos, 20 oficiais dentistas, cinco oficiais farmac\u00eauticos\/bioqu\u00edmicos, dois oficiais m\u00e9dicos veterin\u00e1rios, 10 oficiais enfermeiros, 30 pra\u00e7as especialistas da sa\u00fade, dois oficiais m\u00fasicos e 22 pra\u00e7as m\u00fasicos.<\/p>\n\n\n\n<ul class=\"wp-block-list\"><li><strong>Status:<\/strong>&nbsp;Anunciado<\/li><li><strong>Cargo:<\/strong> Soldados, Oficiais e M\u00fasicos<\/li><li><strong>Forma\u00e7\u00e3o:&nbsp;<\/strong>N\u00edvel m\u00e9dio e superior<\/li><li><strong>Vagas<\/strong>: 671<\/li><li><strong>Sal\u00e1rio:<\/strong>&nbsp;R$ 1.366,07 a R$ 8.011,62<\/li><li><a href=\"https:\/\/www.estrategiaconcursos.com.br\/cursosPorConcurso\/policia-militar-do-espirito-santo-pm-es\/\" target=\"_blank\" rel=\"noreferrer noopener\">Cursos para PM ES<\/a><\/li><\/ul>\n\n\n\n<h3 class=\"wp-block-heading\" id=\"h-concurso-pm-sp\"><a href=\"https:\/\/www.estrategiaconcursos.com.br\/blog\/concurso-pm-sp-2020\/\" target=\"_blank\" rel=\"noreferrer noopener\">Concurso PM SP<\/a><\/h3>\n\n\n\n<p>Embora ainda n\u00e3o tenha recebido o aval oficial do governo para sua realiza\u00e7\u00e3o, o novo&nbsp;concurso da Pol\u00edcia Militar de S\u00e3o Paulo&nbsp;para Soldado j\u00e1 possui banca organizadora definida. Assim como de costume, a Funda\u00e7\u00e3o Vunesp ir\u00e1 organizar o certame.<\/p>\n\n\n\n<ul class=\"wp-block-list\"><li><strong>Status:<\/strong>&nbsp;Banca definida (Vunesp)<\/li><li><strong>Cargo:<\/strong> Soldado<\/li><li><strong>Forma\u00e7\u00e3o:&nbsp;<\/strong>N\u00edvel m\u00e9dio<\/li><li><strong>Vagas<\/strong>: 5.400 (divididas em dois editais)<\/li><li><strong>Sal\u00e1rio:<\/strong>&nbsp;R$ 2.574,66<\/li><li><a href=\"https:\/\/www.estrategiaconcursos.com.br\/cursosPorConcurso\/policia-militar-de-sao-paulo-pm-sp\/\" target=\"_blank\" rel=\"noreferrer noopener\">Cursos para PM SP<\/a><\/li><\/ul>\n\n\n\n<h3 class=\"wp-block-heading\" id=\"h-concurso-pcdf\"><a href=\"https:\/\/www.estrategiaconcursos.com.br\/blog\/concurso-pcdf-agente-de-custodia\/\" target=\"_blank\" rel=\"noreferrer noopener\">Concurso PCDF<\/a><\/h3>\n\n\n\n<p>Ap\u00f3s o secret\u00e1rio de Economia do Distrito Federal, Andr\u00e9 Clemente, refor\u00e7ar a autoriza\u00e7\u00e3o de um novo&nbsp;concurso PCDF para o cargo de Agente de Cust\u00f3dia, o governador Ibaneis Rocha tornou a anunciar o aval, em post nas redes sociais.<\/p>\n\n\n\n<ul class=\"wp-block-list\"><li><strong>Status:<\/strong>&nbsp;Autorizado<\/li><li><strong>Cargo:<\/strong> Agente Policial de Cust\u00f3dia<\/li><li><strong>Forma\u00e7\u00e3o:&nbsp;<\/strong>N\u00edvel m\u00e9dio<\/li><li><strong>Vagas<\/strong>: 50 + 100 CR<\/li><li><strong>Sal\u00e1rio:<\/strong>&nbsp;R$ 9.394,68<\/li><li><a href=\"https:\/\/www.estrategiaconcursos.com.br\/curso\/pc-df-agente-policial-de-custodia-pacote-2021-pre-edital\/\" target=\"_blank\" rel=\"noreferrer noopener\">Cursos para PCDF<\/a><\/li><\/ul>\n\n\n\n<h3 class=\"wp-block-heading\" id=\"h-concurso-delegado-df\"><a href=\"https:\/\/cj.estrategia.com\/portal\/concurso-delegado-df\/\" target=\"_blank\" rel=\"noreferrer noopener\">Concurso Delegado DF<\/a><\/h3>\n\n\n\n<p>A&nbsp;Secretaria de Economia do Distrito Federal autorizou a realiza\u00e7\u00e3o de um novo concurso para o cargo de Delegado.&nbsp;Est\u00e3o previstas&nbsp;50 vagas para provimento imediato e 100 para cadastro de reserva.<\/p>\n\n\n\n<ul class=\"wp-block-list\"><li><strong>Status:<\/strong>&nbsp;Autorizado<\/li><li><strong>Cargo:<\/strong> Delegado<\/li><li><strong>Forma\u00e7\u00e3o:&nbsp;<\/strong>Bacharelado em Direito + 3 anos de atividade jur\u00eddica<\/li><li><strong>Vagas<\/strong>: 50 + 100 CR<\/li><li><strong>Sal\u00e1rio:<\/strong>&nbsp;R$ 18.177,32<\/li><li><a href=\"https:\/\/www.estrategiaconcursos.com.br\/curso\/pacote-completo-p-pc-df-delegado-2021\/\" target=\"_blank\" rel=\"noreferrer noopener\">Cursos para Delegado DF<\/a><\/li><\/ul>\n\n\n\n<h3 class=\"wp-block-heading\" id=\"h-concurso-delegado-rj\"><a href=\"https:\/\/cj.estrategia.com\/portal\/concurso-delegado-rj\/\" target=\"_blank\" rel=\"noreferrer noopener\">Concurso Delegado RJ<\/a><\/h3>\n\n\n\n<p>O governador em exerc\u00edcio do Rio de Janeiro, Cl\u00e1udio Castro, revelou que o edital do concurso para Delegado j\u00e1 foi&nbsp;aprovado&nbsp;pela Procuradoria Geral do Estado e as provas devem ocorrer ainda nesse segundo semestre.<\/p>\n\n\n\n<ul class=\"wp-block-list\"><li><strong>Status:<\/strong>&nbsp;Banca definida (Cebraspe)<\/li><li><strong>Cargo:<\/strong> Delegado de Pol\u00edcia Civil<\/li><li><strong>Forma\u00e7\u00e3o:&nbsp;<\/strong>Bacharelado em Direito<\/li><li><strong>Vagas<\/strong>: 47<\/li><li><strong>Sal\u00e1rio:<\/strong>&nbsp;R$ 18.483,95<\/li><li><a href=\"https:\/\/www.estrategiaconcursos.com.br\/cursosPorConcurso\/policia-civil-rj-delegado\/\" target=\"_blank\" rel=\"noreferrer noopener\">Cursos para Delegado RJ<\/a><\/li><\/ul>\n\n\n\n<h3 class=\"wp-block-heading\" id=\"h-concurso-cartorio-pr\"><a href=\"https:\/\/cj.estrategia.com\/portal\/concurso-cartorio-pr\/\" target=\"_blank\" rel=\"noreferrer noopener\">Concurso Cart\u00f3rio PR<\/a><\/h3>\n\n\n\n<p>O Tribunal de Justi\u00e7a do Estado do Paran\u00e1&nbsp;definiu os membros suplentes da&nbsp;comiss\u00e3o do concurso p\u00fablico de provas e t\u00edtulos para dar continuidade aos trabalhos do \u00faltimo certame de outorga de delega\u00e7\u00f5es notariais e registrais do estado do Paran\u00e1&nbsp;para Provimento e Remo\u00e7\u00e3o.<\/p>\n\n\n\n<ul class=\"wp-block-list\"><li><strong>Status:<\/strong>&nbsp;Comiss\u00e3o formada<\/li><li><strong>Cargo:<\/strong> Not\u00e1rio\/Registrador<\/li><li><strong>Forma\u00e7\u00e3o:&nbsp;<\/strong>N\u00edvel Superior em Direito ou dez anos de exerc\u00edcio em servi\u00e7o notarial ou de registro<\/li><li><strong>Vagas<\/strong>: a definir<\/li><li><strong>Sal\u00e1rio:<\/strong>&nbsp;a definir<\/li><li><a href=\"https:\/\/www.estrategiaconcursos.com.br\/cursosPorConcurso\/cursos-para-cartorios-do-tj-pr\/\" target=\"_blank\" rel=\"noreferrer noopener\">Cursos para Cart\u00f3rio PR<\/a><\/li><\/ul>\n\n\n\n<h3 class=\"wp-block-heading\" id=\"h-concurso-mp-go-promotor\"><a href=\"https:\/\/cj.estrategia.com\/portal\/concurso-mp-go-promotor\/\" target=\"_blank\" rel=\"noreferrer noopener\">Concurso MP GO Promotor<\/a><\/h3>\n\n\n\n<p>O&nbsp;Minist\u00e9rio P\u00fablico do Estado de Goi\u00e1s&nbsp;divulgou a&nbsp;composi\u00e7\u00e3o da comiss\u00e3o organizadora do novo concurso. O novo edital foi aprovado pelo Conselho Superior.<\/p>\n\n\n\n<ul class=\"wp-block-list\"><li><strong>Status:<\/strong>&nbsp;Banca definida (FGV)<\/li><li><strong>Cargo:<\/strong> Promotor de Justi\u00e7a Substituto<\/li><li><strong>Forma\u00e7\u00e3o:&nbsp;<\/strong>Ensino Superior em Direito + 3 anos de atividade jur\u00eddica<\/li><li><strong>Vagas<\/strong>: 39<\/li><li><strong>Sal\u00e1rio:<\/strong>&nbsp;R$ 28.884,20<\/li><li><a href=\"https:\/\/www.estrategiaconcursos.com.br\/cursosPorConcurso\/mp-go-ministerio-publico-de-goias-promotor-justica\/\" target=\"_blank\" rel=\"noreferrer noopener\">Cursos para MP GO Promotor<\/a><\/li><\/ul>\n\n\n\n<h3 class=\"wp-block-heading\" id=\"h-concurso-mp-pe-promotor\"><a href=\"https:\/\/cj.estrategia.com\/portal\/concurso-mp-pe-promotor\/\" target=\"_blank\" rel=\"noreferrer noopener\">Concurso MP PE Promotor<\/a><\/h3>\n\n\n\n<p>O&nbsp;Minist\u00e9rio P\u00fablico do Estado de Pernambuco&nbsp;divulgou os componentes da&nbsp;comiss\u00e3o organizadora&nbsp;do novo concurso para Promotor.<\/p>\n\n\n\n<ul class=\"wp-block-list\"><li><strong>Status:<\/strong>&nbsp;Comiss\u00e3o formada<\/li><li><strong>Cargo:<\/strong> Promotor de Justi\u00e7a <\/li><li><strong>Forma\u00e7\u00e3o:&nbsp;<\/strong>Ensino Superior em Direito + 3 anos de atividade jur\u00eddica<\/li><li><strong>Vagas<\/strong>: a definir<\/li><li><strong>Sal\u00e1rio:<\/strong>&nbsp;R$ 19.383,87 (\u00faltimo edital)<\/li><li><a href=\"https:\/\/www.estrategiaconcursos.com.br\/pesquisa\/?q=mp+pe\" target=\"_blank\" rel=\"noreferrer noopener\">Cursos para MP PE Promotor<\/a><\/li><\/ul>\n\n\n\n<h3 class=\"wp-block-heading\" id=\"h-concurso-mp-pr-promotor\"><a href=\"https:\/\/cj.estrategia.com\/portal\/concurso-mp-pr-promotor\/\" target=\"_blank\" rel=\"noreferrer noopener\">Concurso MP PR Promotor<\/a><\/h3>\n\n\n\n<p>O&nbsp;Conselho Superior do Minist\u00e9rio P\u00fablico do Estado do Paran\u00e1 autorizou a realiza\u00e7\u00e3o do novo concurso para o cargo de&nbsp;Promotor Substituto. Atualmente o \u00f3rg\u00e3o registrou&nbsp;2 cargos vagos.<\/p>\n\n\n\n<ul class=\"wp-block-list\"><li><strong>Status:<\/strong>&nbsp;Autorizado<\/li><li><strong>Cargo:<\/strong> Promotor de Justi\u00e7a Substituto<\/li><li><strong>Forma\u00e7\u00e3o:&nbsp;<\/strong>Bacharelado em Direito + 3 anos de atividade jur\u00eddica<\/li><li><strong>Vagas<\/strong>: previstas 2 vagas + CR<\/li><li><strong>Sal\u00e1rio:<\/strong>&nbsp;R$ 28.884,20<\/li><li><a href=\"https:\/\/www.estrategiaconcursos.com.br\/cursosPorConcurso\/ministerio-publico-do-estado-do-parana-mp-pr-promotor\/\" target=\"_blank\" rel=\"noreferrer noopener\">Cursos para MP PR Promotor<\/a><\/li><\/ul>\n\n\n\n<h3 class=\"wp-block-heading\" id=\"h-concurso-mp-se-promotor\"><a href=\"https:\/\/cj.estrategia.com\/portal\/concurso-mp-se-promotor\/\" target=\"_blank\" rel=\"noreferrer noopener\">Concurso MP SE Promotor<\/a><\/h3>\n\n\n\n<p>O&nbsp;colegiado de Procuradores de Justi\u00e7a do&nbsp;Minist\u00e9rio P\u00fablico de Sergipe&nbsp;aprovou&nbsp;a abertura de concurso p\u00fablico para o ingresso na carreira do MP SE.<\/p>\n\n\n\n<ul class=\"wp-block-list\"><li><strong>Status:<\/strong>&nbsp;Aprovado<\/li><li><strong>Cargo:<\/strong> Promotor de Justi\u00e7a Substituto<\/li><li><strong>Forma\u00e7\u00e3o:&nbsp;<\/strong>N\u00edvel superior em Direito, com o m\u00ednimo de 3 anos de atividade jur\u00eddica comprovada<\/li><li><strong>Vagas<\/strong>: a definir<\/li><li><strong>Sal\u00e1rio:<\/strong>&nbsp;R$ 30.404,42<\/li><li><a href=\"https:\/\/www.estrategiaconcursos.com.br\/pesquisa\/?q=mp+se\" target=\"_blank\" rel=\"noreferrer noopener\">Cursos para MP SE Promotor<\/a><\/li><\/ul>\n\n\n\n<h3 class=\"wp-block-heading\" id=\"h-concurso-pge-rs\"><a href=\"https:\/\/cj.estrategia.com\/portal\/concurso-pge-rs-procurador\/\" target=\"_blank\" rel=\"noreferrer noopener\">Concurso PGE RS<\/a><\/h3>\n\n\n\n<p>O Governo do Estado anunciou a necessidade de reposi\u00e7\u00e3o de servidores, dados os efeitos da crise sanit\u00e1ria, das aposentadorias e de defasagens hist\u00f3ricas, devendo haver um novo concurso para o preenchimento de 59 vagas para analistas e 31 para t\u00e9cnicos administrativos e em inform\u00e1tica.<\/p>\n\n\n\n<ul class=\"wp-block-list\"><li><strong>Status:<\/strong>&nbsp;Banca definida (Fundatec)<\/li><li><strong>Cargo:<\/strong> Analista e T\u00e9cnico<\/li><li><strong>Forma\u00e7\u00e3o:&nbsp;<\/strong>N\u00edvel M\u00e9dio e Superior<\/li><li><strong>Vagas<\/strong>: 90<\/li><li><strong>Sal\u00e1rio:<\/strong>&nbsp;R$ 3.448,36\/R$ 7.652,74<\/li><li><a href=\"https:\/\/www.estrategiaconcursos.com.br\/pesquisa\/?q=pge%20rs%20procuradoria%20geral%20do%20estado%20do%20rio%20grande%20do%20sul%20servidores\" target=\"_blank\" rel=\"noreferrer noopener\">Cursos para PGE RS Procurador<\/a><\/li><\/ul>\n\n\n\n<h3 class=\"wp-block-heading\" id=\"h-concurso-pge-go-procurador-1\"><a href=\"https:\/\/cj.estrategia.com\/portal\/concurso-pge-go-procurador\/\" target=\"_blank\" rel=\"noreferrer noopener\">Concurso PGE GO Procurador<\/a><\/h3>\n\n\n\n<p>Foi definida a banca e publicado o&nbsp;regulamento do concurso PGE GO Procurador. De acordo com o documento, ser\u00e3o&nbsp;30 vagas&nbsp;para o provimento de cargos de&nbsp;Procurador do Estado substituto, al\u00e9m de forma\u00e7\u00e3o de&nbsp;cadastro de reserva.<\/p>\n\n\n\n<ul class=\"wp-block-list\"><li><strong>Status:<\/strong>&nbsp;Banca definida (FCC)<\/li><li><strong>Cargo:<\/strong> Procurador do Estado<\/li><li><strong>Forma\u00e7\u00e3o:&nbsp;<\/strong>Bacharelado em Direito + Inscri\u00e7\u00e3o na OAB<\/li><li><strong>Vagas<\/strong>: 30<\/li><li><strong>Sal\u00e1rio:<\/strong>&nbsp;R$ 32.037,13<\/li><li><a href=\"https:\/\/www.estrategiaconcursos.com.br\/cursosPorConcurso\/pge-go-procurador-do-estado-de-goias\/\" target=\"_blank\" rel=\"noreferrer noopener\">Cursos para PGE GO Procurador<\/a><\/li><\/ul>\n\n\n\n<h3 class=\"wp-block-heading\" id=\"h-concurso-pge-pa-procurador\"><a href=\"https:\/\/cj.estrategia.com\/portal\/concurso-pge-pa-procurador\/\" target=\"_blank\" rel=\"noreferrer noopener\">Concurso PGE PA Procurador<\/a><\/h3>\n\n\n\n<p>Foi autorizado&nbsp;o novo concurso da Procuradoria Feral do Par\u00e1 para Procurador.&nbsp;A previs\u00e3o \u00e9 de que a sele\u00e7\u00e3o oferte&nbsp;10 vagas. Val lembrar que ainda neste m\u00eas, foi publicado o edital para servidores.<\/p>\n\n\n\n<ul class=\"wp-block-list\"><li><strong>Status:<\/strong>&nbsp;Autorizado<\/li><li><strong>Cargo:<\/strong> Procurador do Estado<\/li><li><strong>Forma\u00e7\u00e3o:&nbsp;<\/strong>N\u00edvel superior<\/li><li><strong>Vagas<\/strong>: 10 vagas previstas<\/li><li><strong>Sal\u00e1rio:<\/strong>&nbsp;R$ 8.076,40<\/li><li><a href=\"https:\/\/www.estrategiaconcursos.com.br\/cursosPorConcurso\/pge-cursos-regulares\/\" target=\"_blank\" rel=\"noreferrer noopener\">Cursos para PGE PA Procurador<\/a><\/li><\/ul>\n\n\n\n<h3 class=\"wp-block-heading\" id=\"h-concurso-dpe-ce-defensor\"><a href=\"https:\/\/cj.estrategia.com\/portal\/concurso-dpe-ce-defensor\/\" target=\"_blank\" rel=\"noreferrer noopener\">Concurso DPE CE Defensor<\/a><\/h3>\n\n\n\n<p>Foi publicado o&nbsp;regulamento&nbsp;do novo concurso DPE CE Defensor. O documento apresenta informa\u00e7\u00f5es importantes sobre a sele\u00e7\u00e3o&nbsp;para o cargo de Defensor P\u00fablico de entr\u00e2ncia inicial.&nbsp;A&nbsp;Defensoria j\u00e1 iniciou os tr\u00e2mites para escolha da banca.<\/p>\n\n\n\n<ul class=\"wp-block-list\"><li><strong>Status:<\/strong>&nbsp;Regulamento publicado<\/li><li><strong>Cargo:<\/strong> Defensor P\u00fablico<\/li><li><strong>Forma\u00e7\u00e3o:&nbsp;<\/strong>N\u00edvel Superior em Direito<strong>&nbsp;+<\/strong>&nbsp;3 anos de atividade jur\u00eddica<\/li><li><strong>Vagas<\/strong>: a definir<\/li><li><strong>Sal\u00e1rio:<\/strong>&nbsp;R$ 26.127,17<\/li><li><a href=\"https:\/\/www.estrategiaconcursos.com.br\/curso\/pacote-completo-p-dpe-ce-defensor-publico-2021-pre-edital\/\" target=\"_blank\" rel=\"noreferrer noopener\">Cursos para DPE CE Defensor<\/a><\/li><\/ul>\n\n\n\n<h3 class=\"wp-block-heading\" id=\"h-concurso-dpe-es-defensor\"><a href=\"https:\/\/cj.estrategia.com\/portal\/concurso-dpe-es-defensor\/\" target=\"_blank\" rel=\"noreferrer noopener\">Concurso DPE ES Defensor<\/a><\/h3>\n\n\n\n<p>O&nbsp;Conselho Superior da Defensoria P\u00fablica do Esp\u00edrito Santo&nbsp;divulgou o regulamento&nbsp;do novo concurso para Defensor Publico Substituto.&nbsp;Com estudos avan\u00e7ados, o \u00f3rg\u00e3o pretende iniciar os tr\u00e2mites legais o mais r\u00e1pido poss\u00edvel. <\/p>\n\n\n\n<ul class=\"wp-block-list\"><li><strong>Status:<\/strong>&nbsp;Regulamento publicado<\/li><li><strong>Cargo:<\/strong> Defensor P\u00fablico<\/li><li><strong>Forma\u00e7\u00e3o:&nbsp;<\/strong>N\u00edvel superior<\/li><li><strong>Vagas<\/strong>: a definir<\/li><li><strong>Sal\u00e1rio:<\/strong>&nbsp;R$ 10.395,30<\/li><li><a href=\"https:\/\/www.estrategiaconcursos.com.br\/blog\/concurso-dpe-es-defensor\/\" target=\"_blank\" rel=\"noreferrer noopener\">Cursos para DPE ES Defensor<\/a><\/li><\/ul>\n\n\n\n<h3 class=\"wp-block-heading\" id=\"h-concurso-dpe-ms-defensor\"><a href=\"https:\/\/cj.estrategia.com\/portal\/concurso-dpe-ms-defensor\/\" target=\"_blank\" rel=\"noreferrer noopener\">Concurso DPE MS Defensor<\/a><\/h3>\n\n\n\n<p>A Defensoria P\u00fablica do Estado do&nbsp;Mato Grosso do Sul escolheu a FGV como banca, com quem j\u00e1 realizou uma primeira reuni\u00e3o. Regulamento publicado.<\/p>\n\n\n\n<ul class=\"wp-block-list\"><li><strong>Status:<\/strong> Comiss\u00e3o formada<\/li><li><strong>Cargo:<\/strong> Defensor P\u00fablico Substituto<\/li><li><strong>Forma\u00e7\u00e3o:&nbsp;<\/strong>Bacharelado em Direito + 3 anos de atividade jur\u00eddica<\/li><li><strong>Vagas<\/strong>: a definir<\/li><li><strong>Sal\u00e1rio:<\/strong>&nbsp;R$ 28.884,20<\/li><li><a href=\"https:\/\/www.estrategiaconcursos.com.br\/cursosPorConcurso\/defensorias-publicas-estaduais-dpe-cursos-regulares\/\" target=\"_blank\" rel=\"noreferrer noopener\">Cursos para DPE MS Defensor<\/a><\/li><\/ul>\n\n\n\n<h3 class=\"wp-block-heading\" id=\"h-concurso-dpe-am-defensor\"><a href=\"https:\/\/cj.estrategia.com\/portal\/concurso-dpe-am-defensor\/\" target=\"_blank\" rel=\"noreferrer noopener\">Concurso DPE AM Defensor<\/a><\/h3>\n\n\n\n<p>A Defensoria P\u00fablica do Amazonas divulgou o extrato do contrato com a Funda\u00e7\u00e3o Carlos Chagas (FCC) para organizar o&nbsp;IV Concurso para Defensor. <\/p>\n\n\n\n<ul class=\"wp-block-list\"><li><strong>Status:<\/strong>&nbsp;Banca definida (FCC)<\/li><li><strong>Cargo:<\/strong> Defensor<\/li><li><strong>Forma\u00e7\u00e3o:&nbsp;<\/strong>Ensino Superior em Direito<\/li><li><strong>Vagas<\/strong>: a definir<\/li><li><strong>Sal\u00e1rio:<\/strong>&nbsp;R$ 14 mil<\/li><li><a href=\"https:\/\/www.estrategiaconcursos.com.br\/blog\/concurso-dpe-am-defensor\/\" target=\"_blank\" rel=\"noreferrer noopener\">Cursos para DPE AM Defensor<\/a><\/li><\/ul>\n\n\n\n<h3 class=\"wp-block-heading\" id=\"h-concurso-dpe-am\"><a href=\"https:\/\/www.estrategiaconcursos.com.br\/blog\/concurso-dpe-am\/\" target=\"_blank\" rel=\"noreferrer noopener\">Concurso DPE AM<\/a><\/h3>\n\n\n\n<p>A&nbsp;Defensoria P\u00fablica do Estado do Amazonas&nbsp;publicou o extrato do contrato com a FCC para organiza\u00e7\u00e3o do&nbsp;novo concurso, cujo regulamento j\u00e1 havia sido publicado. <\/p>\n\n\n\n<ul class=\"wp-block-list\"><li><strong>Status:<\/strong>&nbsp;Banca definida (FCC)<\/li><li><strong>Cargo:<\/strong> Analista Jur\u00eddico de Defensoria e Assistente T\u00e9cnico de Defensoria<\/li><li><strong>Forma\u00e7\u00e3o:&nbsp;<\/strong>N\u00edvel m\u00e9dio e superior<\/li><li><strong>Vagas<\/strong>: N\u00edvel m\u00e9dio e superior<\/li><li><strong>Sal\u00e1rio:<\/strong>&nbsp;R$ 3.531,95 a R$ 6.000,00<\/li><li><a href=\"https:\/\/www.estrategiaconcursos.com.br\/cursosPorConcurso\/dpe-am\/\" target=\"_blank\" rel=\"noreferrer noopener\">Cursos para DPE AM<\/a><\/li><\/ul>\n\n\n\n<h3 class=\"wp-block-heading\" id=\"h-concurso-sed-ms\"><a href=\"https:\/\/www.estrategiaconcursos.com.br\/blog\/concurso-sed-ms\/\" target=\"_blank\" rel=\"noreferrer noopener\">Concurso SED MS<\/a><\/h3>\n\n\n\n<p>O Secret\u00e1rio de Infraestrutura do Mato Grosso do Sul confirmou a&nbsp;abertura de concurso para a Secretaria de Estado de Educa\u00e7\u00e3o com 722 vagas para professores da Rede Estadual de Ensino (REE) ainda para 2021.<\/p>\n\n\n\n<ul class=\"wp-block-list\"><li><strong>Status:<\/strong>&nbsp;Anunciado<\/li><li><strong>Cargo:<\/strong> Professor de educa\u00e7\u00e3o b\u00e1sica<\/li><li><strong>Forma\u00e7\u00e3o:&nbsp;<\/strong>N\u00edvel superior<\/li><li><strong>Vagas<\/strong>: 772<\/li><li><strong>Sal\u00e1rio:<\/strong>&nbsp;a definir<\/li><li><a href=\"https:\/\/www.estrategiaconcursos.com.br\/cursosPorConcurso\/sed-ms-secretaria-de-estado-de-educacao-do-mato-grosso-do-sul\/\" target=\"_blank\" rel=\"noreferrer noopener\">Cursos para SED MS<\/a><\/li><\/ul>\n\n\n\n<h3 class=\"wp-block-heading\" id=\"h-concurso-seed-rr\"><a href=\"https:\/\/www.estrategiaconcursos.com.br\/blog\/concurso-seed-rr\/\" target=\"_blank\" rel=\"noreferrer noopener\">Concurso SEED RR<\/a><\/h3>\n\n\n\n<p>O Instituto de Desenvolvimento Educacional, Cultural e Assistencial Nacional \u2013&nbsp;IDECAN&nbsp;foi definido como organizador do novo concurso SEED RR previsto para o preenchimento de&nbsp;1.00 vagas&nbsp;para o cargo de&nbsp;professor de educa\u00e7\u00e3o ind\u00edgena.<\/p>\n\n\n\n<ul class=\"wp-block-list\"><li><strong>Status:<\/strong>&nbsp;Banca definida (IDECAN)<\/li><li><strong>Cargo:<\/strong> Professor Ind\u00edgena<\/li><li><strong>Forma\u00e7\u00e3o:&nbsp;<\/strong>N\u00edvel Superior<\/li><li><strong>Vagas<\/strong>: 1.000<\/li><li><strong>Sal\u00e1rio:<\/strong>&nbsp;R$ 1.669,09 a R$ 4.005,82<\/li><li><a href=\"https:\/\/www.estrategiaconcursos.com.br\/cursosPorConcurso\/secretaria-de-educacao-de-roraima-seed-rr\/\" target=\"_blank\" rel=\"noreferrer noopener\">Cursos para SEED RR<\/a><\/li><\/ul>\n\n\n\n<h3 class=\"wp-block-heading\" id=\"h-concurso-caixa\"><a href=\"https:\/\/www.estrategiaconcursos.com.br\/blog\/concurso-caixa\/\" target=\"_blank\" rel=\"noreferrer noopener\">Concurso Caixa<\/a><\/h3>\n\n\n\n<p>O presidente da&nbsp;Caixa Econ\u00f4mica Federal anunciou que ser\u00e1 aberta uma nova sele\u00e7\u00e3o com mil vagas para o cargo de&nbsp;T\u00e9cnico Banc\u00e1rio, exclusivo para pessoas com defici\u00eancia (PCDs), cujo edital \u00e9 previsto para&nbsp;setembro.<\/p>\n\n\n\n<ul class=\"wp-block-list\" id=\"block-2134db32-bafa-4da6-bdcc-c7df66fc23f5\"><li><strong style=\"color: initial;\">Status:<\/strong><span style=\"color: initial;\">&nbsp;Banca definida (<\/span>Cesgranrio)<\/li><li><strong>Cargo:<\/strong>&nbsp;T\u00e9cnico Banc\u00e1rio<\/li><li><strong>Forma\u00e7\u00e3o: <\/strong>N\u00edvel superior<\/li><li><strong>Vagas:<\/strong> 1.000 <\/li><li><strong>Sal\u00e1rio:<\/strong> R$ 2.025,00 (\u00faltimo edital)<\/li><li><a href=\"https:\/\/www.estrategiaconcursos.com.br\/cursosPorConcurso\/caixa-economica-federal-cef-393\/\" target=\"_blank\" rel=\"noreferrer noopener\">Curso para Caixa<\/a><\/li><\/ul>\n\n\n\n<h3 class=\"wp-block-heading\" id=\"h-concurso-tjdft\"><a href=\"https:\/\/www.estrategiaconcursos.com.br\/blog\/concurso-tjdft\/\" target=\"_blank\" rel=\"noreferrer noopener\">Concurso TJDFT<\/a><\/h3>\n\n\n\n<p>Durante a realiza\u00e7\u00e3o da&nbsp;9\u00aa Sess\u00e3o Ordin\u00e1ria por Videoconfer\u00eancia, o&nbsp;Conselho Especial do Tribunal de Justi\u00e7a do Distrito Federal e Territ\u00f3rios decidiu aprovar o in\u00edcio do processo&nbsp;para realiza\u00e7\u00e3o do concurso.<\/p>\n\n\n\n<ul class=\"wp-block-list\"><li><strong>Status:<\/strong>&nbsp;Anunciado<\/li><li><strong>Cargo:<\/strong> Analista e T\u00e9cnico<\/li><li><strong>Forma\u00e7\u00e3o:&nbsp;<\/strong>N\u00edvel m\u00e9dio e superior<\/li><li><strong>Vagas<\/strong>: A definir<\/li><li><strong>Sal\u00e1rio:<\/strong>&nbsp;R$ 7.591,36 a R$ 12.455,30<\/li><li><a href=\"https:\/\/www.estrategiaconcursos.com.br\/cursosPorConcurso\/tjdft-125\/\" target=\"_blank\" rel=\"noreferrer noopener\">Cursos para TJDFT<\/a><\/li><\/ul>\n\n\n\n<h3 class=\"wp-block-heading\" id=\"h-concurso-embasa\"><a href=\"https:\/\/www.estrategiaconcursos.com.br\/blog\/concurso-embasa\/\" target=\"_blank\" rel=\"noreferrer noopener\">Concurso EMBASA<\/a><\/h3>\n\n\n\n<p>Autorizado desde 2018, sele\u00e7\u00e3o recebe nova autoriza\u00e7\u00e3o, com aumento no n\u00famero de vagas, de 854 para 930.<\/p>\n\n\n\n<ul class=\"wp-block-list\"><li><strong>Status:<\/strong>&nbsp;Banca definida (Instituto AOCP)<\/li><li><strong>Cargo:<\/strong> a definir<\/li><li><strong>Forma\u00e7\u00e3o:&nbsp;<\/strong>a definir<\/li><li><strong>Vagas<\/strong>: 930<\/li><li><strong>Sal\u00e1rio:<\/strong>&nbsp;R$ 1.174,4 e R$ 7.798,95<\/li><li><a href=\"https:\/\/www.estrategiaconcursos.com.br\/cursosPorConcurso\/embasa\/\" target=\"_blank\" rel=\"noreferrer noopener\">Cursos para EMBASA<\/a><\/li><\/ul>\n\n\n\n<h3 class=\"wp-block-heading\" id=\"h-concurso-semsa-manaus\"><a href=\"https:\/\/www.estrategiaconcursos.com.br\/blog\/concurso-semsa-manaus\/\" target=\"_blank\" rel=\"noreferrer noopener\">Concurso Semsa Manaus<\/a><\/h3>\n\n\n\n<p>A Prefeitura de Manaus anunciou a realiza\u00e7\u00e3o do&nbsp;concurso SEMSA Manaus&nbsp;com a oferta de 2.001 vagas imediatas, al\u00e9m de cadastro reserva. A previs\u00e3o do prefeito David Almeida \u00e9 que o edital seja publicado at\u00e9 outubro, com provas em fevereiro de 2022.<\/p>\n\n\n\n<ul class=\"wp-block-list\"><li><strong>Status:<\/strong>&nbsp;Anunciado<\/li><li><strong>Cargo:<\/strong> a definir<\/li><li><strong>Forma\u00e7\u00e3o:<\/strong> a definir<\/li><li><strong>Vagas<\/strong>: 2.001 + CR<\/li><li><strong>Sal\u00e1rio:<\/strong>&nbsp;R$ 1.586,67 a R$ 12.271,80<\/li><li><a href=\"https:\/\/www.estrategiaconcursos.com.br\/cursosPorConcurso\/secretaria-municipal-de-saude-de-manaus-semsa-manaus\/\" target=\"_blank\" rel=\"noreferrer noopener\">Cursos para SEMSA<\/a><\/li><\/ul>\n\n\n\n<h3 class=\"wp-block-heading\" id=\"h-processo-seletivo-ministerio-da-economia\"><a href=\"https:\/\/www.estrategiaconcursos.com.br\/blog\/concurso-ministerio-da-economia\/\" target=\"_blank\" rel=\"noreferrer noopener\">Processo Seletivo Minist\u00e9rio da Economia<\/a><\/h3>\n\n\n\n<p>Um novo processo seletivo para o&nbsp;Minist\u00e9rio da Economia&nbsp;foi autorizado para preenchimento de&nbsp;300 vagas! A informa\u00e7\u00e3o foi divulgada no Di\u00e1rio Oficial da Uni\u00e3o. <\/p>\n\n\n\n<ul class=\"wp-block-list\"><li><strong>Status:<\/strong>&nbsp;Autorizado<\/li><li><strong>Cargo:<\/strong> T\u00e9cnico, Analista de Neg\u00f3cio e Analista T\u00e9cnico<\/li><li><strong>Forma\u00e7\u00e3o:&nbsp;<\/strong>N\u00edveis m\u00e9dio\/t\u00e9cnico e superior<\/li><li><strong>Vagas<\/strong>: 300<\/li><li><strong>Sal\u00e1rio:<\/strong>&nbsp;A definir<\/li><li><a href=\"https:\/\/www.estrategiaconcursos.com.br\/cursosPorConcurso\/ministerio-da-economia\/\" target=\"_blank\" rel=\"noreferrer noopener\">Cursos para ME<\/a><\/li><\/ul>\n\n\n\n<div class=\"wp-block-image\"><figure class=\"aligncenter size-large is-resized\"><img loading=\"lazy\" decoding=\"async\" src=\"https:\/\/dhg1h5j42swfq.cloudfront.net\/2020\/09\/18141901\/Coruja_Concursos%404x-506x1024.png\" alt=\"Concursos abertos e autorizados em JULHO! Confira!\" class=\"wp-image-574355\" width=\"29\" height=\"59\" srcset=\"https:\/\/dhg1h5j42swfq.cloudfront.net\/2020\/09\/18141901\/Coruja_Concursos%404x-506x1024.png 506w, https:\/\/dhg1h5j42swfq.cloudfront.net\/2020\/09\/18141901\/Coruja_Concursos%404x-148x300.png 148w, https:\/\/dhg1h5j42swfq.cloudfront.net\/2020\/09\/18141901\/Coruja_Concursos%404x-610x1236.png 610w, https:\/\/dhg1h5j42swfq.cloudfront.net\/2020\/09\/18141901\/Coruja_Concursos%404x.png 745w\" sizes=\"auto, (max-width: 29px) 100vw, 29px\" \/><\/figure><\/div>\n\n\n\n<p class=\"has-text-align-center\"><em>Quer ficar por dentro de todos as concursos com editais publicados, autorizados e previstos? Ent\u00e3o n\u00e3o deixe de conferir os artigos abaixo. Fique bem informado com o time do Estrat\u00e9gia:<\/em><\/p>\n\n\n\n<div class=\"container\" id=\"boxes\">\n  <div class=\"row\">\n\n    <div class=\"col-sm\" id=\"boxes-concursos\">\n      <div style=\"background-color: #005DAD;\" class=\"conteudo-concursos\" id=\"box-concursos\">\n        <h3 class=\"titulo-assinatura\">Concursos Abertos<\/h3>\n        <p class=\"subtitulo-assinatura\">Confira os editais publicados<\/p>\n        <div class=\"box-botao\">\n          <a class=\"btn-assinatura\" target=\"_blank\" href=\"https:\/\/www.estrategiaconcursos.com.br\/blog\/concursos-abertos\/\" role=\"button\" rel=\"noopener noreferrer\">Conhe\u00e7a Agora<\/a>\n        <\/div>\n      <\/div>\n    <\/div>\n\n    <div class=\"col-sm\" id=\"boxes-concursos\">\n      <div style=\"background-color: #1A7ED5;\" class=\"conteudo-concursos\" id=\"box-concursos\">\n        <h3 class=\"titulo-assinatura\">Concursos 2021<\/h3>\n        <p class=\"subtitulo-assinatura\">As oportunidades previstas<\/p>\n        <div class=\"box-botao\">\n          <a class=\"btn-assinatura\" target=\"_blank\" href=\"https:\/\/www.estrategiaconcursos.com.br\/blog\/concursos-2021\/\" role=\"button\" rel=\"noopener noreferrer\">Conhe\u00e7a Agora<\/a>\n        <\/div>\n      <\/div>\n    <\/div>\n\n    <div class=\"col-sm\" id=\"boxes-concursos\">\n      <div style=\"background-color: #419FF0;\" class=\"conteudo-concursos\" id=\"box-concursos\">\n        <h3 class=\"titulo-assinatura\">Concursos 2022<\/h3>\n        <p class=\"subtitulo-assinatura\">Vagas para o pr\u00f3ximo ano<\/p>\n        <div class=\"box-botao\">\n          <a class=\"btn-assinatura\" target=\"_blank\" href=\"https:\/\/www.estrategiaconcursos.com.br\/blog\/concursos-2022\/\" role=\"button\" rel=\"noopener noreferrer\">Conhe\u00e7a Agora<\/a>\n        <\/div>\n      <\/div>\n    <\/div>\n\n  <\/div>\n<\/div>\n\n\n\n<p class=\"has-text-align-center\"><em>E para garantir a t\u00e3o sonhada vaga, \u00e9 preciso se preparar com um material de alta qualidade. Que tal aproveitar e j\u00e1 assinar um dos nosso cursos? Certeza que voc\u00ea vai figurar na lista dos primeiros aprovados!<\/em><\/p>\n\n\n\n<div class=\"container\" id=\"boxes\">\n  <div class=\"row\">\n\n    <div class=\"col-sm\">\n      <div class=\"estrategia\" id=\"box-assinatura\">\n        <h3 class=\"titulo-assinatura\">Assinatura Concursos<\/h3>\n        <p class=\"subtitulo-assinatura\">Assinatura de 1 ano ou 2 anos<\/p>\n        <div class=\"box-botao\">\n          <a class=\"btn-assinatura\" target=\"_blank\" href=\"https:\/\/www.estrategiaconcursos.com.br\/assinaturas\/\" role=\"button\" rel=\"noopener noreferrer\">ASSINE AGORA<\/a>\n        <\/div>\n      <\/div>\n     \n    <\/div><\/div><\/div>\n","protected":false},"excerpt":{"rendered":"<p>O m\u00eas de agosto termina recheado de \u00f3timas oportunidades em diversas \u00e1reas, com novidades a respeito de certames que j\u00e1 estavam no radar e novos concursos previstos. Destaque para as \u00e1reas fiscal e de carreiras jur\u00eddicas, que tiveram in\u00fameras movimenta\u00e7\u00f5es ao longo das \u00faltimas semanas. Tamb\u00e9m tivemos a publica\u00e7\u00e3o de importantes editais, como o da [&hellip;]<\/p>\n","protected":false},"author":659,"featured_media":824717,"comment_status":"open","ping_status":"closed","sticky":false,"template":"","format":"standard","meta":{"post_tipo":"news","footnotes":""},"categories":[1],"tags":[],"tax_estado":[219963],"class_list":["post-847178","post","type-post","status-publish","format-standard","has-post-thumbnail","hentry","category-cursos-e-concursos","tax_estado-concursos-federais"],"acf":[],"yoast_head":"<!-- This site is optimized with the Yoast SEO Premium plugin v27.2 (Yoast SEO v27.2) - https:\/\/yoast.com\/product\/yoast-seo-premium-wordpress\/ -->\n<title>Concursos abertos e autorizados em AGOSTO de 2021!<\/title>\n<meta name=\"description\" content=\"O \u00faltimo m\u00eas foi intenso para os concurseiros de todas as \u00e1reas. Confira os melhores concursos autorizados e com editais abertos em agosto.\" \/>\n<meta name=\"robots\" content=\"index, follow, max-snippet:-1, max-image-preview:large, max-video-preview:-1\" \/>\n<link rel=\"canonical\" href=\"https:\/\/www.estrategiaconcursos.com.br\/blog\/concursos-abertos-e-autorizados-agosto-2021\/\" \/>\n<meta property=\"og:locale\" content=\"pt_BR\" \/>\n<meta property=\"og:type\" content=\"article\" \/>\n<meta property=\"og:title\" content=\"Concursos abertos e autorizados em AGOSTO de 2021!\" \/>\n<meta property=\"og:description\" content=\"O \u00faltimo m\u00eas foi intenso para os concurseiros de todas as \u00e1reas. Confira os melhores concursos autorizados e com editais abertos em agosto.\" \/>\n<meta property=\"og:url\" content=\"https:\/\/www.estrategiaconcursos.com.br\/blog\/concursos-abertos-e-autorizados-agosto-2021\/\" \/>\n<meta property=\"og:site_name\" content=\"Estrat\u00e9gia Concursos\" \/>\n<meta property=\"article:published_time\" content=\"2021-08-31T12:00:00+00:00\" \/>\n<meta property=\"article:modified_time\" content=\"2022-07-26T20:04:53+00:00\" \/>\n<meta property=\"og:image\" content=\"https:\/\/dhg1h5j42swfq.cloudfront.net\/2021\/07\/29101317\/concursos-2021.jpg\" \/>\n\t<meta property=\"og:image:width\" content=\"1200\" \/>\n\t<meta property=\"og:image:height\" content=\"628\" \/>\n\t<meta property=\"og:image:type\" content=\"image\/jpeg\" \/>\n<meta name=\"author\" content=\"Camila Leite\" \/>\n<meta name=\"twitter:card\" content=\"summary_large_image\" \/>\n<meta name=\"twitter:creator\" content=\"@EstratConcursos\" \/>\n<meta name=\"twitter:site\" content=\"@EstratConcursos\" \/>\n<meta name=\"twitter:label1\" content=\"Escrito por\" \/>\n\t<meta name=\"twitter:data1\" content=\"Camila Leite\" \/>\n\t<meta name=\"twitter:label2\" content=\"Est. tempo de leitura\" \/>\n\t<meta name=\"twitter:data2\" content=\"19 minutos\" \/>\n<script type=\"application\/ld+json\" class=\"yoast-schema-graph\">{\"@context\":\"https:\/\/schema.org\",\"@graph\":[{\"@type\":\"NewsArticle\",\"@id\":\"https:\/\/www.estrategiaconcursos.com.br\/blog\/concursos-abertos-e-autorizados-agosto-2021\/#article\",\"isPartOf\":{\"@id\":\"https:\/\/www.estrategiaconcursos.com.br\/blog\/concursos-abertos-e-autorizados-agosto-2021\/\"},\"author\":{\"name\":\"Camila Leite\",\"@id\":\"https:\/\/www.estrategiaconcursos.com.br\/blog\/#\/schema\/person\/84ecdc6eb58d3cf1689bf76c5cd8fb38\"},\"headline\":\"Concursos abertos e autorizados em AGOSTO de 2021!\",\"datePublished\":\"2021-08-31T12:00:00+00:00\",\"dateModified\":\"2022-07-26T20:04:53+00:00\",\"mainEntityOfPage\":{\"@id\":\"https:\/\/www.estrategiaconcursos.com.br\/blog\/concursos-abertos-e-autorizados-agosto-2021\/\"},\"wordCount\":3995,\"commentCount\":0,\"publisher\":{\"@id\":\"https:\/\/www.estrategiaconcursos.com.br\/blog\/#organization\"},\"image\":{\"@id\":\"https:\/\/www.estrategiaconcursos.com.br\/blog\/concursos-abertos-e-autorizados-agosto-2021\/#primaryimage\"},\"thumbnailUrl\":\"https:\/\/dhg1h5j42swfq.cloudfront.net\/2021\/07\/29101317\/concursos-2021.jpg\",\"articleSection\":[\"Concursos P\u00fablicos\"],\"inLanguage\":\"pt-BR\",\"potentialAction\":[{\"@type\":\"CommentAction\",\"name\":\"Comment\",\"target\":[\"https:\/\/www.estrategiaconcursos.com.br\/blog\/concursos-abertos-e-autorizados-agosto-2021\/#respond\"]}],\"copyrightYear\":\"2021\",\"copyrightHolder\":{\"@id\":\"https:\/\/www.estrategiaconcursos.com.br\/blog\/#organization\"}},{\"@type\":\"WebPage\",\"@id\":\"https:\/\/www.estrategiaconcursos.com.br\/blog\/concursos-abertos-e-autorizados-agosto-2021\/\",\"url\":\"https:\/\/www.estrategiaconcursos.com.br\/blog\/concursos-abertos-e-autorizados-agosto-2021\/\",\"name\":\"Concursos abertos e autorizados em AGOSTO de 2021!\",\"isPartOf\":{\"@id\":\"https:\/\/www.estrategiaconcursos.com.br\/blog\/#website\"},\"primaryImageOfPage\":{\"@id\":\"https:\/\/www.estrategiaconcursos.com.br\/blog\/concursos-abertos-e-autorizados-agosto-2021\/#primaryimage\"},\"image\":{\"@id\":\"https:\/\/www.estrategiaconcursos.com.br\/blog\/concursos-abertos-e-autorizados-agosto-2021\/#primaryimage\"},\"thumbnailUrl\":\"https:\/\/dhg1h5j42swfq.cloudfront.net\/2021\/07\/29101317\/concursos-2021.jpg\",\"datePublished\":\"2021-08-31T12:00:00+00:00\",\"dateModified\":\"2022-07-26T20:04:53+00:00\",\"description\":\"O \u00faltimo m\u00eas foi intenso para os concurseiros de todas as \u00e1reas. Confira os melhores concursos autorizados e com editais abertos em agosto.\",\"breadcrumb\":{\"@id\":\"https:\/\/www.estrategiaconcursos.com.br\/blog\/concursos-abertos-e-autorizados-agosto-2021\/#breadcrumb\"},\"inLanguage\":\"pt-BR\",\"potentialAction\":[{\"@type\":\"ReadAction\",\"target\":[\"https:\/\/www.estrategiaconcursos.com.br\/blog\/concursos-abertos-e-autorizados-agosto-2021\/\"]}]},{\"@type\":\"ImageObject\",\"inLanguage\":\"pt-BR\",\"@id\":\"https:\/\/www.estrategiaconcursos.com.br\/blog\/concursos-abertos-e-autorizados-agosto-2021\/#primaryimage\",\"url\":\"https:\/\/dhg1h5j42swfq.cloudfront.net\/2021\/07\/29101317\/concursos-2021.jpg\",\"contentUrl\":\"https:\/\/dhg1h5j42swfq.cloudfront.net\/2021\/07\/29101317\/concursos-2021.jpg\",\"width\":1200,\"height\":628},{\"@type\":\"BreadcrumbList\",\"@id\":\"https:\/\/www.estrategiaconcursos.com.br\/blog\/concursos-abertos-e-autorizados-agosto-2021\/#breadcrumb\",\"itemListElement\":[{\"@type\":\"ListItem\",\"position\":1,\"name\":\"In\u00edcio\",\"item\":\"https:\/\/www.estrategiaconcursos.com.br\/blog\/\"},{\"@type\":\"ListItem\",\"position\":2,\"name\":\"Concursos abertos e autorizados em AGOSTO de 2021!\"}]},{\"@type\":\"WebSite\",\"@id\":\"https:\/\/www.estrategiaconcursos.com.br\/blog\/#website\",\"url\":\"https:\/\/www.estrategiaconcursos.com.br\/blog\/\",\"name\":\"Estrat\u00e9gia Concursos\",\"description\":\"O blog da Estrat\u00e9gia Concursos traz not\u00edcias sobre concursos e artigos de professores oferecendo cursos para concursos (pdf + videaulas) no site.\",\"publisher\":{\"@id\":\"https:\/\/www.estrategiaconcursos.com.br\/blog\/#organization\"},\"potentialAction\":[{\"@type\":\"SearchAction\",\"target\":{\"@type\":\"EntryPoint\",\"urlTemplate\":\"https:\/\/www.estrategiaconcursos.com.br\/blog\/?s={search_term_string}\"},\"query-input\":{\"@type\":\"PropertyValueSpecification\",\"valueRequired\":true,\"valueName\":\"search_term_string\"}}],\"inLanguage\":\"pt-BR\"},{\"@type\":\"Organization\",\"@id\":\"https:\/\/www.estrategiaconcursos.com.br\/blog\/#organization\",\"name\":\"Estrat\u00e9gia Concursos\",\"url\":\"https:\/\/www.estrategiaconcursos.com.br\/blog\/\",\"logo\":{\"@type\":\"ImageObject\",\"inLanguage\":\"pt-BR\",\"@id\":\"https:\/\/www.estrategiaconcursos.com.br\/blog\/#\/schema\/logo\/image\/\",\"url\":\"https:\/\/dhg1h5j42swfq.cloudfront.net\/2025\/06\/03203428\/logo_concursos-1.jpg\",\"contentUrl\":\"https:\/\/dhg1h5j42swfq.cloudfront.net\/2025\/06\/03203428\/logo_concursos-1.jpg\",\"width\":230,\"height\":60,\"caption\":\"Estrat\u00e9gia Concursos\"},\"image\":{\"@id\":\"https:\/\/www.estrategiaconcursos.com.br\/blog\/#\/schema\/logo\/image\/\"},\"sameAs\":[\"https:\/\/x.com\/EstratConcursos\"]},{\"@type\":\"Person\",\"@id\":\"https:\/\/www.estrategiaconcursos.com.br\/blog\/#\/schema\/person\/84ecdc6eb58d3cf1689bf76c5cd8fb38\",\"name\":\"Camila Leite\",\"image\":{\"@type\":\"ImageObject\",\"inLanguage\":\"pt-BR\",\"@id\":\"https:\/\/secure.gravatar.com\/avatar\/f2f8faef639c8a2bfb7fb909912a56917f4c3a0aed064500168e2fb8ea55cf61?s=96&d=mm&r=g\",\"url\":\"https:\/\/secure.gravatar.com\/avatar\/f2f8faef639c8a2bfb7fb909912a56917f4c3a0aed064500168e2fb8ea55cf61?s=96&d=mm&r=g\",\"contentUrl\":\"https:\/\/secure.gravatar.com\/avatar\/f2f8faef639c8a2bfb7fb909912a56917f4c3a0aed064500168e2fb8ea55cf61?s=96&d=mm&r=g\",\"caption\":\"Camila Leite\"},\"description\":\"Formada em Design Gr\u00e1fico e em Propaganda e Marketing pela UNIP, integra a equipe de jornalismo do Estrat\u00e9gia Concursos desde 2018. Ao longo dos anos, construiu uma s\u00f3lida experi\u00eancia na produ\u00e7\u00e3o de conte\u00fado informativo e relevante para concurseiros. Desde 2020, atua na cobertura das \u00e1reas Fiscal \u2014 com \u00eanfase nas Secretarias de Fazenda (Sefaz) das regi\u00f5es Sul e Sudeste \u2014, al\u00e9m da cobertura de concursos federais, como CNU, Petrobras, CGU, Receita Federal, ag\u00eancias reguladoras (Anvisa, ANAC, entre outras) e INSS. Mant\u00e9m contato direto com os principais \u00f3rg\u00e3os p\u00fablicos, acompanhando editais, atualiza\u00e7\u00f5es e movimenta\u00e7\u00f5es importantes para os candidatos.\",\"sameAs\":[\"https:\/\/www.linkedin.com\/in\/camila-pinheiro-leite-9ba135b6\/\"],\"url\":\"https:\/\/www.estrategiaconcursos.com.br\/blog\/author\/camila-leiteestrategiaconcursos-com-br\/\"}]}<\/script>\n<!-- \/ Yoast SEO Premium plugin. -->","yoast_head_json":{"title":"Concursos abertos e autorizados em AGOSTO de 2021!","description":"O \u00faltimo m\u00eas foi intenso para os concurseiros de todas as \u00e1reas. Confira os melhores concursos autorizados e com editais abertos em agosto.","robots":{"index":"index","follow":"follow","max-snippet":"max-snippet:-1","max-image-preview":"max-image-preview:large","max-video-preview":"max-video-preview:-1"},"canonical":"https:\/\/www.estrategiaconcursos.com.br\/blog\/concursos-abertos-e-autorizados-agosto-2021\/","og_locale":"pt_BR","og_type":"article","og_title":"Concursos abertos e autorizados em AGOSTO de 2021!","og_description":"O \u00faltimo m\u00eas foi intenso para os concurseiros de todas as \u00e1reas. Confira os melhores concursos autorizados e com editais abertos em agosto.","og_url":"https:\/\/www.estrategiaconcursos.com.br\/blog\/concursos-abertos-e-autorizados-agosto-2021\/","og_site_name":"Estrat\u00e9gia Concursos","article_published_time":"2021-08-31T12:00:00+00:00","article_modified_time":"2022-07-26T20:04:53+00:00","og_image":[{"width":1200,"height":628,"url":"https:\/\/dhg1h5j42swfq.cloudfront.net\/2021\/07\/29101317\/concursos-2021.jpg","type":"image\/jpeg"}],"author":"Camila Leite","twitter_card":"summary_large_image","twitter_creator":"@EstratConcursos","twitter_site":"@EstratConcursos","twitter_misc":{"Escrito por":"Camila Leite","Est. tempo de leitura":"19 minutos"},"schema":{"@context":"https:\/\/schema.org","@graph":[{"@type":"NewsArticle","@id":"https:\/\/www.estrategiaconcursos.com.br\/blog\/concursos-abertos-e-autorizados-agosto-2021\/#article","isPartOf":{"@id":"https:\/\/www.estrategiaconcursos.com.br\/blog\/concursos-abertos-e-autorizados-agosto-2021\/"},"author":{"name":"Camila Leite","@id":"https:\/\/www.estrategiaconcursos.com.br\/blog\/#\/schema\/person\/84ecdc6eb58d3cf1689bf76c5cd8fb38"},"headline":"Concursos abertos e autorizados em AGOSTO de 2021!","datePublished":"2021-08-31T12:00:00+00:00","dateModified":"2022-07-26T20:04:53+00:00","mainEntityOfPage":{"@id":"https:\/\/www.estrategiaconcursos.com.br\/blog\/concursos-abertos-e-autorizados-agosto-2021\/"},"wordCount":3995,"commentCount":0,"publisher":{"@id":"https:\/\/www.estrategiaconcursos.com.br\/blog\/#organization"},"image":{"@id":"https:\/\/www.estrategiaconcursos.com.br\/blog\/concursos-abertos-e-autorizados-agosto-2021\/#primaryimage"},"thumbnailUrl":"https:\/\/dhg1h5j42swfq.cloudfront.net\/2021\/07\/29101317\/concursos-2021.jpg","articleSection":["Concursos P\u00fablicos"],"inLanguage":"pt-BR","potentialAction":[{"@type":"CommentAction","name":"Comment","target":["https:\/\/www.estrategiaconcursos.com.br\/blog\/concursos-abertos-e-autorizados-agosto-2021\/#respond"]}],"copyrightYear":"2021","copyrightHolder":{"@id":"https:\/\/www.estrategiaconcursos.com.br\/blog\/#organization"}},{"@type":"WebPage","@id":"https:\/\/www.estrategiaconcursos.com.br\/blog\/concursos-abertos-e-autorizados-agosto-2021\/","url":"https:\/\/www.estrategiaconcursos.com.br\/blog\/concursos-abertos-e-autorizados-agosto-2021\/","name":"Concursos abertos e autorizados em AGOSTO de 2021!","isPartOf":{"@id":"https:\/\/www.estrategiaconcursos.com.br\/blog\/#website"},"primaryImageOfPage":{"@id":"https:\/\/www.estrategiaconcursos.com.br\/blog\/concursos-abertos-e-autorizados-agosto-2021\/#primaryimage"},"image":{"@id":"https:\/\/www.estrategiaconcursos.com.br\/blog\/concursos-abertos-e-autorizados-agosto-2021\/#primaryimage"},"thumbnailUrl":"https:\/\/dhg1h5j42swfq.cloudfront.net\/2021\/07\/29101317\/concursos-2021.jpg","datePublished":"2021-08-31T12:00:00+00:00","dateModified":"2022-07-26T20:04:53+00:00","description":"O \u00faltimo m\u00eas foi intenso para os concurseiros de todas as \u00e1reas. Confira os melhores concursos autorizados e com editais abertos em agosto.","breadcrumb":{"@id":"https:\/\/www.estrategiaconcursos.com.br\/blog\/concursos-abertos-e-autorizados-agosto-2021\/#breadcrumb"},"inLanguage":"pt-BR","potentialAction":[{"@type":"ReadAction","target":["https:\/\/www.estrategiaconcursos.com.br\/blog\/concursos-abertos-e-autorizados-agosto-2021\/"]}]},{"@type":"ImageObject","inLanguage":"pt-BR","@id":"https:\/\/www.estrategiaconcursos.com.br\/blog\/concursos-abertos-e-autorizados-agosto-2021\/#primaryimage","url":"https:\/\/dhg1h5j42swfq.cloudfront.net\/2021\/07\/29101317\/concursos-2021.jpg","contentUrl":"https:\/\/dhg1h5j42swfq.cloudfront.net\/2021\/07\/29101317\/concursos-2021.jpg","width":1200,"height":628},{"@type":"BreadcrumbList","@id":"https:\/\/www.estrategiaconcursos.com.br\/blog\/concursos-abertos-e-autorizados-agosto-2021\/#breadcrumb","itemListElement":[{"@type":"ListItem","position":1,"name":"In\u00edcio","item":"https:\/\/www.estrategiaconcursos.com.br\/blog\/"},{"@type":"ListItem","position":2,"name":"Concursos abertos e autorizados em AGOSTO de 2021!"}]},{"@type":"WebSite","@id":"https:\/\/www.estrategiaconcursos.com.br\/blog\/#website","url":"https:\/\/www.estrategiaconcursos.com.br\/blog\/","name":"Estrat\u00e9gia Concursos","description":"O blog da Estrat\u00e9gia Concursos traz not\u00edcias sobre concursos e artigos de professores oferecendo cursos para concursos (pdf + videaulas) no site.","publisher":{"@id":"https:\/\/www.estrategiaconcursos.com.br\/blog\/#organization"},"potentialAction":[{"@type":"SearchAction","target":{"@type":"EntryPoint","urlTemplate":"https:\/\/www.estrategiaconcursos.com.br\/blog\/?s={search_term_string}"},"query-input":{"@type":"PropertyValueSpecification","valueRequired":true,"valueName":"search_term_string"}}],"inLanguage":"pt-BR"},{"@type":"Organization","@id":"https:\/\/www.estrategiaconcursos.com.br\/blog\/#organization","name":"Estrat\u00e9gia Concursos","url":"https:\/\/www.estrategiaconcursos.com.br\/blog\/","logo":{"@type":"ImageObject","inLanguage":"pt-BR","@id":"https:\/\/www.estrategiaconcursos.com.br\/blog\/#\/schema\/logo\/image\/","url":"https:\/\/dhg1h5j42swfq.cloudfront.net\/2025\/06\/03203428\/logo_concursos-1.jpg","contentUrl":"https:\/\/dhg1h5j42swfq.cloudfront.net\/2025\/06\/03203428\/logo_concursos-1.jpg","width":230,"height":60,"caption":"Estrat\u00e9gia Concursos"},"image":{"@id":"https:\/\/www.estrategiaconcursos.com.br\/blog\/#\/schema\/logo\/image\/"},"sameAs":["https:\/\/x.com\/EstratConcursos"]},{"@type":"Person","@id":"https:\/\/www.estrategiaconcursos.com.br\/blog\/#\/schema\/person\/84ecdc6eb58d3cf1689bf76c5cd8fb38","name":"Camila Leite","image":{"@type":"ImageObject","inLanguage":"pt-BR","@id":"https:\/\/secure.gravatar.com\/avatar\/f2f8faef639c8a2bfb7fb909912a56917f4c3a0aed064500168e2fb8ea55cf61?s=96&d=mm&r=g","url":"https:\/\/secure.gravatar.com\/avatar\/f2f8faef639c8a2bfb7fb909912a56917f4c3a0aed064500168e2fb8ea55cf61?s=96&d=mm&r=g","contentUrl":"https:\/\/secure.gravatar.com\/avatar\/f2f8faef639c8a2bfb7fb909912a56917f4c3a0aed064500168e2fb8ea55cf61?s=96&d=mm&r=g","caption":"Camila Leite"},"description":"Formada em Design Gr\u00e1fico e em Propaganda e Marketing pela UNIP, integra a equipe de jornalismo do Estrat\u00e9gia Concursos desde 2018. Ao longo dos anos, construiu uma s\u00f3lida experi\u00eancia na produ\u00e7\u00e3o de conte\u00fado informativo e relevante para concurseiros. Desde 2020, atua na cobertura das \u00e1reas Fiscal \u2014 com \u00eanfase nas Secretarias de Fazenda (Sefaz) das regi\u00f5es Sul e Sudeste \u2014, al\u00e9m da cobertura de concursos federais, como CNU, Petrobras, CGU, Receita Federal, ag\u00eancias reguladoras (Anvisa, ANAC, entre outras) e INSS. Mant\u00e9m contato direto com os principais \u00f3rg\u00e3os p\u00fablicos, acompanhando editais, atualiza\u00e7\u00f5es e movimenta\u00e7\u00f5es importantes para os candidatos.","sameAs":["https:\/\/www.linkedin.com\/in\/camila-pinheiro-leite-9ba135b6\/"],"url":"https:\/\/www.estrategiaconcursos.com.br\/blog\/author\/camila-leiteestrategiaconcursos-com-br\/"}]}},"_links":{"self":[{"href":"https:\/\/www.estrategiaconcursos.com.br\/blog\/wp-json\/wp\/v2\/posts\/847178","targetHints":{"allow":["GET"]}}],"collection":[{"href":"https:\/\/www.estrategiaconcursos.com.br\/blog\/wp-json\/wp\/v2\/posts"}],"about":[{"href":"https:\/\/www.estrategiaconcursos.com.br\/blog\/wp-json\/wp\/v2\/types\/post"}],"author":[{"embeddable":true,"href":"https:\/\/www.estrategiaconcursos.com.br\/blog\/wp-json\/wp\/v2\/users\/659"}],"replies":[{"embeddable":true,"href":"https:\/\/www.estrategiaconcursos.com.br\/blog\/wp-json\/wp\/v2\/comments?post=847178"}],"version-history":[{"count":32,"href":"https:\/\/www.estrategiaconcursos.com.br\/blog\/wp-json\/wp\/v2\/posts\/847178\/revisions"}],"predecessor-version":[{"id":1067187,"href":"https:\/\/www.estrategiaconcursos.com.br\/blog\/wp-json\/wp\/v2\/posts\/847178\/revisions\/1067187"}],"wp:featuredmedia":[{"embeddable":true,"href":"https:\/\/www.estrategiaconcursos.com.br\/blog\/wp-json\/wp\/v2\/media\/824717"}],"wp:attachment":[{"href":"https:\/\/www.estrategiaconcursos.com.br\/blog\/wp-json\/wp\/v2\/media?parent=847178"}],"wp:term":[{"taxonomy":"category","embeddable":true,"href":"https:\/\/www.estrategiaconcursos.com.br\/blog\/wp-json\/wp\/v2\/categories?post=847178"},{"taxonomy":"post_tag","embeddable":true,"href":"https:\/\/www.estrategiaconcursos.com.br\/blog\/wp-json\/wp\/v2\/tags?post=847178"},{"taxonomy":"tax_estado","embeddable":true,"href":"https:\/\/www.estrategiaconcursos.com.br\/blog\/wp-json\/wp\/v2\/tax_estado?post=847178"}],"curies":[{"name":"wp","href":"https:\/\/api.w.org\/{rel}","templated":true}]}}