{"id":847142,"date":"2021-08-27T10:00:00","date_gmt":"2021-08-27T13:00:00","guid":{"rendered":"https:\/\/www.estrategiaconcursos.com.br\/blog\/?p=847142"},"modified":"2021-08-27T14:01:08","modified_gmt":"2021-08-27T17:01:08","slug":"concurso-pc-rj-reajuste-beneficios-alerj","status":"publish","type":"post","link":"https:\/\/www.estrategiaconcursos.com.br\/blog\/concurso-pc-rj-reajuste-beneficios-alerj\/","title":{"rendered":"Concurso PC RJ: Reajuste nos benef\u00edcios \u00e9 aprovado pela ALERJ"},"content":{"rendered":"\n<p>Nesta \u00faltima quinta-feira, 26 de agosto, foi aprovado, pela Assembleia Legislativa do Rio de Janeiro (<a href=\"http:\/\/www.alerj.rj.gov.br\/\" target=\"_blank\" rel=\"noreferrer noopener\">ALERJ<\/a>), o <strong>reajuste no valor dos benef\u00edcios<\/strong> dos servidores da Pol\u00edcia Civil (PC RJ), referente aos aux\u00edlios alimenta\u00e7\u00e3o e transporte.<\/p>\n\n\n\n<p>Vale ressaltar que o Projeto de Lei 4.668\/2021, de autoria dos deputados Carlos Augusto (PSD) e Martha Rocha (PDT),&nbsp;foi admitido em discuss\u00e3o \u00fanica. Agora, o texto segue para ser sancionado ou vetado pelo governador do Estado, Cl\u00e1udio Castro. <\/p>\n\n\n\n<h2 class=\"wp-block-heading\" id=\"h-o-que-mudar-com-o-reajuste-na-pc-rj\">O que mudar\u00e1 com o reajuste na PC RJ?<\/h2>\n\n\n\n<p>A proposta dos parlamentares \u00e9 que o aux\u00edlio-alimenta\u00e7\u00e3o seja alterado de R$ 12,00 para R$ 60,00 por dia. Sendo assim, o valor passar\u00e1 de R$ 264,00 para R$ 1.320,00 por m\u00eas, levando em conta uma m\u00e9dia de 22 dias de trabalho. J\u00e1 o aux\u00edlio-transporte aumentar\u00e1 de R$ 100,00 para R$ 500,00 mensais.&nbsp; <\/p>\n\n\n\n<p>Caso o projeto seja, de fato, sancionado, as remunera\u00e7\u00f5es do concurso PC RJ tamb\u00e9m ter\u00e3o uma significativa mudan\u00e7a. Confira:<\/p>\n\n\n\n<ul class=\"wp-block-list\"><li><strong>Auxiliar de necropsia<\/strong>: <ul><li><span style=\"text-decoration: underline;\">Atual<\/span>: R$ 4.506,27<\/li><li><span style=\"text-decoration: underline;\">Com reajuste<\/span>: R$ 5.562,27;<\/li><\/ul><\/li><li><strong>T\u00e9cnico de necropsia<\/strong>: <ul><li><span style=\"text-decoration: underline;\">Atual<\/span>: R$ 5.277,59<\/li><li><span style=\"text-decoration: underline;\">Com reajuste<\/span>: R$ 6.333,59;<\/li><\/ul><\/li><li><strong>Investigador<\/strong>: <ul><li><span style=\"text-decoration: underline;\">Atual<\/span>: R$ 5.740,38<\/li><li><span style=\"text-decoration: underline;\">Com reajuste<\/span>: R$ 6.796,38;<\/li><\/ul><\/li><li><strong>Inspetor<\/strong>: <ul><li><span style=\"text-decoration: underline;\">Atual<\/span>: R$ 6.280,31<\/li><li><span style=\"text-decoration: underline;\">Com reajuste<\/span>: R$ 7.336,31;<\/li><\/ul><\/li><li><strong>Perito criminal<\/strong>: <ul><li><span style=\"text-decoration: underline;\">Atual<\/span>: R$ 10.149,55<\/li><li><span style=\"text-decoration: underline;\">Com reajuste<\/span>: R$ 11.205,55;<\/li><\/ul><\/li><li><strong>Perito legista<\/strong>: <ul><li><span style=\"text-decoration: underline;\">Atual<\/span>: R$ 10.149,55<\/li><li><span style=\"text-decoration: underline;\">Com reajuste<\/span>: R$ 11.205,55;<\/li><\/ul><\/li><li><strong>Delegado<\/strong>: <ul><li><span style=\"text-decoration: underline;\">Atual<\/span>: R$ 18.747,95<\/li><li><span style=\"text-decoration: underline;\">Com reajuste<\/span>: R$ 19.803,95.<\/li><\/ul><\/li><\/ul>\n\n\n\n<h2 class=\"wp-block-heading\" id=\"h-qual-a-expectativa-do-reajuste-da-pc-rj-ser-aprovado-pelo-governador\">Qual a expectativa do reajuste da PC RJ ser aprovado pelo governador?<\/h2>\n\n\n\n<p>Apesar da boa inten\u00e7\u00e3o dos deputados com o projeto, a expectativa \u00e9 que o texto seja vetado pelo governador Cl\u00e1udio Castro. Isso porque propostas de impacto financeiro precisam partir do Poder Executivo, ou seja, do governo. Contudo, a solicita\u00e7\u00e3o foi elaborada pelo Poder Legislativo, o que configura, segundo a Constitui\u00e7\u00e3o, v\u00edcio de iniciativa.<\/p>\n\n\n\n<p>Al\u00e9m disso, outro forte ind\u00edcio de veto se d\u00e1 pelo fato do Rio de Janeiro viver, atualmente, sob o Regime de Recupera\u00e7\u00e3o Fiscal (RRF), o que impede de o Estado proporcionar aumentos e\/ou reajustes aos servidores p\u00fablicos.<\/p>\n\n\n\n<h2 class=\"wp-block-heading\" id=\"h-novo-concurso-pc-rj-iminente\">Novo concurso PC RJ \u00e9 iminente<\/h2>\n\n\n\n<p>Se torna cada dia mais iminente a publica\u00e7\u00e3o dos novos editais do concurso PC RJ! Ap\u00f3s uma longa novela, foi definida a banca organizadora da sele\u00e7\u00e3o para cargos de Inspetor, Investigador, Perito Criminal, Perito Legista, T\u00e9cnico e Auxiliar de Necropsia.<\/p>\n\n\n\n<p>Segundo informa\u00e7\u00f5es do <a href=\"https:\/\/dhg1h5j42swfq.cloudfront.net\/2021\/08\/17102703\/fgv-pc-rj.jpg\" target=\"_blank\" rel=\"noreferrer noopener nofollow\">Portal de Compras<\/a>, a <strong>Funda\u00e7\u00e3o Get\u00falio Vargas <\/strong>(FGV) foi oficialmente contratada. Agora, espera-se que o acordo entre as partes seja oficialmente anunciado atrav\u00e9s da publica\u00e7\u00e3o do extrato de contrato, no Di\u00e1rio Oficial.<\/p>\n\n\n\n<p>Em rela\u00e7\u00e3o ao cargo de Delegado, o edital segue sob responsabilidade do <strong>Centro Brasileiro de Pesquisa&nbsp;em Avalia\u00e7\u00e3o e&nbsp;Sele\u00e7\u00e3o e de Promo\u00e7\u00e3o de Eventos<\/strong> (Cebraspe). Vale lembrar que, no total, cinco empresas participaram da disputa.<\/p>\n\n\n\n<p>De acordo com o projeto b\u00e1sico, a Pol\u00edcia Civil do Rio de Janeiro ofertar\u00e1 aos candidatos&nbsp;<strong>400 vagas imediatas<\/strong> para os n\u00edveis fundamental, m\u00e9dio e superior.<\/p>\n\n\n\n<figure class=\"wp-block-table is-style-stripes\"><table class=\"has-subtle-pale-blue-background-color has-fixed-layout has-background\"><thead><tr><th class=\"has-text-align-center\" data-align=\"center\">Cargo<\/th><th class=\"has-text-align-center\" data-align=\"center\">Vagas<\/th><\/tr><\/thead><tbody><tr><td class=\"has-text-align-center\" data-align=\"center\">Auxiliar de Necropsia<\/td><td class=\"has-text-align-center\" data-align=\"center\">10<\/td><\/tr><tr><td class=\"has-text-align-center\" data-align=\"center\">T\u00e9cnico de Necropsia<\/td><td class=\"has-text-align-center\" data-align=\"center\">10<\/td><\/tr><tr><td class=\"has-text-align-center\" data-align=\"center\">Investigador<\/td><td class=\"has-text-align-center\" data-align=\"center\">200<\/td><\/tr><tr><td class=\"has-text-align-center\" data-align=\"center\">Inspetor&nbsp;<\/td><td class=\"has-text-align-center\" data-align=\"center\">100<\/td><\/tr><tr><td class=\"has-text-align-center\" data-align=\"center\">Perito Criminal*<\/td><td class=\"has-text-align-center\" data-align=\"center\">5<\/td><\/tr><tr><td class=\"has-text-align-center\" data-align=\"center\">Perito Legista**<\/td><td class=\"has-text-align-center\" data-align=\"center\">25<\/td><\/tr><tr><td class=\"has-text-align-center\" data-align=\"center\">Delegado&nbsp;<\/td><td class=\"has-text-align-center\" data-align=\"center\">50<\/td><\/tr><\/tbody><\/table><\/figure>\n\n\n\n<p style=\"font-size:14px\"><em>*As vagas para Perito Criminal ser\u00e3o distribu\u00eddas entre as \u00e1reas de Engenharia Civil, Engenharia Mec\u00e2nica e Qu\u00edmica.<\/em><br \/><em>**As vagas para Perito Legista ser\u00e3o todas para M\u00e9dicos.<\/em><\/p>\n\n\n\n<h2 class=\"has-text-align-center has-pale-cyan-blue-background-color has-background has-medium-font-size wp-block-heading\" id=\"h-saiba-mais-concurso-pc-rj\"><span class=\"has-inline-color has-black-color\">Saiba mais:<\/span> <a href=\"https:\/\/www.estrategiaconcursos.com.br\/blog\/concurso-policia-civil-rj\/\" target=\"_blank\" rel=\"noreferrer noopener\">Concurso PC RJ<\/a><\/h2>\n\n\n\n<hr class=\"wp-block-separator\"\/>\n\n\n\n<div class=\"container\" id=\"boxes\">\n  <div class=\"row\"> \n\n    <div class=\"col-sm\">\n      <div class=\"banner-policial\" id=\"box-assinatura\">\n        <h3 class=\"titulo-assinatura\">Concurso PC RJ<\/h3>\n        <p class=\"subtitulo-assinatura\">Conhe\u00e7a os cursos<\/p>\n        <div class=\"box-botao\">\n          <a class=\"btn-assinatura\" target=\"_blank\" href=\"https:\/\/www.estrategiaconcursos.com.br\/cursosPorConcurso\/policia-civil-rj-pc-rj\/\/\" role=\"button\" rel=\"noopener noreferrer\">Conhe\u00e7a mais<\/a>\n        <\/div>\n      <\/div>\n     \n\n  <\/div>\n<\/div><\/div>\n\n\n\n<div class=\"container\" id=\"boxes\">\n  <div class=\"row\">\n\n    <div class=\"col-sm\">\n      <div class=\"estrategia\" id=\"box-assinatura\">\n        <h3 class=\"titulo-assinatura\">Assinatura de Concursos<\/h3>\n        <p class=\"subtitulo-assinatura\">Assinatura de 1 ano ou 2 anos<\/p>\n        <div class=\"box-botao\">\n          <a class=\"btn-assinatura\" target=\"_blank\" href=\"https:\/\/www.estrategiaconcursos.com.br\/assinaturas\/\" role=\"button\" rel=\"noopener noreferrer\">ASSINE AGORA<\/a>\n        <\/div>\n      <\/div>\n     \n    <\/div><\/div><\/div>\n\n\n\n<div class=\"container\" id=\"boxes\">\n  <div class=\"row\">\n\n    <div class=\"col-sm\" id=\"boxes-concursos\">\n      <div style=\"background-color: #005DAD;\" class=\"conteudo-concursos\" id=\"box-concursos\">\n        <h3 class=\"titulo-assinatura\">Concursos Abertos<\/h3>\n        <p class=\"subtitulo-assinatura\">Os editais publicados<\/p>\n        <div class=\"box-botao\">\n          <a class=\"btn-assinatura\" target=\"_blank\" href=\"https:\/\/www.estrategiaconcursos.com.br\/blog\/concursos-abertos\/\" role=\"button\" rel=\"noopener noreferrer\">Conhe\u00e7a Agora<\/a>\n        <\/div>\n      <\/div>\n    <\/div>\n\n    <div class=\"col-sm\" id=\"boxes-concursos\">\n      <div style=\"background-color: #1A7ED5;\" class=\"conteudo-concursos\" id=\"box-concursos\">\n        <h3 class=\"titulo-assinatura\">Concursos 2021<\/h3>\n        <p class=\"subtitulo-assinatura\">As oportunidades previstas<\/p>\n        <div class=\"box-botao\">\n          <a class=\"btn-assinatura\" target=\"_blank\" href=\"https:\/\/www.estrategiaconcursos.com.br\/blog\/concursos-2021\/\" role=\"button\" rel=\"noopener noreferrer\">Conhe\u00e7a Agora<\/a>\n        <\/div>\n      <\/div>\n    <\/div>\n\n    <div class=\"col-sm\" id=\"boxes-concursos\">\n      <div style=\"background-color: #419FF0;\" class=\"conteudo-concursos\" id=\"box-concursos\">\n        <h3 class=\"titulo-assinatura\">Concursos 2022<\/h3>\n        <p class=\"subtitulo-assinatura\">Vagas para o pr\u00f3ximo ano<\/p>\n        <div class=\"box-botao\">\n          <a class=\"btn-assinatura\" target=\"_blank\" href=\"https:\/\/www.estrategiaconcursos.com.br\/blog\/concursos-2022\/\" role=\"button\" rel=\"noopener noreferrer\">Conhe\u00e7a Agora<\/a>\n        <\/div>\n      <\/div>\n    <\/div>\n\n  <\/div>\n<\/div>\n","protected":false},"excerpt":{"rendered":"<p>Nesta \u00faltima quinta-feira, 26 de agosto, foi aprovado, pela Assembleia Legislativa do Rio de Janeiro (ALERJ), o reajuste no valor dos benef\u00edcios dos servidores da Pol\u00edcia Civil (PC RJ), referente aos aux\u00edlios alimenta\u00e7\u00e3o e transporte. Vale ressaltar que o Projeto de Lei 4.668\/2021, de autoria dos deputados Carlos Augusto (PSD) e Martha Rocha (PDT),&nbsp;foi admitido [&hellip;]<\/p>\n","protected":false},"author":1206,"featured_media":727294,"comment_status":"open","ping_status":"closed","sticky":false,"template":"","format":"standard","meta":{"post_tipo":"news","footnotes":""},"categories":[1988,220219],"tags":[],"tax_estado":[219982],"class_list":["post-847142","post","type-post","status-publish","format-standard","has-post-thumbnail","hentry","category-policia","category-noticias","tax_estado-rj"],"acf":[],"yoast_head":"<!-- This site is optimized with the Yoast SEO Premium plugin v27.2 (Yoast SEO v27.2) - https:\/\/yoast.com\/product\/yoast-seo-premium-wordpress\/ -->\n<title>Concurso PC RJ: Reajuste nos benef\u00edcios \u00e9 aprovado pela ALERJ<\/title>\n<meta name=\"description\" content=\"Assembleia Legislativa aprova proposta de reajuste nos benef\u00edcios dos servidores da PC RJ. Texto seguir\u00e1 para governador. Saiba mais!\" \/>\n<meta name=\"robots\" content=\"index, follow, max-snippet:-1, max-image-preview:large, max-video-preview:-1\" \/>\n<link rel=\"canonical\" href=\"https:\/\/www.estrategiaconcursos.com.br\/blog\/concurso-pc-rj-reajuste-beneficios-alerj\/\" \/>\n<meta property=\"og:locale\" content=\"pt_BR\" \/>\n<meta property=\"og:type\" content=\"article\" \/>\n<meta property=\"og:title\" content=\"Concurso PC RJ: Reajuste nos benef\u00edcios \u00e9 aprovado pela ALERJ\" \/>\n<meta property=\"og:description\" content=\"Assembleia Legislativa aprova proposta de reajuste nos benef\u00edcios dos servidores da PC RJ. Texto seguir\u00e1 para governador. Saiba mais!\" \/>\n<meta property=\"og:url\" content=\"https:\/\/www.estrategiaconcursos.com.br\/blog\/concurso-pc-rj-reajuste-beneficios-alerj\/\" \/>\n<meta property=\"og:site_name\" content=\"Estrat\u00e9gia Concursos\" \/>\n<meta property=\"article:published_time\" content=\"2021-08-27T13:00:00+00:00\" \/>\n<meta property=\"article:modified_time\" content=\"2021-08-27T17:01:08+00:00\" \/>\n<meta property=\"og:image\" content=\"https:\/\/dhg1h5j42swfq.cloudfront.net\/2021\/04\/29174108\/concurso-pc-rj.jpg\" \/>\n\t<meta property=\"og:image:width\" content=\"768\" \/>\n\t<meta property=\"og:image:height\" content=\"432\" \/>\n\t<meta property=\"og:image:type\" content=\"image\/jpeg\" \/>\n<meta name=\"author\" content=\"Bruna de Andrade Fran\u00e7a\" \/>\n<meta name=\"twitter:card\" content=\"summary_large_image\" \/>\n<meta name=\"twitter:creator\" content=\"@EstratConcursos\" \/>\n<meta name=\"twitter:site\" content=\"@EstratConcursos\" \/>\n<meta name=\"twitter:label1\" content=\"Escrito por\" \/>\n\t<meta name=\"twitter:data1\" content=\"Bruna de Andrade Fran\u00e7a\" \/>\n\t<meta name=\"twitter:label2\" content=\"Est. tempo de leitura\" \/>\n\t<meta name=\"twitter:data2\" content=\"3 minutos\" \/>\n<script type=\"application\/ld+json\" class=\"yoast-schema-graph\">{\"@context\":\"https:\/\/schema.org\",\"@graph\":[{\"@type\":\"NewsArticle\",\"@id\":\"https:\/\/www.estrategiaconcursos.com.br\/blog\/concurso-pc-rj-reajuste-beneficios-alerj\/#article\",\"isPartOf\":{\"@id\":\"https:\/\/www.estrategiaconcursos.com.br\/blog\/concurso-pc-rj-reajuste-beneficios-alerj\/\"},\"author\":{\"name\":\"Bruna de Andrade Fran\u00e7a\",\"@id\":\"https:\/\/www.estrategiaconcursos.com.br\/blog\/#\/schema\/person\/6630f91134abc08115cca62ce6372855\"},\"headline\":\"Concurso PC RJ: Reajuste nos benef\u00edcios \u00e9 aprovado pela ALERJ\",\"datePublished\":\"2021-08-27T13:00:00+00:00\",\"dateModified\":\"2021-08-27T17:01:08+00:00\",\"mainEntityOfPage\":{\"@id\":\"https:\/\/www.estrategiaconcursos.com.br\/blog\/concurso-pc-rj-reajuste-beneficios-alerj\/\"},\"wordCount\":593,\"commentCount\":0,\"publisher\":{\"@id\":\"https:\/\/www.estrategiaconcursos.com.br\/blog\/#organization\"},\"image\":{\"@id\":\"https:\/\/www.estrategiaconcursos.com.br\/blog\/concurso-pc-rj-reajuste-beneficios-alerj\/#primaryimage\"},\"thumbnailUrl\":\"https:\/\/dhg1h5j42swfq.cloudfront.net\/2021\/04\/29174108\/concurso-pc-rj.jpg\",\"articleSection\":[\"Policial (Agente, Escriv\u00e3o e Investigador)\",\"\u00daltimas not\u00edcias\"],\"inLanguage\":\"pt-BR\",\"potentialAction\":[{\"@type\":\"CommentAction\",\"name\":\"Comment\",\"target\":[\"https:\/\/www.estrategiaconcursos.com.br\/blog\/concurso-pc-rj-reajuste-beneficios-alerj\/#respond\"]}],\"copyrightYear\":\"2021\",\"copyrightHolder\":{\"@id\":\"https:\/\/www.estrategiaconcursos.com.br\/blog\/#organization\"}},{\"@type\":\"WebPage\",\"@id\":\"https:\/\/www.estrategiaconcursos.com.br\/blog\/concurso-pc-rj-reajuste-beneficios-alerj\/\",\"url\":\"https:\/\/www.estrategiaconcursos.com.br\/blog\/concurso-pc-rj-reajuste-beneficios-alerj\/\",\"name\":\"Concurso PC RJ: Reajuste nos benef\u00edcios \u00e9 aprovado pela ALERJ\",\"isPartOf\":{\"@id\":\"https:\/\/www.estrategiaconcursos.com.br\/blog\/#website\"},\"primaryImageOfPage\":{\"@id\":\"https:\/\/www.estrategiaconcursos.com.br\/blog\/concurso-pc-rj-reajuste-beneficios-alerj\/#primaryimage\"},\"image\":{\"@id\":\"https:\/\/www.estrategiaconcursos.com.br\/blog\/concurso-pc-rj-reajuste-beneficios-alerj\/#primaryimage\"},\"thumbnailUrl\":\"https:\/\/dhg1h5j42swfq.cloudfront.net\/2021\/04\/29174108\/concurso-pc-rj.jpg\",\"datePublished\":\"2021-08-27T13:00:00+00:00\",\"dateModified\":\"2021-08-27T17:01:08+00:00\",\"description\":\"Assembleia Legislativa aprova proposta de reajuste nos benef\u00edcios dos servidores da PC RJ. Texto seguir\u00e1 para governador. Saiba mais!\",\"breadcrumb\":{\"@id\":\"https:\/\/www.estrategiaconcursos.com.br\/blog\/concurso-pc-rj-reajuste-beneficios-alerj\/#breadcrumb\"},\"inLanguage\":\"pt-BR\",\"potentialAction\":[{\"@type\":\"ReadAction\",\"target\":[\"https:\/\/www.estrategiaconcursos.com.br\/blog\/concurso-pc-rj-reajuste-beneficios-alerj\/\"]}]},{\"@type\":\"ImageObject\",\"inLanguage\":\"pt-BR\",\"@id\":\"https:\/\/www.estrategiaconcursos.com.br\/blog\/concurso-pc-rj-reajuste-beneficios-alerj\/#primaryimage\",\"url\":\"https:\/\/dhg1h5j42swfq.cloudfront.net\/2021\/04\/29174108\/concurso-pc-rj.jpg\",\"contentUrl\":\"https:\/\/dhg1h5j42swfq.cloudfront.net\/2021\/04\/29174108\/concurso-pc-rj.jpg\",\"width\":768,\"height\":432,\"caption\":\"concurso pc rj\"},{\"@type\":\"BreadcrumbList\",\"@id\":\"https:\/\/www.estrategiaconcursos.com.br\/blog\/concurso-pc-rj-reajuste-beneficios-alerj\/#breadcrumb\",\"itemListElement\":[{\"@type\":\"ListItem\",\"position\":1,\"name\":\"In\u00edcio\",\"item\":\"https:\/\/www.estrategiaconcursos.com.br\/blog\/\"},{\"@type\":\"ListItem\",\"position\":2,\"name\":\"Concurso PC RJ: Reajuste nos benef\u00edcios \u00e9 aprovado pela ALERJ\"}]},{\"@type\":\"WebSite\",\"@id\":\"https:\/\/www.estrategiaconcursos.com.br\/blog\/#website\",\"url\":\"https:\/\/www.estrategiaconcursos.com.br\/blog\/\",\"name\":\"Estrat\u00e9gia Concursos\",\"description\":\"O blog da Estrat\u00e9gia Concursos traz not\u00edcias sobre concursos e artigos de professores oferecendo cursos para concursos (pdf + videaulas) no site.\",\"publisher\":{\"@id\":\"https:\/\/www.estrategiaconcursos.com.br\/blog\/#organization\"},\"potentialAction\":[{\"@type\":\"SearchAction\",\"target\":{\"@type\":\"EntryPoint\",\"urlTemplate\":\"https:\/\/www.estrategiaconcursos.com.br\/blog\/?s={search_term_string}\"},\"query-input\":{\"@type\":\"PropertyValueSpecification\",\"valueRequired\":true,\"valueName\":\"search_term_string\"}}],\"inLanguage\":\"pt-BR\"},{\"@type\":\"Organization\",\"@id\":\"https:\/\/www.estrategiaconcursos.com.br\/blog\/#organization\",\"name\":\"Estrat\u00e9gia Concursos\",\"url\":\"https:\/\/www.estrategiaconcursos.com.br\/blog\/\",\"logo\":{\"@type\":\"ImageObject\",\"inLanguage\":\"pt-BR\",\"@id\":\"https:\/\/www.estrategiaconcursos.com.br\/blog\/#\/schema\/logo\/image\/\",\"url\":\"https:\/\/dhg1h5j42swfq.cloudfront.net\/2025\/06\/03203428\/logo_concursos-1.jpg\",\"contentUrl\":\"https:\/\/dhg1h5j42swfq.cloudfront.net\/2025\/06\/03203428\/logo_concursos-1.jpg\",\"width\":230,\"height\":60,\"caption\":\"Estrat\u00e9gia Concursos\"},\"image\":{\"@id\":\"https:\/\/www.estrategiaconcursos.com.br\/blog\/#\/schema\/logo\/image\/\"},\"sameAs\":[\"https:\/\/x.com\/EstratConcursos\"]},{\"@type\":\"Person\",\"@id\":\"https:\/\/www.estrategiaconcursos.com.br\/blog\/#\/schema\/person\/6630f91134abc08115cca62ce6372855\",\"name\":\"Bruna de Andrade Fran\u00e7a\",\"image\":{\"@type\":\"ImageObject\",\"inLanguage\":\"pt-BR\",\"@id\":\"https:\/\/secure.gravatar.com\/avatar\/d6316d36d50cea0fadae28ed3015b8870cc90a2d3d8a95c37b44006af36a00e3?s=96&d=mm&r=g\",\"url\":\"https:\/\/secure.gravatar.com\/avatar\/d6316d36d50cea0fadae28ed3015b8870cc90a2d3d8a95c37b44006af36a00e3?s=96&d=mm&r=g\",\"contentUrl\":\"https:\/\/secure.gravatar.com\/avatar\/d6316d36d50cea0fadae28ed3015b8870cc90a2d3d8a95c37b44006af36a00e3?s=96&d=mm&r=g\",\"caption\":\"Bruna de Andrade Fran\u00e7a\"},\"description\":\"Bruna de Andrade Fran\u00e7a \u00e9 publicit\u00e1ria com p\u00f3s-gradua\u00e7\u00e3o em Marketing &amp; Growth, atuando h\u00e1 mais de 6 anos no universo dos concursos p\u00fablicos. Desde 2021, lidera no Blog do Estrat\u00e9gia Concursos a cobertura editorial especializada em Concursos Policiais (PF, PRF, PM, PC, etc.), al\u00e9m das frentes de concursos banc\u00e1rios, de sa\u00fade e da \u00e1rea legislativa. Especialista em reda\u00e7\u00e3o, com pr\u00e1ticas de SEO e Copywriting, possui tamb\u00e9m atua\u00e7\u00e3o pr\u00e1tica de contato direto com \u00f3rg\u00e3os p\u00fablicos respons\u00e1veis por editais, permitindo acesso antecipado a informa\u00e7\u00f5es, desdobramentos importantes e atualiza\u00e7\u00e3o eficiente dos concursos p\u00fablicos.\",\"url\":\"https:\/\/www.estrategiaconcursos.com.br\/blog\/author\/bruna-andrade\/\"}]}<\/script>\n<!-- \/ Yoast SEO Premium plugin. -->","yoast_head_json":{"title":"Concurso PC RJ: Reajuste nos benef\u00edcios \u00e9 aprovado pela ALERJ","description":"Assembleia Legislativa aprova proposta de reajuste nos benef\u00edcios dos servidores da PC RJ. Texto seguir\u00e1 para governador. Saiba mais!","robots":{"index":"index","follow":"follow","max-snippet":"max-snippet:-1","max-image-preview":"max-image-preview:large","max-video-preview":"max-video-preview:-1"},"canonical":"https:\/\/www.estrategiaconcursos.com.br\/blog\/concurso-pc-rj-reajuste-beneficios-alerj\/","og_locale":"pt_BR","og_type":"article","og_title":"Concurso PC RJ: Reajuste nos benef\u00edcios \u00e9 aprovado pela ALERJ","og_description":"Assembleia Legislativa aprova proposta de reajuste nos benef\u00edcios dos servidores da PC RJ. Texto seguir\u00e1 para governador. Saiba mais!","og_url":"https:\/\/www.estrategiaconcursos.com.br\/blog\/concurso-pc-rj-reajuste-beneficios-alerj\/","og_site_name":"Estrat\u00e9gia Concursos","article_published_time":"2021-08-27T13:00:00+00:00","article_modified_time":"2021-08-27T17:01:08+00:00","og_image":[{"width":768,"height":432,"url":"https:\/\/dhg1h5j42swfq.cloudfront.net\/2021\/04\/29174108\/concurso-pc-rj.jpg","type":"image\/jpeg"}],"author":"Bruna de Andrade Fran\u00e7a","twitter_card":"summary_large_image","twitter_creator":"@EstratConcursos","twitter_site":"@EstratConcursos","twitter_misc":{"Escrito por":"Bruna de Andrade Fran\u00e7a","Est. tempo de leitura":"3 minutos"},"schema":{"@context":"https:\/\/schema.org","@graph":[{"@type":"NewsArticle","@id":"https:\/\/www.estrategiaconcursos.com.br\/blog\/concurso-pc-rj-reajuste-beneficios-alerj\/#article","isPartOf":{"@id":"https:\/\/www.estrategiaconcursos.com.br\/blog\/concurso-pc-rj-reajuste-beneficios-alerj\/"},"author":{"name":"Bruna de Andrade Fran\u00e7a","@id":"https:\/\/www.estrategiaconcursos.com.br\/blog\/#\/schema\/person\/6630f91134abc08115cca62ce6372855"},"headline":"Concurso PC RJ: Reajuste nos benef\u00edcios \u00e9 aprovado pela ALERJ","datePublished":"2021-08-27T13:00:00+00:00","dateModified":"2021-08-27T17:01:08+00:00","mainEntityOfPage":{"@id":"https:\/\/www.estrategiaconcursos.com.br\/blog\/concurso-pc-rj-reajuste-beneficios-alerj\/"},"wordCount":593,"commentCount":0,"publisher":{"@id":"https:\/\/www.estrategiaconcursos.com.br\/blog\/#organization"},"image":{"@id":"https:\/\/www.estrategiaconcursos.com.br\/blog\/concurso-pc-rj-reajuste-beneficios-alerj\/#primaryimage"},"thumbnailUrl":"https:\/\/dhg1h5j42swfq.cloudfront.net\/2021\/04\/29174108\/concurso-pc-rj.jpg","articleSection":["Policial (Agente, Escriv\u00e3o e Investigador)","\u00daltimas not\u00edcias"],"inLanguage":"pt-BR","potentialAction":[{"@type":"CommentAction","name":"Comment","target":["https:\/\/www.estrategiaconcursos.com.br\/blog\/concurso-pc-rj-reajuste-beneficios-alerj\/#respond"]}],"copyrightYear":"2021","copyrightHolder":{"@id":"https:\/\/www.estrategiaconcursos.com.br\/blog\/#organization"}},{"@type":"WebPage","@id":"https:\/\/www.estrategiaconcursos.com.br\/blog\/concurso-pc-rj-reajuste-beneficios-alerj\/","url":"https:\/\/www.estrategiaconcursos.com.br\/blog\/concurso-pc-rj-reajuste-beneficios-alerj\/","name":"Concurso PC RJ: Reajuste nos benef\u00edcios \u00e9 aprovado pela ALERJ","isPartOf":{"@id":"https:\/\/www.estrategiaconcursos.com.br\/blog\/#website"},"primaryImageOfPage":{"@id":"https:\/\/www.estrategiaconcursos.com.br\/blog\/concurso-pc-rj-reajuste-beneficios-alerj\/#primaryimage"},"image":{"@id":"https:\/\/www.estrategiaconcursos.com.br\/blog\/concurso-pc-rj-reajuste-beneficios-alerj\/#primaryimage"},"thumbnailUrl":"https:\/\/dhg1h5j42swfq.cloudfront.net\/2021\/04\/29174108\/concurso-pc-rj.jpg","datePublished":"2021-08-27T13:00:00+00:00","dateModified":"2021-08-27T17:01:08+00:00","description":"Assembleia Legislativa aprova proposta de reajuste nos benef\u00edcios dos servidores da PC RJ. Texto seguir\u00e1 para governador. Saiba mais!","breadcrumb":{"@id":"https:\/\/www.estrategiaconcursos.com.br\/blog\/concurso-pc-rj-reajuste-beneficios-alerj\/#breadcrumb"},"inLanguage":"pt-BR","potentialAction":[{"@type":"ReadAction","target":["https:\/\/www.estrategiaconcursos.com.br\/blog\/concurso-pc-rj-reajuste-beneficios-alerj\/"]}]},{"@type":"ImageObject","inLanguage":"pt-BR","@id":"https:\/\/www.estrategiaconcursos.com.br\/blog\/concurso-pc-rj-reajuste-beneficios-alerj\/#primaryimage","url":"https:\/\/dhg1h5j42swfq.cloudfront.net\/2021\/04\/29174108\/concurso-pc-rj.jpg","contentUrl":"https:\/\/dhg1h5j42swfq.cloudfront.net\/2021\/04\/29174108\/concurso-pc-rj.jpg","width":768,"height":432,"caption":"concurso pc rj"},{"@type":"BreadcrumbList","@id":"https:\/\/www.estrategiaconcursos.com.br\/blog\/concurso-pc-rj-reajuste-beneficios-alerj\/#breadcrumb","itemListElement":[{"@type":"ListItem","position":1,"name":"In\u00edcio","item":"https:\/\/www.estrategiaconcursos.com.br\/blog\/"},{"@type":"ListItem","position":2,"name":"Concurso PC RJ: Reajuste nos benef\u00edcios \u00e9 aprovado pela ALERJ"}]},{"@type":"WebSite","@id":"https:\/\/www.estrategiaconcursos.com.br\/blog\/#website","url":"https:\/\/www.estrategiaconcursos.com.br\/blog\/","name":"Estrat\u00e9gia Concursos","description":"O blog da Estrat\u00e9gia Concursos traz not\u00edcias sobre concursos e artigos de professores oferecendo cursos para concursos (pdf + videaulas) no site.","publisher":{"@id":"https:\/\/www.estrategiaconcursos.com.br\/blog\/#organization"},"potentialAction":[{"@type":"SearchAction","target":{"@type":"EntryPoint","urlTemplate":"https:\/\/www.estrategiaconcursos.com.br\/blog\/?s={search_term_string}"},"query-input":{"@type":"PropertyValueSpecification","valueRequired":true,"valueName":"search_term_string"}}],"inLanguage":"pt-BR"},{"@type":"Organization","@id":"https:\/\/www.estrategiaconcursos.com.br\/blog\/#organization","name":"Estrat\u00e9gia Concursos","url":"https:\/\/www.estrategiaconcursos.com.br\/blog\/","logo":{"@type":"ImageObject","inLanguage":"pt-BR","@id":"https:\/\/www.estrategiaconcursos.com.br\/blog\/#\/schema\/logo\/image\/","url":"https:\/\/dhg1h5j42swfq.cloudfront.net\/2025\/06\/03203428\/logo_concursos-1.jpg","contentUrl":"https:\/\/dhg1h5j42swfq.cloudfront.net\/2025\/06\/03203428\/logo_concursos-1.jpg","width":230,"height":60,"caption":"Estrat\u00e9gia Concursos"},"image":{"@id":"https:\/\/www.estrategiaconcursos.com.br\/blog\/#\/schema\/logo\/image\/"},"sameAs":["https:\/\/x.com\/EstratConcursos"]},{"@type":"Person","@id":"https:\/\/www.estrategiaconcursos.com.br\/blog\/#\/schema\/person\/6630f91134abc08115cca62ce6372855","name":"Bruna de Andrade Fran\u00e7a","image":{"@type":"ImageObject","inLanguage":"pt-BR","@id":"https:\/\/secure.gravatar.com\/avatar\/d6316d36d50cea0fadae28ed3015b8870cc90a2d3d8a95c37b44006af36a00e3?s=96&d=mm&r=g","url":"https:\/\/secure.gravatar.com\/avatar\/d6316d36d50cea0fadae28ed3015b8870cc90a2d3d8a95c37b44006af36a00e3?s=96&d=mm&r=g","contentUrl":"https:\/\/secure.gravatar.com\/avatar\/d6316d36d50cea0fadae28ed3015b8870cc90a2d3d8a95c37b44006af36a00e3?s=96&d=mm&r=g","caption":"Bruna de Andrade Fran\u00e7a"},"description":"Bruna de Andrade Fran\u00e7a \u00e9 publicit\u00e1ria com p\u00f3s-gradua\u00e7\u00e3o em Marketing &amp; Growth, atuando h\u00e1 mais de 6 anos no universo dos concursos p\u00fablicos. Desde 2021, lidera no Blog do Estrat\u00e9gia Concursos a cobertura editorial especializada em Concursos Policiais (PF, PRF, PM, PC, etc.), al\u00e9m das frentes de concursos banc\u00e1rios, de sa\u00fade e da \u00e1rea legislativa. Especialista em reda\u00e7\u00e3o, com pr\u00e1ticas de SEO e Copywriting, possui tamb\u00e9m atua\u00e7\u00e3o pr\u00e1tica de contato direto com \u00f3rg\u00e3os p\u00fablicos respons\u00e1veis por editais, permitindo acesso antecipado a informa\u00e7\u00f5es, desdobramentos importantes e atualiza\u00e7\u00e3o eficiente dos concursos p\u00fablicos.","url":"https:\/\/www.estrategiaconcursos.com.br\/blog\/author\/bruna-andrade\/"}]}},"_links":{"self":[{"href":"https:\/\/www.estrategiaconcursos.com.br\/blog\/wp-json\/wp\/v2\/posts\/847142","targetHints":{"allow":["GET"]}}],"collection":[{"href":"https:\/\/www.estrategiaconcursos.com.br\/blog\/wp-json\/wp\/v2\/posts"}],"about":[{"href":"https:\/\/www.estrategiaconcursos.com.br\/blog\/wp-json\/wp\/v2\/types\/post"}],"author":[{"embeddable":true,"href":"https:\/\/www.estrategiaconcursos.com.br\/blog\/wp-json\/wp\/v2\/users\/1206"}],"replies":[{"embeddable":true,"href":"https:\/\/www.estrategiaconcursos.com.br\/blog\/wp-json\/wp\/v2\/comments?post=847142"}],"version-history":[{"count":11,"href":"https:\/\/www.estrategiaconcursos.com.br\/blog\/wp-json\/wp\/v2\/posts\/847142\/revisions"}],"predecessor-version":[{"id":847323,"href":"https:\/\/www.estrategiaconcursos.com.br\/blog\/wp-json\/wp\/v2\/posts\/847142\/revisions\/847323"}],"wp:featuredmedia":[{"embeddable":true,"href":"https:\/\/www.estrategiaconcursos.com.br\/blog\/wp-json\/wp\/v2\/media\/727294"}],"wp:attachment":[{"href":"https:\/\/www.estrategiaconcursos.com.br\/blog\/wp-json\/wp\/v2\/media?parent=847142"}],"wp:term":[{"taxonomy":"category","embeddable":true,"href":"https:\/\/www.estrategiaconcursos.com.br\/blog\/wp-json\/wp\/v2\/categories?post=847142"},{"taxonomy":"post_tag","embeddable":true,"href":"https:\/\/www.estrategiaconcursos.com.br\/blog\/wp-json\/wp\/v2\/tags?post=847142"},{"taxonomy":"tax_estado","embeddable":true,"href":"https:\/\/www.estrategiaconcursos.com.br\/blog\/wp-json\/wp\/v2\/tax_estado?post=847142"}],"curies":[{"name":"wp","href":"https:\/\/api.w.org\/{rel}","templated":true}]}}