{"id":846967,"date":"2021-08-30T09:00:00","date_gmt":"2021-08-30T12:00:00","guid":{"rendered":"https:\/\/www.estrategiaconcursos.com.br\/blog\/?p=846967"},"modified":"2021-09-03T12:13:43","modified_gmt":"2021-09-03T15:13:43","slug":"carta-aos-assinantes-044","status":"publish","type":"post","link":"https:\/\/www.estrategiaconcursos.com.br\/blog\/carta-aos-assinantes-044\/","title":{"rendered":"Carta aos Assinantes do Estrat\u00e9gia Concursos &#8211; 044"},"content":{"rendered":"\n<p class=\"has-text-align-right has-luminous-vivid-amber-background-color has-background\"><em>Confira, em nossa <strong>quadrag\u00e9sima quarta carta aos assinantes<\/strong>, a nossa programa\u00e7\u00e3o semanal, as novidades do nosso Sistema de Quest\u00f5es e as principais movimenta\u00e7\u00f5es de concursos.<\/em><\/p>\n\n\n\n<p>Aqui \u00e9 o <strong>Prof. Diego Cerqueira<\/strong>, em nossa <span class=\"has-inline-color has-vivid-purple-color\"><strong>quadrag\u00e9sima quarta carta aos Assinantes<\/strong> <\/span>do Estrat\u00e9gia Concursos.<\/p>\n\n\n\n<p>Na \u00faltima semana tivemos a <strong><span class=\"has-inline-color has-vivid-purple-color\">publica\u00e7\u00e3o do edital da SEFAZ RR<\/span><\/strong>. Convido os alunos que est\u00e3o se preparando para esse certame a se inscreverem no <strong>Canal do Telegram da \u00c1rea Fiscal <\/strong>e tamb\u00e9m na <strong>\u00c1rea do Candidato<\/strong> que a equipe do Estrat\u00e9gia preparou especialmente para esse concurso. Nesses canais ser\u00e3o divulgadas as transmiss\u00f5es, e-books, simulados e novidades que estamos preparando para voc\u00eas turbinarem a prepara\u00e7\u00e3o e aproveitar da melhor forma esse per\u00edodo p\u00f3s-edital.<\/p>\n\n\n\n<p><em>Acesse os links abaixo para se inscrever na \u00c1rea do Candidato e no Canal do Telegram.<\/em><\/p>\n\n\n\n<ul class=\"wp-block-list\"><li><a href=\"https:\/\/gratis.estrategiaconcursos.com.br\/area-do-candidato-sefaz-rr\/\">\u00c1rea do Candidato SEFAZ RR<\/a><\/li><li><a href=\"https:\/\/t.me\/joinchat\/kh7zmmlVEjpmYWU5\">Canal do Telegram \u2013 \u00c1rea Fiscal<\/a><\/li><\/ul>\n\n\n\n<p>Aos alunos que fizeram as provas para a <strong><span class=\"has-inline-color has-vivid-purple-color\">PC DF<\/span><\/strong>, n\u00e3o deixem de conferir em nosso blog os artigos a respeito dos <strong><span class=\"has-inline-color has-vivid-purple-color\">recursos cab\u00edveis<\/span><\/strong> para as provas de <strong>Agente e Escriv\u00e3o<\/strong>. Fique ligado no prazo para interposi\u00e7\u00e3o de recursos, que se iniciou na semana passada.<\/p>\n\n\n\n<p><em>Acesse os links abaixo e confira todos os detalhes.<\/em><\/p>\n\n\n\n<ul class=\"wp-block-list\"><li><a href=\"https:\/\/www.estrategiaconcursos.com.br\/blog\/concurso-pcdf-recursos-prova-agente\/\">Recursos \u2013 Agente PC DF<\/a><\/li><li><a href=\"https:\/\/www.estrategiaconcursos.com.br\/blog\/concurso-pcdf-recursos-prova-escrivao\/\">Recursos \u2013 Escriv\u00e3o PC DF<\/a><em><\/em><\/li><\/ul>\n\n\n\n<p><em>Agora, vamos conferir os principais eventos que est\u00e3o programados para a semana?<\/em><\/p>\n\n\n\n<h2 class=\"wp-block-heading\" id=\"block-4e630988-3107-4743-a323-28e776d8b4ad\"><strong>Programa\u00e7\u00e3o Semanal<\/strong> &#8211; Carta aos Assinantes<\/h2>\n\n\n\n<p id=\"block-6d01e560-d5a2-4aae-8daf-5fa1c6a245e0\"><strong><span class=\"has-inline-color has-vivid-purple-color\">1. <strong>SIMULADOS<\/strong><\/span><\/strong><\/p>\n\n\n\n<ul class=\"wp-block-list\"><li><strong>3\u00ba Simulado Banco do Brasil \u2013 Cargo: Agente De Tecnologia \u2013 P\u00f3s-edital \u2013 <\/strong>4 de setembro (<a href=\"https:\/\/www.estrategiaconcursos.com.br\/cursosPorConcurso\/banco-do-brasil-escriturario-99\/\">Participe<\/a>)<\/li><li><strong>1\u00ba Simulado do SQ para TJ SP (P\u00f3s-Edital) &#8211; Cargo: Escrevente T\u00e9cnico \u2013 <\/strong>4 de setembro (<a href=\"https:\/\/gratis.estrategiaconcursos.com.br\/area-do-candidato-tj-sp\/\">Participe<\/a>)<\/li><li><strong>2\u00ba Simulado Magistratura TJ SP \u2013 <\/strong>4 de setembro (<a href=\"https:\/\/gratis.estrategiaconcursos.com.br\/area-do-candidato-magistratura-tj-sp\/\">Participe<\/a>)<\/li><li><strong>4\u00ba Simulado Regular de Procuradorias \u2013 <\/strong>4 de setembro (<a href=\"https:\/\/gratis.estrategiaconcursos.com.br\/simulado-regular-de-procuradorias\">Participe<\/a>)<\/li><\/ul>\n\n\n\n<p id=\"block-6d01e560-d5a2-4aae-8daf-5fa1c6a245e0\"><strong><span class=\"has-inline-color has-vivid-purple-color\">2. SEMANA ESPECIAL<\/span><\/strong><\/p>\n\n\n\n<ul class=\"wp-block-list\"><li><strong><\/strong><strong>Imers\u00e3o Elite Fiscal | 1.375 oportunidades para ingressar no servi\u00e7o p\u00fablico ganhando at\u00e9 R$ 21 mil \u2013 <\/strong>30 de agosto (<a href=\"https:\/\/gratis.estrategiaconcursos.com.br\/imersao-elite-fiscal\/\">Participe<\/a>)<\/li><\/ul>\n\n\n\n<p id=\"block-2461c527-d3b5-41c2-95eb-35e35a7ea148\"><span class=\"has-inline-color has-vivid-purple-color\"><strong>3. <\/strong><\/span><strong><span class=\"has-inline-color has-vivid-purple-color\">ESTRAT\u00c9GIA CONCURSOS &#8211; Webin\u00e1rios<\/span><\/strong><\/p>\n\n\n\n<ul class=\"wp-block-list\"><li><strong>Concurso TJ SP: O que esperar da prova de Portugu\u00eas da Vunesp? \u2013 <\/strong>30 de agosto (<a href=\"https:\/\/youtu.be\/6kuMrEpPW3o\">Defina o Lembrete<\/a>)<\/li><li><strong>Jornada de Quest\u00f5es para o Banco do Brasil \u2013 <\/strong>30 de agosto (<a href=\"https:\/\/youtu.be\/sPs1iybbZjM\">Defina o Lembrete<\/a>)<\/li><li><strong>Concurso TJ SP: Saiba como gabaritar Processo Civil \u2013 <\/strong>30 de agosto (<a href=\"https:\/\/youtu.be\/XQct9kEHS1w\">Defina o Lembrete<\/a>)<\/li><li><strong>Concurso DP DF: Passo Estrat\u00e9gico de Revis\u00e3o \u2013 <\/strong>30 de agosto (<a href=\"https:\/\/youtu.be\/aN_hhkyk3EU\">Defina o Lembrete<\/a>)<\/li><li><strong>Concurso CGDF: Conhe\u00e7a as carreiras de Auditor \u2013 <\/strong>30 de agosto (<a href=\"https:\/\/youtu.be\/h-q5Blf6yQ4\">Defina o Lembrete<\/a>)<\/li><li><strong>Concurso PCERJ: Como adaptar os estudos para FGV? \u2013 <\/strong>31 de agosto (<a href=\"https:\/\/youtu.be\/lIKWnRiEBC8\">Defina o Lembrete<\/a>)<\/li><li><strong>Pronunciamentos Cont\u00e1beis &#8211; Prof. Gilmar Possati (Exame CFC: aprovado em 60 dias) \u2013 <\/strong>31 de agosto (<a href=\"https:\/\/youtu.be\/ue5ELVDoyX0\">Defina o Lembrete<\/a>)<\/li><li><strong>31 de agosto &#8211; Dia dos Nutricionistas: Melhores Concursos para a \u00c1rea \u2013 <\/strong>31 de agosto (<a href=\"https:\/\/youtu.be\/UCiiTWd2T70\">Defina o Lembrete<\/a>)<\/li><li><strong>Os melhores m\u00e9todos de revis\u00e3o \u2013 <\/strong>31 de agosto (<a href=\"https:\/\/gratis.estrategiaconcursos.com.br\/os-melhores-metodos-de-revisao\/\">Defina o Lembrete<\/a>)<\/li><li><strong>Monitoria SEFAZ RR \u2013 <\/strong>1 de setembro (<a href=\"https:\/\/gratis.estrategiaconcursos.com.br\/area-do-candidato-sefaz-rr\/\">Defina o Lembrete<\/a>)<\/li><li><strong>Concurso TJ SC: Estrat\u00e9gias para a reta final \u2013 <\/strong>1 de setembro (<a href=\"https:\/\/www.estrategiaconcursos.com.br\/blog\/concurso-tj-sc\/\">Defina o Lembrete<\/a>)<\/li><li><strong>Concursos P\u00fablicos: Como lidar com a reprova\u00e7\u00e3o? \u2013 <\/strong>1 de setembro (<a href=\"https:\/\/www.estrategiaconcursos.com.br\/blog\/concursos-2021\/\">Defina o Lembrete<\/a>)<\/li><li><strong>1\u00ba de Setembro &#8211; Dia do Educador F\u00edsico: Dicas sobre a Regulamenta\u00e7\u00e3o da Profiss\u00e3o \u2013 <\/strong>1 de setembro (<a href=\"https:\/\/gratis.estrategiaconcursos.com.br\/e-book-educacao-fisica\/\">Defina o Lembrete<\/a>)<\/li><li><strong>FUNSA\u00daDE CE &#8211; FGV em Foco \u2013 FONOAUDIOLOGIA \u2013 <\/strong>2 de setembro (<a href=\"https:\/\/www.estrategiaconcursos.com.br\/blog\/concurso-funsaude-ce\/\">Defina o Lembrete<\/a>)<\/li><li><strong>Apostas Finais PC CE \u2013 Discursivas \u2013 <\/strong>2 de setembro (<a href=\"https:\/\/gratis.estrategiaconcursos.com.br\/area-do-candidato-pc-ce\/\">Defina o Lembrete<\/a>)<\/li><li><strong>Monitoria SEFAZ AL \u2013 <\/strong>2 de setembro (<a href=\"https:\/\/gratis.estrategiaconcursos.com.br\/area-do-candidato-sefaz-al\/\">Defina o Lembrete<\/a>)<\/li><li><strong>Concurso PC AM: Conhe\u00e7a as peculiaridades das lota\u00e7\u00f5es no interior do estado \u2013 <\/strong>2 de setembro (<a href=\"https:\/\/www.estrategiaconcursos.com.br\/blog\/concurso-pc-am\/\">Defina o Lembrete<\/a>)<\/li><li><strong>Concurso SEFAZ RR: O que priorizar em Legisla\u00e7\u00e3o Tribut\u00e1ria? \u2013 <\/strong>2 de setembro (<a href=\"https:\/\/gratis.estrategiaconcursos.com.br\/area-do-candidato-sefaz-rr\/\">Defina o Lembrete<\/a>)<\/li><li><strong>Concurso PC SE: Passo Estrat\u00e9gico de Revis\u00e3o \u2013 <\/strong>2 de setembro (<a href=\"https:\/\/gratis.estrategiaconcursos.com.br\/ebook-area-policial\/\">Defina o Lembrete<\/a>)<\/li><li><strong>Revis\u00e3o de V\u00e9spera PC CE \u2013 Cargos: Escriv\u00e3o e Inspetor \u2013 <\/strong>3 de setembro (<a href=\"https:\/\/gratis.estrategiaconcursos.com.br\/area-do-candidato-pc-ce\/\">Defina o Lembrete<\/a>)<\/li><li><strong>Concurso PCDF: Dicas finais para o TAF \u2013 <\/strong>3 de setembro (<a href=\"https:\/\/gratis.estrategiaconcursos.com.br\/area-do-candidato-pcdf\/\">Defina o Lembrete<\/a>)<\/li><li><strong>Garanta 80 pontos na PC CE \u2013 Cargo: Inspetor \u2013 4<\/strong> de setembro (<a href=\"https:\/\/gratis.estrategiaconcursos.com.br\/area-do-candidato-pc-ce\/\">Defina o Lembrete<\/a>)<\/li><li><strong>Concursos de Tribunais de Contas: 10 dicas para gabaritar Contabilidade <\/strong>\u2013 4 de setembro (<a href=\"https:\/\/www.estrategiaconcursos.com.br\/blog\/concursos-controle-2021\/\">Defina o Lembrete<\/a>)<\/li><li><strong>Concurso CGU: Como utilizar o Passo Estrat\u00e9gico? <\/strong>\u2013 4 de setembro (<a href=\"https:\/\/gratis.estrategiaconcursos.com.br\/e-book-concursos-2021\/\">Defina o Lembrete<\/a>)<\/li><\/ul>\n\n\n\n<p><strong><span class=\"has-inline-color has-vivid-purple-color\">4. <strong>ESTRAT\u00c9GIA CARREIRA JUR\u00cdDICA \u2013 Webin\u00e1rios<\/strong><\/span><\/strong><\/p>\n\n\n\n<ul class=\"wp-block-list\"><li><strong>A Advocacia Trabalhista Preventiva e Contenciosa \u2013 <\/strong>30 de agosto (<a href=\"https:\/\/youtu.be\/aUau116EQu4\">Defina o Lembrete<\/a>)<\/li><li><strong>Comiss\u00f5es Parlamentares de Inqu\u00e9rito Saiba tudo! \u2013 <\/strong>31 de agosto (<a href=\"https:\/\/gratis.estrategiaconcursos.com.br\/comissoes-parlamentares-de-inquerito-saiba-tudo\/\">Defina o Lembrete<\/a>)<\/li><li><strong>Afastando o c\u00f4njuge de sua heran\u00e7a &#8211; possibilidade ou n\u00e3o? \u2013 <\/strong>1 de setembro (<a href=\"https:\/\/youtu.be\/LTP4RnQZsIM\">Defina o Lembrete<\/a>)<\/li><li><strong>MP SP Promotor Concurso, carreira e perspectivas \u2013 <\/strong>2 de setembro (<a href=\"https:\/\/www.estrategiaconcursos.com.br\/blog\/concurso-mp-sp-promotor\/\">Defina o Lembrete<\/a>)<\/li><li><strong>Como estudar do zero para Delegado \u2013 <\/strong>2 de setembro (<a href=\"https:\/\/gratis.estrategiaconcursos.com.br\/como-estudar-do-zero-para-delegado\">Defina o Lembrete<\/a>)<\/li><li><strong>Revis\u00e3o de V\u00e9spera &#8211; Procurador PGE PB \u2013 <\/strong>2 de setembro (<a href=\"https:\/\/gratis.estrategiaconcursos.com.br\/reta-final-procurador-pge-pb\/\">Defina o Lembrete<\/a>)<\/li><\/ul>\n\n\n\n<h2 class=\"wp-block-heading\" id=\"block-544baa21-48b3-40a4-9b25-7e4ba69d9430\"><strong>Sistema de Quest\u00f5es do Estrat\u00e9gia<\/strong> &#8211; Carta aos Assinantes<\/h2>\n\n\n\n<p>Nessa semana <strong><span class=\"has-inline-color has-vivid-purple-color\">ser\u00e3o realizados dois simulados no Sistema de Quest\u00f5es<\/span>:<\/strong> <strong>1\u00ba Simulado P\u00f3s-edital para TJ SP e Simulado para PC SE<\/strong>. Como j\u00e1 sabemos, a realiza\u00e7\u00e3o de quest\u00f5es \u00e9 de extrema import\u00e2ncia para otimizar a sua prepara\u00e7\u00e3o. Assim, convido os alunos que est\u00e3o se preparando para esses certames a se inscreverem e participarem dos simulados do SQ.<\/p>\n\n\n\n<p><em>Acompanhe nosso blog e redes sociais para mais informa\u00e7\u00f5es.<\/em><\/p>\n\n\n\n<p>Na \u00faltima semana, tivemos tamb\u00e9m a atualiza\u00e7\u00e3o do artigo de <strong><span class=\"has-inline-color has-vivid-purple-color\">Quest\u00f5es In\u00e9ditas para o Concurso do Banco do Brasil<\/span>.<\/strong> Al\u00e9m das quest\u00f5es de Conhecimentos Banc\u00e1rios, Vendas e Negocia\u00e7\u00e3o e Atualidades do Mercado Financeiro, foram inclu\u00eddas quest\u00f5es in\u00e9ditas sobre a <strong>Lei 13.146\/2015, Estatuto da Pessoa com Defici\u00eancia<\/strong>. Ao todo, o SQ j\u00e1 conta com <strong>aproximadamente 1000 quest\u00f5es<\/strong> distribu\u00eddas nos cadernos acima citados.<\/p>\n\n\n\n<p><em>Acesse os cadernos de quest\u00f5es dispon\u00edveis no link do nosso blog.<\/em><\/p>\n\n\n\n<p class=\"has-text-align-center has-pale-cyan-blue-background-color has-background\"><a href=\"https:\/\/www.estrategiaconcursos.com.br\/blog\/questoes-ineditas-banco-do-brasil\/\">QUEST\u00d5ES IN\u00c9DITAS \u2013 BANCO DO BRASIL<\/a><\/p>\n\n\n\n<h2 class=\"wp-block-heading\" id=\"block-70e62fc5-ea6c-4280-9c1f-64e4fe8a4c23\"><strong>Agora, vamos ver as principais movimenta\u00e7\u00f5es de concursos da \u00faltima semana?<\/strong><\/h2>\n\n\n\n<ul class=\"wp-block-list\"><li><a href=\"https:\/\/www.estrategiaconcursos.com.br\/blog\/concurso-sefaz-pr\/\">Sefaz PR<\/a>: Aten\u00e7\u00e3o, corujas! A Secretaria da Fazenda do Paran\u00e1 formou mais uma comiss\u00e3o organizadora para o concurso p\u00fablico Sefaz PR. Desta vez, membros foram nomeados, especificamente, para a sele\u00e7\u00e3o de Auditor Fiscal. A informa\u00e7\u00e3o foi divulgada no Di\u00e1rio Oficial do Estado da \u00faltima sexta-feira, 20 de agosto, isto \u00e9, dias ap\u00f3s ser institu\u00eddo o Grupo de Trabalho para Agente Fazend\u00e1rio Estadual. Vale lembrar que ambas as fun\u00e7\u00f5es exigem n\u00edvel superior em qualquer \u00e1rea de forma\u00e7\u00e3o. Os sal\u00e1rios iniciais podem chegar a mais de R$ 20 mil, contando com as gratifica\u00e7\u00f5es e adicionais ao vencimento base.<\/li><\/ul>\n\n\n\n<ul class=\"wp-block-list\"><li><a href=\"https:\/\/www.estrategiaconcursos.com.br\/blog\/concurso-sefa-pa\/\">Sefaz PA<\/a>: Para os interessados na \u00e1rea fiscal, as novidades n\u00e3o param por a\u00ed! Isso porque, foi publicada no Di\u00e1rio Oficial do Estado do Par\u00e1 nesta quarta-feira, 25 de agosto, a institui\u00e7\u00e3o vencedora do procedimento licitat\u00f3rio para escolha da banca organizadora do concurso Sefa PA. A empresa vencedora \u00e9 a FADESP! Agora, a Funda\u00e7\u00e3o ser\u00e1 respons\u00e1vel pelo planejamento, organiza\u00e7\u00e3o e realiza\u00e7\u00e3o do pr\u00f3ximo certame da Secretaria de Estado da Fazenda. A expectativa \u00e9 que as provas sejam aplicadas no \u00faltimo trimestre, ou seja, entre outubro e dezembro. Ao todo, ser\u00e3o 110 vagas imediatas e em cadastro reserva para os cargos de Auditor Fiscal e Fiscal de Receitas.<\/li><\/ul>\n\n\n\n<ul class=\"wp-block-list\"><li><a href=\"https:\/\/www.estrategiaconcursos.com.br\/blog\/concurso-embasa\/\">Embasa<\/a>: J\u00e1 no estado da Bahia, foi divulgado atrav\u00e9s do Di\u00e1rio Oficial desta ter\u00e7a-feira, 24 de agosto, uma nova autoriza\u00e7\u00e3o para o concurso da Empresa Baiana de \u00c1guas e Saneamento (Embasa). O documento retifica a Resolu\u00e7\u00e3o do Conselho de Administra\u00e7\u00e3o n\u00ba 218\/2018, que autorizou a realiza\u00e7\u00e3o do certame para provimento de vagas no \u00f3rg\u00e3o, com altera\u00e7\u00e3o na previs\u00e3o de vagas, que passa de 854 para 930 oportunidades. Agora, com a nova autoriza\u00e7\u00e3o do concurso, o pr\u00f3ximo passo ser\u00e1 finalizar os \u00faltimos detalhes do edital. A sele\u00e7\u00e3o ter\u00e1 como organizadora o Instituto AOCP.<\/li><\/ul>\n\n\n\n<ul class=\"wp-block-list\"><li><a href=\"https:\/\/www.estrategiaconcursos.com.br\/blog\/concurso-ibama\/\">IBAMA<\/a> e <a href=\"https:\/\/www.estrategiaconcursos.com.br\/blog\/concurso-icmbio\/\">ICMBio<\/a>: O vice-presidente da Rep\u00fablica, Hamilton Mour\u00e3o, confirmou a abertura dos novos concursos Ibama e ICMBio. O an\u00fancio foi feito nesta semana, durante a 6\u00aa reuni\u00e3o do Conselho Nacional da Amaz\u00f4nia Legal. Segundo Mour\u00e3o, ser\u00e3o abertas, durante o governo do presidente Jair Bolsonaro, 740 vagas para o Instituto Brasileiro do Meio Ambiente e dos Recursos Naturais Renov\u00e1veis (Ibama) e o Instituto Chico Mendes de Conserva\u00e7\u00e3o da Biodiversidade (ICMBio). Certamente, o quantitativo ser\u00e1 distribu\u00eddo entre ambos os \u00f3rg\u00e3os.<\/li><\/ul>\n\n\n\n<ul class=\"wp-block-list\"><li><a href=\"https:\/\/www.estrategiaconcursos.com.br\/blog\/concurso-cgu\/\">CGU<\/a>: Mais uma not\u00edcia exclusiva da equipe de jornalismo do Estrat\u00e9gia quentinha para voc\u00ea! De acordo com uma fonte do alto escal\u00e3o, o concurso CGU j\u00e1 possui Comiss\u00e3o organizadora formada. O grupo deve ser anunciado oportunamente, atrav\u00e9s do Di\u00e1rio Oficial da Uni\u00e3o. Al\u00e9m disso, a fonte confirmou que nos pr\u00f3ximos dias ser\u00e3o divulgadas as vagas por estado e as \u00e1reas que ser\u00e3o contempladas no edital. E os tr\u00e2mites n\u00e3o param por a\u00ed. No Di\u00e1rio Oficial da Uni\u00e3o desta sexta-feira, 27 de agosto, foi divulgada a Portaria que disp\u00f5e sobre a redu\u00e7\u00e3o do prazo entre a publica\u00e7\u00e3o do edital e aplica\u00e7\u00e3o da prova do concurso. De acordo com o documento, est\u00e1 aprovado o prazo m\u00ednimo de dois meses entre a emiss\u00e3o do edital e a data da primeira avalia\u00e7\u00e3o do certame.<\/li><\/ul>\n\n\n\n<ul class=\"wp-block-list\"><li><a href=\"https:\/\/www.estrategiaconcursos.com.br\/blog\/concurso-bombeiro-es-2\/\">Bombeiro ES<\/a>: Em contato com a Assessoria de Imprensa do Corpo de Bombeiros do Esp\u00edrito Santo, o Estrat\u00e9gia Concursos recebeu, com EXCLUSIVIDADE, a informa\u00e7\u00e3o de que o edital do concurso Bombeiro ES, que est\u00e1 finalizado, ser\u00e1 submetido \u00e0 an\u00e1lise da Procuradoria-Geral antes de ser publicado. Al\u00e9m disso, foi revelado que a banca j\u00e1 est\u00e1 definida, mas n\u00e3o contratada, motivo pelo qual o nome n\u00e3o ser\u00e1 revelado por ora. Em entrevista com o presidente da comiss\u00e3o do certame, o Cebraspe [que era a empresa mais cotada] foi descartado das op\u00e7\u00f5es. Isso porque optaram por uma que aplique quest\u00f5es de m\u00faltipla escolha. A realiza\u00e7\u00e3o das provas tamb\u00e9m \u00e9 prevista para 2021. A sele\u00e7\u00e3o visa a oferta de 80 vagas para o cargo de Pra\u00e7a (Soldado), que exige n\u00edvel m\u00e9dio de escolaridade dos candidatos.<\/li><\/ul>\n\n\n\n<ul class=\"wp-block-list\"><li><a href=\"https:\/\/www.estrategiaconcursos.com.br\/blog\/concurso-semsa-manaus\/\">Semsa Manaus<\/a>: A Prefeitura de Manaus anunciou a realiza\u00e7\u00e3o do concurso SEMSA Manaus com a oferta de 2.001 vagas imediatas, al\u00e9m de cadastro reserva. A previs\u00e3o do prefeito David Almeida \u00e9 que o edital seja publicado at\u00e9 outubro, com provas em fevereiro de 2022. O objetivo da sele\u00e7\u00e3o \u00e9 suprir o d\u00e9ficit atual da Secretaria que possui, aproximadamente, um d\u00e9ficit de 2,8 mil profissionais. As oportunidades ser\u00e3o distribu\u00eddas entre diversos cargos, tais como m\u00e9dico, enfermeiro, farmac\u00eautico, nutricionista, assistente social, t\u00e9cnico em enfermagem, condutor de ambul\u00e2ncia e assistente em administra\u00e7\u00e3o.<\/li><\/ul>\n\n\n\n<ul class=\"wp-block-list\"><li><a href=\"https:\/\/www.estrategiaconcursos.com.br\/blog\/concurso-pcdf-agente-de-custodia\/\">PCDF \u2013 Agente de Cust\u00f3dia<\/a>: Ap\u00f3s a Secretaria de Economia do Distrito Federal autorizar a realiza\u00e7\u00e3o de um novo concurso PCDF para o cargo de Agente de Cust\u00f3dia, o secret\u00e1rio Andr\u00e9 Clemente revelou que a autoriza\u00e7\u00e3o bem como a contrata\u00e7\u00e3o da banca deve sair no m\u00eas de setembro. Est\u00e3o previstas 50 vagas para provimento imediato e 100 para cadastro de reserva. O cargo exige forma\u00e7\u00e3o de n\u00edvel superior, com sal\u00e1rio inicial de R$ 9.394,68.<\/li><\/ul>\n\n\n\n<ul class=\"wp-block-list\"><li><a href=\"https:\/\/www.estrategiaconcursos.com.br\/blog\/concurso-pc-to\/\">PC TO<\/a>: O secret\u00e1rio do estado de Tocantins, Cristiano Sampaio, publicou, em suas redes sociais, que o t\u00e3o aguardado edital do concurso PC TO pode ser publicado ainda em 2021. Ele ainda completou afirmando que n\u00e3o h\u00e1 impedimento em nomea\u00e7\u00f5es no ano que vem por se tratar de um certame da \u00e1rea de seguran\u00e7a p\u00fablica. Recentemente, Sampaio tamb\u00e9m revelou o n\u00famero prov\u00e1vel de vagas bem como os cargos previstos para o pr\u00f3ximo edital da PC TO. No total, segundo anunciado, ser\u00e3o 341 vagas. As oportunidades devem abranger os cargos de Agente de Pol\u00edcia, Agente de Necrotomia, Delegado de Pol\u00edcia Civil, Escriv\u00e3o, Papiloscopista e Perito. Al\u00e9m das vagas imediatas, o edital deve contemplar oportunidades em cadastro de reserva. A institui\u00e7\u00e3o policial j\u00e1 soma 1.071 cargos vagos.<\/li><\/ul>\n\n\n\n<ul class=\"wp-block-list\"><li><a href=\"https:\/\/www.estrategiaconcursos.com.br\/blog\/concurso-pm-pi\/\">PM PI<\/a>: Segundo informa\u00e7\u00f5es do secret\u00e1rio de Fazenda do Piau\u00ed, Rafael Fonteles, o governador Wellington Dias autorizou o aumento das vagas ofertadas no edital do concurso da Pol\u00edcia Militar do Estado do Piau\u00ed. Com isso, as oportunidades para o cargo de Soldado ser\u00e3o ampliadas de 650 para 1.000, enquanto que para o cargo de Oficial a oferta permanece em 40 vagas. Portanto, o certame passa a oferecer aos interessados o total de 1.040 oportunidades. Com inscri\u00e7\u00f5es encerradas, a aplica\u00e7\u00e3o das provas \u00e9 prevista nos dias 10 de outubro (Oficial) e 31 de outubro (Soldado).<\/li><\/ul>\n\n\n\n<ul class=\"wp-block-list\"><li><a href=\"https:\/\/www.estrategiaconcursos.com.br\/blog\/concurso-mp-pr-promotor\/\">MP PR<\/a>: O Conselho Superior do Minist\u00e9rio P\u00fablico do Estado do Paran\u00e1 autorizou a realiza\u00e7\u00e3o de novo concurso para Promotor de Justi\u00e7a Substituto que, atualmente, possui 2 cargos vagos. Para concorrer, \u00e9 necess\u00e1rio ser bacharel em Direito e contar, no tempo da inscri\u00e7\u00e3o definitiva, com pelo menos tr\u00eas anos de atividade jur\u00eddica ap\u00f3s a cola\u00e7\u00e3o de grau.<\/li><\/ul>\n\n\n\n<ul class=\"wp-block-list\"><li><a href=\"https:\/\/www.estrategiaconcursos.com.br\/blog\/concurso-dpe-sc-defensor\/\">DPE SC<\/a>: Foi publicado o extrato de dispensa de licita\u00e7\u00e3o que oficializou a Funda\u00e7\u00e3o Carlos Chagas (FCC) como banca organizadora do concurso que ofertar\u00e1 vagas para a classe inicial de Defensor P\u00fablico em Santa Catarina, com remunera\u00e7\u00e3o inicial de R$ 10.500,00. Para ingressar na carreira, candidato deve possuir curso de bacharelado em Direito, e contar, na data da posse, com 03 anos, no m\u00ednimo, de atividade jur\u00eddica devidamente comprovada.<\/li><\/ul>\n\n\n\n<ul class=\"wp-block-list\"><li><a href=\"https:\/\/www.estrategiaconcursos.com.br\/blog\/concurso-dpe-pi-defensor\/\">DPE PI<\/a>: A Defensoria P\u00fablica do Piau\u00ed divulgou a composi\u00e7\u00e3o da comiss\u00e3o organizadora do novo concurso para Defensor P\u00fablico do Estado, com remunera\u00e7\u00e3o inicial de R$ 24.370,85, para o qual se exige bacharelado em Direito, inscri\u00e7\u00e3o na Ordem dos Advogados do Brasil (OAB) e comprova\u00e7\u00e3o de, no m\u00ednimo, tr\u00eas anos de pr\u00e1tica forense. O regulamento do concurso j\u00e1 foi divulgado.<\/li><\/ul>\n\n\n\n<ul class=\"wp-block-list\"><li><a href=\"https:\/\/www.estrategiaconcursos.com.br\/blog\/concurso-dpe-ce-defensor\/\">DPE CE<\/a>: A Defensoria P\u00fablica do Cear\u00e1 iniciou os tr\u00e2mites para a escolha da banca organizadora do novo concurso para Defensor P\u00fablico de entr\u00e2ncia inicial, que possui remunera\u00e7\u00e3o de R$26.127,17 e requer conclus\u00e3o do curso bacharelado em Direito e dois anos de pr\u00e1tica jur\u00eddica. O regulamento j\u00e1 foi publicado e o prazo para os interessados em comporem a comiss\u00e3o se inscreverem, aberto.<\/li><\/ul>\n\n\n\n<ul class=\"wp-block-list\"><li><a href=\"https:\/\/www.estrategiaconcursos.com.br\/blog\/concurso-dpe-es-defensor\/\">DPE ES<\/a>: O Conselho Superior da Defensoria P\u00fablica do Esp\u00edrito Santo designou os membros da comiss\u00e3o organizadora do novo concurso ofertar\u00e1 vagas para Defensor P\u00fablico Substituto no Estado. O regulamento j\u00e1 foi publicado. Para ser empossado, o candidato dever\u00e1 ter conclu\u00eddo o curso de bacharelado em Direito, e ter cumprido, \u00e0 data da posse, 03 anos de atividade jur\u00eddica.<\/li><\/ul>\n\n\n\n<ul class=\"wp-block-list\"><li><a href=\"https:\/\/www.estrategiaconcursos.com.br\/blog\/concurso-pge-am-procurador\/\">PGE AM Procurador<\/a>: Foi divulgada a aprova\u00e7\u00e3o, pelo Procurador-Geral do Estado do Amazonas, da composi\u00e7\u00e3o de comiss\u00e3o interna para a organiza\u00e7\u00e3o 10\u00ba concurso de provas e t\u00edtulos para provimento do cargo de Procurador do Estado de 3\u00aa Classe, para o qual se exige n\u00edvel superior em Direito e registro na Ordem dos Advogados do Brasil \u2013 OAB.<\/li><\/ul>\n\n\n\n<ul class=\"wp-block-list\"><li><a href=\"https:\/\/www.estrategiaconcursos.com.br\/blog\/concurso-pgm-rio-verde-go\/\">PGM Rio Verde<\/a>: Foi publicado o edital do concurso que oferta 1 vaga imediata mais 3 em cadastro de reserva para o cargo de Procurador Municipal em Rio Verde, no Estado do Goi\u00e1s. O cargo exige forma\u00e7\u00e3o superior em direito e inscri\u00e7\u00e3o na OAB. As inscri\u00e7\u00f5es devem ser feitas entre os dias 27 de setembro e 27 de outubro, no portal eletr\u00f4nico da UnirV. A taxa de inscri\u00e7\u00e3o cobrada \u00e9 de R$ 210,00 e a prova objetiva acontecer\u00e1 em 16 de janeiro de 2022.<\/li><\/ul>\n\n\n\n<ul class=\"wp-block-list\"><li><a href=\"https:\/\/www.estrategiaconcursos.com.br\/blog\/concurso-pge-am\/\">PGE AM<\/a>: Foi divulgada a aprova\u00e7\u00e3o, tamb\u00e9m pelo Procurador-Geral do Estado do Amazonas, Giordano Bruno Costa da Cruz, da composi\u00e7\u00e3o de comiss\u00e3o interna para a organiza\u00e7\u00e3o do primeiro certame para servidores permanentes do quadro de pessoal. Ainda n\u00e3o se sabe quais cargos e vagas ser\u00e3o ofertados nem qual n\u00edvel de escolaridade ser\u00e1 contemplado.<\/li><\/ul>\n\n\n\n<ul class=\"wp-block-list\"><li><a href=\"https:\/\/www.estrategiaconcursos.com.br\/blog\/concurso-dpe-pr\/\">DPE PR<\/a>: A Defensoria P\u00fablica do Paran\u00e1 retomou as atividades do concurso que ofertar\u00e1 vagas para cargos com forma\u00e7\u00e3o em n\u00edveis m\u00e9dio e superior, e remunera\u00e7\u00f5es que variam entre R$1.503,39 e R$ 3.608,12. Al\u00e9m disso, o \u00f3rg\u00e3o constituiu a comiss\u00e3o organizadora do novo certame, cujo regulamento j\u00e1 havia sido publicado.<\/li><\/ul>\n\n\n\n<ul class=\"wp-block-list\"><li><a href=\"https:\/\/www.estrategiaconcursos.com.br\/blog\/concurso-sed-ms\/\">SED MS<\/a>: O Governador do Estado do Mato Grosso do Sul, Reinaldo Azambuja, autorizou oficialmente a realiza\u00e7\u00e3o do concurso que prover\u00e1 722 vagas de Professor de Educa\u00e7\u00e3o B\u00e1sica no Quadro de Pessoal da Secretaria de Estado de Educa\u00e7\u00e3o. Edital espec\u00edfico estabelecer\u00e1, em breve, as especialidades por \u00e1rea de conhecimento\/disciplina, por localidade do Estado e trar\u00e1 todas as demais informa\u00e7\u00f5es quanto \u00e0s etapas de provas.&nbsp;<\/li><\/ul>\n\n\n\n<p>Desejo a todos uma excelente semana de estudos!<\/p>\n\n\n\n<p>Abra\u00e7os,<\/p>\n\n\n\n<p><strong>Prof. Diego Cerqueira<\/strong><\/p>\n\n\n\n<p><\/p>\n","protected":false},"excerpt":{"rendered":"<p>Confira, em nossa quadrag\u00e9sima quarta carta aos assinantes, a nossa programa\u00e7\u00e3o semanal, as novidades do nosso Sistema de Quest\u00f5es e as principais movimenta\u00e7\u00f5es de concursos. Aqui \u00e9 o Prof. Diego Cerqueira, em nossa quadrag\u00e9sima quarta carta aos Assinantes do Estrat\u00e9gia Concursos. Na \u00faltima semana tivemos a publica\u00e7\u00e3o do edital da SEFAZ RR. Convido os alunos [&hellip;]<\/p>\n","protected":false},"author":1789,"featured_media":846980,"comment_status":"open","ping_status":"closed","sticky":false,"template":"","format":"standard","meta":{"post_tipo":"article","footnotes":""},"categories":[1],"tags":[],"tax_estado":[219964,219965,219966,219967,219968,219969,219963,219970,219971,219972,219973,219974,219975,219976,219977,219978,219979,219980,219981,219982,219983,219984,219985,219986,219987,219988,219989,219990],"class_list":["post-846967","post","type-post","status-publish","format-standard","has-post-thumbnail","hentry","category-cursos-e-concursos","tax_estado-ac","tax_estado-al","tax_estado-am","tax_estado-ap","tax_estado-ba","tax_estado-ce","tax_estado-concursos-federais","tax_estado-df","tax_estado-es","tax_estado-go","tax_estado-ma","tax_estado-mg","tax_estado-ms","tax_estado-mt","tax_estado-pa","tax_estado-pb","tax_estado-pe","tax_estado-pi","tax_estado-pr","tax_estado-rj","tax_estado-rn","tax_estado-ro","tax_estado-rr","tax_estado-rs","tax_estado-sc","tax_estado-se","tax_estado-sp","tax_estado-to"],"acf":[],"yoast_head":"<!-- This site is optimized with the Yoast SEO Premium plugin v27.2 (Yoast SEO v27.2) - https:\/\/yoast.com\/product\/yoast-seo-premium-wordpress\/ -->\n<title>Carta aos Assinantes do Estrat\u00e9gia Concursos - 044<\/title>\n<meta name=\"description\" content=\"Confira, em nossa 44\u00aa carta aos assinantes, a nossa programa\u00e7\u00e3o semanal, as novidades do nosso SQ e as principais movimenta\u00e7\u00f5es de concursos.\" \/>\n<meta name=\"robots\" content=\"index, follow, max-snippet:-1, max-image-preview:large, max-video-preview:-1\" \/>\n<link rel=\"canonical\" href=\"https:\/\/www.estrategiaconcursos.com.br\/blog\/carta-aos-assinantes-044\/\" \/>\n<meta property=\"og:locale\" content=\"pt_BR\" \/>\n<meta property=\"og:type\" content=\"article\" \/>\n<meta property=\"og:title\" content=\"Carta aos Assinantes do Estrat\u00e9gia Concursos - 044\" \/>\n<meta property=\"og:description\" content=\"Confira, em nossa 44\u00aa carta aos assinantes, a nossa programa\u00e7\u00e3o semanal, as novidades do nosso SQ e as principais movimenta\u00e7\u00f5es de concursos.\" \/>\n<meta property=\"og:url\" content=\"https:\/\/www.estrategiaconcursos.com.br\/blog\/carta-aos-assinantes-044\/\" \/>\n<meta property=\"og:site_name\" content=\"Estrat\u00e9gia Concursos\" \/>\n<meta property=\"article:published_time\" content=\"2021-08-30T12:00:00+00:00\" \/>\n<meta property=\"article:modified_time\" content=\"2021-09-03T15:13:43+00:00\" \/>\n<meta property=\"og:image\" content=\"https:\/\/dhg1h5j42swfq.cloudfront.net\/2021\/08\/27091949\/imagem-carta-aos-assinantes-3.png\" \/>\n\t<meta property=\"og:image:width\" content=\"800\" \/>\n\t<meta property=\"og:image:height\" content=\"450\" \/>\n\t<meta property=\"og:image:type\" content=\"image\/png\" \/>\n<meta name=\"author\" content=\"Coordena\u00e7\u00e3o Estrat\u00e9gia\" \/>\n<meta name=\"twitter:card\" content=\"summary_large_image\" \/>\n<meta name=\"twitter:creator\" content=\"@EstratConcursos\" \/>\n<meta name=\"twitter:site\" content=\"@EstratConcursos\" \/>\n<meta name=\"twitter:label1\" content=\"Escrito por\" \/>\n\t<meta name=\"twitter:data1\" content=\"Coordena\u00e7\u00e3o Estrat\u00e9gia\" \/>\n\t<meta name=\"twitter:label2\" content=\"Est. tempo de leitura\" \/>\n\t<meta name=\"twitter:data2\" content=\"12 minutos\" \/>\n<script type=\"application\/ld+json\" class=\"yoast-schema-graph\">{\"@context\":\"https:\/\/schema.org\",\"@graph\":[{\"@type\":\"NewsArticle\",\"@id\":\"https:\/\/www.estrategiaconcursos.com.br\/blog\/carta-aos-assinantes-044\/#article\",\"isPartOf\":{\"@id\":\"https:\/\/www.estrategiaconcursos.com.br\/blog\/carta-aos-assinantes-044\/\"},\"author\":{\"name\":\"Coordena\u00e7\u00e3o Estrat\u00e9gia\",\"@id\":\"https:\/\/www.estrategiaconcursos.com.br\/blog\/#\/schema\/person\/ba5fab3b1fa4a358429e37bc50f74021\"},\"headline\":\"Carta aos Assinantes do Estrat\u00e9gia Concursos &#8211; 044\",\"datePublished\":\"2021-08-30T12:00:00+00:00\",\"dateModified\":\"2021-09-03T15:13:43+00:00\",\"mainEntityOfPage\":{\"@id\":\"https:\/\/www.estrategiaconcursos.com.br\/blog\/carta-aos-assinantes-044\/\"},\"wordCount\":2730,\"commentCount\":0,\"publisher\":{\"@id\":\"https:\/\/www.estrategiaconcursos.com.br\/blog\/#organization\"},\"image\":{\"@id\":\"https:\/\/www.estrategiaconcursos.com.br\/blog\/carta-aos-assinantes-044\/#primaryimage\"},\"thumbnailUrl\":\"https:\/\/dhg1h5j42swfq.cloudfront.net\/2021\/08\/27091949\/imagem-carta-aos-assinantes-3.png\",\"articleSection\":[\"Concursos P\u00fablicos\"],\"inLanguage\":\"pt-BR\",\"potentialAction\":[{\"@type\":\"CommentAction\",\"name\":\"Comment\",\"target\":[\"https:\/\/www.estrategiaconcursos.com.br\/blog\/carta-aos-assinantes-044\/#respond\"]}],\"copyrightYear\":\"2021\",\"copyrightHolder\":{\"@id\":\"https:\/\/www.estrategiaconcursos.com.br\/blog\/#organization\"}},{\"@type\":\"WebPage\",\"@id\":\"https:\/\/www.estrategiaconcursos.com.br\/blog\/carta-aos-assinantes-044\/\",\"url\":\"https:\/\/www.estrategiaconcursos.com.br\/blog\/carta-aos-assinantes-044\/\",\"name\":\"Carta aos Assinantes do Estrat\u00e9gia Concursos - 044\",\"isPartOf\":{\"@id\":\"https:\/\/www.estrategiaconcursos.com.br\/blog\/#website\"},\"primaryImageOfPage\":{\"@id\":\"https:\/\/www.estrategiaconcursos.com.br\/blog\/carta-aos-assinantes-044\/#primaryimage\"},\"image\":{\"@id\":\"https:\/\/www.estrategiaconcursos.com.br\/blog\/carta-aos-assinantes-044\/#primaryimage\"},\"thumbnailUrl\":\"https:\/\/dhg1h5j42swfq.cloudfront.net\/2021\/08\/27091949\/imagem-carta-aos-assinantes-3.png\",\"datePublished\":\"2021-08-30T12:00:00+00:00\",\"dateModified\":\"2021-09-03T15:13:43+00:00\",\"description\":\"Confira, em nossa 44\u00aa carta aos assinantes, a nossa programa\u00e7\u00e3o semanal, as novidades do nosso SQ e as principais movimenta\u00e7\u00f5es de concursos.\",\"breadcrumb\":{\"@id\":\"https:\/\/www.estrategiaconcursos.com.br\/blog\/carta-aos-assinantes-044\/#breadcrumb\"},\"inLanguage\":\"pt-BR\",\"potentialAction\":[{\"@type\":\"ReadAction\",\"target\":[\"https:\/\/www.estrategiaconcursos.com.br\/blog\/carta-aos-assinantes-044\/\"]}]},{\"@type\":\"ImageObject\",\"inLanguage\":\"pt-BR\",\"@id\":\"https:\/\/www.estrategiaconcursos.com.br\/blog\/carta-aos-assinantes-044\/#primaryimage\",\"url\":\"https:\/\/dhg1h5j42swfq.cloudfront.net\/2021\/08\/27091949\/imagem-carta-aos-assinantes-3.png\",\"contentUrl\":\"https:\/\/dhg1h5j42swfq.cloudfront.net\/2021\/08\/27091949\/imagem-carta-aos-assinantes-3.png\",\"width\":800,\"height\":450,\"caption\":\"carta aos assinantes\"},{\"@type\":\"BreadcrumbList\",\"@id\":\"https:\/\/www.estrategiaconcursos.com.br\/blog\/carta-aos-assinantes-044\/#breadcrumb\",\"itemListElement\":[{\"@type\":\"ListItem\",\"position\":1,\"name\":\"In\u00edcio\",\"item\":\"https:\/\/www.estrategiaconcursos.com.br\/blog\/\"},{\"@type\":\"ListItem\",\"position\":2,\"name\":\"Carta aos Assinantes do Estrat\u00e9gia Concursos &#8211; 044\"}]},{\"@type\":\"WebSite\",\"@id\":\"https:\/\/www.estrategiaconcursos.com.br\/blog\/#website\",\"url\":\"https:\/\/www.estrategiaconcursos.com.br\/blog\/\",\"name\":\"Estrat\u00e9gia Concursos\",\"description\":\"O blog da Estrat\u00e9gia Concursos traz not\u00edcias sobre concursos e artigos de professores oferecendo cursos para concursos (pdf + videaulas) no site.\",\"publisher\":{\"@id\":\"https:\/\/www.estrategiaconcursos.com.br\/blog\/#organization\"},\"potentialAction\":[{\"@type\":\"SearchAction\",\"target\":{\"@type\":\"EntryPoint\",\"urlTemplate\":\"https:\/\/www.estrategiaconcursos.com.br\/blog\/?s={search_term_string}\"},\"query-input\":{\"@type\":\"PropertyValueSpecification\",\"valueRequired\":true,\"valueName\":\"search_term_string\"}}],\"inLanguage\":\"pt-BR\"},{\"@type\":\"Organization\",\"@id\":\"https:\/\/www.estrategiaconcursos.com.br\/blog\/#organization\",\"name\":\"Estrat\u00e9gia Concursos\",\"url\":\"https:\/\/www.estrategiaconcursos.com.br\/blog\/\",\"logo\":{\"@type\":\"ImageObject\",\"inLanguage\":\"pt-BR\",\"@id\":\"https:\/\/www.estrategiaconcursos.com.br\/blog\/#\/schema\/logo\/image\/\",\"url\":\"https:\/\/dhg1h5j42swfq.cloudfront.net\/2025\/06\/03203428\/logo_concursos-1.jpg\",\"contentUrl\":\"https:\/\/dhg1h5j42swfq.cloudfront.net\/2025\/06\/03203428\/logo_concursos-1.jpg\",\"width\":230,\"height\":60,\"caption\":\"Estrat\u00e9gia Concursos\"},\"image\":{\"@id\":\"https:\/\/www.estrategiaconcursos.com.br\/blog\/#\/schema\/logo\/image\/\"},\"sameAs\":[\"https:\/\/x.com\/EstratConcursos\"]},{\"@type\":\"Person\",\"@id\":\"https:\/\/www.estrategiaconcursos.com.br\/blog\/#\/schema\/person\/ba5fab3b1fa4a358429e37bc50f74021\",\"name\":\"Coordena\u00e7\u00e3o Estrat\u00e9gia\",\"image\":{\"@type\":\"ImageObject\",\"inLanguage\":\"pt-BR\",\"@id\":\"https:\/\/secure.gravatar.com\/avatar\/adff33ff18541ba37c900dd2b1e82dbfb0fe33d873b92636b4827a8da462feb3?s=96&d=mm&r=g\",\"url\":\"https:\/\/secure.gravatar.com\/avatar\/adff33ff18541ba37c900dd2b1e82dbfb0fe33d873b92636b4827a8da462feb3?s=96&d=mm&r=g\",\"contentUrl\":\"https:\/\/secure.gravatar.com\/avatar\/adff33ff18541ba37c900dd2b1e82dbfb0fe33d873b92636b4827a8da462feb3?s=96&d=mm&r=g\",\"caption\":\"Coordena\u00e7\u00e3o Estrat\u00e9gia\"},\"url\":\"https:\/\/www.estrategiaconcursos.com.br\/blog\/author\/victor-tanakaaestrategiaconcursos-com-br\/\"}]}<\/script>\n<!-- \/ Yoast SEO Premium plugin. -->","yoast_head_json":{"title":"Carta aos Assinantes do Estrat\u00e9gia Concursos - 044","description":"Confira, em nossa 44\u00aa carta aos assinantes, a nossa programa\u00e7\u00e3o semanal, as novidades do nosso SQ e as principais movimenta\u00e7\u00f5es de concursos.","robots":{"index":"index","follow":"follow","max-snippet":"max-snippet:-1","max-image-preview":"max-image-preview:large","max-video-preview":"max-video-preview:-1"},"canonical":"https:\/\/www.estrategiaconcursos.com.br\/blog\/carta-aos-assinantes-044\/","og_locale":"pt_BR","og_type":"article","og_title":"Carta aos Assinantes do Estrat\u00e9gia Concursos - 044","og_description":"Confira, em nossa 44\u00aa carta aos assinantes, a nossa programa\u00e7\u00e3o semanal, as novidades do nosso SQ e as principais movimenta\u00e7\u00f5es de concursos.","og_url":"https:\/\/www.estrategiaconcursos.com.br\/blog\/carta-aos-assinantes-044\/","og_site_name":"Estrat\u00e9gia Concursos","article_published_time":"2021-08-30T12:00:00+00:00","article_modified_time":"2021-09-03T15:13:43+00:00","og_image":[{"width":800,"height":450,"url":"https:\/\/dhg1h5j42swfq.cloudfront.net\/2021\/08\/27091949\/imagem-carta-aos-assinantes-3.png","type":"image\/png"}],"author":"Coordena\u00e7\u00e3o Estrat\u00e9gia","twitter_card":"summary_large_image","twitter_creator":"@EstratConcursos","twitter_site":"@EstratConcursos","twitter_misc":{"Escrito por":"Coordena\u00e7\u00e3o Estrat\u00e9gia","Est. tempo de leitura":"12 minutos"},"schema":{"@context":"https:\/\/schema.org","@graph":[{"@type":"NewsArticle","@id":"https:\/\/www.estrategiaconcursos.com.br\/blog\/carta-aos-assinantes-044\/#article","isPartOf":{"@id":"https:\/\/www.estrategiaconcursos.com.br\/blog\/carta-aos-assinantes-044\/"},"author":{"name":"Coordena\u00e7\u00e3o Estrat\u00e9gia","@id":"https:\/\/www.estrategiaconcursos.com.br\/blog\/#\/schema\/person\/ba5fab3b1fa4a358429e37bc50f74021"},"headline":"Carta aos Assinantes do Estrat\u00e9gia Concursos &#8211; 044","datePublished":"2021-08-30T12:00:00+00:00","dateModified":"2021-09-03T15:13:43+00:00","mainEntityOfPage":{"@id":"https:\/\/www.estrategiaconcursos.com.br\/blog\/carta-aos-assinantes-044\/"},"wordCount":2730,"commentCount":0,"publisher":{"@id":"https:\/\/www.estrategiaconcursos.com.br\/blog\/#organization"},"image":{"@id":"https:\/\/www.estrategiaconcursos.com.br\/blog\/carta-aos-assinantes-044\/#primaryimage"},"thumbnailUrl":"https:\/\/dhg1h5j42swfq.cloudfront.net\/2021\/08\/27091949\/imagem-carta-aos-assinantes-3.png","articleSection":["Concursos P\u00fablicos"],"inLanguage":"pt-BR","potentialAction":[{"@type":"CommentAction","name":"Comment","target":["https:\/\/www.estrategiaconcursos.com.br\/blog\/carta-aos-assinantes-044\/#respond"]}],"copyrightYear":"2021","copyrightHolder":{"@id":"https:\/\/www.estrategiaconcursos.com.br\/blog\/#organization"}},{"@type":"WebPage","@id":"https:\/\/www.estrategiaconcursos.com.br\/blog\/carta-aos-assinantes-044\/","url":"https:\/\/www.estrategiaconcursos.com.br\/blog\/carta-aos-assinantes-044\/","name":"Carta aos Assinantes do Estrat\u00e9gia Concursos - 044","isPartOf":{"@id":"https:\/\/www.estrategiaconcursos.com.br\/blog\/#website"},"primaryImageOfPage":{"@id":"https:\/\/www.estrategiaconcursos.com.br\/blog\/carta-aos-assinantes-044\/#primaryimage"},"image":{"@id":"https:\/\/www.estrategiaconcursos.com.br\/blog\/carta-aos-assinantes-044\/#primaryimage"},"thumbnailUrl":"https:\/\/dhg1h5j42swfq.cloudfront.net\/2021\/08\/27091949\/imagem-carta-aos-assinantes-3.png","datePublished":"2021-08-30T12:00:00+00:00","dateModified":"2021-09-03T15:13:43+00:00","description":"Confira, em nossa 44\u00aa carta aos assinantes, a nossa programa\u00e7\u00e3o semanal, as novidades do nosso SQ e as principais movimenta\u00e7\u00f5es de concursos.","breadcrumb":{"@id":"https:\/\/www.estrategiaconcursos.com.br\/blog\/carta-aos-assinantes-044\/#breadcrumb"},"inLanguage":"pt-BR","potentialAction":[{"@type":"ReadAction","target":["https:\/\/www.estrategiaconcursos.com.br\/blog\/carta-aos-assinantes-044\/"]}]},{"@type":"ImageObject","inLanguage":"pt-BR","@id":"https:\/\/www.estrategiaconcursos.com.br\/blog\/carta-aos-assinantes-044\/#primaryimage","url":"https:\/\/dhg1h5j42swfq.cloudfront.net\/2021\/08\/27091949\/imagem-carta-aos-assinantes-3.png","contentUrl":"https:\/\/dhg1h5j42swfq.cloudfront.net\/2021\/08\/27091949\/imagem-carta-aos-assinantes-3.png","width":800,"height":450,"caption":"carta aos assinantes"},{"@type":"BreadcrumbList","@id":"https:\/\/www.estrategiaconcursos.com.br\/blog\/carta-aos-assinantes-044\/#breadcrumb","itemListElement":[{"@type":"ListItem","position":1,"name":"In\u00edcio","item":"https:\/\/www.estrategiaconcursos.com.br\/blog\/"},{"@type":"ListItem","position":2,"name":"Carta aos Assinantes do Estrat\u00e9gia Concursos &#8211; 044"}]},{"@type":"WebSite","@id":"https:\/\/www.estrategiaconcursos.com.br\/blog\/#website","url":"https:\/\/www.estrategiaconcursos.com.br\/blog\/","name":"Estrat\u00e9gia Concursos","description":"O blog da Estrat\u00e9gia Concursos traz not\u00edcias sobre concursos e artigos de professores oferecendo cursos para concursos (pdf + videaulas) no site.","publisher":{"@id":"https:\/\/www.estrategiaconcursos.com.br\/blog\/#organization"},"potentialAction":[{"@type":"SearchAction","target":{"@type":"EntryPoint","urlTemplate":"https:\/\/www.estrategiaconcursos.com.br\/blog\/?s={search_term_string}"},"query-input":{"@type":"PropertyValueSpecification","valueRequired":true,"valueName":"search_term_string"}}],"inLanguage":"pt-BR"},{"@type":"Organization","@id":"https:\/\/www.estrategiaconcursos.com.br\/blog\/#organization","name":"Estrat\u00e9gia Concursos","url":"https:\/\/www.estrategiaconcursos.com.br\/blog\/","logo":{"@type":"ImageObject","inLanguage":"pt-BR","@id":"https:\/\/www.estrategiaconcursos.com.br\/blog\/#\/schema\/logo\/image\/","url":"https:\/\/dhg1h5j42swfq.cloudfront.net\/2025\/06\/03203428\/logo_concursos-1.jpg","contentUrl":"https:\/\/dhg1h5j42swfq.cloudfront.net\/2025\/06\/03203428\/logo_concursos-1.jpg","width":230,"height":60,"caption":"Estrat\u00e9gia Concursos"},"image":{"@id":"https:\/\/www.estrategiaconcursos.com.br\/blog\/#\/schema\/logo\/image\/"},"sameAs":["https:\/\/x.com\/EstratConcursos"]},{"@type":"Person","@id":"https:\/\/www.estrategiaconcursos.com.br\/blog\/#\/schema\/person\/ba5fab3b1fa4a358429e37bc50f74021","name":"Coordena\u00e7\u00e3o Estrat\u00e9gia","image":{"@type":"ImageObject","inLanguage":"pt-BR","@id":"https:\/\/secure.gravatar.com\/avatar\/adff33ff18541ba37c900dd2b1e82dbfb0fe33d873b92636b4827a8da462feb3?s=96&d=mm&r=g","url":"https:\/\/secure.gravatar.com\/avatar\/adff33ff18541ba37c900dd2b1e82dbfb0fe33d873b92636b4827a8da462feb3?s=96&d=mm&r=g","contentUrl":"https:\/\/secure.gravatar.com\/avatar\/adff33ff18541ba37c900dd2b1e82dbfb0fe33d873b92636b4827a8da462feb3?s=96&d=mm&r=g","caption":"Coordena\u00e7\u00e3o Estrat\u00e9gia"},"url":"https:\/\/www.estrategiaconcursos.com.br\/blog\/author\/victor-tanakaaestrategiaconcursos-com-br\/"}]}},"_links":{"self":[{"href":"https:\/\/www.estrategiaconcursos.com.br\/blog\/wp-json\/wp\/v2\/posts\/846967","targetHints":{"allow":["GET"]}}],"collection":[{"href":"https:\/\/www.estrategiaconcursos.com.br\/blog\/wp-json\/wp\/v2\/posts"}],"about":[{"href":"https:\/\/www.estrategiaconcursos.com.br\/blog\/wp-json\/wp\/v2\/types\/post"}],"author":[{"embeddable":true,"href":"https:\/\/www.estrategiaconcursos.com.br\/blog\/wp-json\/wp\/v2\/users\/1789"}],"replies":[{"embeddable":true,"href":"https:\/\/www.estrategiaconcursos.com.br\/blog\/wp-json\/wp\/v2\/comments?post=846967"}],"version-history":[{"count":7,"href":"https:\/\/www.estrategiaconcursos.com.br\/blog\/wp-json\/wp\/v2\/posts\/846967\/revisions"}],"predecessor-version":[{"id":853349,"href":"https:\/\/www.estrategiaconcursos.com.br\/blog\/wp-json\/wp\/v2\/posts\/846967\/revisions\/853349"}],"wp:featuredmedia":[{"embeddable":true,"href":"https:\/\/www.estrategiaconcursos.com.br\/blog\/wp-json\/wp\/v2\/media\/846980"}],"wp:attachment":[{"href":"https:\/\/www.estrategiaconcursos.com.br\/blog\/wp-json\/wp\/v2\/media?parent=846967"}],"wp:term":[{"taxonomy":"category","embeddable":true,"href":"https:\/\/www.estrategiaconcursos.com.br\/blog\/wp-json\/wp\/v2\/categories?post=846967"},{"taxonomy":"post_tag","embeddable":true,"href":"https:\/\/www.estrategiaconcursos.com.br\/blog\/wp-json\/wp\/v2\/tags?post=846967"},{"taxonomy":"tax_estado","embeddable":true,"href":"https:\/\/www.estrategiaconcursos.com.br\/blog\/wp-json\/wp\/v2\/tax_estado?post=846967"}],"curies":[{"name":"wp","href":"https:\/\/api.w.org\/{rel}","templated":true}]}}