{"id":846892,"date":"2021-08-27T18:00:00","date_gmt":"2021-08-27T21:00:00","guid":{"rendered":"https:\/\/www.estrategiaconcursos.com.br\/blog\/?p=846892"},"modified":"2021-09-03T14:04:48","modified_gmt":"2021-09-03T17:04:48","slug":"concurso-publico-editais-da-semana-23-a-27-08","status":"publish","type":"post","link":"https:\/\/www.estrategiaconcursos.com.br\/blog\/concurso-publico-editais-da-semana-23-a-27-08\/","title":{"rendered":"Concurso P\u00fablico: 13 editais esta semana! Mais de 2 mil vagas"},"content":{"rendered":"\n<p>A semana vai chegando ao fim, mas com um saldo positivo de editais publicados. Foram<strong> 13 certames<\/strong> e <strong>2.439 vagas<\/strong>, nas \u00e1reas da sa\u00fade, seguran\u00e7a e prefeituras e c\u00e2maras municipais.<\/p>\n\n\n\n<p>Em <strong>Minas Gerais<\/strong>, sa\u00edram editais para a Prefeitura de Tr\u00eas Marias e para o processo seletivo&nbsp;da MSG (Minas Gerais Administra\u00e7\u00e3o e Servi\u00e7os S.A.).<\/p>\n\n\n\n<p>J\u00e1 em <strong>S\u00e3o Paulo<\/strong>, novas sele\u00e7\u00f5es foram divulgadas para a C\u00e2mara Municipal de Barueri, Prefeitura de Bragan\u00e7a Paulista e para Resid\u00eancia no Hospital S\u00edrio Liban\u00eas.<\/p>\n\n\n\n<p>Al\u00e9m desses estados, outras localidades tamb\u00e9m foram contempladas, como o Rio Grande do Sul, Par\u00e1, Paran\u00e1, Goi\u00e1s e Santa Catarin. <em><strong>Confira mais informa\u00e7\u00f5es ao longo deste artigo!<\/strong><\/em><\/p>\n\n\n\n<div class=\"container\" id=\"boxes\">\n  <div class=\"row\">\n\n    <div class=\"col-sm\">\n      <div class=\"banner-estrategia\" id=\"box-assinatura\">\n        <h3 class=\"titulo-assinatura\">Cursos para concursos<\/h3>\n        <p class=\"subtitulo-assinatura\">Estude conosco<\/p>\n        <div class=\"box-botao\">\n          <a class=\"btn-assinatura\" target=\"_blank\" href=\"https:\/\/www.estrategiaconcursos.com.br\/cursos\/\" role=\"button\" rel=\"noopener noreferrer\">Conhe\u00e7a os cursos<\/a>\n        <\/div>\n      <\/div>\n     \n    <\/div>\n\n  <\/div>\n<\/div>\n\n\n\n<h2 class=\"has-text-align-center has-background wp-block-heading\" id=\"h-confira-os-editais-publicados\" style=\"background-color:#e4dbec\">Confira os editais publicados:<\/h2>\n\n\n\n<h3 class=\"wp-block-heading\" id=\"h-exame-cfc\"><a href=\"https:\/\/www.estrategiaconcursos.com.br\/blog\/exame-cfc\/\" target=\"_blank\" rel=\"noreferrer noopener\">Exame CFC<\/a><\/h3>\n\n\n\n<p>Foi publicado o edital da segunda edi\u00e7\u00e3o deste ano para o <a href=\"https:\/\/cfc.org.br\/exame-de-suficiencia-anteriores\/2o-exame-de-suficiencia-de-2021\/\" target=\"_blank\" rel=\"noreferrer noopener\">Exame de Sufici\u00eancia<\/a> do Conselho Federal de Contabilidade (CFC 2021.2).<\/p>\n\n\n\n<ul class=\"wp-block-list\" id=\"block-bbf7119f-5427-4ef3-a5ba-d19132ecf51d\"><li><strong>Banca<\/strong>:&nbsp;Consulplan<\/li><li><strong>Per\u00edodo de inscri\u00e7\u00f5es<\/strong>:&nbsp;24 de agosto a 23 de setembro<\/li><li><strong>Data da prova:<\/strong>&nbsp;24 de outubro<\/li><li><strong>Mais informa\u00e7\u00f5es<\/strong>:&nbsp;<a href=\"https:\/\/www.estrategiaconcursos.com.br\/blog\/exame-cfc\/\" target=\"_blank\" rel=\"noreferrer noopener\">Exame CFC<\/a><\/li><li><strong>Curso:<\/strong>&nbsp;<a href=\"https:\/\/www.estrategiaconcursos.com.br\/cursosPorConcurso\/exame-de-suficiencia-do-cfc-2021\/\" target=\"_blank\" rel=\"noreferrer noopener\">Exame CFC<\/a><\/li><\/ul>\n\n\n\n<h3 class=\"wp-block-heading\" id=\"h-processo-seletivo-msg-mg\"><a href=\"https:\/\/www.estrategiaconcursos.com.br\/blog\/concurso-mgs-mg\/\" target=\"_blank\" rel=\"noreferrer noopener\">Processo Seletivo MSG<\/a>&nbsp;(MG)<\/h3>\n\n\n\n<p>Foi publicado um novo edital de processo seletivo&nbsp;para o Minas Gerais Administra\u00e7\u00e3o e Servi\u00e7os S.A. S\u00e3o ofertadas&nbsp;392 vagas&nbsp;mais forma\u00e7\u00e3o de cadastro de reserva.<\/p>\n\n\n\n<ul class=\"wp-block-list\" id=\"block-bbf7119f-5427-4ef3-a5ba-d19132ecf51d\"><li><strong>Banca<\/strong>: IBFC<\/li><li><strong>Per\u00edodo de inscri\u00e7\u00f5es<\/strong>:&nbsp;20 de agosto a 21 de setembro<\/li><li><strong>Data da prova:<\/strong>&nbsp;17 de outubro<\/li><li><strong>Vagas:<\/strong>&nbsp;392 + CR<\/li><li><strong>Cargos:<\/strong>&nbsp;Diversos<\/li><li><strong>Sal\u00e1rio:<\/strong>&nbsp;R$ 1.227,75 a R$2.460,20<\/li><li><strong>Mais informa\u00e7\u00f5es<\/strong>:&nbsp;<a href=\"https:\/\/www.estrategiaconcursos.com.br\/blog\/concurso-mgs-mg\/\" target=\"_blank\" rel=\"noreferrer noopener\">PSS MSG<\/a><\/li><li><strong>Curso:<\/strong>&nbsp;<a href=\"https:\/\/www.estrategiaconcursos.com.br\/cursos\/concurso\/\" target=\"_blank\" rel=\"noreferrer noopener\">PSS MSG<\/a><\/li><\/ul>\n\n\n\n<h3 class=\"wp-block-heading\" id=\"h-concurso-prefeitura-de-tr-s-marias-mg\"><a href=\"https:\/\/www.estrategiaconcursos.com.br\/blog\/concurso-tres-marias-mg\/\" target=\"_blank\" rel=\"noreferrer noopener\">Concurso Prefeitura de Tr\u00eas Marias<\/a>&nbsp;(MG)<\/h3>\n\n\n\n<p>O edital do&nbsp;concurso Tr\u00eas Marias oferta&nbsp;274 vagas distribu\u00eddas entre cargos de n\u00edveis fundamental, m\u00e9dio, m\u00e9dio\/t\u00e9cnico e superior.<\/p>\n\n\n\n<ul class=\"wp-block-list\" id=\"block-bbf7119f-5427-4ef3-a5ba-d19132ecf51d\"><li><strong>Banca<\/strong>: IBGP<\/li><li><strong>Per\u00edodo de inscri\u00e7\u00f5es<\/strong>:&nbsp;27 de setembro a 27 de outubro<\/li><li><strong>Data da prova:<\/strong>&nbsp;12, 18 e 19 de dezembro&nbsp;<\/li><li><strong>Vagas:<\/strong>&nbsp;274<\/li><li><strong>Cargos:<\/strong>&nbsp;Diversos<\/li><li><strong>Sal\u00e1rio:<\/strong>&nbsp;R$ 1.161,36 a R$ 4.305,73<\/li><li><strong>Mais informa\u00e7\u00f5es<\/strong>:&nbsp;<a href=\"https:\/\/www.estrategiaconcursos.com.br\/blog\/concurso-tres-marias-mg\/\" target=\"_blank\" rel=\"noreferrer noopener\">Concurso Tr\u00eas Marias<\/a><\/li><li><strong>Curso:<\/strong>&nbsp;<a href=\"https:\/\/www.estrategiaconcursos.com.br\/cursos\/\" target=\"_blank\" rel=\"noreferrer noopener\">Tr\u00eas Marias<\/a><\/li><\/ul>\n\n\n\n<h3 class=\"wp-block-heading\" id=\"h-concurso-c-mara-de-barueri-sp\"><a href=\"https:\/\/www.estrategiaconcursos.com.br\/blog\/concurso-camara-de-barueri\/\" target=\"_blank\" rel=\"noreferrer noopener\">Concurso C\u00e2mara de Barueri<\/a>&nbsp;(SP)<\/h3>\n\n\n\n<p>O edital do&nbsp;concurso da C\u00e2mara de Barueri traz36 vagas&nbsp;distribu\u00eddas entre cargos de n\u00edveis fundamental, m\u00e9dio e superior.<\/p>\n\n\n\n<ul class=\"wp-block-list\" id=\"block-bbf7119f-5427-4ef3-a5ba-d19132ecf51d\"><li><strong>Banca<\/strong>: IGECS<\/li><li><strong>Per\u00edodo de inscri\u00e7\u00f5es<\/strong>:&nbsp;23 de agosto a 23 de setembro<\/li><li><strong>Data da prova:<\/strong>&nbsp;24 e 31 de outubro<\/li><li><strong>Vagas:<\/strong>&nbsp;36<\/li><li><strong>Cargos:<\/strong>&nbsp;Diversos<\/li><li><strong>Sal\u00e1rio:<\/strong>&nbsp;R$ 1.564,43 a R$ 8.328,56<\/li><li><strong>Mais informa\u00e7\u00f5es<\/strong>:&nbsp;<a href=\"https:\/\/www.estrategiaconcursos.com.br\/blog\/concurso-camara-de-barueri\/\" target=\"_blank\" rel=\"noreferrer noopener\">Concurso C\u00e2mara de Barueri<\/a><\/li><li><strong>Curso:<\/strong>&nbsp;<a href=\"https:\/\/www.estrategiaconcursos.com.br\/cursosPorConcurso\/camara-municipal-de-barueri-sp\/\" target=\"_blank\" rel=\"noreferrer noopener\">C\u00e2mara de Barueri<\/a><\/li><\/ul>\n\n\n\n<h3 class=\"wp-block-heading\" id=\"h-concurso-prefeitura-de-esteio-rs\"><a href=\"https:\/\/www.estrategiaconcursos.com.br\/blog\/concurso-prefeitura-de-esteio-rs\/\" target=\"_blank\" rel=\"noreferrer noopener\">Concurso Prefeitura de Esteio<\/a>&nbsp;(RS)<\/h3>\n\n\n\n<p>O edital do concurso p\u00fablico da&nbsp;Prefeitura de Esteio foi publicado com vagas para forma\u00e7\u00e3o de cadastro de reserva ao cargo de Agente Comunit\u00e1rio de Sa\u00fade.<\/p>\n\n\n\n<ul class=\"wp-block-list\" id=\"block-bbf7119f-5427-4ef3-a5ba-d19132ecf51d\"><li><strong>Banca<\/strong>: Objetiva Concursos<\/li><li><strong>Per\u00edodo de inscri\u00e7\u00f5es<\/strong>:&nbsp;23 de agosto a 09 de setembro<\/li><li><strong>Data da prova:<\/strong>&nbsp;03 de outubro<\/li><li><strong>Vagas:<\/strong>&nbsp;Cadastro Reserva<\/li><li><strong>Cargos:<\/strong>&nbsp;Agente Comunit\u00e1rio de Sa\u00fade<\/li><li><strong>Sal\u00e1rio:<\/strong>&nbsp;R$ 1.684,92<\/li><li><strong>Mais informa\u00e7\u00f5es<\/strong>:&nbsp;<a href=\"https:\/\/www.estrategiaconcursos.com.br\/blog\/concurso-prefeitura-de-esteio-rs\/\" target=\"_blank\" rel=\"noreferrer noopener\">Concurso Prefeitura de Esteio<\/a><\/li><li><strong>Curso:<\/strong>&nbsp;<a href=\"https:\/\/www.estrategiaconcursos.com.br\/cursos\/concurso\/\" target=\"_blank\" rel=\"noreferrer noopener\">Prefeitura de Esteio<\/a><\/li><\/ul>\n\n\n\n<h3 class=\"wp-block-heading\" id=\"h-concurso-prefeitura-de-camet-pa\"><a href=\"https:\/\/www.estrategiaconcursos.com.br\/blog\/prefeitura-de-cameta-selecao\/\" target=\"_blank\" rel=\"noreferrer noopener\">Concurso Prefeitura de Camet\u00e1<\/a> (PA)<\/h3>\n\n\n\n<p>O edital da sele\u00e7\u00e3o da Prefeitura de Camet\u00e1 oferta 161 vagas, entre imediatas e para forma\u00e7\u00e3o de cadastro de reserva, para cargo o cargo de&nbsp;Agente Comunit\u00e1rio de Sa\u00fade, que possui exig\u00eancia de forma\u00e7\u00e3o em n\u00edvel m\u00e9dio.<\/p>\n\n\n\n<ul class=\"wp-block-list\" id=\"block-bbf7119f-5427-4ef3-a5ba-d19132ecf51d\"><li><strong>Banca<\/strong>:&nbsp;Fadesp<\/li><li><strong>Per\u00edodo de inscri\u00e7\u00f5es<\/strong>:&nbsp;25 de agosto a 13 de setembro<\/li><li><strong>Data da prova:<\/strong> 03 e 31 de outubro<\/li><li><strong>Vagas:<\/strong>&nbsp;135 + 26 CR<\/li><li><strong>Cargo:<\/strong>&nbsp;Agente Comunit\u00e1rio de Sa\u00fade (ACS)<\/li><li><strong>Remunera\u00e7\u00e3o:&nbsp;<\/strong>R$ 1.550,00<\/li><li><strong>Mais informa\u00e7\u00f5es<\/strong>:&nbsp;<a href=\"https:\/\/www.estrategiaconcursos.com.br\/blog\/prefeitura-de-cameta-selecao\/\" target=\"_blank\" rel=\"noreferrer noopener\">Prefeitura de Camet\u00e1<\/a><\/li><li><strong>Curso:<\/strong>&nbsp;<a href=\"https:\/\/www.estrategiaconcursos.com.br\/cursosPorConcurso\/cursos-da-saude\/\" target=\"_blank\" rel=\"noreferrer noopener\">Prefeitura de Camet\u00e1<\/a><\/li><\/ul>\n\n\n\n<h3 class=\"wp-block-heading\" id=\"h-concurso-prefeitura-de-rio-verde-go\"><a href=\"https:\/\/www.estrategiaconcursos.com.br\/blog\/concurso-prefeitura-de-rio-verde-go\/\" target=\"_blank\" rel=\"noreferrer noopener\">Concurso Prefeitura de Rio Verde<\/a> (GO)<\/h3>\n\n\n\n<p>O edital da Prefeitura de Rio Verde traz 610 vagas distribu\u00eddas entre imediatas e cadastro reserva, para cargos de n\u00edveis fundamental, m\u00e9dio e superior, esse \u00faltimo, especificamente, para Bacharelado em Direito.<\/p>\n\n\n\n<ul class=\"wp-block-list\" id=\"block-bbf7119f-5427-4ef3-a5ba-d19132ecf51d\"><li><strong>Banca<\/strong>:&nbsp;UniRV<\/li><li><strong>Per\u00edodo de inscri\u00e7\u00f5es<\/strong>:&nbsp;27 de agosto a 27 de setembro<\/li><li><strong>Data da prova:<\/strong> 16 de janeiro de 2022<\/li><li><strong>Vagas:<\/strong>&nbsp;151 + 459 CR<\/li><li><strong>Cargos:<\/strong>&nbsp;Diversos<\/li><li><strong>Remunera\u00e7\u00e3o:&nbsp;<\/strong>R$ 1.276,96 a R$ 5.519,01<\/li><li><strong>Mais informa\u00e7\u00f5es<\/strong>:&nbsp;<a href=\"https:\/\/www.estrategiaconcursos.com.br\/blog\/concurso-prefeitura-de-rio-verde-go\/\" target=\"_blank\" rel=\"noreferrer noopener\">Prefeitura de Rio Verde<\/a><\/li><li><strong>Curso:<\/strong>&nbsp;<a href=\"https:\/\/www.estrategiaconcursos.com.br\/cursos\/concurso\/\" target=\"_blank\" rel=\"noreferrer noopener\">Prefeitura de Rio Verde<\/a><\/li><\/ul>\n\n\n\n<h3 class=\"wp-block-heading\" id=\"h-processo-seletivo-prefeitura-de-porto-alegre-rs\"><a href=\"https:\/\/www.estrategiaconcursos.com.br\/blog\/processo-seletivo-porto-alegre\/\" target=\"_blank\" rel=\"noreferrer noopener\">Processo Seletivo Prefeitura de Porto Alegre<\/a>&nbsp;(RS)<\/h3>\n\n\n\n<p>O edital de processo seletivo da&nbsp;prefeitura de Porto Alegre se destina ao provimento de&nbsp;06 bolsistas&nbsp;para o&nbsp;Programa de Resid\u00eancia T\u00e9cnico-Superior. As provas ser\u00e3o realizadas na modalidadeon-line.<\/p>\n\n\n\n<ul class=\"wp-block-list\" id=\"block-bbf7119f-5427-4ef3-a5ba-d19132ecf51d\"><li><strong>Banca<\/strong>:&nbsp;Instituto Consulplan<\/li><li><strong>Per\u00edodo de inscri\u00e7\u00f5es<\/strong>:&nbsp;25 de agosto a 17 de setembro<\/li><li><strong>Data da prova:<\/strong>&nbsp;10 de outubro<\/li><li><strong>Vagas:<\/strong>&nbsp;06 + CR<\/li><li><strong>Habilita\u00e7\u00f5es:<\/strong>&nbsp;Administra\u00e7\u00e3o, Arquitetura, Biologia, Ci\u00eancias Cont\u00e1beis, Economia e Engenharia Civil<\/li><li><strong>Bolsa-aux\u00edlio:&nbsp;<\/strong>R$ 2.500,00<\/li><li><strong>Mais informa\u00e7\u00f5es<\/strong>:&nbsp;<a href=\"https:\/\/www.estrategiaconcursos.com.br\/blog\/processo-seletivo-porto-alegre\/\" target=\"_blank\" rel=\"noreferrer noopener\">PSS Porto Alegre<\/a><\/li><li><strong>Curso:<\/strong>&nbsp;<a href=\"https:\/\/www.estrategiaconcursos.com.br\/cursos\/concurso\/\" target=\"_blank\" rel=\"noreferrer noopener\">PSS Porto Alegre<\/a><\/li><\/ul>\n\n\n\n<h3 class=\"wp-block-heading\" id=\"h-processo-seletivo-resid-ncia-hospital-s-rio-liban-s-sp\"><a href=\"https:\/\/www.estrategiaconcursos.com.br\/blog\/residencia-hospital-sirio-libanes\/\" target=\"_blank\" rel=\"noreferrer noopener\">Processo Seletivo Resid\u00eancia Hospital S\u00edrio-Liban\u00eas<\/a>&nbsp;(SP)<\/h3>\n\n\n\n<p>A \u201cSociedade Beneficente de Senhoras Hospital S\u00edrio-Liban\u00eas\u201d publicou dois editais para Resid\u00eancia em \u00c1rea Profissional da Sa\u00fade e Resid\u00eancia Multiprofissional.<\/p>\n\n\n\n<p>Juntos, os dois documentos ofertam 134 vagas em diversas especializa\u00e7\u00f5es. A bolsa foi definida no valor de R$ 3.330,43. O programa ter\u00e1 dura\u00e7\u00e3o de 2, 3 ou 4 anos.<\/p>\n\n\n\n<ul class=\"wp-block-list\" id=\"block-bbf7119f-5427-4ef3-a5ba-d19132ecf51d\"><li><strong>Banca<\/strong>:&nbsp;FCC<\/li><li><strong>Per\u00edodo de inscri\u00e7\u00f5es<\/strong>:&nbsp;08 de setembro a 12 de novembro<\/li><li><strong>Data da prova:<\/strong>&nbsp;06 de dezembro<\/li><li><strong>Vagas:<\/strong>&nbsp;134<\/li><li><strong>Habilita\u00e7\u00f5es:<\/strong>&nbsp;V\u00e1rias<\/li><li><strong>Bolsa-aux\u00edlio:&nbsp;<\/strong>R$ 3.330,43<\/li><li><strong>Mais informa\u00e7\u00f5es<\/strong>:&nbsp;<a href=\"https:\/\/www.estrategiaconcursos.com.br\/blog\/residencia-hospital-sirio-libanes\/\" target=\"_blank\" rel=\"noreferrer noopener\">PSS S\u00edrio Liban\u00eas<\/a><\/li><li><strong>Curso:<\/strong>&nbsp;<a href=\"https:\/\/www.estrategiaconcursos.com.br\/cursosPorConcurso\/preparatorios-para-residencias\/\" target=\"_blank\" rel=\"noreferrer noopener\">PSS S\u00edrio Liban\u00eas<\/a><\/li><\/ul>\n\n\n\n<h3 class=\"wp-block-heading\" id=\"h-concurso-cgm-bragan-a-paulista-sp\"><a href=\"https:\/\/www.estrategiaconcursos.com.br\/blog\/concurso-guarda-de-braganca-paulista\/\" target=\"_blank\" rel=\"noreferrer noopener\">Concurso CGM Bragan\u00e7a Paulista<\/a> (SP)<\/h3>\n\n\n\n<p>A Prefeitura de Bragan\u00e7a Paulista publicou mais um edital, dessa vez, para cargos na \u00e1rea da seguran\u00e7a p\u00fablica municipal. S\u00e3o 6 vagas para Agente de Tr\u00e2nsito e outras 6 para Guarda Municipal. <\/p>\n\n\n\n<p>Para esse segundo, as vagas s\u00e3o distribu\u00eddas igualmente para candidatos do sexo feminino e masculino.<\/p>\n\n\n\n<ul class=\"wp-block-list\" id=\"block-bbf7119f-5427-4ef3-a5ba-d19132ecf51d\"><li><strong>Banca<\/strong>:&nbsp;IBAM<\/li><li><strong>Per\u00edodo de inscri\u00e7\u00f5es<\/strong>:&nbsp;30 de agosto a 30 de setembro<\/li><li><strong>Data da prova:<\/strong> 17 de outubro<\/li><li><strong>Vagas:<\/strong>&nbsp;12<\/li><li><strong>Cargos:<\/strong>&nbsp;Guarda Civil Municipal e Agente da Autoridade de Tr\u00e2nsito<\/li><li><strong>Remunera\u00e7\u00e3o:&nbsp;<\/strong>R$ 1.921,74<\/li><li><strong>Mais informa\u00e7\u00f5es<\/strong>:&nbsp;<a href=\"https:\/\/www.estrategiaconcursos.com.br\/blog\/concurso-guarda-de-braganca-paulista\/\" target=\"_blank\" rel=\"noreferrer noopener\">CGM Bragan\u00e7a Paulista<\/a><\/li><li><strong>Curso:<\/strong>&nbsp;<a href=\"https:\/\/www.estrategiaconcursos.com.br\/cursos\/concurso\/\" target=\"_blank\" rel=\"noreferrer noopener\">CGM Bragan\u00e7a Paulista<\/a><\/li><\/ul>\n\n\n\n<h3 class=\"wp-block-heading\" id=\"h-processo-seletivo-pm-sc\"><a href=\"https:\/\/www.estrategiaconcursos.com.br\/blog\/concurso-pm-sc-edital-agente\/\" target=\"_blank\" rel=\"noreferrer noopener\">Processo Seletivo PM SC<\/a><\/h3>\n\n\n\n<p>O&nbsp;edital&nbsp;de processo seletivo da PM SC oferta 723 vagas, al\u00e9m de cadastro de reserva. Destas, 37 (5%) poder\u00e3o ser preenchidas por pessoas com defici\u00eancia (PCDs). A avalia\u00e7\u00e3o dos candidatos se dar\u00e1 por meio da nota no ENEM 2021.<\/p>\n\n\n\n<ul class=\"wp-block-list\" id=\"block-bbf7119f-5427-4ef3-a5ba-d19132ecf51d\"><li><strong>Banca<\/strong>:&nbsp;PM SC<\/li><li><strong>Per\u00edodo de inscri\u00e7\u00f5es<\/strong>:&nbsp;23 de agosto a 12 de setembro<\/li><li><strong>Data da prova:<\/strong> 21 e 28 de novembro (ENEM 2021)<\/li><li><strong>Vagas:<\/strong>&nbsp;723&nbsp;<\/li><li><strong>Cargo:<\/strong>&nbsp;Agente Tempor\u00e1rio<\/li><li><strong>Remunera\u00e7\u00e3o:&nbsp;<\/strong>R$ 1.017,00<\/li><li><strong>Mais informa\u00e7\u00f5es<\/strong>:&nbsp;<a href=\"https:\/\/www.estrategiaconcursos.com.br\/blog\/concurso-pm-sc-edital-agente\/\" target=\"_blank\" rel=\"noreferrer noopener\">PSS PM SC<\/a><\/li><li><strong>Curso:<\/strong> <a href=\"https:\/\/www.estrategiaconcursos.com.br\/cursosPorConcurso\/policia-militar-de-santa-catarina-pm-sc\/\" target=\"_blank\" rel=\"noreferrer noopener\">PSS PM SC<\/a><\/li><\/ul>\n\n\n\n<h3 class=\"wp-block-heading\" id=\"h-concurso-crf-pr\"><a href=\"https:\/\/www.estrategiaconcursos.com.br\/blog\/concurso-crf-pr\/\" target=\"_blank\" rel=\"noreferrer noopener\">Concurso CRF PR<\/a><\/h3>\n\n\n\n<p>O Conselho Regional de Farm\u00e1cia do Estado do Paran\u00e1 publicou edital com oferta de 91 vagas, distribu\u00eddas entre  os cargos de Farmac\u00eautico Fiscal J\u00fanior, T\u00e9cnico em Inform\u00e1tica e Assistente Administrativo Operacional.<\/p>\n\n\n\n<ul class=\"wp-block-list\" id=\"block-bbf7119f-5427-4ef3-a5ba-d19132ecf51d\"><li><strong>Banca<\/strong>:&nbsp;Fundatec<\/li><li><strong>Per\u00edodo de inscri\u00e7\u00f5es<\/strong>:&nbsp;26 de agosto a 24 de setembro<\/li><li><strong>Data da prova:<\/strong>  07 de novembro<\/li><li><strong>Vagas:<\/strong>&nbsp;91<\/li><li><strong>Cargos:<\/strong>&nbsp;Farmac\u00eautico, T\u00e9cnico e Assistente<\/li><li><strong>Remunera\u00e7\u00e3o:&nbsp;<\/strong>R$ 2.204,89 a R$ 7.366,13<\/li><li><strong>Mais informa\u00e7\u00f5es<\/strong>:&nbsp;<a href=\"https:\/\/www.estrategiaconcursos.com.br\/blog\/concurso-crf-pr\/\" target=\"_blank\" rel=\"noreferrer noopener\">CRF PR<\/a><\/li><li><strong>Curso:<\/strong> <a href=\"https:\/\/www.estrategiaconcursos.com.br\/cursos\/concurso\/\" target=\"_blank\" rel=\"noreferrer noopener\">CRF PR<\/a><\/li><\/ul>\n\n\n\n<p class=\"has-text-align-center\"><em>Quer ficar informado tamb\u00e9m sobre as not\u00edcias mais importantes que sa\u00edram hoje? Ent\u00e3o n\u00e3o deixe de conferir nosso artigo com o resumo do dia! Acesse:<\/em><\/p>\n\n\n\n<p class=\"has-text-align-center has-luminous-vivid-amber-background-color has-background\"><strong>Veja tamb\u00e9m: <a href=\"https:\/\/www.estrategiaconcursos.com.br\/blog\/principais-noticias-do-dia\/\" target=\"_blank\" rel=\"noreferrer noopener\">Principais not\u00edcias do dia<\/a><\/strong><\/p>\n\n\n\n<div class=\"wp-block-image\"><figure class=\"aligncenter size-large is-resized\"><img loading=\"lazy\" decoding=\"async\" src=\"https:\/\/dhg1h5j42swfq.cloudfront.net\/2020\/09\/18141901\/Coruja_Concursos%404x-506x1024.png\" alt=\"Concurso P\u00fablico: xx editais publicados hoje (xx\/08)\" class=\"wp-image-574355\" width=\"35\" height=\"71\" srcset=\"https:\/\/dhg1h5j42swfq.cloudfront.net\/2020\/09\/18141901\/Coruja_Concursos%404x-506x1024.png 506w, https:\/\/dhg1h5j42swfq.cloudfront.net\/2020\/09\/18141901\/Coruja_Concursos%404x-148x300.png 148w, https:\/\/dhg1h5j42swfq.cloudfront.net\/2020\/09\/18141901\/Coruja_Concursos%404x-610x1236.png 610w, https:\/\/dhg1h5j42swfq.cloudfront.net\/2020\/09\/18141901\/Coruja_Concursos%404x.png 745w\" sizes=\"auto, (max-width: 35px) 100vw, 35px\" \/><\/figure><\/div>\n\n\n\n<div class=\"container\" id=\"boxes\">\n  <div class=\"row\">\n\n    <div class=\"col-sm\">\n      <div class=\"estrategia\" id=\"box-assinatura\">\n        <h3 class=\"titulo-assinatura\">Assinatura Concursos<\/h3>\n        <p class=\"subtitulo-assinatura\">Assinatura de 1 ano ou 2 anos<\/p>\n        <div class=\"box-botao\">\n          <a class=\"btn-assinatura\" target=\"_blank\" href=\"https:\/\/www.estrategiaconcursos.com.br\/assinaturas\/\" role=\"button\" rel=\"noopener noreferrer\">ASSINE AGORA<\/a>\n        <\/div>\n      <\/div><\/div><\/div><\/div>\n\n\n\n<div class=\"container\" id=\"boxes\">\n  <div class=\"row\">\n\n    <div class=\"col-sm\" id=\"boxes-concursos\">\n      <div style=\"background-color: #005DAD;\" class=\"conteudo-concursos\" id=\"box-concursos\">\n        <h3 class=\"titulo-assinatura\">Concursos Abertos<\/h3>\n        <p class=\"subtitulo-assinatura\">Confira os editais publicados<\/p>\n        <div class=\"box-botao\">\n          <a class=\"btn-assinatura\" target=\"_blank\" href=\"https:\/\/www.estrategiaconcursos.com.br\/blog\/concursos-abertos\/\" role=\"button\" rel=\"noopener noreferrer\">Conhe\u00e7a Agora<\/a>\n        <\/div>\n      <\/div>\n    <\/div>\n\n    <div class=\"col-sm\" id=\"boxes-concursos\">\n      <div style=\"background-color: #1A7ED5;\" class=\"conteudo-concursos\" id=\"box-concursos\">\n        <h3 class=\"titulo-assinatura\">Concursos 2021<\/h3>\n        <p class=\"subtitulo-assinatura\">As oportunidades previstas<\/p>\n        <div class=\"box-botao\">\n          <a class=\"btn-assinatura\" target=\"_blank\" href=\"https:\/\/www.estrategiaconcursos.com.br\/blog\/concursos-2021\/\" role=\"button\" rel=\"noopener noreferrer\">Conhe\u00e7a Agora<\/a>\n        <\/div>\n      <\/div>\n    <\/div>\n\n    <div class=\"col-sm\" id=\"boxes-concursos\">\n      <div style=\"background-color: #419FF0;\" class=\"conteudo-concursos\" id=\"box-concursos\">\n        <h3 class=\"titulo-assinatura\">Concursos 2022<\/h3>\n        <p class=\"subtitulo-assinatura\">Vagas para o pr\u00f3ximo ano<\/p>\n        <div class=\"box-botao\">\n          <a class=\"btn-assinatura\" target=\"_blank\" href=\"https:\/\/www.estrategiaconcursos.com.br\/blog\/concursos-2022\/\" role=\"button\" rel=\"noopener noreferrer\">Conhe\u00e7a Agora<\/a>\n        <\/div>\n      <\/div>\n    <\/div>\n\n  <\/div>\n<\/div>\n\n\n\n<p><\/p>\n","protected":false},"excerpt":{"rendered":"<p>A semana vai chegando ao fim, mas com um saldo positivo de editais publicados. Foram 13 certames e 2.439 vagas, nas \u00e1reas da sa\u00fade, seguran\u00e7a e prefeituras e c\u00e2maras municipais. Em Minas Gerais, sa\u00edram editais para a Prefeitura de Tr\u00eas Marias e para o processo seletivo&nbsp;da MSG (Minas Gerais Administra\u00e7\u00e3o e Servi\u00e7os S.A.). J\u00e1 em [&hellip;]<\/p>\n","protected":false},"author":659,"featured_media":824717,"comment_status":"open","ping_status":"closed","sticky":false,"template":"","format":"standard","meta":{"post_tipo":"news","footnotes":""},"categories":[214992,2017,220189,1981,220219],"tags":[],"tax_estado":[219972,219974,219977,219981,219986,219987,219989],"class_list":["post-846892","post","type-post","status-publish","format-standard","has-post-thumbnail","hentry","category-concursos-administrativos","category-concursos-legislativos","category-policial-guarda-civis","category-saude","category-noticias","tax_estado-go","tax_estado-mg","tax_estado-pa","tax_estado-pr","tax_estado-rs","tax_estado-sc","tax_estado-sp"],"acf":[],"yoast_head":"<!-- This site is optimized with the Yoast SEO Premium plugin v27.2 (Yoast SEO v27.2) - https:\/\/yoast.com\/product\/yoast-seo-premium-wordpress\/ -->\n<title>Concurso P\u00fablico: 13 editais esta semana! Mais de 2 mil vagas<\/title>\n<meta name=\"description\" content=\"Concurso P\u00fablico 2021: treze editais sa\u00edram ao longo desta semana (23 a 27\/08). Confira n\u00famero de vagas, remunera\u00e7\u00e3o e principais datas!\" \/>\n<meta name=\"robots\" content=\"index, follow, max-snippet:-1, max-image-preview:large, max-video-preview:-1\" \/>\n<link rel=\"canonical\" href=\"https:\/\/www.estrategiaconcursos.com.br\/blog\/concurso-publico-editais-da-semana-23-a-27-08\/\" \/>\n<meta property=\"og:locale\" content=\"pt_BR\" \/>\n<meta property=\"og:type\" content=\"article\" \/>\n<meta property=\"og:title\" content=\"Concurso P\u00fablico: 13 editais esta semana! Mais de 2 mil vagas\" \/>\n<meta property=\"og:description\" content=\"Concurso P\u00fablico 2021: treze editais sa\u00edram ao longo desta semana (23 a 27\/08). Confira n\u00famero de vagas, remunera\u00e7\u00e3o e principais datas!\" \/>\n<meta property=\"og:url\" content=\"https:\/\/www.estrategiaconcursos.com.br\/blog\/concurso-publico-editais-da-semana-23-a-27-08\/\" \/>\n<meta property=\"og:site_name\" content=\"Estrat\u00e9gia Concursos\" \/>\n<meta property=\"article:published_time\" content=\"2021-08-27T21:00:00+00:00\" \/>\n<meta property=\"article:modified_time\" content=\"2021-09-03T17:04:48+00:00\" \/>\n<meta property=\"og:image\" content=\"https:\/\/dhg1h5j42swfq.cloudfront.net\/2021\/07\/29101317\/concursos-2021.jpg\" \/>\n\t<meta property=\"og:image:width\" content=\"1200\" \/>\n\t<meta property=\"og:image:height\" content=\"628\" \/>\n\t<meta property=\"og:image:type\" content=\"image\/jpeg\" \/>\n<meta name=\"author\" content=\"Camila Leite\" \/>\n<meta name=\"twitter:card\" content=\"summary_large_image\" \/>\n<meta name=\"twitter:creator\" content=\"@EstratConcursos\" \/>\n<meta name=\"twitter:site\" content=\"@EstratConcursos\" \/>\n<meta name=\"twitter:label1\" content=\"Escrito por\" \/>\n\t<meta name=\"twitter:data1\" content=\"Camila Leite\" \/>\n\t<meta name=\"twitter:label2\" content=\"Est. tempo de leitura\" \/>\n\t<meta name=\"twitter:data2\" content=\"5 minutos\" \/>\n<script type=\"application\/ld+json\" class=\"yoast-schema-graph\">{\"@context\":\"https:\/\/schema.org\",\"@graph\":[{\"@type\":\"NewsArticle\",\"@id\":\"https:\/\/www.estrategiaconcursos.com.br\/blog\/concurso-publico-editais-da-semana-23-a-27-08\/#article\",\"isPartOf\":{\"@id\":\"https:\/\/www.estrategiaconcursos.com.br\/blog\/concurso-publico-editais-da-semana-23-a-27-08\/\"},\"author\":{\"name\":\"Camila Leite\",\"@id\":\"https:\/\/www.estrategiaconcursos.com.br\/blog\/#\/schema\/person\/84ecdc6eb58d3cf1689bf76c5cd8fb38\"},\"headline\":\"Concurso P\u00fablico: 13 editais esta semana! Mais de 2 mil vagas\",\"datePublished\":\"2021-08-27T21:00:00+00:00\",\"dateModified\":\"2021-09-03T17:04:48+00:00\",\"mainEntityOfPage\":{\"@id\":\"https:\/\/www.estrategiaconcursos.com.br\/blog\/concurso-publico-editais-da-semana-23-a-27-08\/\"},\"wordCount\":1269,\"commentCount\":0,\"publisher\":{\"@id\":\"https:\/\/www.estrategiaconcursos.com.br\/blog\/#organization\"},\"image\":{\"@id\":\"https:\/\/www.estrategiaconcursos.com.br\/blog\/concurso-publico-editais-da-semana-23-a-27-08\/#primaryimage\"},\"thumbnailUrl\":\"https:\/\/dhg1h5j42swfq.cloudfront.net\/2021\/07\/29101317\/concursos-2021.jpg\",\"articleSection\":[\"Executivo (Administrativa)\",\"Legislativo\",\"Policial (Guardas Civis)\",\"Sa\u00fade\",\"\u00daltimas not\u00edcias\"],\"inLanguage\":\"pt-BR\",\"potentialAction\":[{\"@type\":\"CommentAction\",\"name\":\"Comment\",\"target\":[\"https:\/\/www.estrategiaconcursos.com.br\/blog\/concurso-publico-editais-da-semana-23-a-27-08\/#respond\"]}],\"copyrightYear\":\"2021\",\"copyrightHolder\":{\"@id\":\"https:\/\/www.estrategiaconcursos.com.br\/blog\/#organization\"}},{\"@type\":\"WebPage\",\"@id\":\"https:\/\/www.estrategiaconcursos.com.br\/blog\/concurso-publico-editais-da-semana-23-a-27-08\/\",\"url\":\"https:\/\/www.estrategiaconcursos.com.br\/blog\/concurso-publico-editais-da-semana-23-a-27-08\/\",\"name\":\"Concurso P\u00fablico: 13 editais esta semana! Mais de 2 mil vagas\",\"isPartOf\":{\"@id\":\"https:\/\/www.estrategiaconcursos.com.br\/blog\/#website\"},\"primaryImageOfPage\":{\"@id\":\"https:\/\/www.estrategiaconcursos.com.br\/blog\/concurso-publico-editais-da-semana-23-a-27-08\/#primaryimage\"},\"image\":{\"@id\":\"https:\/\/www.estrategiaconcursos.com.br\/blog\/concurso-publico-editais-da-semana-23-a-27-08\/#primaryimage\"},\"thumbnailUrl\":\"https:\/\/dhg1h5j42swfq.cloudfront.net\/2021\/07\/29101317\/concursos-2021.jpg\",\"datePublished\":\"2021-08-27T21:00:00+00:00\",\"dateModified\":\"2021-09-03T17:04:48+00:00\",\"description\":\"Concurso P\u00fablico 2021: treze editais sa\u00edram ao longo desta semana (23 a 27\/08). Confira n\u00famero de vagas, remunera\u00e7\u00e3o e principais datas!\",\"breadcrumb\":{\"@id\":\"https:\/\/www.estrategiaconcursos.com.br\/blog\/concurso-publico-editais-da-semana-23-a-27-08\/#breadcrumb\"},\"inLanguage\":\"pt-BR\",\"potentialAction\":[{\"@type\":\"ReadAction\",\"target\":[\"https:\/\/www.estrategiaconcursos.com.br\/blog\/concurso-publico-editais-da-semana-23-a-27-08\/\"]}]},{\"@type\":\"ImageObject\",\"inLanguage\":\"pt-BR\",\"@id\":\"https:\/\/www.estrategiaconcursos.com.br\/blog\/concurso-publico-editais-da-semana-23-a-27-08\/#primaryimage\",\"url\":\"https:\/\/dhg1h5j42swfq.cloudfront.net\/2021\/07\/29101317\/concursos-2021.jpg\",\"contentUrl\":\"https:\/\/dhg1h5j42swfq.cloudfront.net\/2021\/07\/29101317\/concursos-2021.jpg\",\"width\":1200,\"height\":628},{\"@type\":\"BreadcrumbList\",\"@id\":\"https:\/\/www.estrategiaconcursos.com.br\/blog\/concurso-publico-editais-da-semana-23-a-27-08\/#breadcrumb\",\"itemListElement\":[{\"@type\":\"ListItem\",\"position\":1,\"name\":\"In\u00edcio\",\"item\":\"https:\/\/www.estrategiaconcursos.com.br\/blog\/\"},{\"@type\":\"ListItem\",\"position\":2,\"name\":\"Concurso P\u00fablico: 13 editais esta semana! Mais de 2 mil vagas\"}]},{\"@type\":\"WebSite\",\"@id\":\"https:\/\/www.estrategiaconcursos.com.br\/blog\/#website\",\"url\":\"https:\/\/www.estrategiaconcursos.com.br\/blog\/\",\"name\":\"Estrat\u00e9gia Concursos\",\"description\":\"O blog da Estrat\u00e9gia Concursos traz not\u00edcias sobre concursos e artigos de professores oferecendo cursos para concursos (pdf + videaulas) no site.\",\"publisher\":{\"@id\":\"https:\/\/www.estrategiaconcursos.com.br\/blog\/#organization\"},\"potentialAction\":[{\"@type\":\"SearchAction\",\"target\":{\"@type\":\"EntryPoint\",\"urlTemplate\":\"https:\/\/www.estrategiaconcursos.com.br\/blog\/?s={search_term_string}\"},\"query-input\":{\"@type\":\"PropertyValueSpecification\",\"valueRequired\":true,\"valueName\":\"search_term_string\"}}],\"inLanguage\":\"pt-BR\"},{\"@type\":\"Organization\",\"@id\":\"https:\/\/www.estrategiaconcursos.com.br\/blog\/#organization\",\"name\":\"Estrat\u00e9gia Concursos\",\"url\":\"https:\/\/www.estrategiaconcursos.com.br\/blog\/\",\"logo\":{\"@type\":\"ImageObject\",\"inLanguage\":\"pt-BR\",\"@id\":\"https:\/\/www.estrategiaconcursos.com.br\/blog\/#\/schema\/logo\/image\/\",\"url\":\"https:\/\/dhg1h5j42swfq.cloudfront.net\/2025\/06\/03203428\/logo_concursos-1.jpg\",\"contentUrl\":\"https:\/\/dhg1h5j42swfq.cloudfront.net\/2025\/06\/03203428\/logo_concursos-1.jpg\",\"width\":230,\"height\":60,\"caption\":\"Estrat\u00e9gia Concursos\"},\"image\":{\"@id\":\"https:\/\/www.estrategiaconcursos.com.br\/blog\/#\/schema\/logo\/image\/\"},\"sameAs\":[\"https:\/\/x.com\/EstratConcursos\"]},{\"@type\":\"Person\",\"@id\":\"https:\/\/www.estrategiaconcursos.com.br\/blog\/#\/schema\/person\/84ecdc6eb58d3cf1689bf76c5cd8fb38\",\"name\":\"Camila Leite\",\"image\":{\"@type\":\"ImageObject\",\"inLanguage\":\"pt-BR\",\"@id\":\"https:\/\/secure.gravatar.com\/avatar\/f2f8faef639c8a2bfb7fb909912a56917f4c3a0aed064500168e2fb8ea55cf61?s=96&d=mm&r=g\",\"url\":\"https:\/\/secure.gravatar.com\/avatar\/f2f8faef639c8a2bfb7fb909912a56917f4c3a0aed064500168e2fb8ea55cf61?s=96&d=mm&r=g\",\"contentUrl\":\"https:\/\/secure.gravatar.com\/avatar\/f2f8faef639c8a2bfb7fb909912a56917f4c3a0aed064500168e2fb8ea55cf61?s=96&d=mm&r=g\",\"caption\":\"Camila Leite\"},\"description\":\"Formada em Design Gr\u00e1fico e em Propaganda e Marketing pela UNIP, integra a equipe de jornalismo do Estrat\u00e9gia Concursos desde 2018. Ao longo dos anos, construiu uma s\u00f3lida experi\u00eancia na produ\u00e7\u00e3o de conte\u00fado informativo e relevante para concurseiros. Desde 2020, atua na cobertura das \u00e1reas Fiscal \u2014 com \u00eanfase nas Secretarias de Fazenda (Sefaz) das regi\u00f5es Sul e Sudeste \u2014, al\u00e9m da cobertura de concursos federais, como CNU, Petrobras, CGU, Receita Federal, ag\u00eancias reguladoras (Anvisa, ANAC, entre outras) e INSS. Mant\u00e9m contato direto com os principais \u00f3rg\u00e3os p\u00fablicos, acompanhando editais, atualiza\u00e7\u00f5es e movimenta\u00e7\u00f5es importantes para os candidatos.\",\"sameAs\":[\"https:\/\/www.linkedin.com\/in\/camila-pinheiro-leite-9ba135b6\/\"],\"url\":\"https:\/\/www.estrategiaconcursos.com.br\/blog\/author\/camila-leiteestrategiaconcursos-com-br\/\"}]}<\/script>\n<!-- \/ Yoast SEO Premium plugin. -->","yoast_head_json":{"title":"Concurso P\u00fablico: 13 editais esta semana! Mais de 2 mil vagas","description":"Concurso P\u00fablico 2021: treze editais sa\u00edram ao longo desta semana (23 a 27\/08). Confira n\u00famero de vagas, remunera\u00e7\u00e3o e principais datas!","robots":{"index":"index","follow":"follow","max-snippet":"max-snippet:-1","max-image-preview":"max-image-preview:large","max-video-preview":"max-video-preview:-1"},"canonical":"https:\/\/www.estrategiaconcursos.com.br\/blog\/concurso-publico-editais-da-semana-23-a-27-08\/","og_locale":"pt_BR","og_type":"article","og_title":"Concurso P\u00fablico: 13 editais esta semana! Mais de 2 mil vagas","og_description":"Concurso P\u00fablico 2021: treze editais sa\u00edram ao longo desta semana (23 a 27\/08). Confira n\u00famero de vagas, remunera\u00e7\u00e3o e principais datas!","og_url":"https:\/\/www.estrategiaconcursos.com.br\/blog\/concurso-publico-editais-da-semana-23-a-27-08\/","og_site_name":"Estrat\u00e9gia Concursos","article_published_time":"2021-08-27T21:00:00+00:00","article_modified_time":"2021-09-03T17:04:48+00:00","og_image":[{"width":1200,"height":628,"url":"https:\/\/dhg1h5j42swfq.cloudfront.net\/2021\/07\/29101317\/concursos-2021.jpg","type":"image\/jpeg"}],"author":"Camila Leite","twitter_card":"summary_large_image","twitter_creator":"@EstratConcursos","twitter_site":"@EstratConcursos","twitter_misc":{"Escrito por":"Camila Leite","Est. tempo de leitura":"5 minutos"},"schema":{"@context":"https:\/\/schema.org","@graph":[{"@type":"NewsArticle","@id":"https:\/\/www.estrategiaconcursos.com.br\/blog\/concurso-publico-editais-da-semana-23-a-27-08\/#article","isPartOf":{"@id":"https:\/\/www.estrategiaconcursos.com.br\/blog\/concurso-publico-editais-da-semana-23-a-27-08\/"},"author":{"name":"Camila Leite","@id":"https:\/\/www.estrategiaconcursos.com.br\/blog\/#\/schema\/person\/84ecdc6eb58d3cf1689bf76c5cd8fb38"},"headline":"Concurso P\u00fablico: 13 editais esta semana! Mais de 2 mil vagas","datePublished":"2021-08-27T21:00:00+00:00","dateModified":"2021-09-03T17:04:48+00:00","mainEntityOfPage":{"@id":"https:\/\/www.estrategiaconcursos.com.br\/blog\/concurso-publico-editais-da-semana-23-a-27-08\/"},"wordCount":1269,"commentCount":0,"publisher":{"@id":"https:\/\/www.estrategiaconcursos.com.br\/blog\/#organization"},"image":{"@id":"https:\/\/www.estrategiaconcursos.com.br\/blog\/concurso-publico-editais-da-semana-23-a-27-08\/#primaryimage"},"thumbnailUrl":"https:\/\/dhg1h5j42swfq.cloudfront.net\/2021\/07\/29101317\/concursos-2021.jpg","articleSection":["Executivo (Administrativa)","Legislativo","Policial (Guardas Civis)","Sa\u00fade","\u00daltimas not\u00edcias"],"inLanguage":"pt-BR","potentialAction":[{"@type":"CommentAction","name":"Comment","target":["https:\/\/www.estrategiaconcursos.com.br\/blog\/concurso-publico-editais-da-semana-23-a-27-08\/#respond"]}],"copyrightYear":"2021","copyrightHolder":{"@id":"https:\/\/www.estrategiaconcursos.com.br\/blog\/#organization"}},{"@type":"WebPage","@id":"https:\/\/www.estrategiaconcursos.com.br\/blog\/concurso-publico-editais-da-semana-23-a-27-08\/","url":"https:\/\/www.estrategiaconcursos.com.br\/blog\/concurso-publico-editais-da-semana-23-a-27-08\/","name":"Concurso P\u00fablico: 13 editais esta semana! Mais de 2 mil vagas","isPartOf":{"@id":"https:\/\/www.estrategiaconcursos.com.br\/blog\/#website"},"primaryImageOfPage":{"@id":"https:\/\/www.estrategiaconcursos.com.br\/blog\/concurso-publico-editais-da-semana-23-a-27-08\/#primaryimage"},"image":{"@id":"https:\/\/www.estrategiaconcursos.com.br\/blog\/concurso-publico-editais-da-semana-23-a-27-08\/#primaryimage"},"thumbnailUrl":"https:\/\/dhg1h5j42swfq.cloudfront.net\/2021\/07\/29101317\/concursos-2021.jpg","datePublished":"2021-08-27T21:00:00+00:00","dateModified":"2021-09-03T17:04:48+00:00","description":"Concurso P\u00fablico 2021: treze editais sa\u00edram ao longo desta semana (23 a 27\/08). Confira n\u00famero de vagas, remunera\u00e7\u00e3o e principais datas!","breadcrumb":{"@id":"https:\/\/www.estrategiaconcursos.com.br\/blog\/concurso-publico-editais-da-semana-23-a-27-08\/#breadcrumb"},"inLanguage":"pt-BR","potentialAction":[{"@type":"ReadAction","target":["https:\/\/www.estrategiaconcursos.com.br\/blog\/concurso-publico-editais-da-semana-23-a-27-08\/"]}]},{"@type":"ImageObject","inLanguage":"pt-BR","@id":"https:\/\/www.estrategiaconcursos.com.br\/blog\/concurso-publico-editais-da-semana-23-a-27-08\/#primaryimage","url":"https:\/\/dhg1h5j42swfq.cloudfront.net\/2021\/07\/29101317\/concursos-2021.jpg","contentUrl":"https:\/\/dhg1h5j42swfq.cloudfront.net\/2021\/07\/29101317\/concursos-2021.jpg","width":1200,"height":628},{"@type":"BreadcrumbList","@id":"https:\/\/www.estrategiaconcursos.com.br\/blog\/concurso-publico-editais-da-semana-23-a-27-08\/#breadcrumb","itemListElement":[{"@type":"ListItem","position":1,"name":"In\u00edcio","item":"https:\/\/www.estrategiaconcursos.com.br\/blog\/"},{"@type":"ListItem","position":2,"name":"Concurso P\u00fablico: 13 editais esta semana! Mais de 2 mil vagas"}]},{"@type":"WebSite","@id":"https:\/\/www.estrategiaconcursos.com.br\/blog\/#website","url":"https:\/\/www.estrategiaconcursos.com.br\/blog\/","name":"Estrat\u00e9gia Concursos","description":"O blog da Estrat\u00e9gia Concursos traz not\u00edcias sobre concursos e artigos de professores oferecendo cursos para concursos (pdf + videaulas) no site.","publisher":{"@id":"https:\/\/www.estrategiaconcursos.com.br\/blog\/#organization"},"potentialAction":[{"@type":"SearchAction","target":{"@type":"EntryPoint","urlTemplate":"https:\/\/www.estrategiaconcursos.com.br\/blog\/?s={search_term_string}"},"query-input":{"@type":"PropertyValueSpecification","valueRequired":true,"valueName":"search_term_string"}}],"inLanguage":"pt-BR"},{"@type":"Organization","@id":"https:\/\/www.estrategiaconcursos.com.br\/blog\/#organization","name":"Estrat\u00e9gia Concursos","url":"https:\/\/www.estrategiaconcursos.com.br\/blog\/","logo":{"@type":"ImageObject","inLanguage":"pt-BR","@id":"https:\/\/www.estrategiaconcursos.com.br\/blog\/#\/schema\/logo\/image\/","url":"https:\/\/dhg1h5j42swfq.cloudfront.net\/2025\/06\/03203428\/logo_concursos-1.jpg","contentUrl":"https:\/\/dhg1h5j42swfq.cloudfront.net\/2025\/06\/03203428\/logo_concursos-1.jpg","width":230,"height":60,"caption":"Estrat\u00e9gia Concursos"},"image":{"@id":"https:\/\/www.estrategiaconcursos.com.br\/blog\/#\/schema\/logo\/image\/"},"sameAs":["https:\/\/x.com\/EstratConcursos"]},{"@type":"Person","@id":"https:\/\/www.estrategiaconcursos.com.br\/blog\/#\/schema\/person\/84ecdc6eb58d3cf1689bf76c5cd8fb38","name":"Camila Leite","image":{"@type":"ImageObject","inLanguage":"pt-BR","@id":"https:\/\/secure.gravatar.com\/avatar\/f2f8faef639c8a2bfb7fb909912a56917f4c3a0aed064500168e2fb8ea55cf61?s=96&d=mm&r=g","url":"https:\/\/secure.gravatar.com\/avatar\/f2f8faef639c8a2bfb7fb909912a56917f4c3a0aed064500168e2fb8ea55cf61?s=96&d=mm&r=g","contentUrl":"https:\/\/secure.gravatar.com\/avatar\/f2f8faef639c8a2bfb7fb909912a56917f4c3a0aed064500168e2fb8ea55cf61?s=96&d=mm&r=g","caption":"Camila Leite"},"description":"Formada em Design Gr\u00e1fico e em Propaganda e Marketing pela UNIP, integra a equipe de jornalismo do Estrat\u00e9gia Concursos desde 2018. Ao longo dos anos, construiu uma s\u00f3lida experi\u00eancia na produ\u00e7\u00e3o de conte\u00fado informativo e relevante para concurseiros. Desde 2020, atua na cobertura das \u00e1reas Fiscal \u2014 com \u00eanfase nas Secretarias de Fazenda (Sefaz) das regi\u00f5es Sul e Sudeste \u2014, al\u00e9m da cobertura de concursos federais, como CNU, Petrobras, CGU, Receita Federal, ag\u00eancias reguladoras (Anvisa, ANAC, entre outras) e INSS. Mant\u00e9m contato direto com os principais \u00f3rg\u00e3os p\u00fablicos, acompanhando editais, atualiza\u00e7\u00f5es e movimenta\u00e7\u00f5es importantes para os candidatos.","sameAs":["https:\/\/www.linkedin.com\/in\/camila-pinheiro-leite-9ba135b6\/"],"url":"https:\/\/www.estrategiaconcursos.com.br\/blog\/author\/camila-leiteestrategiaconcursos-com-br\/"}]}},"_links":{"self":[{"href":"https:\/\/www.estrategiaconcursos.com.br\/blog\/wp-json\/wp\/v2\/posts\/846892","targetHints":{"allow":["GET"]}}],"collection":[{"href":"https:\/\/www.estrategiaconcursos.com.br\/blog\/wp-json\/wp\/v2\/posts"}],"about":[{"href":"https:\/\/www.estrategiaconcursos.com.br\/blog\/wp-json\/wp\/v2\/types\/post"}],"author":[{"embeddable":true,"href":"https:\/\/www.estrategiaconcursos.com.br\/blog\/wp-json\/wp\/v2\/users\/659"}],"replies":[{"embeddable":true,"href":"https:\/\/www.estrategiaconcursos.com.br\/blog\/wp-json\/wp\/v2\/comments?post=846892"}],"version-history":[{"count":13,"href":"https:\/\/www.estrategiaconcursos.com.br\/blog\/wp-json\/wp\/v2\/posts\/846892\/revisions"}],"predecessor-version":[{"id":860526,"href":"https:\/\/www.estrategiaconcursos.com.br\/blog\/wp-json\/wp\/v2\/posts\/846892\/revisions\/860526"}],"wp:featuredmedia":[{"embeddable":true,"href":"https:\/\/www.estrategiaconcursos.com.br\/blog\/wp-json\/wp\/v2\/media\/824717"}],"wp:attachment":[{"href":"https:\/\/www.estrategiaconcursos.com.br\/blog\/wp-json\/wp\/v2\/media?parent=846892"}],"wp:term":[{"taxonomy":"category","embeddable":true,"href":"https:\/\/www.estrategiaconcursos.com.br\/blog\/wp-json\/wp\/v2\/categories?post=846892"},{"taxonomy":"post_tag","embeddable":true,"href":"https:\/\/www.estrategiaconcursos.com.br\/blog\/wp-json\/wp\/v2\/tags?post=846892"},{"taxonomy":"tax_estado","embeddable":true,"href":"https:\/\/www.estrategiaconcursos.com.br\/blog\/wp-json\/wp\/v2\/tax_estado?post=846892"}],"curies":[{"name":"wp","href":"https:\/\/api.w.org\/{rel}","templated":true}]}}