{"id":846880,"date":"2021-12-17T09:59:00","date_gmt":"2021-12-17T12:59:00","guid":{"rendered":"https:\/\/www.estrategiaconcursos.com.br\/blog\/?p=846880"},"modified":"2023-10-20T10:48:18","modified_gmt":"2023-10-20T13:48:18","slug":"concurso-guarda-braganca-paulista","status":"publish","type":"post","link":"https:\/\/www.estrategiaconcursos.com.br\/blog\/concurso-guarda-braganca-paulista\/","title":{"rendered":"Concurso Guarda de Bragan\u00e7a Paulista: confira a classifica\u00e7\u00e3o final!"},"content":{"rendered":"\n<p>Foi divulgada a <strong>classifica\u00e7\u00e3o final<\/strong> do <strong>concurso Guarda de Bragan\u00e7a Paulista<\/strong>, munic\u00edpio localizado no estado de S\u00e3o Paulo. Confira abaixo o documento na \u00edntegra:<\/p>\n\n\n\n<p class=\"has-text-align-center has-black-color has-cyan-bluish-gray-background-color has-text-color has-background\" style=\"font-size:clamp(14px, 0.875rem + ((1vw - 3.2px) * 0.392), 18px);\"><strong><a href=\"https:\/\/dhg1h5j42swfq.cloudfront.net\/2022\/01\/06154836\/16-edital-de-divulgacao-de-classificacao-final.pdf\" target=\"_blank\" rel=\"noreferrer noopener nofollow\">Classifica\u00e7\u00e3o Final &#8211; Concurso GCM Bragan\u00e7a Paulista<\/a><\/strong><\/p>\n\n\n\n<p>A sele\u00e7\u00e3o contou com a oferta de <strong>12 vagas<\/strong> distribu\u00eddas entre cargos de Guarda Civil Municipal e Agente da Autoridade de Tr\u00e2nsito, ambos de n\u00edvel m\u00e9dio.<\/p>\n\n\n\n<ul class=\"has-very-light-gray-to-cyan-bluish-gray-gradient-background has-background wp-block-list\">\n<li><strong>Concurso Guarda de Bragan\u00e7a Paulista<\/strong><\/li>\n\n\n\n<li><strong>Status:<\/strong> classifica\u00e7\u00e3o final divulgada<\/li>\n\n\n\n<li><strong>Banca:<\/strong> IBAM<\/li>\n\n\n\n<li><strong>Vagas:<\/strong> 12 vagas<\/li>\n\n\n\n<li><strong>Cargos<\/strong>: Guarda Civil Municipal e Agente da Autoridade de Tr\u00e2nsito<\/li>\n\n\n\n<li><strong>Sal\u00e1rio inicial:<\/strong> R$ 1.921,74<\/li>\n\n\n\n<li><strong>Edital<\/strong>: <a href=\"https:\/\/dhg1h5j42swfq.cloudfront.net\/2021\/08\/27094904\/01-edital-de-abertura.pdf\" target=\"_blank\" rel=\"noreferrer noopener nofollow\">GCM Bragan\u00e7a Paulista 2021<\/a><\/li>\n<\/ul>\n\n\n\n<p>Os interessados em participar da sele\u00e7\u00e3o puderam realizar as inscri\u00e7\u00f5es no per\u00edodo de <strong>30 de agosto a 30 de setembro<\/strong>, no site da banca organizadora, IBAM, ao custo de <strong>R$ 74,00<\/strong>.<\/p>\n\n\n\n<p>A fim de te deixar sempre bem informado, elaboramos este artigo com as principais informa\u00e7\u00f5es e novidades sobre o concurso Guarda de Bragan\u00e7a Paulista. Acompanhe os t\u00f3picos abaixo e n\u00e3o perca nenhum detalhe:<\/p>\n\n\n\n<ul class=\"wp-block-list\">\n<li><a href=\"#situacao\">Situa\u00e7\u00e3o atual do concurso<\/a>\n<ul class=\"wp-block-list\">\n<li><a href=\"#datas\">Principais datas<\/a><\/li>\n<\/ul>\n<\/li>\n\n\n\n<li><a href=\"#cargos-vagas\">Cargos e vagas<\/a>\n<ul class=\"wp-block-list\">\n<li><a href=\"#medio\">M\u00e9dio<\/a><\/li>\n<\/ul>\n<\/li>\n\n\n\n<li><a href=\"#etapas\">Etapas e provas<\/a>\n<ul class=\"wp-block-list\">\n<li><a href=\"#objetiva\">Prova objetiva<\/a><\/li>\n\n\n\n<li><a href=\"#h-prova-de-aptid-o-f-sica\">Prova de aptid\u00e3o F\u00edsica<\/a><\/li>\n\n\n\n<li><a href=\"#h-avalia-o-psicol-gica\">Avalia\u00e7\u00e3o Psicol\u00f3gica<\/a><\/li>\n\n\n\n<li><a href=\"#h-exame-m-dico\">Exame m\u00e9dico<\/a><\/li>\n\n\n\n<li><a href=\"#h-investiga-o-social\">Investiga\u00e7\u00e3o social<\/a><\/li>\n\n\n\n<li><a href=\"#h-curso-de-forma-o-profissional\">Curso de forma\u00e7\u00e3o<\/a><\/li>\n<\/ul>\n<\/li>\n\n\n\n<li><a href=\"#curso\">Cursos e assinaturas<\/a><\/li>\n\n\n\n<li><a href=\"#h-informa-es-do-concurso-guarda-de-bragan-a-paulista\">Ficha t\u00e9cnica<\/a><\/li>\n<\/ul>\n\n\n\n<div id=\"boxes\" class=\"container\">\n<div class=\"row\">\n<div class=\"col-sm\">\n<div id=\"box-assinatura\" class=\"banner-guarda-gcm\">\n<h3 class=\"titulo-assinatura\">Concurso Guarda Bragan\u00e7a Paulista<\/h3>\n<p class=\"subtitulo-assinatura\">Conhe\u00e7a os cursos<\/p>\n<div class=\"box-botao\"><a class=\"btn-assinatura\" role=\"button\" href=\"https:\/\/www.estrategiaconcursos.com.br\/cursos\/concurso\/\" target=\"_blank\" rel=\"noopener noreferrer\">Conhe\u00e7a mais<\/a><\/div>\n<\/div>\n\n<\/div>\n<\/div>\n<\/div>\n\n\n\n<h2 class=\"wp-block-heading\" id=\"situacao\">Situa\u00e7\u00e3o atual do concurso Guarda Bragan\u00e7a Paulista<\/h2>\n\n\n\n<h3 class=\"wp-block-heading\" id=\"datas\">Principais datas<\/h3>\n\n\n\n<p class=\"has-very-light-gray-background-color has-background\"><strong>Inscri\u00e7\u00f5es<\/strong>:<s> 30 de agosto a 30 de setembro<\/s><br \/><strong>Isen\u00e7\u00e3o da taxa<\/strong>:<s> 30 e 31 de agosto<\/s><br \/><strong>\u00daltimo dia para pagamento<\/strong>: <s>1\u00ba de outubro<\/s><br \/><strong>Prova<\/strong>: <s>17 de outubro<\/s><\/p>\n\n\n\n<h2 class=\"wp-block-heading\" id=\"cargos-vagas\">Cargos e vagas do concurso Guarda Bragan\u00e7a Paulista<\/h2>\n\n\n\n<h3 class=\"wp-block-heading\" id=\"medio\">Ensino m\u00e9dio<\/h3>\n\n\n\n<figure class=\"wp-block-table is-style-stripes\"><table class=\"has-very-light-gray-to-cyan-bluish-gray-gradient-background has-background has-fixed-layout\"><thead><tr><th class=\"has-text-align-center\" data-align=\"center\">CARGOS<\/th><th class=\"has-text-align-center\" data-align=\"center\">VAGAS<\/th><th class=\"has-text-align-center\" data-align=\"center\">SAL\u00c1RIO<\/th><\/tr><\/thead><tbody><tr><td class=\"has-text-align-center\" data-align=\"center\">Guarda Civil Municipal<\/td><td class=\"has-text-align-center\" data-align=\"center\">06<\/td><td class=\"has-text-align-center\" data-align=\"center\">R$ 1.921,74<\/td><\/tr><tr><td class=\"has-text-align-center\" data-align=\"center\">Agente da Autoridade de Tr\u00e2nsito<\/td><td class=\"has-text-align-center\" data-align=\"center\">06<\/td><td class=\"has-text-align-center\" data-align=\"center\">R$ 1.921,74<\/td><\/tr><\/tbody><\/table><\/figure>\n\n\n\n<h2 class=\"wp-block-heading\" id=\"etapas\">Etapas e provas do concurso Guarda Bragan\u00e7a Paulista <\/h2>\n\n\n\n<p>O concurso Guarda de Bragan\u00e7a Paulista foi constitu\u00eddo pelas seguintes fases:<\/p>\n\n\n\n<h4 class=\"wp-block-heading\" id=\"h-1\u00aa-fase\">1\u00aa fase:<\/h4>\n\n\n\n<ul class=\"wp-block-list\">\n<li>Prova objetiva de car\u00e1ter classificat\u00f3rio e eliminat\u00f3rio, para todos os empregos;<\/li>\n\n\n\n<li>Teste de aptid\u00e3o f\u00edsica de car\u00e1ter eliminat\u00f3rio e classificat\u00f3rio, para os candidatos habilitados.<\/li>\n<\/ul>\n\n\n\n<h4 class=\"wp-block-heading\" id=\"h-2\u00aa-fase\">2\u00aa fase:<\/h4>\n\n\n\n<ul class=\"wp-block-list\">\n<li>Pesquisa Social, de car\u00e1ter eliminat\u00f3rio;<\/li>\n\n\n\n<li>Avalia\u00e7\u00e3o Psicot\u00e9cnica espec\u00edfica, de car\u00e1ter eliminat\u00f3rio;<\/li>\n\n\n\n<li>Curso de Forma\u00e7\u00e3o, de car\u00e1ter eliminat\u00f3rio;<\/li>\n<\/ul>\n\n\n\n<h3 class=\"wp-block-heading\" id=\"objetiva\">Provas Objetivas<\/h3>\n\n\n\n<p>As provas objetivas de car\u00e1ter classificat\u00f3rio e eliminat\u00f3rio, com dura\u00e7\u00e3o de 3 horas, tiveram a seguinte composi\u00e7\u00e3o: cada quest\u00e3o apresentar\u00e1 4 op\u00e7\u00f5es de respostas, para cada acerto ser\u00e1 computado 1 ponto. <\/p>\n\n\n\n<p>A prova objetiva, para todos os empregos, teve como data de aplica\u00e7\u00e3o o dia 17 de outubro de 2021.<\/p>\n\n\n\n<figure class=\"wp-block-image aligncenter size-large is-resized\"><img loading=\"lazy\" decoding=\"async\" width=\"585\" height=\"87\" src=\"https:\/\/dhg1h5j42swfq.cloudfront.net\/2021\/08\/27092534\/capturar-9.png\" alt=\"\" class=\"wp-image-846997\" style=\"width:760px;height:113px\" srcset=\"https:\/\/dhg1h5j42swfq.cloudfront.net\/2021\/08\/27092534\/capturar-9.png 585w, https:\/\/dhg1h5j42swfq.cloudfront.net\/2021\/08\/27092534\/capturar-9-300x45.png 300w\" sizes=\"auto, (max-width: 585px) 100vw, 585px\" \/><\/figure>\n\n\n\n<h3 class=\"wp-block-heading\" id=\"h-prova-de-aptidao-fisica\">Prova de Aptid\u00e3o F\u00edsica<\/h3>\n\n\n\n<p>Para a Avalia\u00e7\u00e3o de Aptid\u00e3o F\u00edsica, de car\u00e1ter eliminat\u00f3rio e classificat\u00f3rio e Exame Antropom\u00e9trico, de car\u00e1ter eliminat\u00f3rio, foram convocados apenas os candidatos habilitados na prova escrita objetiva. A Prova de Aptid\u00e3o F\u00edsica constou dos seguintes testes:<\/p>\n\n\n\n<ul class=\"wp-block-list\">\n<li>Teste de Flex\u00e3o de Bra\u00e7o em 01 (um) minuto (masculino e feminino);<\/li>\n\n\n\n<li>Teste Abdominal em 01 (um) minuto (masculino e feminino);<\/li>\n\n\n\n<li>Teste de Corrida de 50 metros (masculino e feminino) e;<\/li>\n\n\n\n<li>Teste de Corrida de 12 minutos (masculino e feminino).<\/li>\n<\/ul>\n\n\n\n<h3 class=\"wp-block-heading\" id=\"h-avaliacao-psicologica\">Avalia\u00e7\u00e3o Psicol\u00f3gica<\/h3>\n\n\n\n<p>No exame de sanidade mental e psicol\u00f3gica, observou-se a compatibilidade do candidato com as atribui\u00e7\u00f5es do emprego, inclusive sob o aspecto psicol\u00f3gico.<\/p>\n\n\n\n<p>Na avalia\u00e7\u00e3o do perfil psicol\u00f3gico, a Administra\u00e7\u00e3o valeu-se da aplica\u00e7\u00e3o de testes e t\u00e9cnicas reconhecidas pelos Conselhos Federal e Regional de psicologia, nos termos da Lei 10.826\/03 \u2013 (Estatuto do Desarmamento) e do Decreto n\u00ba 9.847\/19, para fins de porte de arma dos Guardas Municipais.<\/p>\n\n\n\n<p>O candidato que n\u00e3o atendeu \u00e0 \u00e9poca dos exames os par\u00e2metros exigidos ao desempenho da fun\u00e7\u00e3o foi eliminado.<\/p>\n\n\n\n<h3 class=\"wp-block-heading\" id=\"h-exame-medico\">Exame m\u00e9dico<\/h3>\n\n\n\n<p>Os candidatos foram submetidos a exames m\u00e9dicos de sa\u00fade, que avaliou sua capacidade f\u00edsica e mental no desempenho das tarefas pertinentes ao Cargo de Guarda Civil Municipal.<\/p>\n\n\n\n<h3 class=\"wp-block-heading\" id=\"h-investigacao-social\">Investiga\u00e7\u00e3o Social<\/h3>\n\n\n\n<p>A investiga\u00e7\u00e3o social, regulamentada atrav\u00e9s de Portaria da Secretaria de Seguran\u00e7a P\u00fablica e Cidadania, foi realizada por equipe previamente designada pela Prefeitura de Bragan\u00e7a Paulista.<\/p>\n\n\n\n<p>A etapa foi feita mediante pr\u00e9vio Termo de Anu\u00eancia do candidato(a), autorizando a realiza\u00e7\u00e3o dos levantamentos de informa\u00e7\u00f5es referentes aos seus dados pessoais, jur\u00eddicos, escolares, trabalhistas e sociais, para obten\u00e7\u00e3o de informa\u00e7\u00f5es sobre perfil e conduta do candidato(a), cujos dados sejam \u00fanica e exclusivamente de interesse para an\u00e1lise de compatibilidade do exerc\u00edcio da fun\u00e7\u00e3o guarda municipal. <\/p>\n\n\n\n<p><strong>A n\u00e3o aprova\u00e7\u00e3o na investiga\u00e7\u00e3o social, implicou na elimina\u00e7\u00e3o do candidato.<\/strong><\/p>\n\n\n\n<h3 class=\"wp-block-heading\" id=\"h-curso-de-formacao-profissional\">Curso de Forma\u00e7\u00e3o Profissional<\/h3>\n\n\n\n<p>Somente o candidato apto na prova objetiva, avalia\u00e7\u00e3o de aptid\u00e3o f\u00edsica, avalia\u00e7\u00e3o psicol\u00f3gica, exame m\u00e9dico e investiga\u00e7\u00e3o social, observadas a ordem classificat\u00f3ria e as vagas dispon\u00edveis, ser\u00e1 matriculado no Curso de Forma\u00e7\u00e3o da Guarda Civil Municipal, onde ser\u00e1 verificada sua aptid\u00e3o para a fun\u00e7\u00e3o.<\/p>\n\n\n\n<h2 class=\"wp-block-heading has-text-align-center\" id=\"h-quer-saber-tudo-sobre-concursos-previstos-confira-nossos-artigos\">Quer saber tudo sobre concursos previstos?<br \/>Confira  nossos artigos!<\/h2>\n\n\n\n<ul class=\"wp-block-list\">\n<li><a href=\"https:\/\/www.estrategiaconcursos.com.br\/blog\/concursos-abertos\/\" target=\"_blank\" rel=\"noreferrer noopener\">Concursos abertos<\/a><\/li>\n<\/ul>\n\n\n\n<h2 class=\"wp-block-heading has-text-align-center\" id=\"curso\">Quer estudar para o concurso Guarda Bragan\u00e7a Paulista?<\/h2>\n\n\n\n<div id=\"boxes\" class=\"container\">\n<div class=\"row\">\n<div class=\"col-sm\">\n<div id=\"box-assinatura\" class=\"banner-guarda-gcm\">\n<h3 class=\"titulo-assinatura\">Concurso Guarda Bragan\u00e7a Paulista<\/h3>\n<p class=\"subtitulo-assinatura\">Conhe\u00e7a os cursos<\/p>\n<div class=\"box-botao\"><a class=\"btn-assinatura\" role=\"button\" href=\"https:\/\/www.estrategiaconcursos.com.br\/cursos\/concurso\/\" target=\"_blank\" rel=\"noopener noreferrer\">Conhe\u00e7a mais<\/a><\/div>\n<\/div>\n\n<\/div>\n<\/div>\n<\/div>\n\n\n\n<div id=\"boxes\" class=\"container\">\n<div class=\"row\">\n<div class=\"col-sm\">\n<div id=\"box-assinatura\" class=\"estrategia\">\n<h3 class=\"titulo-assinatura\">Assinatura de Concursos<\/h3>\n<p class=\"subtitulo-assinatura\">Assinatura de 1 ou 2 anos<\/p>\n<div class=\"box-botao\"><a class=\"btn-assinatura\" role=\"button\" href=\"https:\/\/www.estrategiaconcursos.com.br\/assinaturas\/\" target=\"_blank\" rel=\"noopener noreferrer\">ASSINE AGORA<\/a><\/div>\n<\/div>\n<p class=\"texto-auxiliar\">&nbsp;<\/p><\/div><\/div><\/div>\n\n\n\n<figure class=\"wp-block-image size-large is-resized\"><img loading=\"lazy\" decoding=\"async\" width=\"1024\" height=\"632\" src=\"https:\/\/dhg1h5j42swfq.cloudfront.net\/2021\/04\/22113656\/ficha-tecnica-1-1024x632-1-8.png\" alt=\"Ficha t\u00e9cnica do concurso Guarda de Bragan\u00e7a Paulista\" class=\"wp-image-720787\" style=\"width:282px;height:174px\" srcset=\"https:\/\/dhg1h5j42swfq.cloudfront.net\/2021\/04\/22113656\/ficha-tecnica-1-1024x632-1-8.png 1024w, https:\/\/dhg1h5j42swfq.cloudfront.net\/2021\/04\/22113656\/ficha-tecnica-1-1024x632-1-8-300x185.png 300w, https:\/\/dhg1h5j42swfq.cloudfront.net\/2021\/04\/22113656\/ficha-tecnica-1-1024x632-1-8-768x474.png 768w, https:\/\/dhg1h5j42swfq.cloudfront.net\/2021\/04\/22113656\/ficha-tecnica-1-1024x632-1-8-610x376.png 610w\" sizes=\"auto, (max-width: 1024px) 100vw, 1024px\" \/><\/figure>\n\n\n\n<h3 class=\"wp-block-heading\" id=\"h-informacoes-do-concurso-guarda-braganca-paulista\"><strong>Informa\u00e7\u00f5es do concurso Guarda Bragan\u00e7a Paulista<\/strong><\/h3>\n\n\n\n<ul class=\"wp-block-list\">\n<li><strong>Prova<\/strong>: 17 de outubro<\/li>\n\n\n\n<li><strong>Vagas<\/strong>: 12 vagas<\/li>\n\n\n\n<li><strong>Cargos<\/strong>: Guarda Civil Municipal<\/li>\n\n\n\n<li><strong>Banca<\/strong>: IBAM<\/li>\n\n\n\n<li><strong>Edital<\/strong>: <a href=\"https:\/\/dhg1h5j42swfq.cloudfront.net\/2021\/08\/27094904\/01-edital-de-abertura.pdf\" target=\"_blank\" rel=\"noreferrer noopener\">GUARDA DE BRAGAN\u00c7A PAULISTA<\/a><\/li>\n<\/ul>\n","protected":false},"excerpt":{"rendered":"<p>Foi divulgada a classifica\u00e7\u00e3o final do concurso Guarda de Bragan\u00e7a Paulista, munic\u00edpio localizado no estado de S\u00e3o Paulo. Confira abaixo o documento na \u00edntegra: Classifica\u00e7\u00e3o Final &#8211; Concurso GCM Bragan\u00e7a Paulista A sele\u00e7\u00e3o contou com a oferta de 12 vagas distribu\u00eddas entre cargos de Guarda Civil Municipal e Agente da Autoridade de Tr\u00e2nsito, ambos de [&hellip;]<\/p>\n","protected":false},"author":1,"featured_media":847046,"comment_status":"open","ping_status":"closed","sticky":false,"template":"","format":"standard","meta":{"post_tipo":"news_page","footnotes":""},"categories":[220189],"tags":[],"tax_estado":[219989],"class_list":["post-846880","post","type-post","status-publish","format-standard","has-post-thumbnail","hentry","category-policial-guarda-civis","tax_estado-sp"],"acf":[],"yoast_head":"<!-- This site is optimized with the Yoast SEO Premium plugin v27.2 (Yoast SEO v27.2) - https:\/\/yoast.com\/product\/yoast-seo-premium-wordpress\/ -->\n<title>Concurso Guarda de Bragan\u00e7a Paulista: confira a classifica\u00e7\u00e3o final!<\/title>\n<meta name=\"description\" content=\"Divulgada a classifica\u00e7\u00e3o final do concurso Guarda de Bragan\u00e7a Paulista, munic\u00edpio localizado no estado de S\u00e3o Paulo. Confira os detatlhes!\" \/>\n<meta name=\"robots\" content=\"index, follow, max-snippet:-1, max-image-preview:large, max-video-preview:-1\" \/>\n<link rel=\"canonical\" href=\"https:\/\/www.estrategiaconcursos.com.br\/blog\/concurso-guarda-braganca-paulista\/\" \/>\n<meta property=\"og:locale\" content=\"pt_BR\" \/>\n<meta property=\"og:type\" content=\"article\" \/>\n<meta property=\"og:title\" content=\"Concurso Guarda de Bragan\u00e7a Paulista: confira a classifica\u00e7\u00e3o final!\" \/>\n<meta property=\"og:description\" content=\"Divulgada a classifica\u00e7\u00e3o final do concurso Guarda de Bragan\u00e7a Paulista, munic\u00edpio localizado no estado de S\u00e3o Paulo. Confira os detatlhes!\" \/>\n<meta property=\"og:url\" content=\"https:\/\/www.estrategiaconcursos.com.br\/blog\/concurso-guarda-braganca-paulista\/\" \/>\n<meta property=\"og:site_name\" content=\"Estrat\u00e9gia Concursos\" \/>\n<meta property=\"article:author\" content=\"https:\/\/www.facebook.com\/EstrategiaConcursos\" \/>\n<meta property=\"article:published_time\" content=\"2021-12-17T12:59:00+00:00\" \/>\n<meta property=\"article:modified_time\" content=\"2023-10-20T13:48:18+00:00\" \/>\n<meta property=\"og:image\" content=\"https:\/\/dhg1h5j42swfq.cloudfront.net\/2021\/08\/27095820\/logo-gm.jpg\" \/>\n\t<meta property=\"og:image:width\" content=\"800\" \/>\n\t<meta property=\"og:image:height\" content=\"800\" \/>\n\t<meta property=\"og:image:type\" content=\"image\/jpeg\" \/>\n<meta name=\"author\" content=\"Coordena\u00e7\u00e3o\" \/>\n<meta name=\"twitter:card\" content=\"summary_large_image\" \/>\n<meta name=\"twitter:creator\" content=\"@EstratConcursos\" \/>\n<meta name=\"twitter:site\" content=\"@EstratConcursos\" \/>\n<meta name=\"twitter:label1\" content=\"Escrito por\" \/>\n\t<meta name=\"twitter:data1\" content=\"Coordena\u00e7\u00e3o\" \/>\n\t<meta name=\"twitter:label2\" content=\"Est. tempo de leitura\" \/>\n\t<meta name=\"twitter:data2\" content=\"5 minutos\" \/>\n<script type=\"application\/ld+json\" class=\"yoast-schema-graph\">{\"@context\":\"https:\/\/schema.org\",\"@graph\":[{\"@type\":\"NewsArticle\",\"@id\":\"https:\/\/www.estrategiaconcursos.com.br\/blog\/concurso-guarda-braganca-paulista\/#article\",\"isPartOf\":{\"@id\":\"https:\/\/www.estrategiaconcursos.com.br\/blog\/concurso-guarda-braganca-paulista\/\"},\"author\":{\"name\":\"Coordena\u00e7\u00e3o\",\"@id\":\"https:\/\/www.estrategiaconcursos.com.br\/blog\/#\/schema\/person\/b4a388c97673c5f483d72185668afa1f\"},\"headline\":\"Concurso Guarda de Bragan\u00e7a Paulista: confira a classifica\u00e7\u00e3o final!\",\"datePublished\":\"2021-12-17T12:59:00+00:00\",\"dateModified\":\"2023-10-20T13:48:18+00:00\",\"mainEntityOfPage\":{\"@id\":\"https:\/\/www.estrategiaconcursos.com.br\/blog\/concurso-guarda-braganca-paulista\/\"},\"wordCount\":899,\"commentCount\":0,\"publisher\":{\"@id\":\"https:\/\/www.estrategiaconcursos.com.br\/blog\/#organization\"},\"image\":{\"@id\":\"https:\/\/www.estrategiaconcursos.com.br\/blog\/concurso-guarda-braganca-paulista\/#primaryimage\"},\"thumbnailUrl\":\"https:\/\/dhg1h5j42swfq.cloudfront.net\/2021\/08\/27095820\/logo-gm.jpg\",\"articleSection\":[\"Policial (Guardas Civis)\"],\"inLanguage\":\"pt-BR\",\"potentialAction\":[{\"@type\":\"CommentAction\",\"name\":\"Comment\",\"target\":[\"https:\/\/www.estrategiaconcursos.com.br\/blog\/concurso-guarda-braganca-paulista\/#respond\"]}],\"copyrightYear\":\"2021\",\"copyrightHolder\":{\"@id\":\"https:\/\/www.estrategiaconcursos.com.br\/blog\/#organization\"}},{\"@type\":\"WebPage\",\"@id\":\"https:\/\/www.estrategiaconcursos.com.br\/blog\/concurso-guarda-braganca-paulista\/\",\"url\":\"https:\/\/www.estrategiaconcursos.com.br\/blog\/concurso-guarda-braganca-paulista\/\",\"name\":\"Concurso Guarda de Bragan\u00e7a Paulista: confira a classifica\u00e7\u00e3o final!\",\"isPartOf\":{\"@id\":\"https:\/\/www.estrategiaconcursos.com.br\/blog\/#website\"},\"primaryImageOfPage\":{\"@id\":\"https:\/\/www.estrategiaconcursos.com.br\/blog\/concurso-guarda-braganca-paulista\/#primaryimage\"},\"image\":{\"@id\":\"https:\/\/www.estrategiaconcursos.com.br\/blog\/concurso-guarda-braganca-paulista\/#primaryimage\"},\"thumbnailUrl\":\"https:\/\/dhg1h5j42swfq.cloudfront.net\/2021\/08\/27095820\/logo-gm.jpg\",\"datePublished\":\"2021-12-17T12:59:00+00:00\",\"dateModified\":\"2023-10-20T13:48:18+00:00\",\"description\":\"Divulgada a classifica\u00e7\u00e3o final do concurso Guarda de Bragan\u00e7a Paulista, munic\u00edpio localizado no estado de S\u00e3o Paulo. Confira os detatlhes!\",\"breadcrumb\":{\"@id\":\"https:\/\/www.estrategiaconcursos.com.br\/blog\/concurso-guarda-braganca-paulista\/#breadcrumb\"},\"inLanguage\":\"pt-BR\",\"potentialAction\":[{\"@type\":\"ReadAction\",\"target\":[\"https:\/\/www.estrategiaconcursos.com.br\/blog\/concurso-guarda-braganca-paulista\/\"]}]},{\"@type\":\"ImageObject\",\"inLanguage\":\"pt-BR\",\"@id\":\"https:\/\/www.estrategiaconcursos.com.br\/blog\/concurso-guarda-braganca-paulista\/#primaryimage\",\"url\":\"https:\/\/dhg1h5j42swfq.cloudfront.net\/2021\/08\/27095820\/logo-gm.jpg\",\"contentUrl\":\"https:\/\/dhg1h5j42swfq.cloudfront.net\/2021\/08\/27095820\/logo-gm.jpg\",\"width\":800,\"height\":800},{\"@type\":\"BreadcrumbList\",\"@id\":\"https:\/\/www.estrategiaconcursos.com.br\/blog\/concurso-guarda-braganca-paulista\/#breadcrumb\",\"itemListElement\":[{\"@type\":\"ListItem\",\"position\":1,\"name\":\"In\u00edcio\",\"item\":\"https:\/\/www.estrategiaconcursos.com.br\/blog\/\"},{\"@type\":\"ListItem\",\"position\":2,\"name\":\"Concurso Guarda de Bragan\u00e7a Paulista: confira a classifica\u00e7\u00e3o final!\"}]},{\"@type\":\"WebSite\",\"@id\":\"https:\/\/www.estrategiaconcursos.com.br\/blog\/#website\",\"url\":\"https:\/\/www.estrategiaconcursos.com.br\/blog\/\",\"name\":\"Estrat\u00e9gia Concursos\",\"description\":\"O blog da Estrat\u00e9gia Concursos traz not\u00edcias sobre concursos e artigos de professores oferecendo cursos para concursos (pdf + videaulas) no site.\",\"publisher\":{\"@id\":\"https:\/\/www.estrategiaconcursos.com.br\/blog\/#organization\"},\"potentialAction\":[{\"@type\":\"SearchAction\",\"target\":{\"@type\":\"EntryPoint\",\"urlTemplate\":\"https:\/\/www.estrategiaconcursos.com.br\/blog\/?s={search_term_string}\"},\"query-input\":{\"@type\":\"PropertyValueSpecification\",\"valueRequired\":true,\"valueName\":\"search_term_string\"}}],\"inLanguage\":\"pt-BR\"},{\"@type\":\"Organization\",\"@id\":\"https:\/\/www.estrategiaconcursos.com.br\/blog\/#organization\",\"name\":\"Estrat\u00e9gia Concursos\",\"url\":\"https:\/\/www.estrategiaconcursos.com.br\/blog\/\",\"logo\":{\"@type\":\"ImageObject\",\"inLanguage\":\"pt-BR\",\"@id\":\"https:\/\/www.estrategiaconcursos.com.br\/blog\/#\/schema\/logo\/image\/\",\"url\":\"https:\/\/dhg1h5j42swfq.cloudfront.net\/2025\/06\/03203428\/logo_concursos-1.jpg\",\"contentUrl\":\"https:\/\/dhg1h5j42swfq.cloudfront.net\/2025\/06\/03203428\/logo_concursos-1.jpg\",\"width\":230,\"height\":60,\"caption\":\"Estrat\u00e9gia Concursos\"},\"image\":{\"@id\":\"https:\/\/www.estrategiaconcursos.com.br\/blog\/#\/schema\/logo\/image\/\"},\"sameAs\":[\"https:\/\/x.com\/EstratConcursos\"]},{\"@type\":\"Person\",\"@id\":\"https:\/\/www.estrategiaconcursos.com.br\/blog\/#\/schema\/person\/b4a388c97673c5f483d72185668afa1f\",\"name\":\"Coordena\u00e7\u00e3o\",\"image\":{\"@type\":\"ImageObject\",\"inLanguage\":\"pt-BR\",\"@id\":\"https:\/\/secure.gravatar.com\/avatar\/b720319e4c9a967eb58678d110f4fe35452fc5d5f97b202bac7b8acceb18c6ad?s=96&d=mm&r=g\",\"url\":\"https:\/\/secure.gravatar.com\/avatar\/b720319e4c9a967eb58678d110f4fe35452fc5d5f97b202bac7b8acceb18c6ad?s=96&d=mm&r=g\",\"contentUrl\":\"https:\/\/secure.gravatar.com\/avatar\/b720319e4c9a967eb58678d110f4fe35452fc5d5f97b202bac7b8acceb18c6ad?s=96&d=mm&r=g\",\"caption\":\"Coordena\u00e7\u00e3o\"},\"sameAs\":[\"https:\/\/www.facebook.com\/EstrategiaConcursos\",\"https:\/\/x.com\/EstratConcursos\"],\"url\":\"https:\/\/www.estrategiaconcursos.com.br\/blog\/author\/estrategia2013\/\"}]}<\/script>\n<!-- \/ Yoast SEO Premium plugin. -->","yoast_head_json":{"title":"Concurso Guarda de Bragan\u00e7a Paulista: confira a classifica\u00e7\u00e3o final!","description":"Divulgada a classifica\u00e7\u00e3o final do concurso Guarda de Bragan\u00e7a Paulista, munic\u00edpio localizado no estado de S\u00e3o Paulo. Confira os detatlhes!","robots":{"index":"index","follow":"follow","max-snippet":"max-snippet:-1","max-image-preview":"max-image-preview:large","max-video-preview":"max-video-preview:-1"},"canonical":"https:\/\/www.estrategiaconcursos.com.br\/blog\/concurso-guarda-braganca-paulista\/","og_locale":"pt_BR","og_type":"article","og_title":"Concurso Guarda de Bragan\u00e7a Paulista: confira a classifica\u00e7\u00e3o final!","og_description":"Divulgada a classifica\u00e7\u00e3o final do concurso Guarda de Bragan\u00e7a Paulista, munic\u00edpio localizado no estado de S\u00e3o Paulo. Confira os detatlhes!","og_url":"https:\/\/www.estrategiaconcursos.com.br\/blog\/concurso-guarda-braganca-paulista\/","og_site_name":"Estrat\u00e9gia Concursos","article_author":"https:\/\/www.facebook.com\/EstrategiaConcursos","article_published_time":"2021-12-17T12:59:00+00:00","article_modified_time":"2023-10-20T13:48:18+00:00","og_image":[{"width":800,"height":800,"url":"https:\/\/dhg1h5j42swfq.cloudfront.net\/2021\/08\/27095820\/logo-gm.jpg","type":"image\/jpeg"}],"author":"Coordena\u00e7\u00e3o","twitter_card":"summary_large_image","twitter_creator":"@EstratConcursos","twitter_site":"@EstratConcursos","twitter_misc":{"Escrito por":"Coordena\u00e7\u00e3o","Est. tempo de leitura":"5 minutos"},"schema":{"@context":"https:\/\/schema.org","@graph":[{"@type":"NewsArticle","@id":"https:\/\/www.estrategiaconcursos.com.br\/blog\/concurso-guarda-braganca-paulista\/#article","isPartOf":{"@id":"https:\/\/www.estrategiaconcursos.com.br\/blog\/concurso-guarda-braganca-paulista\/"},"author":{"name":"Coordena\u00e7\u00e3o","@id":"https:\/\/www.estrategiaconcursos.com.br\/blog\/#\/schema\/person\/b4a388c97673c5f483d72185668afa1f"},"headline":"Concurso Guarda de Bragan\u00e7a Paulista: confira a classifica\u00e7\u00e3o final!","datePublished":"2021-12-17T12:59:00+00:00","dateModified":"2023-10-20T13:48:18+00:00","mainEntityOfPage":{"@id":"https:\/\/www.estrategiaconcursos.com.br\/blog\/concurso-guarda-braganca-paulista\/"},"wordCount":899,"commentCount":0,"publisher":{"@id":"https:\/\/www.estrategiaconcursos.com.br\/blog\/#organization"},"image":{"@id":"https:\/\/www.estrategiaconcursos.com.br\/blog\/concurso-guarda-braganca-paulista\/#primaryimage"},"thumbnailUrl":"https:\/\/dhg1h5j42swfq.cloudfront.net\/2021\/08\/27095820\/logo-gm.jpg","articleSection":["Policial (Guardas Civis)"],"inLanguage":"pt-BR","potentialAction":[{"@type":"CommentAction","name":"Comment","target":["https:\/\/www.estrategiaconcursos.com.br\/blog\/concurso-guarda-braganca-paulista\/#respond"]}],"copyrightYear":"2021","copyrightHolder":{"@id":"https:\/\/www.estrategiaconcursos.com.br\/blog\/#organization"}},{"@type":"WebPage","@id":"https:\/\/www.estrategiaconcursos.com.br\/blog\/concurso-guarda-braganca-paulista\/","url":"https:\/\/www.estrategiaconcursos.com.br\/blog\/concurso-guarda-braganca-paulista\/","name":"Concurso Guarda de Bragan\u00e7a Paulista: confira a classifica\u00e7\u00e3o final!","isPartOf":{"@id":"https:\/\/www.estrategiaconcursos.com.br\/blog\/#website"},"primaryImageOfPage":{"@id":"https:\/\/www.estrategiaconcursos.com.br\/blog\/concurso-guarda-braganca-paulista\/#primaryimage"},"image":{"@id":"https:\/\/www.estrategiaconcursos.com.br\/blog\/concurso-guarda-braganca-paulista\/#primaryimage"},"thumbnailUrl":"https:\/\/dhg1h5j42swfq.cloudfront.net\/2021\/08\/27095820\/logo-gm.jpg","datePublished":"2021-12-17T12:59:00+00:00","dateModified":"2023-10-20T13:48:18+00:00","description":"Divulgada a classifica\u00e7\u00e3o final do concurso Guarda de Bragan\u00e7a Paulista, munic\u00edpio localizado no estado de S\u00e3o Paulo. Confira os detatlhes!","breadcrumb":{"@id":"https:\/\/www.estrategiaconcursos.com.br\/blog\/concurso-guarda-braganca-paulista\/#breadcrumb"},"inLanguage":"pt-BR","potentialAction":[{"@type":"ReadAction","target":["https:\/\/www.estrategiaconcursos.com.br\/blog\/concurso-guarda-braganca-paulista\/"]}]},{"@type":"ImageObject","inLanguage":"pt-BR","@id":"https:\/\/www.estrategiaconcursos.com.br\/blog\/concurso-guarda-braganca-paulista\/#primaryimage","url":"https:\/\/dhg1h5j42swfq.cloudfront.net\/2021\/08\/27095820\/logo-gm.jpg","contentUrl":"https:\/\/dhg1h5j42swfq.cloudfront.net\/2021\/08\/27095820\/logo-gm.jpg","width":800,"height":800},{"@type":"BreadcrumbList","@id":"https:\/\/www.estrategiaconcursos.com.br\/blog\/concurso-guarda-braganca-paulista\/#breadcrumb","itemListElement":[{"@type":"ListItem","position":1,"name":"In\u00edcio","item":"https:\/\/www.estrategiaconcursos.com.br\/blog\/"},{"@type":"ListItem","position":2,"name":"Concurso Guarda de Bragan\u00e7a Paulista: confira a classifica\u00e7\u00e3o final!"}]},{"@type":"WebSite","@id":"https:\/\/www.estrategiaconcursos.com.br\/blog\/#website","url":"https:\/\/www.estrategiaconcursos.com.br\/blog\/","name":"Estrat\u00e9gia Concursos","description":"O blog da Estrat\u00e9gia Concursos traz not\u00edcias sobre concursos e artigos de professores oferecendo cursos para concursos (pdf + videaulas) no site.","publisher":{"@id":"https:\/\/www.estrategiaconcursos.com.br\/blog\/#organization"},"potentialAction":[{"@type":"SearchAction","target":{"@type":"EntryPoint","urlTemplate":"https:\/\/www.estrategiaconcursos.com.br\/blog\/?s={search_term_string}"},"query-input":{"@type":"PropertyValueSpecification","valueRequired":true,"valueName":"search_term_string"}}],"inLanguage":"pt-BR"},{"@type":"Organization","@id":"https:\/\/www.estrategiaconcursos.com.br\/blog\/#organization","name":"Estrat\u00e9gia Concursos","url":"https:\/\/www.estrategiaconcursos.com.br\/blog\/","logo":{"@type":"ImageObject","inLanguage":"pt-BR","@id":"https:\/\/www.estrategiaconcursos.com.br\/blog\/#\/schema\/logo\/image\/","url":"https:\/\/dhg1h5j42swfq.cloudfront.net\/2025\/06\/03203428\/logo_concursos-1.jpg","contentUrl":"https:\/\/dhg1h5j42swfq.cloudfront.net\/2025\/06\/03203428\/logo_concursos-1.jpg","width":230,"height":60,"caption":"Estrat\u00e9gia Concursos"},"image":{"@id":"https:\/\/www.estrategiaconcursos.com.br\/blog\/#\/schema\/logo\/image\/"},"sameAs":["https:\/\/x.com\/EstratConcursos"]},{"@type":"Person","@id":"https:\/\/www.estrategiaconcursos.com.br\/blog\/#\/schema\/person\/b4a388c97673c5f483d72185668afa1f","name":"Coordena\u00e7\u00e3o","image":{"@type":"ImageObject","inLanguage":"pt-BR","@id":"https:\/\/secure.gravatar.com\/avatar\/b720319e4c9a967eb58678d110f4fe35452fc5d5f97b202bac7b8acceb18c6ad?s=96&d=mm&r=g","url":"https:\/\/secure.gravatar.com\/avatar\/b720319e4c9a967eb58678d110f4fe35452fc5d5f97b202bac7b8acceb18c6ad?s=96&d=mm&r=g","contentUrl":"https:\/\/secure.gravatar.com\/avatar\/b720319e4c9a967eb58678d110f4fe35452fc5d5f97b202bac7b8acceb18c6ad?s=96&d=mm&r=g","caption":"Coordena\u00e7\u00e3o"},"sameAs":["https:\/\/www.facebook.com\/EstrategiaConcursos","https:\/\/x.com\/EstratConcursos"],"url":"https:\/\/www.estrategiaconcursos.com.br\/blog\/author\/estrategia2013\/"}]}},"_links":{"self":[{"href":"https:\/\/www.estrategiaconcursos.com.br\/blog\/wp-json\/wp\/v2\/posts\/846880","targetHints":{"allow":["GET"]}}],"collection":[{"href":"https:\/\/www.estrategiaconcursos.com.br\/blog\/wp-json\/wp\/v2\/posts"}],"about":[{"href":"https:\/\/www.estrategiaconcursos.com.br\/blog\/wp-json\/wp\/v2\/types\/post"}],"author":[{"embeddable":true,"href":"https:\/\/www.estrategiaconcursos.com.br\/blog\/wp-json\/wp\/v2\/users\/1"}],"replies":[{"embeddable":true,"href":"https:\/\/www.estrategiaconcursos.com.br\/blog\/wp-json\/wp\/v2\/comments?post=846880"}],"version-history":[{"count":13,"href":"https:\/\/www.estrategiaconcursos.com.br\/blog\/wp-json\/wp\/v2\/posts\/846880\/revisions"}],"predecessor-version":[{"id":1295440,"href":"https:\/\/www.estrategiaconcursos.com.br\/blog\/wp-json\/wp\/v2\/posts\/846880\/revisions\/1295440"}],"wp:featuredmedia":[{"embeddable":true,"href":"https:\/\/www.estrategiaconcursos.com.br\/blog\/wp-json\/wp\/v2\/media\/847046"}],"wp:attachment":[{"href":"https:\/\/www.estrategiaconcursos.com.br\/blog\/wp-json\/wp\/v2\/media?parent=846880"}],"wp:term":[{"taxonomy":"category","embeddable":true,"href":"https:\/\/www.estrategiaconcursos.com.br\/blog\/wp-json\/wp\/v2\/categories?post=846880"},{"taxonomy":"post_tag","embeddable":true,"href":"https:\/\/www.estrategiaconcursos.com.br\/blog\/wp-json\/wp\/v2\/tags?post=846880"},{"taxonomy":"tax_estado","embeddable":true,"href":"https:\/\/www.estrategiaconcursos.com.br\/blog\/wp-json\/wp\/v2\/tax_estado?post=846880"}],"curies":[{"name":"wp","href":"https:\/\/api.w.org\/{rel}","templated":true}]}}